{"id":14790,"date":"2014-06-02T23:32:39","date_gmt":"2014-06-03T01:32:39","guid":{"rendered":"http:\/\/eldigitaldeasturias.com\/magazine365\/?p=14790"},"modified":"2014-06-02T23:32:39","modified_gmt":"2014-06-03T01:32:39","slug":"el-radon-primer-factor-de-riesgo-de-cancer-de-pulmon-en-no-fumadores","status":"publish","type":"post","link":"https:\/\/eldigitaldeasturias.com\/magazine365\/el-radon-primer-factor-de-riesgo-de-cancer-de-pulmon-en-no-fumadores\/","title":{"rendered":"El rad\u00f3n, primer factor de riesgo de c\u00e1ncer de pulm\u00f3n en no fumadores"},"content":{"rendered":"<p><img fetchpriority=\"high\" decoding=\"async\" class=\"alignleft size-medium wp-image-14791\" alt=\"6325807w\" src=\"https:\/\/eldigitaldeasturias.com\/magazine365\/wp-content\/uploads\/2014\/06\/6325807w-360x240.jpg\" width=\"360\" height=\"240\" srcset=\"https:\/\/eldigitaldeasturias.com\/magazine365\/wp-content\/uploads\/2014\/06\/6325807w-360x240.jpg 360w, https:\/\/eldigitaldeasturias.com\/magazine365\/wp-content\/uploads\/2014\/06\/6325807w-650x434.jpg 650w, https:\/\/eldigitaldeasturias.com\/magazine365\/wp-content\/uploads\/2014\/06\/6325807w-768x513.jpg 768w, https:\/\/eldigitaldeasturias.com\/magazine365\/wp-content\/uploads\/2014\/06\/6325807w-150x100.jpg 150w, https:\/\/eldigitaldeasturias.com\/magazine365\/wp-content\/uploads\/2014\/06\/6325807w-450x300.jpg 450w, https:\/\/eldigitaldeasturias.com\/magazine365\/wp-content\/uploads\/2014\/06\/6325807w-696x465.jpg 696w, https:\/\/eldigitaldeasturias.com\/magazine365\/wp-content\/uploads\/2014\/06\/6325807w-629x420.jpg 629w, https:\/\/eldigitaldeasturias.com\/magazine365\/wp-content\/uploads\/2014\/06\/6325807w-84x55.jpg 84w, https:\/\/eldigitaldeasturias.com\/magazine365\/wp-content\/uploads\/2014\/06\/6325807w.jpg 800w\" sizes=\"(max-width: 360px) 100vw, 360px\" \/>Madrid, 2 jun (EFE).- El rad\u00f3n es el primer factor de riesgo en el desarrollo del c\u00e1ncer de pulm\u00f3n en personas que nunca han fumado y el segundo, por detr\u00e1s del tabaco, en fumadores.<\/p>\n<p>Este riesgo se ve incrementado en individuos expuestos a concentraciones superiores a 200 Bq\/m3, en comparaci\u00f3n a aquellos expuestos a menos de 100Bq\/m3&#8243;, seg\u00fan la doctora Mar\u00eda Torres, neum\u00f3loga y miembro de la Sociedad Espa\u00f1ola de Neumolog\u00eda y Cirug\u00eda Tor\u00e1cica (SEPAR).<\/p>\n<p>Estas son algunas de las conclusiones de un estudio multic\u00e9ntrico en el que han participado ocho hospitales del noroeste de Espa\u00f1a, concretamente siete en Galicia y uno en Asturias, ha informado la SEPAR en un comunicado.<\/p>\n<p>El estudio demuestra, asimismo, que la exposici\u00f3n al humo del tabaco producida durante la convivencia con fumadores en el domicilio podr\u00eda aumentar a\u00fan m\u00e1s el riesgo de sufrir tal enfermedad en individuos con exposiciones a rad\u00f3n por encima de los 200Bq\/m3.<\/p>\n<p>\u00abLos resultados indican que puede haber un efecto sin\u00e9rgico entre la exposici\u00f3n a rad\u00f3n residencial y el tabaquismo pasivo. Desde el punto de vista biol\u00f3gico es plausible la interacci\u00f3n entre ambos factores de riesgo, ya que los mecanismos carcinog\u00e9nicos son diferentes para cada uno de ellos\u00bb, explica la doctora Torres.<\/p>\n<p>La investigaci\u00f3n tambi\u00e9n demuestra que esta sinergia repercute de forma negativa especialmente en individuos que nunca han fumado.<\/p>\n<p>Los resultados extra\u00eddos revelan que cuando la convivencia con fumadores fue menor de 35 a\u00f1os el riesgo registrado fue de 3,25 puntos.<\/p>\n<p>En cambio, cuando el periodo de convivencia fue superior a 35 a\u00f1os el riesgo se incrementa hasta 4,18.<\/p>\n<p>El rad\u00f3n se produce cuando el uranio se descompone de manera natural en el suelo, piedras y agua y, generalmente, asciende a trav\u00e9s del suelo y se mezcla con el aire que respiramos.<\/p>\n<p>Este gas radiactivo entra a nuestros hogares a trav\u00e9s de grietas y otros agujeros en los cimientos y tambi\u00e9n a trav\u00e9s del agua de pozos. Una vez dentro, puede quedar atrapado dentro de la vivienda.<\/p>\n<p>El consumo de tabaco es el principal causante del desarrollo de dicha enfermedad, siendo el riesgo entre 10 y 30 veces superior para un fumador que para una persona que no haya fumado nunca.<\/p>\n<p>Sin embargo, se ha demostrado que un 25 % de los casos de c\u00e1ncer de pulm\u00f3n son diagnosticados en individuos que nunca han fumado.<\/p>\n","protected":false},"excerpt":{"rendered":"<p>Madrid, 2 jun (EFE).- El rad\u00f3n es el primer factor de riesgo en el desarrollo del c\u00e1ncer de pulm\u00f3n en personas que nunca han fumado y el segundo, por detr\u00e1s del tabaco, en fumadores. Este riesgo se ve incrementado en individuos expuestos a concentraciones superiores a 200 Bq\/m3, en comparaci\u00f3n a aquellos expuestos a menos<\/p>\n","protected":false},"author":1,"featured_media":14791,"comment_status":"open","ping_status":"closed","sticky":false,"template":"","format":"standard","meta":{"footnotes":""},"categories":[224],"tags":[],"class_list":{"0":"post-14790","1":"post","2":"type-post","3":"status-publish","4":"format-standard","5":"has-post-thumbnail","7":"category-noticias-actualidad"},"aioseo_notices":[],"aioseo_head":"\n\t\t<!-- All in One SEO Pro 4.9.6.1 - aioseo.com -->\n\t<meta name=\"description\" content=\"Madrid, 2 jun (EFE).- El rad\u00f3n es el primer factor de riesgo en el desarrollo del c\u00e1ncer de pulm\u00f3n en personas que nunca han fumado y el segundo, por detr\u00e1s del tabaco, en fumadores. Este riesgo se ve incrementado en individuos expuestos a concentraciones superiores a 200 Bq\/m3, en comparaci\u00f3n a aquellos expuestos a menos\" \/>\n\t<meta name=\"robots\" content=\"max-image-preview:large\" \/>\n\t<meta name=\"author\" content=\"admin\"\/>\n\t<meta name=\"google-site-verification\" content=\"UA-38556648-1\" \/>\n\t<meta name=\"keywords\" content=\"noticias y actualidad\" \/>\n\t<link rel=\"canonical\" href=\"https:\/\/eldigitaldeasturias.com\/magazine365\/el-radon-primer-factor-de-riesgo-de-cancer-de-pulmon-en-no-fumadores\/\" \/>\n\t<meta name=\"generator\" content=\"All in One SEO Pro (AIOSEO) 4.9.6.1\" \/>\n\t\t<meta property=\"og:locale\" content=\"es_ES\" \/>\n\t\t<meta property=\"og:site_name\" content=\"El Digital de Asturias \u2013 Revista de ocio, turismo y estilo de vida\" \/>\n\t\t<meta property=\"og:type\" content=\"article\" \/>\n\t\t<meta property=\"og:title\" content=\"El rad\u00f3n, primer factor de riesgo de c\u00e1ncer de pulm\u00f3n en no fumadores | El Digital de Asturias\" \/>\n\t\t<meta property=\"og:description\" content=\"Madrid, 2 jun (EFE).- El rad\u00f3n es el primer factor de riesgo en el desarrollo del c\u00e1ncer de pulm\u00f3n en personas que nunca han fumado y el segundo, por detr\u00e1s del tabaco, en fumadores. Este riesgo se ve incrementado en individuos expuestos a concentraciones superiores a 200 Bq\/m3, en comparaci\u00f3n a aquellos expuestos a menos\" \/>\n\t\t<meta property=\"og:url\" content=\"https:\/\/eldigitaldeasturias.com\/magazine365\/el-radon-primer-factor-de-riesgo-de-cancer-de-pulmon-en-no-fumadores\/\" \/>\n\t\t<meta property=\"og:image\" content=\"https:\/\/eldigitaldeasturias.com\/magazine365\/wp-content\/uploads\/2014\/06\/6325807w.jpg\" \/>\n\t\t<meta property=\"og:image:secure_url\" content=\"https:\/\/eldigitaldeasturias.com\/magazine365\/wp-content\/uploads\/2014\/06\/6325807w.jpg\" \/>\n\t\t<meta property=\"og:image:width\" content=\"800\" \/>\n\t\t<meta property=\"og:image:height\" content=\"534\" \/>\n\t\t<meta property=\"article:published_time\" content=\"2014-06-03T01:32:39+00:00\" \/>\n\t\t<meta property=\"article:modified_time\" content=\"2014-06-03T01:32:39+00:00\" \/>\n\t\t<meta name=\"twitter:card\" content=\"summary_large_image\" \/>\n\t\t<meta name=\"twitter:title\" content=\"El rad\u00f3n, primer factor de riesgo de c\u00e1ncer de pulm\u00f3n en no fumadores | El Digital de Asturias\" \/>\n\t\t<meta name=\"twitter:description\" content=\"Madrid, 2 jun (EFE).- El rad\u00f3n es el primer factor de riesgo en el desarrollo del c\u00e1ncer de pulm\u00f3n en personas que nunca han fumado y el segundo, por detr\u00e1s del tabaco, en fumadores. Este riesgo se ve incrementado en individuos expuestos a concentraciones superiores a 200 Bq\/m3, en comparaci\u00f3n a aquellos expuestos a menos\" \/>\n\t\t<meta name=\"twitter:image\" content=\"https:\/\/eldigitaldeasturias.com\/magazine365\/wp-content\/uploads\/2014\/06\/6325807w.jpg\" \/>\n\t\t<script type=\"application\/ld+json\" class=\"aioseo-schema\">\n\t\t\t{\"@context\":\"https:\\\/\\\/schema.org\",\"@graph\":[{\"@type\":\"Article\",\"@id\":\"https:\\\/\\\/eldigitaldeasturias.com\\\/magazine365\\\/el-radon-primer-factor-de-riesgo-de-cancer-de-pulmon-en-no-fumadores\\\/#article\",\"name\":\"El rad\\u00f3n, primer factor de riesgo de c\\u00e1ncer de pulm\\u00f3n en no fumadores | El Digital de Asturias\",\"headline\":\"El rad\\u00f3n, primer factor de riesgo de c\\u00e1ncer de pulm\\u00f3n en no fumadores\",\"author\":{\"@id\":\"https:\\\/\\\/eldigitaldeasturias.com\\\/magazine365\\\/author\\\/admin\\\/#author\"},\"publisher\":{\"@id\":\"https:\\\/\\\/eldigitaldeasturias.com\\\/magazine365\\\/#organization\"},\"image\":{\"@type\":\"ImageObject\",\"url\":\"https:\\\/\\\/eldigitaldeasturias.com\\\/magazine365\\\/wp-content\\\/uploads\\\/2014\\\/06\\\/6325807w.jpg\",\"width\":800,\"height\":534},\"datePublished\":\"2014-06-02T23:32:39+02:00\",\"dateModified\":\"2014-06-02T23:32:39+02:00\",\"inLanguage\":\"es-ES\",\"mainEntityOfPage\":{\"@id\":\"https:\\\/\\\/eldigitaldeasturias.com\\\/magazine365\\\/el-radon-primer-factor-de-riesgo-de-cancer-de-pulmon-en-no-fumadores\\\/#webpage\"},\"isPartOf\":{\"@id\":\"https:\\\/\\\/eldigitaldeasturias.com\\\/magazine365\\\/el-radon-primer-factor-de-riesgo-de-cancer-de-pulmon-en-no-fumadores\\\/#webpage\"},\"articleSection\":\"Noticias y Actualidad\"},{\"@type\":\"BreadcrumbList\",\"@id\":\"https:\\\/\\\/eldigitaldeasturias.com\\\/magazine365\\\/el-radon-primer-factor-de-riesgo-de-cancer-de-pulmon-en-no-fumadores\\\/#breadcrumblist\",\"itemListElement\":[{\"@type\":\"ListItem\",\"@id\":\"https:\\\/\\\/eldigitaldeasturias.com\\\/magazine365#listItem\",\"position\":1,\"name\":\"Home\",\"item\":\"https:\\\/\\\/eldigitaldeasturias.com\\\/magazine365\",\"nextItem\":{\"@type\":\"ListItem\",\"@id\":\"https:\\\/\\\/eldigitaldeasturias.com\\\/magazine365\\\/category\\\/noticias-actualidad\\\/#listItem\",\"name\":\"Noticias y Actualidad\"}},{\"@type\":\"ListItem\",\"@id\":\"https:\\\/\\\/eldigitaldeasturias.com\\\/magazine365\\\/category\\\/noticias-actualidad\\\/#listItem\",\"position\":2,\"name\":\"Noticias y Actualidad\",\"item\":\"https:\\\/\\\/eldigitaldeasturias.com\\\/magazine365\\\/category\\\/noticias-actualidad\\\/\",\"nextItem\":{\"@type\":\"ListItem\",\"@id\":\"https:\\\/\\\/eldigitaldeasturias.com\\\/magazine365\\\/el-radon-primer-factor-de-riesgo-de-cancer-de-pulmon-en-no-fumadores\\\/#listItem\",\"name\":\"El rad\\u00f3n, primer factor de riesgo de c\\u00e1ncer de pulm\\u00f3n en no fumadores\"},\"previousItem\":{\"@type\":\"ListItem\",\"@id\":\"https:\\\/\\\/eldigitaldeasturias.com\\\/magazine365#listItem\",\"name\":\"Home\"}},{\"@type\":\"ListItem\",\"@id\":\"https:\\\/\\\/eldigitaldeasturias.com\\\/magazine365\\\/el-radon-primer-factor-de-riesgo-de-cancer-de-pulmon-en-no-fumadores\\\/#listItem\",\"position\":3,\"name\":\"El rad\\u00f3n, primer factor de riesgo de c\\u00e1ncer de pulm\\u00f3n en no fumadores\",\"previousItem\":{\"@type\":\"ListItem\",\"@id\":\"https:\\\/\\\/eldigitaldeasturias.com\\\/magazine365\\\/category\\\/noticias-actualidad\\\/#listItem\",\"name\":\"Noticias y Actualidad\"}}]},{\"@type\":\"Organization\",\"@id\":\"https:\\\/\\\/eldigitaldeasturias.com\\\/magazine365\\\/#organization\",\"name\":\"El digital de Asturias\",\"description\":\"Revista de ocio, turismo y estilo de vida\",\"url\":\"https:\\\/\\\/eldigitaldeasturias.com\\\/magazine365\\\/\",\"logo\":{\"@type\":\"ImageObject\",\"url\":\"https:\\\/\\\/www.eldigitaldeasturias.com\\\/noticias\\\/wp-content\\\/uploads\\\/2020\\\/12\\\/EDA.jpg\",\"@id\":\"https:\\\/\\\/eldigitaldeasturias.com\\\/magazine365\\\/el-radon-primer-factor-de-riesgo-de-cancer-de-pulmon-en-no-fumadores\\\/#organizationLogo\"},\"image\":{\"@id\":\"https:\\\/\\\/eldigitaldeasturias.com\\\/magazine365\\\/el-radon-primer-factor-de-riesgo-de-cancer-de-pulmon-en-no-fumadores\\\/#organizationLogo\"}},{\"@type\":\"Person\",\"@id\":\"https:\\\/\\\/eldigitaldeasturias.com\\\/magazine365\\\/author\\\/admin\\\/#author\",\"url\":\"https:\\\/\\\/eldigitaldeasturias.com\\\/magazine365\\\/author\\\/admin\\\/\",\"name\":\"admin\",\"image\":{\"@type\":\"ImageObject\",\"@id\":\"https:\\\/\\\/eldigitaldeasturias.com\\\/magazine365\\\/el-radon-primer-factor-de-riesgo-de-cancer-de-pulmon-en-no-fumadores\\\/#authorImage\",\"url\":\"https:\\\/\\\/eldigitaldeasturias.com\\\/magazine365\\\/wp-content\\\/litespeed\\\/avatar\\\/e571bcf59a0edd6fa6838245a470f2fe.jpg?ver=1777574230\",\"width\":96,\"height\":96,\"caption\":\"admin\"}},{\"@type\":\"WebPage\",\"@id\":\"https:\\\/\\\/eldigitaldeasturias.com\\\/magazine365\\\/el-radon-primer-factor-de-riesgo-de-cancer-de-pulmon-en-no-fumadores\\\/#webpage\",\"url\":\"https:\\\/\\\/eldigitaldeasturias.com\\\/magazine365\\\/el-radon-primer-factor-de-riesgo-de-cancer-de-pulmon-en-no-fumadores\\\/\",\"name\":\"El rad\\u00f3n, primer factor de riesgo de c\\u00e1ncer de pulm\\u00f3n en no fumadores | El Digital de Asturias\",\"description\":\"Madrid, 2 jun (EFE).- El rad\\u00f3n es el primer factor de riesgo en el desarrollo del c\\u00e1ncer de pulm\\u00f3n en personas que nunca han fumado y el segundo, por detr\\u00e1s del tabaco, en fumadores. Este riesgo se ve incrementado en individuos expuestos a concentraciones superiores a 200 Bq\\\/m3, en comparaci\\u00f3n a aquellos expuestos a menos\",\"inLanguage\":\"es-ES\",\"isPartOf\":{\"@id\":\"https:\\\/\\\/eldigitaldeasturias.com\\\/magazine365\\\/#website\"},\"breadcrumb\":{\"@id\":\"https:\\\/\\\/eldigitaldeasturias.com\\\/magazine365\\\/el-radon-primer-factor-de-riesgo-de-cancer-de-pulmon-en-no-fumadores\\\/#breadcrumblist\"},\"author\":{\"@id\":\"https:\\\/\\\/eldigitaldeasturias.com\\\/magazine365\\\/author\\\/admin\\\/#author\"},\"creator\":{\"@id\":\"https:\\\/\\\/eldigitaldeasturias.com\\\/magazine365\\\/author\\\/admin\\\/#author\"},\"image\":{\"@type\":\"ImageObject\",\"url\":\"https:\\\/\\\/eldigitaldeasturias.com\\\/magazine365\\\/wp-content\\\/uploads\\\/2014\\\/06\\\/6325807w.jpg\",\"@id\":\"https:\\\/\\\/eldigitaldeasturias.com\\\/magazine365\\\/el-radon-primer-factor-de-riesgo-de-cancer-de-pulmon-en-no-fumadores\\\/#mainImage\",\"width\":800,\"height\":534},\"primaryImageOfPage\":{\"@id\":\"https:\\\/\\\/eldigitaldeasturias.com\\\/magazine365\\\/el-radon-primer-factor-de-riesgo-de-cancer-de-pulmon-en-no-fumadores\\\/#mainImage\"},\"datePublished\":\"2014-06-02T23:32:39+02:00\",\"dateModified\":\"2014-06-02T23:32:39+02:00\"},{\"@type\":\"WebSite\",\"@id\":\"https:\\\/\\\/eldigitaldeasturias.com\\\/magazine365\\\/#website\",\"url\":\"https:\\\/\\\/eldigitaldeasturias.com\\\/magazine365\\\/\",\"name\":\"El Digital de Asturias\",\"description\":\"Revista de ocio, turismo y estilo de vida\",\"inLanguage\":\"es-ES\",\"publisher\":{\"@id\":\"https:\\\/\\\/eldigitaldeasturias.com\\\/magazine365\\\/#organization\"}}]}\n\t\t<\/script>\n\t\t<!-- All in One SEO Pro -->\r\n\t\t<title>El rad\u00f3n, primer factor de riesgo de c\u00e1ncer de pulm\u00f3n en no fumadores | El Digital de Asturias<\/title>\n\n","aioseo_head_json":{"title":"El rad\u00f3n, primer factor de riesgo de c\u00e1ncer de pulm\u00f3n en no fumadores | El Digital de Asturias","description":"Madrid, 2 jun (EFE).- El rad\u00f3n es el primer factor de riesgo en el desarrollo del c\u00e1ncer de pulm\u00f3n en personas que nunca han fumado y el segundo, por detr\u00e1s del tabaco, en fumadores. Este riesgo se ve incrementado en individuos expuestos a concentraciones superiores a 200 Bq\/m3, en comparaci\u00f3n a aquellos expuestos a menos","canonical_url":"https:\/\/eldigitaldeasturias.com\/magazine365\/el-radon-primer-factor-de-riesgo-de-cancer-de-pulmon-en-no-fumadores\/","robots":"max-image-preview:large","keywords":"noticias y actualidad","webmasterTools":{"google-site-verification":"UA-38556648-1","miscellaneous":""},"schema":{"@context":"https:\/\/schema.org","@graph":[{"@type":"Article","@id":"https:\/\/eldigitaldeasturias.com\/magazine365\/el-radon-primer-factor-de-riesgo-de-cancer-de-pulmon-en-no-fumadores\/#article","name":"El rad\u00f3n, primer factor de riesgo de c\u00e1ncer de pulm\u00f3n en no fumadores | El Digital de Asturias","headline":"El rad\u00f3n, primer factor de riesgo de c\u00e1ncer de pulm\u00f3n en no fumadores","author":{"@id":"https:\/\/eldigitaldeasturias.com\/magazine365\/author\/admin\/#author"},"publisher":{"@id":"https:\/\/eldigitaldeasturias.com\/magazine365\/#organization"},"image":{"@type":"ImageObject","url":"https:\/\/eldigitaldeasturias.com\/magazine365\/wp-content\/uploads\/2014\/06\/6325807w.jpg","width":800,"height":534},"datePublished":"2014-06-02T23:32:39+02:00","dateModified":"2014-06-02T23:32:39+02:00","inLanguage":"es-ES","mainEntityOfPage":{"@id":"https:\/\/eldigitaldeasturias.com\/magazine365\/el-radon-primer-factor-de-riesgo-de-cancer-de-pulmon-en-no-fumadores\/#webpage"},"isPartOf":{"@id":"https:\/\/eldigitaldeasturias.com\/magazine365\/el-radon-primer-factor-de-riesgo-de-cancer-de-pulmon-en-no-fumadores\/#webpage"},"articleSection":"Noticias y Actualidad"},{"@type":"BreadcrumbList","@id":"https:\/\/eldigitaldeasturias.com\/magazine365\/el-radon-primer-factor-de-riesgo-de-cancer-de-pulmon-en-no-fumadores\/#breadcrumblist","itemListElement":[{"@type":"ListItem","@id":"https:\/\/eldigitaldeasturias.com\/magazine365#listItem","position":1,"name":"Home","item":"https:\/\/eldigitaldeasturias.com\/magazine365","nextItem":{"@type":"ListItem","@id":"https:\/\/eldigitaldeasturias.com\/magazine365\/category\/noticias-actualidad\/#listItem","name":"Noticias y Actualidad"}},{"@type":"ListItem","@id":"https:\/\/eldigitaldeasturias.com\/magazine365\/category\/noticias-actualidad\/#listItem","position":2,"name":"Noticias y Actualidad","item":"https:\/\/eldigitaldeasturias.com\/magazine365\/category\/noticias-actualidad\/","nextItem":{"@type":"ListItem","@id":"https:\/\/eldigitaldeasturias.com\/magazine365\/el-radon-primer-factor-de-riesgo-de-cancer-de-pulmon-en-no-fumadores\/#listItem","name":"El rad\u00f3n, primer factor de riesgo de c\u00e1ncer de pulm\u00f3n en no fumadores"},"previousItem":{"@type":"ListItem","@id":"https:\/\/eldigitaldeasturias.com\/magazine365#listItem","name":"Home"}},{"@type":"ListItem","@id":"https:\/\/eldigitaldeasturias.com\/magazine365\/el-radon-primer-factor-de-riesgo-de-cancer-de-pulmon-en-no-fumadores\/#listItem","position":3,"name":"El rad\u00f3n, primer factor de riesgo de c\u00e1ncer de pulm\u00f3n en no fumadores","previousItem":{"@type":"ListItem","@id":"https:\/\/eldigitaldeasturias.com\/magazine365\/category\/noticias-actualidad\/#listItem","name":"Noticias y Actualidad"}}]},{"@type":"Organization","@id":"https:\/\/eldigitaldeasturias.com\/magazine365\/#organization","name":"El digital de Asturias","description":"Revista de ocio, turismo y estilo de vida","url":"https:\/\/eldigitaldeasturias.com\/magazine365\/","logo":{"@type":"ImageObject","url":"https:\/\/www.eldigitaldeasturias.com\/noticias\/wp-content\/uploads\/2020\/12\/EDA.jpg","@id":"https:\/\/eldigitaldeasturias.com\/magazine365\/el-radon-primer-factor-de-riesgo-de-cancer-de-pulmon-en-no-fumadores\/#organizationLogo"},"image":{"@id":"https:\/\/eldigitaldeasturias.com\/magazine365\/el-radon-primer-factor-de-riesgo-de-cancer-de-pulmon-en-no-fumadores\/#organizationLogo"}},{"@type":"Person","@id":"https:\/\/eldigitaldeasturias.com\/magazine365\/author\/admin\/#author","url":"https:\/\/eldigitaldeasturias.com\/magazine365\/author\/admin\/","name":"admin","image":{"@type":"ImageObject","@id":"https:\/\/eldigitaldeasturias.com\/magazine365\/el-radon-primer-factor-de-riesgo-de-cancer-de-pulmon-en-no-fumadores\/#authorImage","url":"https:\/\/eldigitaldeasturias.com\/magazine365\/wp-content\/litespeed\/avatar\/e571bcf59a0edd6fa6838245a470f2fe.jpg?ver=1777574230","width":96,"height":96,"caption":"admin"}},{"@type":"WebPage","@id":"https:\/\/eldigitaldeasturias.com\/magazine365\/el-radon-primer-factor-de-riesgo-de-cancer-de-pulmon-en-no-fumadores\/#webpage","url":"https:\/\/eldigitaldeasturias.com\/magazine365\/el-radon-primer-factor-de-riesgo-de-cancer-de-pulmon-en-no-fumadores\/","name":"El rad\u00f3n, primer factor de riesgo de c\u00e1ncer de pulm\u00f3n en no fumadores | El Digital de Asturias","description":"Madrid, 2 jun (EFE).- El rad\u00f3n es el primer factor de riesgo en el desarrollo del c\u00e1ncer de pulm\u00f3n en personas que nunca han fumado y el segundo, por detr\u00e1s del tabaco, en fumadores. Este riesgo se ve incrementado en individuos expuestos a concentraciones superiores a 200 Bq\/m3, en comparaci\u00f3n a aquellos expuestos a menos","inLanguage":"es-ES","isPartOf":{"@id":"https:\/\/eldigitaldeasturias.com\/magazine365\/#website"},"breadcrumb":{"@id":"https:\/\/eldigitaldeasturias.com\/magazine365\/el-radon-primer-factor-de-riesgo-de-cancer-de-pulmon-en-no-fumadores\/#breadcrumblist"},"author":{"@id":"https:\/\/eldigitaldeasturias.com\/magazine365\/author\/admin\/#author"},"creator":{"@id":"https:\/\/eldigitaldeasturias.com\/magazine365\/author\/admin\/#author"},"image":{"@type":"ImageObject","url":"https:\/\/eldigitaldeasturias.com\/magazine365\/wp-content\/uploads\/2014\/06\/6325807w.jpg","@id":"https:\/\/eldigitaldeasturias.com\/magazine365\/el-radon-primer-factor-de-riesgo-de-cancer-de-pulmon-en-no-fumadores\/#mainImage","width":800,"height":534},"primaryImageOfPage":{"@id":"https:\/\/eldigitaldeasturias.com\/magazine365\/el-radon-primer-factor-de-riesgo-de-cancer-de-pulmon-en-no-fumadores\/#mainImage"},"datePublished":"2014-06-02T23:32:39+02:00","dateModified":"2014-06-02T23:32:39+02:00"},{"@type":"WebSite","@id":"https:\/\/eldigitaldeasturias.com\/magazine365\/#website","url":"https:\/\/eldigitaldeasturias.com\/magazine365\/","name":"El Digital de Asturias","description":"Revista de ocio, turismo y estilo de vida","inLanguage":"es-ES","publisher":{"@id":"https:\/\/eldigitaldeasturias.com\/magazine365\/#organization"}}]},"og:locale":"es_ES","og:site_name":"El Digital de Asturias \u2013 Revista de ocio, turismo y estilo de vida","og:type":"article","og:title":"El rad\u00f3n, primer factor de riesgo de c\u00e1ncer de pulm\u00f3n en no fumadores | El Digital de Asturias","og:description":"Madrid, 2 jun (EFE).- El rad\u00f3n es el primer factor de riesgo en el desarrollo del c\u00e1ncer de pulm\u00f3n en personas que nunca han fumado y el segundo, por detr\u00e1s del tabaco, en fumadores. Este riesgo se ve incrementado en individuos expuestos a concentraciones superiores a 200 Bq\/m3, en comparaci\u00f3n a aquellos expuestos a menos","og:url":"https:\/\/eldigitaldeasturias.com\/magazine365\/el-radon-primer-factor-de-riesgo-de-cancer-de-pulmon-en-no-fumadores\/","og:image":"https:\/\/eldigitaldeasturias.com\/magazine365\/wp-content\/uploads\/2014\/06\/6325807w.jpg","og:image:secure_url":"https:\/\/eldigitaldeasturias.com\/magazine365\/wp-content\/uploads\/2014\/06\/6325807w.jpg","og:image:width":800,"og:image:height":534,"article:published_time":"2014-06-03T01:32:39+00:00","article:modified_time":"2014-06-03T01:32:39+00:00","twitter:card":"summary_large_image","twitter:title":"El rad\u00f3n, primer factor de riesgo de c\u00e1ncer de pulm\u00f3n en no fumadores | El Digital de Asturias","twitter:description":"Madrid, 2 jun (EFE).- El rad\u00f3n es el primer factor de riesgo en el desarrollo del c\u00e1ncer de pulm\u00f3n en personas que nunca han fumado y el segundo, por detr\u00e1s del tabaco, en fumadores. Este riesgo se ve incrementado en individuos expuestos a concentraciones superiores a 200 Bq\/m3, en comparaci\u00f3n a aquellos expuestos a menos","twitter:image":"https:\/\/eldigitaldeasturias.com\/magazine365\/wp-content\/uploads\/2014\/06\/6325807w.jpg"},"aioseo_meta_data":{"post_id":"14790","title":null,"description":null,"keywords":null,"keyphrases":null,"primary_term":null,"canonical_url":null,"og_title":null,"og_description":null,"og_object_type":"default","og_image_type":"default","og_image_url":null,"og_image_width":null,"og_image_height":null,"og_image_custom_url":null,"og_image_custom_fields":null,"og_video":null,"og_custom_url":null,"og_article_section":null,"og_article_tags":null,"twitter_use_og":false,"twitter_card":"default","twitter_image_type":"default","twitter_image_url":null,"twitter_image_custom_url":null,"twitter_image_custom_fields":null,"twitter_title":null,"twitter_description":null,"schema":{"blockGraphs":[],"customGraphs":[],"default":{"data":{"Article":[],"Course":[],"Dataset":[],"FAQPage":[],"Movie":[],"Person":[],"Product":[],"ProductReview":[],"Car":[],"Recipe":[],"Service":[],"SoftwareApplication":[],"WebPage":[]},"graphName":"","isEnabled":true},"graphs":[],"defaultGraph":"","defaultPostTypeGraph":""},"schema_type":null,"schema_type_options":null,"pillar_content":false,"robots_default":true,"robots_noindex":false,"robots_noarchive":false,"robots_nosnippet":false,"robots_nofollow":false,"robots_noimageindex":false,"robots_noodp":false,"robots_notranslate":false,"robots_max_snippet":null,"robots_max_videopreview":null,"robots_max_imagepreview":"large","priority":null,"frequency":null,"location":null,"local_seo":null,"seo_analyzer_scan_date":"2025-09-17 10:47:16","breadcrumb_settings":null,"limit_modified_date":false,"open_ai":null,"ai":null,"created":"2021-03-09 08:09:41","updated":"2025-09-17 10:47:16"},"aioseo_breadcrumb":"<div class=\"aioseo-breadcrumbs\"><span class=\"aioseo-breadcrumb\">\n\t<a href=\"https:\/\/eldigitaldeasturias.com\/magazine365\" title=\"Home\">Home<\/a>\n<\/span><span class=\"aioseo-breadcrumb-separator\">\u2013<\/span><span class=\"aioseo-breadcrumb\">\n\t<a href=\"https:\/\/eldigitaldeasturias.com\/magazine365\/category\/noticias-actualidad\/\" title=\"Noticias y Actualidad\">Noticias y Actualidad<\/a>\n<\/span><span class=\"aioseo-breadcrumb-separator\">\u2013<\/span><span class=\"aioseo-breadcrumb\">\n\t<a href=\"https:\/\/eldigitaldeasturias.com\/magazine365\/el-radon-primer-factor-de-riesgo-de-cancer-de-pulmon-en-no-fumadores\/\" title=\"El rad\u00f3n, primer factor de riesgo de c\u00e1ncer de pulm\u00f3n en no fumadores\">El rad\u00f3n, primer factor de riesgo de c\u00e1ncer de pulm\u00f3n en no fumadores<\/a>\n<\/span><\/div>","aioseo_breadcrumb_json":[{"label":"Home","link":"https:\/\/eldigitaldeasturias.com\/magazine365"},{"label":"Noticias y Actualidad","link":"https:\/\/eldigitaldeasturias.com\/magazine365\/category\/noticias-actualidad\/"},{"label":"El rad\u00f3n, primer factor de riesgo de c\u00e1ncer de pulm\u00f3n en no fumadores","link":"https:\/\/eldigitaldeasturias.com\/magazine365\/el-radon-primer-factor-de-riesgo-de-cancer-de-pulmon-en-no-fumadores\/"}],"_links":{"self":[{"href":"https:\/\/eldigitaldeasturias.com\/magazine365\/wp-json\/wp\/v2\/posts\/14790","targetHints":{"allow":["GET"]}}],"collection":[{"href":"https:\/\/eldigitaldeasturias.com\/magazine365\/wp-json\/wp\/v2\/posts"}],"about":[{"href":"https:\/\/eldigitaldeasturias.com\/magazine365\/wp-json\/wp\/v2\/types\/post"}],"author":[{"embeddable":true,"href":"https:\/\/eldigitaldeasturias.com\/magazine365\/wp-json\/wp\/v2\/users\/1"}],"replies":[{"embeddable":true,"href":"https:\/\/eldigitaldeasturias.com\/magazine365\/wp-json\/wp\/v2\/comments?post=14790"}],"version-history":[{"count":0,"href":"https:\/\/eldigitaldeasturias.com\/magazine365\/wp-json\/wp\/v2\/posts\/14790\/revisions"}],"wp:featuredmedia":[{"embeddable":true,"href":"https:\/\/eldigitaldeasturias.com\/magazine365\/wp-json\/wp\/v2\/media\/14791"}],"wp:attachment":[{"href":"https:\/\/eldigitaldeasturias.com\/magazine365\/wp-json\/wp\/v2\/media?parent=14790"}],"wp:term":[{"taxonomy":"category","embeddable":true,"href":"https:\/\/eldigitaldeasturias.com\/magazine365\/wp-json\/wp\/v2\/categories?post=14790"},{"taxonomy":"post_tag","embeddable":true,"href":"https:\/\/eldigitaldeasturias.com\/magazine365\/wp-json\/wp\/v2\/tags?post=14790"}],"curies":[{"name":"wp","href":"https:\/\/api.w.org\/{rel}","templated":true}]}}