{"id":14787,"date":"2014-06-02T23:31:19","date_gmt":"2014-06-03T01:31:19","guid":{"rendered":"http:\/\/eldigitaldeasturias.com\/magazine365\/?p=14787"},"modified":"2014-06-02T23:31:19","modified_gmt":"2014-06-03T01:31:19","slug":"juanes-emite-un-video-para-concienciar-sobre-el-drama-de-los-refugiados","status":"publish","type":"post","link":"https:\/\/eldigitaldeasturias.com\/magazine365\/juanes-emite-un-video-para-concienciar-sobre-el-drama-de-los-refugiados\/","title":{"rendered":"Juanes emite un v\u00eddeo para concienciar sobre el drama de los refugiados"},"content":{"rendered":"<p><img fetchpriority=\"high\" decoding=\"async\" class=\"alignleft size-medium wp-image-14788\" alt=\"6325618w\" src=\"https:\/\/eldigitaldeasturias.com\/magazine365\/wp-content\/uploads\/2014\/06\/6325618w-360x270.jpg\" width=\"360\" height=\"270\" srcset=\"https:\/\/eldigitaldeasturias.com\/magazine365\/wp-content\/uploads\/2014\/06\/6325618w-360x270.jpg 360w, https:\/\/eldigitaldeasturias.com\/magazine365\/wp-content\/uploads\/2014\/06\/6325618w-650x488.jpg 650w, https:\/\/eldigitaldeasturias.com\/magazine365\/wp-content\/uploads\/2014\/06\/6325618w-768x576.jpg 768w, https:\/\/eldigitaldeasturias.com\/magazine365\/wp-content\/uploads\/2014\/06\/6325618w-150x113.jpg 150w, https:\/\/eldigitaldeasturias.com\/magazine365\/wp-content\/uploads\/2014\/06\/6325618w-450x338.jpg 450w, https:\/\/eldigitaldeasturias.com\/magazine365\/wp-content\/uploads\/2014\/06\/6325618w-80x60.jpg 80w, https:\/\/eldigitaldeasturias.com\/magazine365\/wp-content\/uploads\/2014\/06\/6325618w-265x198.jpg 265w, https:\/\/eldigitaldeasturias.com\/magazine365\/wp-content\/uploads\/2014\/06\/6325618w-696x522.jpg 696w, https:\/\/eldigitaldeasturias.com\/magazine365\/wp-content\/uploads\/2014\/06\/6325618w-560x420.jpg 560w, https:\/\/eldigitaldeasturias.com\/magazine365\/wp-content\/uploads\/2014\/06\/6325618w-90x67.jpg 90w, https:\/\/eldigitaldeasturias.com\/magazine365\/wp-content\/uploads\/2014\/06\/6325618w-100x75.jpg 100w, https:\/\/eldigitaldeasturias.com\/magazine365\/wp-content\/uploads\/2014\/06\/6325618w.jpg 800w\" sizes=\"(max-width: 360px) 100vw, 360px\" \/>Ginebra, 2 jun (EFE).- El cantante colombiano Juanes, embajador de Buena Voluntad del Alto Comisionado de Naciones Unidas para los Refugiados (ACNUR) ha emitido un v\u00eddeo para concienciar sobre el drama que sufren millones de personas al verse obligadas a abandonar su hogar y convertirse en refugiadas.<\/p>\n<p>Juanes es una de las veinte celebridades que han participado en la campa\u00f1a de concienciaci\u00f3n para marcar el D\u00eda Mundial de los Refugiados, que se celebra el pr\u00f3ximo 20 de junio, grabando un v\u00eddeo de 30 segundos con el que quieren concienciar sobre la tragedia que enfrentan los refugiados.<\/p>\n<p>Algunos de los nombres m\u00e1s conocidos que se han unido a la campa\u00f1a son la actriz alemana Diane Kryger, el escritor afgano Khaled Hosseini, la cantante estadounidense Barbara Hendrix, o la cantante china Yao Chen.<\/p>\n<p>En los distintos v\u00eddeos, los artistas recuerdan que es un problema creciente y piden apoyo para ellos.<\/p>\n","protected":false},"excerpt":{"rendered":"<p>Ginebra, 2 jun (EFE).- El cantante colombiano Juanes, embajador de Buena Voluntad del Alto Comisionado de Naciones Unidas para los Refugiados (ACNUR) ha emitido un v\u00eddeo para concienciar sobre el drama que sufren millones de personas al verse obligadas a abandonar su hogar y convertirse en refugiadas. Juanes es una de las veinte celebridades que<\/p>\n","protected":false},"author":1,"featured_media":14788,"comment_status":"open","ping_status":"closed","sticky":false,"template":"","format":"standard","meta":{"footnotes":""},"categories":[224],"tags":[],"class_list":{"0":"post-14787","1":"post","2":"type-post","3":"status-publish","4":"format-standard","5":"has-post-thumbnail","7":"category-noticias-actualidad"},"aioseo_notices":[],"aioseo_head":"\n\t\t<!-- All in One SEO Pro 4.9.6.1 - aioseo.com -->\n\t<meta name=\"description\" content=\"Ginebra, 2 jun (EFE).- El cantante colombiano Juanes, embajador de Buena Voluntad del Alto Comisionado de Naciones Unidas para los Refugiados (ACNUR) ha emitido un v\u00eddeo para concienciar sobre el drama que sufren millones de personas al verse obligadas a abandonar su hogar y convertirse en refugiadas. Juanes es una de las veinte celebridades que\" \/>\n\t<meta name=\"robots\" content=\"max-image-preview:large\" \/>\n\t<meta name=\"author\" content=\"admin\"\/>\n\t<meta name=\"google-site-verification\" content=\"UA-38556648-1\" \/>\n\t<meta name=\"keywords\" content=\"noticias y actualidad\" \/>\n\t<link rel=\"canonical\" href=\"https:\/\/eldigitaldeasturias.com\/magazine365\/juanes-emite-un-video-para-concienciar-sobre-el-drama-de-los-refugiados\/\" \/>\n\t<meta name=\"generator\" content=\"All in One SEO Pro (AIOSEO) 4.9.6.1\" \/>\n\t\t<meta property=\"og:locale\" content=\"es_ES\" \/>\n\t\t<meta property=\"og:site_name\" content=\"El Digital de Asturias \u2013 Revista de ocio, turismo y estilo de vida\" \/>\n\t\t<meta property=\"og:type\" content=\"article\" \/>\n\t\t<meta property=\"og:title\" content=\"Juanes emite un v\u00eddeo para concienciar sobre el drama de los refugiados | El Digital de Asturias\" \/>\n\t\t<meta property=\"og:description\" content=\"Ginebra, 2 jun (EFE).- El cantante colombiano Juanes, embajador de Buena Voluntad del Alto Comisionado de Naciones Unidas para los Refugiados (ACNUR) ha emitido un v\u00eddeo para concienciar sobre el drama que sufren millones de personas al verse obligadas a abandonar su hogar y convertirse en refugiadas. Juanes es una de las veinte celebridades que\" \/>\n\t\t<meta property=\"og:url\" content=\"https:\/\/eldigitaldeasturias.com\/magazine365\/juanes-emite-un-video-para-concienciar-sobre-el-drama-de-los-refugiados\/\" \/>\n\t\t<meta property=\"og:image\" content=\"https:\/\/eldigitaldeasturias.com\/magazine365\/wp-content\/uploads\/2014\/06\/6325618w.jpg\" \/>\n\t\t<meta property=\"og:image:secure_url\" content=\"https:\/\/eldigitaldeasturias.com\/magazine365\/wp-content\/uploads\/2014\/06\/6325618w.jpg\" \/>\n\t\t<meta property=\"og:image:width\" content=\"800\" \/>\n\t\t<meta property=\"og:image:height\" content=\"600\" \/>\n\t\t<meta property=\"article:published_time\" content=\"2014-06-03T01:31:19+00:00\" \/>\n\t\t<meta property=\"article:modified_time\" content=\"2014-06-03T01:31:19+00:00\" \/>\n\t\t<meta name=\"twitter:card\" content=\"summary_large_image\" \/>\n\t\t<meta name=\"twitter:title\" content=\"Juanes emite un v\u00eddeo para concienciar sobre el drama de los refugiados | El Digital de Asturias\" \/>\n\t\t<meta name=\"twitter:description\" content=\"Ginebra, 2 jun (EFE).- El cantante colombiano Juanes, embajador de Buena Voluntad del Alto Comisionado de Naciones Unidas para los Refugiados (ACNUR) ha emitido un v\u00eddeo para concienciar sobre el drama que sufren millones de personas al verse obligadas a abandonar su hogar y convertirse en refugiadas. Juanes es una de las veinte celebridades que\" \/>\n\t\t<meta name=\"twitter:image\" content=\"https:\/\/eldigitaldeasturias.com\/magazine365\/wp-content\/uploads\/2014\/06\/6325618w.jpg\" \/>\n\t\t<script type=\"application\/ld+json\" class=\"aioseo-schema\">\n\t\t\t{\"@context\":\"https:\\\/\\\/schema.org\",\"@graph\":[{\"@type\":\"Article\",\"@id\":\"https:\\\/\\\/eldigitaldeasturias.com\\\/magazine365\\\/juanes-emite-un-video-para-concienciar-sobre-el-drama-de-los-refugiados\\\/#article\",\"name\":\"Juanes emite un v\\u00eddeo para concienciar sobre el drama de los refugiados | El Digital de Asturias\",\"headline\":\"Juanes emite un v\\u00eddeo para concienciar sobre el drama de los refugiados\",\"author\":{\"@id\":\"https:\\\/\\\/eldigitaldeasturias.com\\\/magazine365\\\/author\\\/admin\\\/#author\"},\"publisher\":{\"@id\":\"https:\\\/\\\/eldigitaldeasturias.com\\\/magazine365\\\/#organization\"},\"image\":{\"@type\":\"ImageObject\",\"url\":\"https:\\\/\\\/eldigitaldeasturias.com\\\/magazine365\\\/wp-content\\\/uploads\\\/2014\\\/06\\\/6325618w.jpg\",\"width\":800,\"height\":600},\"datePublished\":\"2014-06-02T23:31:19+02:00\",\"dateModified\":\"2014-06-02T23:31:19+02:00\",\"inLanguage\":\"es-ES\",\"mainEntityOfPage\":{\"@id\":\"https:\\\/\\\/eldigitaldeasturias.com\\\/magazine365\\\/juanes-emite-un-video-para-concienciar-sobre-el-drama-de-los-refugiados\\\/#webpage\"},\"isPartOf\":{\"@id\":\"https:\\\/\\\/eldigitaldeasturias.com\\\/magazine365\\\/juanes-emite-un-video-para-concienciar-sobre-el-drama-de-los-refugiados\\\/#webpage\"},\"articleSection\":\"Noticias y Actualidad\"},{\"@type\":\"BreadcrumbList\",\"@id\":\"https:\\\/\\\/eldigitaldeasturias.com\\\/magazine365\\\/juanes-emite-un-video-para-concienciar-sobre-el-drama-de-los-refugiados\\\/#breadcrumblist\",\"itemListElement\":[{\"@type\":\"ListItem\",\"@id\":\"https:\\\/\\\/eldigitaldeasturias.com\\\/magazine365#listItem\",\"position\":1,\"name\":\"Home\",\"item\":\"https:\\\/\\\/eldigitaldeasturias.com\\\/magazine365\",\"nextItem\":{\"@type\":\"ListItem\",\"@id\":\"https:\\\/\\\/eldigitaldeasturias.com\\\/magazine365\\\/category\\\/noticias-actualidad\\\/#listItem\",\"name\":\"Noticias y Actualidad\"}},{\"@type\":\"ListItem\",\"@id\":\"https:\\\/\\\/eldigitaldeasturias.com\\\/magazine365\\\/category\\\/noticias-actualidad\\\/#listItem\",\"position\":2,\"name\":\"Noticias y Actualidad\",\"item\":\"https:\\\/\\\/eldigitaldeasturias.com\\\/magazine365\\\/category\\\/noticias-actualidad\\\/\",\"nextItem\":{\"@type\":\"ListItem\",\"@id\":\"https:\\\/\\\/eldigitaldeasturias.com\\\/magazine365\\\/juanes-emite-un-video-para-concienciar-sobre-el-drama-de-los-refugiados\\\/#listItem\",\"name\":\"Juanes emite un v\\u00eddeo para concienciar sobre el drama de los refugiados\"},\"previousItem\":{\"@type\":\"ListItem\",\"@id\":\"https:\\\/\\\/eldigitaldeasturias.com\\\/magazine365#listItem\",\"name\":\"Home\"}},{\"@type\":\"ListItem\",\"@id\":\"https:\\\/\\\/eldigitaldeasturias.com\\\/magazine365\\\/juanes-emite-un-video-para-concienciar-sobre-el-drama-de-los-refugiados\\\/#listItem\",\"position\":3,\"name\":\"Juanes emite un v\\u00eddeo para concienciar sobre el drama de los refugiados\",\"previousItem\":{\"@type\":\"ListItem\",\"@id\":\"https:\\\/\\\/eldigitaldeasturias.com\\\/magazine365\\\/category\\\/noticias-actualidad\\\/#listItem\",\"name\":\"Noticias y Actualidad\"}}]},{\"@type\":\"Organization\",\"@id\":\"https:\\\/\\\/eldigitaldeasturias.com\\\/magazine365\\\/#organization\",\"name\":\"El digital de Asturias\",\"description\":\"Revista de ocio, turismo y estilo de vida\",\"url\":\"https:\\\/\\\/eldigitaldeasturias.com\\\/magazine365\\\/\",\"logo\":{\"@type\":\"ImageObject\",\"url\":\"https:\\\/\\\/www.eldigitaldeasturias.com\\\/noticias\\\/wp-content\\\/uploads\\\/2020\\\/12\\\/EDA.jpg\",\"@id\":\"https:\\\/\\\/eldigitaldeasturias.com\\\/magazine365\\\/juanes-emite-un-video-para-concienciar-sobre-el-drama-de-los-refugiados\\\/#organizationLogo\"},\"image\":{\"@id\":\"https:\\\/\\\/eldigitaldeasturias.com\\\/magazine365\\\/juanes-emite-un-video-para-concienciar-sobre-el-drama-de-los-refugiados\\\/#organizationLogo\"}},{\"@type\":\"Person\",\"@id\":\"https:\\\/\\\/eldigitaldeasturias.com\\\/magazine365\\\/author\\\/admin\\\/#author\",\"url\":\"https:\\\/\\\/eldigitaldeasturias.com\\\/magazine365\\\/author\\\/admin\\\/\",\"name\":\"admin\",\"image\":{\"@type\":\"ImageObject\",\"@id\":\"https:\\\/\\\/eldigitaldeasturias.com\\\/magazine365\\\/juanes-emite-un-video-para-concienciar-sobre-el-drama-de-los-refugiados\\\/#authorImage\",\"url\":\"https:\\\/\\\/eldigitaldeasturias.com\\\/magazine365\\\/wp-content\\\/litespeed\\\/avatar\\\/e571bcf59a0edd6fa6838245a470f2fe.jpg?ver=1777574230\",\"width\":96,\"height\":96,\"caption\":\"admin\"}},{\"@type\":\"WebPage\",\"@id\":\"https:\\\/\\\/eldigitaldeasturias.com\\\/magazine365\\\/juanes-emite-un-video-para-concienciar-sobre-el-drama-de-los-refugiados\\\/#webpage\",\"url\":\"https:\\\/\\\/eldigitaldeasturias.com\\\/magazine365\\\/juanes-emite-un-video-para-concienciar-sobre-el-drama-de-los-refugiados\\\/\",\"name\":\"Juanes emite un v\\u00eddeo para concienciar sobre el drama de los refugiados | El Digital de Asturias\",\"description\":\"Ginebra, 2 jun (EFE).- El cantante colombiano Juanes, embajador de Buena Voluntad del Alto Comisionado de Naciones Unidas para los Refugiados (ACNUR) ha emitido un v\\u00eddeo para concienciar sobre el drama que sufren millones de personas al verse obligadas a abandonar su hogar y convertirse en refugiadas. Juanes es una de las veinte celebridades que\",\"inLanguage\":\"es-ES\",\"isPartOf\":{\"@id\":\"https:\\\/\\\/eldigitaldeasturias.com\\\/magazine365\\\/#website\"},\"breadcrumb\":{\"@id\":\"https:\\\/\\\/eldigitaldeasturias.com\\\/magazine365\\\/juanes-emite-un-video-para-concienciar-sobre-el-drama-de-los-refugiados\\\/#breadcrumblist\"},\"author\":{\"@id\":\"https:\\\/\\\/eldigitaldeasturias.com\\\/magazine365\\\/author\\\/admin\\\/#author\"},\"creator\":{\"@id\":\"https:\\\/\\\/eldigitaldeasturias.com\\\/magazine365\\\/author\\\/admin\\\/#author\"},\"image\":{\"@type\":\"ImageObject\",\"url\":\"https:\\\/\\\/eldigitaldeasturias.com\\\/magazine365\\\/wp-content\\\/uploads\\\/2014\\\/06\\\/6325618w.jpg\",\"@id\":\"https:\\\/\\\/eldigitaldeasturias.com\\\/magazine365\\\/juanes-emite-un-video-para-concienciar-sobre-el-drama-de-los-refugiados\\\/#mainImage\",\"width\":800,\"height\":600},\"primaryImageOfPage\":{\"@id\":\"https:\\\/\\\/eldigitaldeasturias.com\\\/magazine365\\\/juanes-emite-un-video-para-concienciar-sobre-el-drama-de-los-refugiados\\\/#mainImage\"},\"datePublished\":\"2014-06-02T23:31:19+02:00\",\"dateModified\":\"2014-06-02T23:31:19+02:00\"},{\"@type\":\"WebSite\",\"@id\":\"https:\\\/\\\/eldigitaldeasturias.com\\\/magazine365\\\/#website\",\"url\":\"https:\\\/\\\/eldigitaldeasturias.com\\\/magazine365\\\/\",\"name\":\"El Digital de Asturias\",\"description\":\"Revista de ocio, turismo y estilo de vida\",\"inLanguage\":\"es-ES\",\"publisher\":{\"@id\":\"https:\\\/\\\/eldigitaldeasturias.com\\\/magazine365\\\/#organization\"}}]}\n\t\t<\/script>\n\t\t<!-- All in One SEO Pro -->\r\n\t\t<title>Juanes emite un v\u00eddeo para concienciar sobre el drama de los refugiados | El Digital de Asturias<\/title>\n\n","aioseo_head_json":{"title":"Juanes emite un v\u00eddeo para concienciar sobre el drama de los refugiados | El Digital de Asturias","description":"Ginebra, 2 jun (EFE).- El cantante colombiano Juanes, embajador de Buena Voluntad del Alto Comisionado de Naciones Unidas para los Refugiados (ACNUR) ha emitido un v\u00eddeo para concienciar sobre el drama que sufren millones de personas al verse obligadas a abandonar su hogar y convertirse en refugiadas. Juanes es una de las veinte celebridades que","canonical_url":"https:\/\/eldigitaldeasturias.com\/magazine365\/juanes-emite-un-video-para-concienciar-sobre-el-drama-de-los-refugiados\/","robots":"max-image-preview:large","keywords":"noticias y actualidad","webmasterTools":{"google-site-verification":"UA-38556648-1","miscellaneous":""},"schema":{"@context":"https:\/\/schema.org","@graph":[{"@type":"Article","@id":"https:\/\/eldigitaldeasturias.com\/magazine365\/juanes-emite-un-video-para-concienciar-sobre-el-drama-de-los-refugiados\/#article","name":"Juanes emite un v\u00eddeo para concienciar sobre el drama de los refugiados | El Digital de Asturias","headline":"Juanes emite un v\u00eddeo para concienciar sobre el drama de los refugiados","author":{"@id":"https:\/\/eldigitaldeasturias.com\/magazine365\/author\/admin\/#author"},"publisher":{"@id":"https:\/\/eldigitaldeasturias.com\/magazine365\/#organization"},"image":{"@type":"ImageObject","url":"https:\/\/eldigitaldeasturias.com\/magazine365\/wp-content\/uploads\/2014\/06\/6325618w.jpg","width":800,"height":600},"datePublished":"2014-06-02T23:31:19+02:00","dateModified":"2014-06-02T23:31:19+02:00","inLanguage":"es-ES","mainEntityOfPage":{"@id":"https:\/\/eldigitaldeasturias.com\/magazine365\/juanes-emite-un-video-para-concienciar-sobre-el-drama-de-los-refugiados\/#webpage"},"isPartOf":{"@id":"https:\/\/eldigitaldeasturias.com\/magazine365\/juanes-emite-un-video-para-concienciar-sobre-el-drama-de-los-refugiados\/#webpage"},"articleSection":"Noticias y Actualidad"},{"@type":"BreadcrumbList","@id":"https:\/\/eldigitaldeasturias.com\/magazine365\/juanes-emite-un-video-para-concienciar-sobre-el-drama-de-los-refugiados\/#breadcrumblist","itemListElement":[{"@type":"ListItem","@id":"https:\/\/eldigitaldeasturias.com\/magazine365#listItem","position":1,"name":"Home","item":"https:\/\/eldigitaldeasturias.com\/magazine365","nextItem":{"@type":"ListItem","@id":"https:\/\/eldigitaldeasturias.com\/magazine365\/category\/noticias-actualidad\/#listItem","name":"Noticias y Actualidad"}},{"@type":"ListItem","@id":"https:\/\/eldigitaldeasturias.com\/magazine365\/category\/noticias-actualidad\/#listItem","position":2,"name":"Noticias y Actualidad","item":"https:\/\/eldigitaldeasturias.com\/magazine365\/category\/noticias-actualidad\/","nextItem":{"@type":"ListItem","@id":"https:\/\/eldigitaldeasturias.com\/magazine365\/juanes-emite-un-video-para-concienciar-sobre-el-drama-de-los-refugiados\/#listItem","name":"Juanes emite un v\u00eddeo para concienciar sobre el drama de los refugiados"},"previousItem":{"@type":"ListItem","@id":"https:\/\/eldigitaldeasturias.com\/magazine365#listItem","name":"Home"}},{"@type":"ListItem","@id":"https:\/\/eldigitaldeasturias.com\/magazine365\/juanes-emite-un-video-para-concienciar-sobre-el-drama-de-los-refugiados\/#listItem","position":3,"name":"Juanes emite un v\u00eddeo para concienciar sobre el drama de los refugiados","previousItem":{"@type":"ListItem","@id":"https:\/\/eldigitaldeasturias.com\/magazine365\/category\/noticias-actualidad\/#listItem","name":"Noticias y Actualidad"}}]},{"@type":"Organization","@id":"https:\/\/eldigitaldeasturias.com\/magazine365\/#organization","name":"El digital de Asturias","description":"Revista de ocio, turismo y estilo de vida","url":"https:\/\/eldigitaldeasturias.com\/magazine365\/","logo":{"@type":"ImageObject","url":"https:\/\/www.eldigitaldeasturias.com\/noticias\/wp-content\/uploads\/2020\/12\/EDA.jpg","@id":"https:\/\/eldigitaldeasturias.com\/magazine365\/juanes-emite-un-video-para-concienciar-sobre-el-drama-de-los-refugiados\/#organizationLogo"},"image":{"@id":"https:\/\/eldigitaldeasturias.com\/magazine365\/juanes-emite-un-video-para-concienciar-sobre-el-drama-de-los-refugiados\/#organizationLogo"}},{"@type":"Person","@id":"https:\/\/eldigitaldeasturias.com\/magazine365\/author\/admin\/#author","url":"https:\/\/eldigitaldeasturias.com\/magazine365\/author\/admin\/","name":"admin","image":{"@type":"ImageObject","@id":"https:\/\/eldigitaldeasturias.com\/magazine365\/juanes-emite-un-video-para-concienciar-sobre-el-drama-de-los-refugiados\/#authorImage","url":"https:\/\/eldigitaldeasturias.com\/magazine365\/wp-content\/litespeed\/avatar\/e571bcf59a0edd6fa6838245a470f2fe.jpg?ver=1777574230","width":96,"height":96,"caption":"admin"}},{"@type":"WebPage","@id":"https:\/\/eldigitaldeasturias.com\/magazine365\/juanes-emite-un-video-para-concienciar-sobre-el-drama-de-los-refugiados\/#webpage","url":"https:\/\/eldigitaldeasturias.com\/magazine365\/juanes-emite-un-video-para-concienciar-sobre-el-drama-de-los-refugiados\/","name":"Juanes emite un v\u00eddeo para concienciar sobre el drama de los refugiados | El Digital de Asturias","description":"Ginebra, 2 jun (EFE).- El cantante colombiano Juanes, embajador de Buena Voluntad del Alto Comisionado de Naciones Unidas para los Refugiados (ACNUR) ha emitido un v\u00eddeo para concienciar sobre el drama que sufren millones de personas al verse obligadas a abandonar su hogar y convertirse en refugiadas. Juanes es una de las veinte celebridades que","inLanguage":"es-ES","isPartOf":{"@id":"https:\/\/eldigitaldeasturias.com\/magazine365\/#website"},"breadcrumb":{"@id":"https:\/\/eldigitaldeasturias.com\/magazine365\/juanes-emite-un-video-para-concienciar-sobre-el-drama-de-los-refugiados\/#breadcrumblist"},"author":{"@id":"https:\/\/eldigitaldeasturias.com\/magazine365\/author\/admin\/#author"},"creator":{"@id":"https:\/\/eldigitaldeasturias.com\/magazine365\/author\/admin\/#author"},"image":{"@type":"ImageObject","url":"https:\/\/eldigitaldeasturias.com\/magazine365\/wp-content\/uploads\/2014\/06\/6325618w.jpg","@id":"https:\/\/eldigitaldeasturias.com\/magazine365\/juanes-emite-un-video-para-concienciar-sobre-el-drama-de-los-refugiados\/#mainImage","width":800,"height":600},"primaryImageOfPage":{"@id":"https:\/\/eldigitaldeasturias.com\/magazine365\/juanes-emite-un-video-para-concienciar-sobre-el-drama-de-los-refugiados\/#mainImage"},"datePublished":"2014-06-02T23:31:19+02:00","dateModified":"2014-06-02T23:31:19+02:00"},{"@type":"WebSite","@id":"https:\/\/eldigitaldeasturias.com\/magazine365\/#website","url":"https:\/\/eldigitaldeasturias.com\/magazine365\/","name":"El Digital de Asturias","description":"Revista de ocio, turismo y estilo de vida","inLanguage":"es-ES","publisher":{"@id":"https:\/\/eldigitaldeasturias.com\/magazine365\/#organization"}}]},"og:locale":"es_ES","og:site_name":"El Digital de Asturias \u2013 Revista de ocio, turismo y estilo de vida","og:type":"article","og:title":"Juanes emite un v\u00eddeo para concienciar sobre el drama de los refugiados | El Digital de Asturias","og:description":"Ginebra, 2 jun (EFE).- El cantante colombiano Juanes, embajador de Buena Voluntad del Alto Comisionado de Naciones Unidas para los Refugiados (ACNUR) ha emitido un v\u00eddeo para concienciar sobre el drama que sufren millones de personas al verse obligadas a abandonar su hogar y convertirse en refugiadas. Juanes es una de las veinte celebridades que","og:url":"https:\/\/eldigitaldeasturias.com\/magazine365\/juanes-emite-un-video-para-concienciar-sobre-el-drama-de-los-refugiados\/","og:image":"https:\/\/eldigitaldeasturias.com\/magazine365\/wp-content\/uploads\/2014\/06\/6325618w.jpg","og:image:secure_url":"https:\/\/eldigitaldeasturias.com\/magazine365\/wp-content\/uploads\/2014\/06\/6325618w.jpg","og:image:width":800,"og:image:height":600,"article:published_time":"2014-06-03T01:31:19+00:00","article:modified_time":"2014-06-03T01:31:19+00:00","twitter:card":"summary_large_image","twitter:title":"Juanes emite un v\u00eddeo para concienciar sobre el drama de los refugiados | El Digital de Asturias","twitter:description":"Ginebra, 2 jun (EFE).- El cantante colombiano Juanes, embajador de Buena Voluntad del Alto Comisionado de Naciones Unidas para los Refugiados (ACNUR) ha emitido un v\u00eddeo para concienciar sobre el drama que sufren millones de personas al verse obligadas a abandonar su hogar y convertirse en refugiadas. Juanes es una de las veinte celebridades que","twitter:image":"https:\/\/eldigitaldeasturias.com\/magazine365\/wp-content\/uploads\/2014\/06\/6325618w.jpg"},"aioseo_meta_data":{"post_id":"14787","title":null,"description":null,"keywords":null,"keyphrases":null,"primary_term":null,"canonical_url":null,"og_title":null,"og_description":null,"og_object_type":"default","og_image_type":"default","og_image_url":null,"og_image_width":null,"og_image_height":null,"og_image_custom_url":null,"og_image_custom_fields":null,"og_video":null,"og_custom_url":null,"og_article_section":null,"og_article_tags":null,"twitter_use_og":false,"twitter_card":"default","twitter_image_type":"default","twitter_image_url":null,"twitter_image_custom_url":null,"twitter_image_custom_fields":null,"twitter_title":null,"twitter_description":null,"schema":{"blockGraphs":[],"customGraphs":[],"default":{"data":{"Article":[],"Course":[],"Dataset":[],"FAQPage":[],"Movie":[],"Person":[],"Product":[],"ProductReview":[],"Car":[],"Recipe":[],"Service":[],"SoftwareApplication":[],"WebPage":[]},"graphName":"","isEnabled":true},"graphs":[],"defaultGraph":"","defaultPostTypeGraph":""},"schema_type":null,"schema_type_options":null,"pillar_content":false,"robots_default":true,"robots_noindex":false,"robots_noarchive":false,"robots_nosnippet":false,"robots_nofollow":false,"robots_noimageindex":false,"robots_noodp":false,"robots_notranslate":false,"robots_max_snippet":null,"robots_max_videopreview":null,"robots_max_imagepreview":"large","priority":null,"frequency":null,"location":null,"local_seo":null,"seo_analyzer_scan_date":"2025-09-17 10:47:15","breadcrumb_settings":null,"limit_modified_date":false,"open_ai":null,"ai":null,"created":"2021-03-09 08:09:41","updated":"2025-09-17 10:47:15"},"aioseo_breadcrumb":"<div class=\"aioseo-breadcrumbs\"><span class=\"aioseo-breadcrumb\">\n\t<a href=\"https:\/\/eldigitaldeasturias.com\/magazine365\" title=\"Home\">Home<\/a>\n<\/span><span class=\"aioseo-breadcrumb-separator\">\u2013<\/span><span class=\"aioseo-breadcrumb\">\n\t<a href=\"https:\/\/eldigitaldeasturias.com\/magazine365\/category\/noticias-actualidad\/\" title=\"Noticias y Actualidad\">Noticias y Actualidad<\/a>\n<\/span><span class=\"aioseo-breadcrumb-separator\">\u2013<\/span><span class=\"aioseo-breadcrumb\">\n\t<a href=\"https:\/\/eldigitaldeasturias.com\/magazine365\/juanes-emite-un-video-para-concienciar-sobre-el-drama-de-los-refugiados\/\" title=\"Juanes emite un v\u00eddeo para concienciar sobre el drama de los refugiados\">Juanes emite un v\u00eddeo para concienciar sobre el drama de los refugiados<\/a>\n<\/span><\/div>","aioseo_breadcrumb_json":[{"label":"Home","link":"https:\/\/eldigitaldeasturias.com\/magazine365"},{"label":"Noticias y Actualidad","link":"https:\/\/eldigitaldeasturias.com\/magazine365\/category\/noticias-actualidad\/"},{"label":"Juanes emite un v\u00eddeo para concienciar sobre el drama de los refugiados","link":"https:\/\/eldigitaldeasturias.com\/magazine365\/juanes-emite-un-video-para-concienciar-sobre-el-drama-de-los-refugiados\/"}],"_links":{"self":[{"href":"https:\/\/eldigitaldeasturias.com\/magazine365\/wp-json\/wp\/v2\/posts\/14787","targetHints":{"allow":["GET"]}}],"collection":[{"href":"https:\/\/eldigitaldeasturias.com\/magazine365\/wp-json\/wp\/v2\/posts"}],"about":[{"href":"https:\/\/eldigitaldeasturias.com\/magazine365\/wp-json\/wp\/v2\/types\/post"}],"author":[{"embeddable":true,"href":"https:\/\/eldigitaldeasturias.com\/magazine365\/wp-json\/wp\/v2\/users\/1"}],"replies":[{"embeddable":true,"href":"https:\/\/eldigitaldeasturias.com\/magazine365\/wp-json\/wp\/v2\/comments?post=14787"}],"version-history":[{"count":0,"href":"https:\/\/eldigitaldeasturias.com\/magazine365\/wp-json\/wp\/v2\/posts\/14787\/revisions"}],"wp:featuredmedia":[{"embeddable":true,"href":"https:\/\/eldigitaldeasturias.com\/magazine365\/wp-json\/wp\/v2\/media\/14788"}],"wp:attachment":[{"href":"https:\/\/eldigitaldeasturias.com\/magazine365\/wp-json\/wp\/v2\/media?parent=14787"}],"wp:term":[{"taxonomy":"category","embeddable":true,"href":"https:\/\/eldigitaldeasturias.com\/magazine365\/wp-json\/wp\/v2\/categories?post=14787"},{"taxonomy":"post_tag","embeddable":true,"href":"https:\/\/eldigitaldeasturias.com\/magazine365\/wp-json\/wp\/v2\/tags?post=14787"}],"curies":[{"name":"wp","href":"https:\/\/api.w.org\/{rel}","templated":true}]}}