{"id":14781,"date":"2014-06-02T14:27:10","date_gmt":"2014-06-02T16:27:10","guid":{"rendered":"http:\/\/eldigitaldeasturias.com\/magazine365\/?p=14781"},"modified":"2014-06-02T14:27:10","modified_gmt":"2014-06-02T16:27:10","slug":"cameron-le-desea-a-isabel-ii-feliz-reinado-al-cumplir-61-anos-de-coronacion","status":"publish","type":"post","link":"https:\/\/eldigitaldeasturias.com\/magazine365\/cameron-le-desea-a-isabel-ii-feliz-reinado-al-cumplir-61-anos-de-coronacion\/","title":{"rendered":"Cameron le desea a Isabel II feliz reinado al cumplir 61 a\u00f1os de coronaci\u00f3n"},"content":{"rendered":"<p><img fetchpriority=\"high\" decoding=\"async\" class=\"alignleft size-medium wp-image-14782\" alt=\"6325390w\" src=\"https:\/\/eldigitaldeasturias.com\/magazine365\/wp-content\/uploads\/2014\/06\/6325390w-360x225.jpg\" width=\"360\" height=\"225\" srcset=\"https:\/\/eldigitaldeasturias.com\/magazine365\/wp-content\/uploads\/2014\/06\/6325390w-360x225.jpg 360w, https:\/\/eldigitaldeasturias.com\/magazine365\/wp-content\/uploads\/2014\/06\/6325390w-650x407.jpg 650w, https:\/\/eldigitaldeasturias.com\/magazine365\/wp-content\/uploads\/2014\/06\/6325390w-768x481.jpg 768w, https:\/\/eldigitaldeasturias.com\/magazine365\/wp-content\/uploads\/2014\/06\/6325390w-150x94.jpg 150w, https:\/\/eldigitaldeasturias.com\/magazine365\/wp-content\/uploads\/2014\/06\/6325390w-450x282.jpg 450w, https:\/\/eldigitaldeasturias.com\/magazine365\/wp-content\/uploads\/2014\/06\/6325390w-696x436.jpg 696w, https:\/\/eldigitaldeasturias.com\/magazine365\/wp-content\/uploads\/2014\/06\/6325390w-671x420.jpg 671w, https:\/\/eldigitaldeasturias.com\/magazine365\/wp-content\/uploads\/2014\/06\/6325390w-279x173.jpg 279w, https:\/\/eldigitaldeasturias.com\/magazine365\/wp-content\/uploads\/2014\/06\/6325390w-480x300.jpg 480w, https:\/\/eldigitaldeasturias.com\/magazine365\/wp-content\/uploads\/2014\/06\/6325390w.jpg 800w\" sizes=\"(max-width: 360px) 100vw, 360px\" \/>Londres, 2 jun (EFE).- El primer ministro brit\u00e1nico, David Cameron, expres\u00f3 el deseo de que la reina Isabel II de Inglaterra, de 88 a\u00f1os, tenga un \u00abfeliz reinado\u00bb cuando se celebran hoy los 61 a\u00f1os de su coronaci\u00f3n en la abad\u00eda de Westminster.<\/p>\n<p>El aniversario, que coincidi\u00f3 con el anuncio de abdicaci\u00f3n del rey Juan Carlos de Espa\u00f1a, fue aprovechado por Cameron para resaltar los m\u00e1s de 60 a\u00f1os en el trono de Isabel II.<\/p>\n<p>\u00abEl primer ministro le desea el m\u00e1s largo y el m\u00e1s feliz de los reinados\u00bb, se\u00f1al\u00f3 una nota divulgada por Downing Street, residencia oficial del jefe del Gobierno brit\u00e1nico.<\/p>\n<p>Con todo la pompa de la \u00e9poca, Isabel II fue coronada el 2 de junio de 1953, un a\u00f1o despu\u00e9s de llegar al trono por la muerte de su padre, el rey Jorge VI, ocurrida el 6 de febrero de 1952.<\/p>\n<p>A ra\u00edz de los acontecimientos en Espa\u00f1a, el historiador brit\u00e1nico Hugo Vickers consider\u00f3 hoy que la abdicaci\u00f3n de Juan Carlos no tendr\u00e1 influencia en Isabel II pues \u00e9sta prometi\u00f3 servir a su pa\u00eds hasta su muerte.<\/p>\n<p>\u00abLa abdicaci\u00f3n puso a su padre en el trono, as\u00ed que la abdicaci\u00f3n es bastante impopular en la casa real\u00bb brit\u00e1nica, dijo Vickers, que insisti\u00f3 en que Isabel II \u00abno tiene que abdicar. Si algo va mal, puede tener un regente como Jorge III (1738-1820)\u00bb.<\/p>\n<p>\u00abPero por lo que yo s\u00e9, la reina &#8216;funciona a toda m\u00e1quina\u00bb, resalt\u00f3 el historiador sobre la aparente buena salud que disfruta la soberana brit\u00e1nica.<\/p>\n<p>El rey Jorge VI accedi\u00f3 al trono tras la abdicaci\u00f3n de su hermano, el rey Eduardo VIII en 1936.<\/p>\n<p>Con motivo de la abdicaci\u00f3n del rey Juan Carlos, el diario brit\u00e1nico \u00abThe Guardian\u00bb ha colgado en su p\u00e1gina digital una encuesta abierta para que la gente se pronuncie con un \u00abs\u00ed\u00bb o un \u00abno\u00bb sobre si la reina Isabel II deber\u00eda hacer lo mismo.<\/p>\n","protected":false},"excerpt":{"rendered":"<p>Londres, 2 jun (EFE).- El primer ministro brit\u00e1nico, David Cameron, expres\u00f3 el deseo de que la reina Isabel II de Inglaterra, de 88 a\u00f1os, tenga un \u00abfeliz reinado\u00bb cuando se celebran hoy los 61 a\u00f1os de su coronaci\u00f3n en la abad\u00eda de Westminster. El aniversario, que coincidi\u00f3 con el anuncio de abdicaci\u00f3n del rey Juan<\/p>\n","protected":false},"author":1,"featured_media":14782,"comment_status":"open","ping_status":"closed","sticky":false,"template":"","format":"standard","meta":{"footnotes":""},"categories":[224],"tags":[],"class_list":{"0":"post-14781","1":"post","2":"type-post","3":"status-publish","4":"format-standard","5":"has-post-thumbnail","7":"category-noticias-actualidad"},"aioseo_notices":[],"aioseo_head":"\n\t\t<!-- All in One SEO Pro 4.9.6.1 - aioseo.com -->\n\t<meta name=\"description\" content=\"Londres, 2 jun (EFE).- El primer ministro brit\u00e1nico, David Cameron, expres\u00f3 el deseo de que la reina Isabel II de Inglaterra, de 88 a\u00f1os, tenga un &quot;feliz reinado&quot; cuando se celebran hoy los 61 a\u00f1os de su coronaci\u00f3n en la abad\u00eda de Westminster. El aniversario, que coincidi\u00f3 con el anuncio de abdicaci\u00f3n del rey Juan\" \/>\n\t<meta name=\"robots\" content=\"max-image-preview:large\" \/>\n\t<meta name=\"author\" content=\"admin\"\/>\n\t<meta name=\"google-site-verification\" content=\"UA-38556648-1\" \/>\n\t<meta name=\"keywords\" content=\"noticias y actualidad\" \/>\n\t<link rel=\"canonical\" href=\"https:\/\/eldigitaldeasturias.com\/magazine365\/cameron-le-desea-a-isabel-ii-feliz-reinado-al-cumplir-61-anos-de-coronacion\/\" \/>\n\t<meta name=\"generator\" content=\"All in One SEO Pro (AIOSEO) 4.9.6.1\" \/>\n\t\t<meta property=\"og:locale\" content=\"es_ES\" \/>\n\t\t<meta property=\"og:site_name\" content=\"El Digital de Asturias \u2013 Revista de ocio, turismo y estilo de vida\" \/>\n\t\t<meta property=\"og:type\" content=\"article\" \/>\n\t\t<meta property=\"og:title\" content=\"Cameron le desea a Isabel II feliz reinado al cumplir 61 a\u00f1os de coronaci\u00f3n | El Digital de Asturias\" \/>\n\t\t<meta property=\"og:description\" content=\"Londres, 2 jun (EFE).- El primer ministro brit\u00e1nico, David Cameron, expres\u00f3 el deseo de que la reina Isabel II de Inglaterra, de 88 a\u00f1os, tenga un &quot;feliz reinado&quot; cuando se celebran hoy los 61 a\u00f1os de su coronaci\u00f3n en la abad\u00eda de Westminster. El aniversario, que coincidi\u00f3 con el anuncio de abdicaci\u00f3n del rey Juan\" \/>\n\t\t<meta property=\"og:url\" content=\"https:\/\/eldigitaldeasturias.com\/magazine365\/cameron-le-desea-a-isabel-ii-feliz-reinado-al-cumplir-61-anos-de-coronacion\/\" \/>\n\t\t<meta property=\"og:image\" content=\"https:\/\/eldigitaldeasturias.com\/magazine365\/wp-content\/uploads\/2014\/06\/6325390w.jpg\" \/>\n\t\t<meta property=\"og:image:secure_url\" content=\"https:\/\/eldigitaldeasturias.com\/magazine365\/wp-content\/uploads\/2014\/06\/6325390w.jpg\" \/>\n\t\t<meta property=\"og:image:width\" content=\"800\" \/>\n\t\t<meta property=\"og:image:height\" content=\"501\" \/>\n\t\t<meta property=\"article:published_time\" content=\"2014-06-02T16:27:10+00:00\" \/>\n\t\t<meta property=\"article:modified_time\" content=\"2014-06-02T16:27:10+00:00\" \/>\n\t\t<meta name=\"twitter:card\" content=\"summary_large_image\" \/>\n\t\t<meta name=\"twitter:title\" content=\"Cameron le desea a Isabel II feliz reinado al cumplir 61 a\u00f1os de coronaci\u00f3n | El Digital de Asturias\" \/>\n\t\t<meta name=\"twitter:description\" content=\"Londres, 2 jun (EFE).- El primer ministro brit\u00e1nico, David Cameron, expres\u00f3 el deseo de que la reina Isabel II de Inglaterra, de 88 a\u00f1os, tenga un &quot;feliz reinado&quot; cuando se celebran hoy los 61 a\u00f1os de su coronaci\u00f3n en la abad\u00eda de Westminster. El aniversario, que coincidi\u00f3 con el anuncio de abdicaci\u00f3n del rey Juan\" \/>\n\t\t<meta name=\"twitter:image\" content=\"https:\/\/eldigitaldeasturias.com\/magazine365\/wp-content\/uploads\/2014\/06\/6325390w.jpg\" \/>\n\t\t<script type=\"application\/ld+json\" class=\"aioseo-schema\">\n\t\t\t{\"@context\":\"https:\\\/\\\/schema.org\",\"@graph\":[{\"@type\":\"Article\",\"@id\":\"https:\\\/\\\/eldigitaldeasturias.com\\\/magazine365\\\/cameron-le-desea-a-isabel-ii-feliz-reinado-al-cumplir-61-anos-de-coronacion\\\/#article\",\"name\":\"Cameron le desea a Isabel II feliz reinado al cumplir 61 a\\u00f1os de coronaci\\u00f3n | El Digital de Asturias\",\"headline\":\"Cameron le desea a Isabel II feliz reinado al cumplir 61 a\\u00f1os de coronaci\\u00f3n\",\"author\":{\"@id\":\"https:\\\/\\\/eldigitaldeasturias.com\\\/magazine365\\\/author\\\/admin\\\/#author\"},\"publisher\":{\"@id\":\"https:\\\/\\\/eldigitaldeasturias.com\\\/magazine365\\\/#organization\"},\"image\":{\"@type\":\"ImageObject\",\"url\":\"https:\\\/\\\/eldigitaldeasturias.com\\\/magazine365\\\/wp-content\\\/uploads\\\/2014\\\/06\\\/6325390w.jpg\",\"width\":800,\"height\":501},\"datePublished\":\"2014-06-02T14:27:10+02:00\",\"dateModified\":\"2014-06-02T14:27:10+02:00\",\"inLanguage\":\"es-ES\",\"mainEntityOfPage\":{\"@id\":\"https:\\\/\\\/eldigitaldeasturias.com\\\/magazine365\\\/cameron-le-desea-a-isabel-ii-feliz-reinado-al-cumplir-61-anos-de-coronacion\\\/#webpage\"},\"isPartOf\":{\"@id\":\"https:\\\/\\\/eldigitaldeasturias.com\\\/magazine365\\\/cameron-le-desea-a-isabel-ii-feliz-reinado-al-cumplir-61-anos-de-coronacion\\\/#webpage\"},\"articleSection\":\"Noticias y Actualidad\"},{\"@type\":\"BreadcrumbList\",\"@id\":\"https:\\\/\\\/eldigitaldeasturias.com\\\/magazine365\\\/cameron-le-desea-a-isabel-ii-feliz-reinado-al-cumplir-61-anos-de-coronacion\\\/#breadcrumblist\",\"itemListElement\":[{\"@type\":\"ListItem\",\"@id\":\"https:\\\/\\\/eldigitaldeasturias.com\\\/magazine365#listItem\",\"position\":1,\"name\":\"Home\",\"item\":\"https:\\\/\\\/eldigitaldeasturias.com\\\/magazine365\",\"nextItem\":{\"@type\":\"ListItem\",\"@id\":\"https:\\\/\\\/eldigitaldeasturias.com\\\/magazine365\\\/category\\\/noticias-actualidad\\\/#listItem\",\"name\":\"Noticias y Actualidad\"}},{\"@type\":\"ListItem\",\"@id\":\"https:\\\/\\\/eldigitaldeasturias.com\\\/magazine365\\\/category\\\/noticias-actualidad\\\/#listItem\",\"position\":2,\"name\":\"Noticias y Actualidad\",\"item\":\"https:\\\/\\\/eldigitaldeasturias.com\\\/magazine365\\\/category\\\/noticias-actualidad\\\/\",\"nextItem\":{\"@type\":\"ListItem\",\"@id\":\"https:\\\/\\\/eldigitaldeasturias.com\\\/magazine365\\\/cameron-le-desea-a-isabel-ii-feliz-reinado-al-cumplir-61-anos-de-coronacion\\\/#listItem\",\"name\":\"Cameron le desea a Isabel II feliz reinado al cumplir 61 a\\u00f1os de coronaci\\u00f3n\"},\"previousItem\":{\"@type\":\"ListItem\",\"@id\":\"https:\\\/\\\/eldigitaldeasturias.com\\\/magazine365#listItem\",\"name\":\"Home\"}},{\"@type\":\"ListItem\",\"@id\":\"https:\\\/\\\/eldigitaldeasturias.com\\\/magazine365\\\/cameron-le-desea-a-isabel-ii-feliz-reinado-al-cumplir-61-anos-de-coronacion\\\/#listItem\",\"position\":3,\"name\":\"Cameron le desea a Isabel II feliz reinado al cumplir 61 a\\u00f1os de coronaci\\u00f3n\",\"previousItem\":{\"@type\":\"ListItem\",\"@id\":\"https:\\\/\\\/eldigitaldeasturias.com\\\/magazine365\\\/category\\\/noticias-actualidad\\\/#listItem\",\"name\":\"Noticias y Actualidad\"}}]},{\"@type\":\"Organization\",\"@id\":\"https:\\\/\\\/eldigitaldeasturias.com\\\/magazine365\\\/#organization\",\"name\":\"El digital de Asturias\",\"description\":\"Revista de ocio, turismo y estilo de vida\",\"url\":\"https:\\\/\\\/eldigitaldeasturias.com\\\/magazine365\\\/\",\"logo\":{\"@type\":\"ImageObject\",\"url\":\"https:\\\/\\\/www.eldigitaldeasturias.com\\\/noticias\\\/wp-content\\\/uploads\\\/2020\\\/12\\\/EDA.jpg\",\"@id\":\"https:\\\/\\\/eldigitaldeasturias.com\\\/magazine365\\\/cameron-le-desea-a-isabel-ii-feliz-reinado-al-cumplir-61-anos-de-coronacion\\\/#organizationLogo\"},\"image\":{\"@id\":\"https:\\\/\\\/eldigitaldeasturias.com\\\/magazine365\\\/cameron-le-desea-a-isabel-ii-feliz-reinado-al-cumplir-61-anos-de-coronacion\\\/#organizationLogo\"}},{\"@type\":\"Person\",\"@id\":\"https:\\\/\\\/eldigitaldeasturias.com\\\/magazine365\\\/author\\\/admin\\\/#author\",\"url\":\"https:\\\/\\\/eldigitaldeasturias.com\\\/magazine365\\\/author\\\/admin\\\/\",\"name\":\"admin\",\"image\":{\"@type\":\"ImageObject\",\"@id\":\"https:\\\/\\\/eldigitaldeasturias.com\\\/magazine365\\\/cameron-le-desea-a-isabel-ii-feliz-reinado-al-cumplir-61-anos-de-coronacion\\\/#authorImage\",\"url\":\"https:\\\/\\\/eldigitaldeasturias.com\\\/magazine365\\\/wp-content\\\/litespeed\\\/avatar\\\/e571bcf59a0edd6fa6838245a470f2fe.jpg?ver=1777574230\",\"width\":96,\"height\":96,\"caption\":\"admin\"}},{\"@type\":\"WebPage\",\"@id\":\"https:\\\/\\\/eldigitaldeasturias.com\\\/magazine365\\\/cameron-le-desea-a-isabel-ii-feliz-reinado-al-cumplir-61-anos-de-coronacion\\\/#webpage\",\"url\":\"https:\\\/\\\/eldigitaldeasturias.com\\\/magazine365\\\/cameron-le-desea-a-isabel-ii-feliz-reinado-al-cumplir-61-anos-de-coronacion\\\/\",\"name\":\"Cameron le desea a Isabel II feliz reinado al cumplir 61 a\\u00f1os de coronaci\\u00f3n | El Digital de Asturias\",\"description\":\"Londres, 2 jun (EFE).- El primer ministro brit\\u00e1nico, David Cameron, expres\\u00f3 el deseo de que la reina Isabel II de Inglaterra, de 88 a\\u00f1os, tenga un \\\"feliz reinado\\\" cuando se celebran hoy los 61 a\\u00f1os de su coronaci\\u00f3n en la abad\\u00eda de Westminster. El aniversario, que coincidi\\u00f3 con el anuncio de abdicaci\\u00f3n del rey Juan\",\"inLanguage\":\"es-ES\",\"isPartOf\":{\"@id\":\"https:\\\/\\\/eldigitaldeasturias.com\\\/magazine365\\\/#website\"},\"breadcrumb\":{\"@id\":\"https:\\\/\\\/eldigitaldeasturias.com\\\/magazine365\\\/cameron-le-desea-a-isabel-ii-feliz-reinado-al-cumplir-61-anos-de-coronacion\\\/#breadcrumblist\"},\"author\":{\"@id\":\"https:\\\/\\\/eldigitaldeasturias.com\\\/magazine365\\\/author\\\/admin\\\/#author\"},\"creator\":{\"@id\":\"https:\\\/\\\/eldigitaldeasturias.com\\\/magazine365\\\/author\\\/admin\\\/#author\"},\"image\":{\"@type\":\"ImageObject\",\"url\":\"https:\\\/\\\/eldigitaldeasturias.com\\\/magazine365\\\/wp-content\\\/uploads\\\/2014\\\/06\\\/6325390w.jpg\",\"@id\":\"https:\\\/\\\/eldigitaldeasturias.com\\\/magazine365\\\/cameron-le-desea-a-isabel-ii-feliz-reinado-al-cumplir-61-anos-de-coronacion\\\/#mainImage\",\"width\":800,\"height\":501},\"primaryImageOfPage\":{\"@id\":\"https:\\\/\\\/eldigitaldeasturias.com\\\/magazine365\\\/cameron-le-desea-a-isabel-ii-feliz-reinado-al-cumplir-61-anos-de-coronacion\\\/#mainImage\"},\"datePublished\":\"2014-06-02T14:27:10+02:00\",\"dateModified\":\"2014-06-02T14:27:10+02:00\"},{\"@type\":\"WebSite\",\"@id\":\"https:\\\/\\\/eldigitaldeasturias.com\\\/magazine365\\\/#website\",\"url\":\"https:\\\/\\\/eldigitaldeasturias.com\\\/magazine365\\\/\",\"name\":\"El Digital de Asturias\",\"description\":\"Revista de ocio, turismo y estilo de vida\",\"inLanguage\":\"es-ES\",\"publisher\":{\"@id\":\"https:\\\/\\\/eldigitaldeasturias.com\\\/magazine365\\\/#organization\"}}]}\n\t\t<\/script>\n\t\t<!-- All in One SEO Pro -->\r\n\t\t<title>Cameron le desea a Isabel II feliz reinado al cumplir 61 a\u00f1os de coronaci\u00f3n | El Digital de Asturias<\/title>\n\n","aioseo_head_json":{"title":"Cameron le desea a Isabel II feliz reinado al cumplir 61 a\u00f1os de coronaci\u00f3n | El Digital de Asturias","description":"Londres, 2 jun (EFE).- El primer ministro brit\u00e1nico, David Cameron, expres\u00f3 el deseo de que la reina Isabel II de Inglaterra, de 88 a\u00f1os, tenga un \"feliz reinado\" cuando se celebran hoy los 61 a\u00f1os de su coronaci\u00f3n en la abad\u00eda de Westminster. El aniversario, que coincidi\u00f3 con el anuncio de abdicaci\u00f3n del rey Juan","canonical_url":"https:\/\/eldigitaldeasturias.com\/magazine365\/cameron-le-desea-a-isabel-ii-feliz-reinado-al-cumplir-61-anos-de-coronacion\/","robots":"max-image-preview:large","keywords":"noticias y actualidad","webmasterTools":{"google-site-verification":"UA-38556648-1","miscellaneous":""},"schema":{"@context":"https:\/\/schema.org","@graph":[{"@type":"Article","@id":"https:\/\/eldigitaldeasturias.com\/magazine365\/cameron-le-desea-a-isabel-ii-feliz-reinado-al-cumplir-61-anos-de-coronacion\/#article","name":"Cameron le desea a Isabel II feliz reinado al cumplir 61 a\u00f1os de coronaci\u00f3n | El Digital de Asturias","headline":"Cameron le desea a Isabel II feliz reinado al cumplir 61 a\u00f1os de coronaci\u00f3n","author":{"@id":"https:\/\/eldigitaldeasturias.com\/magazine365\/author\/admin\/#author"},"publisher":{"@id":"https:\/\/eldigitaldeasturias.com\/magazine365\/#organization"},"image":{"@type":"ImageObject","url":"https:\/\/eldigitaldeasturias.com\/magazine365\/wp-content\/uploads\/2014\/06\/6325390w.jpg","width":800,"height":501},"datePublished":"2014-06-02T14:27:10+02:00","dateModified":"2014-06-02T14:27:10+02:00","inLanguage":"es-ES","mainEntityOfPage":{"@id":"https:\/\/eldigitaldeasturias.com\/magazine365\/cameron-le-desea-a-isabel-ii-feliz-reinado-al-cumplir-61-anos-de-coronacion\/#webpage"},"isPartOf":{"@id":"https:\/\/eldigitaldeasturias.com\/magazine365\/cameron-le-desea-a-isabel-ii-feliz-reinado-al-cumplir-61-anos-de-coronacion\/#webpage"},"articleSection":"Noticias y Actualidad"},{"@type":"BreadcrumbList","@id":"https:\/\/eldigitaldeasturias.com\/magazine365\/cameron-le-desea-a-isabel-ii-feliz-reinado-al-cumplir-61-anos-de-coronacion\/#breadcrumblist","itemListElement":[{"@type":"ListItem","@id":"https:\/\/eldigitaldeasturias.com\/magazine365#listItem","position":1,"name":"Home","item":"https:\/\/eldigitaldeasturias.com\/magazine365","nextItem":{"@type":"ListItem","@id":"https:\/\/eldigitaldeasturias.com\/magazine365\/category\/noticias-actualidad\/#listItem","name":"Noticias y Actualidad"}},{"@type":"ListItem","@id":"https:\/\/eldigitaldeasturias.com\/magazine365\/category\/noticias-actualidad\/#listItem","position":2,"name":"Noticias y Actualidad","item":"https:\/\/eldigitaldeasturias.com\/magazine365\/category\/noticias-actualidad\/","nextItem":{"@type":"ListItem","@id":"https:\/\/eldigitaldeasturias.com\/magazine365\/cameron-le-desea-a-isabel-ii-feliz-reinado-al-cumplir-61-anos-de-coronacion\/#listItem","name":"Cameron le desea a Isabel II feliz reinado al cumplir 61 a\u00f1os de coronaci\u00f3n"},"previousItem":{"@type":"ListItem","@id":"https:\/\/eldigitaldeasturias.com\/magazine365#listItem","name":"Home"}},{"@type":"ListItem","@id":"https:\/\/eldigitaldeasturias.com\/magazine365\/cameron-le-desea-a-isabel-ii-feliz-reinado-al-cumplir-61-anos-de-coronacion\/#listItem","position":3,"name":"Cameron le desea a Isabel II feliz reinado al cumplir 61 a\u00f1os de coronaci\u00f3n","previousItem":{"@type":"ListItem","@id":"https:\/\/eldigitaldeasturias.com\/magazine365\/category\/noticias-actualidad\/#listItem","name":"Noticias y Actualidad"}}]},{"@type":"Organization","@id":"https:\/\/eldigitaldeasturias.com\/magazine365\/#organization","name":"El digital de Asturias","description":"Revista de ocio, turismo y estilo de vida","url":"https:\/\/eldigitaldeasturias.com\/magazine365\/","logo":{"@type":"ImageObject","url":"https:\/\/www.eldigitaldeasturias.com\/noticias\/wp-content\/uploads\/2020\/12\/EDA.jpg","@id":"https:\/\/eldigitaldeasturias.com\/magazine365\/cameron-le-desea-a-isabel-ii-feliz-reinado-al-cumplir-61-anos-de-coronacion\/#organizationLogo"},"image":{"@id":"https:\/\/eldigitaldeasturias.com\/magazine365\/cameron-le-desea-a-isabel-ii-feliz-reinado-al-cumplir-61-anos-de-coronacion\/#organizationLogo"}},{"@type":"Person","@id":"https:\/\/eldigitaldeasturias.com\/magazine365\/author\/admin\/#author","url":"https:\/\/eldigitaldeasturias.com\/magazine365\/author\/admin\/","name":"admin","image":{"@type":"ImageObject","@id":"https:\/\/eldigitaldeasturias.com\/magazine365\/cameron-le-desea-a-isabel-ii-feliz-reinado-al-cumplir-61-anos-de-coronacion\/#authorImage","url":"https:\/\/eldigitaldeasturias.com\/magazine365\/wp-content\/litespeed\/avatar\/e571bcf59a0edd6fa6838245a470f2fe.jpg?ver=1777574230","width":96,"height":96,"caption":"admin"}},{"@type":"WebPage","@id":"https:\/\/eldigitaldeasturias.com\/magazine365\/cameron-le-desea-a-isabel-ii-feliz-reinado-al-cumplir-61-anos-de-coronacion\/#webpage","url":"https:\/\/eldigitaldeasturias.com\/magazine365\/cameron-le-desea-a-isabel-ii-feliz-reinado-al-cumplir-61-anos-de-coronacion\/","name":"Cameron le desea a Isabel II feliz reinado al cumplir 61 a\u00f1os de coronaci\u00f3n | El Digital de Asturias","description":"Londres, 2 jun (EFE).- El primer ministro brit\u00e1nico, David Cameron, expres\u00f3 el deseo de que la reina Isabel II de Inglaterra, de 88 a\u00f1os, tenga un \"feliz reinado\" cuando se celebran hoy los 61 a\u00f1os de su coronaci\u00f3n en la abad\u00eda de Westminster. El aniversario, que coincidi\u00f3 con el anuncio de abdicaci\u00f3n del rey Juan","inLanguage":"es-ES","isPartOf":{"@id":"https:\/\/eldigitaldeasturias.com\/magazine365\/#website"},"breadcrumb":{"@id":"https:\/\/eldigitaldeasturias.com\/magazine365\/cameron-le-desea-a-isabel-ii-feliz-reinado-al-cumplir-61-anos-de-coronacion\/#breadcrumblist"},"author":{"@id":"https:\/\/eldigitaldeasturias.com\/magazine365\/author\/admin\/#author"},"creator":{"@id":"https:\/\/eldigitaldeasturias.com\/magazine365\/author\/admin\/#author"},"image":{"@type":"ImageObject","url":"https:\/\/eldigitaldeasturias.com\/magazine365\/wp-content\/uploads\/2014\/06\/6325390w.jpg","@id":"https:\/\/eldigitaldeasturias.com\/magazine365\/cameron-le-desea-a-isabel-ii-feliz-reinado-al-cumplir-61-anos-de-coronacion\/#mainImage","width":800,"height":501},"primaryImageOfPage":{"@id":"https:\/\/eldigitaldeasturias.com\/magazine365\/cameron-le-desea-a-isabel-ii-feliz-reinado-al-cumplir-61-anos-de-coronacion\/#mainImage"},"datePublished":"2014-06-02T14:27:10+02:00","dateModified":"2014-06-02T14:27:10+02:00"},{"@type":"WebSite","@id":"https:\/\/eldigitaldeasturias.com\/magazine365\/#website","url":"https:\/\/eldigitaldeasturias.com\/magazine365\/","name":"El Digital de Asturias","description":"Revista de ocio, turismo y estilo de vida","inLanguage":"es-ES","publisher":{"@id":"https:\/\/eldigitaldeasturias.com\/magazine365\/#organization"}}]},"og:locale":"es_ES","og:site_name":"El Digital de Asturias \u2013 Revista de ocio, turismo y estilo de vida","og:type":"article","og:title":"Cameron le desea a Isabel II feliz reinado al cumplir 61 a\u00f1os de coronaci\u00f3n | El Digital de Asturias","og:description":"Londres, 2 jun (EFE).- El primer ministro brit\u00e1nico, David Cameron, expres\u00f3 el deseo de que la reina Isabel II de Inglaterra, de 88 a\u00f1os, tenga un &quot;feliz reinado&quot; cuando se celebran hoy los 61 a\u00f1os de su coronaci\u00f3n en la abad\u00eda de Westminster. El aniversario, que coincidi\u00f3 con el anuncio de abdicaci\u00f3n del rey Juan","og:url":"https:\/\/eldigitaldeasturias.com\/magazine365\/cameron-le-desea-a-isabel-ii-feliz-reinado-al-cumplir-61-anos-de-coronacion\/","og:image":"https:\/\/eldigitaldeasturias.com\/magazine365\/wp-content\/uploads\/2014\/06\/6325390w.jpg","og:image:secure_url":"https:\/\/eldigitaldeasturias.com\/magazine365\/wp-content\/uploads\/2014\/06\/6325390w.jpg","og:image:width":800,"og:image:height":501,"article:published_time":"2014-06-02T16:27:10+00:00","article:modified_time":"2014-06-02T16:27:10+00:00","twitter:card":"summary_large_image","twitter:title":"Cameron le desea a Isabel II feliz reinado al cumplir 61 a\u00f1os de coronaci\u00f3n | El Digital de Asturias","twitter:description":"Londres, 2 jun (EFE).- El primer ministro brit\u00e1nico, David Cameron, expres\u00f3 el deseo de que la reina Isabel II de Inglaterra, de 88 a\u00f1os, tenga un &quot;feliz reinado&quot; cuando se celebran hoy los 61 a\u00f1os de su coronaci\u00f3n en la abad\u00eda de Westminster. El aniversario, que coincidi\u00f3 con el anuncio de abdicaci\u00f3n del rey Juan","twitter:image":"https:\/\/eldigitaldeasturias.com\/magazine365\/wp-content\/uploads\/2014\/06\/6325390w.jpg"},"aioseo_meta_data":{"post_id":"14781","title":null,"description":null,"keywords":null,"keyphrases":null,"primary_term":null,"canonical_url":null,"og_title":null,"og_description":null,"og_object_type":"default","og_image_type":"default","og_image_url":null,"og_image_width":null,"og_image_height":null,"og_image_custom_url":null,"og_image_custom_fields":null,"og_video":null,"og_custom_url":null,"og_article_section":null,"og_article_tags":null,"twitter_use_og":false,"twitter_card":"default","twitter_image_type":"default","twitter_image_url":null,"twitter_image_custom_url":null,"twitter_image_custom_fields":null,"twitter_title":null,"twitter_description":null,"schema":{"blockGraphs":[],"customGraphs":[],"default":{"data":{"Article":[],"Course":[],"Dataset":[],"FAQPage":[],"Movie":[],"Person":[],"Product":[],"ProductReview":[],"Car":[],"Recipe":[],"Service":[],"SoftwareApplication":[],"WebPage":[]},"graphName":"","isEnabled":true},"graphs":[],"defaultGraph":"","defaultPostTypeGraph":""},"schema_type":null,"schema_type_options":null,"pillar_content":false,"robots_default":true,"robots_noindex":false,"robots_noarchive":false,"robots_nosnippet":false,"robots_nofollow":false,"robots_noimageindex":false,"robots_noodp":false,"robots_notranslate":false,"robots_max_snippet":null,"robots_max_videopreview":null,"robots_max_imagepreview":"large","priority":null,"frequency":null,"location":null,"local_seo":null,"seo_analyzer_scan_date":"2025-09-17 10:47:12","breadcrumb_settings":null,"limit_modified_date":false,"open_ai":null,"ai":null,"created":"2021-03-09 08:10:42","updated":"2025-09-17 10:47:12"},"aioseo_breadcrumb":"<div class=\"aioseo-breadcrumbs\"><span class=\"aioseo-breadcrumb\">\n\t<a href=\"https:\/\/eldigitaldeasturias.com\/magazine365\" title=\"Home\">Home<\/a>\n<\/span><span class=\"aioseo-breadcrumb-separator\">\u2013<\/span><span class=\"aioseo-breadcrumb\">\n\t<a href=\"https:\/\/eldigitaldeasturias.com\/magazine365\/category\/noticias-actualidad\/\" title=\"Noticias y Actualidad\">Noticias y Actualidad<\/a>\n<\/span><span class=\"aioseo-breadcrumb-separator\">\u2013<\/span><span class=\"aioseo-breadcrumb\">\n\t<a href=\"https:\/\/eldigitaldeasturias.com\/magazine365\/cameron-le-desea-a-isabel-ii-feliz-reinado-al-cumplir-61-anos-de-coronacion\/\" title=\"Cameron le desea a Isabel II feliz reinado al cumplir 61 a\u00f1os de coronaci\u00f3n\">Cameron le desea a Isabel II feliz reinado al cumplir 61 a\u00f1os de coronaci\u00f3n<\/a>\n<\/span><\/div>","aioseo_breadcrumb_json":[{"label":"Home","link":"https:\/\/eldigitaldeasturias.com\/magazine365"},{"label":"Noticias y Actualidad","link":"https:\/\/eldigitaldeasturias.com\/magazine365\/category\/noticias-actualidad\/"},{"label":"Cameron le desea a Isabel II feliz reinado al cumplir 61 a\u00f1os de coronaci\u00f3n","link":"https:\/\/eldigitaldeasturias.com\/magazine365\/cameron-le-desea-a-isabel-ii-feliz-reinado-al-cumplir-61-anos-de-coronacion\/"}],"_links":{"self":[{"href":"https:\/\/eldigitaldeasturias.com\/magazine365\/wp-json\/wp\/v2\/posts\/14781","targetHints":{"allow":["GET"]}}],"collection":[{"href":"https:\/\/eldigitaldeasturias.com\/magazine365\/wp-json\/wp\/v2\/posts"}],"about":[{"href":"https:\/\/eldigitaldeasturias.com\/magazine365\/wp-json\/wp\/v2\/types\/post"}],"author":[{"embeddable":true,"href":"https:\/\/eldigitaldeasturias.com\/magazine365\/wp-json\/wp\/v2\/users\/1"}],"replies":[{"embeddable":true,"href":"https:\/\/eldigitaldeasturias.com\/magazine365\/wp-json\/wp\/v2\/comments?post=14781"}],"version-history":[{"count":0,"href":"https:\/\/eldigitaldeasturias.com\/magazine365\/wp-json\/wp\/v2\/posts\/14781\/revisions"}],"wp:featuredmedia":[{"embeddable":true,"href":"https:\/\/eldigitaldeasturias.com\/magazine365\/wp-json\/wp\/v2\/media\/14782"}],"wp:attachment":[{"href":"https:\/\/eldigitaldeasturias.com\/magazine365\/wp-json\/wp\/v2\/media?parent=14781"}],"wp:term":[{"taxonomy":"category","embeddable":true,"href":"https:\/\/eldigitaldeasturias.com\/magazine365\/wp-json\/wp\/v2\/categories?post=14781"},{"taxonomy":"post_tag","embeddable":true,"href":"https:\/\/eldigitaldeasturias.com\/magazine365\/wp-json\/wp\/v2\/tags?post=14781"}],"curies":[{"name":"wp","href":"https:\/\/api.w.org\/{rel}","templated":true}]}}