{"id":14778,"date":"2014-06-02T14:25:23","date_gmt":"2014-06-02T16:25:23","guid":{"rendered":"http:\/\/eldigitaldeasturias.com\/magazine365\/?p=14778"},"modified":"2014-06-02T14:25:23","modified_gmt":"2014-06-02T16:25:23","slug":"dominguez-carrera-y-verino-finalistas-gallegos-al-premio-nacional-de-moda","status":"publish","type":"post","link":"https:\/\/eldigitaldeasturias.com\/magazine365\/dominguez-carrera-y-verino-finalistas-gallegos-al-premio-nacional-de-moda\/","title":{"rendered":"Dom\u00ednguez, Carrera y Verino, finalistas gallegos al premio nacional de moda"},"content":{"rendered":"<p><img fetchpriority=\"high\" decoding=\"async\" class=\"alignleft size-medium wp-image-14779\" alt=\"6325167w\" src=\"https:\/\/eldigitaldeasturias.com\/magazine365\/wp-content\/uploads\/2014\/06\/6325167w-360x270.jpg\" width=\"360\" height=\"270\" \/>Santiago de Compostela, 2 jun (EFE).- Adolfo Dom\u00ednguez, Pili Carrera y Roberto Verino han sido designados como finalistas para la primera edici\u00f3n de los Premios de la Moda instituidos por el Ministerio de Industria, Energ\u00eda y Turismo.<\/p>\n<p>La Confederaci\u00f3n de Industrias Textiles de Galicia (COINTEGA) inform\u00f3 en un comunicado de que a la convocatoria se hab\u00edan presentado 71 candidaturas, que fueron analizadas por un comit\u00e9 t\u00e9cnico formado por profesionales del sector.<\/p>\n<p>En la selecci\u00f3n han valorado aspectos como la calidad, creatividad, adaptaci\u00f3n al mercado, capacidad de innovaci\u00f3n o internacionalizaci\u00f3n, as\u00ed como su contribuci\u00f3n al desarrollo de la industria de la moda en Espa\u00f1a.<\/p>\n<p>Para Cointega, la elecci\u00f3n de finalistas, todos ellos gallegos, supone \u00abun importante respaldo al modelo de negocio seguro por las empresas gallegas del sector, donde siempre ha existido una preocupaci\u00f3n por crear s\u00f3lidas estructuras empresariales desde las que explotar todo el potencial creativo de los dise\u00f1adores\u00bb.<\/p>\n","protected":false},"excerpt":{"rendered":"<p>Santiago de Compostela, 2 jun (EFE).- Adolfo Dom\u00ednguez, Pili Carrera y Roberto Verino han sido designados como finalistas para la primera edici\u00f3n de los Premios de la Moda instituidos por el Ministerio de Industria, Energ\u00eda y Turismo. La Confederaci\u00f3n de Industrias Textiles de Galicia (COINTEGA) inform\u00f3 en un comunicado de que a la convocatoria se<\/p>\n","protected":false},"author":1,"featured_media":14779,"comment_status":"open","ping_status":"closed","sticky":false,"template":"","format":"standard","meta":{"footnotes":""},"categories":[224],"tags":[],"class_list":{"0":"post-14778","1":"post","2":"type-post","3":"status-publish","4":"format-standard","5":"has-post-thumbnail","7":"category-noticias-actualidad"},"aioseo_notices":[],"aioseo_head":"\n\t\t<!-- All in One SEO Pro 4.9.6.1 - aioseo.com -->\n\t<meta name=\"description\" content=\"Santiago de Compostela, 2 jun (EFE).- Adolfo Dom\u00ednguez, Pili Carrera y Roberto Verino han sido designados como finalistas para la primera edici\u00f3n de los Premios de la Moda instituidos por el Ministerio de Industria, Energ\u00eda y Turismo. La Confederaci\u00f3n de Industrias Textiles de Galicia (COINTEGA) inform\u00f3 en un comunicado de que a la convocatoria se\" \/>\n\t<meta name=\"robots\" content=\"max-image-preview:large\" \/>\n\t<meta name=\"author\" content=\"admin\"\/>\n\t<meta name=\"google-site-verification\" content=\"UA-38556648-1\" \/>\n\t<meta name=\"keywords\" content=\"noticias y actualidad\" \/>\n\t<link rel=\"canonical\" href=\"https:\/\/eldigitaldeasturias.com\/magazine365\/dominguez-carrera-y-verino-finalistas-gallegos-al-premio-nacional-de-moda\/\" \/>\n\t<meta name=\"generator\" content=\"All in One SEO Pro (AIOSEO) 4.9.6.1\" \/>\n\t\t<meta property=\"og:locale\" content=\"es_ES\" \/>\n\t\t<meta property=\"og:site_name\" content=\"El Digital de Asturias \u2013 Revista de ocio, turismo y estilo de vida\" \/>\n\t\t<meta property=\"og:type\" content=\"article\" \/>\n\t\t<meta property=\"og:title\" content=\"Dom\u00ednguez, Carrera y Verino, finalistas gallegos al premio nacional de moda | El Digital de Asturias\" \/>\n\t\t<meta property=\"og:description\" content=\"Santiago de Compostela, 2 jun (EFE).- Adolfo Dom\u00ednguez, Pili Carrera y Roberto Verino han sido designados como finalistas para la primera edici\u00f3n de los Premios de la Moda instituidos por el Ministerio de Industria, Energ\u00eda y Turismo. La Confederaci\u00f3n de Industrias Textiles de Galicia (COINTEGA) inform\u00f3 en un comunicado de que a la convocatoria se\" \/>\n\t\t<meta property=\"og:url\" content=\"https:\/\/eldigitaldeasturias.com\/magazine365\/dominguez-carrera-y-verino-finalistas-gallegos-al-premio-nacional-de-moda\/\" \/>\n\t\t<meta property=\"og:image\" content=\"https:\/\/eldigitaldeasturias.com\/magazine365\/wp-content\/uploads\/2014\/06\/6325167w.jpg\" \/>\n\t\t<meta property=\"og:image:secure_url\" content=\"https:\/\/eldigitaldeasturias.com\/magazine365\/wp-content\/uploads\/2014\/06\/6325167w.jpg\" \/>\n\t\t<meta property=\"og:image:width\" content=\"800\" \/>\n\t\t<meta property=\"og:image:height\" content=\"602\" \/>\n\t\t<meta property=\"article:published_time\" content=\"2014-06-02T16:25:23+00:00\" \/>\n\t\t<meta property=\"article:modified_time\" content=\"2014-06-02T16:25:23+00:00\" \/>\n\t\t<meta name=\"twitter:card\" content=\"summary_large_image\" \/>\n\t\t<meta name=\"twitter:title\" content=\"Dom\u00ednguez, Carrera y Verino, finalistas gallegos al premio nacional de moda | El Digital de Asturias\" \/>\n\t\t<meta name=\"twitter:description\" content=\"Santiago de Compostela, 2 jun (EFE).- Adolfo Dom\u00ednguez, Pili Carrera y Roberto Verino han sido designados como finalistas para la primera edici\u00f3n de los Premios de la Moda instituidos por el Ministerio de Industria, Energ\u00eda y Turismo. La Confederaci\u00f3n de Industrias Textiles de Galicia (COINTEGA) inform\u00f3 en un comunicado de que a la convocatoria se\" \/>\n\t\t<meta name=\"twitter:image\" content=\"https:\/\/eldigitaldeasturias.com\/magazine365\/wp-content\/uploads\/2014\/06\/6325167w.jpg\" \/>\n\t\t<script type=\"application\/ld+json\" class=\"aioseo-schema\">\n\t\t\t{\"@context\":\"https:\\\/\\\/schema.org\",\"@graph\":[{\"@type\":\"Article\",\"@id\":\"https:\\\/\\\/eldigitaldeasturias.com\\\/magazine365\\\/dominguez-carrera-y-verino-finalistas-gallegos-al-premio-nacional-de-moda\\\/#article\",\"name\":\"Dom\\u00ednguez, Carrera y Verino, finalistas gallegos al premio nacional de moda | El Digital de Asturias\",\"headline\":\"Dom\\u00ednguez, Carrera y Verino, finalistas gallegos al premio nacional de moda\",\"author\":{\"@id\":\"https:\\\/\\\/eldigitaldeasturias.com\\\/magazine365\\\/author\\\/admin\\\/#author\"},\"publisher\":{\"@id\":\"https:\\\/\\\/eldigitaldeasturias.com\\\/magazine365\\\/#organization\"},\"image\":{\"@type\":\"ImageObject\",\"url\":\"https:\\\/\\\/eldigitaldeasturias.com\\\/magazine365\\\/wp-content\\\/uploads\\\/2014\\\/06\\\/6325167w.jpg\",\"width\":800,\"height\":602},\"datePublished\":\"2014-06-02T14:25:23+02:00\",\"dateModified\":\"2014-06-02T14:25:23+02:00\",\"inLanguage\":\"es-ES\",\"mainEntityOfPage\":{\"@id\":\"https:\\\/\\\/eldigitaldeasturias.com\\\/magazine365\\\/dominguez-carrera-y-verino-finalistas-gallegos-al-premio-nacional-de-moda\\\/#webpage\"},\"isPartOf\":{\"@id\":\"https:\\\/\\\/eldigitaldeasturias.com\\\/magazine365\\\/dominguez-carrera-y-verino-finalistas-gallegos-al-premio-nacional-de-moda\\\/#webpage\"},\"articleSection\":\"Noticias y Actualidad\"},{\"@type\":\"BreadcrumbList\",\"@id\":\"https:\\\/\\\/eldigitaldeasturias.com\\\/magazine365\\\/dominguez-carrera-y-verino-finalistas-gallegos-al-premio-nacional-de-moda\\\/#breadcrumblist\",\"itemListElement\":[{\"@type\":\"ListItem\",\"@id\":\"https:\\\/\\\/eldigitaldeasturias.com\\\/magazine365#listItem\",\"position\":1,\"name\":\"Home\",\"item\":\"https:\\\/\\\/eldigitaldeasturias.com\\\/magazine365\",\"nextItem\":{\"@type\":\"ListItem\",\"@id\":\"https:\\\/\\\/eldigitaldeasturias.com\\\/magazine365\\\/category\\\/noticias-actualidad\\\/#listItem\",\"name\":\"Noticias y Actualidad\"}},{\"@type\":\"ListItem\",\"@id\":\"https:\\\/\\\/eldigitaldeasturias.com\\\/magazine365\\\/category\\\/noticias-actualidad\\\/#listItem\",\"position\":2,\"name\":\"Noticias y Actualidad\",\"item\":\"https:\\\/\\\/eldigitaldeasturias.com\\\/magazine365\\\/category\\\/noticias-actualidad\\\/\",\"nextItem\":{\"@type\":\"ListItem\",\"@id\":\"https:\\\/\\\/eldigitaldeasturias.com\\\/magazine365\\\/dominguez-carrera-y-verino-finalistas-gallegos-al-premio-nacional-de-moda\\\/#listItem\",\"name\":\"Dom\\u00ednguez, Carrera y Verino, finalistas gallegos al premio nacional de moda\"},\"previousItem\":{\"@type\":\"ListItem\",\"@id\":\"https:\\\/\\\/eldigitaldeasturias.com\\\/magazine365#listItem\",\"name\":\"Home\"}},{\"@type\":\"ListItem\",\"@id\":\"https:\\\/\\\/eldigitaldeasturias.com\\\/magazine365\\\/dominguez-carrera-y-verino-finalistas-gallegos-al-premio-nacional-de-moda\\\/#listItem\",\"position\":3,\"name\":\"Dom\\u00ednguez, Carrera y Verino, finalistas gallegos al premio nacional de moda\",\"previousItem\":{\"@type\":\"ListItem\",\"@id\":\"https:\\\/\\\/eldigitaldeasturias.com\\\/magazine365\\\/category\\\/noticias-actualidad\\\/#listItem\",\"name\":\"Noticias y Actualidad\"}}]},{\"@type\":\"Organization\",\"@id\":\"https:\\\/\\\/eldigitaldeasturias.com\\\/magazine365\\\/#organization\",\"name\":\"El digital de Asturias\",\"description\":\"Revista de ocio, turismo y estilo de vida\",\"url\":\"https:\\\/\\\/eldigitaldeasturias.com\\\/magazine365\\\/\",\"logo\":{\"@type\":\"ImageObject\",\"url\":\"https:\\\/\\\/www.eldigitaldeasturias.com\\\/noticias\\\/wp-content\\\/uploads\\\/2020\\\/12\\\/EDA.jpg\",\"@id\":\"https:\\\/\\\/eldigitaldeasturias.com\\\/magazine365\\\/dominguez-carrera-y-verino-finalistas-gallegos-al-premio-nacional-de-moda\\\/#organizationLogo\"},\"image\":{\"@id\":\"https:\\\/\\\/eldigitaldeasturias.com\\\/magazine365\\\/dominguez-carrera-y-verino-finalistas-gallegos-al-premio-nacional-de-moda\\\/#organizationLogo\"}},{\"@type\":\"Person\",\"@id\":\"https:\\\/\\\/eldigitaldeasturias.com\\\/magazine365\\\/author\\\/admin\\\/#author\",\"url\":\"https:\\\/\\\/eldigitaldeasturias.com\\\/magazine365\\\/author\\\/admin\\\/\",\"name\":\"admin\",\"image\":{\"@type\":\"ImageObject\",\"@id\":\"https:\\\/\\\/eldigitaldeasturias.com\\\/magazine365\\\/dominguez-carrera-y-verino-finalistas-gallegos-al-premio-nacional-de-moda\\\/#authorImage\",\"url\":\"https:\\\/\\\/eldigitaldeasturias.com\\\/magazine365\\\/wp-content\\\/litespeed\\\/avatar\\\/e571bcf59a0edd6fa6838245a470f2fe.jpg?ver=1777574230\",\"width\":96,\"height\":96,\"caption\":\"admin\"}},{\"@type\":\"WebPage\",\"@id\":\"https:\\\/\\\/eldigitaldeasturias.com\\\/magazine365\\\/dominguez-carrera-y-verino-finalistas-gallegos-al-premio-nacional-de-moda\\\/#webpage\",\"url\":\"https:\\\/\\\/eldigitaldeasturias.com\\\/magazine365\\\/dominguez-carrera-y-verino-finalistas-gallegos-al-premio-nacional-de-moda\\\/\",\"name\":\"Dom\\u00ednguez, Carrera y Verino, finalistas gallegos al premio nacional de moda | El Digital de Asturias\",\"description\":\"Santiago de Compostela, 2 jun (EFE).- Adolfo Dom\\u00ednguez, Pili Carrera y Roberto Verino han sido designados como finalistas para la primera edici\\u00f3n de los Premios de la Moda instituidos por el Ministerio de Industria, Energ\\u00eda y Turismo. La Confederaci\\u00f3n de Industrias Textiles de Galicia (COINTEGA) inform\\u00f3 en un comunicado de que a la convocatoria se\",\"inLanguage\":\"es-ES\",\"isPartOf\":{\"@id\":\"https:\\\/\\\/eldigitaldeasturias.com\\\/magazine365\\\/#website\"},\"breadcrumb\":{\"@id\":\"https:\\\/\\\/eldigitaldeasturias.com\\\/magazine365\\\/dominguez-carrera-y-verino-finalistas-gallegos-al-premio-nacional-de-moda\\\/#breadcrumblist\"},\"author\":{\"@id\":\"https:\\\/\\\/eldigitaldeasturias.com\\\/magazine365\\\/author\\\/admin\\\/#author\"},\"creator\":{\"@id\":\"https:\\\/\\\/eldigitaldeasturias.com\\\/magazine365\\\/author\\\/admin\\\/#author\"},\"image\":{\"@type\":\"ImageObject\",\"url\":\"https:\\\/\\\/eldigitaldeasturias.com\\\/magazine365\\\/wp-content\\\/uploads\\\/2014\\\/06\\\/6325167w.jpg\",\"@id\":\"https:\\\/\\\/eldigitaldeasturias.com\\\/magazine365\\\/dominguez-carrera-y-verino-finalistas-gallegos-al-premio-nacional-de-moda\\\/#mainImage\",\"width\":800,\"height\":602},\"primaryImageOfPage\":{\"@id\":\"https:\\\/\\\/eldigitaldeasturias.com\\\/magazine365\\\/dominguez-carrera-y-verino-finalistas-gallegos-al-premio-nacional-de-moda\\\/#mainImage\"},\"datePublished\":\"2014-06-02T14:25:23+02:00\",\"dateModified\":\"2014-06-02T14:25:23+02:00\"},{\"@type\":\"WebSite\",\"@id\":\"https:\\\/\\\/eldigitaldeasturias.com\\\/magazine365\\\/#website\",\"url\":\"https:\\\/\\\/eldigitaldeasturias.com\\\/magazine365\\\/\",\"name\":\"El Digital de Asturias\",\"description\":\"Revista de ocio, turismo y estilo de vida\",\"inLanguage\":\"es-ES\",\"publisher\":{\"@id\":\"https:\\\/\\\/eldigitaldeasturias.com\\\/magazine365\\\/#organization\"}}]}\n\t\t<\/script>\n\t\t<!-- All in One SEO Pro -->\r\n\t\t<title>Dom\u00ednguez, Carrera y Verino, finalistas gallegos al premio nacional de moda | El Digital de Asturias<\/title>\n\n","aioseo_head_json":{"title":"Dom\u00ednguez, Carrera y Verino, finalistas gallegos al premio nacional de moda | El Digital de Asturias","description":"Santiago de Compostela, 2 jun (EFE).- Adolfo Dom\u00ednguez, Pili Carrera y Roberto Verino han sido designados como finalistas para la primera edici\u00f3n de los Premios de la Moda instituidos por el Ministerio de Industria, Energ\u00eda y Turismo. La Confederaci\u00f3n de Industrias Textiles de Galicia (COINTEGA) inform\u00f3 en un comunicado de que a la convocatoria se","canonical_url":"https:\/\/eldigitaldeasturias.com\/magazine365\/dominguez-carrera-y-verino-finalistas-gallegos-al-premio-nacional-de-moda\/","robots":"max-image-preview:large","keywords":"noticias y actualidad","webmasterTools":{"google-site-verification":"UA-38556648-1","miscellaneous":""},"schema":{"@context":"https:\/\/schema.org","@graph":[{"@type":"Article","@id":"https:\/\/eldigitaldeasturias.com\/magazine365\/dominguez-carrera-y-verino-finalistas-gallegos-al-premio-nacional-de-moda\/#article","name":"Dom\u00ednguez, Carrera y Verino, finalistas gallegos al premio nacional de moda | El Digital de Asturias","headline":"Dom\u00ednguez, Carrera y Verino, finalistas gallegos al premio nacional de moda","author":{"@id":"https:\/\/eldigitaldeasturias.com\/magazine365\/author\/admin\/#author"},"publisher":{"@id":"https:\/\/eldigitaldeasturias.com\/magazine365\/#organization"},"image":{"@type":"ImageObject","url":"https:\/\/eldigitaldeasturias.com\/magazine365\/wp-content\/uploads\/2014\/06\/6325167w.jpg","width":800,"height":602},"datePublished":"2014-06-02T14:25:23+02:00","dateModified":"2014-06-02T14:25:23+02:00","inLanguage":"es-ES","mainEntityOfPage":{"@id":"https:\/\/eldigitaldeasturias.com\/magazine365\/dominguez-carrera-y-verino-finalistas-gallegos-al-premio-nacional-de-moda\/#webpage"},"isPartOf":{"@id":"https:\/\/eldigitaldeasturias.com\/magazine365\/dominguez-carrera-y-verino-finalistas-gallegos-al-premio-nacional-de-moda\/#webpage"},"articleSection":"Noticias y Actualidad"},{"@type":"BreadcrumbList","@id":"https:\/\/eldigitaldeasturias.com\/magazine365\/dominguez-carrera-y-verino-finalistas-gallegos-al-premio-nacional-de-moda\/#breadcrumblist","itemListElement":[{"@type":"ListItem","@id":"https:\/\/eldigitaldeasturias.com\/magazine365#listItem","position":1,"name":"Home","item":"https:\/\/eldigitaldeasturias.com\/magazine365","nextItem":{"@type":"ListItem","@id":"https:\/\/eldigitaldeasturias.com\/magazine365\/category\/noticias-actualidad\/#listItem","name":"Noticias y Actualidad"}},{"@type":"ListItem","@id":"https:\/\/eldigitaldeasturias.com\/magazine365\/category\/noticias-actualidad\/#listItem","position":2,"name":"Noticias y Actualidad","item":"https:\/\/eldigitaldeasturias.com\/magazine365\/category\/noticias-actualidad\/","nextItem":{"@type":"ListItem","@id":"https:\/\/eldigitaldeasturias.com\/magazine365\/dominguez-carrera-y-verino-finalistas-gallegos-al-premio-nacional-de-moda\/#listItem","name":"Dom\u00ednguez, Carrera y Verino, finalistas gallegos al premio nacional de moda"},"previousItem":{"@type":"ListItem","@id":"https:\/\/eldigitaldeasturias.com\/magazine365#listItem","name":"Home"}},{"@type":"ListItem","@id":"https:\/\/eldigitaldeasturias.com\/magazine365\/dominguez-carrera-y-verino-finalistas-gallegos-al-premio-nacional-de-moda\/#listItem","position":3,"name":"Dom\u00ednguez, Carrera y Verino, finalistas gallegos al premio nacional de moda","previousItem":{"@type":"ListItem","@id":"https:\/\/eldigitaldeasturias.com\/magazine365\/category\/noticias-actualidad\/#listItem","name":"Noticias y Actualidad"}}]},{"@type":"Organization","@id":"https:\/\/eldigitaldeasturias.com\/magazine365\/#organization","name":"El digital de Asturias","description":"Revista de ocio, turismo y estilo de vida","url":"https:\/\/eldigitaldeasturias.com\/magazine365\/","logo":{"@type":"ImageObject","url":"https:\/\/www.eldigitaldeasturias.com\/noticias\/wp-content\/uploads\/2020\/12\/EDA.jpg","@id":"https:\/\/eldigitaldeasturias.com\/magazine365\/dominguez-carrera-y-verino-finalistas-gallegos-al-premio-nacional-de-moda\/#organizationLogo"},"image":{"@id":"https:\/\/eldigitaldeasturias.com\/magazine365\/dominguez-carrera-y-verino-finalistas-gallegos-al-premio-nacional-de-moda\/#organizationLogo"}},{"@type":"Person","@id":"https:\/\/eldigitaldeasturias.com\/magazine365\/author\/admin\/#author","url":"https:\/\/eldigitaldeasturias.com\/magazine365\/author\/admin\/","name":"admin","image":{"@type":"ImageObject","@id":"https:\/\/eldigitaldeasturias.com\/magazine365\/dominguez-carrera-y-verino-finalistas-gallegos-al-premio-nacional-de-moda\/#authorImage","url":"https:\/\/eldigitaldeasturias.com\/magazine365\/wp-content\/litespeed\/avatar\/e571bcf59a0edd6fa6838245a470f2fe.jpg?ver=1777574230","width":96,"height":96,"caption":"admin"}},{"@type":"WebPage","@id":"https:\/\/eldigitaldeasturias.com\/magazine365\/dominguez-carrera-y-verino-finalistas-gallegos-al-premio-nacional-de-moda\/#webpage","url":"https:\/\/eldigitaldeasturias.com\/magazine365\/dominguez-carrera-y-verino-finalistas-gallegos-al-premio-nacional-de-moda\/","name":"Dom\u00ednguez, Carrera y Verino, finalistas gallegos al premio nacional de moda | El Digital de Asturias","description":"Santiago de Compostela, 2 jun (EFE).- Adolfo Dom\u00ednguez, Pili Carrera y Roberto Verino han sido designados como finalistas para la primera edici\u00f3n de los Premios de la Moda instituidos por el Ministerio de Industria, Energ\u00eda y Turismo. La Confederaci\u00f3n de Industrias Textiles de Galicia (COINTEGA) inform\u00f3 en un comunicado de que a la convocatoria se","inLanguage":"es-ES","isPartOf":{"@id":"https:\/\/eldigitaldeasturias.com\/magazine365\/#website"},"breadcrumb":{"@id":"https:\/\/eldigitaldeasturias.com\/magazine365\/dominguez-carrera-y-verino-finalistas-gallegos-al-premio-nacional-de-moda\/#breadcrumblist"},"author":{"@id":"https:\/\/eldigitaldeasturias.com\/magazine365\/author\/admin\/#author"},"creator":{"@id":"https:\/\/eldigitaldeasturias.com\/magazine365\/author\/admin\/#author"},"image":{"@type":"ImageObject","url":"https:\/\/eldigitaldeasturias.com\/magazine365\/wp-content\/uploads\/2014\/06\/6325167w.jpg","@id":"https:\/\/eldigitaldeasturias.com\/magazine365\/dominguez-carrera-y-verino-finalistas-gallegos-al-premio-nacional-de-moda\/#mainImage","width":800,"height":602},"primaryImageOfPage":{"@id":"https:\/\/eldigitaldeasturias.com\/magazine365\/dominguez-carrera-y-verino-finalistas-gallegos-al-premio-nacional-de-moda\/#mainImage"},"datePublished":"2014-06-02T14:25:23+02:00","dateModified":"2014-06-02T14:25:23+02:00"},{"@type":"WebSite","@id":"https:\/\/eldigitaldeasturias.com\/magazine365\/#website","url":"https:\/\/eldigitaldeasturias.com\/magazine365\/","name":"El Digital de Asturias","description":"Revista de ocio, turismo y estilo de vida","inLanguage":"es-ES","publisher":{"@id":"https:\/\/eldigitaldeasturias.com\/magazine365\/#organization"}}]},"og:locale":"es_ES","og:site_name":"El Digital de Asturias \u2013 Revista de ocio, turismo y estilo de vida","og:type":"article","og:title":"Dom\u00ednguez, Carrera y Verino, finalistas gallegos al premio nacional de moda | El Digital de Asturias","og:description":"Santiago de Compostela, 2 jun (EFE).- Adolfo Dom\u00ednguez, Pili Carrera y Roberto Verino han sido designados como finalistas para la primera edici\u00f3n de los Premios de la Moda instituidos por el Ministerio de Industria, Energ\u00eda y Turismo. La Confederaci\u00f3n de Industrias Textiles de Galicia (COINTEGA) inform\u00f3 en un comunicado de que a la convocatoria se","og:url":"https:\/\/eldigitaldeasturias.com\/magazine365\/dominguez-carrera-y-verino-finalistas-gallegos-al-premio-nacional-de-moda\/","og:image":"https:\/\/eldigitaldeasturias.com\/magazine365\/wp-content\/uploads\/2014\/06\/6325167w.jpg","og:image:secure_url":"https:\/\/eldigitaldeasturias.com\/magazine365\/wp-content\/uploads\/2014\/06\/6325167w.jpg","og:image:width":800,"og:image:height":602,"article:published_time":"2014-06-02T16:25:23+00:00","article:modified_time":"2014-06-02T16:25:23+00:00","twitter:card":"summary_large_image","twitter:title":"Dom\u00ednguez, Carrera y Verino, finalistas gallegos al premio nacional de moda | El Digital de Asturias","twitter:description":"Santiago de Compostela, 2 jun (EFE).- Adolfo Dom\u00ednguez, Pili Carrera y Roberto Verino han sido designados como finalistas para la primera edici\u00f3n de los Premios de la Moda instituidos por el Ministerio de Industria, Energ\u00eda y Turismo. La Confederaci\u00f3n de Industrias Textiles de Galicia (COINTEGA) inform\u00f3 en un comunicado de que a la convocatoria se","twitter:image":"https:\/\/eldigitaldeasturias.com\/magazine365\/wp-content\/uploads\/2014\/06\/6325167w.jpg"},"aioseo_meta_data":{"post_id":"14778","title":null,"description":null,"keywords":null,"keyphrases":null,"primary_term":null,"canonical_url":null,"og_title":null,"og_description":null,"og_object_type":"default","og_image_type":"default","og_image_url":null,"og_image_width":null,"og_image_height":null,"og_image_custom_url":null,"og_image_custom_fields":null,"og_video":null,"og_custom_url":null,"og_article_section":null,"og_article_tags":null,"twitter_use_og":false,"twitter_card":"default","twitter_image_type":"default","twitter_image_url":null,"twitter_image_custom_url":null,"twitter_image_custom_fields":null,"twitter_title":null,"twitter_description":null,"schema":{"blockGraphs":[],"customGraphs":[],"default":{"data":{"Article":[],"Course":[],"Dataset":[],"FAQPage":[],"Movie":[],"Person":[],"Product":[],"ProductReview":[],"Car":[],"Recipe":[],"Service":[],"SoftwareApplication":[],"WebPage":[]},"graphName":"","isEnabled":true},"graphs":[],"defaultGraph":"","defaultPostTypeGraph":""},"schema_type":null,"schema_type_options":null,"pillar_content":false,"robots_default":true,"robots_noindex":false,"robots_noarchive":false,"robots_nosnippet":false,"robots_nofollow":false,"robots_noimageindex":false,"robots_noodp":false,"robots_notranslate":false,"robots_max_snippet":null,"robots_max_videopreview":null,"robots_max_imagepreview":"large","priority":null,"frequency":null,"location":null,"local_seo":null,"seo_analyzer_scan_date":"2025-09-17 10:47:11","breadcrumb_settings":null,"limit_modified_date":false,"open_ai":null,"ai":null,"created":"2021-03-09 08:10:42","updated":"2025-09-17 10:47:11"},"aioseo_breadcrumb":"<div class=\"aioseo-breadcrumbs\"><span class=\"aioseo-breadcrumb\">\n\t<a href=\"https:\/\/eldigitaldeasturias.com\/magazine365\" title=\"Home\">Home<\/a>\n<\/span><span class=\"aioseo-breadcrumb-separator\">\u2013<\/span><span class=\"aioseo-breadcrumb\">\n\t<a href=\"https:\/\/eldigitaldeasturias.com\/magazine365\/category\/noticias-actualidad\/\" title=\"Noticias y Actualidad\">Noticias y Actualidad<\/a>\n<\/span><span class=\"aioseo-breadcrumb-separator\">\u2013<\/span><span class=\"aioseo-breadcrumb\">\n\t<a href=\"https:\/\/eldigitaldeasturias.com\/magazine365\/dominguez-carrera-y-verino-finalistas-gallegos-al-premio-nacional-de-moda\/\" title=\"Dom\u00ednguez, Carrera y Verino, finalistas gallegos al premio nacional de moda\">Dom\u00ednguez, Carrera y Verino, finalistas gallegos al premio nacional de moda<\/a>\n<\/span><\/div>","aioseo_breadcrumb_json":[{"label":"Home","link":"https:\/\/eldigitaldeasturias.com\/magazine365"},{"label":"Noticias y Actualidad","link":"https:\/\/eldigitaldeasturias.com\/magazine365\/category\/noticias-actualidad\/"},{"label":"Dom\u00ednguez, Carrera y Verino, finalistas gallegos al premio nacional de moda","link":"https:\/\/eldigitaldeasturias.com\/magazine365\/dominguez-carrera-y-verino-finalistas-gallegos-al-premio-nacional-de-moda\/"}],"_links":{"self":[{"href":"https:\/\/eldigitaldeasturias.com\/magazine365\/wp-json\/wp\/v2\/posts\/14778","targetHints":{"allow":["GET"]}}],"collection":[{"href":"https:\/\/eldigitaldeasturias.com\/magazine365\/wp-json\/wp\/v2\/posts"}],"about":[{"href":"https:\/\/eldigitaldeasturias.com\/magazine365\/wp-json\/wp\/v2\/types\/post"}],"author":[{"embeddable":true,"href":"https:\/\/eldigitaldeasturias.com\/magazine365\/wp-json\/wp\/v2\/users\/1"}],"replies":[{"embeddable":true,"href":"https:\/\/eldigitaldeasturias.com\/magazine365\/wp-json\/wp\/v2\/comments?post=14778"}],"version-history":[{"count":0,"href":"https:\/\/eldigitaldeasturias.com\/magazine365\/wp-json\/wp\/v2\/posts\/14778\/revisions"}],"wp:featuredmedia":[{"embeddable":true,"href":"https:\/\/eldigitaldeasturias.com\/magazine365\/wp-json\/wp\/v2\/media\/14779"}],"wp:attachment":[{"href":"https:\/\/eldigitaldeasturias.com\/magazine365\/wp-json\/wp\/v2\/media?parent=14778"}],"wp:term":[{"taxonomy":"category","embeddable":true,"href":"https:\/\/eldigitaldeasturias.com\/magazine365\/wp-json\/wp\/v2\/categories?post=14778"},{"taxonomy":"post_tag","embeddable":true,"href":"https:\/\/eldigitaldeasturias.com\/magazine365\/wp-json\/wp\/v2\/tags?post=14778"}],"curies":[{"name":"wp","href":"https:\/\/api.w.org\/{rel}","templated":true}]}}