{"id":14766,"date":"2014-06-02T12:28:43","date_gmt":"2014-06-02T14:28:43","guid":{"rendered":"http:\/\/eldigitaldeasturias.com\/magazine365\/?p=14766"},"modified":"2014-06-02T12:28:43","modified_gmt":"2014-06-02T14:28:43","slug":"el-polemico-nieto-de-mandela-contrata-a-una-publicista-para-mejorar-su-imagen","status":"publish","type":"post","link":"https:\/\/eldigitaldeasturias.com\/magazine365\/el-polemico-nieto-de-mandela-contrata-a-una-publicista-para-mejorar-su-imagen\/","title":{"rendered":"El pol\u00e9mico nieto de Mandela contrata a una publicista para mejorar su imagen"},"content":{"rendered":"<p><img fetchpriority=\"high\" decoding=\"async\" class=\"alignleft size-medium wp-image-14767\" alt=\"6324198w\" src=\"https:\/\/eldigitaldeasturias.com\/magazine365\/wp-content\/uploads\/2014\/06\/6324198w-360x252.jpg\" width=\"360\" height=\"252\" srcset=\"https:\/\/eldigitaldeasturias.com\/magazine365\/wp-content\/uploads\/2014\/06\/6324198w-360x252.jpg 360w, https:\/\/eldigitaldeasturias.com\/magazine365\/wp-content\/uploads\/2014\/06\/6324198w-650x456.jpg 650w, https:\/\/eldigitaldeasturias.com\/magazine365\/wp-content\/uploads\/2014\/06\/6324198w-768x539.jpg 768w, https:\/\/eldigitaldeasturias.com\/magazine365\/wp-content\/uploads\/2014\/06\/6324198w-150x105.jpg 150w, https:\/\/eldigitaldeasturias.com\/magazine365\/wp-content\/uploads\/2014\/06\/6324198w-450x316.jpg 450w, https:\/\/eldigitaldeasturias.com\/magazine365\/wp-content\/uploads\/2014\/06\/6324198w-100x70.jpg 100w, https:\/\/eldigitaldeasturias.com\/magazine365\/wp-content\/uploads\/2014\/06\/6324198w-696x488.jpg 696w, https:\/\/eldigitaldeasturias.com\/magazine365\/wp-content\/uploads\/2014\/06\/6324198w-599x420.jpg 599w, https:\/\/eldigitaldeasturias.com\/magazine365\/wp-content\/uploads\/2014\/06\/6324198w.jpg 800w\" sizes=\"(max-width: 360px) 100vw, 360px\" \/>Johannesburgo, 2 jun (EFE).- Mandla Mandela, el nieto mayor y m\u00e1s pol\u00e9mico del difunto expresidente sudafricano Nelson Mandela, contrat\u00f3 a una publicista para mejorar su maltrecha imagen, inform\u00f3 hoy la agencia local de noticias Sapa.<\/p>\n<p>\u00abEl plan es cambiar la percepci\u00f3n de la gente sobre \u00e9l\u00bb, dijo la especialista en comunicaci\u00f3n Sisanda Gqirana, que es tambi\u00e9n amiga de Mandla.<\/p>\n<p>\u00ab(Mandla) es un hombre que hace muchas cosas buenas, pero solo o\u00edmos de \u00e9l historias negativas\u00bb, a\u00f1adi\u00f3 la publicista.<\/p>\n<p>Mandla Mandela, de 39 a\u00f1os y jefe tradicional de la localidad de Mvezo, donde naci\u00f3 su abuelo, salt\u00f3 a los medios el pasado mes de julio al conocerse que hab\u00eda trasladado en secreto a este pueblo los huesos de los tres hijos fallecidos del expresidente.<\/p>\n<p>Mandla hab\u00eda exhumado tres a\u00f1os antes estos restos humanos en la localidad de Qunu (situada en el sureste y donde Nelson Mandela creci\u00f3 y fue sepultado seg\u00fan su deseo) sin permiso de sus t\u00edas y los hab\u00eda enterrado en la cercana Mvezo.<\/p>\n<p>Las tres hijas vivas de Mandela demandaron a Mandla ante la Justicia, que orden\u00f3 el 4 de julio que los restos de los v\u00e1stagos difuntos del exl\u00edder -entre ellos el padre de Mandla, Makgatho- retornaran a Qunu de urgencia ante la posibilidad de una muerte inminente del antiguo activista, por entonces en estado grave.<\/p>\n<p>Mandla Mandela ha protagonizado tambi\u00e9n numerosos encontronazos p\u00fablicos con sus hermanos y otros familiares, y la prensa sudafricana especul\u00f3 tras la muerte de su abuelo con una supuesta lucha por el control de la familia entre el nieto y su t\u00eda, la hija mayor de Nelson Mandela, Makaziwe.<\/p>\n<p>El jefe tradicional de Mvezo se enfrenta actualmente a un juicio por amenazar con un arma a un profesor, durante un incidente de tr\u00e1fico ocurrido en la ciudad de Mthata, en la provincia del Cabo Oriental de la que es originaria la familia.<\/p>\n","protected":false},"excerpt":{"rendered":"<p>Johannesburgo, 2 jun (EFE).- Mandla Mandela, el nieto mayor y m\u00e1s pol\u00e9mico del difunto expresidente sudafricano Nelson Mandela, contrat\u00f3 a una publicista para mejorar su maltrecha imagen, inform\u00f3 hoy la agencia local de noticias Sapa. \u00abEl plan es cambiar la percepci\u00f3n de la gente sobre \u00e9l\u00bb, dijo la especialista en comunicaci\u00f3n Sisanda Gqirana, que es<\/p>\n","protected":false},"author":1,"featured_media":14767,"comment_status":"open","ping_status":"closed","sticky":false,"template":"","format":"standard","meta":{"footnotes":""},"categories":[224],"tags":[],"class_list":{"0":"post-14766","1":"post","2":"type-post","3":"status-publish","4":"format-standard","5":"has-post-thumbnail","7":"category-noticias-actualidad"},"aioseo_notices":[],"aioseo_head":"\n\t\t<!-- All in One SEO Pro 4.9.6.1 - aioseo.com -->\n\t<meta name=\"description\" content=\"Johannesburgo, 2 jun (EFE).- Mandla Mandela, el nieto mayor y m\u00e1s pol\u00e9mico del difunto expresidente sudafricano Nelson Mandela, contrat\u00f3 a una publicista para mejorar su maltrecha imagen, inform\u00f3 hoy la agencia local de noticias Sapa. &quot;El plan es cambiar la percepci\u00f3n de la gente sobre \u00e9l&quot;, dijo la especialista en comunicaci\u00f3n Sisanda Gqirana, que es\" \/>\n\t<meta name=\"robots\" content=\"max-image-preview:large\" \/>\n\t<meta name=\"author\" content=\"admin\"\/>\n\t<meta name=\"google-site-verification\" content=\"UA-38556648-1\" \/>\n\t<meta name=\"keywords\" content=\"noticias y actualidad\" \/>\n\t<link rel=\"canonical\" href=\"https:\/\/eldigitaldeasturias.com\/magazine365\/el-polemico-nieto-de-mandela-contrata-a-una-publicista-para-mejorar-su-imagen\/\" \/>\n\t<meta name=\"generator\" content=\"All in One SEO Pro (AIOSEO) 4.9.6.1\" \/>\n\t\t<meta property=\"og:locale\" content=\"es_ES\" \/>\n\t\t<meta property=\"og:site_name\" content=\"El Digital de Asturias \u2013 Revista de ocio, turismo y estilo de vida\" \/>\n\t\t<meta property=\"og:type\" content=\"article\" \/>\n\t\t<meta property=\"og:title\" content=\"El pol\u00e9mico nieto de Mandela contrata a una publicista para mejorar su imagen | El Digital de Asturias\" \/>\n\t\t<meta property=\"og:description\" content=\"Johannesburgo, 2 jun (EFE).- Mandla Mandela, el nieto mayor y m\u00e1s pol\u00e9mico del difunto expresidente sudafricano Nelson Mandela, contrat\u00f3 a una publicista para mejorar su maltrecha imagen, inform\u00f3 hoy la agencia local de noticias Sapa. &quot;El plan es cambiar la percepci\u00f3n de la gente sobre \u00e9l&quot;, dijo la especialista en comunicaci\u00f3n Sisanda Gqirana, que es\" \/>\n\t\t<meta property=\"og:url\" content=\"https:\/\/eldigitaldeasturias.com\/magazine365\/el-polemico-nieto-de-mandela-contrata-a-una-publicista-para-mejorar-su-imagen\/\" \/>\n\t\t<meta property=\"og:image\" content=\"https:\/\/eldigitaldeasturias.com\/magazine365\/wp-content\/uploads\/2014\/06\/6324198w.jpg\" \/>\n\t\t<meta property=\"og:image:secure_url\" content=\"https:\/\/eldigitaldeasturias.com\/magazine365\/wp-content\/uploads\/2014\/06\/6324198w.jpg\" \/>\n\t\t<meta property=\"og:image:width\" content=\"800\" \/>\n\t\t<meta property=\"og:image:height\" content=\"561\" \/>\n\t\t<meta property=\"article:published_time\" content=\"2014-06-02T14:28:43+00:00\" \/>\n\t\t<meta property=\"article:modified_time\" content=\"2014-06-02T14:28:43+00:00\" \/>\n\t\t<meta name=\"twitter:card\" content=\"summary_large_image\" \/>\n\t\t<meta name=\"twitter:title\" content=\"El pol\u00e9mico nieto de Mandela contrata a una publicista para mejorar su imagen | El Digital de Asturias\" \/>\n\t\t<meta name=\"twitter:description\" content=\"Johannesburgo, 2 jun (EFE).- Mandla Mandela, el nieto mayor y m\u00e1s pol\u00e9mico del difunto expresidente sudafricano Nelson Mandela, contrat\u00f3 a una publicista para mejorar su maltrecha imagen, inform\u00f3 hoy la agencia local de noticias Sapa. &quot;El plan es cambiar la percepci\u00f3n de la gente sobre \u00e9l&quot;, dijo la especialista en comunicaci\u00f3n Sisanda Gqirana, que es\" \/>\n\t\t<meta name=\"twitter:image\" content=\"https:\/\/eldigitaldeasturias.com\/magazine365\/wp-content\/uploads\/2014\/06\/6324198w.jpg\" \/>\n\t\t<script type=\"application\/ld+json\" class=\"aioseo-schema\">\n\t\t\t{\"@context\":\"https:\\\/\\\/schema.org\",\"@graph\":[{\"@type\":\"Article\",\"@id\":\"https:\\\/\\\/eldigitaldeasturias.com\\\/magazine365\\\/el-polemico-nieto-de-mandela-contrata-a-una-publicista-para-mejorar-su-imagen\\\/#article\",\"name\":\"El pol\\u00e9mico nieto de Mandela contrata a una publicista para mejorar su imagen | El Digital de Asturias\",\"headline\":\"El pol\\u00e9mico nieto de Mandela contrata a una publicista para mejorar su imagen\",\"author\":{\"@id\":\"https:\\\/\\\/eldigitaldeasturias.com\\\/magazine365\\\/author\\\/admin\\\/#author\"},\"publisher\":{\"@id\":\"https:\\\/\\\/eldigitaldeasturias.com\\\/magazine365\\\/#organization\"},\"image\":{\"@type\":\"ImageObject\",\"url\":\"https:\\\/\\\/eldigitaldeasturias.com\\\/magazine365\\\/wp-content\\\/uploads\\\/2014\\\/06\\\/6324198w.jpg\",\"width\":800,\"height\":561},\"datePublished\":\"2014-06-02T12:28:43+02:00\",\"dateModified\":\"2014-06-02T12:28:43+02:00\",\"inLanguage\":\"es-ES\",\"mainEntityOfPage\":{\"@id\":\"https:\\\/\\\/eldigitaldeasturias.com\\\/magazine365\\\/el-polemico-nieto-de-mandela-contrata-a-una-publicista-para-mejorar-su-imagen\\\/#webpage\"},\"isPartOf\":{\"@id\":\"https:\\\/\\\/eldigitaldeasturias.com\\\/magazine365\\\/el-polemico-nieto-de-mandela-contrata-a-una-publicista-para-mejorar-su-imagen\\\/#webpage\"},\"articleSection\":\"Noticias y Actualidad\"},{\"@type\":\"BreadcrumbList\",\"@id\":\"https:\\\/\\\/eldigitaldeasturias.com\\\/magazine365\\\/el-polemico-nieto-de-mandela-contrata-a-una-publicista-para-mejorar-su-imagen\\\/#breadcrumblist\",\"itemListElement\":[{\"@type\":\"ListItem\",\"@id\":\"https:\\\/\\\/eldigitaldeasturias.com\\\/magazine365#listItem\",\"position\":1,\"name\":\"Home\",\"item\":\"https:\\\/\\\/eldigitaldeasturias.com\\\/magazine365\",\"nextItem\":{\"@type\":\"ListItem\",\"@id\":\"https:\\\/\\\/eldigitaldeasturias.com\\\/magazine365\\\/category\\\/noticias-actualidad\\\/#listItem\",\"name\":\"Noticias y Actualidad\"}},{\"@type\":\"ListItem\",\"@id\":\"https:\\\/\\\/eldigitaldeasturias.com\\\/magazine365\\\/category\\\/noticias-actualidad\\\/#listItem\",\"position\":2,\"name\":\"Noticias y Actualidad\",\"item\":\"https:\\\/\\\/eldigitaldeasturias.com\\\/magazine365\\\/category\\\/noticias-actualidad\\\/\",\"nextItem\":{\"@type\":\"ListItem\",\"@id\":\"https:\\\/\\\/eldigitaldeasturias.com\\\/magazine365\\\/el-polemico-nieto-de-mandela-contrata-a-una-publicista-para-mejorar-su-imagen\\\/#listItem\",\"name\":\"El pol\\u00e9mico nieto de Mandela contrata a una publicista para mejorar su imagen\"},\"previousItem\":{\"@type\":\"ListItem\",\"@id\":\"https:\\\/\\\/eldigitaldeasturias.com\\\/magazine365#listItem\",\"name\":\"Home\"}},{\"@type\":\"ListItem\",\"@id\":\"https:\\\/\\\/eldigitaldeasturias.com\\\/magazine365\\\/el-polemico-nieto-de-mandela-contrata-a-una-publicista-para-mejorar-su-imagen\\\/#listItem\",\"position\":3,\"name\":\"El pol\\u00e9mico nieto de Mandela contrata a una publicista para mejorar su imagen\",\"previousItem\":{\"@type\":\"ListItem\",\"@id\":\"https:\\\/\\\/eldigitaldeasturias.com\\\/magazine365\\\/category\\\/noticias-actualidad\\\/#listItem\",\"name\":\"Noticias y Actualidad\"}}]},{\"@type\":\"Organization\",\"@id\":\"https:\\\/\\\/eldigitaldeasturias.com\\\/magazine365\\\/#organization\",\"name\":\"El digital de Asturias\",\"description\":\"Revista de ocio, turismo y estilo de vida\",\"url\":\"https:\\\/\\\/eldigitaldeasturias.com\\\/magazine365\\\/\",\"logo\":{\"@type\":\"ImageObject\",\"url\":\"https:\\\/\\\/www.eldigitaldeasturias.com\\\/noticias\\\/wp-content\\\/uploads\\\/2020\\\/12\\\/EDA.jpg\",\"@id\":\"https:\\\/\\\/eldigitaldeasturias.com\\\/magazine365\\\/el-polemico-nieto-de-mandela-contrata-a-una-publicista-para-mejorar-su-imagen\\\/#organizationLogo\"},\"image\":{\"@id\":\"https:\\\/\\\/eldigitaldeasturias.com\\\/magazine365\\\/el-polemico-nieto-de-mandela-contrata-a-una-publicista-para-mejorar-su-imagen\\\/#organizationLogo\"}},{\"@type\":\"Person\",\"@id\":\"https:\\\/\\\/eldigitaldeasturias.com\\\/magazine365\\\/author\\\/admin\\\/#author\",\"url\":\"https:\\\/\\\/eldigitaldeasturias.com\\\/magazine365\\\/author\\\/admin\\\/\",\"name\":\"admin\",\"image\":{\"@type\":\"ImageObject\",\"@id\":\"https:\\\/\\\/eldigitaldeasturias.com\\\/magazine365\\\/el-polemico-nieto-de-mandela-contrata-a-una-publicista-para-mejorar-su-imagen\\\/#authorImage\",\"url\":\"https:\\\/\\\/eldigitaldeasturias.com\\\/magazine365\\\/wp-content\\\/litespeed\\\/avatar\\\/e571bcf59a0edd6fa6838245a470f2fe.jpg?ver=1777574230\",\"width\":96,\"height\":96,\"caption\":\"admin\"}},{\"@type\":\"WebPage\",\"@id\":\"https:\\\/\\\/eldigitaldeasturias.com\\\/magazine365\\\/el-polemico-nieto-de-mandela-contrata-a-una-publicista-para-mejorar-su-imagen\\\/#webpage\",\"url\":\"https:\\\/\\\/eldigitaldeasturias.com\\\/magazine365\\\/el-polemico-nieto-de-mandela-contrata-a-una-publicista-para-mejorar-su-imagen\\\/\",\"name\":\"El pol\\u00e9mico nieto de Mandela contrata a una publicista para mejorar su imagen | El Digital de Asturias\",\"description\":\"Johannesburgo, 2 jun (EFE).- Mandla Mandela, el nieto mayor y m\\u00e1s pol\\u00e9mico del difunto expresidente sudafricano Nelson Mandela, contrat\\u00f3 a una publicista para mejorar su maltrecha imagen, inform\\u00f3 hoy la agencia local de noticias Sapa. \\\"El plan es cambiar la percepci\\u00f3n de la gente sobre \\u00e9l\\\", dijo la especialista en comunicaci\\u00f3n Sisanda Gqirana, que es\",\"inLanguage\":\"es-ES\",\"isPartOf\":{\"@id\":\"https:\\\/\\\/eldigitaldeasturias.com\\\/magazine365\\\/#website\"},\"breadcrumb\":{\"@id\":\"https:\\\/\\\/eldigitaldeasturias.com\\\/magazine365\\\/el-polemico-nieto-de-mandela-contrata-a-una-publicista-para-mejorar-su-imagen\\\/#breadcrumblist\"},\"author\":{\"@id\":\"https:\\\/\\\/eldigitaldeasturias.com\\\/magazine365\\\/author\\\/admin\\\/#author\"},\"creator\":{\"@id\":\"https:\\\/\\\/eldigitaldeasturias.com\\\/magazine365\\\/author\\\/admin\\\/#author\"},\"image\":{\"@type\":\"ImageObject\",\"url\":\"https:\\\/\\\/eldigitaldeasturias.com\\\/magazine365\\\/wp-content\\\/uploads\\\/2014\\\/06\\\/6324198w.jpg\",\"@id\":\"https:\\\/\\\/eldigitaldeasturias.com\\\/magazine365\\\/el-polemico-nieto-de-mandela-contrata-a-una-publicista-para-mejorar-su-imagen\\\/#mainImage\",\"width\":800,\"height\":561},\"primaryImageOfPage\":{\"@id\":\"https:\\\/\\\/eldigitaldeasturias.com\\\/magazine365\\\/el-polemico-nieto-de-mandela-contrata-a-una-publicista-para-mejorar-su-imagen\\\/#mainImage\"},\"datePublished\":\"2014-06-02T12:28:43+02:00\",\"dateModified\":\"2014-06-02T12:28:43+02:00\"},{\"@type\":\"WebSite\",\"@id\":\"https:\\\/\\\/eldigitaldeasturias.com\\\/magazine365\\\/#website\",\"url\":\"https:\\\/\\\/eldigitaldeasturias.com\\\/magazine365\\\/\",\"name\":\"El Digital de Asturias\",\"description\":\"Revista de ocio, turismo y estilo de vida\",\"inLanguage\":\"es-ES\",\"publisher\":{\"@id\":\"https:\\\/\\\/eldigitaldeasturias.com\\\/magazine365\\\/#organization\"}}]}\n\t\t<\/script>\n\t\t<!-- All in One SEO Pro -->\r\n\t\t<title>El pol\u00e9mico nieto de Mandela contrata a una publicista para mejorar su imagen | El Digital de Asturias<\/title>\n\n","aioseo_head_json":{"title":"El pol\u00e9mico nieto de Mandela contrata a una publicista para mejorar su imagen | El Digital de Asturias","description":"Johannesburgo, 2 jun (EFE).- Mandla Mandela, el nieto mayor y m\u00e1s pol\u00e9mico del difunto expresidente sudafricano Nelson Mandela, contrat\u00f3 a una publicista para mejorar su maltrecha imagen, inform\u00f3 hoy la agencia local de noticias Sapa. \"El plan es cambiar la percepci\u00f3n de la gente sobre \u00e9l\", dijo la especialista en comunicaci\u00f3n Sisanda Gqirana, que es","canonical_url":"https:\/\/eldigitaldeasturias.com\/magazine365\/el-polemico-nieto-de-mandela-contrata-a-una-publicista-para-mejorar-su-imagen\/","robots":"max-image-preview:large","keywords":"noticias y actualidad","webmasterTools":{"google-site-verification":"UA-38556648-1","miscellaneous":""},"schema":{"@context":"https:\/\/schema.org","@graph":[{"@type":"Article","@id":"https:\/\/eldigitaldeasturias.com\/magazine365\/el-polemico-nieto-de-mandela-contrata-a-una-publicista-para-mejorar-su-imagen\/#article","name":"El pol\u00e9mico nieto de Mandela contrata a una publicista para mejorar su imagen | El Digital de Asturias","headline":"El pol\u00e9mico nieto de Mandela contrata a una publicista para mejorar su imagen","author":{"@id":"https:\/\/eldigitaldeasturias.com\/magazine365\/author\/admin\/#author"},"publisher":{"@id":"https:\/\/eldigitaldeasturias.com\/magazine365\/#organization"},"image":{"@type":"ImageObject","url":"https:\/\/eldigitaldeasturias.com\/magazine365\/wp-content\/uploads\/2014\/06\/6324198w.jpg","width":800,"height":561},"datePublished":"2014-06-02T12:28:43+02:00","dateModified":"2014-06-02T12:28:43+02:00","inLanguage":"es-ES","mainEntityOfPage":{"@id":"https:\/\/eldigitaldeasturias.com\/magazine365\/el-polemico-nieto-de-mandela-contrata-a-una-publicista-para-mejorar-su-imagen\/#webpage"},"isPartOf":{"@id":"https:\/\/eldigitaldeasturias.com\/magazine365\/el-polemico-nieto-de-mandela-contrata-a-una-publicista-para-mejorar-su-imagen\/#webpage"},"articleSection":"Noticias y Actualidad"},{"@type":"BreadcrumbList","@id":"https:\/\/eldigitaldeasturias.com\/magazine365\/el-polemico-nieto-de-mandela-contrata-a-una-publicista-para-mejorar-su-imagen\/#breadcrumblist","itemListElement":[{"@type":"ListItem","@id":"https:\/\/eldigitaldeasturias.com\/magazine365#listItem","position":1,"name":"Home","item":"https:\/\/eldigitaldeasturias.com\/magazine365","nextItem":{"@type":"ListItem","@id":"https:\/\/eldigitaldeasturias.com\/magazine365\/category\/noticias-actualidad\/#listItem","name":"Noticias y Actualidad"}},{"@type":"ListItem","@id":"https:\/\/eldigitaldeasturias.com\/magazine365\/category\/noticias-actualidad\/#listItem","position":2,"name":"Noticias y Actualidad","item":"https:\/\/eldigitaldeasturias.com\/magazine365\/category\/noticias-actualidad\/","nextItem":{"@type":"ListItem","@id":"https:\/\/eldigitaldeasturias.com\/magazine365\/el-polemico-nieto-de-mandela-contrata-a-una-publicista-para-mejorar-su-imagen\/#listItem","name":"El pol\u00e9mico nieto de Mandela contrata a una publicista para mejorar su imagen"},"previousItem":{"@type":"ListItem","@id":"https:\/\/eldigitaldeasturias.com\/magazine365#listItem","name":"Home"}},{"@type":"ListItem","@id":"https:\/\/eldigitaldeasturias.com\/magazine365\/el-polemico-nieto-de-mandela-contrata-a-una-publicista-para-mejorar-su-imagen\/#listItem","position":3,"name":"El pol\u00e9mico nieto de Mandela contrata a una publicista para mejorar su imagen","previousItem":{"@type":"ListItem","@id":"https:\/\/eldigitaldeasturias.com\/magazine365\/category\/noticias-actualidad\/#listItem","name":"Noticias y Actualidad"}}]},{"@type":"Organization","@id":"https:\/\/eldigitaldeasturias.com\/magazine365\/#organization","name":"El digital de Asturias","description":"Revista de ocio, turismo y estilo de vida","url":"https:\/\/eldigitaldeasturias.com\/magazine365\/","logo":{"@type":"ImageObject","url":"https:\/\/www.eldigitaldeasturias.com\/noticias\/wp-content\/uploads\/2020\/12\/EDA.jpg","@id":"https:\/\/eldigitaldeasturias.com\/magazine365\/el-polemico-nieto-de-mandela-contrata-a-una-publicista-para-mejorar-su-imagen\/#organizationLogo"},"image":{"@id":"https:\/\/eldigitaldeasturias.com\/magazine365\/el-polemico-nieto-de-mandela-contrata-a-una-publicista-para-mejorar-su-imagen\/#organizationLogo"}},{"@type":"Person","@id":"https:\/\/eldigitaldeasturias.com\/magazine365\/author\/admin\/#author","url":"https:\/\/eldigitaldeasturias.com\/magazine365\/author\/admin\/","name":"admin","image":{"@type":"ImageObject","@id":"https:\/\/eldigitaldeasturias.com\/magazine365\/el-polemico-nieto-de-mandela-contrata-a-una-publicista-para-mejorar-su-imagen\/#authorImage","url":"https:\/\/eldigitaldeasturias.com\/magazine365\/wp-content\/litespeed\/avatar\/e571bcf59a0edd6fa6838245a470f2fe.jpg?ver=1777574230","width":96,"height":96,"caption":"admin"}},{"@type":"WebPage","@id":"https:\/\/eldigitaldeasturias.com\/magazine365\/el-polemico-nieto-de-mandela-contrata-a-una-publicista-para-mejorar-su-imagen\/#webpage","url":"https:\/\/eldigitaldeasturias.com\/magazine365\/el-polemico-nieto-de-mandela-contrata-a-una-publicista-para-mejorar-su-imagen\/","name":"El pol\u00e9mico nieto de Mandela contrata a una publicista para mejorar su imagen | El Digital de Asturias","description":"Johannesburgo, 2 jun (EFE).- Mandla Mandela, el nieto mayor y m\u00e1s pol\u00e9mico del difunto expresidente sudafricano Nelson Mandela, contrat\u00f3 a una publicista para mejorar su maltrecha imagen, inform\u00f3 hoy la agencia local de noticias Sapa. \"El plan es cambiar la percepci\u00f3n de la gente sobre \u00e9l\", dijo la especialista en comunicaci\u00f3n Sisanda Gqirana, que es","inLanguage":"es-ES","isPartOf":{"@id":"https:\/\/eldigitaldeasturias.com\/magazine365\/#website"},"breadcrumb":{"@id":"https:\/\/eldigitaldeasturias.com\/magazine365\/el-polemico-nieto-de-mandela-contrata-a-una-publicista-para-mejorar-su-imagen\/#breadcrumblist"},"author":{"@id":"https:\/\/eldigitaldeasturias.com\/magazine365\/author\/admin\/#author"},"creator":{"@id":"https:\/\/eldigitaldeasturias.com\/magazine365\/author\/admin\/#author"},"image":{"@type":"ImageObject","url":"https:\/\/eldigitaldeasturias.com\/magazine365\/wp-content\/uploads\/2014\/06\/6324198w.jpg","@id":"https:\/\/eldigitaldeasturias.com\/magazine365\/el-polemico-nieto-de-mandela-contrata-a-una-publicista-para-mejorar-su-imagen\/#mainImage","width":800,"height":561},"primaryImageOfPage":{"@id":"https:\/\/eldigitaldeasturias.com\/magazine365\/el-polemico-nieto-de-mandela-contrata-a-una-publicista-para-mejorar-su-imagen\/#mainImage"},"datePublished":"2014-06-02T12:28:43+02:00","dateModified":"2014-06-02T12:28:43+02:00"},{"@type":"WebSite","@id":"https:\/\/eldigitaldeasturias.com\/magazine365\/#website","url":"https:\/\/eldigitaldeasturias.com\/magazine365\/","name":"El Digital de Asturias","description":"Revista de ocio, turismo y estilo de vida","inLanguage":"es-ES","publisher":{"@id":"https:\/\/eldigitaldeasturias.com\/magazine365\/#organization"}}]},"og:locale":"es_ES","og:site_name":"El Digital de Asturias \u2013 Revista de ocio, turismo y estilo de vida","og:type":"article","og:title":"El pol\u00e9mico nieto de Mandela contrata a una publicista para mejorar su imagen | El Digital de Asturias","og:description":"Johannesburgo, 2 jun (EFE).- Mandla Mandela, el nieto mayor y m\u00e1s pol\u00e9mico del difunto expresidente sudafricano Nelson Mandela, contrat\u00f3 a una publicista para mejorar su maltrecha imagen, inform\u00f3 hoy la agencia local de noticias Sapa. &quot;El plan es cambiar la percepci\u00f3n de la gente sobre \u00e9l&quot;, dijo la especialista en comunicaci\u00f3n Sisanda Gqirana, que es","og:url":"https:\/\/eldigitaldeasturias.com\/magazine365\/el-polemico-nieto-de-mandela-contrata-a-una-publicista-para-mejorar-su-imagen\/","og:image":"https:\/\/eldigitaldeasturias.com\/magazine365\/wp-content\/uploads\/2014\/06\/6324198w.jpg","og:image:secure_url":"https:\/\/eldigitaldeasturias.com\/magazine365\/wp-content\/uploads\/2014\/06\/6324198w.jpg","og:image:width":800,"og:image:height":561,"article:published_time":"2014-06-02T14:28:43+00:00","article:modified_time":"2014-06-02T14:28:43+00:00","twitter:card":"summary_large_image","twitter:title":"El pol\u00e9mico nieto de Mandela contrata a una publicista para mejorar su imagen | El Digital de Asturias","twitter:description":"Johannesburgo, 2 jun (EFE).- Mandla Mandela, el nieto mayor y m\u00e1s pol\u00e9mico del difunto expresidente sudafricano Nelson Mandela, contrat\u00f3 a una publicista para mejorar su maltrecha imagen, inform\u00f3 hoy la agencia local de noticias Sapa. &quot;El plan es cambiar la percepci\u00f3n de la gente sobre \u00e9l&quot;, dijo la especialista en comunicaci\u00f3n Sisanda Gqirana, que es","twitter:image":"https:\/\/eldigitaldeasturias.com\/magazine365\/wp-content\/uploads\/2014\/06\/6324198w.jpg"},"aioseo_meta_data":{"post_id":"14766","title":null,"description":null,"keywords":null,"keyphrases":null,"primary_term":null,"canonical_url":null,"og_title":null,"og_description":null,"og_object_type":"default","og_image_type":"default","og_image_url":null,"og_image_width":null,"og_image_height":null,"og_image_custom_url":null,"og_image_custom_fields":null,"og_video":null,"og_custom_url":null,"og_article_section":null,"og_article_tags":null,"twitter_use_og":false,"twitter_card":"default","twitter_image_type":"default","twitter_image_url":null,"twitter_image_custom_url":null,"twitter_image_custom_fields":null,"twitter_title":null,"twitter_description":null,"schema":{"blockGraphs":[],"customGraphs":[],"default":{"data":{"Article":[],"Course":[],"Dataset":[],"FAQPage":[],"Movie":[],"Person":[],"Product":[],"ProductReview":[],"Car":[],"Recipe":[],"Service":[],"SoftwareApplication":[],"WebPage":[]},"graphName":"","isEnabled":true},"graphs":[],"defaultGraph":"","defaultPostTypeGraph":""},"schema_type":null,"schema_type_options":null,"pillar_content":false,"robots_default":true,"robots_noindex":false,"robots_noarchive":false,"robots_nosnippet":false,"robots_nofollow":false,"robots_noimageindex":false,"robots_noodp":false,"robots_notranslate":false,"robots_max_snippet":null,"robots_max_videopreview":null,"robots_max_imagepreview":"large","priority":null,"frequency":null,"location":null,"local_seo":null,"seo_analyzer_scan_date":"2025-09-17 10:45:57","breadcrumb_settings":null,"limit_modified_date":false,"open_ai":null,"ai":null,"created":"2021-03-09 08:10:42","updated":"2025-09-17 10:45:57"},"aioseo_breadcrumb":"<div class=\"aioseo-breadcrumbs\"><span class=\"aioseo-breadcrumb\">\n\t<a href=\"https:\/\/eldigitaldeasturias.com\/magazine365\" title=\"Home\">Home<\/a>\n<\/span><span class=\"aioseo-breadcrumb-separator\">\u2013<\/span><span class=\"aioseo-breadcrumb\">\n\t<a href=\"https:\/\/eldigitaldeasturias.com\/magazine365\/category\/noticias-actualidad\/\" title=\"Noticias y Actualidad\">Noticias y Actualidad<\/a>\n<\/span><span class=\"aioseo-breadcrumb-separator\">\u2013<\/span><span class=\"aioseo-breadcrumb\">\n\t<a href=\"https:\/\/eldigitaldeasturias.com\/magazine365\/el-polemico-nieto-de-mandela-contrata-a-una-publicista-para-mejorar-su-imagen\/\" title=\"El pol\u00e9mico nieto de Mandela contrata a una publicista para mejorar su imagen\">El pol\u00e9mico nieto de Mandela contrata a una publicista para mejorar su imagen<\/a>\n<\/span><\/div>","aioseo_breadcrumb_json":[{"label":"Home","link":"https:\/\/eldigitaldeasturias.com\/magazine365"},{"label":"Noticias y Actualidad","link":"https:\/\/eldigitaldeasturias.com\/magazine365\/category\/noticias-actualidad\/"},{"label":"El pol\u00e9mico nieto de Mandela contrata a una publicista para mejorar su imagen","link":"https:\/\/eldigitaldeasturias.com\/magazine365\/el-polemico-nieto-de-mandela-contrata-a-una-publicista-para-mejorar-su-imagen\/"}],"_links":{"self":[{"href":"https:\/\/eldigitaldeasturias.com\/magazine365\/wp-json\/wp\/v2\/posts\/14766","targetHints":{"allow":["GET"]}}],"collection":[{"href":"https:\/\/eldigitaldeasturias.com\/magazine365\/wp-json\/wp\/v2\/posts"}],"about":[{"href":"https:\/\/eldigitaldeasturias.com\/magazine365\/wp-json\/wp\/v2\/types\/post"}],"author":[{"embeddable":true,"href":"https:\/\/eldigitaldeasturias.com\/magazine365\/wp-json\/wp\/v2\/users\/1"}],"replies":[{"embeddable":true,"href":"https:\/\/eldigitaldeasturias.com\/magazine365\/wp-json\/wp\/v2\/comments?post=14766"}],"version-history":[{"count":0,"href":"https:\/\/eldigitaldeasturias.com\/magazine365\/wp-json\/wp\/v2\/posts\/14766\/revisions"}],"wp:featuredmedia":[{"embeddable":true,"href":"https:\/\/eldigitaldeasturias.com\/magazine365\/wp-json\/wp\/v2\/media\/14767"}],"wp:attachment":[{"href":"https:\/\/eldigitaldeasturias.com\/magazine365\/wp-json\/wp\/v2\/media?parent=14766"}],"wp:term":[{"taxonomy":"category","embeddable":true,"href":"https:\/\/eldigitaldeasturias.com\/magazine365\/wp-json\/wp\/v2\/categories?post=14766"},{"taxonomy":"post_tag","embeddable":true,"href":"https:\/\/eldigitaldeasturias.com\/magazine365\/wp-json\/wp\/v2\/tags?post=14766"}],"curies":[{"name":"wp","href":"https:\/\/api.w.org\/{rel}","templated":true}]}}