{"id":14757,"date":"2014-06-02T07:14:08","date_gmt":"2014-06-02T09:14:08","guid":{"rendered":"http:\/\/eldigitaldeasturias.com\/magazine365\/?p=14757"},"modified":"2014-06-02T07:14:08","modified_gmt":"2014-06-02T09:14:08","slug":"luz-casal-conquista-marruecos","status":"publish","type":"post","link":"https:\/\/eldigitaldeasturias.com\/magazine365\/luz-casal-conquista-marruecos\/","title":{"rendered":"Luz Casal conquista Marruecos"},"content":{"rendered":"<p><img fetchpriority=\"high\" decoding=\"async\" class=\"alignleft size-medium wp-image-14758\" alt=\"6323582w\" src=\"https:\/\/eldigitaldeasturias.com\/magazine365\/wp-content\/uploads\/2014\/06\/6323582w-360x239.jpg\" width=\"360\" height=\"239\" \/>Rabat, 2 jun (EFE).- Apareci\u00f3 en escena vestida con un elegante traje rojo y la gente se deshizo en halagos, silbidos y aplausos nada m\u00e1s verla; esta noche en Rabat una entregada Luz Casal conquist\u00f3 a un p\u00fablico que la mim\u00f3 durante m\u00e1s de hora y media de espect\u00e1culo.<\/p>\n<p>\u00abSalamu aleikum (la paz sea contigo), Hola, Bonsoir\u00bb. \u00abEs un honor estar aqu\u00ed con vosotros\u00bb, dijo en dariya (dialecto local) Casal (Boimorto, A Coru\u00f1a, 1958) en el Teatro Mohamed V de la capital marroqu\u00ed, en el marco del festival Mawazine, la cita musical m\u00e1s importante del a\u00f1o en el pa\u00eds.<\/p>\n<p>Una sala abarrotada de un p\u00fablico, cari\u00f1oso y familiar, que al grito de \u00abbravo\u00bb dio la bienvenida a la cantante espa\u00f1ola, la \u00abeterna enamorada\u00bb, como la calific\u00f3 la presentadora que poco antes dio paso a la artista.<\/p>\n<p>El tema \u00abAlmas gemelas\u00bb, t\u00edtulo de su nuevo disco y con el que se encuentra de gira internacional desde hace varios meses, fue el elegido como pistoletazo de salida en un espect\u00e1culo en el que Casal cant\u00f3 en italiano, espa\u00f1ol, portugu\u00e9s, gallego y franc\u00e9s.<\/p>\n<p>Precisamente, su \u00faltimo trabajo incluye una edici\u00f3n con siete temas que interpreta en varios idiomas como \u00abMi sono innamorata di te\u00bb, en italiano, que cant\u00f3 esta noche.<\/p>\n<p>\u00abEs la \u00fanica canci\u00f3n del mundo que jam\u00e1s terminar\u00e1\u00bb, afirm\u00f3 dirigi\u00e9ndose al p\u00fablico siempre en franc\u00e9s, sonriente y dulce, Casal, cuando termin\u00f3 de interpretar el bolero \u00abHistoria de un amor\u00bb.<\/p>\n<p>\u00ab\u00bfCu\u00e1ntas mujeres hay en la sala? \u00bfPod\u00e9is gritar muy fuerte? Esta canci\u00f3n es para vosotras\u00bb, exclam\u00f3 despu\u00e9s la artista, mientras acto seguido, y con muchas dosis interpretativas que no abandon\u00f3 durante todo el concierto, comenz\u00f3 a cantar \u00abNo me importa nada\u00bb, uno de sus grandes \u00e9xitos.<\/p>\n<p>A mitad del concierto, en el que las luces rojas -a juego con el color de su traje y sus botines- hicieron del escenario un espacio \u00edntimo, desapareci\u00f3 para regresar minutos despu\u00e9s con un glamuroso vestido negro largo con la espalda descubierta.<\/p>\n<p>Esta noche la cantante tambi\u00e9n conmemor\u00f3 a la gran poetisa espa\u00f1ola Rosal\u00eda de Castro con una canci\u00f3n del poema \u00abNegra Sombra\u00bb, que interpret\u00f3 en su lengua materna.<\/p>\n<p>\u00abEs un poema del siglo XIX que habla de una cosa muy profunda\u00bb, explic\u00f3, para acto seguido lanzarse con \u00abCando penso que te fuches, negra sombra que me asombras\u00bb.<\/p>\n<p>Con \u00abGracias a la Vida\u00bb record\u00f3 a otra mujer, la artista chilena Violeta Parra, compositora de la popular canci\u00f3n.<\/p>\n<p>\u00abUn nuevo d\u00eda brillar\u00e1\u00bb, \u00abNo, no y no\u00bb o su celebrado \u00abPiensa en mi\u00bb, que aparece en la pel\u00edcula de Pedro Almod\u00f3var \u00abTacones lejanos (1991)\u00bb, y que para interpretarlo se atavi\u00f3 con una boa de color rojo, fueron otras de las canciones que hicieron vibrar los asientos del teatro.<\/p>\n<p>La artista volvi\u00f3 una vez m\u00e1s a dejar hu\u00e9rfanos a sus fans para cambiarse por tercera y \u00faltima vez, y una Casal menos diva y m\u00e1s roquera volvi\u00f3 -con un vestido tambi\u00e9n negro y corto- para bailar sin descanso, en\u00e9rgica y divertida grandes temas de los 90 como \u00abLoca\u00bb o \u00abPedazo de Cielo\u00bb.<\/p>\n<p>Sac\u00f3 a su guitarrista a escena para bailar con \u00e9l, pidi\u00f3 al p\u00fablico, a quien hizo part\u00edcipe durante todo el concierto, corear sus canciones, agradeci\u00f3 su presencia y con un ramo de flores en una mano y la bandera de Marruecos enlazada como pudo a su cintura se despidi\u00f3 con un \u00abhasta la pr\u00f3xima\u00bb.<\/p>\n<p>Las luces se apagaron y se march\u00f3.<\/p>\n<p>Marta Miera<\/p>\n","protected":false},"excerpt":{"rendered":"<p>Rabat, 2 jun (EFE).- Apareci\u00f3 en escena vestida con un elegante traje rojo y la gente se deshizo en halagos, silbidos y aplausos nada m\u00e1s verla; esta noche en Rabat una entregada Luz Casal conquist\u00f3 a un p\u00fablico que la mim\u00f3 durante m\u00e1s de hora y media de espect\u00e1culo. \u00abSalamu aleikum (la paz sea contigo),<\/p>\n","protected":false},"author":1,"featured_media":14758,"comment_status":"open","ping_status":"closed","sticky":false,"template":"","format":"standard","meta":{"footnotes":""},"categories":[224],"tags":[],"class_list":{"0":"post-14757","1":"post","2":"type-post","3":"status-publish","4":"format-standard","5":"has-post-thumbnail","7":"category-noticias-actualidad"},"aioseo_notices":[],"aioseo_head":"\n\t\t<!-- All in One SEO Pro 4.9.6.1 - aioseo.com -->\n\t<meta name=\"description\" content=\"Rabat, 2 jun (EFE).- Apareci\u00f3 en escena vestida con un elegante traje rojo y la gente se deshizo en halagos, silbidos y aplausos nada m\u00e1s verla; esta noche en Rabat una entregada Luz Casal conquist\u00f3 a un p\u00fablico que la mim\u00f3 durante m\u00e1s de hora y media de espect\u00e1culo. &quot;Salamu aleikum (la paz sea contigo),\" \/>\n\t<meta name=\"robots\" content=\"max-image-preview:large\" \/>\n\t<meta name=\"author\" content=\"admin\"\/>\n\t<meta name=\"google-site-verification\" content=\"UA-38556648-1\" \/>\n\t<meta name=\"keywords\" content=\"noticias y actualidad\" \/>\n\t<link rel=\"canonical\" href=\"https:\/\/eldigitaldeasturias.com\/magazine365\/luz-casal-conquista-marruecos\/\" \/>\n\t<meta name=\"generator\" content=\"All in One SEO Pro (AIOSEO) 4.9.6.1\" \/>\n\t\t<meta property=\"og:locale\" content=\"es_ES\" \/>\n\t\t<meta property=\"og:site_name\" content=\"El Digital de Asturias \u2013 Revista de ocio, turismo y estilo de vida\" \/>\n\t\t<meta property=\"og:type\" content=\"article\" \/>\n\t\t<meta property=\"og:title\" content=\"Luz Casal conquista Marruecos | El Digital de Asturias\" \/>\n\t\t<meta property=\"og:description\" content=\"Rabat, 2 jun (EFE).- Apareci\u00f3 en escena vestida con un elegante traje rojo y la gente se deshizo en halagos, silbidos y aplausos nada m\u00e1s verla; esta noche en Rabat una entregada Luz Casal conquist\u00f3 a un p\u00fablico que la mim\u00f3 durante m\u00e1s de hora y media de espect\u00e1culo. &quot;Salamu aleikum (la paz sea contigo),\" \/>\n\t\t<meta property=\"og:url\" content=\"https:\/\/eldigitaldeasturias.com\/magazine365\/luz-casal-conquista-marruecos\/\" \/>\n\t\t<meta property=\"og:image\" content=\"https:\/\/eldigitaldeasturias.com\/magazine365\/wp-content\/uploads\/2014\/06\/6323582w.jpg\" \/>\n\t\t<meta property=\"og:image:secure_url\" content=\"https:\/\/eldigitaldeasturias.com\/magazine365\/wp-content\/uploads\/2014\/06\/6323582w.jpg\" \/>\n\t\t<meta property=\"og:image:width\" content=\"800\" \/>\n\t\t<meta property=\"og:image:height\" content=\"533\" \/>\n\t\t<meta property=\"article:published_time\" content=\"2014-06-02T09:14:08+00:00\" \/>\n\t\t<meta property=\"article:modified_time\" content=\"2014-06-02T09:14:08+00:00\" \/>\n\t\t<meta name=\"twitter:card\" content=\"summary_large_image\" \/>\n\t\t<meta name=\"twitter:title\" content=\"Luz Casal conquista Marruecos | El Digital de Asturias\" \/>\n\t\t<meta name=\"twitter:description\" content=\"Rabat, 2 jun (EFE).- Apareci\u00f3 en escena vestida con un elegante traje rojo y la gente se deshizo en halagos, silbidos y aplausos nada m\u00e1s verla; esta noche en Rabat una entregada Luz Casal conquist\u00f3 a un p\u00fablico que la mim\u00f3 durante m\u00e1s de hora y media de espect\u00e1culo. &quot;Salamu aleikum (la paz sea contigo),\" \/>\n\t\t<meta name=\"twitter:image\" content=\"https:\/\/eldigitaldeasturias.com\/magazine365\/wp-content\/uploads\/2014\/06\/6323582w.jpg\" \/>\n\t\t<script type=\"application\/ld+json\" class=\"aioseo-schema\">\n\t\t\t{\"@context\":\"https:\\\/\\\/schema.org\",\"@graph\":[{\"@type\":\"Article\",\"@id\":\"https:\\\/\\\/eldigitaldeasturias.com\\\/magazine365\\\/luz-casal-conquista-marruecos\\\/#article\",\"name\":\"Luz Casal conquista Marruecos | El Digital de Asturias\",\"headline\":\"Luz Casal conquista Marruecos\",\"author\":{\"@id\":\"https:\\\/\\\/eldigitaldeasturias.com\\\/magazine365\\\/author\\\/admin\\\/#author\"},\"publisher\":{\"@id\":\"https:\\\/\\\/eldigitaldeasturias.com\\\/magazine365\\\/#organization\"},\"image\":{\"@type\":\"ImageObject\",\"url\":\"https:\\\/\\\/eldigitaldeasturias.com\\\/magazine365\\\/wp-content\\\/uploads\\\/2014\\\/06\\\/6323582w.jpg\",\"width\":800,\"height\":533},\"datePublished\":\"2014-06-02T07:14:08+02:00\",\"dateModified\":\"2014-06-02T07:14:08+02:00\",\"inLanguage\":\"es-ES\",\"mainEntityOfPage\":{\"@id\":\"https:\\\/\\\/eldigitaldeasturias.com\\\/magazine365\\\/luz-casal-conquista-marruecos\\\/#webpage\"},\"isPartOf\":{\"@id\":\"https:\\\/\\\/eldigitaldeasturias.com\\\/magazine365\\\/luz-casal-conquista-marruecos\\\/#webpage\"},\"articleSection\":\"Noticias y Actualidad\"},{\"@type\":\"BreadcrumbList\",\"@id\":\"https:\\\/\\\/eldigitaldeasturias.com\\\/magazine365\\\/luz-casal-conquista-marruecos\\\/#breadcrumblist\",\"itemListElement\":[{\"@type\":\"ListItem\",\"@id\":\"https:\\\/\\\/eldigitaldeasturias.com\\\/magazine365#listItem\",\"position\":1,\"name\":\"Home\",\"item\":\"https:\\\/\\\/eldigitaldeasturias.com\\\/magazine365\",\"nextItem\":{\"@type\":\"ListItem\",\"@id\":\"https:\\\/\\\/eldigitaldeasturias.com\\\/magazine365\\\/category\\\/noticias-actualidad\\\/#listItem\",\"name\":\"Noticias y Actualidad\"}},{\"@type\":\"ListItem\",\"@id\":\"https:\\\/\\\/eldigitaldeasturias.com\\\/magazine365\\\/category\\\/noticias-actualidad\\\/#listItem\",\"position\":2,\"name\":\"Noticias y Actualidad\",\"item\":\"https:\\\/\\\/eldigitaldeasturias.com\\\/magazine365\\\/category\\\/noticias-actualidad\\\/\",\"nextItem\":{\"@type\":\"ListItem\",\"@id\":\"https:\\\/\\\/eldigitaldeasturias.com\\\/magazine365\\\/luz-casal-conquista-marruecos\\\/#listItem\",\"name\":\"Luz Casal conquista Marruecos\"},\"previousItem\":{\"@type\":\"ListItem\",\"@id\":\"https:\\\/\\\/eldigitaldeasturias.com\\\/magazine365#listItem\",\"name\":\"Home\"}},{\"@type\":\"ListItem\",\"@id\":\"https:\\\/\\\/eldigitaldeasturias.com\\\/magazine365\\\/luz-casal-conquista-marruecos\\\/#listItem\",\"position\":3,\"name\":\"Luz Casal conquista Marruecos\",\"previousItem\":{\"@type\":\"ListItem\",\"@id\":\"https:\\\/\\\/eldigitaldeasturias.com\\\/magazine365\\\/category\\\/noticias-actualidad\\\/#listItem\",\"name\":\"Noticias y Actualidad\"}}]},{\"@type\":\"Organization\",\"@id\":\"https:\\\/\\\/eldigitaldeasturias.com\\\/magazine365\\\/#organization\",\"name\":\"El digital de Asturias\",\"description\":\"Revista de ocio, turismo y estilo de vida\",\"url\":\"https:\\\/\\\/eldigitaldeasturias.com\\\/magazine365\\\/\",\"logo\":{\"@type\":\"ImageObject\",\"url\":\"https:\\\/\\\/www.eldigitaldeasturias.com\\\/noticias\\\/wp-content\\\/uploads\\\/2020\\\/12\\\/EDA.jpg\",\"@id\":\"https:\\\/\\\/eldigitaldeasturias.com\\\/magazine365\\\/luz-casal-conquista-marruecos\\\/#organizationLogo\"},\"image\":{\"@id\":\"https:\\\/\\\/eldigitaldeasturias.com\\\/magazine365\\\/luz-casal-conquista-marruecos\\\/#organizationLogo\"}},{\"@type\":\"Person\",\"@id\":\"https:\\\/\\\/eldigitaldeasturias.com\\\/magazine365\\\/author\\\/admin\\\/#author\",\"url\":\"https:\\\/\\\/eldigitaldeasturias.com\\\/magazine365\\\/author\\\/admin\\\/\",\"name\":\"admin\",\"image\":{\"@type\":\"ImageObject\",\"@id\":\"https:\\\/\\\/eldigitaldeasturias.com\\\/magazine365\\\/luz-casal-conquista-marruecos\\\/#authorImage\",\"url\":\"https:\\\/\\\/eldigitaldeasturias.com\\\/magazine365\\\/wp-content\\\/litespeed\\\/avatar\\\/e571bcf59a0edd6fa6838245a470f2fe.jpg?ver=1777574230\",\"width\":96,\"height\":96,\"caption\":\"admin\"}},{\"@type\":\"WebPage\",\"@id\":\"https:\\\/\\\/eldigitaldeasturias.com\\\/magazine365\\\/luz-casal-conquista-marruecos\\\/#webpage\",\"url\":\"https:\\\/\\\/eldigitaldeasturias.com\\\/magazine365\\\/luz-casal-conquista-marruecos\\\/\",\"name\":\"Luz Casal conquista Marruecos | El Digital de Asturias\",\"description\":\"Rabat, 2 jun (EFE).- Apareci\\u00f3 en escena vestida con un elegante traje rojo y la gente se deshizo en halagos, silbidos y aplausos nada m\\u00e1s verla; esta noche en Rabat una entregada Luz Casal conquist\\u00f3 a un p\\u00fablico que la mim\\u00f3 durante m\\u00e1s de hora y media de espect\\u00e1culo. \\\"Salamu aleikum (la paz sea contigo),\",\"inLanguage\":\"es-ES\",\"isPartOf\":{\"@id\":\"https:\\\/\\\/eldigitaldeasturias.com\\\/magazine365\\\/#website\"},\"breadcrumb\":{\"@id\":\"https:\\\/\\\/eldigitaldeasturias.com\\\/magazine365\\\/luz-casal-conquista-marruecos\\\/#breadcrumblist\"},\"author\":{\"@id\":\"https:\\\/\\\/eldigitaldeasturias.com\\\/magazine365\\\/author\\\/admin\\\/#author\"},\"creator\":{\"@id\":\"https:\\\/\\\/eldigitaldeasturias.com\\\/magazine365\\\/author\\\/admin\\\/#author\"},\"image\":{\"@type\":\"ImageObject\",\"url\":\"https:\\\/\\\/eldigitaldeasturias.com\\\/magazine365\\\/wp-content\\\/uploads\\\/2014\\\/06\\\/6323582w.jpg\",\"@id\":\"https:\\\/\\\/eldigitaldeasturias.com\\\/magazine365\\\/luz-casal-conquista-marruecos\\\/#mainImage\",\"width\":800,\"height\":533},\"primaryImageOfPage\":{\"@id\":\"https:\\\/\\\/eldigitaldeasturias.com\\\/magazine365\\\/luz-casal-conquista-marruecos\\\/#mainImage\"},\"datePublished\":\"2014-06-02T07:14:08+02:00\",\"dateModified\":\"2014-06-02T07:14:08+02:00\"},{\"@type\":\"WebSite\",\"@id\":\"https:\\\/\\\/eldigitaldeasturias.com\\\/magazine365\\\/#website\",\"url\":\"https:\\\/\\\/eldigitaldeasturias.com\\\/magazine365\\\/\",\"name\":\"El Digital de Asturias\",\"description\":\"Revista de ocio, turismo y estilo de vida\",\"inLanguage\":\"es-ES\",\"publisher\":{\"@id\":\"https:\\\/\\\/eldigitaldeasturias.com\\\/magazine365\\\/#organization\"}}]}\n\t\t<\/script>\n\t\t<!-- All in One SEO Pro -->\r\n\t\t<title>Luz Casal conquista Marruecos | El Digital de Asturias<\/title>\n\n","aioseo_head_json":{"title":"Luz Casal conquista Marruecos | El Digital de Asturias","description":"Rabat, 2 jun (EFE).- Apareci\u00f3 en escena vestida con un elegante traje rojo y la gente se deshizo en halagos, silbidos y aplausos nada m\u00e1s verla; esta noche en Rabat una entregada Luz Casal conquist\u00f3 a un p\u00fablico que la mim\u00f3 durante m\u00e1s de hora y media de espect\u00e1culo. \"Salamu aleikum (la paz sea contigo),","canonical_url":"https:\/\/eldigitaldeasturias.com\/magazine365\/luz-casal-conquista-marruecos\/","robots":"max-image-preview:large","keywords":"noticias y actualidad","webmasterTools":{"google-site-verification":"UA-38556648-1","miscellaneous":""},"schema":{"@context":"https:\/\/schema.org","@graph":[{"@type":"Article","@id":"https:\/\/eldigitaldeasturias.com\/magazine365\/luz-casal-conquista-marruecos\/#article","name":"Luz Casal conquista Marruecos | El Digital de Asturias","headline":"Luz Casal conquista Marruecos","author":{"@id":"https:\/\/eldigitaldeasturias.com\/magazine365\/author\/admin\/#author"},"publisher":{"@id":"https:\/\/eldigitaldeasturias.com\/magazine365\/#organization"},"image":{"@type":"ImageObject","url":"https:\/\/eldigitaldeasturias.com\/magazine365\/wp-content\/uploads\/2014\/06\/6323582w.jpg","width":800,"height":533},"datePublished":"2014-06-02T07:14:08+02:00","dateModified":"2014-06-02T07:14:08+02:00","inLanguage":"es-ES","mainEntityOfPage":{"@id":"https:\/\/eldigitaldeasturias.com\/magazine365\/luz-casal-conquista-marruecos\/#webpage"},"isPartOf":{"@id":"https:\/\/eldigitaldeasturias.com\/magazine365\/luz-casal-conquista-marruecos\/#webpage"},"articleSection":"Noticias y Actualidad"},{"@type":"BreadcrumbList","@id":"https:\/\/eldigitaldeasturias.com\/magazine365\/luz-casal-conquista-marruecos\/#breadcrumblist","itemListElement":[{"@type":"ListItem","@id":"https:\/\/eldigitaldeasturias.com\/magazine365#listItem","position":1,"name":"Home","item":"https:\/\/eldigitaldeasturias.com\/magazine365","nextItem":{"@type":"ListItem","@id":"https:\/\/eldigitaldeasturias.com\/magazine365\/category\/noticias-actualidad\/#listItem","name":"Noticias y Actualidad"}},{"@type":"ListItem","@id":"https:\/\/eldigitaldeasturias.com\/magazine365\/category\/noticias-actualidad\/#listItem","position":2,"name":"Noticias y Actualidad","item":"https:\/\/eldigitaldeasturias.com\/magazine365\/category\/noticias-actualidad\/","nextItem":{"@type":"ListItem","@id":"https:\/\/eldigitaldeasturias.com\/magazine365\/luz-casal-conquista-marruecos\/#listItem","name":"Luz Casal conquista Marruecos"},"previousItem":{"@type":"ListItem","@id":"https:\/\/eldigitaldeasturias.com\/magazine365#listItem","name":"Home"}},{"@type":"ListItem","@id":"https:\/\/eldigitaldeasturias.com\/magazine365\/luz-casal-conquista-marruecos\/#listItem","position":3,"name":"Luz Casal conquista Marruecos","previousItem":{"@type":"ListItem","@id":"https:\/\/eldigitaldeasturias.com\/magazine365\/category\/noticias-actualidad\/#listItem","name":"Noticias y Actualidad"}}]},{"@type":"Organization","@id":"https:\/\/eldigitaldeasturias.com\/magazine365\/#organization","name":"El digital de Asturias","description":"Revista de ocio, turismo y estilo de vida","url":"https:\/\/eldigitaldeasturias.com\/magazine365\/","logo":{"@type":"ImageObject","url":"https:\/\/www.eldigitaldeasturias.com\/noticias\/wp-content\/uploads\/2020\/12\/EDA.jpg","@id":"https:\/\/eldigitaldeasturias.com\/magazine365\/luz-casal-conquista-marruecos\/#organizationLogo"},"image":{"@id":"https:\/\/eldigitaldeasturias.com\/magazine365\/luz-casal-conquista-marruecos\/#organizationLogo"}},{"@type":"Person","@id":"https:\/\/eldigitaldeasturias.com\/magazine365\/author\/admin\/#author","url":"https:\/\/eldigitaldeasturias.com\/magazine365\/author\/admin\/","name":"admin","image":{"@type":"ImageObject","@id":"https:\/\/eldigitaldeasturias.com\/magazine365\/luz-casal-conquista-marruecos\/#authorImage","url":"https:\/\/eldigitaldeasturias.com\/magazine365\/wp-content\/litespeed\/avatar\/e571bcf59a0edd6fa6838245a470f2fe.jpg?ver=1777574230","width":96,"height":96,"caption":"admin"}},{"@type":"WebPage","@id":"https:\/\/eldigitaldeasturias.com\/magazine365\/luz-casal-conquista-marruecos\/#webpage","url":"https:\/\/eldigitaldeasturias.com\/magazine365\/luz-casal-conquista-marruecos\/","name":"Luz Casal conquista Marruecos | El Digital de Asturias","description":"Rabat, 2 jun (EFE).- Apareci\u00f3 en escena vestida con un elegante traje rojo y la gente se deshizo en halagos, silbidos y aplausos nada m\u00e1s verla; esta noche en Rabat una entregada Luz Casal conquist\u00f3 a un p\u00fablico que la mim\u00f3 durante m\u00e1s de hora y media de espect\u00e1culo. \"Salamu aleikum (la paz sea contigo),","inLanguage":"es-ES","isPartOf":{"@id":"https:\/\/eldigitaldeasturias.com\/magazine365\/#website"},"breadcrumb":{"@id":"https:\/\/eldigitaldeasturias.com\/magazine365\/luz-casal-conquista-marruecos\/#breadcrumblist"},"author":{"@id":"https:\/\/eldigitaldeasturias.com\/magazine365\/author\/admin\/#author"},"creator":{"@id":"https:\/\/eldigitaldeasturias.com\/magazine365\/author\/admin\/#author"},"image":{"@type":"ImageObject","url":"https:\/\/eldigitaldeasturias.com\/magazine365\/wp-content\/uploads\/2014\/06\/6323582w.jpg","@id":"https:\/\/eldigitaldeasturias.com\/magazine365\/luz-casal-conquista-marruecos\/#mainImage","width":800,"height":533},"primaryImageOfPage":{"@id":"https:\/\/eldigitaldeasturias.com\/magazine365\/luz-casal-conquista-marruecos\/#mainImage"},"datePublished":"2014-06-02T07:14:08+02:00","dateModified":"2014-06-02T07:14:08+02:00"},{"@type":"WebSite","@id":"https:\/\/eldigitaldeasturias.com\/magazine365\/#website","url":"https:\/\/eldigitaldeasturias.com\/magazine365\/","name":"El Digital de Asturias","description":"Revista de ocio, turismo y estilo de vida","inLanguage":"es-ES","publisher":{"@id":"https:\/\/eldigitaldeasturias.com\/magazine365\/#organization"}}]},"og:locale":"es_ES","og:site_name":"El Digital de Asturias \u2013 Revista de ocio, turismo y estilo de vida","og:type":"article","og:title":"Luz Casal conquista Marruecos | El Digital de Asturias","og:description":"Rabat, 2 jun (EFE).- Apareci\u00f3 en escena vestida con un elegante traje rojo y la gente se deshizo en halagos, silbidos y aplausos nada m\u00e1s verla; esta noche en Rabat una entregada Luz Casal conquist\u00f3 a un p\u00fablico que la mim\u00f3 durante m\u00e1s de hora y media de espect\u00e1culo. &quot;Salamu aleikum (la paz sea contigo),","og:url":"https:\/\/eldigitaldeasturias.com\/magazine365\/luz-casal-conquista-marruecos\/","og:image":"https:\/\/eldigitaldeasturias.com\/magazine365\/wp-content\/uploads\/2014\/06\/6323582w.jpg","og:image:secure_url":"https:\/\/eldigitaldeasturias.com\/magazine365\/wp-content\/uploads\/2014\/06\/6323582w.jpg","og:image:width":800,"og:image:height":533,"article:published_time":"2014-06-02T09:14:08+00:00","article:modified_time":"2014-06-02T09:14:08+00:00","twitter:card":"summary_large_image","twitter:title":"Luz Casal conquista Marruecos | El Digital de Asturias","twitter:description":"Rabat, 2 jun (EFE).- Apareci\u00f3 en escena vestida con un elegante traje rojo y la gente se deshizo en halagos, silbidos y aplausos nada m\u00e1s verla; esta noche en Rabat una entregada Luz Casal conquist\u00f3 a un p\u00fablico que la mim\u00f3 durante m\u00e1s de hora y media de espect\u00e1culo. &quot;Salamu aleikum (la paz sea contigo),","twitter:image":"https:\/\/eldigitaldeasturias.com\/magazine365\/wp-content\/uploads\/2014\/06\/6323582w.jpg"},"aioseo_meta_data":{"post_id":"14757","title":null,"description":null,"keywords":null,"keyphrases":null,"primary_term":null,"canonical_url":null,"og_title":null,"og_description":null,"og_object_type":"default","og_image_type":"default","og_image_url":null,"og_image_width":null,"og_image_height":null,"og_image_custom_url":null,"og_image_custom_fields":null,"og_video":null,"og_custom_url":null,"og_article_section":null,"og_article_tags":null,"twitter_use_og":false,"twitter_card":"default","twitter_image_type":"default","twitter_image_url":null,"twitter_image_custom_url":null,"twitter_image_custom_fields":null,"twitter_title":null,"twitter_description":null,"schema":{"blockGraphs":[],"customGraphs":[],"default":{"data":{"Article":[],"Course":[],"Dataset":[],"FAQPage":[],"Movie":[],"Person":[],"Product":[],"ProductReview":[],"Car":[],"Recipe":[],"Service":[],"SoftwareApplication":[],"WebPage":[]},"graphName":"","isEnabled":true},"graphs":[],"defaultGraph":"","defaultPostTypeGraph":""},"schema_type":null,"schema_type_options":null,"pillar_content":false,"robots_default":true,"robots_noindex":false,"robots_noarchive":false,"robots_nosnippet":false,"robots_nofollow":false,"robots_noimageindex":false,"robots_noodp":false,"robots_notranslate":false,"robots_max_snippet":null,"robots_max_videopreview":null,"robots_max_imagepreview":"large","priority":null,"frequency":null,"location":null,"local_seo":null,"seo_analyzer_scan_date":"2025-09-17 10:44:22","breadcrumb_settings":null,"limit_modified_date":false,"open_ai":null,"ai":null,"created":"2021-03-09 08:10:42","updated":"2025-09-17 10:44:22"},"aioseo_breadcrumb":"<div class=\"aioseo-breadcrumbs\"><span class=\"aioseo-breadcrumb\">\n\t<a href=\"https:\/\/eldigitaldeasturias.com\/magazine365\" title=\"Home\">Home<\/a>\n<\/span><span class=\"aioseo-breadcrumb-separator\">\u2013<\/span><span class=\"aioseo-breadcrumb\">\n\t<a href=\"https:\/\/eldigitaldeasturias.com\/magazine365\/category\/noticias-actualidad\/\" title=\"Noticias y Actualidad\">Noticias y Actualidad<\/a>\n<\/span><span class=\"aioseo-breadcrumb-separator\">\u2013<\/span><span class=\"aioseo-breadcrumb\">\n\t<a href=\"https:\/\/eldigitaldeasturias.com\/magazine365\/luz-casal-conquista-marruecos\/\" title=\"Luz Casal conquista Marruecos\">Luz Casal conquista Marruecos<\/a>\n<\/span><\/div>","aioseo_breadcrumb_json":[{"label":"Home","link":"https:\/\/eldigitaldeasturias.com\/magazine365"},{"label":"Noticias y Actualidad","link":"https:\/\/eldigitaldeasturias.com\/magazine365\/category\/noticias-actualidad\/"},{"label":"Luz Casal conquista Marruecos","link":"https:\/\/eldigitaldeasturias.com\/magazine365\/luz-casal-conquista-marruecos\/"}],"_links":{"self":[{"href":"https:\/\/eldigitaldeasturias.com\/magazine365\/wp-json\/wp\/v2\/posts\/14757","targetHints":{"allow":["GET"]}}],"collection":[{"href":"https:\/\/eldigitaldeasturias.com\/magazine365\/wp-json\/wp\/v2\/posts"}],"about":[{"href":"https:\/\/eldigitaldeasturias.com\/magazine365\/wp-json\/wp\/v2\/types\/post"}],"author":[{"embeddable":true,"href":"https:\/\/eldigitaldeasturias.com\/magazine365\/wp-json\/wp\/v2\/users\/1"}],"replies":[{"embeddable":true,"href":"https:\/\/eldigitaldeasturias.com\/magazine365\/wp-json\/wp\/v2\/comments?post=14757"}],"version-history":[{"count":0,"href":"https:\/\/eldigitaldeasturias.com\/magazine365\/wp-json\/wp\/v2\/posts\/14757\/revisions"}],"wp:featuredmedia":[{"embeddable":true,"href":"https:\/\/eldigitaldeasturias.com\/magazine365\/wp-json\/wp\/v2\/media\/14758"}],"wp:attachment":[{"href":"https:\/\/eldigitaldeasturias.com\/magazine365\/wp-json\/wp\/v2\/media?parent=14757"}],"wp:term":[{"taxonomy":"category","embeddable":true,"href":"https:\/\/eldigitaldeasturias.com\/magazine365\/wp-json\/wp\/v2\/categories?post=14757"},{"taxonomy":"post_tag","embeddable":true,"href":"https:\/\/eldigitaldeasturias.com\/magazine365\/wp-json\/wp\/v2\/tags?post=14757"}],"curies":[{"name":"wp","href":"https:\/\/api.w.org\/{rel}","templated":true}]}}