{"id":14751,"date":"2014-06-02T07:11:47","date_gmt":"2014-06-02T09:11:47","guid":{"rendered":"http:\/\/eldigitaldeasturias.com\/magazine365\/?p=14751"},"modified":"2014-06-02T07:11:47","modified_gmt":"2014-06-02T09:11:47","slug":"miles-de-personas-se-untan-de-rojo-en-la-tomatina-colombiana","status":"publish","type":"post","link":"https:\/\/eldigitaldeasturias.com\/magazine365\/miles-de-personas-se-untan-de-rojo-en-la-tomatina-colombiana\/","title":{"rendered":"Miles de personas se untan de rojo en la tomatina colombiana"},"content":{"rendered":"<p><img fetchpriority=\"high\" decoding=\"async\" class=\"alignleft size-medium wp-image-14752\" alt=\"6323592w\" src=\"https:\/\/eldigitaldeasturias.com\/magazine365\/wp-content\/uploads\/2014\/06\/6323592w-360x249.jpg\" width=\"360\" height=\"249\" srcset=\"https:\/\/eldigitaldeasturias.com\/magazine365\/wp-content\/uploads\/2014\/06\/6323592w-360x249.jpg 360w, https:\/\/eldigitaldeasturias.com\/magazine365\/wp-content\/uploads\/2014\/06\/6323592w-650x450.jpg 650w, https:\/\/eldigitaldeasturias.com\/magazine365\/wp-content\/uploads\/2014\/06\/6323592w-768x532.jpg 768w, https:\/\/eldigitaldeasturias.com\/magazine365\/wp-content\/uploads\/2014\/06\/6323592w-150x104.jpg 150w, https:\/\/eldigitaldeasturias.com\/magazine365\/wp-content\/uploads\/2014\/06\/6323592w-450x312.jpg 450w, https:\/\/eldigitaldeasturias.com\/magazine365\/wp-content\/uploads\/2014\/06\/6323592w-100x70.jpg 100w, https:\/\/eldigitaldeasturias.com\/magazine365\/wp-content\/uploads\/2014\/06\/6323592w-218x150.jpg 218w, https:\/\/eldigitaldeasturias.com\/magazine365\/wp-content\/uploads\/2014\/06\/6323592w-696x482.jpg 696w, https:\/\/eldigitaldeasturias.com\/magazine365\/wp-content\/uploads\/2014\/06\/6323592w-606x420.jpg 606w, https:\/\/eldigitaldeasturias.com\/magazine365\/wp-content\/uploads\/2014\/06\/6323592w.jpg 800w\" sizes=\"(max-width: 360px) 100vw, 360px\" \/>Sutamarch\u00e1n (Colombia), 2 jun (EFE).- Miles de personas participaron en la octava edici\u00f3n de la \u00abtomatina\u00bb colombiana en la localidad de Sutamarch\u00e1n, en el centro del pa\u00eds, una guerra de tomates que celebra la cosecha de este fruto.<\/p>\n<p>Habitantes de este pueblo del departamento de Boyac\u00e1, unos 170 kil\u00f3metros al norte de Bogot\u00e1, y centenares de visitantes, se congregaron en el estadio de f\u00fatbol de Sutamarch\u00e1n para tomar parte en esta fiesta inspirada en la Tomatina de Bu\u00f1ol (Espa\u00f1a).<\/p>\n<p>Primero fueron los ni\u00f1os los que se arrojaron tomates y luego fue el turno de los adultos, quienes durante aproximadamente una hora participaron en esta singular actividad de la cual salieron algunos golpeados en el rostro.<\/p>\n<p>Antes de iniciar la tomatina la poblaci\u00f3n rindi\u00f3 un homenaje al campe\u00f3n del Giro de Italia, Nairo Quintana, que es oriundo de la misma zona, formando una bicicleta de tomates en el campo de f\u00fatbol.<\/p>\n<p>En la tomatina de hoy se usaron cerca de diez toneladas de tomate producidos en la regi\u00f3n de Sutamarch\u00e1n, capital colombiana de este producto agr\u00edcola, y que por diversas razones no re\u00fanen las condiciones necesarias para llevarlo a los mercados, seg\u00fan los organizadores.<\/p>\n<p>\u00abLa tomatina es una excusa para compartir un momento de alegr\u00eda y diversi\u00f3n, y para fomentar el cultivo del tomate del que vive toda esta regi\u00f3n\u00bb, dijo Heynner Su\u00e1rez, presidente de la Corporaci\u00f3n Tomatina Colombiana.<\/p>\n<p>En el departamento de Boyac\u00e1, unos 2.100 productores se dedican al cultivo del tomate, actividad que genera unos 3.800 empleos directos y 4.700 indirectos.<\/p>\n","protected":false},"excerpt":{"rendered":"<p>Sutamarch\u00e1n (Colombia), 2 jun (EFE).- Miles de personas participaron en la octava edici\u00f3n de la \u00abtomatina\u00bb colombiana en la localidad de Sutamarch\u00e1n, en el centro del pa\u00eds, una guerra de tomates que celebra la cosecha de este fruto. Habitantes de este pueblo del departamento de Boyac\u00e1, unos 170 kil\u00f3metros al norte de Bogot\u00e1, y centenares<\/p>\n","protected":false},"author":1,"featured_media":14752,"comment_status":"open","ping_status":"closed","sticky":false,"template":"","format":"standard","meta":{"footnotes":""},"categories":[224],"tags":[],"class_list":{"0":"post-14751","1":"post","2":"type-post","3":"status-publish","4":"format-standard","5":"has-post-thumbnail","7":"category-noticias-actualidad"},"aioseo_notices":[],"aioseo_head":"\n\t\t<!-- All in One SEO Pro 4.9.6.1 - aioseo.com -->\n\t<meta name=\"description\" content=\"Sutamarch\u00e1n (Colombia), 2 jun (EFE).- Miles de personas participaron en la octava edici\u00f3n de la &quot;tomatina&quot; colombiana en la localidad de Sutamarch\u00e1n, en el centro del pa\u00eds, una guerra de tomates que celebra la cosecha de este fruto. Habitantes de este pueblo del departamento de Boyac\u00e1, unos 170 kil\u00f3metros al norte de Bogot\u00e1, y centenares\" \/>\n\t<meta name=\"robots\" content=\"max-image-preview:large\" \/>\n\t<meta name=\"author\" content=\"admin\"\/>\n\t<meta name=\"google-site-verification\" content=\"UA-38556648-1\" \/>\n\t<meta name=\"keywords\" content=\"noticias y actualidad\" \/>\n\t<link rel=\"canonical\" href=\"https:\/\/eldigitaldeasturias.com\/magazine365\/miles-de-personas-se-untan-de-rojo-en-la-tomatina-colombiana\/\" \/>\n\t<meta name=\"generator\" content=\"All in One SEO Pro (AIOSEO) 4.9.6.1\" \/>\n\t\t<meta property=\"og:locale\" content=\"es_ES\" \/>\n\t\t<meta property=\"og:site_name\" content=\"El Digital de Asturias \u2013 Revista de ocio, turismo y estilo de vida\" \/>\n\t\t<meta property=\"og:type\" content=\"article\" \/>\n\t\t<meta property=\"og:title\" content=\"Miles de personas se untan de rojo en la tomatina colombiana | El Digital de Asturias\" \/>\n\t\t<meta property=\"og:description\" content=\"Sutamarch\u00e1n (Colombia), 2 jun (EFE).- Miles de personas participaron en la octava edici\u00f3n de la &quot;tomatina&quot; colombiana en la localidad de Sutamarch\u00e1n, en el centro del pa\u00eds, una guerra de tomates que celebra la cosecha de este fruto. Habitantes de este pueblo del departamento de Boyac\u00e1, unos 170 kil\u00f3metros al norte de Bogot\u00e1, y centenares\" \/>\n\t\t<meta property=\"og:url\" content=\"https:\/\/eldigitaldeasturias.com\/magazine365\/miles-de-personas-se-untan-de-rojo-en-la-tomatina-colombiana\/\" \/>\n\t\t<meta property=\"og:image\" content=\"https:\/\/eldigitaldeasturias.com\/magazine365\/wp-content\/uploads\/2014\/06\/6323592w.jpg\" \/>\n\t\t<meta property=\"og:image:secure_url\" content=\"https:\/\/eldigitaldeasturias.com\/magazine365\/wp-content\/uploads\/2014\/06\/6323592w.jpg\" \/>\n\t\t<meta property=\"og:image:width\" content=\"800\" \/>\n\t\t<meta property=\"og:image:height\" content=\"554\" \/>\n\t\t<meta property=\"article:published_time\" content=\"2014-06-02T09:11:47+00:00\" \/>\n\t\t<meta property=\"article:modified_time\" content=\"2014-06-02T09:11:47+00:00\" \/>\n\t\t<meta name=\"twitter:card\" content=\"summary_large_image\" \/>\n\t\t<meta name=\"twitter:title\" content=\"Miles de personas se untan de rojo en la tomatina colombiana | El Digital de Asturias\" \/>\n\t\t<meta name=\"twitter:description\" content=\"Sutamarch\u00e1n (Colombia), 2 jun (EFE).- Miles de personas participaron en la octava edici\u00f3n de la &quot;tomatina&quot; colombiana en la localidad de Sutamarch\u00e1n, en el centro del pa\u00eds, una guerra de tomates que celebra la cosecha de este fruto. Habitantes de este pueblo del departamento de Boyac\u00e1, unos 170 kil\u00f3metros al norte de Bogot\u00e1, y centenares\" \/>\n\t\t<meta name=\"twitter:image\" content=\"https:\/\/eldigitaldeasturias.com\/magazine365\/wp-content\/uploads\/2014\/06\/6323592w.jpg\" \/>\n\t\t<script type=\"application\/ld+json\" class=\"aioseo-schema\">\n\t\t\t{\"@context\":\"https:\\\/\\\/schema.org\",\"@graph\":[{\"@type\":\"Article\",\"@id\":\"https:\\\/\\\/eldigitaldeasturias.com\\\/magazine365\\\/miles-de-personas-se-untan-de-rojo-en-la-tomatina-colombiana\\\/#article\",\"name\":\"Miles de personas se untan de rojo en la tomatina colombiana | El Digital de Asturias\",\"headline\":\"Miles de personas se untan de rojo en la tomatina colombiana\",\"author\":{\"@id\":\"https:\\\/\\\/eldigitaldeasturias.com\\\/magazine365\\\/author\\\/admin\\\/#author\"},\"publisher\":{\"@id\":\"https:\\\/\\\/eldigitaldeasturias.com\\\/magazine365\\\/#organization\"},\"image\":{\"@type\":\"ImageObject\",\"url\":\"https:\\\/\\\/eldigitaldeasturias.com\\\/magazine365\\\/wp-content\\\/uploads\\\/2014\\\/06\\\/6323592w.jpg\",\"width\":800,\"height\":554},\"datePublished\":\"2014-06-02T07:11:47+02:00\",\"dateModified\":\"2014-06-02T07:11:47+02:00\",\"inLanguage\":\"es-ES\",\"mainEntityOfPage\":{\"@id\":\"https:\\\/\\\/eldigitaldeasturias.com\\\/magazine365\\\/miles-de-personas-se-untan-de-rojo-en-la-tomatina-colombiana\\\/#webpage\"},\"isPartOf\":{\"@id\":\"https:\\\/\\\/eldigitaldeasturias.com\\\/magazine365\\\/miles-de-personas-se-untan-de-rojo-en-la-tomatina-colombiana\\\/#webpage\"},\"articleSection\":\"Noticias y Actualidad\"},{\"@type\":\"BreadcrumbList\",\"@id\":\"https:\\\/\\\/eldigitaldeasturias.com\\\/magazine365\\\/miles-de-personas-se-untan-de-rojo-en-la-tomatina-colombiana\\\/#breadcrumblist\",\"itemListElement\":[{\"@type\":\"ListItem\",\"@id\":\"https:\\\/\\\/eldigitaldeasturias.com\\\/magazine365#listItem\",\"position\":1,\"name\":\"Home\",\"item\":\"https:\\\/\\\/eldigitaldeasturias.com\\\/magazine365\",\"nextItem\":{\"@type\":\"ListItem\",\"@id\":\"https:\\\/\\\/eldigitaldeasturias.com\\\/magazine365\\\/category\\\/noticias-actualidad\\\/#listItem\",\"name\":\"Noticias y Actualidad\"}},{\"@type\":\"ListItem\",\"@id\":\"https:\\\/\\\/eldigitaldeasturias.com\\\/magazine365\\\/category\\\/noticias-actualidad\\\/#listItem\",\"position\":2,\"name\":\"Noticias y Actualidad\",\"item\":\"https:\\\/\\\/eldigitaldeasturias.com\\\/magazine365\\\/category\\\/noticias-actualidad\\\/\",\"nextItem\":{\"@type\":\"ListItem\",\"@id\":\"https:\\\/\\\/eldigitaldeasturias.com\\\/magazine365\\\/miles-de-personas-se-untan-de-rojo-en-la-tomatina-colombiana\\\/#listItem\",\"name\":\"Miles de personas se untan de rojo en la tomatina colombiana\"},\"previousItem\":{\"@type\":\"ListItem\",\"@id\":\"https:\\\/\\\/eldigitaldeasturias.com\\\/magazine365#listItem\",\"name\":\"Home\"}},{\"@type\":\"ListItem\",\"@id\":\"https:\\\/\\\/eldigitaldeasturias.com\\\/magazine365\\\/miles-de-personas-se-untan-de-rojo-en-la-tomatina-colombiana\\\/#listItem\",\"position\":3,\"name\":\"Miles de personas se untan de rojo en la tomatina colombiana\",\"previousItem\":{\"@type\":\"ListItem\",\"@id\":\"https:\\\/\\\/eldigitaldeasturias.com\\\/magazine365\\\/category\\\/noticias-actualidad\\\/#listItem\",\"name\":\"Noticias y Actualidad\"}}]},{\"@type\":\"Organization\",\"@id\":\"https:\\\/\\\/eldigitaldeasturias.com\\\/magazine365\\\/#organization\",\"name\":\"El digital de Asturias\",\"description\":\"Revista de ocio, turismo y estilo de vida\",\"url\":\"https:\\\/\\\/eldigitaldeasturias.com\\\/magazine365\\\/\",\"logo\":{\"@type\":\"ImageObject\",\"url\":\"https:\\\/\\\/www.eldigitaldeasturias.com\\\/noticias\\\/wp-content\\\/uploads\\\/2020\\\/12\\\/EDA.jpg\",\"@id\":\"https:\\\/\\\/eldigitaldeasturias.com\\\/magazine365\\\/miles-de-personas-se-untan-de-rojo-en-la-tomatina-colombiana\\\/#organizationLogo\"},\"image\":{\"@id\":\"https:\\\/\\\/eldigitaldeasturias.com\\\/magazine365\\\/miles-de-personas-se-untan-de-rojo-en-la-tomatina-colombiana\\\/#organizationLogo\"}},{\"@type\":\"Person\",\"@id\":\"https:\\\/\\\/eldigitaldeasturias.com\\\/magazine365\\\/author\\\/admin\\\/#author\",\"url\":\"https:\\\/\\\/eldigitaldeasturias.com\\\/magazine365\\\/author\\\/admin\\\/\",\"name\":\"admin\",\"image\":{\"@type\":\"ImageObject\",\"@id\":\"https:\\\/\\\/eldigitaldeasturias.com\\\/magazine365\\\/miles-de-personas-se-untan-de-rojo-en-la-tomatina-colombiana\\\/#authorImage\",\"url\":\"https:\\\/\\\/eldigitaldeasturias.com\\\/magazine365\\\/wp-content\\\/litespeed\\\/avatar\\\/e571bcf59a0edd6fa6838245a470f2fe.jpg?ver=1777574230\",\"width\":96,\"height\":96,\"caption\":\"admin\"}},{\"@type\":\"WebPage\",\"@id\":\"https:\\\/\\\/eldigitaldeasturias.com\\\/magazine365\\\/miles-de-personas-se-untan-de-rojo-en-la-tomatina-colombiana\\\/#webpage\",\"url\":\"https:\\\/\\\/eldigitaldeasturias.com\\\/magazine365\\\/miles-de-personas-se-untan-de-rojo-en-la-tomatina-colombiana\\\/\",\"name\":\"Miles de personas se untan de rojo en la tomatina colombiana | El Digital de Asturias\",\"description\":\"Sutamarch\\u00e1n (Colombia), 2 jun (EFE).- Miles de personas participaron en la octava edici\\u00f3n de la \\\"tomatina\\\" colombiana en la localidad de Sutamarch\\u00e1n, en el centro del pa\\u00eds, una guerra de tomates que celebra la cosecha de este fruto. Habitantes de este pueblo del departamento de Boyac\\u00e1, unos 170 kil\\u00f3metros al norte de Bogot\\u00e1, y centenares\",\"inLanguage\":\"es-ES\",\"isPartOf\":{\"@id\":\"https:\\\/\\\/eldigitaldeasturias.com\\\/magazine365\\\/#website\"},\"breadcrumb\":{\"@id\":\"https:\\\/\\\/eldigitaldeasturias.com\\\/magazine365\\\/miles-de-personas-se-untan-de-rojo-en-la-tomatina-colombiana\\\/#breadcrumblist\"},\"author\":{\"@id\":\"https:\\\/\\\/eldigitaldeasturias.com\\\/magazine365\\\/author\\\/admin\\\/#author\"},\"creator\":{\"@id\":\"https:\\\/\\\/eldigitaldeasturias.com\\\/magazine365\\\/author\\\/admin\\\/#author\"},\"image\":{\"@type\":\"ImageObject\",\"url\":\"https:\\\/\\\/eldigitaldeasturias.com\\\/magazine365\\\/wp-content\\\/uploads\\\/2014\\\/06\\\/6323592w.jpg\",\"@id\":\"https:\\\/\\\/eldigitaldeasturias.com\\\/magazine365\\\/miles-de-personas-se-untan-de-rojo-en-la-tomatina-colombiana\\\/#mainImage\",\"width\":800,\"height\":554},\"primaryImageOfPage\":{\"@id\":\"https:\\\/\\\/eldigitaldeasturias.com\\\/magazine365\\\/miles-de-personas-se-untan-de-rojo-en-la-tomatina-colombiana\\\/#mainImage\"},\"datePublished\":\"2014-06-02T07:11:47+02:00\",\"dateModified\":\"2014-06-02T07:11:47+02:00\"},{\"@type\":\"WebSite\",\"@id\":\"https:\\\/\\\/eldigitaldeasturias.com\\\/magazine365\\\/#website\",\"url\":\"https:\\\/\\\/eldigitaldeasturias.com\\\/magazine365\\\/\",\"name\":\"El Digital de Asturias\",\"description\":\"Revista de ocio, turismo y estilo de vida\",\"inLanguage\":\"es-ES\",\"publisher\":{\"@id\":\"https:\\\/\\\/eldigitaldeasturias.com\\\/magazine365\\\/#organization\"}}]}\n\t\t<\/script>\n\t\t<!-- All in One SEO Pro -->\r\n\t\t<title>Miles de personas se untan de rojo en la tomatina colombiana | El Digital de Asturias<\/title>\n\n","aioseo_head_json":{"title":"Miles de personas se untan de rojo en la tomatina colombiana | El Digital de Asturias","description":"Sutamarch\u00e1n (Colombia), 2 jun (EFE).- Miles de personas participaron en la octava edici\u00f3n de la \"tomatina\" colombiana en la localidad de Sutamarch\u00e1n, en el centro del pa\u00eds, una guerra de tomates que celebra la cosecha de este fruto. Habitantes de este pueblo del departamento de Boyac\u00e1, unos 170 kil\u00f3metros al norte de Bogot\u00e1, y centenares","canonical_url":"https:\/\/eldigitaldeasturias.com\/magazine365\/miles-de-personas-se-untan-de-rojo-en-la-tomatina-colombiana\/","robots":"max-image-preview:large","keywords":"noticias y actualidad","webmasterTools":{"google-site-verification":"UA-38556648-1","miscellaneous":""},"schema":{"@context":"https:\/\/schema.org","@graph":[{"@type":"Article","@id":"https:\/\/eldigitaldeasturias.com\/magazine365\/miles-de-personas-se-untan-de-rojo-en-la-tomatina-colombiana\/#article","name":"Miles de personas se untan de rojo en la tomatina colombiana | El Digital de Asturias","headline":"Miles de personas se untan de rojo en la tomatina colombiana","author":{"@id":"https:\/\/eldigitaldeasturias.com\/magazine365\/author\/admin\/#author"},"publisher":{"@id":"https:\/\/eldigitaldeasturias.com\/magazine365\/#organization"},"image":{"@type":"ImageObject","url":"https:\/\/eldigitaldeasturias.com\/magazine365\/wp-content\/uploads\/2014\/06\/6323592w.jpg","width":800,"height":554},"datePublished":"2014-06-02T07:11:47+02:00","dateModified":"2014-06-02T07:11:47+02:00","inLanguage":"es-ES","mainEntityOfPage":{"@id":"https:\/\/eldigitaldeasturias.com\/magazine365\/miles-de-personas-se-untan-de-rojo-en-la-tomatina-colombiana\/#webpage"},"isPartOf":{"@id":"https:\/\/eldigitaldeasturias.com\/magazine365\/miles-de-personas-se-untan-de-rojo-en-la-tomatina-colombiana\/#webpage"},"articleSection":"Noticias y Actualidad"},{"@type":"BreadcrumbList","@id":"https:\/\/eldigitaldeasturias.com\/magazine365\/miles-de-personas-se-untan-de-rojo-en-la-tomatina-colombiana\/#breadcrumblist","itemListElement":[{"@type":"ListItem","@id":"https:\/\/eldigitaldeasturias.com\/magazine365#listItem","position":1,"name":"Home","item":"https:\/\/eldigitaldeasturias.com\/magazine365","nextItem":{"@type":"ListItem","@id":"https:\/\/eldigitaldeasturias.com\/magazine365\/category\/noticias-actualidad\/#listItem","name":"Noticias y Actualidad"}},{"@type":"ListItem","@id":"https:\/\/eldigitaldeasturias.com\/magazine365\/category\/noticias-actualidad\/#listItem","position":2,"name":"Noticias y Actualidad","item":"https:\/\/eldigitaldeasturias.com\/magazine365\/category\/noticias-actualidad\/","nextItem":{"@type":"ListItem","@id":"https:\/\/eldigitaldeasturias.com\/magazine365\/miles-de-personas-se-untan-de-rojo-en-la-tomatina-colombiana\/#listItem","name":"Miles de personas se untan de rojo en la tomatina colombiana"},"previousItem":{"@type":"ListItem","@id":"https:\/\/eldigitaldeasturias.com\/magazine365#listItem","name":"Home"}},{"@type":"ListItem","@id":"https:\/\/eldigitaldeasturias.com\/magazine365\/miles-de-personas-se-untan-de-rojo-en-la-tomatina-colombiana\/#listItem","position":3,"name":"Miles de personas se untan de rojo en la tomatina colombiana","previousItem":{"@type":"ListItem","@id":"https:\/\/eldigitaldeasturias.com\/magazine365\/category\/noticias-actualidad\/#listItem","name":"Noticias y Actualidad"}}]},{"@type":"Organization","@id":"https:\/\/eldigitaldeasturias.com\/magazine365\/#organization","name":"El digital de Asturias","description":"Revista de ocio, turismo y estilo de vida","url":"https:\/\/eldigitaldeasturias.com\/magazine365\/","logo":{"@type":"ImageObject","url":"https:\/\/www.eldigitaldeasturias.com\/noticias\/wp-content\/uploads\/2020\/12\/EDA.jpg","@id":"https:\/\/eldigitaldeasturias.com\/magazine365\/miles-de-personas-se-untan-de-rojo-en-la-tomatina-colombiana\/#organizationLogo"},"image":{"@id":"https:\/\/eldigitaldeasturias.com\/magazine365\/miles-de-personas-se-untan-de-rojo-en-la-tomatina-colombiana\/#organizationLogo"}},{"@type":"Person","@id":"https:\/\/eldigitaldeasturias.com\/magazine365\/author\/admin\/#author","url":"https:\/\/eldigitaldeasturias.com\/magazine365\/author\/admin\/","name":"admin","image":{"@type":"ImageObject","@id":"https:\/\/eldigitaldeasturias.com\/magazine365\/miles-de-personas-se-untan-de-rojo-en-la-tomatina-colombiana\/#authorImage","url":"https:\/\/eldigitaldeasturias.com\/magazine365\/wp-content\/litespeed\/avatar\/e571bcf59a0edd6fa6838245a470f2fe.jpg?ver=1777574230","width":96,"height":96,"caption":"admin"}},{"@type":"WebPage","@id":"https:\/\/eldigitaldeasturias.com\/magazine365\/miles-de-personas-se-untan-de-rojo-en-la-tomatina-colombiana\/#webpage","url":"https:\/\/eldigitaldeasturias.com\/magazine365\/miles-de-personas-se-untan-de-rojo-en-la-tomatina-colombiana\/","name":"Miles de personas se untan de rojo en la tomatina colombiana | El Digital de Asturias","description":"Sutamarch\u00e1n (Colombia), 2 jun (EFE).- Miles de personas participaron en la octava edici\u00f3n de la \"tomatina\" colombiana en la localidad de Sutamarch\u00e1n, en el centro del pa\u00eds, una guerra de tomates que celebra la cosecha de este fruto. Habitantes de este pueblo del departamento de Boyac\u00e1, unos 170 kil\u00f3metros al norte de Bogot\u00e1, y centenares","inLanguage":"es-ES","isPartOf":{"@id":"https:\/\/eldigitaldeasturias.com\/magazine365\/#website"},"breadcrumb":{"@id":"https:\/\/eldigitaldeasturias.com\/magazine365\/miles-de-personas-se-untan-de-rojo-en-la-tomatina-colombiana\/#breadcrumblist"},"author":{"@id":"https:\/\/eldigitaldeasturias.com\/magazine365\/author\/admin\/#author"},"creator":{"@id":"https:\/\/eldigitaldeasturias.com\/magazine365\/author\/admin\/#author"},"image":{"@type":"ImageObject","url":"https:\/\/eldigitaldeasturias.com\/magazine365\/wp-content\/uploads\/2014\/06\/6323592w.jpg","@id":"https:\/\/eldigitaldeasturias.com\/magazine365\/miles-de-personas-se-untan-de-rojo-en-la-tomatina-colombiana\/#mainImage","width":800,"height":554},"primaryImageOfPage":{"@id":"https:\/\/eldigitaldeasturias.com\/magazine365\/miles-de-personas-se-untan-de-rojo-en-la-tomatina-colombiana\/#mainImage"},"datePublished":"2014-06-02T07:11:47+02:00","dateModified":"2014-06-02T07:11:47+02:00"},{"@type":"WebSite","@id":"https:\/\/eldigitaldeasturias.com\/magazine365\/#website","url":"https:\/\/eldigitaldeasturias.com\/magazine365\/","name":"El Digital de Asturias","description":"Revista de ocio, turismo y estilo de vida","inLanguage":"es-ES","publisher":{"@id":"https:\/\/eldigitaldeasturias.com\/magazine365\/#organization"}}]},"og:locale":"es_ES","og:site_name":"El Digital de Asturias \u2013 Revista de ocio, turismo y estilo de vida","og:type":"article","og:title":"Miles de personas se untan de rojo en la tomatina colombiana | El Digital de Asturias","og:description":"Sutamarch\u00e1n (Colombia), 2 jun (EFE).- Miles de personas participaron en la octava edici\u00f3n de la &quot;tomatina&quot; colombiana en la localidad de Sutamarch\u00e1n, en el centro del pa\u00eds, una guerra de tomates que celebra la cosecha de este fruto. Habitantes de este pueblo del departamento de Boyac\u00e1, unos 170 kil\u00f3metros al norte de Bogot\u00e1, y centenares","og:url":"https:\/\/eldigitaldeasturias.com\/magazine365\/miles-de-personas-se-untan-de-rojo-en-la-tomatina-colombiana\/","og:image":"https:\/\/eldigitaldeasturias.com\/magazine365\/wp-content\/uploads\/2014\/06\/6323592w.jpg","og:image:secure_url":"https:\/\/eldigitaldeasturias.com\/magazine365\/wp-content\/uploads\/2014\/06\/6323592w.jpg","og:image:width":800,"og:image:height":554,"article:published_time":"2014-06-02T09:11:47+00:00","article:modified_time":"2014-06-02T09:11:47+00:00","twitter:card":"summary_large_image","twitter:title":"Miles de personas se untan de rojo en la tomatina colombiana | El Digital de Asturias","twitter:description":"Sutamarch\u00e1n (Colombia), 2 jun (EFE).- Miles de personas participaron en la octava edici\u00f3n de la &quot;tomatina&quot; colombiana en la localidad de Sutamarch\u00e1n, en el centro del pa\u00eds, una guerra de tomates que celebra la cosecha de este fruto. Habitantes de este pueblo del departamento de Boyac\u00e1, unos 170 kil\u00f3metros al norte de Bogot\u00e1, y centenares","twitter:image":"https:\/\/eldigitaldeasturias.com\/magazine365\/wp-content\/uploads\/2014\/06\/6323592w.jpg"},"aioseo_meta_data":{"post_id":"14751","title":null,"description":null,"keywords":null,"keyphrases":null,"primary_term":null,"canonical_url":null,"og_title":null,"og_description":null,"og_object_type":"default","og_image_type":"default","og_image_url":null,"og_image_width":null,"og_image_height":null,"og_image_custom_url":null,"og_image_custom_fields":null,"og_video":null,"og_custom_url":null,"og_article_section":null,"og_article_tags":null,"twitter_use_og":false,"twitter_card":"default","twitter_image_type":"default","twitter_image_url":null,"twitter_image_custom_url":null,"twitter_image_custom_fields":null,"twitter_title":null,"twitter_description":null,"schema":{"blockGraphs":[],"customGraphs":[],"default":{"data":{"Article":[],"Course":[],"Dataset":[],"FAQPage":[],"Movie":[],"Person":[],"Product":[],"ProductReview":[],"Car":[],"Recipe":[],"Service":[],"SoftwareApplication":[],"WebPage":[]},"graphName":"","isEnabled":true},"graphs":[]},"schema_type":null,"schema_type_options":null,"pillar_content":false,"robots_default":true,"robots_noindex":false,"robots_noarchive":false,"robots_nosnippet":false,"robots_nofollow":false,"robots_noimageindex":false,"robots_noodp":false,"robots_notranslate":false,"robots_max_snippet":null,"robots_max_videopreview":null,"robots_max_imagepreview":"large","priority":null,"frequency":null,"location":null,"local_seo":null,"seo_analyzer_scan_date":"2025-09-17 10:44:20","breadcrumb_settings":null,"limit_modified_date":false,"open_ai":null,"ai":null,"created":"2021-03-09 08:10:42","updated":"2025-09-17 10:44:20"},"aioseo_breadcrumb":"<div class=\"aioseo-breadcrumbs\"><span class=\"aioseo-breadcrumb\">\n\t<a href=\"https:\/\/eldigitaldeasturias.com\/magazine365\" title=\"Home\">Home<\/a>\n<\/span><span class=\"aioseo-breadcrumb-separator\">\u2013<\/span><span class=\"aioseo-breadcrumb\">\n\t<a href=\"https:\/\/eldigitaldeasturias.com\/magazine365\/category\/noticias-actualidad\/\" title=\"Noticias y Actualidad\">Noticias y Actualidad<\/a>\n<\/span><span class=\"aioseo-breadcrumb-separator\">\u2013<\/span><span class=\"aioseo-breadcrumb\">\n\t<a href=\"https:\/\/eldigitaldeasturias.com\/magazine365\/miles-de-personas-se-untan-de-rojo-en-la-tomatina-colombiana\/\" title=\"Miles de personas se untan de rojo en la tomatina colombiana\">Miles de personas se untan de rojo en la tomatina colombiana<\/a>\n<\/span><\/div>","aioseo_breadcrumb_json":[{"label":"Home","link":"https:\/\/eldigitaldeasturias.com\/magazine365"},{"label":"Noticias y Actualidad","link":"https:\/\/eldigitaldeasturias.com\/magazine365\/category\/noticias-actualidad\/"},{"label":"Miles de personas se untan de rojo en la tomatina colombiana","link":"https:\/\/eldigitaldeasturias.com\/magazine365\/miles-de-personas-se-untan-de-rojo-en-la-tomatina-colombiana\/"}],"_links":{"self":[{"href":"https:\/\/eldigitaldeasturias.com\/magazine365\/wp-json\/wp\/v2\/posts\/14751","targetHints":{"allow":["GET"]}}],"collection":[{"href":"https:\/\/eldigitaldeasturias.com\/magazine365\/wp-json\/wp\/v2\/posts"}],"about":[{"href":"https:\/\/eldigitaldeasturias.com\/magazine365\/wp-json\/wp\/v2\/types\/post"}],"author":[{"embeddable":true,"href":"https:\/\/eldigitaldeasturias.com\/magazine365\/wp-json\/wp\/v2\/users\/1"}],"replies":[{"embeddable":true,"href":"https:\/\/eldigitaldeasturias.com\/magazine365\/wp-json\/wp\/v2\/comments?post=14751"}],"version-history":[{"count":0,"href":"https:\/\/eldigitaldeasturias.com\/magazine365\/wp-json\/wp\/v2\/posts\/14751\/revisions"}],"wp:featuredmedia":[{"embeddable":true,"href":"https:\/\/eldigitaldeasturias.com\/magazine365\/wp-json\/wp\/v2\/media\/14752"}],"wp:attachment":[{"href":"https:\/\/eldigitaldeasturias.com\/magazine365\/wp-json\/wp\/v2\/media?parent=14751"}],"wp:term":[{"taxonomy":"category","embeddable":true,"href":"https:\/\/eldigitaldeasturias.com\/magazine365\/wp-json\/wp\/v2\/categories?post=14751"},{"taxonomy":"post_tag","embeddable":true,"href":"https:\/\/eldigitaldeasturias.com\/magazine365\/wp-json\/wp\/v2\/tags?post=14751"}],"curies":[{"name":"wp","href":"https:\/\/api.w.org\/{rel}","templated":true}]}}