{"id":14742,"date":"2014-06-01T21:05:12","date_gmt":"2014-06-01T23:05:12","guid":{"rendered":"http:\/\/eldigitaldeasturias.com\/magazine365\/?p=14742"},"modified":"2014-06-01T21:05:12","modified_gmt":"2014-06-01T23:05:12","slug":"apple-prepara-su-semana-grande-con-todas-las-miradas-puestas-en-beats","status":"publish","type":"post","link":"https:\/\/eldigitaldeasturias.com\/magazine365\/apple-prepara-su-semana-grande-con-todas-las-miradas-puestas-en-beats\/","title":{"rendered":"Apple prepara su semana grande con todas las miradas puestas en Beats"},"content":{"rendered":"<p><img fetchpriority=\"high\" decoding=\"async\" class=\"alignleft size-medium wp-image-14743\" alt=\"6323320w\" src=\"https:\/\/eldigitaldeasturias.com\/magazine365\/wp-content\/uploads\/2014\/06\/6323320w-360x271.jpg\" width=\"360\" height=\"271\" \/>San Francisco (EE.UU.), 1 jun (EFE).- El gigante tecnol\u00f3gico estadounidense Apple celebrar\u00e1 esta semana su conferencia anual de desarrolladores de software, uno de los momentos m\u00e1s importantes del a\u00f1o para la compa\u00f1\u00eda y que esta vez llega justo despu\u00e9s de anunciar la compra de Beats Electronics por 3.000 millones de d\u00f3lares.<\/p>\n<p>La adquisici\u00f3n del fabricante de auriculares de gama alta y de su incipiente servicio de m\u00fasica por suscripci\u00f3n, Beats Music, fue confirmada el pasado mi\u00e9rcoles tras varias semanas de rumores, y el consejero delegado de Apple, Tim Cook, calific\u00f3 entonces la operaci\u00f3n como una \u00abapuesta de futuro\u00bb de la compa\u00f1\u00eda.<\/p>\n<p>Con la celebraci\u00f3n esta semana de la conferencia mundial de desarrolladores -la llamada WWDC-, se espera que Cook o alg\u00fan otro alto responsable de Apple aproveche la ocasi\u00f3n para dar m\u00e1s detalles sobre c\u00f3mo va a integrarse en la empresa la mayor adquisici\u00f3n realizada hasta la fecha por parte del gigante inform\u00e1tico.<\/p>\n<p>El estupor inicial de la industria al conocerse la operaci\u00f3n -tanto por el volumen de dinero, ya que Apple no hab\u00eda realizado hasta ahora ninguna compra por m\u00e1s de 1.000 millones de d\u00f3lares, como por el tipo de empresa adquirida, un fabricante de perif\u00e9ricos- se disip\u00f3 en parte tras destacar Cook el \u00abservicio de m\u00fasica por suscripci\u00f3n de muy r\u00e1pido crecimiento\u00bb de Beats.<\/p>\n<p>La compa\u00f1\u00eda de Cupertino (California) lleva tiempo tratando de hacerse un hueco en el sector de la m\u00fasica por suscripci\u00f3n para poder hacer frente a Spotify, una misi\u00f3n para la que Beats Music se erige en un buen aliado.<\/p>\n<p>M\u00e1s all\u00e1 de los posibles detalles en relaci\u00f3n a la adquisici\u00f3n de Beats, la conferencia que se celebrar\u00e1 en el Centro Moscone de San Francisco desde el lunes hasta el viernes se centrar\u00e1 en las novedades y posibilidades del software de Apple.<\/p>\n<p>Salvo sorpresa, est\u00e1 descartada cualquier presentaci\u00f3n de un nuevo modelo de iPhone o del largamente esperado reloj iWatch.<\/p>\n<p>En este sentido, todo apunta a que la empresa de la manzana mordida presentar\u00e1 una nueva versi\u00f3n de su sistema operativo para iPhone, el iOS 8, algo que viene realizando en cada edici\u00f3n de la WWDC desde 2008.<\/p>\n<p>Presumiblemente, el iOS 8 mejorar\u00e1 la aplicaci\u00f3n de mapas de su predecesor, el iOS 7, con informaci\u00f3n precisa del tr\u00e1fico a tiempo real, e introducir\u00e1 la nueva aplicaci\u00f3n Healthbook, que recoge y centraliza informaci\u00f3n del resto de aplicaciones relativa a la actividad f\u00edsica y la salud del usuario, como el ritmo card\u00edaco, la presi\u00f3n sangu\u00ednea o el nivel de glucosa en sangre.<\/p>\n<p>Tambi\u00e9n se espera que Apple presente esta semana una actualizaci\u00f3n de su sistema operativo para ordenadores Mac, el Mac OS X 10.10, que con toda probabilidad ser\u00e1 bautizado con el nombre de alg\u00fan paraje californiano.<\/p>\n<p>El a\u00f1o pasado, Apple bautiz\u00f3 al Mac OS X 10.9 como \u00abMavericks\u00bb, un enclave surfero del norte de California, finiquitando as\u00ed la larga tradici\u00f3n de poner nombres de grandes felinos a las sucesivas versiones de sistemas operativos.<\/p>\n<p>Adem\u00e1s, seg\u00fan el canal financiero CNBC, Apple tambi\u00e9n lanzar\u00e1 en la WWDC una nueva plataforma de software que convertir\u00e1 a los tel\u00e9fonos iPhone en un control remoto para el hogar, con la posibilidad de manejar luces, el sistema de seguridad o los electrodom\u00e9sticos.<\/p>\n","protected":false},"excerpt":{"rendered":"<p>San Francisco (EE.UU.), 1 jun (EFE).- El gigante tecnol\u00f3gico estadounidense Apple celebrar\u00e1 esta semana su conferencia anual de desarrolladores de software, uno de los momentos m\u00e1s importantes del a\u00f1o para la compa\u00f1\u00eda y que esta vez llega justo despu\u00e9s de anunciar la compra de Beats Electronics por 3.000 millones de d\u00f3lares. La adquisici\u00f3n del fabricante<\/p>\n","protected":false},"author":1,"featured_media":14743,"comment_status":"open","ping_status":"closed","sticky":false,"template":"","format":"standard","meta":{"footnotes":""},"categories":[224],"tags":[],"class_list":{"0":"post-14742","1":"post","2":"type-post","3":"status-publish","4":"format-standard","5":"has-post-thumbnail","7":"category-noticias-actualidad"},"aioseo_notices":[],"aioseo_head":"\n\t\t<!-- All in One SEO Pro 4.9.6.1 - aioseo.com -->\n\t<meta name=\"description\" content=\"San Francisco (EE.UU.), 1 jun (EFE).- El gigante tecnol\u00f3gico estadounidense Apple celebrar\u00e1 esta semana su conferencia anual de desarrolladores de software, uno de los momentos m\u00e1s importantes del a\u00f1o para la compa\u00f1\u00eda y que esta vez llega justo despu\u00e9s de anunciar la compra de Beats Electronics por 3.000 millones de d\u00f3lares. La adquisici\u00f3n del fabricante\" \/>\n\t<meta name=\"robots\" content=\"max-image-preview:large\" \/>\n\t<meta name=\"author\" content=\"admin\"\/>\n\t<meta name=\"google-site-verification\" content=\"UA-38556648-1\" \/>\n\t<meta name=\"keywords\" content=\"noticias y actualidad\" \/>\n\t<link rel=\"canonical\" href=\"https:\/\/eldigitaldeasturias.com\/magazine365\/apple-prepara-su-semana-grande-con-todas-las-miradas-puestas-en-beats\/\" \/>\n\t<meta name=\"generator\" content=\"All in One SEO Pro (AIOSEO) 4.9.6.1\" \/>\n\t\t<meta property=\"og:locale\" content=\"es_ES\" \/>\n\t\t<meta property=\"og:site_name\" content=\"El Digital de Asturias \u2013 Revista de ocio, turismo y estilo de vida\" \/>\n\t\t<meta property=\"og:type\" content=\"article\" \/>\n\t\t<meta property=\"og:title\" content=\"Apple prepara su semana grande con todas las miradas puestas en Beats | El Digital de Asturias\" \/>\n\t\t<meta property=\"og:description\" content=\"San Francisco (EE.UU.), 1 jun (EFE).- El gigante tecnol\u00f3gico estadounidense Apple celebrar\u00e1 esta semana su conferencia anual de desarrolladores de software, uno de los momentos m\u00e1s importantes del a\u00f1o para la compa\u00f1\u00eda y que esta vez llega justo despu\u00e9s de anunciar la compra de Beats Electronics por 3.000 millones de d\u00f3lares. La adquisici\u00f3n del fabricante\" \/>\n\t\t<meta property=\"og:url\" content=\"https:\/\/eldigitaldeasturias.com\/magazine365\/apple-prepara-su-semana-grande-con-todas-las-miradas-puestas-en-beats\/\" \/>\n\t\t<meta property=\"og:image\" content=\"https:\/\/eldigitaldeasturias.com\/magazine365\/wp-content\/uploads\/2014\/06\/6323320w.jpg\" \/>\n\t\t<meta property=\"og:image:secure_url\" content=\"https:\/\/eldigitaldeasturias.com\/magazine365\/wp-content\/uploads\/2014\/06\/6323320w.jpg\" \/>\n\t\t<meta property=\"og:image:width\" content=\"800\" \/>\n\t\t<meta property=\"og:image:height\" content=\"604\" \/>\n\t\t<meta property=\"article:published_time\" content=\"2014-06-01T23:05:12+00:00\" \/>\n\t\t<meta property=\"article:modified_time\" content=\"2014-06-01T23:05:12+00:00\" \/>\n\t\t<meta name=\"twitter:card\" content=\"summary_large_image\" \/>\n\t\t<meta name=\"twitter:title\" content=\"Apple prepara su semana grande con todas las miradas puestas en Beats | El Digital de Asturias\" \/>\n\t\t<meta name=\"twitter:description\" content=\"San Francisco (EE.UU.), 1 jun (EFE).- El gigante tecnol\u00f3gico estadounidense Apple celebrar\u00e1 esta semana su conferencia anual de desarrolladores de software, uno de los momentos m\u00e1s importantes del a\u00f1o para la compa\u00f1\u00eda y que esta vez llega justo despu\u00e9s de anunciar la compra de Beats Electronics por 3.000 millones de d\u00f3lares. La adquisici\u00f3n del fabricante\" \/>\n\t\t<meta name=\"twitter:image\" content=\"https:\/\/eldigitaldeasturias.com\/magazine365\/wp-content\/uploads\/2014\/06\/6323320w.jpg\" \/>\n\t\t<script type=\"application\/ld+json\" class=\"aioseo-schema\">\n\t\t\t{\"@context\":\"https:\\\/\\\/schema.org\",\"@graph\":[{\"@type\":\"Article\",\"@id\":\"https:\\\/\\\/eldigitaldeasturias.com\\\/magazine365\\\/apple-prepara-su-semana-grande-con-todas-las-miradas-puestas-en-beats\\\/#article\",\"name\":\"Apple prepara su semana grande con todas las miradas puestas en Beats | El Digital de Asturias\",\"headline\":\"Apple prepara su semana grande con todas las miradas puestas en Beats\",\"author\":{\"@id\":\"https:\\\/\\\/eldigitaldeasturias.com\\\/magazine365\\\/author\\\/admin\\\/#author\"},\"publisher\":{\"@id\":\"https:\\\/\\\/eldigitaldeasturias.com\\\/magazine365\\\/#organization\"},\"image\":{\"@type\":\"ImageObject\",\"url\":\"https:\\\/\\\/eldigitaldeasturias.com\\\/magazine365\\\/wp-content\\\/uploads\\\/2014\\\/06\\\/6323320w.jpg\",\"width\":800,\"height\":604},\"datePublished\":\"2014-06-01T21:05:12+02:00\",\"dateModified\":\"2014-06-01T21:05:12+02:00\",\"inLanguage\":\"es-ES\",\"mainEntityOfPage\":{\"@id\":\"https:\\\/\\\/eldigitaldeasturias.com\\\/magazine365\\\/apple-prepara-su-semana-grande-con-todas-las-miradas-puestas-en-beats\\\/#webpage\"},\"isPartOf\":{\"@id\":\"https:\\\/\\\/eldigitaldeasturias.com\\\/magazine365\\\/apple-prepara-su-semana-grande-con-todas-las-miradas-puestas-en-beats\\\/#webpage\"},\"articleSection\":\"Noticias y Actualidad\"},{\"@type\":\"BreadcrumbList\",\"@id\":\"https:\\\/\\\/eldigitaldeasturias.com\\\/magazine365\\\/apple-prepara-su-semana-grande-con-todas-las-miradas-puestas-en-beats\\\/#breadcrumblist\",\"itemListElement\":[{\"@type\":\"ListItem\",\"@id\":\"https:\\\/\\\/eldigitaldeasturias.com\\\/magazine365#listItem\",\"position\":1,\"name\":\"Home\",\"item\":\"https:\\\/\\\/eldigitaldeasturias.com\\\/magazine365\",\"nextItem\":{\"@type\":\"ListItem\",\"@id\":\"https:\\\/\\\/eldigitaldeasturias.com\\\/magazine365\\\/category\\\/noticias-actualidad\\\/#listItem\",\"name\":\"Noticias y Actualidad\"}},{\"@type\":\"ListItem\",\"@id\":\"https:\\\/\\\/eldigitaldeasturias.com\\\/magazine365\\\/category\\\/noticias-actualidad\\\/#listItem\",\"position\":2,\"name\":\"Noticias y Actualidad\",\"item\":\"https:\\\/\\\/eldigitaldeasturias.com\\\/magazine365\\\/category\\\/noticias-actualidad\\\/\",\"nextItem\":{\"@type\":\"ListItem\",\"@id\":\"https:\\\/\\\/eldigitaldeasturias.com\\\/magazine365\\\/apple-prepara-su-semana-grande-con-todas-las-miradas-puestas-en-beats\\\/#listItem\",\"name\":\"Apple prepara su semana grande con todas las miradas puestas en Beats\"},\"previousItem\":{\"@type\":\"ListItem\",\"@id\":\"https:\\\/\\\/eldigitaldeasturias.com\\\/magazine365#listItem\",\"name\":\"Home\"}},{\"@type\":\"ListItem\",\"@id\":\"https:\\\/\\\/eldigitaldeasturias.com\\\/magazine365\\\/apple-prepara-su-semana-grande-con-todas-las-miradas-puestas-en-beats\\\/#listItem\",\"position\":3,\"name\":\"Apple prepara su semana grande con todas las miradas puestas en Beats\",\"previousItem\":{\"@type\":\"ListItem\",\"@id\":\"https:\\\/\\\/eldigitaldeasturias.com\\\/magazine365\\\/category\\\/noticias-actualidad\\\/#listItem\",\"name\":\"Noticias y Actualidad\"}}]},{\"@type\":\"Organization\",\"@id\":\"https:\\\/\\\/eldigitaldeasturias.com\\\/magazine365\\\/#organization\",\"name\":\"El digital de Asturias\",\"description\":\"Revista de ocio, turismo y estilo de vida\",\"url\":\"https:\\\/\\\/eldigitaldeasturias.com\\\/magazine365\\\/\",\"logo\":{\"@type\":\"ImageObject\",\"url\":\"https:\\\/\\\/www.eldigitaldeasturias.com\\\/noticias\\\/wp-content\\\/uploads\\\/2020\\\/12\\\/EDA.jpg\",\"@id\":\"https:\\\/\\\/eldigitaldeasturias.com\\\/magazine365\\\/apple-prepara-su-semana-grande-con-todas-las-miradas-puestas-en-beats\\\/#organizationLogo\"},\"image\":{\"@id\":\"https:\\\/\\\/eldigitaldeasturias.com\\\/magazine365\\\/apple-prepara-su-semana-grande-con-todas-las-miradas-puestas-en-beats\\\/#organizationLogo\"}},{\"@type\":\"Person\",\"@id\":\"https:\\\/\\\/eldigitaldeasturias.com\\\/magazine365\\\/author\\\/admin\\\/#author\",\"url\":\"https:\\\/\\\/eldigitaldeasturias.com\\\/magazine365\\\/author\\\/admin\\\/\",\"name\":\"admin\",\"image\":{\"@type\":\"ImageObject\",\"@id\":\"https:\\\/\\\/eldigitaldeasturias.com\\\/magazine365\\\/apple-prepara-su-semana-grande-con-todas-las-miradas-puestas-en-beats\\\/#authorImage\",\"url\":\"https:\\\/\\\/eldigitaldeasturias.com\\\/magazine365\\\/wp-content\\\/litespeed\\\/avatar\\\/e571bcf59a0edd6fa6838245a470f2fe.jpg?ver=1777574230\",\"width\":96,\"height\":96,\"caption\":\"admin\"}},{\"@type\":\"WebPage\",\"@id\":\"https:\\\/\\\/eldigitaldeasturias.com\\\/magazine365\\\/apple-prepara-su-semana-grande-con-todas-las-miradas-puestas-en-beats\\\/#webpage\",\"url\":\"https:\\\/\\\/eldigitaldeasturias.com\\\/magazine365\\\/apple-prepara-su-semana-grande-con-todas-las-miradas-puestas-en-beats\\\/\",\"name\":\"Apple prepara su semana grande con todas las miradas puestas en Beats | El Digital de Asturias\",\"description\":\"San Francisco (EE.UU.), 1 jun (EFE).- El gigante tecnol\\u00f3gico estadounidense Apple celebrar\\u00e1 esta semana su conferencia anual de desarrolladores de software, uno de los momentos m\\u00e1s importantes del a\\u00f1o para la compa\\u00f1\\u00eda y que esta vez llega justo despu\\u00e9s de anunciar la compra de Beats Electronics por 3.000 millones de d\\u00f3lares. La adquisici\\u00f3n del fabricante\",\"inLanguage\":\"es-ES\",\"isPartOf\":{\"@id\":\"https:\\\/\\\/eldigitaldeasturias.com\\\/magazine365\\\/#website\"},\"breadcrumb\":{\"@id\":\"https:\\\/\\\/eldigitaldeasturias.com\\\/magazine365\\\/apple-prepara-su-semana-grande-con-todas-las-miradas-puestas-en-beats\\\/#breadcrumblist\"},\"author\":{\"@id\":\"https:\\\/\\\/eldigitaldeasturias.com\\\/magazine365\\\/author\\\/admin\\\/#author\"},\"creator\":{\"@id\":\"https:\\\/\\\/eldigitaldeasturias.com\\\/magazine365\\\/author\\\/admin\\\/#author\"},\"image\":{\"@type\":\"ImageObject\",\"url\":\"https:\\\/\\\/eldigitaldeasturias.com\\\/magazine365\\\/wp-content\\\/uploads\\\/2014\\\/06\\\/6323320w.jpg\",\"@id\":\"https:\\\/\\\/eldigitaldeasturias.com\\\/magazine365\\\/apple-prepara-su-semana-grande-con-todas-las-miradas-puestas-en-beats\\\/#mainImage\",\"width\":800,\"height\":604},\"primaryImageOfPage\":{\"@id\":\"https:\\\/\\\/eldigitaldeasturias.com\\\/magazine365\\\/apple-prepara-su-semana-grande-con-todas-las-miradas-puestas-en-beats\\\/#mainImage\"},\"datePublished\":\"2014-06-01T21:05:12+02:00\",\"dateModified\":\"2014-06-01T21:05:12+02:00\"},{\"@type\":\"WebSite\",\"@id\":\"https:\\\/\\\/eldigitaldeasturias.com\\\/magazine365\\\/#website\",\"url\":\"https:\\\/\\\/eldigitaldeasturias.com\\\/magazine365\\\/\",\"name\":\"El Digital de Asturias\",\"description\":\"Revista de ocio, turismo y estilo de vida\",\"inLanguage\":\"es-ES\",\"publisher\":{\"@id\":\"https:\\\/\\\/eldigitaldeasturias.com\\\/magazine365\\\/#organization\"}}]}\n\t\t<\/script>\n\t\t<!-- All in One SEO Pro -->\r\n\t\t<title>Apple prepara su semana grande con todas las miradas puestas en Beats | El Digital de Asturias<\/title>\n\n","aioseo_head_json":{"title":"Apple prepara su semana grande con todas las miradas puestas en Beats | El Digital de Asturias","description":"San Francisco (EE.UU.), 1 jun (EFE).- El gigante tecnol\u00f3gico estadounidense Apple celebrar\u00e1 esta semana su conferencia anual de desarrolladores de software, uno de los momentos m\u00e1s importantes del a\u00f1o para la compa\u00f1\u00eda y que esta vez llega justo despu\u00e9s de anunciar la compra de Beats Electronics por 3.000 millones de d\u00f3lares. La adquisici\u00f3n del fabricante","canonical_url":"https:\/\/eldigitaldeasturias.com\/magazine365\/apple-prepara-su-semana-grande-con-todas-las-miradas-puestas-en-beats\/","robots":"max-image-preview:large","keywords":"noticias y actualidad","webmasterTools":{"google-site-verification":"UA-38556648-1","miscellaneous":""},"schema":{"@context":"https:\/\/schema.org","@graph":[{"@type":"Article","@id":"https:\/\/eldigitaldeasturias.com\/magazine365\/apple-prepara-su-semana-grande-con-todas-las-miradas-puestas-en-beats\/#article","name":"Apple prepara su semana grande con todas las miradas puestas en Beats | El Digital de Asturias","headline":"Apple prepara su semana grande con todas las miradas puestas en Beats","author":{"@id":"https:\/\/eldigitaldeasturias.com\/magazine365\/author\/admin\/#author"},"publisher":{"@id":"https:\/\/eldigitaldeasturias.com\/magazine365\/#organization"},"image":{"@type":"ImageObject","url":"https:\/\/eldigitaldeasturias.com\/magazine365\/wp-content\/uploads\/2014\/06\/6323320w.jpg","width":800,"height":604},"datePublished":"2014-06-01T21:05:12+02:00","dateModified":"2014-06-01T21:05:12+02:00","inLanguage":"es-ES","mainEntityOfPage":{"@id":"https:\/\/eldigitaldeasturias.com\/magazine365\/apple-prepara-su-semana-grande-con-todas-las-miradas-puestas-en-beats\/#webpage"},"isPartOf":{"@id":"https:\/\/eldigitaldeasturias.com\/magazine365\/apple-prepara-su-semana-grande-con-todas-las-miradas-puestas-en-beats\/#webpage"},"articleSection":"Noticias y Actualidad"},{"@type":"BreadcrumbList","@id":"https:\/\/eldigitaldeasturias.com\/magazine365\/apple-prepara-su-semana-grande-con-todas-las-miradas-puestas-en-beats\/#breadcrumblist","itemListElement":[{"@type":"ListItem","@id":"https:\/\/eldigitaldeasturias.com\/magazine365#listItem","position":1,"name":"Home","item":"https:\/\/eldigitaldeasturias.com\/magazine365","nextItem":{"@type":"ListItem","@id":"https:\/\/eldigitaldeasturias.com\/magazine365\/category\/noticias-actualidad\/#listItem","name":"Noticias y Actualidad"}},{"@type":"ListItem","@id":"https:\/\/eldigitaldeasturias.com\/magazine365\/category\/noticias-actualidad\/#listItem","position":2,"name":"Noticias y Actualidad","item":"https:\/\/eldigitaldeasturias.com\/magazine365\/category\/noticias-actualidad\/","nextItem":{"@type":"ListItem","@id":"https:\/\/eldigitaldeasturias.com\/magazine365\/apple-prepara-su-semana-grande-con-todas-las-miradas-puestas-en-beats\/#listItem","name":"Apple prepara su semana grande con todas las miradas puestas en Beats"},"previousItem":{"@type":"ListItem","@id":"https:\/\/eldigitaldeasturias.com\/magazine365#listItem","name":"Home"}},{"@type":"ListItem","@id":"https:\/\/eldigitaldeasturias.com\/magazine365\/apple-prepara-su-semana-grande-con-todas-las-miradas-puestas-en-beats\/#listItem","position":3,"name":"Apple prepara su semana grande con todas las miradas puestas en Beats","previousItem":{"@type":"ListItem","@id":"https:\/\/eldigitaldeasturias.com\/magazine365\/category\/noticias-actualidad\/#listItem","name":"Noticias y Actualidad"}}]},{"@type":"Organization","@id":"https:\/\/eldigitaldeasturias.com\/magazine365\/#organization","name":"El digital de Asturias","description":"Revista de ocio, turismo y estilo de vida","url":"https:\/\/eldigitaldeasturias.com\/magazine365\/","logo":{"@type":"ImageObject","url":"https:\/\/www.eldigitaldeasturias.com\/noticias\/wp-content\/uploads\/2020\/12\/EDA.jpg","@id":"https:\/\/eldigitaldeasturias.com\/magazine365\/apple-prepara-su-semana-grande-con-todas-las-miradas-puestas-en-beats\/#organizationLogo"},"image":{"@id":"https:\/\/eldigitaldeasturias.com\/magazine365\/apple-prepara-su-semana-grande-con-todas-las-miradas-puestas-en-beats\/#organizationLogo"}},{"@type":"Person","@id":"https:\/\/eldigitaldeasturias.com\/magazine365\/author\/admin\/#author","url":"https:\/\/eldigitaldeasturias.com\/magazine365\/author\/admin\/","name":"admin","image":{"@type":"ImageObject","@id":"https:\/\/eldigitaldeasturias.com\/magazine365\/apple-prepara-su-semana-grande-con-todas-las-miradas-puestas-en-beats\/#authorImage","url":"https:\/\/eldigitaldeasturias.com\/magazine365\/wp-content\/litespeed\/avatar\/e571bcf59a0edd6fa6838245a470f2fe.jpg?ver=1777574230","width":96,"height":96,"caption":"admin"}},{"@type":"WebPage","@id":"https:\/\/eldigitaldeasturias.com\/magazine365\/apple-prepara-su-semana-grande-con-todas-las-miradas-puestas-en-beats\/#webpage","url":"https:\/\/eldigitaldeasturias.com\/magazine365\/apple-prepara-su-semana-grande-con-todas-las-miradas-puestas-en-beats\/","name":"Apple prepara su semana grande con todas las miradas puestas en Beats | El Digital de Asturias","description":"San Francisco (EE.UU.), 1 jun (EFE).- El gigante tecnol\u00f3gico estadounidense Apple celebrar\u00e1 esta semana su conferencia anual de desarrolladores de software, uno de los momentos m\u00e1s importantes del a\u00f1o para la compa\u00f1\u00eda y que esta vez llega justo despu\u00e9s de anunciar la compra de Beats Electronics por 3.000 millones de d\u00f3lares. La adquisici\u00f3n del fabricante","inLanguage":"es-ES","isPartOf":{"@id":"https:\/\/eldigitaldeasturias.com\/magazine365\/#website"},"breadcrumb":{"@id":"https:\/\/eldigitaldeasturias.com\/magazine365\/apple-prepara-su-semana-grande-con-todas-las-miradas-puestas-en-beats\/#breadcrumblist"},"author":{"@id":"https:\/\/eldigitaldeasturias.com\/magazine365\/author\/admin\/#author"},"creator":{"@id":"https:\/\/eldigitaldeasturias.com\/magazine365\/author\/admin\/#author"},"image":{"@type":"ImageObject","url":"https:\/\/eldigitaldeasturias.com\/magazine365\/wp-content\/uploads\/2014\/06\/6323320w.jpg","@id":"https:\/\/eldigitaldeasturias.com\/magazine365\/apple-prepara-su-semana-grande-con-todas-las-miradas-puestas-en-beats\/#mainImage","width":800,"height":604},"primaryImageOfPage":{"@id":"https:\/\/eldigitaldeasturias.com\/magazine365\/apple-prepara-su-semana-grande-con-todas-las-miradas-puestas-en-beats\/#mainImage"},"datePublished":"2014-06-01T21:05:12+02:00","dateModified":"2014-06-01T21:05:12+02:00"},{"@type":"WebSite","@id":"https:\/\/eldigitaldeasturias.com\/magazine365\/#website","url":"https:\/\/eldigitaldeasturias.com\/magazine365\/","name":"El Digital de Asturias","description":"Revista de ocio, turismo y estilo de vida","inLanguage":"es-ES","publisher":{"@id":"https:\/\/eldigitaldeasturias.com\/magazine365\/#organization"}}]},"og:locale":"es_ES","og:site_name":"El Digital de Asturias \u2013 Revista de ocio, turismo y estilo de vida","og:type":"article","og:title":"Apple prepara su semana grande con todas las miradas puestas en Beats | El Digital de Asturias","og:description":"San Francisco (EE.UU.), 1 jun (EFE).- El gigante tecnol\u00f3gico estadounidense Apple celebrar\u00e1 esta semana su conferencia anual de desarrolladores de software, uno de los momentos m\u00e1s importantes del a\u00f1o para la compa\u00f1\u00eda y que esta vez llega justo despu\u00e9s de anunciar la compra de Beats Electronics por 3.000 millones de d\u00f3lares. La adquisici\u00f3n del fabricante","og:url":"https:\/\/eldigitaldeasturias.com\/magazine365\/apple-prepara-su-semana-grande-con-todas-las-miradas-puestas-en-beats\/","og:image":"https:\/\/eldigitaldeasturias.com\/magazine365\/wp-content\/uploads\/2014\/06\/6323320w.jpg","og:image:secure_url":"https:\/\/eldigitaldeasturias.com\/magazine365\/wp-content\/uploads\/2014\/06\/6323320w.jpg","og:image:width":800,"og:image:height":604,"article:published_time":"2014-06-01T23:05:12+00:00","article:modified_time":"2014-06-01T23:05:12+00:00","twitter:card":"summary_large_image","twitter:title":"Apple prepara su semana grande con todas las miradas puestas en Beats | El Digital de Asturias","twitter:description":"San Francisco (EE.UU.), 1 jun (EFE).- El gigante tecnol\u00f3gico estadounidense Apple celebrar\u00e1 esta semana su conferencia anual de desarrolladores de software, uno de los momentos m\u00e1s importantes del a\u00f1o para la compa\u00f1\u00eda y que esta vez llega justo despu\u00e9s de anunciar la compra de Beats Electronics por 3.000 millones de d\u00f3lares. La adquisici\u00f3n del fabricante","twitter:image":"https:\/\/eldigitaldeasturias.com\/magazine365\/wp-content\/uploads\/2014\/06\/6323320w.jpg"},"aioseo_meta_data":{"post_id":"14742","title":null,"description":null,"keywords":null,"keyphrases":null,"primary_term":null,"canonical_url":null,"og_title":null,"og_description":null,"og_object_type":"default","og_image_type":"default","og_image_url":null,"og_image_width":null,"og_image_height":null,"og_image_custom_url":null,"og_image_custom_fields":null,"og_video":null,"og_custom_url":null,"og_article_section":null,"og_article_tags":null,"twitter_use_og":false,"twitter_card":"default","twitter_image_type":"default","twitter_image_url":null,"twitter_image_custom_url":null,"twitter_image_custom_fields":null,"twitter_title":null,"twitter_description":null,"schema":{"blockGraphs":[],"customGraphs":[],"default":{"data":{"Article":[],"Course":[],"Dataset":[],"FAQPage":[],"Movie":[],"Person":[],"Product":[],"ProductReview":[],"Car":[],"Recipe":[],"Service":[],"SoftwareApplication":[],"WebPage":[]},"graphName":"","isEnabled":true},"graphs":[],"defaultGraph":"","defaultPostTypeGraph":""},"schema_type":null,"schema_type_options":null,"pillar_content":false,"robots_default":true,"robots_noindex":false,"robots_noarchive":false,"robots_nosnippet":false,"robots_nofollow":false,"robots_noimageindex":false,"robots_noodp":false,"robots_notranslate":false,"robots_max_snippet":null,"robots_max_videopreview":null,"robots_max_imagepreview":"large","priority":null,"frequency":null,"location":null,"local_seo":null,"seo_analyzer_scan_date":"2025-09-17 10:42:42","breadcrumb_settings":null,"limit_modified_date":false,"open_ai":null,"ai":null,"created":"2021-03-09 08:10:42","updated":"2025-09-17 10:42:42"},"aioseo_breadcrumb":"<div class=\"aioseo-breadcrumbs\"><span class=\"aioseo-breadcrumb\">\n\t<a href=\"https:\/\/eldigitaldeasturias.com\/magazine365\" title=\"Home\">Home<\/a>\n<\/span><span class=\"aioseo-breadcrumb-separator\">\u2013<\/span><span class=\"aioseo-breadcrumb\">\n\t<a href=\"https:\/\/eldigitaldeasturias.com\/magazine365\/category\/noticias-actualidad\/\" title=\"Noticias y Actualidad\">Noticias y Actualidad<\/a>\n<\/span><span class=\"aioseo-breadcrumb-separator\">\u2013<\/span><span class=\"aioseo-breadcrumb\">\n\t<a href=\"https:\/\/eldigitaldeasturias.com\/magazine365\/apple-prepara-su-semana-grande-con-todas-las-miradas-puestas-en-beats\/\" title=\"Apple prepara su semana grande con todas las miradas puestas en Beats\">Apple prepara su semana grande con todas las miradas puestas en Beats<\/a>\n<\/span><\/div>","aioseo_breadcrumb_json":[{"label":"Home","link":"https:\/\/eldigitaldeasturias.com\/magazine365"},{"label":"Noticias y Actualidad","link":"https:\/\/eldigitaldeasturias.com\/magazine365\/category\/noticias-actualidad\/"},{"label":"Apple prepara su semana grande con todas las miradas puestas en Beats","link":"https:\/\/eldigitaldeasturias.com\/magazine365\/apple-prepara-su-semana-grande-con-todas-las-miradas-puestas-en-beats\/"}],"_links":{"self":[{"href":"https:\/\/eldigitaldeasturias.com\/magazine365\/wp-json\/wp\/v2\/posts\/14742","targetHints":{"allow":["GET"]}}],"collection":[{"href":"https:\/\/eldigitaldeasturias.com\/magazine365\/wp-json\/wp\/v2\/posts"}],"about":[{"href":"https:\/\/eldigitaldeasturias.com\/magazine365\/wp-json\/wp\/v2\/types\/post"}],"author":[{"embeddable":true,"href":"https:\/\/eldigitaldeasturias.com\/magazine365\/wp-json\/wp\/v2\/users\/1"}],"replies":[{"embeddable":true,"href":"https:\/\/eldigitaldeasturias.com\/magazine365\/wp-json\/wp\/v2\/comments?post=14742"}],"version-history":[{"count":0,"href":"https:\/\/eldigitaldeasturias.com\/magazine365\/wp-json\/wp\/v2\/posts\/14742\/revisions"}],"wp:featuredmedia":[{"embeddable":true,"href":"https:\/\/eldigitaldeasturias.com\/magazine365\/wp-json\/wp\/v2\/media\/14743"}],"wp:attachment":[{"href":"https:\/\/eldigitaldeasturias.com\/magazine365\/wp-json\/wp\/v2\/media?parent=14742"}],"wp:term":[{"taxonomy":"category","embeddable":true,"href":"https:\/\/eldigitaldeasturias.com\/magazine365\/wp-json\/wp\/v2\/categories?post=14742"},{"taxonomy":"post_tag","embeddable":true,"href":"https:\/\/eldigitaldeasturias.com\/magazine365\/wp-json\/wp\/v2\/tags?post=14742"}],"curies":[{"name":"wp","href":"https:\/\/api.w.org\/{rel}","templated":true}]}}