{"id":14736,"date":"2014-06-01T21:02:33","date_gmt":"2014-06-01T23:02:33","guid":{"rendered":"http:\/\/eldigitaldeasturias.com\/magazine365\/?p=14736"},"modified":"2014-06-01T21:02:33","modified_gmt":"2014-06-01T23:02:33","slug":"una-mutacion-genetica-aumenta-el-riesgo-de-cancer-de-pulmon","status":"publish","type":"post","link":"https:\/\/eldigitaldeasturias.com\/magazine365\/una-mutacion-genetica-aumenta-el-riesgo-de-cancer-de-pulmon\/","title":{"rendered":"Una mutaci\u00f3n gen\u00e9tica aumenta el riesgo de c\u00e1ncer de pulm\u00f3n"},"content":{"rendered":"<p><img fetchpriority=\"high\" decoding=\"async\" class=\"alignleft size-medium wp-image-14737\" alt=\"6323210w\" src=\"https:\/\/eldigitaldeasturias.com\/magazine365\/wp-content\/uploads\/2014\/06\/6323210w-360x249.jpg\" width=\"360\" height=\"249\" \/>Londres, 1 jun (EFE).- Una mutaci\u00f3n gen\u00e9tica aumenta el riesgo de padecer c\u00e1ncer de pulm\u00f3n, especialmente en personas fumadoras, que pueden tener hasta un 25 % m\u00e1s de posibilidades de enfermar si son portadoras de ese gen, informa hoy la revista \u00abNature Genetics\u00bb.<\/p>\n<p>Uno de cada cuatro fumadores con esa mutaci\u00f3n gen\u00e9tica, que se halla en un 2 % de la poblaci\u00f3n, desarrollar\u00e1 ese tipo de c\u00e1ncer, de acuerdo con el resultado del estudio difundido hoy.<\/p>\n<p>El gen defectuoso, conocido como BRCA2, ya ha sido vinculado a los c\u00e1nceres de mama y ovario, pero los expertos han descubierto que una mutaci\u00f3n espec\u00edfica del gen dobla la probabilidad de contraer c\u00e1ncer de pulm\u00f3n.<\/p>\n<p>Una cuarta parte de los fumadores, que por lo general tienen un 13 % m\u00e1s de riesgo de padecer c\u00e1ncer de pulm\u00f3n en el transcurso de su vida, lo desarrollar\u00e1 si son portadores de la mutaci\u00f3n, predicen los expertos.<\/p>\n<p>\u00abNuestros resultados demuestran que algunos fumadores con mutaciones de BRCA2 tienen un enorme riesgo de padecer c\u00e1ncer de pulm\u00f3n, alrededor de un 25 % en el transcurso de su vida\u00bb, declara el director del estudio, Richard Houlston, del Instituto de Investigaci\u00f3n sobre el C\u00e1ncer de Londres.<\/p>\n<p>Recuerda que \u00abel c\u00e1ncer de pulm\u00f3n se cobra m\u00e1s de un mill\u00f3n de vidas cada a\u00f1o en el mundo y es, de lejos, el c\u00e1ncer m\u00e1s mortal en el Reino Unido\u00bb.<\/p>\n<p>\u00abSabemos que lo mejor que se puede hacer para reducir la mortalidad es persuadir a la gente de que no fume y nuestros nuevos descubrimientos dejan claro que esto es a\u00fan m\u00e1s cr\u00edtico en el caso de personas con un riesgo gen\u00e9tico subyacente\u00bb, a\u00f1ade.<\/p>\n<p>Para su estudio, los cient\u00edficos analizaron el ADN de 17.000 europeos con y sin c\u00e1ncer de pulm\u00f3n, buscando diferencias que pudieran relacionarse con la enfermedad.<\/p>\n<p>Detectaron una alteraci\u00f3n espec\u00edfica en el c\u00f3digo gen\u00e9tico del BRCA2 conocida como c.9976T, con una fuerte asociaci\u00f3n con el c\u00e1ncer de pulm\u00f3n.<\/p>\n<p>Esta alteraci\u00f3n prevalec\u00eda especialmente en pacientes con el tipo de c\u00e1ncer de pulm\u00f3n m\u00e1s corriente, el de c\u00e9lulas escamosas, que tambi\u00e9n mostr\u00f3 una relaci\u00f3n, aunque m\u00e1s d\u00e9bil, con otro gen defectuoso, llamado CHEK2.<\/p>\n<p>Los resultados de este estudio abren la posibilidad de realizar tratamientos personalizados para personas con c\u00e1ncer de pulm\u00f3n que tengan esas mutaciones gen\u00e9ticas, se\u00f1ala \u00abNature Genetics\u00bb.<\/p>\n<p>El BRCA2 es un gen supresor de tumores implicado en la reparaci\u00f3n del ADN da\u00f1ado y, cuando deja de funcionar adecuadamente, el c\u00e1ncer tiene m\u00e1s posibilidades de desarrollarse.<\/p>\n<p>Aunque suele asociarse a varios c\u00e1nceres que padecen las mujeres, el BRCA2 defectuoso tambi\u00e9n puede aumentar hasta un 25 % el riesgo de tumores malignos de pr\u00f3stata en los hombres.<\/p>\n","protected":false},"excerpt":{"rendered":"<p>Londres, 1 jun (EFE).- Una mutaci\u00f3n gen\u00e9tica aumenta el riesgo de padecer c\u00e1ncer de pulm\u00f3n, especialmente en personas fumadoras, que pueden tener hasta un 25 % m\u00e1s de posibilidades de enfermar si son portadoras de ese gen, informa hoy la revista \u00abNature Genetics\u00bb. Uno de cada cuatro fumadores con esa mutaci\u00f3n gen\u00e9tica, que se halla<\/p>\n","protected":false},"author":1,"featured_media":14737,"comment_status":"open","ping_status":"closed","sticky":false,"template":"","format":"standard","meta":{"footnotes":""},"categories":[224],"tags":[],"class_list":{"0":"post-14736","1":"post","2":"type-post","3":"status-publish","4":"format-standard","5":"has-post-thumbnail","7":"category-noticias-actualidad"},"aioseo_notices":[],"aioseo_head":"\n\t\t<!-- All in One SEO Pro 4.9.6.1 - aioseo.com -->\n\t<meta name=\"description\" content=\"Londres, 1 jun (EFE).- Una mutaci\u00f3n gen\u00e9tica aumenta el riesgo de padecer c\u00e1ncer de pulm\u00f3n, especialmente en personas fumadoras, que pueden tener hasta un 25 % m\u00e1s de posibilidades de enfermar si son portadoras de ese gen, informa hoy la revista &quot;Nature Genetics&quot;. Uno de cada cuatro fumadores con esa mutaci\u00f3n gen\u00e9tica, que se halla\" \/>\n\t<meta name=\"robots\" content=\"max-image-preview:large\" \/>\n\t<meta name=\"author\" content=\"admin\"\/>\n\t<meta name=\"google-site-verification\" content=\"UA-38556648-1\" \/>\n\t<meta name=\"keywords\" content=\"noticias y actualidad\" \/>\n\t<link rel=\"canonical\" href=\"https:\/\/eldigitaldeasturias.com\/magazine365\/una-mutacion-genetica-aumenta-el-riesgo-de-cancer-de-pulmon\/\" \/>\n\t<meta name=\"generator\" content=\"All in One SEO Pro (AIOSEO) 4.9.6.1\" \/>\n\t\t<meta property=\"og:locale\" content=\"es_ES\" \/>\n\t\t<meta property=\"og:site_name\" content=\"El Digital de Asturias \u2013 Revista de ocio, turismo y estilo de vida\" \/>\n\t\t<meta property=\"og:type\" content=\"article\" \/>\n\t\t<meta property=\"og:title\" content=\"Una mutaci\u00f3n gen\u00e9tica aumenta el riesgo de c\u00e1ncer de pulm\u00f3n | El Digital de Asturias\" \/>\n\t\t<meta property=\"og:description\" content=\"Londres, 1 jun (EFE).- Una mutaci\u00f3n gen\u00e9tica aumenta el riesgo de padecer c\u00e1ncer de pulm\u00f3n, especialmente en personas fumadoras, que pueden tener hasta un 25 % m\u00e1s de posibilidades de enfermar si son portadoras de ese gen, informa hoy la revista &quot;Nature Genetics&quot;. Uno de cada cuatro fumadores con esa mutaci\u00f3n gen\u00e9tica, que se halla\" \/>\n\t\t<meta property=\"og:url\" content=\"https:\/\/eldigitaldeasturias.com\/magazine365\/una-mutacion-genetica-aumenta-el-riesgo-de-cancer-de-pulmon\/\" \/>\n\t\t<meta property=\"og:image\" content=\"https:\/\/eldigitaldeasturias.com\/magazine365\/wp-content\/uploads\/2014\/06\/6323210w.jpg\" \/>\n\t\t<meta property=\"og:image:secure_url\" content=\"https:\/\/eldigitaldeasturias.com\/magazine365\/wp-content\/uploads\/2014\/06\/6323210w.jpg\" \/>\n\t\t<meta property=\"og:image:width\" content=\"800\" \/>\n\t\t<meta property=\"og:image:height\" content=\"555\" \/>\n\t\t<meta property=\"article:published_time\" content=\"2014-06-01T23:02:33+00:00\" \/>\n\t\t<meta property=\"article:modified_time\" content=\"2014-06-01T23:02:33+00:00\" \/>\n\t\t<meta name=\"twitter:card\" content=\"summary_large_image\" \/>\n\t\t<meta name=\"twitter:title\" content=\"Una mutaci\u00f3n gen\u00e9tica aumenta el riesgo de c\u00e1ncer de pulm\u00f3n | El Digital de Asturias\" \/>\n\t\t<meta name=\"twitter:description\" content=\"Londres, 1 jun (EFE).- Una mutaci\u00f3n gen\u00e9tica aumenta el riesgo de padecer c\u00e1ncer de pulm\u00f3n, especialmente en personas fumadoras, que pueden tener hasta un 25 % m\u00e1s de posibilidades de enfermar si son portadoras de ese gen, informa hoy la revista &quot;Nature Genetics&quot;. Uno de cada cuatro fumadores con esa mutaci\u00f3n gen\u00e9tica, que se halla\" \/>\n\t\t<meta name=\"twitter:image\" content=\"https:\/\/eldigitaldeasturias.com\/magazine365\/wp-content\/uploads\/2014\/06\/6323210w.jpg\" \/>\n\t\t<script type=\"application\/ld+json\" class=\"aioseo-schema\">\n\t\t\t{\"@context\":\"https:\\\/\\\/schema.org\",\"@graph\":[{\"@type\":\"Article\",\"@id\":\"https:\\\/\\\/eldigitaldeasturias.com\\\/magazine365\\\/una-mutacion-genetica-aumenta-el-riesgo-de-cancer-de-pulmon\\\/#article\",\"name\":\"Una mutaci\\u00f3n gen\\u00e9tica aumenta el riesgo de c\\u00e1ncer de pulm\\u00f3n | El Digital de Asturias\",\"headline\":\"Una mutaci\\u00f3n gen\\u00e9tica aumenta el riesgo de c\\u00e1ncer de pulm\\u00f3n\",\"author\":{\"@id\":\"https:\\\/\\\/eldigitaldeasturias.com\\\/magazine365\\\/author\\\/admin\\\/#author\"},\"publisher\":{\"@id\":\"https:\\\/\\\/eldigitaldeasturias.com\\\/magazine365\\\/#organization\"},\"image\":{\"@type\":\"ImageObject\",\"url\":\"https:\\\/\\\/eldigitaldeasturias.com\\\/magazine365\\\/wp-content\\\/uploads\\\/2014\\\/06\\\/6323210w.jpg\",\"width\":800,\"height\":555},\"datePublished\":\"2014-06-01T21:02:33+02:00\",\"dateModified\":\"2014-06-01T21:02:33+02:00\",\"inLanguage\":\"es-ES\",\"mainEntityOfPage\":{\"@id\":\"https:\\\/\\\/eldigitaldeasturias.com\\\/magazine365\\\/una-mutacion-genetica-aumenta-el-riesgo-de-cancer-de-pulmon\\\/#webpage\"},\"isPartOf\":{\"@id\":\"https:\\\/\\\/eldigitaldeasturias.com\\\/magazine365\\\/una-mutacion-genetica-aumenta-el-riesgo-de-cancer-de-pulmon\\\/#webpage\"},\"articleSection\":\"Noticias y Actualidad\"},{\"@type\":\"BreadcrumbList\",\"@id\":\"https:\\\/\\\/eldigitaldeasturias.com\\\/magazine365\\\/una-mutacion-genetica-aumenta-el-riesgo-de-cancer-de-pulmon\\\/#breadcrumblist\",\"itemListElement\":[{\"@type\":\"ListItem\",\"@id\":\"https:\\\/\\\/eldigitaldeasturias.com\\\/magazine365#listItem\",\"position\":1,\"name\":\"Home\",\"item\":\"https:\\\/\\\/eldigitaldeasturias.com\\\/magazine365\",\"nextItem\":{\"@type\":\"ListItem\",\"@id\":\"https:\\\/\\\/eldigitaldeasturias.com\\\/magazine365\\\/category\\\/noticias-actualidad\\\/#listItem\",\"name\":\"Noticias y Actualidad\"}},{\"@type\":\"ListItem\",\"@id\":\"https:\\\/\\\/eldigitaldeasturias.com\\\/magazine365\\\/category\\\/noticias-actualidad\\\/#listItem\",\"position\":2,\"name\":\"Noticias y Actualidad\",\"item\":\"https:\\\/\\\/eldigitaldeasturias.com\\\/magazine365\\\/category\\\/noticias-actualidad\\\/\",\"nextItem\":{\"@type\":\"ListItem\",\"@id\":\"https:\\\/\\\/eldigitaldeasturias.com\\\/magazine365\\\/una-mutacion-genetica-aumenta-el-riesgo-de-cancer-de-pulmon\\\/#listItem\",\"name\":\"Una mutaci\\u00f3n gen\\u00e9tica aumenta el riesgo de c\\u00e1ncer de pulm\\u00f3n\"},\"previousItem\":{\"@type\":\"ListItem\",\"@id\":\"https:\\\/\\\/eldigitaldeasturias.com\\\/magazine365#listItem\",\"name\":\"Home\"}},{\"@type\":\"ListItem\",\"@id\":\"https:\\\/\\\/eldigitaldeasturias.com\\\/magazine365\\\/una-mutacion-genetica-aumenta-el-riesgo-de-cancer-de-pulmon\\\/#listItem\",\"position\":3,\"name\":\"Una mutaci\\u00f3n gen\\u00e9tica aumenta el riesgo de c\\u00e1ncer de pulm\\u00f3n\",\"previousItem\":{\"@type\":\"ListItem\",\"@id\":\"https:\\\/\\\/eldigitaldeasturias.com\\\/magazine365\\\/category\\\/noticias-actualidad\\\/#listItem\",\"name\":\"Noticias y Actualidad\"}}]},{\"@type\":\"Organization\",\"@id\":\"https:\\\/\\\/eldigitaldeasturias.com\\\/magazine365\\\/#organization\",\"name\":\"El digital de Asturias\",\"description\":\"Revista de ocio, turismo y estilo de vida\",\"url\":\"https:\\\/\\\/eldigitaldeasturias.com\\\/magazine365\\\/\",\"logo\":{\"@type\":\"ImageObject\",\"url\":\"https:\\\/\\\/www.eldigitaldeasturias.com\\\/noticias\\\/wp-content\\\/uploads\\\/2020\\\/12\\\/EDA.jpg\",\"@id\":\"https:\\\/\\\/eldigitaldeasturias.com\\\/magazine365\\\/una-mutacion-genetica-aumenta-el-riesgo-de-cancer-de-pulmon\\\/#organizationLogo\"},\"image\":{\"@id\":\"https:\\\/\\\/eldigitaldeasturias.com\\\/magazine365\\\/una-mutacion-genetica-aumenta-el-riesgo-de-cancer-de-pulmon\\\/#organizationLogo\"}},{\"@type\":\"Person\",\"@id\":\"https:\\\/\\\/eldigitaldeasturias.com\\\/magazine365\\\/author\\\/admin\\\/#author\",\"url\":\"https:\\\/\\\/eldigitaldeasturias.com\\\/magazine365\\\/author\\\/admin\\\/\",\"name\":\"admin\",\"image\":{\"@type\":\"ImageObject\",\"@id\":\"https:\\\/\\\/eldigitaldeasturias.com\\\/magazine365\\\/una-mutacion-genetica-aumenta-el-riesgo-de-cancer-de-pulmon\\\/#authorImage\",\"url\":\"https:\\\/\\\/eldigitaldeasturias.com\\\/magazine365\\\/wp-content\\\/litespeed\\\/avatar\\\/e571bcf59a0edd6fa6838245a470f2fe.jpg?ver=1777574230\",\"width\":96,\"height\":96,\"caption\":\"admin\"}},{\"@type\":\"WebPage\",\"@id\":\"https:\\\/\\\/eldigitaldeasturias.com\\\/magazine365\\\/una-mutacion-genetica-aumenta-el-riesgo-de-cancer-de-pulmon\\\/#webpage\",\"url\":\"https:\\\/\\\/eldigitaldeasturias.com\\\/magazine365\\\/una-mutacion-genetica-aumenta-el-riesgo-de-cancer-de-pulmon\\\/\",\"name\":\"Una mutaci\\u00f3n gen\\u00e9tica aumenta el riesgo de c\\u00e1ncer de pulm\\u00f3n | El Digital de Asturias\",\"description\":\"Londres, 1 jun (EFE).- Una mutaci\\u00f3n gen\\u00e9tica aumenta el riesgo de padecer c\\u00e1ncer de pulm\\u00f3n, especialmente en personas fumadoras, que pueden tener hasta un 25 % m\\u00e1s de posibilidades de enfermar si son portadoras de ese gen, informa hoy la revista \\\"Nature Genetics\\\". Uno de cada cuatro fumadores con esa mutaci\\u00f3n gen\\u00e9tica, que se halla\",\"inLanguage\":\"es-ES\",\"isPartOf\":{\"@id\":\"https:\\\/\\\/eldigitaldeasturias.com\\\/magazine365\\\/#website\"},\"breadcrumb\":{\"@id\":\"https:\\\/\\\/eldigitaldeasturias.com\\\/magazine365\\\/una-mutacion-genetica-aumenta-el-riesgo-de-cancer-de-pulmon\\\/#breadcrumblist\"},\"author\":{\"@id\":\"https:\\\/\\\/eldigitaldeasturias.com\\\/magazine365\\\/author\\\/admin\\\/#author\"},\"creator\":{\"@id\":\"https:\\\/\\\/eldigitaldeasturias.com\\\/magazine365\\\/author\\\/admin\\\/#author\"},\"image\":{\"@type\":\"ImageObject\",\"url\":\"https:\\\/\\\/eldigitaldeasturias.com\\\/magazine365\\\/wp-content\\\/uploads\\\/2014\\\/06\\\/6323210w.jpg\",\"@id\":\"https:\\\/\\\/eldigitaldeasturias.com\\\/magazine365\\\/una-mutacion-genetica-aumenta-el-riesgo-de-cancer-de-pulmon\\\/#mainImage\",\"width\":800,\"height\":555},\"primaryImageOfPage\":{\"@id\":\"https:\\\/\\\/eldigitaldeasturias.com\\\/magazine365\\\/una-mutacion-genetica-aumenta-el-riesgo-de-cancer-de-pulmon\\\/#mainImage\"},\"datePublished\":\"2014-06-01T21:02:33+02:00\",\"dateModified\":\"2014-06-01T21:02:33+02:00\"},{\"@type\":\"WebSite\",\"@id\":\"https:\\\/\\\/eldigitaldeasturias.com\\\/magazine365\\\/#website\",\"url\":\"https:\\\/\\\/eldigitaldeasturias.com\\\/magazine365\\\/\",\"name\":\"El Digital de Asturias\",\"description\":\"Revista de ocio, turismo y estilo de vida\",\"inLanguage\":\"es-ES\",\"publisher\":{\"@id\":\"https:\\\/\\\/eldigitaldeasturias.com\\\/magazine365\\\/#organization\"}}]}\n\t\t<\/script>\n\t\t<!-- All in One SEO Pro -->\r\n\t\t<title>Una mutaci\u00f3n gen\u00e9tica aumenta el riesgo de c\u00e1ncer de pulm\u00f3n | El Digital de Asturias<\/title>\n\n","aioseo_head_json":{"title":"Una mutaci\u00f3n gen\u00e9tica aumenta el riesgo de c\u00e1ncer de pulm\u00f3n | El Digital de Asturias","description":"Londres, 1 jun (EFE).- Una mutaci\u00f3n gen\u00e9tica aumenta el riesgo de padecer c\u00e1ncer de pulm\u00f3n, especialmente en personas fumadoras, que pueden tener hasta un 25 % m\u00e1s de posibilidades de enfermar si son portadoras de ese gen, informa hoy la revista \"Nature Genetics\". Uno de cada cuatro fumadores con esa mutaci\u00f3n gen\u00e9tica, que se halla","canonical_url":"https:\/\/eldigitaldeasturias.com\/magazine365\/una-mutacion-genetica-aumenta-el-riesgo-de-cancer-de-pulmon\/","robots":"max-image-preview:large","keywords":"noticias y actualidad","webmasterTools":{"google-site-verification":"UA-38556648-1","miscellaneous":""},"schema":{"@context":"https:\/\/schema.org","@graph":[{"@type":"Article","@id":"https:\/\/eldigitaldeasturias.com\/magazine365\/una-mutacion-genetica-aumenta-el-riesgo-de-cancer-de-pulmon\/#article","name":"Una mutaci\u00f3n gen\u00e9tica aumenta el riesgo de c\u00e1ncer de pulm\u00f3n | El Digital de Asturias","headline":"Una mutaci\u00f3n gen\u00e9tica aumenta el riesgo de c\u00e1ncer de pulm\u00f3n","author":{"@id":"https:\/\/eldigitaldeasturias.com\/magazine365\/author\/admin\/#author"},"publisher":{"@id":"https:\/\/eldigitaldeasturias.com\/magazine365\/#organization"},"image":{"@type":"ImageObject","url":"https:\/\/eldigitaldeasturias.com\/magazine365\/wp-content\/uploads\/2014\/06\/6323210w.jpg","width":800,"height":555},"datePublished":"2014-06-01T21:02:33+02:00","dateModified":"2014-06-01T21:02:33+02:00","inLanguage":"es-ES","mainEntityOfPage":{"@id":"https:\/\/eldigitaldeasturias.com\/magazine365\/una-mutacion-genetica-aumenta-el-riesgo-de-cancer-de-pulmon\/#webpage"},"isPartOf":{"@id":"https:\/\/eldigitaldeasturias.com\/magazine365\/una-mutacion-genetica-aumenta-el-riesgo-de-cancer-de-pulmon\/#webpage"},"articleSection":"Noticias y Actualidad"},{"@type":"BreadcrumbList","@id":"https:\/\/eldigitaldeasturias.com\/magazine365\/una-mutacion-genetica-aumenta-el-riesgo-de-cancer-de-pulmon\/#breadcrumblist","itemListElement":[{"@type":"ListItem","@id":"https:\/\/eldigitaldeasturias.com\/magazine365#listItem","position":1,"name":"Home","item":"https:\/\/eldigitaldeasturias.com\/magazine365","nextItem":{"@type":"ListItem","@id":"https:\/\/eldigitaldeasturias.com\/magazine365\/category\/noticias-actualidad\/#listItem","name":"Noticias y Actualidad"}},{"@type":"ListItem","@id":"https:\/\/eldigitaldeasturias.com\/magazine365\/category\/noticias-actualidad\/#listItem","position":2,"name":"Noticias y Actualidad","item":"https:\/\/eldigitaldeasturias.com\/magazine365\/category\/noticias-actualidad\/","nextItem":{"@type":"ListItem","@id":"https:\/\/eldigitaldeasturias.com\/magazine365\/una-mutacion-genetica-aumenta-el-riesgo-de-cancer-de-pulmon\/#listItem","name":"Una mutaci\u00f3n gen\u00e9tica aumenta el riesgo de c\u00e1ncer de pulm\u00f3n"},"previousItem":{"@type":"ListItem","@id":"https:\/\/eldigitaldeasturias.com\/magazine365#listItem","name":"Home"}},{"@type":"ListItem","@id":"https:\/\/eldigitaldeasturias.com\/magazine365\/una-mutacion-genetica-aumenta-el-riesgo-de-cancer-de-pulmon\/#listItem","position":3,"name":"Una mutaci\u00f3n gen\u00e9tica aumenta el riesgo de c\u00e1ncer de pulm\u00f3n","previousItem":{"@type":"ListItem","@id":"https:\/\/eldigitaldeasturias.com\/magazine365\/category\/noticias-actualidad\/#listItem","name":"Noticias y Actualidad"}}]},{"@type":"Organization","@id":"https:\/\/eldigitaldeasturias.com\/magazine365\/#organization","name":"El digital de Asturias","description":"Revista de ocio, turismo y estilo de vida","url":"https:\/\/eldigitaldeasturias.com\/magazine365\/","logo":{"@type":"ImageObject","url":"https:\/\/www.eldigitaldeasturias.com\/noticias\/wp-content\/uploads\/2020\/12\/EDA.jpg","@id":"https:\/\/eldigitaldeasturias.com\/magazine365\/una-mutacion-genetica-aumenta-el-riesgo-de-cancer-de-pulmon\/#organizationLogo"},"image":{"@id":"https:\/\/eldigitaldeasturias.com\/magazine365\/una-mutacion-genetica-aumenta-el-riesgo-de-cancer-de-pulmon\/#organizationLogo"}},{"@type":"Person","@id":"https:\/\/eldigitaldeasturias.com\/magazine365\/author\/admin\/#author","url":"https:\/\/eldigitaldeasturias.com\/magazine365\/author\/admin\/","name":"admin","image":{"@type":"ImageObject","@id":"https:\/\/eldigitaldeasturias.com\/magazine365\/una-mutacion-genetica-aumenta-el-riesgo-de-cancer-de-pulmon\/#authorImage","url":"https:\/\/eldigitaldeasturias.com\/magazine365\/wp-content\/litespeed\/avatar\/e571bcf59a0edd6fa6838245a470f2fe.jpg?ver=1777574230","width":96,"height":96,"caption":"admin"}},{"@type":"WebPage","@id":"https:\/\/eldigitaldeasturias.com\/magazine365\/una-mutacion-genetica-aumenta-el-riesgo-de-cancer-de-pulmon\/#webpage","url":"https:\/\/eldigitaldeasturias.com\/magazine365\/una-mutacion-genetica-aumenta-el-riesgo-de-cancer-de-pulmon\/","name":"Una mutaci\u00f3n gen\u00e9tica aumenta el riesgo de c\u00e1ncer de pulm\u00f3n | El Digital de Asturias","description":"Londres, 1 jun (EFE).- Una mutaci\u00f3n gen\u00e9tica aumenta el riesgo de padecer c\u00e1ncer de pulm\u00f3n, especialmente en personas fumadoras, que pueden tener hasta un 25 % m\u00e1s de posibilidades de enfermar si son portadoras de ese gen, informa hoy la revista \"Nature Genetics\". Uno de cada cuatro fumadores con esa mutaci\u00f3n gen\u00e9tica, que se halla","inLanguage":"es-ES","isPartOf":{"@id":"https:\/\/eldigitaldeasturias.com\/magazine365\/#website"},"breadcrumb":{"@id":"https:\/\/eldigitaldeasturias.com\/magazine365\/una-mutacion-genetica-aumenta-el-riesgo-de-cancer-de-pulmon\/#breadcrumblist"},"author":{"@id":"https:\/\/eldigitaldeasturias.com\/magazine365\/author\/admin\/#author"},"creator":{"@id":"https:\/\/eldigitaldeasturias.com\/magazine365\/author\/admin\/#author"},"image":{"@type":"ImageObject","url":"https:\/\/eldigitaldeasturias.com\/magazine365\/wp-content\/uploads\/2014\/06\/6323210w.jpg","@id":"https:\/\/eldigitaldeasturias.com\/magazine365\/una-mutacion-genetica-aumenta-el-riesgo-de-cancer-de-pulmon\/#mainImage","width":800,"height":555},"primaryImageOfPage":{"@id":"https:\/\/eldigitaldeasturias.com\/magazine365\/una-mutacion-genetica-aumenta-el-riesgo-de-cancer-de-pulmon\/#mainImage"},"datePublished":"2014-06-01T21:02:33+02:00","dateModified":"2014-06-01T21:02:33+02:00"},{"@type":"WebSite","@id":"https:\/\/eldigitaldeasturias.com\/magazine365\/#website","url":"https:\/\/eldigitaldeasturias.com\/magazine365\/","name":"El Digital de Asturias","description":"Revista de ocio, turismo y estilo de vida","inLanguage":"es-ES","publisher":{"@id":"https:\/\/eldigitaldeasturias.com\/magazine365\/#organization"}}]},"og:locale":"es_ES","og:site_name":"El Digital de Asturias \u2013 Revista de ocio, turismo y estilo de vida","og:type":"article","og:title":"Una mutaci\u00f3n gen\u00e9tica aumenta el riesgo de c\u00e1ncer de pulm\u00f3n | El Digital de Asturias","og:description":"Londres, 1 jun (EFE).- Una mutaci\u00f3n gen\u00e9tica aumenta el riesgo de padecer c\u00e1ncer de pulm\u00f3n, especialmente en personas fumadoras, que pueden tener hasta un 25 % m\u00e1s de posibilidades de enfermar si son portadoras de ese gen, informa hoy la revista &quot;Nature Genetics&quot;. Uno de cada cuatro fumadores con esa mutaci\u00f3n gen\u00e9tica, que se halla","og:url":"https:\/\/eldigitaldeasturias.com\/magazine365\/una-mutacion-genetica-aumenta-el-riesgo-de-cancer-de-pulmon\/","og:image":"https:\/\/eldigitaldeasturias.com\/magazine365\/wp-content\/uploads\/2014\/06\/6323210w.jpg","og:image:secure_url":"https:\/\/eldigitaldeasturias.com\/magazine365\/wp-content\/uploads\/2014\/06\/6323210w.jpg","og:image:width":800,"og:image:height":555,"article:published_time":"2014-06-01T23:02:33+00:00","article:modified_time":"2014-06-01T23:02:33+00:00","twitter:card":"summary_large_image","twitter:title":"Una mutaci\u00f3n gen\u00e9tica aumenta el riesgo de c\u00e1ncer de pulm\u00f3n | El Digital de Asturias","twitter:description":"Londres, 1 jun (EFE).- Una mutaci\u00f3n gen\u00e9tica aumenta el riesgo de padecer c\u00e1ncer de pulm\u00f3n, especialmente en personas fumadoras, que pueden tener hasta un 25 % m\u00e1s de posibilidades de enfermar si son portadoras de ese gen, informa hoy la revista &quot;Nature Genetics&quot;. Uno de cada cuatro fumadores con esa mutaci\u00f3n gen\u00e9tica, que se halla","twitter:image":"https:\/\/eldigitaldeasturias.com\/magazine365\/wp-content\/uploads\/2014\/06\/6323210w.jpg"},"aioseo_meta_data":{"post_id":"14736","title":null,"description":null,"keywords":null,"keyphrases":null,"primary_term":null,"canonical_url":null,"og_title":null,"og_description":null,"og_object_type":"default","og_image_type":"default","og_image_url":null,"og_image_width":null,"og_image_height":null,"og_image_custom_url":null,"og_image_custom_fields":null,"og_video":null,"og_custom_url":null,"og_article_section":null,"og_article_tags":null,"twitter_use_og":false,"twitter_card":"default","twitter_image_type":"default","twitter_image_url":null,"twitter_image_custom_url":null,"twitter_image_custom_fields":null,"twitter_title":null,"twitter_description":null,"schema":{"blockGraphs":[],"customGraphs":[],"default":{"data":{"Article":[],"Course":[],"Dataset":[],"FAQPage":[],"Movie":[],"Person":[],"Product":[],"ProductReview":[],"Car":[],"Recipe":[],"Service":[],"SoftwareApplication":[],"WebPage":[]},"graphName":"","isEnabled":true},"graphs":[],"defaultGraph":"","defaultPostTypeGraph":""},"schema_type":null,"schema_type_options":null,"pillar_content":false,"robots_default":true,"robots_noindex":false,"robots_noarchive":false,"robots_nosnippet":false,"robots_nofollow":false,"robots_noimageindex":false,"robots_noodp":false,"robots_notranslate":false,"robots_max_snippet":null,"robots_max_videopreview":null,"robots_max_imagepreview":"large","priority":null,"frequency":null,"location":null,"local_seo":null,"seo_analyzer_scan_date":"2025-09-17 10:42:39","breadcrumb_settings":null,"limit_modified_date":false,"open_ai":null,"ai":null,"created":"2021-03-09 08:10:42","updated":"2025-09-17 10:42:39"},"aioseo_breadcrumb":"<div class=\"aioseo-breadcrumbs\"><span class=\"aioseo-breadcrumb\">\n\t<a href=\"https:\/\/eldigitaldeasturias.com\/magazine365\" title=\"Home\">Home<\/a>\n<\/span><span class=\"aioseo-breadcrumb-separator\">\u2013<\/span><span class=\"aioseo-breadcrumb\">\n\t<a href=\"https:\/\/eldigitaldeasturias.com\/magazine365\/category\/noticias-actualidad\/\" title=\"Noticias y Actualidad\">Noticias y Actualidad<\/a>\n<\/span><span class=\"aioseo-breadcrumb-separator\">\u2013<\/span><span class=\"aioseo-breadcrumb\">\n\t<a href=\"https:\/\/eldigitaldeasturias.com\/magazine365\/una-mutacion-genetica-aumenta-el-riesgo-de-cancer-de-pulmon\/\" title=\"Una mutaci\u00f3n gen\u00e9tica aumenta el riesgo de c\u00e1ncer de pulm\u00f3n\">Una mutaci\u00f3n gen\u00e9tica aumenta el riesgo de c\u00e1ncer de pulm\u00f3n<\/a>\n<\/span><\/div>","aioseo_breadcrumb_json":[{"label":"Home","link":"https:\/\/eldigitaldeasturias.com\/magazine365"},{"label":"Noticias y Actualidad","link":"https:\/\/eldigitaldeasturias.com\/magazine365\/category\/noticias-actualidad\/"},{"label":"Una mutaci\u00f3n gen\u00e9tica aumenta el riesgo de c\u00e1ncer de pulm\u00f3n","link":"https:\/\/eldigitaldeasturias.com\/magazine365\/una-mutacion-genetica-aumenta-el-riesgo-de-cancer-de-pulmon\/"}],"_links":{"self":[{"href":"https:\/\/eldigitaldeasturias.com\/magazine365\/wp-json\/wp\/v2\/posts\/14736","targetHints":{"allow":["GET"]}}],"collection":[{"href":"https:\/\/eldigitaldeasturias.com\/magazine365\/wp-json\/wp\/v2\/posts"}],"about":[{"href":"https:\/\/eldigitaldeasturias.com\/magazine365\/wp-json\/wp\/v2\/types\/post"}],"author":[{"embeddable":true,"href":"https:\/\/eldigitaldeasturias.com\/magazine365\/wp-json\/wp\/v2\/users\/1"}],"replies":[{"embeddable":true,"href":"https:\/\/eldigitaldeasturias.com\/magazine365\/wp-json\/wp\/v2\/comments?post=14736"}],"version-history":[{"count":0,"href":"https:\/\/eldigitaldeasturias.com\/magazine365\/wp-json\/wp\/v2\/posts\/14736\/revisions"}],"wp:featuredmedia":[{"embeddable":true,"href":"https:\/\/eldigitaldeasturias.com\/magazine365\/wp-json\/wp\/v2\/media\/14737"}],"wp:attachment":[{"href":"https:\/\/eldigitaldeasturias.com\/magazine365\/wp-json\/wp\/v2\/media?parent=14736"}],"wp:term":[{"taxonomy":"category","embeddable":true,"href":"https:\/\/eldigitaldeasturias.com\/magazine365\/wp-json\/wp\/v2\/categories?post=14736"},{"taxonomy":"post_tag","embeddable":true,"href":"https:\/\/eldigitaldeasturias.com\/magazine365\/wp-json\/wp\/v2\/tags?post=14736"}],"curies":[{"name":"wp","href":"https:\/\/api.w.org\/{rel}","templated":true}]}}