{"id":14733,"date":"2014-06-01T21:01:09","date_gmt":"2014-06-01T23:01:09","guid":{"rendered":"http:\/\/eldigitaldeasturias.com\/magazine365\/?p=14733"},"modified":"2014-06-01T21:01:09","modified_gmt":"2014-06-01T23:01:09","slug":"el-salon-inmobiliario-cierra-con-menos-asistentes-pero-con-decision-de-compra","status":"publish","type":"post","link":"https:\/\/eldigitaldeasturias.com\/magazine365\/el-salon-inmobiliario-cierra-con-menos-asistentes-pero-con-decision-de-compra\/","title":{"rendered":"El Sal\u00f3n Inmobiliario cierra con menos asistentes pero con decisi\u00f3n de compra"},"content":{"rendered":"<p><img fetchpriority=\"high\" decoding=\"async\" class=\"alignleft size-medium wp-image-14734\" alt=\"6323201w\" src=\"https:\/\/eldigitaldeasturias.com\/magazine365\/wp-content\/uploads\/2014\/06\/6323201w-360x261.jpg\" width=\"360\" height=\"261\" srcset=\"https:\/\/eldigitaldeasturias.com\/magazine365\/wp-content\/uploads\/2014\/06\/6323201w-360x261.jpg 360w, https:\/\/eldigitaldeasturias.com\/magazine365\/wp-content\/uploads\/2014\/06\/6323201w-650x471.jpg 650w, https:\/\/eldigitaldeasturias.com\/magazine365\/wp-content\/uploads\/2014\/06\/6323201w-768x557.jpg 768w, https:\/\/eldigitaldeasturias.com\/magazine365\/wp-content\/uploads\/2014\/06\/6323201w-150x109.jpg 150w, https:\/\/eldigitaldeasturias.com\/magazine365\/wp-content\/uploads\/2014\/06\/6323201w-450x326.jpg 450w, https:\/\/eldigitaldeasturias.com\/magazine365\/wp-content\/uploads\/2014\/06\/6323201w-324x235.jpg 324w, https:\/\/eldigitaldeasturias.com\/magazine365\/wp-content\/uploads\/2014\/06\/6323201w-696x505.jpg 696w, https:\/\/eldigitaldeasturias.com\/magazine365\/wp-content\/uploads\/2014\/06\/6323201w.jpg 800w, https:\/\/eldigitaldeasturias.com\/magazine365\/wp-content\/uploads\/2014\/06\/6323201w-579x420.jpg 579w\" sizes=\"(max-width: 360px) 100vw, 360px\" \/>Madrid, 1 jun (EFE).- La 16\u00aa edici\u00f3n del Sal\u00f3n Inmobiliario Internacional de Madrid (SIMA 2014) ha finalizado hoy con una menor asistencia que otros a\u00f1os, pero con visitas caracterizadas por una firme decisi\u00f3n de compra, algo que no ocurr\u00eda en las \u00faltimas ediciones, han afirmado a Efe fuentes de la organizaci\u00f3n.<\/p>\n<p>Las mismas fuentes han indicado como hecho destacable que las personas que han acudido al SIMA ten\u00edan claro, en su mayor\u00eda, que quer\u00edan comprar, as\u00ed como los puntos principales de su adquisici\u00f3n relativos a la zona, a la capacidad o al precio.<\/p>\n<p>El perfil del visitante ten\u00eda una doble vertiente, por un lado, gente joven con dos o tres ni\u00f1os, y por otro, personas de m\u00e1s de 50 a\u00f1os que quer\u00edan adquirir un apartamento en lugares de playa.<\/p>\n<p>En la edici\u00f3n del SIMA de este a\u00f1o, que comenz\u00f3 el pasado jueves, han estado presentes m\u00e1s de 100 empresas e instituciones que han ofrecido una amplia oferta de vivienda nueva (seg\u00fan c\u00e1lculos de la organizaci\u00f3n, m\u00e1s de 400 promociones) y de segunda mano.<\/p>\n","protected":false},"excerpt":{"rendered":"<p>Madrid, 1 jun (EFE).- La 16\u00aa edici\u00f3n del Sal\u00f3n Inmobiliario Internacional de Madrid (SIMA 2014) ha finalizado hoy con una menor asistencia que otros a\u00f1os, pero con visitas caracterizadas por una firme decisi\u00f3n de compra, algo que no ocurr\u00eda en las \u00faltimas ediciones, han afirmado a Efe fuentes de la organizaci\u00f3n. Las mismas fuentes han<\/p>\n","protected":false},"author":1,"featured_media":14734,"comment_status":"open","ping_status":"closed","sticky":false,"template":"","format":"standard","meta":{"footnotes":""},"categories":[224],"tags":[],"class_list":{"0":"post-14733","1":"post","2":"type-post","3":"status-publish","4":"format-standard","5":"has-post-thumbnail","7":"category-noticias-actualidad"},"aioseo_notices":[],"aioseo_head":"\n\t\t<!-- All in One SEO Pro 4.9.6.1 - aioseo.com -->\n\t<meta name=\"description\" content=\"Madrid, 1 jun (EFE).- La 16\u00aa edici\u00f3n del Sal\u00f3n Inmobiliario Internacional de Madrid (SIMA 2014) ha finalizado hoy con una menor asistencia que otros a\u00f1os, pero con visitas caracterizadas por una firme decisi\u00f3n de compra, algo que no ocurr\u00eda en las \u00faltimas ediciones, han afirmado a Efe fuentes de la organizaci\u00f3n. Las mismas fuentes han\" \/>\n\t<meta name=\"robots\" content=\"max-image-preview:large\" \/>\n\t<meta name=\"author\" content=\"admin\"\/>\n\t<meta name=\"google-site-verification\" content=\"UA-38556648-1\" \/>\n\t<meta name=\"keywords\" content=\"noticias y actualidad\" \/>\n\t<link rel=\"canonical\" href=\"https:\/\/eldigitaldeasturias.com\/magazine365\/el-salon-inmobiliario-cierra-con-menos-asistentes-pero-con-decision-de-compra\/\" \/>\n\t<meta name=\"generator\" content=\"All in One SEO Pro (AIOSEO) 4.9.6.1\" \/>\n\t\t<meta property=\"og:locale\" content=\"es_ES\" \/>\n\t\t<meta property=\"og:site_name\" content=\"El Digital de Asturias \u2013 Revista de ocio, turismo y estilo de vida\" \/>\n\t\t<meta property=\"og:type\" content=\"article\" \/>\n\t\t<meta property=\"og:title\" content=\"El Sal\u00f3n Inmobiliario cierra con menos asistentes pero con decisi\u00f3n de compra | El Digital de Asturias\" \/>\n\t\t<meta property=\"og:description\" content=\"Madrid, 1 jun (EFE).- La 16\u00aa edici\u00f3n del Sal\u00f3n Inmobiliario Internacional de Madrid (SIMA 2014) ha finalizado hoy con una menor asistencia que otros a\u00f1os, pero con visitas caracterizadas por una firme decisi\u00f3n de compra, algo que no ocurr\u00eda en las \u00faltimas ediciones, han afirmado a Efe fuentes de la organizaci\u00f3n. Las mismas fuentes han\" \/>\n\t\t<meta property=\"og:url\" content=\"https:\/\/eldigitaldeasturias.com\/magazine365\/el-salon-inmobiliario-cierra-con-menos-asistentes-pero-con-decision-de-compra\/\" \/>\n\t\t<meta property=\"og:image\" content=\"https:\/\/eldigitaldeasturias.com\/magazine365\/wp-content\/uploads\/2014\/06\/6323201w.jpg\" \/>\n\t\t<meta property=\"og:image:secure_url\" content=\"https:\/\/eldigitaldeasturias.com\/magazine365\/wp-content\/uploads\/2014\/06\/6323201w.jpg\" \/>\n\t\t<meta property=\"og:image:width\" content=\"800\" \/>\n\t\t<meta property=\"og:image:height\" content=\"580\" \/>\n\t\t<meta property=\"article:published_time\" content=\"2014-06-01T23:01:09+00:00\" \/>\n\t\t<meta property=\"article:modified_time\" content=\"2014-06-01T23:01:09+00:00\" \/>\n\t\t<meta name=\"twitter:card\" content=\"summary_large_image\" \/>\n\t\t<meta name=\"twitter:title\" content=\"El Sal\u00f3n Inmobiliario cierra con menos asistentes pero con decisi\u00f3n de compra | El Digital de Asturias\" \/>\n\t\t<meta name=\"twitter:description\" content=\"Madrid, 1 jun (EFE).- La 16\u00aa edici\u00f3n del Sal\u00f3n Inmobiliario Internacional de Madrid (SIMA 2014) ha finalizado hoy con una menor asistencia que otros a\u00f1os, pero con visitas caracterizadas por una firme decisi\u00f3n de compra, algo que no ocurr\u00eda en las \u00faltimas ediciones, han afirmado a Efe fuentes de la organizaci\u00f3n. Las mismas fuentes han\" \/>\n\t\t<meta name=\"twitter:image\" content=\"https:\/\/eldigitaldeasturias.com\/magazine365\/wp-content\/uploads\/2014\/06\/6323201w.jpg\" \/>\n\t\t<script type=\"application\/ld+json\" class=\"aioseo-schema\">\n\t\t\t{\"@context\":\"https:\\\/\\\/schema.org\",\"@graph\":[{\"@type\":\"Article\",\"@id\":\"https:\\\/\\\/eldigitaldeasturias.com\\\/magazine365\\\/el-salon-inmobiliario-cierra-con-menos-asistentes-pero-con-decision-de-compra\\\/#article\",\"name\":\"El Sal\\u00f3n Inmobiliario cierra con menos asistentes pero con decisi\\u00f3n de compra | El Digital de Asturias\",\"headline\":\"El Sal\\u00f3n Inmobiliario cierra con menos asistentes pero con decisi\\u00f3n de compra\",\"author\":{\"@id\":\"https:\\\/\\\/eldigitaldeasturias.com\\\/magazine365\\\/author\\\/admin\\\/#author\"},\"publisher\":{\"@id\":\"https:\\\/\\\/eldigitaldeasturias.com\\\/magazine365\\\/#organization\"},\"image\":{\"@type\":\"ImageObject\",\"url\":\"https:\\\/\\\/eldigitaldeasturias.com\\\/magazine365\\\/wp-content\\\/uploads\\\/2014\\\/06\\\/6323201w.jpg\",\"width\":800,\"height\":580},\"datePublished\":\"2014-06-01T21:01:09+02:00\",\"dateModified\":\"2014-06-01T21:01:09+02:00\",\"inLanguage\":\"es-ES\",\"mainEntityOfPage\":{\"@id\":\"https:\\\/\\\/eldigitaldeasturias.com\\\/magazine365\\\/el-salon-inmobiliario-cierra-con-menos-asistentes-pero-con-decision-de-compra\\\/#webpage\"},\"isPartOf\":{\"@id\":\"https:\\\/\\\/eldigitaldeasturias.com\\\/magazine365\\\/el-salon-inmobiliario-cierra-con-menos-asistentes-pero-con-decision-de-compra\\\/#webpage\"},\"articleSection\":\"Noticias y Actualidad\"},{\"@type\":\"BreadcrumbList\",\"@id\":\"https:\\\/\\\/eldigitaldeasturias.com\\\/magazine365\\\/el-salon-inmobiliario-cierra-con-menos-asistentes-pero-con-decision-de-compra\\\/#breadcrumblist\",\"itemListElement\":[{\"@type\":\"ListItem\",\"@id\":\"https:\\\/\\\/eldigitaldeasturias.com\\\/magazine365#listItem\",\"position\":1,\"name\":\"Home\",\"item\":\"https:\\\/\\\/eldigitaldeasturias.com\\\/magazine365\",\"nextItem\":{\"@type\":\"ListItem\",\"@id\":\"https:\\\/\\\/eldigitaldeasturias.com\\\/magazine365\\\/category\\\/noticias-actualidad\\\/#listItem\",\"name\":\"Noticias y Actualidad\"}},{\"@type\":\"ListItem\",\"@id\":\"https:\\\/\\\/eldigitaldeasturias.com\\\/magazine365\\\/category\\\/noticias-actualidad\\\/#listItem\",\"position\":2,\"name\":\"Noticias y Actualidad\",\"item\":\"https:\\\/\\\/eldigitaldeasturias.com\\\/magazine365\\\/category\\\/noticias-actualidad\\\/\",\"nextItem\":{\"@type\":\"ListItem\",\"@id\":\"https:\\\/\\\/eldigitaldeasturias.com\\\/magazine365\\\/el-salon-inmobiliario-cierra-con-menos-asistentes-pero-con-decision-de-compra\\\/#listItem\",\"name\":\"El Sal\\u00f3n Inmobiliario cierra con menos asistentes pero con decisi\\u00f3n de compra\"},\"previousItem\":{\"@type\":\"ListItem\",\"@id\":\"https:\\\/\\\/eldigitaldeasturias.com\\\/magazine365#listItem\",\"name\":\"Home\"}},{\"@type\":\"ListItem\",\"@id\":\"https:\\\/\\\/eldigitaldeasturias.com\\\/magazine365\\\/el-salon-inmobiliario-cierra-con-menos-asistentes-pero-con-decision-de-compra\\\/#listItem\",\"position\":3,\"name\":\"El Sal\\u00f3n Inmobiliario cierra con menos asistentes pero con decisi\\u00f3n de compra\",\"previousItem\":{\"@type\":\"ListItem\",\"@id\":\"https:\\\/\\\/eldigitaldeasturias.com\\\/magazine365\\\/category\\\/noticias-actualidad\\\/#listItem\",\"name\":\"Noticias y Actualidad\"}}]},{\"@type\":\"Organization\",\"@id\":\"https:\\\/\\\/eldigitaldeasturias.com\\\/magazine365\\\/#organization\",\"name\":\"El digital de Asturias\",\"description\":\"Revista de ocio, turismo y estilo de vida\",\"url\":\"https:\\\/\\\/eldigitaldeasturias.com\\\/magazine365\\\/\",\"logo\":{\"@type\":\"ImageObject\",\"url\":\"https:\\\/\\\/www.eldigitaldeasturias.com\\\/noticias\\\/wp-content\\\/uploads\\\/2020\\\/12\\\/EDA.jpg\",\"@id\":\"https:\\\/\\\/eldigitaldeasturias.com\\\/magazine365\\\/el-salon-inmobiliario-cierra-con-menos-asistentes-pero-con-decision-de-compra\\\/#organizationLogo\"},\"image\":{\"@id\":\"https:\\\/\\\/eldigitaldeasturias.com\\\/magazine365\\\/el-salon-inmobiliario-cierra-con-menos-asistentes-pero-con-decision-de-compra\\\/#organizationLogo\"}},{\"@type\":\"Person\",\"@id\":\"https:\\\/\\\/eldigitaldeasturias.com\\\/magazine365\\\/author\\\/admin\\\/#author\",\"url\":\"https:\\\/\\\/eldigitaldeasturias.com\\\/magazine365\\\/author\\\/admin\\\/\",\"name\":\"admin\",\"image\":{\"@type\":\"ImageObject\",\"@id\":\"https:\\\/\\\/eldigitaldeasturias.com\\\/magazine365\\\/el-salon-inmobiliario-cierra-con-menos-asistentes-pero-con-decision-de-compra\\\/#authorImage\",\"url\":\"https:\\\/\\\/eldigitaldeasturias.com\\\/magazine365\\\/wp-content\\\/litespeed\\\/avatar\\\/e571bcf59a0edd6fa6838245a470f2fe.jpg?ver=1777574230\",\"width\":96,\"height\":96,\"caption\":\"admin\"}},{\"@type\":\"WebPage\",\"@id\":\"https:\\\/\\\/eldigitaldeasturias.com\\\/magazine365\\\/el-salon-inmobiliario-cierra-con-menos-asistentes-pero-con-decision-de-compra\\\/#webpage\",\"url\":\"https:\\\/\\\/eldigitaldeasturias.com\\\/magazine365\\\/el-salon-inmobiliario-cierra-con-menos-asistentes-pero-con-decision-de-compra\\\/\",\"name\":\"El Sal\\u00f3n Inmobiliario cierra con menos asistentes pero con decisi\\u00f3n de compra | El Digital de Asturias\",\"description\":\"Madrid, 1 jun (EFE).- La 16\\u00aa edici\\u00f3n del Sal\\u00f3n Inmobiliario Internacional de Madrid (SIMA 2014) ha finalizado hoy con una menor asistencia que otros a\\u00f1os, pero con visitas caracterizadas por una firme decisi\\u00f3n de compra, algo que no ocurr\\u00eda en las \\u00faltimas ediciones, han afirmado a Efe fuentes de la organizaci\\u00f3n. Las mismas fuentes han\",\"inLanguage\":\"es-ES\",\"isPartOf\":{\"@id\":\"https:\\\/\\\/eldigitaldeasturias.com\\\/magazine365\\\/#website\"},\"breadcrumb\":{\"@id\":\"https:\\\/\\\/eldigitaldeasturias.com\\\/magazine365\\\/el-salon-inmobiliario-cierra-con-menos-asistentes-pero-con-decision-de-compra\\\/#breadcrumblist\"},\"author\":{\"@id\":\"https:\\\/\\\/eldigitaldeasturias.com\\\/magazine365\\\/author\\\/admin\\\/#author\"},\"creator\":{\"@id\":\"https:\\\/\\\/eldigitaldeasturias.com\\\/magazine365\\\/author\\\/admin\\\/#author\"},\"image\":{\"@type\":\"ImageObject\",\"url\":\"https:\\\/\\\/eldigitaldeasturias.com\\\/magazine365\\\/wp-content\\\/uploads\\\/2014\\\/06\\\/6323201w.jpg\",\"@id\":\"https:\\\/\\\/eldigitaldeasturias.com\\\/magazine365\\\/el-salon-inmobiliario-cierra-con-menos-asistentes-pero-con-decision-de-compra\\\/#mainImage\",\"width\":800,\"height\":580},\"primaryImageOfPage\":{\"@id\":\"https:\\\/\\\/eldigitaldeasturias.com\\\/magazine365\\\/el-salon-inmobiliario-cierra-con-menos-asistentes-pero-con-decision-de-compra\\\/#mainImage\"},\"datePublished\":\"2014-06-01T21:01:09+02:00\",\"dateModified\":\"2014-06-01T21:01:09+02:00\"},{\"@type\":\"WebSite\",\"@id\":\"https:\\\/\\\/eldigitaldeasturias.com\\\/magazine365\\\/#website\",\"url\":\"https:\\\/\\\/eldigitaldeasturias.com\\\/magazine365\\\/\",\"name\":\"El Digital de Asturias\",\"description\":\"Revista de ocio, turismo y estilo de vida\",\"inLanguage\":\"es-ES\",\"publisher\":{\"@id\":\"https:\\\/\\\/eldigitaldeasturias.com\\\/magazine365\\\/#organization\"}}]}\n\t\t<\/script>\n\t\t<!-- All in One SEO Pro -->\r\n\t\t<title>El Sal\u00f3n Inmobiliario cierra con menos asistentes pero con decisi\u00f3n de compra | El Digital de Asturias<\/title>\n\n","aioseo_head_json":{"title":"El Sal\u00f3n Inmobiliario cierra con menos asistentes pero con decisi\u00f3n de compra | El Digital de Asturias","description":"Madrid, 1 jun (EFE).- La 16\u00aa edici\u00f3n del Sal\u00f3n Inmobiliario Internacional de Madrid (SIMA 2014) ha finalizado hoy con una menor asistencia que otros a\u00f1os, pero con visitas caracterizadas por una firme decisi\u00f3n de compra, algo que no ocurr\u00eda en las \u00faltimas ediciones, han afirmado a Efe fuentes de la organizaci\u00f3n. Las mismas fuentes han","canonical_url":"https:\/\/eldigitaldeasturias.com\/magazine365\/el-salon-inmobiliario-cierra-con-menos-asistentes-pero-con-decision-de-compra\/","robots":"max-image-preview:large","keywords":"noticias y actualidad","webmasterTools":{"google-site-verification":"UA-38556648-1","miscellaneous":""},"schema":{"@context":"https:\/\/schema.org","@graph":[{"@type":"Article","@id":"https:\/\/eldigitaldeasturias.com\/magazine365\/el-salon-inmobiliario-cierra-con-menos-asistentes-pero-con-decision-de-compra\/#article","name":"El Sal\u00f3n Inmobiliario cierra con menos asistentes pero con decisi\u00f3n de compra | El Digital de Asturias","headline":"El Sal\u00f3n Inmobiliario cierra con menos asistentes pero con decisi\u00f3n de compra","author":{"@id":"https:\/\/eldigitaldeasturias.com\/magazine365\/author\/admin\/#author"},"publisher":{"@id":"https:\/\/eldigitaldeasturias.com\/magazine365\/#organization"},"image":{"@type":"ImageObject","url":"https:\/\/eldigitaldeasturias.com\/magazine365\/wp-content\/uploads\/2014\/06\/6323201w.jpg","width":800,"height":580},"datePublished":"2014-06-01T21:01:09+02:00","dateModified":"2014-06-01T21:01:09+02:00","inLanguage":"es-ES","mainEntityOfPage":{"@id":"https:\/\/eldigitaldeasturias.com\/magazine365\/el-salon-inmobiliario-cierra-con-menos-asistentes-pero-con-decision-de-compra\/#webpage"},"isPartOf":{"@id":"https:\/\/eldigitaldeasturias.com\/magazine365\/el-salon-inmobiliario-cierra-con-menos-asistentes-pero-con-decision-de-compra\/#webpage"},"articleSection":"Noticias y Actualidad"},{"@type":"BreadcrumbList","@id":"https:\/\/eldigitaldeasturias.com\/magazine365\/el-salon-inmobiliario-cierra-con-menos-asistentes-pero-con-decision-de-compra\/#breadcrumblist","itemListElement":[{"@type":"ListItem","@id":"https:\/\/eldigitaldeasturias.com\/magazine365#listItem","position":1,"name":"Home","item":"https:\/\/eldigitaldeasturias.com\/magazine365","nextItem":{"@type":"ListItem","@id":"https:\/\/eldigitaldeasturias.com\/magazine365\/category\/noticias-actualidad\/#listItem","name":"Noticias y Actualidad"}},{"@type":"ListItem","@id":"https:\/\/eldigitaldeasturias.com\/magazine365\/category\/noticias-actualidad\/#listItem","position":2,"name":"Noticias y Actualidad","item":"https:\/\/eldigitaldeasturias.com\/magazine365\/category\/noticias-actualidad\/","nextItem":{"@type":"ListItem","@id":"https:\/\/eldigitaldeasturias.com\/magazine365\/el-salon-inmobiliario-cierra-con-menos-asistentes-pero-con-decision-de-compra\/#listItem","name":"El Sal\u00f3n Inmobiliario cierra con menos asistentes pero con decisi\u00f3n de compra"},"previousItem":{"@type":"ListItem","@id":"https:\/\/eldigitaldeasturias.com\/magazine365#listItem","name":"Home"}},{"@type":"ListItem","@id":"https:\/\/eldigitaldeasturias.com\/magazine365\/el-salon-inmobiliario-cierra-con-menos-asistentes-pero-con-decision-de-compra\/#listItem","position":3,"name":"El Sal\u00f3n Inmobiliario cierra con menos asistentes pero con decisi\u00f3n de compra","previousItem":{"@type":"ListItem","@id":"https:\/\/eldigitaldeasturias.com\/magazine365\/category\/noticias-actualidad\/#listItem","name":"Noticias y Actualidad"}}]},{"@type":"Organization","@id":"https:\/\/eldigitaldeasturias.com\/magazine365\/#organization","name":"El digital de Asturias","description":"Revista de ocio, turismo y estilo de vida","url":"https:\/\/eldigitaldeasturias.com\/magazine365\/","logo":{"@type":"ImageObject","url":"https:\/\/www.eldigitaldeasturias.com\/noticias\/wp-content\/uploads\/2020\/12\/EDA.jpg","@id":"https:\/\/eldigitaldeasturias.com\/magazine365\/el-salon-inmobiliario-cierra-con-menos-asistentes-pero-con-decision-de-compra\/#organizationLogo"},"image":{"@id":"https:\/\/eldigitaldeasturias.com\/magazine365\/el-salon-inmobiliario-cierra-con-menos-asistentes-pero-con-decision-de-compra\/#organizationLogo"}},{"@type":"Person","@id":"https:\/\/eldigitaldeasturias.com\/magazine365\/author\/admin\/#author","url":"https:\/\/eldigitaldeasturias.com\/magazine365\/author\/admin\/","name":"admin","image":{"@type":"ImageObject","@id":"https:\/\/eldigitaldeasturias.com\/magazine365\/el-salon-inmobiliario-cierra-con-menos-asistentes-pero-con-decision-de-compra\/#authorImage","url":"https:\/\/eldigitaldeasturias.com\/magazine365\/wp-content\/litespeed\/avatar\/e571bcf59a0edd6fa6838245a470f2fe.jpg?ver=1777574230","width":96,"height":96,"caption":"admin"}},{"@type":"WebPage","@id":"https:\/\/eldigitaldeasturias.com\/magazine365\/el-salon-inmobiliario-cierra-con-menos-asistentes-pero-con-decision-de-compra\/#webpage","url":"https:\/\/eldigitaldeasturias.com\/magazine365\/el-salon-inmobiliario-cierra-con-menos-asistentes-pero-con-decision-de-compra\/","name":"El Sal\u00f3n Inmobiliario cierra con menos asistentes pero con decisi\u00f3n de compra | El Digital de Asturias","description":"Madrid, 1 jun (EFE).- La 16\u00aa edici\u00f3n del Sal\u00f3n Inmobiliario Internacional de Madrid (SIMA 2014) ha finalizado hoy con una menor asistencia que otros a\u00f1os, pero con visitas caracterizadas por una firme decisi\u00f3n de compra, algo que no ocurr\u00eda en las \u00faltimas ediciones, han afirmado a Efe fuentes de la organizaci\u00f3n. Las mismas fuentes han","inLanguage":"es-ES","isPartOf":{"@id":"https:\/\/eldigitaldeasturias.com\/magazine365\/#website"},"breadcrumb":{"@id":"https:\/\/eldigitaldeasturias.com\/magazine365\/el-salon-inmobiliario-cierra-con-menos-asistentes-pero-con-decision-de-compra\/#breadcrumblist"},"author":{"@id":"https:\/\/eldigitaldeasturias.com\/magazine365\/author\/admin\/#author"},"creator":{"@id":"https:\/\/eldigitaldeasturias.com\/magazine365\/author\/admin\/#author"},"image":{"@type":"ImageObject","url":"https:\/\/eldigitaldeasturias.com\/magazine365\/wp-content\/uploads\/2014\/06\/6323201w.jpg","@id":"https:\/\/eldigitaldeasturias.com\/magazine365\/el-salon-inmobiliario-cierra-con-menos-asistentes-pero-con-decision-de-compra\/#mainImage","width":800,"height":580},"primaryImageOfPage":{"@id":"https:\/\/eldigitaldeasturias.com\/magazine365\/el-salon-inmobiliario-cierra-con-menos-asistentes-pero-con-decision-de-compra\/#mainImage"},"datePublished":"2014-06-01T21:01:09+02:00","dateModified":"2014-06-01T21:01:09+02:00"},{"@type":"WebSite","@id":"https:\/\/eldigitaldeasturias.com\/magazine365\/#website","url":"https:\/\/eldigitaldeasturias.com\/magazine365\/","name":"El Digital de Asturias","description":"Revista de ocio, turismo y estilo de vida","inLanguage":"es-ES","publisher":{"@id":"https:\/\/eldigitaldeasturias.com\/magazine365\/#organization"}}]},"og:locale":"es_ES","og:site_name":"El Digital de Asturias \u2013 Revista de ocio, turismo y estilo de vida","og:type":"article","og:title":"El Sal\u00f3n Inmobiliario cierra con menos asistentes pero con decisi\u00f3n de compra | El Digital de Asturias","og:description":"Madrid, 1 jun (EFE).- La 16\u00aa edici\u00f3n del Sal\u00f3n Inmobiliario Internacional de Madrid (SIMA 2014) ha finalizado hoy con una menor asistencia que otros a\u00f1os, pero con visitas caracterizadas por una firme decisi\u00f3n de compra, algo que no ocurr\u00eda en las \u00faltimas ediciones, han afirmado a Efe fuentes de la organizaci\u00f3n. Las mismas fuentes han","og:url":"https:\/\/eldigitaldeasturias.com\/magazine365\/el-salon-inmobiliario-cierra-con-menos-asistentes-pero-con-decision-de-compra\/","og:image":"https:\/\/eldigitaldeasturias.com\/magazine365\/wp-content\/uploads\/2014\/06\/6323201w.jpg","og:image:secure_url":"https:\/\/eldigitaldeasturias.com\/magazine365\/wp-content\/uploads\/2014\/06\/6323201w.jpg","og:image:width":800,"og:image:height":580,"article:published_time":"2014-06-01T23:01:09+00:00","article:modified_time":"2014-06-01T23:01:09+00:00","twitter:card":"summary_large_image","twitter:title":"El Sal\u00f3n Inmobiliario cierra con menos asistentes pero con decisi\u00f3n de compra | El Digital de Asturias","twitter:description":"Madrid, 1 jun (EFE).- La 16\u00aa edici\u00f3n del Sal\u00f3n Inmobiliario Internacional de Madrid (SIMA 2014) ha finalizado hoy con una menor asistencia que otros a\u00f1os, pero con visitas caracterizadas por una firme decisi\u00f3n de compra, algo que no ocurr\u00eda en las \u00faltimas ediciones, han afirmado a Efe fuentes de la organizaci\u00f3n. Las mismas fuentes han","twitter:image":"https:\/\/eldigitaldeasturias.com\/magazine365\/wp-content\/uploads\/2014\/06\/6323201w.jpg"},"aioseo_meta_data":{"post_id":"14733","title":null,"description":null,"keywords":null,"keyphrases":null,"primary_term":null,"canonical_url":null,"og_title":null,"og_description":null,"og_object_type":"default","og_image_type":"default","og_image_url":null,"og_image_width":null,"og_image_height":null,"og_image_custom_url":null,"og_image_custom_fields":null,"og_video":null,"og_custom_url":null,"og_article_section":null,"og_article_tags":null,"twitter_use_og":false,"twitter_card":"default","twitter_image_type":"default","twitter_image_url":null,"twitter_image_custom_url":null,"twitter_image_custom_fields":null,"twitter_title":null,"twitter_description":null,"schema":{"blockGraphs":[],"customGraphs":[],"default":{"data":{"Article":[],"Course":[],"Dataset":[],"FAQPage":[],"Movie":[],"Person":[],"Product":[],"ProductReview":[],"Car":[],"Recipe":[],"Service":[],"SoftwareApplication":[],"WebPage":[]},"graphName":"","isEnabled":true},"graphs":[],"defaultGraph":"","defaultPostTypeGraph":""},"schema_type":null,"schema_type_options":null,"pillar_content":false,"robots_default":true,"robots_noindex":false,"robots_noarchive":false,"robots_nosnippet":false,"robots_nofollow":false,"robots_noimageindex":false,"robots_noodp":false,"robots_notranslate":false,"robots_max_snippet":null,"robots_max_videopreview":null,"robots_max_imagepreview":"large","priority":null,"frequency":null,"location":null,"local_seo":null,"seo_analyzer_scan_date":"2025-09-17 10:42:38","breadcrumb_settings":null,"limit_modified_date":false,"open_ai":null,"ai":null,"created":"2021-03-09 08:10:42","updated":"2025-09-17 10:42:38"},"aioseo_breadcrumb":"<div class=\"aioseo-breadcrumbs\"><span class=\"aioseo-breadcrumb\">\n\t<a href=\"https:\/\/eldigitaldeasturias.com\/magazine365\" title=\"Home\">Home<\/a>\n<\/span><span class=\"aioseo-breadcrumb-separator\">\u2013<\/span><span class=\"aioseo-breadcrumb\">\n\t<a href=\"https:\/\/eldigitaldeasturias.com\/magazine365\/category\/noticias-actualidad\/\" title=\"Noticias y Actualidad\">Noticias y Actualidad<\/a>\n<\/span><span class=\"aioseo-breadcrumb-separator\">\u2013<\/span><span class=\"aioseo-breadcrumb\">\n\t<a href=\"https:\/\/eldigitaldeasturias.com\/magazine365\/el-salon-inmobiliario-cierra-con-menos-asistentes-pero-con-decision-de-compra\/\" title=\"El Sal\u00f3n Inmobiliario cierra con menos asistentes pero con decisi\u00f3n de compra\">El Sal\u00f3n Inmobiliario cierra con menos asistentes pero con decisi\u00f3n de compra<\/a>\n<\/span><\/div>","aioseo_breadcrumb_json":[{"label":"Home","link":"https:\/\/eldigitaldeasturias.com\/magazine365"},{"label":"Noticias y Actualidad","link":"https:\/\/eldigitaldeasturias.com\/magazine365\/category\/noticias-actualidad\/"},{"label":"El Sal\u00f3n Inmobiliario cierra con menos asistentes pero con decisi\u00f3n de compra","link":"https:\/\/eldigitaldeasturias.com\/magazine365\/el-salon-inmobiliario-cierra-con-menos-asistentes-pero-con-decision-de-compra\/"}],"_links":{"self":[{"href":"https:\/\/eldigitaldeasturias.com\/magazine365\/wp-json\/wp\/v2\/posts\/14733","targetHints":{"allow":["GET"]}}],"collection":[{"href":"https:\/\/eldigitaldeasturias.com\/magazine365\/wp-json\/wp\/v2\/posts"}],"about":[{"href":"https:\/\/eldigitaldeasturias.com\/magazine365\/wp-json\/wp\/v2\/types\/post"}],"author":[{"embeddable":true,"href":"https:\/\/eldigitaldeasturias.com\/magazine365\/wp-json\/wp\/v2\/users\/1"}],"replies":[{"embeddable":true,"href":"https:\/\/eldigitaldeasturias.com\/magazine365\/wp-json\/wp\/v2\/comments?post=14733"}],"version-history":[{"count":0,"href":"https:\/\/eldigitaldeasturias.com\/magazine365\/wp-json\/wp\/v2\/posts\/14733\/revisions"}],"wp:featuredmedia":[{"embeddable":true,"href":"https:\/\/eldigitaldeasturias.com\/magazine365\/wp-json\/wp\/v2\/media\/14734"}],"wp:attachment":[{"href":"https:\/\/eldigitaldeasturias.com\/magazine365\/wp-json\/wp\/v2\/media?parent=14733"}],"wp:term":[{"taxonomy":"category","embeddable":true,"href":"https:\/\/eldigitaldeasturias.com\/magazine365\/wp-json\/wp\/v2\/categories?post=14733"},{"taxonomy":"post_tag","embeddable":true,"href":"https:\/\/eldigitaldeasturias.com\/magazine365\/wp-json\/wp\/v2\/tags?post=14733"}],"curies":[{"name":"wp","href":"https:\/\/api.w.org\/{rel}","templated":true}]}}