{"id":14724,"date":"2014-06-01T18:59:18","date_gmt":"2014-06-01T20:59:18","guid":{"rendered":"http:\/\/eldigitaldeasturias.com\/magazine365\/?p=14724"},"modified":"2014-06-01T18:59:18","modified_gmt":"2014-06-01T20:59:18","slug":"los-hoteles-madrilenos-esperan-superar-el-72-por-ciento-de-ocupacion-en-junio","status":"publish","type":"post","link":"https:\/\/eldigitaldeasturias.com\/magazine365\/los-hoteles-madrilenos-esperan-superar-el-72-por-ciento-de-ocupacion-en-junio\/","title":{"rendered":"Los hoteles madrile\u00f1os esperan superar el 72 por ciento de ocupaci\u00f3n en junio"},"content":{"rendered":"<p><img fetchpriority=\"high\" decoding=\"async\" class=\"alignleft size-medium wp-image-14725\" alt=\"6323076w\" src=\"https:\/\/eldigitaldeasturias.com\/magazine365\/wp-content\/uploads\/2014\/06\/6323076w-331x300.jpg\" width=\"331\" height=\"300\" \/>Madrid, 1 jun (EFE).- Los empresarios hoteleros de la Comunidad de Madrid prev\u00e9n una ocupaci\u00f3n de sus establecimientos para este verano similar a la del a\u00f1o pasado, cuando alcanzaron el \u00edndice m\u00e1s elevado en junio (un 72,56 por ciento) y el m\u00e1s bajo en agosto, cuando no se lleg\u00f3 a cubrir la mitad de la oferta disponible.<\/p>\n<p>Seg\u00fan ha informado a Efe Antonio Gil Alonso, presidente de la Asociaci\u00f3n Empresarial Hostelera de Madrid (AEHM), los hoteles de la Comunidad de la Comunidad prev\u00e9n, en principio, una llegada de clientes parecida a la del a\u00f1o pasado, si bien ha precisado que cada vez influyen m\u00e1s las reservas \u00abde \u00faltima hora\u00bb y que eso \u00abpodr\u00eda hacer variar\u00bb la ocupaci\u00f3n de plazas.<\/p>\n<p>Para el resto del verano -julio y agosto- los empresarios de los hoteles madrile\u00f1os no esperan grandes variaciones respecto a a\u00f1os anteriores, ya que tradicionalmente son los meses de menor ocupaci\u00f3n de plazas en Madrid, junto con diciembre y enero.<\/p>\n<p>Seg\u00fan datos facilitados a Efe por la AEHM, el \u00edndice de ocupaci\u00f3n hotelera registrado el pasado verano en la Comunidad Madrid fue del 59,34 % en julio, mientras que en agosto alcanz\u00f3 el 47,46 %, es decir, que no se llegaron a cubrir la mitad de las plazas disponibles.<\/p>\n<p>Para el presidente de los empresarios hoteleros madrile\u00f1os, estos datos podr\u00edan variar algo el pr\u00f3ximo verano debido al \u00abtir\u00f3n\u00bb tur\u00edstico que han supuesto para Madrid acontecimientos como la reciente celebraci\u00f3n de la final de la Champions entre dos equipos locales (el Real Madrid y el Atl\u00e9tico de Madrid), que han llevado el nombre de esta Comunidad por todo el mundo.<\/p>\n<p>A juicio de Antonio Gil, hechos como este hacen que Madrid \u00absuene en gran n\u00famero de pa\u00edses\u00bb y que los extranjeros se animen \u00aba dar el paso siguiente, es decir, el de visitar esta Comunidad\u00bb.<\/p>\n<p>\u00abEse objetivo s\u00f3lo se consigue comunicando todo lo que tiene Madrid\u00bb, ha asegurado el presidente de la AEHM, para quien la buena \u00abimagen futbol\u00edstica\u00bb que se ha ganado esta regi\u00f3n en el mundo \u00absirve de poco, si no se acompa\u00f1a de otros esfuerzos promocionales que pongan en valor todo lo que desde aqu\u00ed se puede ofrecer al visitante\u00bb.<\/p>\n","protected":false},"excerpt":{"rendered":"<p>Madrid, 1 jun (EFE).- Los empresarios hoteleros de la Comunidad de Madrid prev\u00e9n una ocupaci\u00f3n de sus establecimientos para este verano similar a la del a\u00f1o pasado, cuando alcanzaron el \u00edndice m\u00e1s elevado en junio (un 72,56 por ciento) y el m\u00e1s bajo en agosto, cuando no se lleg\u00f3 a cubrir la mitad de la<\/p>\n","protected":false},"author":1,"featured_media":14725,"comment_status":"open","ping_status":"closed","sticky":false,"template":"","format":"standard","meta":{"footnotes":""},"categories":[222],"tags":[],"class_list":{"0":"post-14724","1":"post","2":"type-post","3":"status-publish","4":"format-standard","5":"has-post-thumbnail","7":"category-actualidad-turismo"},"aioseo_notices":[],"aioseo_head":"\n\t\t<!-- All in One SEO Pro 4.9.6.1 - aioseo.com -->\n\t<meta name=\"description\" content=\"Madrid, 1 jun (EFE).- Los empresarios hoteleros de la Comunidad de Madrid prev\u00e9n una ocupaci\u00f3n de sus establecimientos para este verano similar a la del a\u00f1o pasado, cuando alcanzaron el \u00edndice m\u00e1s elevado en junio (un 72,56 por ciento) y el m\u00e1s bajo en agosto, cuando no se lleg\u00f3 a cubrir la mitad de la\" \/>\n\t<meta name=\"robots\" content=\"max-image-preview:large\" \/>\n\t<meta name=\"author\" content=\"admin\"\/>\n\t<meta name=\"google-site-verification\" content=\"UA-38556648-1\" \/>\n\t<meta name=\"keywords\" content=\"actualidad turismo\" \/>\n\t<link rel=\"canonical\" href=\"https:\/\/eldigitaldeasturias.com\/magazine365\/los-hoteles-madrilenos-esperan-superar-el-72-por-ciento-de-ocupacion-en-junio\/\" \/>\n\t<meta name=\"generator\" content=\"All in One SEO Pro (AIOSEO) 4.9.6.1\" \/>\n\t\t<meta property=\"og:locale\" content=\"es_ES\" \/>\n\t\t<meta property=\"og:site_name\" content=\"El Digital de Asturias \u2013 Revista de ocio, turismo y estilo de vida\" \/>\n\t\t<meta property=\"og:type\" content=\"article\" \/>\n\t\t<meta property=\"og:title\" content=\"Los hoteles madrile\u00f1os esperan superar el 72 por ciento de ocupaci\u00f3n en junio | El Digital de Asturias\" \/>\n\t\t<meta property=\"og:description\" content=\"Madrid, 1 jun (EFE).- Los empresarios hoteleros de la Comunidad de Madrid prev\u00e9n una ocupaci\u00f3n de sus establecimientos para este verano similar a la del a\u00f1o pasado, cuando alcanzaron el \u00edndice m\u00e1s elevado en junio (un 72,56 por ciento) y el m\u00e1s bajo en agosto, cuando no se lleg\u00f3 a cubrir la mitad de la\" \/>\n\t\t<meta property=\"og:url\" content=\"https:\/\/eldigitaldeasturias.com\/magazine365\/los-hoteles-madrilenos-esperan-superar-el-72-por-ciento-de-ocupacion-en-junio\/\" \/>\n\t\t<meta property=\"og:image\" content=\"https:\/\/eldigitaldeasturias.com\/magazine365\/wp-content\/uploads\/2014\/06\/6323076w.jpg\" \/>\n\t\t<meta property=\"og:image:secure_url\" content=\"https:\/\/eldigitaldeasturias.com\/magazine365\/wp-content\/uploads\/2014\/06\/6323076w.jpg\" \/>\n\t\t<meta property=\"og:image:width\" content=\"800\" \/>\n\t\t<meta property=\"og:image:height\" content=\"723\" \/>\n\t\t<meta property=\"article:published_time\" content=\"2014-06-01T20:59:18+00:00\" \/>\n\t\t<meta property=\"article:modified_time\" content=\"2014-06-01T20:59:18+00:00\" \/>\n\t\t<meta name=\"twitter:card\" content=\"summary_large_image\" \/>\n\t\t<meta name=\"twitter:title\" content=\"Los hoteles madrile\u00f1os esperan superar el 72 por ciento de ocupaci\u00f3n en junio | El Digital de Asturias\" \/>\n\t\t<meta name=\"twitter:description\" content=\"Madrid, 1 jun (EFE).- Los empresarios hoteleros de la Comunidad de Madrid prev\u00e9n una ocupaci\u00f3n de sus establecimientos para este verano similar a la del a\u00f1o pasado, cuando alcanzaron el \u00edndice m\u00e1s elevado en junio (un 72,56 por ciento) y el m\u00e1s bajo en agosto, cuando no se lleg\u00f3 a cubrir la mitad de la\" \/>\n\t\t<meta name=\"twitter:image\" content=\"https:\/\/eldigitaldeasturias.com\/magazine365\/wp-content\/uploads\/2014\/06\/6323076w.jpg\" \/>\n\t\t<script type=\"application\/ld+json\" class=\"aioseo-schema\">\n\t\t\t{\"@context\":\"https:\\\/\\\/schema.org\",\"@graph\":[{\"@type\":\"Article\",\"@id\":\"https:\\\/\\\/eldigitaldeasturias.com\\\/magazine365\\\/los-hoteles-madrilenos-esperan-superar-el-72-por-ciento-de-ocupacion-en-junio\\\/#article\",\"name\":\"Los hoteles madrile\\u00f1os esperan superar el 72 por ciento de ocupaci\\u00f3n en junio | El Digital de Asturias\",\"headline\":\"Los hoteles madrile\\u00f1os esperan superar el 72 por ciento de ocupaci\\u00f3n en junio\",\"author\":{\"@id\":\"https:\\\/\\\/eldigitaldeasturias.com\\\/magazine365\\\/author\\\/admin\\\/#author\"},\"publisher\":{\"@id\":\"https:\\\/\\\/eldigitaldeasturias.com\\\/magazine365\\\/#organization\"},\"image\":{\"@type\":\"ImageObject\",\"url\":\"https:\\\/\\\/eldigitaldeasturias.com\\\/magazine365\\\/wp-content\\\/uploads\\\/2014\\\/06\\\/6323076w.jpg\",\"width\":800,\"height\":723},\"datePublished\":\"2014-06-01T18:59:18+02:00\",\"dateModified\":\"2014-06-01T18:59:18+02:00\",\"inLanguage\":\"es-ES\",\"mainEntityOfPage\":{\"@id\":\"https:\\\/\\\/eldigitaldeasturias.com\\\/magazine365\\\/los-hoteles-madrilenos-esperan-superar-el-72-por-ciento-de-ocupacion-en-junio\\\/#webpage\"},\"isPartOf\":{\"@id\":\"https:\\\/\\\/eldigitaldeasturias.com\\\/magazine365\\\/los-hoteles-madrilenos-esperan-superar-el-72-por-ciento-de-ocupacion-en-junio\\\/#webpage\"},\"articleSection\":\"Actualidad Turismo\"},{\"@type\":\"BreadcrumbList\",\"@id\":\"https:\\\/\\\/eldigitaldeasturias.com\\\/magazine365\\\/los-hoteles-madrilenos-esperan-superar-el-72-por-ciento-de-ocupacion-en-junio\\\/#breadcrumblist\",\"itemListElement\":[{\"@type\":\"ListItem\",\"@id\":\"https:\\\/\\\/eldigitaldeasturias.com\\\/magazine365#listItem\",\"position\":1,\"name\":\"Home\",\"item\":\"https:\\\/\\\/eldigitaldeasturias.com\\\/magazine365\",\"nextItem\":{\"@type\":\"ListItem\",\"@id\":\"https:\\\/\\\/eldigitaldeasturias.com\\\/magazine365\\\/category\\\/actualidad-turismo\\\/#listItem\",\"name\":\"Actualidad Turismo\"}},{\"@type\":\"ListItem\",\"@id\":\"https:\\\/\\\/eldigitaldeasturias.com\\\/magazine365\\\/category\\\/actualidad-turismo\\\/#listItem\",\"position\":2,\"name\":\"Actualidad Turismo\",\"item\":\"https:\\\/\\\/eldigitaldeasturias.com\\\/magazine365\\\/category\\\/actualidad-turismo\\\/\",\"nextItem\":{\"@type\":\"ListItem\",\"@id\":\"https:\\\/\\\/eldigitaldeasturias.com\\\/magazine365\\\/los-hoteles-madrilenos-esperan-superar-el-72-por-ciento-de-ocupacion-en-junio\\\/#listItem\",\"name\":\"Los hoteles madrile\\u00f1os esperan superar el 72 por ciento de ocupaci\\u00f3n en junio\"},\"previousItem\":{\"@type\":\"ListItem\",\"@id\":\"https:\\\/\\\/eldigitaldeasturias.com\\\/magazine365#listItem\",\"name\":\"Home\"}},{\"@type\":\"ListItem\",\"@id\":\"https:\\\/\\\/eldigitaldeasturias.com\\\/magazine365\\\/los-hoteles-madrilenos-esperan-superar-el-72-por-ciento-de-ocupacion-en-junio\\\/#listItem\",\"position\":3,\"name\":\"Los hoteles madrile\\u00f1os esperan superar el 72 por ciento de ocupaci\\u00f3n en junio\",\"previousItem\":{\"@type\":\"ListItem\",\"@id\":\"https:\\\/\\\/eldigitaldeasturias.com\\\/magazine365\\\/category\\\/actualidad-turismo\\\/#listItem\",\"name\":\"Actualidad Turismo\"}}]},{\"@type\":\"Organization\",\"@id\":\"https:\\\/\\\/eldigitaldeasturias.com\\\/magazine365\\\/#organization\",\"name\":\"El digital de Asturias\",\"description\":\"Revista de ocio, turismo y estilo de vida\",\"url\":\"https:\\\/\\\/eldigitaldeasturias.com\\\/magazine365\\\/\",\"logo\":{\"@type\":\"ImageObject\",\"url\":\"https:\\\/\\\/www.eldigitaldeasturias.com\\\/noticias\\\/wp-content\\\/uploads\\\/2020\\\/12\\\/EDA.jpg\",\"@id\":\"https:\\\/\\\/eldigitaldeasturias.com\\\/magazine365\\\/los-hoteles-madrilenos-esperan-superar-el-72-por-ciento-de-ocupacion-en-junio\\\/#organizationLogo\"},\"image\":{\"@id\":\"https:\\\/\\\/eldigitaldeasturias.com\\\/magazine365\\\/los-hoteles-madrilenos-esperan-superar-el-72-por-ciento-de-ocupacion-en-junio\\\/#organizationLogo\"}},{\"@type\":\"Person\",\"@id\":\"https:\\\/\\\/eldigitaldeasturias.com\\\/magazine365\\\/author\\\/admin\\\/#author\",\"url\":\"https:\\\/\\\/eldigitaldeasturias.com\\\/magazine365\\\/author\\\/admin\\\/\",\"name\":\"admin\",\"image\":{\"@type\":\"ImageObject\",\"@id\":\"https:\\\/\\\/eldigitaldeasturias.com\\\/magazine365\\\/los-hoteles-madrilenos-esperan-superar-el-72-por-ciento-de-ocupacion-en-junio\\\/#authorImage\",\"url\":\"https:\\\/\\\/eldigitaldeasturias.com\\\/magazine365\\\/wp-content\\\/litespeed\\\/avatar\\\/e571bcf59a0edd6fa6838245a470f2fe.jpg?ver=1777574230\",\"width\":96,\"height\":96,\"caption\":\"admin\"}},{\"@type\":\"WebPage\",\"@id\":\"https:\\\/\\\/eldigitaldeasturias.com\\\/magazine365\\\/los-hoteles-madrilenos-esperan-superar-el-72-por-ciento-de-ocupacion-en-junio\\\/#webpage\",\"url\":\"https:\\\/\\\/eldigitaldeasturias.com\\\/magazine365\\\/los-hoteles-madrilenos-esperan-superar-el-72-por-ciento-de-ocupacion-en-junio\\\/\",\"name\":\"Los hoteles madrile\\u00f1os esperan superar el 72 por ciento de ocupaci\\u00f3n en junio | El Digital de Asturias\",\"description\":\"Madrid, 1 jun (EFE).- Los empresarios hoteleros de la Comunidad de Madrid prev\\u00e9n una ocupaci\\u00f3n de sus establecimientos para este verano similar a la del a\\u00f1o pasado, cuando alcanzaron el \\u00edndice m\\u00e1s elevado en junio (un 72,56 por ciento) y el m\\u00e1s bajo en agosto, cuando no se lleg\\u00f3 a cubrir la mitad de la\",\"inLanguage\":\"es-ES\",\"isPartOf\":{\"@id\":\"https:\\\/\\\/eldigitaldeasturias.com\\\/magazine365\\\/#website\"},\"breadcrumb\":{\"@id\":\"https:\\\/\\\/eldigitaldeasturias.com\\\/magazine365\\\/los-hoteles-madrilenos-esperan-superar-el-72-por-ciento-de-ocupacion-en-junio\\\/#breadcrumblist\"},\"author\":{\"@id\":\"https:\\\/\\\/eldigitaldeasturias.com\\\/magazine365\\\/author\\\/admin\\\/#author\"},\"creator\":{\"@id\":\"https:\\\/\\\/eldigitaldeasturias.com\\\/magazine365\\\/author\\\/admin\\\/#author\"},\"image\":{\"@type\":\"ImageObject\",\"url\":\"https:\\\/\\\/eldigitaldeasturias.com\\\/magazine365\\\/wp-content\\\/uploads\\\/2014\\\/06\\\/6323076w.jpg\",\"@id\":\"https:\\\/\\\/eldigitaldeasturias.com\\\/magazine365\\\/los-hoteles-madrilenos-esperan-superar-el-72-por-ciento-de-ocupacion-en-junio\\\/#mainImage\",\"width\":800,\"height\":723},\"primaryImageOfPage\":{\"@id\":\"https:\\\/\\\/eldigitaldeasturias.com\\\/magazine365\\\/los-hoteles-madrilenos-esperan-superar-el-72-por-ciento-de-ocupacion-en-junio\\\/#mainImage\"},\"datePublished\":\"2014-06-01T18:59:18+02:00\",\"dateModified\":\"2014-06-01T18:59:18+02:00\"},{\"@type\":\"WebSite\",\"@id\":\"https:\\\/\\\/eldigitaldeasturias.com\\\/magazine365\\\/#website\",\"url\":\"https:\\\/\\\/eldigitaldeasturias.com\\\/magazine365\\\/\",\"name\":\"El Digital de Asturias\",\"description\":\"Revista de ocio, turismo y estilo de vida\",\"inLanguage\":\"es-ES\",\"publisher\":{\"@id\":\"https:\\\/\\\/eldigitaldeasturias.com\\\/magazine365\\\/#organization\"}}]}\n\t\t<\/script>\n\t\t<!-- All in One SEO Pro -->\r\n\t\t<title>Los hoteles madrile\u00f1os esperan superar el 72 por ciento de ocupaci\u00f3n en junio | El Digital de Asturias<\/title>\n\n","aioseo_head_json":{"title":"Los hoteles madrile\u00f1os esperan superar el 72 por ciento de ocupaci\u00f3n en junio | El Digital de Asturias","description":"Madrid, 1 jun (EFE).- Los empresarios hoteleros de la Comunidad de Madrid prev\u00e9n una ocupaci\u00f3n de sus establecimientos para este verano similar a la del a\u00f1o pasado, cuando alcanzaron el \u00edndice m\u00e1s elevado en junio (un 72,56 por ciento) y el m\u00e1s bajo en agosto, cuando no se lleg\u00f3 a cubrir la mitad de la","canonical_url":"https:\/\/eldigitaldeasturias.com\/magazine365\/los-hoteles-madrilenos-esperan-superar-el-72-por-ciento-de-ocupacion-en-junio\/","robots":"max-image-preview:large","keywords":"actualidad turismo","webmasterTools":{"google-site-verification":"UA-38556648-1","miscellaneous":""},"schema":{"@context":"https:\/\/schema.org","@graph":[{"@type":"Article","@id":"https:\/\/eldigitaldeasturias.com\/magazine365\/los-hoteles-madrilenos-esperan-superar-el-72-por-ciento-de-ocupacion-en-junio\/#article","name":"Los hoteles madrile\u00f1os esperan superar el 72 por ciento de ocupaci\u00f3n en junio | El Digital de Asturias","headline":"Los hoteles madrile\u00f1os esperan superar el 72 por ciento de ocupaci\u00f3n en junio","author":{"@id":"https:\/\/eldigitaldeasturias.com\/magazine365\/author\/admin\/#author"},"publisher":{"@id":"https:\/\/eldigitaldeasturias.com\/magazine365\/#organization"},"image":{"@type":"ImageObject","url":"https:\/\/eldigitaldeasturias.com\/magazine365\/wp-content\/uploads\/2014\/06\/6323076w.jpg","width":800,"height":723},"datePublished":"2014-06-01T18:59:18+02:00","dateModified":"2014-06-01T18:59:18+02:00","inLanguage":"es-ES","mainEntityOfPage":{"@id":"https:\/\/eldigitaldeasturias.com\/magazine365\/los-hoteles-madrilenos-esperan-superar-el-72-por-ciento-de-ocupacion-en-junio\/#webpage"},"isPartOf":{"@id":"https:\/\/eldigitaldeasturias.com\/magazine365\/los-hoteles-madrilenos-esperan-superar-el-72-por-ciento-de-ocupacion-en-junio\/#webpage"},"articleSection":"Actualidad Turismo"},{"@type":"BreadcrumbList","@id":"https:\/\/eldigitaldeasturias.com\/magazine365\/los-hoteles-madrilenos-esperan-superar-el-72-por-ciento-de-ocupacion-en-junio\/#breadcrumblist","itemListElement":[{"@type":"ListItem","@id":"https:\/\/eldigitaldeasturias.com\/magazine365#listItem","position":1,"name":"Home","item":"https:\/\/eldigitaldeasturias.com\/magazine365","nextItem":{"@type":"ListItem","@id":"https:\/\/eldigitaldeasturias.com\/magazine365\/category\/actualidad-turismo\/#listItem","name":"Actualidad Turismo"}},{"@type":"ListItem","@id":"https:\/\/eldigitaldeasturias.com\/magazine365\/category\/actualidad-turismo\/#listItem","position":2,"name":"Actualidad Turismo","item":"https:\/\/eldigitaldeasturias.com\/magazine365\/category\/actualidad-turismo\/","nextItem":{"@type":"ListItem","@id":"https:\/\/eldigitaldeasturias.com\/magazine365\/los-hoteles-madrilenos-esperan-superar-el-72-por-ciento-de-ocupacion-en-junio\/#listItem","name":"Los hoteles madrile\u00f1os esperan superar el 72 por ciento de ocupaci\u00f3n en junio"},"previousItem":{"@type":"ListItem","@id":"https:\/\/eldigitaldeasturias.com\/magazine365#listItem","name":"Home"}},{"@type":"ListItem","@id":"https:\/\/eldigitaldeasturias.com\/magazine365\/los-hoteles-madrilenos-esperan-superar-el-72-por-ciento-de-ocupacion-en-junio\/#listItem","position":3,"name":"Los hoteles madrile\u00f1os esperan superar el 72 por ciento de ocupaci\u00f3n en junio","previousItem":{"@type":"ListItem","@id":"https:\/\/eldigitaldeasturias.com\/magazine365\/category\/actualidad-turismo\/#listItem","name":"Actualidad Turismo"}}]},{"@type":"Organization","@id":"https:\/\/eldigitaldeasturias.com\/magazine365\/#organization","name":"El digital de Asturias","description":"Revista de ocio, turismo y estilo de vida","url":"https:\/\/eldigitaldeasturias.com\/magazine365\/","logo":{"@type":"ImageObject","url":"https:\/\/www.eldigitaldeasturias.com\/noticias\/wp-content\/uploads\/2020\/12\/EDA.jpg","@id":"https:\/\/eldigitaldeasturias.com\/magazine365\/los-hoteles-madrilenos-esperan-superar-el-72-por-ciento-de-ocupacion-en-junio\/#organizationLogo"},"image":{"@id":"https:\/\/eldigitaldeasturias.com\/magazine365\/los-hoteles-madrilenos-esperan-superar-el-72-por-ciento-de-ocupacion-en-junio\/#organizationLogo"}},{"@type":"Person","@id":"https:\/\/eldigitaldeasturias.com\/magazine365\/author\/admin\/#author","url":"https:\/\/eldigitaldeasturias.com\/magazine365\/author\/admin\/","name":"admin","image":{"@type":"ImageObject","@id":"https:\/\/eldigitaldeasturias.com\/magazine365\/los-hoteles-madrilenos-esperan-superar-el-72-por-ciento-de-ocupacion-en-junio\/#authorImage","url":"https:\/\/eldigitaldeasturias.com\/magazine365\/wp-content\/litespeed\/avatar\/e571bcf59a0edd6fa6838245a470f2fe.jpg?ver=1777574230","width":96,"height":96,"caption":"admin"}},{"@type":"WebPage","@id":"https:\/\/eldigitaldeasturias.com\/magazine365\/los-hoteles-madrilenos-esperan-superar-el-72-por-ciento-de-ocupacion-en-junio\/#webpage","url":"https:\/\/eldigitaldeasturias.com\/magazine365\/los-hoteles-madrilenos-esperan-superar-el-72-por-ciento-de-ocupacion-en-junio\/","name":"Los hoteles madrile\u00f1os esperan superar el 72 por ciento de ocupaci\u00f3n en junio | El Digital de Asturias","description":"Madrid, 1 jun (EFE).- Los empresarios hoteleros de la Comunidad de Madrid prev\u00e9n una ocupaci\u00f3n de sus establecimientos para este verano similar a la del a\u00f1o pasado, cuando alcanzaron el \u00edndice m\u00e1s elevado en junio (un 72,56 por ciento) y el m\u00e1s bajo en agosto, cuando no se lleg\u00f3 a cubrir la mitad de la","inLanguage":"es-ES","isPartOf":{"@id":"https:\/\/eldigitaldeasturias.com\/magazine365\/#website"},"breadcrumb":{"@id":"https:\/\/eldigitaldeasturias.com\/magazine365\/los-hoteles-madrilenos-esperan-superar-el-72-por-ciento-de-ocupacion-en-junio\/#breadcrumblist"},"author":{"@id":"https:\/\/eldigitaldeasturias.com\/magazine365\/author\/admin\/#author"},"creator":{"@id":"https:\/\/eldigitaldeasturias.com\/magazine365\/author\/admin\/#author"},"image":{"@type":"ImageObject","url":"https:\/\/eldigitaldeasturias.com\/magazine365\/wp-content\/uploads\/2014\/06\/6323076w.jpg","@id":"https:\/\/eldigitaldeasturias.com\/magazine365\/los-hoteles-madrilenos-esperan-superar-el-72-por-ciento-de-ocupacion-en-junio\/#mainImage","width":800,"height":723},"primaryImageOfPage":{"@id":"https:\/\/eldigitaldeasturias.com\/magazine365\/los-hoteles-madrilenos-esperan-superar-el-72-por-ciento-de-ocupacion-en-junio\/#mainImage"},"datePublished":"2014-06-01T18:59:18+02:00","dateModified":"2014-06-01T18:59:18+02:00"},{"@type":"WebSite","@id":"https:\/\/eldigitaldeasturias.com\/magazine365\/#website","url":"https:\/\/eldigitaldeasturias.com\/magazine365\/","name":"El Digital de Asturias","description":"Revista de ocio, turismo y estilo de vida","inLanguage":"es-ES","publisher":{"@id":"https:\/\/eldigitaldeasturias.com\/magazine365\/#organization"}}]},"og:locale":"es_ES","og:site_name":"El Digital de Asturias \u2013 Revista de ocio, turismo y estilo de vida","og:type":"article","og:title":"Los hoteles madrile\u00f1os esperan superar el 72 por ciento de ocupaci\u00f3n en junio | El Digital de Asturias","og:description":"Madrid, 1 jun (EFE).- Los empresarios hoteleros de la Comunidad de Madrid prev\u00e9n una ocupaci\u00f3n de sus establecimientos para este verano similar a la del a\u00f1o pasado, cuando alcanzaron el \u00edndice m\u00e1s elevado en junio (un 72,56 por ciento) y el m\u00e1s bajo en agosto, cuando no se lleg\u00f3 a cubrir la mitad de la","og:url":"https:\/\/eldigitaldeasturias.com\/magazine365\/los-hoteles-madrilenos-esperan-superar-el-72-por-ciento-de-ocupacion-en-junio\/","og:image":"https:\/\/eldigitaldeasturias.com\/magazine365\/wp-content\/uploads\/2014\/06\/6323076w.jpg","og:image:secure_url":"https:\/\/eldigitaldeasturias.com\/magazine365\/wp-content\/uploads\/2014\/06\/6323076w.jpg","og:image:width":800,"og:image:height":723,"article:published_time":"2014-06-01T20:59:18+00:00","article:modified_time":"2014-06-01T20:59:18+00:00","twitter:card":"summary_large_image","twitter:title":"Los hoteles madrile\u00f1os esperan superar el 72 por ciento de ocupaci\u00f3n en junio | El Digital de Asturias","twitter:description":"Madrid, 1 jun (EFE).- Los empresarios hoteleros de la Comunidad de Madrid prev\u00e9n una ocupaci\u00f3n de sus establecimientos para este verano similar a la del a\u00f1o pasado, cuando alcanzaron el \u00edndice m\u00e1s elevado en junio (un 72,56 por ciento) y el m\u00e1s bajo en agosto, cuando no se lleg\u00f3 a cubrir la mitad de la","twitter:image":"https:\/\/eldigitaldeasturias.com\/magazine365\/wp-content\/uploads\/2014\/06\/6323076w.jpg"},"aioseo_meta_data":{"post_id":"14724","title":null,"description":null,"keywords":null,"keyphrases":null,"primary_term":null,"canonical_url":null,"og_title":null,"og_description":null,"og_object_type":"default","og_image_type":"default","og_image_url":null,"og_image_width":null,"og_image_height":null,"og_image_custom_url":null,"og_image_custom_fields":null,"og_video":null,"og_custom_url":null,"og_article_section":null,"og_article_tags":null,"twitter_use_og":false,"twitter_card":"default","twitter_image_type":"default","twitter_image_url":null,"twitter_image_custom_url":null,"twitter_image_custom_fields":null,"twitter_title":null,"twitter_description":null,"schema":{"blockGraphs":[],"customGraphs":[],"default":{"data":{"Article":[],"Course":[],"Dataset":[],"FAQPage":[],"Movie":[],"Person":[],"Product":[],"ProductReview":[],"Car":[],"Recipe":[],"Service":[],"SoftwareApplication":[],"WebPage":[]},"graphName":"","isEnabled":true},"graphs":[],"defaultGraph":"","defaultPostTypeGraph":""},"schema_type":null,"schema_type_options":null,"pillar_content":false,"robots_default":true,"robots_noindex":false,"robots_noarchive":false,"robots_nosnippet":false,"robots_nofollow":false,"robots_noimageindex":false,"robots_noodp":false,"robots_notranslate":false,"robots_max_snippet":null,"robots_max_videopreview":null,"robots_max_imagepreview":"large","priority":null,"frequency":null,"location":null,"local_seo":null,"seo_analyzer_scan_date":"2025-09-17 10:41:00","breadcrumb_settings":null,"limit_modified_date":false,"open_ai":null,"ai":null,"created":"2021-03-09 08:10:42","updated":"2025-09-17 10:41:00"},"aioseo_breadcrumb":"<div class=\"aioseo-breadcrumbs\"><span class=\"aioseo-breadcrumb\">\n\t<a href=\"https:\/\/eldigitaldeasturias.com\/magazine365\" title=\"Home\">Home<\/a>\n<\/span><span class=\"aioseo-breadcrumb-separator\">\u2013<\/span><span class=\"aioseo-breadcrumb\">\n\t<a href=\"https:\/\/eldigitaldeasturias.com\/magazine365\/category\/actualidad-turismo\/\" title=\"Actualidad Turismo\">Actualidad Turismo<\/a>\n<\/span><span class=\"aioseo-breadcrumb-separator\">\u2013<\/span><span class=\"aioseo-breadcrumb\">\n\t<a href=\"https:\/\/eldigitaldeasturias.com\/magazine365\/los-hoteles-madrilenos-esperan-superar-el-72-por-ciento-de-ocupacion-en-junio\/\" title=\"Los hoteles madrile\u00f1os esperan superar el 72 por ciento de ocupaci\u00f3n en junio\">Los hoteles madrile\u00f1os esperan superar el 72 por ciento de ocupaci\u00f3n en junio<\/a>\n<\/span><\/div>","aioseo_breadcrumb_json":[{"label":"Home","link":"https:\/\/eldigitaldeasturias.com\/magazine365"},{"label":"Actualidad Turismo","link":"https:\/\/eldigitaldeasturias.com\/magazine365\/category\/actualidad-turismo\/"},{"label":"Los hoteles madrile\u00f1os esperan superar el 72 por ciento de ocupaci\u00f3n en junio","link":"https:\/\/eldigitaldeasturias.com\/magazine365\/los-hoteles-madrilenos-esperan-superar-el-72-por-ciento-de-ocupacion-en-junio\/"}],"_links":{"self":[{"href":"https:\/\/eldigitaldeasturias.com\/magazine365\/wp-json\/wp\/v2\/posts\/14724","targetHints":{"allow":["GET"]}}],"collection":[{"href":"https:\/\/eldigitaldeasturias.com\/magazine365\/wp-json\/wp\/v2\/posts"}],"about":[{"href":"https:\/\/eldigitaldeasturias.com\/magazine365\/wp-json\/wp\/v2\/types\/post"}],"author":[{"embeddable":true,"href":"https:\/\/eldigitaldeasturias.com\/magazine365\/wp-json\/wp\/v2\/users\/1"}],"replies":[{"embeddable":true,"href":"https:\/\/eldigitaldeasturias.com\/magazine365\/wp-json\/wp\/v2\/comments?post=14724"}],"version-history":[{"count":0,"href":"https:\/\/eldigitaldeasturias.com\/magazine365\/wp-json\/wp\/v2\/posts\/14724\/revisions"}],"wp:featuredmedia":[{"embeddable":true,"href":"https:\/\/eldigitaldeasturias.com\/magazine365\/wp-json\/wp\/v2\/media\/14725"}],"wp:attachment":[{"href":"https:\/\/eldigitaldeasturias.com\/magazine365\/wp-json\/wp\/v2\/media?parent=14724"}],"wp:term":[{"taxonomy":"category","embeddable":true,"href":"https:\/\/eldigitaldeasturias.com\/magazine365\/wp-json\/wp\/v2\/categories?post=14724"},{"taxonomy":"post_tag","embeddable":true,"href":"https:\/\/eldigitaldeasturias.com\/magazine365\/wp-json\/wp\/v2\/tags?post=14724"}],"curies":[{"name":"wp","href":"https:\/\/api.w.org\/{rel}","templated":true}]}}