{"id":14721,"date":"2014-06-01T18:55:17","date_gmt":"2014-06-01T20:55:17","guid":{"rendered":"http:\/\/eldigitaldeasturias.com\/magazine365\/?p=14721"},"modified":"2014-06-01T18:55:17","modified_gmt":"2014-06-01T20:55:17","slug":"colas-para-ver-a-justin-timberlake-en-el-cierre-del-rock-in-rio","status":"publish","type":"post","link":"https:\/\/eldigitaldeasturias.com\/magazine365\/colas-para-ver-a-justin-timberlake-en-el-cierre-del-rock-in-rio\/","title":{"rendered":"Colas para ver a Justin Timberlake en el cierre del Rock in Rio"},"content":{"rendered":"<p><img fetchpriority=\"high\" decoding=\"async\" class=\"alignleft size-medium wp-image-14722\" alt=\"6322989w\" src=\"https:\/\/eldigitaldeasturias.com\/magazine365\/wp-content\/uploads\/2014\/06\/6322989w-360x241.jpg\" width=\"360\" height=\"241\" srcset=\"https:\/\/eldigitaldeasturias.com\/magazine365\/wp-content\/uploads\/2014\/06\/6322989w-360x241.jpg 360w, https:\/\/eldigitaldeasturias.com\/magazine365\/wp-content\/uploads\/2014\/06\/6322989w-650x436.jpg 650w, https:\/\/eldigitaldeasturias.com\/magazine365\/wp-content\/uploads\/2014\/06\/6322989w-768x515.jpg 768w, https:\/\/eldigitaldeasturias.com\/magazine365\/wp-content\/uploads\/2014\/06\/6322989w-150x101.jpg 150w, https:\/\/eldigitaldeasturias.com\/magazine365\/wp-content\/uploads\/2014\/06\/6322989w-450x302.jpg 450w, https:\/\/eldigitaldeasturias.com\/magazine365\/wp-content\/uploads\/2014\/06\/6322989w-696x466.jpg 696w, https:\/\/eldigitaldeasturias.com\/magazine365\/wp-content\/uploads\/2014\/06\/6322989w-627x420.jpg 627w, https:\/\/eldigitaldeasturias.com\/magazine365\/wp-content\/uploads\/2014\/06\/6322989w-84x55.jpg 84w, https:\/\/eldigitaldeasturias.com\/magazine365\/wp-content\/uploads\/2014\/06\/6322989w.jpg 800w\" sizes=\"(max-width: 360px) 100vw, 360px\" \/>Lisboa, 1 jun (EFE).- Colas tempraneras de seguidores, muchos de ellos adolescentes, marcaron hoy la apertura del \u00faltimo d\u00eda del Rock in Rio Lisboa, cuyo cabeza de cartel el estadounidense Justin Timberlake promete un fin de fiesta de baile por todo lo alto.<\/p>\n<p>El polifac\u00e9tico artista cierra esta noche en el escenario principal los cinco d\u00edas de m\u00fasica del festival, que ha convertido el Parque Bela Vista en una reuni\u00f3n de pesos pesados del rock como los Rolling Stones, Linkin Park y Arcade Fire.<\/p>\n<p>Timberlake presentar\u00e1 su \u00faltimo \u00e1lbum de estudio \u00abThe 20\/20 Experience\u00bb, publicado en marzo, en una de las paradas m\u00e1s importantes de su gira y su primera actuaci\u00f3n en Portugal.<\/p>\n<p>El tour mundial supone su vuelta a los escenarios musicales despu\u00e9s de siete a\u00f1os alejado de ellos para centrarse en su carrera cinematogr\u00e1fica y proyectos empresariales.<\/p>\n<p>El tambi\u00e9n compositor, bailar\u00edn y propietario del estudio de grabaci\u00f3n Tennman Records inici\u00f3 su andadura art\u00edstica en la banda de chicos adolescentes &#8216;N Sync.<\/p>\n<p>Su retorno a la m\u00fasica fue recibido con un aplauso un\u00e1nime del p\u00fablico y la cr\u00edtica, y en la \u00faltima edici\u00f3n de los Grammy logr\u00f3 tres premios, entre los que estaban el de mejor canci\u00f3n de R&amp;B por \u00abPusher Love Girl\u00bb.<\/p>\n<p>La otra estrella de la noche ser\u00e1 la brit\u00e1nica Jessie J, que sube antes que Timberlake al escenario Palco Mundo para presentar su segundo \u00e1lbum de estudio \u00abAlive\u00bb.<\/p>\n<p>Jessica Cornish y su banda, que pasaron ayer por Madrid, lograron una acogida un\u00e1nime de la cr\u00edtica en 2011 gracias a los \u00e9xitos como \u00abPrice Tag\u00bb de su disco debut \u00abWho you are\u00bb.<\/p>\n<p>Esta vez, ofrecer\u00e1 en el Rock in Rio t\u00edtulos por estrenar en Lisboa como la juerga de \u00abIt&#8217;s my party\u00bb o la reafirmaci\u00f3n femenina de \u00abSexy lady\u00bb.<\/p>\n<p>La jornada musical incluye, adem\u00e1s, una variada selecci\u00f3n de estilos musicales, desde el cantante de rap estadounidense Mac Miller al indie rock de los ingleses Bombay Bicycle Club.<\/p>\n<p>El festival, que este a\u00f1o cumple su d\u00e9cimo aniversario en Lisboa, bajar\u00e1 el tel\u00f3n hasta 2016 y empezar\u00e1 los preparativos para su estreno en Las Vegas el pr\u00f3ximo mayo.<\/p>\n<p>Esta edici\u00f3n ya ha dejado algunos momentos estelares en la memoria desde la inauguraci\u00f3n el domingo pasado a cargo del seductor Robbie Williams.<\/p>\n<p>La actuaci\u00f3n del jueves de los legendarios Rolling Stones reuni\u00f3 a cerca de 90.000 personas y cont\u00f3 con Bruce Springsteen como invitado sorpresa en el escenario.<\/p>\n<p>Linkin Park y Queens of the Stone Age llevaron el viernes los sonidos de rock duro estadounidense y los canadienses Arcade Fire desplegaron el s\u00e1bado su gran orquesta de indie rock existencialista.<\/p>\n","protected":false},"excerpt":{"rendered":"<p>Lisboa, 1 jun (EFE).- Colas tempraneras de seguidores, muchos de ellos adolescentes, marcaron hoy la apertura del \u00faltimo d\u00eda del Rock in Rio Lisboa, cuyo cabeza de cartel el estadounidense Justin Timberlake promete un fin de fiesta de baile por todo lo alto. El polifac\u00e9tico artista cierra esta noche en el escenario principal los cinco<\/p>\n","protected":false},"author":1,"featured_media":14722,"comment_status":"open","ping_status":"closed","sticky":false,"template":"","format":"standard","meta":{"footnotes":""},"categories":[224],"tags":[],"class_list":{"0":"post-14721","1":"post","2":"type-post","3":"status-publish","4":"format-standard","5":"has-post-thumbnail","7":"category-noticias-actualidad"},"aioseo_notices":[],"aioseo_head":"\n\t\t<!-- All in One SEO Pro 4.9.6.1 - aioseo.com -->\n\t<meta name=\"description\" content=\"Lisboa, 1 jun (EFE).- Colas tempraneras de seguidores, muchos de ellos adolescentes, marcaron hoy la apertura del \u00faltimo d\u00eda del Rock in Rio Lisboa, cuyo cabeza de cartel el estadounidense Justin Timberlake promete un fin de fiesta de baile por todo lo alto. El polifac\u00e9tico artista cierra esta noche en el escenario principal los cinco\" \/>\n\t<meta name=\"robots\" content=\"max-image-preview:large\" \/>\n\t<meta name=\"author\" content=\"admin\"\/>\n\t<meta name=\"google-site-verification\" content=\"UA-38556648-1\" \/>\n\t<meta name=\"keywords\" content=\"noticias y actualidad\" \/>\n\t<link rel=\"canonical\" href=\"https:\/\/eldigitaldeasturias.com\/magazine365\/colas-para-ver-a-justin-timberlake-en-el-cierre-del-rock-in-rio\/\" \/>\n\t<meta name=\"generator\" content=\"All in One SEO Pro (AIOSEO) 4.9.6.1\" \/>\n\t\t<meta property=\"og:locale\" content=\"es_ES\" \/>\n\t\t<meta property=\"og:site_name\" content=\"El Digital de Asturias \u2013 Revista de ocio, turismo y estilo de vida\" \/>\n\t\t<meta property=\"og:type\" content=\"article\" \/>\n\t\t<meta property=\"og:title\" content=\"Colas para ver a Justin Timberlake en el cierre del Rock in Rio | El Digital de Asturias\" \/>\n\t\t<meta property=\"og:description\" content=\"Lisboa, 1 jun (EFE).- Colas tempraneras de seguidores, muchos de ellos adolescentes, marcaron hoy la apertura del \u00faltimo d\u00eda del Rock in Rio Lisboa, cuyo cabeza de cartel el estadounidense Justin Timberlake promete un fin de fiesta de baile por todo lo alto. El polifac\u00e9tico artista cierra esta noche en el escenario principal los cinco\" \/>\n\t\t<meta property=\"og:url\" content=\"https:\/\/eldigitaldeasturias.com\/magazine365\/colas-para-ver-a-justin-timberlake-en-el-cierre-del-rock-in-rio\/\" \/>\n\t\t<meta property=\"og:image\" content=\"https:\/\/eldigitaldeasturias.com\/magazine365\/wp-content\/uploads\/2014\/06\/6322989w.jpg\" \/>\n\t\t<meta property=\"og:image:secure_url\" content=\"https:\/\/eldigitaldeasturias.com\/magazine365\/wp-content\/uploads\/2014\/06\/6322989w.jpg\" \/>\n\t\t<meta property=\"og:image:width\" content=\"800\" \/>\n\t\t<meta property=\"og:image:height\" content=\"536\" \/>\n\t\t<meta property=\"article:published_time\" content=\"2014-06-01T20:55:17+00:00\" \/>\n\t\t<meta property=\"article:modified_time\" content=\"2014-06-01T20:55:17+00:00\" \/>\n\t\t<meta name=\"twitter:card\" content=\"summary_large_image\" \/>\n\t\t<meta name=\"twitter:title\" content=\"Colas para ver a Justin Timberlake en el cierre del Rock in Rio | El Digital de Asturias\" \/>\n\t\t<meta name=\"twitter:description\" content=\"Lisboa, 1 jun (EFE).- Colas tempraneras de seguidores, muchos de ellos adolescentes, marcaron hoy la apertura del \u00faltimo d\u00eda del Rock in Rio Lisboa, cuyo cabeza de cartel el estadounidense Justin Timberlake promete un fin de fiesta de baile por todo lo alto. El polifac\u00e9tico artista cierra esta noche en el escenario principal los cinco\" \/>\n\t\t<meta name=\"twitter:image\" content=\"https:\/\/eldigitaldeasturias.com\/magazine365\/wp-content\/uploads\/2014\/06\/6322989w.jpg\" \/>\n\t\t<script type=\"application\/ld+json\" class=\"aioseo-schema\">\n\t\t\t{\"@context\":\"https:\\\/\\\/schema.org\",\"@graph\":[{\"@type\":\"Article\",\"@id\":\"https:\\\/\\\/eldigitaldeasturias.com\\\/magazine365\\\/colas-para-ver-a-justin-timberlake-en-el-cierre-del-rock-in-rio\\\/#article\",\"name\":\"Colas para ver a Justin Timberlake en el cierre del Rock in Rio | El Digital de Asturias\",\"headline\":\"Colas para ver a Justin Timberlake en el cierre del Rock in Rio\",\"author\":{\"@id\":\"https:\\\/\\\/eldigitaldeasturias.com\\\/magazine365\\\/author\\\/admin\\\/#author\"},\"publisher\":{\"@id\":\"https:\\\/\\\/eldigitaldeasturias.com\\\/magazine365\\\/#organization\"},\"image\":{\"@type\":\"ImageObject\",\"url\":\"https:\\\/\\\/eldigitaldeasturias.com\\\/magazine365\\\/wp-content\\\/uploads\\\/2014\\\/06\\\/6322989w.jpg\",\"width\":800,\"height\":536},\"datePublished\":\"2014-06-01T18:55:17+02:00\",\"dateModified\":\"2014-06-01T18:55:17+02:00\",\"inLanguage\":\"es-ES\",\"mainEntityOfPage\":{\"@id\":\"https:\\\/\\\/eldigitaldeasturias.com\\\/magazine365\\\/colas-para-ver-a-justin-timberlake-en-el-cierre-del-rock-in-rio\\\/#webpage\"},\"isPartOf\":{\"@id\":\"https:\\\/\\\/eldigitaldeasturias.com\\\/magazine365\\\/colas-para-ver-a-justin-timberlake-en-el-cierre-del-rock-in-rio\\\/#webpage\"},\"articleSection\":\"Noticias y Actualidad\"},{\"@type\":\"BreadcrumbList\",\"@id\":\"https:\\\/\\\/eldigitaldeasturias.com\\\/magazine365\\\/colas-para-ver-a-justin-timberlake-en-el-cierre-del-rock-in-rio\\\/#breadcrumblist\",\"itemListElement\":[{\"@type\":\"ListItem\",\"@id\":\"https:\\\/\\\/eldigitaldeasturias.com\\\/magazine365#listItem\",\"position\":1,\"name\":\"Home\",\"item\":\"https:\\\/\\\/eldigitaldeasturias.com\\\/magazine365\",\"nextItem\":{\"@type\":\"ListItem\",\"@id\":\"https:\\\/\\\/eldigitaldeasturias.com\\\/magazine365\\\/category\\\/noticias-actualidad\\\/#listItem\",\"name\":\"Noticias y Actualidad\"}},{\"@type\":\"ListItem\",\"@id\":\"https:\\\/\\\/eldigitaldeasturias.com\\\/magazine365\\\/category\\\/noticias-actualidad\\\/#listItem\",\"position\":2,\"name\":\"Noticias y Actualidad\",\"item\":\"https:\\\/\\\/eldigitaldeasturias.com\\\/magazine365\\\/category\\\/noticias-actualidad\\\/\",\"nextItem\":{\"@type\":\"ListItem\",\"@id\":\"https:\\\/\\\/eldigitaldeasturias.com\\\/magazine365\\\/colas-para-ver-a-justin-timberlake-en-el-cierre-del-rock-in-rio\\\/#listItem\",\"name\":\"Colas para ver a Justin Timberlake en el cierre del Rock in Rio\"},\"previousItem\":{\"@type\":\"ListItem\",\"@id\":\"https:\\\/\\\/eldigitaldeasturias.com\\\/magazine365#listItem\",\"name\":\"Home\"}},{\"@type\":\"ListItem\",\"@id\":\"https:\\\/\\\/eldigitaldeasturias.com\\\/magazine365\\\/colas-para-ver-a-justin-timberlake-en-el-cierre-del-rock-in-rio\\\/#listItem\",\"position\":3,\"name\":\"Colas para ver a Justin Timberlake en el cierre del Rock in Rio\",\"previousItem\":{\"@type\":\"ListItem\",\"@id\":\"https:\\\/\\\/eldigitaldeasturias.com\\\/magazine365\\\/category\\\/noticias-actualidad\\\/#listItem\",\"name\":\"Noticias y Actualidad\"}}]},{\"@type\":\"Organization\",\"@id\":\"https:\\\/\\\/eldigitaldeasturias.com\\\/magazine365\\\/#organization\",\"name\":\"El digital de Asturias\",\"description\":\"Revista de ocio, turismo y estilo de vida\",\"url\":\"https:\\\/\\\/eldigitaldeasturias.com\\\/magazine365\\\/\",\"logo\":{\"@type\":\"ImageObject\",\"url\":\"https:\\\/\\\/www.eldigitaldeasturias.com\\\/noticias\\\/wp-content\\\/uploads\\\/2020\\\/12\\\/EDA.jpg\",\"@id\":\"https:\\\/\\\/eldigitaldeasturias.com\\\/magazine365\\\/colas-para-ver-a-justin-timberlake-en-el-cierre-del-rock-in-rio\\\/#organizationLogo\"},\"image\":{\"@id\":\"https:\\\/\\\/eldigitaldeasturias.com\\\/magazine365\\\/colas-para-ver-a-justin-timberlake-en-el-cierre-del-rock-in-rio\\\/#organizationLogo\"}},{\"@type\":\"Person\",\"@id\":\"https:\\\/\\\/eldigitaldeasturias.com\\\/magazine365\\\/author\\\/admin\\\/#author\",\"url\":\"https:\\\/\\\/eldigitaldeasturias.com\\\/magazine365\\\/author\\\/admin\\\/\",\"name\":\"admin\",\"image\":{\"@type\":\"ImageObject\",\"@id\":\"https:\\\/\\\/eldigitaldeasturias.com\\\/magazine365\\\/colas-para-ver-a-justin-timberlake-en-el-cierre-del-rock-in-rio\\\/#authorImage\",\"url\":\"https:\\\/\\\/eldigitaldeasturias.com\\\/magazine365\\\/wp-content\\\/litespeed\\\/avatar\\\/e571bcf59a0edd6fa6838245a470f2fe.jpg?ver=1777574230\",\"width\":96,\"height\":96,\"caption\":\"admin\"}},{\"@type\":\"WebPage\",\"@id\":\"https:\\\/\\\/eldigitaldeasturias.com\\\/magazine365\\\/colas-para-ver-a-justin-timberlake-en-el-cierre-del-rock-in-rio\\\/#webpage\",\"url\":\"https:\\\/\\\/eldigitaldeasturias.com\\\/magazine365\\\/colas-para-ver-a-justin-timberlake-en-el-cierre-del-rock-in-rio\\\/\",\"name\":\"Colas para ver a Justin Timberlake en el cierre del Rock in Rio | El Digital de Asturias\",\"description\":\"Lisboa, 1 jun (EFE).- Colas tempraneras de seguidores, muchos de ellos adolescentes, marcaron hoy la apertura del \\u00faltimo d\\u00eda del Rock in Rio Lisboa, cuyo cabeza de cartel el estadounidense Justin Timberlake promete un fin de fiesta de baile por todo lo alto. El polifac\\u00e9tico artista cierra esta noche en el escenario principal los cinco\",\"inLanguage\":\"es-ES\",\"isPartOf\":{\"@id\":\"https:\\\/\\\/eldigitaldeasturias.com\\\/magazine365\\\/#website\"},\"breadcrumb\":{\"@id\":\"https:\\\/\\\/eldigitaldeasturias.com\\\/magazine365\\\/colas-para-ver-a-justin-timberlake-en-el-cierre-del-rock-in-rio\\\/#breadcrumblist\"},\"author\":{\"@id\":\"https:\\\/\\\/eldigitaldeasturias.com\\\/magazine365\\\/author\\\/admin\\\/#author\"},\"creator\":{\"@id\":\"https:\\\/\\\/eldigitaldeasturias.com\\\/magazine365\\\/author\\\/admin\\\/#author\"},\"image\":{\"@type\":\"ImageObject\",\"url\":\"https:\\\/\\\/eldigitaldeasturias.com\\\/magazine365\\\/wp-content\\\/uploads\\\/2014\\\/06\\\/6322989w.jpg\",\"@id\":\"https:\\\/\\\/eldigitaldeasturias.com\\\/magazine365\\\/colas-para-ver-a-justin-timberlake-en-el-cierre-del-rock-in-rio\\\/#mainImage\",\"width\":800,\"height\":536},\"primaryImageOfPage\":{\"@id\":\"https:\\\/\\\/eldigitaldeasturias.com\\\/magazine365\\\/colas-para-ver-a-justin-timberlake-en-el-cierre-del-rock-in-rio\\\/#mainImage\"},\"datePublished\":\"2014-06-01T18:55:17+02:00\",\"dateModified\":\"2014-06-01T18:55:17+02:00\"},{\"@type\":\"WebSite\",\"@id\":\"https:\\\/\\\/eldigitaldeasturias.com\\\/magazine365\\\/#website\",\"url\":\"https:\\\/\\\/eldigitaldeasturias.com\\\/magazine365\\\/\",\"name\":\"El Digital de Asturias\",\"description\":\"Revista de ocio, turismo y estilo de vida\",\"inLanguage\":\"es-ES\",\"publisher\":{\"@id\":\"https:\\\/\\\/eldigitaldeasturias.com\\\/magazine365\\\/#organization\"}}]}\n\t\t<\/script>\n\t\t<!-- All in One SEO Pro -->\r\n\t\t<title>Colas para ver a Justin Timberlake en el cierre del Rock in Rio | El Digital de Asturias<\/title>\n\n","aioseo_head_json":{"title":"Colas para ver a Justin Timberlake en el cierre del Rock in Rio | El Digital de Asturias","description":"Lisboa, 1 jun (EFE).- Colas tempraneras de seguidores, muchos de ellos adolescentes, marcaron hoy la apertura del \u00faltimo d\u00eda del Rock in Rio Lisboa, cuyo cabeza de cartel el estadounidense Justin Timberlake promete un fin de fiesta de baile por todo lo alto. El polifac\u00e9tico artista cierra esta noche en el escenario principal los cinco","canonical_url":"https:\/\/eldigitaldeasturias.com\/magazine365\/colas-para-ver-a-justin-timberlake-en-el-cierre-del-rock-in-rio\/","robots":"max-image-preview:large","keywords":"noticias y actualidad","webmasterTools":{"google-site-verification":"UA-38556648-1","miscellaneous":""},"schema":{"@context":"https:\/\/schema.org","@graph":[{"@type":"Article","@id":"https:\/\/eldigitaldeasturias.com\/magazine365\/colas-para-ver-a-justin-timberlake-en-el-cierre-del-rock-in-rio\/#article","name":"Colas para ver a Justin Timberlake en el cierre del Rock in Rio | El Digital de Asturias","headline":"Colas para ver a Justin Timberlake en el cierre del Rock in Rio","author":{"@id":"https:\/\/eldigitaldeasturias.com\/magazine365\/author\/admin\/#author"},"publisher":{"@id":"https:\/\/eldigitaldeasturias.com\/magazine365\/#organization"},"image":{"@type":"ImageObject","url":"https:\/\/eldigitaldeasturias.com\/magazine365\/wp-content\/uploads\/2014\/06\/6322989w.jpg","width":800,"height":536},"datePublished":"2014-06-01T18:55:17+02:00","dateModified":"2014-06-01T18:55:17+02:00","inLanguage":"es-ES","mainEntityOfPage":{"@id":"https:\/\/eldigitaldeasturias.com\/magazine365\/colas-para-ver-a-justin-timberlake-en-el-cierre-del-rock-in-rio\/#webpage"},"isPartOf":{"@id":"https:\/\/eldigitaldeasturias.com\/magazine365\/colas-para-ver-a-justin-timberlake-en-el-cierre-del-rock-in-rio\/#webpage"},"articleSection":"Noticias y Actualidad"},{"@type":"BreadcrumbList","@id":"https:\/\/eldigitaldeasturias.com\/magazine365\/colas-para-ver-a-justin-timberlake-en-el-cierre-del-rock-in-rio\/#breadcrumblist","itemListElement":[{"@type":"ListItem","@id":"https:\/\/eldigitaldeasturias.com\/magazine365#listItem","position":1,"name":"Home","item":"https:\/\/eldigitaldeasturias.com\/magazine365","nextItem":{"@type":"ListItem","@id":"https:\/\/eldigitaldeasturias.com\/magazine365\/category\/noticias-actualidad\/#listItem","name":"Noticias y Actualidad"}},{"@type":"ListItem","@id":"https:\/\/eldigitaldeasturias.com\/magazine365\/category\/noticias-actualidad\/#listItem","position":2,"name":"Noticias y Actualidad","item":"https:\/\/eldigitaldeasturias.com\/magazine365\/category\/noticias-actualidad\/","nextItem":{"@type":"ListItem","@id":"https:\/\/eldigitaldeasturias.com\/magazine365\/colas-para-ver-a-justin-timberlake-en-el-cierre-del-rock-in-rio\/#listItem","name":"Colas para ver a Justin Timberlake en el cierre del Rock in Rio"},"previousItem":{"@type":"ListItem","@id":"https:\/\/eldigitaldeasturias.com\/magazine365#listItem","name":"Home"}},{"@type":"ListItem","@id":"https:\/\/eldigitaldeasturias.com\/magazine365\/colas-para-ver-a-justin-timberlake-en-el-cierre-del-rock-in-rio\/#listItem","position":3,"name":"Colas para ver a Justin Timberlake en el cierre del Rock in Rio","previousItem":{"@type":"ListItem","@id":"https:\/\/eldigitaldeasturias.com\/magazine365\/category\/noticias-actualidad\/#listItem","name":"Noticias y Actualidad"}}]},{"@type":"Organization","@id":"https:\/\/eldigitaldeasturias.com\/magazine365\/#organization","name":"El digital de Asturias","description":"Revista de ocio, turismo y estilo de vida","url":"https:\/\/eldigitaldeasturias.com\/magazine365\/","logo":{"@type":"ImageObject","url":"https:\/\/www.eldigitaldeasturias.com\/noticias\/wp-content\/uploads\/2020\/12\/EDA.jpg","@id":"https:\/\/eldigitaldeasturias.com\/magazine365\/colas-para-ver-a-justin-timberlake-en-el-cierre-del-rock-in-rio\/#organizationLogo"},"image":{"@id":"https:\/\/eldigitaldeasturias.com\/magazine365\/colas-para-ver-a-justin-timberlake-en-el-cierre-del-rock-in-rio\/#organizationLogo"}},{"@type":"Person","@id":"https:\/\/eldigitaldeasturias.com\/magazine365\/author\/admin\/#author","url":"https:\/\/eldigitaldeasturias.com\/magazine365\/author\/admin\/","name":"admin","image":{"@type":"ImageObject","@id":"https:\/\/eldigitaldeasturias.com\/magazine365\/colas-para-ver-a-justin-timberlake-en-el-cierre-del-rock-in-rio\/#authorImage","url":"https:\/\/eldigitaldeasturias.com\/magazine365\/wp-content\/litespeed\/avatar\/e571bcf59a0edd6fa6838245a470f2fe.jpg?ver=1777574230","width":96,"height":96,"caption":"admin"}},{"@type":"WebPage","@id":"https:\/\/eldigitaldeasturias.com\/magazine365\/colas-para-ver-a-justin-timberlake-en-el-cierre-del-rock-in-rio\/#webpage","url":"https:\/\/eldigitaldeasturias.com\/magazine365\/colas-para-ver-a-justin-timberlake-en-el-cierre-del-rock-in-rio\/","name":"Colas para ver a Justin Timberlake en el cierre del Rock in Rio | El Digital de Asturias","description":"Lisboa, 1 jun (EFE).- Colas tempraneras de seguidores, muchos de ellos adolescentes, marcaron hoy la apertura del \u00faltimo d\u00eda del Rock in Rio Lisboa, cuyo cabeza de cartel el estadounidense Justin Timberlake promete un fin de fiesta de baile por todo lo alto. El polifac\u00e9tico artista cierra esta noche en el escenario principal los cinco","inLanguage":"es-ES","isPartOf":{"@id":"https:\/\/eldigitaldeasturias.com\/magazine365\/#website"},"breadcrumb":{"@id":"https:\/\/eldigitaldeasturias.com\/magazine365\/colas-para-ver-a-justin-timberlake-en-el-cierre-del-rock-in-rio\/#breadcrumblist"},"author":{"@id":"https:\/\/eldigitaldeasturias.com\/magazine365\/author\/admin\/#author"},"creator":{"@id":"https:\/\/eldigitaldeasturias.com\/magazine365\/author\/admin\/#author"},"image":{"@type":"ImageObject","url":"https:\/\/eldigitaldeasturias.com\/magazine365\/wp-content\/uploads\/2014\/06\/6322989w.jpg","@id":"https:\/\/eldigitaldeasturias.com\/magazine365\/colas-para-ver-a-justin-timberlake-en-el-cierre-del-rock-in-rio\/#mainImage","width":800,"height":536},"primaryImageOfPage":{"@id":"https:\/\/eldigitaldeasturias.com\/magazine365\/colas-para-ver-a-justin-timberlake-en-el-cierre-del-rock-in-rio\/#mainImage"},"datePublished":"2014-06-01T18:55:17+02:00","dateModified":"2014-06-01T18:55:17+02:00"},{"@type":"WebSite","@id":"https:\/\/eldigitaldeasturias.com\/magazine365\/#website","url":"https:\/\/eldigitaldeasturias.com\/magazine365\/","name":"El Digital de Asturias","description":"Revista de ocio, turismo y estilo de vida","inLanguage":"es-ES","publisher":{"@id":"https:\/\/eldigitaldeasturias.com\/magazine365\/#organization"}}]},"og:locale":"es_ES","og:site_name":"El Digital de Asturias \u2013 Revista de ocio, turismo y estilo de vida","og:type":"article","og:title":"Colas para ver a Justin Timberlake en el cierre del Rock in Rio | El Digital de Asturias","og:description":"Lisboa, 1 jun (EFE).- Colas tempraneras de seguidores, muchos de ellos adolescentes, marcaron hoy la apertura del \u00faltimo d\u00eda del Rock in Rio Lisboa, cuyo cabeza de cartel el estadounidense Justin Timberlake promete un fin de fiesta de baile por todo lo alto. El polifac\u00e9tico artista cierra esta noche en el escenario principal los cinco","og:url":"https:\/\/eldigitaldeasturias.com\/magazine365\/colas-para-ver-a-justin-timberlake-en-el-cierre-del-rock-in-rio\/","og:image":"https:\/\/eldigitaldeasturias.com\/magazine365\/wp-content\/uploads\/2014\/06\/6322989w.jpg","og:image:secure_url":"https:\/\/eldigitaldeasturias.com\/magazine365\/wp-content\/uploads\/2014\/06\/6322989w.jpg","og:image:width":800,"og:image:height":536,"article:published_time":"2014-06-01T20:55:17+00:00","article:modified_time":"2014-06-01T20:55:17+00:00","twitter:card":"summary_large_image","twitter:title":"Colas para ver a Justin Timberlake en el cierre del Rock in Rio | El Digital de Asturias","twitter:description":"Lisboa, 1 jun (EFE).- Colas tempraneras de seguidores, muchos de ellos adolescentes, marcaron hoy la apertura del \u00faltimo d\u00eda del Rock in Rio Lisboa, cuyo cabeza de cartel el estadounidense Justin Timberlake promete un fin de fiesta de baile por todo lo alto. El polifac\u00e9tico artista cierra esta noche en el escenario principal los cinco","twitter:image":"https:\/\/eldigitaldeasturias.com\/magazine365\/wp-content\/uploads\/2014\/06\/6322989w.jpg"},"aioseo_meta_data":{"post_id":"14721","title":null,"description":null,"keywords":null,"keyphrases":null,"primary_term":null,"canonical_url":null,"og_title":null,"og_description":null,"og_object_type":"default","og_image_type":"default","og_image_url":null,"og_image_width":null,"og_image_height":null,"og_image_custom_url":null,"og_image_custom_fields":null,"og_video":null,"og_custom_url":null,"og_article_section":null,"og_article_tags":null,"twitter_use_og":false,"twitter_card":"default","twitter_image_type":"default","twitter_image_url":null,"twitter_image_custom_url":null,"twitter_image_custom_fields":null,"twitter_title":null,"twitter_description":null,"schema":{"blockGraphs":[],"customGraphs":[],"default":{"data":{"Article":[],"Course":[],"Dataset":[],"FAQPage":[],"Movie":[],"Person":[],"Product":[],"ProductReview":[],"Car":[],"Recipe":[],"Service":[],"SoftwareApplication":[],"WebPage":[]},"graphName":"","isEnabled":true},"graphs":[],"defaultGraph":"","defaultPostTypeGraph":""},"schema_type":null,"schema_type_options":null,"pillar_content":false,"robots_default":true,"robots_noindex":false,"robots_noarchive":false,"robots_nosnippet":false,"robots_nofollow":false,"robots_noimageindex":false,"robots_noodp":false,"robots_notranslate":false,"robots_max_snippet":null,"robots_max_videopreview":null,"robots_max_imagepreview":"large","priority":null,"frequency":null,"location":null,"local_seo":null,"seo_analyzer_scan_date":"2025-09-17 10:40:58","breadcrumb_settings":null,"limit_modified_date":false,"open_ai":null,"ai":null,"created":"2021-03-09 08:10:42","updated":"2025-09-17 10:40:58"},"aioseo_breadcrumb":"<div class=\"aioseo-breadcrumbs\"><span class=\"aioseo-breadcrumb\">\n\t<a href=\"https:\/\/eldigitaldeasturias.com\/magazine365\" title=\"Home\">Home<\/a>\n<\/span><span class=\"aioseo-breadcrumb-separator\">\u2013<\/span><span class=\"aioseo-breadcrumb\">\n\t<a href=\"https:\/\/eldigitaldeasturias.com\/magazine365\/category\/noticias-actualidad\/\" title=\"Noticias y Actualidad\">Noticias y Actualidad<\/a>\n<\/span><span class=\"aioseo-breadcrumb-separator\">\u2013<\/span><span class=\"aioseo-breadcrumb\">\n\t<a href=\"https:\/\/eldigitaldeasturias.com\/magazine365\/colas-para-ver-a-justin-timberlake-en-el-cierre-del-rock-in-rio\/\" title=\"Colas para ver a Justin Timberlake en el cierre del Rock in Rio\">Colas para ver a Justin Timberlake en el cierre del Rock in Rio<\/a>\n<\/span><\/div>","aioseo_breadcrumb_json":[{"label":"Home","link":"https:\/\/eldigitaldeasturias.com\/magazine365"},{"label":"Noticias y Actualidad","link":"https:\/\/eldigitaldeasturias.com\/magazine365\/category\/noticias-actualidad\/"},{"label":"Colas para ver a Justin Timberlake en el cierre del Rock in Rio","link":"https:\/\/eldigitaldeasturias.com\/magazine365\/colas-para-ver-a-justin-timberlake-en-el-cierre-del-rock-in-rio\/"}],"_links":{"self":[{"href":"https:\/\/eldigitaldeasturias.com\/magazine365\/wp-json\/wp\/v2\/posts\/14721","targetHints":{"allow":["GET"]}}],"collection":[{"href":"https:\/\/eldigitaldeasturias.com\/magazine365\/wp-json\/wp\/v2\/posts"}],"about":[{"href":"https:\/\/eldigitaldeasturias.com\/magazine365\/wp-json\/wp\/v2\/types\/post"}],"author":[{"embeddable":true,"href":"https:\/\/eldigitaldeasturias.com\/magazine365\/wp-json\/wp\/v2\/users\/1"}],"replies":[{"embeddable":true,"href":"https:\/\/eldigitaldeasturias.com\/magazine365\/wp-json\/wp\/v2\/comments?post=14721"}],"version-history":[{"count":0,"href":"https:\/\/eldigitaldeasturias.com\/magazine365\/wp-json\/wp\/v2\/posts\/14721\/revisions"}],"wp:featuredmedia":[{"embeddable":true,"href":"https:\/\/eldigitaldeasturias.com\/magazine365\/wp-json\/wp\/v2\/media\/14722"}],"wp:attachment":[{"href":"https:\/\/eldigitaldeasturias.com\/magazine365\/wp-json\/wp\/v2\/media?parent=14721"}],"wp:term":[{"taxonomy":"category","embeddable":true,"href":"https:\/\/eldigitaldeasturias.com\/magazine365\/wp-json\/wp\/v2\/categories?post=14721"},{"taxonomy":"post_tag","embeddable":true,"href":"https:\/\/eldigitaldeasturias.com\/magazine365\/wp-json\/wp\/v2\/tags?post=14721"}],"curies":[{"name":"wp","href":"https:\/\/api.w.org\/{rel}","templated":true}]}}