{"id":14718,"date":"2014-06-01T18:53:47","date_gmt":"2014-06-01T20:53:47","guid":{"rendered":"http:\/\/eldigitaldeasturias.com\/magazine365\/?p=14718"},"modified":"2014-06-01T18:53:47","modified_gmt":"2014-06-01T20:53:47","slug":"alitalia-alcanza-un-acuerdo-de-compra-con-la-aerolinea-de-emiratos-arabes-etihad","status":"publish","type":"post","link":"https:\/\/eldigitaldeasturias.com\/magazine365\/alitalia-alcanza-un-acuerdo-de-compra-con-la-aerolinea-de-emiratos-arabes-etihad\/","title":{"rendered":"Alitalia alcanza un acuerdo de compra con la aerol\u00ednea de Emiratos \u00c1rabes Etihad"},"content":{"rendered":"<p><img fetchpriority=\"high\" decoding=\"async\" class=\"alignleft size-medium wp-image-14719\" alt=\"6322883w\" src=\"https:\/\/eldigitaldeasturias.com\/magazine365\/wp-content\/uploads\/2014\/06\/6322883w-360x151.jpg\" width=\"360\" height=\"151\" \/>Roma, 1 jun (EFE).- Despu\u00e9s de varios meses de negociaciones, la aerol\u00ednea italiana Alitalia inform\u00f3 hoy de que ha llegado a un acuerdo de compra con la compa\u00f1\u00eda de Emiratos \u00c1rabes Etihad.<\/p>\n<p>El presidente de Alitalia, Roberto Colaninno, asegur\u00f3 que esta operaci\u00f3n \u00abrefuerza la perspectiva de crecimiento de la empresa a largo plazo\u00bb, seg\u00fan el comunicado de la compa\u00f1\u00eda.<\/p>\n<p>\u00abEstamos encantados de seguir adelante con esa operaci\u00f3n\u00bb, afirm\u00f3 por su parte el presidente y director ejecutivo de la compa\u00f1\u00eda de Oriente Medio, James Hogan, quien a\u00f1adi\u00f3 que \u00abla participaci\u00f3n accionarial en Alitalia ser\u00e1 positiva para las dos aerol\u00edneas\u00bb.<\/p>\n<p>Seg\u00fan el comunicado, las condiciones de este entendimiento se har\u00e1n efectivas en las pr\u00f3ximas horas, despu\u00e9s de que sean aprobadas formalmente por el Consejo de Administraci\u00f3n de Alitalia.<\/p>\n<p>Seg\u00fan medios italianos, Etihad estar\u00eda dispuesta a invertir hasta 500 millones de euros y comprar el 49 % de la empresa italiana para garantizar su recuperaci\u00f3n.<\/p>\n<p>Adem\u00e1s, el peri\u00f3dico econ\u00f3mico \u00abIl Sole 24 Ore\u00bb afirm\u00f3 que, entre los requisitos exigidos por la a\u00e9rea de Abu Dhabi, estar\u00eda el de despedir a entre 2.500 y 3.000 personas.<\/p>\n<p>El pasado 20 de diciembre, Alitalia anunci\u00f3 un aumento de capital de 300 millones de euros.<\/p>\n<p>La compa\u00f1\u00eda ya estuvo en 2009 al borde de la bancarrota y, en esa ocasi\u00f3n, fue salvada por un grupo de unos 20 inversores privados italianos y Air France-KLM.<\/p>\n","protected":false},"excerpt":{"rendered":"<p>Roma, 1 jun (EFE).- Despu\u00e9s de varios meses de negociaciones, la aerol\u00ednea italiana Alitalia inform\u00f3 hoy de que ha llegado a un acuerdo de compra con la compa\u00f1\u00eda de Emiratos \u00c1rabes Etihad. El presidente de Alitalia, Roberto Colaninno, asegur\u00f3 que esta operaci\u00f3n \u00abrefuerza la perspectiva de crecimiento de la empresa a largo plazo\u00bb, seg\u00fan el<\/p>\n","protected":false},"author":1,"featured_media":14719,"comment_status":"open","ping_status":"closed","sticky":false,"template":"","format":"standard","meta":{"footnotes":""},"categories":[224],"tags":[],"class_list":{"0":"post-14718","1":"post","2":"type-post","3":"status-publish","4":"format-standard","5":"has-post-thumbnail","7":"category-noticias-actualidad"},"aioseo_notices":[],"aioseo_head":"\n\t\t<!-- All in One SEO Pro 4.9.6.1 - aioseo.com -->\n\t<meta name=\"description\" content=\"Roma, 1 jun (EFE).- Despu\u00e9s de varios meses de negociaciones, la aerol\u00ednea italiana Alitalia inform\u00f3 hoy de que ha llegado a un acuerdo de compra con la compa\u00f1\u00eda de Emiratos \u00c1rabes Etihad. El presidente de Alitalia, Roberto Colaninno, asegur\u00f3 que esta operaci\u00f3n &quot;refuerza la perspectiva de crecimiento de la empresa a largo plazo&quot;, seg\u00fan el\" \/>\n\t<meta name=\"robots\" content=\"max-image-preview:large\" \/>\n\t<meta name=\"author\" content=\"admin\"\/>\n\t<meta name=\"google-site-verification\" content=\"UA-38556648-1\" \/>\n\t<meta name=\"keywords\" content=\"noticias y actualidad\" \/>\n\t<link rel=\"canonical\" href=\"https:\/\/eldigitaldeasturias.com\/magazine365\/alitalia-alcanza-un-acuerdo-de-compra-con-la-aerolinea-de-emiratos-arabes-etihad\/\" \/>\n\t<meta name=\"generator\" content=\"All in One SEO Pro (AIOSEO) 4.9.6.1\" \/>\n\t\t<meta property=\"og:locale\" content=\"es_ES\" \/>\n\t\t<meta property=\"og:site_name\" content=\"El Digital de Asturias \u2013 Revista de ocio, turismo y estilo de vida\" \/>\n\t\t<meta property=\"og:type\" content=\"article\" \/>\n\t\t<meta property=\"og:title\" content=\"Alitalia alcanza un acuerdo de compra con la aerol\u00ednea de Emiratos \u00c1rabes Etihad | El Digital de Asturias\" \/>\n\t\t<meta property=\"og:description\" content=\"Roma, 1 jun (EFE).- Despu\u00e9s de varios meses de negociaciones, la aerol\u00ednea italiana Alitalia inform\u00f3 hoy de que ha llegado a un acuerdo de compra con la compa\u00f1\u00eda de Emiratos \u00c1rabes Etihad. El presidente de Alitalia, Roberto Colaninno, asegur\u00f3 que esta operaci\u00f3n &quot;refuerza la perspectiva de crecimiento de la empresa a largo plazo&quot;, seg\u00fan el\" \/>\n\t\t<meta property=\"og:url\" content=\"https:\/\/eldigitaldeasturias.com\/magazine365\/alitalia-alcanza-un-acuerdo-de-compra-con-la-aerolinea-de-emiratos-arabes-etihad\/\" \/>\n\t\t<meta property=\"og:image\" content=\"https:\/\/eldigitaldeasturias.com\/magazine365\/wp-content\/uploads\/2014\/06\/6322883w.jpg\" \/>\n\t\t<meta property=\"og:image:secure_url\" content=\"https:\/\/eldigitaldeasturias.com\/magazine365\/wp-content\/uploads\/2014\/06\/6322883w.jpg\" \/>\n\t\t<meta property=\"og:image:width\" content=\"800\" \/>\n\t\t<meta property=\"og:image:height\" content=\"337\" \/>\n\t\t<meta property=\"article:published_time\" content=\"2014-06-01T20:53:47+00:00\" \/>\n\t\t<meta property=\"article:modified_time\" content=\"2014-06-01T20:53:47+00:00\" \/>\n\t\t<meta name=\"twitter:card\" content=\"summary_large_image\" \/>\n\t\t<meta name=\"twitter:title\" content=\"Alitalia alcanza un acuerdo de compra con la aerol\u00ednea de Emiratos \u00c1rabes Etihad | El Digital de Asturias\" \/>\n\t\t<meta name=\"twitter:description\" content=\"Roma, 1 jun (EFE).- Despu\u00e9s de varios meses de negociaciones, la aerol\u00ednea italiana Alitalia inform\u00f3 hoy de que ha llegado a un acuerdo de compra con la compa\u00f1\u00eda de Emiratos \u00c1rabes Etihad. El presidente de Alitalia, Roberto Colaninno, asegur\u00f3 que esta operaci\u00f3n &quot;refuerza la perspectiva de crecimiento de la empresa a largo plazo&quot;, seg\u00fan el\" \/>\n\t\t<meta name=\"twitter:image\" content=\"https:\/\/eldigitaldeasturias.com\/magazine365\/wp-content\/uploads\/2014\/06\/6322883w.jpg\" \/>\n\t\t<script type=\"application\/ld+json\" class=\"aioseo-schema\">\n\t\t\t{\"@context\":\"https:\\\/\\\/schema.org\",\"@graph\":[{\"@type\":\"Article\",\"@id\":\"https:\\\/\\\/eldigitaldeasturias.com\\\/magazine365\\\/alitalia-alcanza-un-acuerdo-de-compra-con-la-aerolinea-de-emiratos-arabes-etihad\\\/#article\",\"name\":\"Alitalia alcanza un acuerdo de compra con la aerol\\u00ednea de Emiratos \\u00c1rabes Etihad | El Digital de Asturias\",\"headline\":\"Alitalia alcanza un acuerdo de compra con la aerol\\u00ednea de Emiratos \\u00c1rabes Etihad\",\"author\":{\"@id\":\"https:\\\/\\\/eldigitaldeasturias.com\\\/magazine365\\\/author\\\/admin\\\/#author\"},\"publisher\":{\"@id\":\"https:\\\/\\\/eldigitaldeasturias.com\\\/magazine365\\\/#organization\"},\"image\":{\"@type\":\"ImageObject\",\"url\":\"https:\\\/\\\/eldigitaldeasturias.com\\\/magazine365\\\/wp-content\\\/uploads\\\/2014\\\/06\\\/6322883w.jpg\",\"width\":800,\"height\":337},\"datePublished\":\"2014-06-01T18:53:47+02:00\",\"dateModified\":\"2014-06-01T18:53:47+02:00\",\"inLanguage\":\"es-ES\",\"mainEntityOfPage\":{\"@id\":\"https:\\\/\\\/eldigitaldeasturias.com\\\/magazine365\\\/alitalia-alcanza-un-acuerdo-de-compra-con-la-aerolinea-de-emiratos-arabes-etihad\\\/#webpage\"},\"isPartOf\":{\"@id\":\"https:\\\/\\\/eldigitaldeasturias.com\\\/magazine365\\\/alitalia-alcanza-un-acuerdo-de-compra-con-la-aerolinea-de-emiratos-arabes-etihad\\\/#webpage\"},\"articleSection\":\"Noticias y Actualidad\"},{\"@type\":\"BreadcrumbList\",\"@id\":\"https:\\\/\\\/eldigitaldeasturias.com\\\/magazine365\\\/alitalia-alcanza-un-acuerdo-de-compra-con-la-aerolinea-de-emiratos-arabes-etihad\\\/#breadcrumblist\",\"itemListElement\":[{\"@type\":\"ListItem\",\"@id\":\"https:\\\/\\\/eldigitaldeasturias.com\\\/magazine365#listItem\",\"position\":1,\"name\":\"Home\",\"item\":\"https:\\\/\\\/eldigitaldeasturias.com\\\/magazine365\",\"nextItem\":{\"@type\":\"ListItem\",\"@id\":\"https:\\\/\\\/eldigitaldeasturias.com\\\/magazine365\\\/category\\\/noticias-actualidad\\\/#listItem\",\"name\":\"Noticias y Actualidad\"}},{\"@type\":\"ListItem\",\"@id\":\"https:\\\/\\\/eldigitaldeasturias.com\\\/magazine365\\\/category\\\/noticias-actualidad\\\/#listItem\",\"position\":2,\"name\":\"Noticias y Actualidad\",\"item\":\"https:\\\/\\\/eldigitaldeasturias.com\\\/magazine365\\\/category\\\/noticias-actualidad\\\/\",\"nextItem\":{\"@type\":\"ListItem\",\"@id\":\"https:\\\/\\\/eldigitaldeasturias.com\\\/magazine365\\\/alitalia-alcanza-un-acuerdo-de-compra-con-la-aerolinea-de-emiratos-arabes-etihad\\\/#listItem\",\"name\":\"Alitalia alcanza un acuerdo de compra con la aerol\\u00ednea de Emiratos \\u00c1rabes Etihad\"},\"previousItem\":{\"@type\":\"ListItem\",\"@id\":\"https:\\\/\\\/eldigitaldeasturias.com\\\/magazine365#listItem\",\"name\":\"Home\"}},{\"@type\":\"ListItem\",\"@id\":\"https:\\\/\\\/eldigitaldeasturias.com\\\/magazine365\\\/alitalia-alcanza-un-acuerdo-de-compra-con-la-aerolinea-de-emiratos-arabes-etihad\\\/#listItem\",\"position\":3,\"name\":\"Alitalia alcanza un acuerdo de compra con la aerol\\u00ednea de Emiratos \\u00c1rabes Etihad\",\"previousItem\":{\"@type\":\"ListItem\",\"@id\":\"https:\\\/\\\/eldigitaldeasturias.com\\\/magazine365\\\/category\\\/noticias-actualidad\\\/#listItem\",\"name\":\"Noticias y Actualidad\"}}]},{\"@type\":\"Organization\",\"@id\":\"https:\\\/\\\/eldigitaldeasturias.com\\\/magazine365\\\/#organization\",\"name\":\"El digital de Asturias\",\"description\":\"Revista de ocio, turismo y estilo de vida\",\"url\":\"https:\\\/\\\/eldigitaldeasturias.com\\\/magazine365\\\/\",\"logo\":{\"@type\":\"ImageObject\",\"url\":\"https:\\\/\\\/www.eldigitaldeasturias.com\\\/noticias\\\/wp-content\\\/uploads\\\/2020\\\/12\\\/EDA.jpg\",\"@id\":\"https:\\\/\\\/eldigitaldeasturias.com\\\/magazine365\\\/alitalia-alcanza-un-acuerdo-de-compra-con-la-aerolinea-de-emiratos-arabes-etihad\\\/#organizationLogo\"},\"image\":{\"@id\":\"https:\\\/\\\/eldigitaldeasturias.com\\\/magazine365\\\/alitalia-alcanza-un-acuerdo-de-compra-con-la-aerolinea-de-emiratos-arabes-etihad\\\/#organizationLogo\"}},{\"@type\":\"Person\",\"@id\":\"https:\\\/\\\/eldigitaldeasturias.com\\\/magazine365\\\/author\\\/admin\\\/#author\",\"url\":\"https:\\\/\\\/eldigitaldeasturias.com\\\/magazine365\\\/author\\\/admin\\\/\",\"name\":\"admin\",\"image\":{\"@type\":\"ImageObject\",\"@id\":\"https:\\\/\\\/eldigitaldeasturias.com\\\/magazine365\\\/alitalia-alcanza-un-acuerdo-de-compra-con-la-aerolinea-de-emiratos-arabes-etihad\\\/#authorImage\",\"url\":\"https:\\\/\\\/eldigitaldeasturias.com\\\/magazine365\\\/wp-content\\\/litespeed\\\/avatar\\\/e571bcf59a0edd6fa6838245a470f2fe.jpg?ver=1777574230\",\"width\":96,\"height\":96,\"caption\":\"admin\"}},{\"@type\":\"WebPage\",\"@id\":\"https:\\\/\\\/eldigitaldeasturias.com\\\/magazine365\\\/alitalia-alcanza-un-acuerdo-de-compra-con-la-aerolinea-de-emiratos-arabes-etihad\\\/#webpage\",\"url\":\"https:\\\/\\\/eldigitaldeasturias.com\\\/magazine365\\\/alitalia-alcanza-un-acuerdo-de-compra-con-la-aerolinea-de-emiratos-arabes-etihad\\\/\",\"name\":\"Alitalia alcanza un acuerdo de compra con la aerol\\u00ednea de Emiratos \\u00c1rabes Etihad | El Digital de Asturias\",\"description\":\"Roma, 1 jun (EFE).- Despu\\u00e9s de varios meses de negociaciones, la aerol\\u00ednea italiana Alitalia inform\\u00f3 hoy de que ha llegado a un acuerdo de compra con la compa\\u00f1\\u00eda de Emiratos \\u00c1rabes Etihad. El presidente de Alitalia, Roberto Colaninno, asegur\\u00f3 que esta operaci\\u00f3n \\\"refuerza la perspectiva de crecimiento de la empresa a largo plazo\\\", seg\\u00fan el\",\"inLanguage\":\"es-ES\",\"isPartOf\":{\"@id\":\"https:\\\/\\\/eldigitaldeasturias.com\\\/magazine365\\\/#website\"},\"breadcrumb\":{\"@id\":\"https:\\\/\\\/eldigitaldeasturias.com\\\/magazine365\\\/alitalia-alcanza-un-acuerdo-de-compra-con-la-aerolinea-de-emiratos-arabes-etihad\\\/#breadcrumblist\"},\"author\":{\"@id\":\"https:\\\/\\\/eldigitaldeasturias.com\\\/magazine365\\\/author\\\/admin\\\/#author\"},\"creator\":{\"@id\":\"https:\\\/\\\/eldigitaldeasturias.com\\\/magazine365\\\/author\\\/admin\\\/#author\"},\"image\":{\"@type\":\"ImageObject\",\"url\":\"https:\\\/\\\/eldigitaldeasturias.com\\\/magazine365\\\/wp-content\\\/uploads\\\/2014\\\/06\\\/6322883w.jpg\",\"@id\":\"https:\\\/\\\/eldigitaldeasturias.com\\\/magazine365\\\/alitalia-alcanza-un-acuerdo-de-compra-con-la-aerolinea-de-emiratos-arabes-etihad\\\/#mainImage\",\"width\":800,\"height\":337},\"primaryImageOfPage\":{\"@id\":\"https:\\\/\\\/eldigitaldeasturias.com\\\/magazine365\\\/alitalia-alcanza-un-acuerdo-de-compra-con-la-aerolinea-de-emiratos-arabes-etihad\\\/#mainImage\"},\"datePublished\":\"2014-06-01T18:53:47+02:00\",\"dateModified\":\"2014-06-01T18:53:47+02:00\"},{\"@type\":\"WebSite\",\"@id\":\"https:\\\/\\\/eldigitaldeasturias.com\\\/magazine365\\\/#website\",\"url\":\"https:\\\/\\\/eldigitaldeasturias.com\\\/magazine365\\\/\",\"name\":\"El Digital de Asturias\",\"description\":\"Revista de ocio, turismo y estilo de vida\",\"inLanguage\":\"es-ES\",\"publisher\":{\"@id\":\"https:\\\/\\\/eldigitaldeasturias.com\\\/magazine365\\\/#organization\"}}]}\n\t\t<\/script>\n\t\t<!-- All in One SEO Pro -->\r\n\t\t<title>Alitalia alcanza un acuerdo de compra con la aerol\u00ednea de Emiratos \u00c1rabes Etihad | El Digital de Asturias<\/title>\n\n","aioseo_head_json":{"title":"Alitalia alcanza un acuerdo de compra con la aerol\u00ednea de Emiratos \u00c1rabes Etihad | El Digital de Asturias","description":"Roma, 1 jun (EFE).- Despu\u00e9s de varios meses de negociaciones, la aerol\u00ednea italiana Alitalia inform\u00f3 hoy de que ha llegado a un acuerdo de compra con la compa\u00f1\u00eda de Emiratos \u00c1rabes Etihad. El presidente de Alitalia, Roberto Colaninno, asegur\u00f3 que esta operaci\u00f3n \"refuerza la perspectiva de crecimiento de la empresa a largo plazo\", seg\u00fan el","canonical_url":"https:\/\/eldigitaldeasturias.com\/magazine365\/alitalia-alcanza-un-acuerdo-de-compra-con-la-aerolinea-de-emiratos-arabes-etihad\/","robots":"max-image-preview:large","keywords":"noticias y actualidad","webmasterTools":{"google-site-verification":"UA-38556648-1","miscellaneous":""},"schema":{"@context":"https:\/\/schema.org","@graph":[{"@type":"Article","@id":"https:\/\/eldigitaldeasturias.com\/magazine365\/alitalia-alcanza-un-acuerdo-de-compra-con-la-aerolinea-de-emiratos-arabes-etihad\/#article","name":"Alitalia alcanza un acuerdo de compra con la aerol\u00ednea de Emiratos \u00c1rabes Etihad | El Digital de Asturias","headline":"Alitalia alcanza un acuerdo de compra con la aerol\u00ednea de Emiratos \u00c1rabes Etihad","author":{"@id":"https:\/\/eldigitaldeasturias.com\/magazine365\/author\/admin\/#author"},"publisher":{"@id":"https:\/\/eldigitaldeasturias.com\/magazine365\/#organization"},"image":{"@type":"ImageObject","url":"https:\/\/eldigitaldeasturias.com\/magazine365\/wp-content\/uploads\/2014\/06\/6322883w.jpg","width":800,"height":337},"datePublished":"2014-06-01T18:53:47+02:00","dateModified":"2014-06-01T18:53:47+02:00","inLanguage":"es-ES","mainEntityOfPage":{"@id":"https:\/\/eldigitaldeasturias.com\/magazine365\/alitalia-alcanza-un-acuerdo-de-compra-con-la-aerolinea-de-emiratos-arabes-etihad\/#webpage"},"isPartOf":{"@id":"https:\/\/eldigitaldeasturias.com\/magazine365\/alitalia-alcanza-un-acuerdo-de-compra-con-la-aerolinea-de-emiratos-arabes-etihad\/#webpage"},"articleSection":"Noticias y Actualidad"},{"@type":"BreadcrumbList","@id":"https:\/\/eldigitaldeasturias.com\/magazine365\/alitalia-alcanza-un-acuerdo-de-compra-con-la-aerolinea-de-emiratos-arabes-etihad\/#breadcrumblist","itemListElement":[{"@type":"ListItem","@id":"https:\/\/eldigitaldeasturias.com\/magazine365#listItem","position":1,"name":"Home","item":"https:\/\/eldigitaldeasturias.com\/magazine365","nextItem":{"@type":"ListItem","@id":"https:\/\/eldigitaldeasturias.com\/magazine365\/category\/noticias-actualidad\/#listItem","name":"Noticias y Actualidad"}},{"@type":"ListItem","@id":"https:\/\/eldigitaldeasturias.com\/magazine365\/category\/noticias-actualidad\/#listItem","position":2,"name":"Noticias y Actualidad","item":"https:\/\/eldigitaldeasturias.com\/magazine365\/category\/noticias-actualidad\/","nextItem":{"@type":"ListItem","@id":"https:\/\/eldigitaldeasturias.com\/magazine365\/alitalia-alcanza-un-acuerdo-de-compra-con-la-aerolinea-de-emiratos-arabes-etihad\/#listItem","name":"Alitalia alcanza un acuerdo de compra con la aerol\u00ednea de Emiratos \u00c1rabes Etihad"},"previousItem":{"@type":"ListItem","@id":"https:\/\/eldigitaldeasturias.com\/magazine365#listItem","name":"Home"}},{"@type":"ListItem","@id":"https:\/\/eldigitaldeasturias.com\/magazine365\/alitalia-alcanza-un-acuerdo-de-compra-con-la-aerolinea-de-emiratos-arabes-etihad\/#listItem","position":3,"name":"Alitalia alcanza un acuerdo de compra con la aerol\u00ednea de Emiratos \u00c1rabes Etihad","previousItem":{"@type":"ListItem","@id":"https:\/\/eldigitaldeasturias.com\/magazine365\/category\/noticias-actualidad\/#listItem","name":"Noticias y Actualidad"}}]},{"@type":"Organization","@id":"https:\/\/eldigitaldeasturias.com\/magazine365\/#organization","name":"El digital de Asturias","description":"Revista de ocio, turismo y estilo de vida","url":"https:\/\/eldigitaldeasturias.com\/magazine365\/","logo":{"@type":"ImageObject","url":"https:\/\/www.eldigitaldeasturias.com\/noticias\/wp-content\/uploads\/2020\/12\/EDA.jpg","@id":"https:\/\/eldigitaldeasturias.com\/magazine365\/alitalia-alcanza-un-acuerdo-de-compra-con-la-aerolinea-de-emiratos-arabes-etihad\/#organizationLogo"},"image":{"@id":"https:\/\/eldigitaldeasturias.com\/magazine365\/alitalia-alcanza-un-acuerdo-de-compra-con-la-aerolinea-de-emiratos-arabes-etihad\/#organizationLogo"}},{"@type":"Person","@id":"https:\/\/eldigitaldeasturias.com\/magazine365\/author\/admin\/#author","url":"https:\/\/eldigitaldeasturias.com\/magazine365\/author\/admin\/","name":"admin","image":{"@type":"ImageObject","@id":"https:\/\/eldigitaldeasturias.com\/magazine365\/alitalia-alcanza-un-acuerdo-de-compra-con-la-aerolinea-de-emiratos-arabes-etihad\/#authorImage","url":"https:\/\/eldigitaldeasturias.com\/magazine365\/wp-content\/litespeed\/avatar\/e571bcf59a0edd6fa6838245a470f2fe.jpg?ver=1777574230","width":96,"height":96,"caption":"admin"}},{"@type":"WebPage","@id":"https:\/\/eldigitaldeasturias.com\/magazine365\/alitalia-alcanza-un-acuerdo-de-compra-con-la-aerolinea-de-emiratos-arabes-etihad\/#webpage","url":"https:\/\/eldigitaldeasturias.com\/magazine365\/alitalia-alcanza-un-acuerdo-de-compra-con-la-aerolinea-de-emiratos-arabes-etihad\/","name":"Alitalia alcanza un acuerdo de compra con la aerol\u00ednea de Emiratos \u00c1rabes Etihad | El Digital de Asturias","description":"Roma, 1 jun (EFE).- Despu\u00e9s de varios meses de negociaciones, la aerol\u00ednea italiana Alitalia inform\u00f3 hoy de que ha llegado a un acuerdo de compra con la compa\u00f1\u00eda de Emiratos \u00c1rabes Etihad. El presidente de Alitalia, Roberto Colaninno, asegur\u00f3 que esta operaci\u00f3n \"refuerza la perspectiva de crecimiento de la empresa a largo plazo\", seg\u00fan el","inLanguage":"es-ES","isPartOf":{"@id":"https:\/\/eldigitaldeasturias.com\/magazine365\/#website"},"breadcrumb":{"@id":"https:\/\/eldigitaldeasturias.com\/magazine365\/alitalia-alcanza-un-acuerdo-de-compra-con-la-aerolinea-de-emiratos-arabes-etihad\/#breadcrumblist"},"author":{"@id":"https:\/\/eldigitaldeasturias.com\/magazine365\/author\/admin\/#author"},"creator":{"@id":"https:\/\/eldigitaldeasturias.com\/magazine365\/author\/admin\/#author"},"image":{"@type":"ImageObject","url":"https:\/\/eldigitaldeasturias.com\/magazine365\/wp-content\/uploads\/2014\/06\/6322883w.jpg","@id":"https:\/\/eldigitaldeasturias.com\/magazine365\/alitalia-alcanza-un-acuerdo-de-compra-con-la-aerolinea-de-emiratos-arabes-etihad\/#mainImage","width":800,"height":337},"primaryImageOfPage":{"@id":"https:\/\/eldigitaldeasturias.com\/magazine365\/alitalia-alcanza-un-acuerdo-de-compra-con-la-aerolinea-de-emiratos-arabes-etihad\/#mainImage"},"datePublished":"2014-06-01T18:53:47+02:00","dateModified":"2014-06-01T18:53:47+02:00"},{"@type":"WebSite","@id":"https:\/\/eldigitaldeasturias.com\/magazine365\/#website","url":"https:\/\/eldigitaldeasturias.com\/magazine365\/","name":"El Digital de Asturias","description":"Revista de ocio, turismo y estilo de vida","inLanguage":"es-ES","publisher":{"@id":"https:\/\/eldigitaldeasturias.com\/magazine365\/#organization"}}]},"og:locale":"es_ES","og:site_name":"El Digital de Asturias \u2013 Revista de ocio, turismo y estilo de vida","og:type":"article","og:title":"Alitalia alcanza un acuerdo de compra con la aerol\u00ednea de Emiratos \u00c1rabes Etihad | El Digital de Asturias","og:description":"Roma, 1 jun (EFE).- Despu\u00e9s de varios meses de negociaciones, la aerol\u00ednea italiana Alitalia inform\u00f3 hoy de que ha llegado a un acuerdo de compra con la compa\u00f1\u00eda de Emiratos \u00c1rabes Etihad. El presidente de Alitalia, Roberto Colaninno, asegur\u00f3 que esta operaci\u00f3n &quot;refuerza la perspectiva de crecimiento de la empresa a largo plazo&quot;, seg\u00fan el","og:url":"https:\/\/eldigitaldeasturias.com\/magazine365\/alitalia-alcanza-un-acuerdo-de-compra-con-la-aerolinea-de-emiratos-arabes-etihad\/","og:image":"https:\/\/eldigitaldeasturias.com\/magazine365\/wp-content\/uploads\/2014\/06\/6322883w.jpg","og:image:secure_url":"https:\/\/eldigitaldeasturias.com\/magazine365\/wp-content\/uploads\/2014\/06\/6322883w.jpg","og:image:width":800,"og:image:height":337,"article:published_time":"2014-06-01T20:53:47+00:00","article:modified_time":"2014-06-01T20:53:47+00:00","twitter:card":"summary_large_image","twitter:title":"Alitalia alcanza un acuerdo de compra con la aerol\u00ednea de Emiratos \u00c1rabes Etihad | El Digital de Asturias","twitter:description":"Roma, 1 jun (EFE).- Despu\u00e9s de varios meses de negociaciones, la aerol\u00ednea italiana Alitalia inform\u00f3 hoy de que ha llegado a un acuerdo de compra con la compa\u00f1\u00eda de Emiratos \u00c1rabes Etihad. El presidente de Alitalia, Roberto Colaninno, asegur\u00f3 que esta operaci\u00f3n &quot;refuerza la perspectiva de crecimiento de la empresa a largo plazo&quot;, seg\u00fan el","twitter:image":"https:\/\/eldigitaldeasturias.com\/magazine365\/wp-content\/uploads\/2014\/06\/6322883w.jpg"},"aioseo_meta_data":{"post_id":"14718","title":null,"description":null,"keywords":null,"keyphrases":null,"primary_term":null,"canonical_url":null,"og_title":null,"og_description":null,"og_object_type":"default","og_image_type":"default","og_image_url":null,"og_image_width":null,"og_image_height":null,"og_image_custom_url":null,"og_image_custom_fields":null,"og_video":null,"og_custom_url":null,"og_article_section":null,"og_article_tags":null,"twitter_use_og":false,"twitter_card":"default","twitter_image_type":"default","twitter_image_url":null,"twitter_image_custom_url":null,"twitter_image_custom_fields":null,"twitter_title":null,"twitter_description":null,"schema":{"blockGraphs":[],"customGraphs":[],"default":{"data":{"Article":[],"Course":[],"Dataset":[],"FAQPage":[],"Movie":[],"Person":[],"Product":[],"ProductReview":[],"Car":[],"Recipe":[],"Service":[],"SoftwareApplication":[],"WebPage":[]},"graphName":"","isEnabled":true},"graphs":[],"defaultGraph":"","defaultPostTypeGraph":""},"schema_type":null,"schema_type_options":null,"pillar_content":false,"robots_default":true,"robots_noindex":false,"robots_noarchive":false,"robots_nosnippet":false,"robots_nofollow":false,"robots_noimageindex":false,"robots_noodp":false,"robots_notranslate":false,"robots_max_snippet":null,"robots_max_videopreview":null,"robots_max_imagepreview":"large","priority":null,"frequency":null,"location":null,"local_seo":null,"seo_analyzer_scan_date":"2025-09-17 10:40:57","breadcrumb_settings":null,"limit_modified_date":false,"open_ai":null,"ai":null,"created":"2021-03-09 08:10:42","updated":"2025-09-17 10:40:57"},"aioseo_breadcrumb":"<div class=\"aioseo-breadcrumbs\"><span class=\"aioseo-breadcrumb\">\n\t<a href=\"https:\/\/eldigitaldeasturias.com\/magazine365\" title=\"Home\">Home<\/a>\n<\/span><span class=\"aioseo-breadcrumb-separator\">\u2013<\/span><span class=\"aioseo-breadcrumb\">\n\t<a href=\"https:\/\/eldigitaldeasturias.com\/magazine365\/category\/noticias-actualidad\/\" title=\"Noticias y Actualidad\">Noticias y Actualidad<\/a>\n<\/span><span class=\"aioseo-breadcrumb-separator\">\u2013<\/span><span class=\"aioseo-breadcrumb\">\n\t<a href=\"https:\/\/eldigitaldeasturias.com\/magazine365\/alitalia-alcanza-un-acuerdo-de-compra-con-la-aerolinea-de-emiratos-arabes-etihad\/\" title=\"Alitalia alcanza un acuerdo de compra con la aerol\u00ednea de Emiratos \u00c1rabes Etihad\">Alitalia alcanza un acuerdo de compra con la aerol\u00ednea de Emiratos \u00c1rabes Etihad<\/a>\n<\/span><\/div>","aioseo_breadcrumb_json":[{"label":"Home","link":"https:\/\/eldigitaldeasturias.com\/magazine365"},{"label":"Noticias y Actualidad","link":"https:\/\/eldigitaldeasturias.com\/magazine365\/category\/noticias-actualidad\/"},{"label":"Alitalia alcanza un acuerdo de compra con la aerol\u00ednea de Emiratos \u00c1rabes Etihad","link":"https:\/\/eldigitaldeasturias.com\/magazine365\/alitalia-alcanza-un-acuerdo-de-compra-con-la-aerolinea-de-emiratos-arabes-etihad\/"}],"_links":{"self":[{"href":"https:\/\/eldigitaldeasturias.com\/magazine365\/wp-json\/wp\/v2\/posts\/14718","targetHints":{"allow":["GET"]}}],"collection":[{"href":"https:\/\/eldigitaldeasturias.com\/magazine365\/wp-json\/wp\/v2\/posts"}],"about":[{"href":"https:\/\/eldigitaldeasturias.com\/magazine365\/wp-json\/wp\/v2\/types\/post"}],"author":[{"embeddable":true,"href":"https:\/\/eldigitaldeasturias.com\/magazine365\/wp-json\/wp\/v2\/users\/1"}],"replies":[{"embeddable":true,"href":"https:\/\/eldigitaldeasturias.com\/magazine365\/wp-json\/wp\/v2\/comments?post=14718"}],"version-history":[{"count":0,"href":"https:\/\/eldigitaldeasturias.com\/magazine365\/wp-json\/wp\/v2\/posts\/14718\/revisions"}],"wp:featuredmedia":[{"embeddable":true,"href":"https:\/\/eldigitaldeasturias.com\/magazine365\/wp-json\/wp\/v2\/media\/14719"}],"wp:attachment":[{"href":"https:\/\/eldigitaldeasturias.com\/magazine365\/wp-json\/wp\/v2\/media?parent=14718"}],"wp:term":[{"taxonomy":"category","embeddable":true,"href":"https:\/\/eldigitaldeasturias.com\/magazine365\/wp-json\/wp\/v2\/categories?post=14718"},{"taxonomy":"post_tag","embeddable":true,"href":"https:\/\/eldigitaldeasturias.com\/magazine365\/wp-json\/wp\/v2\/tags?post=14718"}],"curies":[{"name":"wp","href":"https:\/\/api.w.org\/{rel}","templated":true}]}}