{"id":14712,"date":"2014-06-01T18:51:14","date_gmt":"2014-06-01T20:51:14","guid":{"rendered":"http:\/\/eldigitaldeasturias.com\/magazine365\/?p=14712"},"modified":"2014-06-01T18:51:14","modified_gmt":"2014-06-01T20:51:14","slug":"el-festival-cinema-jove-apuesta-por-la-cercania-entre-publico-y-cineastas","status":"publish","type":"post","link":"https:\/\/eldigitaldeasturias.com\/magazine365\/el-festival-cinema-jove-apuesta-por-la-cercania-entre-publico-y-cineastas\/","title":{"rendered":"El festival Cinema Jove apuesta por la cercan\u00eda entre p\u00fablico y cineastas"},"content":{"rendered":"<p><img fetchpriority=\"high\" decoding=\"async\" class=\"alignleft size-medium wp-image-14713\" alt=\"6322776w\" src=\"https:\/\/eldigitaldeasturias.com\/magazine365\/wp-content\/uploads\/2014\/06\/6322776w-360x247.jpg\" width=\"360\" height=\"247\" \/>Valencia, 1 jun (EFE).- Valencia se convertir\u00e1 durante ocho d\u00edas, del 20 al 27 de junio, en sede del festival Cinema Jove, un \u00ablaboratorio de ideas\u00bb cinematogr\u00e1fico que apuesta de manera especial por la \u00abuni\u00f3n entre el p\u00fablico y la industria\u00bb, seg\u00fan su director, Rafael Maluenda.<\/p>\n<p>En una entrevista concedida a Efe, Maluenda asegura que el festival, que este a\u00f1o cumple 29 a\u00f1os descubriendo nuevos cineastas, permite una \u00abcercan\u00eda\u00bb que refleja el car\u00e1cter \u00ababierto\u00bb de la ciudad de Valencia y que no es posible en otros festivales m\u00e1s orientados al negocio, como los de Berl\u00edn o Venecia.<\/p>\n<p>A otros festivales el cineasta va \u00abcon un programa de trabajo\u00bb, relata, pero en Valencia \u00absabe que viene a una ciudad abierta y a un festival que, en consecuencia, tambi\u00e9n lo es\u00bb.<\/p>\n<p>En este sentido, el director destaca que \u00abparte del coraz\u00f3n\u00bb de Cinema Jove es la secci\u00f3n \u00abEncuentros making of\u00bb, en los que los profesionales permiten conocer el proceso de producci\u00f3n y distribuci\u00f3n de las pel\u00edculas.<\/p>\n<p>Se trata de un formato en el que \u00abno hay barreras\u00bb entre los espectadores y los cineastas, que pueden sentarse y hablar \u00abde t\u00fa a t\u00fa\u00bb en el ambiente relajado de una cafeter\u00eda, entablando una relaci\u00f3n pr\u00f3xima, seg\u00fan explica el director del certamen.<\/p>\n<p>Otra de las secciones que ponen en contacto a la industria y el p\u00fablico es \u00abCuadernos de rodaje\u00bb, que en esta edici\u00f3n contar\u00e1 con la participaci\u00f3n del veterano director Gonzalo Su\u00e1rez, quien ha seleccionado una lista de cl\u00e1sicos que se proyectar\u00e1n en el certamen.<\/p>\n<p>Maluenda subraya que la propuesta de cintas muestra \u00abcoherencia\u00bb respecto a la obra del cineasta y hace referencia a los reflejos, las sombras y la doble identidad caracter\u00edsticas en su trayectoria.<\/p>\n<p>A Su\u00e1rez lo acompa\u00f1ar\u00e1n el tambi\u00e9n cineasta Enrique Urbizu y la actriz Ana \u00c1lvarez, protagonista de una de sus pel\u00edculas, \u00abDon Juan de los Infiernos\u00bb (1991).<\/p>\n<p>Por otra parte, el director de Cinema Jove adelanta que la actriz Aura Garrido, nominada este a\u00f1o a los Goya por su interpretaci\u00f3n protagonista en \u00abStockholm\u00bb (Rodrigo Sorogoyen, 2013), ser\u00e1 galardonada en la secci\u00f3n \u00abUn futuro de cine\u00bb por su capacidad para asumir distintos registros.<\/p>\n<p>En las secciones oficiales competir\u00e1n diez largometrajes que se estrenar\u00e1n en primicia en Valencia y de los que el director del festival se\u00f1ala que comparten el \u00abinconformismo\u00bb de sus art\u00edfices en cuanto a la planificaci\u00f3n, el gui\u00f3n o la acci\u00f3n de los personajes.<\/p>\n<p>Asimismo, Maluenda comenta que cada vez es m\u00e1s \u00abnecesario\u00bb recurrir a las coproducciones y que el certamen ha hecho hincapi\u00e9 en pa\u00edses considerados de baja capacidad cinematogr\u00e1fica, como Estonia o Finlandia.<\/p>\n<p>En cuanto a los cortometrajes, los 55 t\u00edtulos a competici\u00f3n se caracterizan por su renuncia a los clich\u00e9s y porque sus cineastas han interiorizado la revoluci\u00f3n digital, detalla Maluenda.<\/p>\n<p>En este sentido, Cinema Jove pretende reflexionar sobre fen\u00f3menos como los \u00abfashion films\u00bb o el micromecenazgo, apuestas por el entorno digital que, seg\u00fan su director, han atra\u00eddo a espectadores j\u00f3venes que no conocieron la experiencia del festival en los a\u00f1os 90.<\/p>\n<p>Maluenda recuerda que, como acostumbra el festival desde sus inicios, se celebrar\u00e1 tambi\u00e9n un encuentro de j\u00f3venes que incide en la formaci\u00f3n audiovisual en las aulas.<\/p>\n<p>A su juicio, si el ciudadano aprende, desde joven, c\u00f3mo se articula el discurso audiovisual, \u00abestar\u00e1 m\u00e1s preparado para enfrentarse a la infinidad de mensajes que se le mandan a diario a trav\u00e9s de la imagen y ser\u00e1 un ciudadano m\u00e1s libre\u00bb, concluye.<\/p>\n","protected":false},"excerpt":{"rendered":"<p>Valencia, 1 jun (EFE).- Valencia se convertir\u00e1 durante ocho d\u00edas, del 20 al 27 de junio, en sede del festival Cinema Jove, un \u00ablaboratorio de ideas\u00bb cinematogr\u00e1fico que apuesta de manera especial por la \u00abuni\u00f3n entre el p\u00fablico y la industria\u00bb, seg\u00fan su director, Rafael Maluenda. En una entrevista concedida a Efe, Maluenda asegura que<\/p>\n","protected":false},"author":1,"featured_media":14713,"comment_status":"open","ping_status":"closed","sticky":false,"template":"","format":"standard","meta":{"footnotes":""},"categories":[224],"tags":[],"class_list":{"0":"post-14712","1":"post","2":"type-post","3":"status-publish","4":"format-standard","5":"has-post-thumbnail","7":"category-noticias-actualidad"},"aioseo_notices":[],"aioseo_head":"\n\t\t<!-- All in One SEO Pro 4.9.6.1 - aioseo.com -->\n\t<meta name=\"description\" content=\"Valencia, 1 jun (EFE).- Valencia se convertir\u00e1 durante ocho d\u00edas, del 20 al 27 de junio, en sede del festival Cinema Jove, un &quot;laboratorio de ideas&quot; cinematogr\u00e1fico que apuesta de manera especial por la &quot;uni\u00f3n entre el p\u00fablico y la industria&quot;, seg\u00fan su director, Rafael Maluenda. En una entrevista concedida a Efe, Maluenda asegura que\" \/>\n\t<meta name=\"robots\" content=\"max-image-preview:large\" \/>\n\t<meta name=\"author\" content=\"admin\"\/>\n\t<meta name=\"google-site-verification\" content=\"UA-38556648-1\" \/>\n\t<meta name=\"keywords\" content=\"noticias y actualidad\" \/>\n\t<link rel=\"canonical\" href=\"https:\/\/eldigitaldeasturias.com\/magazine365\/el-festival-cinema-jove-apuesta-por-la-cercania-entre-publico-y-cineastas\/\" \/>\n\t<meta name=\"generator\" content=\"All in One SEO Pro (AIOSEO) 4.9.6.1\" \/>\n\t\t<meta property=\"og:locale\" content=\"es_ES\" \/>\n\t\t<meta property=\"og:site_name\" content=\"El Digital de Asturias \u2013 Revista de ocio, turismo y estilo de vida\" \/>\n\t\t<meta property=\"og:type\" content=\"article\" \/>\n\t\t<meta property=\"og:title\" content=\"El festival Cinema Jove apuesta por la cercan\u00eda entre p\u00fablico y cineastas | El Digital de Asturias\" \/>\n\t\t<meta property=\"og:description\" content=\"Valencia, 1 jun (EFE).- Valencia se convertir\u00e1 durante ocho d\u00edas, del 20 al 27 de junio, en sede del festival Cinema Jove, un &quot;laboratorio de ideas&quot; cinematogr\u00e1fico que apuesta de manera especial por la &quot;uni\u00f3n entre el p\u00fablico y la industria&quot;, seg\u00fan su director, Rafael Maluenda. En una entrevista concedida a Efe, Maluenda asegura que\" \/>\n\t\t<meta property=\"og:url\" content=\"https:\/\/eldigitaldeasturias.com\/magazine365\/el-festival-cinema-jove-apuesta-por-la-cercania-entre-publico-y-cineastas\/\" \/>\n\t\t<meta property=\"og:image\" content=\"https:\/\/eldigitaldeasturias.com\/magazine365\/wp-content\/uploads\/2014\/06\/6322776w.jpg\" \/>\n\t\t<meta property=\"og:image:secure_url\" content=\"https:\/\/eldigitaldeasturias.com\/magazine365\/wp-content\/uploads\/2014\/06\/6322776w.jpg\" \/>\n\t\t<meta property=\"og:image:width\" content=\"800\" \/>\n\t\t<meta property=\"og:image:height\" content=\"550\" \/>\n\t\t<meta property=\"article:published_time\" content=\"2014-06-01T20:51:14+00:00\" \/>\n\t\t<meta property=\"article:modified_time\" content=\"2014-06-01T20:51:14+00:00\" \/>\n\t\t<meta name=\"twitter:card\" content=\"summary_large_image\" \/>\n\t\t<meta name=\"twitter:title\" content=\"El festival Cinema Jove apuesta por la cercan\u00eda entre p\u00fablico y cineastas | El Digital de Asturias\" \/>\n\t\t<meta name=\"twitter:description\" content=\"Valencia, 1 jun (EFE).- Valencia se convertir\u00e1 durante ocho d\u00edas, del 20 al 27 de junio, en sede del festival Cinema Jove, un &quot;laboratorio de ideas&quot; cinematogr\u00e1fico que apuesta de manera especial por la &quot;uni\u00f3n entre el p\u00fablico y la industria&quot;, seg\u00fan su director, Rafael Maluenda. En una entrevista concedida a Efe, Maluenda asegura que\" \/>\n\t\t<meta name=\"twitter:image\" content=\"https:\/\/eldigitaldeasturias.com\/magazine365\/wp-content\/uploads\/2014\/06\/6322776w.jpg\" \/>\n\t\t<script type=\"application\/ld+json\" class=\"aioseo-schema\">\n\t\t\t{\"@context\":\"https:\\\/\\\/schema.org\",\"@graph\":[{\"@type\":\"Article\",\"@id\":\"https:\\\/\\\/eldigitaldeasturias.com\\\/magazine365\\\/el-festival-cinema-jove-apuesta-por-la-cercania-entre-publico-y-cineastas\\\/#article\",\"name\":\"El festival Cinema Jove apuesta por la cercan\\u00eda entre p\\u00fablico y cineastas | El Digital de Asturias\",\"headline\":\"El festival Cinema Jove apuesta por la cercan\\u00eda entre p\\u00fablico y cineastas\",\"author\":{\"@id\":\"https:\\\/\\\/eldigitaldeasturias.com\\\/magazine365\\\/author\\\/admin\\\/#author\"},\"publisher\":{\"@id\":\"https:\\\/\\\/eldigitaldeasturias.com\\\/magazine365\\\/#organization\"},\"image\":{\"@type\":\"ImageObject\",\"url\":\"https:\\\/\\\/eldigitaldeasturias.com\\\/magazine365\\\/wp-content\\\/uploads\\\/2014\\\/06\\\/6322776w.jpg\",\"width\":800,\"height\":550},\"datePublished\":\"2014-06-01T18:51:14+02:00\",\"dateModified\":\"2014-06-01T18:51:14+02:00\",\"inLanguage\":\"es-ES\",\"mainEntityOfPage\":{\"@id\":\"https:\\\/\\\/eldigitaldeasturias.com\\\/magazine365\\\/el-festival-cinema-jove-apuesta-por-la-cercania-entre-publico-y-cineastas\\\/#webpage\"},\"isPartOf\":{\"@id\":\"https:\\\/\\\/eldigitaldeasturias.com\\\/magazine365\\\/el-festival-cinema-jove-apuesta-por-la-cercania-entre-publico-y-cineastas\\\/#webpage\"},\"articleSection\":\"Noticias y Actualidad\"},{\"@type\":\"BreadcrumbList\",\"@id\":\"https:\\\/\\\/eldigitaldeasturias.com\\\/magazine365\\\/el-festival-cinema-jove-apuesta-por-la-cercania-entre-publico-y-cineastas\\\/#breadcrumblist\",\"itemListElement\":[{\"@type\":\"ListItem\",\"@id\":\"https:\\\/\\\/eldigitaldeasturias.com\\\/magazine365#listItem\",\"position\":1,\"name\":\"Home\",\"item\":\"https:\\\/\\\/eldigitaldeasturias.com\\\/magazine365\",\"nextItem\":{\"@type\":\"ListItem\",\"@id\":\"https:\\\/\\\/eldigitaldeasturias.com\\\/magazine365\\\/category\\\/noticias-actualidad\\\/#listItem\",\"name\":\"Noticias y Actualidad\"}},{\"@type\":\"ListItem\",\"@id\":\"https:\\\/\\\/eldigitaldeasturias.com\\\/magazine365\\\/category\\\/noticias-actualidad\\\/#listItem\",\"position\":2,\"name\":\"Noticias y Actualidad\",\"item\":\"https:\\\/\\\/eldigitaldeasturias.com\\\/magazine365\\\/category\\\/noticias-actualidad\\\/\",\"nextItem\":{\"@type\":\"ListItem\",\"@id\":\"https:\\\/\\\/eldigitaldeasturias.com\\\/magazine365\\\/el-festival-cinema-jove-apuesta-por-la-cercania-entre-publico-y-cineastas\\\/#listItem\",\"name\":\"El festival Cinema Jove apuesta por la cercan\\u00eda entre p\\u00fablico y cineastas\"},\"previousItem\":{\"@type\":\"ListItem\",\"@id\":\"https:\\\/\\\/eldigitaldeasturias.com\\\/magazine365#listItem\",\"name\":\"Home\"}},{\"@type\":\"ListItem\",\"@id\":\"https:\\\/\\\/eldigitaldeasturias.com\\\/magazine365\\\/el-festival-cinema-jove-apuesta-por-la-cercania-entre-publico-y-cineastas\\\/#listItem\",\"position\":3,\"name\":\"El festival Cinema Jove apuesta por la cercan\\u00eda entre p\\u00fablico y cineastas\",\"previousItem\":{\"@type\":\"ListItem\",\"@id\":\"https:\\\/\\\/eldigitaldeasturias.com\\\/magazine365\\\/category\\\/noticias-actualidad\\\/#listItem\",\"name\":\"Noticias y Actualidad\"}}]},{\"@type\":\"Organization\",\"@id\":\"https:\\\/\\\/eldigitaldeasturias.com\\\/magazine365\\\/#organization\",\"name\":\"El digital de Asturias\",\"description\":\"Revista de ocio, turismo y estilo de vida\",\"url\":\"https:\\\/\\\/eldigitaldeasturias.com\\\/magazine365\\\/\",\"logo\":{\"@type\":\"ImageObject\",\"url\":\"https:\\\/\\\/www.eldigitaldeasturias.com\\\/noticias\\\/wp-content\\\/uploads\\\/2020\\\/12\\\/EDA.jpg\",\"@id\":\"https:\\\/\\\/eldigitaldeasturias.com\\\/magazine365\\\/el-festival-cinema-jove-apuesta-por-la-cercania-entre-publico-y-cineastas\\\/#organizationLogo\"},\"image\":{\"@id\":\"https:\\\/\\\/eldigitaldeasturias.com\\\/magazine365\\\/el-festival-cinema-jove-apuesta-por-la-cercania-entre-publico-y-cineastas\\\/#organizationLogo\"}},{\"@type\":\"Person\",\"@id\":\"https:\\\/\\\/eldigitaldeasturias.com\\\/magazine365\\\/author\\\/admin\\\/#author\",\"url\":\"https:\\\/\\\/eldigitaldeasturias.com\\\/magazine365\\\/author\\\/admin\\\/\",\"name\":\"admin\",\"image\":{\"@type\":\"ImageObject\",\"@id\":\"https:\\\/\\\/eldigitaldeasturias.com\\\/magazine365\\\/el-festival-cinema-jove-apuesta-por-la-cercania-entre-publico-y-cineastas\\\/#authorImage\",\"url\":\"https:\\\/\\\/eldigitaldeasturias.com\\\/magazine365\\\/wp-content\\\/litespeed\\\/avatar\\\/e571bcf59a0edd6fa6838245a470f2fe.jpg?ver=1777574230\",\"width\":96,\"height\":96,\"caption\":\"admin\"}},{\"@type\":\"WebPage\",\"@id\":\"https:\\\/\\\/eldigitaldeasturias.com\\\/magazine365\\\/el-festival-cinema-jove-apuesta-por-la-cercania-entre-publico-y-cineastas\\\/#webpage\",\"url\":\"https:\\\/\\\/eldigitaldeasturias.com\\\/magazine365\\\/el-festival-cinema-jove-apuesta-por-la-cercania-entre-publico-y-cineastas\\\/\",\"name\":\"El festival Cinema Jove apuesta por la cercan\\u00eda entre p\\u00fablico y cineastas | El Digital de Asturias\",\"description\":\"Valencia, 1 jun (EFE).- Valencia se convertir\\u00e1 durante ocho d\\u00edas, del 20 al 27 de junio, en sede del festival Cinema Jove, un \\\"laboratorio de ideas\\\" cinematogr\\u00e1fico que apuesta de manera especial por la \\\"uni\\u00f3n entre el p\\u00fablico y la industria\\\", seg\\u00fan su director, Rafael Maluenda. En una entrevista concedida a Efe, Maluenda asegura que\",\"inLanguage\":\"es-ES\",\"isPartOf\":{\"@id\":\"https:\\\/\\\/eldigitaldeasturias.com\\\/magazine365\\\/#website\"},\"breadcrumb\":{\"@id\":\"https:\\\/\\\/eldigitaldeasturias.com\\\/magazine365\\\/el-festival-cinema-jove-apuesta-por-la-cercania-entre-publico-y-cineastas\\\/#breadcrumblist\"},\"author\":{\"@id\":\"https:\\\/\\\/eldigitaldeasturias.com\\\/magazine365\\\/author\\\/admin\\\/#author\"},\"creator\":{\"@id\":\"https:\\\/\\\/eldigitaldeasturias.com\\\/magazine365\\\/author\\\/admin\\\/#author\"},\"image\":{\"@type\":\"ImageObject\",\"url\":\"https:\\\/\\\/eldigitaldeasturias.com\\\/magazine365\\\/wp-content\\\/uploads\\\/2014\\\/06\\\/6322776w.jpg\",\"@id\":\"https:\\\/\\\/eldigitaldeasturias.com\\\/magazine365\\\/el-festival-cinema-jove-apuesta-por-la-cercania-entre-publico-y-cineastas\\\/#mainImage\",\"width\":800,\"height\":550},\"primaryImageOfPage\":{\"@id\":\"https:\\\/\\\/eldigitaldeasturias.com\\\/magazine365\\\/el-festival-cinema-jove-apuesta-por-la-cercania-entre-publico-y-cineastas\\\/#mainImage\"},\"datePublished\":\"2014-06-01T18:51:14+02:00\",\"dateModified\":\"2014-06-01T18:51:14+02:00\"},{\"@type\":\"WebSite\",\"@id\":\"https:\\\/\\\/eldigitaldeasturias.com\\\/magazine365\\\/#website\",\"url\":\"https:\\\/\\\/eldigitaldeasturias.com\\\/magazine365\\\/\",\"name\":\"El Digital de Asturias\",\"description\":\"Revista de ocio, turismo y estilo de vida\",\"inLanguage\":\"es-ES\",\"publisher\":{\"@id\":\"https:\\\/\\\/eldigitaldeasturias.com\\\/magazine365\\\/#organization\"}}]}\n\t\t<\/script>\n\t\t<!-- All in One SEO Pro -->\r\n\t\t<title>El festival Cinema Jove apuesta por la cercan\u00eda entre p\u00fablico y cineastas | El Digital de Asturias<\/title>\n\n","aioseo_head_json":{"title":"El festival Cinema Jove apuesta por la cercan\u00eda entre p\u00fablico y cineastas | El Digital de Asturias","description":"Valencia, 1 jun (EFE).- Valencia se convertir\u00e1 durante ocho d\u00edas, del 20 al 27 de junio, en sede del festival Cinema Jove, un \"laboratorio de ideas\" cinematogr\u00e1fico que apuesta de manera especial por la \"uni\u00f3n entre el p\u00fablico y la industria\", seg\u00fan su director, Rafael Maluenda. En una entrevista concedida a Efe, Maluenda asegura que","canonical_url":"https:\/\/eldigitaldeasturias.com\/magazine365\/el-festival-cinema-jove-apuesta-por-la-cercania-entre-publico-y-cineastas\/","robots":"max-image-preview:large","keywords":"noticias y actualidad","webmasterTools":{"google-site-verification":"UA-38556648-1","miscellaneous":""},"schema":{"@context":"https:\/\/schema.org","@graph":[{"@type":"Article","@id":"https:\/\/eldigitaldeasturias.com\/magazine365\/el-festival-cinema-jove-apuesta-por-la-cercania-entre-publico-y-cineastas\/#article","name":"El festival Cinema Jove apuesta por la cercan\u00eda entre p\u00fablico y cineastas | El Digital de Asturias","headline":"El festival Cinema Jove apuesta por la cercan\u00eda entre p\u00fablico y cineastas","author":{"@id":"https:\/\/eldigitaldeasturias.com\/magazine365\/author\/admin\/#author"},"publisher":{"@id":"https:\/\/eldigitaldeasturias.com\/magazine365\/#organization"},"image":{"@type":"ImageObject","url":"https:\/\/eldigitaldeasturias.com\/magazine365\/wp-content\/uploads\/2014\/06\/6322776w.jpg","width":800,"height":550},"datePublished":"2014-06-01T18:51:14+02:00","dateModified":"2014-06-01T18:51:14+02:00","inLanguage":"es-ES","mainEntityOfPage":{"@id":"https:\/\/eldigitaldeasturias.com\/magazine365\/el-festival-cinema-jove-apuesta-por-la-cercania-entre-publico-y-cineastas\/#webpage"},"isPartOf":{"@id":"https:\/\/eldigitaldeasturias.com\/magazine365\/el-festival-cinema-jove-apuesta-por-la-cercania-entre-publico-y-cineastas\/#webpage"},"articleSection":"Noticias y Actualidad"},{"@type":"BreadcrumbList","@id":"https:\/\/eldigitaldeasturias.com\/magazine365\/el-festival-cinema-jove-apuesta-por-la-cercania-entre-publico-y-cineastas\/#breadcrumblist","itemListElement":[{"@type":"ListItem","@id":"https:\/\/eldigitaldeasturias.com\/magazine365#listItem","position":1,"name":"Home","item":"https:\/\/eldigitaldeasturias.com\/magazine365","nextItem":{"@type":"ListItem","@id":"https:\/\/eldigitaldeasturias.com\/magazine365\/category\/noticias-actualidad\/#listItem","name":"Noticias y Actualidad"}},{"@type":"ListItem","@id":"https:\/\/eldigitaldeasturias.com\/magazine365\/category\/noticias-actualidad\/#listItem","position":2,"name":"Noticias y Actualidad","item":"https:\/\/eldigitaldeasturias.com\/magazine365\/category\/noticias-actualidad\/","nextItem":{"@type":"ListItem","@id":"https:\/\/eldigitaldeasturias.com\/magazine365\/el-festival-cinema-jove-apuesta-por-la-cercania-entre-publico-y-cineastas\/#listItem","name":"El festival Cinema Jove apuesta por la cercan\u00eda entre p\u00fablico y cineastas"},"previousItem":{"@type":"ListItem","@id":"https:\/\/eldigitaldeasturias.com\/magazine365#listItem","name":"Home"}},{"@type":"ListItem","@id":"https:\/\/eldigitaldeasturias.com\/magazine365\/el-festival-cinema-jove-apuesta-por-la-cercania-entre-publico-y-cineastas\/#listItem","position":3,"name":"El festival Cinema Jove apuesta por la cercan\u00eda entre p\u00fablico y cineastas","previousItem":{"@type":"ListItem","@id":"https:\/\/eldigitaldeasturias.com\/magazine365\/category\/noticias-actualidad\/#listItem","name":"Noticias y Actualidad"}}]},{"@type":"Organization","@id":"https:\/\/eldigitaldeasturias.com\/magazine365\/#organization","name":"El digital de Asturias","description":"Revista de ocio, turismo y estilo de vida","url":"https:\/\/eldigitaldeasturias.com\/magazine365\/","logo":{"@type":"ImageObject","url":"https:\/\/www.eldigitaldeasturias.com\/noticias\/wp-content\/uploads\/2020\/12\/EDA.jpg","@id":"https:\/\/eldigitaldeasturias.com\/magazine365\/el-festival-cinema-jove-apuesta-por-la-cercania-entre-publico-y-cineastas\/#organizationLogo"},"image":{"@id":"https:\/\/eldigitaldeasturias.com\/magazine365\/el-festival-cinema-jove-apuesta-por-la-cercania-entre-publico-y-cineastas\/#organizationLogo"}},{"@type":"Person","@id":"https:\/\/eldigitaldeasturias.com\/magazine365\/author\/admin\/#author","url":"https:\/\/eldigitaldeasturias.com\/magazine365\/author\/admin\/","name":"admin","image":{"@type":"ImageObject","@id":"https:\/\/eldigitaldeasturias.com\/magazine365\/el-festival-cinema-jove-apuesta-por-la-cercania-entre-publico-y-cineastas\/#authorImage","url":"https:\/\/eldigitaldeasturias.com\/magazine365\/wp-content\/litespeed\/avatar\/e571bcf59a0edd6fa6838245a470f2fe.jpg?ver=1777574230","width":96,"height":96,"caption":"admin"}},{"@type":"WebPage","@id":"https:\/\/eldigitaldeasturias.com\/magazine365\/el-festival-cinema-jove-apuesta-por-la-cercania-entre-publico-y-cineastas\/#webpage","url":"https:\/\/eldigitaldeasturias.com\/magazine365\/el-festival-cinema-jove-apuesta-por-la-cercania-entre-publico-y-cineastas\/","name":"El festival Cinema Jove apuesta por la cercan\u00eda entre p\u00fablico y cineastas | El Digital de Asturias","description":"Valencia, 1 jun (EFE).- Valencia se convertir\u00e1 durante ocho d\u00edas, del 20 al 27 de junio, en sede del festival Cinema Jove, un \"laboratorio de ideas\" cinematogr\u00e1fico que apuesta de manera especial por la \"uni\u00f3n entre el p\u00fablico y la industria\", seg\u00fan su director, Rafael Maluenda. En una entrevista concedida a Efe, Maluenda asegura que","inLanguage":"es-ES","isPartOf":{"@id":"https:\/\/eldigitaldeasturias.com\/magazine365\/#website"},"breadcrumb":{"@id":"https:\/\/eldigitaldeasturias.com\/magazine365\/el-festival-cinema-jove-apuesta-por-la-cercania-entre-publico-y-cineastas\/#breadcrumblist"},"author":{"@id":"https:\/\/eldigitaldeasturias.com\/magazine365\/author\/admin\/#author"},"creator":{"@id":"https:\/\/eldigitaldeasturias.com\/magazine365\/author\/admin\/#author"},"image":{"@type":"ImageObject","url":"https:\/\/eldigitaldeasturias.com\/magazine365\/wp-content\/uploads\/2014\/06\/6322776w.jpg","@id":"https:\/\/eldigitaldeasturias.com\/magazine365\/el-festival-cinema-jove-apuesta-por-la-cercania-entre-publico-y-cineastas\/#mainImage","width":800,"height":550},"primaryImageOfPage":{"@id":"https:\/\/eldigitaldeasturias.com\/magazine365\/el-festival-cinema-jove-apuesta-por-la-cercania-entre-publico-y-cineastas\/#mainImage"},"datePublished":"2014-06-01T18:51:14+02:00","dateModified":"2014-06-01T18:51:14+02:00"},{"@type":"WebSite","@id":"https:\/\/eldigitaldeasturias.com\/magazine365\/#website","url":"https:\/\/eldigitaldeasturias.com\/magazine365\/","name":"El Digital de Asturias","description":"Revista de ocio, turismo y estilo de vida","inLanguage":"es-ES","publisher":{"@id":"https:\/\/eldigitaldeasturias.com\/magazine365\/#organization"}}]},"og:locale":"es_ES","og:site_name":"El Digital de Asturias \u2013 Revista de ocio, turismo y estilo de vida","og:type":"article","og:title":"El festival Cinema Jove apuesta por la cercan\u00eda entre p\u00fablico y cineastas | El Digital de Asturias","og:description":"Valencia, 1 jun (EFE).- Valencia se convertir\u00e1 durante ocho d\u00edas, del 20 al 27 de junio, en sede del festival Cinema Jove, un &quot;laboratorio de ideas&quot; cinematogr\u00e1fico que apuesta de manera especial por la &quot;uni\u00f3n entre el p\u00fablico y la industria&quot;, seg\u00fan su director, Rafael Maluenda. En una entrevista concedida a Efe, Maluenda asegura que","og:url":"https:\/\/eldigitaldeasturias.com\/magazine365\/el-festival-cinema-jove-apuesta-por-la-cercania-entre-publico-y-cineastas\/","og:image":"https:\/\/eldigitaldeasturias.com\/magazine365\/wp-content\/uploads\/2014\/06\/6322776w.jpg","og:image:secure_url":"https:\/\/eldigitaldeasturias.com\/magazine365\/wp-content\/uploads\/2014\/06\/6322776w.jpg","og:image:width":800,"og:image:height":550,"article:published_time":"2014-06-01T20:51:14+00:00","article:modified_time":"2014-06-01T20:51:14+00:00","twitter:card":"summary_large_image","twitter:title":"El festival Cinema Jove apuesta por la cercan\u00eda entre p\u00fablico y cineastas | El Digital de Asturias","twitter:description":"Valencia, 1 jun (EFE).- Valencia se convertir\u00e1 durante ocho d\u00edas, del 20 al 27 de junio, en sede del festival Cinema Jove, un &quot;laboratorio de ideas&quot; cinematogr\u00e1fico que apuesta de manera especial por la &quot;uni\u00f3n entre el p\u00fablico y la industria&quot;, seg\u00fan su director, Rafael Maluenda. En una entrevista concedida a Efe, Maluenda asegura que","twitter:image":"https:\/\/eldigitaldeasturias.com\/magazine365\/wp-content\/uploads\/2014\/06\/6322776w.jpg"},"aioseo_meta_data":{"post_id":"14712","title":null,"description":null,"keywords":null,"keyphrases":null,"primary_term":null,"canonical_url":null,"og_title":null,"og_description":null,"og_object_type":"default","og_image_type":"default","og_image_url":null,"og_image_width":null,"og_image_height":null,"og_image_custom_url":null,"og_image_custom_fields":null,"og_video":null,"og_custom_url":null,"og_article_section":null,"og_article_tags":null,"twitter_use_og":false,"twitter_card":"default","twitter_image_type":"default","twitter_image_url":null,"twitter_image_custom_url":null,"twitter_image_custom_fields":null,"twitter_title":null,"twitter_description":null,"schema":{"blockGraphs":[],"customGraphs":[],"default":{"data":{"Article":[],"Course":[],"Dataset":[],"FAQPage":[],"Movie":[],"Person":[],"Product":[],"ProductReview":[],"Car":[],"Recipe":[],"Service":[],"SoftwareApplication":[],"WebPage":[]},"graphName":"","isEnabled":true},"graphs":[],"defaultGraph":"","defaultPostTypeGraph":""},"schema_type":null,"schema_type_options":null,"pillar_content":false,"robots_default":true,"robots_noindex":false,"robots_noarchive":false,"robots_nosnippet":false,"robots_nofollow":false,"robots_noimageindex":false,"robots_noodp":false,"robots_notranslate":false,"robots_max_snippet":null,"robots_max_videopreview":null,"robots_max_imagepreview":"large","priority":null,"frequency":null,"location":null,"local_seo":null,"seo_analyzer_scan_date":"2025-09-17 10:39:15","breadcrumb_settings":null,"limit_modified_date":false,"open_ai":null,"ai":null,"created":"2021-03-09 08:10:42","updated":"2025-09-17 10:39:15"},"aioseo_breadcrumb":"<div class=\"aioseo-breadcrumbs\"><span class=\"aioseo-breadcrumb\">\n\t<a href=\"https:\/\/eldigitaldeasturias.com\/magazine365\" title=\"Home\">Home<\/a>\n<\/span><span class=\"aioseo-breadcrumb-separator\">\u2013<\/span><span class=\"aioseo-breadcrumb\">\n\t<a href=\"https:\/\/eldigitaldeasturias.com\/magazine365\/category\/noticias-actualidad\/\" title=\"Noticias y Actualidad\">Noticias y Actualidad<\/a>\n<\/span><span class=\"aioseo-breadcrumb-separator\">\u2013<\/span><span class=\"aioseo-breadcrumb\">\n\t<a href=\"https:\/\/eldigitaldeasturias.com\/magazine365\/el-festival-cinema-jove-apuesta-por-la-cercania-entre-publico-y-cineastas\/\" title=\"El festival Cinema Jove apuesta por la cercan\u00eda entre p\u00fablico y cineastas\">El festival Cinema Jove apuesta por la cercan\u00eda entre p\u00fablico y cineastas<\/a>\n<\/span><\/div>","aioseo_breadcrumb_json":[{"label":"Home","link":"https:\/\/eldigitaldeasturias.com\/magazine365"},{"label":"Noticias y Actualidad","link":"https:\/\/eldigitaldeasturias.com\/magazine365\/category\/noticias-actualidad\/"},{"label":"El festival Cinema Jove apuesta por la cercan\u00eda entre p\u00fablico y cineastas","link":"https:\/\/eldigitaldeasturias.com\/magazine365\/el-festival-cinema-jove-apuesta-por-la-cercania-entre-publico-y-cineastas\/"}],"_links":{"self":[{"href":"https:\/\/eldigitaldeasturias.com\/magazine365\/wp-json\/wp\/v2\/posts\/14712","targetHints":{"allow":["GET"]}}],"collection":[{"href":"https:\/\/eldigitaldeasturias.com\/magazine365\/wp-json\/wp\/v2\/posts"}],"about":[{"href":"https:\/\/eldigitaldeasturias.com\/magazine365\/wp-json\/wp\/v2\/types\/post"}],"author":[{"embeddable":true,"href":"https:\/\/eldigitaldeasturias.com\/magazine365\/wp-json\/wp\/v2\/users\/1"}],"replies":[{"embeddable":true,"href":"https:\/\/eldigitaldeasturias.com\/magazine365\/wp-json\/wp\/v2\/comments?post=14712"}],"version-history":[{"count":0,"href":"https:\/\/eldigitaldeasturias.com\/magazine365\/wp-json\/wp\/v2\/posts\/14712\/revisions"}],"wp:featuredmedia":[{"embeddable":true,"href":"https:\/\/eldigitaldeasturias.com\/magazine365\/wp-json\/wp\/v2\/media\/14713"}],"wp:attachment":[{"href":"https:\/\/eldigitaldeasturias.com\/magazine365\/wp-json\/wp\/v2\/media?parent=14712"}],"wp:term":[{"taxonomy":"category","embeddable":true,"href":"https:\/\/eldigitaldeasturias.com\/magazine365\/wp-json\/wp\/v2\/categories?post=14712"},{"taxonomy":"post_tag","embeddable":true,"href":"https:\/\/eldigitaldeasturias.com\/magazine365\/wp-json\/wp\/v2\/tags?post=14712"}],"curies":[{"name":"wp","href":"https:\/\/api.w.org\/{rel}","templated":true}]}}