{"id":14694,"date":"2014-06-01T18:43:30","date_gmt":"2014-06-01T20:43:30","guid":{"rendered":"http:\/\/eldigitaldeasturias.com\/magazine365\/?p=14694"},"modified":"2014-06-01T18:43:30","modified_gmt":"2014-06-01T20:43:30","slug":"un-ano-mas-junto-a-la-virgen-del-rocio","status":"publish","type":"post","link":"https:\/\/eldigitaldeasturias.com\/magazine365\/un-ano-mas-junto-a-la-virgen-del-rocio\/","title":{"rendered":"Un a\u00f1o m\u00e1s junto a la Virgen del Roc\u00edo"},"content":{"rendered":"<p><img fetchpriority=\"high\" decoding=\"async\" class=\"alignleft size-medium wp-image-14695\" alt=\"6322570w\" src=\"https:\/\/eldigitaldeasturias.com\/magazine365\/wp-content\/uploads\/2014\/06\/6322570w-360x245.jpg\" width=\"360\" height=\"245\" \/>Huelva, 1 jun (EFE).- Como cada a\u00f1o entorno a Pentecost\u00e9s los caminos que llevan hasta la aldea de El Roc\u00edo, en Almonte (Huelva), vuelven a ser testigos de sonidos, olores y estampas que reflejan las vivencias de los miles de romeros que anhelan estar de nuevo junto a la imagen que veneran, la Virgen del Roc\u00edo, y participar en su romer\u00eda.<\/p>\n<p>Ser\u00e1n 114 filiales las que hasta el pr\u00f3ximo viernes tomen rumbo hasta ese lugar, enclavado a los pies de la marisma de Do\u00f1ana, donde los espera la Blanca Paloma, deseosa de estar m\u00e1s cerca de sus fieles, de compartir con ellos la devoci\u00f3n que le profesan y de agradecerles, con su salida procesional, a hombros de los almonte\u00f1os, la madrugada del lunes 9 de junio, la visita realizada.<\/p>\n<p>Al t\u00e9rmino de la jornada de hoy ser\u00e1n 14 las corporaciones en camino; la primera en salir fue el pasado jueves la Hermandad de C\u00f3rdoba, a la que se sum\u00f3 el viernes Puente Genil (C\u00f3rdoba); ayer las de \u00c9cija y Osuna (Sevilla); Granada, Lucena (C\u00f3rdoba), M\u00e1laga La Real, M\u00e1laga la Caleta y Fuengirola (M\u00e1laga); y hoy Almer\u00eda, Carmona (Sevilla), Estepona, Ja\u00e9n, Murcia y Santa Fe (Granada).<\/p>\n<p>Desde distintos puntos de la geograf\u00eda espa\u00f1ola, incluso desde Bruselas, los romeros inician la senda y poco a poco, a trav\u00e9s de los caminos de Huelva, Sevilla y C\u00e1diz ir\u00e1n confluyendo en un s\u00f3lo punto, la aldea de El Roc\u00edo, que como cada a\u00f1o se prepara para recibir a una media que viene situ\u00e1ndose en torno al mill\u00f3n de personas.<\/p>\n<p>Nada se deja al azar, el discurrir de las corporaciones y, posteriormente, la estancia de los romeros en la aldea, est\u00e1 controlada gracias al desarrollo del denominado Plan Romero, coordinado por la Junta de Andaluc\u00eda y que, en coordinaci\u00f3n con el resto de administraciones -central y municipales, como el Ayuntamiento de Almonte-, despliega m\u00e1s de 6.000 efectivos.<\/p>\n<p>Su objetivo, despu\u00e9s de 32 a\u00f1os, sigue siendo asegurar el desarrollo de la romer\u00eda, prevenir riesgos potenciales y responder a las posibles situaciones de emergencia durante los d\u00edas de la romer\u00eda del Roc\u00edo, estar\u00e1 activo hasta que cada una de las filiales regresen a sus puntos de origen.<\/p>\n<p>La activaci\u00f3n oficial tendr\u00e1 lugar ma\u00f1ana, a partir de entonces, de manera progresiva, se ir\u00e1n incorporando los efectivos y poniendo en funcionamiento los distintos servicios; de los efectivos desplegados unos 3.500 se ocupar\u00e1n espec\u00edficamente de las tareas de seguridad, mientras otros 600 ser\u00e1n sanitarios y otros 900 de apoyo log\u00edstico e infraestructuras, a los que se suman otros 700 de intervenci\u00f3n, entre ellos los efectivos del Plan Infoca, ya que las previsiones anuncian altas temperaturas.<\/p>\n<p>El mi\u00e9rcoles, la Hermandad Matriz de Almonte, organizadora de la romer\u00eda, llegar\u00e1 en primer lugar a la aldea de El Roc\u00edo para servir de anfitriona a todas sus filiales que, a partir del viernes, comenzar\u00e1n a participar en los actos centrales de esta cita religiosa, ser\u00e1 la Presentaci\u00f3n de Hermandades, que por segunda vez se celebra en dos sesiones.<\/p>\n<p>La hermandad de Santa Fe (Granada), la \u00faltima en incorporarse a la lista de filiales, ser\u00e1 la encargada de abrir este desfile ante las puertas del Santuario de la Virgen del Roc\u00edo.<\/p>\n<p>All\u00ed espera &#8216;Ella&#8217; que desde hace dos semanas se encuentra entronizada en su paso procesional ataviada con el traje y el manto conocido como de los Ap\u00f3stoles, o de las hermandades, al que acompa\u00f1an flores en tonos blancos y amarillos, en recuerdo y homenaje al Santo Juan Pablo II, recientemente canonizado y quien fuera el Papa que visitara el Santuario del Roc\u00edo, en junio de 1993.<\/p>\n<p>Hasta ese momento, otros lugares emblem\u00e1ticos como Bajo Gu\u00eda, el Vado del Quema o el puente del Ajol\u00ed volver\u00e1n a ponerse al servicio de los romeros, de una devoci\u00f3n y de un ans\u00edo, el de recorrer la distancia que, desde sus municipios de origen, los separa de su imagen venerada y poder estar, un a\u00f1o m\u00e1s, junto a &#8216;Ella&#8217;.<\/p>\n<p>Laura Ram\u00edrez.<\/p>\n<p>&nbsp;<\/p>\n","protected":false},"excerpt":{"rendered":"<p>Huelva, 1 jun (EFE).- Como cada a\u00f1o entorno a Pentecost\u00e9s los caminos que llevan hasta la aldea de El Roc\u00edo, en Almonte (Huelva), vuelven a ser testigos de sonidos, olores y estampas que reflejan las vivencias de los miles de romeros que anhelan estar de nuevo junto a la imagen que veneran, la Virgen del<\/p>\n","protected":false},"author":1,"featured_media":14695,"comment_status":"open","ping_status":"closed","sticky":false,"template":"","format":"standard","meta":{"footnotes":""},"categories":[224],"tags":[],"class_list":{"0":"post-14694","1":"post","2":"type-post","3":"status-publish","4":"format-standard","5":"has-post-thumbnail","7":"category-noticias-actualidad"},"aioseo_notices":[],"aioseo_head":"\n\t\t<!-- All in One SEO Pro 4.9.6.1 - aioseo.com -->\n\t<meta name=\"description\" content=\"Huelva, 1 jun (EFE).- Como cada a\u00f1o entorno a Pentecost\u00e9s los caminos que llevan hasta la aldea de El Roc\u00edo, en Almonte (Huelva), vuelven a ser testigos de sonidos, olores y estampas que reflejan las vivencias de los miles de romeros que anhelan estar de nuevo junto a la imagen que veneran, la Virgen del\" \/>\n\t<meta name=\"robots\" content=\"max-image-preview:large\" \/>\n\t<meta name=\"author\" content=\"admin\"\/>\n\t<meta name=\"google-site-verification\" content=\"UA-38556648-1\" \/>\n\t<meta name=\"keywords\" content=\"noticias y actualidad\" \/>\n\t<link rel=\"canonical\" href=\"https:\/\/eldigitaldeasturias.com\/magazine365\/un-ano-mas-junto-a-la-virgen-del-rocio\/\" \/>\n\t<meta name=\"generator\" content=\"All in One SEO Pro (AIOSEO) 4.9.6.1\" \/>\n\t\t<meta property=\"og:locale\" content=\"es_ES\" \/>\n\t\t<meta property=\"og:site_name\" content=\"El Digital de Asturias \u2013 Revista de ocio, turismo y estilo de vida\" \/>\n\t\t<meta property=\"og:type\" content=\"article\" \/>\n\t\t<meta property=\"og:title\" content=\"Un a\u00f1o m\u00e1s junto a la Virgen del Roc\u00edo | El Digital de Asturias\" \/>\n\t\t<meta property=\"og:description\" content=\"Huelva, 1 jun (EFE).- Como cada a\u00f1o entorno a Pentecost\u00e9s los caminos que llevan hasta la aldea de El Roc\u00edo, en Almonte (Huelva), vuelven a ser testigos de sonidos, olores y estampas que reflejan las vivencias de los miles de romeros que anhelan estar de nuevo junto a la imagen que veneran, la Virgen del\" \/>\n\t\t<meta property=\"og:url\" content=\"https:\/\/eldigitaldeasturias.com\/magazine365\/un-ano-mas-junto-a-la-virgen-del-rocio\/\" \/>\n\t\t<meta property=\"og:image\" content=\"https:\/\/eldigitaldeasturias.com\/magazine365\/wp-content\/uploads\/2014\/06\/6322570w.jpg\" \/>\n\t\t<meta property=\"og:image:secure_url\" content=\"https:\/\/eldigitaldeasturias.com\/magazine365\/wp-content\/uploads\/2014\/06\/6322570w.jpg\" \/>\n\t\t<meta property=\"og:image:width\" content=\"800\" \/>\n\t\t<meta property=\"og:image:height\" content=\"546\" \/>\n\t\t<meta property=\"article:published_time\" content=\"2014-06-01T20:43:30+00:00\" \/>\n\t\t<meta property=\"article:modified_time\" content=\"2014-06-01T20:43:30+00:00\" \/>\n\t\t<meta name=\"twitter:card\" content=\"summary_large_image\" \/>\n\t\t<meta name=\"twitter:title\" content=\"Un a\u00f1o m\u00e1s junto a la Virgen del Roc\u00edo | El Digital de Asturias\" \/>\n\t\t<meta name=\"twitter:description\" content=\"Huelva, 1 jun (EFE).- Como cada a\u00f1o entorno a Pentecost\u00e9s los caminos que llevan hasta la aldea de El Roc\u00edo, en Almonte (Huelva), vuelven a ser testigos de sonidos, olores y estampas que reflejan las vivencias de los miles de romeros que anhelan estar de nuevo junto a la imagen que veneran, la Virgen del\" \/>\n\t\t<meta name=\"twitter:image\" content=\"https:\/\/eldigitaldeasturias.com\/magazine365\/wp-content\/uploads\/2014\/06\/6322570w.jpg\" \/>\n\t\t<script type=\"application\/ld+json\" class=\"aioseo-schema\">\n\t\t\t{\"@context\":\"https:\\\/\\\/schema.org\",\"@graph\":[{\"@type\":\"Article\",\"@id\":\"https:\\\/\\\/eldigitaldeasturias.com\\\/magazine365\\\/un-ano-mas-junto-a-la-virgen-del-rocio\\\/#article\",\"name\":\"Un a\\u00f1o m\\u00e1s junto a la Virgen del Roc\\u00edo | El Digital de Asturias\",\"headline\":\"Un a\\u00f1o m\\u00e1s junto a la Virgen del Roc\\u00edo\",\"author\":{\"@id\":\"https:\\\/\\\/eldigitaldeasturias.com\\\/magazine365\\\/author\\\/admin\\\/#author\"},\"publisher\":{\"@id\":\"https:\\\/\\\/eldigitaldeasturias.com\\\/magazine365\\\/#organization\"},\"image\":{\"@type\":\"ImageObject\",\"url\":\"https:\\\/\\\/eldigitaldeasturias.com\\\/magazine365\\\/wp-content\\\/uploads\\\/2014\\\/06\\\/6322570w.jpg\",\"width\":800,\"height\":546},\"datePublished\":\"2014-06-01T18:43:30+02:00\",\"dateModified\":\"2014-06-01T18:43:30+02:00\",\"inLanguage\":\"es-ES\",\"mainEntityOfPage\":{\"@id\":\"https:\\\/\\\/eldigitaldeasturias.com\\\/magazine365\\\/un-ano-mas-junto-a-la-virgen-del-rocio\\\/#webpage\"},\"isPartOf\":{\"@id\":\"https:\\\/\\\/eldigitaldeasturias.com\\\/magazine365\\\/un-ano-mas-junto-a-la-virgen-del-rocio\\\/#webpage\"},\"articleSection\":\"Noticias y Actualidad\"},{\"@type\":\"BreadcrumbList\",\"@id\":\"https:\\\/\\\/eldigitaldeasturias.com\\\/magazine365\\\/un-ano-mas-junto-a-la-virgen-del-rocio\\\/#breadcrumblist\",\"itemListElement\":[{\"@type\":\"ListItem\",\"@id\":\"https:\\\/\\\/eldigitaldeasturias.com\\\/magazine365#listItem\",\"position\":1,\"name\":\"Home\",\"item\":\"https:\\\/\\\/eldigitaldeasturias.com\\\/magazine365\",\"nextItem\":{\"@type\":\"ListItem\",\"@id\":\"https:\\\/\\\/eldigitaldeasturias.com\\\/magazine365\\\/category\\\/noticias-actualidad\\\/#listItem\",\"name\":\"Noticias y Actualidad\"}},{\"@type\":\"ListItem\",\"@id\":\"https:\\\/\\\/eldigitaldeasturias.com\\\/magazine365\\\/category\\\/noticias-actualidad\\\/#listItem\",\"position\":2,\"name\":\"Noticias y Actualidad\",\"item\":\"https:\\\/\\\/eldigitaldeasturias.com\\\/magazine365\\\/category\\\/noticias-actualidad\\\/\",\"nextItem\":{\"@type\":\"ListItem\",\"@id\":\"https:\\\/\\\/eldigitaldeasturias.com\\\/magazine365\\\/un-ano-mas-junto-a-la-virgen-del-rocio\\\/#listItem\",\"name\":\"Un a\\u00f1o m\\u00e1s junto a la Virgen del Roc\\u00edo\"},\"previousItem\":{\"@type\":\"ListItem\",\"@id\":\"https:\\\/\\\/eldigitaldeasturias.com\\\/magazine365#listItem\",\"name\":\"Home\"}},{\"@type\":\"ListItem\",\"@id\":\"https:\\\/\\\/eldigitaldeasturias.com\\\/magazine365\\\/un-ano-mas-junto-a-la-virgen-del-rocio\\\/#listItem\",\"position\":3,\"name\":\"Un a\\u00f1o m\\u00e1s junto a la Virgen del Roc\\u00edo\",\"previousItem\":{\"@type\":\"ListItem\",\"@id\":\"https:\\\/\\\/eldigitaldeasturias.com\\\/magazine365\\\/category\\\/noticias-actualidad\\\/#listItem\",\"name\":\"Noticias y Actualidad\"}}]},{\"@type\":\"Organization\",\"@id\":\"https:\\\/\\\/eldigitaldeasturias.com\\\/magazine365\\\/#organization\",\"name\":\"El digital de Asturias\",\"description\":\"Revista de ocio, turismo y estilo de vida\",\"url\":\"https:\\\/\\\/eldigitaldeasturias.com\\\/magazine365\\\/\",\"logo\":{\"@type\":\"ImageObject\",\"url\":\"https:\\\/\\\/www.eldigitaldeasturias.com\\\/noticias\\\/wp-content\\\/uploads\\\/2020\\\/12\\\/EDA.jpg\",\"@id\":\"https:\\\/\\\/eldigitaldeasturias.com\\\/magazine365\\\/un-ano-mas-junto-a-la-virgen-del-rocio\\\/#organizationLogo\"},\"image\":{\"@id\":\"https:\\\/\\\/eldigitaldeasturias.com\\\/magazine365\\\/un-ano-mas-junto-a-la-virgen-del-rocio\\\/#organizationLogo\"}},{\"@type\":\"Person\",\"@id\":\"https:\\\/\\\/eldigitaldeasturias.com\\\/magazine365\\\/author\\\/admin\\\/#author\",\"url\":\"https:\\\/\\\/eldigitaldeasturias.com\\\/magazine365\\\/author\\\/admin\\\/\",\"name\":\"admin\",\"image\":{\"@type\":\"ImageObject\",\"@id\":\"https:\\\/\\\/eldigitaldeasturias.com\\\/magazine365\\\/un-ano-mas-junto-a-la-virgen-del-rocio\\\/#authorImage\",\"url\":\"https:\\\/\\\/eldigitaldeasturias.com\\\/magazine365\\\/wp-content\\\/litespeed\\\/avatar\\\/e571bcf59a0edd6fa6838245a470f2fe.jpg?ver=1777574230\",\"width\":96,\"height\":96,\"caption\":\"admin\"}},{\"@type\":\"WebPage\",\"@id\":\"https:\\\/\\\/eldigitaldeasturias.com\\\/magazine365\\\/un-ano-mas-junto-a-la-virgen-del-rocio\\\/#webpage\",\"url\":\"https:\\\/\\\/eldigitaldeasturias.com\\\/magazine365\\\/un-ano-mas-junto-a-la-virgen-del-rocio\\\/\",\"name\":\"Un a\\u00f1o m\\u00e1s junto a la Virgen del Roc\\u00edo | El Digital de Asturias\",\"description\":\"Huelva, 1 jun (EFE).- Como cada a\\u00f1o entorno a Pentecost\\u00e9s los caminos que llevan hasta la aldea de El Roc\\u00edo, en Almonte (Huelva), vuelven a ser testigos de sonidos, olores y estampas que reflejan las vivencias de los miles de romeros que anhelan estar de nuevo junto a la imagen que veneran, la Virgen del\",\"inLanguage\":\"es-ES\",\"isPartOf\":{\"@id\":\"https:\\\/\\\/eldigitaldeasturias.com\\\/magazine365\\\/#website\"},\"breadcrumb\":{\"@id\":\"https:\\\/\\\/eldigitaldeasturias.com\\\/magazine365\\\/un-ano-mas-junto-a-la-virgen-del-rocio\\\/#breadcrumblist\"},\"author\":{\"@id\":\"https:\\\/\\\/eldigitaldeasturias.com\\\/magazine365\\\/author\\\/admin\\\/#author\"},\"creator\":{\"@id\":\"https:\\\/\\\/eldigitaldeasturias.com\\\/magazine365\\\/author\\\/admin\\\/#author\"},\"image\":{\"@type\":\"ImageObject\",\"url\":\"https:\\\/\\\/eldigitaldeasturias.com\\\/magazine365\\\/wp-content\\\/uploads\\\/2014\\\/06\\\/6322570w.jpg\",\"@id\":\"https:\\\/\\\/eldigitaldeasturias.com\\\/magazine365\\\/un-ano-mas-junto-a-la-virgen-del-rocio\\\/#mainImage\",\"width\":800,\"height\":546},\"primaryImageOfPage\":{\"@id\":\"https:\\\/\\\/eldigitaldeasturias.com\\\/magazine365\\\/un-ano-mas-junto-a-la-virgen-del-rocio\\\/#mainImage\"},\"datePublished\":\"2014-06-01T18:43:30+02:00\",\"dateModified\":\"2014-06-01T18:43:30+02:00\"},{\"@type\":\"WebSite\",\"@id\":\"https:\\\/\\\/eldigitaldeasturias.com\\\/magazine365\\\/#website\",\"url\":\"https:\\\/\\\/eldigitaldeasturias.com\\\/magazine365\\\/\",\"name\":\"El Digital de Asturias\",\"description\":\"Revista de ocio, turismo y estilo de vida\",\"inLanguage\":\"es-ES\",\"publisher\":{\"@id\":\"https:\\\/\\\/eldigitaldeasturias.com\\\/magazine365\\\/#organization\"}}]}\n\t\t<\/script>\n\t\t<!-- All in One SEO Pro -->\r\n\t\t<title>Un a\u00f1o m\u00e1s junto a la Virgen del Roc\u00edo | El Digital de Asturias<\/title>\n\n","aioseo_head_json":{"title":"Un a\u00f1o m\u00e1s junto a la Virgen del Roc\u00edo | El Digital de Asturias","description":"Huelva, 1 jun (EFE).- Como cada a\u00f1o entorno a Pentecost\u00e9s los caminos que llevan hasta la aldea de El Roc\u00edo, en Almonte (Huelva), vuelven a ser testigos de sonidos, olores y estampas que reflejan las vivencias de los miles de romeros que anhelan estar de nuevo junto a la imagen que veneran, la Virgen del","canonical_url":"https:\/\/eldigitaldeasturias.com\/magazine365\/un-ano-mas-junto-a-la-virgen-del-rocio\/","robots":"max-image-preview:large","keywords":"noticias y actualidad","webmasterTools":{"google-site-verification":"UA-38556648-1","miscellaneous":""},"schema":{"@context":"https:\/\/schema.org","@graph":[{"@type":"Article","@id":"https:\/\/eldigitaldeasturias.com\/magazine365\/un-ano-mas-junto-a-la-virgen-del-rocio\/#article","name":"Un a\u00f1o m\u00e1s junto a la Virgen del Roc\u00edo | El Digital de Asturias","headline":"Un a\u00f1o m\u00e1s junto a la Virgen del Roc\u00edo","author":{"@id":"https:\/\/eldigitaldeasturias.com\/magazine365\/author\/admin\/#author"},"publisher":{"@id":"https:\/\/eldigitaldeasturias.com\/magazine365\/#organization"},"image":{"@type":"ImageObject","url":"https:\/\/eldigitaldeasturias.com\/magazine365\/wp-content\/uploads\/2014\/06\/6322570w.jpg","width":800,"height":546},"datePublished":"2014-06-01T18:43:30+02:00","dateModified":"2014-06-01T18:43:30+02:00","inLanguage":"es-ES","mainEntityOfPage":{"@id":"https:\/\/eldigitaldeasturias.com\/magazine365\/un-ano-mas-junto-a-la-virgen-del-rocio\/#webpage"},"isPartOf":{"@id":"https:\/\/eldigitaldeasturias.com\/magazine365\/un-ano-mas-junto-a-la-virgen-del-rocio\/#webpage"},"articleSection":"Noticias y Actualidad"},{"@type":"BreadcrumbList","@id":"https:\/\/eldigitaldeasturias.com\/magazine365\/un-ano-mas-junto-a-la-virgen-del-rocio\/#breadcrumblist","itemListElement":[{"@type":"ListItem","@id":"https:\/\/eldigitaldeasturias.com\/magazine365#listItem","position":1,"name":"Home","item":"https:\/\/eldigitaldeasturias.com\/magazine365","nextItem":{"@type":"ListItem","@id":"https:\/\/eldigitaldeasturias.com\/magazine365\/category\/noticias-actualidad\/#listItem","name":"Noticias y Actualidad"}},{"@type":"ListItem","@id":"https:\/\/eldigitaldeasturias.com\/magazine365\/category\/noticias-actualidad\/#listItem","position":2,"name":"Noticias y Actualidad","item":"https:\/\/eldigitaldeasturias.com\/magazine365\/category\/noticias-actualidad\/","nextItem":{"@type":"ListItem","@id":"https:\/\/eldigitaldeasturias.com\/magazine365\/un-ano-mas-junto-a-la-virgen-del-rocio\/#listItem","name":"Un a\u00f1o m\u00e1s junto a la Virgen del Roc\u00edo"},"previousItem":{"@type":"ListItem","@id":"https:\/\/eldigitaldeasturias.com\/magazine365#listItem","name":"Home"}},{"@type":"ListItem","@id":"https:\/\/eldigitaldeasturias.com\/magazine365\/un-ano-mas-junto-a-la-virgen-del-rocio\/#listItem","position":3,"name":"Un a\u00f1o m\u00e1s junto a la Virgen del Roc\u00edo","previousItem":{"@type":"ListItem","@id":"https:\/\/eldigitaldeasturias.com\/magazine365\/category\/noticias-actualidad\/#listItem","name":"Noticias y Actualidad"}}]},{"@type":"Organization","@id":"https:\/\/eldigitaldeasturias.com\/magazine365\/#organization","name":"El digital de Asturias","description":"Revista de ocio, turismo y estilo de vida","url":"https:\/\/eldigitaldeasturias.com\/magazine365\/","logo":{"@type":"ImageObject","url":"https:\/\/www.eldigitaldeasturias.com\/noticias\/wp-content\/uploads\/2020\/12\/EDA.jpg","@id":"https:\/\/eldigitaldeasturias.com\/magazine365\/un-ano-mas-junto-a-la-virgen-del-rocio\/#organizationLogo"},"image":{"@id":"https:\/\/eldigitaldeasturias.com\/magazine365\/un-ano-mas-junto-a-la-virgen-del-rocio\/#organizationLogo"}},{"@type":"Person","@id":"https:\/\/eldigitaldeasturias.com\/magazine365\/author\/admin\/#author","url":"https:\/\/eldigitaldeasturias.com\/magazine365\/author\/admin\/","name":"admin","image":{"@type":"ImageObject","@id":"https:\/\/eldigitaldeasturias.com\/magazine365\/un-ano-mas-junto-a-la-virgen-del-rocio\/#authorImage","url":"https:\/\/eldigitaldeasturias.com\/magazine365\/wp-content\/litespeed\/avatar\/e571bcf59a0edd6fa6838245a470f2fe.jpg?ver=1777574230","width":96,"height":96,"caption":"admin"}},{"@type":"WebPage","@id":"https:\/\/eldigitaldeasturias.com\/magazine365\/un-ano-mas-junto-a-la-virgen-del-rocio\/#webpage","url":"https:\/\/eldigitaldeasturias.com\/magazine365\/un-ano-mas-junto-a-la-virgen-del-rocio\/","name":"Un a\u00f1o m\u00e1s junto a la Virgen del Roc\u00edo | El Digital de Asturias","description":"Huelva, 1 jun (EFE).- Como cada a\u00f1o entorno a Pentecost\u00e9s los caminos que llevan hasta la aldea de El Roc\u00edo, en Almonte (Huelva), vuelven a ser testigos de sonidos, olores y estampas que reflejan las vivencias de los miles de romeros que anhelan estar de nuevo junto a la imagen que veneran, la Virgen del","inLanguage":"es-ES","isPartOf":{"@id":"https:\/\/eldigitaldeasturias.com\/magazine365\/#website"},"breadcrumb":{"@id":"https:\/\/eldigitaldeasturias.com\/magazine365\/un-ano-mas-junto-a-la-virgen-del-rocio\/#breadcrumblist"},"author":{"@id":"https:\/\/eldigitaldeasturias.com\/magazine365\/author\/admin\/#author"},"creator":{"@id":"https:\/\/eldigitaldeasturias.com\/magazine365\/author\/admin\/#author"},"image":{"@type":"ImageObject","url":"https:\/\/eldigitaldeasturias.com\/magazine365\/wp-content\/uploads\/2014\/06\/6322570w.jpg","@id":"https:\/\/eldigitaldeasturias.com\/magazine365\/un-ano-mas-junto-a-la-virgen-del-rocio\/#mainImage","width":800,"height":546},"primaryImageOfPage":{"@id":"https:\/\/eldigitaldeasturias.com\/magazine365\/un-ano-mas-junto-a-la-virgen-del-rocio\/#mainImage"},"datePublished":"2014-06-01T18:43:30+02:00","dateModified":"2014-06-01T18:43:30+02:00"},{"@type":"WebSite","@id":"https:\/\/eldigitaldeasturias.com\/magazine365\/#website","url":"https:\/\/eldigitaldeasturias.com\/magazine365\/","name":"El Digital de Asturias","description":"Revista de ocio, turismo y estilo de vida","inLanguage":"es-ES","publisher":{"@id":"https:\/\/eldigitaldeasturias.com\/magazine365\/#organization"}}]},"og:locale":"es_ES","og:site_name":"El Digital de Asturias \u2013 Revista de ocio, turismo y estilo de vida","og:type":"article","og:title":"Un a\u00f1o m\u00e1s junto a la Virgen del Roc\u00edo | El Digital de Asturias","og:description":"Huelva, 1 jun (EFE).- Como cada a\u00f1o entorno a Pentecost\u00e9s los caminos que llevan hasta la aldea de El Roc\u00edo, en Almonte (Huelva), vuelven a ser testigos de sonidos, olores y estampas que reflejan las vivencias de los miles de romeros que anhelan estar de nuevo junto a la imagen que veneran, la Virgen del","og:url":"https:\/\/eldigitaldeasturias.com\/magazine365\/un-ano-mas-junto-a-la-virgen-del-rocio\/","og:image":"https:\/\/eldigitaldeasturias.com\/magazine365\/wp-content\/uploads\/2014\/06\/6322570w.jpg","og:image:secure_url":"https:\/\/eldigitaldeasturias.com\/magazine365\/wp-content\/uploads\/2014\/06\/6322570w.jpg","og:image:width":800,"og:image:height":546,"article:published_time":"2014-06-01T20:43:30+00:00","article:modified_time":"2014-06-01T20:43:30+00:00","twitter:card":"summary_large_image","twitter:title":"Un a\u00f1o m\u00e1s junto a la Virgen del Roc\u00edo | El Digital de Asturias","twitter:description":"Huelva, 1 jun (EFE).- Como cada a\u00f1o entorno a Pentecost\u00e9s los caminos que llevan hasta la aldea de El Roc\u00edo, en Almonte (Huelva), vuelven a ser testigos de sonidos, olores y estampas que reflejan las vivencias de los miles de romeros que anhelan estar de nuevo junto a la imagen que veneran, la Virgen del","twitter:image":"https:\/\/eldigitaldeasturias.com\/magazine365\/wp-content\/uploads\/2014\/06\/6322570w.jpg"},"aioseo_meta_data":{"post_id":"14694","title":null,"description":null,"keywords":null,"keyphrases":null,"primary_term":null,"canonical_url":null,"og_title":null,"og_description":null,"og_object_type":"default","og_image_type":"default","og_image_url":null,"og_image_width":null,"og_image_height":null,"og_image_custom_url":null,"og_image_custom_fields":null,"og_video":null,"og_custom_url":null,"og_article_section":null,"og_article_tags":null,"twitter_use_og":false,"twitter_card":"default","twitter_image_type":"default","twitter_image_url":null,"twitter_image_custom_url":null,"twitter_image_custom_fields":null,"twitter_title":null,"twitter_description":null,"schema":{"blockGraphs":[],"customGraphs":[],"default":{"data":{"Article":[],"Course":[],"Dataset":[],"FAQPage":[],"Movie":[],"Person":[],"Product":[],"ProductReview":[],"Car":[],"Recipe":[],"Service":[],"SoftwareApplication":[],"WebPage":[]},"graphName":"","isEnabled":true},"graphs":[],"defaultGraph":"","defaultPostTypeGraph":""},"schema_type":null,"schema_type_options":null,"pillar_content":false,"robots_default":true,"robots_noindex":false,"robots_noarchive":false,"robots_nosnippet":false,"robots_nofollow":false,"robots_noimageindex":false,"robots_noodp":false,"robots_notranslate":false,"robots_max_snippet":null,"robots_max_videopreview":null,"robots_max_imagepreview":"large","priority":null,"frequency":null,"location":null,"local_seo":null,"seo_analyzer_scan_date":"2025-09-17 10:37:50","breadcrumb_settings":null,"limit_modified_date":false,"open_ai":null,"ai":null,"created":"2021-03-09 00:14:32","updated":"2025-09-17 10:37:50"},"aioseo_breadcrumb":"<div class=\"aioseo-breadcrumbs\"><span class=\"aioseo-breadcrumb\">\n\t<a href=\"https:\/\/eldigitaldeasturias.com\/magazine365\" title=\"Home\">Home<\/a>\n<\/span><span class=\"aioseo-breadcrumb-separator\">\u2013<\/span><span class=\"aioseo-breadcrumb\">\n\t<a href=\"https:\/\/eldigitaldeasturias.com\/magazine365\/category\/noticias-actualidad\/\" title=\"Noticias y Actualidad\">Noticias y Actualidad<\/a>\n<\/span><span class=\"aioseo-breadcrumb-separator\">\u2013<\/span><span class=\"aioseo-breadcrumb\">\n\t<a href=\"https:\/\/eldigitaldeasturias.com\/magazine365\/un-ano-mas-junto-a-la-virgen-del-rocio\/\" title=\"Un a\u00f1o m\u00e1s junto a la Virgen del Roc\u00edo\">Un a\u00f1o m\u00e1s junto a la Virgen del Roc\u00edo<\/a>\n<\/span><\/div>","aioseo_breadcrumb_json":[{"label":"Home","link":"https:\/\/eldigitaldeasturias.com\/magazine365"},{"label":"Noticias y Actualidad","link":"https:\/\/eldigitaldeasturias.com\/magazine365\/category\/noticias-actualidad\/"},{"label":"Un a\u00f1o m\u00e1s junto a la Virgen del Roc\u00edo","link":"https:\/\/eldigitaldeasturias.com\/magazine365\/un-ano-mas-junto-a-la-virgen-del-rocio\/"}],"_links":{"self":[{"href":"https:\/\/eldigitaldeasturias.com\/magazine365\/wp-json\/wp\/v2\/posts\/14694","targetHints":{"allow":["GET"]}}],"collection":[{"href":"https:\/\/eldigitaldeasturias.com\/magazine365\/wp-json\/wp\/v2\/posts"}],"about":[{"href":"https:\/\/eldigitaldeasturias.com\/magazine365\/wp-json\/wp\/v2\/types\/post"}],"author":[{"embeddable":true,"href":"https:\/\/eldigitaldeasturias.com\/magazine365\/wp-json\/wp\/v2\/users\/1"}],"replies":[{"embeddable":true,"href":"https:\/\/eldigitaldeasturias.com\/magazine365\/wp-json\/wp\/v2\/comments?post=14694"}],"version-history":[{"count":0,"href":"https:\/\/eldigitaldeasturias.com\/magazine365\/wp-json\/wp\/v2\/posts\/14694\/revisions"}],"wp:featuredmedia":[{"embeddable":true,"href":"https:\/\/eldigitaldeasturias.com\/magazine365\/wp-json\/wp\/v2\/media\/14695"}],"wp:attachment":[{"href":"https:\/\/eldigitaldeasturias.com\/magazine365\/wp-json\/wp\/v2\/media?parent=14694"}],"wp:term":[{"taxonomy":"category","embeddable":true,"href":"https:\/\/eldigitaldeasturias.com\/magazine365\/wp-json\/wp\/v2\/categories?post=14694"},{"taxonomy":"post_tag","embeddable":true,"href":"https:\/\/eldigitaldeasturias.com\/magazine365\/wp-json\/wp\/v2\/tags?post=14694"}],"curies":[{"name":"wp","href":"https:\/\/api.w.org\/{rel}","templated":true}]}}