{"id":14691,"date":"2014-06-01T18:41:33","date_gmt":"2014-06-01T20:41:33","guid":{"rendered":"http:\/\/eldigitaldeasturias.com\/magazine365\/?p=14691"},"modified":"2014-06-01T18:41:33","modified_gmt":"2014-06-01T20:41:33","slug":"pau-gasol-se-reune-con-el-presidente-de-israel-en-su-primera-visita-al-pais","status":"publish","type":"post","link":"https:\/\/eldigitaldeasturias.com\/magazine365\/pau-gasol-se-reune-con-el-presidente-de-israel-en-su-primera-visita-al-pais\/","title":{"rendered":"Pau Gasol se re\u00fane con el presidente de Israel en su primera visita al pa\u00eds"},"content":{"rendered":"<p><img fetchpriority=\"high\" decoding=\"async\" class=\"alignleft size-medium wp-image-14692\" alt=\"6322497w\" src=\"https:\/\/eldigitaldeasturias.com\/magazine365\/wp-content\/uploads\/2014\/06\/6322497w-360x249.jpg\" width=\"360\" height=\"249\" srcset=\"https:\/\/eldigitaldeasturias.com\/magazine365\/wp-content\/uploads\/2014\/06\/6322497w-360x249.jpg 360w, https:\/\/eldigitaldeasturias.com\/magazine365\/wp-content\/uploads\/2014\/06\/6322497w-650x450.jpg 650w, https:\/\/eldigitaldeasturias.com\/magazine365\/wp-content\/uploads\/2014\/06\/6322497w-768x532.jpg 768w, https:\/\/eldigitaldeasturias.com\/magazine365\/wp-content\/uploads\/2014\/06\/6322497w-150x104.jpg 150w, https:\/\/eldigitaldeasturias.com\/magazine365\/wp-content\/uploads\/2014\/06\/6322497w-450x312.jpg 450w, https:\/\/eldigitaldeasturias.com\/magazine365\/wp-content\/uploads\/2014\/06\/6322497w-100x70.jpg 100w, https:\/\/eldigitaldeasturias.com\/magazine365\/wp-content\/uploads\/2014\/06\/6322497w-218x150.jpg 218w, https:\/\/eldigitaldeasturias.com\/magazine365\/wp-content\/uploads\/2014\/06\/6322497w-696x482.jpg 696w, https:\/\/eldigitaldeasturias.com\/magazine365\/wp-content\/uploads\/2014\/06\/6322497w-606x420.jpg 606w, https:\/\/eldigitaldeasturias.com\/magazine365\/wp-content\/uploads\/2014\/06\/6322497w.jpg 800w\" sizes=\"(max-width: 360px) 100vw, 360px\" \/>Jerusal\u00e9n, 1 jun (EFE).- El espa\u00f1ol Pau Gasol, p\u00edvot de Los Angeles Lakers, se reuni\u00f3 hoy durante su primera visita a Israel con el presidente del pa\u00eds, Sim\u00f3n Peres, en un encuentro en el que tambi\u00e9n participaron jugadores de baloncesto \u00e1rabes e israel\u00edes.<\/p>\n<p>El deportista se desplaz\u00f3 al pa\u00eds para organizar un taller de baloncesto con j\u00f3venes de diferentes culturas con el objetivo de potenciar el acercamiento entre ellos.<\/p>\n<p>\u00abEres un modelo para los ni\u00f1os israel\u00edes, tu trabajo inspira esperanza. El deporte es la clave para la coexistencia y la paz. Por ello expreso mis felicitaciones personales\u00bb, alab\u00f3 Peres durante la reuni\u00f3n celebrada en su residencia de Jerusal\u00e9n.<\/p>\n<p>Por su parte, el baloncestista se mostr\u00f3 \u00abcomplacido\u00bb por tener la oportunidad de \u00abejercer un impacto positivo sobre la juventud\u00bb.<\/p>\n<p>\u00abEl deporte es la mejor manera de avanzar en la paz y no importa de qu\u00e9 religi\u00f3n seas; a trav\u00e9s del deporte todo el mundo habla la misma lengua\u00bb, expres\u00f3 Gasol.<\/p>\n<p>Como guinda del encuentro, Peres recibi\u00f3 una camiseta del equipo de baloncesto espa\u00f1ol de manos del catal\u00e1n, quien adem\u00e1s felicit\u00f3 al presidente por la reciente victoria del Maccabi de Tel Aviv en la Euroliga.<\/p>\n","protected":false},"excerpt":{"rendered":"<p>Jerusal\u00e9n, 1 jun (EFE).- El espa\u00f1ol Pau Gasol, p\u00edvot de Los Angeles Lakers, se reuni\u00f3 hoy durante su primera visita a Israel con el presidente del pa\u00eds, Sim\u00f3n Peres, en un encuentro en el que tambi\u00e9n participaron jugadores de baloncesto \u00e1rabes e israel\u00edes. El deportista se desplaz\u00f3 al pa\u00eds para organizar un taller de baloncesto<\/p>\n","protected":false},"author":1,"featured_media":14692,"comment_status":"open","ping_status":"closed","sticky":false,"template":"","format":"standard","meta":{"footnotes":""},"categories":[224],"tags":[],"class_list":{"0":"post-14691","1":"post","2":"type-post","3":"status-publish","4":"format-standard","5":"has-post-thumbnail","7":"category-noticias-actualidad"},"aioseo_notices":[],"aioseo_head":"\n\t\t<!-- All in One SEO Pro 4.9.6.1 - aioseo.com -->\n\t<meta name=\"description\" content=\"Jerusal\u00e9n, 1 jun (EFE).- El espa\u00f1ol Pau Gasol, p\u00edvot de Los Angeles Lakers, se reuni\u00f3 hoy durante su primera visita a Israel con el presidente del pa\u00eds, Sim\u00f3n Peres, en un encuentro en el que tambi\u00e9n participaron jugadores de baloncesto \u00e1rabes e israel\u00edes. El deportista se desplaz\u00f3 al pa\u00eds para organizar un taller de baloncesto\" \/>\n\t<meta name=\"robots\" content=\"max-image-preview:large\" \/>\n\t<meta name=\"author\" content=\"admin\"\/>\n\t<meta name=\"google-site-verification\" content=\"UA-38556648-1\" \/>\n\t<meta name=\"keywords\" content=\"noticias y actualidad\" \/>\n\t<link rel=\"canonical\" href=\"https:\/\/eldigitaldeasturias.com\/magazine365\/pau-gasol-se-reune-con-el-presidente-de-israel-en-su-primera-visita-al-pais\/\" \/>\n\t<meta name=\"generator\" content=\"All in One SEO Pro (AIOSEO) 4.9.6.1\" \/>\n\t\t<meta property=\"og:locale\" content=\"es_ES\" \/>\n\t\t<meta property=\"og:site_name\" content=\"El Digital de Asturias \u2013 Revista de ocio, turismo y estilo de vida\" \/>\n\t\t<meta property=\"og:type\" content=\"article\" \/>\n\t\t<meta property=\"og:title\" content=\"Pau Gasol se re\u00fane con el presidente de Israel en su primera visita al pa\u00eds | El Digital de Asturias\" \/>\n\t\t<meta property=\"og:description\" content=\"Jerusal\u00e9n, 1 jun (EFE).- El espa\u00f1ol Pau Gasol, p\u00edvot de Los Angeles Lakers, se reuni\u00f3 hoy durante su primera visita a Israel con el presidente del pa\u00eds, Sim\u00f3n Peres, en un encuentro en el que tambi\u00e9n participaron jugadores de baloncesto \u00e1rabes e israel\u00edes. El deportista se desplaz\u00f3 al pa\u00eds para organizar un taller de baloncesto\" \/>\n\t\t<meta property=\"og:url\" content=\"https:\/\/eldigitaldeasturias.com\/magazine365\/pau-gasol-se-reune-con-el-presidente-de-israel-en-su-primera-visita-al-pais\/\" \/>\n\t\t<meta property=\"og:image\" content=\"https:\/\/eldigitaldeasturias.com\/magazine365\/wp-content\/uploads\/2014\/06\/6322497w.jpg\" \/>\n\t\t<meta property=\"og:image:secure_url\" content=\"https:\/\/eldigitaldeasturias.com\/magazine365\/wp-content\/uploads\/2014\/06\/6322497w.jpg\" \/>\n\t\t<meta property=\"og:image:width\" content=\"800\" \/>\n\t\t<meta property=\"og:image:height\" content=\"554\" \/>\n\t\t<meta property=\"article:published_time\" content=\"2014-06-01T20:41:33+00:00\" \/>\n\t\t<meta property=\"article:modified_time\" content=\"2014-06-01T20:41:33+00:00\" \/>\n\t\t<meta name=\"twitter:card\" content=\"summary_large_image\" \/>\n\t\t<meta name=\"twitter:title\" content=\"Pau Gasol se re\u00fane con el presidente de Israel en su primera visita al pa\u00eds | El Digital de Asturias\" \/>\n\t\t<meta name=\"twitter:description\" content=\"Jerusal\u00e9n, 1 jun (EFE).- El espa\u00f1ol Pau Gasol, p\u00edvot de Los Angeles Lakers, se reuni\u00f3 hoy durante su primera visita a Israel con el presidente del pa\u00eds, Sim\u00f3n Peres, en un encuentro en el que tambi\u00e9n participaron jugadores de baloncesto \u00e1rabes e israel\u00edes. El deportista se desplaz\u00f3 al pa\u00eds para organizar un taller de baloncesto\" \/>\n\t\t<meta name=\"twitter:image\" content=\"https:\/\/eldigitaldeasturias.com\/magazine365\/wp-content\/uploads\/2014\/06\/6322497w.jpg\" \/>\n\t\t<script type=\"application\/ld+json\" class=\"aioseo-schema\">\n\t\t\t{\"@context\":\"https:\\\/\\\/schema.org\",\"@graph\":[{\"@type\":\"Article\",\"@id\":\"https:\\\/\\\/eldigitaldeasturias.com\\\/magazine365\\\/pau-gasol-se-reune-con-el-presidente-de-israel-en-su-primera-visita-al-pais\\\/#article\",\"name\":\"Pau Gasol se re\\u00fane con el presidente de Israel en su primera visita al pa\\u00eds | El Digital de Asturias\",\"headline\":\"Pau Gasol se re\\u00fane con el presidente de Israel en su primera visita al pa\\u00eds\",\"author\":{\"@id\":\"https:\\\/\\\/eldigitaldeasturias.com\\\/magazine365\\\/author\\\/admin\\\/#author\"},\"publisher\":{\"@id\":\"https:\\\/\\\/eldigitaldeasturias.com\\\/magazine365\\\/#organization\"},\"image\":{\"@type\":\"ImageObject\",\"url\":\"https:\\\/\\\/eldigitaldeasturias.com\\\/magazine365\\\/wp-content\\\/uploads\\\/2014\\\/06\\\/6322497w.jpg\",\"width\":800,\"height\":554},\"datePublished\":\"2014-06-01T18:41:33+02:00\",\"dateModified\":\"2014-06-01T18:41:33+02:00\",\"inLanguage\":\"es-ES\",\"mainEntityOfPage\":{\"@id\":\"https:\\\/\\\/eldigitaldeasturias.com\\\/magazine365\\\/pau-gasol-se-reune-con-el-presidente-de-israel-en-su-primera-visita-al-pais\\\/#webpage\"},\"isPartOf\":{\"@id\":\"https:\\\/\\\/eldigitaldeasturias.com\\\/magazine365\\\/pau-gasol-se-reune-con-el-presidente-de-israel-en-su-primera-visita-al-pais\\\/#webpage\"},\"articleSection\":\"Noticias y Actualidad\"},{\"@type\":\"BreadcrumbList\",\"@id\":\"https:\\\/\\\/eldigitaldeasturias.com\\\/magazine365\\\/pau-gasol-se-reune-con-el-presidente-de-israel-en-su-primera-visita-al-pais\\\/#breadcrumblist\",\"itemListElement\":[{\"@type\":\"ListItem\",\"@id\":\"https:\\\/\\\/eldigitaldeasturias.com\\\/magazine365#listItem\",\"position\":1,\"name\":\"Home\",\"item\":\"https:\\\/\\\/eldigitaldeasturias.com\\\/magazine365\",\"nextItem\":{\"@type\":\"ListItem\",\"@id\":\"https:\\\/\\\/eldigitaldeasturias.com\\\/magazine365\\\/category\\\/noticias-actualidad\\\/#listItem\",\"name\":\"Noticias y Actualidad\"}},{\"@type\":\"ListItem\",\"@id\":\"https:\\\/\\\/eldigitaldeasturias.com\\\/magazine365\\\/category\\\/noticias-actualidad\\\/#listItem\",\"position\":2,\"name\":\"Noticias y Actualidad\",\"item\":\"https:\\\/\\\/eldigitaldeasturias.com\\\/magazine365\\\/category\\\/noticias-actualidad\\\/\",\"nextItem\":{\"@type\":\"ListItem\",\"@id\":\"https:\\\/\\\/eldigitaldeasturias.com\\\/magazine365\\\/pau-gasol-se-reune-con-el-presidente-de-israel-en-su-primera-visita-al-pais\\\/#listItem\",\"name\":\"Pau Gasol se re\\u00fane con el presidente de Israel en su primera visita al pa\\u00eds\"},\"previousItem\":{\"@type\":\"ListItem\",\"@id\":\"https:\\\/\\\/eldigitaldeasturias.com\\\/magazine365#listItem\",\"name\":\"Home\"}},{\"@type\":\"ListItem\",\"@id\":\"https:\\\/\\\/eldigitaldeasturias.com\\\/magazine365\\\/pau-gasol-se-reune-con-el-presidente-de-israel-en-su-primera-visita-al-pais\\\/#listItem\",\"position\":3,\"name\":\"Pau Gasol se re\\u00fane con el presidente de Israel en su primera visita al pa\\u00eds\",\"previousItem\":{\"@type\":\"ListItem\",\"@id\":\"https:\\\/\\\/eldigitaldeasturias.com\\\/magazine365\\\/category\\\/noticias-actualidad\\\/#listItem\",\"name\":\"Noticias y Actualidad\"}}]},{\"@type\":\"Organization\",\"@id\":\"https:\\\/\\\/eldigitaldeasturias.com\\\/magazine365\\\/#organization\",\"name\":\"El digital de Asturias\",\"description\":\"Revista de ocio, turismo y estilo de vida\",\"url\":\"https:\\\/\\\/eldigitaldeasturias.com\\\/magazine365\\\/\",\"logo\":{\"@type\":\"ImageObject\",\"url\":\"https:\\\/\\\/www.eldigitaldeasturias.com\\\/noticias\\\/wp-content\\\/uploads\\\/2020\\\/12\\\/EDA.jpg\",\"@id\":\"https:\\\/\\\/eldigitaldeasturias.com\\\/magazine365\\\/pau-gasol-se-reune-con-el-presidente-de-israel-en-su-primera-visita-al-pais\\\/#organizationLogo\"},\"image\":{\"@id\":\"https:\\\/\\\/eldigitaldeasturias.com\\\/magazine365\\\/pau-gasol-se-reune-con-el-presidente-de-israel-en-su-primera-visita-al-pais\\\/#organizationLogo\"}},{\"@type\":\"Person\",\"@id\":\"https:\\\/\\\/eldigitaldeasturias.com\\\/magazine365\\\/author\\\/admin\\\/#author\",\"url\":\"https:\\\/\\\/eldigitaldeasturias.com\\\/magazine365\\\/author\\\/admin\\\/\",\"name\":\"admin\",\"image\":{\"@type\":\"ImageObject\",\"@id\":\"https:\\\/\\\/eldigitaldeasturias.com\\\/magazine365\\\/pau-gasol-se-reune-con-el-presidente-de-israel-en-su-primera-visita-al-pais\\\/#authorImage\",\"url\":\"https:\\\/\\\/eldigitaldeasturias.com\\\/magazine365\\\/wp-content\\\/litespeed\\\/avatar\\\/e571bcf59a0edd6fa6838245a470f2fe.jpg?ver=1777574230\",\"width\":96,\"height\":96,\"caption\":\"admin\"}},{\"@type\":\"WebPage\",\"@id\":\"https:\\\/\\\/eldigitaldeasturias.com\\\/magazine365\\\/pau-gasol-se-reune-con-el-presidente-de-israel-en-su-primera-visita-al-pais\\\/#webpage\",\"url\":\"https:\\\/\\\/eldigitaldeasturias.com\\\/magazine365\\\/pau-gasol-se-reune-con-el-presidente-de-israel-en-su-primera-visita-al-pais\\\/\",\"name\":\"Pau Gasol se re\\u00fane con el presidente de Israel en su primera visita al pa\\u00eds | El Digital de Asturias\",\"description\":\"Jerusal\\u00e9n, 1 jun (EFE).- El espa\\u00f1ol Pau Gasol, p\\u00edvot de Los Angeles Lakers, se reuni\\u00f3 hoy durante su primera visita a Israel con el presidente del pa\\u00eds, Sim\\u00f3n Peres, en un encuentro en el que tambi\\u00e9n participaron jugadores de baloncesto \\u00e1rabes e israel\\u00edes. El deportista se desplaz\\u00f3 al pa\\u00eds para organizar un taller de baloncesto\",\"inLanguage\":\"es-ES\",\"isPartOf\":{\"@id\":\"https:\\\/\\\/eldigitaldeasturias.com\\\/magazine365\\\/#website\"},\"breadcrumb\":{\"@id\":\"https:\\\/\\\/eldigitaldeasturias.com\\\/magazine365\\\/pau-gasol-se-reune-con-el-presidente-de-israel-en-su-primera-visita-al-pais\\\/#breadcrumblist\"},\"author\":{\"@id\":\"https:\\\/\\\/eldigitaldeasturias.com\\\/magazine365\\\/author\\\/admin\\\/#author\"},\"creator\":{\"@id\":\"https:\\\/\\\/eldigitaldeasturias.com\\\/magazine365\\\/author\\\/admin\\\/#author\"},\"image\":{\"@type\":\"ImageObject\",\"url\":\"https:\\\/\\\/eldigitaldeasturias.com\\\/magazine365\\\/wp-content\\\/uploads\\\/2014\\\/06\\\/6322497w.jpg\",\"@id\":\"https:\\\/\\\/eldigitaldeasturias.com\\\/magazine365\\\/pau-gasol-se-reune-con-el-presidente-de-israel-en-su-primera-visita-al-pais\\\/#mainImage\",\"width\":800,\"height\":554},\"primaryImageOfPage\":{\"@id\":\"https:\\\/\\\/eldigitaldeasturias.com\\\/magazine365\\\/pau-gasol-se-reune-con-el-presidente-de-israel-en-su-primera-visita-al-pais\\\/#mainImage\"},\"datePublished\":\"2014-06-01T18:41:33+02:00\",\"dateModified\":\"2014-06-01T18:41:33+02:00\"},{\"@type\":\"WebSite\",\"@id\":\"https:\\\/\\\/eldigitaldeasturias.com\\\/magazine365\\\/#website\",\"url\":\"https:\\\/\\\/eldigitaldeasturias.com\\\/magazine365\\\/\",\"name\":\"El Digital de Asturias\",\"description\":\"Revista de ocio, turismo y estilo de vida\",\"inLanguage\":\"es-ES\",\"publisher\":{\"@id\":\"https:\\\/\\\/eldigitaldeasturias.com\\\/magazine365\\\/#organization\"}}]}\n\t\t<\/script>\n\t\t<!-- All in One SEO Pro -->\r\n\t\t<title>Pau Gasol se re\u00fane con el presidente de Israel en su primera visita al pa\u00eds | El Digital de Asturias<\/title>\n\n","aioseo_head_json":{"title":"Pau Gasol se re\u00fane con el presidente de Israel en su primera visita al pa\u00eds | El Digital de Asturias","description":"Jerusal\u00e9n, 1 jun (EFE).- El espa\u00f1ol Pau Gasol, p\u00edvot de Los Angeles Lakers, se reuni\u00f3 hoy durante su primera visita a Israel con el presidente del pa\u00eds, Sim\u00f3n Peres, en un encuentro en el que tambi\u00e9n participaron jugadores de baloncesto \u00e1rabes e israel\u00edes. El deportista se desplaz\u00f3 al pa\u00eds para organizar un taller de baloncesto","canonical_url":"https:\/\/eldigitaldeasturias.com\/magazine365\/pau-gasol-se-reune-con-el-presidente-de-israel-en-su-primera-visita-al-pais\/","robots":"max-image-preview:large","keywords":"noticias y actualidad","webmasterTools":{"google-site-verification":"UA-38556648-1","miscellaneous":""},"schema":{"@context":"https:\/\/schema.org","@graph":[{"@type":"Article","@id":"https:\/\/eldigitaldeasturias.com\/magazine365\/pau-gasol-se-reune-con-el-presidente-de-israel-en-su-primera-visita-al-pais\/#article","name":"Pau Gasol se re\u00fane con el presidente de Israel en su primera visita al pa\u00eds | El Digital de Asturias","headline":"Pau Gasol se re\u00fane con el presidente de Israel en su primera visita al pa\u00eds","author":{"@id":"https:\/\/eldigitaldeasturias.com\/magazine365\/author\/admin\/#author"},"publisher":{"@id":"https:\/\/eldigitaldeasturias.com\/magazine365\/#organization"},"image":{"@type":"ImageObject","url":"https:\/\/eldigitaldeasturias.com\/magazine365\/wp-content\/uploads\/2014\/06\/6322497w.jpg","width":800,"height":554},"datePublished":"2014-06-01T18:41:33+02:00","dateModified":"2014-06-01T18:41:33+02:00","inLanguage":"es-ES","mainEntityOfPage":{"@id":"https:\/\/eldigitaldeasturias.com\/magazine365\/pau-gasol-se-reune-con-el-presidente-de-israel-en-su-primera-visita-al-pais\/#webpage"},"isPartOf":{"@id":"https:\/\/eldigitaldeasturias.com\/magazine365\/pau-gasol-se-reune-con-el-presidente-de-israel-en-su-primera-visita-al-pais\/#webpage"},"articleSection":"Noticias y Actualidad"},{"@type":"BreadcrumbList","@id":"https:\/\/eldigitaldeasturias.com\/magazine365\/pau-gasol-se-reune-con-el-presidente-de-israel-en-su-primera-visita-al-pais\/#breadcrumblist","itemListElement":[{"@type":"ListItem","@id":"https:\/\/eldigitaldeasturias.com\/magazine365#listItem","position":1,"name":"Home","item":"https:\/\/eldigitaldeasturias.com\/magazine365","nextItem":{"@type":"ListItem","@id":"https:\/\/eldigitaldeasturias.com\/magazine365\/category\/noticias-actualidad\/#listItem","name":"Noticias y Actualidad"}},{"@type":"ListItem","@id":"https:\/\/eldigitaldeasturias.com\/magazine365\/category\/noticias-actualidad\/#listItem","position":2,"name":"Noticias y Actualidad","item":"https:\/\/eldigitaldeasturias.com\/magazine365\/category\/noticias-actualidad\/","nextItem":{"@type":"ListItem","@id":"https:\/\/eldigitaldeasturias.com\/magazine365\/pau-gasol-se-reune-con-el-presidente-de-israel-en-su-primera-visita-al-pais\/#listItem","name":"Pau Gasol se re\u00fane con el presidente de Israel en su primera visita al pa\u00eds"},"previousItem":{"@type":"ListItem","@id":"https:\/\/eldigitaldeasturias.com\/magazine365#listItem","name":"Home"}},{"@type":"ListItem","@id":"https:\/\/eldigitaldeasturias.com\/magazine365\/pau-gasol-se-reune-con-el-presidente-de-israel-en-su-primera-visita-al-pais\/#listItem","position":3,"name":"Pau Gasol se re\u00fane con el presidente de Israel en su primera visita al pa\u00eds","previousItem":{"@type":"ListItem","@id":"https:\/\/eldigitaldeasturias.com\/magazine365\/category\/noticias-actualidad\/#listItem","name":"Noticias y Actualidad"}}]},{"@type":"Organization","@id":"https:\/\/eldigitaldeasturias.com\/magazine365\/#organization","name":"El digital de Asturias","description":"Revista de ocio, turismo y estilo de vida","url":"https:\/\/eldigitaldeasturias.com\/magazine365\/","logo":{"@type":"ImageObject","url":"https:\/\/www.eldigitaldeasturias.com\/noticias\/wp-content\/uploads\/2020\/12\/EDA.jpg","@id":"https:\/\/eldigitaldeasturias.com\/magazine365\/pau-gasol-se-reune-con-el-presidente-de-israel-en-su-primera-visita-al-pais\/#organizationLogo"},"image":{"@id":"https:\/\/eldigitaldeasturias.com\/magazine365\/pau-gasol-se-reune-con-el-presidente-de-israel-en-su-primera-visita-al-pais\/#organizationLogo"}},{"@type":"Person","@id":"https:\/\/eldigitaldeasturias.com\/magazine365\/author\/admin\/#author","url":"https:\/\/eldigitaldeasturias.com\/magazine365\/author\/admin\/","name":"admin","image":{"@type":"ImageObject","@id":"https:\/\/eldigitaldeasturias.com\/magazine365\/pau-gasol-se-reune-con-el-presidente-de-israel-en-su-primera-visita-al-pais\/#authorImage","url":"https:\/\/eldigitaldeasturias.com\/magazine365\/wp-content\/litespeed\/avatar\/e571bcf59a0edd6fa6838245a470f2fe.jpg?ver=1777574230","width":96,"height":96,"caption":"admin"}},{"@type":"WebPage","@id":"https:\/\/eldigitaldeasturias.com\/magazine365\/pau-gasol-se-reune-con-el-presidente-de-israel-en-su-primera-visita-al-pais\/#webpage","url":"https:\/\/eldigitaldeasturias.com\/magazine365\/pau-gasol-se-reune-con-el-presidente-de-israel-en-su-primera-visita-al-pais\/","name":"Pau Gasol se re\u00fane con el presidente de Israel en su primera visita al pa\u00eds | El Digital de Asturias","description":"Jerusal\u00e9n, 1 jun (EFE).- El espa\u00f1ol Pau Gasol, p\u00edvot de Los Angeles Lakers, se reuni\u00f3 hoy durante su primera visita a Israel con el presidente del pa\u00eds, Sim\u00f3n Peres, en un encuentro en el que tambi\u00e9n participaron jugadores de baloncesto \u00e1rabes e israel\u00edes. El deportista se desplaz\u00f3 al pa\u00eds para organizar un taller de baloncesto","inLanguage":"es-ES","isPartOf":{"@id":"https:\/\/eldigitaldeasturias.com\/magazine365\/#website"},"breadcrumb":{"@id":"https:\/\/eldigitaldeasturias.com\/magazine365\/pau-gasol-se-reune-con-el-presidente-de-israel-en-su-primera-visita-al-pais\/#breadcrumblist"},"author":{"@id":"https:\/\/eldigitaldeasturias.com\/magazine365\/author\/admin\/#author"},"creator":{"@id":"https:\/\/eldigitaldeasturias.com\/magazine365\/author\/admin\/#author"},"image":{"@type":"ImageObject","url":"https:\/\/eldigitaldeasturias.com\/magazine365\/wp-content\/uploads\/2014\/06\/6322497w.jpg","@id":"https:\/\/eldigitaldeasturias.com\/magazine365\/pau-gasol-se-reune-con-el-presidente-de-israel-en-su-primera-visita-al-pais\/#mainImage","width":800,"height":554},"primaryImageOfPage":{"@id":"https:\/\/eldigitaldeasturias.com\/magazine365\/pau-gasol-se-reune-con-el-presidente-de-israel-en-su-primera-visita-al-pais\/#mainImage"},"datePublished":"2014-06-01T18:41:33+02:00","dateModified":"2014-06-01T18:41:33+02:00"},{"@type":"WebSite","@id":"https:\/\/eldigitaldeasturias.com\/magazine365\/#website","url":"https:\/\/eldigitaldeasturias.com\/magazine365\/","name":"El Digital de Asturias","description":"Revista de ocio, turismo y estilo de vida","inLanguage":"es-ES","publisher":{"@id":"https:\/\/eldigitaldeasturias.com\/magazine365\/#organization"}}]},"og:locale":"es_ES","og:site_name":"El Digital de Asturias \u2013 Revista de ocio, turismo y estilo de vida","og:type":"article","og:title":"Pau Gasol se re\u00fane con el presidente de Israel en su primera visita al pa\u00eds | El Digital de Asturias","og:description":"Jerusal\u00e9n, 1 jun (EFE).- El espa\u00f1ol Pau Gasol, p\u00edvot de Los Angeles Lakers, se reuni\u00f3 hoy durante su primera visita a Israel con el presidente del pa\u00eds, Sim\u00f3n Peres, en un encuentro en el que tambi\u00e9n participaron jugadores de baloncesto \u00e1rabes e israel\u00edes. El deportista se desplaz\u00f3 al pa\u00eds para organizar un taller de baloncesto","og:url":"https:\/\/eldigitaldeasturias.com\/magazine365\/pau-gasol-se-reune-con-el-presidente-de-israel-en-su-primera-visita-al-pais\/","og:image":"https:\/\/eldigitaldeasturias.com\/magazine365\/wp-content\/uploads\/2014\/06\/6322497w.jpg","og:image:secure_url":"https:\/\/eldigitaldeasturias.com\/magazine365\/wp-content\/uploads\/2014\/06\/6322497w.jpg","og:image:width":800,"og:image:height":554,"article:published_time":"2014-06-01T20:41:33+00:00","article:modified_time":"2014-06-01T20:41:33+00:00","twitter:card":"summary_large_image","twitter:title":"Pau Gasol se re\u00fane con el presidente de Israel en su primera visita al pa\u00eds | El Digital de Asturias","twitter:description":"Jerusal\u00e9n, 1 jun (EFE).- El espa\u00f1ol Pau Gasol, p\u00edvot de Los Angeles Lakers, se reuni\u00f3 hoy durante su primera visita a Israel con el presidente del pa\u00eds, Sim\u00f3n Peres, en un encuentro en el que tambi\u00e9n participaron jugadores de baloncesto \u00e1rabes e israel\u00edes. El deportista se desplaz\u00f3 al pa\u00eds para organizar un taller de baloncesto","twitter:image":"https:\/\/eldigitaldeasturias.com\/magazine365\/wp-content\/uploads\/2014\/06\/6322497w.jpg"},"aioseo_meta_data":{"post_id":"14691","title":null,"description":null,"keywords":null,"keyphrases":null,"primary_term":null,"canonical_url":null,"og_title":null,"og_description":null,"og_object_type":"default","og_image_type":"default","og_image_url":null,"og_image_width":null,"og_image_height":null,"og_image_custom_url":null,"og_image_custom_fields":null,"og_video":null,"og_custom_url":null,"og_article_section":null,"og_article_tags":null,"twitter_use_og":false,"twitter_card":"default","twitter_image_type":"default","twitter_image_url":null,"twitter_image_custom_url":null,"twitter_image_custom_fields":null,"twitter_title":null,"twitter_description":null,"schema":{"blockGraphs":[],"customGraphs":[],"default":{"data":{"Article":[],"Course":[],"Dataset":[],"FAQPage":[],"Movie":[],"Person":[],"Product":[],"ProductReview":[],"Car":[],"Recipe":[],"Service":[],"SoftwareApplication":[],"WebPage":[]},"graphName":"","isEnabled":true},"graphs":[]},"schema_type":null,"schema_type_options":null,"pillar_content":false,"robots_default":true,"robots_noindex":false,"robots_noarchive":false,"robots_nosnippet":false,"robots_nofollow":false,"robots_noimageindex":false,"robots_noodp":false,"robots_notranslate":false,"robots_max_snippet":null,"robots_max_videopreview":null,"robots_max_imagepreview":"large","priority":null,"frequency":null,"location":null,"local_seo":null,"seo_analyzer_scan_date":"2025-09-17 10:37:48","breadcrumb_settings":null,"limit_modified_date":false,"open_ai":null,"ai":null,"created":"2021-03-09 08:11:40","updated":"2025-09-17 10:37:48"},"aioseo_breadcrumb":"<div class=\"aioseo-breadcrumbs\"><span class=\"aioseo-breadcrumb\">\n\t<a href=\"https:\/\/eldigitaldeasturias.com\/magazine365\" title=\"Home\">Home<\/a>\n<\/span><span class=\"aioseo-breadcrumb-separator\">\u2013<\/span><span class=\"aioseo-breadcrumb\">\n\t<a href=\"https:\/\/eldigitaldeasturias.com\/magazine365\/category\/noticias-actualidad\/\" title=\"Noticias y Actualidad\">Noticias y Actualidad<\/a>\n<\/span><span class=\"aioseo-breadcrumb-separator\">\u2013<\/span><span class=\"aioseo-breadcrumb\">\n\t<a href=\"https:\/\/eldigitaldeasturias.com\/magazine365\/pau-gasol-se-reune-con-el-presidente-de-israel-en-su-primera-visita-al-pais\/\" title=\"Pau Gasol se re\u00fane con el presidente de Israel en su primera visita al pa\u00eds\">Pau Gasol se re\u00fane con el presidente de Israel en su primera visita al pa\u00eds<\/a>\n<\/span><\/div>","aioseo_breadcrumb_json":[{"label":"Home","link":"https:\/\/eldigitaldeasturias.com\/magazine365"},{"label":"Noticias y Actualidad","link":"https:\/\/eldigitaldeasturias.com\/magazine365\/category\/noticias-actualidad\/"},{"label":"Pau Gasol se re\u00fane con el presidente de Israel en su primera visita al pa\u00eds","link":"https:\/\/eldigitaldeasturias.com\/magazine365\/pau-gasol-se-reune-con-el-presidente-de-israel-en-su-primera-visita-al-pais\/"}],"_links":{"self":[{"href":"https:\/\/eldigitaldeasturias.com\/magazine365\/wp-json\/wp\/v2\/posts\/14691","targetHints":{"allow":["GET"]}}],"collection":[{"href":"https:\/\/eldigitaldeasturias.com\/magazine365\/wp-json\/wp\/v2\/posts"}],"about":[{"href":"https:\/\/eldigitaldeasturias.com\/magazine365\/wp-json\/wp\/v2\/types\/post"}],"author":[{"embeddable":true,"href":"https:\/\/eldigitaldeasturias.com\/magazine365\/wp-json\/wp\/v2\/users\/1"}],"replies":[{"embeddable":true,"href":"https:\/\/eldigitaldeasturias.com\/magazine365\/wp-json\/wp\/v2\/comments?post=14691"}],"version-history":[{"count":0,"href":"https:\/\/eldigitaldeasturias.com\/magazine365\/wp-json\/wp\/v2\/posts\/14691\/revisions"}],"wp:featuredmedia":[{"embeddable":true,"href":"https:\/\/eldigitaldeasturias.com\/magazine365\/wp-json\/wp\/v2\/media\/14692"}],"wp:attachment":[{"href":"https:\/\/eldigitaldeasturias.com\/magazine365\/wp-json\/wp\/v2\/media?parent=14691"}],"wp:term":[{"taxonomy":"category","embeddable":true,"href":"https:\/\/eldigitaldeasturias.com\/magazine365\/wp-json\/wp\/v2\/categories?post=14691"},{"taxonomy":"post_tag","embeddable":true,"href":"https:\/\/eldigitaldeasturias.com\/magazine365\/wp-json\/wp\/v2\/tags?post=14691"}],"curies":[{"name":"wp","href":"https:\/\/api.w.org\/{rel}","templated":true}]}}