{"id":14688,"date":"2014-06-01T18:40:33","date_gmt":"2014-06-01T20:40:33","guid":{"rendered":"http:\/\/eldigitaldeasturias.com\/magazine365\/?p=14688"},"modified":"2014-06-01T18:40:33","modified_gmt":"2014-06-01T20:40:33","slug":"un-millar-de-ciclistas-pedalean-junto-a-contador-en-su-carrera-solidaria","status":"publish","type":"post","link":"https:\/\/eldigitaldeasturias.com\/magazine365\/un-millar-de-ciclistas-pedalean-junto-a-contador-en-su-carrera-solidaria\/","title":{"rendered":"Un millar de ciclistas pedalean junto a Contador en su carrera solidaria"},"content":{"rendered":"<p><img fetchpriority=\"high\" decoding=\"async\" class=\"alignleft size-medium wp-image-14689\" alt=\"6322426w\" src=\"https:\/\/eldigitaldeasturias.com\/magazine365\/wp-content\/uploads\/2014\/06\/6322426w-360x270.jpg\" width=\"360\" height=\"270\" srcset=\"https:\/\/eldigitaldeasturias.com\/magazine365\/wp-content\/uploads\/2014\/06\/6322426w-360x270.jpg 360w, https:\/\/eldigitaldeasturias.com\/magazine365\/wp-content\/uploads\/2014\/06\/6322426w-650x488.jpg 650w, https:\/\/eldigitaldeasturias.com\/magazine365\/wp-content\/uploads\/2014\/06\/6322426w-768x576.jpg 768w, https:\/\/eldigitaldeasturias.com\/magazine365\/wp-content\/uploads\/2014\/06\/6322426w-150x113.jpg 150w, https:\/\/eldigitaldeasturias.com\/magazine365\/wp-content\/uploads\/2014\/06\/6322426w-450x338.jpg 450w, https:\/\/eldigitaldeasturias.com\/magazine365\/wp-content\/uploads\/2014\/06\/6322426w-80x60.jpg 80w, https:\/\/eldigitaldeasturias.com\/magazine365\/wp-content\/uploads\/2014\/06\/6322426w-265x198.jpg 265w, https:\/\/eldigitaldeasturias.com\/magazine365\/wp-content\/uploads\/2014\/06\/6322426w-696x522.jpg 696w, https:\/\/eldigitaldeasturias.com\/magazine365\/wp-content\/uploads\/2014\/06\/6322426w-560x420.jpg 560w, https:\/\/eldigitaldeasturias.com\/magazine365\/wp-content\/uploads\/2014\/06\/6322426w-90x67.jpg 90w, https:\/\/eldigitaldeasturias.com\/magazine365\/wp-content\/uploads\/2014\/06\/6322426w-100x75.jpg 100w, https:\/\/eldigitaldeasturias.com\/magazine365\/wp-content\/uploads\/2014\/06\/6322426w.jpg 800w\" sizes=\"(max-width: 360px) 100vw, 360px\" \/>Santander, 1 jun (EFE).- Casi un millar de ciclistas han respondido este domingo a la llamada de la Fundaci\u00f3n Alberto Contador y han pedaleado por Cantabria junto al corredor de Pinto en la cuarta marcha cicloturista solidaria que lleva su nombre, que se celebra por primera vez fuera de Madrid.<\/p>\n<p>El campe\u00f3n del Tour de Francia, del Giro y de la Vuelta a Espa\u00f1a ha cambiado por unas horas los escenarios del Teide, donde ha estado prepar\u00e1ndose para el Tour de este a\u00f1o, por los paisajes de Cantabria.<\/p>\n<p>Y ha pasado de las exigencias del entrenamiento, a pedalear por una causa solidaria, rodeado de aficionados y repartiendo firmas entre sonrisas a los que le ped\u00edan una dedicatoria en sus bicicletas o maillots.<\/p>\n<p>La marcha, que pretende difundir el uso de la bicicleta y recaudar fondos para la fundaci\u00f3n que lleva el nombre del ciclista, ha arrancado a las ocho y media de la ma\u00f1ana desde el Palacio de los Deportes de Santander, donde se ha ubicado tambi\u00e9n la meta.<\/p>\n<p>Ciclistas de toda Espa\u00f1a, as\u00ed como de Francia, Inglaterra y Alemania, se han sumado a la prueba, que tiene dos recorridos, uno de &#8216;medio fondo&#8217;, con unos 126 kil\u00f3metros, y otro de &#8216;gran fondo&#8217;, con unos 165 kil\u00f3metros.<\/p>\n<p>Los corredores han atravesado el Parque de la Naturaleza de Cab\u00e1rceno y han subido al Puerto de Fuente Las Varas antes de dividirse los trayectos.<\/p>\n<p>La marcha solidaria ha salido por primera vez este a\u00f1o de Madrid atendiendo a la importancia que tiene el ciclismo en Cantabria y, tambi\u00e9n, a que Santander es este a\u00f1o Ciudad Europea del Deporte.<\/p>\n<p>El alcalde santanderino, \u00cd\u00f1igo de la Serna, ha asistido a la salida de la prueba y ha agradecido a la Fundaci\u00f3n Alberto Contador que haya tra\u00eddo su marcha solidaria a la capital c\u00e1ntabra.<\/p>\n<p>A su juicio, con este evento Santander se convierte este domingo \u00aben un escaparate para el ciclismo aficionado gracias a la presencia del propio Alberto Contador\u00bb, que ha conseguido atraer a la ciudad \u00aba deportistas de toda Espa\u00f1a\u00bb y otros pa\u00edses europeos.<\/p>\n","protected":false},"excerpt":{"rendered":"<p>Santander, 1 jun (EFE).- Casi un millar de ciclistas han respondido este domingo a la llamada de la Fundaci\u00f3n Alberto Contador y han pedaleado por Cantabria junto al corredor de Pinto en la cuarta marcha cicloturista solidaria que lleva su nombre, que se celebra por primera vez fuera de Madrid. El campe\u00f3n del Tour de<\/p>\n","protected":false},"author":1,"featured_media":14689,"comment_status":"open","ping_status":"closed","sticky":false,"template":"","format":"standard","meta":{"footnotes":""},"categories":[224],"tags":[],"class_list":{"0":"post-14688","1":"post","2":"type-post","3":"status-publish","4":"format-standard","5":"has-post-thumbnail","7":"category-noticias-actualidad"},"aioseo_notices":[],"aioseo_head":"\n\t\t<!-- All in One SEO Pro 4.9.6.1 - aioseo.com -->\n\t<meta name=\"description\" content=\"Santander, 1 jun (EFE).- Casi un millar de ciclistas han respondido este domingo a la llamada de la Fundaci\u00f3n Alberto Contador y han pedaleado por Cantabria junto al corredor de Pinto en la cuarta marcha cicloturista solidaria que lleva su nombre, que se celebra por primera vez fuera de Madrid. El campe\u00f3n del Tour de\" \/>\n\t<meta name=\"robots\" content=\"max-image-preview:large\" \/>\n\t<meta name=\"author\" content=\"admin\"\/>\n\t<meta name=\"google-site-verification\" content=\"UA-38556648-1\" \/>\n\t<meta name=\"keywords\" content=\"noticias y actualidad\" \/>\n\t<link rel=\"canonical\" href=\"https:\/\/eldigitaldeasturias.com\/magazine365\/un-millar-de-ciclistas-pedalean-junto-a-contador-en-su-carrera-solidaria\/\" \/>\n\t<meta name=\"generator\" content=\"All in One SEO Pro (AIOSEO) 4.9.6.1\" \/>\n\t\t<meta property=\"og:locale\" content=\"es_ES\" \/>\n\t\t<meta property=\"og:site_name\" content=\"El Digital de Asturias \u2013 Revista de ocio, turismo y estilo de vida\" \/>\n\t\t<meta property=\"og:type\" content=\"article\" \/>\n\t\t<meta property=\"og:title\" content=\"Un millar de ciclistas pedalean junto a Contador en su carrera solidaria | El Digital de Asturias\" \/>\n\t\t<meta property=\"og:description\" content=\"Santander, 1 jun (EFE).- Casi un millar de ciclistas han respondido este domingo a la llamada de la Fundaci\u00f3n Alberto Contador y han pedaleado por Cantabria junto al corredor de Pinto en la cuarta marcha cicloturista solidaria que lleva su nombre, que se celebra por primera vez fuera de Madrid. El campe\u00f3n del Tour de\" \/>\n\t\t<meta property=\"og:url\" content=\"https:\/\/eldigitaldeasturias.com\/magazine365\/un-millar-de-ciclistas-pedalean-junto-a-contador-en-su-carrera-solidaria\/\" \/>\n\t\t<meta property=\"og:image\" content=\"https:\/\/eldigitaldeasturias.com\/magazine365\/wp-content\/uploads\/2014\/06\/6322426w.jpg\" \/>\n\t\t<meta property=\"og:image:secure_url\" content=\"https:\/\/eldigitaldeasturias.com\/magazine365\/wp-content\/uploads\/2014\/06\/6322426w.jpg\" \/>\n\t\t<meta property=\"og:image:width\" content=\"800\" \/>\n\t\t<meta property=\"og:image:height\" content=\"600\" \/>\n\t\t<meta property=\"article:published_time\" content=\"2014-06-01T20:40:33+00:00\" \/>\n\t\t<meta property=\"article:modified_time\" content=\"2014-06-01T20:40:33+00:00\" \/>\n\t\t<meta name=\"twitter:card\" content=\"summary_large_image\" \/>\n\t\t<meta name=\"twitter:title\" content=\"Un millar de ciclistas pedalean junto a Contador en su carrera solidaria | El Digital de Asturias\" \/>\n\t\t<meta name=\"twitter:description\" content=\"Santander, 1 jun (EFE).- Casi un millar de ciclistas han respondido este domingo a la llamada de la Fundaci\u00f3n Alberto Contador y han pedaleado por Cantabria junto al corredor de Pinto en la cuarta marcha cicloturista solidaria que lleva su nombre, que se celebra por primera vez fuera de Madrid. El campe\u00f3n del Tour de\" \/>\n\t\t<meta name=\"twitter:image\" content=\"https:\/\/eldigitaldeasturias.com\/magazine365\/wp-content\/uploads\/2014\/06\/6322426w.jpg\" \/>\n\t\t<script type=\"application\/ld+json\" class=\"aioseo-schema\">\n\t\t\t{\"@context\":\"https:\\\/\\\/schema.org\",\"@graph\":[{\"@type\":\"Article\",\"@id\":\"https:\\\/\\\/eldigitaldeasturias.com\\\/magazine365\\\/un-millar-de-ciclistas-pedalean-junto-a-contador-en-su-carrera-solidaria\\\/#article\",\"name\":\"Un millar de ciclistas pedalean junto a Contador en su carrera solidaria | El Digital de Asturias\",\"headline\":\"Un millar de ciclistas pedalean junto a Contador en su carrera solidaria\",\"author\":{\"@id\":\"https:\\\/\\\/eldigitaldeasturias.com\\\/magazine365\\\/author\\\/admin\\\/#author\"},\"publisher\":{\"@id\":\"https:\\\/\\\/eldigitaldeasturias.com\\\/magazine365\\\/#organization\"},\"image\":{\"@type\":\"ImageObject\",\"url\":\"https:\\\/\\\/eldigitaldeasturias.com\\\/magazine365\\\/wp-content\\\/uploads\\\/2014\\\/06\\\/6322426w.jpg\",\"width\":800,\"height\":600},\"datePublished\":\"2014-06-01T18:40:33+02:00\",\"dateModified\":\"2014-06-01T18:40:33+02:00\",\"inLanguage\":\"es-ES\",\"mainEntityOfPage\":{\"@id\":\"https:\\\/\\\/eldigitaldeasturias.com\\\/magazine365\\\/un-millar-de-ciclistas-pedalean-junto-a-contador-en-su-carrera-solidaria\\\/#webpage\"},\"isPartOf\":{\"@id\":\"https:\\\/\\\/eldigitaldeasturias.com\\\/magazine365\\\/un-millar-de-ciclistas-pedalean-junto-a-contador-en-su-carrera-solidaria\\\/#webpage\"},\"articleSection\":\"Noticias y Actualidad\"},{\"@type\":\"BreadcrumbList\",\"@id\":\"https:\\\/\\\/eldigitaldeasturias.com\\\/magazine365\\\/un-millar-de-ciclistas-pedalean-junto-a-contador-en-su-carrera-solidaria\\\/#breadcrumblist\",\"itemListElement\":[{\"@type\":\"ListItem\",\"@id\":\"https:\\\/\\\/eldigitaldeasturias.com\\\/magazine365#listItem\",\"position\":1,\"name\":\"Home\",\"item\":\"https:\\\/\\\/eldigitaldeasturias.com\\\/magazine365\",\"nextItem\":{\"@type\":\"ListItem\",\"@id\":\"https:\\\/\\\/eldigitaldeasturias.com\\\/magazine365\\\/category\\\/noticias-actualidad\\\/#listItem\",\"name\":\"Noticias y Actualidad\"}},{\"@type\":\"ListItem\",\"@id\":\"https:\\\/\\\/eldigitaldeasturias.com\\\/magazine365\\\/category\\\/noticias-actualidad\\\/#listItem\",\"position\":2,\"name\":\"Noticias y Actualidad\",\"item\":\"https:\\\/\\\/eldigitaldeasturias.com\\\/magazine365\\\/category\\\/noticias-actualidad\\\/\",\"nextItem\":{\"@type\":\"ListItem\",\"@id\":\"https:\\\/\\\/eldigitaldeasturias.com\\\/magazine365\\\/un-millar-de-ciclistas-pedalean-junto-a-contador-en-su-carrera-solidaria\\\/#listItem\",\"name\":\"Un millar de ciclistas pedalean junto a Contador en su carrera solidaria\"},\"previousItem\":{\"@type\":\"ListItem\",\"@id\":\"https:\\\/\\\/eldigitaldeasturias.com\\\/magazine365#listItem\",\"name\":\"Home\"}},{\"@type\":\"ListItem\",\"@id\":\"https:\\\/\\\/eldigitaldeasturias.com\\\/magazine365\\\/un-millar-de-ciclistas-pedalean-junto-a-contador-en-su-carrera-solidaria\\\/#listItem\",\"position\":3,\"name\":\"Un millar de ciclistas pedalean junto a Contador en su carrera solidaria\",\"previousItem\":{\"@type\":\"ListItem\",\"@id\":\"https:\\\/\\\/eldigitaldeasturias.com\\\/magazine365\\\/category\\\/noticias-actualidad\\\/#listItem\",\"name\":\"Noticias y Actualidad\"}}]},{\"@type\":\"Organization\",\"@id\":\"https:\\\/\\\/eldigitaldeasturias.com\\\/magazine365\\\/#organization\",\"name\":\"El digital de Asturias\",\"description\":\"Revista de ocio, turismo y estilo de vida\",\"url\":\"https:\\\/\\\/eldigitaldeasturias.com\\\/magazine365\\\/\",\"logo\":{\"@type\":\"ImageObject\",\"url\":\"https:\\\/\\\/www.eldigitaldeasturias.com\\\/noticias\\\/wp-content\\\/uploads\\\/2020\\\/12\\\/EDA.jpg\",\"@id\":\"https:\\\/\\\/eldigitaldeasturias.com\\\/magazine365\\\/un-millar-de-ciclistas-pedalean-junto-a-contador-en-su-carrera-solidaria\\\/#organizationLogo\"},\"image\":{\"@id\":\"https:\\\/\\\/eldigitaldeasturias.com\\\/magazine365\\\/un-millar-de-ciclistas-pedalean-junto-a-contador-en-su-carrera-solidaria\\\/#organizationLogo\"}},{\"@type\":\"Person\",\"@id\":\"https:\\\/\\\/eldigitaldeasturias.com\\\/magazine365\\\/author\\\/admin\\\/#author\",\"url\":\"https:\\\/\\\/eldigitaldeasturias.com\\\/magazine365\\\/author\\\/admin\\\/\",\"name\":\"admin\",\"image\":{\"@type\":\"ImageObject\",\"@id\":\"https:\\\/\\\/eldigitaldeasturias.com\\\/magazine365\\\/un-millar-de-ciclistas-pedalean-junto-a-contador-en-su-carrera-solidaria\\\/#authorImage\",\"url\":\"https:\\\/\\\/eldigitaldeasturias.com\\\/magazine365\\\/wp-content\\\/litespeed\\\/avatar\\\/e571bcf59a0edd6fa6838245a470f2fe.jpg?ver=1777574230\",\"width\":96,\"height\":96,\"caption\":\"admin\"}},{\"@type\":\"WebPage\",\"@id\":\"https:\\\/\\\/eldigitaldeasturias.com\\\/magazine365\\\/un-millar-de-ciclistas-pedalean-junto-a-contador-en-su-carrera-solidaria\\\/#webpage\",\"url\":\"https:\\\/\\\/eldigitaldeasturias.com\\\/magazine365\\\/un-millar-de-ciclistas-pedalean-junto-a-contador-en-su-carrera-solidaria\\\/\",\"name\":\"Un millar de ciclistas pedalean junto a Contador en su carrera solidaria | El Digital de Asturias\",\"description\":\"Santander, 1 jun (EFE).- Casi un millar de ciclistas han respondido este domingo a la llamada de la Fundaci\\u00f3n Alberto Contador y han pedaleado por Cantabria junto al corredor de Pinto en la cuarta marcha cicloturista solidaria que lleva su nombre, que se celebra por primera vez fuera de Madrid. El campe\\u00f3n del Tour de\",\"inLanguage\":\"es-ES\",\"isPartOf\":{\"@id\":\"https:\\\/\\\/eldigitaldeasturias.com\\\/magazine365\\\/#website\"},\"breadcrumb\":{\"@id\":\"https:\\\/\\\/eldigitaldeasturias.com\\\/magazine365\\\/un-millar-de-ciclistas-pedalean-junto-a-contador-en-su-carrera-solidaria\\\/#breadcrumblist\"},\"author\":{\"@id\":\"https:\\\/\\\/eldigitaldeasturias.com\\\/magazine365\\\/author\\\/admin\\\/#author\"},\"creator\":{\"@id\":\"https:\\\/\\\/eldigitaldeasturias.com\\\/magazine365\\\/author\\\/admin\\\/#author\"},\"image\":{\"@type\":\"ImageObject\",\"url\":\"https:\\\/\\\/eldigitaldeasturias.com\\\/magazine365\\\/wp-content\\\/uploads\\\/2014\\\/06\\\/6322426w.jpg\",\"@id\":\"https:\\\/\\\/eldigitaldeasturias.com\\\/magazine365\\\/un-millar-de-ciclistas-pedalean-junto-a-contador-en-su-carrera-solidaria\\\/#mainImage\",\"width\":800,\"height\":600},\"primaryImageOfPage\":{\"@id\":\"https:\\\/\\\/eldigitaldeasturias.com\\\/magazine365\\\/un-millar-de-ciclistas-pedalean-junto-a-contador-en-su-carrera-solidaria\\\/#mainImage\"},\"datePublished\":\"2014-06-01T18:40:33+02:00\",\"dateModified\":\"2014-06-01T18:40:33+02:00\"},{\"@type\":\"WebSite\",\"@id\":\"https:\\\/\\\/eldigitaldeasturias.com\\\/magazine365\\\/#website\",\"url\":\"https:\\\/\\\/eldigitaldeasturias.com\\\/magazine365\\\/\",\"name\":\"El Digital de Asturias\",\"description\":\"Revista de ocio, turismo y estilo de vida\",\"inLanguage\":\"es-ES\",\"publisher\":{\"@id\":\"https:\\\/\\\/eldigitaldeasturias.com\\\/magazine365\\\/#organization\"}}]}\n\t\t<\/script>\n\t\t<!-- All in One SEO Pro -->\r\n\t\t<title>Un millar de ciclistas pedalean junto a Contador en su carrera solidaria | El Digital de Asturias<\/title>\n\n","aioseo_head_json":{"title":"Un millar de ciclistas pedalean junto a Contador en su carrera solidaria | El Digital de Asturias","description":"Santander, 1 jun (EFE).- Casi un millar de ciclistas han respondido este domingo a la llamada de la Fundaci\u00f3n Alberto Contador y han pedaleado por Cantabria junto al corredor de Pinto en la cuarta marcha cicloturista solidaria que lleva su nombre, que se celebra por primera vez fuera de Madrid. El campe\u00f3n del Tour de","canonical_url":"https:\/\/eldigitaldeasturias.com\/magazine365\/un-millar-de-ciclistas-pedalean-junto-a-contador-en-su-carrera-solidaria\/","robots":"max-image-preview:large","keywords":"noticias y actualidad","webmasterTools":{"google-site-verification":"UA-38556648-1","miscellaneous":""},"schema":{"@context":"https:\/\/schema.org","@graph":[{"@type":"Article","@id":"https:\/\/eldigitaldeasturias.com\/magazine365\/un-millar-de-ciclistas-pedalean-junto-a-contador-en-su-carrera-solidaria\/#article","name":"Un millar de ciclistas pedalean junto a Contador en su carrera solidaria | El Digital de Asturias","headline":"Un millar de ciclistas pedalean junto a Contador en su carrera solidaria","author":{"@id":"https:\/\/eldigitaldeasturias.com\/magazine365\/author\/admin\/#author"},"publisher":{"@id":"https:\/\/eldigitaldeasturias.com\/magazine365\/#organization"},"image":{"@type":"ImageObject","url":"https:\/\/eldigitaldeasturias.com\/magazine365\/wp-content\/uploads\/2014\/06\/6322426w.jpg","width":800,"height":600},"datePublished":"2014-06-01T18:40:33+02:00","dateModified":"2014-06-01T18:40:33+02:00","inLanguage":"es-ES","mainEntityOfPage":{"@id":"https:\/\/eldigitaldeasturias.com\/magazine365\/un-millar-de-ciclistas-pedalean-junto-a-contador-en-su-carrera-solidaria\/#webpage"},"isPartOf":{"@id":"https:\/\/eldigitaldeasturias.com\/magazine365\/un-millar-de-ciclistas-pedalean-junto-a-contador-en-su-carrera-solidaria\/#webpage"},"articleSection":"Noticias y Actualidad"},{"@type":"BreadcrumbList","@id":"https:\/\/eldigitaldeasturias.com\/magazine365\/un-millar-de-ciclistas-pedalean-junto-a-contador-en-su-carrera-solidaria\/#breadcrumblist","itemListElement":[{"@type":"ListItem","@id":"https:\/\/eldigitaldeasturias.com\/magazine365#listItem","position":1,"name":"Home","item":"https:\/\/eldigitaldeasturias.com\/magazine365","nextItem":{"@type":"ListItem","@id":"https:\/\/eldigitaldeasturias.com\/magazine365\/category\/noticias-actualidad\/#listItem","name":"Noticias y Actualidad"}},{"@type":"ListItem","@id":"https:\/\/eldigitaldeasturias.com\/magazine365\/category\/noticias-actualidad\/#listItem","position":2,"name":"Noticias y Actualidad","item":"https:\/\/eldigitaldeasturias.com\/magazine365\/category\/noticias-actualidad\/","nextItem":{"@type":"ListItem","@id":"https:\/\/eldigitaldeasturias.com\/magazine365\/un-millar-de-ciclistas-pedalean-junto-a-contador-en-su-carrera-solidaria\/#listItem","name":"Un millar de ciclistas pedalean junto a Contador en su carrera solidaria"},"previousItem":{"@type":"ListItem","@id":"https:\/\/eldigitaldeasturias.com\/magazine365#listItem","name":"Home"}},{"@type":"ListItem","@id":"https:\/\/eldigitaldeasturias.com\/magazine365\/un-millar-de-ciclistas-pedalean-junto-a-contador-en-su-carrera-solidaria\/#listItem","position":3,"name":"Un millar de ciclistas pedalean junto a Contador en su carrera solidaria","previousItem":{"@type":"ListItem","@id":"https:\/\/eldigitaldeasturias.com\/magazine365\/category\/noticias-actualidad\/#listItem","name":"Noticias y Actualidad"}}]},{"@type":"Organization","@id":"https:\/\/eldigitaldeasturias.com\/magazine365\/#organization","name":"El digital de Asturias","description":"Revista de ocio, turismo y estilo de vida","url":"https:\/\/eldigitaldeasturias.com\/magazine365\/","logo":{"@type":"ImageObject","url":"https:\/\/www.eldigitaldeasturias.com\/noticias\/wp-content\/uploads\/2020\/12\/EDA.jpg","@id":"https:\/\/eldigitaldeasturias.com\/magazine365\/un-millar-de-ciclistas-pedalean-junto-a-contador-en-su-carrera-solidaria\/#organizationLogo"},"image":{"@id":"https:\/\/eldigitaldeasturias.com\/magazine365\/un-millar-de-ciclistas-pedalean-junto-a-contador-en-su-carrera-solidaria\/#organizationLogo"}},{"@type":"Person","@id":"https:\/\/eldigitaldeasturias.com\/magazine365\/author\/admin\/#author","url":"https:\/\/eldigitaldeasturias.com\/magazine365\/author\/admin\/","name":"admin","image":{"@type":"ImageObject","@id":"https:\/\/eldigitaldeasturias.com\/magazine365\/un-millar-de-ciclistas-pedalean-junto-a-contador-en-su-carrera-solidaria\/#authorImage","url":"https:\/\/eldigitaldeasturias.com\/magazine365\/wp-content\/litespeed\/avatar\/e571bcf59a0edd6fa6838245a470f2fe.jpg?ver=1777574230","width":96,"height":96,"caption":"admin"}},{"@type":"WebPage","@id":"https:\/\/eldigitaldeasturias.com\/magazine365\/un-millar-de-ciclistas-pedalean-junto-a-contador-en-su-carrera-solidaria\/#webpage","url":"https:\/\/eldigitaldeasturias.com\/magazine365\/un-millar-de-ciclistas-pedalean-junto-a-contador-en-su-carrera-solidaria\/","name":"Un millar de ciclistas pedalean junto a Contador en su carrera solidaria | El Digital de Asturias","description":"Santander, 1 jun (EFE).- Casi un millar de ciclistas han respondido este domingo a la llamada de la Fundaci\u00f3n Alberto Contador y han pedaleado por Cantabria junto al corredor de Pinto en la cuarta marcha cicloturista solidaria que lleva su nombre, que se celebra por primera vez fuera de Madrid. El campe\u00f3n del Tour de","inLanguage":"es-ES","isPartOf":{"@id":"https:\/\/eldigitaldeasturias.com\/magazine365\/#website"},"breadcrumb":{"@id":"https:\/\/eldigitaldeasturias.com\/magazine365\/un-millar-de-ciclistas-pedalean-junto-a-contador-en-su-carrera-solidaria\/#breadcrumblist"},"author":{"@id":"https:\/\/eldigitaldeasturias.com\/magazine365\/author\/admin\/#author"},"creator":{"@id":"https:\/\/eldigitaldeasturias.com\/magazine365\/author\/admin\/#author"},"image":{"@type":"ImageObject","url":"https:\/\/eldigitaldeasturias.com\/magazine365\/wp-content\/uploads\/2014\/06\/6322426w.jpg","@id":"https:\/\/eldigitaldeasturias.com\/magazine365\/un-millar-de-ciclistas-pedalean-junto-a-contador-en-su-carrera-solidaria\/#mainImage","width":800,"height":600},"primaryImageOfPage":{"@id":"https:\/\/eldigitaldeasturias.com\/magazine365\/un-millar-de-ciclistas-pedalean-junto-a-contador-en-su-carrera-solidaria\/#mainImage"},"datePublished":"2014-06-01T18:40:33+02:00","dateModified":"2014-06-01T18:40:33+02:00"},{"@type":"WebSite","@id":"https:\/\/eldigitaldeasturias.com\/magazine365\/#website","url":"https:\/\/eldigitaldeasturias.com\/magazine365\/","name":"El Digital de Asturias","description":"Revista de ocio, turismo y estilo de vida","inLanguage":"es-ES","publisher":{"@id":"https:\/\/eldigitaldeasturias.com\/magazine365\/#organization"}}]},"og:locale":"es_ES","og:site_name":"El Digital de Asturias \u2013 Revista de ocio, turismo y estilo de vida","og:type":"article","og:title":"Un millar de ciclistas pedalean junto a Contador en su carrera solidaria | El Digital de Asturias","og:description":"Santander, 1 jun (EFE).- Casi un millar de ciclistas han respondido este domingo a la llamada de la Fundaci\u00f3n Alberto Contador y han pedaleado por Cantabria junto al corredor de Pinto en la cuarta marcha cicloturista solidaria que lleva su nombre, que se celebra por primera vez fuera de Madrid. El campe\u00f3n del Tour de","og:url":"https:\/\/eldigitaldeasturias.com\/magazine365\/un-millar-de-ciclistas-pedalean-junto-a-contador-en-su-carrera-solidaria\/","og:image":"https:\/\/eldigitaldeasturias.com\/magazine365\/wp-content\/uploads\/2014\/06\/6322426w.jpg","og:image:secure_url":"https:\/\/eldigitaldeasturias.com\/magazine365\/wp-content\/uploads\/2014\/06\/6322426w.jpg","og:image:width":800,"og:image:height":600,"article:published_time":"2014-06-01T20:40:33+00:00","article:modified_time":"2014-06-01T20:40:33+00:00","twitter:card":"summary_large_image","twitter:title":"Un millar de ciclistas pedalean junto a Contador en su carrera solidaria | El Digital de Asturias","twitter:description":"Santander, 1 jun (EFE).- Casi un millar de ciclistas han respondido este domingo a la llamada de la Fundaci\u00f3n Alberto Contador y han pedaleado por Cantabria junto al corredor de Pinto en la cuarta marcha cicloturista solidaria que lleva su nombre, que se celebra por primera vez fuera de Madrid. El campe\u00f3n del Tour de","twitter:image":"https:\/\/eldigitaldeasturias.com\/magazine365\/wp-content\/uploads\/2014\/06\/6322426w.jpg"},"aioseo_meta_data":{"post_id":"14688","title":null,"description":null,"keywords":null,"keyphrases":null,"primary_term":null,"canonical_url":null,"og_title":null,"og_description":null,"og_object_type":"default","og_image_type":"default","og_image_url":null,"og_image_width":null,"og_image_height":null,"og_image_custom_url":null,"og_image_custom_fields":null,"og_video":null,"og_custom_url":null,"og_article_section":null,"og_article_tags":null,"twitter_use_og":false,"twitter_card":"default","twitter_image_type":"default","twitter_image_url":null,"twitter_image_custom_url":null,"twitter_image_custom_fields":null,"twitter_title":null,"twitter_description":null,"schema":{"blockGraphs":[],"customGraphs":[],"default":{"data":{"Article":[],"Course":[],"Dataset":[],"FAQPage":[],"Movie":[],"Person":[],"Product":[],"ProductReview":[],"Car":[],"Recipe":[],"Service":[],"SoftwareApplication":[],"WebPage":[]},"graphName":"","isEnabled":true},"graphs":[],"defaultGraph":"","defaultPostTypeGraph":""},"schema_type":null,"schema_type_options":null,"pillar_content":false,"robots_default":true,"robots_noindex":false,"robots_noarchive":false,"robots_nosnippet":false,"robots_nofollow":false,"robots_noimageindex":false,"robots_noodp":false,"robots_notranslate":false,"robots_max_snippet":null,"robots_max_videopreview":null,"robots_max_imagepreview":"large","priority":null,"frequency":null,"location":null,"local_seo":null,"seo_analyzer_scan_date":"2025-09-17 10:37:46","breadcrumb_settings":null,"limit_modified_date":false,"open_ai":null,"ai":null,"created":"2021-03-09 08:11:40","updated":"2025-09-17 10:37:46"},"aioseo_breadcrumb":"<div class=\"aioseo-breadcrumbs\"><span class=\"aioseo-breadcrumb\">\n\t<a href=\"https:\/\/eldigitaldeasturias.com\/magazine365\" title=\"Home\">Home<\/a>\n<\/span><span class=\"aioseo-breadcrumb-separator\">\u2013<\/span><span class=\"aioseo-breadcrumb\">\n\t<a href=\"https:\/\/eldigitaldeasturias.com\/magazine365\/category\/noticias-actualidad\/\" title=\"Noticias y Actualidad\">Noticias y Actualidad<\/a>\n<\/span><span class=\"aioseo-breadcrumb-separator\">\u2013<\/span><span class=\"aioseo-breadcrumb\">\n\t<a href=\"https:\/\/eldigitaldeasturias.com\/magazine365\/un-millar-de-ciclistas-pedalean-junto-a-contador-en-su-carrera-solidaria\/\" title=\"Un millar de ciclistas pedalean junto a Contador en su carrera solidaria\">Un millar de ciclistas pedalean junto a Contador en su carrera solidaria<\/a>\n<\/span><\/div>","aioseo_breadcrumb_json":[{"label":"Home","link":"https:\/\/eldigitaldeasturias.com\/magazine365"},{"label":"Noticias y Actualidad","link":"https:\/\/eldigitaldeasturias.com\/magazine365\/category\/noticias-actualidad\/"},{"label":"Un millar de ciclistas pedalean junto a Contador en su carrera solidaria","link":"https:\/\/eldigitaldeasturias.com\/magazine365\/un-millar-de-ciclistas-pedalean-junto-a-contador-en-su-carrera-solidaria\/"}],"_links":{"self":[{"href":"https:\/\/eldigitaldeasturias.com\/magazine365\/wp-json\/wp\/v2\/posts\/14688","targetHints":{"allow":["GET"]}}],"collection":[{"href":"https:\/\/eldigitaldeasturias.com\/magazine365\/wp-json\/wp\/v2\/posts"}],"about":[{"href":"https:\/\/eldigitaldeasturias.com\/magazine365\/wp-json\/wp\/v2\/types\/post"}],"author":[{"embeddable":true,"href":"https:\/\/eldigitaldeasturias.com\/magazine365\/wp-json\/wp\/v2\/users\/1"}],"replies":[{"embeddable":true,"href":"https:\/\/eldigitaldeasturias.com\/magazine365\/wp-json\/wp\/v2\/comments?post=14688"}],"version-history":[{"count":0,"href":"https:\/\/eldigitaldeasturias.com\/magazine365\/wp-json\/wp\/v2\/posts\/14688\/revisions"}],"wp:featuredmedia":[{"embeddable":true,"href":"https:\/\/eldigitaldeasturias.com\/magazine365\/wp-json\/wp\/v2\/media\/14689"}],"wp:attachment":[{"href":"https:\/\/eldigitaldeasturias.com\/magazine365\/wp-json\/wp\/v2\/media?parent=14688"}],"wp:term":[{"taxonomy":"category","embeddable":true,"href":"https:\/\/eldigitaldeasturias.com\/magazine365\/wp-json\/wp\/v2\/categories?post=14688"},{"taxonomy":"post_tag","embeddable":true,"href":"https:\/\/eldigitaldeasturias.com\/magazine365\/wp-json\/wp\/v2\/tags?post=14688"}],"curies":[{"name":"wp","href":"https:\/\/api.w.org\/{rel}","templated":true}]}}