{"id":14685,"date":"2014-06-01T18:39:28","date_gmt":"2014-06-01T20:39:28","guid":{"rendered":"http:\/\/eldigitaldeasturias.com\/magazine365\/?p=14685"},"modified":"2014-06-01T18:39:28","modified_gmt":"2014-06-01T20:39:28","slug":"una-gala-solidaria-rinde-hoy-homenajea-a-john-lennon-en-santiago","status":"publish","type":"post","link":"https:\/\/eldigitaldeasturias.com\/magazine365\/una-gala-solidaria-rinde-hoy-homenajea-a-john-lennon-en-santiago\/","title":{"rendered":"Una gala solidaria rinde hoy homenajea a John Lennon en Santiago"},"content":{"rendered":"<p><img fetchpriority=\"high\" decoding=\"async\" class=\"alignleft size-medium wp-image-14686\" alt=\"6322337w\" src=\"https:\/\/eldigitaldeasturias.com\/magazine365\/wp-content\/uploads\/2014\/06\/6322337w-360x207.jpg\" width=\"360\" height=\"207\" \/>Santiago de Compostela, 1 juny (EFE).- Santiago se transforma hoy, a trav\u00e9s de una gala solidaria organizada por M\u00e9dicos sin Fronteras y Acordes por la Paz, en el Liverpool de finales de los a\u00f1os 50, con la actuaci\u00f3n por primera vez en Galicia de The Quarrymen, el grupo que supuso el embri\u00f3n de Los Beatles y los inicios de John Lennon en la m\u00fasica.<\/p>\n<p>La cabeza de cartel del acto homenaje a John Lennon, que se celebrar\u00e1 en el Auditorio de Galicia, ser\u00e1 la m\u00edtica banda inglesa que estuvo integrada, entre otros, por tres de los cuatro miembros de The Beatles (John Lennon, Paul McCartney y George Harrison).<\/p>\n<p>En el escenario estar\u00e1n los tres m\u00fasicos que compartieron banda con Lennon, que interpretar\u00e1n \u00abtemas de siempre\u00bb, como avanzaron el d\u00eda de presentaci\u00f3n de la gala, mientras tambi\u00e9n estar\u00e1 la hermana del m\u00fasico fallecido, Julia Baird, como presentadora, junto a Javier Gurruchaga.<\/p>\n<p>Adem\u00e1s de la banda en la que cant\u00f3 Lennon, la gala contar\u00e1 con la actuaci\u00f3n de Chenoa, Extrema Urgencia, Adri\u00e1n Costa, Los Chavales, Manqui\u00f1a y Esguince en una gala cuya recaudaci\u00f3n \u00edntegra ser\u00e1 destinada a fondos de emergencia de M\u00e9dicos sin Fronteras.<\/p>\n","protected":false},"excerpt":{"rendered":"<p>Santiago de Compostela, 1 juny (EFE).- Santiago se transforma hoy, a trav\u00e9s de una gala solidaria organizada por M\u00e9dicos sin Fronteras y Acordes por la Paz, en el Liverpool de finales de los a\u00f1os 50, con la actuaci\u00f3n por primera vez en Galicia de The Quarrymen, el grupo que supuso el embri\u00f3n de Los Beatles<\/p>\n","protected":false},"author":1,"featured_media":14686,"comment_status":"open","ping_status":"closed","sticky":false,"template":"","format":"standard","meta":{"footnotes":""},"categories":[224],"tags":[],"class_list":{"0":"post-14685","1":"post","2":"type-post","3":"status-publish","4":"format-standard","5":"has-post-thumbnail","7":"category-noticias-actualidad"},"aioseo_notices":[],"aioseo_head":"\n\t\t<!-- All in One SEO Pro 4.9.6.1 - aioseo.com -->\n\t<meta name=\"description\" content=\"Santiago de Compostela, 1 juny (EFE).- Santiago se transforma hoy, a trav\u00e9s de una gala solidaria organizada por M\u00e9dicos sin Fronteras y Acordes por la Paz, en el Liverpool de finales de los a\u00f1os 50, con la actuaci\u00f3n por primera vez en Galicia de The Quarrymen, el grupo que supuso el embri\u00f3n de Los Beatles\" \/>\n\t<meta name=\"robots\" content=\"max-image-preview:large\" \/>\n\t<meta name=\"author\" content=\"admin\"\/>\n\t<meta name=\"google-site-verification\" content=\"UA-38556648-1\" \/>\n\t<meta name=\"keywords\" content=\"noticias y actualidad\" \/>\n\t<link rel=\"canonical\" href=\"https:\/\/eldigitaldeasturias.com\/magazine365\/una-gala-solidaria-rinde-hoy-homenajea-a-john-lennon-en-santiago\/\" \/>\n\t<meta name=\"generator\" content=\"All in One SEO Pro (AIOSEO) 4.9.6.1\" \/>\n\t\t<meta property=\"og:locale\" content=\"es_ES\" \/>\n\t\t<meta property=\"og:site_name\" content=\"El Digital de Asturias \u2013 Revista de ocio, turismo y estilo de vida\" \/>\n\t\t<meta property=\"og:type\" content=\"article\" \/>\n\t\t<meta property=\"og:title\" content=\"Una gala solidaria rinde hoy homenajea a John Lennon en Santiago | El Digital de Asturias\" \/>\n\t\t<meta property=\"og:description\" content=\"Santiago de Compostela, 1 juny (EFE).- Santiago se transforma hoy, a trav\u00e9s de una gala solidaria organizada por M\u00e9dicos sin Fronteras y Acordes por la Paz, en el Liverpool de finales de los a\u00f1os 50, con la actuaci\u00f3n por primera vez en Galicia de The Quarrymen, el grupo que supuso el embri\u00f3n de Los Beatles\" \/>\n\t\t<meta property=\"og:url\" content=\"https:\/\/eldigitaldeasturias.com\/magazine365\/una-gala-solidaria-rinde-hoy-homenajea-a-john-lennon-en-santiago\/\" \/>\n\t\t<meta property=\"og:image\" content=\"https:\/\/eldigitaldeasturias.com\/magazine365\/wp-content\/uploads\/2014\/06\/6322337w.jpg\" \/>\n\t\t<meta property=\"og:image:secure_url\" content=\"https:\/\/eldigitaldeasturias.com\/magazine365\/wp-content\/uploads\/2014\/06\/6322337w.jpg\" \/>\n\t\t<meta property=\"og:image:width\" content=\"800\" \/>\n\t\t<meta property=\"og:image:height\" content=\"462\" \/>\n\t\t<meta property=\"article:published_time\" content=\"2014-06-01T20:39:28+00:00\" \/>\n\t\t<meta property=\"article:modified_time\" content=\"2014-06-01T20:39:28+00:00\" \/>\n\t\t<meta name=\"twitter:card\" content=\"summary_large_image\" \/>\n\t\t<meta name=\"twitter:title\" content=\"Una gala solidaria rinde hoy homenajea a John Lennon en Santiago | El Digital de Asturias\" \/>\n\t\t<meta name=\"twitter:description\" content=\"Santiago de Compostela, 1 juny (EFE).- Santiago se transforma hoy, a trav\u00e9s de una gala solidaria organizada por M\u00e9dicos sin Fronteras y Acordes por la Paz, en el Liverpool de finales de los a\u00f1os 50, con la actuaci\u00f3n por primera vez en Galicia de The Quarrymen, el grupo que supuso el embri\u00f3n de Los Beatles\" \/>\n\t\t<meta name=\"twitter:image\" content=\"https:\/\/eldigitaldeasturias.com\/magazine365\/wp-content\/uploads\/2014\/06\/6322337w.jpg\" \/>\n\t\t<script type=\"application\/ld+json\" class=\"aioseo-schema\">\n\t\t\t{\"@context\":\"https:\\\/\\\/schema.org\",\"@graph\":[{\"@type\":\"Article\",\"@id\":\"https:\\\/\\\/eldigitaldeasturias.com\\\/magazine365\\\/una-gala-solidaria-rinde-hoy-homenajea-a-john-lennon-en-santiago\\\/#article\",\"name\":\"Una gala solidaria rinde hoy homenajea a John Lennon en Santiago | El Digital de Asturias\",\"headline\":\"Una gala solidaria rinde hoy homenajea a John Lennon en Santiago\",\"author\":{\"@id\":\"https:\\\/\\\/eldigitaldeasturias.com\\\/magazine365\\\/author\\\/admin\\\/#author\"},\"publisher\":{\"@id\":\"https:\\\/\\\/eldigitaldeasturias.com\\\/magazine365\\\/#organization\"},\"image\":{\"@type\":\"ImageObject\",\"url\":\"https:\\\/\\\/eldigitaldeasturias.com\\\/magazine365\\\/wp-content\\\/uploads\\\/2014\\\/06\\\/6322337w.jpg\",\"width\":800,\"height\":462},\"datePublished\":\"2014-06-01T18:39:28+02:00\",\"dateModified\":\"2014-06-01T18:39:28+02:00\",\"inLanguage\":\"es-ES\",\"mainEntityOfPage\":{\"@id\":\"https:\\\/\\\/eldigitaldeasturias.com\\\/magazine365\\\/una-gala-solidaria-rinde-hoy-homenajea-a-john-lennon-en-santiago\\\/#webpage\"},\"isPartOf\":{\"@id\":\"https:\\\/\\\/eldigitaldeasturias.com\\\/magazine365\\\/una-gala-solidaria-rinde-hoy-homenajea-a-john-lennon-en-santiago\\\/#webpage\"},\"articleSection\":\"Noticias y Actualidad\"},{\"@type\":\"BreadcrumbList\",\"@id\":\"https:\\\/\\\/eldigitaldeasturias.com\\\/magazine365\\\/una-gala-solidaria-rinde-hoy-homenajea-a-john-lennon-en-santiago\\\/#breadcrumblist\",\"itemListElement\":[{\"@type\":\"ListItem\",\"@id\":\"https:\\\/\\\/eldigitaldeasturias.com\\\/magazine365#listItem\",\"position\":1,\"name\":\"Home\",\"item\":\"https:\\\/\\\/eldigitaldeasturias.com\\\/magazine365\",\"nextItem\":{\"@type\":\"ListItem\",\"@id\":\"https:\\\/\\\/eldigitaldeasturias.com\\\/magazine365\\\/category\\\/noticias-actualidad\\\/#listItem\",\"name\":\"Noticias y Actualidad\"}},{\"@type\":\"ListItem\",\"@id\":\"https:\\\/\\\/eldigitaldeasturias.com\\\/magazine365\\\/category\\\/noticias-actualidad\\\/#listItem\",\"position\":2,\"name\":\"Noticias y Actualidad\",\"item\":\"https:\\\/\\\/eldigitaldeasturias.com\\\/magazine365\\\/category\\\/noticias-actualidad\\\/\",\"nextItem\":{\"@type\":\"ListItem\",\"@id\":\"https:\\\/\\\/eldigitaldeasturias.com\\\/magazine365\\\/una-gala-solidaria-rinde-hoy-homenajea-a-john-lennon-en-santiago\\\/#listItem\",\"name\":\"Una gala solidaria rinde hoy homenajea a John Lennon en Santiago\"},\"previousItem\":{\"@type\":\"ListItem\",\"@id\":\"https:\\\/\\\/eldigitaldeasturias.com\\\/magazine365#listItem\",\"name\":\"Home\"}},{\"@type\":\"ListItem\",\"@id\":\"https:\\\/\\\/eldigitaldeasturias.com\\\/magazine365\\\/una-gala-solidaria-rinde-hoy-homenajea-a-john-lennon-en-santiago\\\/#listItem\",\"position\":3,\"name\":\"Una gala solidaria rinde hoy homenajea a John Lennon en Santiago\",\"previousItem\":{\"@type\":\"ListItem\",\"@id\":\"https:\\\/\\\/eldigitaldeasturias.com\\\/magazine365\\\/category\\\/noticias-actualidad\\\/#listItem\",\"name\":\"Noticias y Actualidad\"}}]},{\"@type\":\"Organization\",\"@id\":\"https:\\\/\\\/eldigitaldeasturias.com\\\/magazine365\\\/#organization\",\"name\":\"El digital de Asturias\",\"description\":\"Revista de ocio, turismo y estilo de vida\",\"url\":\"https:\\\/\\\/eldigitaldeasturias.com\\\/magazine365\\\/\",\"logo\":{\"@type\":\"ImageObject\",\"url\":\"https:\\\/\\\/www.eldigitaldeasturias.com\\\/noticias\\\/wp-content\\\/uploads\\\/2020\\\/12\\\/EDA.jpg\",\"@id\":\"https:\\\/\\\/eldigitaldeasturias.com\\\/magazine365\\\/una-gala-solidaria-rinde-hoy-homenajea-a-john-lennon-en-santiago\\\/#organizationLogo\"},\"image\":{\"@id\":\"https:\\\/\\\/eldigitaldeasturias.com\\\/magazine365\\\/una-gala-solidaria-rinde-hoy-homenajea-a-john-lennon-en-santiago\\\/#organizationLogo\"}},{\"@type\":\"Person\",\"@id\":\"https:\\\/\\\/eldigitaldeasturias.com\\\/magazine365\\\/author\\\/admin\\\/#author\",\"url\":\"https:\\\/\\\/eldigitaldeasturias.com\\\/magazine365\\\/author\\\/admin\\\/\",\"name\":\"admin\",\"image\":{\"@type\":\"ImageObject\",\"@id\":\"https:\\\/\\\/eldigitaldeasturias.com\\\/magazine365\\\/una-gala-solidaria-rinde-hoy-homenajea-a-john-lennon-en-santiago\\\/#authorImage\",\"url\":\"https:\\\/\\\/eldigitaldeasturias.com\\\/magazine365\\\/wp-content\\\/litespeed\\\/avatar\\\/e571bcf59a0edd6fa6838245a470f2fe.jpg?ver=1777574230\",\"width\":96,\"height\":96,\"caption\":\"admin\"}},{\"@type\":\"WebPage\",\"@id\":\"https:\\\/\\\/eldigitaldeasturias.com\\\/magazine365\\\/una-gala-solidaria-rinde-hoy-homenajea-a-john-lennon-en-santiago\\\/#webpage\",\"url\":\"https:\\\/\\\/eldigitaldeasturias.com\\\/magazine365\\\/una-gala-solidaria-rinde-hoy-homenajea-a-john-lennon-en-santiago\\\/\",\"name\":\"Una gala solidaria rinde hoy homenajea a John Lennon en Santiago | El Digital de Asturias\",\"description\":\"Santiago de Compostela, 1 juny (EFE).- Santiago se transforma hoy, a trav\\u00e9s de una gala solidaria organizada por M\\u00e9dicos sin Fronteras y Acordes por la Paz, en el Liverpool de finales de los a\\u00f1os 50, con la actuaci\\u00f3n por primera vez en Galicia de The Quarrymen, el grupo que supuso el embri\\u00f3n de Los Beatles\",\"inLanguage\":\"es-ES\",\"isPartOf\":{\"@id\":\"https:\\\/\\\/eldigitaldeasturias.com\\\/magazine365\\\/#website\"},\"breadcrumb\":{\"@id\":\"https:\\\/\\\/eldigitaldeasturias.com\\\/magazine365\\\/una-gala-solidaria-rinde-hoy-homenajea-a-john-lennon-en-santiago\\\/#breadcrumblist\"},\"author\":{\"@id\":\"https:\\\/\\\/eldigitaldeasturias.com\\\/magazine365\\\/author\\\/admin\\\/#author\"},\"creator\":{\"@id\":\"https:\\\/\\\/eldigitaldeasturias.com\\\/magazine365\\\/author\\\/admin\\\/#author\"},\"image\":{\"@type\":\"ImageObject\",\"url\":\"https:\\\/\\\/eldigitaldeasturias.com\\\/magazine365\\\/wp-content\\\/uploads\\\/2014\\\/06\\\/6322337w.jpg\",\"@id\":\"https:\\\/\\\/eldigitaldeasturias.com\\\/magazine365\\\/una-gala-solidaria-rinde-hoy-homenajea-a-john-lennon-en-santiago\\\/#mainImage\",\"width\":800,\"height\":462},\"primaryImageOfPage\":{\"@id\":\"https:\\\/\\\/eldigitaldeasturias.com\\\/magazine365\\\/una-gala-solidaria-rinde-hoy-homenajea-a-john-lennon-en-santiago\\\/#mainImage\"},\"datePublished\":\"2014-06-01T18:39:28+02:00\",\"dateModified\":\"2014-06-01T18:39:28+02:00\"},{\"@type\":\"WebSite\",\"@id\":\"https:\\\/\\\/eldigitaldeasturias.com\\\/magazine365\\\/#website\",\"url\":\"https:\\\/\\\/eldigitaldeasturias.com\\\/magazine365\\\/\",\"name\":\"El Digital de Asturias\",\"description\":\"Revista de ocio, turismo y estilo de vida\",\"inLanguage\":\"es-ES\",\"publisher\":{\"@id\":\"https:\\\/\\\/eldigitaldeasturias.com\\\/magazine365\\\/#organization\"}}]}\n\t\t<\/script>\n\t\t<!-- All in One SEO Pro -->\r\n\t\t<title>Una gala solidaria rinde hoy homenajea a John Lennon en Santiago | El Digital de Asturias<\/title>\n\n","aioseo_head_json":{"title":"Una gala solidaria rinde hoy homenajea a John Lennon en Santiago | El Digital de Asturias","description":"Santiago de Compostela, 1 juny (EFE).- Santiago se transforma hoy, a trav\u00e9s de una gala solidaria organizada por M\u00e9dicos sin Fronteras y Acordes por la Paz, en el Liverpool de finales de los a\u00f1os 50, con la actuaci\u00f3n por primera vez en Galicia de The Quarrymen, el grupo que supuso el embri\u00f3n de Los Beatles","canonical_url":"https:\/\/eldigitaldeasturias.com\/magazine365\/una-gala-solidaria-rinde-hoy-homenajea-a-john-lennon-en-santiago\/","robots":"max-image-preview:large","keywords":"noticias y actualidad","webmasterTools":{"google-site-verification":"UA-38556648-1","miscellaneous":""},"schema":{"@context":"https:\/\/schema.org","@graph":[{"@type":"Article","@id":"https:\/\/eldigitaldeasturias.com\/magazine365\/una-gala-solidaria-rinde-hoy-homenajea-a-john-lennon-en-santiago\/#article","name":"Una gala solidaria rinde hoy homenajea a John Lennon en Santiago | El Digital de Asturias","headline":"Una gala solidaria rinde hoy homenajea a John Lennon en Santiago","author":{"@id":"https:\/\/eldigitaldeasturias.com\/magazine365\/author\/admin\/#author"},"publisher":{"@id":"https:\/\/eldigitaldeasturias.com\/magazine365\/#organization"},"image":{"@type":"ImageObject","url":"https:\/\/eldigitaldeasturias.com\/magazine365\/wp-content\/uploads\/2014\/06\/6322337w.jpg","width":800,"height":462},"datePublished":"2014-06-01T18:39:28+02:00","dateModified":"2014-06-01T18:39:28+02:00","inLanguage":"es-ES","mainEntityOfPage":{"@id":"https:\/\/eldigitaldeasturias.com\/magazine365\/una-gala-solidaria-rinde-hoy-homenajea-a-john-lennon-en-santiago\/#webpage"},"isPartOf":{"@id":"https:\/\/eldigitaldeasturias.com\/magazine365\/una-gala-solidaria-rinde-hoy-homenajea-a-john-lennon-en-santiago\/#webpage"},"articleSection":"Noticias y Actualidad"},{"@type":"BreadcrumbList","@id":"https:\/\/eldigitaldeasturias.com\/magazine365\/una-gala-solidaria-rinde-hoy-homenajea-a-john-lennon-en-santiago\/#breadcrumblist","itemListElement":[{"@type":"ListItem","@id":"https:\/\/eldigitaldeasturias.com\/magazine365#listItem","position":1,"name":"Home","item":"https:\/\/eldigitaldeasturias.com\/magazine365","nextItem":{"@type":"ListItem","@id":"https:\/\/eldigitaldeasturias.com\/magazine365\/category\/noticias-actualidad\/#listItem","name":"Noticias y Actualidad"}},{"@type":"ListItem","@id":"https:\/\/eldigitaldeasturias.com\/magazine365\/category\/noticias-actualidad\/#listItem","position":2,"name":"Noticias y Actualidad","item":"https:\/\/eldigitaldeasturias.com\/magazine365\/category\/noticias-actualidad\/","nextItem":{"@type":"ListItem","@id":"https:\/\/eldigitaldeasturias.com\/magazine365\/una-gala-solidaria-rinde-hoy-homenajea-a-john-lennon-en-santiago\/#listItem","name":"Una gala solidaria rinde hoy homenajea a John Lennon en Santiago"},"previousItem":{"@type":"ListItem","@id":"https:\/\/eldigitaldeasturias.com\/magazine365#listItem","name":"Home"}},{"@type":"ListItem","@id":"https:\/\/eldigitaldeasturias.com\/magazine365\/una-gala-solidaria-rinde-hoy-homenajea-a-john-lennon-en-santiago\/#listItem","position":3,"name":"Una gala solidaria rinde hoy homenajea a John Lennon en Santiago","previousItem":{"@type":"ListItem","@id":"https:\/\/eldigitaldeasturias.com\/magazine365\/category\/noticias-actualidad\/#listItem","name":"Noticias y Actualidad"}}]},{"@type":"Organization","@id":"https:\/\/eldigitaldeasturias.com\/magazine365\/#organization","name":"El digital de Asturias","description":"Revista de ocio, turismo y estilo de vida","url":"https:\/\/eldigitaldeasturias.com\/magazine365\/","logo":{"@type":"ImageObject","url":"https:\/\/www.eldigitaldeasturias.com\/noticias\/wp-content\/uploads\/2020\/12\/EDA.jpg","@id":"https:\/\/eldigitaldeasturias.com\/magazine365\/una-gala-solidaria-rinde-hoy-homenajea-a-john-lennon-en-santiago\/#organizationLogo"},"image":{"@id":"https:\/\/eldigitaldeasturias.com\/magazine365\/una-gala-solidaria-rinde-hoy-homenajea-a-john-lennon-en-santiago\/#organizationLogo"}},{"@type":"Person","@id":"https:\/\/eldigitaldeasturias.com\/magazine365\/author\/admin\/#author","url":"https:\/\/eldigitaldeasturias.com\/magazine365\/author\/admin\/","name":"admin","image":{"@type":"ImageObject","@id":"https:\/\/eldigitaldeasturias.com\/magazine365\/una-gala-solidaria-rinde-hoy-homenajea-a-john-lennon-en-santiago\/#authorImage","url":"https:\/\/eldigitaldeasturias.com\/magazine365\/wp-content\/litespeed\/avatar\/e571bcf59a0edd6fa6838245a470f2fe.jpg?ver=1777574230","width":96,"height":96,"caption":"admin"}},{"@type":"WebPage","@id":"https:\/\/eldigitaldeasturias.com\/magazine365\/una-gala-solidaria-rinde-hoy-homenajea-a-john-lennon-en-santiago\/#webpage","url":"https:\/\/eldigitaldeasturias.com\/magazine365\/una-gala-solidaria-rinde-hoy-homenajea-a-john-lennon-en-santiago\/","name":"Una gala solidaria rinde hoy homenajea a John Lennon en Santiago | El Digital de Asturias","description":"Santiago de Compostela, 1 juny (EFE).- Santiago se transforma hoy, a trav\u00e9s de una gala solidaria organizada por M\u00e9dicos sin Fronteras y Acordes por la Paz, en el Liverpool de finales de los a\u00f1os 50, con la actuaci\u00f3n por primera vez en Galicia de The Quarrymen, el grupo que supuso el embri\u00f3n de Los Beatles","inLanguage":"es-ES","isPartOf":{"@id":"https:\/\/eldigitaldeasturias.com\/magazine365\/#website"},"breadcrumb":{"@id":"https:\/\/eldigitaldeasturias.com\/magazine365\/una-gala-solidaria-rinde-hoy-homenajea-a-john-lennon-en-santiago\/#breadcrumblist"},"author":{"@id":"https:\/\/eldigitaldeasturias.com\/magazine365\/author\/admin\/#author"},"creator":{"@id":"https:\/\/eldigitaldeasturias.com\/magazine365\/author\/admin\/#author"},"image":{"@type":"ImageObject","url":"https:\/\/eldigitaldeasturias.com\/magazine365\/wp-content\/uploads\/2014\/06\/6322337w.jpg","@id":"https:\/\/eldigitaldeasturias.com\/magazine365\/una-gala-solidaria-rinde-hoy-homenajea-a-john-lennon-en-santiago\/#mainImage","width":800,"height":462},"primaryImageOfPage":{"@id":"https:\/\/eldigitaldeasturias.com\/magazine365\/una-gala-solidaria-rinde-hoy-homenajea-a-john-lennon-en-santiago\/#mainImage"},"datePublished":"2014-06-01T18:39:28+02:00","dateModified":"2014-06-01T18:39:28+02:00"},{"@type":"WebSite","@id":"https:\/\/eldigitaldeasturias.com\/magazine365\/#website","url":"https:\/\/eldigitaldeasturias.com\/magazine365\/","name":"El Digital de Asturias","description":"Revista de ocio, turismo y estilo de vida","inLanguage":"es-ES","publisher":{"@id":"https:\/\/eldigitaldeasturias.com\/magazine365\/#organization"}}]},"og:locale":"es_ES","og:site_name":"El Digital de Asturias \u2013 Revista de ocio, turismo y estilo de vida","og:type":"article","og:title":"Una gala solidaria rinde hoy homenajea a John Lennon en Santiago | El Digital de Asturias","og:description":"Santiago de Compostela, 1 juny (EFE).- Santiago se transforma hoy, a trav\u00e9s de una gala solidaria organizada por M\u00e9dicos sin Fronteras y Acordes por la Paz, en el Liverpool de finales de los a\u00f1os 50, con la actuaci\u00f3n por primera vez en Galicia de The Quarrymen, el grupo que supuso el embri\u00f3n de Los Beatles","og:url":"https:\/\/eldigitaldeasturias.com\/magazine365\/una-gala-solidaria-rinde-hoy-homenajea-a-john-lennon-en-santiago\/","og:image":"https:\/\/eldigitaldeasturias.com\/magazine365\/wp-content\/uploads\/2014\/06\/6322337w.jpg","og:image:secure_url":"https:\/\/eldigitaldeasturias.com\/magazine365\/wp-content\/uploads\/2014\/06\/6322337w.jpg","og:image:width":800,"og:image:height":462,"article:published_time":"2014-06-01T20:39:28+00:00","article:modified_time":"2014-06-01T20:39:28+00:00","twitter:card":"summary_large_image","twitter:title":"Una gala solidaria rinde hoy homenajea a John Lennon en Santiago | El Digital de Asturias","twitter:description":"Santiago de Compostela, 1 juny (EFE).- Santiago se transforma hoy, a trav\u00e9s de una gala solidaria organizada por M\u00e9dicos sin Fronteras y Acordes por la Paz, en el Liverpool de finales de los a\u00f1os 50, con la actuaci\u00f3n por primera vez en Galicia de The Quarrymen, el grupo que supuso el embri\u00f3n de Los Beatles","twitter:image":"https:\/\/eldigitaldeasturias.com\/magazine365\/wp-content\/uploads\/2014\/06\/6322337w.jpg"},"aioseo_meta_data":{"post_id":"14685","title":null,"description":null,"keywords":null,"keyphrases":null,"primary_term":null,"canonical_url":null,"og_title":null,"og_description":null,"og_object_type":"default","og_image_type":"default","og_image_url":null,"og_image_width":null,"og_image_height":null,"og_image_custom_url":null,"og_image_custom_fields":null,"og_video":null,"og_custom_url":null,"og_article_section":null,"og_article_tags":null,"twitter_use_og":false,"twitter_card":"default","twitter_image_type":"default","twitter_image_url":null,"twitter_image_custom_url":null,"twitter_image_custom_fields":null,"twitter_title":null,"twitter_description":null,"schema":{"blockGraphs":[],"customGraphs":[],"default":{"data":{"Article":[],"Course":[],"Dataset":[],"FAQPage":[],"Movie":[],"Person":[],"Product":[],"ProductReview":[],"Car":[],"Recipe":[],"Service":[],"SoftwareApplication":[],"WebPage":[]},"graphName":"","isEnabled":true},"graphs":[],"defaultGraph":"","defaultPostTypeGraph":""},"schema_type":null,"schema_type_options":null,"pillar_content":false,"robots_default":true,"robots_noindex":false,"robots_noarchive":false,"robots_nosnippet":false,"robots_nofollow":false,"robots_noimageindex":false,"robots_noodp":false,"robots_notranslate":false,"robots_max_snippet":null,"robots_max_videopreview":null,"robots_max_imagepreview":"large","priority":null,"frequency":null,"location":null,"local_seo":null,"seo_analyzer_scan_date":"2025-09-17 10:37:45","breadcrumb_settings":null,"limit_modified_date":false,"open_ai":null,"ai":null,"created":"2021-03-09 08:11:40","updated":"2025-09-17 10:37:45"},"aioseo_breadcrumb":"<div class=\"aioseo-breadcrumbs\"><span class=\"aioseo-breadcrumb\">\n\t<a href=\"https:\/\/eldigitaldeasturias.com\/magazine365\" title=\"Home\">Home<\/a>\n<\/span><span class=\"aioseo-breadcrumb-separator\">\u2013<\/span><span class=\"aioseo-breadcrumb\">\n\t<a href=\"https:\/\/eldigitaldeasturias.com\/magazine365\/category\/noticias-actualidad\/\" title=\"Noticias y Actualidad\">Noticias y Actualidad<\/a>\n<\/span><span class=\"aioseo-breadcrumb-separator\">\u2013<\/span><span class=\"aioseo-breadcrumb\">\n\t<a href=\"https:\/\/eldigitaldeasturias.com\/magazine365\/una-gala-solidaria-rinde-hoy-homenajea-a-john-lennon-en-santiago\/\" title=\"Una gala solidaria rinde hoy homenajea a John Lennon en Santiago\">Una gala solidaria rinde hoy homenajea a John Lennon en Santiago<\/a>\n<\/span><\/div>","aioseo_breadcrumb_json":[{"label":"Home","link":"https:\/\/eldigitaldeasturias.com\/magazine365"},{"label":"Noticias y Actualidad","link":"https:\/\/eldigitaldeasturias.com\/magazine365\/category\/noticias-actualidad\/"},{"label":"Una gala solidaria rinde hoy homenajea a John Lennon en Santiago","link":"https:\/\/eldigitaldeasturias.com\/magazine365\/una-gala-solidaria-rinde-hoy-homenajea-a-john-lennon-en-santiago\/"}],"_links":{"self":[{"href":"https:\/\/eldigitaldeasturias.com\/magazine365\/wp-json\/wp\/v2\/posts\/14685","targetHints":{"allow":["GET"]}}],"collection":[{"href":"https:\/\/eldigitaldeasturias.com\/magazine365\/wp-json\/wp\/v2\/posts"}],"about":[{"href":"https:\/\/eldigitaldeasturias.com\/magazine365\/wp-json\/wp\/v2\/types\/post"}],"author":[{"embeddable":true,"href":"https:\/\/eldigitaldeasturias.com\/magazine365\/wp-json\/wp\/v2\/users\/1"}],"replies":[{"embeddable":true,"href":"https:\/\/eldigitaldeasturias.com\/magazine365\/wp-json\/wp\/v2\/comments?post=14685"}],"version-history":[{"count":0,"href":"https:\/\/eldigitaldeasturias.com\/magazine365\/wp-json\/wp\/v2\/posts\/14685\/revisions"}],"wp:featuredmedia":[{"embeddable":true,"href":"https:\/\/eldigitaldeasturias.com\/magazine365\/wp-json\/wp\/v2\/media\/14686"}],"wp:attachment":[{"href":"https:\/\/eldigitaldeasturias.com\/magazine365\/wp-json\/wp\/v2\/media?parent=14685"}],"wp:term":[{"taxonomy":"category","embeddable":true,"href":"https:\/\/eldigitaldeasturias.com\/magazine365\/wp-json\/wp\/v2\/categories?post=14685"},{"taxonomy":"post_tag","embeddable":true,"href":"https:\/\/eldigitaldeasturias.com\/magazine365\/wp-json\/wp\/v2\/tags?post=14685"}],"curies":[{"name":"wp","href":"https:\/\/api.w.org\/{rel}","templated":true}]}}