{"id":14677,"date":"2014-06-01T18:38:21","date_gmt":"2014-06-01T20:38:21","guid":{"rendered":"http:\/\/eldigitaldeasturias.com\/magazine365\/?p=14677"},"modified":"2014-06-01T18:38:21","modified_gmt":"2014-06-01T20:38:21","slug":"arcade-fire-despierta-el-rock-in-rio-lisboa-con-su-orquesta-global","status":"publish","type":"post","link":"https:\/\/eldigitaldeasturias.com\/magazine365\/arcade-fire-despierta-el-rock-in-rio-lisboa-con-su-orquesta-global\/","title":{"rendered":"Arcade Fire despierta el Rock in Rio Lisboa con su orquesta global"},"content":{"rendered":"<p><img fetchpriority=\"high\" decoding=\"async\" class=\"alignleft size-medium wp-image-14683\" alt=\"6322195w\" src=\"https:\/\/eldigitaldeasturias.com\/magazine365\/wp-content\/uploads\/2014\/06\/6322195w-360x240.jpg\" width=\"360\" height=\"240\" srcset=\"https:\/\/eldigitaldeasturias.com\/magazine365\/wp-content\/uploads\/2014\/06\/6322195w-360x240.jpg 360w, https:\/\/eldigitaldeasturias.com\/magazine365\/wp-content\/uploads\/2014\/06\/6322195w-650x434.jpg 650w, https:\/\/eldigitaldeasturias.com\/magazine365\/wp-content\/uploads\/2014\/06\/6322195w-768x513.jpg 768w, https:\/\/eldigitaldeasturias.com\/magazine365\/wp-content\/uploads\/2014\/06\/6322195w-150x100.jpg 150w, https:\/\/eldigitaldeasturias.com\/magazine365\/wp-content\/uploads\/2014\/06\/6322195w-450x300.jpg 450w, https:\/\/eldigitaldeasturias.com\/magazine365\/wp-content\/uploads\/2014\/06\/6322195w-696x465.jpg 696w, https:\/\/eldigitaldeasturias.com\/magazine365\/wp-content\/uploads\/2014\/06\/6322195w-629x420.jpg 629w, https:\/\/eldigitaldeasturias.com\/magazine365\/wp-content\/uploads\/2014\/06\/6322195w-84x55.jpg 84w, https:\/\/eldigitaldeasturias.com\/magazine365\/wp-content\/uploads\/2014\/06\/6322195w.jpg 800w\" sizes=\"(max-width: 360px) 100vw, 360px\" \/>Lisboa, 1 jun (EFE).- La banda canadiense Arcade Fire despert\u00f3 anoche a Lisboa con un potente espect\u00e1culo de su orquesta global en la cuarta jornada del Rock in Rio, que tambi\u00e9n cont\u00f3 con la voz sensual de la joven neozelandesa Lorde.<\/p>\n<p>Los de Montreal cerraron con dos horas de repertorio la fiesta del escenario principal en el pen\u00faltimo d\u00eda del festival, que celebra este a\u00f1o su d\u00e9cimo aniversario.<\/p>\n<p>Los canadienses supieron reafirmarse en el palco y demostraron que el indie rock tambi\u00e9n puede atraer a las multitudes y divertir sin pausa hasta el final.<\/p>\n<p>Para ello, el grupo multi-instrumental recorri\u00f3 toda su discograf\u00eda desde su \u00e1lbum debut \u00abFuneral\u00bb (2004) al m\u00e1s reciente \u00abReflektor\u00bb (2013) sin defraudar en una osada puesta en escena.<\/p>\n<p>La \u00e9pica de su \u00e9xito \u00abWake up\u00bb baj\u00f3 el tel\u00f3n al son de imponentes tambores en un final que dej\u00f3 al p\u00fablico coreando una vez encendidas las luces.<\/p>\n<p>El inicio tampoco fue para menos. Espejos gigantes aparecieron arriba del escenario simbolizando la filosof\u00eda de su \u00faltimo disco -el reflejo- y un mu\u00f1eco cubierto de m\u00e1s destellos cruz\u00f3 el parque de Bela Vista en tirolina.<\/p>\n<p>La pareja Win Butler y R\u00e9zgine Chassagne subieron al escenario acompa\u00f1ados de otros once m\u00fasicos y ofrecieron su habitual orquesta de xil\u00f3fonos, violines, saxofones, panderetas e instrumentos de bamb\u00fa y metales reciclados.<\/p>\n<p>Con cuidado y exquisitez, ambos desmenuzaron \u00e9xitos de su primer disco como \u00abTunnels\u00bb o \u00abRebellion Lies\u00bb y los combinaron con la madurez de temas su tercer \u00e1lbum (The Suburbs, 2010) como el sencillo \u00abRococ\u00f3\u00bb.<\/p>\n<p>Del oscuro \u00e1lbum \u00abNeon Bible\u00bb (2007), que fue grabado en una catedral, ofrecieron el pop barroco de \u00abNo cars go\u00bb, aunque tampoco olvidaron dar frescura a la noche con los sonidos tropicales de \u00abHait\u00ed\u00bb y \u00abBrazil\u00bb, que Chassagne bail\u00f3 encantada.<\/p>\n<p>Antes, con la tarde a\u00fan cayendo en el parque Bela Vista, el escenario principal empez\u00f3 a vibrar con el cantautor brit\u00e1nico Ed Sheeran, que se entreg\u00f3 como un agitador, guitarra en mano, a su soul-folk aderezado de hip-hop.<\/p>\n<p>El pelirrojo, de 23 a\u00f1os, ha sido una de las sorpresas musicales m\u00e1s frescas de la m\u00fasica inglesa reciente y opt\u00f3 en 2012 a cuatro premios en los \u00abBrit Awards\u00bb, de los que conquist\u00f3 dos, el de mejor artista masculino y artista revelaci\u00f3n brit\u00e1nico.<\/p>\n<p>En Portugal, present\u00f3 algunos temas de su pr\u00f3ximo disco \u00abX\u00bb (Atlantic Records), que saldr\u00e1 a la venta en junio, y reanim\u00f3 a saltos en esa especie de folk de boxeo a los asistentes con sencillos como \u00abI see fire\u00bb o \u00abYou need me, I don&#8217;t need you\u00bb.<\/p>\n<p>La siguiente exquisitez musical de la noche lisboeta en el Palco Mundo fue Lorde, el nombre art\u00edstico de la neozelandesa Ella Yelich-O&#8217;Connor.<\/p>\n<p>La cantante, de 17 a\u00f1os, enderez\u00f3 la noche hacia su pop-electr\u00f3nico amable frente a una multitud que se dej\u00f3 llevar con su pegadizo \u00e9xito \u00abRoyals\u00bb con el que ha conquistado dos Grammy en la \u00faltima edici\u00f3n de los premios.<\/p>\n<p>La firme voz de la joven enton\u00f3 los populares sencillos \u00abTeam\u00bb y \u00abTennis Court\u00bb y su mapa de concierto sigui\u00f3 casi al detalle su disco debut \u00abPure heroine\u00bb (Universal Music, 2013).<\/p>\n<p>El festival se cierra este domingo con la actuaci\u00f3n del polifac\u00e9tico estadounidense Justin Timberlake y a su paso ya dejar\u00e1 recuerdos \u00e9picos como la entrada sorpresa en el escenario de Bruce Springsteen en el concierto de los Rolling Stones del jueves.<\/p>\n<p>El brit\u00e1nico Robbie Williams inaugur\u00f3 el domingo pasado esta sexta edici\u00f3n lisboeta y el sonido de rock \u00e1spero de Linkin Park y Queens of the Stone Age arrastr\u00f3 este viernes a cerca de 70.000 asistentes.<\/p>\n<p>&nbsp;<\/p>\n<p>Por Susana Irles<\/p>\n","protected":false},"excerpt":{"rendered":"<p>Lisboa, 1 jun (EFE).- La banda canadiense Arcade Fire despert\u00f3 anoche a Lisboa con un potente espect\u00e1culo de su orquesta global en la cuarta jornada del Rock in Rio, que tambi\u00e9n cont\u00f3 con la voz sensual de la joven neozelandesa Lorde. Los de Montreal cerraron con dos horas de repertorio la fiesta del escenario principal<\/p>\n","protected":false},"author":1,"featured_media":14683,"comment_status":"open","ping_status":"closed","sticky":false,"template":"","format":"standard","meta":{"footnotes":""},"categories":[224],"tags":[],"class_list":{"0":"post-14677","1":"post","2":"type-post","3":"status-publish","4":"format-standard","5":"has-post-thumbnail","7":"category-noticias-actualidad"},"aioseo_notices":[],"aioseo_head":"\n\t\t<!-- All in One SEO Pro 4.9.6.1 - aioseo.com -->\n\t<meta name=\"description\" content=\"Lisboa, 1 jun (EFE).- La banda canadiense Arcade Fire despert\u00f3 anoche a Lisboa con un potente espect\u00e1culo de su orquesta global en la cuarta jornada del Rock in Rio, que tambi\u00e9n cont\u00f3 con la voz sensual de la joven neozelandesa Lorde. Los de Montreal cerraron con dos horas de repertorio la fiesta del escenario principal\" \/>\n\t<meta name=\"robots\" content=\"max-image-preview:large\" \/>\n\t<meta name=\"author\" content=\"admin\"\/>\n\t<meta name=\"google-site-verification\" content=\"UA-38556648-1\" \/>\n\t<meta name=\"keywords\" content=\"noticias y actualidad\" \/>\n\t<link rel=\"canonical\" href=\"https:\/\/eldigitaldeasturias.com\/magazine365\/arcade-fire-despierta-el-rock-in-rio-lisboa-con-su-orquesta-global\/\" \/>\n\t<meta name=\"generator\" content=\"All in One SEO Pro (AIOSEO) 4.9.6.1\" \/>\n\t\t<meta property=\"og:locale\" content=\"es_ES\" \/>\n\t\t<meta property=\"og:site_name\" content=\"El Digital de Asturias \u2013 Revista de ocio, turismo y estilo de vida\" \/>\n\t\t<meta property=\"og:type\" content=\"article\" \/>\n\t\t<meta property=\"og:title\" content=\"Arcade Fire despierta el Rock in Rio Lisboa con su orquesta global | El Digital de Asturias\" \/>\n\t\t<meta property=\"og:description\" content=\"Lisboa, 1 jun (EFE).- La banda canadiense Arcade Fire despert\u00f3 anoche a Lisboa con un potente espect\u00e1culo de su orquesta global en la cuarta jornada del Rock in Rio, que tambi\u00e9n cont\u00f3 con la voz sensual de la joven neozelandesa Lorde. Los de Montreal cerraron con dos horas de repertorio la fiesta del escenario principal\" \/>\n\t\t<meta property=\"og:url\" content=\"https:\/\/eldigitaldeasturias.com\/magazine365\/arcade-fire-despierta-el-rock-in-rio-lisboa-con-su-orquesta-global\/\" \/>\n\t\t<meta property=\"og:image\" content=\"https:\/\/eldigitaldeasturias.com\/magazine365\/wp-content\/uploads\/2014\/06\/6322195w.jpg\" \/>\n\t\t<meta property=\"og:image:secure_url\" content=\"https:\/\/eldigitaldeasturias.com\/magazine365\/wp-content\/uploads\/2014\/06\/6322195w.jpg\" \/>\n\t\t<meta property=\"og:image:width\" content=\"800\" \/>\n\t\t<meta property=\"og:image:height\" content=\"534\" \/>\n\t\t<meta property=\"article:published_time\" content=\"2014-06-01T20:38:21+00:00\" \/>\n\t\t<meta property=\"article:modified_time\" content=\"2014-06-01T20:38:21+00:00\" \/>\n\t\t<meta name=\"twitter:card\" content=\"summary_large_image\" \/>\n\t\t<meta name=\"twitter:title\" content=\"Arcade Fire despierta el Rock in Rio Lisboa con su orquesta global | El Digital de Asturias\" \/>\n\t\t<meta name=\"twitter:description\" content=\"Lisboa, 1 jun (EFE).- La banda canadiense Arcade Fire despert\u00f3 anoche a Lisboa con un potente espect\u00e1culo de su orquesta global en la cuarta jornada del Rock in Rio, que tambi\u00e9n cont\u00f3 con la voz sensual de la joven neozelandesa Lorde. Los de Montreal cerraron con dos horas de repertorio la fiesta del escenario principal\" \/>\n\t\t<meta name=\"twitter:image\" content=\"https:\/\/eldigitaldeasturias.com\/magazine365\/wp-content\/uploads\/2014\/06\/6322195w.jpg\" \/>\n\t\t<script type=\"application\/ld+json\" class=\"aioseo-schema\">\n\t\t\t{\"@context\":\"https:\\\/\\\/schema.org\",\"@graph\":[{\"@type\":\"Article\",\"@id\":\"https:\\\/\\\/eldigitaldeasturias.com\\\/magazine365\\\/arcade-fire-despierta-el-rock-in-rio-lisboa-con-su-orquesta-global\\\/#article\",\"name\":\"Arcade Fire despierta el Rock in Rio Lisboa con su orquesta global | El Digital de Asturias\",\"headline\":\"Arcade Fire despierta el Rock in Rio Lisboa con su orquesta global\",\"author\":{\"@id\":\"https:\\\/\\\/eldigitaldeasturias.com\\\/magazine365\\\/author\\\/admin\\\/#author\"},\"publisher\":{\"@id\":\"https:\\\/\\\/eldigitaldeasturias.com\\\/magazine365\\\/#organization\"},\"image\":{\"@type\":\"ImageObject\",\"url\":\"https:\\\/\\\/eldigitaldeasturias.com\\\/magazine365\\\/wp-content\\\/uploads\\\/2014\\\/06\\\/6322195w.jpg\",\"width\":800,\"height\":534},\"datePublished\":\"2014-06-01T18:38:21+02:00\",\"dateModified\":\"2014-06-01T18:38:21+02:00\",\"inLanguage\":\"es-ES\",\"mainEntityOfPage\":{\"@id\":\"https:\\\/\\\/eldigitaldeasturias.com\\\/magazine365\\\/arcade-fire-despierta-el-rock-in-rio-lisboa-con-su-orquesta-global\\\/#webpage\"},\"isPartOf\":{\"@id\":\"https:\\\/\\\/eldigitaldeasturias.com\\\/magazine365\\\/arcade-fire-despierta-el-rock-in-rio-lisboa-con-su-orquesta-global\\\/#webpage\"},\"articleSection\":\"Noticias y Actualidad\"},{\"@type\":\"BreadcrumbList\",\"@id\":\"https:\\\/\\\/eldigitaldeasturias.com\\\/magazine365\\\/arcade-fire-despierta-el-rock-in-rio-lisboa-con-su-orquesta-global\\\/#breadcrumblist\",\"itemListElement\":[{\"@type\":\"ListItem\",\"@id\":\"https:\\\/\\\/eldigitaldeasturias.com\\\/magazine365#listItem\",\"position\":1,\"name\":\"Home\",\"item\":\"https:\\\/\\\/eldigitaldeasturias.com\\\/magazine365\",\"nextItem\":{\"@type\":\"ListItem\",\"@id\":\"https:\\\/\\\/eldigitaldeasturias.com\\\/magazine365\\\/category\\\/noticias-actualidad\\\/#listItem\",\"name\":\"Noticias y Actualidad\"}},{\"@type\":\"ListItem\",\"@id\":\"https:\\\/\\\/eldigitaldeasturias.com\\\/magazine365\\\/category\\\/noticias-actualidad\\\/#listItem\",\"position\":2,\"name\":\"Noticias y Actualidad\",\"item\":\"https:\\\/\\\/eldigitaldeasturias.com\\\/magazine365\\\/category\\\/noticias-actualidad\\\/\",\"nextItem\":{\"@type\":\"ListItem\",\"@id\":\"https:\\\/\\\/eldigitaldeasturias.com\\\/magazine365\\\/arcade-fire-despierta-el-rock-in-rio-lisboa-con-su-orquesta-global\\\/#listItem\",\"name\":\"Arcade Fire despierta el Rock in Rio Lisboa con su orquesta global\"},\"previousItem\":{\"@type\":\"ListItem\",\"@id\":\"https:\\\/\\\/eldigitaldeasturias.com\\\/magazine365#listItem\",\"name\":\"Home\"}},{\"@type\":\"ListItem\",\"@id\":\"https:\\\/\\\/eldigitaldeasturias.com\\\/magazine365\\\/arcade-fire-despierta-el-rock-in-rio-lisboa-con-su-orquesta-global\\\/#listItem\",\"position\":3,\"name\":\"Arcade Fire despierta el Rock in Rio Lisboa con su orquesta global\",\"previousItem\":{\"@type\":\"ListItem\",\"@id\":\"https:\\\/\\\/eldigitaldeasturias.com\\\/magazine365\\\/category\\\/noticias-actualidad\\\/#listItem\",\"name\":\"Noticias y Actualidad\"}}]},{\"@type\":\"Organization\",\"@id\":\"https:\\\/\\\/eldigitaldeasturias.com\\\/magazine365\\\/#organization\",\"name\":\"El digital de Asturias\",\"description\":\"Revista de ocio, turismo y estilo de vida\",\"url\":\"https:\\\/\\\/eldigitaldeasturias.com\\\/magazine365\\\/\",\"logo\":{\"@type\":\"ImageObject\",\"url\":\"https:\\\/\\\/www.eldigitaldeasturias.com\\\/noticias\\\/wp-content\\\/uploads\\\/2020\\\/12\\\/EDA.jpg\",\"@id\":\"https:\\\/\\\/eldigitaldeasturias.com\\\/magazine365\\\/arcade-fire-despierta-el-rock-in-rio-lisboa-con-su-orquesta-global\\\/#organizationLogo\"},\"image\":{\"@id\":\"https:\\\/\\\/eldigitaldeasturias.com\\\/magazine365\\\/arcade-fire-despierta-el-rock-in-rio-lisboa-con-su-orquesta-global\\\/#organizationLogo\"}},{\"@type\":\"Person\",\"@id\":\"https:\\\/\\\/eldigitaldeasturias.com\\\/magazine365\\\/author\\\/admin\\\/#author\",\"url\":\"https:\\\/\\\/eldigitaldeasturias.com\\\/magazine365\\\/author\\\/admin\\\/\",\"name\":\"admin\",\"image\":{\"@type\":\"ImageObject\",\"@id\":\"https:\\\/\\\/eldigitaldeasturias.com\\\/magazine365\\\/arcade-fire-despierta-el-rock-in-rio-lisboa-con-su-orquesta-global\\\/#authorImage\",\"url\":\"https:\\\/\\\/eldigitaldeasturias.com\\\/magazine365\\\/wp-content\\\/litespeed\\\/avatar\\\/e571bcf59a0edd6fa6838245a470f2fe.jpg?ver=1777574230\",\"width\":96,\"height\":96,\"caption\":\"admin\"}},{\"@type\":\"WebPage\",\"@id\":\"https:\\\/\\\/eldigitaldeasturias.com\\\/magazine365\\\/arcade-fire-despierta-el-rock-in-rio-lisboa-con-su-orquesta-global\\\/#webpage\",\"url\":\"https:\\\/\\\/eldigitaldeasturias.com\\\/magazine365\\\/arcade-fire-despierta-el-rock-in-rio-lisboa-con-su-orquesta-global\\\/\",\"name\":\"Arcade Fire despierta el Rock in Rio Lisboa con su orquesta global | El Digital de Asturias\",\"description\":\"Lisboa, 1 jun (EFE).- La banda canadiense Arcade Fire despert\\u00f3 anoche a Lisboa con un potente espect\\u00e1culo de su orquesta global en la cuarta jornada del Rock in Rio, que tambi\\u00e9n cont\\u00f3 con la voz sensual de la joven neozelandesa Lorde. Los de Montreal cerraron con dos horas de repertorio la fiesta del escenario principal\",\"inLanguage\":\"es-ES\",\"isPartOf\":{\"@id\":\"https:\\\/\\\/eldigitaldeasturias.com\\\/magazine365\\\/#website\"},\"breadcrumb\":{\"@id\":\"https:\\\/\\\/eldigitaldeasturias.com\\\/magazine365\\\/arcade-fire-despierta-el-rock-in-rio-lisboa-con-su-orquesta-global\\\/#breadcrumblist\"},\"author\":{\"@id\":\"https:\\\/\\\/eldigitaldeasturias.com\\\/magazine365\\\/author\\\/admin\\\/#author\"},\"creator\":{\"@id\":\"https:\\\/\\\/eldigitaldeasturias.com\\\/magazine365\\\/author\\\/admin\\\/#author\"},\"image\":{\"@type\":\"ImageObject\",\"url\":\"https:\\\/\\\/eldigitaldeasturias.com\\\/magazine365\\\/wp-content\\\/uploads\\\/2014\\\/06\\\/6322195w.jpg\",\"@id\":\"https:\\\/\\\/eldigitaldeasturias.com\\\/magazine365\\\/arcade-fire-despierta-el-rock-in-rio-lisboa-con-su-orquesta-global\\\/#mainImage\",\"width\":800,\"height\":534},\"primaryImageOfPage\":{\"@id\":\"https:\\\/\\\/eldigitaldeasturias.com\\\/magazine365\\\/arcade-fire-despierta-el-rock-in-rio-lisboa-con-su-orquesta-global\\\/#mainImage\"},\"datePublished\":\"2014-06-01T18:38:21+02:00\",\"dateModified\":\"2014-06-01T18:38:21+02:00\"},{\"@type\":\"WebSite\",\"@id\":\"https:\\\/\\\/eldigitaldeasturias.com\\\/magazine365\\\/#website\",\"url\":\"https:\\\/\\\/eldigitaldeasturias.com\\\/magazine365\\\/\",\"name\":\"El Digital de Asturias\",\"description\":\"Revista de ocio, turismo y estilo de vida\",\"inLanguage\":\"es-ES\",\"publisher\":{\"@id\":\"https:\\\/\\\/eldigitaldeasturias.com\\\/magazine365\\\/#organization\"}}]}\n\t\t<\/script>\n\t\t<!-- All in One SEO Pro -->\r\n\t\t<title>Arcade Fire despierta el Rock in Rio Lisboa con su orquesta global | El Digital de Asturias<\/title>\n\n","aioseo_head_json":{"title":"Arcade Fire despierta el Rock in Rio Lisboa con su orquesta global | El Digital de Asturias","description":"Lisboa, 1 jun (EFE).- La banda canadiense Arcade Fire despert\u00f3 anoche a Lisboa con un potente espect\u00e1culo de su orquesta global en la cuarta jornada del Rock in Rio, que tambi\u00e9n cont\u00f3 con la voz sensual de la joven neozelandesa Lorde. Los de Montreal cerraron con dos horas de repertorio la fiesta del escenario principal","canonical_url":"https:\/\/eldigitaldeasturias.com\/magazine365\/arcade-fire-despierta-el-rock-in-rio-lisboa-con-su-orquesta-global\/","robots":"max-image-preview:large","keywords":"noticias y actualidad","webmasterTools":{"google-site-verification":"UA-38556648-1","miscellaneous":""},"schema":{"@context":"https:\/\/schema.org","@graph":[{"@type":"Article","@id":"https:\/\/eldigitaldeasturias.com\/magazine365\/arcade-fire-despierta-el-rock-in-rio-lisboa-con-su-orquesta-global\/#article","name":"Arcade Fire despierta el Rock in Rio Lisboa con su orquesta global | El Digital de Asturias","headline":"Arcade Fire despierta el Rock in Rio Lisboa con su orquesta global","author":{"@id":"https:\/\/eldigitaldeasturias.com\/magazine365\/author\/admin\/#author"},"publisher":{"@id":"https:\/\/eldigitaldeasturias.com\/magazine365\/#organization"},"image":{"@type":"ImageObject","url":"https:\/\/eldigitaldeasturias.com\/magazine365\/wp-content\/uploads\/2014\/06\/6322195w.jpg","width":800,"height":534},"datePublished":"2014-06-01T18:38:21+02:00","dateModified":"2014-06-01T18:38:21+02:00","inLanguage":"es-ES","mainEntityOfPage":{"@id":"https:\/\/eldigitaldeasturias.com\/magazine365\/arcade-fire-despierta-el-rock-in-rio-lisboa-con-su-orquesta-global\/#webpage"},"isPartOf":{"@id":"https:\/\/eldigitaldeasturias.com\/magazine365\/arcade-fire-despierta-el-rock-in-rio-lisboa-con-su-orquesta-global\/#webpage"},"articleSection":"Noticias y Actualidad"},{"@type":"BreadcrumbList","@id":"https:\/\/eldigitaldeasturias.com\/magazine365\/arcade-fire-despierta-el-rock-in-rio-lisboa-con-su-orquesta-global\/#breadcrumblist","itemListElement":[{"@type":"ListItem","@id":"https:\/\/eldigitaldeasturias.com\/magazine365#listItem","position":1,"name":"Home","item":"https:\/\/eldigitaldeasturias.com\/magazine365","nextItem":{"@type":"ListItem","@id":"https:\/\/eldigitaldeasturias.com\/magazine365\/category\/noticias-actualidad\/#listItem","name":"Noticias y Actualidad"}},{"@type":"ListItem","@id":"https:\/\/eldigitaldeasturias.com\/magazine365\/category\/noticias-actualidad\/#listItem","position":2,"name":"Noticias y Actualidad","item":"https:\/\/eldigitaldeasturias.com\/magazine365\/category\/noticias-actualidad\/","nextItem":{"@type":"ListItem","@id":"https:\/\/eldigitaldeasturias.com\/magazine365\/arcade-fire-despierta-el-rock-in-rio-lisboa-con-su-orquesta-global\/#listItem","name":"Arcade Fire despierta el Rock in Rio Lisboa con su orquesta global"},"previousItem":{"@type":"ListItem","@id":"https:\/\/eldigitaldeasturias.com\/magazine365#listItem","name":"Home"}},{"@type":"ListItem","@id":"https:\/\/eldigitaldeasturias.com\/magazine365\/arcade-fire-despierta-el-rock-in-rio-lisboa-con-su-orquesta-global\/#listItem","position":3,"name":"Arcade Fire despierta el Rock in Rio Lisboa con su orquesta global","previousItem":{"@type":"ListItem","@id":"https:\/\/eldigitaldeasturias.com\/magazine365\/category\/noticias-actualidad\/#listItem","name":"Noticias y Actualidad"}}]},{"@type":"Organization","@id":"https:\/\/eldigitaldeasturias.com\/magazine365\/#organization","name":"El digital de Asturias","description":"Revista de ocio, turismo y estilo de vida","url":"https:\/\/eldigitaldeasturias.com\/magazine365\/","logo":{"@type":"ImageObject","url":"https:\/\/www.eldigitaldeasturias.com\/noticias\/wp-content\/uploads\/2020\/12\/EDA.jpg","@id":"https:\/\/eldigitaldeasturias.com\/magazine365\/arcade-fire-despierta-el-rock-in-rio-lisboa-con-su-orquesta-global\/#organizationLogo"},"image":{"@id":"https:\/\/eldigitaldeasturias.com\/magazine365\/arcade-fire-despierta-el-rock-in-rio-lisboa-con-su-orquesta-global\/#organizationLogo"}},{"@type":"Person","@id":"https:\/\/eldigitaldeasturias.com\/magazine365\/author\/admin\/#author","url":"https:\/\/eldigitaldeasturias.com\/magazine365\/author\/admin\/","name":"admin","image":{"@type":"ImageObject","@id":"https:\/\/eldigitaldeasturias.com\/magazine365\/arcade-fire-despierta-el-rock-in-rio-lisboa-con-su-orquesta-global\/#authorImage","url":"https:\/\/eldigitaldeasturias.com\/magazine365\/wp-content\/litespeed\/avatar\/e571bcf59a0edd6fa6838245a470f2fe.jpg?ver=1777574230","width":96,"height":96,"caption":"admin"}},{"@type":"WebPage","@id":"https:\/\/eldigitaldeasturias.com\/magazine365\/arcade-fire-despierta-el-rock-in-rio-lisboa-con-su-orquesta-global\/#webpage","url":"https:\/\/eldigitaldeasturias.com\/magazine365\/arcade-fire-despierta-el-rock-in-rio-lisboa-con-su-orquesta-global\/","name":"Arcade Fire despierta el Rock in Rio Lisboa con su orquesta global | El Digital de Asturias","description":"Lisboa, 1 jun (EFE).- La banda canadiense Arcade Fire despert\u00f3 anoche a Lisboa con un potente espect\u00e1culo de su orquesta global en la cuarta jornada del Rock in Rio, que tambi\u00e9n cont\u00f3 con la voz sensual de la joven neozelandesa Lorde. Los de Montreal cerraron con dos horas de repertorio la fiesta del escenario principal","inLanguage":"es-ES","isPartOf":{"@id":"https:\/\/eldigitaldeasturias.com\/magazine365\/#website"},"breadcrumb":{"@id":"https:\/\/eldigitaldeasturias.com\/magazine365\/arcade-fire-despierta-el-rock-in-rio-lisboa-con-su-orquesta-global\/#breadcrumblist"},"author":{"@id":"https:\/\/eldigitaldeasturias.com\/magazine365\/author\/admin\/#author"},"creator":{"@id":"https:\/\/eldigitaldeasturias.com\/magazine365\/author\/admin\/#author"},"image":{"@type":"ImageObject","url":"https:\/\/eldigitaldeasturias.com\/magazine365\/wp-content\/uploads\/2014\/06\/6322195w.jpg","@id":"https:\/\/eldigitaldeasturias.com\/magazine365\/arcade-fire-despierta-el-rock-in-rio-lisboa-con-su-orquesta-global\/#mainImage","width":800,"height":534},"primaryImageOfPage":{"@id":"https:\/\/eldigitaldeasturias.com\/magazine365\/arcade-fire-despierta-el-rock-in-rio-lisboa-con-su-orquesta-global\/#mainImage"},"datePublished":"2014-06-01T18:38:21+02:00","dateModified":"2014-06-01T18:38:21+02:00"},{"@type":"WebSite","@id":"https:\/\/eldigitaldeasturias.com\/magazine365\/#website","url":"https:\/\/eldigitaldeasturias.com\/magazine365\/","name":"El Digital de Asturias","description":"Revista de ocio, turismo y estilo de vida","inLanguage":"es-ES","publisher":{"@id":"https:\/\/eldigitaldeasturias.com\/magazine365\/#organization"}}]},"og:locale":"es_ES","og:site_name":"El Digital de Asturias \u2013 Revista de ocio, turismo y estilo de vida","og:type":"article","og:title":"Arcade Fire despierta el Rock in Rio Lisboa con su orquesta global | El Digital de Asturias","og:description":"Lisboa, 1 jun (EFE).- La banda canadiense Arcade Fire despert\u00f3 anoche a Lisboa con un potente espect\u00e1culo de su orquesta global en la cuarta jornada del Rock in Rio, que tambi\u00e9n cont\u00f3 con la voz sensual de la joven neozelandesa Lorde. Los de Montreal cerraron con dos horas de repertorio la fiesta del escenario principal","og:url":"https:\/\/eldigitaldeasturias.com\/magazine365\/arcade-fire-despierta-el-rock-in-rio-lisboa-con-su-orquesta-global\/","og:image":"https:\/\/eldigitaldeasturias.com\/magazine365\/wp-content\/uploads\/2014\/06\/6322195w.jpg","og:image:secure_url":"https:\/\/eldigitaldeasturias.com\/magazine365\/wp-content\/uploads\/2014\/06\/6322195w.jpg","og:image:width":800,"og:image:height":534,"article:published_time":"2014-06-01T20:38:21+00:00","article:modified_time":"2014-06-01T20:38:21+00:00","twitter:card":"summary_large_image","twitter:title":"Arcade Fire despierta el Rock in Rio Lisboa con su orquesta global | El Digital de Asturias","twitter:description":"Lisboa, 1 jun (EFE).- La banda canadiense Arcade Fire despert\u00f3 anoche a Lisboa con un potente espect\u00e1culo de su orquesta global en la cuarta jornada del Rock in Rio, que tambi\u00e9n cont\u00f3 con la voz sensual de la joven neozelandesa Lorde. Los de Montreal cerraron con dos horas de repertorio la fiesta del escenario principal","twitter:image":"https:\/\/eldigitaldeasturias.com\/magazine365\/wp-content\/uploads\/2014\/06\/6322195w.jpg"},"aioseo_meta_data":{"post_id":"14677","title":null,"description":null,"keywords":null,"keyphrases":null,"primary_term":null,"canonical_url":null,"og_title":null,"og_description":null,"og_object_type":"default","og_image_type":"default","og_image_url":null,"og_image_width":null,"og_image_height":null,"og_image_custom_url":null,"og_image_custom_fields":null,"og_video":null,"og_custom_url":null,"og_article_section":null,"og_article_tags":null,"twitter_use_og":false,"twitter_card":"default","twitter_image_type":"default","twitter_image_url":null,"twitter_image_custom_url":null,"twitter_image_custom_fields":null,"twitter_title":null,"twitter_description":null,"schema":{"blockGraphs":[],"customGraphs":[],"default":{"data":{"Article":[],"Course":[],"Dataset":[],"FAQPage":[],"Movie":[],"Person":[],"Product":[],"ProductReview":[],"Car":[],"Recipe":[],"Service":[],"SoftwareApplication":[],"WebPage":[]},"graphName":"","isEnabled":true},"graphs":[],"defaultGraph":"","defaultPostTypeGraph":""},"schema_type":null,"schema_type_options":null,"pillar_content":false,"robots_default":true,"robots_noindex":false,"robots_noarchive":false,"robots_nosnippet":false,"robots_nofollow":false,"robots_noimageindex":false,"robots_noodp":false,"robots_notranslate":false,"robots_max_snippet":null,"robots_max_videopreview":null,"robots_max_imagepreview":"large","priority":null,"frequency":null,"location":null,"local_seo":null,"seo_analyzer_scan_date":"2025-09-17 10:35:06","breadcrumb_settings":null,"limit_modified_date":false,"open_ai":null,"ai":null,"created":"2021-03-09 08:11:40","updated":"2025-09-17 10:35:06"},"aioseo_breadcrumb":"<div class=\"aioseo-breadcrumbs\"><span class=\"aioseo-breadcrumb\">\n\t<a href=\"https:\/\/eldigitaldeasturias.com\/magazine365\" title=\"Home\">Home<\/a>\n<\/span><span class=\"aioseo-breadcrumb-separator\">\u2013<\/span><span class=\"aioseo-breadcrumb\">\n\t<a href=\"https:\/\/eldigitaldeasturias.com\/magazine365\/category\/noticias-actualidad\/\" title=\"Noticias y Actualidad\">Noticias y Actualidad<\/a>\n<\/span><span class=\"aioseo-breadcrumb-separator\">\u2013<\/span><span class=\"aioseo-breadcrumb\">\n\t<a href=\"https:\/\/eldigitaldeasturias.com\/magazine365\/arcade-fire-despierta-el-rock-in-rio-lisboa-con-su-orquesta-global\/\" title=\"Arcade Fire despierta el Rock in Rio Lisboa con su orquesta global\">Arcade Fire despierta el Rock in Rio Lisboa con su orquesta global<\/a>\n<\/span><\/div>","aioseo_breadcrumb_json":[{"label":"Home","link":"https:\/\/eldigitaldeasturias.com\/magazine365"},{"label":"Noticias y Actualidad","link":"https:\/\/eldigitaldeasturias.com\/magazine365\/category\/noticias-actualidad\/"},{"label":"Arcade Fire despierta el Rock in Rio Lisboa con su orquesta global","link":"https:\/\/eldigitaldeasturias.com\/magazine365\/arcade-fire-despierta-el-rock-in-rio-lisboa-con-su-orquesta-global\/"}],"_links":{"self":[{"href":"https:\/\/eldigitaldeasturias.com\/magazine365\/wp-json\/wp\/v2\/posts\/14677","targetHints":{"allow":["GET"]}}],"collection":[{"href":"https:\/\/eldigitaldeasturias.com\/magazine365\/wp-json\/wp\/v2\/posts"}],"about":[{"href":"https:\/\/eldigitaldeasturias.com\/magazine365\/wp-json\/wp\/v2\/types\/post"}],"author":[{"embeddable":true,"href":"https:\/\/eldigitaldeasturias.com\/magazine365\/wp-json\/wp\/v2\/users\/1"}],"replies":[{"embeddable":true,"href":"https:\/\/eldigitaldeasturias.com\/magazine365\/wp-json\/wp\/v2\/comments?post=14677"}],"version-history":[{"count":0,"href":"https:\/\/eldigitaldeasturias.com\/magazine365\/wp-json\/wp\/v2\/posts\/14677\/revisions"}],"wp:featuredmedia":[{"embeddable":true,"href":"https:\/\/eldigitaldeasturias.com\/magazine365\/wp-json\/wp\/v2\/media\/14683"}],"wp:attachment":[{"href":"https:\/\/eldigitaldeasturias.com\/magazine365\/wp-json\/wp\/v2\/media?parent=14677"}],"wp:term":[{"taxonomy":"category","embeddable":true,"href":"https:\/\/eldigitaldeasturias.com\/magazine365\/wp-json\/wp\/v2\/categories?post=14677"},{"taxonomy":"post_tag","embeddable":true,"href":"https:\/\/eldigitaldeasturias.com\/magazine365\/wp-json\/wp\/v2\/tags?post=14677"}],"curies":[{"name":"wp","href":"https:\/\/api.w.org\/{rel}","templated":true}]}}