{"id":14662,"date":"2014-05-31T23:50:42","date_gmt":"2014-06-01T01:50:42","guid":{"rendered":"http:\/\/eldigitaldeasturias.com\/magazine365\/?p=14662"},"modified":"2014-05-31T23:50:42","modified_gmt":"2014-06-01T01:50:42","slug":"caetano-veloso-abraza-nuevos-publicos-en-el-festival-primavera-sound","status":"publish","type":"post","link":"https:\/\/eldigitaldeasturias.com\/magazine365\/caetano-veloso-abraza-nuevos-publicos-en-el-festival-primavera-sound\/","title":{"rendered":"Caetano Veloso abraza nuevos p\u00fablicos en el Festival Primavera Sound"},"content":{"rendered":"<p><img fetchpriority=\"high\" decoding=\"async\" class=\"alignleft size-medium wp-image-14663\" alt=\"6321719w\" src=\"https:\/\/eldigitaldeasturias.com\/magazine365\/wp-content\/uploads\/2014\/05\/6321719w-360x239.jpg\" width=\"360\" height=\"239\" \/>Barcelona, 31 may (EFE).- Cetano Veloso es una leyenda viva, capaz de conectar con los j\u00f3venes aficionados al indie-rock que pueblan el Festival Primavera Sound, donde ha actuado hoy, sin perder las ra\u00edces ni decepcionar a los seguidores de toda la vida.<\/p>\n<p>En el concierto de hoy en Barcelona, el prestigioso m\u00fasico brasile\u00f1o ha dado una clase magistral de capacidad para seguir en la brecha, sin repetirse ni anclarse en el pasado.<\/p>\n<p>El concierto ha empezado con \u00abA Bossa Nova \u00e9 foda\u00bb, uno de los temas de su \u00faltimo disco \u00abAbra\u00e7a\u00e7o\u00bb, con el que se ha reinventado musicalmente a si mismo por en\u00e9sima vez, en esta ocasi\u00f3n en compa\u00f1\u00eda de los j\u00f3venes componentes de la banda C\u00ea.<\/p>\n<p>Durante m\u00e1s de una hora, Veloso ha recorrido este disco y ha cantado temas como \u00abAbra\u00e7a\u00e7o\u00bb, \u00abParab\u00e9ns\u00bb, \u00abEstou triste\u00bb, con los que ha demostrado que su creatividad esta intacta y tiene los pies en el presente.<\/p>\n<p>Pero lo mas sorprende ha sido comprobar la vigencia de los viejos temas de Caetano Veloso, y su facilidad para reinterpretarlos y encajarlos entre las nuevas composiciones.<\/p>\n<p>\u00abO le\u00e3ozinho\u00bb y \u00abA luz de Tieta\u00bb han hecho las delicias de los presentes, que han recibido con los brazos abiertos unos ritmos poco habituales en un festival como el Primavera Sound, tan amigo de las m\u00fasicas anglosajonas.<\/p>\n<p>Caetano Veloso, rejuvenecido, ha bailado, corrido y hasta se ha tirado por el suelo del escenario, pero sobretodo ha abrazado a los presentes con sus brazos y con los de los miembros de la banda \u00c7e, que en un momento del concierto se ha colocado tras el cantante y han bailado como si Caetano fuera un ser mitol\u00f3gico con ocho brazos.<\/p>\n<p>Todo ello en un escenario situado junto al mar de Barcelona, en honor a cuyos habitantes Caetano Veloso ha cantado en espa\u00f1ol \u00abTonada de luna llena\u00bb, sin m\u00e1s acompa\u00f1amiento que su propia voz.<\/p>\n<p>Una voz intacta tras m\u00e1s de medio siglo de uso, que casa a la perfecci\u00f3n con los solos de guitarra de Pedro S\u00e1.<\/p>\n<p>El concierto de Caetano Veloso ha sido un radiante colof\u00f3n para el Festival Primavera Sound, que hoy finaliza tras tres d\u00edas intensos, en los que han brillado con luz propia las actuaciones de Arcade Fire, Pixies, The National, Neutral Milk Hotel, Charles Bradley, Disclosure, Queens of The Stone Age, Future Islands y St Vicent.<\/p>\n<p>Los organizadores del festival tambi\u00e9n han destacado la fuerza de la orquesta polir\u00edtmica Antibalas, el hardcore de los americanos Touch\u00e9 Amor\u00e9, el metal modernizado de Deafheaven, el jazz libre la Sun Ra Arkestra, el ruidismo de Wolf Eyes y la electr\u00f3nica org\u00e1nica del d\u00fao Darkside.<\/p>\n<p>Los m\u00fasicos nacionales tambi\u00e9n han estado a la altura de las circunstancias en la \u00faltima jornada del festival, con las actuaciones de Mishima, Manel y S\u00edlvia P\u00e9rez Cruz con Ra\u00fcl Fern\u00e1ndez.<\/p>\n<p>El festival ha logrado capear la lluvia que ha ca\u00eddo intermitentemente durante los \u00faltimos d\u00edas y ha alcanzado r\u00e9cord de p\u00fablico, con 190.000 visitas a lo largo de toda la semana.<\/p>\n<p>Un p\u00fablico numerosos, casi la mitad del cual ha viajado desde otros pa\u00edses para asistir a este certamen, que gana prestigio internacional cada a\u00f1o, gracias a una programaci\u00f3n que cuida especialmente a las bandas de rock independiente.<\/p>\n<p>No obstante, el Primavera tambi\u00e9n deja espacio para otros g\u00e9neros, como la electr\u00f3nica, que este a\u00f1o ha contado con representantes de renombre como Laurent Garnier, Julio Bashmore, Moderat, The Haxan Cloak, Factory Floor, John Talabot, Angel Molina, Dj Fra, Dj Zero y Pional.<\/p>\n<p>&nbsp;<\/p>\n<p>Por Rosa D\u00edaz<\/p>\n","protected":false},"excerpt":{"rendered":"<p>Barcelona, 31 may (EFE).- Cetano Veloso es una leyenda viva, capaz de conectar con los j\u00f3venes aficionados al indie-rock que pueblan el Festival Primavera Sound, donde ha actuado hoy, sin perder las ra\u00edces ni decepcionar a los seguidores de toda la vida. En el concierto de hoy en Barcelona, el prestigioso m\u00fasico brasile\u00f1o ha dado<\/p>\n","protected":false},"author":1,"featured_media":14663,"comment_status":"open","ping_status":"closed","sticky":false,"template":"","format":"standard","meta":{"footnotes":""},"categories":[224],"tags":[],"class_list":{"0":"post-14662","1":"post","2":"type-post","3":"status-publish","4":"format-standard","5":"has-post-thumbnail","7":"category-noticias-actualidad"},"aioseo_notices":[],"aioseo_head":"\n\t\t<!-- All in One SEO Pro 4.9.6.1 - aioseo.com -->\n\t<meta name=\"description\" content=\"Barcelona, 31 may (EFE).- Cetano Veloso es una leyenda viva, capaz de conectar con los j\u00f3venes aficionados al indie-rock que pueblan el Festival Primavera Sound, donde ha actuado hoy, sin perder las ra\u00edces ni decepcionar a los seguidores de toda la vida. En el concierto de hoy en Barcelona, el prestigioso m\u00fasico brasile\u00f1o ha dado\" \/>\n\t<meta name=\"robots\" content=\"max-image-preview:large\" \/>\n\t<meta name=\"author\" content=\"admin\"\/>\n\t<meta name=\"google-site-verification\" content=\"UA-38556648-1\" \/>\n\t<meta name=\"keywords\" content=\"noticias y actualidad\" \/>\n\t<link rel=\"canonical\" href=\"https:\/\/eldigitaldeasturias.com\/magazine365\/caetano-veloso-abraza-nuevos-publicos-en-el-festival-primavera-sound\/\" \/>\n\t<meta name=\"generator\" content=\"All in One SEO Pro (AIOSEO) 4.9.6.1\" \/>\n\t\t<meta property=\"og:locale\" content=\"es_ES\" \/>\n\t\t<meta property=\"og:site_name\" content=\"El Digital de Asturias \u2013 Revista de ocio, turismo y estilo de vida\" \/>\n\t\t<meta property=\"og:type\" content=\"article\" \/>\n\t\t<meta property=\"og:title\" content=\"Caetano Veloso abraza nuevos p\u00fablicos en el Festival Primavera Sound | El Digital de Asturias\" \/>\n\t\t<meta property=\"og:description\" content=\"Barcelona, 31 may (EFE).- Cetano Veloso es una leyenda viva, capaz de conectar con los j\u00f3venes aficionados al indie-rock que pueblan el Festival Primavera Sound, donde ha actuado hoy, sin perder las ra\u00edces ni decepcionar a los seguidores de toda la vida. En el concierto de hoy en Barcelona, el prestigioso m\u00fasico brasile\u00f1o ha dado\" \/>\n\t\t<meta property=\"og:url\" content=\"https:\/\/eldigitaldeasturias.com\/magazine365\/caetano-veloso-abraza-nuevos-publicos-en-el-festival-primavera-sound\/\" \/>\n\t\t<meta property=\"og:image\" content=\"https:\/\/eldigitaldeasturias.com\/magazine365\/wp-content\/uploads\/2014\/05\/6321719w.jpg\" \/>\n\t\t<meta property=\"og:image:secure_url\" content=\"https:\/\/eldigitaldeasturias.com\/magazine365\/wp-content\/uploads\/2014\/05\/6321719w.jpg\" \/>\n\t\t<meta property=\"og:image:width\" content=\"800\" \/>\n\t\t<meta property=\"og:image:height\" content=\"533\" \/>\n\t\t<meta property=\"article:published_time\" content=\"2014-06-01T01:50:42+00:00\" \/>\n\t\t<meta property=\"article:modified_time\" content=\"2014-06-01T01:50:42+00:00\" \/>\n\t\t<meta name=\"twitter:card\" content=\"summary_large_image\" \/>\n\t\t<meta name=\"twitter:title\" content=\"Caetano Veloso abraza nuevos p\u00fablicos en el Festival Primavera Sound | El Digital de Asturias\" \/>\n\t\t<meta name=\"twitter:description\" content=\"Barcelona, 31 may (EFE).- Cetano Veloso es una leyenda viva, capaz de conectar con los j\u00f3venes aficionados al indie-rock que pueblan el Festival Primavera Sound, donde ha actuado hoy, sin perder las ra\u00edces ni decepcionar a los seguidores de toda la vida. En el concierto de hoy en Barcelona, el prestigioso m\u00fasico brasile\u00f1o ha dado\" \/>\n\t\t<meta name=\"twitter:image\" content=\"https:\/\/eldigitaldeasturias.com\/magazine365\/wp-content\/uploads\/2014\/05\/6321719w.jpg\" \/>\n\t\t<script type=\"application\/ld+json\" class=\"aioseo-schema\">\n\t\t\t{\"@context\":\"https:\\\/\\\/schema.org\",\"@graph\":[{\"@type\":\"Article\",\"@id\":\"https:\\\/\\\/eldigitaldeasturias.com\\\/magazine365\\\/caetano-veloso-abraza-nuevos-publicos-en-el-festival-primavera-sound\\\/#article\",\"name\":\"Caetano Veloso abraza nuevos p\\u00fablicos en el Festival Primavera Sound | El Digital de Asturias\",\"headline\":\"Caetano Veloso abraza nuevos p\\u00fablicos en el Festival Primavera Sound\",\"author\":{\"@id\":\"https:\\\/\\\/eldigitaldeasturias.com\\\/magazine365\\\/author\\\/admin\\\/#author\"},\"publisher\":{\"@id\":\"https:\\\/\\\/eldigitaldeasturias.com\\\/magazine365\\\/#organization\"},\"image\":{\"@type\":\"ImageObject\",\"url\":\"https:\\\/\\\/eldigitaldeasturias.com\\\/magazine365\\\/wp-content\\\/uploads\\\/2014\\\/05\\\/6321719w.jpg\",\"width\":800,\"height\":533},\"datePublished\":\"2014-05-31T23:50:42+02:00\",\"dateModified\":\"2014-05-31T23:50:42+02:00\",\"inLanguage\":\"es-ES\",\"mainEntityOfPage\":{\"@id\":\"https:\\\/\\\/eldigitaldeasturias.com\\\/magazine365\\\/caetano-veloso-abraza-nuevos-publicos-en-el-festival-primavera-sound\\\/#webpage\"},\"isPartOf\":{\"@id\":\"https:\\\/\\\/eldigitaldeasturias.com\\\/magazine365\\\/caetano-veloso-abraza-nuevos-publicos-en-el-festival-primavera-sound\\\/#webpage\"},\"articleSection\":\"Noticias y Actualidad\"},{\"@type\":\"BreadcrumbList\",\"@id\":\"https:\\\/\\\/eldigitaldeasturias.com\\\/magazine365\\\/caetano-veloso-abraza-nuevos-publicos-en-el-festival-primavera-sound\\\/#breadcrumblist\",\"itemListElement\":[{\"@type\":\"ListItem\",\"@id\":\"https:\\\/\\\/eldigitaldeasturias.com\\\/magazine365#listItem\",\"position\":1,\"name\":\"Home\",\"item\":\"https:\\\/\\\/eldigitaldeasturias.com\\\/magazine365\",\"nextItem\":{\"@type\":\"ListItem\",\"@id\":\"https:\\\/\\\/eldigitaldeasturias.com\\\/magazine365\\\/category\\\/noticias-actualidad\\\/#listItem\",\"name\":\"Noticias y Actualidad\"}},{\"@type\":\"ListItem\",\"@id\":\"https:\\\/\\\/eldigitaldeasturias.com\\\/magazine365\\\/category\\\/noticias-actualidad\\\/#listItem\",\"position\":2,\"name\":\"Noticias y Actualidad\",\"item\":\"https:\\\/\\\/eldigitaldeasturias.com\\\/magazine365\\\/category\\\/noticias-actualidad\\\/\",\"nextItem\":{\"@type\":\"ListItem\",\"@id\":\"https:\\\/\\\/eldigitaldeasturias.com\\\/magazine365\\\/caetano-veloso-abraza-nuevos-publicos-en-el-festival-primavera-sound\\\/#listItem\",\"name\":\"Caetano Veloso abraza nuevos p\\u00fablicos en el Festival Primavera Sound\"},\"previousItem\":{\"@type\":\"ListItem\",\"@id\":\"https:\\\/\\\/eldigitaldeasturias.com\\\/magazine365#listItem\",\"name\":\"Home\"}},{\"@type\":\"ListItem\",\"@id\":\"https:\\\/\\\/eldigitaldeasturias.com\\\/magazine365\\\/caetano-veloso-abraza-nuevos-publicos-en-el-festival-primavera-sound\\\/#listItem\",\"position\":3,\"name\":\"Caetano Veloso abraza nuevos p\\u00fablicos en el Festival Primavera Sound\",\"previousItem\":{\"@type\":\"ListItem\",\"@id\":\"https:\\\/\\\/eldigitaldeasturias.com\\\/magazine365\\\/category\\\/noticias-actualidad\\\/#listItem\",\"name\":\"Noticias y Actualidad\"}}]},{\"@type\":\"Organization\",\"@id\":\"https:\\\/\\\/eldigitaldeasturias.com\\\/magazine365\\\/#organization\",\"name\":\"El digital de Asturias\",\"description\":\"Revista de ocio, turismo y estilo de vida\",\"url\":\"https:\\\/\\\/eldigitaldeasturias.com\\\/magazine365\\\/\",\"logo\":{\"@type\":\"ImageObject\",\"url\":\"https:\\\/\\\/www.eldigitaldeasturias.com\\\/noticias\\\/wp-content\\\/uploads\\\/2020\\\/12\\\/EDA.jpg\",\"@id\":\"https:\\\/\\\/eldigitaldeasturias.com\\\/magazine365\\\/caetano-veloso-abraza-nuevos-publicos-en-el-festival-primavera-sound\\\/#organizationLogo\"},\"image\":{\"@id\":\"https:\\\/\\\/eldigitaldeasturias.com\\\/magazine365\\\/caetano-veloso-abraza-nuevos-publicos-en-el-festival-primavera-sound\\\/#organizationLogo\"}},{\"@type\":\"Person\",\"@id\":\"https:\\\/\\\/eldigitaldeasturias.com\\\/magazine365\\\/author\\\/admin\\\/#author\",\"url\":\"https:\\\/\\\/eldigitaldeasturias.com\\\/magazine365\\\/author\\\/admin\\\/\",\"name\":\"admin\",\"image\":{\"@type\":\"ImageObject\",\"@id\":\"https:\\\/\\\/eldigitaldeasturias.com\\\/magazine365\\\/caetano-veloso-abraza-nuevos-publicos-en-el-festival-primavera-sound\\\/#authorImage\",\"url\":\"https:\\\/\\\/eldigitaldeasturias.com\\\/magazine365\\\/wp-content\\\/litespeed\\\/avatar\\\/e571bcf59a0edd6fa6838245a470f2fe.jpg?ver=1777574230\",\"width\":96,\"height\":96,\"caption\":\"admin\"}},{\"@type\":\"WebPage\",\"@id\":\"https:\\\/\\\/eldigitaldeasturias.com\\\/magazine365\\\/caetano-veloso-abraza-nuevos-publicos-en-el-festival-primavera-sound\\\/#webpage\",\"url\":\"https:\\\/\\\/eldigitaldeasturias.com\\\/magazine365\\\/caetano-veloso-abraza-nuevos-publicos-en-el-festival-primavera-sound\\\/\",\"name\":\"Caetano Veloso abraza nuevos p\\u00fablicos en el Festival Primavera Sound | El Digital de Asturias\",\"description\":\"Barcelona, 31 may (EFE).- Cetano Veloso es una leyenda viva, capaz de conectar con los j\\u00f3venes aficionados al indie-rock que pueblan el Festival Primavera Sound, donde ha actuado hoy, sin perder las ra\\u00edces ni decepcionar a los seguidores de toda la vida. En el concierto de hoy en Barcelona, el prestigioso m\\u00fasico brasile\\u00f1o ha dado\",\"inLanguage\":\"es-ES\",\"isPartOf\":{\"@id\":\"https:\\\/\\\/eldigitaldeasturias.com\\\/magazine365\\\/#website\"},\"breadcrumb\":{\"@id\":\"https:\\\/\\\/eldigitaldeasturias.com\\\/magazine365\\\/caetano-veloso-abraza-nuevos-publicos-en-el-festival-primavera-sound\\\/#breadcrumblist\"},\"author\":{\"@id\":\"https:\\\/\\\/eldigitaldeasturias.com\\\/magazine365\\\/author\\\/admin\\\/#author\"},\"creator\":{\"@id\":\"https:\\\/\\\/eldigitaldeasturias.com\\\/magazine365\\\/author\\\/admin\\\/#author\"},\"image\":{\"@type\":\"ImageObject\",\"url\":\"https:\\\/\\\/eldigitaldeasturias.com\\\/magazine365\\\/wp-content\\\/uploads\\\/2014\\\/05\\\/6321719w.jpg\",\"@id\":\"https:\\\/\\\/eldigitaldeasturias.com\\\/magazine365\\\/caetano-veloso-abraza-nuevos-publicos-en-el-festival-primavera-sound\\\/#mainImage\",\"width\":800,\"height\":533},\"primaryImageOfPage\":{\"@id\":\"https:\\\/\\\/eldigitaldeasturias.com\\\/magazine365\\\/caetano-veloso-abraza-nuevos-publicos-en-el-festival-primavera-sound\\\/#mainImage\"},\"datePublished\":\"2014-05-31T23:50:42+02:00\",\"dateModified\":\"2014-05-31T23:50:42+02:00\"},{\"@type\":\"WebSite\",\"@id\":\"https:\\\/\\\/eldigitaldeasturias.com\\\/magazine365\\\/#website\",\"url\":\"https:\\\/\\\/eldigitaldeasturias.com\\\/magazine365\\\/\",\"name\":\"El Digital de Asturias\",\"description\":\"Revista de ocio, turismo y estilo de vida\",\"inLanguage\":\"es-ES\",\"publisher\":{\"@id\":\"https:\\\/\\\/eldigitaldeasturias.com\\\/magazine365\\\/#organization\"}}]}\n\t\t<\/script>\n\t\t<!-- All in One SEO Pro -->\r\n\t\t<title>Caetano Veloso abraza nuevos p\u00fablicos en el Festival Primavera Sound | El Digital de Asturias<\/title>\n\n","aioseo_head_json":{"title":"Caetano Veloso abraza nuevos p\u00fablicos en el Festival Primavera Sound | El Digital de Asturias","description":"Barcelona, 31 may (EFE).- Cetano Veloso es una leyenda viva, capaz de conectar con los j\u00f3venes aficionados al indie-rock que pueblan el Festival Primavera Sound, donde ha actuado hoy, sin perder las ra\u00edces ni decepcionar a los seguidores de toda la vida. En el concierto de hoy en Barcelona, el prestigioso m\u00fasico brasile\u00f1o ha dado","canonical_url":"https:\/\/eldigitaldeasturias.com\/magazine365\/caetano-veloso-abraza-nuevos-publicos-en-el-festival-primavera-sound\/","robots":"max-image-preview:large","keywords":"noticias y actualidad","webmasterTools":{"google-site-verification":"UA-38556648-1","miscellaneous":""},"schema":{"@context":"https:\/\/schema.org","@graph":[{"@type":"Article","@id":"https:\/\/eldigitaldeasturias.com\/magazine365\/caetano-veloso-abraza-nuevos-publicos-en-el-festival-primavera-sound\/#article","name":"Caetano Veloso abraza nuevos p\u00fablicos en el Festival Primavera Sound | El Digital de Asturias","headline":"Caetano Veloso abraza nuevos p\u00fablicos en el Festival Primavera Sound","author":{"@id":"https:\/\/eldigitaldeasturias.com\/magazine365\/author\/admin\/#author"},"publisher":{"@id":"https:\/\/eldigitaldeasturias.com\/magazine365\/#organization"},"image":{"@type":"ImageObject","url":"https:\/\/eldigitaldeasturias.com\/magazine365\/wp-content\/uploads\/2014\/05\/6321719w.jpg","width":800,"height":533},"datePublished":"2014-05-31T23:50:42+02:00","dateModified":"2014-05-31T23:50:42+02:00","inLanguage":"es-ES","mainEntityOfPage":{"@id":"https:\/\/eldigitaldeasturias.com\/magazine365\/caetano-veloso-abraza-nuevos-publicos-en-el-festival-primavera-sound\/#webpage"},"isPartOf":{"@id":"https:\/\/eldigitaldeasturias.com\/magazine365\/caetano-veloso-abraza-nuevos-publicos-en-el-festival-primavera-sound\/#webpage"},"articleSection":"Noticias y Actualidad"},{"@type":"BreadcrumbList","@id":"https:\/\/eldigitaldeasturias.com\/magazine365\/caetano-veloso-abraza-nuevos-publicos-en-el-festival-primavera-sound\/#breadcrumblist","itemListElement":[{"@type":"ListItem","@id":"https:\/\/eldigitaldeasturias.com\/magazine365#listItem","position":1,"name":"Home","item":"https:\/\/eldigitaldeasturias.com\/magazine365","nextItem":{"@type":"ListItem","@id":"https:\/\/eldigitaldeasturias.com\/magazine365\/category\/noticias-actualidad\/#listItem","name":"Noticias y Actualidad"}},{"@type":"ListItem","@id":"https:\/\/eldigitaldeasturias.com\/magazine365\/category\/noticias-actualidad\/#listItem","position":2,"name":"Noticias y Actualidad","item":"https:\/\/eldigitaldeasturias.com\/magazine365\/category\/noticias-actualidad\/","nextItem":{"@type":"ListItem","@id":"https:\/\/eldigitaldeasturias.com\/magazine365\/caetano-veloso-abraza-nuevos-publicos-en-el-festival-primavera-sound\/#listItem","name":"Caetano Veloso abraza nuevos p\u00fablicos en el Festival Primavera Sound"},"previousItem":{"@type":"ListItem","@id":"https:\/\/eldigitaldeasturias.com\/magazine365#listItem","name":"Home"}},{"@type":"ListItem","@id":"https:\/\/eldigitaldeasturias.com\/magazine365\/caetano-veloso-abraza-nuevos-publicos-en-el-festival-primavera-sound\/#listItem","position":3,"name":"Caetano Veloso abraza nuevos p\u00fablicos en el Festival Primavera Sound","previousItem":{"@type":"ListItem","@id":"https:\/\/eldigitaldeasturias.com\/magazine365\/category\/noticias-actualidad\/#listItem","name":"Noticias y Actualidad"}}]},{"@type":"Organization","@id":"https:\/\/eldigitaldeasturias.com\/magazine365\/#organization","name":"El digital de Asturias","description":"Revista de ocio, turismo y estilo de vida","url":"https:\/\/eldigitaldeasturias.com\/magazine365\/","logo":{"@type":"ImageObject","url":"https:\/\/www.eldigitaldeasturias.com\/noticias\/wp-content\/uploads\/2020\/12\/EDA.jpg","@id":"https:\/\/eldigitaldeasturias.com\/magazine365\/caetano-veloso-abraza-nuevos-publicos-en-el-festival-primavera-sound\/#organizationLogo"},"image":{"@id":"https:\/\/eldigitaldeasturias.com\/magazine365\/caetano-veloso-abraza-nuevos-publicos-en-el-festival-primavera-sound\/#organizationLogo"}},{"@type":"Person","@id":"https:\/\/eldigitaldeasturias.com\/magazine365\/author\/admin\/#author","url":"https:\/\/eldigitaldeasturias.com\/magazine365\/author\/admin\/","name":"admin","image":{"@type":"ImageObject","@id":"https:\/\/eldigitaldeasturias.com\/magazine365\/caetano-veloso-abraza-nuevos-publicos-en-el-festival-primavera-sound\/#authorImage","url":"https:\/\/eldigitaldeasturias.com\/magazine365\/wp-content\/litespeed\/avatar\/e571bcf59a0edd6fa6838245a470f2fe.jpg?ver=1777574230","width":96,"height":96,"caption":"admin"}},{"@type":"WebPage","@id":"https:\/\/eldigitaldeasturias.com\/magazine365\/caetano-veloso-abraza-nuevos-publicos-en-el-festival-primavera-sound\/#webpage","url":"https:\/\/eldigitaldeasturias.com\/magazine365\/caetano-veloso-abraza-nuevos-publicos-en-el-festival-primavera-sound\/","name":"Caetano Veloso abraza nuevos p\u00fablicos en el Festival Primavera Sound | El Digital de Asturias","description":"Barcelona, 31 may (EFE).- Cetano Veloso es una leyenda viva, capaz de conectar con los j\u00f3venes aficionados al indie-rock que pueblan el Festival Primavera Sound, donde ha actuado hoy, sin perder las ra\u00edces ni decepcionar a los seguidores de toda la vida. En el concierto de hoy en Barcelona, el prestigioso m\u00fasico brasile\u00f1o ha dado","inLanguage":"es-ES","isPartOf":{"@id":"https:\/\/eldigitaldeasturias.com\/magazine365\/#website"},"breadcrumb":{"@id":"https:\/\/eldigitaldeasturias.com\/magazine365\/caetano-veloso-abraza-nuevos-publicos-en-el-festival-primavera-sound\/#breadcrumblist"},"author":{"@id":"https:\/\/eldigitaldeasturias.com\/magazine365\/author\/admin\/#author"},"creator":{"@id":"https:\/\/eldigitaldeasturias.com\/magazine365\/author\/admin\/#author"},"image":{"@type":"ImageObject","url":"https:\/\/eldigitaldeasturias.com\/magazine365\/wp-content\/uploads\/2014\/05\/6321719w.jpg","@id":"https:\/\/eldigitaldeasturias.com\/magazine365\/caetano-veloso-abraza-nuevos-publicos-en-el-festival-primavera-sound\/#mainImage","width":800,"height":533},"primaryImageOfPage":{"@id":"https:\/\/eldigitaldeasturias.com\/magazine365\/caetano-veloso-abraza-nuevos-publicos-en-el-festival-primavera-sound\/#mainImage"},"datePublished":"2014-05-31T23:50:42+02:00","dateModified":"2014-05-31T23:50:42+02:00"},{"@type":"WebSite","@id":"https:\/\/eldigitaldeasturias.com\/magazine365\/#website","url":"https:\/\/eldigitaldeasturias.com\/magazine365\/","name":"El Digital de Asturias","description":"Revista de ocio, turismo y estilo de vida","inLanguage":"es-ES","publisher":{"@id":"https:\/\/eldigitaldeasturias.com\/magazine365\/#organization"}}]},"og:locale":"es_ES","og:site_name":"El Digital de Asturias \u2013 Revista de ocio, turismo y estilo de vida","og:type":"article","og:title":"Caetano Veloso abraza nuevos p\u00fablicos en el Festival Primavera Sound | El Digital de Asturias","og:description":"Barcelona, 31 may (EFE).- Cetano Veloso es una leyenda viva, capaz de conectar con los j\u00f3venes aficionados al indie-rock que pueblan el Festival Primavera Sound, donde ha actuado hoy, sin perder las ra\u00edces ni decepcionar a los seguidores de toda la vida. En el concierto de hoy en Barcelona, el prestigioso m\u00fasico brasile\u00f1o ha dado","og:url":"https:\/\/eldigitaldeasturias.com\/magazine365\/caetano-veloso-abraza-nuevos-publicos-en-el-festival-primavera-sound\/","og:image":"https:\/\/eldigitaldeasturias.com\/magazine365\/wp-content\/uploads\/2014\/05\/6321719w.jpg","og:image:secure_url":"https:\/\/eldigitaldeasturias.com\/magazine365\/wp-content\/uploads\/2014\/05\/6321719w.jpg","og:image:width":800,"og:image:height":533,"article:published_time":"2014-06-01T01:50:42+00:00","article:modified_time":"2014-06-01T01:50:42+00:00","twitter:card":"summary_large_image","twitter:title":"Caetano Veloso abraza nuevos p\u00fablicos en el Festival Primavera Sound | El Digital de Asturias","twitter:description":"Barcelona, 31 may (EFE).- Cetano Veloso es una leyenda viva, capaz de conectar con los j\u00f3venes aficionados al indie-rock que pueblan el Festival Primavera Sound, donde ha actuado hoy, sin perder las ra\u00edces ni decepcionar a los seguidores de toda la vida. En el concierto de hoy en Barcelona, el prestigioso m\u00fasico brasile\u00f1o ha dado","twitter:image":"https:\/\/eldigitaldeasturias.com\/magazine365\/wp-content\/uploads\/2014\/05\/6321719w.jpg"},"aioseo_meta_data":{"post_id":"14662","title":null,"description":null,"keywords":null,"keyphrases":null,"primary_term":null,"canonical_url":null,"og_title":null,"og_description":null,"og_object_type":"default","og_image_type":"default","og_image_url":null,"og_image_width":null,"og_image_height":null,"og_image_custom_url":null,"og_image_custom_fields":null,"og_video":null,"og_custom_url":null,"og_article_section":null,"og_article_tags":null,"twitter_use_og":false,"twitter_card":"default","twitter_image_type":"default","twitter_image_url":null,"twitter_image_custom_url":null,"twitter_image_custom_fields":null,"twitter_title":null,"twitter_description":null,"schema":{"blockGraphs":[],"customGraphs":[],"default":{"data":{"Article":[],"Course":[],"Dataset":[],"FAQPage":[],"Movie":[],"Person":[],"Product":[],"ProductReview":[],"Car":[],"Recipe":[],"Service":[],"SoftwareApplication":[],"WebPage":[]},"graphName":"","isEnabled":true},"graphs":[],"defaultGraph":"","defaultPostTypeGraph":""},"schema_type":null,"schema_type_options":null,"pillar_content":false,"robots_default":true,"robots_noindex":false,"robots_noarchive":false,"robots_nosnippet":false,"robots_nofollow":false,"robots_noimageindex":false,"robots_noodp":false,"robots_notranslate":false,"robots_max_snippet":null,"robots_max_videopreview":null,"robots_max_imagepreview":"large","priority":null,"frequency":null,"location":null,"local_seo":null,"seo_analyzer_scan_date":"2025-09-17 10:35:01","breadcrumb_settings":null,"limit_modified_date":false,"open_ai":null,"ai":null,"created":"2021-03-09 08:11:40","updated":"2025-09-17 10:35:01"},"aioseo_breadcrumb":"<div class=\"aioseo-breadcrumbs\"><span class=\"aioseo-breadcrumb\">\n\t<a href=\"https:\/\/eldigitaldeasturias.com\/magazine365\" title=\"Home\">Home<\/a>\n<\/span><span class=\"aioseo-breadcrumb-separator\">\u2013<\/span><span class=\"aioseo-breadcrumb\">\n\t<a href=\"https:\/\/eldigitaldeasturias.com\/magazine365\/category\/noticias-actualidad\/\" title=\"Noticias y Actualidad\">Noticias y Actualidad<\/a>\n<\/span><span class=\"aioseo-breadcrumb-separator\">\u2013<\/span><span class=\"aioseo-breadcrumb\">\n\t<a href=\"https:\/\/eldigitaldeasturias.com\/magazine365\/caetano-veloso-abraza-nuevos-publicos-en-el-festival-primavera-sound\/\" title=\"Caetano Veloso abraza nuevos p\u00fablicos en el Festival Primavera Sound\">Caetano Veloso abraza nuevos p\u00fablicos en el Festival Primavera Sound<\/a>\n<\/span><\/div>","aioseo_breadcrumb_json":[{"label":"Home","link":"https:\/\/eldigitaldeasturias.com\/magazine365"},{"label":"Noticias y Actualidad","link":"https:\/\/eldigitaldeasturias.com\/magazine365\/category\/noticias-actualidad\/"},{"label":"Caetano Veloso abraza nuevos p\u00fablicos en el Festival Primavera Sound","link":"https:\/\/eldigitaldeasturias.com\/magazine365\/caetano-veloso-abraza-nuevos-publicos-en-el-festival-primavera-sound\/"}],"_links":{"self":[{"href":"https:\/\/eldigitaldeasturias.com\/magazine365\/wp-json\/wp\/v2\/posts\/14662","targetHints":{"allow":["GET"]}}],"collection":[{"href":"https:\/\/eldigitaldeasturias.com\/magazine365\/wp-json\/wp\/v2\/posts"}],"about":[{"href":"https:\/\/eldigitaldeasturias.com\/magazine365\/wp-json\/wp\/v2\/types\/post"}],"author":[{"embeddable":true,"href":"https:\/\/eldigitaldeasturias.com\/magazine365\/wp-json\/wp\/v2\/users\/1"}],"replies":[{"embeddable":true,"href":"https:\/\/eldigitaldeasturias.com\/magazine365\/wp-json\/wp\/v2\/comments?post=14662"}],"version-history":[{"count":0,"href":"https:\/\/eldigitaldeasturias.com\/magazine365\/wp-json\/wp\/v2\/posts\/14662\/revisions"}],"wp:featuredmedia":[{"embeddable":true,"href":"https:\/\/eldigitaldeasturias.com\/magazine365\/wp-json\/wp\/v2\/media\/14663"}],"wp:attachment":[{"href":"https:\/\/eldigitaldeasturias.com\/magazine365\/wp-json\/wp\/v2\/media?parent=14662"}],"wp:term":[{"taxonomy":"category","embeddable":true,"href":"https:\/\/eldigitaldeasturias.com\/magazine365\/wp-json\/wp\/v2\/categories?post=14662"},{"taxonomy":"post_tag","embeddable":true,"href":"https:\/\/eldigitaldeasturias.com\/magazine365\/wp-json\/wp\/v2\/tags?post=14662"}],"curies":[{"name":"wp","href":"https:\/\/api.w.org\/{rel}","templated":true}]}}