{"id":14650,"date":"2014-05-31T23:39:42","date_gmt":"2014-06-01T01:39:42","guid":{"rendered":"http:\/\/eldigitaldeasturias.com\/magazine365\/?p=14650"},"modified":"2014-05-31T23:39:42","modified_gmt":"2014-06-01T01:39:42","slug":"badalona-cuenta-desde-hoy-con-una-escultura-en-homenaje-a-manolo-escobar","status":"publish","type":"post","link":"https:\/\/eldigitaldeasturias.com\/magazine365\/badalona-cuenta-desde-hoy-con-una-escultura-en-homenaje-a-manolo-escobar\/","title":{"rendered":"Badalona cuenta desde hoy con una escultura en homenaje a Manolo Escobar"},"content":{"rendered":"<p><img fetchpriority=\"high\" decoding=\"async\" class=\"alignleft size-medium wp-image-14651\" alt=\"6321773w\" src=\"https:\/\/eldigitaldeasturias.com\/magazine365\/wp-content\/uploads\/2014\/05\/6321773w-360x263.jpg\" width=\"360\" height=\"263\" srcset=\"https:\/\/eldigitaldeasturias.com\/magazine365\/wp-content\/uploads\/2014\/05\/6321773w-360x263.jpg 360w, https:\/\/eldigitaldeasturias.com\/magazine365\/wp-content\/uploads\/2014\/05\/6321773w-650x475.jpg 650w, https:\/\/eldigitaldeasturias.com\/magazine365\/wp-content\/uploads\/2014\/05\/6321773w-768x562.jpg 768w, https:\/\/eldigitaldeasturias.com\/magazine365\/wp-content\/uploads\/2014\/05\/6321773w-150x110.jpg 150w, https:\/\/eldigitaldeasturias.com\/magazine365\/wp-content\/uploads\/2014\/05\/6321773w-450x329.jpg 450w, https:\/\/eldigitaldeasturias.com\/magazine365\/wp-content\/uploads\/2014\/05\/6321773w-696x509.jpg 696w, https:\/\/eldigitaldeasturias.com\/magazine365\/wp-content\/uploads\/2014\/05\/6321773w-574x420.jpg 574w, https:\/\/eldigitaldeasturias.com\/magazine365\/wp-content\/uploads\/2014\/05\/6321773w-90x67.jpg 90w, https:\/\/eldigitaldeasturias.com\/magazine365\/wp-content\/uploads\/2014\/05\/6321773w.jpg 800w\" sizes=\"(max-width: 360px) 100vw, 360px\" \/>Barcelona, 31 may (EFE).- El barrio de la Salut de Badalona cuenta desde hoy con una escultura en homenaje del cantante y actor Manolo Escobar, fallecido en octubre del a\u00f1o pasado y que durante su juventud residi\u00f3 en esta zona del municipio barcelon\u00e9s.<\/p>\n<p>La escultura, obra de la artista Susana Ruiz, consiste en una figura de bronce de 1,75 metros de altura y 350 kilogramos de peso que recrea la imagen de Manolo Escobar.<\/p>\n<p>Tanto la viuda del artista, Ana Marx, como su hija, Vanessa Garc\u00eda, han asistido al acto de descubrimiento de la estatua, que ha contado tambi\u00e9n con la presencia del alcalde de Badalona, Xavier Garcia Albiol.<\/p>\n<p>El ayuntamiento de Badalona ha asegurado, en un comunicado, que unas 3.000 personas han asistido al acto de descubrimiento de la estatua.<\/p>\n<p>La escultura se ha ubicado en el Paseo de la Salut, en el enclave principal del barrio al que Manolo Escobar lleg\u00f3 de joven, junto a su familia, procedente de Almer\u00eda.<\/p>\n<p>La figura recoge la imagen del cantante y actor en los a\u00f1os setenta, cuando Manolo Escobar ten\u00eda unos 45 a\u00f1os, y uno de sus brazos se apoya sobre una peana en la que hay un placa con la estrofa de una canci\u00f3n suya.<\/p>\n<p>Seg\u00fan fuentes del ayuntamiento de Badalona, el molde de los zapatos de la escultura se ha realizado a partir de unos aut\u00e9nticos que llevaba el cantante y que su familia dej\u00f3 a la escultora para realizar su obra.<\/p>\n<p>La autora de la escultora, nacida en Badalona pero que ha vivido 25 a\u00f1os entre California y Puerto Rico, es la misma que cre\u00f3 la escultura p\u00fablica del mono de la f\u00e1brica \u00abAn\u00eds del mono\u00bb, ubicada junto al Pont del Petroli, y que se ha convertido en uno de los rincones m\u00e1s fotografiados de este municipio.<\/p>\n","protected":false},"excerpt":{"rendered":"<p>Barcelona, 31 may (EFE).- El barrio de la Salut de Badalona cuenta desde hoy con una escultura en homenaje del cantante y actor Manolo Escobar, fallecido en octubre del a\u00f1o pasado y que durante su juventud residi\u00f3 en esta zona del municipio barcelon\u00e9s. La escultura, obra de la artista Susana Ruiz, consiste en una figura<\/p>\n","protected":false},"author":1,"featured_media":14651,"comment_status":"open","ping_status":"closed","sticky":false,"template":"","format":"standard","meta":{"footnotes":""},"categories":[224],"tags":[],"class_list":{"0":"post-14650","1":"post","2":"type-post","3":"status-publish","4":"format-standard","5":"has-post-thumbnail","7":"category-noticias-actualidad"},"aioseo_notices":[],"aioseo_head":"\n\t\t<!-- All in One SEO Pro 4.9.6.1 - aioseo.com -->\n\t<meta name=\"description\" content=\"Barcelona, 31 may (EFE).- El barrio de la Salut de Badalona cuenta desde hoy con una escultura en homenaje del cantante y actor Manolo Escobar, fallecido en octubre del a\u00f1o pasado y que durante su juventud residi\u00f3 en esta zona del municipio barcelon\u00e9s. La escultura, obra de la artista Susana Ruiz, consiste en una figura\" \/>\n\t<meta name=\"robots\" content=\"max-image-preview:large\" \/>\n\t<meta name=\"author\" content=\"admin\"\/>\n\t<meta name=\"google-site-verification\" content=\"UA-38556648-1\" \/>\n\t<meta name=\"keywords\" content=\"noticias y actualidad\" \/>\n\t<link rel=\"canonical\" href=\"https:\/\/eldigitaldeasturias.com\/magazine365\/badalona-cuenta-desde-hoy-con-una-escultura-en-homenaje-a-manolo-escobar\/\" \/>\n\t<meta name=\"generator\" content=\"All in One SEO Pro (AIOSEO) 4.9.6.1\" \/>\n\t\t<meta property=\"og:locale\" content=\"es_ES\" \/>\n\t\t<meta property=\"og:site_name\" content=\"El Digital de Asturias \u2013 Revista de ocio, turismo y estilo de vida\" \/>\n\t\t<meta property=\"og:type\" content=\"article\" \/>\n\t\t<meta property=\"og:title\" content=\"Badalona cuenta desde hoy con una escultura en homenaje a Manolo Escobar | El Digital de Asturias\" \/>\n\t\t<meta property=\"og:description\" content=\"Barcelona, 31 may (EFE).- El barrio de la Salut de Badalona cuenta desde hoy con una escultura en homenaje del cantante y actor Manolo Escobar, fallecido en octubre del a\u00f1o pasado y que durante su juventud residi\u00f3 en esta zona del municipio barcelon\u00e9s. La escultura, obra de la artista Susana Ruiz, consiste en una figura\" \/>\n\t\t<meta property=\"og:url\" content=\"https:\/\/eldigitaldeasturias.com\/magazine365\/badalona-cuenta-desde-hoy-con-una-escultura-en-homenaje-a-manolo-escobar\/\" \/>\n\t\t<meta property=\"og:image\" content=\"https:\/\/eldigitaldeasturias.com\/magazine365\/wp-content\/uploads\/2014\/05\/6321773w.jpg\" \/>\n\t\t<meta property=\"og:image:secure_url\" content=\"https:\/\/eldigitaldeasturias.com\/magazine365\/wp-content\/uploads\/2014\/05\/6321773w.jpg\" \/>\n\t\t<meta property=\"og:image:width\" content=\"800\" \/>\n\t\t<meta property=\"og:image:height\" content=\"585\" \/>\n\t\t<meta property=\"article:published_time\" content=\"2014-06-01T01:39:42+00:00\" \/>\n\t\t<meta property=\"article:modified_time\" content=\"2014-06-01T01:39:42+00:00\" \/>\n\t\t<meta name=\"twitter:card\" content=\"summary_large_image\" \/>\n\t\t<meta name=\"twitter:title\" content=\"Badalona cuenta desde hoy con una escultura en homenaje a Manolo Escobar | El Digital de Asturias\" \/>\n\t\t<meta name=\"twitter:description\" content=\"Barcelona, 31 may (EFE).- El barrio de la Salut de Badalona cuenta desde hoy con una escultura en homenaje del cantante y actor Manolo Escobar, fallecido en octubre del a\u00f1o pasado y que durante su juventud residi\u00f3 en esta zona del municipio barcelon\u00e9s. La escultura, obra de la artista Susana Ruiz, consiste en una figura\" \/>\n\t\t<meta name=\"twitter:image\" content=\"https:\/\/eldigitaldeasturias.com\/magazine365\/wp-content\/uploads\/2014\/05\/6321773w.jpg\" \/>\n\t\t<script type=\"application\/ld+json\" class=\"aioseo-schema\">\n\t\t\t{\"@context\":\"https:\\\/\\\/schema.org\",\"@graph\":[{\"@type\":\"Article\",\"@id\":\"https:\\\/\\\/eldigitaldeasturias.com\\\/magazine365\\\/badalona-cuenta-desde-hoy-con-una-escultura-en-homenaje-a-manolo-escobar\\\/#article\",\"name\":\"Badalona cuenta desde hoy con una escultura en homenaje a Manolo Escobar | El Digital de Asturias\",\"headline\":\"Badalona cuenta desde hoy con una escultura en homenaje a Manolo Escobar\",\"author\":{\"@id\":\"https:\\\/\\\/eldigitaldeasturias.com\\\/magazine365\\\/author\\\/admin\\\/#author\"},\"publisher\":{\"@id\":\"https:\\\/\\\/eldigitaldeasturias.com\\\/magazine365\\\/#organization\"},\"image\":{\"@type\":\"ImageObject\",\"url\":\"https:\\\/\\\/eldigitaldeasturias.com\\\/magazine365\\\/wp-content\\\/uploads\\\/2014\\\/05\\\/6321773w.jpg\",\"width\":800,\"height\":585},\"datePublished\":\"2014-05-31T23:39:42+02:00\",\"dateModified\":\"2014-05-31T23:39:42+02:00\",\"inLanguage\":\"es-ES\",\"mainEntityOfPage\":{\"@id\":\"https:\\\/\\\/eldigitaldeasturias.com\\\/magazine365\\\/badalona-cuenta-desde-hoy-con-una-escultura-en-homenaje-a-manolo-escobar\\\/#webpage\"},\"isPartOf\":{\"@id\":\"https:\\\/\\\/eldigitaldeasturias.com\\\/magazine365\\\/badalona-cuenta-desde-hoy-con-una-escultura-en-homenaje-a-manolo-escobar\\\/#webpage\"},\"articleSection\":\"Noticias y Actualidad\"},{\"@type\":\"BreadcrumbList\",\"@id\":\"https:\\\/\\\/eldigitaldeasturias.com\\\/magazine365\\\/badalona-cuenta-desde-hoy-con-una-escultura-en-homenaje-a-manolo-escobar\\\/#breadcrumblist\",\"itemListElement\":[{\"@type\":\"ListItem\",\"@id\":\"https:\\\/\\\/eldigitaldeasturias.com\\\/magazine365#listItem\",\"position\":1,\"name\":\"Home\",\"item\":\"https:\\\/\\\/eldigitaldeasturias.com\\\/magazine365\",\"nextItem\":{\"@type\":\"ListItem\",\"@id\":\"https:\\\/\\\/eldigitaldeasturias.com\\\/magazine365\\\/category\\\/noticias-actualidad\\\/#listItem\",\"name\":\"Noticias y Actualidad\"}},{\"@type\":\"ListItem\",\"@id\":\"https:\\\/\\\/eldigitaldeasturias.com\\\/magazine365\\\/category\\\/noticias-actualidad\\\/#listItem\",\"position\":2,\"name\":\"Noticias y Actualidad\",\"item\":\"https:\\\/\\\/eldigitaldeasturias.com\\\/magazine365\\\/category\\\/noticias-actualidad\\\/\",\"nextItem\":{\"@type\":\"ListItem\",\"@id\":\"https:\\\/\\\/eldigitaldeasturias.com\\\/magazine365\\\/badalona-cuenta-desde-hoy-con-una-escultura-en-homenaje-a-manolo-escobar\\\/#listItem\",\"name\":\"Badalona cuenta desde hoy con una escultura en homenaje a Manolo Escobar\"},\"previousItem\":{\"@type\":\"ListItem\",\"@id\":\"https:\\\/\\\/eldigitaldeasturias.com\\\/magazine365#listItem\",\"name\":\"Home\"}},{\"@type\":\"ListItem\",\"@id\":\"https:\\\/\\\/eldigitaldeasturias.com\\\/magazine365\\\/badalona-cuenta-desde-hoy-con-una-escultura-en-homenaje-a-manolo-escobar\\\/#listItem\",\"position\":3,\"name\":\"Badalona cuenta desde hoy con una escultura en homenaje a Manolo Escobar\",\"previousItem\":{\"@type\":\"ListItem\",\"@id\":\"https:\\\/\\\/eldigitaldeasturias.com\\\/magazine365\\\/category\\\/noticias-actualidad\\\/#listItem\",\"name\":\"Noticias y Actualidad\"}}]},{\"@type\":\"Organization\",\"@id\":\"https:\\\/\\\/eldigitaldeasturias.com\\\/magazine365\\\/#organization\",\"name\":\"El digital de Asturias\",\"description\":\"Revista de ocio, turismo y estilo de vida\",\"url\":\"https:\\\/\\\/eldigitaldeasturias.com\\\/magazine365\\\/\",\"logo\":{\"@type\":\"ImageObject\",\"url\":\"https:\\\/\\\/www.eldigitaldeasturias.com\\\/noticias\\\/wp-content\\\/uploads\\\/2020\\\/12\\\/EDA.jpg\",\"@id\":\"https:\\\/\\\/eldigitaldeasturias.com\\\/magazine365\\\/badalona-cuenta-desde-hoy-con-una-escultura-en-homenaje-a-manolo-escobar\\\/#organizationLogo\"},\"image\":{\"@id\":\"https:\\\/\\\/eldigitaldeasturias.com\\\/magazine365\\\/badalona-cuenta-desde-hoy-con-una-escultura-en-homenaje-a-manolo-escobar\\\/#organizationLogo\"}},{\"@type\":\"Person\",\"@id\":\"https:\\\/\\\/eldigitaldeasturias.com\\\/magazine365\\\/author\\\/admin\\\/#author\",\"url\":\"https:\\\/\\\/eldigitaldeasturias.com\\\/magazine365\\\/author\\\/admin\\\/\",\"name\":\"admin\",\"image\":{\"@type\":\"ImageObject\",\"@id\":\"https:\\\/\\\/eldigitaldeasturias.com\\\/magazine365\\\/badalona-cuenta-desde-hoy-con-una-escultura-en-homenaje-a-manolo-escobar\\\/#authorImage\",\"url\":\"https:\\\/\\\/eldigitaldeasturias.com\\\/magazine365\\\/wp-content\\\/litespeed\\\/avatar\\\/e571bcf59a0edd6fa6838245a470f2fe.jpg?ver=1777574230\",\"width\":96,\"height\":96,\"caption\":\"admin\"}},{\"@type\":\"WebPage\",\"@id\":\"https:\\\/\\\/eldigitaldeasturias.com\\\/magazine365\\\/badalona-cuenta-desde-hoy-con-una-escultura-en-homenaje-a-manolo-escobar\\\/#webpage\",\"url\":\"https:\\\/\\\/eldigitaldeasturias.com\\\/magazine365\\\/badalona-cuenta-desde-hoy-con-una-escultura-en-homenaje-a-manolo-escobar\\\/\",\"name\":\"Badalona cuenta desde hoy con una escultura en homenaje a Manolo Escobar | El Digital de Asturias\",\"description\":\"Barcelona, 31 may (EFE).- El barrio de la Salut de Badalona cuenta desde hoy con una escultura en homenaje del cantante y actor Manolo Escobar, fallecido en octubre del a\\u00f1o pasado y que durante su juventud residi\\u00f3 en esta zona del municipio barcelon\\u00e9s. La escultura, obra de la artista Susana Ruiz, consiste en una figura\",\"inLanguage\":\"es-ES\",\"isPartOf\":{\"@id\":\"https:\\\/\\\/eldigitaldeasturias.com\\\/magazine365\\\/#website\"},\"breadcrumb\":{\"@id\":\"https:\\\/\\\/eldigitaldeasturias.com\\\/magazine365\\\/badalona-cuenta-desde-hoy-con-una-escultura-en-homenaje-a-manolo-escobar\\\/#breadcrumblist\"},\"author\":{\"@id\":\"https:\\\/\\\/eldigitaldeasturias.com\\\/magazine365\\\/author\\\/admin\\\/#author\"},\"creator\":{\"@id\":\"https:\\\/\\\/eldigitaldeasturias.com\\\/magazine365\\\/author\\\/admin\\\/#author\"},\"image\":{\"@type\":\"ImageObject\",\"url\":\"https:\\\/\\\/eldigitaldeasturias.com\\\/magazine365\\\/wp-content\\\/uploads\\\/2014\\\/05\\\/6321773w.jpg\",\"@id\":\"https:\\\/\\\/eldigitaldeasturias.com\\\/magazine365\\\/badalona-cuenta-desde-hoy-con-una-escultura-en-homenaje-a-manolo-escobar\\\/#mainImage\",\"width\":800,\"height\":585},\"primaryImageOfPage\":{\"@id\":\"https:\\\/\\\/eldigitaldeasturias.com\\\/magazine365\\\/badalona-cuenta-desde-hoy-con-una-escultura-en-homenaje-a-manolo-escobar\\\/#mainImage\"},\"datePublished\":\"2014-05-31T23:39:42+02:00\",\"dateModified\":\"2014-05-31T23:39:42+02:00\"},{\"@type\":\"WebSite\",\"@id\":\"https:\\\/\\\/eldigitaldeasturias.com\\\/magazine365\\\/#website\",\"url\":\"https:\\\/\\\/eldigitaldeasturias.com\\\/magazine365\\\/\",\"name\":\"El Digital de Asturias\",\"description\":\"Revista de ocio, turismo y estilo de vida\",\"inLanguage\":\"es-ES\",\"publisher\":{\"@id\":\"https:\\\/\\\/eldigitaldeasturias.com\\\/magazine365\\\/#organization\"}}]}\n\t\t<\/script>\n\t\t<!-- All in One SEO Pro -->\r\n\t\t<title>Badalona cuenta desde hoy con una escultura en homenaje a Manolo Escobar | El Digital de Asturias<\/title>\n\n","aioseo_head_json":{"title":"Badalona cuenta desde hoy con una escultura en homenaje a Manolo Escobar | El Digital de Asturias","description":"Barcelona, 31 may (EFE).- El barrio de la Salut de Badalona cuenta desde hoy con una escultura en homenaje del cantante y actor Manolo Escobar, fallecido en octubre del a\u00f1o pasado y que durante su juventud residi\u00f3 en esta zona del municipio barcelon\u00e9s. La escultura, obra de la artista Susana Ruiz, consiste en una figura","canonical_url":"https:\/\/eldigitaldeasturias.com\/magazine365\/badalona-cuenta-desde-hoy-con-una-escultura-en-homenaje-a-manolo-escobar\/","robots":"max-image-preview:large","keywords":"noticias y actualidad","webmasterTools":{"google-site-verification":"UA-38556648-1","miscellaneous":""},"schema":{"@context":"https:\/\/schema.org","@graph":[{"@type":"Article","@id":"https:\/\/eldigitaldeasturias.com\/magazine365\/badalona-cuenta-desde-hoy-con-una-escultura-en-homenaje-a-manolo-escobar\/#article","name":"Badalona cuenta desde hoy con una escultura en homenaje a Manolo Escobar | El Digital de Asturias","headline":"Badalona cuenta desde hoy con una escultura en homenaje a Manolo Escobar","author":{"@id":"https:\/\/eldigitaldeasturias.com\/magazine365\/author\/admin\/#author"},"publisher":{"@id":"https:\/\/eldigitaldeasturias.com\/magazine365\/#organization"},"image":{"@type":"ImageObject","url":"https:\/\/eldigitaldeasturias.com\/magazine365\/wp-content\/uploads\/2014\/05\/6321773w.jpg","width":800,"height":585},"datePublished":"2014-05-31T23:39:42+02:00","dateModified":"2014-05-31T23:39:42+02:00","inLanguage":"es-ES","mainEntityOfPage":{"@id":"https:\/\/eldigitaldeasturias.com\/magazine365\/badalona-cuenta-desde-hoy-con-una-escultura-en-homenaje-a-manolo-escobar\/#webpage"},"isPartOf":{"@id":"https:\/\/eldigitaldeasturias.com\/magazine365\/badalona-cuenta-desde-hoy-con-una-escultura-en-homenaje-a-manolo-escobar\/#webpage"},"articleSection":"Noticias y Actualidad"},{"@type":"BreadcrumbList","@id":"https:\/\/eldigitaldeasturias.com\/magazine365\/badalona-cuenta-desde-hoy-con-una-escultura-en-homenaje-a-manolo-escobar\/#breadcrumblist","itemListElement":[{"@type":"ListItem","@id":"https:\/\/eldigitaldeasturias.com\/magazine365#listItem","position":1,"name":"Home","item":"https:\/\/eldigitaldeasturias.com\/magazine365","nextItem":{"@type":"ListItem","@id":"https:\/\/eldigitaldeasturias.com\/magazine365\/category\/noticias-actualidad\/#listItem","name":"Noticias y Actualidad"}},{"@type":"ListItem","@id":"https:\/\/eldigitaldeasturias.com\/magazine365\/category\/noticias-actualidad\/#listItem","position":2,"name":"Noticias y Actualidad","item":"https:\/\/eldigitaldeasturias.com\/magazine365\/category\/noticias-actualidad\/","nextItem":{"@type":"ListItem","@id":"https:\/\/eldigitaldeasturias.com\/magazine365\/badalona-cuenta-desde-hoy-con-una-escultura-en-homenaje-a-manolo-escobar\/#listItem","name":"Badalona cuenta desde hoy con una escultura en homenaje a Manolo Escobar"},"previousItem":{"@type":"ListItem","@id":"https:\/\/eldigitaldeasturias.com\/magazine365#listItem","name":"Home"}},{"@type":"ListItem","@id":"https:\/\/eldigitaldeasturias.com\/magazine365\/badalona-cuenta-desde-hoy-con-una-escultura-en-homenaje-a-manolo-escobar\/#listItem","position":3,"name":"Badalona cuenta desde hoy con una escultura en homenaje a Manolo Escobar","previousItem":{"@type":"ListItem","@id":"https:\/\/eldigitaldeasturias.com\/magazine365\/category\/noticias-actualidad\/#listItem","name":"Noticias y Actualidad"}}]},{"@type":"Organization","@id":"https:\/\/eldigitaldeasturias.com\/magazine365\/#organization","name":"El digital de Asturias","description":"Revista de ocio, turismo y estilo de vida","url":"https:\/\/eldigitaldeasturias.com\/magazine365\/","logo":{"@type":"ImageObject","url":"https:\/\/www.eldigitaldeasturias.com\/noticias\/wp-content\/uploads\/2020\/12\/EDA.jpg","@id":"https:\/\/eldigitaldeasturias.com\/magazine365\/badalona-cuenta-desde-hoy-con-una-escultura-en-homenaje-a-manolo-escobar\/#organizationLogo"},"image":{"@id":"https:\/\/eldigitaldeasturias.com\/magazine365\/badalona-cuenta-desde-hoy-con-una-escultura-en-homenaje-a-manolo-escobar\/#organizationLogo"}},{"@type":"Person","@id":"https:\/\/eldigitaldeasturias.com\/magazine365\/author\/admin\/#author","url":"https:\/\/eldigitaldeasturias.com\/magazine365\/author\/admin\/","name":"admin","image":{"@type":"ImageObject","@id":"https:\/\/eldigitaldeasturias.com\/magazine365\/badalona-cuenta-desde-hoy-con-una-escultura-en-homenaje-a-manolo-escobar\/#authorImage","url":"https:\/\/eldigitaldeasturias.com\/magazine365\/wp-content\/litespeed\/avatar\/e571bcf59a0edd6fa6838245a470f2fe.jpg?ver=1777574230","width":96,"height":96,"caption":"admin"}},{"@type":"WebPage","@id":"https:\/\/eldigitaldeasturias.com\/magazine365\/badalona-cuenta-desde-hoy-con-una-escultura-en-homenaje-a-manolo-escobar\/#webpage","url":"https:\/\/eldigitaldeasturias.com\/magazine365\/badalona-cuenta-desde-hoy-con-una-escultura-en-homenaje-a-manolo-escobar\/","name":"Badalona cuenta desde hoy con una escultura en homenaje a Manolo Escobar | El Digital de Asturias","description":"Barcelona, 31 may (EFE).- El barrio de la Salut de Badalona cuenta desde hoy con una escultura en homenaje del cantante y actor Manolo Escobar, fallecido en octubre del a\u00f1o pasado y que durante su juventud residi\u00f3 en esta zona del municipio barcelon\u00e9s. La escultura, obra de la artista Susana Ruiz, consiste en una figura","inLanguage":"es-ES","isPartOf":{"@id":"https:\/\/eldigitaldeasturias.com\/magazine365\/#website"},"breadcrumb":{"@id":"https:\/\/eldigitaldeasturias.com\/magazine365\/badalona-cuenta-desde-hoy-con-una-escultura-en-homenaje-a-manolo-escobar\/#breadcrumblist"},"author":{"@id":"https:\/\/eldigitaldeasturias.com\/magazine365\/author\/admin\/#author"},"creator":{"@id":"https:\/\/eldigitaldeasturias.com\/magazine365\/author\/admin\/#author"},"image":{"@type":"ImageObject","url":"https:\/\/eldigitaldeasturias.com\/magazine365\/wp-content\/uploads\/2014\/05\/6321773w.jpg","@id":"https:\/\/eldigitaldeasturias.com\/magazine365\/badalona-cuenta-desde-hoy-con-una-escultura-en-homenaje-a-manolo-escobar\/#mainImage","width":800,"height":585},"primaryImageOfPage":{"@id":"https:\/\/eldigitaldeasturias.com\/magazine365\/badalona-cuenta-desde-hoy-con-una-escultura-en-homenaje-a-manolo-escobar\/#mainImage"},"datePublished":"2014-05-31T23:39:42+02:00","dateModified":"2014-05-31T23:39:42+02:00"},{"@type":"WebSite","@id":"https:\/\/eldigitaldeasturias.com\/magazine365\/#website","url":"https:\/\/eldigitaldeasturias.com\/magazine365\/","name":"El Digital de Asturias","description":"Revista de ocio, turismo y estilo de vida","inLanguage":"es-ES","publisher":{"@id":"https:\/\/eldigitaldeasturias.com\/magazine365\/#organization"}}]},"og:locale":"es_ES","og:site_name":"El Digital de Asturias \u2013 Revista de ocio, turismo y estilo de vida","og:type":"article","og:title":"Badalona cuenta desde hoy con una escultura en homenaje a Manolo Escobar | El Digital de Asturias","og:description":"Barcelona, 31 may (EFE).- El barrio de la Salut de Badalona cuenta desde hoy con una escultura en homenaje del cantante y actor Manolo Escobar, fallecido en octubre del a\u00f1o pasado y que durante su juventud residi\u00f3 en esta zona del municipio barcelon\u00e9s. La escultura, obra de la artista Susana Ruiz, consiste en una figura","og:url":"https:\/\/eldigitaldeasturias.com\/magazine365\/badalona-cuenta-desde-hoy-con-una-escultura-en-homenaje-a-manolo-escobar\/","og:image":"https:\/\/eldigitaldeasturias.com\/magazine365\/wp-content\/uploads\/2014\/05\/6321773w.jpg","og:image:secure_url":"https:\/\/eldigitaldeasturias.com\/magazine365\/wp-content\/uploads\/2014\/05\/6321773w.jpg","og:image:width":800,"og:image:height":585,"article:published_time":"2014-06-01T01:39:42+00:00","article:modified_time":"2014-06-01T01:39:42+00:00","twitter:card":"summary_large_image","twitter:title":"Badalona cuenta desde hoy con una escultura en homenaje a Manolo Escobar | El Digital de Asturias","twitter:description":"Barcelona, 31 may (EFE).- El barrio de la Salut de Badalona cuenta desde hoy con una escultura en homenaje del cantante y actor Manolo Escobar, fallecido en octubre del a\u00f1o pasado y que durante su juventud residi\u00f3 en esta zona del municipio barcelon\u00e9s. La escultura, obra de la artista Susana Ruiz, consiste en una figura","twitter:image":"https:\/\/eldigitaldeasturias.com\/magazine365\/wp-content\/uploads\/2014\/05\/6321773w.jpg"},"aioseo_meta_data":{"post_id":"14650","title":null,"description":null,"keywords":null,"keyphrases":null,"primary_term":null,"canonical_url":null,"og_title":null,"og_description":null,"og_object_type":"default","og_image_type":"default","og_image_url":null,"og_image_width":null,"og_image_height":null,"og_image_custom_url":null,"og_image_custom_fields":null,"og_video":null,"og_custom_url":null,"og_article_section":null,"og_article_tags":null,"twitter_use_og":false,"twitter_card":"default","twitter_image_type":"default","twitter_image_url":null,"twitter_image_custom_url":null,"twitter_image_custom_fields":null,"twitter_title":null,"twitter_description":null,"schema":{"blockGraphs":[],"customGraphs":[],"default":{"data":{"Article":[],"Course":[],"Dataset":[],"FAQPage":[],"Movie":[],"Person":[],"Product":[],"ProductReview":[],"Car":[],"Recipe":[],"Service":[],"SoftwareApplication":[],"WebPage":[]},"graphName":"","isEnabled":true},"graphs":[],"defaultGraph":"","defaultPostTypeGraph":""},"schema_type":null,"schema_type_options":null,"pillar_content":false,"robots_default":true,"robots_noindex":false,"robots_noarchive":false,"robots_nosnippet":false,"robots_nofollow":false,"robots_noimageindex":false,"robots_noodp":false,"robots_notranslate":false,"robots_max_snippet":null,"robots_max_videopreview":null,"robots_max_imagepreview":"large","priority":null,"frequency":null,"location":null,"local_seo":null,"seo_analyzer_scan_date":"2025-09-17 10:33:00","breadcrumb_settings":null,"limit_modified_date":false,"open_ai":null,"ai":null,"created":"2021-03-08 23:17:55","updated":"2025-09-17 10:33:00"},"aioseo_breadcrumb":"<div class=\"aioseo-breadcrumbs\"><span class=\"aioseo-breadcrumb\">\n\t<a href=\"https:\/\/eldigitaldeasturias.com\/magazine365\" title=\"Home\">Home<\/a>\n<\/span><span class=\"aioseo-breadcrumb-separator\">\u2013<\/span><span class=\"aioseo-breadcrumb\">\n\t<a href=\"https:\/\/eldigitaldeasturias.com\/magazine365\/category\/noticias-actualidad\/\" title=\"Noticias y Actualidad\">Noticias y Actualidad<\/a>\n<\/span><span class=\"aioseo-breadcrumb-separator\">\u2013<\/span><span class=\"aioseo-breadcrumb\">\n\t<a href=\"https:\/\/eldigitaldeasturias.com\/magazine365\/badalona-cuenta-desde-hoy-con-una-escultura-en-homenaje-a-manolo-escobar\/\" title=\"Badalona cuenta desde hoy con una escultura en homenaje a Manolo Escobar\">Badalona cuenta desde hoy con una escultura en homenaje a Manolo Escobar<\/a>\n<\/span><\/div>","aioseo_breadcrumb_json":[{"label":"Home","link":"https:\/\/eldigitaldeasturias.com\/magazine365"},{"label":"Noticias y Actualidad","link":"https:\/\/eldigitaldeasturias.com\/magazine365\/category\/noticias-actualidad\/"},{"label":"Badalona cuenta desde hoy con una escultura en homenaje a Manolo Escobar","link":"https:\/\/eldigitaldeasturias.com\/magazine365\/badalona-cuenta-desde-hoy-con-una-escultura-en-homenaje-a-manolo-escobar\/"}],"_links":{"self":[{"href":"https:\/\/eldigitaldeasturias.com\/magazine365\/wp-json\/wp\/v2\/posts\/14650","targetHints":{"allow":["GET"]}}],"collection":[{"href":"https:\/\/eldigitaldeasturias.com\/magazine365\/wp-json\/wp\/v2\/posts"}],"about":[{"href":"https:\/\/eldigitaldeasturias.com\/magazine365\/wp-json\/wp\/v2\/types\/post"}],"author":[{"embeddable":true,"href":"https:\/\/eldigitaldeasturias.com\/magazine365\/wp-json\/wp\/v2\/users\/1"}],"replies":[{"embeddable":true,"href":"https:\/\/eldigitaldeasturias.com\/magazine365\/wp-json\/wp\/v2\/comments?post=14650"}],"version-history":[{"count":0,"href":"https:\/\/eldigitaldeasturias.com\/magazine365\/wp-json\/wp\/v2\/posts\/14650\/revisions"}],"wp:featuredmedia":[{"embeddable":true,"href":"https:\/\/eldigitaldeasturias.com\/magazine365\/wp-json\/wp\/v2\/media\/14651"}],"wp:attachment":[{"href":"https:\/\/eldigitaldeasturias.com\/magazine365\/wp-json\/wp\/v2\/media?parent=14650"}],"wp:term":[{"taxonomy":"category","embeddable":true,"href":"https:\/\/eldigitaldeasturias.com\/magazine365\/wp-json\/wp\/v2\/categories?post=14650"},{"taxonomy":"post_tag","embeddable":true,"href":"https:\/\/eldigitaldeasturias.com\/magazine365\/wp-json\/wp\/v2\/tags?post=14650"}],"curies":[{"name":"wp","href":"https:\/\/api.w.org\/{rel}","templated":true}]}}