{"id":14647,"date":"2014-05-31T23:38:39","date_gmt":"2014-06-01T01:38:39","guid":{"rendered":"http:\/\/eldigitaldeasturias.com\/magazine365\/?p=14647"},"modified":"2014-05-31T23:38:39","modified_gmt":"2014-06-01T01:38:39","slug":"las-infantas-pilar-y-margarita-asisten-a-la-ultima-batalla-de-organos-en-toledo","status":"publish","type":"post","link":"https:\/\/eldigitaldeasturias.com\/magazine365\/las-infantas-pilar-y-margarita-asisten-a-la-ultima-batalla-de-organos-en-toledo\/","title":{"rendered":"Las infantas Pilar y Margarita asisten a la \u00faltima batalla de \u00f3rganos en Toledo"},"content":{"rendered":"<p><img fetchpriority=\"high\" decoding=\"async\" class=\"alignleft size-medium wp-image-14648\" alt=\"6321778w\" src=\"https:\/\/eldigitaldeasturias.com\/magazine365\/wp-content\/uploads\/2014\/05\/6321778w-360x239.jpg\" width=\"360\" height=\"239\" srcset=\"https:\/\/eldigitaldeasturias.com\/magazine365\/wp-content\/uploads\/2014\/05\/6321778w-360x239.jpg 360w, https:\/\/eldigitaldeasturias.com\/magazine365\/wp-content\/uploads\/2014\/05\/6321778w-650x432.jpg 650w, https:\/\/eldigitaldeasturias.com\/magazine365\/wp-content\/uploads\/2014\/05\/6321778w-768x511.jpg 768w, https:\/\/eldigitaldeasturias.com\/magazine365\/wp-content\/uploads\/2014\/05\/6321778w-150x100.jpg 150w, https:\/\/eldigitaldeasturias.com\/magazine365\/wp-content\/uploads\/2014\/05\/6321778w-450x299.jpg 450w, https:\/\/eldigitaldeasturias.com\/magazine365\/wp-content\/uploads\/2014\/05\/6321778w-696x463.jpg 696w, https:\/\/eldigitaldeasturias.com\/magazine365\/wp-content\/uploads\/2014\/05\/6321778w-632x420.jpg 632w, https:\/\/eldigitaldeasturias.com\/magazine365\/wp-content\/uploads\/2014\/05\/6321778w-84x55.jpg 84w, https:\/\/eldigitaldeasturias.com\/magazine365\/wp-content\/uploads\/2014\/05\/6321778w.jpg 800w\" sizes=\"(max-width: 360px) 100vw, 360px\" \/>Toledo, 31 may (EFE).- Las infantas Pilar y Margarita de Borb\u00f3n han asistido esta noche a la tercera y \u00faltima batalla de \u00f3rganos en la Catedral de Toledo y, previamente, han visitado la capilla de San Jos\u00e9, uno de los &#8216;Espacios Greco&#8217; que acoge obras del pintor dentro de la exposici\u00f3n &#8216;El griego de Toledo&#8217;, que finaliza el 14 de junio.<\/p>\n<p>A este concierto de \u00f3rganos tambi\u00e9n han asistido, entre otros, el alcalde de Toledo, Emiliano Garc\u00eda-Page, y el rector de la Universidad de Castilla-La Mancha (UCLM), Miguel \u00c1ngel Collado.<\/p>\n<p>Los organistas, que han ofrecido una improvisaci\u00f3n denominada &#8216;Mois\u00e9s en el Mar Rojo&#8217;, han sido los franceses Vicent Dobuis, Thierry Escaich y Marc Pinardel y el toledano Juan Jos\u00e9 Montero.<\/p>\n<p>Al igual que en los dos conciertos anteriores, se han utilizado siete de los diez \u00f3rganos de la Catedral Primada, que han sido rehabilitados para que puedan realizarse estas batallas organizadas con motivo del cuarto centenario de la muerte del Greco.<\/p>\n<p>La primera batalla de \u00f3rganos tuvo lugar el pasado 3 de mayo y la segunda fue el pasado d\u00eda 17.<\/p>\n<p>En la primera batalla de \u00f3rganos participaron el franc\u00e9s Baptiste-Florian Marle-Ouvrard y Montero junto a los italianos Patrizia Salvini y Paolo Oreni.<\/p>\n<p>Y en la segunda actuaron la japonesa Atsuko Takano y el espa\u00f1ol Pablo M\u00e1rquez Caraballo junto a Marle-Ouvrard y Juan Jos\u00e9 Montero.<\/p>\n","protected":false},"excerpt":{"rendered":"<p>Toledo, 31 may (EFE).- Las infantas Pilar y Margarita de Borb\u00f3n han asistido esta noche a la tercera y \u00faltima batalla de \u00f3rganos en la Catedral de Toledo y, previamente, han visitado la capilla de San Jos\u00e9, uno de los &#8216;Espacios Greco&#8217; que acoge obras del pintor dentro de la exposici\u00f3n &#8216;El griego de Toledo&#8217;,<\/p>\n","protected":false},"author":1,"featured_media":14648,"comment_status":"open","ping_status":"closed","sticky":false,"template":"","format":"standard","meta":{"footnotes":""},"categories":[224],"tags":[],"class_list":{"0":"post-14647","1":"post","2":"type-post","3":"status-publish","4":"format-standard","5":"has-post-thumbnail","7":"category-noticias-actualidad"},"aioseo_notices":[],"aioseo_head":"\n\t\t<!-- All in One SEO Pro 4.9.6.1 - aioseo.com -->\n\t<meta name=\"description\" content=\"Toledo, 31 may (EFE).- Las infantas Pilar y Margarita de Borb\u00f3n han asistido esta noche a la tercera y \u00faltima batalla de \u00f3rganos en la Catedral de Toledo y, previamente, han visitado la capilla de San Jos\u00e9, uno de los &#039;Espacios Greco&#039; que acoge obras del pintor dentro de la exposici\u00f3n &#039;El griego de Toledo&#039;,\" \/>\n\t<meta name=\"robots\" content=\"max-image-preview:large\" \/>\n\t<meta name=\"author\" content=\"admin\"\/>\n\t<meta name=\"google-site-verification\" content=\"UA-38556648-1\" \/>\n\t<meta name=\"keywords\" content=\"noticias y actualidad\" \/>\n\t<link rel=\"canonical\" href=\"https:\/\/eldigitaldeasturias.com\/magazine365\/las-infantas-pilar-y-margarita-asisten-a-la-ultima-batalla-de-organos-en-toledo\/\" \/>\n\t<meta name=\"generator\" content=\"All in One SEO Pro (AIOSEO) 4.9.6.1\" \/>\n\t\t<meta property=\"og:locale\" content=\"es_ES\" \/>\n\t\t<meta property=\"og:site_name\" content=\"El Digital de Asturias \u2013 Revista de ocio, turismo y estilo de vida\" \/>\n\t\t<meta property=\"og:type\" content=\"article\" \/>\n\t\t<meta property=\"og:title\" content=\"Las infantas Pilar y Margarita asisten a la \u00faltima batalla de \u00f3rganos en Toledo | El Digital de Asturias\" \/>\n\t\t<meta property=\"og:description\" content=\"Toledo, 31 may (EFE).- Las infantas Pilar y Margarita de Borb\u00f3n han asistido esta noche a la tercera y \u00faltima batalla de \u00f3rganos en la Catedral de Toledo y, previamente, han visitado la capilla de San Jos\u00e9, uno de los &#039;Espacios Greco&#039; que acoge obras del pintor dentro de la exposici\u00f3n &#039;El griego de Toledo&#039;,\" \/>\n\t\t<meta property=\"og:url\" content=\"https:\/\/eldigitaldeasturias.com\/magazine365\/las-infantas-pilar-y-margarita-asisten-a-la-ultima-batalla-de-organos-en-toledo\/\" \/>\n\t\t<meta property=\"og:image\" content=\"https:\/\/eldigitaldeasturias.com\/magazine365\/wp-content\/uploads\/2014\/05\/6321778w.jpg\" \/>\n\t\t<meta property=\"og:image:secure_url\" content=\"https:\/\/eldigitaldeasturias.com\/magazine365\/wp-content\/uploads\/2014\/05\/6321778w.jpg\" \/>\n\t\t<meta property=\"og:image:width\" content=\"800\" \/>\n\t\t<meta property=\"og:image:height\" content=\"532\" \/>\n\t\t<meta property=\"article:published_time\" content=\"2014-06-01T01:38:39+00:00\" \/>\n\t\t<meta property=\"article:modified_time\" content=\"2014-06-01T01:38:39+00:00\" \/>\n\t\t<meta name=\"twitter:card\" content=\"summary_large_image\" \/>\n\t\t<meta name=\"twitter:title\" content=\"Las infantas Pilar y Margarita asisten a la \u00faltima batalla de \u00f3rganos en Toledo | El Digital de Asturias\" \/>\n\t\t<meta name=\"twitter:description\" content=\"Toledo, 31 may (EFE).- Las infantas Pilar y Margarita de Borb\u00f3n han asistido esta noche a la tercera y \u00faltima batalla de \u00f3rganos en la Catedral de Toledo y, previamente, han visitado la capilla de San Jos\u00e9, uno de los &#039;Espacios Greco&#039; que acoge obras del pintor dentro de la exposici\u00f3n &#039;El griego de Toledo&#039;,\" \/>\n\t\t<meta name=\"twitter:image\" content=\"https:\/\/eldigitaldeasturias.com\/magazine365\/wp-content\/uploads\/2014\/05\/6321778w.jpg\" \/>\n\t\t<script type=\"application\/ld+json\" class=\"aioseo-schema\">\n\t\t\t{\"@context\":\"https:\\\/\\\/schema.org\",\"@graph\":[{\"@type\":\"Article\",\"@id\":\"https:\\\/\\\/eldigitaldeasturias.com\\\/magazine365\\\/las-infantas-pilar-y-margarita-asisten-a-la-ultima-batalla-de-organos-en-toledo\\\/#article\",\"name\":\"Las infantas Pilar y Margarita asisten a la \\u00faltima batalla de \\u00f3rganos en Toledo | El Digital de Asturias\",\"headline\":\"Las infantas Pilar y Margarita asisten a la \\u00faltima batalla de \\u00f3rganos en Toledo\",\"author\":{\"@id\":\"https:\\\/\\\/eldigitaldeasturias.com\\\/magazine365\\\/author\\\/admin\\\/#author\"},\"publisher\":{\"@id\":\"https:\\\/\\\/eldigitaldeasturias.com\\\/magazine365\\\/#organization\"},\"image\":{\"@type\":\"ImageObject\",\"url\":\"https:\\\/\\\/eldigitaldeasturias.com\\\/magazine365\\\/wp-content\\\/uploads\\\/2014\\\/05\\\/6321778w.jpg\",\"width\":800,\"height\":532},\"datePublished\":\"2014-05-31T23:38:39+02:00\",\"dateModified\":\"2014-05-31T23:38:39+02:00\",\"inLanguage\":\"es-ES\",\"mainEntityOfPage\":{\"@id\":\"https:\\\/\\\/eldigitaldeasturias.com\\\/magazine365\\\/las-infantas-pilar-y-margarita-asisten-a-la-ultima-batalla-de-organos-en-toledo\\\/#webpage\"},\"isPartOf\":{\"@id\":\"https:\\\/\\\/eldigitaldeasturias.com\\\/magazine365\\\/las-infantas-pilar-y-margarita-asisten-a-la-ultima-batalla-de-organos-en-toledo\\\/#webpage\"},\"articleSection\":\"Noticias y Actualidad\"},{\"@type\":\"BreadcrumbList\",\"@id\":\"https:\\\/\\\/eldigitaldeasturias.com\\\/magazine365\\\/las-infantas-pilar-y-margarita-asisten-a-la-ultima-batalla-de-organos-en-toledo\\\/#breadcrumblist\",\"itemListElement\":[{\"@type\":\"ListItem\",\"@id\":\"https:\\\/\\\/eldigitaldeasturias.com\\\/magazine365#listItem\",\"position\":1,\"name\":\"Home\",\"item\":\"https:\\\/\\\/eldigitaldeasturias.com\\\/magazine365\",\"nextItem\":{\"@type\":\"ListItem\",\"@id\":\"https:\\\/\\\/eldigitaldeasturias.com\\\/magazine365\\\/category\\\/noticias-actualidad\\\/#listItem\",\"name\":\"Noticias y Actualidad\"}},{\"@type\":\"ListItem\",\"@id\":\"https:\\\/\\\/eldigitaldeasturias.com\\\/magazine365\\\/category\\\/noticias-actualidad\\\/#listItem\",\"position\":2,\"name\":\"Noticias y Actualidad\",\"item\":\"https:\\\/\\\/eldigitaldeasturias.com\\\/magazine365\\\/category\\\/noticias-actualidad\\\/\",\"nextItem\":{\"@type\":\"ListItem\",\"@id\":\"https:\\\/\\\/eldigitaldeasturias.com\\\/magazine365\\\/las-infantas-pilar-y-margarita-asisten-a-la-ultima-batalla-de-organos-en-toledo\\\/#listItem\",\"name\":\"Las infantas Pilar y Margarita asisten a la \\u00faltima batalla de \\u00f3rganos en Toledo\"},\"previousItem\":{\"@type\":\"ListItem\",\"@id\":\"https:\\\/\\\/eldigitaldeasturias.com\\\/magazine365#listItem\",\"name\":\"Home\"}},{\"@type\":\"ListItem\",\"@id\":\"https:\\\/\\\/eldigitaldeasturias.com\\\/magazine365\\\/las-infantas-pilar-y-margarita-asisten-a-la-ultima-batalla-de-organos-en-toledo\\\/#listItem\",\"position\":3,\"name\":\"Las infantas Pilar y Margarita asisten a la \\u00faltima batalla de \\u00f3rganos en Toledo\",\"previousItem\":{\"@type\":\"ListItem\",\"@id\":\"https:\\\/\\\/eldigitaldeasturias.com\\\/magazine365\\\/category\\\/noticias-actualidad\\\/#listItem\",\"name\":\"Noticias y Actualidad\"}}]},{\"@type\":\"Organization\",\"@id\":\"https:\\\/\\\/eldigitaldeasturias.com\\\/magazine365\\\/#organization\",\"name\":\"El digital de Asturias\",\"description\":\"Revista de ocio, turismo y estilo de vida\",\"url\":\"https:\\\/\\\/eldigitaldeasturias.com\\\/magazine365\\\/\",\"logo\":{\"@type\":\"ImageObject\",\"url\":\"https:\\\/\\\/www.eldigitaldeasturias.com\\\/noticias\\\/wp-content\\\/uploads\\\/2020\\\/12\\\/EDA.jpg\",\"@id\":\"https:\\\/\\\/eldigitaldeasturias.com\\\/magazine365\\\/las-infantas-pilar-y-margarita-asisten-a-la-ultima-batalla-de-organos-en-toledo\\\/#organizationLogo\"},\"image\":{\"@id\":\"https:\\\/\\\/eldigitaldeasturias.com\\\/magazine365\\\/las-infantas-pilar-y-margarita-asisten-a-la-ultima-batalla-de-organos-en-toledo\\\/#organizationLogo\"}},{\"@type\":\"Person\",\"@id\":\"https:\\\/\\\/eldigitaldeasturias.com\\\/magazine365\\\/author\\\/admin\\\/#author\",\"url\":\"https:\\\/\\\/eldigitaldeasturias.com\\\/magazine365\\\/author\\\/admin\\\/\",\"name\":\"admin\",\"image\":{\"@type\":\"ImageObject\",\"@id\":\"https:\\\/\\\/eldigitaldeasturias.com\\\/magazine365\\\/las-infantas-pilar-y-margarita-asisten-a-la-ultima-batalla-de-organos-en-toledo\\\/#authorImage\",\"url\":\"https:\\\/\\\/eldigitaldeasturias.com\\\/magazine365\\\/wp-content\\\/litespeed\\\/avatar\\\/e571bcf59a0edd6fa6838245a470f2fe.jpg?ver=1777574230\",\"width\":96,\"height\":96,\"caption\":\"admin\"}},{\"@type\":\"WebPage\",\"@id\":\"https:\\\/\\\/eldigitaldeasturias.com\\\/magazine365\\\/las-infantas-pilar-y-margarita-asisten-a-la-ultima-batalla-de-organos-en-toledo\\\/#webpage\",\"url\":\"https:\\\/\\\/eldigitaldeasturias.com\\\/magazine365\\\/las-infantas-pilar-y-margarita-asisten-a-la-ultima-batalla-de-organos-en-toledo\\\/\",\"name\":\"Las infantas Pilar y Margarita asisten a la \\u00faltima batalla de \\u00f3rganos en Toledo | El Digital de Asturias\",\"description\":\"Toledo, 31 may (EFE).- Las infantas Pilar y Margarita de Borb\\u00f3n han asistido esta noche a la tercera y \\u00faltima batalla de \\u00f3rganos en la Catedral de Toledo y, previamente, han visitado la capilla de San Jos\\u00e9, uno de los 'Espacios Greco' que acoge obras del pintor dentro de la exposici\\u00f3n 'El griego de Toledo',\",\"inLanguage\":\"es-ES\",\"isPartOf\":{\"@id\":\"https:\\\/\\\/eldigitaldeasturias.com\\\/magazine365\\\/#website\"},\"breadcrumb\":{\"@id\":\"https:\\\/\\\/eldigitaldeasturias.com\\\/magazine365\\\/las-infantas-pilar-y-margarita-asisten-a-la-ultima-batalla-de-organos-en-toledo\\\/#breadcrumblist\"},\"author\":{\"@id\":\"https:\\\/\\\/eldigitaldeasturias.com\\\/magazine365\\\/author\\\/admin\\\/#author\"},\"creator\":{\"@id\":\"https:\\\/\\\/eldigitaldeasturias.com\\\/magazine365\\\/author\\\/admin\\\/#author\"},\"image\":{\"@type\":\"ImageObject\",\"url\":\"https:\\\/\\\/eldigitaldeasturias.com\\\/magazine365\\\/wp-content\\\/uploads\\\/2014\\\/05\\\/6321778w.jpg\",\"@id\":\"https:\\\/\\\/eldigitaldeasturias.com\\\/magazine365\\\/las-infantas-pilar-y-margarita-asisten-a-la-ultima-batalla-de-organos-en-toledo\\\/#mainImage\",\"width\":800,\"height\":532},\"primaryImageOfPage\":{\"@id\":\"https:\\\/\\\/eldigitaldeasturias.com\\\/magazine365\\\/las-infantas-pilar-y-margarita-asisten-a-la-ultima-batalla-de-organos-en-toledo\\\/#mainImage\"},\"datePublished\":\"2014-05-31T23:38:39+02:00\",\"dateModified\":\"2014-05-31T23:38:39+02:00\"},{\"@type\":\"WebSite\",\"@id\":\"https:\\\/\\\/eldigitaldeasturias.com\\\/magazine365\\\/#website\",\"url\":\"https:\\\/\\\/eldigitaldeasturias.com\\\/magazine365\\\/\",\"name\":\"El Digital de Asturias\",\"description\":\"Revista de ocio, turismo y estilo de vida\",\"inLanguage\":\"es-ES\",\"publisher\":{\"@id\":\"https:\\\/\\\/eldigitaldeasturias.com\\\/magazine365\\\/#organization\"}}]}\n\t\t<\/script>\n\t\t<!-- All in One SEO Pro -->\r\n\t\t<title>Las infantas Pilar y Margarita asisten a la \u00faltima batalla de \u00f3rganos en Toledo | El Digital de Asturias<\/title>\n\n","aioseo_head_json":{"title":"Las infantas Pilar y Margarita asisten a la \u00faltima batalla de \u00f3rganos en Toledo | El Digital de Asturias","description":"Toledo, 31 may (EFE).- Las infantas Pilar y Margarita de Borb\u00f3n han asistido esta noche a la tercera y \u00faltima batalla de \u00f3rganos en la Catedral de Toledo y, previamente, han visitado la capilla de San Jos\u00e9, uno de los 'Espacios Greco' que acoge obras del pintor dentro de la exposici\u00f3n 'El griego de Toledo',","canonical_url":"https:\/\/eldigitaldeasturias.com\/magazine365\/las-infantas-pilar-y-margarita-asisten-a-la-ultima-batalla-de-organos-en-toledo\/","robots":"max-image-preview:large","keywords":"noticias y actualidad","webmasterTools":{"google-site-verification":"UA-38556648-1","miscellaneous":""},"schema":{"@context":"https:\/\/schema.org","@graph":[{"@type":"Article","@id":"https:\/\/eldigitaldeasturias.com\/magazine365\/las-infantas-pilar-y-margarita-asisten-a-la-ultima-batalla-de-organos-en-toledo\/#article","name":"Las infantas Pilar y Margarita asisten a la \u00faltima batalla de \u00f3rganos en Toledo | El Digital de Asturias","headline":"Las infantas Pilar y Margarita asisten a la \u00faltima batalla de \u00f3rganos en Toledo","author":{"@id":"https:\/\/eldigitaldeasturias.com\/magazine365\/author\/admin\/#author"},"publisher":{"@id":"https:\/\/eldigitaldeasturias.com\/magazine365\/#organization"},"image":{"@type":"ImageObject","url":"https:\/\/eldigitaldeasturias.com\/magazine365\/wp-content\/uploads\/2014\/05\/6321778w.jpg","width":800,"height":532},"datePublished":"2014-05-31T23:38:39+02:00","dateModified":"2014-05-31T23:38:39+02:00","inLanguage":"es-ES","mainEntityOfPage":{"@id":"https:\/\/eldigitaldeasturias.com\/magazine365\/las-infantas-pilar-y-margarita-asisten-a-la-ultima-batalla-de-organos-en-toledo\/#webpage"},"isPartOf":{"@id":"https:\/\/eldigitaldeasturias.com\/magazine365\/las-infantas-pilar-y-margarita-asisten-a-la-ultima-batalla-de-organos-en-toledo\/#webpage"},"articleSection":"Noticias y Actualidad"},{"@type":"BreadcrumbList","@id":"https:\/\/eldigitaldeasturias.com\/magazine365\/las-infantas-pilar-y-margarita-asisten-a-la-ultima-batalla-de-organos-en-toledo\/#breadcrumblist","itemListElement":[{"@type":"ListItem","@id":"https:\/\/eldigitaldeasturias.com\/magazine365#listItem","position":1,"name":"Home","item":"https:\/\/eldigitaldeasturias.com\/magazine365","nextItem":{"@type":"ListItem","@id":"https:\/\/eldigitaldeasturias.com\/magazine365\/category\/noticias-actualidad\/#listItem","name":"Noticias y Actualidad"}},{"@type":"ListItem","@id":"https:\/\/eldigitaldeasturias.com\/magazine365\/category\/noticias-actualidad\/#listItem","position":2,"name":"Noticias y Actualidad","item":"https:\/\/eldigitaldeasturias.com\/magazine365\/category\/noticias-actualidad\/","nextItem":{"@type":"ListItem","@id":"https:\/\/eldigitaldeasturias.com\/magazine365\/las-infantas-pilar-y-margarita-asisten-a-la-ultima-batalla-de-organos-en-toledo\/#listItem","name":"Las infantas Pilar y Margarita asisten a la \u00faltima batalla de \u00f3rganos en Toledo"},"previousItem":{"@type":"ListItem","@id":"https:\/\/eldigitaldeasturias.com\/magazine365#listItem","name":"Home"}},{"@type":"ListItem","@id":"https:\/\/eldigitaldeasturias.com\/magazine365\/las-infantas-pilar-y-margarita-asisten-a-la-ultima-batalla-de-organos-en-toledo\/#listItem","position":3,"name":"Las infantas Pilar y Margarita asisten a la \u00faltima batalla de \u00f3rganos en Toledo","previousItem":{"@type":"ListItem","@id":"https:\/\/eldigitaldeasturias.com\/magazine365\/category\/noticias-actualidad\/#listItem","name":"Noticias y Actualidad"}}]},{"@type":"Organization","@id":"https:\/\/eldigitaldeasturias.com\/magazine365\/#organization","name":"El digital de Asturias","description":"Revista de ocio, turismo y estilo de vida","url":"https:\/\/eldigitaldeasturias.com\/magazine365\/","logo":{"@type":"ImageObject","url":"https:\/\/www.eldigitaldeasturias.com\/noticias\/wp-content\/uploads\/2020\/12\/EDA.jpg","@id":"https:\/\/eldigitaldeasturias.com\/magazine365\/las-infantas-pilar-y-margarita-asisten-a-la-ultima-batalla-de-organos-en-toledo\/#organizationLogo"},"image":{"@id":"https:\/\/eldigitaldeasturias.com\/magazine365\/las-infantas-pilar-y-margarita-asisten-a-la-ultima-batalla-de-organos-en-toledo\/#organizationLogo"}},{"@type":"Person","@id":"https:\/\/eldigitaldeasturias.com\/magazine365\/author\/admin\/#author","url":"https:\/\/eldigitaldeasturias.com\/magazine365\/author\/admin\/","name":"admin","image":{"@type":"ImageObject","@id":"https:\/\/eldigitaldeasturias.com\/magazine365\/las-infantas-pilar-y-margarita-asisten-a-la-ultima-batalla-de-organos-en-toledo\/#authorImage","url":"https:\/\/eldigitaldeasturias.com\/magazine365\/wp-content\/litespeed\/avatar\/e571bcf59a0edd6fa6838245a470f2fe.jpg?ver=1777574230","width":96,"height":96,"caption":"admin"}},{"@type":"WebPage","@id":"https:\/\/eldigitaldeasturias.com\/magazine365\/las-infantas-pilar-y-margarita-asisten-a-la-ultima-batalla-de-organos-en-toledo\/#webpage","url":"https:\/\/eldigitaldeasturias.com\/magazine365\/las-infantas-pilar-y-margarita-asisten-a-la-ultima-batalla-de-organos-en-toledo\/","name":"Las infantas Pilar y Margarita asisten a la \u00faltima batalla de \u00f3rganos en Toledo | El Digital de Asturias","description":"Toledo, 31 may (EFE).- Las infantas Pilar y Margarita de Borb\u00f3n han asistido esta noche a la tercera y \u00faltima batalla de \u00f3rganos en la Catedral de Toledo y, previamente, han visitado la capilla de San Jos\u00e9, uno de los 'Espacios Greco' que acoge obras del pintor dentro de la exposici\u00f3n 'El griego de Toledo',","inLanguage":"es-ES","isPartOf":{"@id":"https:\/\/eldigitaldeasturias.com\/magazine365\/#website"},"breadcrumb":{"@id":"https:\/\/eldigitaldeasturias.com\/magazine365\/las-infantas-pilar-y-margarita-asisten-a-la-ultima-batalla-de-organos-en-toledo\/#breadcrumblist"},"author":{"@id":"https:\/\/eldigitaldeasturias.com\/magazine365\/author\/admin\/#author"},"creator":{"@id":"https:\/\/eldigitaldeasturias.com\/magazine365\/author\/admin\/#author"},"image":{"@type":"ImageObject","url":"https:\/\/eldigitaldeasturias.com\/magazine365\/wp-content\/uploads\/2014\/05\/6321778w.jpg","@id":"https:\/\/eldigitaldeasturias.com\/magazine365\/las-infantas-pilar-y-margarita-asisten-a-la-ultima-batalla-de-organos-en-toledo\/#mainImage","width":800,"height":532},"primaryImageOfPage":{"@id":"https:\/\/eldigitaldeasturias.com\/magazine365\/las-infantas-pilar-y-margarita-asisten-a-la-ultima-batalla-de-organos-en-toledo\/#mainImage"},"datePublished":"2014-05-31T23:38:39+02:00","dateModified":"2014-05-31T23:38:39+02:00"},{"@type":"WebSite","@id":"https:\/\/eldigitaldeasturias.com\/magazine365\/#website","url":"https:\/\/eldigitaldeasturias.com\/magazine365\/","name":"El Digital de Asturias","description":"Revista de ocio, turismo y estilo de vida","inLanguage":"es-ES","publisher":{"@id":"https:\/\/eldigitaldeasturias.com\/magazine365\/#organization"}}]},"og:locale":"es_ES","og:site_name":"El Digital de Asturias \u2013 Revista de ocio, turismo y estilo de vida","og:type":"article","og:title":"Las infantas Pilar y Margarita asisten a la \u00faltima batalla de \u00f3rganos en Toledo | El Digital de Asturias","og:description":"Toledo, 31 may (EFE).- Las infantas Pilar y Margarita de Borb\u00f3n han asistido esta noche a la tercera y \u00faltima batalla de \u00f3rganos en la Catedral de Toledo y, previamente, han visitado la capilla de San Jos\u00e9, uno de los 'Espacios Greco' que acoge obras del pintor dentro de la exposici\u00f3n 'El griego de Toledo',","og:url":"https:\/\/eldigitaldeasturias.com\/magazine365\/las-infantas-pilar-y-margarita-asisten-a-la-ultima-batalla-de-organos-en-toledo\/","og:image":"https:\/\/eldigitaldeasturias.com\/magazine365\/wp-content\/uploads\/2014\/05\/6321778w.jpg","og:image:secure_url":"https:\/\/eldigitaldeasturias.com\/magazine365\/wp-content\/uploads\/2014\/05\/6321778w.jpg","og:image:width":800,"og:image:height":532,"article:published_time":"2014-06-01T01:38:39+00:00","article:modified_time":"2014-06-01T01:38:39+00:00","twitter:card":"summary_large_image","twitter:title":"Las infantas Pilar y Margarita asisten a la \u00faltima batalla de \u00f3rganos en Toledo | El Digital de Asturias","twitter:description":"Toledo, 31 may (EFE).- Las infantas Pilar y Margarita de Borb\u00f3n han asistido esta noche a la tercera y \u00faltima batalla de \u00f3rganos en la Catedral de Toledo y, previamente, han visitado la capilla de San Jos\u00e9, uno de los 'Espacios Greco' que acoge obras del pintor dentro de la exposici\u00f3n 'El griego de Toledo',","twitter:image":"https:\/\/eldigitaldeasturias.com\/magazine365\/wp-content\/uploads\/2014\/05\/6321778w.jpg"},"aioseo_meta_data":{"post_id":"14647","title":null,"description":null,"keywords":null,"keyphrases":null,"primary_term":null,"canonical_url":null,"og_title":null,"og_description":null,"og_object_type":"default","og_image_type":"default","og_image_url":null,"og_image_width":null,"og_image_height":null,"og_image_custom_url":null,"og_image_custom_fields":null,"og_video":null,"og_custom_url":null,"og_article_section":null,"og_article_tags":null,"twitter_use_og":false,"twitter_card":"default","twitter_image_type":"default","twitter_image_url":null,"twitter_image_custom_url":null,"twitter_image_custom_fields":null,"twitter_title":null,"twitter_description":null,"schema":{"blockGraphs":[],"customGraphs":[],"default":{"data":{"Article":[],"Course":[],"Dataset":[],"FAQPage":[],"Movie":[],"Person":[],"Product":[],"ProductReview":[],"Car":[],"Recipe":[],"Service":[],"SoftwareApplication":[],"WebPage":[]},"graphName":"","isEnabled":true},"graphs":[],"defaultGraph":"","defaultPostTypeGraph":""},"schema_type":null,"schema_type_options":null,"pillar_content":false,"robots_default":true,"robots_noindex":false,"robots_noarchive":false,"robots_nosnippet":false,"robots_nofollow":false,"robots_noimageindex":false,"robots_noodp":false,"robots_notranslate":false,"robots_max_snippet":null,"robots_max_videopreview":null,"robots_max_imagepreview":"large","priority":null,"frequency":null,"location":null,"local_seo":null,"seo_analyzer_scan_date":"2025-09-17 10:32:58","breadcrumb_settings":null,"limit_modified_date":false,"open_ai":null,"ai":null,"created":"2021-03-09 08:11:40","updated":"2025-09-17 10:32:58"},"aioseo_breadcrumb":"<div class=\"aioseo-breadcrumbs\"><span class=\"aioseo-breadcrumb\">\n\t<a href=\"https:\/\/eldigitaldeasturias.com\/magazine365\" title=\"Home\">Home<\/a>\n<\/span><span class=\"aioseo-breadcrumb-separator\">\u2013<\/span><span class=\"aioseo-breadcrumb\">\n\t<a href=\"https:\/\/eldigitaldeasturias.com\/magazine365\/category\/noticias-actualidad\/\" title=\"Noticias y Actualidad\">Noticias y Actualidad<\/a>\n<\/span><span class=\"aioseo-breadcrumb-separator\">\u2013<\/span><span class=\"aioseo-breadcrumb\">\n\t<a href=\"https:\/\/eldigitaldeasturias.com\/magazine365\/las-infantas-pilar-y-margarita-asisten-a-la-ultima-batalla-de-organos-en-toledo\/\" title=\"Las infantas Pilar y Margarita asisten a la \u00faltima batalla de \u00f3rganos en Toledo\">Las infantas Pilar y Margarita asisten a la \u00faltima batalla de \u00f3rganos en Toledo<\/a>\n<\/span><\/div>","aioseo_breadcrumb_json":[{"label":"Home","link":"https:\/\/eldigitaldeasturias.com\/magazine365"},{"label":"Noticias y Actualidad","link":"https:\/\/eldigitaldeasturias.com\/magazine365\/category\/noticias-actualidad\/"},{"label":"Las infantas Pilar y Margarita asisten a la \u00faltima batalla de \u00f3rganos en Toledo","link":"https:\/\/eldigitaldeasturias.com\/magazine365\/las-infantas-pilar-y-margarita-asisten-a-la-ultima-batalla-de-organos-en-toledo\/"}],"_links":{"self":[{"href":"https:\/\/eldigitaldeasturias.com\/magazine365\/wp-json\/wp\/v2\/posts\/14647","targetHints":{"allow":["GET"]}}],"collection":[{"href":"https:\/\/eldigitaldeasturias.com\/magazine365\/wp-json\/wp\/v2\/posts"}],"about":[{"href":"https:\/\/eldigitaldeasturias.com\/magazine365\/wp-json\/wp\/v2\/types\/post"}],"author":[{"embeddable":true,"href":"https:\/\/eldigitaldeasturias.com\/magazine365\/wp-json\/wp\/v2\/users\/1"}],"replies":[{"embeddable":true,"href":"https:\/\/eldigitaldeasturias.com\/magazine365\/wp-json\/wp\/v2\/comments?post=14647"}],"version-history":[{"count":0,"href":"https:\/\/eldigitaldeasturias.com\/magazine365\/wp-json\/wp\/v2\/posts\/14647\/revisions"}],"wp:featuredmedia":[{"embeddable":true,"href":"https:\/\/eldigitaldeasturias.com\/magazine365\/wp-json\/wp\/v2\/media\/14648"}],"wp:attachment":[{"href":"https:\/\/eldigitaldeasturias.com\/magazine365\/wp-json\/wp\/v2\/media?parent=14647"}],"wp:term":[{"taxonomy":"category","embeddable":true,"href":"https:\/\/eldigitaldeasturias.com\/magazine365\/wp-json\/wp\/v2\/categories?post=14647"},{"taxonomy":"post_tag","embeddable":true,"href":"https:\/\/eldigitaldeasturias.com\/magazine365\/wp-json\/wp\/v2\/tags?post=14647"}],"curies":[{"name":"wp","href":"https:\/\/api.w.org\/{rel}","templated":true}]}}