{"id":14644,"date":"2014-05-31T23:37:40","date_gmt":"2014-06-01T01:37:40","guid":{"rendered":"http:\/\/eldigitaldeasturias.com\/magazine365\/?p=14644"},"modified":"2014-05-31T23:37:40","modified_gmt":"2014-06-01T01:37:40","slug":"queyi-la-espanola-que-ha-enriquecido-su-universo-musical-en-america-latina","status":"publish","type":"post","link":"https:\/\/eldigitaldeasturias.com\/magazine365\/queyi-la-espanola-que-ha-enriquecido-su-universo-musical-en-america-latina\/","title":{"rendered":"Queyi, la espa\u00f1ola que ha enriquecido su universo musical en Am\u00e9rica Latina"},"content":{"rendered":"<p><img fetchpriority=\"high\" decoding=\"async\" class=\"alignleft size-medium wp-image-14645\" alt=\"6321755w\" src=\"https:\/\/eldigitaldeasturias.com\/magazine365\/wp-content\/uploads\/2014\/05\/6321755w-360x237.jpg\" width=\"360\" height=\"237\" \/>Asunci\u00f3n, 31 may (EFE).- La cantante y compositora espa\u00f1ola Queyi act\u00faa hoy en Asunci\u00f3n ampliando as\u00ed su periplo art\u00edstico y vital por Am\u00e9rica Latina, donde est\u00e1 desarrollando una carrera que comenz\u00f3 en Espa\u00f1a, pero que ha cobrado peso y se ha enriquecido desde que se afinc\u00f3 en Uruguay para colaborar con m\u00fasicos como Diego Drexler.<\/p>\n<p>La artista, nacida en Palencia y due\u00f1a de un ecl\u00e9ctico universo musical marcado por el pop intimista, abandon\u00f3 Madrid en 2007, justo cuando hab\u00eda sido apadrinada por una multinacional como la Warner y grabado su primer disco (\u00abNada como un pez\u00bb).<\/p>\n<p>\u00abMi vida se fue a Am\u00e9rica tras muchos a\u00f1os en Madrid. Ten\u00eda que desarrollar un camino que no sab\u00eda cu\u00e1l era y que estoy cumpliendo aqu\u00ed. Un camino en el que la m\u00fasica que me interesa se da por la afinidad con el resto de seres humanos, algo que parece que no encontr\u00e9 en Madrid\u00bb, dice a Efe.<\/p>\n<p>Esa nueva ruta de Queyi, de formaci\u00f3n cl\u00e1sica y en una \u00e9poca pianista de repertorio en el Conservatorio Superior de Salamanca, la condujo hasta Montevideo, tradicional ciudad de acogida de muchos emigrantes espa\u00f1oles a los que todav\u00eda se les denomina \u00abgallegos\u00bb.<\/p>\n<p>\u00abDebo mucho a Uruguay porque he conocido a muchos m\u00fasicos que son muy internacionales y que tienen un acervo cultural diferente. Soy una &#8216;gallega&#8217; en Uruguay, pero he tenido mucho cari\u00f1o y me siento ya un poco uruguaya\u00bb, admite la cantante.<\/p>\n<p>En Uruguay la artista colabora regularmente con el cantautor y arreglista Diego Drexler, hermano de Jorge Drexler, y con la cantante Ana Prada, con quien compuso \u00abQueremos un carril bici\u00bb, un disco para ni\u00f1os grabado en espa\u00f1ol y portugu\u00e9s.<\/p>\n<p>\u00abHemos compuesto ya doce canciones y aprendido mucho la una de la otra. Ese fue un disco raro en nuestras discograf\u00edas al tratarse de un trabajo para ni\u00f1os, aunque yo en Madrid hab\u00eda hecho Caracubo, un espect\u00e1culo que se present\u00f3 en el Festival Internacional de Teatro y M\u00fasica para Beb\u00e9s en 2008\u00bb, recuerda.<\/p>\n<p>Entre sus influencias charr\u00faas, la artista, nacida como Eugenia L\u00f3pez Nozal, destaca al reputado compositor y pianista uruguayo Leo Masl\u00edah, con quien ha colaborado en varios directos.<\/p>\n<p>\u00abMe ha influido mucho, es una inspiraci\u00f3n. He tenido el honor de ser invitada en sus conciertos y tambi\u00e9n a la inversa. Es un referente\u00bb, admite.<\/p>\n<p>Desde su base de operaciones en Uruguay, Queyi se ha internado en su transitar art\u00edstico por Buenos Aires y hoy lo hace por vez primera en la capital paraguaya, donde ofrecer\u00e1 un concierto en el Centro Cultural de Espa\u00f1a Juan de Salazar acompa\u00f1ada solo por su piano, algo que, seg\u00fan ella, no supone ninguna limitaci\u00f3n.<\/p>\n<p>\u00abCada concierto es muy diferente y mediante internet contacto con artistas de las ciudad donde act\u00fao. En Rosario, por ejemplo, subi\u00f3 al escenario una compa\u00f1\u00eda de flamenco para acompa\u00f1arme en mi tema &#8216;Bj\u00f6rk'\u00bb, explica.<\/p>\n<p>\u00abBj\u00f6rk\u00bb, dedicada a su admirada cantante islandesa, es una de las canciones que figuran en \u00abQ-U-E-Y-I\u00bb, su \u00faltimo y cuarto trabajo, grabado en directo en noviembre de 2012 en el Teatro Sol\u00eds de Montevideo.<\/p>\n<p>\u00abEs un disco con canciones que hablan del amor, pero tambi\u00e9n de la emigraci\u00f3n, del hecho de irse a otro lado, como es mi caso. Eso est\u00e1 presente en la canci\u00f3n &#8216;Amor&#8217; que abre el disco\u00bb, se\u00f1ala.<\/p>\n<p>La artista reconoce que esa separaci\u00f3n de su pa\u00eds de origen le provoca cierto desconcierto cuando regresa.<\/p>\n<p>\u00abCuando llego a Madrid tengo que llamar a mis amistades para que me rescaten porque no s\u00e9 bien d\u00f3nde estoy, siendo una ciudad para m\u00ed tan cercana. Pero me quedo con lo que me dijo una amiga: un oc\u00e9ano no es algo que separa, sino un puente que une\u00bb, indica.<\/p>\n<p>Embarcada en la gira de \u00abQ-U-E-Y-I\u00bb, que finalizar\u00e1 este a\u00f1o en la Sala Zitarrosa, en Montevideo, y con nuevas canciones listas para un nuevo \u00e1lbum, a la palentina le cuesta imaginar su evoluci\u00f3n de no haberse marchado de Espa\u00f1a en los albores de la crisis econ\u00f3mica.<\/p>\n<p>\u00abDe haberme quedado, con la crisis encima&#8230; no s\u00e9, quiz\u00e1s habr\u00eda comprado un cami\u00f3n en el que cargar mi piano para tocar por las ciudades y pueblos\u00bb, considera.<\/p>\n","protected":false},"excerpt":{"rendered":"<p>Asunci\u00f3n, 31 may (EFE).- La cantante y compositora espa\u00f1ola Queyi act\u00faa hoy en Asunci\u00f3n ampliando as\u00ed su periplo art\u00edstico y vital por Am\u00e9rica Latina, donde est\u00e1 desarrollando una carrera que comenz\u00f3 en Espa\u00f1a, pero que ha cobrado peso y se ha enriquecido desde que se afinc\u00f3 en Uruguay para colaborar con m\u00fasicos como Diego Drexler.<\/p>\n","protected":false},"author":1,"featured_media":14645,"comment_status":"open","ping_status":"closed","sticky":false,"template":"","format":"standard","meta":{"footnotes":""},"categories":[224],"tags":[],"class_list":{"0":"post-14644","1":"post","2":"type-post","3":"status-publish","4":"format-standard","5":"has-post-thumbnail","7":"category-noticias-actualidad"},"aioseo_notices":[],"aioseo_head":"\n\t\t<!-- All in One SEO Pro 4.9.6.1 - aioseo.com -->\n\t<meta name=\"description\" content=\"Asunci\u00f3n, 31 may (EFE).- La cantante y compositora espa\u00f1ola Queyi act\u00faa hoy en Asunci\u00f3n ampliando as\u00ed su periplo art\u00edstico y vital por Am\u00e9rica Latina, donde est\u00e1 desarrollando una carrera que comenz\u00f3 en Espa\u00f1a, pero que ha cobrado peso y se ha enriquecido desde que se afinc\u00f3 en Uruguay para colaborar con m\u00fasicos como Diego Drexler.\" \/>\n\t<meta name=\"robots\" content=\"max-image-preview:large\" \/>\n\t<meta name=\"author\" content=\"admin\"\/>\n\t<meta name=\"google-site-verification\" content=\"UA-38556648-1\" \/>\n\t<meta name=\"keywords\" content=\"noticias y actualidad\" \/>\n\t<link rel=\"canonical\" href=\"https:\/\/eldigitaldeasturias.com\/magazine365\/queyi-la-espanola-que-ha-enriquecido-su-universo-musical-en-america-latina\/\" \/>\n\t<meta name=\"generator\" content=\"All in One SEO Pro (AIOSEO) 4.9.6.1\" \/>\n\t\t<meta property=\"og:locale\" content=\"es_ES\" \/>\n\t\t<meta property=\"og:site_name\" content=\"El Digital de Asturias \u2013 Revista de ocio, turismo y estilo de vida\" \/>\n\t\t<meta property=\"og:type\" content=\"article\" \/>\n\t\t<meta property=\"og:title\" content=\"Queyi, la espa\u00f1ola que ha enriquecido su universo musical en Am\u00e9rica Latina | El Digital de Asturias\" \/>\n\t\t<meta property=\"og:description\" content=\"Asunci\u00f3n, 31 may (EFE).- La cantante y compositora espa\u00f1ola Queyi act\u00faa hoy en Asunci\u00f3n ampliando as\u00ed su periplo art\u00edstico y vital por Am\u00e9rica Latina, donde est\u00e1 desarrollando una carrera que comenz\u00f3 en Espa\u00f1a, pero que ha cobrado peso y se ha enriquecido desde que se afinc\u00f3 en Uruguay para colaborar con m\u00fasicos como Diego Drexler.\" \/>\n\t\t<meta property=\"og:url\" content=\"https:\/\/eldigitaldeasturias.com\/magazine365\/queyi-la-espanola-que-ha-enriquecido-su-universo-musical-en-america-latina\/\" \/>\n\t\t<meta property=\"og:image\" content=\"https:\/\/eldigitaldeasturias.com\/magazine365\/wp-content\/uploads\/2014\/05\/6321755w.jpg\" \/>\n\t\t<meta property=\"og:image:secure_url\" content=\"https:\/\/eldigitaldeasturias.com\/magazine365\/wp-content\/uploads\/2014\/05\/6321755w.jpg\" \/>\n\t\t<meta property=\"og:image:width\" content=\"800\" \/>\n\t\t<meta property=\"og:image:height\" content=\"528\" \/>\n\t\t<meta property=\"article:published_time\" content=\"2014-06-01T01:37:40+00:00\" \/>\n\t\t<meta property=\"article:modified_time\" content=\"2014-06-01T01:37:40+00:00\" \/>\n\t\t<meta name=\"twitter:card\" content=\"summary_large_image\" \/>\n\t\t<meta name=\"twitter:title\" content=\"Queyi, la espa\u00f1ola que ha enriquecido su universo musical en Am\u00e9rica Latina | El Digital de Asturias\" \/>\n\t\t<meta name=\"twitter:description\" content=\"Asunci\u00f3n, 31 may (EFE).- La cantante y compositora espa\u00f1ola Queyi act\u00faa hoy en Asunci\u00f3n ampliando as\u00ed su periplo art\u00edstico y vital por Am\u00e9rica Latina, donde est\u00e1 desarrollando una carrera que comenz\u00f3 en Espa\u00f1a, pero que ha cobrado peso y se ha enriquecido desde que se afinc\u00f3 en Uruguay para colaborar con m\u00fasicos como Diego Drexler.\" \/>\n\t\t<meta name=\"twitter:image\" content=\"https:\/\/eldigitaldeasturias.com\/magazine365\/wp-content\/uploads\/2014\/05\/6321755w.jpg\" \/>\n\t\t<script type=\"application\/ld+json\" class=\"aioseo-schema\">\n\t\t\t{\"@context\":\"https:\\\/\\\/schema.org\",\"@graph\":[{\"@type\":\"Article\",\"@id\":\"https:\\\/\\\/eldigitaldeasturias.com\\\/magazine365\\\/queyi-la-espanola-que-ha-enriquecido-su-universo-musical-en-america-latina\\\/#article\",\"name\":\"Queyi, la espa\\u00f1ola que ha enriquecido su universo musical en Am\\u00e9rica Latina | El Digital de Asturias\",\"headline\":\"Queyi, la espa\\u00f1ola que ha enriquecido su universo musical en Am\\u00e9rica Latina\",\"author\":{\"@id\":\"https:\\\/\\\/eldigitaldeasturias.com\\\/magazine365\\\/author\\\/admin\\\/#author\"},\"publisher\":{\"@id\":\"https:\\\/\\\/eldigitaldeasturias.com\\\/magazine365\\\/#organization\"},\"image\":{\"@type\":\"ImageObject\",\"url\":\"https:\\\/\\\/eldigitaldeasturias.com\\\/magazine365\\\/wp-content\\\/uploads\\\/2014\\\/05\\\/6321755w.jpg\",\"width\":800,\"height\":528},\"datePublished\":\"2014-05-31T23:37:40+02:00\",\"dateModified\":\"2014-05-31T23:37:40+02:00\",\"inLanguage\":\"es-ES\",\"mainEntityOfPage\":{\"@id\":\"https:\\\/\\\/eldigitaldeasturias.com\\\/magazine365\\\/queyi-la-espanola-que-ha-enriquecido-su-universo-musical-en-america-latina\\\/#webpage\"},\"isPartOf\":{\"@id\":\"https:\\\/\\\/eldigitaldeasturias.com\\\/magazine365\\\/queyi-la-espanola-que-ha-enriquecido-su-universo-musical-en-america-latina\\\/#webpage\"},\"articleSection\":\"Noticias y Actualidad\"},{\"@type\":\"BreadcrumbList\",\"@id\":\"https:\\\/\\\/eldigitaldeasturias.com\\\/magazine365\\\/queyi-la-espanola-que-ha-enriquecido-su-universo-musical-en-america-latina\\\/#breadcrumblist\",\"itemListElement\":[{\"@type\":\"ListItem\",\"@id\":\"https:\\\/\\\/eldigitaldeasturias.com\\\/magazine365#listItem\",\"position\":1,\"name\":\"Home\",\"item\":\"https:\\\/\\\/eldigitaldeasturias.com\\\/magazine365\",\"nextItem\":{\"@type\":\"ListItem\",\"@id\":\"https:\\\/\\\/eldigitaldeasturias.com\\\/magazine365\\\/category\\\/noticias-actualidad\\\/#listItem\",\"name\":\"Noticias y Actualidad\"}},{\"@type\":\"ListItem\",\"@id\":\"https:\\\/\\\/eldigitaldeasturias.com\\\/magazine365\\\/category\\\/noticias-actualidad\\\/#listItem\",\"position\":2,\"name\":\"Noticias y Actualidad\",\"item\":\"https:\\\/\\\/eldigitaldeasturias.com\\\/magazine365\\\/category\\\/noticias-actualidad\\\/\",\"nextItem\":{\"@type\":\"ListItem\",\"@id\":\"https:\\\/\\\/eldigitaldeasturias.com\\\/magazine365\\\/queyi-la-espanola-que-ha-enriquecido-su-universo-musical-en-america-latina\\\/#listItem\",\"name\":\"Queyi, la espa\\u00f1ola que ha enriquecido su universo musical en Am\\u00e9rica Latina\"},\"previousItem\":{\"@type\":\"ListItem\",\"@id\":\"https:\\\/\\\/eldigitaldeasturias.com\\\/magazine365#listItem\",\"name\":\"Home\"}},{\"@type\":\"ListItem\",\"@id\":\"https:\\\/\\\/eldigitaldeasturias.com\\\/magazine365\\\/queyi-la-espanola-que-ha-enriquecido-su-universo-musical-en-america-latina\\\/#listItem\",\"position\":3,\"name\":\"Queyi, la espa\\u00f1ola que ha enriquecido su universo musical en Am\\u00e9rica Latina\",\"previousItem\":{\"@type\":\"ListItem\",\"@id\":\"https:\\\/\\\/eldigitaldeasturias.com\\\/magazine365\\\/category\\\/noticias-actualidad\\\/#listItem\",\"name\":\"Noticias y Actualidad\"}}]},{\"@type\":\"Organization\",\"@id\":\"https:\\\/\\\/eldigitaldeasturias.com\\\/magazine365\\\/#organization\",\"name\":\"El digital de Asturias\",\"description\":\"Revista de ocio, turismo y estilo de vida\",\"url\":\"https:\\\/\\\/eldigitaldeasturias.com\\\/magazine365\\\/\",\"logo\":{\"@type\":\"ImageObject\",\"url\":\"https:\\\/\\\/www.eldigitaldeasturias.com\\\/noticias\\\/wp-content\\\/uploads\\\/2020\\\/12\\\/EDA.jpg\",\"@id\":\"https:\\\/\\\/eldigitaldeasturias.com\\\/magazine365\\\/queyi-la-espanola-que-ha-enriquecido-su-universo-musical-en-america-latina\\\/#organizationLogo\"},\"image\":{\"@id\":\"https:\\\/\\\/eldigitaldeasturias.com\\\/magazine365\\\/queyi-la-espanola-que-ha-enriquecido-su-universo-musical-en-america-latina\\\/#organizationLogo\"}},{\"@type\":\"Person\",\"@id\":\"https:\\\/\\\/eldigitaldeasturias.com\\\/magazine365\\\/author\\\/admin\\\/#author\",\"url\":\"https:\\\/\\\/eldigitaldeasturias.com\\\/magazine365\\\/author\\\/admin\\\/\",\"name\":\"admin\",\"image\":{\"@type\":\"ImageObject\",\"@id\":\"https:\\\/\\\/eldigitaldeasturias.com\\\/magazine365\\\/queyi-la-espanola-que-ha-enriquecido-su-universo-musical-en-america-latina\\\/#authorImage\",\"url\":\"https:\\\/\\\/eldigitaldeasturias.com\\\/magazine365\\\/wp-content\\\/litespeed\\\/avatar\\\/e571bcf59a0edd6fa6838245a470f2fe.jpg?ver=1777574230\",\"width\":96,\"height\":96,\"caption\":\"admin\"}},{\"@type\":\"WebPage\",\"@id\":\"https:\\\/\\\/eldigitaldeasturias.com\\\/magazine365\\\/queyi-la-espanola-que-ha-enriquecido-su-universo-musical-en-america-latina\\\/#webpage\",\"url\":\"https:\\\/\\\/eldigitaldeasturias.com\\\/magazine365\\\/queyi-la-espanola-que-ha-enriquecido-su-universo-musical-en-america-latina\\\/\",\"name\":\"Queyi, la espa\\u00f1ola que ha enriquecido su universo musical en Am\\u00e9rica Latina | El Digital de Asturias\",\"description\":\"Asunci\\u00f3n, 31 may (EFE).- La cantante y compositora espa\\u00f1ola Queyi act\\u00faa hoy en Asunci\\u00f3n ampliando as\\u00ed su periplo art\\u00edstico y vital por Am\\u00e9rica Latina, donde est\\u00e1 desarrollando una carrera que comenz\\u00f3 en Espa\\u00f1a, pero que ha cobrado peso y se ha enriquecido desde que se afinc\\u00f3 en Uruguay para colaborar con m\\u00fasicos como Diego Drexler.\",\"inLanguage\":\"es-ES\",\"isPartOf\":{\"@id\":\"https:\\\/\\\/eldigitaldeasturias.com\\\/magazine365\\\/#website\"},\"breadcrumb\":{\"@id\":\"https:\\\/\\\/eldigitaldeasturias.com\\\/magazine365\\\/queyi-la-espanola-que-ha-enriquecido-su-universo-musical-en-america-latina\\\/#breadcrumblist\"},\"author\":{\"@id\":\"https:\\\/\\\/eldigitaldeasturias.com\\\/magazine365\\\/author\\\/admin\\\/#author\"},\"creator\":{\"@id\":\"https:\\\/\\\/eldigitaldeasturias.com\\\/magazine365\\\/author\\\/admin\\\/#author\"},\"image\":{\"@type\":\"ImageObject\",\"url\":\"https:\\\/\\\/eldigitaldeasturias.com\\\/magazine365\\\/wp-content\\\/uploads\\\/2014\\\/05\\\/6321755w.jpg\",\"@id\":\"https:\\\/\\\/eldigitaldeasturias.com\\\/magazine365\\\/queyi-la-espanola-que-ha-enriquecido-su-universo-musical-en-america-latina\\\/#mainImage\",\"width\":800,\"height\":528},\"primaryImageOfPage\":{\"@id\":\"https:\\\/\\\/eldigitaldeasturias.com\\\/magazine365\\\/queyi-la-espanola-que-ha-enriquecido-su-universo-musical-en-america-latina\\\/#mainImage\"},\"datePublished\":\"2014-05-31T23:37:40+02:00\",\"dateModified\":\"2014-05-31T23:37:40+02:00\"},{\"@type\":\"WebSite\",\"@id\":\"https:\\\/\\\/eldigitaldeasturias.com\\\/magazine365\\\/#website\",\"url\":\"https:\\\/\\\/eldigitaldeasturias.com\\\/magazine365\\\/\",\"name\":\"El Digital de Asturias\",\"description\":\"Revista de ocio, turismo y estilo de vida\",\"inLanguage\":\"es-ES\",\"publisher\":{\"@id\":\"https:\\\/\\\/eldigitaldeasturias.com\\\/magazine365\\\/#organization\"}}]}\n\t\t<\/script>\n\t\t<!-- All in One SEO Pro -->\r\n\t\t<title>Queyi, la espa\u00f1ola que ha enriquecido su universo musical en Am\u00e9rica Latina | El Digital de Asturias<\/title>\n\n","aioseo_head_json":{"title":"Queyi, la espa\u00f1ola que ha enriquecido su universo musical en Am\u00e9rica Latina | El Digital de Asturias","description":"Asunci\u00f3n, 31 may (EFE).- La cantante y compositora espa\u00f1ola Queyi act\u00faa hoy en Asunci\u00f3n ampliando as\u00ed su periplo art\u00edstico y vital por Am\u00e9rica Latina, donde est\u00e1 desarrollando una carrera que comenz\u00f3 en Espa\u00f1a, pero que ha cobrado peso y se ha enriquecido desde que se afinc\u00f3 en Uruguay para colaborar con m\u00fasicos como Diego Drexler.","canonical_url":"https:\/\/eldigitaldeasturias.com\/magazine365\/queyi-la-espanola-que-ha-enriquecido-su-universo-musical-en-america-latina\/","robots":"max-image-preview:large","keywords":"noticias y actualidad","webmasterTools":{"google-site-verification":"UA-38556648-1","miscellaneous":""},"schema":{"@context":"https:\/\/schema.org","@graph":[{"@type":"Article","@id":"https:\/\/eldigitaldeasturias.com\/magazine365\/queyi-la-espanola-que-ha-enriquecido-su-universo-musical-en-america-latina\/#article","name":"Queyi, la espa\u00f1ola que ha enriquecido su universo musical en Am\u00e9rica Latina | El Digital de Asturias","headline":"Queyi, la espa\u00f1ola que ha enriquecido su universo musical en Am\u00e9rica Latina","author":{"@id":"https:\/\/eldigitaldeasturias.com\/magazine365\/author\/admin\/#author"},"publisher":{"@id":"https:\/\/eldigitaldeasturias.com\/magazine365\/#organization"},"image":{"@type":"ImageObject","url":"https:\/\/eldigitaldeasturias.com\/magazine365\/wp-content\/uploads\/2014\/05\/6321755w.jpg","width":800,"height":528},"datePublished":"2014-05-31T23:37:40+02:00","dateModified":"2014-05-31T23:37:40+02:00","inLanguage":"es-ES","mainEntityOfPage":{"@id":"https:\/\/eldigitaldeasturias.com\/magazine365\/queyi-la-espanola-que-ha-enriquecido-su-universo-musical-en-america-latina\/#webpage"},"isPartOf":{"@id":"https:\/\/eldigitaldeasturias.com\/magazine365\/queyi-la-espanola-que-ha-enriquecido-su-universo-musical-en-america-latina\/#webpage"},"articleSection":"Noticias y Actualidad"},{"@type":"BreadcrumbList","@id":"https:\/\/eldigitaldeasturias.com\/magazine365\/queyi-la-espanola-que-ha-enriquecido-su-universo-musical-en-america-latina\/#breadcrumblist","itemListElement":[{"@type":"ListItem","@id":"https:\/\/eldigitaldeasturias.com\/magazine365#listItem","position":1,"name":"Home","item":"https:\/\/eldigitaldeasturias.com\/magazine365","nextItem":{"@type":"ListItem","@id":"https:\/\/eldigitaldeasturias.com\/magazine365\/category\/noticias-actualidad\/#listItem","name":"Noticias y Actualidad"}},{"@type":"ListItem","@id":"https:\/\/eldigitaldeasturias.com\/magazine365\/category\/noticias-actualidad\/#listItem","position":2,"name":"Noticias y Actualidad","item":"https:\/\/eldigitaldeasturias.com\/magazine365\/category\/noticias-actualidad\/","nextItem":{"@type":"ListItem","@id":"https:\/\/eldigitaldeasturias.com\/magazine365\/queyi-la-espanola-que-ha-enriquecido-su-universo-musical-en-america-latina\/#listItem","name":"Queyi, la espa\u00f1ola que ha enriquecido su universo musical en Am\u00e9rica Latina"},"previousItem":{"@type":"ListItem","@id":"https:\/\/eldigitaldeasturias.com\/magazine365#listItem","name":"Home"}},{"@type":"ListItem","@id":"https:\/\/eldigitaldeasturias.com\/magazine365\/queyi-la-espanola-que-ha-enriquecido-su-universo-musical-en-america-latina\/#listItem","position":3,"name":"Queyi, la espa\u00f1ola que ha enriquecido su universo musical en Am\u00e9rica Latina","previousItem":{"@type":"ListItem","@id":"https:\/\/eldigitaldeasturias.com\/magazine365\/category\/noticias-actualidad\/#listItem","name":"Noticias y Actualidad"}}]},{"@type":"Organization","@id":"https:\/\/eldigitaldeasturias.com\/magazine365\/#organization","name":"El digital de Asturias","description":"Revista de ocio, turismo y estilo de vida","url":"https:\/\/eldigitaldeasturias.com\/magazine365\/","logo":{"@type":"ImageObject","url":"https:\/\/www.eldigitaldeasturias.com\/noticias\/wp-content\/uploads\/2020\/12\/EDA.jpg","@id":"https:\/\/eldigitaldeasturias.com\/magazine365\/queyi-la-espanola-que-ha-enriquecido-su-universo-musical-en-america-latina\/#organizationLogo"},"image":{"@id":"https:\/\/eldigitaldeasturias.com\/magazine365\/queyi-la-espanola-que-ha-enriquecido-su-universo-musical-en-america-latina\/#organizationLogo"}},{"@type":"Person","@id":"https:\/\/eldigitaldeasturias.com\/magazine365\/author\/admin\/#author","url":"https:\/\/eldigitaldeasturias.com\/magazine365\/author\/admin\/","name":"admin","image":{"@type":"ImageObject","@id":"https:\/\/eldigitaldeasturias.com\/magazine365\/queyi-la-espanola-que-ha-enriquecido-su-universo-musical-en-america-latina\/#authorImage","url":"https:\/\/eldigitaldeasturias.com\/magazine365\/wp-content\/litespeed\/avatar\/e571bcf59a0edd6fa6838245a470f2fe.jpg?ver=1777574230","width":96,"height":96,"caption":"admin"}},{"@type":"WebPage","@id":"https:\/\/eldigitaldeasturias.com\/magazine365\/queyi-la-espanola-que-ha-enriquecido-su-universo-musical-en-america-latina\/#webpage","url":"https:\/\/eldigitaldeasturias.com\/magazine365\/queyi-la-espanola-que-ha-enriquecido-su-universo-musical-en-america-latina\/","name":"Queyi, la espa\u00f1ola que ha enriquecido su universo musical en Am\u00e9rica Latina | El Digital de Asturias","description":"Asunci\u00f3n, 31 may (EFE).- La cantante y compositora espa\u00f1ola Queyi act\u00faa hoy en Asunci\u00f3n ampliando as\u00ed su periplo art\u00edstico y vital por Am\u00e9rica Latina, donde est\u00e1 desarrollando una carrera que comenz\u00f3 en Espa\u00f1a, pero que ha cobrado peso y se ha enriquecido desde que se afinc\u00f3 en Uruguay para colaborar con m\u00fasicos como Diego Drexler.","inLanguage":"es-ES","isPartOf":{"@id":"https:\/\/eldigitaldeasturias.com\/magazine365\/#website"},"breadcrumb":{"@id":"https:\/\/eldigitaldeasturias.com\/magazine365\/queyi-la-espanola-que-ha-enriquecido-su-universo-musical-en-america-latina\/#breadcrumblist"},"author":{"@id":"https:\/\/eldigitaldeasturias.com\/magazine365\/author\/admin\/#author"},"creator":{"@id":"https:\/\/eldigitaldeasturias.com\/magazine365\/author\/admin\/#author"},"image":{"@type":"ImageObject","url":"https:\/\/eldigitaldeasturias.com\/magazine365\/wp-content\/uploads\/2014\/05\/6321755w.jpg","@id":"https:\/\/eldigitaldeasturias.com\/magazine365\/queyi-la-espanola-que-ha-enriquecido-su-universo-musical-en-america-latina\/#mainImage","width":800,"height":528},"primaryImageOfPage":{"@id":"https:\/\/eldigitaldeasturias.com\/magazine365\/queyi-la-espanola-que-ha-enriquecido-su-universo-musical-en-america-latina\/#mainImage"},"datePublished":"2014-05-31T23:37:40+02:00","dateModified":"2014-05-31T23:37:40+02:00"},{"@type":"WebSite","@id":"https:\/\/eldigitaldeasturias.com\/magazine365\/#website","url":"https:\/\/eldigitaldeasturias.com\/magazine365\/","name":"El Digital de Asturias","description":"Revista de ocio, turismo y estilo de vida","inLanguage":"es-ES","publisher":{"@id":"https:\/\/eldigitaldeasturias.com\/magazine365\/#organization"}}]},"og:locale":"es_ES","og:site_name":"El Digital de Asturias \u2013 Revista de ocio, turismo y estilo de vida","og:type":"article","og:title":"Queyi, la espa\u00f1ola que ha enriquecido su universo musical en Am\u00e9rica Latina | El Digital de Asturias","og:description":"Asunci\u00f3n, 31 may (EFE).- La cantante y compositora espa\u00f1ola Queyi act\u00faa hoy en Asunci\u00f3n ampliando as\u00ed su periplo art\u00edstico y vital por Am\u00e9rica Latina, donde est\u00e1 desarrollando una carrera que comenz\u00f3 en Espa\u00f1a, pero que ha cobrado peso y se ha enriquecido desde que se afinc\u00f3 en Uruguay para colaborar con m\u00fasicos como Diego Drexler.","og:url":"https:\/\/eldigitaldeasturias.com\/magazine365\/queyi-la-espanola-que-ha-enriquecido-su-universo-musical-en-america-latina\/","og:image":"https:\/\/eldigitaldeasturias.com\/magazine365\/wp-content\/uploads\/2014\/05\/6321755w.jpg","og:image:secure_url":"https:\/\/eldigitaldeasturias.com\/magazine365\/wp-content\/uploads\/2014\/05\/6321755w.jpg","og:image:width":800,"og:image:height":528,"article:published_time":"2014-06-01T01:37:40+00:00","article:modified_time":"2014-06-01T01:37:40+00:00","twitter:card":"summary_large_image","twitter:title":"Queyi, la espa\u00f1ola que ha enriquecido su universo musical en Am\u00e9rica Latina | El Digital de Asturias","twitter:description":"Asunci\u00f3n, 31 may (EFE).- La cantante y compositora espa\u00f1ola Queyi act\u00faa hoy en Asunci\u00f3n ampliando as\u00ed su periplo art\u00edstico y vital por Am\u00e9rica Latina, donde est\u00e1 desarrollando una carrera que comenz\u00f3 en Espa\u00f1a, pero que ha cobrado peso y se ha enriquecido desde que se afinc\u00f3 en Uruguay para colaborar con m\u00fasicos como Diego Drexler.","twitter:image":"https:\/\/eldigitaldeasturias.com\/magazine365\/wp-content\/uploads\/2014\/05\/6321755w.jpg"},"aioseo_meta_data":{"post_id":"14644","title":null,"description":null,"keywords":null,"keyphrases":null,"primary_term":null,"canonical_url":null,"og_title":null,"og_description":null,"og_object_type":"default","og_image_type":"default","og_image_url":null,"og_image_width":null,"og_image_height":null,"og_image_custom_url":null,"og_image_custom_fields":null,"og_video":null,"og_custom_url":null,"og_article_section":null,"og_article_tags":null,"twitter_use_og":false,"twitter_card":"default","twitter_image_type":"default","twitter_image_url":null,"twitter_image_custom_url":null,"twitter_image_custom_fields":null,"twitter_title":null,"twitter_description":null,"schema":{"blockGraphs":[],"customGraphs":[],"default":{"data":{"Article":[],"Course":[],"Dataset":[],"FAQPage":[],"Movie":[],"Person":[],"Product":[],"ProductReview":[],"Car":[],"Recipe":[],"Service":[],"SoftwareApplication":[],"WebPage":[]},"graphName":"","isEnabled":true},"graphs":[],"defaultGraph":"","defaultPostTypeGraph":""},"schema_type":null,"schema_type_options":null,"pillar_content":false,"robots_default":true,"robots_noindex":false,"robots_noarchive":false,"robots_nosnippet":false,"robots_nofollow":false,"robots_noimageindex":false,"robots_noodp":false,"robots_notranslate":false,"robots_max_snippet":null,"robots_max_videopreview":null,"robots_max_imagepreview":"large","priority":null,"frequency":null,"location":null,"local_seo":null,"seo_analyzer_scan_date":"2025-09-17 10:32:57","breadcrumb_settings":null,"limit_modified_date":false,"open_ai":null,"ai":null,"created":"2021-03-09 08:11:40","updated":"2025-09-17 10:32:57"},"aioseo_breadcrumb":"<div class=\"aioseo-breadcrumbs\"><span class=\"aioseo-breadcrumb\">\n\t<a href=\"https:\/\/eldigitaldeasturias.com\/magazine365\" title=\"Home\">Home<\/a>\n<\/span><span class=\"aioseo-breadcrumb-separator\">\u2013<\/span><span class=\"aioseo-breadcrumb\">\n\t<a href=\"https:\/\/eldigitaldeasturias.com\/magazine365\/category\/noticias-actualidad\/\" title=\"Noticias y Actualidad\">Noticias y Actualidad<\/a>\n<\/span><span class=\"aioseo-breadcrumb-separator\">\u2013<\/span><span class=\"aioseo-breadcrumb\">\n\t<a href=\"https:\/\/eldigitaldeasturias.com\/magazine365\/queyi-la-espanola-que-ha-enriquecido-su-universo-musical-en-america-latina\/\" title=\"Queyi, la espa\u00f1ola que ha enriquecido su universo musical en Am\u00e9rica Latina\">Queyi, la espa\u00f1ola que ha enriquecido su universo musical en Am\u00e9rica Latina<\/a>\n<\/span><\/div>","aioseo_breadcrumb_json":[{"label":"Home","link":"https:\/\/eldigitaldeasturias.com\/magazine365"},{"label":"Noticias y Actualidad","link":"https:\/\/eldigitaldeasturias.com\/magazine365\/category\/noticias-actualidad\/"},{"label":"Queyi, la espa\u00f1ola que ha enriquecido su universo musical en Am\u00e9rica Latina","link":"https:\/\/eldigitaldeasturias.com\/magazine365\/queyi-la-espanola-que-ha-enriquecido-su-universo-musical-en-america-latina\/"}],"_links":{"self":[{"href":"https:\/\/eldigitaldeasturias.com\/magazine365\/wp-json\/wp\/v2\/posts\/14644","targetHints":{"allow":["GET"]}}],"collection":[{"href":"https:\/\/eldigitaldeasturias.com\/magazine365\/wp-json\/wp\/v2\/posts"}],"about":[{"href":"https:\/\/eldigitaldeasturias.com\/magazine365\/wp-json\/wp\/v2\/types\/post"}],"author":[{"embeddable":true,"href":"https:\/\/eldigitaldeasturias.com\/magazine365\/wp-json\/wp\/v2\/users\/1"}],"replies":[{"embeddable":true,"href":"https:\/\/eldigitaldeasturias.com\/magazine365\/wp-json\/wp\/v2\/comments?post=14644"}],"version-history":[{"count":0,"href":"https:\/\/eldigitaldeasturias.com\/magazine365\/wp-json\/wp\/v2\/posts\/14644\/revisions"}],"wp:featuredmedia":[{"embeddable":true,"href":"https:\/\/eldigitaldeasturias.com\/magazine365\/wp-json\/wp\/v2\/media\/14645"}],"wp:attachment":[{"href":"https:\/\/eldigitaldeasturias.com\/magazine365\/wp-json\/wp\/v2\/media?parent=14644"}],"wp:term":[{"taxonomy":"category","embeddable":true,"href":"https:\/\/eldigitaldeasturias.com\/magazine365\/wp-json\/wp\/v2\/categories?post=14644"},{"taxonomy":"post_tag","embeddable":true,"href":"https:\/\/eldigitaldeasturias.com\/magazine365\/wp-json\/wp\/v2\/tags?post=14644"}],"curies":[{"name":"wp","href":"https:\/\/api.w.org\/{rel}","templated":true}]}}