{"id":14635,"date":"2014-05-31T23:33:45","date_gmt":"2014-06-01T01:33:45","guid":{"rendered":"http:\/\/eldigitaldeasturias.com\/magazine365\/?p=14635"},"modified":"2014-05-31T23:33:45","modified_gmt":"2014-06-01T01:33:45","slug":"ferran-adria-dice-que-pensaba-que-sabia-lo-que-es-la-cocina-pero-no-tengo-ni-idea","status":"publish","type":"post","link":"https:\/\/eldigitaldeasturias.com\/magazine365\/ferran-adria-dice-que-pensaba-que-sabia-lo-que-es-la-cocina-pero-no-tengo-ni-idea\/","title":{"rendered":"Ferran Adri\u00e1 dice que \u00abpensaba que sab\u00eda lo que es la cocina, pero no tengo ni idea\u00bb"},"content":{"rendered":"<p><img fetchpriority=\"high\" decoding=\"async\" class=\"alignleft size-medium wp-image-14636\" alt=\"6321678w\" src=\"https:\/\/eldigitaldeasturias.com\/magazine365\/wp-content\/uploads\/2014\/05\/6321678w-360x239.jpg\" width=\"360\" height=\"239\" \/>Toledo, 31 may (EFE).- \u00abYo pensaba que sab\u00eda lo que es la cocina, pero no tengo ni idea\u00bb, ha dicho esta tarde Ferran Adri\u00e1 al hilo de las investigaciones que su equipo est\u00e1 realizando sobre el concepto de cocina y las t\u00e9cnicas de elaboraci\u00f3n, que ser\u00e1 el laboratorio de ideas BullipediaLab que se inaugurar\u00e1 el 8 de septiembre.<\/p>\n<p>El cocinero ha ofrecido una charla que forma parte del programa gastron\u00f3mico dise\u00f1ado por la Fundaci\u00f3n El Greco 2014 con motivo del cuarto centenario de la muerte de D\u00f3menicos Theotoc\u00f3puli.<\/p>\n<p>Tanto en la rueda de prensa previa como en la conferencia, Adri\u00e1 ha explicado que su idea al participar en la conmemoraci\u00f3n del A\u00f1o Greco no era hablar de qu\u00e9 se com\u00eda entonces o qu\u00e9 platos se cocinaban, porque eso ser\u00eda poco menos que hacer una \u00abpantomima\u00bb, sino explicar c\u00f3mo hay que estudiar esa cocina, c\u00f3mo contextualizar la gastronom\u00eda del Siglo de Oro, por citar una \u00e9poca.<\/p>\n<p>Este es precisamente el objetivo de la BullipediaLab, que se inaugurar\u00e1 el 8 de septiembre en un espacio de m\u00e1s de 1.500 metros cuadrados, en Barcelona, que el creador de Wikipedia, Jimmy Wales, visitar\u00e1 en el mes julio para \u00abconocernos y darnos consejos\u00bb, ha avanzado Ferran Adri\u00e1 a alrededor de 600 personas que han acudido al Palacio de Congresos de Toledo para seguir su charla.<\/p>\n<p>El chef ha hablado de los tres mapas del proceso gastron\u00f3mico que estudian en el laboratorio (creaci\u00f3n, reproducci\u00f3n y evoluci\u00f3n), con los cuales se podr\u00e1 hacer una contextualizaci\u00f3n de la cocina, una clasificaci\u00f3n como \u00ablo que hizo Darwin\u00bb, ha indicado.<\/p>\n<p>Para explicar lo que pretende su equipo ha hilado una reflexi\u00f3n con el tomate como protagonista: \u00aba m\u00ed no me interesa el tomate, me interesa la tomatera. Quiero entender la tomatera, porque si entiendo la tomatera entender\u00e9 el tomate\u00bb.<\/p>\n<p>A preguntas, en la rueda de prensa, sobre ingredientes de siglos pasados que hoy no se podr\u00edan conseguir, Ferran Adri\u00e1 ha asegurado que las semillas siempre han evolucionado y ha defendido que las evolucionadas \u00abson mejores\u00bb, como tambi\u00e9n ha asegurado que \u00abla mayor\u00eda de las veces\u00bb lo silvestre es peor que lo cultivado.<\/p>\n<p>En un di\u00e1logo c\u00f3mplice con el p\u00fablico, Adri\u00e1 ha reflexionado sobre los or\u00edgenes de la cocina y ha rechazado que comenzara cuando el hombre descubri\u00f3 el fuego: \u00ab\u00bfc\u00f3mo que hace falta fuego para cocinar, qui\u00e9n ha dicho eso? Todas esas teor\u00edas de que el fuego hizo la cocina son mentira\u00bb, ha afirmado.<\/p>\n<p>Sin embargo, hay unos indicios m\u00e1s evidentes del nacimiento de la cocina cuando el hombre empez\u00f3 a trabajar el barro, para poder hervir, y cultiv\u00f3 cereales.<\/p>\n<p>El chef ha avanzado que el 8 de octubre se inaugurar\u00e1 en Madrid una exposici\u00f3n sobre BullipediaLab, un laboratorio en el que trabajan unas 80 personas y que forma parte de la Fundaci\u00f3n El Bulli, un proyecto m\u00e1s amplio que tambi\u00e9n incluye Bulli 1846 y Bulli DNA.<\/p>\n<p>Ferran Adri\u00e1 ha sido presentado por el cocinero toledano Pepe Rodr\u00edguez Rey, que tambi\u00e9n ha rechazado que el programa gastron\u00f3mico del cuarto centenario del Greco pretenda mostrar qu\u00e9 se cocinaba en esa \u00e9poca: \u00abc\u00f3mo voy a hacer platos de hace 400 a\u00f1os si ni las perdices que hac\u00eda mi madre saben como las de ahora\u00bb.<\/p>\n<p>El tambi\u00e9n jurado del programa \u00abMasterChef\u00bb ha expresado su admiraci\u00f3n y respeto hacia Adri\u00e1, \u00abun personaje \u00fanico, un genio, un adelantado\u00bb, ha dicho.<\/p>\n<p>Y ha confesado su experiencia cuando, muy joven, visit\u00f3 por primera vez El Bulli y \u00abno daba cr\u00e9dito a lo que ve\u00eda\u00bb porque lo que pensaba era \u00abqu\u00e9 pinta un chico como yo aprendiendo en la NASA\u00bb.<\/p>\n<p>Antes de pronunciar su conferencia en Toledo, Ferran Adri\u00e1 ha comido en el restaurante &#8216;El Boh\u00edo&#8217; de Illescas (Toledo) -de los hermanos Rodr\u00edguez Rey y con una estrella Michel\u00edn- y ha visitado la exposici\u00f3n &#8216;El griego de Toledo&#8217; en el Museo de Santa Cruz.<\/p>\n","protected":false},"excerpt":{"rendered":"<p>Toledo, 31 may (EFE).- \u00abYo pensaba que sab\u00eda lo que es la cocina, pero no tengo ni idea\u00bb, ha dicho esta tarde Ferran Adri\u00e1 al hilo de las investigaciones que su equipo est\u00e1 realizando sobre el concepto de cocina y las t\u00e9cnicas de elaboraci\u00f3n, que ser\u00e1 el laboratorio de ideas BullipediaLab que se inaugurar\u00e1 el<\/p>\n","protected":false},"author":1,"featured_media":14636,"comment_status":"open","ping_status":"closed","sticky":false,"template":"","format":"standard","meta":{"footnotes":""},"categories":[224],"tags":[],"class_list":{"0":"post-14635","1":"post","2":"type-post","3":"status-publish","4":"format-standard","5":"has-post-thumbnail","7":"category-noticias-actualidad"},"aioseo_notices":[],"aioseo_head":"\n\t\t<!-- All in One SEO Pro 4.9.6.1 - aioseo.com -->\n\t<meta name=\"description\" content=\"Toledo, 31 may (EFE).- &quot;Yo pensaba que sab\u00eda lo que es la cocina, pero no tengo ni idea&quot;, ha dicho esta tarde Ferran Adri\u00e1 al hilo de las investigaciones que su equipo est\u00e1 realizando sobre el concepto de cocina y las t\u00e9cnicas de elaboraci\u00f3n, que ser\u00e1 el laboratorio de ideas BullipediaLab que se inaugurar\u00e1 el\" \/>\n\t<meta name=\"robots\" content=\"max-image-preview:large\" \/>\n\t<meta name=\"author\" content=\"admin\"\/>\n\t<meta name=\"google-site-verification\" content=\"UA-38556648-1\" \/>\n\t<meta name=\"keywords\" content=\"noticias y actualidad\" \/>\n\t<link rel=\"canonical\" href=\"https:\/\/eldigitaldeasturias.com\/magazine365\/ferran-adria-dice-que-pensaba-que-sabia-lo-que-es-la-cocina-pero-no-tengo-ni-idea\/\" \/>\n\t<meta name=\"generator\" content=\"All in One SEO Pro (AIOSEO) 4.9.6.1\" \/>\n\t\t<meta property=\"og:locale\" content=\"es_ES\" \/>\n\t\t<meta property=\"og:site_name\" content=\"El Digital de Asturias \u2013 Revista de ocio, turismo y estilo de vida\" \/>\n\t\t<meta property=\"og:type\" content=\"article\" \/>\n\t\t<meta property=\"og:title\" content=\"Ferran Adri\u00e1 dice que \u00abpensaba que sab\u00eda lo que es la cocina, pero no tengo ni idea\u00bb | El Digital de Asturias\" \/>\n\t\t<meta property=\"og:description\" content=\"Toledo, 31 may (EFE).- &quot;Yo pensaba que sab\u00eda lo que es la cocina, pero no tengo ni idea&quot;, ha dicho esta tarde Ferran Adri\u00e1 al hilo de las investigaciones que su equipo est\u00e1 realizando sobre el concepto de cocina y las t\u00e9cnicas de elaboraci\u00f3n, que ser\u00e1 el laboratorio de ideas BullipediaLab que se inaugurar\u00e1 el\" \/>\n\t\t<meta property=\"og:url\" content=\"https:\/\/eldigitaldeasturias.com\/magazine365\/ferran-adria-dice-que-pensaba-que-sabia-lo-que-es-la-cocina-pero-no-tengo-ni-idea\/\" \/>\n\t\t<meta property=\"og:image\" content=\"https:\/\/eldigitaldeasturias.com\/magazine365\/wp-content\/uploads\/2014\/05\/6321678w.jpg\" \/>\n\t\t<meta property=\"og:image:secure_url\" content=\"https:\/\/eldigitaldeasturias.com\/magazine365\/wp-content\/uploads\/2014\/05\/6321678w.jpg\" \/>\n\t\t<meta property=\"og:image:width\" content=\"800\" \/>\n\t\t<meta property=\"og:image:height\" content=\"533\" \/>\n\t\t<meta property=\"article:published_time\" content=\"2014-06-01T01:33:45+00:00\" \/>\n\t\t<meta property=\"article:modified_time\" content=\"2014-06-01T01:33:45+00:00\" \/>\n\t\t<meta name=\"twitter:card\" content=\"summary_large_image\" \/>\n\t\t<meta name=\"twitter:title\" content=\"Ferran Adri\u00e1 dice que \u00abpensaba que sab\u00eda lo que es la cocina, pero no tengo ni idea\u00bb | El Digital de Asturias\" \/>\n\t\t<meta name=\"twitter:description\" content=\"Toledo, 31 may (EFE).- &quot;Yo pensaba que sab\u00eda lo que es la cocina, pero no tengo ni idea&quot;, ha dicho esta tarde Ferran Adri\u00e1 al hilo de las investigaciones que su equipo est\u00e1 realizando sobre el concepto de cocina y las t\u00e9cnicas de elaboraci\u00f3n, que ser\u00e1 el laboratorio de ideas BullipediaLab que se inaugurar\u00e1 el\" \/>\n\t\t<meta name=\"twitter:image\" content=\"https:\/\/eldigitaldeasturias.com\/magazine365\/wp-content\/uploads\/2014\/05\/6321678w.jpg\" \/>\n\t\t<script type=\"application\/ld+json\" class=\"aioseo-schema\">\n\t\t\t{\"@context\":\"https:\\\/\\\/schema.org\",\"@graph\":[{\"@type\":\"Article\",\"@id\":\"https:\\\/\\\/eldigitaldeasturias.com\\\/magazine365\\\/ferran-adria-dice-que-pensaba-que-sabia-lo-que-es-la-cocina-pero-no-tengo-ni-idea\\\/#article\",\"name\":\"Ferran Adri\\u00e1 dice que \\u00abpensaba que sab\\u00eda lo que es la cocina, pero no tengo ni idea\\u00bb | El Digital de Asturias\",\"headline\":\"Ferran Adri\\u00e1 dice que \\u00abpensaba que sab\\u00eda lo que es la cocina, pero no tengo ni idea\\u00bb\",\"author\":{\"@id\":\"https:\\\/\\\/eldigitaldeasturias.com\\\/magazine365\\\/author\\\/admin\\\/#author\"},\"publisher\":{\"@id\":\"https:\\\/\\\/eldigitaldeasturias.com\\\/magazine365\\\/#organization\"},\"image\":{\"@type\":\"ImageObject\",\"url\":\"https:\\\/\\\/eldigitaldeasturias.com\\\/magazine365\\\/wp-content\\\/uploads\\\/2014\\\/05\\\/6321678w.jpg\",\"width\":800,\"height\":533},\"datePublished\":\"2014-05-31T23:33:45+02:00\",\"dateModified\":\"2014-05-31T23:33:45+02:00\",\"inLanguage\":\"es-ES\",\"mainEntityOfPage\":{\"@id\":\"https:\\\/\\\/eldigitaldeasturias.com\\\/magazine365\\\/ferran-adria-dice-que-pensaba-que-sabia-lo-que-es-la-cocina-pero-no-tengo-ni-idea\\\/#webpage\"},\"isPartOf\":{\"@id\":\"https:\\\/\\\/eldigitaldeasturias.com\\\/magazine365\\\/ferran-adria-dice-que-pensaba-que-sabia-lo-que-es-la-cocina-pero-no-tengo-ni-idea\\\/#webpage\"},\"articleSection\":\"Noticias y Actualidad\"},{\"@type\":\"BreadcrumbList\",\"@id\":\"https:\\\/\\\/eldigitaldeasturias.com\\\/magazine365\\\/ferran-adria-dice-que-pensaba-que-sabia-lo-que-es-la-cocina-pero-no-tengo-ni-idea\\\/#breadcrumblist\",\"itemListElement\":[{\"@type\":\"ListItem\",\"@id\":\"https:\\\/\\\/eldigitaldeasturias.com\\\/magazine365#listItem\",\"position\":1,\"name\":\"Home\",\"item\":\"https:\\\/\\\/eldigitaldeasturias.com\\\/magazine365\",\"nextItem\":{\"@type\":\"ListItem\",\"@id\":\"https:\\\/\\\/eldigitaldeasturias.com\\\/magazine365\\\/category\\\/noticias-actualidad\\\/#listItem\",\"name\":\"Noticias y Actualidad\"}},{\"@type\":\"ListItem\",\"@id\":\"https:\\\/\\\/eldigitaldeasturias.com\\\/magazine365\\\/category\\\/noticias-actualidad\\\/#listItem\",\"position\":2,\"name\":\"Noticias y Actualidad\",\"item\":\"https:\\\/\\\/eldigitaldeasturias.com\\\/magazine365\\\/category\\\/noticias-actualidad\\\/\",\"nextItem\":{\"@type\":\"ListItem\",\"@id\":\"https:\\\/\\\/eldigitaldeasturias.com\\\/magazine365\\\/ferran-adria-dice-que-pensaba-que-sabia-lo-que-es-la-cocina-pero-no-tengo-ni-idea\\\/#listItem\",\"name\":\"Ferran Adri\\u00e1 dice que \\u00abpensaba que sab\\u00eda lo que es la cocina, pero no tengo ni idea\\u00bb\"},\"previousItem\":{\"@type\":\"ListItem\",\"@id\":\"https:\\\/\\\/eldigitaldeasturias.com\\\/magazine365#listItem\",\"name\":\"Home\"}},{\"@type\":\"ListItem\",\"@id\":\"https:\\\/\\\/eldigitaldeasturias.com\\\/magazine365\\\/ferran-adria-dice-que-pensaba-que-sabia-lo-que-es-la-cocina-pero-no-tengo-ni-idea\\\/#listItem\",\"position\":3,\"name\":\"Ferran Adri\\u00e1 dice que \\u00abpensaba que sab\\u00eda lo que es la cocina, pero no tengo ni idea\\u00bb\",\"previousItem\":{\"@type\":\"ListItem\",\"@id\":\"https:\\\/\\\/eldigitaldeasturias.com\\\/magazine365\\\/category\\\/noticias-actualidad\\\/#listItem\",\"name\":\"Noticias y Actualidad\"}}]},{\"@type\":\"Organization\",\"@id\":\"https:\\\/\\\/eldigitaldeasturias.com\\\/magazine365\\\/#organization\",\"name\":\"El digital de Asturias\",\"description\":\"Revista de ocio, turismo y estilo de vida\",\"url\":\"https:\\\/\\\/eldigitaldeasturias.com\\\/magazine365\\\/\",\"logo\":{\"@type\":\"ImageObject\",\"url\":\"https:\\\/\\\/www.eldigitaldeasturias.com\\\/noticias\\\/wp-content\\\/uploads\\\/2020\\\/12\\\/EDA.jpg\",\"@id\":\"https:\\\/\\\/eldigitaldeasturias.com\\\/magazine365\\\/ferran-adria-dice-que-pensaba-que-sabia-lo-que-es-la-cocina-pero-no-tengo-ni-idea\\\/#organizationLogo\"},\"image\":{\"@id\":\"https:\\\/\\\/eldigitaldeasturias.com\\\/magazine365\\\/ferran-adria-dice-que-pensaba-que-sabia-lo-que-es-la-cocina-pero-no-tengo-ni-idea\\\/#organizationLogo\"}},{\"@type\":\"Person\",\"@id\":\"https:\\\/\\\/eldigitaldeasturias.com\\\/magazine365\\\/author\\\/admin\\\/#author\",\"url\":\"https:\\\/\\\/eldigitaldeasturias.com\\\/magazine365\\\/author\\\/admin\\\/\",\"name\":\"admin\",\"image\":{\"@type\":\"ImageObject\",\"@id\":\"https:\\\/\\\/eldigitaldeasturias.com\\\/magazine365\\\/ferran-adria-dice-que-pensaba-que-sabia-lo-que-es-la-cocina-pero-no-tengo-ni-idea\\\/#authorImage\",\"url\":\"https:\\\/\\\/eldigitaldeasturias.com\\\/magazine365\\\/wp-content\\\/litespeed\\\/avatar\\\/e571bcf59a0edd6fa6838245a470f2fe.jpg?ver=1777574230\",\"width\":96,\"height\":96,\"caption\":\"admin\"}},{\"@type\":\"WebPage\",\"@id\":\"https:\\\/\\\/eldigitaldeasturias.com\\\/magazine365\\\/ferran-adria-dice-que-pensaba-que-sabia-lo-que-es-la-cocina-pero-no-tengo-ni-idea\\\/#webpage\",\"url\":\"https:\\\/\\\/eldigitaldeasturias.com\\\/magazine365\\\/ferran-adria-dice-que-pensaba-que-sabia-lo-que-es-la-cocina-pero-no-tengo-ni-idea\\\/\",\"name\":\"Ferran Adri\\u00e1 dice que \\u00abpensaba que sab\\u00eda lo que es la cocina, pero no tengo ni idea\\u00bb | El Digital de Asturias\",\"description\":\"Toledo, 31 may (EFE).- \\\"Yo pensaba que sab\\u00eda lo que es la cocina, pero no tengo ni idea\\\", ha dicho esta tarde Ferran Adri\\u00e1 al hilo de las investigaciones que su equipo est\\u00e1 realizando sobre el concepto de cocina y las t\\u00e9cnicas de elaboraci\\u00f3n, que ser\\u00e1 el laboratorio de ideas BullipediaLab que se inaugurar\\u00e1 el\",\"inLanguage\":\"es-ES\",\"isPartOf\":{\"@id\":\"https:\\\/\\\/eldigitaldeasturias.com\\\/magazine365\\\/#website\"},\"breadcrumb\":{\"@id\":\"https:\\\/\\\/eldigitaldeasturias.com\\\/magazine365\\\/ferran-adria-dice-que-pensaba-que-sabia-lo-que-es-la-cocina-pero-no-tengo-ni-idea\\\/#breadcrumblist\"},\"author\":{\"@id\":\"https:\\\/\\\/eldigitaldeasturias.com\\\/magazine365\\\/author\\\/admin\\\/#author\"},\"creator\":{\"@id\":\"https:\\\/\\\/eldigitaldeasturias.com\\\/magazine365\\\/author\\\/admin\\\/#author\"},\"image\":{\"@type\":\"ImageObject\",\"url\":\"https:\\\/\\\/eldigitaldeasturias.com\\\/magazine365\\\/wp-content\\\/uploads\\\/2014\\\/05\\\/6321678w.jpg\",\"@id\":\"https:\\\/\\\/eldigitaldeasturias.com\\\/magazine365\\\/ferran-adria-dice-que-pensaba-que-sabia-lo-que-es-la-cocina-pero-no-tengo-ni-idea\\\/#mainImage\",\"width\":800,\"height\":533},\"primaryImageOfPage\":{\"@id\":\"https:\\\/\\\/eldigitaldeasturias.com\\\/magazine365\\\/ferran-adria-dice-que-pensaba-que-sabia-lo-que-es-la-cocina-pero-no-tengo-ni-idea\\\/#mainImage\"},\"datePublished\":\"2014-05-31T23:33:45+02:00\",\"dateModified\":\"2014-05-31T23:33:45+02:00\"},{\"@type\":\"WebSite\",\"@id\":\"https:\\\/\\\/eldigitaldeasturias.com\\\/magazine365\\\/#website\",\"url\":\"https:\\\/\\\/eldigitaldeasturias.com\\\/magazine365\\\/\",\"name\":\"El Digital de Asturias\",\"description\":\"Revista de ocio, turismo y estilo de vida\",\"inLanguage\":\"es-ES\",\"publisher\":{\"@id\":\"https:\\\/\\\/eldigitaldeasturias.com\\\/magazine365\\\/#organization\"}}]}\n\t\t<\/script>\n\t\t<!-- All in One SEO Pro -->\r\n\t\t<title>Ferran Adri\u00e1 dice que \u00abpensaba que sab\u00eda lo que es la cocina, pero no tengo ni idea\u00bb | El Digital de Asturias<\/title>\n\n","aioseo_head_json":{"title":"Ferran Adri\u00e1 dice que \u00abpensaba que sab\u00eda lo que es la cocina, pero no tengo ni idea\u00bb | El Digital de Asturias","description":"Toledo, 31 may (EFE).- \"Yo pensaba que sab\u00eda lo que es la cocina, pero no tengo ni idea\", ha dicho esta tarde Ferran Adri\u00e1 al hilo de las investigaciones que su equipo est\u00e1 realizando sobre el concepto de cocina y las t\u00e9cnicas de elaboraci\u00f3n, que ser\u00e1 el laboratorio de ideas BullipediaLab que se inaugurar\u00e1 el","canonical_url":"https:\/\/eldigitaldeasturias.com\/magazine365\/ferran-adria-dice-que-pensaba-que-sabia-lo-que-es-la-cocina-pero-no-tengo-ni-idea\/","robots":"max-image-preview:large","keywords":"noticias y actualidad","webmasterTools":{"google-site-verification":"UA-38556648-1","miscellaneous":""},"schema":{"@context":"https:\/\/schema.org","@graph":[{"@type":"Article","@id":"https:\/\/eldigitaldeasturias.com\/magazine365\/ferran-adria-dice-que-pensaba-que-sabia-lo-que-es-la-cocina-pero-no-tengo-ni-idea\/#article","name":"Ferran Adri\u00e1 dice que \u00abpensaba que sab\u00eda lo que es la cocina, pero no tengo ni idea\u00bb | El Digital de Asturias","headline":"Ferran Adri\u00e1 dice que \u00abpensaba que sab\u00eda lo que es la cocina, pero no tengo ni idea\u00bb","author":{"@id":"https:\/\/eldigitaldeasturias.com\/magazine365\/author\/admin\/#author"},"publisher":{"@id":"https:\/\/eldigitaldeasturias.com\/magazine365\/#organization"},"image":{"@type":"ImageObject","url":"https:\/\/eldigitaldeasturias.com\/magazine365\/wp-content\/uploads\/2014\/05\/6321678w.jpg","width":800,"height":533},"datePublished":"2014-05-31T23:33:45+02:00","dateModified":"2014-05-31T23:33:45+02:00","inLanguage":"es-ES","mainEntityOfPage":{"@id":"https:\/\/eldigitaldeasturias.com\/magazine365\/ferran-adria-dice-que-pensaba-que-sabia-lo-que-es-la-cocina-pero-no-tengo-ni-idea\/#webpage"},"isPartOf":{"@id":"https:\/\/eldigitaldeasturias.com\/magazine365\/ferran-adria-dice-que-pensaba-que-sabia-lo-que-es-la-cocina-pero-no-tengo-ni-idea\/#webpage"},"articleSection":"Noticias y Actualidad"},{"@type":"BreadcrumbList","@id":"https:\/\/eldigitaldeasturias.com\/magazine365\/ferran-adria-dice-que-pensaba-que-sabia-lo-que-es-la-cocina-pero-no-tengo-ni-idea\/#breadcrumblist","itemListElement":[{"@type":"ListItem","@id":"https:\/\/eldigitaldeasturias.com\/magazine365#listItem","position":1,"name":"Home","item":"https:\/\/eldigitaldeasturias.com\/magazine365","nextItem":{"@type":"ListItem","@id":"https:\/\/eldigitaldeasturias.com\/magazine365\/category\/noticias-actualidad\/#listItem","name":"Noticias y Actualidad"}},{"@type":"ListItem","@id":"https:\/\/eldigitaldeasturias.com\/magazine365\/category\/noticias-actualidad\/#listItem","position":2,"name":"Noticias y Actualidad","item":"https:\/\/eldigitaldeasturias.com\/magazine365\/category\/noticias-actualidad\/","nextItem":{"@type":"ListItem","@id":"https:\/\/eldigitaldeasturias.com\/magazine365\/ferran-adria-dice-que-pensaba-que-sabia-lo-que-es-la-cocina-pero-no-tengo-ni-idea\/#listItem","name":"Ferran Adri\u00e1 dice que \u00abpensaba que sab\u00eda lo que es la cocina, pero no tengo ni idea\u00bb"},"previousItem":{"@type":"ListItem","@id":"https:\/\/eldigitaldeasturias.com\/magazine365#listItem","name":"Home"}},{"@type":"ListItem","@id":"https:\/\/eldigitaldeasturias.com\/magazine365\/ferran-adria-dice-que-pensaba-que-sabia-lo-que-es-la-cocina-pero-no-tengo-ni-idea\/#listItem","position":3,"name":"Ferran Adri\u00e1 dice que \u00abpensaba que sab\u00eda lo que es la cocina, pero no tengo ni idea\u00bb","previousItem":{"@type":"ListItem","@id":"https:\/\/eldigitaldeasturias.com\/magazine365\/category\/noticias-actualidad\/#listItem","name":"Noticias y Actualidad"}}]},{"@type":"Organization","@id":"https:\/\/eldigitaldeasturias.com\/magazine365\/#organization","name":"El digital de Asturias","description":"Revista de ocio, turismo y estilo de vida","url":"https:\/\/eldigitaldeasturias.com\/magazine365\/","logo":{"@type":"ImageObject","url":"https:\/\/www.eldigitaldeasturias.com\/noticias\/wp-content\/uploads\/2020\/12\/EDA.jpg","@id":"https:\/\/eldigitaldeasturias.com\/magazine365\/ferran-adria-dice-que-pensaba-que-sabia-lo-que-es-la-cocina-pero-no-tengo-ni-idea\/#organizationLogo"},"image":{"@id":"https:\/\/eldigitaldeasturias.com\/magazine365\/ferran-adria-dice-que-pensaba-que-sabia-lo-que-es-la-cocina-pero-no-tengo-ni-idea\/#organizationLogo"}},{"@type":"Person","@id":"https:\/\/eldigitaldeasturias.com\/magazine365\/author\/admin\/#author","url":"https:\/\/eldigitaldeasturias.com\/magazine365\/author\/admin\/","name":"admin","image":{"@type":"ImageObject","@id":"https:\/\/eldigitaldeasturias.com\/magazine365\/ferran-adria-dice-que-pensaba-que-sabia-lo-que-es-la-cocina-pero-no-tengo-ni-idea\/#authorImage","url":"https:\/\/eldigitaldeasturias.com\/magazine365\/wp-content\/litespeed\/avatar\/e571bcf59a0edd6fa6838245a470f2fe.jpg?ver=1777574230","width":96,"height":96,"caption":"admin"}},{"@type":"WebPage","@id":"https:\/\/eldigitaldeasturias.com\/magazine365\/ferran-adria-dice-que-pensaba-que-sabia-lo-que-es-la-cocina-pero-no-tengo-ni-idea\/#webpage","url":"https:\/\/eldigitaldeasturias.com\/magazine365\/ferran-adria-dice-que-pensaba-que-sabia-lo-que-es-la-cocina-pero-no-tengo-ni-idea\/","name":"Ferran Adri\u00e1 dice que \u00abpensaba que sab\u00eda lo que es la cocina, pero no tengo ni idea\u00bb | El Digital de Asturias","description":"Toledo, 31 may (EFE).- \"Yo pensaba que sab\u00eda lo que es la cocina, pero no tengo ni idea\", ha dicho esta tarde Ferran Adri\u00e1 al hilo de las investigaciones que su equipo est\u00e1 realizando sobre el concepto de cocina y las t\u00e9cnicas de elaboraci\u00f3n, que ser\u00e1 el laboratorio de ideas BullipediaLab que se inaugurar\u00e1 el","inLanguage":"es-ES","isPartOf":{"@id":"https:\/\/eldigitaldeasturias.com\/magazine365\/#website"},"breadcrumb":{"@id":"https:\/\/eldigitaldeasturias.com\/magazine365\/ferran-adria-dice-que-pensaba-que-sabia-lo-que-es-la-cocina-pero-no-tengo-ni-idea\/#breadcrumblist"},"author":{"@id":"https:\/\/eldigitaldeasturias.com\/magazine365\/author\/admin\/#author"},"creator":{"@id":"https:\/\/eldigitaldeasturias.com\/magazine365\/author\/admin\/#author"},"image":{"@type":"ImageObject","url":"https:\/\/eldigitaldeasturias.com\/magazine365\/wp-content\/uploads\/2014\/05\/6321678w.jpg","@id":"https:\/\/eldigitaldeasturias.com\/magazine365\/ferran-adria-dice-que-pensaba-que-sabia-lo-que-es-la-cocina-pero-no-tengo-ni-idea\/#mainImage","width":800,"height":533},"primaryImageOfPage":{"@id":"https:\/\/eldigitaldeasturias.com\/magazine365\/ferran-adria-dice-que-pensaba-que-sabia-lo-que-es-la-cocina-pero-no-tengo-ni-idea\/#mainImage"},"datePublished":"2014-05-31T23:33:45+02:00","dateModified":"2014-05-31T23:33:45+02:00"},{"@type":"WebSite","@id":"https:\/\/eldigitaldeasturias.com\/magazine365\/#website","url":"https:\/\/eldigitaldeasturias.com\/magazine365\/","name":"El Digital de Asturias","description":"Revista de ocio, turismo y estilo de vida","inLanguage":"es-ES","publisher":{"@id":"https:\/\/eldigitaldeasturias.com\/magazine365\/#organization"}}]},"og:locale":"es_ES","og:site_name":"El Digital de Asturias \u2013 Revista de ocio, turismo y estilo de vida","og:type":"article","og:title":"Ferran Adri\u00e1 dice que \u00abpensaba que sab\u00eda lo que es la cocina, pero no tengo ni idea\u00bb | El Digital de Asturias","og:description":"Toledo, 31 may (EFE).- &quot;Yo pensaba que sab\u00eda lo que es la cocina, pero no tengo ni idea&quot;, ha dicho esta tarde Ferran Adri\u00e1 al hilo de las investigaciones que su equipo est\u00e1 realizando sobre el concepto de cocina y las t\u00e9cnicas de elaboraci\u00f3n, que ser\u00e1 el laboratorio de ideas BullipediaLab que se inaugurar\u00e1 el","og:url":"https:\/\/eldigitaldeasturias.com\/magazine365\/ferran-adria-dice-que-pensaba-que-sabia-lo-que-es-la-cocina-pero-no-tengo-ni-idea\/","og:image":"https:\/\/eldigitaldeasturias.com\/magazine365\/wp-content\/uploads\/2014\/05\/6321678w.jpg","og:image:secure_url":"https:\/\/eldigitaldeasturias.com\/magazine365\/wp-content\/uploads\/2014\/05\/6321678w.jpg","og:image:width":800,"og:image:height":533,"article:published_time":"2014-06-01T01:33:45+00:00","article:modified_time":"2014-06-01T01:33:45+00:00","twitter:card":"summary_large_image","twitter:title":"Ferran Adri\u00e1 dice que \u00abpensaba que sab\u00eda lo que es la cocina, pero no tengo ni idea\u00bb | El Digital de Asturias","twitter:description":"Toledo, 31 may (EFE).- &quot;Yo pensaba que sab\u00eda lo que es la cocina, pero no tengo ni idea&quot;, ha dicho esta tarde Ferran Adri\u00e1 al hilo de las investigaciones que su equipo est\u00e1 realizando sobre el concepto de cocina y las t\u00e9cnicas de elaboraci\u00f3n, que ser\u00e1 el laboratorio de ideas BullipediaLab que se inaugurar\u00e1 el","twitter:image":"https:\/\/eldigitaldeasturias.com\/magazine365\/wp-content\/uploads\/2014\/05\/6321678w.jpg"},"aioseo_meta_data":{"post_id":"14635","title":null,"description":null,"keywords":null,"keyphrases":null,"primary_term":null,"canonical_url":null,"og_title":null,"og_description":null,"og_object_type":"default","og_image_type":"default","og_image_url":null,"og_image_width":null,"og_image_height":null,"og_image_custom_url":null,"og_image_custom_fields":null,"og_video":null,"og_custom_url":null,"og_article_section":null,"og_article_tags":null,"twitter_use_og":false,"twitter_card":"default","twitter_image_type":"default","twitter_image_url":null,"twitter_image_custom_url":null,"twitter_image_custom_fields":null,"twitter_title":null,"twitter_description":null,"schema":{"blockGraphs":[],"customGraphs":[],"default":{"data":{"Article":[],"Course":[],"Dataset":[],"FAQPage":[],"Movie":[],"Person":[],"Product":[],"ProductReview":[],"Car":[],"Recipe":[],"Service":[],"SoftwareApplication":[],"WebPage":[]},"graphName":"","isEnabled":true},"graphs":[],"defaultGraph":"","defaultPostTypeGraph":""},"schema_type":null,"schema_type_options":null,"pillar_content":false,"robots_default":true,"robots_noindex":false,"robots_noarchive":false,"robots_nosnippet":false,"robots_nofollow":false,"robots_noimageindex":false,"robots_noodp":false,"robots_notranslate":false,"robots_max_snippet":null,"robots_max_videopreview":null,"robots_max_imagepreview":"large","priority":null,"frequency":null,"location":null,"local_seo":null,"seo_analyzer_scan_date":"2025-09-17 10:30:55","breadcrumb_settings":null,"limit_modified_date":false,"open_ai":null,"ai":null,"created":"2021-03-09 08:11:40","updated":"2025-09-17 10:30:55"},"aioseo_breadcrumb":"<div class=\"aioseo-breadcrumbs\"><span class=\"aioseo-breadcrumb\">\n\t<a href=\"https:\/\/eldigitaldeasturias.com\/magazine365\" title=\"Home\">Home<\/a>\n<\/span><span class=\"aioseo-breadcrumb-separator\">\u2013<\/span><span class=\"aioseo-breadcrumb\">\n\t<a href=\"https:\/\/eldigitaldeasturias.com\/magazine365\/category\/noticias-actualidad\/\" title=\"Noticias y Actualidad\">Noticias y Actualidad<\/a>\n<\/span><span class=\"aioseo-breadcrumb-separator\">\u2013<\/span><span class=\"aioseo-breadcrumb\">\n\t<a href=\"https:\/\/eldigitaldeasturias.com\/magazine365\/ferran-adria-dice-que-pensaba-que-sabia-lo-que-es-la-cocina-pero-no-tengo-ni-idea\/\" title=\"Ferran Adri\u00e1 dice que \u00abpensaba que sab\u00eda lo que es la cocina, pero no tengo ni idea\u00bb\">Ferran Adri\u00e1 dice que \u00abpensaba que sab\u00eda lo que es la cocina, pero no tengo ni idea\u00bb<\/a>\n<\/span><\/div>","aioseo_breadcrumb_json":[{"label":"Home","link":"https:\/\/eldigitaldeasturias.com\/magazine365"},{"label":"Noticias y Actualidad","link":"https:\/\/eldigitaldeasturias.com\/magazine365\/category\/noticias-actualidad\/"},{"label":"Ferran Adri\u00e1 dice que \u00abpensaba que sab\u00eda lo que es la cocina, pero no tengo ni idea\u00bb","link":"https:\/\/eldigitaldeasturias.com\/magazine365\/ferran-adria-dice-que-pensaba-que-sabia-lo-que-es-la-cocina-pero-no-tengo-ni-idea\/"}],"_links":{"self":[{"href":"https:\/\/eldigitaldeasturias.com\/magazine365\/wp-json\/wp\/v2\/posts\/14635","targetHints":{"allow":["GET"]}}],"collection":[{"href":"https:\/\/eldigitaldeasturias.com\/magazine365\/wp-json\/wp\/v2\/posts"}],"about":[{"href":"https:\/\/eldigitaldeasturias.com\/magazine365\/wp-json\/wp\/v2\/types\/post"}],"author":[{"embeddable":true,"href":"https:\/\/eldigitaldeasturias.com\/magazine365\/wp-json\/wp\/v2\/users\/1"}],"replies":[{"embeddable":true,"href":"https:\/\/eldigitaldeasturias.com\/magazine365\/wp-json\/wp\/v2\/comments?post=14635"}],"version-history":[{"count":0,"href":"https:\/\/eldigitaldeasturias.com\/magazine365\/wp-json\/wp\/v2\/posts\/14635\/revisions"}],"wp:featuredmedia":[{"embeddable":true,"href":"https:\/\/eldigitaldeasturias.com\/magazine365\/wp-json\/wp\/v2\/media\/14636"}],"wp:attachment":[{"href":"https:\/\/eldigitaldeasturias.com\/magazine365\/wp-json\/wp\/v2\/media?parent=14635"}],"wp:term":[{"taxonomy":"category","embeddable":true,"href":"https:\/\/eldigitaldeasturias.com\/magazine365\/wp-json\/wp\/v2\/categories?post=14635"},{"taxonomy":"post_tag","embeddable":true,"href":"https:\/\/eldigitaldeasturias.com\/magazine365\/wp-json\/wp\/v2\/tags?post=14635"}],"curies":[{"name":"wp","href":"https:\/\/api.w.org\/{rel}","templated":true}]}}