{"id":14623,"date":"2014-05-31T23:27:49","date_gmt":"2014-06-01T01:27:49","guid":{"rendered":"http:\/\/eldigitaldeasturias.com\/magazine365\/?p=14623"},"modified":"2014-05-31T23:27:49","modified_gmt":"2014-06-01T01:27:49","slug":"galicia-y-japon-promocionaran-conjuntamente-los-caminos-de-santiago-y-kumano","status":"publish","type":"post","link":"https:\/\/eldigitaldeasturias.com\/magazine365\/galicia-y-japon-promocionaran-conjuntamente-los-caminos-de-santiago-y-kumano\/","title":{"rendered":"Galicia y Jap\u00f3n promocionar\u00e1n conjuntamente los caminos de Santiago y Kumano"},"content":{"rendered":"<p><img fetchpriority=\"high\" decoding=\"async\" class=\"alignleft size-medium wp-image-14624\" alt=\"6321606w\" src=\"https:\/\/eldigitaldeasturias.com\/magazine365\/wp-content\/uploads\/2014\/05\/6321606w-360x297.jpg\" width=\"360\" height=\"297\" srcset=\"https:\/\/eldigitaldeasturias.com\/magazine365\/wp-content\/uploads\/2014\/05\/6321606w-360x297.jpg 360w, https:\/\/eldigitaldeasturias.com\/magazine365\/wp-content\/uploads\/2014\/05\/6321606w-650x537.jpg 650w, https:\/\/eldigitaldeasturias.com\/magazine365\/wp-content\/uploads\/2014\/05\/6321606w-768x635.jpg 768w, https:\/\/eldigitaldeasturias.com\/magazine365\/wp-content\/uploads\/2014\/05\/6321606w-150x124.jpg 150w, https:\/\/eldigitaldeasturias.com\/magazine365\/wp-content\/uploads\/2014\/05\/6321606w-450x372.jpg 450w, https:\/\/eldigitaldeasturias.com\/magazine365\/wp-content\/uploads\/2014\/05\/6321606w-696x575.jpg 696w, https:\/\/eldigitaldeasturias.com\/magazine365\/wp-content\/uploads\/2014\/05\/6321606w-508x420.jpg 508w, https:\/\/eldigitaldeasturias.com\/magazine365\/wp-content\/uploads\/2014\/05\/6321606w-300x247.jpg 300w, https:\/\/eldigitaldeasturias.com\/magazine365\/wp-content\/uploads\/2014\/05\/6321606w.jpg 800w\" sizes=\"(max-width: 360px) 100vw, 360px\" \/>Tokio\/Santiago de Compostela, 31 may (EFE).-El presidente de la Xunta, Alberto N\u00fa\u00f1ez Feij\u00f3o, se ha reunido hoy con el gobernador de la prefectura de Wakayama, Yoshinou Nisaka, con quien avanz\u00f3 la posibilidad de que Galicia y Jap\u00f3n organicen iniciativas conjuntas para promocionar el Camino de Santiago en Oriente y el Kumano en occidente.<\/p>\n<p>En su segundo d\u00eda de viaje oficial a Jap\u00f3n, el presidente gallego y el responsable de la prefectura japonesa han coincidido en oportunidad que supone para ambos territorios una promoci\u00f3n conjunta de sus rutas de espiritualidad, especialmente al ser sendas de peregrinaci\u00f3n desde hace cientos de a\u00f1os, ha informado la Xunta.<\/p>\n<p>Ambas rutas han sido transitadas por millares de peregrinos y cuentan con una historia com\u00fan de espiritualidad y concordia y son referentes culturales para oriente y occidente, se\u00f1ala el Gobierno gallego.<\/p>\n<p>La reuni\u00f3n de Feij\u00f3o y Nisaka ha servido para renovar los v\u00ednculos \u00abfraternos\u00bb entre los dos territorios, que se remonta a a\u00f1os atr\u00e1s.<\/p>\n<p>En julio de 2012, el presidente de la Xunta recibi\u00f3 al gobernador de Wakayama en Santiago, en el que firmaron un memor\u00e1ndum para ahondar en las relaciones de amistad y cooperaci\u00f3n entre Galicia y Jap\u00f3n, que daba continuidad a la declaraci\u00f3n oficial de amistad rubricada por el presidente Manuel Fraga en 1998.<\/p>\n<p>Durante su segunda jornada de viaje oficial a Jap\u00f3n, el presidente gallego ha destac\u00f3 las similitudes entre el Camino de Santiago y el Kumano Kodo tras recorrer un tramo de esta ruta nipona, que al igual que la jacobea est\u00e1 declarada Patrimonio de la Humanidad.<\/p>\n<p>\u00abAmbos caminos llevan al mismo sentimiento de concordia, de apertura y de mezcla de razas, culturas e idiomas\u00bb, afirmo N\u00fa\u00f1ez Feij\u00f3o durante su viaje.<\/p>\n<p>N\u00fa\u00f1ez Feij\u00f3o se\u00f1al\u00f3 que tanto el Camino de Santiago como el Kumano Kodo \u00abson rutas recorridas desde hace siglos por millones de peregrinos, y son las dos \u00fanicas que han sido declaradas Patrimonio de la Humanidad por la UNESCO\u00bb.<\/p>\n<p>El presidente de la Xunta tambi\u00e9n subray\u00f3 las \u00absimilitudes paisaj\u00edsticas y ambientales\u00bb que guardan algunos tramos de ambos caminos.<\/p>\n<p>N\u00fa\u00f1ez Feij\u00f3o recorri\u00f3 hoy un tramo del Kumano Kodo, que est\u00e1 hermanado con el Camino de Santiago y atraviesa parte de la prefectura de Wakayama (oeste de Jap\u00f3n), y visit\u00f3 el hist\u00f3rico templo sinto\u00edsta de Hongu Taisha y el Centro Cultural de la regi\u00f3n.<\/p>\n<p>N\u00fa\u00f1ez Feij\u00f3o lleg\u00f3 el jueves a Jap\u00f3n para un viaje de seis d\u00edas que tiene un marcado car\u00e1cter cultural y tur\u00edstico basado en el v\u00ednculo de las v\u00edas de peregrinaje gallega y japonesa, adem\u00e1s del objetivo de potenciar los lazos culturales y econ\u00f3micos con el pa\u00eds asi\u00e1tico.<\/p>\n","protected":false},"excerpt":{"rendered":"<p>Tokio\/Santiago de Compostela, 31 may (EFE).-El presidente de la Xunta, Alberto N\u00fa\u00f1ez Feij\u00f3o, se ha reunido hoy con el gobernador de la prefectura de Wakayama, Yoshinou Nisaka, con quien avanz\u00f3 la posibilidad de que Galicia y Jap\u00f3n organicen iniciativas conjuntas para promocionar el Camino de Santiago en Oriente y el Kumano en occidente. En su<\/p>\n","protected":false},"author":1,"featured_media":14624,"comment_status":"open","ping_status":"closed","sticky":false,"template":"","format":"standard","meta":{"footnotes":""},"categories":[222],"tags":[],"class_list":{"0":"post-14623","1":"post","2":"type-post","3":"status-publish","4":"format-standard","5":"has-post-thumbnail","7":"category-actualidad-turismo"},"aioseo_notices":[],"aioseo_head":"\n\t\t<!-- All in One SEO Pro 4.9.6.1 - aioseo.com -->\n\t<meta name=\"description\" content=\"Tokio\/Santiago de Compostela, 31 may (EFE).-El presidente de la Xunta, Alberto N\u00fa\u00f1ez Feij\u00f3o, se ha reunido hoy con el gobernador de la prefectura de Wakayama, Yoshinou Nisaka, con quien avanz\u00f3 la posibilidad de que Galicia y Jap\u00f3n organicen iniciativas conjuntas para promocionar el Camino de Santiago en Oriente y el Kumano en occidente. En su\" \/>\n\t<meta name=\"robots\" content=\"max-image-preview:large\" \/>\n\t<meta name=\"author\" content=\"admin\"\/>\n\t<meta name=\"google-site-verification\" content=\"UA-38556648-1\" \/>\n\t<meta name=\"keywords\" content=\"actualidad turismo\" \/>\n\t<link rel=\"canonical\" href=\"https:\/\/eldigitaldeasturias.com\/magazine365\/galicia-y-japon-promocionaran-conjuntamente-los-caminos-de-santiago-y-kumano\/\" \/>\n\t<meta name=\"generator\" content=\"All in One SEO Pro (AIOSEO) 4.9.6.1\" \/>\n\t\t<meta property=\"og:locale\" content=\"es_ES\" \/>\n\t\t<meta property=\"og:site_name\" content=\"El Digital de Asturias \u2013 Revista de ocio, turismo y estilo de vida\" \/>\n\t\t<meta property=\"og:type\" content=\"article\" \/>\n\t\t<meta property=\"og:title\" content=\"Galicia y Jap\u00f3n promocionar\u00e1n conjuntamente los caminos de Santiago y Kumano | El Digital de Asturias\" \/>\n\t\t<meta property=\"og:description\" content=\"Tokio\/Santiago de Compostela, 31 may (EFE).-El presidente de la Xunta, Alberto N\u00fa\u00f1ez Feij\u00f3o, se ha reunido hoy con el gobernador de la prefectura de Wakayama, Yoshinou Nisaka, con quien avanz\u00f3 la posibilidad de que Galicia y Jap\u00f3n organicen iniciativas conjuntas para promocionar el Camino de Santiago en Oriente y el Kumano en occidente. En su\" \/>\n\t\t<meta property=\"og:url\" content=\"https:\/\/eldigitaldeasturias.com\/magazine365\/galicia-y-japon-promocionaran-conjuntamente-los-caminos-de-santiago-y-kumano\/\" \/>\n\t\t<meta property=\"og:image\" content=\"https:\/\/eldigitaldeasturias.com\/magazine365\/wp-content\/uploads\/2014\/05\/6321606w.jpg\" \/>\n\t\t<meta property=\"og:image:secure_url\" content=\"https:\/\/eldigitaldeasturias.com\/magazine365\/wp-content\/uploads\/2014\/05\/6321606w.jpg\" \/>\n\t\t<meta property=\"og:image:width\" content=\"800\" \/>\n\t\t<meta property=\"og:image:height\" content=\"661\" \/>\n\t\t<meta property=\"article:published_time\" content=\"2014-06-01T01:27:49+00:00\" \/>\n\t\t<meta property=\"article:modified_time\" content=\"2014-06-01T01:27:49+00:00\" \/>\n\t\t<meta name=\"twitter:card\" content=\"summary_large_image\" \/>\n\t\t<meta name=\"twitter:title\" content=\"Galicia y Jap\u00f3n promocionar\u00e1n conjuntamente los caminos de Santiago y Kumano | El Digital de Asturias\" \/>\n\t\t<meta name=\"twitter:description\" content=\"Tokio\/Santiago de Compostela, 31 may (EFE).-El presidente de la Xunta, Alberto N\u00fa\u00f1ez Feij\u00f3o, se ha reunido hoy con el gobernador de la prefectura de Wakayama, Yoshinou Nisaka, con quien avanz\u00f3 la posibilidad de que Galicia y Jap\u00f3n organicen iniciativas conjuntas para promocionar el Camino de Santiago en Oriente y el Kumano en occidente. En su\" \/>\n\t\t<meta name=\"twitter:image\" content=\"https:\/\/eldigitaldeasturias.com\/magazine365\/wp-content\/uploads\/2014\/05\/6321606w.jpg\" \/>\n\t\t<script type=\"application\/ld+json\" class=\"aioseo-schema\">\n\t\t\t{\"@context\":\"https:\\\/\\\/schema.org\",\"@graph\":[{\"@type\":\"Article\",\"@id\":\"https:\\\/\\\/eldigitaldeasturias.com\\\/magazine365\\\/galicia-y-japon-promocionaran-conjuntamente-los-caminos-de-santiago-y-kumano\\\/#article\",\"name\":\"Galicia y Jap\\u00f3n promocionar\\u00e1n conjuntamente los caminos de Santiago y Kumano | El Digital de Asturias\",\"headline\":\"Galicia y Jap\\u00f3n promocionar\\u00e1n conjuntamente los caminos de Santiago y Kumano\",\"author\":{\"@id\":\"https:\\\/\\\/eldigitaldeasturias.com\\\/magazine365\\\/author\\\/admin\\\/#author\"},\"publisher\":{\"@id\":\"https:\\\/\\\/eldigitaldeasturias.com\\\/magazine365\\\/#organization\"},\"image\":{\"@type\":\"ImageObject\",\"url\":\"https:\\\/\\\/eldigitaldeasturias.com\\\/magazine365\\\/wp-content\\\/uploads\\\/2014\\\/05\\\/6321606w.jpg\",\"width\":800,\"height\":661},\"datePublished\":\"2014-05-31T23:27:49+02:00\",\"dateModified\":\"2014-05-31T23:27:49+02:00\",\"inLanguage\":\"es-ES\",\"mainEntityOfPage\":{\"@id\":\"https:\\\/\\\/eldigitaldeasturias.com\\\/magazine365\\\/galicia-y-japon-promocionaran-conjuntamente-los-caminos-de-santiago-y-kumano\\\/#webpage\"},\"isPartOf\":{\"@id\":\"https:\\\/\\\/eldigitaldeasturias.com\\\/magazine365\\\/galicia-y-japon-promocionaran-conjuntamente-los-caminos-de-santiago-y-kumano\\\/#webpage\"},\"articleSection\":\"Actualidad Turismo\"},{\"@type\":\"BreadcrumbList\",\"@id\":\"https:\\\/\\\/eldigitaldeasturias.com\\\/magazine365\\\/galicia-y-japon-promocionaran-conjuntamente-los-caminos-de-santiago-y-kumano\\\/#breadcrumblist\",\"itemListElement\":[{\"@type\":\"ListItem\",\"@id\":\"https:\\\/\\\/eldigitaldeasturias.com\\\/magazine365#listItem\",\"position\":1,\"name\":\"Home\",\"item\":\"https:\\\/\\\/eldigitaldeasturias.com\\\/magazine365\",\"nextItem\":{\"@type\":\"ListItem\",\"@id\":\"https:\\\/\\\/eldigitaldeasturias.com\\\/magazine365\\\/category\\\/actualidad-turismo\\\/#listItem\",\"name\":\"Actualidad Turismo\"}},{\"@type\":\"ListItem\",\"@id\":\"https:\\\/\\\/eldigitaldeasturias.com\\\/magazine365\\\/category\\\/actualidad-turismo\\\/#listItem\",\"position\":2,\"name\":\"Actualidad Turismo\",\"item\":\"https:\\\/\\\/eldigitaldeasturias.com\\\/magazine365\\\/category\\\/actualidad-turismo\\\/\",\"nextItem\":{\"@type\":\"ListItem\",\"@id\":\"https:\\\/\\\/eldigitaldeasturias.com\\\/magazine365\\\/galicia-y-japon-promocionaran-conjuntamente-los-caminos-de-santiago-y-kumano\\\/#listItem\",\"name\":\"Galicia y Jap\\u00f3n promocionar\\u00e1n conjuntamente los caminos de Santiago y Kumano\"},\"previousItem\":{\"@type\":\"ListItem\",\"@id\":\"https:\\\/\\\/eldigitaldeasturias.com\\\/magazine365#listItem\",\"name\":\"Home\"}},{\"@type\":\"ListItem\",\"@id\":\"https:\\\/\\\/eldigitaldeasturias.com\\\/magazine365\\\/galicia-y-japon-promocionaran-conjuntamente-los-caminos-de-santiago-y-kumano\\\/#listItem\",\"position\":3,\"name\":\"Galicia y Jap\\u00f3n promocionar\\u00e1n conjuntamente los caminos de Santiago y Kumano\",\"previousItem\":{\"@type\":\"ListItem\",\"@id\":\"https:\\\/\\\/eldigitaldeasturias.com\\\/magazine365\\\/category\\\/actualidad-turismo\\\/#listItem\",\"name\":\"Actualidad Turismo\"}}]},{\"@type\":\"Organization\",\"@id\":\"https:\\\/\\\/eldigitaldeasturias.com\\\/magazine365\\\/#organization\",\"name\":\"El digital de Asturias\",\"description\":\"Revista de ocio, turismo y estilo de vida\",\"url\":\"https:\\\/\\\/eldigitaldeasturias.com\\\/magazine365\\\/\",\"logo\":{\"@type\":\"ImageObject\",\"url\":\"https:\\\/\\\/www.eldigitaldeasturias.com\\\/noticias\\\/wp-content\\\/uploads\\\/2020\\\/12\\\/EDA.jpg\",\"@id\":\"https:\\\/\\\/eldigitaldeasturias.com\\\/magazine365\\\/galicia-y-japon-promocionaran-conjuntamente-los-caminos-de-santiago-y-kumano\\\/#organizationLogo\"},\"image\":{\"@id\":\"https:\\\/\\\/eldigitaldeasturias.com\\\/magazine365\\\/galicia-y-japon-promocionaran-conjuntamente-los-caminos-de-santiago-y-kumano\\\/#organizationLogo\"}},{\"@type\":\"Person\",\"@id\":\"https:\\\/\\\/eldigitaldeasturias.com\\\/magazine365\\\/author\\\/admin\\\/#author\",\"url\":\"https:\\\/\\\/eldigitaldeasturias.com\\\/magazine365\\\/author\\\/admin\\\/\",\"name\":\"admin\",\"image\":{\"@type\":\"ImageObject\",\"@id\":\"https:\\\/\\\/eldigitaldeasturias.com\\\/magazine365\\\/galicia-y-japon-promocionaran-conjuntamente-los-caminos-de-santiago-y-kumano\\\/#authorImage\",\"url\":\"https:\\\/\\\/eldigitaldeasturias.com\\\/magazine365\\\/wp-content\\\/litespeed\\\/avatar\\\/e571bcf59a0edd6fa6838245a470f2fe.jpg?ver=1777574230\",\"width\":96,\"height\":96,\"caption\":\"admin\"}},{\"@type\":\"WebPage\",\"@id\":\"https:\\\/\\\/eldigitaldeasturias.com\\\/magazine365\\\/galicia-y-japon-promocionaran-conjuntamente-los-caminos-de-santiago-y-kumano\\\/#webpage\",\"url\":\"https:\\\/\\\/eldigitaldeasturias.com\\\/magazine365\\\/galicia-y-japon-promocionaran-conjuntamente-los-caminos-de-santiago-y-kumano\\\/\",\"name\":\"Galicia y Jap\\u00f3n promocionar\\u00e1n conjuntamente los caminos de Santiago y Kumano | El Digital de Asturias\",\"description\":\"Tokio\\\/Santiago de Compostela, 31 may (EFE).-El presidente de la Xunta, Alberto N\\u00fa\\u00f1ez Feij\\u00f3o, se ha reunido hoy con el gobernador de la prefectura de Wakayama, Yoshinou Nisaka, con quien avanz\\u00f3 la posibilidad de que Galicia y Jap\\u00f3n organicen iniciativas conjuntas para promocionar el Camino de Santiago en Oriente y el Kumano en occidente. En su\",\"inLanguage\":\"es-ES\",\"isPartOf\":{\"@id\":\"https:\\\/\\\/eldigitaldeasturias.com\\\/magazine365\\\/#website\"},\"breadcrumb\":{\"@id\":\"https:\\\/\\\/eldigitaldeasturias.com\\\/magazine365\\\/galicia-y-japon-promocionaran-conjuntamente-los-caminos-de-santiago-y-kumano\\\/#breadcrumblist\"},\"author\":{\"@id\":\"https:\\\/\\\/eldigitaldeasturias.com\\\/magazine365\\\/author\\\/admin\\\/#author\"},\"creator\":{\"@id\":\"https:\\\/\\\/eldigitaldeasturias.com\\\/magazine365\\\/author\\\/admin\\\/#author\"},\"image\":{\"@type\":\"ImageObject\",\"url\":\"https:\\\/\\\/eldigitaldeasturias.com\\\/magazine365\\\/wp-content\\\/uploads\\\/2014\\\/05\\\/6321606w.jpg\",\"@id\":\"https:\\\/\\\/eldigitaldeasturias.com\\\/magazine365\\\/galicia-y-japon-promocionaran-conjuntamente-los-caminos-de-santiago-y-kumano\\\/#mainImage\",\"width\":800,\"height\":661},\"primaryImageOfPage\":{\"@id\":\"https:\\\/\\\/eldigitaldeasturias.com\\\/magazine365\\\/galicia-y-japon-promocionaran-conjuntamente-los-caminos-de-santiago-y-kumano\\\/#mainImage\"},\"datePublished\":\"2014-05-31T23:27:49+02:00\",\"dateModified\":\"2014-05-31T23:27:49+02:00\"},{\"@type\":\"WebSite\",\"@id\":\"https:\\\/\\\/eldigitaldeasturias.com\\\/magazine365\\\/#website\",\"url\":\"https:\\\/\\\/eldigitaldeasturias.com\\\/magazine365\\\/\",\"name\":\"El Digital de Asturias\",\"description\":\"Revista de ocio, turismo y estilo de vida\",\"inLanguage\":\"es-ES\",\"publisher\":{\"@id\":\"https:\\\/\\\/eldigitaldeasturias.com\\\/magazine365\\\/#organization\"}}]}\n\t\t<\/script>\n\t\t<!-- All in One SEO Pro -->\r\n\t\t<title>Galicia y Jap\u00f3n promocionar\u00e1n conjuntamente los caminos de Santiago y Kumano | El Digital de Asturias<\/title>\n\n","aioseo_head_json":{"title":"Galicia y Jap\u00f3n promocionar\u00e1n conjuntamente los caminos de Santiago y Kumano | El Digital de Asturias","description":"Tokio\/Santiago de Compostela, 31 may (EFE).-El presidente de la Xunta, Alberto N\u00fa\u00f1ez Feij\u00f3o, se ha reunido hoy con el gobernador de la prefectura de Wakayama, Yoshinou Nisaka, con quien avanz\u00f3 la posibilidad de que Galicia y Jap\u00f3n organicen iniciativas conjuntas para promocionar el Camino de Santiago en Oriente y el Kumano en occidente. En su","canonical_url":"https:\/\/eldigitaldeasturias.com\/magazine365\/galicia-y-japon-promocionaran-conjuntamente-los-caminos-de-santiago-y-kumano\/","robots":"max-image-preview:large","keywords":"actualidad turismo","webmasterTools":{"google-site-verification":"UA-38556648-1","miscellaneous":""},"schema":{"@context":"https:\/\/schema.org","@graph":[{"@type":"Article","@id":"https:\/\/eldigitaldeasturias.com\/magazine365\/galicia-y-japon-promocionaran-conjuntamente-los-caminos-de-santiago-y-kumano\/#article","name":"Galicia y Jap\u00f3n promocionar\u00e1n conjuntamente los caminos de Santiago y Kumano | El Digital de Asturias","headline":"Galicia y Jap\u00f3n promocionar\u00e1n conjuntamente los caminos de Santiago y Kumano","author":{"@id":"https:\/\/eldigitaldeasturias.com\/magazine365\/author\/admin\/#author"},"publisher":{"@id":"https:\/\/eldigitaldeasturias.com\/magazine365\/#organization"},"image":{"@type":"ImageObject","url":"https:\/\/eldigitaldeasturias.com\/magazine365\/wp-content\/uploads\/2014\/05\/6321606w.jpg","width":800,"height":661},"datePublished":"2014-05-31T23:27:49+02:00","dateModified":"2014-05-31T23:27:49+02:00","inLanguage":"es-ES","mainEntityOfPage":{"@id":"https:\/\/eldigitaldeasturias.com\/magazine365\/galicia-y-japon-promocionaran-conjuntamente-los-caminos-de-santiago-y-kumano\/#webpage"},"isPartOf":{"@id":"https:\/\/eldigitaldeasturias.com\/magazine365\/galicia-y-japon-promocionaran-conjuntamente-los-caminos-de-santiago-y-kumano\/#webpage"},"articleSection":"Actualidad Turismo"},{"@type":"BreadcrumbList","@id":"https:\/\/eldigitaldeasturias.com\/magazine365\/galicia-y-japon-promocionaran-conjuntamente-los-caminos-de-santiago-y-kumano\/#breadcrumblist","itemListElement":[{"@type":"ListItem","@id":"https:\/\/eldigitaldeasturias.com\/magazine365#listItem","position":1,"name":"Home","item":"https:\/\/eldigitaldeasturias.com\/magazine365","nextItem":{"@type":"ListItem","@id":"https:\/\/eldigitaldeasturias.com\/magazine365\/category\/actualidad-turismo\/#listItem","name":"Actualidad Turismo"}},{"@type":"ListItem","@id":"https:\/\/eldigitaldeasturias.com\/magazine365\/category\/actualidad-turismo\/#listItem","position":2,"name":"Actualidad Turismo","item":"https:\/\/eldigitaldeasturias.com\/magazine365\/category\/actualidad-turismo\/","nextItem":{"@type":"ListItem","@id":"https:\/\/eldigitaldeasturias.com\/magazine365\/galicia-y-japon-promocionaran-conjuntamente-los-caminos-de-santiago-y-kumano\/#listItem","name":"Galicia y Jap\u00f3n promocionar\u00e1n conjuntamente los caminos de Santiago y Kumano"},"previousItem":{"@type":"ListItem","@id":"https:\/\/eldigitaldeasturias.com\/magazine365#listItem","name":"Home"}},{"@type":"ListItem","@id":"https:\/\/eldigitaldeasturias.com\/magazine365\/galicia-y-japon-promocionaran-conjuntamente-los-caminos-de-santiago-y-kumano\/#listItem","position":3,"name":"Galicia y Jap\u00f3n promocionar\u00e1n conjuntamente los caminos de Santiago y Kumano","previousItem":{"@type":"ListItem","@id":"https:\/\/eldigitaldeasturias.com\/magazine365\/category\/actualidad-turismo\/#listItem","name":"Actualidad Turismo"}}]},{"@type":"Organization","@id":"https:\/\/eldigitaldeasturias.com\/magazine365\/#organization","name":"El digital de Asturias","description":"Revista de ocio, turismo y estilo de vida","url":"https:\/\/eldigitaldeasturias.com\/magazine365\/","logo":{"@type":"ImageObject","url":"https:\/\/www.eldigitaldeasturias.com\/noticias\/wp-content\/uploads\/2020\/12\/EDA.jpg","@id":"https:\/\/eldigitaldeasturias.com\/magazine365\/galicia-y-japon-promocionaran-conjuntamente-los-caminos-de-santiago-y-kumano\/#organizationLogo"},"image":{"@id":"https:\/\/eldigitaldeasturias.com\/magazine365\/galicia-y-japon-promocionaran-conjuntamente-los-caminos-de-santiago-y-kumano\/#organizationLogo"}},{"@type":"Person","@id":"https:\/\/eldigitaldeasturias.com\/magazine365\/author\/admin\/#author","url":"https:\/\/eldigitaldeasturias.com\/magazine365\/author\/admin\/","name":"admin","image":{"@type":"ImageObject","@id":"https:\/\/eldigitaldeasturias.com\/magazine365\/galicia-y-japon-promocionaran-conjuntamente-los-caminos-de-santiago-y-kumano\/#authorImage","url":"https:\/\/eldigitaldeasturias.com\/magazine365\/wp-content\/litespeed\/avatar\/e571bcf59a0edd6fa6838245a470f2fe.jpg?ver=1777574230","width":96,"height":96,"caption":"admin"}},{"@type":"WebPage","@id":"https:\/\/eldigitaldeasturias.com\/magazine365\/galicia-y-japon-promocionaran-conjuntamente-los-caminos-de-santiago-y-kumano\/#webpage","url":"https:\/\/eldigitaldeasturias.com\/magazine365\/galicia-y-japon-promocionaran-conjuntamente-los-caminos-de-santiago-y-kumano\/","name":"Galicia y Jap\u00f3n promocionar\u00e1n conjuntamente los caminos de Santiago y Kumano | El Digital de Asturias","description":"Tokio\/Santiago de Compostela, 31 may (EFE).-El presidente de la Xunta, Alberto N\u00fa\u00f1ez Feij\u00f3o, se ha reunido hoy con el gobernador de la prefectura de Wakayama, Yoshinou Nisaka, con quien avanz\u00f3 la posibilidad de que Galicia y Jap\u00f3n organicen iniciativas conjuntas para promocionar el Camino de Santiago en Oriente y el Kumano en occidente. En su","inLanguage":"es-ES","isPartOf":{"@id":"https:\/\/eldigitaldeasturias.com\/magazine365\/#website"},"breadcrumb":{"@id":"https:\/\/eldigitaldeasturias.com\/magazine365\/galicia-y-japon-promocionaran-conjuntamente-los-caminos-de-santiago-y-kumano\/#breadcrumblist"},"author":{"@id":"https:\/\/eldigitaldeasturias.com\/magazine365\/author\/admin\/#author"},"creator":{"@id":"https:\/\/eldigitaldeasturias.com\/magazine365\/author\/admin\/#author"},"image":{"@type":"ImageObject","url":"https:\/\/eldigitaldeasturias.com\/magazine365\/wp-content\/uploads\/2014\/05\/6321606w.jpg","@id":"https:\/\/eldigitaldeasturias.com\/magazine365\/galicia-y-japon-promocionaran-conjuntamente-los-caminos-de-santiago-y-kumano\/#mainImage","width":800,"height":661},"primaryImageOfPage":{"@id":"https:\/\/eldigitaldeasturias.com\/magazine365\/galicia-y-japon-promocionaran-conjuntamente-los-caminos-de-santiago-y-kumano\/#mainImage"},"datePublished":"2014-05-31T23:27:49+02:00","dateModified":"2014-05-31T23:27:49+02:00"},{"@type":"WebSite","@id":"https:\/\/eldigitaldeasturias.com\/magazine365\/#website","url":"https:\/\/eldigitaldeasturias.com\/magazine365\/","name":"El Digital de Asturias","description":"Revista de ocio, turismo y estilo de vida","inLanguage":"es-ES","publisher":{"@id":"https:\/\/eldigitaldeasturias.com\/magazine365\/#organization"}}]},"og:locale":"es_ES","og:site_name":"El Digital de Asturias \u2013 Revista de ocio, turismo y estilo de vida","og:type":"article","og:title":"Galicia y Jap\u00f3n promocionar\u00e1n conjuntamente los caminos de Santiago y Kumano | El Digital de Asturias","og:description":"Tokio\/Santiago de Compostela, 31 may (EFE).-El presidente de la Xunta, Alberto N\u00fa\u00f1ez Feij\u00f3o, se ha reunido hoy con el gobernador de la prefectura de Wakayama, Yoshinou Nisaka, con quien avanz\u00f3 la posibilidad de que Galicia y Jap\u00f3n organicen iniciativas conjuntas para promocionar el Camino de Santiago en Oriente y el Kumano en occidente. En su","og:url":"https:\/\/eldigitaldeasturias.com\/magazine365\/galicia-y-japon-promocionaran-conjuntamente-los-caminos-de-santiago-y-kumano\/","og:image":"https:\/\/eldigitaldeasturias.com\/magazine365\/wp-content\/uploads\/2014\/05\/6321606w.jpg","og:image:secure_url":"https:\/\/eldigitaldeasturias.com\/magazine365\/wp-content\/uploads\/2014\/05\/6321606w.jpg","og:image:width":800,"og:image:height":661,"article:published_time":"2014-06-01T01:27:49+00:00","article:modified_time":"2014-06-01T01:27:49+00:00","twitter:card":"summary_large_image","twitter:title":"Galicia y Jap\u00f3n promocionar\u00e1n conjuntamente los caminos de Santiago y Kumano | El Digital de Asturias","twitter:description":"Tokio\/Santiago de Compostela, 31 may (EFE).-El presidente de la Xunta, Alberto N\u00fa\u00f1ez Feij\u00f3o, se ha reunido hoy con el gobernador de la prefectura de Wakayama, Yoshinou Nisaka, con quien avanz\u00f3 la posibilidad de que Galicia y Jap\u00f3n organicen iniciativas conjuntas para promocionar el Camino de Santiago en Oriente y el Kumano en occidente. En su","twitter:image":"https:\/\/eldigitaldeasturias.com\/magazine365\/wp-content\/uploads\/2014\/05\/6321606w.jpg"},"aioseo_meta_data":{"post_id":"14623","title":null,"description":null,"keywords":null,"keyphrases":null,"primary_term":null,"canonical_url":null,"og_title":null,"og_description":null,"og_object_type":"default","og_image_type":"default","og_image_url":null,"og_image_width":null,"og_image_height":null,"og_image_custom_url":null,"og_image_custom_fields":null,"og_video":null,"og_custom_url":null,"og_article_section":null,"og_article_tags":null,"twitter_use_og":false,"twitter_card":"default","twitter_image_type":"default","twitter_image_url":null,"twitter_image_custom_url":null,"twitter_image_custom_fields":null,"twitter_title":null,"twitter_description":null,"schema":{"blockGraphs":[],"customGraphs":[],"default":{"data":{"Article":[],"Course":[],"Dataset":[],"FAQPage":[],"Movie":[],"Person":[],"Product":[],"ProductReview":[],"Car":[],"Recipe":[],"Service":[],"SoftwareApplication":[],"WebPage":[]},"graphName":"","isEnabled":true},"graphs":[],"defaultGraph":"","defaultPostTypeGraph":""},"schema_type":null,"schema_type_options":null,"pillar_content":false,"robots_default":true,"robots_noindex":false,"robots_noarchive":false,"robots_nosnippet":false,"robots_nofollow":false,"robots_noimageindex":false,"robots_noodp":false,"robots_notranslate":false,"robots_max_snippet":null,"robots_max_videopreview":null,"robots_max_imagepreview":"large","priority":null,"frequency":null,"location":null,"local_seo":null,"seo_analyzer_scan_date":"2025-09-17 10:28:02","breadcrumb_settings":null,"limit_modified_date":false,"open_ai":null,"ai":null,"created":"2021-03-09 08:11:40","updated":"2025-09-17 10:28:02"},"aioseo_breadcrumb":"<div class=\"aioseo-breadcrumbs\"><span class=\"aioseo-breadcrumb\">\n\t<a href=\"https:\/\/eldigitaldeasturias.com\/magazine365\" title=\"Home\">Home<\/a>\n<\/span><span class=\"aioseo-breadcrumb-separator\">\u2013<\/span><span class=\"aioseo-breadcrumb\">\n\t<a href=\"https:\/\/eldigitaldeasturias.com\/magazine365\/category\/actualidad-turismo\/\" title=\"Actualidad Turismo\">Actualidad Turismo<\/a>\n<\/span><span class=\"aioseo-breadcrumb-separator\">\u2013<\/span><span class=\"aioseo-breadcrumb\">\n\t<a href=\"https:\/\/eldigitaldeasturias.com\/magazine365\/galicia-y-japon-promocionaran-conjuntamente-los-caminos-de-santiago-y-kumano\/\" title=\"Galicia y Jap\u00f3n promocionar\u00e1n conjuntamente los caminos de Santiago y Kumano\">Galicia y Jap\u00f3n promocionar\u00e1n conjuntamente los caminos de Santiago y Kumano<\/a>\n<\/span><\/div>","aioseo_breadcrumb_json":[{"label":"Home","link":"https:\/\/eldigitaldeasturias.com\/magazine365"},{"label":"Actualidad Turismo","link":"https:\/\/eldigitaldeasturias.com\/magazine365\/category\/actualidad-turismo\/"},{"label":"Galicia y Jap\u00f3n promocionar\u00e1n conjuntamente los caminos de Santiago y Kumano","link":"https:\/\/eldigitaldeasturias.com\/magazine365\/galicia-y-japon-promocionaran-conjuntamente-los-caminos-de-santiago-y-kumano\/"}],"_links":{"self":[{"href":"https:\/\/eldigitaldeasturias.com\/magazine365\/wp-json\/wp\/v2\/posts\/14623","targetHints":{"allow":["GET"]}}],"collection":[{"href":"https:\/\/eldigitaldeasturias.com\/magazine365\/wp-json\/wp\/v2\/posts"}],"about":[{"href":"https:\/\/eldigitaldeasturias.com\/magazine365\/wp-json\/wp\/v2\/types\/post"}],"author":[{"embeddable":true,"href":"https:\/\/eldigitaldeasturias.com\/magazine365\/wp-json\/wp\/v2\/users\/1"}],"replies":[{"embeddable":true,"href":"https:\/\/eldigitaldeasturias.com\/magazine365\/wp-json\/wp\/v2\/comments?post=14623"}],"version-history":[{"count":0,"href":"https:\/\/eldigitaldeasturias.com\/magazine365\/wp-json\/wp\/v2\/posts\/14623\/revisions"}],"wp:featuredmedia":[{"embeddable":true,"href":"https:\/\/eldigitaldeasturias.com\/magazine365\/wp-json\/wp\/v2\/media\/14624"}],"wp:attachment":[{"href":"https:\/\/eldigitaldeasturias.com\/magazine365\/wp-json\/wp\/v2\/media?parent=14623"}],"wp:term":[{"taxonomy":"category","embeddable":true,"href":"https:\/\/eldigitaldeasturias.com\/magazine365\/wp-json\/wp\/v2\/categories?post=14623"},{"taxonomy":"post_tag","embeddable":true,"href":"https:\/\/eldigitaldeasturias.com\/magazine365\/wp-json\/wp\/v2\/tags?post=14623"}],"curies":[{"name":"wp","href":"https:\/\/api.w.org\/{rel}","templated":true}]}}