{"id":14617,"date":"2014-05-31T23:25:08","date_gmt":"2014-06-01T01:25:08","guid":{"rendered":"http:\/\/eldigitaldeasturias.com\/magazine365\/?p=14617"},"modified":"2014-05-31T23:25:08","modified_gmt":"2014-06-01T01:25:08","slug":"sevilla-pone-su-broche-de-oro-al-50-aniversario-de-la-coronacion-de-la-macarena","status":"publish","type":"post","link":"https:\/\/eldigitaldeasturias.com\/magazine365\/sevilla-pone-su-broche-de-oro-al-50-aniversario-de-la-coronacion-de-la-macarena\/","title":{"rendered":"Sevilla pone su broche de oro al 50 aniversario de la coronaci\u00f3n de La Macarena"},"content":{"rendered":"<p><img fetchpriority=\"high\" decoding=\"async\" class=\"alignleft size-medium wp-image-14618\" alt=\"6321438w\" src=\"https:\/\/eldigitaldeasturias.com\/magazine365\/wp-content\/uploads\/2014\/05\/6321438w-360x239.jpg\" width=\"360\" height=\"239\" \/>Sevilla, 31 may (EFE).- Sevilla ha puesto hoy el broche de oro a los actos de conmemoraci\u00f3n del cincuenta aniversario de la coronaci\u00f3n can\u00f3nica de la Virgen Esperanza Macarena, que hoy han culminado con una misa pontifical presidida por el arzobispo de Sevilla, Juan Jos\u00e9 Asenjo. La Plaza de Espa\u00f1a, en la que se ha instalado un altar de 1.200 metros cuadrados, inspirado en la columnata de Bernini de la Plaza de San Pedro de Roma y presidido por el palio de la virgen, ha sido el escenario de la misa, que no se pudo celebrar el 31 de mayo de 1964 a causa de la lluvia. Cincuenta a\u00f1os m\u00e1s tarde, ha lucido el sol y las temperaturas han rondado los treinta grados, por lo que los miles de asistentes a la misa -la organizaci\u00f3n ha dispuesto 9.000 asientos con invitaci\u00f3n- se han pertrechado con gorras, sombreros, gafas, paraguas para protegerse del sol y botellas de agua. El altar, de color burdeos, se ha levantado frente a la fachada de Capitan\u00eda en la plaza dise\u00f1ada por An\u00edbal Gonz\u00e1lez para la Exposici\u00f3n Iberoamericana de 1929 y se han habilitado dos grandes rampas a los lados que simbolizar\u00e1n el abrazo de la Macarena con sus fieles La misa, oficiada por el arzobispo Juan Jos\u00e9 Asenjo y 250 sacerdotes, ha contado con un magn\u00edfico acompa\u00f1amiento musical, como una coral integrada por unas 400 personas y la actuaci\u00f3n de la cantante Estrella Morente, que ha interpretado la popular copla \u00abEsperanza y Macarena\u00bb, de los maestros Quintero, Le\u00f3n y Quiroga y que populariz\u00f3 la folcl\u00f3rica Juanita Reina. El arzobispo, que ha recordado que hoy se clausura el Jubileo concedido por el papa Benedicto XVI para celebrar el cincuenta aniversario de la coronaci\u00f3n pontificia de la Macarena, ha valorado el \u00abconmovedor r\u00edo de fervor\u00bb hacia esta imagen. Ha reivindicado la figura de Mar\u00eda y ha pedido a todos los fieles que \u00abnunca la aparten de sus corazones y de sus vidas\u00bb y ha invitado a \u00abdinamizar la vida cristiana, abandonar la somnolencia y la tibieza en tiempos duros y dif\u00edciles para la fe y la Iglesia\u00bb. Igualmente, ha defendido el valor de la familia y del matrimonio y ha alertado ante el \u00absecularismo, la contaminaci\u00f3n moral y el alejamiento de la juventud de la fe por mitos ef\u00edmeros y falsos maestros\u00bb y, por ello, ha apelado a \u00abponerse manos a la obra; lo pide la Macarena; no lo demoremos, cuanto m\u00e1s tardemos la situaci\u00f3n ser\u00e1 m\u00e1s dif\u00edcil\u00bb. Tambi\u00e9n se ha referido a la renovaci\u00f3n de la Iglesia, que necesita \u00absacerdotes buenos, santos, de gran hondura espiritual, bien preparados intelectualmente y entregados al servicio de Cristo\u00bb, y tambi\u00e9n requiere de la \u00abapuesta decidida y sin complejos de los laicos\u00bb para hacer posible la evangelizaci\u00f3n. Tras la misa, el palio de la virgen se dirigir\u00e1 hacia la sede de la Hermandad de los Estudiantes, en la hist\u00f3rica F\u00e1brica de Tabacos, donde visitar\u00e1 la capilla de sus im\u00e1genes ya que ambas cofrad\u00edas compartieron sede entre 1936 y 1942 en la iglesia de la Anunciaci\u00f3n, tras la quema durante la Guerra Civil del templo de San Gil, sede entonces de la Macarena. Hacia las 18.00 horas, la Esperanza Macarena iniciar\u00e1 su camino de regreso hacia su barrio, en lo que se espera una nueva procesi\u00f3n multitudinaria que, seg\u00fan las previsiones, concluir\u00e1 a las 05.30 horas de la madrugada del domingo. Los actos de conmemoraci\u00f3n del cincuenta aniversario de la coronaci\u00f3n de la Macarena arrancaron el pasado s\u00e1bado, cuando fue trasladada en una procesi\u00f3n de once horas desde su bas\u00edlica en el barrio de la Macarena hasta la capilla del Sagrario de la catedral, donde miles de fieles esperaron varias horas en cola para rendirle homenaje en un besamanos.<\/p>\n","protected":false},"excerpt":{"rendered":"<p>Sevilla, 31 may (EFE).- Sevilla ha puesto hoy el broche de oro a los actos de conmemoraci\u00f3n del cincuenta aniversario de la coronaci\u00f3n can\u00f3nica de la Virgen Esperanza Macarena, que hoy han culminado con una misa pontifical presidida por el arzobispo de Sevilla, Juan Jos\u00e9 Asenjo. La Plaza de Espa\u00f1a, en la que se ha<\/p>\n","protected":false},"author":1,"featured_media":14618,"comment_status":"open","ping_status":"closed","sticky":false,"template":"","format":"standard","meta":{"footnotes":""},"categories":[224],"tags":[],"class_list":{"0":"post-14617","1":"post","2":"type-post","3":"status-publish","4":"format-standard","5":"has-post-thumbnail","7":"category-noticias-actualidad"},"aioseo_notices":[],"aioseo_head":"\n\t\t<!-- All in One SEO Pro 4.9.6.1 - aioseo.com -->\n\t<meta name=\"description\" content=\"Sevilla, 31 may (EFE).- Sevilla ha puesto hoy el broche de oro a los actos de conmemoraci\u00f3n del cincuenta aniversario de la coronaci\u00f3n can\u00f3nica de la Virgen Esperanza Macarena, que hoy han culminado con una misa pontifical presidida por el arzobispo de Sevilla, Juan Jos\u00e9 Asenjo. La Plaza de Espa\u00f1a, en la que se ha\" \/>\n\t<meta name=\"robots\" content=\"max-image-preview:large\" \/>\n\t<meta name=\"author\" content=\"admin\"\/>\n\t<meta name=\"google-site-verification\" content=\"UA-38556648-1\" \/>\n\t<meta name=\"keywords\" content=\"noticias y actualidad\" \/>\n\t<link rel=\"canonical\" href=\"https:\/\/eldigitaldeasturias.com\/magazine365\/sevilla-pone-su-broche-de-oro-al-50-aniversario-de-la-coronacion-de-la-macarena\/\" \/>\n\t<meta name=\"generator\" content=\"All in One SEO Pro (AIOSEO) 4.9.6.1\" \/>\n\t\t<meta property=\"og:locale\" content=\"es_ES\" \/>\n\t\t<meta property=\"og:site_name\" content=\"El Digital de Asturias \u2013 Revista de ocio, turismo y estilo de vida\" \/>\n\t\t<meta property=\"og:type\" content=\"article\" \/>\n\t\t<meta property=\"og:title\" content=\"Sevilla pone su broche de oro al 50 aniversario de la coronaci\u00f3n de La Macarena | El Digital de Asturias\" \/>\n\t\t<meta property=\"og:description\" content=\"Sevilla, 31 may (EFE).- Sevilla ha puesto hoy el broche de oro a los actos de conmemoraci\u00f3n del cincuenta aniversario de la coronaci\u00f3n can\u00f3nica de la Virgen Esperanza Macarena, que hoy han culminado con una misa pontifical presidida por el arzobispo de Sevilla, Juan Jos\u00e9 Asenjo. La Plaza de Espa\u00f1a, en la que se ha\" \/>\n\t\t<meta property=\"og:url\" content=\"https:\/\/eldigitaldeasturias.com\/magazine365\/sevilla-pone-su-broche-de-oro-al-50-aniversario-de-la-coronacion-de-la-macarena\/\" \/>\n\t\t<meta property=\"og:image\" content=\"https:\/\/eldigitaldeasturias.com\/magazine365\/wp-content\/uploads\/2014\/05\/6321438w.jpg\" \/>\n\t\t<meta property=\"og:image:secure_url\" content=\"https:\/\/eldigitaldeasturias.com\/magazine365\/wp-content\/uploads\/2014\/05\/6321438w.jpg\" \/>\n\t\t<meta property=\"og:image:width\" content=\"800\" \/>\n\t\t<meta property=\"og:image:height\" content=\"533\" \/>\n\t\t<meta property=\"article:published_time\" content=\"2014-06-01T01:25:08+00:00\" \/>\n\t\t<meta property=\"article:modified_time\" content=\"2014-06-01T01:25:08+00:00\" \/>\n\t\t<meta name=\"twitter:card\" content=\"summary_large_image\" \/>\n\t\t<meta name=\"twitter:title\" content=\"Sevilla pone su broche de oro al 50 aniversario de la coronaci\u00f3n de La Macarena | El Digital de Asturias\" \/>\n\t\t<meta name=\"twitter:description\" content=\"Sevilla, 31 may (EFE).- Sevilla ha puesto hoy el broche de oro a los actos de conmemoraci\u00f3n del cincuenta aniversario de la coronaci\u00f3n can\u00f3nica de la Virgen Esperanza Macarena, que hoy han culminado con una misa pontifical presidida por el arzobispo de Sevilla, Juan Jos\u00e9 Asenjo. La Plaza de Espa\u00f1a, en la que se ha\" \/>\n\t\t<meta name=\"twitter:image\" content=\"https:\/\/eldigitaldeasturias.com\/magazine365\/wp-content\/uploads\/2014\/05\/6321438w.jpg\" \/>\n\t\t<script type=\"application\/ld+json\" class=\"aioseo-schema\">\n\t\t\t{\"@context\":\"https:\\\/\\\/schema.org\",\"@graph\":[{\"@type\":\"Article\",\"@id\":\"https:\\\/\\\/eldigitaldeasturias.com\\\/magazine365\\\/sevilla-pone-su-broche-de-oro-al-50-aniversario-de-la-coronacion-de-la-macarena\\\/#article\",\"name\":\"Sevilla pone su broche de oro al 50 aniversario de la coronaci\\u00f3n de La Macarena | El Digital de Asturias\",\"headline\":\"Sevilla pone su broche de oro al 50 aniversario de la coronaci\\u00f3n de La Macarena\",\"author\":{\"@id\":\"https:\\\/\\\/eldigitaldeasturias.com\\\/magazine365\\\/author\\\/admin\\\/#author\"},\"publisher\":{\"@id\":\"https:\\\/\\\/eldigitaldeasturias.com\\\/magazine365\\\/#organization\"},\"image\":{\"@type\":\"ImageObject\",\"url\":\"https:\\\/\\\/eldigitaldeasturias.com\\\/magazine365\\\/wp-content\\\/uploads\\\/2014\\\/05\\\/6321438w.jpg\",\"width\":800,\"height\":533},\"datePublished\":\"2014-05-31T23:25:08+02:00\",\"dateModified\":\"2014-05-31T23:25:08+02:00\",\"inLanguage\":\"es-ES\",\"mainEntityOfPage\":{\"@id\":\"https:\\\/\\\/eldigitaldeasturias.com\\\/magazine365\\\/sevilla-pone-su-broche-de-oro-al-50-aniversario-de-la-coronacion-de-la-macarena\\\/#webpage\"},\"isPartOf\":{\"@id\":\"https:\\\/\\\/eldigitaldeasturias.com\\\/magazine365\\\/sevilla-pone-su-broche-de-oro-al-50-aniversario-de-la-coronacion-de-la-macarena\\\/#webpage\"},\"articleSection\":\"Noticias y Actualidad\"},{\"@type\":\"BreadcrumbList\",\"@id\":\"https:\\\/\\\/eldigitaldeasturias.com\\\/magazine365\\\/sevilla-pone-su-broche-de-oro-al-50-aniversario-de-la-coronacion-de-la-macarena\\\/#breadcrumblist\",\"itemListElement\":[{\"@type\":\"ListItem\",\"@id\":\"https:\\\/\\\/eldigitaldeasturias.com\\\/magazine365#listItem\",\"position\":1,\"name\":\"Home\",\"item\":\"https:\\\/\\\/eldigitaldeasturias.com\\\/magazine365\",\"nextItem\":{\"@type\":\"ListItem\",\"@id\":\"https:\\\/\\\/eldigitaldeasturias.com\\\/magazine365\\\/category\\\/noticias-actualidad\\\/#listItem\",\"name\":\"Noticias y Actualidad\"}},{\"@type\":\"ListItem\",\"@id\":\"https:\\\/\\\/eldigitaldeasturias.com\\\/magazine365\\\/category\\\/noticias-actualidad\\\/#listItem\",\"position\":2,\"name\":\"Noticias y Actualidad\",\"item\":\"https:\\\/\\\/eldigitaldeasturias.com\\\/magazine365\\\/category\\\/noticias-actualidad\\\/\",\"nextItem\":{\"@type\":\"ListItem\",\"@id\":\"https:\\\/\\\/eldigitaldeasturias.com\\\/magazine365\\\/sevilla-pone-su-broche-de-oro-al-50-aniversario-de-la-coronacion-de-la-macarena\\\/#listItem\",\"name\":\"Sevilla pone su broche de oro al 50 aniversario de la coronaci\\u00f3n de La Macarena\"},\"previousItem\":{\"@type\":\"ListItem\",\"@id\":\"https:\\\/\\\/eldigitaldeasturias.com\\\/magazine365#listItem\",\"name\":\"Home\"}},{\"@type\":\"ListItem\",\"@id\":\"https:\\\/\\\/eldigitaldeasturias.com\\\/magazine365\\\/sevilla-pone-su-broche-de-oro-al-50-aniversario-de-la-coronacion-de-la-macarena\\\/#listItem\",\"position\":3,\"name\":\"Sevilla pone su broche de oro al 50 aniversario de la coronaci\\u00f3n de La Macarena\",\"previousItem\":{\"@type\":\"ListItem\",\"@id\":\"https:\\\/\\\/eldigitaldeasturias.com\\\/magazine365\\\/category\\\/noticias-actualidad\\\/#listItem\",\"name\":\"Noticias y Actualidad\"}}]},{\"@type\":\"Organization\",\"@id\":\"https:\\\/\\\/eldigitaldeasturias.com\\\/magazine365\\\/#organization\",\"name\":\"El digital de Asturias\",\"description\":\"Revista de ocio, turismo y estilo de vida\",\"url\":\"https:\\\/\\\/eldigitaldeasturias.com\\\/magazine365\\\/\",\"logo\":{\"@type\":\"ImageObject\",\"url\":\"https:\\\/\\\/www.eldigitaldeasturias.com\\\/noticias\\\/wp-content\\\/uploads\\\/2020\\\/12\\\/EDA.jpg\",\"@id\":\"https:\\\/\\\/eldigitaldeasturias.com\\\/magazine365\\\/sevilla-pone-su-broche-de-oro-al-50-aniversario-de-la-coronacion-de-la-macarena\\\/#organizationLogo\"},\"image\":{\"@id\":\"https:\\\/\\\/eldigitaldeasturias.com\\\/magazine365\\\/sevilla-pone-su-broche-de-oro-al-50-aniversario-de-la-coronacion-de-la-macarena\\\/#organizationLogo\"}},{\"@type\":\"Person\",\"@id\":\"https:\\\/\\\/eldigitaldeasturias.com\\\/magazine365\\\/author\\\/admin\\\/#author\",\"url\":\"https:\\\/\\\/eldigitaldeasturias.com\\\/magazine365\\\/author\\\/admin\\\/\",\"name\":\"admin\",\"image\":{\"@type\":\"ImageObject\",\"@id\":\"https:\\\/\\\/eldigitaldeasturias.com\\\/magazine365\\\/sevilla-pone-su-broche-de-oro-al-50-aniversario-de-la-coronacion-de-la-macarena\\\/#authorImage\",\"url\":\"https:\\\/\\\/eldigitaldeasturias.com\\\/magazine365\\\/wp-content\\\/litespeed\\\/avatar\\\/e571bcf59a0edd6fa6838245a470f2fe.jpg?ver=1777574230\",\"width\":96,\"height\":96,\"caption\":\"admin\"}},{\"@type\":\"WebPage\",\"@id\":\"https:\\\/\\\/eldigitaldeasturias.com\\\/magazine365\\\/sevilla-pone-su-broche-de-oro-al-50-aniversario-de-la-coronacion-de-la-macarena\\\/#webpage\",\"url\":\"https:\\\/\\\/eldigitaldeasturias.com\\\/magazine365\\\/sevilla-pone-su-broche-de-oro-al-50-aniversario-de-la-coronacion-de-la-macarena\\\/\",\"name\":\"Sevilla pone su broche de oro al 50 aniversario de la coronaci\\u00f3n de La Macarena | El Digital de Asturias\",\"description\":\"Sevilla, 31 may (EFE).- Sevilla ha puesto hoy el broche de oro a los actos de conmemoraci\\u00f3n del cincuenta aniversario de la coronaci\\u00f3n can\\u00f3nica de la Virgen Esperanza Macarena, que hoy han culminado con una misa pontifical presidida por el arzobispo de Sevilla, Juan Jos\\u00e9 Asenjo. La Plaza de Espa\\u00f1a, en la que se ha\",\"inLanguage\":\"es-ES\",\"isPartOf\":{\"@id\":\"https:\\\/\\\/eldigitaldeasturias.com\\\/magazine365\\\/#website\"},\"breadcrumb\":{\"@id\":\"https:\\\/\\\/eldigitaldeasturias.com\\\/magazine365\\\/sevilla-pone-su-broche-de-oro-al-50-aniversario-de-la-coronacion-de-la-macarena\\\/#breadcrumblist\"},\"author\":{\"@id\":\"https:\\\/\\\/eldigitaldeasturias.com\\\/magazine365\\\/author\\\/admin\\\/#author\"},\"creator\":{\"@id\":\"https:\\\/\\\/eldigitaldeasturias.com\\\/magazine365\\\/author\\\/admin\\\/#author\"},\"image\":{\"@type\":\"ImageObject\",\"url\":\"https:\\\/\\\/eldigitaldeasturias.com\\\/magazine365\\\/wp-content\\\/uploads\\\/2014\\\/05\\\/6321438w.jpg\",\"@id\":\"https:\\\/\\\/eldigitaldeasturias.com\\\/magazine365\\\/sevilla-pone-su-broche-de-oro-al-50-aniversario-de-la-coronacion-de-la-macarena\\\/#mainImage\",\"width\":800,\"height\":533},\"primaryImageOfPage\":{\"@id\":\"https:\\\/\\\/eldigitaldeasturias.com\\\/magazine365\\\/sevilla-pone-su-broche-de-oro-al-50-aniversario-de-la-coronacion-de-la-macarena\\\/#mainImage\"},\"datePublished\":\"2014-05-31T23:25:08+02:00\",\"dateModified\":\"2014-05-31T23:25:08+02:00\"},{\"@type\":\"WebSite\",\"@id\":\"https:\\\/\\\/eldigitaldeasturias.com\\\/magazine365\\\/#website\",\"url\":\"https:\\\/\\\/eldigitaldeasturias.com\\\/magazine365\\\/\",\"name\":\"El Digital de Asturias\",\"description\":\"Revista de ocio, turismo y estilo de vida\",\"inLanguage\":\"es-ES\",\"publisher\":{\"@id\":\"https:\\\/\\\/eldigitaldeasturias.com\\\/magazine365\\\/#organization\"}}]}\n\t\t<\/script>\n\t\t<!-- All in One SEO Pro -->\r\n\t\t<title>Sevilla pone su broche de oro al 50 aniversario de la coronaci\u00f3n de La Macarena | El Digital de Asturias<\/title>\n\n","aioseo_head_json":{"title":"Sevilla pone su broche de oro al 50 aniversario de la coronaci\u00f3n de La Macarena | El Digital de Asturias","description":"Sevilla, 31 may (EFE).- Sevilla ha puesto hoy el broche de oro a los actos de conmemoraci\u00f3n del cincuenta aniversario de la coronaci\u00f3n can\u00f3nica de la Virgen Esperanza Macarena, que hoy han culminado con una misa pontifical presidida por el arzobispo de Sevilla, Juan Jos\u00e9 Asenjo. La Plaza de Espa\u00f1a, en la que se ha","canonical_url":"https:\/\/eldigitaldeasturias.com\/magazine365\/sevilla-pone-su-broche-de-oro-al-50-aniversario-de-la-coronacion-de-la-macarena\/","robots":"max-image-preview:large","keywords":"noticias y actualidad","webmasterTools":{"google-site-verification":"UA-38556648-1","miscellaneous":""},"schema":{"@context":"https:\/\/schema.org","@graph":[{"@type":"Article","@id":"https:\/\/eldigitaldeasturias.com\/magazine365\/sevilla-pone-su-broche-de-oro-al-50-aniversario-de-la-coronacion-de-la-macarena\/#article","name":"Sevilla pone su broche de oro al 50 aniversario de la coronaci\u00f3n de La Macarena | El Digital de Asturias","headline":"Sevilla pone su broche de oro al 50 aniversario de la coronaci\u00f3n de La Macarena","author":{"@id":"https:\/\/eldigitaldeasturias.com\/magazine365\/author\/admin\/#author"},"publisher":{"@id":"https:\/\/eldigitaldeasturias.com\/magazine365\/#organization"},"image":{"@type":"ImageObject","url":"https:\/\/eldigitaldeasturias.com\/magazine365\/wp-content\/uploads\/2014\/05\/6321438w.jpg","width":800,"height":533},"datePublished":"2014-05-31T23:25:08+02:00","dateModified":"2014-05-31T23:25:08+02:00","inLanguage":"es-ES","mainEntityOfPage":{"@id":"https:\/\/eldigitaldeasturias.com\/magazine365\/sevilla-pone-su-broche-de-oro-al-50-aniversario-de-la-coronacion-de-la-macarena\/#webpage"},"isPartOf":{"@id":"https:\/\/eldigitaldeasturias.com\/magazine365\/sevilla-pone-su-broche-de-oro-al-50-aniversario-de-la-coronacion-de-la-macarena\/#webpage"},"articleSection":"Noticias y Actualidad"},{"@type":"BreadcrumbList","@id":"https:\/\/eldigitaldeasturias.com\/magazine365\/sevilla-pone-su-broche-de-oro-al-50-aniversario-de-la-coronacion-de-la-macarena\/#breadcrumblist","itemListElement":[{"@type":"ListItem","@id":"https:\/\/eldigitaldeasturias.com\/magazine365#listItem","position":1,"name":"Home","item":"https:\/\/eldigitaldeasturias.com\/magazine365","nextItem":{"@type":"ListItem","@id":"https:\/\/eldigitaldeasturias.com\/magazine365\/category\/noticias-actualidad\/#listItem","name":"Noticias y Actualidad"}},{"@type":"ListItem","@id":"https:\/\/eldigitaldeasturias.com\/magazine365\/category\/noticias-actualidad\/#listItem","position":2,"name":"Noticias y Actualidad","item":"https:\/\/eldigitaldeasturias.com\/magazine365\/category\/noticias-actualidad\/","nextItem":{"@type":"ListItem","@id":"https:\/\/eldigitaldeasturias.com\/magazine365\/sevilla-pone-su-broche-de-oro-al-50-aniversario-de-la-coronacion-de-la-macarena\/#listItem","name":"Sevilla pone su broche de oro al 50 aniversario de la coronaci\u00f3n de La Macarena"},"previousItem":{"@type":"ListItem","@id":"https:\/\/eldigitaldeasturias.com\/magazine365#listItem","name":"Home"}},{"@type":"ListItem","@id":"https:\/\/eldigitaldeasturias.com\/magazine365\/sevilla-pone-su-broche-de-oro-al-50-aniversario-de-la-coronacion-de-la-macarena\/#listItem","position":3,"name":"Sevilla pone su broche de oro al 50 aniversario de la coronaci\u00f3n de La Macarena","previousItem":{"@type":"ListItem","@id":"https:\/\/eldigitaldeasturias.com\/magazine365\/category\/noticias-actualidad\/#listItem","name":"Noticias y Actualidad"}}]},{"@type":"Organization","@id":"https:\/\/eldigitaldeasturias.com\/magazine365\/#organization","name":"El digital de Asturias","description":"Revista de ocio, turismo y estilo de vida","url":"https:\/\/eldigitaldeasturias.com\/magazine365\/","logo":{"@type":"ImageObject","url":"https:\/\/www.eldigitaldeasturias.com\/noticias\/wp-content\/uploads\/2020\/12\/EDA.jpg","@id":"https:\/\/eldigitaldeasturias.com\/magazine365\/sevilla-pone-su-broche-de-oro-al-50-aniversario-de-la-coronacion-de-la-macarena\/#organizationLogo"},"image":{"@id":"https:\/\/eldigitaldeasturias.com\/magazine365\/sevilla-pone-su-broche-de-oro-al-50-aniversario-de-la-coronacion-de-la-macarena\/#organizationLogo"}},{"@type":"Person","@id":"https:\/\/eldigitaldeasturias.com\/magazine365\/author\/admin\/#author","url":"https:\/\/eldigitaldeasturias.com\/magazine365\/author\/admin\/","name":"admin","image":{"@type":"ImageObject","@id":"https:\/\/eldigitaldeasturias.com\/magazine365\/sevilla-pone-su-broche-de-oro-al-50-aniversario-de-la-coronacion-de-la-macarena\/#authorImage","url":"https:\/\/eldigitaldeasturias.com\/magazine365\/wp-content\/litespeed\/avatar\/e571bcf59a0edd6fa6838245a470f2fe.jpg?ver=1777574230","width":96,"height":96,"caption":"admin"}},{"@type":"WebPage","@id":"https:\/\/eldigitaldeasturias.com\/magazine365\/sevilla-pone-su-broche-de-oro-al-50-aniversario-de-la-coronacion-de-la-macarena\/#webpage","url":"https:\/\/eldigitaldeasturias.com\/magazine365\/sevilla-pone-su-broche-de-oro-al-50-aniversario-de-la-coronacion-de-la-macarena\/","name":"Sevilla pone su broche de oro al 50 aniversario de la coronaci\u00f3n de La Macarena | El Digital de Asturias","description":"Sevilla, 31 may (EFE).- Sevilla ha puesto hoy el broche de oro a los actos de conmemoraci\u00f3n del cincuenta aniversario de la coronaci\u00f3n can\u00f3nica de la Virgen Esperanza Macarena, que hoy han culminado con una misa pontifical presidida por el arzobispo de Sevilla, Juan Jos\u00e9 Asenjo. La Plaza de Espa\u00f1a, en la que se ha","inLanguage":"es-ES","isPartOf":{"@id":"https:\/\/eldigitaldeasturias.com\/magazine365\/#website"},"breadcrumb":{"@id":"https:\/\/eldigitaldeasturias.com\/magazine365\/sevilla-pone-su-broche-de-oro-al-50-aniversario-de-la-coronacion-de-la-macarena\/#breadcrumblist"},"author":{"@id":"https:\/\/eldigitaldeasturias.com\/magazine365\/author\/admin\/#author"},"creator":{"@id":"https:\/\/eldigitaldeasturias.com\/magazine365\/author\/admin\/#author"},"image":{"@type":"ImageObject","url":"https:\/\/eldigitaldeasturias.com\/magazine365\/wp-content\/uploads\/2014\/05\/6321438w.jpg","@id":"https:\/\/eldigitaldeasturias.com\/magazine365\/sevilla-pone-su-broche-de-oro-al-50-aniversario-de-la-coronacion-de-la-macarena\/#mainImage","width":800,"height":533},"primaryImageOfPage":{"@id":"https:\/\/eldigitaldeasturias.com\/magazine365\/sevilla-pone-su-broche-de-oro-al-50-aniversario-de-la-coronacion-de-la-macarena\/#mainImage"},"datePublished":"2014-05-31T23:25:08+02:00","dateModified":"2014-05-31T23:25:08+02:00"},{"@type":"WebSite","@id":"https:\/\/eldigitaldeasturias.com\/magazine365\/#website","url":"https:\/\/eldigitaldeasturias.com\/magazine365\/","name":"El Digital de Asturias","description":"Revista de ocio, turismo y estilo de vida","inLanguage":"es-ES","publisher":{"@id":"https:\/\/eldigitaldeasturias.com\/magazine365\/#organization"}}]},"og:locale":"es_ES","og:site_name":"El Digital de Asturias \u2013 Revista de ocio, turismo y estilo de vida","og:type":"article","og:title":"Sevilla pone su broche de oro al 50 aniversario de la coronaci\u00f3n de La Macarena | El Digital de Asturias","og:description":"Sevilla, 31 may (EFE).- Sevilla ha puesto hoy el broche de oro a los actos de conmemoraci\u00f3n del cincuenta aniversario de la coronaci\u00f3n can\u00f3nica de la Virgen Esperanza Macarena, que hoy han culminado con una misa pontifical presidida por el arzobispo de Sevilla, Juan Jos\u00e9 Asenjo. La Plaza de Espa\u00f1a, en la que se ha","og:url":"https:\/\/eldigitaldeasturias.com\/magazine365\/sevilla-pone-su-broche-de-oro-al-50-aniversario-de-la-coronacion-de-la-macarena\/","og:image":"https:\/\/eldigitaldeasturias.com\/magazine365\/wp-content\/uploads\/2014\/05\/6321438w.jpg","og:image:secure_url":"https:\/\/eldigitaldeasturias.com\/magazine365\/wp-content\/uploads\/2014\/05\/6321438w.jpg","og:image:width":800,"og:image:height":533,"article:published_time":"2014-06-01T01:25:08+00:00","article:modified_time":"2014-06-01T01:25:08+00:00","twitter:card":"summary_large_image","twitter:title":"Sevilla pone su broche de oro al 50 aniversario de la coronaci\u00f3n de La Macarena | El Digital de Asturias","twitter:description":"Sevilla, 31 may (EFE).- Sevilla ha puesto hoy el broche de oro a los actos de conmemoraci\u00f3n del cincuenta aniversario de la coronaci\u00f3n can\u00f3nica de la Virgen Esperanza Macarena, que hoy han culminado con una misa pontifical presidida por el arzobispo de Sevilla, Juan Jos\u00e9 Asenjo. La Plaza de Espa\u00f1a, en la que se ha","twitter:image":"https:\/\/eldigitaldeasturias.com\/magazine365\/wp-content\/uploads\/2014\/05\/6321438w.jpg"},"aioseo_meta_data":{"post_id":"14617","title":null,"description":null,"keywords":null,"keyphrases":null,"primary_term":null,"canonical_url":null,"og_title":null,"og_description":null,"og_object_type":"default","og_image_type":"default","og_image_url":null,"og_image_width":null,"og_image_height":null,"og_image_custom_url":null,"og_image_custom_fields":null,"og_video":null,"og_custom_url":null,"og_article_section":null,"og_article_tags":null,"twitter_use_og":false,"twitter_card":"default","twitter_image_type":"default","twitter_image_url":null,"twitter_image_custom_url":null,"twitter_image_custom_fields":null,"twitter_title":null,"twitter_description":null,"schema":{"blockGraphs":[],"customGraphs":[],"default":{"data":{"Article":[],"Course":[],"Dataset":[],"FAQPage":[],"Movie":[],"Person":[],"Product":[],"ProductReview":[],"Car":[],"Recipe":[],"Service":[],"SoftwareApplication":[],"WebPage":[]},"graphName":"","isEnabled":true},"graphs":[],"defaultGraph":"","defaultPostTypeGraph":""},"schema_type":null,"schema_type_options":null,"pillar_content":false,"robots_default":true,"robots_noindex":false,"robots_noarchive":false,"robots_nosnippet":false,"robots_nofollow":false,"robots_noimageindex":false,"robots_noodp":false,"robots_notranslate":false,"robots_max_snippet":null,"robots_max_videopreview":null,"robots_max_imagepreview":"large","priority":null,"frequency":null,"location":null,"local_seo":null,"seo_analyzer_scan_date":"2025-09-17 10:27:59","breadcrumb_settings":null,"limit_modified_date":false,"open_ai":null,"ai":null,"created":"2021-03-09 08:11:40","updated":"2025-09-17 10:27:59"},"aioseo_breadcrumb":"<div class=\"aioseo-breadcrumbs\"><span class=\"aioseo-breadcrumb\">\n\t<a href=\"https:\/\/eldigitaldeasturias.com\/magazine365\" title=\"Home\">Home<\/a>\n<\/span><span class=\"aioseo-breadcrumb-separator\">\u2013<\/span><span class=\"aioseo-breadcrumb\">\n\t<a href=\"https:\/\/eldigitaldeasturias.com\/magazine365\/category\/noticias-actualidad\/\" title=\"Noticias y Actualidad\">Noticias y Actualidad<\/a>\n<\/span><span class=\"aioseo-breadcrumb-separator\">\u2013<\/span><span class=\"aioseo-breadcrumb\">\n\t<a href=\"https:\/\/eldigitaldeasturias.com\/magazine365\/sevilla-pone-su-broche-de-oro-al-50-aniversario-de-la-coronacion-de-la-macarena\/\" title=\"Sevilla pone su broche de oro al 50 aniversario de la coronaci\u00f3n de La Macarena\">Sevilla pone su broche de oro al 50 aniversario de la coronaci\u00f3n de La Macarena<\/a>\n<\/span><\/div>","aioseo_breadcrumb_json":[{"label":"Home","link":"https:\/\/eldigitaldeasturias.com\/magazine365"},{"label":"Noticias y Actualidad","link":"https:\/\/eldigitaldeasturias.com\/magazine365\/category\/noticias-actualidad\/"},{"label":"Sevilla pone su broche de oro al 50 aniversario de la coronaci\u00f3n de La Macarena","link":"https:\/\/eldigitaldeasturias.com\/magazine365\/sevilla-pone-su-broche-de-oro-al-50-aniversario-de-la-coronacion-de-la-macarena\/"}],"_links":{"self":[{"href":"https:\/\/eldigitaldeasturias.com\/magazine365\/wp-json\/wp\/v2\/posts\/14617","targetHints":{"allow":["GET"]}}],"collection":[{"href":"https:\/\/eldigitaldeasturias.com\/magazine365\/wp-json\/wp\/v2\/posts"}],"about":[{"href":"https:\/\/eldigitaldeasturias.com\/magazine365\/wp-json\/wp\/v2\/types\/post"}],"author":[{"embeddable":true,"href":"https:\/\/eldigitaldeasturias.com\/magazine365\/wp-json\/wp\/v2\/users\/1"}],"replies":[{"embeddable":true,"href":"https:\/\/eldigitaldeasturias.com\/magazine365\/wp-json\/wp\/v2\/comments?post=14617"}],"version-history":[{"count":0,"href":"https:\/\/eldigitaldeasturias.com\/magazine365\/wp-json\/wp\/v2\/posts\/14617\/revisions"}],"wp:featuredmedia":[{"embeddable":true,"href":"https:\/\/eldigitaldeasturias.com\/magazine365\/wp-json\/wp\/v2\/media\/14618"}],"wp:attachment":[{"href":"https:\/\/eldigitaldeasturias.com\/magazine365\/wp-json\/wp\/v2\/media?parent=14617"}],"wp:term":[{"taxonomy":"category","embeddable":true,"href":"https:\/\/eldigitaldeasturias.com\/magazine365\/wp-json\/wp\/v2\/categories?post=14617"},{"taxonomy":"post_tag","embeddable":true,"href":"https:\/\/eldigitaldeasturias.com\/magazine365\/wp-json\/wp\/v2\/tags?post=14617"}],"curies":[{"name":"wp","href":"https:\/\/api.w.org\/{rel}","templated":true}]}}