{"id":14608,"date":"2014-05-31T23:20:02","date_gmt":"2014-06-01T01:20:02","guid":{"rendered":"http:\/\/eldigitaldeasturias.com\/magazine365\/?p=14608"},"modified":"2014-05-31T23:20:22","modified_gmt":"2014-06-01T01:20:22","slug":"conchita-wurst-reclama-que-haya-ya-igualdad-de-derechos-para-los-homosexuales","status":"publish","type":"post","link":"https:\/\/eldigitaldeasturias.com\/magazine365\/conchita-wurst-reclama-que-haya-ya-igualdad-de-derechos-para-los-homosexuales\/","title":{"rendered":"Conchita Wurst reclama que haya ya igualdad de derechos para los homosexuales"},"content":{"rendered":"<p><img fetchpriority=\"high\" decoding=\"async\" class=\"alignleft size-medium wp-image-14609\" alt=\"6321304w\" src=\"https:\/\/eldigitaldeasturias.com\/magazine365\/wp-content\/uploads\/2014\/05\/6321304w-360x219.jpg\" width=\"360\" height=\"219\" \/>Viena, 31 may (EFE).- La cantante austr\u00edaca Conchita Wurst, ganadora del festival de Eurovisi\u00f3n, ha denunciado hoy que se est\u00e9 retrasando \u00abtanto\u00bb la equiparaci\u00f3n de derechos de los homosexuales e insisti\u00f3 en que su triunfo alimenta la tolerancia y el respeto.<\/p>\n<p>\u00abNo entiendo por qu\u00e9 a\u00fan no se ha producido la equiparaci\u00f3n absoluta y por qu\u00e9 est\u00e1 tardando tanto\u00bb, se\u00f1al\u00f3 Wurst, el alter ego art\u00edstico del cantante Tom Neuwirth en declaraciones a la radio p\u00fablica austr\u00edaca ORF.<\/p>\n<p>La barbuda cantante asegur\u00f3 que est\u00e1 impaciente y que no necesita ning\u00fan debate pol\u00edtico en su pa\u00eds, \u00absino una decisi\u00f3n\u00bb.<\/p>\n<p>Tras el triunfo en Eurovisi\u00f3n, Conchita Wurst ha sido elevada a la categor\u00eda de hero\u00edna nacional y ha sido felicitada como tal por el Gobierno, los medios e incluso la Iglesia cat\u00f3lica de Austria.<\/p>\n<p>De hecho, el partido socialdem\u00f3crata, que forma Gobierno junto al Partido Popular austr\u00edaco, ha usado la fama de la artista para reclamar a su socio que se den pasos en direcci\u00f3n al matrimonio homosexual y la equiparaci\u00f3n de derechos.<\/p>\n<p>Wurst asegur\u00f3 que no se siente \u00abinstrumentalizada\u00bb por esa estrategia de los socialdem\u00f3cratas, aunque asegur\u00f3 que no est\u00e1 comprometida pol\u00edticamente.<\/p>\n<p>Sobre el aparente aumento de la tolerancia sobre la identidad sexual en su pa\u00eds, reconoci\u00f3 que no es tan ingenua como para no saber que parte de esa ola de respeto puede ser fingida.<\/p>\n<p>\u00abSi hay gente que est\u00e1 obligada ahora a ser tolerante hacia afuera, sin quiz\u00e1s ni siquiera serlo, no es para m\u00ed, por supuesto, el mejor resultado final pero s\u00ed un gran paso en la direcci\u00f3n correcta\u00bb, analiz\u00f3.<\/p>\n<p>Conchita Wurst, que hoy actuar\u00e1 en el Life Ball de Viena, una de la mayores galas ben\u00e9ficas del mundo en la lucha contra el sida, insisti\u00f3 en separar el personaje con la persona.<\/p>\n<p>\u00abCuando quiero publico y atenci\u00f3n es Conchita, y si no es Tom\u00bb, explic\u00f3.<\/p>\n","protected":false},"excerpt":{"rendered":"<p>Viena, 31 may (EFE).- La cantante austr\u00edaca Conchita Wurst, ganadora del festival de Eurovisi\u00f3n, ha denunciado hoy que se est\u00e9 retrasando \u00abtanto\u00bb la equiparaci\u00f3n de derechos de los homosexuales e insisti\u00f3 en que su triunfo alimenta la tolerancia y el respeto. \u00abNo entiendo por qu\u00e9 a\u00fan no se ha producido la equiparaci\u00f3n absoluta y por<\/p>\n","protected":false},"author":1,"featured_media":14609,"comment_status":"open","ping_status":"closed","sticky":false,"template":"","format":"standard","meta":{"footnotes":""},"categories":[224],"tags":[],"class_list":{"0":"post-14608","1":"post","2":"type-post","3":"status-publish","4":"format-standard","5":"has-post-thumbnail","7":"category-noticias-actualidad"},"aioseo_notices":[],"aioseo_head":"\n\t\t<!-- All in One SEO Pro 4.9.6.1 - aioseo.com -->\n\t<meta name=\"description\" content=\"Viena, 31 may (EFE).- La cantante austr\u00edaca Conchita Wurst, ganadora del festival de Eurovisi\u00f3n, ha denunciado hoy que se est\u00e9 retrasando &quot;tanto&quot; la equiparaci\u00f3n de derechos de los homosexuales e insisti\u00f3 en que su triunfo alimenta la tolerancia y el respeto. &quot;No entiendo por qu\u00e9 a\u00fan no se ha producido la equiparaci\u00f3n absoluta y por\" \/>\n\t<meta name=\"robots\" content=\"max-image-preview:large\" \/>\n\t<meta name=\"author\" content=\"admin\"\/>\n\t<meta name=\"google-site-verification\" content=\"UA-38556648-1\" \/>\n\t<meta name=\"keywords\" content=\"noticias y actualidad\" \/>\n\t<link rel=\"canonical\" href=\"https:\/\/eldigitaldeasturias.com\/magazine365\/conchita-wurst-reclama-que-haya-ya-igualdad-de-derechos-para-los-homosexuales\/\" \/>\n\t<meta name=\"generator\" content=\"All in One SEO Pro (AIOSEO) 4.9.6.1\" \/>\n\t\t<meta property=\"og:locale\" content=\"es_ES\" \/>\n\t\t<meta property=\"og:site_name\" content=\"El Digital de Asturias \u2013 Revista de ocio, turismo y estilo de vida\" \/>\n\t\t<meta property=\"og:type\" content=\"article\" \/>\n\t\t<meta property=\"og:title\" content=\"Conchita Wurst reclama que haya ya igualdad de derechos para los homosexuales | El Digital de Asturias\" \/>\n\t\t<meta property=\"og:description\" content=\"Viena, 31 may (EFE).- La cantante austr\u00edaca Conchita Wurst, ganadora del festival de Eurovisi\u00f3n, ha denunciado hoy que se est\u00e9 retrasando &quot;tanto&quot; la equiparaci\u00f3n de derechos de los homosexuales e insisti\u00f3 en que su triunfo alimenta la tolerancia y el respeto. &quot;No entiendo por qu\u00e9 a\u00fan no se ha producido la equiparaci\u00f3n absoluta y por\" \/>\n\t\t<meta property=\"og:url\" content=\"https:\/\/eldigitaldeasturias.com\/magazine365\/conchita-wurst-reclama-que-haya-ya-igualdad-de-derechos-para-los-homosexuales\/\" \/>\n\t\t<meta property=\"og:image\" content=\"https:\/\/eldigitaldeasturias.com\/magazine365\/wp-content\/uploads\/2014\/05\/6321304w.jpg\" \/>\n\t\t<meta property=\"og:image:secure_url\" content=\"https:\/\/eldigitaldeasturias.com\/magazine365\/wp-content\/uploads\/2014\/05\/6321304w.jpg\" \/>\n\t\t<meta property=\"og:image:width\" content=\"800\" \/>\n\t\t<meta property=\"og:image:height\" content=\"488\" \/>\n\t\t<meta property=\"article:published_time\" content=\"2014-06-01T01:20:02+00:00\" \/>\n\t\t<meta property=\"article:modified_time\" content=\"2014-06-01T01:20:22+00:00\" \/>\n\t\t<meta name=\"twitter:card\" content=\"summary_large_image\" \/>\n\t\t<meta name=\"twitter:title\" content=\"Conchita Wurst reclama que haya ya igualdad de derechos para los homosexuales | El Digital de Asturias\" \/>\n\t\t<meta name=\"twitter:description\" content=\"Viena, 31 may (EFE).- La cantante austr\u00edaca Conchita Wurst, ganadora del festival de Eurovisi\u00f3n, ha denunciado hoy que se est\u00e9 retrasando &quot;tanto&quot; la equiparaci\u00f3n de derechos de los homosexuales e insisti\u00f3 en que su triunfo alimenta la tolerancia y el respeto. &quot;No entiendo por qu\u00e9 a\u00fan no se ha producido la equiparaci\u00f3n absoluta y por\" \/>\n\t\t<meta name=\"twitter:image\" content=\"https:\/\/eldigitaldeasturias.com\/magazine365\/wp-content\/uploads\/2014\/05\/6321304w.jpg\" \/>\n\t\t<script type=\"application\/ld+json\" class=\"aioseo-schema\">\n\t\t\t{\"@context\":\"https:\\\/\\\/schema.org\",\"@graph\":[{\"@type\":\"Article\",\"@id\":\"https:\\\/\\\/eldigitaldeasturias.com\\\/magazine365\\\/conchita-wurst-reclama-que-haya-ya-igualdad-de-derechos-para-los-homosexuales\\\/#article\",\"name\":\"Conchita Wurst reclama que haya ya igualdad de derechos para los homosexuales | El Digital de Asturias\",\"headline\":\"Conchita Wurst reclama que haya ya igualdad de derechos para los homosexuales\",\"author\":{\"@id\":\"https:\\\/\\\/eldigitaldeasturias.com\\\/magazine365\\\/author\\\/admin\\\/#author\"},\"publisher\":{\"@id\":\"https:\\\/\\\/eldigitaldeasturias.com\\\/magazine365\\\/#organization\"},\"image\":{\"@type\":\"ImageObject\",\"url\":\"https:\\\/\\\/eldigitaldeasturias.com\\\/magazine365\\\/wp-content\\\/uploads\\\/2014\\\/05\\\/6321304w.jpg\",\"width\":800,\"height\":488},\"datePublished\":\"2014-05-31T23:20:02+02:00\",\"dateModified\":\"2014-05-31T23:20:22+02:00\",\"inLanguage\":\"es-ES\",\"mainEntityOfPage\":{\"@id\":\"https:\\\/\\\/eldigitaldeasturias.com\\\/magazine365\\\/conchita-wurst-reclama-que-haya-ya-igualdad-de-derechos-para-los-homosexuales\\\/#webpage\"},\"isPartOf\":{\"@id\":\"https:\\\/\\\/eldigitaldeasturias.com\\\/magazine365\\\/conchita-wurst-reclama-que-haya-ya-igualdad-de-derechos-para-los-homosexuales\\\/#webpage\"},\"articleSection\":\"Noticias y Actualidad\"},{\"@type\":\"BreadcrumbList\",\"@id\":\"https:\\\/\\\/eldigitaldeasturias.com\\\/magazine365\\\/conchita-wurst-reclama-que-haya-ya-igualdad-de-derechos-para-los-homosexuales\\\/#breadcrumblist\",\"itemListElement\":[{\"@type\":\"ListItem\",\"@id\":\"https:\\\/\\\/eldigitaldeasturias.com\\\/magazine365#listItem\",\"position\":1,\"name\":\"Home\",\"item\":\"https:\\\/\\\/eldigitaldeasturias.com\\\/magazine365\",\"nextItem\":{\"@type\":\"ListItem\",\"@id\":\"https:\\\/\\\/eldigitaldeasturias.com\\\/magazine365\\\/category\\\/noticias-actualidad\\\/#listItem\",\"name\":\"Noticias y Actualidad\"}},{\"@type\":\"ListItem\",\"@id\":\"https:\\\/\\\/eldigitaldeasturias.com\\\/magazine365\\\/category\\\/noticias-actualidad\\\/#listItem\",\"position\":2,\"name\":\"Noticias y Actualidad\",\"item\":\"https:\\\/\\\/eldigitaldeasturias.com\\\/magazine365\\\/category\\\/noticias-actualidad\\\/\",\"nextItem\":{\"@type\":\"ListItem\",\"@id\":\"https:\\\/\\\/eldigitaldeasturias.com\\\/magazine365\\\/conchita-wurst-reclama-que-haya-ya-igualdad-de-derechos-para-los-homosexuales\\\/#listItem\",\"name\":\"Conchita Wurst reclama que haya ya igualdad de derechos para los homosexuales\"},\"previousItem\":{\"@type\":\"ListItem\",\"@id\":\"https:\\\/\\\/eldigitaldeasturias.com\\\/magazine365#listItem\",\"name\":\"Home\"}},{\"@type\":\"ListItem\",\"@id\":\"https:\\\/\\\/eldigitaldeasturias.com\\\/magazine365\\\/conchita-wurst-reclama-que-haya-ya-igualdad-de-derechos-para-los-homosexuales\\\/#listItem\",\"position\":3,\"name\":\"Conchita Wurst reclama que haya ya igualdad de derechos para los homosexuales\",\"previousItem\":{\"@type\":\"ListItem\",\"@id\":\"https:\\\/\\\/eldigitaldeasturias.com\\\/magazine365\\\/category\\\/noticias-actualidad\\\/#listItem\",\"name\":\"Noticias y Actualidad\"}}]},{\"@type\":\"Organization\",\"@id\":\"https:\\\/\\\/eldigitaldeasturias.com\\\/magazine365\\\/#organization\",\"name\":\"El digital de Asturias\",\"description\":\"Revista de ocio, turismo y estilo de vida\",\"url\":\"https:\\\/\\\/eldigitaldeasturias.com\\\/magazine365\\\/\",\"logo\":{\"@type\":\"ImageObject\",\"url\":\"https:\\\/\\\/www.eldigitaldeasturias.com\\\/noticias\\\/wp-content\\\/uploads\\\/2020\\\/12\\\/EDA.jpg\",\"@id\":\"https:\\\/\\\/eldigitaldeasturias.com\\\/magazine365\\\/conchita-wurst-reclama-que-haya-ya-igualdad-de-derechos-para-los-homosexuales\\\/#organizationLogo\"},\"image\":{\"@id\":\"https:\\\/\\\/eldigitaldeasturias.com\\\/magazine365\\\/conchita-wurst-reclama-que-haya-ya-igualdad-de-derechos-para-los-homosexuales\\\/#organizationLogo\"}},{\"@type\":\"Person\",\"@id\":\"https:\\\/\\\/eldigitaldeasturias.com\\\/magazine365\\\/author\\\/admin\\\/#author\",\"url\":\"https:\\\/\\\/eldigitaldeasturias.com\\\/magazine365\\\/author\\\/admin\\\/\",\"name\":\"admin\",\"image\":{\"@type\":\"ImageObject\",\"@id\":\"https:\\\/\\\/eldigitaldeasturias.com\\\/magazine365\\\/conchita-wurst-reclama-que-haya-ya-igualdad-de-derechos-para-los-homosexuales\\\/#authorImage\",\"url\":\"https:\\\/\\\/eldigitaldeasturias.com\\\/magazine365\\\/wp-content\\\/litespeed\\\/avatar\\\/e571bcf59a0edd6fa6838245a470f2fe.jpg?ver=1777574230\",\"width\":96,\"height\":96,\"caption\":\"admin\"}},{\"@type\":\"WebPage\",\"@id\":\"https:\\\/\\\/eldigitaldeasturias.com\\\/magazine365\\\/conchita-wurst-reclama-que-haya-ya-igualdad-de-derechos-para-los-homosexuales\\\/#webpage\",\"url\":\"https:\\\/\\\/eldigitaldeasturias.com\\\/magazine365\\\/conchita-wurst-reclama-que-haya-ya-igualdad-de-derechos-para-los-homosexuales\\\/\",\"name\":\"Conchita Wurst reclama que haya ya igualdad de derechos para los homosexuales | El Digital de Asturias\",\"description\":\"Viena, 31 may (EFE).- La cantante austr\\u00edaca Conchita Wurst, ganadora del festival de Eurovisi\\u00f3n, ha denunciado hoy que se est\\u00e9 retrasando \\\"tanto\\\" la equiparaci\\u00f3n de derechos de los homosexuales e insisti\\u00f3 en que su triunfo alimenta la tolerancia y el respeto. \\\"No entiendo por qu\\u00e9 a\\u00fan no se ha producido la equiparaci\\u00f3n absoluta y por\",\"inLanguage\":\"es-ES\",\"isPartOf\":{\"@id\":\"https:\\\/\\\/eldigitaldeasturias.com\\\/magazine365\\\/#website\"},\"breadcrumb\":{\"@id\":\"https:\\\/\\\/eldigitaldeasturias.com\\\/magazine365\\\/conchita-wurst-reclama-que-haya-ya-igualdad-de-derechos-para-los-homosexuales\\\/#breadcrumblist\"},\"author\":{\"@id\":\"https:\\\/\\\/eldigitaldeasturias.com\\\/magazine365\\\/author\\\/admin\\\/#author\"},\"creator\":{\"@id\":\"https:\\\/\\\/eldigitaldeasturias.com\\\/magazine365\\\/author\\\/admin\\\/#author\"},\"image\":{\"@type\":\"ImageObject\",\"url\":\"https:\\\/\\\/eldigitaldeasturias.com\\\/magazine365\\\/wp-content\\\/uploads\\\/2014\\\/05\\\/6321304w.jpg\",\"@id\":\"https:\\\/\\\/eldigitaldeasturias.com\\\/magazine365\\\/conchita-wurst-reclama-que-haya-ya-igualdad-de-derechos-para-los-homosexuales\\\/#mainImage\",\"width\":800,\"height\":488},\"primaryImageOfPage\":{\"@id\":\"https:\\\/\\\/eldigitaldeasturias.com\\\/magazine365\\\/conchita-wurst-reclama-que-haya-ya-igualdad-de-derechos-para-los-homosexuales\\\/#mainImage\"},\"datePublished\":\"2014-05-31T23:20:02+02:00\",\"dateModified\":\"2014-05-31T23:20:22+02:00\"},{\"@type\":\"WebSite\",\"@id\":\"https:\\\/\\\/eldigitaldeasturias.com\\\/magazine365\\\/#website\",\"url\":\"https:\\\/\\\/eldigitaldeasturias.com\\\/magazine365\\\/\",\"name\":\"El Digital de Asturias\",\"description\":\"Revista de ocio, turismo y estilo de vida\",\"inLanguage\":\"es-ES\",\"publisher\":{\"@id\":\"https:\\\/\\\/eldigitaldeasturias.com\\\/magazine365\\\/#organization\"}}]}\n\t\t<\/script>\n\t\t<!-- All in One SEO Pro -->\r\n\t\t<title>Conchita Wurst reclama que haya ya igualdad de derechos para los homosexuales | El Digital de Asturias<\/title>\n\n","aioseo_head_json":{"title":"Conchita Wurst reclama que haya ya igualdad de derechos para los homosexuales | El Digital de Asturias","description":"Viena, 31 may (EFE).- La cantante austr\u00edaca Conchita Wurst, ganadora del festival de Eurovisi\u00f3n, ha denunciado hoy que se est\u00e9 retrasando \"tanto\" la equiparaci\u00f3n de derechos de los homosexuales e insisti\u00f3 en que su triunfo alimenta la tolerancia y el respeto. \"No entiendo por qu\u00e9 a\u00fan no se ha producido la equiparaci\u00f3n absoluta y por","canonical_url":"https:\/\/eldigitaldeasturias.com\/magazine365\/conchita-wurst-reclama-que-haya-ya-igualdad-de-derechos-para-los-homosexuales\/","robots":"max-image-preview:large","keywords":"noticias y actualidad","webmasterTools":{"google-site-verification":"UA-38556648-1","miscellaneous":""},"schema":{"@context":"https:\/\/schema.org","@graph":[{"@type":"Article","@id":"https:\/\/eldigitaldeasturias.com\/magazine365\/conchita-wurst-reclama-que-haya-ya-igualdad-de-derechos-para-los-homosexuales\/#article","name":"Conchita Wurst reclama que haya ya igualdad de derechos para los homosexuales | El Digital de Asturias","headline":"Conchita Wurst reclama que haya ya igualdad de derechos para los homosexuales","author":{"@id":"https:\/\/eldigitaldeasturias.com\/magazine365\/author\/admin\/#author"},"publisher":{"@id":"https:\/\/eldigitaldeasturias.com\/magazine365\/#organization"},"image":{"@type":"ImageObject","url":"https:\/\/eldigitaldeasturias.com\/magazine365\/wp-content\/uploads\/2014\/05\/6321304w.jpg","width":800,"height":488},"datePublished":"2014-05-31T23:20:02+02:00","dateModified":"2014-05-31T23:20:22+02:00","inLanguage":"es-ES","mainEntityOfPage":{"@id":"https:\/\/eldigitaldeasturias.com\/magazine365\/conchita-wurst-reclama-que-haya-ya-igualdad-de-derechos-para-los-homosexuales\/#webpage"},"isPartOf":{"@id":"https:\/\/eldigitaldeasturias.com\/magazine365\/conchita-wurst-reclama-que-haya-ya-igualdad-de-derechos-para-los-homosexuales\/#webpage"},"articleSection":"Noticias y Actualidad"},{"@type":"BreadcrumbList","@id":"https:\/\/eldigitaldeasturias.com\/magazine365\/conchita-wurst-reclama-que-haya-ya-igualdad-de-derechos-para-los-homosexuales\/#breadcrumblist","itemListElement":[{"@type":"ListItem","@id":"https:\/\/eldigitaldeasturias.com\/magazine365#listItem","position":1,"name":"Home","item":"https:\/\/eldigitaldeasturias.com\/magazine365","nextItem":{"@type":"ListItem","@id":"https:\/\/eldigitaldeasturias.com\/magazine365\/category\/noticias-actualidad\/#listItem","name":"Noticias y Actualidad"}},{"@type":"ListItem","@id":"https:\/\/eldigitaldeasturias.com\/magazine365\/category\/noticias-actualidad\/#listItem","position":2,"name":"Noticias y Actualidad","item":"https:\/\/eldigitaldeasturias.com\/magazine365\/category\/noticias-actualidad\/","nextItem":{"@type":"ListItem","@id":"https:\/\/eldigitaldeasturias.com\/magazine365\/conchita-wurst-reclama-que-haya-ya-igualdad-de-derechos-para-los-homosexuales\/#listItem","name":"Conchita Wurst reclama que haya ya igualdad de derechos para los homosexuales"},"previousItem":{"@type":"ListItem","@id":"https:\/\/eldigitaldeasturias.com\/magazine365#listItem","name":"Home"}},{"@type":"ListItem","@id":"https:\/\/eldigitaldeasturias.com\/magazine365\/conchita-wurst-reclama-que-haya-ya-igualdad-de-derechos-para-los-homosexuales\/#listItem","position":3,"name":"Conchita Wurst reclama que haya ya igualdad de derechos para los homosexuales","previousItem":{"@type":"ListItem","@id":"https:\/\/eldigitaldeasturias.com\/magazine365\/category\/noticias-actualidad\/#listItem","name":"Noticias y Actualidad"}}]},{"@type":"Organization","@id":"https:\/\/eldigitaldeasturias.com\/magazine365\/#organization","name":"El digital de Asturias","description":"Revista de ocio, turismo y estilo de vida","url":"https:\/\/eldigitaldeasturias.com\/magazine365\/","logo":{"@type":"ImageObject","url":"https:\/\/www.eldigitaldeasturias.com\/noticias\/wp-content\/uploads\/2020\/12\/EDA.jpg","@id":"https:\/\/eldigitaldeasturias.com\/magazine365\/conchita-wurst-reclama-que-haya-ya-igualdad-de-derechos-para-los-homosexuales\/#organizationLogo"},"image":{"@id":"https:\/\/eldigitaldeasturias.com\/magazine365\/conchita-wurst-reclama-que-haya-ya-igualdad-de-derechos-para-los-homosexuales\/#organizationLogo"}},{"@type":"Person","@id":"https:\/\/eldigitaldeasturias.com\/magazine365\/author\/admin\/#author","url":"https:\/\/eldigitaldeasturias.com\/magazine365\/author\/admin\/","name":"admin","image":{"@type":"ImageObject","@id":"https:\/\/eldigitaldeasturias.com\/magazine365\/conchita-wurst-reclama-que-haya-ya-igualdad-de-derechos-para-los-homosexuales\/#authorImage","url":"https:\/\/eldigitaldeasturias.com\/magazine365\/wp-content\/litespeed\/avatar\/e571bcf59a0edd6fa6838245a470f2fe.jpg?ver=1777574230","width":96,"height":96,"caption":"admin"}},{"@type":"WebPage","@id":"https:\/\/eldigitaldeasturias.com\/magazine365\/conchita-wurst-reclama-que-haya-ya-igualdad-de-derechos-para-los-homosexuales\/#webpage","url":"https:\/\/eldigitaldeasturias.com\/magazine365\/conchita-wurst-reclama-que-haya-ya-igualdad-de-derechos-para-los-homosexuales\/","name":"Conchita Wurst reclama que haya ya igualdad de derechos para los homosexuales | El Digital de Asturias","description":"Viena, 31 may (EFE).- La cantante austr\u00edaca Conchita Wurst, ganadora del festival de Eurovisi\u00f3n, ha denunciado hoy que se est\u00e9 retrasando \"tanto\" la equiparaci\u00f3n de derechos de los homosexuales e insisti\u00f3 en que su triunfo alimenta la tolerancia y el respeto. \"No entiendo por qu\u00e9 a\u00fan no se ha producido la equiparaci\u00f3n absoluta y por","inLanguage":"es-ES","isPartOf":{"@id":"https:\/\/eldigitaldeasturias.com\/magazine365\/#website"},"breadcrumb":{"@id":"https:\/\/eldigitaldeasturias.com\/magazine365\/conchita-wurst-reclama-que-haya-ya-igualdad-de-derechos-para-los-homosexuales\/#breadcrumblist"},"author":{"@id":"https:\/\/eldigitaldeasturias.com\/magazine365\/author\/admin\/#author"},"creator":{"@id":"https:\/\/eldigitaldeasturias.com\/magazine365\/author\/admin\/#author"},"image":{"@type":"ImageObject","url":"https:\/\/eldigitaldeasturias.com\/magazine365\/wp-content\/uploads\/2014\/05\/6321304w.jpg","@id":"https:\/\/eldigitaldeasturias.com\/magazine365\/conchita-wurst-reclama-que-haya-ya-igualdad-de-derechos-para-los-homosexuales\/#mainImage","width":800,"height":488},"primaryImageOfPage":{"@id":"https:\/\/eldigitaldeasturias.com\/magazine365\/conchita-wurst-reclama-que-haya-ya-igualdad-de-derechos-para-los-homosexuales\/#mainImage"},"datePublished":"2014-05-31T23:20:02+02:00","dateModified":"2014-05-31T23:20:22+02:00"},{"@type":"WebSite","@id":"https:\/\/eldigitaldeasturias.com\/magazine365\/#website","url":"https:\/\/eldigitaldeasturias.com\/magazine365\/","name":"El Digital de Asturias","description":"Revista de ocio, turismo y estilo de vida","inLanguage":"es-ES","publisher":{"@id":"https:\/\/eldigitaldeasturias.com\/magazine365\/#organization"}}]},"og:locale":"es_ES","og:site_name":"El Digital de Asturias \u2013 Revista de ocio, turismo y estilo de vida","og:type":"article","og:title":"Conchita Wurst reclama que haya ya igualdad de derechos para los homosexuales | El Digital de Asturias","og:description":"Viena, 31 may (EFE).- La cantante austr\u00edaca Conchita Wurst, ganadora del festival de Eurovisi\u00f3n, ha denunciado hoy que se est\u00e9 retrasando &quot;tanto&quot; la equiparaci\u00f3n de derechos de los homosexuales e insisti\u00f3 en que su triunfo alimenta la tolerancia y el respeto. &quot;No entiendo por qu\u00e9 a\u00fan no se ha producido la equiparaci\u00f3n absoluta y por","og:url":"https:\/\/eldigitaldeasturias.com\/magazine365\/conchita-wurst-reclama-que-haya-ya-igualdad-de-derechos-para-los-homosexuales\/","og:image":"https:\/\/eldigitaldeasturias.com\/magazine365\/wp-content\/uploads\/2014\/05\/6321304w.jpg","og:image:secure_url":"https:\/\/eldigitaldeasturias.com\/magazine365\/wp-content\/uploads\/2014\/05\/6321304w.jpg","og:image:width":800,"og:image:height":488,"article:published_time":"2014-06-01T01:20:02+00:00","article:modified_time":"2014-06-01T01:20:22+00:00","twitter:card":"summary_large_image","twitter:title":"Conchita Wurst reclama que haya ya igualdad de derechos para los homosexuales | El Digital de Asturias","twitter:description":"Viena, 31 may (EFE).- La cantante austr\u00edaca Conchita Wurst, ganadora del festival de Eurovisi\u00f3n, ha denunciado hoy que se est\u00e9 retrasando &quot;tanto&quot; la equiparaci\u00f3n de derechos de los homosexuales e insisti\u00f3 en que su triunfo alimenta la tolerancia y el respeto. &quot;No entiendo por qu\u00e9 a\u00fan no se ha producido la equiparaci\u00f3n absoluta y por","twitter:image":"https:\/\/eldigitaldeasturias.com\/magazine365\/wp-content\/uploads\/2014\/05\/6321304w.jpg"},"aioseo_meta_data":{"post_id":"14608","title":null,"description":null,"keywords":null,"keyphrases":null,"primary_term":null,"canonical_url":null,"og_title":null,"og_description":null,"og_object_type":"default","og_image_type":"default","og_image_url":null,"og_image_width":null,"og_image_height":null,"og_image_custom_url":null,"og_image_custom_fields":null,"og_video":null,"og_custom_url":null,"og_article_section":null,"og_article_tags":null,"twitter_use_og":false,"twitter_card":"default","twitter_image_type":"default","twitter_image_url":null,"twitter_image_custom_url":null,"twitter_image_custom_fields":null,"twitter_title":null,"twitter_description":null,"schema":{"blockGraphs":[],"customGraphs":[],"default":{"data":{"Article":[],"Course":[],"Dataset":[],"FAQPage":[],"Movie":[],"Person":[],"Product":[],"ProductReview":[],"Car":[],"Recipe":[],"Service":[],"SoftwareApplication":[],"WebPage":[]},"graphName":"","isEnabled":true},"graphs":[],"defaultGraph":"","defaultPostTypeGraph":""},"schema_type":null,"schema_type_options":null,"pillar_content":false,"robots_default":true,"robots_noindex":false,"robots_noarchive":false,"robots_nosnippet":false,"robots_nofollow":false,"robots_noimageindex":false,"robots_noodp":false,"robots_notranslate":false,"robots_max_snippet":null,"robots_max_videopreview":null,"robots_max_imagepreview":"large","priority":null,"frequency":null,"location":null,"local_seo":null,"seo_analyzer_scan_date":"2025-09-17 10:26:22","breadcrumb_settings":null,"limit_modified_date":false,"open_ai":null,"ai":null,"created":"2021-03-09 08:13:17","updated":"2025-09-17 10:26:22"},"aioseo_breadcrumb":"<div class=\"aioseo-breadcrumbs\"><span class=\"aioseo-breadcrumb\">\n\t<a href=\"https:\/\/eldigitaldeasturias.com\/magazine365\" title=\"Home\">Home<\/a>\n<\/span><span class=\"aioseo-breadcrumb-separator\">\u2013<\/span><span class=\"aioseo-breadcrumb\">\n\t<a href=\"https:\/\/eldigitaldeasturias.com\/magazine365\/category\/noticias-actualidad\/\" title=\"Noticias y Actualidad\">Noticias y Actualidad<\/a>\n<\/span><span class=\"aioseo-breadcrumb-separator\">\u2013<\/span><span class=\"aioseo-breadcrumb\">\n\t<a href=\"https:\/\/eldigitaldeasturias.com\/magazine365\/conchita-wurst-reclama-que-haya-ya-igualdad-de-derechos-para-los-homosexuales\/\" title=\"Conchita Wurst reclama que haya ya igualdad de derechos para los homosexuales\">Conchita Wurst reclama que haya ya igualdad de derechos para los homosexuales<\/a>\n<\/span><\/div>","aioseo_breadcrumb_json":[{"label":"Home","link":"https:\/\/eldigitaldeasturias.com\/magazine365"},{"label":"Noticias y Actualidad","link":"https:\/\/eldigitaldeasturias.com\/magazine365\/category\/noticias-actualidad\/"},{"label":"Conchita Wurst reclama que haya ya igualdad de derechos para los homosexuales","link":"https:\/\/eldigitaldeasturias.com\/magazine365\/conchita-wurst-reclama-que-haya-ya-igualdad-de-derechos-para-los-homosexuales\/"}],"_links":{"self":[{"href":"https:\/\/eldigitaldeasturias.com\/magazine365\/wp-json\/wp\/v2\/posts\/14608","targetHints":{"allow":["GET"]}}],"collection":[{"href":"https:\/\/eldigitaldeasturias.com\/magazine365\/wp-json\/wp\/v2\/posts"}],"about":[{"href":"https:\/\/eldigitaldeasturias.com\/magazine365\/wp-json\/wp\/v2\/types\/post"}],"author":[{"embeddable":true,"href":"https:\/\/eldigitaldeasturias.com\/magazine365\/wp-json\/wp\/v2\/users\/1"}],"replies":[{"embeddable":true,"href":"https:\/\/eldigitaldeasturias.com\/magazine365\/wp-json\/wp\/v2\/comments?post=14608"}],"version-history":[{"count":0,"href":"https:\/\/eldigitaldeasturias.com\/magazine365\/wp-json\/wp\/v2\/posts\/14608\/revisions"}],"wp:featuredmedia":[{"embeddable":true,"href":"https:\/\/eldigitaldeasturias.com\/magazine365\/wp-json\/wp\/v2\/media\/14609"}],"wp:attachment":[{"href":"https:\/\/eldigitaldeasturias.com\/magazine365\/wp-json\/wp\/v2\/media?parent=14608"}],"wp:term":[{"taxonomy":"category","embeddable":true,"href":"https:\/\/eldigitaldeasturias.com\/magazine365\/wp-json\/wp\/v2\/categories?post=14608"},{"taxonomy":"post_tag","embeddable":true,"href":"https:\/\/eldigitaldeasturias.com\/magazine365\/wp-json\/wp\/v2\/tags?post=14608"}],"curies":[{"name":"wp","href":"https:\/\/api.w.org\/{rel}","templated":true}]}}