{"id":14605,"date":"2014-05-31T23:18:49","date_gmt":"2014-06-01T01:18:49","guid":{"rendered":"http:\/\/eldigitaldeasturias.com\/magazine365\/?p=14605"},"modified":"2014-05-31T23:18:49","modified_gmt":"2014-06-01T01:18:49","slug":"dani-garcia-dice-que-el-nivel-creativo-culinario-es-muy-alto-pero-mas-bajo-que-antes","status":"publish","type":"post","link":"https:\/\/eldigitaldeasturias.com\/magazine365\/dani-garcia-dice-que-el-nivel-creativo-culinario-es-muy-alto-pero-mas-bajo-que-antes\/","title":{"rendered":"Dani Garc\u00eda dice que el nivel creativo culinario es muy alto, pero m\u00e1s bajo que antes"},"content":{"rendered":"<p><img fetchpriority=\"high\" decoding=\"async\" class=\"alignleft size-medium wp-image-14606\" alt=\"6321301w\" src=\"https:\/\/eldigitaldeasturias.com\/magazine365\/wp-content\/uploads\/2014\/05\/6321301w-360x239.jpg\" width=\"360\" height=\"239\" \/>M\u00e1laga, 31 may (EFE).- El dos estrellas Michelin Dani Garc\u00eda ha asegurado hoy que el nivel creativo culinario actual \u00abes muy alto, pero m\u00e1s bajo que otros a\u00f1os\u00bb porque \u00abse nota la merma por la falta de Ferran Adri\u00e0, responsable del 95 % de las nuevas t\u00e9cnicas\u00bb que ahora se utilizan.<\/p>\n<p>Garc\u00eda, que abri\u00f3 hace un mes y medio en Marbella (M\u00e1laga) el restaurante gastron\u00f3mico que lleva su nombre y la propuesta m\u00e1s informal de Bibo, ha dicho hoy a Efe que \u00abaunque una crisis hace que la creatividad fluya m\u00e1s, por mucho que queramos darle la espalda al hecho de que Ferran Adri\u00e0 ya no est\u00e9, se nota\u00bb.<\/p>\n<p>El cocinero marbell\u00ed ha presentado hoy en el M\u00e1laga Food&amp;Wine Festival, que se clausura ma\u00f1ana en la capital de la Costa del Sol, el men\u00fa degustaci\u00f3n que ofrece en su nuevo restaurante, \u00abOnce upon a time\u00bb, inspirado en \u00abAlicia en el pa\u00eds de las maravillas\u00bb de Lewis Carroll y que se combina con una propuesta de carta para \u00abdemocratizar la alta cocina\u00bb.<\/p>\n<p>\u00abEn la cocina soy un ni\u00f1o. Mi felicidad es que el comensal capte lo que quiero transmitir y que se divierta y reba\u00f1e el plato\u00bb, ha explicado el chef, que tambi\u00e9n tiene tres soles Repsol, ante un abarrotado auditorio en el Palacio de Ferias y Congresos de M\u00e1laga.<\/p>\n<p>Garc\u00eda ha asegurado a Efe que mantiene \u00abel empe\u00f1o y la ilusi\u00f3n\u00bb con la que comenz\u00f3 hace 20 a\u00f1os en Tragabuches (Ronda, M\u00e1laga), donde logr\u00f3 su primer \u00abbrillo\u00bb, y, aunque haya ganado en \u00abmadurez, experiencia e informaci\u00f3n\u00bb, se sigue \u00abdivirtiendo\u00bb en la cocina e ideando cosas que \u00abparecen surrealistas pero tras las que hay mucho empe\u00f1o y mucho pensamiento\u00bb.<\/p>\n<p>Como la magdalena de zanahoria con papel comestible con la que abre su men\u00fa, \u00abun disparate hasta que te la metes en la boca, donde empieza a ser algo serio, porque se debe dar placer gustativo, no s\u00f3lo te\u00f3rico\u00bb; la gelatina de puchero con caviar de Riofr\u00edo (Granada), y el yogur de foie naranja escabechada y virutas de nata infusionada con anguila ahumada que emulan virutas del sacapuntas.<\/p>\n<p>Su cocina, de ra\u00edces andaluces y malague\u00f1as, se expresa tambi\u00e9n en platos como la nueva versi\u00f3n de uno de sus cl\u00e1sicos, el tomate nitro, esta vez con crema de ceviche y nieve de pipirrana; o el gazpachuelo fr\u00edo, una fusi\u00f3n entre M\u00e1laga y Asia.<\/p>\n<p>Con creaciones como \u00e9stas y las m\u00e1s informales de Bibo, Dani Garc\u00eda est\u00e1 cosechando buenos resultados desde su apertura en el lujoso complejo Puente Romano de Marbella. \u00abEs impresionante y no s\u00e9 a qui\u00e9n le tengo que dar las gracias, pero seguro que a todos los que acuden y a quienes me siguen desde que comenc\u00e9 en Tragabuches\u00bb.<\/p>\n<p>En Bibo, ha a\u00f1adido, ha plasmado las influencias neoyorquinas que recab\u00f3 en su reciente paso por Manzanilla en Nueva York, \u00abtanto en escenograf\u00eda, m\u00fasica y ambiente como en su cocina desenfadada y sin prejuicios\u00bb.<\/p>\n<p>\u00c9xito de comensales pese a la coyuntura econ\u00f3mica que, ha dicho, \u00abha hecho mucho da\u00f1o a la alta cocina por la complejidad para crear grandes proyectos. Ahora hay que apelar m\u00e1s a la creatividad y a impulsar proyectos grandes de coraz\u00f3n, no de estructura, por lo que lugares peque\u00f1os, de tapas, pueden ser el camino\u00bb.<\/p>\n<p>Como uno de los cocineros andaluces m\u00e1s conocidos dentro y fuera del pa\u00eds, ha abogado por ser autocr\u00edtico para lograr m\u00e1s reconocimiento: \u00abTenemos que espabilarnos, por extensi\u00f3n y n\u00famero de restaurantes deber\u00eda haber m\u00e1s estrellas Michelin, pero a lo mejor no estamos haciendo la apuesta correcta\u00bb.<\/p>\n<p>Tambi\u00e9n se ha referido a la situaci\u00f3n de la escuela de hosteler\u00eda La C\u00f3nsula, una de las m\u00e1s prestigiosas de Andaluc\u00eda y donde se han formado grandes chefs como el propio Dani Garc\u00eda, amenazada por la falta de presupuesto.<\/p>\n<p>\u00abDentro de los presupuestos institucionales hay cosas menos importantes que la C\u00f3nsula, por la imagen, el prestigio y el valor que ha aportado a la provincia de M\u00e1laga\u00bb, ha apuntado.<\/p>\n<p>&nbsp;<\/p>\n<p>Por Pilar Salas<\/p>\n","protected":false},"excerpt":{"rendered":"<p>M\u00e1laga, 31 may (EFE).- El dos estrellas Michelin Dani Garc\u00eda ha asegurado hoy que el nivel creativo culinario actual \u00abes muy alto, pero m\u00e1s bajo que otros a\u00f1os\u00bb porque \u00abse nota la merma por la falta de Ferran Adri\u00e0, responsable del 95 % de las nuevas t\u00e9cnicas\u00bb que ahora se utilizan. Garc\u00eda, que abri\u00f3 hace<\/p>\n","protected":false},"author":1,"featured_media":14606,"comment_status":"open","ping_status":"closed","sticky":false,"template":"","format":"standard","meta":{"footnotes":""},"categories":[217],"tags":[],"class_list":{"0":"post-14605","1":"post","2":"type-post","3":"status-publish","4":"format-standard","5":"has-post-thumbnail","7":"category-sabores"},"aioseo_notices":[],"aioseo_head":"\n\t\t<!-- All in One SEO Pro 4.9.6.1 - aioseo.com -->\n\t<meta name=\"description\" content=\"M\u00e1laga, 31 may (EFE).- El dos estrellas Michelin Dani Garc\u00eda ha asegurado hoy que el nivel creativo culinario actual &quot;es muy alto, pero m\u00e1s bajo que otros a\u00f1os&quot; porque &quot;se nota la merma por la falta de Ferran Adri\u00e0, responsable del 95 % de las nuevas t\u00e9cnicas&quot; que ahora se utilizan. Garc\u00eda, que abri\u00f3 hace\" \/>\n\t<meta name=\"robots\" content=\"max-image-preview:large\" \/>\n\t<meta name=\"author\" content=\"admin\"\/>\n\t<meta name=\"google-site-verification\" content=\"UA-38556648-1\" \/>\n\t<meta name=\"keywords\" content=\"sabores\" \/>\n\t<link rel=\"canonical\" href=\"https:\/\/eldigitaldeasturias.com\/magazine365\/dani-garcia-dice-que-el-nivel-creativo-culinario-es-muy-alto-pero-mas-bajo-que-antes\/\" \/>\n\t<meta name=\"generator\" content=\"All in One SEO Pro (AIOSEO) 4.9.6.1\" \/>\n\t\t<meta property=\"og:locale\" content=\"es_ES\" \/>\n\t\t<meta property=\"og:site_name\" content=\"El Digital de Asturias \u2013 Revista de ocio, turismo y estilo de vida\" \/>\n\t\t<meta property=\"og:type\" content=\"article\" \/>\n\t\t<meta property=\"og:title\" content=\"Dani Garc\u00eda dice que el nivel creativo culinario es muy alto, pero m\u00e1s bajo que antes | El Digital de Asturias\" \/>\n\t\t<meta property=\"og:description\" content=\"M\u00e1laga, 31 may (EFE).- El dos estrellas Michelin Dani Garc\u00eda ha asegurado hoy que el nivel creativo culinario actual &quot;es muy alto, pero m\u00e1s bajo que otros a\u00f1os&quot; porque &quot;se nota la merma por la falta de Ferran Adri\u00e0, responsable del 95 % de las nuevas t\u00e9cnicas&quot; que ahora se utilizan. Garc\u00eda, que abri\u00f3 hace\" \/>\n\t\t<meta property=\"og:url\" content=\"https:\/\/eldigitaldeasturias.com\/magazine365\/dani-garcia-dice-que-el-nivel-creativo-culinario-es-muy-alto-pero-mas-bajo-que-antes\/\" \/>\n\t\t<meta property=\"og:image\" content=\"https:\/\/eldigitaldeasturias.com\/magazine365\/wp-content\/uploads\/2014\/05\/6321301w.jpg\" \/>\n\t\t<meta property=\"og:image:secure_url\" content=\"https:\/\/eldigitaldeasturias.com\/magazine365\/wp-content\/uploads\/2014\/05\/6321301w.jpg\" \/>\n\t\t<meta property=\"og:image:width\" content=\"800\" \/>\n\t\t<meta property=\"og:image:height\" content=\"533\" \/>\n\t\t<meta property=\"article:published_time\" content=\"2014-06-01T01:18:49+00:00\" \/>\n\t\t<meta property=\"article:modified_time\" content=\"2014-06-01T01:18:49+00:00\" \/>\n\t\t<meta name=\"twitter:card\" content=\"summary_large_image\" \/>\n\t\t<meta name=\"twitter:title\" content=\"Dani Garc\u00eda dice que el nivel creativo culinario es muy alto, pero m\u00e1s bajo que antes | El Digital de Asturias\" \/>\n\t\t<meta name=\"twitter:description\" content=\"M\u00e1laga, 31 may (EFE).- El dos estrellas Michelin Dani Garc\u00eda ha asegurado hoy que el nivel creativo culinario actual &quot;es muy alto, pero m\u00e1s bajo que otros a\u00f1os&quot; porque &quot;se nota la merma por la falta de Ferran Adri\u00e0, responsable del 95 % de las nuevas t\u00e9cnicas&quot; que ahora se utilizan. Garc\u00eda, que abri\u00f3 hace\" \/>\n\t\t<meta name=\"twitter:image\" content=\"https:\/\/eldigitaldeasturias.com\/magazine365\/wp-content\/uploads\/2014\/05\/6321301w.jpg\" \/>\n\t\t<script type=\"application\/ld+json\" class=\"aioseo-schema\">\n\t\t\t{\"@context\":\"https:\\\/\\\/schema.org\",\"@graph\":[{\"@type\":\"Article\",\"@id\":\"https:\\\/\\\/eldigitaldeasturias.com\\\/magazine365\\\/dani-garcia-dice-que-el-nivel-creativo-culinario-es-muy-alto-pero-mas-bajo-que-antes\\\/#article\",\"name\":\"Dani Garc\\u00eda dice que el nivel creativo culinario es muy alto, pero m\\u00e1s bajo que antes | El Digital de Asturias\",\"headline\":\"Dani Garc\\u00eda dice que el nivel creativo culinario es muy alto, pero m\\u00e1s bajo que antes\",\"author\":{\"@id\":\"https:\\\/\\\/eldigitaldeasturias.com\\\/magazine365\\\/author\\\/admin\\\/#author\"},\"publisher\":{\"@id\":\"https:\\\/\\\/eldigitaldeasturias.com\\\/magazine365\\\/#organization\"},\"image\":{\"@type\":\"ImageObject\",\"url\":\"https:\\\/\\\/eldigitaldeasturias.com\\\/magazine365\\\/wp-content\\\/uploads\\\/2014\\\/05\\\/6321301w.jpg\",\"width\":800,\"height\":533},\"datePublished\":\"2014-05-31T23:18:49+02:00\",\"dateModified\":\"2014-05-31T23:18:49+02:00\",\"inLanguage\":\"es-ES\",\"mainEntityOfPage\":{\"@id\":\"https:\\\/\\\/eldigitaldeasturias.com\\\/magazine365\\\/dani-garcia-dice-que-el-nivel-creativo-culinario-es-muy-alto-pero-mas-bajo-que-antes\\\/#webpage\"},\"isPartOf\":{\"@id\":\"https:\\\/\\\/eldigitaldeasturias.com\\\/magazine365\\\/dani-garcia-dice-que-el-nivel-creativo-culinario-es-muy-alto-pero-mas-bajo-que-antes\\\/#webpage\"},\"articleSection\":\"Sabores\"},{\"@type\":\"BreadcrumbList\",\"@id\":\"https:\\\/\\\/eldigitaldeasturias.com\\\/magazine365\\\/dani-garcia-dice-que-el-nivel-creativo-culinario-es-muy-alto-pero-mas-bajo-que-antes\\\/#breadcrumblist\",\"itemListElement\":[{\"@type\":\"ListItem\",\"@id\":\"https:\\\/\\\/eldigitaldeasturias.com\\\/magazine365#listItem\",\"position\":1,\"name\":\"Home\",\"item\":\"https:\\\/\\\/eldigitaldeasturias.com\\\/magazine365\",\"nextItem\":{\"@type\":\"ListItem\",\"@id\":\"https:\\\/\\\/eldigitaldeasturias.com\\\/magazine365\\\/category\\\/sabores\\\/#listItem\",\"name\":\"Sabores\"}},{\"@type\":\"ListItem\",\"@id\":\"https:\\\/\\\/eldigitaldeasturias.com\\\/magazine365\\\/category\\\/sabores\\\/#listItem\",\"position\":2,\"name\":\"Sabores\",\"item\":\"https:\\\/\\\/eldigitaldeasturias.com\\\/magazine365\\\/category\\\/sabores\\\/\",\"nextItem\":{\"@type\":\"ListItem\",\"@id\":\"https:\\\/\\\/eldigitaldeasturias.com\\\/magazine365\\\/dani-garcia-dice-que-el-nivel-creativo-culinario-es-muy-alto-pero-mas-bajo-que-antes\\\/#listItem\",\"name\":\"Dani Garc\\u00eda dice que el nivel creativo culinario es muy alto, pero m\\u00e1s bajo que antes\"},\"previousItem\":{\"@type\":\"ListItem\",\"@id\":\"https:\\\/\\\/eldigitaldeasturias.com\\\/magazine365#listItem\",\"name\":\"Home\"}},{\"@type\":\"ListItem\",\"@id\":\"https:\\\/\\\/eldigitaldeasturias.com\\\/magazine365\\\/dani-garcia-dice-que-el-nivel-creativo-culinario-es-muy-alto-pero-mas-bajo-que-antes\\\/#listItem\",\"position\":3,\"name\":\"Dani Garc\\u00eda dice que el nivel creativo culinario es muy alto, pero m\\u00e1s bajo que antes\",\"previousItem\":{\"@type\":\"ListItem\",\"@id\":\"https:\\\/\\\/eldigitaldeasturias.com\\\/magazine365\\\/category\\\/sabores\\\/#listItem\",\"name\":\"Sabores\"}}]},{\"@type\":\"Organization\",\"@id\":\"https:\\\/\\\/eldigitaldeasturias.com\\\/magazine365\\\/#organization\",\"name\":\"El digital de Asturias\",\"description\":\"Revista de ocio, turismo y estilo de vida\",\"url\":\"https:\\\/\\\/eldigitaldeasturias.com\\\/magazine365\\\/\",\"logo\":{\"@type\":\"ImageObject\",\"url\":\"https:\\\/\\\/www.eldigitaldeasturias.com\\\/noticias\\\/wp-content\\\/uploads\\\/2020\\\/12\\\/EDA.jpg\",\"@id\":\"https:\\\/\\\/eldigitaldeasturias.com\\\/magazine365\\\/dani-garcia-dice-que-el-nivel-creativo-culinario-es-muy-alto-pero-mas-bajo-que-antes\\\/#organizationLogo\"},\"image\":{\"@id\":\"https:\\\/\\\/eldigitaldeasturias.com\\\/magazine365\\\/dani-garcia-dice-que-el-nivel-creativo-culinario-es-muy-alto-pero-mas-bajo-que-antes\\\/#organizationLogo\"}},{\"@type\":\"Person\",\"@id\":\"https:\\\/\\\/eldigitaldeasturias.com\\\/magazine365\\\/author\\\/admin\\\/#author\",\"url\":\"https:\\\/\\\/eldigitaldeasturias.com\\\/magazine365\\\/author\\\/admin\\\/\",\"name\":\"admin\",\"image\":{\"@type\":\"ImageObject\",\"@id\":\"https:\\\/\\\/eldigitaldeasturias.com\\\/magazine365\\\/dani-garcia-dice-que-el-nivel-creativo-culinario-es-muy-alto-pero-mas-bajo-que-antes\\\/#authorImage\",\"url\":\"https:\\\/\\\/eldigitaldeasturias.com\\\/magazine365\\\/wp-content\\\/litespeed\\\/avatar\\\/e571bcf59a0edd6fa6838245a470f2fe.jpg?ver=1777574230\",\"width\":96,\"height\":96,\"caption\":\"admin\"}},{\"@type\":\"WebPage\",\"@id\":\"https:\\\/\\\/eldigitaldeasturias.com\\\/magazine365\\\/dani-garcia-dice-que-el-nivel-creativo-culinario-es-muy-alto-pero-mas-bajo-que-antes\\\/#webpage\",\"url\":\"https:\\\/\\\/eldigitaldeasturias.com\\\/magazine365\\\/dani-garcia-dice-que-el-nivel-creativo-culinario-es-muy-alto-pero-mas-bajo-que-antes\\\/\",\"name\":\"Dani Garc\\u00eda dice que el nivel creativo culinario es muy alto, pero m\\u00e1s bajo que antes | El Digital de Asturias\",\"description\":\"M\\u00e1laga, 31 may (EFE).- El dos estrellas Michelin Dani Garc\\u00eda ha asegurado hoy que el nivel creativo culinario actual \\\"es muy alto, pero m\\u00e1s bajo que otros a\\u00f1os\\\" porque \\\"se nota la merma por la falta de Ferran Adri\\u00e0, responsable del 95 % de las nuevas t\\u00e9cnicas\\\" que ahora se utilizan. Garc\\u00eda, que abri\\u00f3 hace\",\"inLanguage\":\"es-ES\",\"isPartOf\":{\"@id\":\"https:\\\/\\\/eldigitaldeasturias.com\\\/magazine365\\\/#website\"},\"breadcrumb\":{\"@id\":\"https:\\\/\\\/eldigitaldeasturias.com\\\/magazine365\\\/dani-garcia-dice-que-el-nivel-creativo-culinario-es-muy-alto-pero-mas-bajo-que-antes\\\/#breadcrumblist\"},\"author\":{\"@id\":\"https:\\\/\\\/eldigitaldeasturias.com\\\/magazine365\\\/author\\\/admin\\\/#author\"},\"creator\":{\"@id\":\"https:\\\/\\\/eldigitaldeasturias.com\\\/magazine365\\\/author\\\/admin\\\/#author\"},\"image\":{\"@type\":\"ImageObject\",\"url\":\"https:\\\/\\\/eldigitaldeasturias.com\\\/magazine365\\\/wp-content\\\/uploads\\\/2014\\\/05\\\/6321301w.jpg\",\"@id\":\"https:\\\/\\\/eldigitaldeasturias.com\\\/magazine365\\\/dani-garcia-dice-que-el-nivel-creativo-culinario-es-muy-alto-pero-mas-bajo-que-antes\\\/#mainImage\",\"width\":800,\"height\":533},\"primaryImageOfPage\":{\"@id\":\"https:\\\/\\\/eldigitaldeasturias.com\\\/magazine365\\\/dani-garcia-dice-que-el-nivel-creativo-culinario-es-muy-alto-pero-mas-bajo-que-antes\\\/#mainImage\"},\"datePublished\":\"2014-05-31T23:18:49+02:00\",\"dateModified\":\"2014-05-31T23:18:49+02:00\"},{\"@type\":\"WebSite\",\"@id\":\"https:\\\/\\\/eldigitaldeasturias.com\\\/magazine365\\\/#website\",\"url\":\"https:\\\/\\\/eldigitaldeasturias.com\\\/magazine365\\\/\",\"name\":\"El Digital de Asturias\",\"description\":\"Revista de ocio, turismo y estilo de vida\",\"inLanguage\":\"es-ES\",\"publisher\":{\"@id\":\"https:\\\/\\\/eldigitaldeasturias.com\\\/magazine365\\\/#organization\"}}]}\n\t\t<\/script>\n\t\t<!-- All in One SEO Pro -->\r\n\t\t<title>Dani Garc\u00eda dice que el nivel creativo culinario es muy alto, pero m\u00e1s bajo que antes | El Digital de Asturias<\/title>\n\n","aioseo_head_json":{"title":"Dani Garc\u00eda dice que el nivel creativo culinario es muy alto, pero m\u00e1s bajo que antes | El Digital de Asturias","description":"M\u00e1laga, 31 may (EFE).- El dos estrellas Michelin Dani Garc\u00eda ha asegurado hoy que el nivel creativo culinario actual \"es muy alto, pero m\u00e1s bajo que otros a\u00f1os\" porque \"se nota la merma por la falta de Ferran Adri\u00e0, responsable del 95 % de las nuevas t\u00e9cnicas\" que ahora se utilizan. Garc\u00eda, que abri\u00f3 hace","canonical_url":"https:\/\/eldigitaldeasturias.com\/magazine365\/dani-garcia-dice-que-el-nivel-creativo-culinario-es-muy-alto-pero-mas-bajo-que-antes\/","robots":"max-image-preview:large","keywords":"sabores","webmasterTools":{"google-site-verification":"UA-38556648-1","miscellaneous":""},"schema":{"@context":"https:\/\/schema.org","@graph":[{"@type":"Article","@id":"https:\/\/eldigitaldeasturias.com\/magazine365\/dani-garcia-dice-que-el-nivel-creativo-culinario-es-muy-alto-pero-mas-bajo-que-antes\/#article","name":"Dani Garc\u00eda dice que el nivel creativo culinario es muy alto, pero m\u00e1s bajo que antes | El Digital de Asturias","headline":"Dani Garc\u00eda dice que el nivel creativo culinario es muy alto, pero m\u00e1s bajo que antes","author":{"@id":"https:\/\/eldigitaldeasturias.com\/magazine365\/author\/admin\/#author"},"publisher":{"@id":"https:\/\/eldigitaldeasturias.com\/magazine365\/#organization"},"image":{"@type":"ImageObject","url":"https:\/\/eldigitaldeasturias.com\/magazine365\/wp-content\/uploads\/2014\/05\/6321301w.jpg","width":800,"height":533},"datePublished":"2014-05-31T23:18:49+02:00","dateModified":"2014-05-31T23:18:49+02:00","inLanguage":"es-ES","mainEntityOfPage":{"@id":"https:\/\/eldigitaldeasturias.com\/magazine365\/dani-garcia-dice-que-el-nivel-creativo-culinario-es-muy-alto-pero-mas-bajo-que-antes\/#webpage"},"isPartOf":{"@id":"https:\/\/eldigitaldeasturias.com\/magazine365\/dani-garcia-dice-que-el-nivel-creativo-culinario-es-muy-alto-pero-mas-bajo-que-antes\/#webpage"},"articleSection":"Sabores"},{"@type":"BreadcrumbList","@id":"https:\/\/eldigitaldeasturias.com\/magazine365\/dani-garcia-dice-que-el-nivel-creativo-culinario-es-muy-alto-pero-mas-bajo-que-antes\/#breadcrumblist","itemListElement":[{"@type":"ListItem","@id":"https:\/\/eldigitaldeasturias.com\/magazine365#listItem","position":1,"name":"Home","item":"https:\/\/eldigitaldeasturias.com\/magazine365","nextItem":{"@type":"ListItem","@id":"https:\/\/eldigitaldeasturias.com\/magazine365\/category\/sabores\/#listItem","name":"Sabores"}},{"@type":"ListItem","@id":"https:\/\/eldigitaldeasturias.com\/magazine365\/category\/sabores\/#listItem","position":2,"name":"Sabores","item":"https:\/\/eldigitaldeasturias.com\/magazine365\/category\/sabores\/","nextItem":{"@type":"ListItem","@id":"https:\/\/eldigitaldeasturias.com\/magazine365\/dani-garcia-dice-que-el-nivel-creativo-culinario-es-muy-alto-pero-mas-bajo-que-antes\/#listItem","name":"Dani Garc\u00eda dice que el nivel creativo culinario es muy alto, pero m\u00e1s bajo que antes"},"previousItem":{"@type":"ListItem","@id":"https:\/\/eldigitaldeasturias.com\/magazine365#listItem","name":"Home"}},{"@type":"ListItem","@id":"https:\/\/eldigitaldeasturias.com\/magazine365\/dani-garcia-dice-que-el-nivel-creativo-culinario-es-muy-alto-pero-mas-bajo-que-antes\/#listItem","position":3,"name":"Dani Garc\u00eda dice que el nivel creativo culinario es muy alto, pero m\u00e1s bajo que antes","previousItem":{"@type":"ListItem","@id":"https:\/\/eldigitaldeasturias.com\/magazine365\/category\/sabores\/#listItem","name":"Sabores"}}]},{"@type":"Organization","@id":"https:\/\/eldigitaldeasturias.com\/magazine365\/#organization","name":"El digital de Asturias","description":"Revista de ocio, turismo y estilo de vida","url":"https:\/\/eldigitaldeasturias.com\/magazine365\/","logo":{"@type":"ImageObject","url":"https:\/\/www.eldigitaldeasturias.com\/noticias\/wp-content\/uploads\/2020\/12\/EDA.jpg","@id":"https:\/\/eldigitaldeasturias.com\/magazine365\/dani-garcia-dice-que-el-nivel-creativo-culinario-es-muy-alto-pero-mas-bajo-que-antes\/#organizationLogo"},"image":{"@id":"https:\/\/eldigitaldeasturias.com\/magazine365\/dani-garcia-dice-que-el-nivel-creativo-culinario-es-muy-alto-pero-mas-bajo-que-antes\/#organizationLogo"}},{"@type":"Person","@id":"https:\/\/eldigitaldeasturias.com\/magazine365\/author\/admin\/#author","url":"https:\/\/eldigitaldeasturias.com\/magazine365\/author\/admin\/","name":"admin","image":{"@type":"ImageObject","@id":"https:\/\/eldigitaldeasturias.com\/magazine365\/dani-garcia-dice-que-el-nivel-creativo-culinario-es-muy-alto-pero-mas-bajo-que-antes\/#authorImage","url":"https:\/\/eldigitaldeasturias.com\/magazine365\/wp-content\/litespeed\/avatar\/e571bcf59a0edd6fa6838245a470f2fe.jpg?ver=1777574230","width":96,"height":96,"caption":"admin"}},{"@type":"WebPage","@id":"https:\/\/eldigitaldeasturias.com\/magazine365\/dani-garcia-dice-que-el-nivel-creativo-culinario-es-muy-alto-pero-mas-bajo-que-antes\/#webpage","url":"https:\/\/eldigitaldeasturias.com\/magazine365\/dani-garcia-dice-que-el-nivel-creativo-culinario-es-muy-alto-pero-mas-bajo-que-antes\/","name":"Dani Garc\u00eda dice que el nivel creativo culinario es muy alto, pero m\u00e1s bajo que antes | El Digital de Asturias","description":"M\u00e1laga, 31 may (EFE).- El dos estrellas Michelin Dani Garc\u00eda ha asegurado hoy que el nivel creativo culinario actual \"es muy alto, pero m\u00e1s bajo que otros a\u00f1os\" porque \"se nota la merma por la falta de Ferran Adri\u00e0, responsable del 95 % de las nuevas t\u00e9cnicas\" que ahora se utilizan. Garc\u00eda, que abri\u00f3 hace","inLanguage":"es-ES","isPartOf":{"@id":"https:\/\/eldigitaldeasturias.com\/magazine365\/#website"},"breadcrumb":{"@id":"https:\/\/eldigitaldeasturias.com\/magazine365\/dani-garcia-dice-que-el-nivel-creativo-culinario-es-muy-alto-pero-mas-bajo-que-antes\/#breadcrumblist"},"author":{"@id":"https:\/\/eldigitaldeasturias.com\/magazine365\/author\/admin\/#author"},"creator":{"@id":"https:\/\/eldigitaldeasturias.com\/magazine365\/author\/admin\/#author"},"image":{"@type":"ImageObject","url":"https:\/\/eldigitaldeasturias.com\/magazine365\/wp-content\/uploads\/2014\/05\/6321301w.jpg","@id":"https:\/\/eldigitaldeasturias.com\/magazine365\/dani-garcia-dice-que-el-nivel-creativo-culinario-es-muy-alto-pero-mas-bajo-que-antes\/#mainImage","width":800,"height":533},"primaryImageOfPage":{"@id":"https:\/\/eldigitaldeasturias.com\/magazine365\/dani-garcia-dice-que-el-nivel-creativo-culinario-es-muy-alto-pero-mas-bajo-que-antes\/#mainImage"},"datePublished":"2014-05-31T23:18:49+02:00","dateModified":"2014-05-31T23:18:49+02:00"},{"@type":"WebSite","@id":"https:\/\/eldigitaldeasturias.com\/magazine365\/#website","url":"https:\/\/eldigitaldeasturias.com\/magazine365\/","name":"El Digital de Asturias","description":"Revista de ocio, turismo y estilo de vida","inLanguage":"es-ES","publisher":{"@id":"https:\/\/eldigitaldeasturias.com\/magazine365\/#organization"}}]},"og:locale":"es_ES","og:site_name":"El Digital de Asturias \u2013 Revista de ocio, turismo y estilo de vida","og:type":"article","og:title":"Dani Garc\u00eda dice que el nivel creativo culinario es muy alto, pero m\u00e1s bajo que antes | El Digital de Asturias","og:description":"M\u00e1laga, 31 may (EFE).- El dos estrellas Michelin Dani Garc\u00eda ha asegurado hoy que el nivel creativo culinario actual &quot;es muy alto, pero m\u00e1s bajo que otros a\u00f1os&quot; porque &quot;se nota la merma por la falta de Ferran Adri\u00e0, responsable del 95 % de las nuevas t\u00e9cnicas&quot; que ahora se utilizan. Garc\u00eda, que abri\u00f3 hace","og:url":"https:\/\/eldigitaldeasturias.com\/magazine365\/dani-garcia-dice-que-el-nivel-creativo-culinario-es-muy-alto-pero-mas-bajo-que-antes\/","og:image":"https:\/\/eldigitaldeasturias.com\/magazine365\/wp-content\/uploads\/2014\/05\/6321301w.jpg","og:image:secure_url":"https:\/\/eldigitaldeasturias.com\/magazine365\/wp-content\/uploads\/2014\/05\/6321301w.jpg","og:image:width":800,"og:image:height":533,"article:published_time":"2014-06-01T01:18:49+00:00","article:modified_time":"2014-06-01T01:18:49+00:00","twitter:card":"summary_large_image","twitter:title":"Dani Garc\u00eda dice que el nivel creativo culinario es muy alto, pero m\u00e1s bajo que antes | El Digital de Asturias","twitter:description":"M\u00e1laga, 31 may (EFE).- El dos estrellas Michelin Dani Garc\u00eda ha asegurado hoy que el nivel creativo culinario actual &quot;es muy alto, pero m\u00e1s bajo que otros a\u00f1os&quot; porque &quot;se nota la merma por la falta de Ferran Adri\u00e0, responsable del 95 % de las nuevas t\u00e9cnicas&quot; que ahora se utilizan. Garc\u00eda, que abri\u00f3 hace","twitter:image":"https:\/\/eldigitaldeasturias.com\/magazine365\/wp-content\/uploads\/2014\/05\/6321301w.jpg"},"aioseo_meta_data":{"post_id":"14605","title":null,"description":null,"keywords":null,"keyphrases":null,"primary_term":null,"canonical_url":null,"og_title":null,"og_description":null,"og_object_type":"default","og_image_type":"default","og_image_url":null,"og_image_width":null,"og_image_height":null,"og_image_custom_url":null,"og_image_custom_fields":null,"og_video":null,"og_custom_url":null,"og_article_section":null,"og_article_tags":null,"twitter_use_og":false,"twitter_card":"default","twitter_image_type":"default","twitter_image_url":null,"twitter_image_custom_url":null,"twitter_image_custom_fields":null,"twitter_title":null,"twitter_description":null,"schema":{"blockGraphs":[],"customGraphs":[],"default":{"data":{"Article":[],"Course":[],"Dataset":[],"FAQPage":[],"Movie":[],"Person":[],"Product":[],"ProductReview":[],"Car":[],"Recipe":[],"Service":[],"SoftwareApplication":[],"WebPage":[]},"graphName":"","isEnabled":true},"graphs":[],"defaultGraph":"","defaultPostTypeGraph":""},"schema_type":null,"schema_type_options":null,"pillar_content":false,"robots_default":true,"robots_noindex":false,"robots_noarchive":false,"robots_nosnippet":false,"robots_nofollow":false,"robots_noimageindex":false,"robots_noodp":false,"robots_notranslate":false,"robots_max_snippet":null,"robots_max_videopreview":null,"robots_max_imagepreview":"large","priority":null,"frequency":null,"location":null,"local_seo":null,"seo_analyzer_scan_date":"2025-09-17 10:26:20","breadcrumb_settings":null,"limit_modified_date":false,"open_ai":null,"ai":null,"created":"2021-03-09 08:13:17","updated":"2025-09-17 10:26:20"},"aioseo_breadcrumb":"<div class=\"aioseo-breadcrumbs\"><span class=\"aioseo-breadcrumb\">\n\t<a href=\"https:\/\/eldigitaldeasturias.com\/magazine365\" title=\"Home\">Home<\/a>\n<\/span><span class=\"aioseo-breadcrumb-separator\">\u2013<\/span><span class=\"aioseo-breadcrumb\">\n\t<a href=\"https:\/\/eldigitaldeasturias.com\/magazine365\/category\/sabores\/\" title=\"Sabores\">Sabores<\/a>\n<\/span><span class=\"aioseo-breadcrumb-separator\">\u2013<\/span><span class=\"aioseo-breadcrumb\">\n\t<a href=\"https:\/\/eldigitaldeasturias.com\/magazine365\/dani-garcia-dice-que-el-nivel-creativo-culinario-es-muy-alto-pero-mas-bajo-que-antes\/\" title=\"Dani Garc\u00eda dice que el nivel creativo culinario es muy alto, pero m\u00e1s bajo que antes\">Dani Garc\u00eda dice que el nivel creativo culinario es muy alto, pero m\u00e1s bajo que antes<\/a>\n<\/span><\/div>","aioseo_breadcrumb_json":[{"label":"Home","link":"https:\/\/eldigitaldeasturias.com\/magazine365"},{"label":"Sabores","link":"https:\/\/eldigitaldeasturias.com\/magazine365\/category\/sabores\/"},{"label":"Dani Garc\u00eda dice que el nivel creativo culinario es muy alto, pero m\u00e1s bajo que antes","link":"https:\/\/eldigitaldeasturias.com\/magazine365\/dani-garcia-dice-que-el-nivel-creativo-culinario-es-muy-alto-pero-mas-bajo-que-antes\/"}],"_links":{"self":[{"href":"https:\/\/eldigitaldeasturias.com\/magazine365\/wp-json\/wp\/v2\/posts\/14605","targetHints":{"allow":["GET"]}}],"collection":[{"href":"https:\/\/eldigitaldeasturias.com\/magazine365\/wp-json\/wp\/v2\/posts"}],"about":[{"href":"https:\/\/eldigitaldeasturias.com\/magazine365\/wp-json\/wp\/v2\/types\/post"}],"author":[{"embeddable":true,"href":"https:\/\/eldigitaldeasturias.com\/magazine365\/wp-json\/wp\/v2\/users\/1"}],"replies":[{"embeddable":true,"href":"https:\/\/eldigitaldeasturias.com\/magazine365\/wp-json\/wp\/v2\/comments?post=14605"}],"version-history":[{"count":0,"href":"https:\/\/eldigitaldeasturias.com\/magazine365\/wp-json\/wp\/v2\/posts\/14605\/revisions"}],"wp:featuredmedia":[{"embeddable":true,"href":"https:\/\/eldigitaldeasturias.com\/magazine365\/wp-json\/wp\/v2\/media\/14606"}],"wp:attachment":[{"href":"https:\/\/eldigitaldeasturias.com\/magazine365\/wp-json\/wp\/v2\/media?parent=14605"}],"wp:term":[{"taxonomy":"category","embeddable":true,"href":"https:\/\/eldigitaldeasturias.com\/magazine365\/wp-json\/wp\/v2\/categories?post=14605"},{"taxonomy":"post_tag","embeddable":true,"href":"https:\/\/eldigitaldeasturias.com\/magazine365\/wp-json\/wp\/v2\/tags?post=14605"}],"curies":[{"name":"wp","href":"https:\/\/api.w.org\/{rel}","templated":true}]}}