{"id":14602,"date":"2014-05-31T23:17:41","date_gmt":"2014-06-01T01:17:41","guid":{"rendered":"http:\/\/eldigitaldeasturias.com\/magazine365\/?p=14602"},"modified":"2014-05-31T23:17:41","modified_gmt":"2014-06-01T01:17:41","slug":"gabilondo-y-ana-pastor-analizan-la-ausencia-de-politica-en-el-cine-espanol","status":"publish","type":"post","link":"https:\/\/eldigitaldeasturias.com\/magazine365\/gabilondo-y-ana-pastor-analizan-la-ausencia-de-politica-en-el-cine-espanol\/","title":{"rendered":"Gabilondo y Ana Pastor analizan la ausencia de pol\u00edtica en el cine espa\u00f1ol"},"content":{"rendered":"<p><img fetchpriority=\"high\" decoding=\"async\" class=\"alignleft size-medium wp-image-14603\" alt=\"6321300w\" src=\"https:\/\/eldigitaldeasturias.com\/magazine365\/wp-content\/uploads\/2014\/05\/6321300w-360x270.jpg\" width=\"360\" height=\"270\" srcset=\"https:\/\/eldigitaldeasturias.com\/magazine365\/wp-content\/uploads\/2014\/05\/6321300w-360x270.jpg 360w, https:\/\/eldigitaldeasturias.com\/magazine365\/wp-content\/uploads\/2014\/05\/6321300w-650x488.jpg 650w, https:\/\/eldigitaldeasturias.com\/magazine365\/wp-content\/uploads\/2014\/05\/6321300w-768x576.jpg 768w, https:\/\/eldigitaldeasturias.com\/magazine365\/wp-content\/uploads\/2014\/05\/6321300w-150x113.jpg 150w, https:\/\/eldigitaldeasturias.com\/magazine365\/wp-content\/uploads\/2014\/05\/6321300w-450x338.jpg 450w, https:\/\/eldigitaldeasturias.com\/magazine365\/wp-content\/uploads\/2014\/05\/6321300w-80x60.jpg 80w, https:\/\/eldigitaldeasturias.com\/magazine365\/wp-content\/uploads\/2014\/05\/6321300w-265x198.jpg 265w, https:\/\/eldigitaldeasturias.com\/magazine365\/wp-content\/uploads\/2014\/05\/6321300w-696x522.jpg 696w, https:\/\/eldigitaldeasturias.com\/magazine365\/wp-content\/uploads\/2014\/05\/6321300w-560x420.jpg 560w, https:\/\/eldigitaldeasturias.com\/magazine365\/wp-content\/uploads\/2014\/05\/6321300w-90x67.jpg 90w, https:\/\/eldigitaldeasturias.com\/magazine365\/wp-content\/uploads\/2014\/05\/6321300w-100x75.jpg 100w, https:\/\/eldigitaldeasturias.com\/magazine365\/wp-content\/uploads\/2014\/05\/6321300w.jpg 800w\" sizes=\"(max-width: 360px) 100vw, 360px\" \/>Madrid, 31 may (EFE).- Los periodistas I\u00f1aki Gabilondo y Ana Pastor analizan ma\u00f1ana, en el canal TCM, las razones por las cuales en Espa\u00f1a a\u00fan cuesta abordar con naturalidad temas pol\u00edticos en el cine, cosa que no sucede \u00aben el cine americano\u00bb.<\/p>\n<p>\u00ab\u00bfSer\u00e1 posible ver alg\u00fan d\u00eda en Espa\u00f1a una pel\u00edcula que cuenta la vida de un presidente como hizo Oliver Stone en &#8216;Nixon&#8217; o que refleje la campa\u00f1a electoral de un candidato a senador, como se ve en &#8216;Ciudadano Bob Roberts&#8217;, de Tim Robbins\u00bb, subraya el canal en un comunicado.<\/p>\n<p>Adem\u00e1s de esta conversaci\u00f3n entre Gabilondo y Pastor, el ciclo \u00abHollywood y la pol\u00edtica\u00bb proyectar\u00e1 t\u00edtulos \u00abCaballero sin espada\u00bb, de Frank Capra, o \u00abTodos los hombres del presidente\u00bb, con Robert Redford y Dustin Doffman, que se emitir\u00e1n todos los domingos del mes.<\/p>\n<p>A Gabilondo le produce, desde la perspectiva del cine espa\u00f1ol, una \u00abenvidia incre\u00edble\u00bb la \u00abfranqueza, el instinto autocr\u00edtico, el sentido del humor y la actitud tan poco sagrada\u00bb con la que el cine americano se enfrenta a \u00absu realidad democr\u00e1tica\u00bb.<\/p>\n<p>Para Pastor, las pel\u00edculas americanas \u00abhablan de pol\u00edtica desde siempre\u00bb, de forma que el cine \u00abse ha convertido en un contrapoder\u00bb en EEUU, al denunciar \u00abdeterminadas realidades\u00bb y hacer que muchas personas lleguen a ellas \u00abde una manera mucho m\u00e1s abierta porque se trata de cine\u00bb.<\/p>\n<p>\u00abEn Espa\u00f1a no hay pel\u00edculas sobre la corrupci\u00f3n o el 11-M, mientras que en EEUU s\u00ed las hay sobre el 11-S\u00bb, se\u00f1ala la periodista.<\/p>\n<p>Para el veterano periodista vasco, lo que hace el cine americano con su democracia no es extraordinario; \u00ablo que es extra\u00f1o es lo que no estamos pudiendo hacer otros\u00bb.<\/p>\n<p>Sin embargo, Gabilondo se muestra optimista respecto al futuro al advertir \u00abse\u00f1ales\u00bb, como el programa de humor \u00abVaya semanita\u00bb de ETB, y concluye que Euskadi no va a poder construir su futuro \u00absin un mont\u00f3n de pel\u00edculas sobre ese drama y Espa\u00f1a tiene tambi\u00e9n millones de cosas que contarse a s\u00ed misma\u00bb.<\/p>\n","protected":false},"excerpt":{"rendered":"<p>Madrid, 31 may (EFE).- Los periodistas I\u00f1aki Gabilondo y Ana Pastor analizan ma\u00f1ana, en el canal TCM, las razones por las cuales en Espa\u00f1a a\u00fan cuesta abordar con naturalidad temas pol\u00edticos en el cine, cosa que no sucede \u00aben el cine americano\u00bb. \u00ab\u00bfSer\u00e1 posible ver alg\u00fan d\u00eda en Espa\u00f1a una pel\u00edcula que cuenta la vida<\/p>\n","protected":false},"author":1,"featured_media":14603,"comment_status":"open","ping_status":"closed","sticky":false,"template":"","format":"standard","meta":{"footnotes":""},"categories":[224],"tags":[],"class_list":{"0":"post-14602","1":"post","2":"type-post","3":"status-publish","4":"format-standard","5":"has-post-thumbnail","7":"category-noticias-actualidad"},"aioseo_notices":[],"aioseo_head":"\n\t\t<!-- All in One SEO Pro 4.9.6.1 - aioseo.com -->\n\t<meta name=\"description\" content=\"Madrid, 31 may (EFE).- Los periodistas I\u00f1aki Gabilondo y Ana Pastor analizan ma\u00f1ana, en el canal TCM, las razones por las cuales en Espa\u00f1a a\u00fan cuesta abordar con naturalidad temas pol\u00edticos en el cine, cosa que no sucede &quot;en el cine americano&quot;. &quot;\u00bfSer\u00e1 posible ver alg\u00fan d\u00eda en Espa\u00f1a una pel\u00edcula que cuenta la vida\" \/>\n\t<meta name=\"robots\" content=\"max-image-preview:large\" \/>\n\t<meta name=\"author\" content=\"admin\"\/>\n\t<meta name=\"google-site-verification\" content=\"UA-38556648-1\" \/>\n\t<meta name=\"keywords\" content=\"noticias y actualidad\" \/>\n\t<link rel=\"canonical\" href=\"https:\/\/eldigitaldeasturias.com\/magazine365\/gabilondo-y-ana-pastor-analizan-la-ausencia-de-politica-en-el-cine-espanol\/\" \/>\n\t<meta name=\"generator\" content=\"All in One SEO Pro (AIOSEO) 4.9.6.1\" \/>\n\t\t<meta property=\"og:locale\" content=\"es_ES\" \/>\n\t\t<meta property=\"og:site_name\" content=\"El Digital de Asturias \u2013 Revista de ocio, turismo y estilo de vida\" \/>\n\t\t<meta property=\"og:type\" content=\"article\" \/>\n\t\t<meta property=\"og:title\" content=\"Gabilondo y Ana Pastor analizan la ausencia de pol\u00edtica en el cine espa\u00f1ol | El Digital de Asturias\" \/>\n\t\t<meta property=\"og:description\" content=\"Madrid, 31 may (EFE).- Los periodistas I\u00f1aki Gabilondo y Ana Pastor analizan ma\u00f1ana, en el canal TCM, las razones por las cuales en Espa\u00f1a a\u00fan cuesta abordar con naturalidad temas pol\u00edticos en el cine, cosa que no sucede &quot;en el cine americano&quot;. &quot;\u00bfSer\u00e1 posible ver alg\u00fan d\u00eda en Espa\u00f1a una pel\u00edcula que cuenta la vida\" \/>\n\t\t<meta property=\"og:url\" content=\"https:\/\/eldigitaldeasturias.com\/magazine365\/gabilondo-y-ana-pastor-analizan-la-ausencia-de-politica-en-el-cine-espanol\/\" \/>\n\t\t<meta property=\"og:image\" content=\"https:\/\/eldigitaldeasturias.com\/magazine365\/wp-content\/uploads\/2014\/05\/6321300w.jpg\" \/>\n\t\t<meta property=\"og:image:secure_url\" content=\"https:\/\/eldigitaldeasturias.com\/magazine365\/wp-content\/uploads\/2014\/05\/6321300w.jpg\" \/>\n\t\t<meta property=\"og:image:width\" content=\"800\" \/>\n\t\t<meta property=\"og:image:height\" content=\"600\" \/>\n\t\t<meta property=\"article:published_time\" content=\"2014-06-01T01:17:41+00:00\" \/>\n\t\t<meta property=\"article:modified_time\" content=\"2014-06-01T01:17:41+00:00\" \/>\n\t\t<meta name=\"twitter:card\" content=\"summary_large_image\" \/>\n\t\t<meta name=\"twitter:title\" content=\"Gabilondo y Ana Pastor analizan la ausencia de pol\u00edtica en el cine espa\u00f1ol | El Digital de Asturias\" \/>\n\t\t<meta name=\"twitter:description\" content=\"Madrid, 31 may (EFE).- Los periodistas I\u00f1aki Gabilondo y Ana Pastor analizan ma\u00f1ana, en el canal TCM, las razones por las cuales en Espa\u00f1a a\u00fan cuesta abordar con naturalidad temas pol\u00edticos en el cine, cosa que no sucede &quot;en el cine americano&quot;. &quot;\u00bfSer\u00e1 posible ver alg\u00fan d\u00eda en Espa\u00f1a una pel\u00edcula que cuenta la vida\" \/>\n\t\t<meta name=\"twitter:image\" content=\"https:\/\/eldigitaldeasturias.com\/magazine365\/wp-content\/uploads\/2014\/05\/6321300w.jpg\" \/>\n\t\t<script type=\"application\/ld+json\" class=\"aioseo-schema\">\n\t\t\t{\"@context\":\"https:\\\/\\\/schema.org\",\"@graph\":[{\"@type\":\"Article\",\"@id\":\"https:\\\/\\\/eldigitaldeasturias.com\\\/magazine365\\\/gabilondo-y-ana-pastor-analizan-la-ausencia-de-politica-en-el-cine-espanol\\\/#article\",\"name\":\"Gabilondo y Ana Pastor analizan la ausencia de pol\\u00edtica en el cine espa\\u00f1ol | El Digital de Asturias\",\"headline\":\"Gabilondo y Ana Pastor analizan la ausencia de pol\\u00edtica en el cine espa\\u00f1ol\",\"author\":{\"@id\":\"https:\\\/\\\/eldigitaldeasturias.com\\\/magazine365\\\/author\\\/admin\\\/#author\"},\"publisher\":{\"@id\":\"https:\\\/\\\/eldigitaldeasturias.com\\\/magazine365\\\/#organization\"},\"image\":{\"@type\":\"ImageObject\",\"url\":\"https:\\\/\\\/eldigitaldeasturias.com\\\/magazine365\\\/wp-content\\\/uploads\\\/2014\\\/05\\\/6321300w.jpg\",\"width\":800,\"height\":600},\"datePublished\":\"2014-05-31T23:17:41+02:00\",\"dateModified\":\"2014-05-31T23:17:41+02:00\",\"inLanguage\":\"es-ES\",\"mainEntityOfPage\":{\"@id\":\"https:\\\/\\\/eldigitaldeasturias.com\\\/magazine365\\\/gabilondo-y-ana-pastor-analizan-la-ausencia-de-politica-en-el-cine-espanol\\\/#webpage\"},\"isPartOf\":{\"@id\":\"https:\\\/\\\/eldigitaldeasturias.com\\\/magazine365\\\/gabilondo-y-ana-pastor-analizan-la-ausencia-de-politica-en-el-cine-espanol\\\/#webpage\"},\"articleSection\":\"Noticias y Actualidad\"},{\"@type\":\"BreadcrumbList\",\"@id\":\"https:\\\/\\\/eldigitaldeasturias.com\\\/magazine365\\\/gabilondo-y-ana-pastor-analizan-la-ausencia-de-politica-en-el-cine-espanol\\\/#breadcrumblist\",\"itemListElement\":[{\"@type\":\"ListItem\",\"@id\":\"https:\\\/\\\/eldigitaldeasturias.com\\\/magazine365#listItem\",\"position\":1,\"name\":\"Home\",\"item\":\"https:\\\/\\\/eldigitaldeasturias.com\\\/magazine365\",\"nextItem\":{\"@type\":\"ListItem\",\"@id\":\"https:\\\/\\\/eldigitaldeasturias.com\\\/magazine365\\\/category\\\/noticias-actualidad\\\/#listItem\",\"name\":\"Noticias y Actualidad\"}},{\"@type\":\"ListItem\",\"@id\":\"https:\\\/\\\/eldigitaldeasturias.com\\\/magazine365\\\/category\\\/noticias-actualidad\\\/#listItem\",\"position\":2,\"name\":\"Noticias y Actualidad\",\"item\":\"https:\\\/\\\/eldigitaldeasturias.com\\\/magazine365\\\/category\\\/noticias-actualidad\\\/\",\"nextItem\":{\"@type\":\"ListItem\",\"@id\":\"https:\\\/\\\/eldigitaldeasturias.com\\\/magazine365\\\/gabilondo-y-ana-pastor-analizan-la-ausencia-de-politica-en-el-cine-espanol\\\/#listItem\",\"name\":\"Gabilondo y Ana Pastor analizan la ausencia de pol\\u00edtica en el cine espa\\u00f1ol\"},\"previousItem\":{\"@type\":\"ListItem\",\"@id\":\"https:\\\/\\\/eldigitaldeasturias.com\\\/magazine365#listItem\",\"name\":\"Home\"}},{\"@type\":\"ListItem\",\"@id\":\"https:\\\/\\\/eldigitaldeasturias.com\\\/magazine365\\\/gabilondo-y-ana-pastor-analizan-la-ausencia-de-politica-en-el-cine-espanol\\\/#listItem\",\"position\":3,\"name\":\"Gabilondo y Ana Pastor analizan la ausencia de pol\\u00edtica en el cine espa\\u00f1ol\",\"previousItem\":{\"@type\":\"ListItem\",\"@id\":\"https:\\\/\\\/eldigitaldeasturias.com\\\/magazine365\\\/category\\\/noticias-actualidad\\\/#listItem\",\"name\":\"Noticias y Actualidad\"}}]},{\"@type\":\"Organization\",\"@id\":\"https:\\\/\\\/eldigitaldeasturias.com\\\/magazine365\\\/#organization\",\"name\":\"El digital de Asturias\",\"description\":\"Revista de ocio, turismo y estilo de vida\",\"url\":\"https:\\\/\\\/eldigitaldeasturias.com\\\/magazine365\\\/\",\"logo\":{\"@type\":\"ImageObject\",\"url\":\"https:\\\/\\\/www.eldigitaldeasturias.com\\\/noticias\\\/wp-content\\\/uploads\\\/2020\\\/12\\\/EDA.jpg\",\"@id\":\"https:\\\/\\\/eldigitaldeasturias.com\\\/magazine365\\\/gabilondo-y-ana-pastor-analizan-la-ausencia-de-politica-en-el-cine-espanol\\\/#organizationLogo\"},\"image\":{\"@id\":\"https:\\\/\\\/eldigitaldeasturias.com\\\/magazine365\\\/gabilondo-y-ana-pastor-analizan-la-ausencia-de-politica-en-el-cine-espanol\\\/#organizationLogo\"}},{\"@type\":\"Person\",\"@id\":\"https:\\\/\\\/eldigitaldeasturias.com\\\/magazine365\\\/author\\\/admin\\\/#author\",\"url\":\"https:\\\/\\\/eldigitaldeasturias.com\\\/magazine365\\\/author\\\/admin\\\/\",\"name\":\"admin\",\"image\":{\"@type\":\"ImageObject\",\"@id\":\"https:\\\/\\\/eldigitaldeasturias.com\\\/magazine365\\\/gabilondo-y-ana-pastor-analizan-la-ausencia-de-politica-en-el-cine-espanol\\\/#authorImage\",\"url\":\"https:\\\/\\\/eldigitaldeasturias.com\\\/magazine365\\\/wp-content\\\/litespeed\\\/avatar\\\/e571bcf59a0edd6fa6838245a470f2fe.jpg?ver=1777574230\",\"width\":96,\"height\":96,\"caption\":\"admin\"}},{\"@type\":\"WebPage\",\"@id\":\"https:\\\/\\\/eldigitaldeasturias.com\\\/magazine365\\\/gabilondo-y-ana-pastor-analizan-la-ausencia-de-politica-en-el-cine-espanol\\\/#webpage\",\"url\":\"https:\\\/\\\/eldigitaldeasturias.com\\\/magazine365\\\/gabilondo-y-ana-pastor-analizan-la-ausencia-de-politica-en-el-cine-espanol\\\/\",\"name\":\"Gabilondo y Ana Pastor analizan la ausencia de pol\\u00edtica en el cine espa\\u00f1ol | El Digital de Asturias\",\"description\":\"Madrid, 31 may (EFE).- Los periodistas I\\u00f1aki Gabilondo y Ana Pastor analizan ma\\u00f1ana, en el canal TCM, las razones por las cuales en Espa\\u00f1a a\\u00fan cuesta abordar con naturalidad temas pol\\u00edticos en el cine, cosa que no sucede \\\"en el cine americano\\\". \\\"\\u00bfSer\\u00e1 posible ver alg\\u00fan d\\u00eda en Espa\\u00f1a una pel\\u00edcula que cuenta la vida\",\"inLanguage\":\"es-ES\",\"isPartOf\":{\"@id\":\"https:\\\/\\\/eldigitaldeasturias.com\\\/magazine365\\\/#website\"},\"breadcrumb\":{\"@id\":\"https:\\\/\\\/eldigitaldeasturias.com\\\/magazine365\\\/gabilondo-y-ana-pastor-analizan-la-ausencia-de-politica-en-el-cine-espanol\\\/#breadcrumblist\"},\"author\":{\"@id\":\"https:\\\/\\\/eldigitaldeasturias.com\\\/magazine365\\\/author\\\/admin\\\/#author\"},\"creator\":{\"@id\":\"https:\\\/\\\/eldigitaldeasturias.com\\\/magazine365\\\/author\\\/admin\\\/#author\"},\"image\":{\"@type\":\"ImageObject\",\"url\":\"https:\\\/\\\/eldigitaldeasturias.com\\\/magazine365\\\/wp-content\\\/uploads\\\/2014\\\/05\\\/6321300w.jpg\",\"@id\":\"https:\\\/\\\/eldigitaldeasturias.com\\\/magazine365\\\/gabilondo-y-ana-pastor-analizan-la-ausencia-de-politica-en-el-cine-espanol\\\/#mainImage\",\"width\":800,\"height\":600},\"primaryImageOfPage\":{\"@id\":\"https:\\\/\\\/eldigitaldeasturias.com\\\/magazine365\\\/gabilondo-y-ana-pastor-analizan-la-ausencia-de-politica-en-el-cine-espanol\\\/#mainImage\"},\"datePublished\":\"2014-05-31T23:17:41+02:00\",\"dateModified\":\"2014-05-31T23:17:41+02:00\"},{\"@type\":\"WebSite\",\"@id\":\"https:\\\/\\\/eldigitaldeasturias.com\\\/magazine365\\\/#website\",\"url\":\"https:\\\/\\\/eldigitaldeasturias.com\\\/magazine365\\\/\",\"name\":\"El Digital de Asturias\",\"description\":\"Revista de ocio, turismo y estilo de vida\",\"inLanguage\":\"es-ES\",\"publisher\":{\"@id\":\"https:\\\/\\\/eldigitaldeasturias.com\\\/magazine365\\\/#organization\"}}]}\n\t\t<\/script>\n\t\t<!-- All in One SEO Pro -->\r\n\t\t<title>Gabilondo y Ana Pastor analizan la ausencia de pol\u00edtica en el cine espa\u00f1ol | El Digital de Asturias<\/title>\n\n","aioseo_head_json":{"title":"Gabilondo y Ana Pastor analizan la ausencia de pol\u00edtica en el cine espa\u00f1ol | El Digital de Asturias","description":"Madrid, 31 may (EFE).- Los periodistas I\u00f1aki Gabilondo y Ana Pastor analizan ma\u00f1ana, en el canal TCM, las razones por las cuales en Espa\u00f1a a\u00fan cuesta abordar con naturalidad temas pol\u00edticos en el cine, cosa que no sucede \"en el cine americano\". \"\u00bfSer\u00e1 posible ver alg\u00fan d\u00eda en Espa\u00f1a una pel\u00edcula que cuenta la vida","canonical_url":"https:\/\/eldigitaldeasturias.com\/magazine365\/gabilondo-y-ana-pastor-analizan-la-ausencia-de-politica-en-el-cine-espanol\/","robots":"max-image-preview:large","keywords":"noticias y actualidad","webmasterTools":{"google-site-verification":"UA-38556648-1","miscellaneous":""},"schema":{"@context":"https:\/\/schema.org","@graph":[{"@type":"Article","@id":"https:\/\/eldigitaldeasturias.com\/magazine365\/gabilondo-y-ana-pastor-analizan-la-ausencia-de-politica-en-el-cine-espanol\/#article","name":"Gabilondo y Ana Pastor analizan la ausencia de pol\u00edtica en el cine espa\u00f1ol | El Digital de Asturias","headline":"Gabilondo y Ana Pastor analizan la ausencia de pol\u00edtica en el cine espa\u00f1ol","author":{"@id":"https:\/\/eldigitaldeasturias.com\/magazine365\/author\/admin\/#author"},"publisher":{"@id":"https:\/\/eldigitaldeasturias.com\/magazine365\/#organization"},"image":{"@type":"ImageObject","url":"https:\/\/eldigitaldeasturias.com\/magazine365\/wp-content\/uploads\/2014\/05\/6321300w.jpg","width":800,"height":600},"datePublished":"2014-05-31T23:17:41+02:00","dateModified":"2014-05-31T23:17:41+02:00","inLanguage":"es-ES","mainEntityOfPage":{"@id":"https:\/\/eldigitaldeasturias.com\/magazine365\/gabilondo-y-ana-pastor-analizan-la-ausencia-de-politica-en-el-cine-espanol\/#webpage"},"isPartOf":{"@id":"https:\/\/eldigitaldeasturias.com\/magazine365\/gabilondo-y-ana-pastor-analizan-la-ausencia-de-politica-en-el-cine-espanol\/#webpage"},"articleSection":"Noticias y Actualidad"},{"@type":"BreadcrumbList","@id":"https:\/\/eldigitaldeasturias.com\/magazine365\/gabilondo-y-ana-pastor-analizan-la-ausencia-de-politica-en-el-cine-espanol\/#breadcrumblist","itemListElement":[{"@type":"ListItem","@id":"https:\/\/eldigitaldeasturias.com\/magazine365#listItem","position":1,"name":"Home","item":"https:\/\/eldigitaldeasturias.com\/magazine365","nextItem":{"@type":"ListItem","@id":"https:\/\/eldigitaldeasturias.com\/magazine365\/category\/noticias-actualidad\/#listItem","name":"Noticias y Actualidad"}},{"@type":"ListItem","@id":"https:\/\/eldigitaldeasturias.com\/magazine365\/category\/noticias-actualidad\/#listItem","position":2,"name":"Noticias y Actualidad","item":"https:\/\/eldigitaldeasturias.com\/magazine365\/category\/noticias-actualidad\/","nextItem":{"@type":"ListItem","@id":"https:\/\/eldigitaldeasturias.com\/magazine365\/gabilondo-y-ana-pastor-analizan-la-ausencia-de-politica-en-el-cine-espanol\/#listItem","name":"Gabilondo y Ana Pastor analizan la ausencia de pol\u00edtica en el cine espa\u00f1ol"},"previousItem":{"@type":"ListItem","@id":"https:\/\/eldigitaldeasturias.com\/magazine365#listItem","name":"Home"}},{"@type":"ListItem","@id":"https:\/\/eldigitaldeasturias.com\/magazine365\/gabilondo-y-ana-pastor-analizan-la-ausencia-de-politica-en-el-cine-espanol\/#listItem","position":3,"name":"Gabilondo y Ana Pastor analizan la ausencia de pol\u00edtica en el cine espa\u00f1ol","previousItem":{"@type":"ListItem","@id":"https:\/\/eldigitaldeasturias.com\/magazine365\/category\/noticias-actualidad\/#listItem","name":"Noticias y Actualidad"}}]},{"@type":"Organization","@id":"https:\/\/eldigitaldeasturias.com\/magazine365\/#organization","name":"El digital de Asturias","description":"Revista de ocio, turismo y estilo de vida","url":"https:\/\/eldigitaldeasturias.com\/magazine365\/","logo":{"@type":"ImageObject","url":"https:\/\/www.eldigitaldeasturias.com\/noticias\/wp-content\/uploads\/2020\/12\/EDA.jpg","@id":"https:\/\/eldigitaldeasturias.com\/magazine365\/gabilondo-y-ana-pastor-analizan-la-ausencia-de-politica-en-el-cine-espanol\/#organizationLogo"},"image":{"@id":"https:\/\/eldigitaldeasturias.com\/magazine365\/gabilondo-y-ana-pastor-analizan-la-ausencia-de-politica-en-el-cine-espanol\/#organizationLogo"}},{"@type":"Person","@id":"https:\/\/eldigitaldeasturias.com\/magazine365\/author\/admin\/#author","url":"https:\/\/eldigitaldeasturias.com\/magazine365\/author\/admin\/","name":"admin","image":{"@type":"ImageObject","@id":"https:\/\/eldigitaldeasturias.com\/magazine365\/gabilondo-y-ana-pastor-analizan-la-ausencia-de-politica-en-el-cine-espanol\/#authorImage","url":"https:\/\/eldigitaldeasturias.com\/magazine365\/wp-content\/litespeed\/avatar\/e571bcf59a0edd6fa6838245a470f2fe.jpg?ver=1777574230","width":96,"height":96,"caption":"admin"}},{"@type":"WebPage","@id":"https:\/\/eldigitaldeasturias.com\/magazine365\/gabilondo-y-ana-pastor-analizan-la-ausencia-de-politica-en-el-cine-espanol\/#webpage","url":"https:\/\/eldigitaldeasturias.com\/magazine365\/gabilondo-y-ana-pastor-analizan-la-ausencia-de-politica-en-el-cine-espanol\/","name":"Gabilondo y Ana Pastor analizan la ausencia de pol\u00edtica en el cine espa\u00f1ol | El Digital de Asturias","description":"Madrid, 31 may (EFE).- Los periodistas I\u00f1aki Gabilondo y Ana Pastor analizan ma\u00f1ana, en el canal TCM, las razones por las cuales en Espa\u00f1a a\u00fan cuesta abordar con naturalidad temas pol\u00edticos en el cine, cosa que no sucede \"en el cine americano\". \"\u00bfSer\u00e1 posible ver alg\u00fan d\u00eda en Espa\u00f1a una pel\u00edcula que cuenta la vida","inLanguage":"es-ES","isPartOf":{"@id":"https:\/\/eldigitaldeasturias.com\/magazine365\/#website"},"breadcrumb":{"@id":"https:\/\/eldigitaldeasturias.com\/magazine365\/gabilondo-y-ana-pastor-analizan-la-ausencia-de-politica-en-el-cine-espanol\/#breadcrumblist"},"author":{"@id":"https:\/\/eldigitaldeasturias.com\/magazine365\/author\/admin\/#author"},"creator":{"@id":"https:\/\/eldigitaldeasturias.com\/magazine365\/author\/admin\/#author"},"image":{"@type":"ImageObject","url":"https:\/\/eldigitaldeasturias.com\/magazine365\/wp-content\/uploads\/2014\/05\/6321300w.jpg","@id":"https:\/\/eldigitaldeasturias.com\/magazine365\/gabilondo-y-ana-pastor-analizan-la-ausencia-de-politica-en-el-cine-espanol\/#mainImage","width":800,"height":600},"primaryImageOfPage":{"@id":"https:\/\/eldigitaldeasturias.com\/magazine365\/gabilondo-y-ana-pastor-analizan-la-ausencia-de-politica-en-el-cine-espanol\/#mainImage"},"datePublished":"2014-05-31T23:17:41+02:00","dateModified":"2014-05-31T23:17:41+02:00"},{"@type":"WebSite","@id":"https:\/\/eldigitaldeasturias.com\/magazine365\/#website","url":"https:\/\/eldigitaldeasturias.com\/magazine365\/","name":"El Digital de Asturias","description":"Revista de ocio, turismo y estilo de vida","inLanguage":"es-ES","publisher":{"@id":"https:\/\/eldigitaldeasturias.com\/magazine365\/#organization"}}]},"og:locale":"es_ES","og:site_name":"El Digital de Asturias \u2013 Revista de ocio, turismo y estilo de vida","og:type":"article","og:title":"Gabilondo y Ana Pastor analizan la ausencia de pol\u00edtica en el cine espa\u00f1ol | El Digital de Asturias","og:description":"Madrid, 31 may (EFE).- Los periodistas I\u00f1aki Gabilondo y Ana Pastor analizan ma\u00f1ana, en el canal TCM, las razones por las cuales en Espa\u00f1a a\u00fan cuesta abordar con naturalidad temas pol\u00edticos en el cine, cosa que no sucede &quot;en el cine americano&quot;. &quot;\u00bfSer\u00e1 posible ver alg\u00fan d\u00eda en Espa\u00f1a una pel\u00edcula que cuenta la vida","og:url":"https:\/\/eldigitaldeasturias.com\/magazine365\/gabilondo-y-ana-pastor-analizan-la-ausencia-de-politica-en-el-cine-espanol\/","og:image":"https:\/\/eldigitaldeasturias.com\/magazine365\/wp-content\/uploads\/2014\/05\/6321300w.jpg","og:image:secure_url":"https:\/\/eldigitaldeasturias.com\/magazine365\/wp-content\/uploads\/2014\/05\/6321300w.jpg","og:image:width":800,"og:image:height":600,"article:published_time":"2014-06-01T01:17:41+00:00","article:modified_time":"2014-06-01T01:17:41+00:00","twitter:card":"summary_large_image","twitter:title":"Gabilondo y Ana Pastor analizan la ausencia de pol\u00edtica en el cine espa\u00f1ol | El Digital de Asturias","twitter:description":"Madrid, 31 may (EFE).- Los periodistas I\u00f1aki Gabilondo y Ana Pastor analizan ma\u00f1ana, en el canal TCM, las razones por las cuales en Espa\u00f1a a\u00fan cuesta abordar con naturalidad temas pol\u00edticos en el cine, cosa que no sucede &quot;en el cine americano&quot;. &quot;\u00bfSer\u00e1 posible ver alg\u00fan d\u00eda en Espa\u00f1a una pel\u00edcula que cuenta la vida","twitter:image":"https:\/\/eldigitaldeasturias.com\/magazine365\/wp-content\/uploads\/2014\/05\/6321300w.jpg"},"aioseo_meta_data":{"post_id":"14602","title":null,"description":null,"keywords":null,"keyphrases":null,"primary_term":null,"canonical_url":null,"og_title":null,"og_description":null,"og_object_type":"default","og_image_type":"default","og_image_url":null,"og_image_width":null,"og_image_height":null,"og_image_custom_url":null,"og_image_custom_fields":null,"og_video":null,"og_custom_url":null,"og_article_section":null,"og_article_tags":null,"twitter_use_og":false,"twitter_card":"default","twitter_image_type":"default","twitter_image_url":null,"twitter_image_custom_url":null,"twitter_image_custom_fields":null,"twitter_title":null,"twitter_description":null,"schema":{"blockGraphs":[],"customGraphs":[],"default":{"data":{"Article":[],"Course":[],"Dataset":[],"FAQPage":[],"Movie":[],"Person":[],"Product":[],"ProductReview":[],"Car":[],"Recipe":[],"Service":[],"SoftwareApplication":[],"WebPage":[]},"graphName":"","isEnabled":true},"graphs":[],"defaultGraph":"","defaultPostTypeGraph":""},"schema_type":null,"schema_type_options":null,"pillar_content":false,"robots_default":true,"robots_noindex":false,"robots_noarchive":false,"robots_nosnippet":false,"robots_nofollow":false,"robots_noimageindex":false,"robots_noodp":false,"robots_notranslate":false,"robots_max_snippet":null,"robots_max_videopreview":null,"robots_max_imagepreview":"large","priority":null,"frequency":null,"location":null,"local_seo":null,"seo_analyzer_scan_date":"2025-09-17 10:26:18","breadcrumb_settings":null,"limit_modified_date":false,"open_ai":null,"ai":null,"created":"2021-03-09 08:13:17","updated":"2025-09-17 10:26:18"},"aioseo_breadcrumb":"<div class=\"aioseo-breadcrumbs\"><span class=\"aioseo-breadcrumb\">\n\t<a href=\"https:\/\/eldigitaldeasturias.com\/magazine365\" title=\"Home\">Home<\/a>\n<\/span><span class=\"aioseo-breadcrumb-separator\">\u2013<\/span><span class=\"aioseo-breadcrumb\">\n\t<a href=\"https:\/\/eldigitaldeasturias.com\/magazine365\/category\/noticias-actualidad\/\" title=\"Noticias y Actualidad\">Noticias y Actualidad<\/a>\n<\/span><span class=\"aioseo-breadcrumb-separator\">\u2013<\/span><span class=\"aioseo-breadcrumb\">\n\t<a href=\"https:\/\/eldigitaldeasturias.com\/magazine365\/gabilondo-y-ana-pastor-analizan-la-ausencia-de-politica-en-el-cine-espanol\/\" title=\"Gabilondo y Ana Pastor analizan la ausencia de pol\u00edtica en el cine espa\u00f1ol\">Gabilondo y Ana Pastor analizan la ausencia de pol\u00edtica en el cine espa\u00f1ol<\/a>\n<\/span><\/div>","aioseo_breadcrumb_json":[{"label":"Home","link":"https:\/\/eldigitaldeasturias.com\/magazine365"},{"label":"Noticias y Actualidad","link":"https:\/\/eldigitaldeasturias.com\/magazine365\/category\/noticias-actualidad\/"},{"label":"Gabilondo y Ana Pastor analizan la ausencia de pol\u00edtica en el cine espa\u00f1ol","link":"https:\/\/eldigitaldeasturias.com\/magazine365\/gabilondo-y-ana-pastor-analizan-la-ausencia-de-politica-en-el-cine-espanol\/"}],"_links":{"self":[{"href":"https:\/\/eldigitaldeasturias.com\/magazine365\/wp-json\/wp\/v2\/posts\/14602","targetHints":{"allow":["GET"]}}],"collection":[{"href":"https:\/\/eldigitaldeasturias.com\/magazine365\/wp-json\/wp\/v2\/posts"}],"about":[{"href":"https:\/\/eldigitaldeasturias.com\/magazine365\/wp-json\/wp\/v2\/types\/post"}],"author":[{"embeddable":true,"href":"https:\/\/eldigitaldeasturias.com\/magazine365\/wp-json\/wp\/v2\/users\/1"}],"replies":[{"embeddable":true,"href":"https:\/\/eldigitaldeasturias.com\/magazine365\/wp-json\/wp\/v2\/comments?post=14602"}],"version-history":[{"count":0,"href":"https:\/\/eldigitaldeasturias.com\/magazine365\/wp-json\/wp\/v2\/posts\/14602\/revisions"}],"wp:featuredmedia":[{"embeddable":true,"href":"https:\/\/eldigitaldeasturias.com\/magazine365\/wp-json\/wp\/v2\/media\/14603"}],"wp:attachment":[{"href":"https:\/\/eldigitaldeasturias.com\/magazine365\/wp-json\/wp\/v2\/media?parent=14602"}],"wp:term":[{"taxonomy":"category","embeddable":true,"href":"https:\/\/eldigitaldeasturias.com\/magazine365\/wp-json\/wp\/v2\/categories?post=14602"},{"taxonomy":"post_tag","embeddable":true,"href":"https:\/\/eldigitaldeasturias.com\/magazine365\/wp-json\/wp\/v2\/tags?post=14602"}],"curies":[{"name":"wp","href":"https:\/\/api.w.org\/{rel}","templated":true}]}}