{"id":14599,"date":"2014-05-31T23:16:25","date_gmt":"2014-06-01T01:16:25","guid":{"rendered":"http:\/\/eldigitaldeasturias.com\/magazine365\/?p=14599"},"modified":"2014-05-31T23:16:25","modified_gmt":"2014-06-01T01:16:25","slug":"sabroso-dice-que-siente-hasta-culpa-de-las-cosas-que-no-lleguo-a-hacer-con-dunia-ayaso","status":"publish","type":"post","link":"https:\/\/eldigitaldeasturias.com\/magazine365\/sabroso-dice-que-siente-hasta-culpa-de-las-cosas-que-no-lleguo-a-hacer-con-dunia-ayaso\/","title":{"rendered":"Sabroso dice que siente \u00abhasta culpa\u00bb de las cosas que no llegu\u00f3 a hacer con Dunia Ayaso"},"content":{"rendered":"<p><img fetchpriority=\"high\" decoding=\"async\" class=\"alignleft size-medium wp-image-14600\" alt=\"6321191w\" src=\"https:\/\/eldigitaldeasturias.com\/magazine365\/wp-content\/uploads\/2014\/05\/6321191w-360x209.jpg\" width=\"360\" height=\"209\" srcset=\"https:\/\/eldigitaldeasturias.com\/magazine365\/wp-content\/uploads\/2014\/05\/6321191w-360x209.jpg 360w, https:\/\/eldigitaldeasturias.com\/magazine365\/wp-content\/uploads\/2014\/05\/6321191w-650x378.jpg 650w, https:\/\/eldigitaldeasturias.com\/magazine365\/wp-content\/uploads\/2014\/05\/6321191w-768x446.jpg 768w, https:\/\/eldigitaldeasturias.com\/magazine365\/wp-content\/uploads\/2014\/05\/6321191w-150x87.jpg 150w, https:\/\/eldigitaldeasturias.com\/magazine365\/wp-content\/uploads\/2014\/05\/6321191w-450x262.jpg 450w, https:\/\/eldigitaldeasturias.com\/magazine365\/wp-content\/uploads\/2014\/05\/6321191w-696x405.jpg 696w, https:\/\/eldigitaldeasturias.com\/magazine365\/wp-content\/uploads\/2014\/05\/6321191w-723x420.jpg 723w, https:\/\/eldigitaldeasturias.com\/magazine365\/wp-content\/uploads\/2014\/05\/6321191w-172x100.jpg 172w, https:\/\/eldigitaldeasturias.com\/magazine365\/wp-content\/uploads\/2014\/05\/6321191w.jpg 800w\" sizes=\"(max-width: 360px) 100vw, 360px\" \/>Las Palmas de Gran Canaria, 31 may (EFE).- F\u00e9lix Sabroso se ha propuesto rodar \u00abs\u00ed o s\u00ed\u00bb en agosto \u00abEl tiempo de los monstruos\u00bb, la pel\u00edcula que escribi\u00f3 contrarreloj por la necesidad de Dunia Ayaso de volver a ponerse detr\u00e1s de la c\u00e1mara ante el avance de su enfermedad, una \u00abcomedia g\u00e9lida\u00bb para la que no lleg\u00f3 a tiempo.<\/p>\n<p>\u00abSiento una enorme alegr\u00eda por lo que hicimos juntos, pero tengo tambi\u00e9n sentimiento de culpa de las cosas que no pude hacer por los tiempos, las cosas que no pude hacer con Dunia\u00bb, ha relatado hoy Sabroso en la presentaci\u00f3n a la prensa de los primeros ensayos de la pel\u00edcula, en el Festival Internacional de Cine de Gran Canaria.<\/p>\n<p>A falta de cerrar algunas localizaciones y con un proceso acelerado de b\u00fasqueda de financiaci\u00f3n, el film cuenta ya con un reparto en el que figuran Javier C\u00e1mara, Ra\u00fal Ar\u00e9valo, Candela Pe\u00f1a, Pep\u00f3n Nieto, Carmen Machi, Jorge Monge y Pilar Castro, cuyo compromiso con este proyecto tambi\u00e9n tiene mucho de homenaje a la directora grancanaria, que falleci\u00f3 el pasado 28 de febrero.<\/p>\n<p>\u00abEsta es una pel\u00edcula que escrib\u00ed a finales del a\u00f1o pasado con la prisa que me exig\u00eda la propia Dunia, porque ten\u00eda mucho inter\u00e9s en rodar una nueva pel\u00edcula. Se escribi\u00f3 para que se pudiese hacer y levantar en muy poco tiempo\u00bb, ha explicado hoy Sabroso, la pareja sentimental y art\u00edstica de Ayaso hasta su muerte.<\/p>\n<p>El cineasta grancanario ha explicado que el impulso que le est\u00e1 dando su deseo de dedicar este trabajo a Dunia Ayaso le ayuda a \u00ablevantarlo en contra de los elementos, aunque tambi\u00e9n a favor de la energ\u00eda de un mont\u00f3n de gente que apuesta por el proyecto de una manera generosa y con mucha fe en el gui\u00f3n\u00bb.<\/p>\n<p>\u00abMe embarco en una nueva aventura sin la presencia de Dunia, pero no sin su energ\u00eda, sin su experiencia y sin todo lo que ha supuesto para m\u00ed compartir la vida con ella, que ha sido un fest\u00edn y una &#8216;dolce vita'\u00bb, ha asegurado, emocionado, el director de obras como \u00abPerdona bonita, pero Lucas me quer\u00eda a m\u00ed\u00bb o \u00abLa isla interior\u00bb.<\/p>\n<p>Su nueva pel\u00edcula puede considerarse, seg\u00fan su autor, una comedia, pero una \u00abcomedia g\u00e9lida\u00bb que tiene mucho de personal y cuyas historias se nutren de sus vivencias de la forma que Ayaso y \u00e9l ten\u00edan de abordar la ficci\u00f3n y las relaciones humanas.<\/p>\n<p>\u00abEsta pel\u00edcula es un manifiesto de lo que pensamos de las personas, de lo humano y de nuestras relaciones, de c\u00f3mo hemos construido el cine y la ficci\u00f3n a lo largo de nuestra vida. Tambi\u00e9n habla del ambiente que vivimos, en un sistema que se desmorona y en una situaci\u00f3n de desconcierto\u00bb, ha relatado el director.<\/p>\n<p>Sabroso cree que podr\u00e1 comenzar a rodar en la \u00faltima semana de julio, tiene ya casi cerrado que filmar\u00e1 en Marbella (M\u00e1laga) y le gustar\u00eda que parte de la historia discurriese tambi\u00e9n en Las Palmas de Gran Canaria.<\/p>\n<p>Los actores que se han comprometido con la pel\u00edcula le han pedido que se ruede en agosto porque es su mes libre; de hecho, Javier C\u00e1mara y Carmen Machi se caer\u00edan del reparto en otra fecha. \u00abO la ruedo en agosto o no cuento con ese casting\u00bb, ha confesado.<\/p>\n<p>El material de los primeros ensayos de \u00abEl tiempo de los monstruos\u00bb se proyectar\u00e1 esta noche en la inauguraci\u00f3n del Festival de Cine de Las Palmas de Gran Canaria, junto a \u00abLa isla interior\u00bb, el \u00faltimo largometraje del t\u00e1ndem Sabroso\/Ayaso.<\/p>\n","protected":false},"excerpt":{"rendered":"<p>Las Palmas de Gran Canaria, 31 may (EFE).- F\u00e9lix Sabroso se ha propuesto rodar \u00abs\u00ed o s\u00ed\u00bb en agosto \u00abEl tiempo de los monstruos\u00bb, la pel\u00edcula que escribi\u00f3 contrarreloj por la necesidad de Dunia Ayaso de volver a ponerse detr\u00e1s de la c\u00e1mara ante el avance de su enfermedad, una \u00abcomedia g\u00e9lida\u00bb para la que<\/p>\n","protected":false},"author":1,"featured_media":14600,"comment_status":"open","ping_status":"closed","sticky":false,"template":"","format":"standard","meta":{"footnotes":""},"categories":[224],"tags":[],"class_list":{"0":"post-14599","1":"post","2":"type-post","3":"status-publish","4":"format-standard","5":"has-post-thumbnail","7":"category-noticias-actualidad"},"aioseo_notices":[],"aioseo_head":"\n\t\t<!-- All in One SEO Pro 4.9.6.1 - aioseo.com -->\n\t<meta name=\"description\" content=\"Las Palmas de Gran Canaria, 31 may (EFE).- F\u00e9lix Sabroso se ha propuesto rodar &quot;s\u00ed o s\u00ed&quot; en agosto &quot;El tiempo de los monstruos&quot;, la pel\u00edcula que escribi\u00f3 contrarreloj por la necesidad de Dunia Ayaso de volver a ponerse detr\u00e1s de la c\u00e1mara ante el avance de su enfermedad, una &quot;comedia g\u00e9lida&quot; para la que\" \/>\n\t<meta name=\"robots\" content=\"max-image-preview:large\" \/>\n\t<meta name=\"author\" content=\"admin\"\/>\n\t<meta name=\"google-site-verification\" content=\"UA-38556648-1\" \/>\n\t<meta name=\"keywords\" content=\"noticias y actualidad\" \/>\n\t<link rel=\"canonical\" href=\"https:\/\/eldigitaldeasturias.com\/magazine365\/sabroso-dice-que-siente-hasta-culpa-de-las-cosas-que-no-lleguo-a-hacer-con-dunia-ayaso\/\" \/>\n\t<meta name=\"generator\" content=\"All in One SEO Pro (AIOSEO) 4.9.6.1\" \/>\n\t\t<meta property=\"og:locale\" content=\"es_ES\" \/>\n\t\t<meta property=\"og:site_name\" content=\"El Digital de Asturias \u2013 Revista de ocio, turismo y estilo de vida\" \/>\n\t\t<meta property=\"og:type\" content=\"article\" \/>\n\t\t<meta property=\"og:title\" content=\"Sabroso dice que siente \u00abhasta culpa\u00bb de las cosas que no llegu\u00f3 a hacer con Dunia Ayaso | El Digital de Asturias\" \/>\n\t\t<meta property=\"og:description\" content=\"Las Palmas de Gran Canaria, 31 may (EFE).- F\u00e9lix Sabroso se ha propuesto rodar &quot;s\u00ed o s\u00ed&quot; en agosto &quot;El tiempo de los monstruos&quot;, la pel\u00edcula que escribi\u00f3 contrarreloj por la necesidad de Dunia Ayaso de volver a ponerse detr\u00e1s de la c\u00e1mara ante el avance de su enfermedad, una &quot;comedia g\u00e9lida&quot; para la que\" \/>\n\t\t<meta property=\"og:url\" content=\"https:\/\/eldigitaldeasturias.com\/magazine365\/sabroso-dice-que-siente-hasta-culpa-de-las-cosas-que-no-lleguo-a-hacer-con-dunia-ayaso\/\" \/>\n\t\t<meta property=\"og:image\" content=\"https:\/\/eldigitaldeasturias.com\/magazine365\/wp-content\/uploads\/2014\/05\/6321191w.jpg\" \/>\n\t\t<meta property=\"og:image:secure_url\" content=\"https:\/\/eldigitaldeasturias.com\/magazine365\/wp-content\/uploads\/2014\/05\/6321191w.jpg\" \/>\n\t\t<meta property=\"og:image:width\" content=\"800\" \/>\n\t\t<meta property=\"og:image:height\" content=\"465\" \/>\n\t\t<meta property=\"article:published_time\" content=\"2014-06-01T01:16:25+00:00\" \/>\n\t\t<meta property=\"article:modified_time\" content=\"2014-06-01T01:16:25+00:00\" \/>\n\t\t<meta name=\"twitter:card\" content=\"summary_large_image\" \/>\n\t\t<meta name=\"twitter:title\" content=\"Sabroso dice que siente \u00abhasta culpa\u00bb de las cosas que no llegu\u00f3 a hacer con Dunia Ayaso | El Digital de Asturias\" \/>\n\t\t<meta name=\"twitter:description\" content=\"Las Palmas de Gran Canaria, 31 may (EFE).- F\u00e9lix Sabroso se ha propuesto rodar &quot;s\u00ed o s\u00ed&quot; en agosto &quot;El tiempo de los monstruos&quot;, la pel\u00edcula que escribi\u00f3 contrarreloj por la necesidad de Dunia Ayaso de volver a ponerse detr\u00e1s de la c\u00e1mara ante el avance de su enfermedad, una &quot;comedia g\u00e9lida&quot; para la que\" \/>\n\t\t<meta name=\"twitter:image\" content=\"https:\/\/eldigitaldeasturias.com\/magazine365\/wp-content\/uploads\/2014\/05\/6321191w.jpg\" \/>\n\t\t<script type=\"application\/ld+json\" class=\"aioseo-schema\">\n\t\t\t{\"@context\":\"https:\\\/\\\/schema.org\",\"@graph\":[{\"@type\":\"Article\",\"@id\":\"https:\\\/\\\/eldigitaldeasturias.com\\\/magazine365\\\/sabroso-dice-que-siente-hasta-culpa-de-las-cosas-que-no-lleguo-a-hacer-con-dunia-ayaso\\\/#article\",\"name\":\"Sabroso dice que siente \\u00abhasta culpa\\u00bb de las cosas que no llegu\\u00f3 a hacer con Dunia Ayaso | El Digital de Asturias\",\"headline\":\"Sabroso dice que siente \\u00abhasta culpa\\u00bb de las cosas que no llegu\\u00f3 a hacer con Dunia Ayaso\",\"author\":{\"@id\":\"https:\\\/\\\/eldigitaldeasturias.com\\\/magazine365\\\/author\\\/admin\\\/#author\"},\"publisher\":{\"@id\":\"https:\\\/\\\/eldigitaldeasturias.com\\\/magazine365\\\/#organization\"},\"image\":{\"@type\":\"ImageObject\",\"url\":\"https:\\\/\\\/eldigitaldeasturias.com\\\/magazine365\\\/wp-content\\\/uploads\\\/2014\\\/05\\\/6321191w.jpg\",\"width\":800,\"height\":465},\"datePublished\":\"2014-05-31T23:16:25+02:00\",\"dateModified\":\"2014-05-31T23:16:25+02:00\",\"inLanguage\":\"es-ES\",\"mainEntityOfPage\":{\"@id\":\"https:\\\/\\\/eldigitaldeasturias.com\\\/magazine365\\\/sabroso-dice-que-siente-hasta-culpa-de-las-cosas-que-no-lleguo-a-hacer-con-dunia-ayaso\\\/#webpage\"},\"isPartOf\":{\"@id\":\"https:\\\/\\\/eldigitaldeasturias.com\\\/magazine365\\\/sabroso-dice-que-siente-hasta-culpa-de-las-cosas-que-no-lleguo-a-hacer-con-dunia-ayaso\\\/#webpage\"},\"articleSection\":\"Noticias y Actualidad\"},{\"@type\":\"BreadcrumbList\",\"@id\":\"https:\\\/\\\/eldigitaldeasturias.com\\\/magazine365\\\/sabroso-dice-que-siente-hasta-culpa-de-las-cosas-que-no-lleguo-a-hacer-con-dunia-ayaso\\\/#breadcrumblist\",\"itemListElement\":[{\"@type\":\"ListItem\",\"@id\":\"https:\\\/\\\/eldigitaldeasturias.com\\\/magazine365#listItem\",\"position\":1,\"name\":\"Home\",\"item\":\"https:\\\/\\\/eldigitaldeasturias.com\\\/magazine365\",\"nextItem\":{\"@type\":\"ListItem\",\"@id\":\"https:\\\/\\\/eldigitaldeasturias.com\\\/magazine365\\\/category\\\/noticias-actualidad\\\/#listItem\",\"name\":\"Noticias y Actualidad\"}},{\"@type\":\"ListItem\",\"@id\":\"https:\\\/\\\/eldigitaldeasturias.com\\\/magazine365\\\/category\\\/noticias-actualidad\\\/#listItem\",\"position\":2,\"name\":\"Noticias y Actualidad\",\"item\":\"https:\\\/\\\/eldigitaldeasturias.com\\\/magazine365\\\/category\\\/noticias-actualidad\\\/\",\"nextItem\":{\"@type\":\"ListItem\",\"@id\":\"https:\\\/\\\/eldigitaldeasturias.com\\\/magazine365\\\/sabroso-dice-que-siente-hasta-culpa-de-las-cosas-que-no-lleguo-a-hacer-con-dunia-ayaso\\\/#listItem\",\"name\":\"Sabroso dice que siente \\u00abhasta culpa\\u00bb de las cosas que no llegu\\u00f3 a hacer con Dunia Ayaso\"},\"previousItem\":{\"@type\":\"ListItem\",\"@id\":\"https:\\\/\\\/eldigitaldeasturias.com\\\/magazine365#listItem\",\"name\":\"Home\"}},{\"@type\":\"ListItem\",\"@id\":\"https:\\\/\\\/eldigitaldeasturias.com\\\/magazine365\\\/sabroso-dice-que-siente-hasta-culpa-de-las-cosas-que-no-lleguo-a-hacer-con-dunia-ayaso\\\/#listItem\",\"position\":3,\"name\":\"Sabroso dice que siente \\u00abhasta culpa\\u00bb de las cosas que no llegu\\u00f3 a hacer con Dunia Ayaso\",\"previousItem\":{\"@type\":\"ListItem\",\"@id\":\"https:\\\/\\\/eldigitaldeasturias.com\\\/magazine365\\\/category\\\/noticias-actualidad\\\/#listItem\",\"name\":\"Noticias y Actualidad\"}}]},{\"@type\":\"Organization\",\"@id\":\"https:\\\/\\\/eldigitaldeasturias.com\\\/magazine365\\\/#organization\",\"name\":\"El digital de Asturias\",\"description\":\"Revista de ocio, turismo y estilo de vida\",\"url\":\"https:\\\/\\\/eldigitaldeasturias.com\\\/magazine365\\\/\",\"logo\":{\"@type\":\"ImageObject\",\"url\":\"https:\\\/\\\/www.eldigitaldeasturias.com\\\/noticias\\\/wp-content\\\/uploads\\\/2020\\\/12\\\/EDA.jpg\",\"@id\":\"https:\\\/\\\/eldigitaldeasturias.com\\\/magazine365\\\/sabroso-dice-que-siente-hasta-culpa-de-las-cosas-que-no-lleguo-a-hacer-con-dunia-ayaso\\\/#organizationLogo\"},\"image\":{\"@id\":\"https:\\\/\\\/eldigitaldeasturias.com\\\/magazine365\\\/sabroso-dice-que-siente-hasta-culpa-de-las-cosas-que-no-lleguo-a-hacer-con-dunia-ayaso\\\/#organizationLogo\"}},{\"@type\":\"Person\",\"@id\":\"https:\\\/\\\/eldigitaldeasturias.com\\\/magazine365\\\/author\\\/admin\\\/#author\",\"url\":\"https:\\\/\\\/eldigitaldeasturias.com\\\/magazine365\\\/author\\\/admin\\\/\",\"name\":\"admin\",\"image\":{\"@type\":\"ImageObject\",\"@id\":\"https:\\\/\\\/eldigitaldeasturias.com\\\/magazine365\\\/sabroso-dice-que-siente-hasta-culpa-de-las-cosas-que-no-lleguo-a-hacer-con-dunia-ayaso\\\/#authorImage\",\"url\":\"https:\\\/\\\/eldigitaldeasturias.com\\\/magazine365\\\/wp-content\\\/litespeed\\\/avatar\\\/e571bcf59a0edd6fa6838245a470f2fe.jpg?ver=1777574230\",\"width\":96,\"height\":96,\"caption\":\"admin\"}},{\"@type\":\"WebPage\",\"@id\":\"https:\\\/\\\/eldigitaldeasturias.com\\\/magazine365\\\/sabroso-dice-que-siente-hasta-culpa-de-las-cosas-que-no-lleguo-a-hacer-con-dunia-ayaso\\\/#webpage\",\"url\":\"https:\\\/\\\/eldigitaldeasturias.com\\\/magazine365\\\/sabroso-dice-que-siente-hasta-culpa-de-las-cosas-que-no-lleguo-a-hacer-con-dunia-ayaso\\\/\",\"name\":\"Sabroso dice que siente \\u00abhasta culpa\\u00bb de las cosas que no llegu\\u00f3 a hacer con Dunia Ayaso | El Digital de Asturias\",\"description\":\"Las Palmas de Gran Canaria, 31 may (EFE).- F\\u00e9lix Sabroso se ha propuesto rodar \\\"s\\u00ed o s\\u00ed\\\" en agosto \\\"El tiempo de los monstruos\\\", la pel\\u00edcula que escribi\\u00f3 contrarreloj por la necesidad de Dunia Ayaso de volver a ponerse detr\\u00e1s de la c\\u00e1mara ante el avance de su enfermedad, una \\\"comedia g\\u00e9lida\\\" para la que\",\"inLanguage\":\"es-ES\",\"isPartOf\":{\"@id\":\"https:\\\/\\\/eldigitaldeasturias.com\\\/magazine365\\\/#website\"},\"breadcrumb\":{\"@id\":\"https:\\\/\\\/eldigitaldeasturias.com\\\/magazine365\\\/sabroso-dice-que-siente-hasta-culpa-de-las-cosas-que-no-lleguo-a-hacer-con-dunia-ayaso\\\/#breadcrumblist\"},\"author\":{\"@id\":\"https:\\\/\\\/eldigitaldeasturias.com\\\/magazine365\\\/author\\\/admin\\\/#author\"},\"creator\":{\"@id\":\"https:\\\/\\\/eldigitaldeasturias.com\\\/magazine365\\\/author\\\/admin\\\/#author\"},\"image\":{\"@type\":\"ImageObject\",\"url\":\"https:\\\/\\\/eldigitaldeasturias.com\\\/magazine365\\\/wp-content\\\/uploads\\\/2014\\\/05\\\/6321191w.jpg\",\"@id\":\"https:\\\/\\\/eldigitaldeasturias.com\\\/magazine365\\\/sabroso-dice-que-siente-hasta-culpa-de-las-cosas-que-no-lleguo-a-hacer-con-dunia-ayaso\\\/#mainImage\",\"width\":800,\"height\":465},\"primaryImageOfPage\":{\"@id\":\"https:\\\/\\\/eldigitaldeasturias.com\\\/magazine365\\\/sabroso-dice-que-siente-hasta-culpa-de-las-cosas-que-no-lleguo-a-hacer-con-dunia-ayaso\\\/#mainImage\"},\"datePublished\":\"2014-05-31T23:16:25+02:00\",\"dateModified\":\"2014-05-31T23:16:25+02:00\"},{\"@type\":\"WebSite\",\"@id\":\"https:\\\/\\\/eldigitaldeasturias.com\\\/magazine365\\\/#website\",\"url\":\"https:\\\/\\\/eldigitaldeasturias.com\\\/magazine365\\\/\",\"name\":\"El Digital de Asturias\",\"description\":\"Revista de ocio, turismo y estilo de vida\",\"inLanguage\":\"es-ES\",\"publisher\":{\"@id\":\"https:\\\/\\\/eldigitaldeasturias.com\\\/magazine365\\\/#organization\"}}]}\n\t\t<\/script>\n\t\t<!-- All in One SEO Pro -->\r\n\t\t<title>Sabroso dice que siente \u00abhasta culpa\u00bb de las cosas que no llegu\u00f3 a hacer con Dunia Ayaso | El Digital de Asturias<\/title>\n\n","aioseo_head_json":{"title":"Sabroso dice que siente \u00abhasta culpa\u00bb de las cosas que no llegu\u00f3 a hacer con Dunia Ayaso | El Digital de Asturias","description":"Las Palmas de Gran Canaria, 31 may (EFE).- F\u00e9lix Sabroso se ha propuesto rodar \"s\u00ed o s\u00ed\" en agosto \"El tiempo de los monstruos\", la pel\u00edcula que escribi\u00f3 contrarreloj por la necesidad de Dunia Ayaso de volver a ponerse detr\u00e1s de la c\u00e1mara ante el avance de su enfermedad, una \"comedia g\u00e9lida\" para la que","canonical_url":"https:\/\/eldigitaldeasturias.com\/magazine365\/sabroso-dice-que-siente-hasta-culpa-de-las-cosas-que-no-lleguo-a-hacer-con-dunia-ayaso\/","robots":"max-image-preview:large","keywords":"noticias y actualidad","webmasterTools":{"google-site-verification":"UA-38556648-1","miscellaneous":""},"schema":{"@context":"https:\/\/schema.org","@graph":[{"@type":"Article","@id":"https:\/\/eldigitaldeasturias.com\/magazine365\/sabroso-dice-que-siente-hasta-culpa-de-las-cosas-que-no-lleguo-a-hacer-con-dunia-ayaso\/#article","name":"Sabroso dice que siente \u00abhasta culpa\u00bb de las cosas que no llegu\u00f3 a hacer con Dunia Ayaso | El Digital de Asturias","headline":"Sabroso dice que siente \u00abhasta culpa\u00bb de las cosas que no llegu\u00f3 a hacer con Dunia Ayaso","author":{"@id":"https:\/\/eldigitaldeasturias.com\/magazine365\/author\/admin\/#author"},"publisher":{"@id":"https:\/\/eldigitaldeasturias.com\/magazine365\/#organization"},"image":{"@type":"ImageObject","url":"https:\/\/eldigitaldeasturias.com\/magazine365\/wp-content\/uploads\/2014\/05\/6321191w.jpg","width":800,"height":465},"datePublished":"2014-05-31T23:16:25+02:00","dateModified":"2014-05-31T23:16:25+02:00","inLanguage":"es-ES","mainEntityOfPage":{"@id":"https:\/\/eldigitaldeasturias.com\/magazine365\/sabroso-dice-que-siente-hasta-culpa-de-las-cosas-que-no-lleguo-a-hacer-con-dunia-ayaso\/#webpage"},"isPartOf":{"@id":"https:\/\/eldigitaldeasturias.com\/magazine365\/sabroso-dice-que-siente-hasta-culpa-de-las-cosas-que-no-lleguo-a-hacer-con-dunia-ayaso\/#webpage"},"articleSection":"Noticias y Actualidad"},{"@type":"BreadcrumbList","@id":"https:\/\/eldigitaldeasturias.com\/magazine365\/sabroso-dice-que-siente-hasta-culpa-de-las-cosas-que-no-lleguo-a-hacer-con-dunia-ayaso\/#breadcrumblist","itemListElement":[{"@type":"ListItem","@id":"https:\/\/eldigitaldeasturias.com\/magazine365#listItem","position":1,"name":"Home","item":"https:\/\/eldigitaldeasturias.com\/magazine365","nextItem":{"@type":"ListItem","@id":"https:\/\/eldigitaldeasturias.com\/magazine365\/category\/noticias-actualidad\/#listItem","name":"Noticias y Actualidad"}},{"@type":"ListItem","@id":"https:\/\/eldigitaldeasturias.com\/magazine365\/category\/noticias-actualidad\/#listItem","position":2,"name":"Noticias y Actualidad","item":"https:\/\/eldigitaldeasturias.com\/magazine365\/category\/noticias-actualidad\/","nextItem":{"@type":"ListItem","@id":"https:\/\/eldigitaldeasturias.com\/magazine365\/sabroso-dice-que-siente-hasta-culpa-de-las-cosas-que-no-lleguo-a-hacer-con-dunia-ayaso\/#listItem","name":"Sabroso dice que siente \u00abhasta culpa\u00bb de las cosas que no llegu\u00f3 a hacer con Dunia Ayaso"},"previousItem":{"@type":"ListItem","@id":"https:\/\/eldigitaldeasturias.com\/magazine365#listItem","name":"Home"}},{"@type":"ListItem","@id":"https:\/\/eldigitaldeasturias.com\/magazine365\/sabroso-dice-que-siente-hasta-culpa-de-las-cosas-que-no-lleguo-a-hacer-con-dunia-ayaso\/#listItem","position":3,"name":"Sabroso dice que siente \u00abhasta culpa\u00bb de las cosas que no llegu\u00f3 a hacer con Dunia Ayaso","previousItem":{"@type":"ListItem","@id":"https:\/\/eldigitaldeasturias.com\/magazine365\/category\/noticias-actualidad\/#listItem","name":"Noticias y Actualidad"}}]},{"@type":"Organization","@id":"https:\/\/eldigitaldeasturias.com\/magazine365\/#organization","name":"El digital de Asturias","description":"Revista de ocio, turismo y estilo de vida","url":"https:\/\/eldigitaldeasturias.com\/magazine365\/","logo":{"@type":"ImageObject","url":"https:\/\/www.eldigitaldeasturias.com\/noticias\/wp-content\/uploads\/2020\/12\/EDA.jpg","@id":"https:\/\/eldigitaldeasturias.com\/magazine365\/sabroso-dice-que-siente-hasta-culpa-de-las-cosas-que-no-lleguo-a-hacer-con-dunia-ayaso\/#organizationLogo"},"image":{"@id":"https:\/\/eldigitaldeasturias.com\/magazine365\/sabroso-dice-que-siente-hasta-culpa-de-las-cosas-que-no-lleguo-a-hacer-con-dunia-ayaso\/#organizationLogo"}},{"@type":"Person","@id":"https:\/\/eldigitaldeasturias.com\/magazine365\/author\/admin\/#author","url":"https:\/\/eldigitaldeasturias.com\/magazine365\/author\/admin\/","name":"admin","image":{"@type":"ImageObject","@id":"https:\/\/eldigitaldeasturias.com\/magazine365\/sabroso-dice-que-siente-hasta-culpa-de-las-cosas-que-no-lleguo-a-hacer-con-dunia-ayaso\/#authorImage","url":"https:\/\/eldigitaldeasturias.com\/magazine365\/wp-content\/litespeed\/avatar\/e571bcf59a0edd6fa6838245a470f2fe.jpg?ver=1777574230","width":96,"height":96,"caption":"admin"}},{"@type":"WebPage","@id":"https:\/\/eldigitaldeasturias.com\/magazine365\/sabroso-dice-que-siente-hasta-culpa-de-las-cosas-que-no-lleguo-a-hacer-con-dunia-ayaso\/#webpage","url":"https:\/\/eldigitaldeasturias.com\/magazine365\/sabroso-dice-que-siente-hasta-culpa-de-las-cosas-que-no-lleguo-a-hacer-con-dunia-ayaso\/","name":"Sabroso dice que siente \u00abhasta culpa\u00bb de las cosas que no llegu\u00f3 a hacer con Dunia Ayaso | El Digital de Asturias","description":"Las Palmas de Gran Canaria, 31 may (EFE).- F\u00e9lix Sabroso se ha propuesto rodar \"s\u00ed o s\u00ed\" en agosto \"El tiempo de los monstruos\", la pel\u00edcula que escribi\u00f3 contrarreloj por la necesidad de Dunia Ayaso de volver a ponerse detr\u00e1s de la c\u00e1mara ante el avance de su enfermedad, una \"comedia g\u00e9lida\" para la que","inLanguage":"es-ES","isPartOf":{"@id":"https:\/\/eldigitaldeasturias.com\/magazine365\/#website"},"breadcrumb":{"@id":"https:\/\/eldigitaldeasturias.com\/magazine365\/sabroso-dice-que-siente-hasta-culpa-de-las-cosas-que-no-lleguo-a-hacer-con-dunia-ayaso\/#breadcrumblist"},"author":{"@id":"https:\/\/eldigitaldeasturias.com\/magazine365\/author\/admin\/#author"},"creator":{"@id":"https:\/\/eldigitaldeasturias.com\/magazine365\/author\/admin\/#author"},"image":{"@type":"ImageObject","url":"https:\/\/eldigitaldeasturias.com\/magazine365\/wp-content\/uploads\/2014\/05\/6321191w.jpg","@id":"https:\/\/eldigitaldeasturias.com\/magazine365\/sabroso-dice-que-siente-hasta-culpa-de-las-cosas-que-no-lleguo-a-hacer-con-dunia-ayaso\/#mainImage","width":800,"height":465},"primaryImageOfPage":{"@id":"https:\/\/eldigitaldeasturias.com\/magazine365\/sabroso-dice-que-siente-hasta-culpa-de-las-cosas-que-no-lleguo-a-hacer-con-dunia-ayaso\/#mainImage"},"datePublished":"2014-05-31T23:16:25+02:00","dateModified":"2014-05-31T23:16:25+02:00"},{"@type":"WebSite","@id":"https:\/\/eldigitaldeasturias.com\/magazine365\/#website","url":"https:\/\/eldigitaldeasturias.com\/magazine365\/","name":"El Digital de Asturias","description":"Revista de ocio, turismo y estilo de vida","inLanguage":"es-ES","publisher":{"@id":"https:\/\/eldigitaldeasturias.com\/magazine365\/#organization"}}]},"og:locale":"es_ES","og:site_name":"El Digital de Asturias \u2013 Revista de ocio, turismo y estilo de vida","og:type":"article","og:title":"Sabroso dice que siente \u00abhasta culpa\u00bb de las cosas que no llegu\u00f3 a hacer con Dunia Ayaso | El Digital de Asturias","og:description":"Las Palmas de Gran Canaria, 31 may (EFE).- F\u00e9lix Sabroso se ha propuesto rodar &quot;s\u00ed o s\u00ed&quot; en agosto &quot;El tiempo de los monstruos&quot;, la pel\u00edcula que escribi\u00f3 contrarreloj por la necesidad de Dunia Ayaso de volver a ponerse detr\u00e1s de la c\u00e1mara ante el avance de su enfermedad, una &quot;comedia g\u00e9lida&quot; para la que","og:url":"https:\/\/eldigitaldeasturias.com\/magazine365\/sabroso-dice-que-siente-hasta-culpa-de-las-cosas-que-no-lleguo-a-hacer-con-dunia-ayaso\/","og:image":"https:\/\/eldigitaldeasturias.com\/magazine365\/wp-content\/uploads\/2014\/05\/6321191w.jpg","og:image:secure_url":"https:\/\/eldigitaldeasturias.com\/magazine365\/wp-content\/uploads\/2014\/05\/6321191w.jpg","og:image:width":800,"og:image:height":465,"article:published_time":"2014-06-01T01:16:25+00:00","article:modified_time":"2014-06-01T01:16:25+00:00","twitter:card":"summary_large_image","twitter:title":"Sabroso dice que siente \u00abhasta culpa\u00bb de las cosas que no llegu\u00f3 a hacer con Dunia Ayaso | El Digital de Asturias","twitter:description":"Las Palmas de Gran Canaria, 31 may (EFE).- F\u00e9lix Sabroso se ha propuesto rodar &quot;s\u00ed o s\u00ed&quot; en agosto &quot;El tiempo de los monstruos&quot;, la pel\u00edcula que escribi\u00f3 contrarreloj por la necesidad de Dunia Ayaso de volver a ponerse detr\u00e1s de la c\u00e1mara ante el avance de su enfermedad, una &quot;comedia g\u00e9lida&quot; para la que","twitter:image":"https:\/\/eldigitaldeasturias.com\/magazine365\/wp-content\/uploads\/2014\/05\/6321191w.jpg"},"aioseo_meta_data":{"post_id":"14599","title":null,"description":null,"keywords":null,"keyphrases":null,"primary_term":null,"canonical_url":null,"og_title":null,"og_description":null,"og_object_type":"default","og_image_type":"default","og_image_url":null,"og_image_width":null,"og_image_height":null,"og_image_custom_url":null,"og_image_custom_fields":null,"og_video":null,"og_custom_url":null,"og_article_section":null,"og_article_tags":null,"twitter_use_og":false,"twitter_card":"default","twitter_image_type":"default","twitter_image_url":null,"twitter_image_custom_url":null,"twitter_image_custom_fields":null,"twitter_title":null,"twitter_description":null,"schema":{"blockGraphs":[],"customGraphs":[],"default":{"data":{"Article":[],"Course":[],"Dataset":[],"FAQPage":[],"Movie":[],"Person":[],"Product":[],"ProductReview":[],"Car":[],"Recipe":[],"Service":[],"SoftwareApplication":[],"WebPage":[]},"graphName":"","isEnabled":true},"graphs":[],"defaultGraph":"","defaultPostTypeGraph":""},"schema_type":null,"schema_type_options":null,"pillar_content":false,"robots_default":true,"robots_noindex":false,"robots_noarchive":false,"robots_nosnippet":false,"robots_nofollow":false,"robots_noimageindex":false,"robots_noodp":false,"robots_notranslate":false,"robots_max_snippet":null,"robots_max_videopreview":null,"robots_max_imagepreview":"large","priority":null,"frequency":null,"location":null,"local_seo":null,"seo_analyzer_scan_date":"2025-09-17 10:26:17","breadcrumb_settings":null,"limit_modified_date":false,"open_ai":null,"ai":null,"created":"2021-03-09 08:13:17","updated":"2025-09-17 10:26:17"},"aioseo_breadcrumb":"<div class=\"aioseo-breadcrumbs\"><span class=\"aioseo-breadcrumb\">\n\t<a href=\"https:\/\/eldigitaldeasturias.com\/magazine365\" title=\"Home\">Home<\/a>\n<\/span><span class=\"aioseo-breadcrumb-separator\">\u2013<\/span><span class=\"aioseo-breadcrumb\">\n\t<a href=\"https:\/\/eldigitaldeasturias.com\/magazine365\/category\/noticias-actualidad\/\" title=\"Noticias y Actualidad\">Noticias y Actualidad<\/a>\n<\/span><span class=\"aioseo-breadcrumb-separator\">\u2013<\/span><span class=\"aioseo-breadcrumb\">\n\t<a href=\"https:\/\/eldigitaldeasturias.com\/magazine365\/sabroso-dice-que-siente-hasta-culpa-de-las-cosas-que-no-lleguo-a-hacer-con-dunia-ayaso\/\" title=\"Sabroso dice que siente \u00abhasta culpa\u00bb de las cosas que no llegu\u00f3 a hacer con Dunia Ayaso\">Sabroso dice que siente \u00abhasta culpa\u00bb de las cosas que no llegu\u00f3 a hacer con Dunia Ayaso<\/a>\n<\/span><\/div>","aioseo_breadcrumb_json":[{"label":"Home","link":"https:\/\/eldigitaldeasturias.com\/magazine365"},{"label":"Noticias y Actualidad","link":"https:\/\/eldigitaldeasturias.com\/magazine365\/category\/noticias-actualidad\/"},{"label":"Sabroso dice que siente \u00abhasta culpa\u00bb de las cosas que no llegu\u00f3 a hacer con Dunia Ayaso","link":"https:\/\/eldigitaldeasturias.com\/magazine365\/sabroso-dice-que-siente-hasta-culpa-de-las-cosas-que-no-lleguo-a-hacer-con-dunia-ayaso\/"}],"_links":{"self":[{"href":"https:\/\/eldigitaldeasturias.com\/magazine365\/wp-json\/wp\/v2\/posts\/14599","targetHints":{"allow":["GET"]}}],"collection":[{"href":"https:\/\/eldigitaldeasturias.com\/magazine365\/wp-json\/wp\/v2\/posts"}],"about":[{"href":"https:\/\/eldigitaldeasturias.com\/magazine365\/wp-json\/wp\/v2\/types\/post"}],"author":[{"embeddable":true,"href":"https:\/\/eldigitaldeasturias.com\/magazine365\/wp-json\/wp\/v2\/users\/1"}],"replies":[{"embeddable":true,"href":"https:\/\/eldigitaldeasturias.com\/magazine365\/wp-json\/wp\/v2\/comments?post=14599"}],"version-history":[{"count":0,"href":"https:\/\/eldigitaldeasturias.com\/magazine365\/wp-json\/wp\/v2\/posts\/14599\/revisions"}],"wp:featuredmedia":[{"embeddable":true,"href":"https:\/\/eldigitaldeasturias.com\/magazine365\/wp-json\/wp\/v2\/media\/14600"}],"wp:attachment":[{"href":"https:\/\/eldigitaldeasturias.com\/magazine365\/wp-json\/wp\/v2\/media?parent=14599"}],"wp:term":[{"taxonomy":"category","embeddable":true,"href":"https:\/\/eldigitaldeasturias.com\/magazine365\/wp-json\/wp\/v2\/categories?post=14599"},{"taxonomy":"post_tag","embeddable":true,"href":"https:\/\/eldigitaldeasturias.com\/magazine365\/wp-json\/wp\/v2\/tags?post=14599"}],"curies":[{"name":"wp","href":"https:\/\/api.w.org\/{rel}","templated":true}]}}