{"id":14596,"date":"2014-05-31T23:15:05","date_gmt":"2014-06-01T01:15:05","guid":{"rendered":"http:\/\/eldigitaldeasturias.com\/magazine365\/?p=14596"},"modified":"2014-05-31T23:15:05","modified_gmt":"2014-06-01T01:15:05","slug":"el-papa-francisco-rajoy-y-conchita-wurst-se-asoman-en-forma-de-ninots","status":"publish","type":"post","link":"https:\/\/eldigitaldeasturias.com\/magazine365\/el-papa-francisco-rajoy-y-conchita-wurst-se-asoman-en-forma-de-ninots\/","title":{"rendered":"El papa Francisco, Rajoy y Conchita Wurst se asoman en forma de ninots"},"content":{"rendered":"<p><img fetchpriority=\"high\" decoding=\"async\" class=\"alignleft size-medium wp-image-14597\" alt=\"6321250w\" src=\"https:\/\/eldigitaldeasturias.com\/magazine365\/wp-content\/uploads\/2014\/05\/6321250w-360x239.jpg\" width=\"360\" height=\"239\" srcset=\"https:\/\/eldigitaldeasturias.com\/magazine365\/wp-content\/uploads\/2014\/05\/6321250w-360x239.jpg 360w, https:\/\/eldigitaldeasturias.com\/magazine365\/wp-content\/uploads\/2014\/05\/6321250w-650x432.jpg 650w, https:\/\/eldigitaldeasturias.com\/magazine365\/wp-content\/uploads\/2014\/05\/6321250w-768x511.jpg 768w, https:\/\/eldigitaldeasturias.com\/magazine365\/wp-content\/uploads\/2014\/05\/6321250w-150x100.jpg 150w, https:\/\/eldigitaldeasturias.com\/magazine365\/wp-content\/uploads\/2014\/05\/6321250w-450x299.jpg 450w, https:\/\/eldigitaldeasturias.com\/magazine365\/wp-content\/uploads\/2014\/05\/6321250w-696x463.jpg 696w, https:\/\/eldigitaldeasturias.com\/magazine365\/wp-content\/uploads\/2014\/05\/6321250w-632x420.jpg 632w, https:\/\/eldigitaldeasturias.com\/magazine365\/wp-content\/uploads\/2014\/05\/6321250w-84x55.jpg 84w, https:\/\/eldigitaldeasturias.com\/magazine365\/wp-content\/uploads\/2014\/05\/6321250w.jpg 800w\" sizes=\"(max-width: 360px) 100vw, 360px\" \/>Alicante, 31 may (EFE).- Aunque todav\u00eda faltan 20 d\u00edas para que Alicante inicie sus fiestas mayores, los ninots de sus Hogueras ya han hecho acto de presencia, y con ellos las primeras cr\u00edticas, especialmente a los recortes, y los primeros personajes, como el papa Francisco, Mariano Rajoy y hasta la ganadora de Eurovisi\u00f3n.<\/p>\n<p>Imaginaci\u00f3n sostenida sobre realidad social, oficio y arte mostrado con iron\u00eda, y trabajo de mucho meses para disfrute de unos d\u00edas son las piezas angulares de los artistas de Hogueras a la hora de pensar, crear y dar forma a lo que pasa por sus mentes.<\/p>\n<p>Cada uno apuesta por su particular verso, ya sea en forma de cr\u00edtica hacia lo que no gusta, o de homenaje hacia quienes est\u00e1n o ya no est\u00e1n porque su labor merece un reconocimiento.<\/p>\n<p>As\u00ed surgen los ninots, unos personajes de cart\u00f3n cuyo modelado, gesto y caracterizaci\u00f3n les otorga el privilegio de tener \u00abvida\u00bb y que son piezas fundamentales de cada una de las hogueras que se plantan y se queman en Alicante entre el 20 y el 24 de junio.<\/p>\n<p>La exposici\u00f3n del Ninot, que ya ha abierto sus puertas y que re\u00fane a cerca de un centenar de estos personajes, supone un adelanto para vecinos y turistas, ya que deja entrever qui\u00e9nes ser\u00e1n los \u00abprotagonistas\u00bb de las fiestas.<\/p>\n<p>Un recorrido por sus tres salas permite observar al presidente del Gobierno, Mariano Rajoy, vestido de Robin Hood, como as\u00ed lo ha modelado y \u00abvestido\u00bb el artista Manuel Algarra, o caracterizado como un vikingo poderoso, obra de Juan Carlos Asensi.<\/p>\n<p>La pol\u00edtica est\u00e1 presente en esta muestra y, obviamente, tambi\u00e9n la cr\u00edtica. Un gondolero veneciano arrastra un \u00abcarnaval\u00bb de imputados, un pol\u00edtico (obra de Manuel Algarra) pinta de rosa un excremento porque \u00abtodo se puede vender bien aunque sea malo\u00bb y dos chorizos, ataviados de corbata y con carteras, se queman en una barbacoa.<\/p>\n<p>Los hay de recuerdo a los que ya no est\u00e1n, como las dos obras dedicadas a Paco de Luc\u00eda. En una de ellas (obra de Jos\u00e9 Lafarga) el maestro aparece alado y sobre una nube tocando la guitarra, mientras que en la otra (del artista Juan Alberto Navarro) figura como \u00abel coraz\u00f3n\u00bb del sentimiento musical de Andaluc\u00eda.<\/p>\n<p>Hay gui\u00f1os al cine, como un Fauno -al estilo Guillermo del Toro- triste por la situaci\u00f3n del cine espa\u00f1ol, y a Eurovisi\u00f3n, cuya ganadora de la \u00faltima edici\u00f3n, Conchita Wurst, figura en dos obras, una en plan diva y triunfadora, mientras que en la otra aparece jugando a los dardos sobre una diana con una foto de Putin.<\/p>\n<p>En otra creaci\u00f3n art\u00edstica, dos rusos ataviados con sus trajes t\u00edpicos se besan ante el Kremlin cerrando as\u00ed el c\u00edrculo de esta cr\u00edtica a la homofobia.<\/p>\n<p>No falta a esta cita el papa Francisco sobre cuyos hombros descansan un \u00abangelical\u00bb Benedicto XVI y el \u00abdiablillo\u00bb Antonio Mar\u00eda Rouco (obra de Paco Juan).<\/p>\n<p>Temas locales, como el H\u00e9rcules C.F o personajes importantes en esta tierra como el escritor Enrique Cerd\u00e1n Tato y los fot\u00f3grafos Rafa y Perfecto Arjones tambi\u00e9n tienen su espacio en esta muestra.<\/p>\n<p>Sin embargo, lo que sorprende al espectador es la \u00abausencia\u00bb de ninot en la apuesta del artista Pere Baenas, quien ha optado por presentar una silla blanca vac\u00eda sobre cuyo asiento descansa una hoja de papel con el texto: \u00abHe ido a cobrar ahora vuelvo\u00bb.<\/p>\n<p>&nbsp;<\/p>\n<p>Por Alberto Santacruz<\/p>\n","protected":false},"excerpt":{"rendered":"<p>Alicante, 31 may (EFE).- Aunque todav\u00eda faltan 20 d\u00edas para que Alicante inicie sus fiestas mayores, los ninots de sus Hogueras ya han hecho acto de presencia, y con ellos las primeras cr\u00edticas, especialmente a los recortes, y los primeros personajes, como el papa Francisco, Mariano Rajoy y hasta la ganadora de Eurovisi\u00f3n. Imaginaci\u00f3n sostenida<\/p>\n","protected":false},"author":1,"featured_media":14597,"comment_status":"open","ping_status":"closed","sticky":false,"template":"","format":"standard","meta":{"footnotes":""},"categories":[224],"tags":[],"class_list":{"0":"post-14596","1":"post","2":"type-post","3":"status-publish","4":"format-standard","5":"has-post-thumbnail","7":"category-noticias-actualidad"},"aioseo_notices":[],"aioseo_head":"\n\t\t<!-- All in One SEO Pro 4.9.6.1 - aioseo.com -->\n\t<meta name=\"description\" content=\"Alicante, 31 may (EFE).- Aunque todav\u00eda faltan 20 d\u00edas para que Alicante inicie sus fiestas mayores, los ninots de sus Hogueras ya han hecho acto de presencia, y con ellos las primeras cr\u00edticas, especialmente a los recortes, y los primeros personajes, como el papa Francisco, Mariano Rajoy y hasta la ganadora de Eurovisi\u00f3n. Imaginaci\u00f3n sostenida\" \/>\n\t<meta name=\"robots\" content=\"max-image-preview:large\" \/>\n\t<meta name=\"author\" content=\"admin\"\/>\n\t<meta name=\"google-site-verification\" content=\"UA-38556648-1\" \/>\n\t<meta name=\"keywords\" content=\"noticias y actualidad\" \/>\n\t<link rel=\"canonical\" href=\"https:\/\/eldigitaldeasturias.com\/magazine365\/el-papa-francisco-rajoy-y-conchita-wurst-se-asoman-en-forma-de-ninots\/\" \/>\n\t<meta name=\"generator\" content=\"All in One SEO Pro (AIOSEO) 4.9.6.1\" \/>\n\t\t<meta property=\"og:locale\" content=\"es_ES\" \/>\n\t\t<meta property=\"og:site_name\" content=\"El Digital de Asturias \u2013 Revista de ocio, turismo y estilo de vida\" \/>\n\t\t<meta property=\"og:type\" content=\"article\" \/>\n\t\t<meta property=\"og:title\" content=\"El papa Francisco, Rajoy y Conchita Wurst se asoman en forma de ninots | El Digital de Asturias\" \/>\n\t\t<meta property=\"og:description\" content=\"Alicante, 31 may (EFE).- Aunque todav\u00eda faltan 20 d\u00edas para que Alicante inicie sus fiestas mayores, los ninots de sus Hogueras ya han hecho acto de presencia, y con ellos las primeras cr\u00edticas, especialmente a los recortes, y los primeros personajes, como el papa Francisco, Mariano Rajoy y hasta la ganadora de Eurovisi\u00f3n. Imaginaci\u00f3n sostenida\" \/>\n\t\t<meta property=\"og:url\" content=\"https:\/\/eldigitaldeasturias.com\/magazine365\/el-papa-francisco-rajoy-y-conchita-wurst-se-asoman-en-forma-de-ninots\/\" \/>\n\t\t<meta property=\"og:image\" content=\"https:\/\/eldigitaldeasturias.com\/magazine365\/wp-content\/uploads\/2014\/05\/6321250w.jpg\" \/>\n\t\t<meta property=\"og:image:secure_url\" content=\"https:\/\/eldigitaldeasturias.com\/magazine365\/wp-content\/uploads\/2014\/05\/6321250w.jpg\" \/>\n\t\t<meta property=\"og:image:width\" content=\"800\" \/>\n\t\t<meta property=\"og:image:height\" content=\"532\" \/>\n\t\t<meta property=\"article:published_time\" content=\"2014-06-01T01:15:05+00:00\" \/>\n\t\t<meta property=\"article:modified_time\" content=\"2014-06-01T01:15:05+00:00\" \/>\n\t\t<meta name=\"twitter:card\" content=\"summary_large_image\" \/>\n\t\t<meta name=\"twitter:title\" content=\"El papa Francisco, Rajoy y Conchita Wurst se asoman en forma de ninots | El Digital de Asturias\" \/>\n\t\t<meta name=\"twitter:description\" content=\"Alicante, 31 may (EFE).- Aunque todav\u00eda faltan 20 d\u00edas para que Alicante inicie sus fiestas mayores, los ninots de sus Hogueras ya han hecho acto de presencia, y con ellos las primeras cr\u00edticas, especialmente a los recortes, y los primeros personajes, como el papa Francisco, Mariano Rajoy y hasta la ganadora de Eurovisi\u00f3n. Imaginaci\u00f3n sostenida\" \/>\n\t\t<meta name=\"twitter:image\" content=\"https:\/\/eldigitaldeasturias.com\/magazine365\/wp-content\/uploads\/2014\/05\/6321250w.jpg\" \/>\n\t\t<script type=\"application\/ld+json\" class=\"aioseo-schema\">\n\t\t\t{\"@context\":\"https:\\\/\\\/schema.org\",\"@graph\":[{\"@type\":\"Article\",\"@id\":\"https:\\\/\\\/eldigitaldeasturias.com\\\/magazine365\\\/el-papa-francisco-rajoy-y-conchita-wurst-se-asoman-en-forma-de-ninots\\\/#article\",\"name\":\"El papa Francisco, Rajoy y Conchita Wurst se asoman en forma de ninots | El Digital de Asturias\",\"headline\":\"El papa Francisco, Rajoy y Conchita Wurst se asoman en forma de ninots\",\"author\":{\"@id\":\"https:\\\/\\\/eldigitaldeasturias.com\\\/magazine365\\\/author\\\/admin\\\/#author\"},\"publisher\":{\"@id\":\"https:\\\/\\\/eldigitaldeasturias.com\\\/magazine365\\\/#organization\"},\"image\":{\"@type\":\"ImageObject\",\"url\":\"https:\\\/\\\/eldigitaldeasturias.com\\\/magazine365\\\/wp-content\\\/uploads\\\/2014\\\/05\\\/6321250w.jpg\",\"width\":800,\"height\":532},\"datePublished\":\"2014-05-31T23:15:05+02:00\",\"dateModified\":\"2014-05-31T23:15:05+02:00\",\"inLanguage\":\"es-ES\",\"mainEntityOfPage\":{\"@id\":\"https:\\\/\\\/eldigitaldeasturias.com\\\/magazine365\\\/el-papa-francisco-rajoy-y-conchita-wurst-se-asoman-en-forma-de-ninots\\\/#webpage\"},\"isPartOf\":{\"@id\":\"https:\\\/\\\/eldigitaldeasturias.com\\\/magazine365\\\/el-papa-francisco-rajoy-y-conchita-wurst-se-asoman-en-forma-de-ninots\\\/#webpage\"},\"articleSection\":\"Noticias y Actualidad\"},{\"@type\":\"BreadcrumbList\",\"@id\":\"https:\\\/\\\/eldigitaldeasturias.com\\\/magazine365\\\/el-papa-francisco-rajoy-y-conchita-wurst-se-asoman-en-forma-de-ninots\\\/#breadcrumblist\",\"itemListElement\":[{\"@type\":\"ListItem\",\"@id\":\"https:\\\/\\\/eldigitaldeasturias.com\\\/magazine365#listItem\",\"position\":1,\"name\":\"Home\",\"item\":\"https:\\\/\\\/eldigitaldeasturias.com\\\/magazine365\",\"nextItem\":{\"@type\":\"ListItem\",\"@id\":\"https:\\\/\\\/eldigitaldeasturias.com\\\/magazine365\\\/category\\\/noticias-actualidad\\\/#listItem\",\"name\":\"Noticias y Actualidad\"}},{\"@type\":\"ListItem\",\"@id\":\"https:\\\/\\\/eldigitaldeasturias.com\\\/magazine365\\\/category\\\/noticias-actualidad\\\/#listItem\",\"position\":2,\"name\":\"Noticias y Actualidad\",\"item\":\"https:\\\/\\\/eldigitaldeasturias.com\\\/magazine365\\\/category\\\/noticias-actualidad\\\/\",\"nextItem\":{\"@type\":\"ListItem\",\"@id\":\"https:\\\/\\\/eldigitaldeasturias.com\\\/magazine365\\\/el-papa-francisco-rajoy-y-conchita-wurst-se-asoman-en-forma-de-ninots\\\/#listItem\",\"name\":\"El papa Francisco, Rajoy y Conchita Wurst se asoman en forma de ninots\"},\"previousItem\":{\"@type\":\"ListItem\",\"@id\":\"https:\\\/\\\/eldigitaldeasturias.com\\\/magazine365#listItem\",\"name\":\"Home\"}},{\"@type\":\"ListItem\",\"@id\":\"https:\\\/\\\/eldigitaldeasturias.com\\\/magazine365\\\/el-papa-francisco-rajoy-y-conchita-wurst-se-asoman-en-forma-de-ninots\\\/#listItem\",\"position\":3,\"name\":\"El papa Francisco, Rajoy y Conchita Wurst se asoman en forma de ninots\",\"previousItem\":{\"@type\":\"ListItem\",\"@id\":\"https:\\\/\\\/eldigitaldeasturias.com\\\/magazine365\\\/category\\\/noticias-actualidad\\\/#listItem\",\"name\":\"Noticias y Actualidad\"}}]},{\"@type\":\"Organization\",\"@id\":\"https:\\\/\\\/eldigitaldeasturias.com\\\/magazine365\\\/#organization\",\"name\":\"El digital de Asturias\",\"description\":\"Revista de ocio, turismo y estilo de vida\",\"url\":\"https:\\\/\\\/eldigitaldeasturias.com\\\/magazine365\\\/\",\"logo\":{\"@type\":\"ImageObject\",\"url\":\"https:\\\/\\\/www.eldigitaldeasturias.com\\\/noticias\\\/wp-content\\\/uploads\\\/2020\\\/12\\\/EDA.jpg\",\"@id\":\"https:\\\/\\\/eldigitaldeasturias.com\\\/magazine365\\\/el-papa-francisco-rajoy-y-conchita-wurst-se-asoman-en-forma-de-ninots\\\/#organizationLogo\"},\"image\":{\"@id\":\"https:\\\/\\\/eldigitaldeasturias.com\\\/magazine365\\\/el-papa-francisco-rajoy-y-conchita-wurst-se-asoman-en-forma-de-ninots\\\/#organizationLogo\"}},{\"@type\":\"Person\",\"@id\":\"https:\\\/\\\/eldigitaldeasturias.com\\\/magazine365\\\/author\\\/admin\\\/#author\",\"url\":\"https:\\\/\\\/eldigitaldeasturias.com\\\/magazine365\\\/author\\\/admin\\\/\",\"name\":\"admin\",\"image\":{\"@type\":\"ImageObject\",\"@id\":\"https:\\\/\\\/eldigitaldeasturias.com\\\/magazine365\\\/el-papa-francisco-rajoy-y-conchita-wurst-se-asoman-en-forma-de-ninots\\\/#authorImage\",\"url\":\"https:\\\/\\\/eldigitaldeasturias.com\\\/magazine365\\\/wp-content\\\/litespeed\\\/avatar\\\/e571bcf59a0edd6fa6838245a470f2fe.jpg?ver=1777574230\",\"width\":96,\"height\":96,\"caption\":\"admin\"}},{\"@type\":\"WebPage\",\"@id\":\"https:\\\/\\\/eldigitaldeasturias.com\\\/magazine365\\\/el-papa-francisco-rajoy-y-conchita-wurst-se-asoman-en-forma-de-ninots\\\/#webpage\",\"url\":\"https:\\\/\\\/eldigitaldeasturias.com\\\/magazine365\\\/el-papa-francisco-rajoy-y-conchita-wurst-se-asoman-en-forma-de-ninots\\\/\",\"name\":\"El papa Francisco, Rajoy y Conchita Wurst se asoman en forma de ninots | El Digital de Asturias\",\"description\":\"Alicante, 31 may (EFE).- Aunque todav\\u00eda faltan 20 d\\u00edas para que Alicante inicie sus fiestas mayores, los ninots de sus Hogueras ya han hecho acto de presencia, y con ellos las primeras cr\\u00edticas, especialmente a los recortes, y los primeros personajes, como el papa Francisco, Mariano Rajoy y hasta la ganadora de Eurovisi\\u00f3n. Imaginaci\\u00f3n sostenida\",\"inLanguage\":\"es-ES\",\"isPartOf\":{\"@id\":\"https:\\\/\\\/eldigitaldeasturias.com\\\/magazine365\\\/#website\"},\"breadcrumb\":{\"@id\":\"https:\\\/\\\/eldigitaldeasturias.com\\\/magazine365\\\/el-papa-francisco-rajoy-y-conchita-wurst-se-asoman-en-forma-de-ninots\\\/#breadcrumblist\"},\"author\":{\"@id\":\"https:\\\/\\\/eldigitaldeasturias.com\\\/magazine365\\\/author\\\/admin\\\/#author\"},\"creator\":{\"@id\":\"https:\\\/\\\/eldigitaldeasturias.com\\\/magazine365\\\/author\\\/admin\\\/#author\"},\"image\":{\"@type\":\"ImageObject\",\"url\":\"https:\\\/\\\/eldigitaldeasturias.com\\\/magazine365\\\/wp-content\\\/uploads\\\/2014\\\/05\\\/6321250w.jpg\",\"@id\":\"https:\\\/\\\/eldigitaldeasturias.com\\\/magazine365\\\/el-papa-francisco-rajoy-y-conchita-wurst-se-asoman-en-forma-de-ninots\\\/#mainImage\",\"width\":800,\"height\":532},\"primaryImageOfPage\":{\"@id\":\"https:\\\/\\\/eldigitaldeasturias.com\\\/magazine365\\\/el-papa-francisco-rajoy-y-conchita-wurst-se-asoman-en-forma-de-ninots\\\/#mainImage\"},\"datePublished\":\"2014-05-31T23:15:05+02:00\",\"dateModified\":\"2014-05-31T23:15:05+02:00\"},{\"@type\":\"WebSite\",\"@id\":\"https:\\\/\\\/eldigitaldeasturias.com\\\/magazine365\\\/#website\",\"url\":\"https:\\\/\\\/eldigitaldeasturias.com\\\/magazine365\\\/\",\"name\":\"El Digital de Asturias\",\"description\":\"Revista de ocio, turismo y estilo de vida\",\"inLanguage\":\"es-ES\",\"publisher\":{\"@id\":\"https:\\\/\\\/eldigitaldeasturias.com\\\/magazine365\\\/#organization\"}}]}\n\t\t<\/script>\n\t\t<!-- All in One SEO Pro -->\r\n\t\t<title>El papa Francisco, Rajoy y Conchita Wurst se asoman en forma de ninots | El Digital de Asturias<\/title>\n\n","aioseo_head_json":{"title":"El papa Francisco, Rajoy y Conchita Wurst se asoman en forma de ninots | El Digital de Asturias","description":"Alicante, 31 may (EFE).- Aunque todav\u00eda faltan 20 d\u00edas para que Alicante inicie sus fiestas mayores, los ninots de sus Hogueras ya han hecho acto de presencia, y con ellos las primeras cr\u00edticas, especialmente a los recortes, y los primeros personajes, como el papa Francisco, Mariano Rajoy y hasta la ganadora de Eurovisi\u00f3n. Imaginaci\u00f3n sostenida","canonical_url":"https:\/\/eldigitaldeasturias.com\/magazine365\/el-papa-francisco-rajoy-y-conchita-wurst-se-asoman-en-forma-de-ninots\/","robots":"max-image-preview:large","keywords":"noticias y actualidad","webmasterTools":{"google-site-verification":"UA-38556648-1","miscellaneous":""},"schema":{"@context":"https:\/\/schema.org","@graph":[{"@type":"Article","@id":"https:\/\/eldigitaldeasturias.com\/magazine365\/el-papa-francisco-rajoy-y-conchita-wurst-se-asoman-en-forma-de-ninots\/#article","name":"El papa Francisco, Rajoy y Conchita Wurst se asoman en forma de ninots | El Digital de Asturias","headline":"El papa Francisco, Rajoy y Conchita Wurst se asoman en forma de ninots","author":{"@id":"https:\/\/eldigitaldeasturias.com\/magazine365\/author\/admin\/#author"},"publisher":{"@id":"https:\/\/eldigitaldeasturias.com\/magazine365\/#organization"},"image":{"@type":"ImageObject","url":"https:\/\/eldigitaldeasturias.com\/magazine365\/wp-content\/uploads\/2014\/05\/6321250w.jpg","width":800,"height":532},"datePublished":"2014-05-31T23:15:05+02:00","dateModified":"2014-05-31T23:15:05+02:00","inLanguage":"es-ES","mainEntityOfPage":{"@id":"https:\/\/eldigitaldeasturias.com\/magazine365\/el-papa-francisco-rajoy-y-conchita-wurst-se-asoman-en-forma-de-ninots\/#webpage"},"isPartOf":{"@id":"https:\/\/eldigitaldeasturias.com\/magazine365\/el-papa-francisco-rajoy-y-conchita-wurst-se-asoman-en-forma-de-ninots\/#webpage"},"articleSection":"Noticias y Actualidad"},{"@type":"BreadcrumbList","@id":"https:\/\/eldigitaldeasturias.com\/magazine365\/el-papa-francisco-rajoy-y-conchita-wurst-se-asoman-en-forma-de-ninots\/#breadcrumblist","itemListElement":[{"@type":"ListItem","@id":"https:\/\/eldigitaldeasturias.com\/magazine365#listItem","position":1,"name":"Home","item":"https:\/\/eldigitaldeasturias.com\/magazine365","nextItem":{"@type":"ListItem","@id":"https:\/\/eldigitaldeasturias.com\/magazine365\/category\/noticias-actualidad\/#listItem","name":"Noticias y Actualidad"}},{"@type":"ListItem","@id":"https:\/\/eldigitaldeasturias.com\/magazine365\/category\/noticias-actualidad\/#listItem","position":2,"name":"Noticias y Actualidad","item":"https:\/\/eldigitaldeasturias.com\/magazine365\/category\/noticias-actualidad\/","nextItem":{"@type":"ListItem","@id":"https:\/\/eldigitaldeasturias.com\/magazine365\/el-papa-francisco-rajoy-y-conchita-wurst-se-asoman-en-forma-de-ninots\/#listItem","name":"El papa Francisco, Rajoy y Conchita Wurst se asoman en forma de ninots"},"previousItem":{"@type":"ListItem","@id":"https:\/\/eldigitaldeasturias.com\/magazine365#listItem","name":"Home"}},{"@type":"ListItem","@id":"https:\/\/eldigitaldeasturias.com\/magazine365\/el-papa-francisco-rajoy-y-conchita-wurst-se-asoman-en-forma-de-ninots\/#listItem","position":3,"name":"El papa Francisco, Rajoy y Conchita Wurst se asoman en forma de ninots","previousItem":{"@type":"ListItem","@id":"https:\/\/eldigitaldeasturias.com\/magazine365\/category\/noticias-actualidad\/#listItem","name":"Noticias y Actualidad"}}]},{"@type":"Organization","@id":"https:\/\/eldigitaldeasturias.com\/magazine365\/#organization","name":"El digital de Asturias","description":"Revista de ocio, turismo y estilo de vida","url":"https:\/\/eldigitaldeasturias.com\/magazine365\/","logo":{"@type":"ImageObject","url":"https:\/\/www.eldigitaldeasturias.com\/noticias\/wp-content\/uploads\/2020\/12\/EDA.jpg","@id":"https:\/\/eldigitaldeasturias.com\/magazine365\/el-papa-francisco-rajoy-y-conchita-wurst-se-asoman-en-forma-de-ninots\/#organizationLogo"},"image":{"@id":"https:\/\/eldigitaldeasturias.com\/magazine365\/el-papa-francisco-rajoy-y-conchita-wurst-se-asoman-en-forma-de-ninots\/#organizationLogo"}},{"@type":"Person","@id":"https:\/\/eldigitaldeasturias.com\/magazine365\/author\/admin\/#author","url":"https:\/\/eldigitaldeasturias.com\/magazine365\/author\/admin\/","name":"admin","image":{"@type":"ImageObject","@id":"https:\/\/eldigitaldeasturias.com\/magazine365\/el-papa-francisco-rajoy-y-conchita-wurst-se-asoman-en-forma-de-ninots\/#authorImage","url":"https:\/\/eldigitaldeasturias.com\/magazine365\/wp-content\/litespeed\/avatar\/e571bcf59a0edd6fa6838245a470f2fe.jpg?ver=1777574230","width":96,"height":96,"caption":"admin"}},{"@type":"WebPage","@id":"https:\/\/eldigitaldeasturias.com\/magazine365\/el-papa-francisco-rajoy-y-conchita-wurst-se-asoman-en-forma-de-ninots\/#webpage","url":"https:\/\/eldigitaldeasturias.com\/magazine365\/el-papa-francisco-rajoy-y-conchita-wurst-se-asoman-en-forma-de-ninots\/","name":"El papa Francisco, Rajoy y Conchita Wurst se asoman en forma de ninots | El Digital de Asturias","description":"Alicante, 31 may (EFE).- Aunque todav\u00eda faltan 20 d\u00edas para que Alicante inicie sus fiestas mayores, los ninots de sus Hogueras ya han hecho acto de presencia, y con ellos las primeras cr\u00edticas, especialmente a los recortes, y los primeros personajes, como el papa Francisco, Mariano Rajoy y hasta la ganadora de Eurovisi\u00f3n. Imaginaci\u00f3n sostenida","inLanguage":"es-ES","isPartOf":{"@id":"https:\/\/eldigitaldeasturias.com\/magazine365\/#website"},"breadcrumb":{"@id":"https:\/\/eldigitaldeasturias.com\/magazine365\/el-papa-francisco-rajoy-y-conchita-wurst-se-asoman-en-forma-de-ninots\/#breadcrumblist"},"author":{"@id":"https:\/\/eldigitaldeasturias.com\/magazine365\/author\/admin\/#author"},"creator":{"@id":"https:\/\/eldigitaldeasturias.com\/magazine365\/author\/admin\/#author"},"image":{"@type":"ImageObject","url":"https:\/\/eldigitaldeasturias.com\/magazine365\/wp-content\/uploads\/2014\/05\/6321250w.jpg","@id":"https:\/\/eldigitaldeasturias.com\/magazine365\/el-papa-francisco-rajoy-y-conchita-wurst-se-asoman-en-forma-de-ninots\/#mainImage","width":800,"height":532},"primaryImageOfPage":{"@id":"https:\/\/eldigitaldeasturias.com\/magazine365\/el-papa-francisco-rajoy-y-conchita-wurst-se-asoman-en-forma-de-ninots\/#mainImage"},"datePublished":"2014-05-31T23:15:05+02:00","dateModified":"2014-05-31T23:15:05+02:00"},{"@type":"WebSite","@id":"https:\/\/eldigitaldeasturias.com\/magazine365\/#website","url":"https:\/\/eldigitaldeasturias.com\/magazine365\/","name":"El Digital de Asturias","description":"Revista de ocio, turismo y estilo de vida","inLanguage":"es-ES","publisher":{"@id":"https:\/\/eldigitaldeasturias.com\/magazine365\/#organization"}}]},"og:locale":"es_ES","og:site_name":"El Digital de Asturias \u2013 Revista de ocio, turismo y estilo de vida","og:type":"article","og:title":"El papa Francisco, Rajoy y Conchita Wurst se asoman en forma de ninots | El Digital de Asturias","og:description":"Alicante, 31 may (EFE).- Aunque todav\u00eda faltan 20 d\u00edas para que Alicante inicie sus fiestas mayores, los ninots de sus Hogueras ya han hecho acto de presencia, y con ellos las primeras cr\u00edticas, especialmente a los recortes, y los primeros personajes, como el papa Francisco, Mariano Rajoy y hasta la ganadora de Eurovisi\u00f3n. Imaginaci\u00f3n sostenida","og:url":"https:\/\/eldigitaldeasturias.com\/magazine365\/el-papa-francisco-rajoy-y-conchita-wurst-se-asoman-en-forma-de-ninots\/","og:image":"https:\/\/eldigitaldeasturias.com\/magazine365\/wp-content\/uploads\/2014\/05\/6321250w.jpg","og:image:secure_url":"https:\/\/eldigitaldeasturias.com\/magazine365\/wp-content\/uploads\/2014\/05\/6321250w.jpg","og:image:width":800,"og:image:height":532,"article:published_time":"2014-06-01T01:15:05+00:00","article:modified_time":"2014-06-01T01:15:05+00:00","twitter:card":"summary_large_image","twitter:title":"El papa Francisco, Rajoy y Conchita Wurst se asoman en forma de ninots | El Digital de Asturias","twitter:description":"Alicante, 31 may (EFE).- Aunque todav\u00eda faltan 20 d\u00edas para que Alicante inicie sus fiestas mayores, los ninots de sus Hogueras ya han hecho acto de presencia, y con ellos las primeras cr\u00edticas, especialmente a los recortes, y los primeros personajes, como el papa Francisco, Mariano Rajoy y hasta la ganadora de Eurovisi\u00f3n. Imaginaci\u00f3n sostenida","twitter:image":"https:\/\/eldigitaldeasturias.com\/magazine365\/wp-content\/uploads\/2014\/05\/6321250w.jpg"},"aioseo_meta_data":{"post_id":"14596","title":null,"description":null,"keywords":null,"keyphrases":null,"primary_term":null,"canonical_url":null,"og_title":null,"og_description":null,"og_object_type":"default","og_image_type":"default","og_image_url":null,"og_image_width":null,"og_image_height":null,"og_image_custom_url":null,"og_image_custom_fields":null,"og_video":null,"og_custom_url":null,"og_article_section":null,"og_article_tags":null,"twitter_use_og":false,"twitter_card":"default","twitter_image_type":"default","twitter_image_url":null,"twitter_image_custom_url":null,"twitter_image_custom_fields":null,"twitter_title":null,"twitter_description":null,"schema":{"blockGraphs":[],"customGraphs":[],"default":{"data":{"Article":[],"Course":[],"Dataset":[],"FAQPage":[],"Movie":[],"Person":[],"Product":[],"ProductReview":[],"Car":[],"Recipe":[],"Service":[],"SoftwareApplication":[],"WebPage":[]},"graphName":"","isEnabled":true},"graphs":[],"defaultGraph":"","defaultPostTypeGraph":""},"schema_type":null,"schema_type_options":null,"pillar_content":false,"robots_default":true,"robots_noindex":false,"robots_noarchive":false,"robots_nosnippet":false,"robots_nofollow":false,"robots_noimageindex":false,"robots_noodp":false,"robots_notranslate":false,"robots_max_snippet":null,"robots_max_videopreview":null,"robots_max_imagepreview":"large","priority":null,"frequency":null,"location":null,"local_seo":null,"seo_analyzer_scan_date":"2025-09-17 10:26:15","breadcrumb_settings":null,"limit_modified_date":false,"open_ai":null,"ai":null,"created":"2021-03-09 08:13:17","updated":"2025-09-17 10:26:15"},"aioseo_breadcrumb":"<div class=\"aioseo-breadcrumbs\"><span class=\"aioseo-breadcrumb\">\n\t<a href=\"https:\/\/eldigitaldeasturias.com\/magazine365\" title=\"Home\">Home<\/a>\n<\/span><span class=\"aioseo-breadcrumb-separator\">\u2013<\/span><span class=\"aioseo-breadcrumb\">\n\t<a href=\"https:\/\/eldigitaldeasturias.com\/magazine365\/category\/noticias-actualidad\/\" title=\"Noticias y Actualidad\">Noticias y Actualidad<\/a>\n<\/span><span class=\"aioseo-breadcrumb-separator\">\u2013<\/span><span class=\"aioseo-breadcrumb\">\n\t<a href=\"https:\/\/eldigitaldeasturias.com\/magazine365\/el-papa-francisco-rajoy-y-conchita-wurst-se-asoman-en-forma-de-ninots\/\" title=\"El papa Francisco, Rajoy y Conchita Wurst se asoman en forma de ninots\">El papa Francisco, Rajoy y Conchita Wurst se asoman en forma de ninots<\/a>\n<\/span><\/div>","aioseo_breadcrumb_json":[{"label":"Home","link":"https:\/\/eldigitaldeasturias.com\/magazine365"},{"label":"Noticias y Actualidad","link":"https:\/\/eldigitaldeasturias.com\/magazine365\/category\/noticias-actualidad\/"},{"label":"El papa Francisco, Rajoy y Conchita Wurst se asoman en forma de ninots","link":"https:\/\/eldigitaldeasturias.com\/magazine365\/el-papa-francisco-rajoy-y-conchita-wurst-se-asoman-en-forma-de-ninots\/"}],"_links":{"self":[{"href":"https:\/\/eldigitaldeasturias.com\/magazine365\/wp-json\/wp\/v2\/posts\/14596","targetHints":{"allow":["GET"]}}],"collection":[{"href":"https:\/\/eldigitaldeasturias.com\/magazine365\/wp-json\/wp\/v2\/posts"}],"about":[{"href":"https:\/\/eldigitaldeasturias.com\/magazine365\/wp-json\/wp\/v2\/types\/post"}],"author":[{"embeddable":true,"href":"https:\/\/eldigitaldeasturias.com\/magazine365\/wp-json\/wp\/v2\/users\/1"}],"replies":[{"embeddable":true,"href":"https:\/\/eldigitaldeasturias.com\/magazine365\/wp-json\/wp\/v2\/comments?post=14596"}],"version-history":[{"count":0,"href":"https:\/\/eldigitaldeasturias.com\/magazine365\/wp-json\/wp\/v2\/posts\/14596\/revisions"}],"wp:featuredmedia":[{"embeddable":true,"href":"https:\/\/eldigitaldeasturias.com\/magazine365\/wp-json\/wp\/v2\/media\/14597"}],"wp:attachment":[{"href":"https:\/\/eldigitaldeasturias.com\/magazine365\/wp-json\/wp\/v2\/media?parent=14596"}],"wp:term":[{"taxonomy":"category","embeddable":true,"href":"https:\/\/eldigitaldeasturias.com\/magazine365\/wp-json\/wp\/v2\/categories?post=14596"},{"taxonomy":"post_tag","embeddable":true,"href":"https:\/\/eldigitaldeasturias.com\/magazine365\/wp-json\/wp\/v2\/tags?post=14596"}],"curies":[{"name":"wp","href":"https:\/\/api.w.org\/{rel}","templated":true}]}}