{"id":14587,"date":"2014-05-31T23:11:15","date_gmt":"2014-06-01T01:11:15","guid":{"rendered":"http:\/\/eldigitaldeasturias.com\/magazine365\/?p=14587"},"modified":"2014-05-31T23:11:15","modified_gmt":"2014-06-01T01:11:15","slug":"vicente-el-empresario-que-renacio-con-exito-de-sus-cenizas-al-quedarse-ciego","status":"publish","type":"post","link":"https:\/\/eldigitaldeasturias.com\/magazine365\/vicente-el-empresario-que-renacio-con-exito-de-sus-cenizas-al-quedarse-ciego\/","title":{"rendered":"Vicente, el empresario que renaci\u00f3 con \u00e9xito de sus cenizas al quedarse ciego"},"content":{"rendered":"<p><img fetchpriority=\"high\" decoding=\"async\" class=\"alignleft size-medium wp-image-14588\" alt=\"6321056w\" src=\"https:\/\/eldigitaldeasturias.com\/magazine365\/wp-content\/uploads\/2014\/05\/6321056w-214x300.jpg\" width=\"214\" height=\"300\" \/>Valencia, 31 may (EFE).- \u00abHay muchas vidas en una vida\u00bb, asegura Vicente Campos, un empresario valenciano que se qued\u00f3 ciego cuando rozaba los 30 a\u00f1os y que, lejos de hundirle, super\u00f3 con nota el \u00abreto\u00bb de esta discapacidad hasta el punto de afirmar que ahora es \u00abinmensamente m\u00e1s feliz\u00bb que cuando ve\u00eda.<\/p>\n<p>Propietario de la empresa Control de Carnes SL, dedicada al desarrollo de proyectos en el sector c\u00e1rnico, relata en una entrevista con EFE c\u00f3mo de ser un empresario de \u00e9xito pas\u00f3 a la \u00abm\u00e1s absoluta ruina\u00bb y, tras quedarse ciego y gracias a amigos que confiaron en \u00e9l, renaci\u00f3 de sus cenizas personal, familiar y laboralmente.<\/p>\n<p>Naci\u00f3 en Montserrat (Valencia) hace 49 a\u00f1os y como no le gustaba estudiar comenz\u00f3 a trabajar muy joven en el matadero de Valencia, de la mano de su padre y de su t\u00edo.<\/p>\n<p>Su \u00abhabilidad innata\u00bb para calcular el peso del ganado y clasificar los animales le dirigi\u00f3 al mundo de la compraventa y a crear en Valencia una pujante cooperativa de ganaderos.<\/p>\n<p>Con apenas 21 a\u00f1os cre\u00f3 su propia empresa de compraventa de carne, en una \u00e9poca en la que \u00abla palabra lo era todo, ten\u00eda un valor\u00bb, pero dos grandes empresas de supermercados le adeudaron una gran suma de dinero que abocaron al negocio al cierre en 1991.<\/p>\n<p>Las deudas le acuciaron y los bancos no le ayudaron. Desconoce si fue una \u00abcasualidad o causalidad\u00bb pero en ese momento comenz\u00f3 a desarrollar la enfermedad que le dej\u00f3 ciego.<\/p>\n<p>Al cerrar su empresa se vio en un callej\u00f3n sin salida -\u00abvivir conmigo era imposible\u00bb, admite- y se separ\u00f3 de su mujer, con quien ten\u00eda un hijo que ahora tiene 22 a\u00f1os, Alex, quien precisamente fue su primer b\u00e1culo.<\/p>\n<p>\u00abMe ayud\u00f3 a superar mi ceguera, la tratamos como una aventura y juntos cocin\u00e1bamos, hac\u00edamos compras &#8216;inteligentes&#8217; y con mi mano sobre su cabeza, nada nos pudo parar\u00bb, confiesa.<\/p>\n<p>Arruinado, volvi\u00f3 a Montserrat con su padre y entonces comenz\u00f3 a ver borroso: le diagnosticaron que sufr\u00eda el s\u00edndrome de Beh\u00e7et, una enfermedad autoinmune que en menos de dos a\u00f1os le dej\u00f3 ciego.<\/p>\n<p>El desarrollo de la enfermedad fue \u00abun tsunami\u00bb, con varias tromboflevitis asociadas que le imped\u00edan caminar; hospitalizado, le inyectaban cortisona dentro de los ojos para aliviar el dolor, tan intenso que finalmente tuvieron que quit\u00e1rselos.<\/p>\n<p>\u00abAl final la vida es una cuesti\u00f3n de m\u00ednimos y para m\u00ed, quedarme ciego era una ganancia\u00bb, afirma para recordar que en aquel momento su futuro inmediato \u00abera sobrevivir\u00bb.<\/p>\n<p>Pero entonces contactaron con \u00e9l Jos\u00e9 Mar\u00eda y Vicente, dos amigos con responsabilidades en Mercadona y El Corte Ingl\u00e9s, que le dieron la oportunidad de volver al negocio de la carne: \u00abCreyeron en m\u00ed cuando yo ni siquiera cre\u00eda\u00bb.<\/p>\n<p>Comenz\u00f3 entonces su recuperaci\u00f3n empresarial como gestor y ahora Campos representa a varios de los grandes grupos c\u00e1rnicos a nivel europeo: esa es su \u00abgran moraleja\u00bb, que hay \u00abmuchas vidas en una vida\u00bb.<\/p>\n<p>A su juicio, muchas veces se mitifica la superaci\u00f3n cuando una persona ciega es \u00abnormal y corriente\u00bb, que solo se diferencia a la hora de c\u00f3mo ubicarse. \u00bfLa base del \u00e9xito? \u00abTrabajo duro y cumplir todo lo que digo\u00bb.<\/p>\n<p>Alaba tambi\u00e9n la \u00abgrand\u00edsima suerte\u00bb que tuvo al conocer a su actual mujer, Pilar, cuando ella daba \u00abpor accidente\u00bb un curso en la ONCE y de quien se deshace en elogios -\u00abextraordinaria, inteligente, fuerte y tremendamente positiva\u00bb- para aseverar que este matrimonio es \u00ablo mejor\u00bb que le ha pasado en su vida.<\/p>\n<p>Con el m\u00f3vil como principal herramienta de trabajo -\u00abpuedo hacer exactamente lo mismo que cualquier persona que vea. Ser ciego es ahora bastante f\u00e1cil\u00bb, defiende-, \u00abTinto\u00bb es ahora su perro-gu\u00eda, un labrador azabache que intenta llenar el hueco dejado por \u00abEashta\u00bb, su inseparable lazarillo canino con quien convivi\u00f3 doce a\u00f1os.<\/p>\n<p>Aunque el trabajo es su \u00abdeporte preferido\u00bb, le gusta mucho escuchar m\u00fasica y leer, a pesar de que cuando estudiaba era incapaz de terminar un libro: \u00abUno aprecia las cosas cuando las pierde, es una actitud lamentable pero cierta\u00bb.<\/p>\n<p>Concha Tejerina<\/p>\n<p>&nbsp;<\/p>\n","protected":false},"excerpt":{"rendered":"<p>Valencia, 31 may (EFE).- \u00abHay muchas vidas en una vida\u00bb, asegura Vicente Campos, un empresario valenciano que se qued\u00f3 ciego cuando rozaba los 30 a\u00f1os y que, lejos de hundirle, super\u00f3 con nota el \u00abreto\u00bb de esta discapacidad hasta el punto de afirmar que ahora es \u00abinmensamente m\u00e1s feliz\u00bb que cuando ve\u00eda. Propietario de la<\/p>\n","protected":false},"author":1,"featured_media":14588,"comment_status":"open","ping_status":"closed","sticky":false,"template":"","format":"standard","meta":{"footnotes":""},"categories":[224],"tags":[],"class_list":{"0":"post-14587","1":"post","2":"type-post","3":"status-publish","4":"format-standard","5":"has-post-thumbnail","7":"category-noticias-actualidad"},"aioseo_notices":[],"aioseo_head":"\n\t\t<!-- All in One SEO Pro 4.9.6.1 - aioseo.com -->\n\t<meta name=\"description\" content=\"Valencia, 31 may (EFE).- &quot;Hay muchas vidas en una vida&quot;, asegura Vicente Campos, un empresario valenciano que se qued\u00f3 ciego cuando rozaba los 30 a\u00f1os y que, lejos de hundirle, super\u00f3 con nota el &quot;reto&quot; de esta discapacidad hasta el punto de afirmar que ahora es &quot;inmensamente m\u00e1s feliz&quot; que cuando ve\u00eda. Propietario de la\" \/>\n\t<meta name=\"robots\" content=\"max-image-preview:large\" \/>\n\t<meta name=\"author\" content=\"admin\"\/>\n\t<meta name=\"google-site-verification\" content=\"UA-38556648-1\" \/>\n\t<meta name=\"keywords\" content=\"noticias y actualidad\" \/>\n\t<link rel=\"canonical\" href=\"https:\/\/eldigitaldeasturias.com\/magazine365\/vicente-el-empresario-que-renacio-con-exito-de-sus-cenizas-al-quedarse-ciego\/\" \/>\n\t<meta name=\"generator\" content=\"All in One SEO Pro (AIOSEO) 4.9.6.1\" \/>\n\t\t<meta property=\"og:locale\" content=\"es_ES\" \/>\n\t\t<meta property=\"og:site_name\" content=\"El Digital de Asturias \u2013 Revista de ocio, turismo y estilo de vida\" \/>\n\t\t<meta property=\"og:type\" content=\"article\" \/>\n\t\t<meta property=\"og:title\" content=\"Vicente, el empresario que renaci\u00f3 con \u00e9xito de sus cenizas al quedarse ciego | El Digital de Asturias\" \/>\n\t\t<meta property=\"og:description\" content=\"Valencia, 31 may (EFE).- &quot;Hay muchas vidas en una vida&quot;, asegura Vicente Campos, un empresario valenciano que se qued\u00f3 ciego cuando rozaba los 30 a\u00f1os y que, lejos de hundirle, super\u00f3 con nota el &quot;reto&quot; de esta discapacidad hasta el punto de afirmar que ahora es &quot;inmensamente m\u00e1s feliz&quot; que cuando ve\u00eda. Propietario de la\" \/>\n\t\t<meta property=\"og:url\" content=\"https:\/\/eldigitaldeasturias.com\/magazine365\/vicente-el-empresario-que-renacio-con-exito-de-sus-cenizas-al-quedarse-ciego\/\" \/>\n\t\t<meta property=\"og:image\" content=\"https:\/\/eldigitaldeasturias.com\/magazine365\/wp-content\/uploads\/2014\/05\/6321056w.jpg\" \/>\n\t\t<meta property=\"og:image:secure_url\" content=\"https:\/\/eldigitaldeasturias.com\/magazine365\/wp-content\/uploads\/2014\/05\/6321056w.jpg\" \/>\n\t\t<meta property=\"og:image:width\" content=\"700\" \/>\n\t\t<meta property=\"og:image:height\" content=\"977\" \/>\n\t\t<meta property=\"article:published_time\" content=\"2014-06-01T01:11:15+00:00\" \/>\n\t\t<meta property=\"article:modified_time\" content=\"2014-06-01T01:11:15+00:00\" \/>\n\t\t<meta name=\"twitter:card\" content=\"summary_large_image\" \/>\n\t\t<meta name=\"twitter:title\" content=\"Vicente, el empresario que renaci\u00f3 con \u00e9xito de sus cenizas al quedarse ciego | El Digital de Asturias\" \/>\n\t\t<meta name=\"twitter:description\" content=\"Valencia, 31 may (EFE).- &quot;Hay muchas vidas en una vida&quot;, asegura Vicente Campos, un empresario valenciano que se qued\u00f3 ciego cuando rozaba los 30 a\u00f1os y que, lejos de hundirle, super\u00f3 con nota el &quot;reto&quot; de esta discapacidad hasta el punto de afirmar que ahora es &quot;inmensamente m\u00e1s feliz&quot; que cuando ve\u00eda. Propietario de la\" \/>\n\t\t<meta name=\"twitter:image\" content=\"https:\/\/eldigitaldeasturias.com\/magazine365\/wp-content\/uploads\/2014\/05\/6321056w.jpg\" \/>\n\t\t<script type=\"application\/ld+json\" class=\"aioseo-schema\">\n\t\t\t{\"@context\":\"https:\\\/\\\/schema.org\",\"@graph\":[{\"@type\":\"Article\",\"@id\":\"https:\\\/\\\/eldigitaldeasturias.com\\\/magazine365\\\/vicente-el-empresario-que-renacio-con-exito-de-sus-cenizas-al-quedarse-ciego\\\/#article\",\"name\":\"Vicente, el empresario que renaci\\u00f3 con \\u00e9xito de sus cenizas al quedarse ciego | El Digital de Asturias\",\"headline\":\"Vicente, el empresario que renaci\\u00f3 con \\u00e9xito de sus cenizas al quedarse ciego\",\"author\":{\"@id\":\"https:\\\/\\\/eldigitaldeasturias.com\\\/magazine365\\\/author\\\/admin\\\/#author\"},\"publisher\":{\"@id\":\"https:\\\/\\\/eldigitaldeasturias.com\\\/magazine365\\\/#organization\"},\"image\":{\"@type\":\"ImageObject\",\"url\":\"https:\\\/\\\/eldigitaldeasturias.com\\\/magazine365\\\/wp-content\\\/uploads\\\/2014\\\/05\\\/6321056w.jpg\",\"width\":700,\"height\":977},\"datePublished\":\"2014-05-31T23:11:15+02:00\",\"dateModified\":\"2014-05-31T23:11:15+02:00\",\"inLanguage\":\"es-ES\",\"mainEntityOfPage\":{\"@id\":\"https:\\\/\\\/eldigitaldeasturias.com\\\/magazine365\\\/vicente-el-empresario-que-renacio-con-exito-de-sus-cenizas-al-quedarse-ciego\\\/#webpage\"},\"isPartOf\":{\"@id\":\"https:\\\/\\\/eldigitaldeasturias.com\\\/magazine365\\\/vicente-el-empresario-que-renacio-con-exito-de-sus-cenizas-al-quedarse-ciego\\\/#webpage\"},\"articleSection\":\"Noticias y Actualidad\"},{\"@type\":\"BreadcrumbList\",\"@id\":\"https:\\\/\\\/eldigitaldeasturias.com\\\/magazine365\\\/vicente-el-empresario-que-renacio-con-exito-de-sus-cenizas-al-quedarse-ciego\\\/#breadcrumblist\",\"itemListElement\":[{\"@type\":\"ListItem\",\"@id\":\"https:\\\/\\\/eldigitaldeasturias.com\\\/magazine365#listItem\",\"position\":1,\"name\":\"Home\",\"item\":\"https:\\\/\\\/eldigitaldeasturias.com\\\/magazine365\",\"nextItem\":{\"@type\":\"ListItem\",\"@id\":\"https:\\\/\\\/eldigitaldeasturias.com\\\/magazine365\\\/category\\\/noticias-actualidad\\\/#listItem\",\"name\":\"Noticias y Actualidad\"}},{\"@type\":\"ListItem\",\"@id\":\"https:\\\/\\\/eldigitaldeasturias.com\\\/magazine365\\\/category\\\/noticias-actualidad\\\/#listItem\",\"position\":2,\"name\":\"Noticias y Actualidad\",\"item\":\"https:\\\/\\\/eldigitaldeasturias.com\\\/magazine365\\\/category\\\/noticias-actualidad\\\/\",\"nextItem\":{\"@type\":\"ListItem\",\"@id\":\"https:\\\/\\\/eldigitaldeasturias.com\\\/magazine365\\\/vicente-el-empresario-que-renacio-con-exito-de-sus-cenizas-al-quedarse-ciego\\\/#listItem\",\"name\":\"Vicente, el empresario que renaci\\u00f3 con \\u00e9xito de sus cenizas al quedarse ciego\"},\"previousItem\":{\"@type\":\"ListItem\",\"@id\":\"https:\\\/\\\/eldigitaldeasturias.com\\\/magazine365#listItem\",\"name\":\"Home\"}},{\"@type\":\"ListItem\",\"@id\":\"https:\\\/\\\/eldigitaldeasturias.com\\\/magazine365\\\/vicente-el-empresario-que-renacio-con-exito-de-sus-cenizas-al-quedarse-ciego\\\/#listItem\",\"position\":3,\"name\":\"Vicente, el empresario que renaci\\u00f3 con \\u00e9xito de sus cenizas al quedarse ciego\",\"previousItem\":{\"@type\":\"ListItem\",\"@id\":\"https:\\\/\\\/eldigitaldeasturias.com\\\/magazine365\\\/category\\\/noticias-actualidad\\\/#listItem\",\"name\":\"Noticias y Actualidad\"}}]},{\"@type\":\"Organization\",\"@id\":\"https:\\\/\\\/eldigitaldeasturias.com\\\/magazine365\\\/#organization\",\"name\":\"El digital de Asturias\",\"description\":\"Revista de ocio, turismo y estilo de vida\",\"url\":\"https:\\\/\\\/eldigitaldeasturias.com\\\/magazine365\\\/\",\"logo\":{\"@type\":\"ImageObject\",\"url\":\"https:\\\/\\\/www.eldigitaldeasturias.com\\\/noticias\\\/wp-content\\\/uploads\\\/2020\\\/12\\\/EDA.jpg\",\"@id\":\"https:\\\/\\\/eldigitaldeasturias.com\\\/magazine365\\\/vicente-el-empresario-que-renacio-con-exito-de-sus-cenizas-al-quedarse-ciego\\\/#organizationLogo\"},\"image\":{\"@id\":\"https:\\\/\\\/eldigitaldeasturias.com\\\/magazine365\\\/vicente-el-empresario-que-renacio-con-exito-de-sus-cenizas-al-quedarse-ciego\\\/#organizationLogo\"}},{\"@type\":\"Person\",\"@id\":\"https:\\\/\\\/eldigitaldeasturias.com\\\/magazine365\\\/author\\\/admin\\\/#author\",\"url\":\"https:\\\/\\\/eldigitaldeasturias.com\\\/magazine365\\\/author\\\/admin\\\/\",\"name\":\"admin\",\"image\":{\"@type\":\"ImageObject\",\"@id\":\"https:\\\/\\\/eldigitaldeasturias.com\\\/magazine365\\\/vicente-el-empresario-que-renacio-con-exito-de-sus-cenizas-al-quedarse-ciego\\\/#authorImage\",\"url\":\"https:\\\/\\\/eldigitaldeasturias.com\\\/magazine365\\\/wp-content\\\/litespeed\\\/avatar\\\/e571bcf59a0edd6fa6838245a470f2fe.jpg?ver=1777574230\",\"width\":96,\"height\":96,\"caption\":\"admin\"}},{\"@type\":\"WebPage\",\"@id\":\"https:\\\/\\\/eldigitaldeasturias.com\\\/magazine365\\\/vicente-el-empresario-que-renacio-con-exito-de-sus-cenizas-al-quedarse-ciego\\\/#webpage\",\"url\":\"https:\\\/\\\/eldigitaldeasturias.com\\\/magazine365\\\/vicente-el-empresario-que-renacio-con-exito-de-sus-cenizas-al-quedarse-ciego\\\/\",\"name\":\"Vicente, el empresario que renaci\\u00f3 con \\u00e9xito de sus cenizas al quedarse ciego | El Digital de Asturias\",\"description\":\"Valencia, 31 may (EFE).- \\\"Hay muchas vidas en una vida\\\", asegura Vicente Campos, un empresario valenciano que se qued\\u00f3 ciego cuando rozaba los 30 a\\u00f1os y que, lejos de hundirle, super\\u00f3 con nota el \\\"reto\\\" de esta discapacidad hasta el punto de afirmar que ahora es \\\"inmensamente m\\u00e1s feliz\\\" que cuando ve\\u00eda. Propietario de la\",\"inLanguage\":\"es-ES\",\"isPartOf\":{\"@id\":\"https:\\\/\\\/eldigitaldeasturias.com\\\/magazine365\\\/#website\"},\"breadcrumb\":{\"@id\":\"https:\\\/\\\/eldigitaldeasturias.com\\\/magazine365\\\/vicente-el-empresario-que-renacio-con-exito-de-sus-cenizas-al-quedarse-ciego\\\/#breadcrumblist\"},\"author\":{\"@id\":\"https:\\\/\\\/eldigitaldeasturias.com\\\/magazine365\\\/author\\\/admin\\\/#author\"},\"creator\":{\"@id\":\"https:\\\/\\\/eldigitaldeasturias.com\\\/magazine365\\\/author\\\/admin\\\/#author\"},\"image\":{\"@type\":\"ImageObject\",\"url\":\"https:\\\/\\\/eldigitaldeasturias.com\\\/magazine365\\\/wp-content\\\/uploads\\\/2014\\\/05\\\/6321056w.jpg\",\"@id\":\"https:\\\/\\\/eldigitaldeasturias.com\\\/magazine365\\\/vicente-el-empresario-que-renacio-con-exito-de-sus-cenizas-al-quedarse-ciego\\\/#mainImage\",\"width\":700,\"height\":977},\"primaryImageOfPage\":{\"@id\":\"https:\\\/\\\/eldigitaldeasturias.com\\\/magazine365\\\/vicente-el-empresario-que-renacio-con-exito-de-sus-cenizas-al-quedarse-ciego\\\/#mainImage\"},\"datePublished\":\"2014-05-31T23:11:15+02:00\",\"dateModified\":\"2014-05-31T23:11:15+02:00\"},{\"@type\":\"WebSite\",\"@id\":\"https:\\\/\\\/eldigitaldeasturias.com\\\/magazine365\\\/#website\",\"url\":\"https:\\\/\\\/eldigitaldeasturias.com\\\/magazine365\\\/\",\"name\":\"El Digital de Asturias\",\"description\":\"Revista de ocio, turismo y estilo de vida\",\"inLanguage\":\"es-ES\",\"publisher\":{\"@id\":\"https:\\\/\\\/eldigitaldeasturias.com\\\/magazine365\\\/#organization\"}}]}\n\t\t<\/script>\n\t\t<!-- All in One SEO Pro -->\r\n\t\t<title>Vicente, el empresario que renaci\u00f3 con \u00e9xito de sus cenizas al quedarse ciego | El Digital de Asturias<\/title>\n\n","aioseo_head_json":{"title":"Vicente, el empresario que renaci\u00f3 con \u00e9xito de sus cenizas al quedarse ciego | El Digital de Asturias","description":"Valencia, 31 may (EFE).- \"Hay muchas vidas en una vida\", asegura Vicente Campos, un empresario valenciano que se qued\u00f3 ciego cuando rozaba los 30 a\u00f1os y que, lejos de hundirle, super\u00f3 con nota el \"reto\" de esta discapacidad hasta el punto de afirmar que ahora es \"inmensamente m\u00e1s feliz\" que cuando ve\u00eda. Propietario de la","canonical_url":"https:\/\/eldigitaldeasturias.com\/magazine365\/vicente-el-empresario-que-renacio-con-exito-de-sus-cenizas-al-quedarse-ciego\/","robots":"max-image-preview:large","keywords":"noticias y actualidad","webmasterTools":{"google-site-verification":"UA-38556648-1","miscellaneous":""},"schema":{"@context":"https:\/\/schema.org","@graph":[{"@type":"Article","@id":"https:\/\/eldigitaldeasturias.com\/magazine365\/vicente-el-empresario-que-renacio-con-exito-de-sus-cenizas-al-quedarse-ciego\/#article","name":"Vicente, el empresario que renaci\u00f3 con \u00e9xito de sus cenizas al quedarse ciego | El Digital de Asturias","headline":"Vicente, el empresario que renaci\u00f3 con \u00e9xito de sus cenizas al quedarse ciego","author":{"@id":"https:\/\/eldigitaldeasturias.com\/magazine365\/author\/admin\/#author"},"publisher":{"@id":"https:\/\/eldigitaldeasturias.com\/magazine365\/#organization"},"image":{"@type":"ImageObject","url":"https:\/\/eldigitaldeasturias.com\/magazine365\/wp-content\/uploads\/2014\/05\/6321056w.jpg","width":700,"height":977},"datePublished":"2014-05-31T23:11:15+02:00","dateModified":"2014-05-31T23:11:15+02:00","inLanguage":"es-ES","mainEntityOfPage":{"@id":"https:\/\/eldigitaldeasturias.com\/magazine365\/vicente-el-empresario-que-renacio-con-exito-de-sus-cenizas-al-quedarse-ciego\/#webpage"},"isPartOf":{"@id":"https:\/\/eldigitaldeasturias.com\/magazine365\/vicente-el-empresario-que-renacio-con-exito-de-sus-cenizas-al-quedarse-ciego\/#webpage"},"articleSection":"Noticias y Actualidad"},{"@type":"BreadcrumbList","@id":"https:\/\/eldigitaldeasturias.com\/magazine365\/vicente-el-empresario-que-renacio-con-exito-de-sus-cenizas-al-quedarse-ciego\/#breadcrumblist","itemListElement":[{"@type":"ListItem","@id":"https:\/\/eldigitaldeasturias.com\/magazine365#listItem","position":1,"name":"Home","item":"https:\/\/eldigitaldeasturias.com\/magazine365","nextItem":{"@type":"ListItem","@id":"https:\/\/eldigitaldeasturias.com\/magazine365\/category\/noticias-actualidad\/#listItem","name":"Noticias y Actualidad"}},{"@type":"ListItem","@id":"https:\/\/eldigitaldeasturias.com\/magazine365\/category\/noticias-actualidad\/#listItem","position":2,"name":"Noticias y Actualidad","item":"https:\/\/eldigitaldeasturias.com\/magazine365\/category\/noticias-actualidad\/","nextItem":{"@type":"ListItem","@id":"https:\/\/eldigitaldeasturias.com\/magazine365\/vicente-el-empresario-que-renacio-con-exito-de-sus-cenizas-al-quedarse-ciego\/#listItem","name":"Vicente, el empresario que renaci\u00f3 con \u00e9xito de sus cenizas al quedarse ciego"},"previousItem":{"@type":"ListItem","@id":"https:\/\/eldigitaldeasturias.com\/magazine365#listItem","name":"Home"}},{"@type":"ListItem","@id":"https:\/\/eldigitaldeasturias.com\/magazine365\/vicente-el-empresario-que-renacio-con-exito-de-sus-cenizas-al-quedarse-ciego\/#listItem","position":3,"name":"Vicente, el empresario que renaci\u00f3 con \u00e9xito de sus cenizas al quedarse ciego","previousItem":{"@type":"ListItem","@id":"https:\/\/eldigitaldeasturias.com\/magazine365\/category\/noticias-actualidad\/#listItem","name":"Noticias y Actualidad"}}]},{"@type":"Organization","@id":"https:\/\/eldigitaldeasturias.com\/magazine365\/#organization","name":"El digital de Asturias","description":"Revista de ocio, turismo y estilo de vida","url":"https:\/\/eldigitaldeasturias.com\/magazine365\/","logo":{"@type":"ImageObject","url":"https:\/\/www.eldigitaldeasturias.com\/noticias\/wp-content\/uploads\/2020\/12\/EDA.jpg","@id":"https:\/\/eldigitaldeasturias.com\/magazine365\/vicente-el-empresario-que-renacio-con-exito-de-sus-cenizas-al-quedarse-ciego\/#organizationLogo"},"image":{"@id":"https:\/\/eldigitaldeasturias.com\/magazine365\/vicente-el-empresario-que-renacio-con-exito-de-sus-cenizas-al-quedarse-ciego\/#organizationLogo"}},{"@type":"Person","@id":"https:\/\/eldigitaldeasturias.com\/magazine365\/author\/admin\/#author","url":"https:\/\/eldigitaldeasturias.com\/magazine365\/author\/admin\/","name":"admin","image":{"@type":"ImageObject","@id":"https:\/\/eldigitaldeasturias.com\/magazine365\/vicente-el-empresario-que-renacio-con-exito-de-sus-cenizas-al-quedarse-ciego\/#authorImage","url":"https:\/\/eldigitaldeasturias.com\/magazine365\/wp-content\/litespeed\/avatar\/e571bcf59a0edd6fa6838245a470f2fe.jpg?ver=1777574230","width":96,"height":96,"caption":"admin"}},{"@type":"WebPage","@id":"https:\/\/eldigitaldeasturias.com\/magazine365\/vicente-el-empresario-que-renacio-con-exito-de-sus-cenizas-al-quedarse-ciego\/#webpage","url":"https:\/\/eldigitaldeasturias.com\/magazine365\/vicente-el-empresario-que-renacio-con-exito-de-sus-cenizas-al-quedarse-ciego\/","name":"Vicente, el empresario que renaci\u00f3 con \u00e9xito de sus cenizas al quedarse ciego | El Digital de Asturias","description":"Valencia, 31 may (EFE).- \"Hay muchas vidas en una vida\", asegura Vicente Campos, un empresario valenciano que se qued\u00f3 ciego cuando rozaba los 30 a\u00f1os y que, lejos de hundirle, super\u00f3 con nota el \"reto\" de esta discapacidad hasta el punto de afirmar que ahora es \"inmensamente m\u00e1s feliz\" que cuando ve\u00eda. Propietario de la","inLanguage":"es-ES","isPartOf":{"@id":"https:\/\/eldigitaldeasturias.com\/magazine365\/#website"},"breadcrumb":{"@id":"https:\/\/eldigitaldeasturias.com\/magazine365\/vicente-el-empresario-que-renacio-con-exito-de-sus-cenizas-al-quedarse-ciego\/#breadcrumblist"},"author":{"@id":"https:\/\/eldigitaldeasturias.com\/magazine365\/author\/admin\/#author"},"creator":{"@id":"https:\/\/eldigitaldeasturias.com\/magazine365\/author\/admin\/#author"},"image":{"@type":"ImageObject","url":"https:\/\/eldigitaldeasturias.com\/magazine365\/wp-content\/uploads\/2014\/05\/6321056w.jpg","@id":"https:\/\/eldigitaldeasturias.com\/magazine365\/vicente-el-empresario-que-renacio-con-exito-de-sus-cenizas-al-quedarse-ciego\/#mainImage","width":700,"height":977},"primaryImageOfPage":{"@id":"https:\/\/eldigitaldeasturias.com\/magazine365\/vicente-el-empresario-que-renacio-con-exito-de-sus-cenizas-al-quedarse-ciego\/#mainImage"},"datePublished":"2014-05-31T23:11:15+02:00","dateModified":"2014-05-31T23:11:15+02:00"},{"@type":"WebSite","@id":"https:\/\/eldigitaldeasturias.com\/magazine365\/#website","url":"https:\/\/eldigitaldeasturias.com\/magazine365\/","name":"El Digital de Asturias","description":"Revista de ocio, turismo y estilo de vida","inLanguage":"es-ES","publisher":{"@id":"https:\/\/eldigitaldeasturias.com\/magazine365\/#organization"}}]},"og:locale":"es_ES","og:site_name":"El Digital de Asturias \u2013 Revista de ocio, turismo y estilo de vida","og:type":"article","og:title":"Vicente, el empresario que renaci\u00f3 con \u00e9xito de sus cenizas al quedarse ciego | El Digital de Asturias","og:description":"Valencia, 31 may (EFE).- &quot;Hay muchas vidas en una vida&quot;, asegura Vicente Campos, un empresario valenciano que se qued\u00f3 ciego cuando rozaba los 30 a\u00f1os y que, lejos de hundirle, super\u00f3 con nota el &quot;reto&quot; de esta discapacidad hasta el punto de afirmar que ahora es &quot;inmensamente m\u00e1s feliz&quot; que cuando ve\u00eda. Propietario de la","og:url":"https:\/\/eldigitaldeasturias.com\/magazine365\/vicente-el-empresario-que-renacio-con-exito-de-sus-cenizas-al-quedarse-ciego\/","og:image":"https:\/\/eldigitaldeasturias.com\/magazine365\/wp-content\/uploads\/2014\/05\/6321056w.jpg","og:image:secure_url":"https:\/\/eldigitaldeasturias.com\/magazine365\/wp-content\/uploads\/2014\/05\/6321056w.jpg","og:image:width":700,"og:image:height":977,"article:published_time":"2014-06-01T01:11:15+00:00","article:modified_time":"2014-06-01T01:11:15+00:00","twitter:card":"summary_large_image","twitter:title":"Vicente, el empresario que renaci\u00f3 con \u00e9xito de sus cenizas al quedarse ciego | El Digital de Asturias","twitter:description":"Valencia, 31 may (EFE).- &quot;Hay muchas vidas en una vida&quot;, asegura Vicente Campos, un empresario valenciano que se qued\u00f3 ciego cuando rozaba los 30 a\u00f1os y que, lejos de hundirle, super\u00f3 con nota el &quot;reto&quot; de esta discapacidad hasta el punto de afirmar que ahora es &quot;inmensamente m\u00e1s feliz&quot; que cuando ve\u00eda. Propietario de la","twitter:image":"https:\/\/eldigitaldeasturias.com\/magazine365\/wp-content\/uploads\/2014\/05\/6321056w.jpg"},"aioseo_meta_data":{"post_id":"14587","title":null,"description":null,"keywords":null,"keyphrases":null,"primary_term":null,"canonical_url":null,"og_title":null,"og_description":null,"og_object_type":"default","og_image_type":"default","og_image_url":null,"og_image_width":null,"og_image_height":null,"og_image_custom_url":null,"og_image_custom_fields":null,"og_video":null,"og_custom_url":null,"og_article_section":null,"og_article_tags":null,"twitter_use_og":false,"twitter_card":"default","twitter_image_type":"default","twitter_image_url":null,"twitter_image_custom_url":null,"twitter_image_custom_fields":null,"twitter_title":null,"twitter_description":null,"schema":{"blockGraphs":[],"customGraphs":[],"default":{"data":{"Article":[],"Course":[],"Dataset":[],"FAQPage":[],"Movie":[],"Person":[],"Product":[],"ProductReview":[],"Car":[],"Recipe":[],"Service":[],"SoftwareApplication":[],"WebPage":[]},"graphName":"","isEnabled":true},"graphs":[],"defaultGraph":"","defaultPostTypeGraph":""},"schema_type":null,"schema_type_options":null,"pillar_content":false,"robots_default":true,"robots_noindex":false,"robots_noarchive":false,"robots_nosnippet":false,"robots_nofollow":false,"robots_noimageindex":false,"robots_noodp":false,"robots_notranslate":false,"robots_max_snippet":null,"robots_max_videopreview":null,"robots_max_imagepreview":"large","priority":null,"frequency":null,"location":null,"local_seo":null,"seo_analyzer_scan_date":"2025-09-17 10:24:01","breadcrumb_settings":null,"limit_modified_date":false,"open_ai":null,"ai":null,"created":"2021-03-09 08:13:17","updated":"2025-09-17 10:24:02"},"aioseo_breadcrumb":"<div class=\"aioseo-breadcrumbs\"><span class=\"aioseo-breadcrumb\">\n\t<a href=\"https:\/\/eldigitaldeasturias.com\/magazine365\" title=\"Home\">Home<\/a>\n<\/span><span class=\"aioseo-breadcrumb-separator\">\u2013<\/span><span class=\"aioseo-breadcrumb\">\n\t<a href=\"https:\/\/eldigitaldeasturias.com\/magazine365\/category\/noticias-actualidad\/\" title=\"Noticias y Actualidad\">Noticias y Actualidad<\/a>\n<\/span><span class=\"aioseo-breadcrumb-separator\">\u2013<\/span><span class=\"aioseo-breadcrumb\">\n\t<a href=\"https:\/\/eldigitaldeasturias.com\/magazine365\/vicente-el-empresario-que-renacio-con-exito-de-sus-cenizas-al-quedarse-ciego\/\" title=\"Vicente, el empresario que renaci\u00f3 con \u00e9xito de sus cenizas al quedarse ciego\">Vicente, el empresario que renaci\u00f3 con \u00e9xito de sus cenizas al quedarse ciego<\/a>\n<\/span><\/div>","aioseo_breadcrumb_json":[{"label":"Home","link":"https:\/\/eldigitaldeasturias.com\/magazine365"},{"label":"Noticias y Actualidad","link":"https:\/\/eldigitaldeasturias.com\/magazine365\/category\/noticias-actualidad\/"},{"label":"Vicente, el empresario que renaci\u00f3 con \u00e9xito de sus cenizas al quedarse ciego","link":"https:\/\/eldigitaldeasturias.com\/magazine365\/vicente-el-empresario-que-renacio-con-exito-de-sus-cenizas-al-quedarse-ciego\/"}],"_links":{"self":[{"href":"https:\/\/eldigitaldeasturias.com\/magazine365\/wp-json\/wp\/v2\/posts\/14587","targetHints":{"allow":["GET"]}}],"collection":[{"href":"https:\/\/eldigitaldeasturias.com\/magazine365\/wp-json\/wp\/v2\/posts"}],"about":[{"href":"https:\/\/eldigitaldeasturias.com\/magazine365\/wp-json\/wp\/v2\/types\/post"}],"author":[{"embeddable":true,"href":"https:\/\/eldigitaldeasturias.com\/magazine365\/wp-json\/wp\/v2\/users\/1"}],"replies":[{"embeddable":true,"href":"https:\/\/eldigitaldeasturias.com\/magazine365\/wp-json\/wp\/v2\/comments?post=14587"}],"version-history":[{"count":0,"href":"https:\/\/eldigitaldeasturias.com\/magazine365\/wp-json\/wp\/v2\/posts\/14587\/revisions"}],"wp:featuredmedia":[{"embeddable":true,"href":"https:\/\/eldigitaldeasturias.com\/magazine365\/wp-json\/wp\/v2\/media\/14588"}],"wp:attachment":[{"href":"https:\/\/eldigitaldeasturias.com\/magazine365\/wp-json\/wp\/v2\/media?parent=14587"}],"wp:term":[{"taxonomy":"category","embeddable":true,"href":"https:\/\/eldigitaldeasturias.com\/magazine365\/wp-json\/wp\/v2\/categories?post=14587"},{"taxonomy":"post_tag","embeddable":true,"href":"https:\/\/eldigitaldeasturias.com\/magazine365\/wp-json\/wp\/v2\/tags?post=14587"}],"curies":[{"name":"wp","href":"https:\/\/api.w.org\/{rel}","templated":true}]}}