{"id":14575,"date":"2014-05-31T09:49:57","date_gmt":"2014-05-31T11:49:57","guid":{"rendered":"http:\/\/eldigitaldeasturias.com\/magazine365\/?p=14575"},"modified":"2014-05-31T09:49:57","modified_gmt":"2014-05-31T11:49:57","slug":"gran-canaria-retoma-la-tradicion-secular-de-las-bajadas-con-miles-de-fieles","status":"publish","type":"post","link":"https:\/\/eldigitaldeasturias.com\/magazine365\/gran-canaria-retoma-la-tradicion-secular-de-las-bajadas-con-miles-de-fieles\/","title":{"rendered":"Gran Canaria retoma la tradici\u00f3n secular de las bajadas, con miles de fieles"},"content":{"rendered":"<p><img fetchpriority=\"high\" decoding=\"async\" class=\"alignleft size-medium wp-image-14576\" alt=\"6320758w\" src=\"https:\/\/eldigitaldeasturias.com\/magazine365\/wp-content\/uploads\/2014\/05\/6320758w-360x225.jpg\" width=\"360\" height=\"225\" srcset=\"https:\/\/eldigitaldeasturias.com\/magazine365\/wp-content\/uploads\/2014\/05\/6320758w-360x225.jpg 360w, https:\/\/eldigitaldeasturias.com\/magazine365\/wp-content\/uploads\/2014\/05\/6320758w-650x407.jpg 650w, https:\/\/eldigitaldeasturias.com\/magazine365\/wp-content\/uploads\/2014\/05\/6320758w-768x481.jpg 768w, https:\/\/eldigitaldeasturias.com\/magazine365\/wp-content\/uploads\/2014\/05\/6320758w-150x94.jpg 150w, https:\/\/eldigitaldeasturias.com\/magazine365\/wp-content\/uploads\/2014\/05\/6320758w-450x282.jpg 450w, https:\/\/eldigitaldeasturias.com\/magazine365\/wp-content\/uploads\/2014\/05\/6320758w-696x436.jpg 696w, https:\/\/eldigitaldeasturias.com\/magazine365\/wp-content\/uploads\/2014\/05\/6320758w-671x420.jpg 671w, https:\/\/eldigitaldeasturias.com\/magazine365\/wp-content\/uploads\/2014\/05\/6320758w-279x173.jpg 279w, https:\/\/eldigitaldeasturias.com\/magazine365\/wp-content\/uploads\/2014\/05\/6320758w-480x300.jpg 480w, https:\/\/eldigitaldeasturias.com\/magazine365\/wp-content\/uploads\/2014\/05\/6320758w.jpg 800w\" sizes=\"(max-width: 360px) 100vw, 360px\" \/>Teror (Gran Canaria), 31 may (EFE).- Miles de personas peregrinan bajo una fina lluvia desde primera hora de la ma\u00f1ana desde Teror hacia Las Palmas de Gran Canaria junto a la Virgen del Pino, retomando la tradici\u00f3n centenaria de \u00abbajar\u00bb a la Patrona de la isla a la catedral, un acontecimiento que no se produc\u00eda desde el a\u00f1o 2000.<\/p>\n<p>Desde medianoche, los alrededores de la bas\u00edlica de Teror estaban ya rodeados de centenares de fieles a \u00abPinito\u00bb, como cari\u00f1osamente se conoce a la isla a esta imagen de la Virgen, preparados para acompa\u00f1arla a pie en los cerca de 25 kil\u00f3metros de recorrido que la separan de la catedral de Santa Ana, en la capital.<\/p>\n<p>La Delegaci\u00f3n del Gobierno y el Obispado de la Di\u00f3cesis de Canarias esperan que a lo largo del camino se sumen a esta procesi\u00f3n m\u00e1s de 150.000 personas, que har\u00e1n que su avance se ralentice, sobre todo cuando la comitiva entre en la ciudad de Las Palmas de Gran Canaria, alrededor de las 10.00 de la ma\u00f1ana.<\/p>\n<p>Desde all\u00ed hasta la catedral, se calcula que la procesi\u00f3n tardar\u00e1 alrededor de ocho o nueve horas en completar su recorrido.<\/p>\n<p>La peregrinaci\u00f3n se presenta tan multitudinaria que las autoridades han movilizado medio millar de efectivos de seguridad y protecci\u00f3n civil y hasta un hospitalito de campa\u00f1a para garantizar que todo transcurre sin m\u00e1s sobresaltos que los atascos de tr\u00e1fico.<\/p>\n<p>La imagen de la Virgen sali\u00f3 de su bas\u00edlica a las 5.20 horas para presidir una misa en su honor oficiada por el obispo Francisco Cases ante una plaza repleta de fieles y engalanada con banderas de Canarias, pa\u00f1uelos de la Patrona y pendones en numerosas ventanas.<\/p>\n<p>A las 6.40 horas, las campanas repicaban para anunciar que la comitiva se pon\u00eda en marcha, con la imagen de Nuestra Se\u00f1ora del Pino portada por un todoterreno del Ej\u00e9rcito y cubierta por un manto rojo, copia del que se us\u00f3 en 1767 cuando se inaugur\u00f3 su bas\u00edlica.<\/p>\n<p>La imagen de la Virgen del Pino baja a la catedral de Santa Ana, donde permanecer\u00e1 15 d\u00edas, para conmemorar sus cien a\u00f1os como Patrona oficial de Gran Canaria, condici\u00f3n que los fieles de la isla ya le hab\u00edan otorgado oficiosamente muchos a\u00f1os antes.<\/p>\n<p>De ello es prueba la tradici\u00f3n de las \u00abbajadas\u00bb, de las que hay constancia desde 1607. Desde entonces hasta hoy, la Virgen del Pino ha sido llevada en peregrinaci\u00f3n a la catedral de Gran Canaria en 50 ocasiones, la mayor\u00eda de las veces para rogar por el fin de una sequ\u00eda, una epidemia o una guerra, pero tambi\u00e9n para \u00abimplorar el acierto del gobierno\u00bb (1808) o para celebrar grandes momentos de la Iglesia, como el final de Concilio Vaticano II (1965).<\/p>\n<p>En el siglo XX, se celebraron cinco: en 1936, por la Guerra Civil; en 1954, por las misiones jesuitas; en 1965, por el Concilio, en 1988, por el A\u00f1o Mariano; y en el 2000, por el A\u00f1o Jubilar.<\/p>\n<p>El obispo Francisco Cases ha reconocido hoy p\u00fablicamente en su homil\u00eda que para \u00e9l es emocionante participar por primera vez en esta tradici\u00f3n y encabezar esta procesi\u00f3n multitudinaria.<\/p>\n<p>Su sentimiento lo comparten la mayor\u00eda de los fieles que esta madrugada aguardaban a la Virgen ante la bas\u00edlica, algunos para vivir esta experiencia por primera vez y otros, con el recuerdo de haber participado hace 14 o 26 a\u00f1os en las m\u00e1s recientes.<\/p>\n<p>\u00abLa Patrona de la isla es nuestra mayor ilusi\u00f3n, por eso vengo aqu\u00ed con fervor\u00bb, reconoc\u00eda una ellas, Mandy, que nunca hab\u00eda vivido hasta esta madrugada una bajada.<\/p>\n<p>S\u00ed hab\u00eda presenciado la anterior bajada de la Virgen del Pino y tambi\u00e9n su encuentro con el Cristo de Telde, otra de las im\u00e1genes religiosas m\u00e1s veneradas de Canarias, Mar\u00eda Rosa, una jubilada que hoy se ha acercado a la bas\u00edlica a rogar por sus enfermos.<\/p>\n<p>\u00abVengo aqu\u00ed con muchos problemas y ella me libera, le cuento mis cosas y me libra de mis penas\u00bb, reconoce esta vecina de Telde, que esperaba ya a la puerta de la iglesia a las 2.00 de la madrugada.<\/p>\n","protected":false},"excerpt":{"rendered":"<p>Teror (Gran Canaria), 31 may (EFE).- Miles de personas peregrinan bajo una fina lluvia desde primera hora de la ma\u00f1ana desde Teror hacia Las Palmas de Gran Canaria junto a la Virgen del Pino, retomando la tradici\u00f3n centenaria de \u00abbajar\u00bb a la Patrona de la isla a la catedral, un acontecimiento que no se produc\u00eda<\/p>\n","protected":false},"author":1,"featured_media":14576,"comment_status":"open","ping_status":"closed","sticky":false,"template":"","format":"standard","meta":{"footnotes":""},"categories":[224],"tags":[],"class_list":{"0":"post-14575","1":"post","2":"type-post","3":"status-publish","4":"format-standard","5":"has-post-thumbnail","7":"category-noticias-actualidad"},"aioseo_notices":[],"aioseo_head":"\n\t\t<!-- All in One SEO Pro 4.9.6.1 - aioseo.com -->\n\t<meta name=\"description\" content=\"Teror (Gran Canaria), 31 may (EFE).- Miles de personas peregrinan bajo una fina lluvia desde primera hora de la ma\u00f1ana desde Teror hacia Las Palmas de Gran Canaria junto a la Virgen del Pino, retomando la tradici\u00f3n centenaria de &quot;bajar&quot; a la Patrona de la isla a la catedral, un acontecimiento que no se produc\u00eda\" \/>\n\t<meta name=\"robots\" content=\"max-image-preview:large\" \/>\n\t<meta name=\"author\" content=\"admin\"\/>\n\t<meta name=\"google-site-verification\" content=\"UA-38556648-1\" \/>\n\t<meta name=\"keywords\" content=\"noticias y actualidad\" \/>\n\t<link rel=\"canonical\" href=\"https:\/\/eldigitaldeasturias.com\/magazine365\/gran-canaria-retoma-la-tradicion-secular-de-las-bajadas-con-miles-de-fieles\/\" \/>\n\t<meta name=\"generator\" content=\"All in One SEO Pro (AIOSEO) 4.9.6.1\" \/>\n\t\t<meta property=\"og:locale\" content=\"es_ES\" \/>\n\t\t<meta property=\"og:site_name\" content=\"El Digital de Asturias \u2013 Revista de ocio, turismo y estilo de vida\" \/>\n\t\t<meta property=\"og:type\" content=\"article\" \/>\n\t\t<meta property=\"og:title\" content=\"Gran Canaria retoma la tradici\u00f3n secular de las bajadas, con miles de fieles | El Digital de Asturias\" \/>\n\t\t<meta property=\"og:description\" content=\"Teror (Gran Canaria), 31 may (EFE).- Miles de personas peregrinan bajo una fina lluvia desde primera hora de la ma\u00f1ana desde Teror hacia Las Palmas de Gran Canaria junto a la Virgen del Pino, retomando la tradici\u00f3n centenaria de &quot;bajar&quot; a la Patrona de la isla a la catedral, un acontecimiento que no se produc\u00eda\" \/>\n\t\t<meta property=\"og:url\" content=\"https:\/\/eldigitaldeasturias.com\/magazine365\/gran-canaria-retoma-la-tradicion-secular-de-las-bajadas-con-miles-de-fieles\/\" \/>\n\t\t<meta property=\"og:image\" content=\"https:\/\/eldigitaldeasturias.com\/magazine365\/wp-content\/uploads\/2014\/05\/6320758w.jpg\" \/>\n\t\t<meta property=\"og:image:secure_url\" content=\"https:\/\/eldigitaldeasturias.com\/magazine365\/wp-content\/uploads\/2014\/05\/6320758w.jpg\" \/>\n\t\t<meta property=\"og:image:width\" content=\"800\" \/>\n\t\t<meta property=\"og:image:height\" content=\"501\" \/>\n\t\t<meta property=\"article:published_time\" content=\"2014-05-31T11:49:57+00:00\" \/>\n\t\t<meta property=\"article:modified_time\" content=\"2014-05-31T11:49:57+00:00\" \/>\n\t\t<meta name=\"twitter:card\" content=\"summary_large_image\" \/>\n\t\t<meta name=\"twitter:title\" content=\"Gran Canaria retoma la tradici\u00f3n secular de las bajadas, con miles de fieles | El Digital de Asturias\" \/>\n\t\t<meta name=\"twitter:description\" content=\"Teror (Gran Canaria), 31 may (EFE).- Miles de personas peregrinan bajo una fina lluvia desde primera hora de la ma\u00f1ana desde Teror hacia Las Palmas de Gran Canaria junto a la Virgen del Pino, retomando la tradici\u00f3n centenaria de &quot;bajar&quot; a la Patrona de la isla a la catedral, un acontecimiento que no se produc\u00eda\" \/>\n\t\t<meta name=\"twitter:image\" content=\"https:\/\/eldigitaldeasturias.com\/magazine365\/wp-content\/uploads\/2014\/05\/6320758w.jpg\" \/>\n\t\t<script type=\"application\/ld+json\" class=\"aioseo-schema\">\n\t\t\t{\"@context\":\"https:\\\/\\\/schema.org\",\"@graph\":[{\"@type\":\"Article\",\"@id\":\"https:\\\/\\\/eldigitaldeasturias.com\\\/magazine365\\\/gran-canaria-retoma-la-tradicion-secular-de-las-bajadas-con-miles-de-fieles\\\/#article\",\"name\":\"Gran Canaria retoma la tradici\\u00f3n secular de las bajadas, con miles de fieles | El Digital de Asturias\",\"headline\":\"Gran Canaria retoma la tradici\\u00f3n secular de las bajadas, con miles de fieles\",\"author\":{\"@id\":\"https:\\\/\\\/eldigitaldeasturias.com\\\/magazine365\\\/author\\\/admin\\\/#author\"},\"publisher\":{\"@id\":\"https:\\\/\\\/eldigitaldeasturias.com\\\/magazine365\\\/#organization\"},\"image\":{\"@type\":\"ImageObject\",\"url\":\"https:\\\/\\\/eldigitaldeasturias.com\\\/magazine365\\\/wp-content\\\/uploads\\\/2014\\\/05\\\/6320758w.jpg\",\"width\":800,\"height\":501},\"datePublished\":\"2014-05-31T09:49:57+02:00\",\"dateModified\":\"2014-05-31T09:49:57+02:00\",\"inLanguage\":\"es-ES\",\"mainEntityOfPage\":{\"@id\":\"https:\\\/\\\/eldigitaldeasturias.com\\\/magazine365\\\/gran-canaria-retoma-la-tradicion-secular-de-las-bajadas-con-miles-de-fieles\\\/#webpage\"},\"isPartOf\":{\"@id\":\"https:\\\/\\\/eldigitaldeasturias.com\\\/magazine365\\\/gran-canaria-retoma-la-tradicion-secular-de-las-bajadas-con-miles-de-fieles\\\/#webpage\"},\"articleSection\":\"Noticias y Actualidad\"},{\"@type\":\"BreadcrumbList\",\"@id\":\"https:\\\/\\\/eldigitaldeasturias.com\\\/magazine365\\\/gran-canaria-retoma-la-tradicion-secular-de-las-bajadas-con-miles-de-fieles\\\/#breadcrumblist\",\"itemListElement\":[{\"@type\":\"ListItem\",\"@id\":\"https:\\\/\\\/eldigitaldeasturias.com\\\/magazine365#listItem\",\"position\":1,\"name\":\"Home\",\"item\":\"https:\\\/\\\/eldigitaldeasturias.com\\\/magazine365\",\"nextItem\":{\"@type\":\"ListItem\",\"@id\":\"https:\\\/\\\/eldigitaldeasturias.com\\\/magazine365\\\/category\\\/noticias-actualidad\\\/#listItem\",\"name\":\"Noticias y Actualidad\"}},{\"@type\":\"ListItem\",\"@id\":\"https:\\\/\\\/eldigitaldeasturias.com\\\/magazine365\\\/category\\\/noticias-actualidad\\\/#listItem\",\"position\":2,\"name\":\"Noticias y Actualidad\",\"item\":\"https:\\\/\\\/eldigitaldeasturias.com\\\/magazine365\\\/category\\\/noticias-actualidad\\\/\",\"nextItem\":{\"@type\":\"ListItem\",\"@id\":\"https:\\\/\\\/eldigitaldeasturias.com\\\/magazine365\\\/gran-canaria-retoma-la-tradicion-secular-de-las-bajadas-con-miles-de-fieles\\\/#listItem\",\"name\":\"Gran Canaria retoma la tradici\\u00f3n secular de las bajadas, con miles de fieles\"},\"previousItem\":{\"@type\":\"ListItem\",\"@id\":\"https:\\\/\\\/eldigitaldeasturias.com\\\/magazine365#listItem\",\"name\":\"Home\"}},{\"@type\":\"ListItem\",\"@id\":\"https:\\\/\\\/eldigitaldeasturias.com\\\/magazine365\\\/gran-canaria-retoma-la-tradicion-secular-de-las-bajadas-con-miles-de-fieles\\\/#listItem\",\"position\":3,\"name\":\"Gran Canaria retoma la tradici\\u00f3n secular de las bajadas, con miles de fieles\",\"previousItem\":{\"@type\":\"ListItem\",\"@id\":\"https:\\\/\\\/eldigitaldeasturias.com\\\/magazine365\\\/category\\\/noticias-actualidad\\\/#listItem\",\"name\":\"Noticias y Actualidad\"}}]},{\"@type\":\"Organization\",\"@id\":\"https:\\\/\\\/eldigitaldeasturias.com\\\/magazine365\\\/#organization\",\"name\":\"El digital de Asturias\",\"description\":\"Revista de ocio, turismo y estilo de vida\",\"url\":\"https:\\\/\\\/eldigitaldeasturias.com\\\/magazine365\\\/\",\"logo\":{\"@type\":\"ImageObject\",\"url\":\"https:\\\/\\\/www.eldigitaldeasturias.com\\\/noticias\\\/wp-content\\\/uploads\\\/2020\\\/12\\\/EDA.jpg\",\"@id\":\"https:\\\/\\\/eldigitaldeasturias.com\\\/magazine365\\\/gran-canaria-retoma-la-tradicion-secular-de-las-bajadas-con-miles-de-fieles\\\/#organizationLogo\"},\"image\":{\"@id\":\"https:\\\/\\\/eldigitaldeasturias.com\\\/magazine365\\\/gran-canaria-retoma-la-tradicion-secular-de-las-bajadas-con-miles-de-fieles\\\/#organizationLogo\"}},{\"@type\":\"Person\",\"@id\":\"https:\\\/\\\/eldigitaldeasturias.com\\\/magazine365\\\/author\\\/admin\\\/#author\",\"url\":\"https:\\\/\\\/eldigitaldeasturias.com\\\/magazine365\\\/author\\\/admin\\\/\",\"name\":\"admin\",\"image\":{\"@type\":\"ImageObject\",\"@id\":\"https:\\\/\\\/eldigitaldeasturias.com\\\/magazine365\\\/gran-canaria-retoma-la-tradicion-secular-de-las-bajadas-con-miles-de-fieles\\\/#authorImage\",\"url\":\"https:\\\/\\\/eldigitaldeasturias.com\\\/magazine365\\\/wp-content\\\/litespeed\\\/avatar\\\/e571bcf59a0edd6fa6838245a470f2fe.jpg?ver=1777574230\",\"width\":96,\"height\":96,\"caption\":\"admin\"}},{\"@type\":\"WebPage\",\"@id\":\"https:\\\/\\\/eldigitaldeasturias.com\\\/magazine365\\\/gran-canaria-retoma-la-tradicion-secular-de-las-bajadas-con-miles-de-fieles\\\/#webpage\",\"url\":\"https:\\\/\\\/eldigitaldeasturias.com\\\/magazine365\\\/gran-canaria-retoma-la-tradicion-secular-de-las-bajadas-con-miles-de-fieles\\\/\",\"name\":\"Gran Canaria retoma la tradici\\u00f3n secular de las bajadas, con miles de fieles | El Digital de Asturias\",\"description\":\"Teror (Gran Canaria), 31 may (EFE).- Miles de personas peregrinan bajo una fina lluvia desde primera hora de la ma\\u00f1ana desde Teror hacia Las Palmas de Gran Canaria junto a la Virgen del Pino, retomando la tradici\\u00f3n centenaria de \\\"bajar\\\" a la Patrona de la isla a la catedral, un acontecimiento que no se produc\\u00eda\",\"inLanguage\":\"es-ES\",\"isPartOf\":{\"@id\":\"https:\\\/\\\/eldigitaldeasturias.com\\\/magazine365\\\/#website\"},\"breadcrumb\":{\"@id\":\"https:\\\/\\\/eldigitaldeasturias.com\\\/magazine365\\\/gran-canaria-retoma-la-tradicion-secular-de-las-bajadas-con-miles-de-fieles\\\/#breadcrumblist\"},\"author\":{\"@id\":\"https:\\\/\\\/eldigitaldeasturias.com\\\/magazine365\\\/author\\\/admin\\\/#author\"},\"creator\":{\"@id\":\"https:\\\/\\\/eldigitaldeasturias.com\\\/magazine365\\\/author\\\/admin\\\/#author\"},\"image\":{\"@type\":\"ImageObject\",\"url\":\"https:\\\/\\\/eldigitaldeasturias.com\\\/magazine365\\\/wp-content\\\/uploads\\\/2014\\\/05\\\/6320758w.jpg\",\"@id\":\"https:\\\/\\\/eldigitaldeasturias.com\\\/magazine365\\\/gran-canaria-retoma-la-tradicion-secular-de-las-bajadas-con-miles-de-fieles\\\/#mainImage\",\"width\":800,\"height\":501},\"primaryImageOfPage\":{\"@id\":\"https:\\\/\\\/eldigitaldeasturias.com\\\/magazine365\\\/gran-canaria-retoma-la-tradicion-secular-de-las-bajadas-con-miles-de-fieles\\\/#mainImage\"},\"datePublished\":\"2014-05-31T09:49:57+02:00\",\"dateModified\":\"2014-05-31T09:49:57+02:00\"},{\"@type\":\"WebSite\",\"@id\":\"https:\\\/\\\/eldigitaldeasturias.com\\\/magazine365\\\/#website\",\"url\":\"https:\\\/\\\/eldigitaldeasturias.com\\\/magazine365\\\/\",\"name\":\"El Digital de Asturias\",\"description\":\"Revista de ocio, turismo y estilo de vida\",\"inLanguage\":\"es-ES\",\"publisher\":{\"@id\":\"https:\\\/\\\/eldigitaldeasturias.com\\\/magazine365\\\/#organization\"}}]}\n\t\t<\/script>\n\t\t<!-- All in One SEO Pro -->\r\n\t\t<title>Gran Canaria retoma la tradici\u00f3n secular de las bajadas, con miles de fieles | El Digital de Asturias<\/title>\n\n","aioseo_head_json":{"title":"Gran Canaria retoma la tradici\u00f3n secular de las bajadas, con miles de fieles | El Digital de Asturias","description":"Teror (Gran Canaria), 31 may (EFE).- Miles de personas peregrinan bajo una fina lluvia desde primera hora de la ma\u00f1ana desde Teror hacia Las Palmas de Gran Canaria junto a la Virgen del Pino, retomando la tradici\u00f3n centenaria de \"bajar\" a la Patrona de la isla a la catedral, un acontecimiento que no se produc\u00eda","canonical_url":"https:\/\/eldigitaldeasturias.com\/magazine365\/gran-canaria-retoma-la-tradicion-secular-de-las-bajadas-con-miles-de-fieles\/","robots":"max-image-preview:large","keywords":"noticias y actualidad","webmasterTools":{"google-site-verification":"UA-38556648-1","miscellaneous":""},"schema":{"@context":"https:\/\/schema.org","@graph":[{"@type":"Article","@id":"https:\/\/eldigitaldeasturias.com\/magazine365\/gran-canaria-retoma-la-tradicion-secular-de-las-bajadas-con-miles-de-fieles\/#article","name":"Gran Canaria retoma la tradici\u00f3n secular de las bajadas, con miles de fieles | El Digital de Asturias","headline":"Gran Canaria retoma la tradici\u00f3n secular de las bajadas, con miles de fieles","author":{"@id":"https:\/\/eldigitaldeasturias.com\/magazine365\/author\/admin\/#author"},"publisher":{"@id":"https:\/\/eldigitaldeasturias.com\/magazine365\/#organization"},"image":{"@type":"ImageObject","url":"https:\/\/eldigitaldeasturias.com\/magazine365\/wp-content\/uploads\/2014\/05\/6320758w.jpg","width":800,"height":501},"datePublished":"2014-05-31T09:49:57+02:00","dateModified":"2014-05-31T09:49:57+02:00","inLanguage":"es-ES","mainEntityOfPage":{"@id":"https:\/\/eldigitaldeasturias.com\/magazine365\/gran-canaria-retoma-la-tradicion-secular-de-las-bajadas-con-miles-de-fieles\/#webpage"},"isPartOf":{"@id":"https:\/\/eldigitaldeasturias.com\/magazine365\/gran-canaria-retoma-la-tradicion-secular-de-las-bajadas-con-miles-de-fieles\/#webpage"},"articleSection":"Noticias y Actualidad"},{"@type":"BreadcrumbList","@id":"https:\/\/eldigitaldeasturias.com\/magazine365\/gran-canaria-retoma-la-tradicion-secular-de-las-bajadas-con-miles-de-fieles\/#breadcrumblist","itemListElement":[{"@type":"ListItem","@id":"https:\/\/eldigitaldeasturias.com\/magazine365#listItem","position":1,"name":"Home","item":"https:\/\/eldigitaldeasturias.com\/magazine365","nextItem":{"@type":"ListItem","@id":"https:\/\/eldigitaldeasturias.com\/magazine365\/category\/noticias-actualidad\/#listItem","name":"Noticias y Actualidad"}},{"@type":"ListItem","@id":"https:\/\/eldigitaldeasturias.com\/magazine365\/category\/noticias-actualidad\/#listItem","position":2,"name":"Noticias y Actualidad","item":"https:\/\/eldigitaldeasturias.com\/magazine365\/category\/noticias-actualidad\/","nextItem":{"@type":"ListItem","@id":"https:\/\/eldigitaldeasturias.com\/magazine365\/gran-canaria-retoma-la-tradicion-secular-de-las-bajadas-con-miles-de-fieles\/#listItem","name":"Gran Canaria retoma la tradici\u00f3n secular de las bajadas, con miles de fieles"},"previousItem":{"@type":"ListItem","@id":"https:\/\/eldigitaldeasturias.com\/magazine365#listItem","name":"Home"}},{"@type":"ListItem","@id":"https:\/\/eldigitaldeasturias.com\/magazine365\/gran-canaria-retoma-la-tradicion-secular-de-las-bajadas-con-miles-de-fieles\/#listItem","position":3,"name":"Gran Canaria retoma la tradici\u00f3n secular de las bajadas, con miles de fieles","previousItem":{"@type":"ListItem","@id":"https:\/\/eldigitaldeasturias.com\/magazine365\/category\/noticias-actualidad\/#listItem","name":"Noticias y Actualidad"}}]},{"@type":"Organization","@id":"https:\/\/eldigitaldeasturias.com\/magazine365\/#organization","name":"El digital de Asturias","description":"Revista de ocio, turismo y estilo de vida","url":"https:\/\/eldigitaldeasturias.com\/magazine365\/","logo":{"@type":"ImageObject","url":"https:\/\/www.eldigitaldeasturias.com\/noticias\/wp-content\/uploads\/2020\/12\/EDA.jpg","@id":"https:\/\/eldigitaldeasturias.com\/magazine365\/gran-canaria-retoma-la-tradicion-secular-de-las-bajadas-con-miles-de-fieles\/#organizationLogo"},"image":{"@id":"https:\/\/eldigitaldeasturias.com\/magazine365\/gran-canaria-retoma-la-tradicion-secular-de-las-bajadas-con-miles-de-fieles\/#organizationLogo"}},{"@type":"Person","@id":"https:\/\/eldigitaldeasturias.com\/magazine365\/author\/admin\/#author","url":"https:\/\/eldigitaldeasturias.com\/magazine365\/author\/admin\/","name":"admin","image":{"@type":"ImageObject","@id":"https:\/\/eldigitaldeasturias.com\/magazine365\/gran-canaria-retoma-la-tradicion-secular-de-las-bajadas-con-miles-de-fieles\/#authorImage","url":"https:\/\/eldigitaldeasturias.com\/magazine365\/wp-content\/litespeed\/avatar\/e571bcf59a0edd6fa6838245a470f2fe.jpg?ver=1777574230","width":96,"height":96,"caption":"admin"}},{"@type":"WebPage","@id":"https:\/\/eldigitaldeasturias.com\/magazine365\/gran-canaria-retoma-la-tradicion-secular-de-las-bajadas-con-miles-de-fieles\/#webpage","url":"https:\/\/eldigitaldeasturias.com\/magazine365\/gran-canaria-retoma-la-tradicion-secular-de-las-bajadas-con-miles-de-fieles\/","name":"Gran Canaria retoma la tradici\u00f3n secular de las bajadas, con miles de fieles | El Digital de Asturias","description":"Teror (Gran Canaria), 31 may (EFE).- Miles de personas peregrinan bajo una fina lluvia desde primera hora de la ma\u00f1ana desde Teror hacia Las Palmas de Gran Canaria junto a la Virgen del Pino, retomando la tradici\u00f3n centenaria de \"bajar\" a la Patrona de la isla a la catedral, un acontecimiento que no se produc\u00eda","inLanguage":"es-ES","isPartOf":{"@id":"https:\/\/eldigitaldeasturias.com\/magazine365\/#website"},"breadcrumb":{"@id":"https:\/\/eldigitaldeasturias.com\/magazine365\/gran-canaria-retoma-la-tradicion-secular-de-las-bajadas-con-miles-de-fieles\/#breadcrumblist"},"author":{"@id":"https:\/\/eldigitaldeasturias.com\/magazine365\/author\/admin\/#author"},"creator":{"@id":"https:\/\/eldigitaldeasturias.com\/magazine365\/author\/admin\/#author"},"image":{"@type":"ImageObject","url":"https:\/\/eldigitaldeasturias.com\/magazine365\/wp-content\/uploads\/2014\/05\/6320758w.jpg","@id":"https:\/\/eldigitaldeasturias.com\/magazine365\/gran-canaria-retoma-la-tradicion-secular-de-las-bajadas-con-miles-de-fieles\/#mainImage","width":800,"height":501},"primaryImageOfPage":{"@id":"https:\/\/eldigitaldeasturias.com\/magazine365\/gran-canaria-retoma-la-tradicion-secular-de-las-bajadas-con-miles-de-fieles\/#mainImage"},"datePublished":"2014-05-31T09:49:57+02:00","dateModified":"2014-05-31T09:49:57+02:00"},{"@type":"WebSite","@id":"https:\/\/eldigitaldeasturias.com\/magazine365\/#website","url":"https:\/\/eldigitaldeasturias.com\/magazine365\/","name":"El Digital de Asturias","description":"Revista de ocio, turismo y estilo de vida","inLanguage":"es-ES","publisher":{"@id":"https:\/\/eldigitaldeasturias.com\/magazine365\/#organization"}}]},"og:locale":"es_ES","og:site_name":"El Digital de Asturias \u2013 Revista de ocio, turismo y estilo de vida","og:type":"article","og:title":"Gran Canaria retoma la tradici\u00f3n secular de las bajadas, con miles de fieles | El Digital de Asturias","og:description":"Teror (Gran Canaria), 31 may (EFE).- Miles de personas peregrinan bajo una fina lluvia desde primera hora de la ma\u00f1ana desde Teror hacia Las Palmas de Gran Canaria junto a la Virgen del Pino, retomando la tradici\u00f3n centenaria de &quot;bajar&quot; a la Patrona de la isla a la catedral, un acontecimiento que no se produc\u00eda","og:url":"https:\/\/eldigitaldeasturias.com\/magazine365\/gran-canaria-retoma-la-tradicion-secular-de-las-bajadas-con-miles-de-fieles\/","og:image":"https:\/\/eldigitaldeasturias.com\/magazine365\/wp-content\/uploads\/2014\/05\/6320758w.jpg","og:image:secure_url":"https:\/\/eldigitaldeasturias.com\/magazine365\/wp-content\/uploads\/2014\/05\/6320758w.jpg","og:image:width":800,"og:image:height":501,"article:published_time":"2014-05-31T11:49:57+00:00","article:modified_time":"2014-05-31T11:49:57+00:00","twitter:card":"summary_large_image","twitter:title":"Gran Canaria retoma la tradici\u00f3n secular de las bajadas, con miles de fieles | El Digital de Asturias","twitter:description":"Teror (Gran Canaria), 31 may (EFE).- Miles de personas peregrinan bajo una fina lluvia desde primera hora de la ma\u00f1ana desde Teror hacia Las Palmas de Gran Canaria junto a la Virgen del Pino, retomando la tradici\u00f3n centenaria de &quot;bajar&quot; a la Patrona de la isla a la catedral, un acontecimiento que no se produc\u00eda","twitter:image":"https:\/\/eldigitaldeasturias.com\/magazine365\/wp-content\/uploads\/2014\/05\/6320758w.jpg"},"aioseo_meta_data":{"post_id":"14575","title":null,"description":null,"keywords":null,"keyphrases":null,"primary_term":null,"canonical_url":null,"og_title":null,"og_description":null,"og_object_type":"default","og_image_type":"default","og_image_url":null,"og_image_width":null,"og_image_height":null,"og_image_custom_url":null,"og_image_custom_fields":null,"og_video":null,"og_custom_url":null,"og_article_section":null,"og_article_tags":null,"twitter_use_og":false,"twitter_card":"default","twitter_image_type":"default","twitter_image_url":null,"twitter_image_custom_url":null,"twitter_image_custom_fields":null,"twitter_title":null,"twitter_description":null,"schema":{"blockGraphs":[],"customGraphs":[],"default":{"data":{"Article":[],"Course":[],"Dataset":[],"FAQPage":[],"Movie":[],"Person":[],"Product":[],"ProductReview":[],"Car":[],"Recipe":[],"Service":[],"SoftwareApplication":[],"WebPage":[]},"graphName":"","isEnabled":true},"graphs":[],"defaultGraph":"","defaultPostTypeGraph":""},"schema_type":null,"schema_type_options":null,"pillar_content":false,"robots_default":true,"robots_noindex":false,"robots_noarchive":false,"robots_nosnippet":false,"robots_nofollow":false,"robots_noimageindex":false,"robots_noodp":false,"robots_notranslate":false,"robots_max_snippet":null,"robots_max_videopreview":null,"robots_max_imagepreview":"large","priority":null,"frequency":null,"location":null,"local_seo":null,"seo_analyzer_scan_date":"2025-09-17 10:22:05","breadcrumb_settings":null,"limit_modified_date":false,"open_ai":null,"ai":null,"created":"2021-03-09 08:13:17","updated":"2025-09-17 10:22:05"},"aioseo_breadcrumb":"<div class=\"aioseo-breadcrumbs\"><span class=\"aioseo-breadcrumb\">\n\t<a href=\"https:\/\/eldigitaldeasturias.com\/magazine365\" title=\"Home\">Home<\/a>\n<\/span><span class=\"aioseo-breadcrumb-separator\">\u2013<\/span><span class=\"aioseo-breadcrumb\">\n\t<a href=\"https:\/\/eldigitaldeasturias.com\/magazine365\/category\/noticias-actualidad\/\" title=\"Noticias y Actualidad\">Noticias y Actualidad<\/a>\n<\/span><span class=\"aioseo-breadcrumb-separator\">\u2013<\/span><span class=\"aioseo-breadcrumb\">\n\t<a href=\"https:\/\/eldigitaldeasturias.com\/magazine365\/gran-canaria-retoma-la-tradicion-secular-de-las-bajadas-con-miles-de-fieles\/\" title=\"Gran Canaria retoma la tradici\u00f3n secular de las bajadas, con miles de fieles\">Gran Canaria retoma la tradici\u00f3n secular de las bajadas, con miles de fieles<\/a>\n<\/span><\/div>","aioseo_breadcrumb_json":[{"label":"Home","link":"https:\/\/eldigitaldeasturias.com\/magazine365"},{"label":"Noticias y Actualidad","link":"https:\/\/eldigitaldeasturias.com\/magazine365\/category\/noticias-actualidad\/"},{"label":"Gran Canaria retoma la tradici\u00f3n secular de las bajadas, con miles de fieles","link":"https:\/\/eldigitaldeasturias.com\/magazine365\/gran-canaria-retoma-la-tradicion-secular-de-las-bajadas-con-miles-de-fieles\/"}],"_links":{"self":[{"href":"https:\/\/eldigitaldeasturias.com\/magazine365\/wp-json\/wp\/v2\/posts\/14575","targetHints":{"allow":["GET"]}}],"collection":[{"href":"https:\/\/eldigitaldeasturias.com\/magazine365\/wp-json\/wp\/v2\/posts"}],"about":[{"href":"https:\/\/eldigitaldeasturias.com\/magazine365\/wp-json\/wp\/v2\/types\/post"}],"author":[{"embeddable":true,"href":"https:\/\/eldigitaldeasturias.com\/magazine365\/wp-json\/wp\/v2\/users\/1"}],"replies":[{"embeddable":true,"href":"https:\/\/eldigitaldeasturias.com\/magazine365\/wp-json\/wp\/v2\/comments?post=14575"}],"version-history":[{"count":0,"href":"https:\/\/eldigitaldeasturias.com\/magazine365\/wp-json\/wp\/v2\/posts\/14575\/revisions"}],"wp:featuredmedia":[{"embeddable":true,"href":"https:\/\/eldigitaldeasturias.com\/magazine365\/wp-json\/wp\/v2\/media\/14576"}],"wp:attachment":[{"href":"https:\/\/eldigitaldeasturias.com\/magazine365\/wp-json\/wp\/v2\/media?parent=14575"}],"wp:term":[{"taxonomy":"category","embeddable":true,"href":"https:\/\/eldigitaldeasturias.com\/magazine365\/wp-json\/wp\/v2\/categories?post=14575"},{"taxonomy":"post_tag","embeddable":true,"href":"https:\/\/eldigitaldeasturias.com\/magazine365\/wp-json\/wp\/v2\/tags?post=14575"}],"curies":[{"name":"wp","href":"https:\/\/api.w.org\/{rel}","templated":true}]}}