{"id":14569,"date":"2014-05-31T09:44:40","date_gmt":"2014-05-31T11:44:40","guid":{"rendered":"http:\/\/eldigitaldeasturias.com\/magazine365\/?p=14569"},"modified":"2014-05-31T09:44:40","modified_gmt":"2014-05-31T11:44:40","slug":"cien-historias-ejemplares-que-promueven-la-imagen-de-espana-por-el-mundo","status":"publish","type":"post","link":"https:\/\/eldigitaldeasturias.com\/magazine365\/cien-historias-ejemplares-que-promueven-la-imagen-de-espana-por-el-mundo\/","title":{"rendered":"Cien historias ejemplares que promueven la imagen de Espa\u00f1a por el mundo"},"content":{"rendered":"<p><img fetchpriority=\"high\" decoding=\"async\" class=\"alignleft size-medium wp-image-14570\" alt=\"6320745w\" src=\"https:\/\/eldigitaldeasturias.com\/magazine365\/wp-content\/uploads\/2014\/05\/6320745w-344x300.jpg\" width=\"344\" height=\"300\" \/>Madrid, 31 may (EFE).- Un centenar de emprendedores espa\u00f1oles han sido elegidos como \u00abejemplo de la mejor imagen de Espa\u00f1a en el mundo\u00bb por su trayectoria profesional y a ellos se les reconoce su \u00abtrabajo, talento y esfuerzo\u00bb tras haber llevado la imagen del pa\u00eds a los lugares en los que han residido o trabajado.<\/p>\n<p>Empresarios, cient\u00edficos, bi\u00f3logos, artistas, cooperantes, periodistas, cocineros o m\u00e9dicos, figuran entre el centenar de perfiles que la oficina del Alto Comisionado de la Marca Espa\u00f1a -junto con la asociaci\u00f3n Fusionarte- ha homenajeado esta semana y cuya labor ha sido recogida en un libro para \u00abdejar testimonio de los valores que mejor representan\u00bb al pa\u00eds en el extranjero.<\/p>\n<p>\u00abTalento, disciplina y b\u00fasqueda de excelencia\u00bb son algunas de las cualidades que se les reconoce a estas personas, un grupo de j\u00f3venes y mayores que han sido considerados \u00abh\u00e9roes an\u00f3nimos\u00bb tras haber \u00abafrontado\u00bb su vida en el extranjero y, seg\u00fan el Alto Comisionado, haber contribuido a mejorar la percepci\u00f3n que los ciudadanos del mundo tienen de Espa\u00f1a.<\/p>\n<p>\u00abEspa\u00f1oleando por el mundo\u00bb es como ha definido el comisionado del Gobierno para la Marca Espa\u00f1a, Carlos Espinosa de los Monteros, la actividad de estos cien espa\u00f1oles que \u00abdan testimonio\u00bb de su nacionalidad espa\u00f1ola a trav\u00e9s de su trabajo en los pa\u00edses en los que han residido.<\/p>\n<p>Han realizado un trabajo \u00abimpecable\u00bb, ha recalcado Espinosa, quien ve en estos emprendedores \u00abhaza\u00f1as\u00bb y \u00abgestas importantes\u00bb con las que Espa\u00f1a est\u00e1 en \u00abdeuda\u00bb.<\/p>\n<p>Es el caso del Jaume Sanllorente, de 38 a\u00f1os, uno de los 45 homenajeados que acudieron al acto que se celebr\u00f3 el jueves en Madrid en el Palacio de Viana, donde se encuentra la sede del Ministerio de Exteriores.<\/p>\n<p>En declaraciones a Efe, ha explicado que viaj\u00f3 a la India tras dejar su trabajo como periodista econ\u00f3mico para centrarse en un proyecto que ve \u00abilusionante\u00bb como es el orfanato \u00abSonrisas de Bombay\u00bb, fundado por \u00e9l y que ayuda a m\u00e1s de ocho mil ni\u00f1os.<\/p>\n<p>Jaume ha comentado que para ayudar \u00abno hay que irse tan lejos\u00bb como hizo \u00e9l, pero que en su caso surgi\u00f3 as\u00ed y que seguir\u00e1 en el pa\u00eds asi\u00e1tico ya que siente que all\u00ed \u00abcada d\u00eda est\u00e1 por ganar\u00bb.<\/p>\n<p>La arquitecta y dise\u00f1adora Patricia Urquiola (53 a\u00f1os), que desde hace m\u00e1s de dos d\u00e9cadas vive fuera de Espa\u00f1a, ha dicho que en su familia siempre ha existido \u00abuna gran curiosidad por viajar\u00bb y que se considera una persona \u00abmuy directa\u00bb, lo que \u00abfacilita que el trabajo funcione\u00bb, ha destacado esta mujer con ra\u00edces asturianas y vascas.<\/p>\n<p>Actualmente est\u00e1 afincada en Mil\u00e1n y desarrolla una carrera de \u00e9xito por todo el mundo, pero no olvida que Italia le abri\u00f3 las puertas al campo del dise\u00f1o cuando decidi\u00f3 ir all\u00ed a estudiar un a\u00f1o de arquitectura.<\/p>\n<p>Otro ejemplo de estos espa\u00f1oles con talento es Diego Mart\u00ednez (32 a\u00f1os), un f\u00edsico de origen gallego que el a\u00f1o pasado protagoniz\u00f3 portadas en los medios de comunicaci\u00f3n espa\u00f1oles cuando le fue denegada la beca Ram\u00f3n y Cajal pese a haber sido nombrado como mejor joven f\u00edsico de part\u00edculas del a\u00f1o por la sociedad europea de f\u00edsica.<\/p>\n<p>Ha relatado que ha estado trabajando durante cinco a\u00f1os \u00aba caballo\u00bb entre la Universidad de Santiago y la Organizaci\u00f3n Europea para la Organizaci\u00f3n Nuclear CERN y que ahora se encuentra en el Instituto de F\u00edsica de Part\u00edculas en Holanda y una universidad de Amsterdam.<\/p>\n<p>Diego ha afirmado que ha solicitado una nueva beca a la Uni\u00f3n Europea con la finalidad de volver a Espa\u00f1a para montar un equipo de trabajo en la Universidad de Santiago, aunque ha admitido que cree que ser\u00e1 \u00abdif\u00edcil\u00bb conseguirla, pero no por ello dejar\u00e1 de intentarlo, ha matizado.<\/p>\n<p>Pocos han tenido la oportunidad de trabajar junto al actor Anthony Hopkins, como es el caso del compositor Lucas Vidal, un madrile\u00f1o de 29 a\u00f1os.<\/p>\n<p>Desde los 18 a\u00f1os ha desarrollado su carrera en Estados Unidos como m\u00fasico enfocado al \u00e1mbito del cine y ha pasado por Boston y Nueva York hasta establecerse en Los \u00c1ngeles.<\/p>\n<p>En el acto se entreg\u00f3 una placa conmemorativa a casi medio centenar y un libro recoge la biograf\u00eda de estos cien espa\u00f1oles y su obra.<\/p>\n","protected":false},"excerpt":{"rendered":"<p>Madrid, 31 may (EFE).- Un centenar de emprendedores espa\u00f1oles han sido elegidos como \u00abejemplo de la mejor imagen de Espa\u00f1a en el mundo\u00bb por su trayectoria profesional y a ellos se les reconoce su \u00abtrabajo, talento y esfuerzo\u00bb tras haber llevado la imagen del pa\u00eds a los lugares en los que han residido o trabajado.<\/p>\n","protected":false},"author":1,"featured_media":14570,"comment_status":"open","ping_status":"closed","sticky":false,"template":"","format":"standard","meta":{"footnotes":""},"categories":[224],"tags":[],"class_list":{"0":"post-14569","1":"post","2":"type-post","3":"status-publish","4":"format-standard","5":"has-post-thumbnail","7":"category-noticias-actualidad"},"aioseo_notices":[],"aioseo_head":"\n\t\t<!-- All in One SEO Pro 4.9.6.1 - aioseo.com -->\n\t<meta name=\"description\" content=\"Madrid, 31 may (EFE).- Un centenar de emprendedores espa\u00f1oles han sido elegidos como &quot;ejemplo de la mejor imagen de Espa\u00f1a en el mundo&quot; por su trayectoria profesional y a ellos se les reconoce su &quot;trabajo, talento y esfuerzo&quot; tras haber llevado la imagen del pa\u00eds a los lugares en los que han residido o trabajado.\" \/>\n\t<meta name=\"robots\" content=\"max-image-preview:large\" \/>\n\t<meta name=\"author\" content=\"admin\"\/>\n\t<meta name=\"google-site-verification\" content=\"UA-38556648-1\" \/>\n\t<meta name=\"keywords\" content=\"noticias y actualidad\" \/>\n\t<link rel=\"canonical\" href=\"https:\/\/eldigitaldeasturias.com\/magazine365\/cien-historias-ejemplares-que-promueven-la-imagen-de-espana-por-el-mundo\/\" \/>\n\t<meta name=\"generator\" content=\"All in One SEO Pro (AIOSEO) 4.9.6.1\" \/>\n\t\t<meta property=\"og:locale\" content=\"es_ES\" \/>\n\t\t<meta property=\"og:site_name\" content=\"El Digital de Asturias \u2013 Revista de ocio, turismo y estilo de vida\" \/>\n\t\t<meta property=\"og:type\" content=\"article\" \/>\n\t\t<meta property=\"og:title\" content=\"Cien historias ejemplares que promueven la imagen de Espa\u00f1a por el mundo | El Digital de Asturias\" \/>\n\t\t<meta property=\"og:description\" content=\"Madrid, 31 may (EFE).- Un centenar de emprendedores espa\u00f1oles han sido elegidos como &quot;ejemplo de la mejor imagen de Espa\u00f1a en el mundo&quot; por su trayectoria profesional y a ellos se les reconoce su &quot;trabajo, talento y esfuerzo&quot; tras haber llevado la imagen del pa\u00eds a los lugares en los que han residido o trabajado.\" \/>\n\t\t<meta property=\"og:url\" content=\"https:\/\/eldigitaldeasturias.com\/magazine365\/cien-historias-ejemplares-que-promueven-la-imagen-de-espana-por-el-mundo\/\" \/>\n\t\t<meta property=\"og:image\" content=\"https:\/\/eldigitaldeasturias.com\/magazine365\/wp-content\/uploads\/2014\/05\/6320745w.jpg\" \/>\n\t\t<meta property=\"og:image:secure_url\" content=\"https:\/\/eldigitaldeasturias.com\/magazine365\/wp-content\/uploads\/2014\/05\/6320745w.jpg\" \/>\n\t\t<meta property=\"og:image:width\" content=\"800\" \/>\n\t\t<meta property=\"og:image:height\" content=\"696\" \/>\n\t\t<meta property=\"article:published_time\" content=\"2014-05-31T11:44:40+00:00\" \/>\n\t\t<meta property=\"article:modified_time\" content=\"2014-05-31T11:44:40+00:00\" \/>\n\t\t<meta name=\"twitter:card\" content=\"summary_large_image\" \/>\n\t\t<meta name=\"twitter:title\" content=\"Cien historias ejemplares que promueven la imagen de Espa\u00f1a por el mundo | El Digital de Asturias\" \/>\n\t\t<meta name=\"twitter:description\" content=\"Madrid, 31 may (EFE).- Un centenar de emprendedores espa\u00f1oles han sido elegidos como &quot;ejemplo de la mejor imagen de Espa\u00f1a en el mundo&quot; por su trayectoria profesional y a ellos se les reconoce su &quot;trabajo, talento y esfuerzo&quot; tras haber llevado la imagen del pa\u00eds a los lugares en los que han residido o trabajado.\" \/>\n\t\t<meta name=\"twitter:image\" content=\"https:\/\/eldigitaldeasturias.com\/magazine365\/wp-content\/uploads\/2014\/05\/6320745w.jpg\" \/>\n\t\t<script type=\"application\/ld+json\" class=\"aioseo-schema\">\n\t\t\t{\"@context\":\"https:\\\/\\\/schema.org\",\"@graph\":[{\"@type\":\"Article\",\"@id\":\"https:\\\/\\\/eldigitaldeasturias.com\\\/magazine365\\\/cien-historias-ejemplares-que-promueven-la-imagen-de-espana-por-el-mundo\\\/#article\",\"name\":\"Cien historias ejemplares que promueven la imagen de Espa\\u00f1a por el mundo | El Digital de Asturias\",\"headline\":\"Cien historias ejemplares que promueven la imagen de Espa\\u00f1a por el mundo\",\"author\":{\"@id\":\"https:\\\/\\\/eldigitaldeasturias.com\\\/magazine365\\\/author\\\/admin\\\/#author\"},\"publisher\":{\"@id\":\"https:\\\/\\\/eldigitaldeasturias.com\\\/magazine365\\\/#organization\"},\"image\":{\"@type\":\"ImageObject\",\"url\":\"https:\\\/\\\/eldigitaldeasturias.com\\\/magazine365\\\/wp-content\\\/uploads\\\/2014\\\/05\\\/6320745w.jpg\",\"width\":800,\"height\":696},\"datePublished\":\"2014-05-31T09:44:40+02:00\",\"dateModified\":\"2014-05-31T09:44:40+02:00\",\"inLanguage\":\"es-ES\",\"mainEntityOfPage\":{\"@id\":\"https:\\\/\\\/eldigitaldeasturias.com\\\/magazine365\\\/cien-historias-ejemplares-que-promueven-la-imagen-de-espana-por-el-mundo\\\/#webpage\"},\"isPartOf\":{\"@id\":\"https:\\\/\\\/eldigitaldeasturias.com\\\/magazine365\\\/cien-historias-ejemplares-que-promueven-la-imagen-de-espana-por-el-mundo\\\/#webpage\"},\"articleSection\":\"Noticias y Actualidad\"},{\"@type\":\"BreadcrumbList\",\"@id\":\"https:\\\/\\\/eldigitaldeasturias.com\\\/magazine365\\\/cien-historias-ejemplares-que-promueven-la-imagen-de-espana-por-el-mundo\\\/#breadcrumblist\",\"itemListElement\":[{\"@type\":\"ListItem\",\"@id\":\"https:\\\/\\\/eldigitaldeasturias.com\\\/magazine365#listItem\",\"position\":1,\"name\":\"Home\",\"item\":\"https:\\\/\\\/eldigitaldeasturias.com\\\/magazine365\",\"nextItem\":{\"@type\":\"ListItem\",\"@id\":\"https:\\\/\\\/eldigitaldeasturias.com\\\/magazine365\\\/category\\\/noticias-actualidad\\\/#listItem\",\"name\":\"Noticias y Actualidad\"}},{\"@type\":\"ListItem\",\"@id\":\"https:\\\/\\\/eldigitaldeasturias.com\\\/magazine365\\\/category\\\/noticias-actualidad\\\/#listItem\",\"position\":2,\"name\":\"Noticias y Actualidad\",\"item\":\"https:\\\/\\\/eldigitaldeasturias.com\\\/magazine365\\\/category\\\/noticias-actualidad\\\/\",\"nextItem\":{\"@type\":\"ListItem\",\"@id\":\"https:\\\/\\\/eldigitaldeasturias.com\\\/magazine365\\\/cien-historias-ejemplares-que-promueven-la-imagen-de-espana-por-el-mundo\\\/#listItem\",\"name\":\"Cien historias ejemplares que promueven la imagen de Espa\\u00f1a por el mundo\"},\"previousItem\":{\"@type\":\"ListItem\",\"@id\":\"https:\\\/\\\/eldigitaldeasturias.com\\\/magazine365#listItem\",\"name\":\"Home\"}},{\"@type\":\"ListItem\",\"@id\":\"https:\\\/\\\/eldigitaldeasturias.com\\\/magazine365\\\/cien-historias-ejemplares-que-promueven-la-imagen-de-espana-por-el-mundo\\\/#listItem\",\"position\":3,\"name\":\"Cien historias ejemplares que promueven la imagen de Espa\\u00f1a por el mundo\",\"previousItem\":{\"@type\":\"ListItem\",\"@id\":\"https:\\\/\\\/eldigitaldeasturias.com\\\/magazine365\\\/category\\\/noticias-actualidad\\\/#listItem\",\"name\":\"Noticias y Actualidad\"}}]},{\"@type\":\"Organization\",\"@id\":\"https:\\\/\\\/eldigitaldeasturias.com\\\/magazine365\\\/#organization\",\"name\":\"El digital de Asturias\",\"description\":\"Revista de ocio, turismo y estilo de vida\",\"url\":\"https:\\\/\\\/eldigitaldeasturias.com\\\/magazine365\\\/\",\"logo\":{\"@type\":\"ImageObject\",\"url\":\"https:\\\/\\\/www.eldigitaldeasturias.com\\\/noticias\\\/wp-content\\\/uploads\\\/2020\\\/12\\\/EDA.jpg\",\"@id\":\"https:\\\/\\\/eldigitaldeasturias.com\\\/magazine365\\\/cien-historias-ejemplares-que-promueven-la-imagen-de-espana-por-el-mundo\\\/#organizationLogo\"},\"image\":{\"@id\":\"https:\\\/\\\/eldigitaldeasturias.com\\\/magazine365\\\/cien-historias-ejemplares-que-promueven-la-imagen-de-espana-por-el-mundo\\\/#organizationLogo\"}},{\"@type\":\"Person\",\"@id\":\"https:\\\/\\\/eldigitaldeasturias.com\\\/magazine365\\\/author\\\/admin\\\/#author\",\"url\":\"https:\\\/\\\/eldigitaldeasturias.com\\\/magazine365\\\/author\\\/admin\\\/\",\"name\":\"admin\",\"image\":{\"@type\":\"ImageObject\",\"@id\":\"https:\\\/\\\/eldigitaldeasturias.com\\\/magazine365\\\/cien-historias-ejemplares-que-promueven-la-imagen-de-espana-por-el-mundo\\\/#authorImage\",\"url\":\"https:\\\/\\\/eldigitaldeasturias.com\\\/magazine365\\\/wp-content\\\/litespeed\\\/avatar\\\/e571bcf59a0edd6fa6838245a470f2fe.jpg?ver=1777574230\",\"width\":96,\"height\":96,\"caption\":\"admin\"}},{\"@type\":\"WebPage\",\"@id\":\"https:\\\/\\\/eldigitaldeasturias.com\\\/magazine365\\\/cien-historias-ejemplares-que-promueven-la-imagen-de-espana-por-el-mundo\\\/#webpage\",\"url\":\"https:\\\/\\\/eldigitaldeasturias.com\\\/magazine365\\\/cien-historias-ejemplares-que-promueven-la-imagen-de-espana-por-el-mundo\\\/\",\"name\":\"Cien historias ejemplares que promueven la imagen de Espa\\u00f1a por el mundo | El Digital de Asturias\",\"description\":\"Madrid, 31 may (EFE).- Un centenar de emprendedores espa\\u00f1oles han sido elegidos como \\\"ejemplo de la mejor imagen de Espa\\u00f1a en el mundo\\\" por su trayectoria profesional y a ellos se les reconoce su \\\"trabajo, talento y esfuerzo\\\" tras haber llevado la imagen del pa\\u00eds a los lugares en los que han residido o trabajado.\",\"inLanguage\":\"es-ES\",\"isPartOf\":{\"@id\":\"https:\\\/\\\/eldigitaldeasturias.com\\\/magazine365\\\/#website\"},\"breadcrumb\":{\"@id\":\"https:\\\/\\\/eldigitaldeasturias.com\\\/magazine365\\\/cien-historias-ejemplares-que-promueven-la-imagen-de-espana-por-el-mundo\\\/#breadcrumblist\"},\"author\":{\"@id\":\"https:\\\/\\\/eldigitaldeasturias.com\\\/magazine365\\\/author\\\/admin\\\/#author\"},\"creator\":{\"@id\":\"https:\\\/\\\/eldigitaldeasturias.com\\\/magazine365\\\/author\\\/admin\\\/#author\"},\"image\":{\"@type\":\"ImageObject\",\"url\":\"https:\\\/\\\/eldigitaldeasturias.com\\\/magazine365\\\/wp-content\\\/uploads\\\/2014\\\/05\\\/6320745w.jpg\",\"@id\":\"https:\\\/\\\/eldigitaldeasturias.com\\\/magazine365\\\/cien-historias-ejemplares-que-promueven-la-imagen-de-espana-por-el-mundo\\\/#mainImage\",\"width\":800,\"height\":696},\"primaryImageOfPage\":{\"@id\":\"https:\\\/\\\/eldigitaldeasturias.com\\\/magazine365\\\/cien-historias-ejemplares-que-promueven-la-imagen-de-espana-por-el-mundo\\\/#mainImage\"},\"datePublished\":\"2014-05-31T09:44:40+02:00\",\"dateModified\":\"2014-05-31T09:44:40+02:00\"},{\"@type\":\"WebSite\",\"@id\":\"https:\\\/\\\/eldigitaldeasturias.com\\\/magazine365\\\/#website\",\"url\":\"https:\\\/\\\/eldigitaldeasturias.com\\\/magazine365\\\/\",\"name\":\"El Digital de Asturias\",\"description\":\"Revista de ocio, turismo y estilo de vida\",\"inLanguage\":\"es-ES\",\"publisher\":{\"@id\":\"https:\\\/\\\/eldigitaldeasturias.com\\\/magazine365\\\/#organization\"}}]}\n\t\t<\/script>\n\t\t<!-- All in One SEO Pro -->\r\n\t\t<title>Cien historias ejemplares que promueven la imagen de Espa\u00f1a por el mundo | El Digital de Asturias<\/title>\n\n","aioseo_head_json":{"title":"Cien historias ejemplares que promueven la imagen de Espa\u00f1a por el mundo | El Digital de Asturias","description":"Madrid, 31 may (EFE).- Un centenar de emprendedores espa\u00f1oles han sido elegidos como \"ejemplo de la mejor imagen de Espa\u00f1a en el mundo\" por su trayectoria profesional y a ellos se les reconoce su \"trabajo, talento y esfuerzo\" tras haber llevado la imagen del pa\u00eds a los lugares en los que han residido o trabajado.","canonical_url":"https:\/\/eldigitaldeasturias.com\/magazine365\/cien-historias-ejemplares-que-promueven-la-imagen-de-espana-por-el-mundo\/","robots":"max-image-preview:large","keywords":"noticias y actualidad","webmasterTools":{"google-site-verification":"UA-38556648-1","miscellaneous":""},"schema":{"@context":"https:\/\/schema.org","@graph":[{"@type":"Article","@id":"https:\/\/eldigitaldeasturias.com\/magazine365\/cien-historias-ejemplares-que-promueven-la-imagen-de-espana-por-el-mundo\/#article","name":"Cien historias ejemplares que promueven la imagen de Espa\u00f1a por el mundo | El Digital de Asturias","headline":"Cien historias ejemplares que promueven la imagen de Espa\u00f1a por el mundo","author":{"@id":"https:\/\/eldigitaldeasturias.com\/magazine365\/author\/admin\/#author"},"publisher":{"@id":"https:\/\/eldigitaldeasturias.com\/magazine365\/#organization"},"image":{"@type":"ImageObject","url":"https:\/\/eldigitaldeasturias.com\/magazine365\/wp-content\/uploads\/2014\/05\/6320745w.jpg","width":800,"height":696},"datePublished":"2014-05-31T09:44:40+02:00","dateModified":"2014-05-31T09:44:40+02:00","inLanguage":"es-ES","mainEntityOfPage":{"@id":"https:\/\/eldigitaldeasturias.com\/magazine365\/cien-historias-ejemplares-que-promueven-la-imagen-de-espana-por-el-mundo\/#webpage"},"isPartOf":{"@id":"https:\/\/eldigitaldeasturias.com\/magazine365\/cien-historias-ejemplares-que-promueven-la-imagen-de-espana-por-el-mundo\/#webpage"},"articleSection":"Noticias y Actualidad"},{"@type":"BreadcrumbList","@id":"https:\/\/eldigitaldeasturias.com\/magazine365\/cien-historias-ejemplares-que-promueven-la-imagen-de-espana-por-el-mundo\/#breadcrumblist","itemListElement":[{"@type":"ListItem","@id":"https:\/\/eldigitaldeasturias.com\/magazine365#listItem","position":1,"name":"Home","item":"https:\/\/eldigitaldeasturias.com\/magazine365","nextItem":{"@type":"ListItem","@id":"https:\/\/eldigitaldeasturias.com\/magazine365\/category\/noticias-actualidad\/#listItem","name":"Noticias y Actualidad"}},{"@type":"ListItem","@id":"https:\/\/eldigitaldeasturias.com\/magazine365\/category\/noticias-actualidad\/#listItem","position":2,"name":"Noticias y Actualidad","item":"https:\/\/eldigitaldeasturias.com\/magazine365\/category\/noticias-actualidad\/","nextItem":{"@type":"ListItem","@id":"https:\/\/eldigitaldeasturias.com\/magazine365\/cien-historias-ejemplares-que-promueven-la-imagen-de-espana-por-el-mundo\/#listItem","name":"Cien historias ejemplares que promueven la imagen de Espa\u00f1a por el mundo"},"previousItem":{"@type":"ListItem","@id":"https:\/\/eldigitaldeasturias.com\/magazine365#listItem","name":"Home"}},{"@type":"ListItem","@id":"https:\/\/eldigitaldeasturias.com\/magazine365\/cien-historias-ejemplares-que-promueven-la-imagen-de-espana-por-el-mundo\/#listItem","position":3,"name":"Cien historias ejemplares que promueven la imagen de Espa\u00f1a por el mundo","previousItem":{"@type":"ListItem","@id":"https:\/\/eldigitaldeasturias.com\/magazine365\/category\/noticias-actualidad\/#listItem","name":"Noticias y Actualidad"}}]},{"@type":"Organization","@id":"https:\/\/eldigitaldeasturias.com\/magazine365\/#organization","name":"El digital de Asturias","description":"Revista de ocio, turismo y estilo de vida","url":"https:\/\/eldigitaldeasturias.com\/magazine365\/","logo":{"@type":"ImageObject","url":"https:\/\/www.eldigitaldeasturias.com\/noticias\/wp-content\/uploads\/2020\/12\/EDA.jpg","@id":"https:\/\/eldigitaldeasturias.com\/magazine365\/cien-historias-ejemplares-que-promueven-la-imagen-de-espana-por-el-mundo\/#organizationLogo"},"image":{"@id":"https:\/\/eldigitaldeasturias.com\/magazine365\/cien-historias-ejemplares-que-promueven-la-imagen-de-espana-por-el-mundo\/#organizationLogo"}},{"@type":"Person","@id":"https:\/\/eldigitaldeasturias.com\/magazine365\/author\/admin\/#author","url":"https:\/\/eldigitaldeasturias.com\/magazine365\/author\/admin\/","name":"admin","image":{"@type":"ImageObject","@id":"https:\/\/eldigitaldeasturias.com\/magazine365\/cien-historias-ejemplares-que-promueven-la-imagen-de-espana-por-el-mundo\/#authorImage","url":"https:\/\/eldigitaldeasturias.com\/magazine365\/wp-content\/litespeed\/avatar\/e571bcf59a0edd6fa6838245a470f2fe.jpg?ver=1777574230","width":96,"height":96,"caption":"admin"}},{"@type":"WebPage","@id":"https:\/\/eldigitaldeasturias.com\/magazine365\/cien-historias-ejemplares-que-promueven-la-imagen-de-espana-por-el-mundo\/#webpage","url":"https:\/\/eldigitaldeasturias.com\/magazine365\/cien-historias-ejemplares-que-promueven-la-imagen-de-espana-por-el-mundo\/","name":"Cien historias ejemplares que promueven la imagen de Espa\u00f1a por el mundo | El Digital de Asturias","description":"Madrid, 31 may (EFE).- Un centenar de emprendedores espa\u00f1oles han sido elegidos como \"ejemplo de la mejor imagen de Espa\u00f1a en el mundo\" por su trayectoria profesional y a ellos se les reconoce su \"trabajo, talento y esfuerzo\" tras haber llevado la imagen del pa\u00eds a los lugares en los que han residido o trabajado.","inLanguage":"es-ES","isPartOf":{"@id":"https:\/\/eldigitaldeasturias.com\/magazine365\/#website"},"breadcrumb":{"@id":"https:\/\/eldigitaldeasturias.com\/magazine365\/cien-historias-ejemplares-que-promueven-la-imagen-de-espana-por-el-mundo\/#breadcrumblist"},"author":{"@id":"https:\/\/eldigitaldeasturias.com\/magazine365\/author\/admin\/#author"},"creator":{"@id":"https:\/\/eldigitaldeasturias.com\/magazine365\/author\/admin\/#author"},"image":{"@type":"ImageObject","url":"https:\/\/eldigitaldeasturias.com\/magazine365\/wp-content\/uploads\/2014\/05\/6320745w.jpg","@id":"https:\/\/eldigitaldeasturias.com\/magazine365\/cien-historias-ejemplares-que-promueven-la-imagen-de-espana-por-el-mundo\/#mainImage","width":800,"height":696},"primaryImageOfPage":{"@id":"https:\/\/eldigitaldeasturias.com\/magazine365\/cien-historias-ejemplares-que-promueven-la-imagen-de-espana-por-el-mundo\/#mainImage"},"datePublished":"2014-05-31T09:44:40+02:00","dateModified":"2014-05-31T09:44:40+02:00"},{"@type":"WebSite","@id":"https:\/\/eldigitaldeasturias.com\/magazine365\/#website","url":"https:\/\/eldigitaldeasturias.com\/magazine365\/","name":"El Digital de Asturias","description":"Revista de ocio, turismo y estilo de vida","inLanguage":"es-ES","publisher":{"@id":"https:\/\/eldigitaldeasturias.com\/magazine365\/#organization"}}]},"og:locale":"es_ES","og:site_name":"El Digital de Asturias \u2013 Revista de ocio, turismo y estilo de vida","og:type":"article","og:title":"Cien historias ejemplares que promueven la imagen de Espa\u00f1a por el mundo | El Digital de Asturias","og:description":"Madrid, 31 may (EFE).- Un centenar de emprendedores espa\u00f1oles han sido elegidos como &quot;ejemplo de la mejor imagen de Espa\u00f1a en el mundo&quot; por su trayectoria profesional y a ellos se les reconoce su &quot;trabajo, talento y esfuerzo&quot; tras haber llevado la imagen del pa\u00eds a los lugares en los que han residido o trabajado.","og:url":"https:\/\/eldigitaldeasturias.com\/magazine365\/cien-historias-ejemplares-que-promueven-la-imagen-de-espana-por-el-mundo\/","og:image":"https:\/\/eldigitaldeasturias.com\/magazine365\/wp-content\/uploads\/2014\/05\/6320745w.jpg","og:image:secure_url":"https:\/\/eldigitaldeasturias.com\/magazine365\/wp-content\/uploads\/2014\/05\/6320745w.jpg","og:image:width":800,"og:image:height":696,"article:published_time":"2014-05-31T11:44:40+00:00","article:modified_time":"2014-05-31T11:44:40+00:00","twitter:card":"summary_large_image","twitter:title":"Cien historias ejemplares que promueven la imagen de Espa\u00f1a por el mundo | El Digital de Asturias","twitter:description":"Madrid, 31 may (EFE).- Un centenar de emprendedores espa\u00f1oles han sido elegidos como &quot;ejemplo de la mejor imagen de Espa\u00f1a en el mundo&quot; por su trayectoria profesional y a ellos se les reconoce su &quot;trabajo, talento y esfuerzo&quot; tras haber llevado la imagen del pa\u00eds a los lugares en los que han residido o trabajado.","twitter:image":"https:\/\/eldigitaldeasturias.com\/magazine365\/wp-content\/uploads\/2014\/05\/6320745w.jpg"},"aioseo_meta_data":{"post_id":"14569","title":null,"description":null,"keywords":null,"keyphrases":null,"primary_term":null,"canonical_url":null,"og_title":null,"og_description":null,"og_object_type":"default","og_image_type":"default","og_image_url":null,"og_image_width":null,"og_image_height":null,"og_image_custom_url":null,"og_image_custom_fields":null,"og_video":null,"og_custom_url":null,"og_article_section":null,"og_article_tags":null,"twitter_use_og":false,"twitter_card":"default","twitter_image_type":"default","twitter_image_url":null,"twitter_image_custom_url":null,"twitter_image_custom_fields":null,"twitter_title":null,"twitter_description":null,"schema":{"blockGraphs":[],"customGraphs":[],"default":{"data":{"Article":[],"Course":[],"Dataset":[],"FAQPage":[],"Movie":[],"Person":[],"Product":[],"ProductReview":[],"Car":[],"Recipe":[],"Service":[],"SoftwareApplication":[],"WebPage":[]},"graphName":"","isEnabled":true},"graphs":[],"defaultGraph":"","defaultPostTypeGraph":""},"schema_type":null,"schema_type_options":null,"pillar_content":false,"robots_default":true,"robots_noindex":false,"robots_noarchive":false,"robots_nosnippet":false,"robots_nofollow":false,"robots_noimageindex":false,"robots_noodp":false,"robots_notranslate":false,"robots_max_snippet":null,"robots_max_videopreview":null,"robots_max_imagepreview":"large","priority":null,"frequency":null,"location":null,"local_seo":null,"seo_analyzer_scan_date":"2025-09-17 10:22:00","breadcrumb_settings":null,"limit_modified_date":false,"open_ai":null,"ai":null,"created":"2021-03-09 08:13:17","updated":"2025-09-17 10:22:00"},"aioseo_breadcrumb":"<div class=\"aioseo-breadcrumbs\"><span class=\"aioseo-breadcrumb\">\n\t<a href=\"https:\/\/eldigitaldeasturias.com\/magazine365\" title=\"Home\">Home<\/a>\n<\/span><span class=\"aioseo-breadcrumb-separator\">\u2013<\/span><span class=\"aioseo-breadcrumb\">\n\t<a href=\"https:\/\/eldigitaldeasturias.com\/magazine365\/category\/noticias-actualidad\/\" title=\"Noticias y Actualidad\">Noticias y Actualidad<\/a>\n<\/span><span class=\"aioseo-breadcrumb-separator\">\u2013<\/span><span class=\"aioseo-breadcrumb\">\n\t<a href=\"https:\/\/eldigitaldeasturias.com\/magazine365\/cien-historias-ejemplares-que-promueven-la-imagen-de-espana-por-el-mundo\/\" title=\"Cien historias ejemplares que promueven la imagen de Espa\u00f1a por el mundo\">Cien historias ejemplares que promueven la imagen de Espa\u00f1a por el mundo<\/a>\n<\/span><\/div>","aioseo_breadcrumb_json":[{"label":"Home","link":"https:\/\/eldigitaldeasturias.com\/magazine365"},{"label":"Noticias y Actualidad","link":"https:\/\/eldigitaldeasturias.com\/magazine365\/category\/noticias-actualidad\/"},{"label":"Cien historias ejemplares que promueven la imagen de Espa\u00f1a por el mundo","link":"https:\/\/eldigitaldeasturias.com\/magazine365\/cien-historias-ejemplares-que-promueven-la-imagen-de-espana-por-el-mundo\/"}],"_links":{"self":[{"href":"https:\/\/eldigitaldeasturias.com\/magazine365\/wp-json\/wp\/v2\/posts\/14569","targetHints":{"allow":["GET"]}}],"collection":[{"href":"https:\/\/eldigitaldeasturias.com\/magazine365\/wp-json\/wp\/v2\/posts"}],"about":[{"href":"https:\/\/eldigitaldeasturias.com\/magazine365\/wp-json\/wp\/v2\/types\/post"}],"author":[{"embeddable":true,"href":"https:\/\/eldigitaldeasturias.com\/magazine365\/wp-json\/wp\/v2\/users\/1"}],"replies":[{"embeddable":true,"href":"https:\/\/eldigitaldeasturias.com\/magazine365\/wp-json\/wp\/v2\/comments?post=14569"}],"version-history":[{"count":0,"href":"https:\/\/eldigitaldeasturias.com\/magazine365\/wp-json\/wp\/v2\/posts\/14569\/revisions"}],"wp:featuredmedia":[{"embeddable":true,"href":"https:\/\/eldigitaldeasturias.com\/magazine365\/wp-json\/wp\/v2\/media\/14570"}],"wp:attachment":[{"href":"https:\/\/eldigitaldeasturias.com\/magazine365\/wp-json\/wp\/v2\/media?parent=14569"}],"wp:term":[{"taxonomy":"category","embeddable":true,"href":"https:\/\/eldigitaldeasturias.com\/magazine365\/wp-json\/wp\/v2\/categories?post=14569"},{"taxonomy":"post_tag","embeddable":true,"href":"https:\/\/eldigitaldeasturias.com\/magazine365\/wp-json\/wp\/v2\/tags?post=14569"}],"curies":[{"name":"wp","href":"https:\/\/api.w.org\/{rel}","templated":true}]}}