{"id":14560,"date":"2014-05-31T09:41:28","date_gmt":"2014-05-31T11:41:28","guid":{"rendered":"http:\/\/eldigitaldeasturias.com\/magazine365\/?p=14560"},"modified":"2014-05-31T09:41:28","modified_gmt":"2014-05-31T11:41:28","slug":"linkin-park-recarga-las-baterias-del-rock-in-rio-lisboa","status":"publish","type":"post","link":"https:\/\/eldigitaldeasturias.com\/magazine365\/linkin-park-recarga-las-baterias-del-rock-in-rio-lisboa\/","title":{"rendered":"Linkin Park recarga las bater\u00edas del Rock in R\u00edo Lisboa"},"content":{"rendered":"<p><img fetchpriority=\"high\" decoding=\"async\" class=\"alignleft size-medium wp-image-14561\" alt=\"6320532w\" src=\"https:\/\/eldigitaldeasturias.com\/magazine365\/wp-content\/uploads\/2014\/05\/6320532w-360x247.jpg\" width=\"360\" height=\"247\" \/>Lisboa, 31 may (EFE).- Los estadounidenses Linkin Park no decepcionaron al p\u00fablico y sacaron su mejor repertorio para recargar las bater\u00edas de los asistentes en la tercera jornada del Rock in R\u00edo en Lisboa.<\/p>\n<p>Con cerca de veinte a\u00f1os de carrera, los californianos continuaron por la senda del rock en una jornada de resaca despu\u00e9s del gran concierto del jueves de los legendarios Rolling Stones.<\/p>\n<p>Los \u00abLinkin\u00bb tomaron el relevo de sus \u00abSat\u00e1nicas Majestades\u00bb y cautivaron con su sonido oscuro a una audiencia plagada de personas que rondaban entre los 20 y los 30 a\u00f1os, una generaci\u00f3n que vio nacer y crecer a la banda durante la d\u00e9cada iniciada en el a\u00f1o 2000.<\/p>\n<p>Chester Bennington, el l\u00edder del grupo, se gan\u00f3 con una buena puesta en escena a los miles de espectadores en una jornada en la que los californianos estuvieron precedidos por sus compatriotas de Queens of the Stone y por los brasile\u00f1os Capital Inicial en el escenario Palco Mundo.<\/p>\n<p>Los estadounidenses acud\u00edan al Rock in R\u00edo en Lisboa por tercera ocasi\u00f3n y fueron recibidos con los brazos abiertos por un p\u00fablico bastante animado que hab\u00eda previamente demandado a la organizaci\u00f3n la presencia de Linkin Park a trav\u00e9s de las redes sociales.<\/p>\n<p>Tras un impresionante despliegue pirot\u00e9cnico, los hombres de Bennington saltaron al escenario para abrir con \u00abGuilty all the same\u00bb, una explosiva canci\u00f3n que hizo saltar y cantar a los espectadores.<\/p>\n<p>Bennington grit\u00f3, corri\u00f3 por el escenario y conect\u00f3 con un p\u00fablico que cant\u00f3 con \u00e9l sus temas m\u00e1s cl\u00e1sicos, aunque tambi\u00e9n hubo hueco para las canciones m\u00e1s nuevas y menos conocidas del grupo.<\/p>\n<p>Mike Shinoda, el otro vocalista de Linkin Park, rapeaba en algunas canciones y en otros aporreaba su guitarra para generar un rock oscuro plagado de \u00absamples\u00bb electr\u00f3nicos, una de las caracter\u00edsticas del grupo estadounidense.<\/p>\n<p>La audiencia lisboeta segu\u00eda enfervorizada cada una de las notas de la banda y enloqueci\u00f3 cuando a mitad del concierto los de California interpretaron \u00abNumb\u00bb, todo un himno de su extensa discograf\u00eda.<\/p>\n<p>Fue entonces cuando \u00abMr. Hahn\u00bb, el DJ y teclista del grupo, apret\u00f3 las teclas de su piano para disparar las primeras notas de la emblem\u00e1tica \u00abIn the end\u00bb, un tema de su primer \u00e1lbum con el que alcanzaron el reconocimiento internacional.<\/p>\n<p>La banda enlaz\u00f3 el \u00e9xito con la desgarradora \u00abFaint\u00bb, una mezcla de rap y rock pesado que define perfectamente aquel g\u00e9nero nacido en los 90 conocido como \u00abnu metal\u00bb y del que Linkin Park son fieles representantes.<\/p>\n<p>Despu\u00e9s hacer creer al p\u00fablico que se iban con una salida ficticia durante algunos minutos, los \u00abLinkin\u00bb volvieron con m\u00e1s fuerza y estuvieron acompa\u00f1ados en alg\u00fan tema por el DJ Steve Aoki, que en 2013 grab\u00f3 con ellos la canci\u00f3n \u00abA Light That Never Comes\u00bb.<\/p>\n<p>La voz de Bennington se desgarraba a cada chillido de la tr\u00e1gica \u00abWhat I&#8217;ve done\u00bb, un tema que core\u00f3 el p\u00fablico y puso fin al concierto con la apote\u00f3sica \u00abBleed it out\u00bb, que derroch\u00f3 energ\u00eda y rabia en cada \u00abriff\u00bb de guitarra.<\/p>\n<p>Antes de ellos, los tambi\u00e9n estadounidenses Queens of the Stone Age, todo un mastodonte sobre el escenario, ya hab\u00edan saciado la sed de rock de los espectadores lisboetas con estridentes guitarras y pesadas bater\u00edas.<\/p>\n<p>El l\u00edder de la banda, Josh Homme, rasgaba las cuerdas de sus guitarras para emitir sonidos tra\u00eddos directamente desde el lejano desierto de Nevada, en un estilo de m\u00fasica conocido como &#8216;stoner rock&#8217;.<\/p>\n<p>Encima del principal teatro de Rock in R\u00edo Lisboa, brindaron a los asistentes una copa del mejor &#8216;stoner&#8217; con temas cl\u00e1sicos como \u00abNo one knows\u00bb, \u00abGo with the flow\u00bb y su demoledor &#8216;single&#8217; \u00abMy God is the sun\u00bb de su nuevo disco \u00ab&#8230;Like a Clockwork\u00bb (2013).<\/p>\n<p>El p\u00fablico alcanz\u00f3 el cl\u00edmax con el tema \u00abBetter Living Through Chemistry\u00bb, toda una brutalidad de canci\u00f3n marcada por el bajo de la introducci\u00f3n que hac\u00eda retumbar el coraz\u00f3n de los asistentes.<\/p>\n<p>La jornada de hoy la cierra el DJ Steve Aoki, que trae su maleta repleta de canciones \u00abhouse\u00bb y ritmos electr\u00f3nicos para mantener despierto al p\u00fablico hasta altas horas de la madrugada.<\/p>\n<p>El s\u00e1bado, el principal atractivo ser\u00e1 la banda canadiense Arcade Fire, y, como colof\u00f3n a la fiesta, el estadounidense Justin Timberlake cerrar\u00e1 el domingo el que es considerado uno de los mayores festivales del mundo.<\/p>\n<p>Adri\u00e1n Espallargas<\/p>\n<p>&nbsp;<\/p>\n","protected":false},"excerpt":{"rendered":"<p>Lisboa, 31 may (EFE).- Los estadounidenses Linkin Park no decepcionaron al p\u00fablico y sacaron su mejor repertorio para recargar las bater\u00edas de los asistentes en la tercera jornada del Rock in R\u00edo en Lisboa. Con cerca de veinte a\u00f1os de carrera, los californianos continuaron por la senda del rock en una jornada de resaca despu\u00e9s<\/p>\n","protected":false},"author":1,"featured_media":14561,"comment_status":"open","ping_status":"closed","sticky":false,"template":"","format":"standard","meta":{"footnotes":""},"categories":[224],"tags":[],"class_list":{"0":"post-14560","1":"post","2":"type-post","3":"status-publish","4":"format-standard","5":"has-post-thumbnail","7":"category-noticias-actualidad"},"aioseo_notices":[],"aioseo_head":"\n\t\t<!-- All in One SEO Pro 4.9.6.1 - aioseo.com -->\n\t<meta name=\"description\" content=\"Lisboa, 31 may (EFE).- Los estadounidenses Linkin Park no decepcionaron al p\u00fablico y sacaron su mejor repertorio para recargar las bater\u00edas de los asistentes en la tercera jornada del Rock in R\u00edo en Lisboa. Con cerca de veinte a\u00f1os de carrera, los californianos continuaron por la senda del rock en una jornada de resaca despu\u00e9s\" \/>\n\t<meta name=\"robots\" content=\"max-image-preview:large\" \/>\n\t<meta name=\"author\" content=\"admin\"\/>\n\t<meta name=\"google-site-verification\" content=\"UA-38556648-1\" \/>\n\t<meta name=\"keywords\" content=\"noticias y actualidad\" \/>\n\t<link rel=\"canonical\" href=\"https:\/\/eldigitaldeasturias.com\/magazine365\/linkin-park-recarga-las-baterias-del-rock-in-rio-lisboa\/\" \/>\n\t<meta name=\"generator\" content=\"All in One SEO Pro (AIOSEO) 4.9.6.1\" \/>\n\t\t<meta property=\"og:locale\" content=\"es_ES\" \/>\n\t\t<meta property=\"og:site_name\" content=\"El Digital de Asturias \u2013 Revista de ocio, turismo y estilo de vida\" \/>\n\t\t<meta property=\"og:type\" content=\"article\" \/>\n\t\t<meta property=\"og:title\" content=\"Linkin Park recarga las bater\u00edas del Rock in R\u00edo Lisboa | El Digital de Asturias\" \/>\n\t\t<meta property=\"og:description\" content=\"Lisboa, 31 may (EFE).- Los estadounidenses Linkin Park no decepcionaron al p\u00fablico y sacaron su mejor repertorio para recargar las bater\u00edas de los asistentes en la tercera jornada del Rock in R\u00edo en Lisboa. Con cerca de veinte a\u00f1os de carrera, los californianos continuaron por la senda del rock en una jornada de resaca despu\u00e9s\" \/>\n\t\t<meta property=\"og:url\" content=\"https:\/\/eldigitaldeasturias.com\/magazine365\/linkin-park-recarga-las-baterias-del-rock-in-rio-lisboa\/\" \/>\n\t\t<meta property=\"og:image\" content=\"https:\/\/eldigitaldeasturias.com\/magazine365\/wp-content\/uploads\/2014\/05\/6320532w.jpg\" \/>\n\t\t<meta property=\"og:image:secure_url\" content=\"https:\/\/eldigitaldeasturias.com\/magazine365\/wp-content\/uploads\/2014\/05\/6320532w.jpg\" \/>\n\t\t<meta property=\"og:image:width\" content=\"800\" \/>\n\t\t<meta property=\"og:image:height\" content=\"550\" \/>\n\t\t<meta property=\"article:published_time\" content=\"2014-05-31T11:41:28+00:00\" \/>\n\t\t<meta property=\"article:modified_time\" content=\"2014-05-31T11:41:28+00:00\" \/>\n\t\t<meta name=\"twitter:card\" content=\"summary_large_image\" \/>\n\t\t<meta name=\"twitter:title\" content=\"Linkin Park recarga las bater\u00edas del Rock in R\u00edo Lisboa | El Digital de Asturias\" \/>\n\t\t<meta name=\"twitter:description\" content=\"Lisboa, 31 may (EFE).- Los estadounidenses Linkin Park no decepcionaron al p\u00fablico y sacaron su mejor repertorio para recargar las bater\u00edas de los asistentes en la tercera jornada del Rock in R\u00edo en Lisboa. Con cerca de veinte a\u00f1os de carrera, los californianos continuaron por la senda del rock en una jornada de resaca despu\u00e9s\" \/>\n\t\t<meta name=\"twitter:image\" content=\"https:\/\/eldigitaldeasturias.com\/magazine365\/wp-content\/uploads\/2014\/05\/6320532w.jpg\" \/>\n\t\t<script type=\"application\/ld+json\" class=\"aioseo-schema\">\n\t\t\t{\"@context\":\"https:\\\/\\\/schema.org\",\"@graph\":[{\"@type\":\"Article\",\"@id\":\"https:\\\/\\\/eldigitaldeasturias.com\\\/magazine365\\\/linkin-park-recarga-las-baterias-del-rock-in-rio-lisboa\\\/#article\",\"name\":\"Linkin Park recarga las bater\\u00edas del Rock in R\\u00edo Lisboa | El Digital de Asturias\",\"headline\":\"Linkin Park recarga las bater\\u00edas del Rock in R\\u00edo Lisboa\",\"author\":{\"@id\":\"https:\\\/\\\/eldigitaldeasturias.com\\\/magazine365\\\/author\\\/admin\\\/#author\"},\"publisher\":{\"@id\":\"https:\\\/\\\/eldigitaldeasturias.com\\\/magazine365\\\/#organization\"},\"image\":{\"@type\":\"ImageObject\",\"url\":\"https:\\\/\\\/eldigitaldeasturias.com\\\/magazine365\\\/wp-content\\\/uploads\\\/2014\\\/05\\\/6320532w.jpg\",\"width\":800,\"height\":550},\"datePublished\":\"2014-05-31T09:41:28+02:00\",\"dateModified\":\"2014-05-31T09:41:28+02:00\",\"inLanguage\":\"es-ES\",\"mainEntityOfPage\":{\"@id\":\"https:\\\/\\\/eldigitaldeasturias.com\\\/magazine365\\\/linkin-park-recarga-las-baterias-del-rock-in-rio-lisboa\\\/#webpage\"},\"isPartOf\":{\"@id\":\"https:\\\/\\\/eldigitaldeasturias.com\\\/magazine365\\\/linkin-park-recarga-las-baterias-del-rock-in-rio-lisboa\\\/#webpage\"},\"articleSection\":\"Noticias y Actualidad\"},{\"@type\":\"BreadcrumbList\",\"@id\":\"https:\\\/\\\/eldigitaldeasturias.com\\\/magazine365\\\/linkin-park-recarga-las-baterias-del-rock-in-rio-lisboa\\\/#breadcrumblist\",\"itemListElement\":[{\"@type\":\"ListItem\",\"@id\":\"https:\\\/\\\/eldigitaldeasturias.com\\\/magazine365#listItem\",\"position\":1,\"name\":\"Home\",\"item\":\"https:\\\/\\\/eldigitaldeasturias.com\\\/magazine365\",\"nextItem\":{\"@type\":\"ListItem\",\"@id\":\"https:\\\/\\\/eldigitaldeasturias.com\\\/magazine365\\\/category\\\/noticias-actualidad\\\/#listItem\",\"name\":\"Noticias y Actualidad\"}},{\"@type\":\"ListItem\",\"@id\":\"https:\\\/\\\/eldigitaldeasturias.com\\\/magazine365\\\/category\\\/noticias-actualidad\\\/#listItem\",\"position\":2,\"name\":\"Noticias y Actualidad\",\"item\":\"https:\\\/\\\/eldigitaldeasturias.com\\\/magazine365\\\/category\\\/noticias-actualidad\\\/\",\"nextItem\":{\"@type\":\"ListItem\",\"@id\":\"https:\\\/\\\/eldigitaldeasturias.com\\\/magazine365\\\/linkin-park-recarga-las-baterias-del-rock-in-rio-lisboa\\\/#listItem\",\"name\":\"Linkin Park recarga las bater\\u00edas del Rock in R\\u00edo Lisboa\"},\"previousItem\":{\"@type\":\"ListItem\",\"@id\":\"https:\\\/\\\/eldigitaldeasturias.com\\\/magazine365#listItem\",\"name\":\"Home\"}},{\"@type\":\"ListItem\",\"@id\":\"https:\\\/\\\/eldigitaldeasturias.com\\\/magazine365\\\/linkin-park-recarga-las-baterias-del-rock-in-rio-lisboa\\\/#listItem\",\"position\":3,\"name\":\"Linkin Park recarga las bater\\u00edas del Rock in R\\u00edo Lisboa\",\"previousItem\":{\"@type\":\"ListItem\",\"@id\":\"https:\\\/\\\/eldigitaldeasturias.com\\\/magazine365\\\/category\\\/noticias-actualidad\\\/#listItem\",\"name\":\"Noticias y Actualidad\"}}]},{\"@type\":\"Organization\",\"@id\":\"https:\\\/\\\/eldigitaldeasturias.com\\\/magazine365\\\/#organization\",\"name\":\"El digital de Asturias\",\"description\":\"Revista de ocio, turismo y estilo de vida\",\"url\":\"https:\\\/\\\/eldigitaldeasturias.com\\\/magazine365\\\/\",\"logo\":{\"@type\":\"ImageObject\",\"url\":\"https:\\\/\\\/www.eldigitaldeasturias.com\\\/noticias\\\/wp-content\\\/uploads\\\/2020\\\/12\\\/EDA.jpg\",\"@id\":\"https:\\\/\\\/eldigitaldeasturias.com\\\/magazine365\\\/linkin-park-recarga-las-baterias-del-rock-in-rio-lisboa\\\/#organizationLogo\"},\"image\":{\"@id\":\"https:\\\/\\\/eldigitaldeasturias.com\\\/magazine365\\\/linkin-park-recarga-las-baterias-del-rock-in-rio-lisboa\\\/#organizationLogo\"}},{\"@type\":\"Person\",\"@id\":\"https:\\\/\\\/eldigitaldeasturias.com\\\/magazine365\\\/author\\\/admin\\\/#author\",\"url\":\"https:\\\/\\\/eldigitaldeasturias.com\\\/magazine365\\\/author\\\/admin\\\/\",\"name\":\"admin\",\"image\":{\"@type\":\"ImageObject\",\"@id\":\"https:\\\/\\\/eldigitaldeasturias.com\\\/magazine365\\\/linkin-park-recarga-las-baterias-del-rock-in-rio-lisboa\\\/#authorImage\",\"url\":\"https:\\\/\\\/eldigitaldeasturias.com\\\/magazine365\\\/wp-content\\\/litespeed\\\/avatar\\\/e571bcf59a0edd6fa6838245a470f2fe.jpg?ver=1777574230\",\"width\":96,\"height\":96,\"caption\":\"admin\"}},{\"@type\":\"WebPage\",\"@id\":\"https:\\\/\\\/eldigitaldeasturias.com\\\/magazine365\\\/linkin-park-recarga-las-baterias-del-rock-in-rio-lisboa\\\/#webpage\",\"url\":\"https:\\\/\\\/eldigitaldeasturias.com\\\/magazine365\\\/linkin-park-recarga-las-baterias-del-rock-in-rio-lisboa\\\/\",\"name\":\"Linkin Park recarga las bater\\u00edas del Rock in R\\u00edo Lisboa | El Digital de Asturias\",\"description\":\"Lisboa, 31 may (EFE).- Los estadounidenses Linkin Park no decepcionaron al p\\u00fablico y sacaron su mejor repertorio para recargar las bater\\u00edas de los asistentes en la tercera jornada del Rock in R\\u00edo en Lisboa. Con cerca de veinte a\\u00f1os de carrera, los californianos continuaron por la senda del rock en una jornada de resaca despu\\u00e9s\",\"inLanguage\":\"es-ES\",\"isPartOf\":{\"@id\":\"https:\\\/\\\/eldigitaldeasturias.com\\\/magazine365\\\/#website\"},\"breadcrumb\":{\"@id\":\"https:\\\/\\\/eldigitaldeasturias.com\\\/magazine365\\\/linkin-park-recarga-las-baterias-del-rock-in-rio-lisboa\\\/#breadcrumblist\"},\"author\":{\"@id\":\"https:\\\/\\\/eldigitaldeasturias.com\\\/magazine365\\\/author\\\/admin\\\/#author\"},\"creator\":{\"@id\":\"https:\\\/\\\/eldigitaldeasturias.com\\\/magazine365\\\/author\\\/admin\\\/#author\"},\"image\":{\"@type\":\"ImageObject\",\"url\":\"https:\\\/\\\/eldigitaldeasturias.com\\\/magazine365\\\/wp-content\\\/uploads\\\/2014\\\/05\\\/6320532w.jpg\",\"@id\":\"https:\\\/\\\/eldigitaldeasturias.com\\\/magazine365\\\/linkin-park-recarga-las-baterias-del-rock-in-rio-lisboa\\\/#mainImage\",\"width\":800,\"height\":550},\"primaryImageOfPage\":{\"@id\":\"https:\\\/\\\/eldigitaldeasturias.com\\\/magazine365\\\/linkin-park-recarga-las-baterias-del-rock-in-rio-lisboa\\\/#mainImage\"},\"datePublished\":\"2014-05-31T09:41:28+02:00\",\"dateModified\":\"2014-05-31T09:41:28+02:00\"},{\"@type\":\"WebSite\",\"@id\":\"https:\\\/\\\/eldigitaldeasturias.com\\\/magazine365\\\/#website\",\"url\":\"https:\\\/\\\/eldigitaldeasturias.com\\\/magazine365\\\/\",\"name\":\"El Digital de Asturias\",\"description\":\"Revista de ocio, turismo y estilo de vida\",\"inLanguage\":\"es-ES\",\"publisher\":{\"@id\":\"https:\\\/\\\/eldigitaldeasturias.com\\\/magazine365\\\/#organization\"}}]}\n\t\t<\/script>\n\t\t<!-- All in One SEO Pro -->\r\n\t\t<title>Linkin Park recarga las bater\u00edas del Rock in R\u00edo Lisboa | El Digital de Asturias<\/title>\n\n","aioseo_head_json":{"title":"Linkin Park recarga las bater\u00edas del Rock in R\u00edo Lisboa | El Digital de Asturias","description":"Lisboa, 31 may (EFE).- Los estadounidenses Linkin Park no decepcionaron al p\u00fablico y sacaron su mejor repertorio para recargar las bater\u00edas de los asistentes en la tercera jornada del Rock in R\u00edo en Lisboa. Con cerca de veinte a\u00f1os de carrera, los californianos continuaron por la senda del rock en una jornada de resaca despu\u00e9s","canonical_url":"https:\/\/eldigitaldeasturias.com\/magazine365\/linkin-park-recarga-las-baterias-del-rock-in-rio-lisboa\/","robots":"max-image-preview:large","keywords":"noticias y actualidad","webmasterTools":{"google-site-verification":"UA-38556648-1","miscellaneous":""},"schema":{"@context":"https:\/\/schema.org","@graph":[{"@type":"Article","@id":"https:\/\/eldigitaldeasturias.com\/magazine365\/linkin-park-recarga-las-baterias-del-rock-in-rio-lisboa\/#article","name":"Linkin Park recarga las bater\u00edas del Rock in R\u00edo Lisboa | El Digital de Asturias","headline":"Linkin Park recarga las bater\u00edas del Rock in R\u00edo Lisboa","author":{"@id":"https:\/\/eldigitaldeasturias.com\/magazine365\/author\/admin\/#author"},"publisher":{"@id":"https:\/\/eldigitaldeasturias.com\/magazine365\/#organization"},"image":{"@type":"ImageObject","url":"https:\/\/eldigitaldeasturias.com\/magazine365\/wp-content\/uploads\/2014\/05\/6320532w.jpg","width":800,"height":550},"datePublished":"2014-05-31T09:41:28+02:00","dateModified":"2014-05-31T09:41:28+02:00","inLanguage":"es-ES","mainEntityOfPage":{"@id":"https:\/\/eldigitaldeasturias.com\/magazine365\/linkin-park-recarga-las-baterias-del-rock-in-rio-lisboa\/#webpage"},"isPartOf":{"@id":"https:\/\/eldigitaldeasturias.com\/magazine365\/linkin-park-recarga-las-baterias-del-rock-in-rio-lisboa\/#webpage"},"articleSection":"Noticias y Actualidad"},{"@type":"BreadcrumbList","@id":"https:\/\/eldigitaldeasturias.com\/magazine365\/linkin-park-recarga-las-baterias-del-rock-in-rio-lisboa\/#breadcrumblist","itemListElement":[{"@type":"ListItem","@id":"https:\/\/eldigitaldeasturias.com\/magazine365#listItem","position":1,"name":"Home","item":"https:\/\/eldigitaldeasturias.com\/magazine365","nextItem":{"@type":"ListItem","@id":"https:\/\/eldigitaldeasturias.com\/magazine365\/category\/noticias-actualidad\/#listItem","name":"Noticias y Actualidad"}},{"@type":"ListItem","@id":"https:\/\/eldigitaldeasturias.com\/magazine365\/category\/noticias-actualidad\/#listItem","position":2,"name":"Noticias y Actualidad","item":"https:\/\/eldigitaldeasturias.com\/magazine365\/category\/noticias-actualidad\/","nextItem":{"@type":"ListItem","@id":"https:\/\/eldigitaldeasturias.com\/magazine365\/linkin-park-recarga-las-baterias-del-rock-in-rio-lisboa\/#listItem","name":"Linkin Park recarga las bater\u00edas del Rock in R\u00edo Lisboa"},"previousItem":{"@type":"ListItem","@id":"https:\/\/eldigitaldeasturias.com\/magazine365#listItem","name":"Home"}},{"@type":"ListItem","@id":"https:\/\/eldigitaldeasturias.com\/magazine365\/linkin-park-recarga-las-baterias-del-rock-in-rio-lisboa\/#listItem","position":3,"name":"Linkin Park recarga las bater\u00edas del Rock in R\u00edo Lisboa","previousItem":{"@type":"ListItem","@id":"https:\/\/eldigitaldeasturias.com\/magazine365\/category\/noticias-actualidad\/#listItem","name":"Noticias y Actualidad"}}]},{"@type":"Organization","@id":"https:\/\/eldigitaldeasturias.com\/magazine365\/#organization","name":"El digital de Asturias","description":"Revista de ocio, turismo y estilo de vida","url":"https:\/\/eldigitaldeasturias.com\/magazine365\/","logo":{"@type":"ImageObject","url":"https:\/\/www.eldigitaldeasturias.com\/noticias\/wp-content\/uploads\/2020\/12\/EDA.jpg","@id":"https:\/\/eldigitaldeasturias.com\/magazine365\/linkin-park-recarga-las-baterias-del-rock-in-rio-lisboa\/#organizationLogo"},"image":{"@id":"https:\/\/eldigitaldeasturias.com\/magazine365\/linkin-park-recarga-las-baterias-del-rock-in-rio-lisboa\/#organizationLogo"}},{"@type":"Person","@id":"https:\/\/eldigitaldeasturias.com\/magazine365\/author\/admin\/#author","url":"https:\/\/eldigitaldeasturias.com\/magazine365\/author\/admin\/","name":"admin","image":{"@type":"ImageObject","@id":"https:\/\/eldigitaldeasturias.com\/magazine365\/linkin-park-recarga-las-baterias-del-rock-in-rio-lisboa\/#authorImage","url":"https:\/\/eldigitaldeasturias.com\/magazine365\/wp-content\/litespeed\/avatar\/e571bcf59a0edd6fa6838245a470f2fe.jpg?ver=1777574230","width":96,"height":96,"caption":"admin"}},{"@type":"WebPage","@id":"https:\/\/eldigitaldeasturias.com\/magazine365\/linkin-park-recarga-las-baterias-del-rock-in-rio-lisboa\/#webpage","url":"https:\/\/eldigitaldeasturias.com\/magazine365\/linkin-park-recarga-las-baterias-del-rock-in-rio-lisboa\/","name":"Linkin Park recarga las bater\u00edas del Rock in R\u00edo Lisboa | El Digital de Asturias","description":"Lisboa, 31 may (EFE).- Los estadounidenses Linkin Park no decepcionaron al p\u00fablico y sacaron su mejor repertorio para recargar las bater\u00edas de los asistentes en la tercera jornada del Rock in R\u00edo en Lisboa. Con cerca de veinte a\u00f1os de carrera, los californianos continuaron por la senda del rock en una jornada de resaca despu\u00e9s","inLanguage":"es-ES","isPartOf":{"@id":"https:\/\/eldigitaldeasturias.com\/magazine365\/#website"},"breadcrumb":{"@id":"https:\/\/eldigitaldeasturias.com\/magazine365\/linkin-park-recarga-las-baterias-del-rock-in-rio-lisboa\/#breadcrumblist"},"author":{"@id":"https:\/\/eldigitaldeasturias.com\/magazine365\/author\/admin\/#author"},"creator":{"@id":"https:\/\/eldigitaldeasturias.com\/magazine365\/author\/admin\/#author"},"image":{"@type":"ImageObject","url":"https:\/\/eldigitaldeasturias.com\/magazine365\/wp-content\/uploads\/2014\/05\/6320532w.jpg","@id":"https:\/\/eldigitaldeasturias.com\/magazine365\/linkin-park-recarga-las-baterias-del-rock-in-rio-lisboa\/#mainImage","width":800,"height":550},"primaryImageOfPage":{"@id":"https:\/\/eldigitaldeasturias.com\/magazine365\/linkin-park-recarga-las-baterias-del-rock-in-rio-lisboa\/#mainImage"},"datePublished":"2014-05-31T09:41:28+02:00","dateModified":"2014-05-31T09:41:28+02:00"},{"@type":"WebSite","@id":"https:\/\/eldigitaldeasturias.com\/magazine365\/#website","url":"https:\/\/eldigitaldeasturias.com\/magazine365\/","name":"El Digital de Asturias","description":"Revista de ocio, turismo y estilo de vida","inLanguage":"es-ES","publisher":{"@id":"https:\/\/eldigitaldeasturias.com\/magazine365\/#organization"}}]},"og:locale":"es_ES","og:site_name":"El Digital de Asturias \u2013 Revista de ocio, turismo y estilo de vida","og:type":"article","og:title":"Linkin Park recarga las bater\u00edas del Rock in R\u00edo Lisboa | El Digital de Asturias","og:description":"Lisboa, 31 may (EFE).- Los estadounidenses Linkin Park no decepcionaron al p\u00fablico y sacaron su mejor repertorio para recargar las bater\u00edas de los asistentes en la tercera jornada del Rock in R\u00edo en Lisboa. Con cerca de veinte a\u00f1os de carrera, los californianos continuaron por la senda del rock en una jornada de resaca despu\u00e9s","og:url":"https:\/\/eldigitaldeasturias.com\/magazine365\/linkin-park-recarga-las-baterias-del-rock-in-rio-lisboa\/","og:image":"https:\/\/eldigitaldeasturias.com\/magazine365\/wp-content\/uploads\/2014\/05\/6320532w.jpg","og:image:secure_url":"https:\/\/eldigitaldeasturias.com\/magazine365\/wp-content\/uploads\/2014\/05\/6320532w.jpg","og:image:width":800,"og:image:height":550,"article:published_time":"2014-05-31T11:41:28+00:00","article:modified_time":"2014-05-31T11:41:28+00:00","twitter:card":"summary_large_image","twitter:title":"Linkin Park recarga las bater\u00edas del Rock in R\u00edo Lisboa | El Digital de Asturias","twitter:description":"Lisboa, 31 may (EFE).- Los estadounidenses Linkin Park no decepcionaron al p\u00fablico y sacaron su mejor repertorio para recargar las bater\u00edas de los asistentes en la tercera jornada del Rock in R\u00edo en Lisboa. Con cerca de veinte a\u00f1os de carrera, los californianos continuaron por la senda del rock en una jornada de resaca despu\u00e9s","twitter:image":"https:\/\/eldigitaldeasturias.com\/magazine365\/wp-content\/uploads\/2014\/05\/6320532w.jpg"},"aioseo_meta_data":{"post_id":"14560","title":null,"description":null,"keywords":null,"keyphrases":null,"primary_term":null,"canonical_url":null,"og_title":null,"og_description":null,"og_object_type":"default","og_image_type":"default","og_image_url":null,"og_image_width":null,"og_image_height":null,"og_image_custom_url":null,"og_image_custom_fields":null,"og_video":null,"og_custom_url":null,"og_article_section":null,"og_article_tags":null,"twitter_use_og":false,"twitter_card":"default","twitter_image_type":"default","twitter_image_url":null,"twitter_image_custom_url":null,"twitter_image_custom_fields":null,"twitter_title":null,"twitter_description":null,"schema":{"blockGraphs":[],"customGraphs":[],"default":{"data":{"Article":[],"Course":[],"Dataset":[],"FAQPage":[],"Movie":[],"Person":[],"Product":[],"ProductReview":[],"Car":[],"Recipe":[],"Service":[],"SoftwareApplication":[],"WebPage":[]},"graphName":"","isEnabled":true},"graphs":[],"defaultGraph":"","defaultPostTypeGraph":""},"schema_type":null,"schema_type_options":null,"pillar_content":false,"robots_default":true,"robots_noindex":false,"robots_noarchive":false,"robots_nosnippet":false,"robots_nofollow":false,"robots_noimageindex":false,"robots_noodp":false,"robots_notranslate":false,"robots_max_snippet":null,"robots_max_videopreview":null,"robots_max_imagepreview":"large","priority":null,"frequency":null,"location":null,"local_seo":null,"seo_analyzer_scan_date":"2025-09-17 10:20:31","breadcrumb_settings":null,"limit_modified_date":false,"open_ai":null,"ai":null,"created":"2021-03-09 08:13:17","updated":"2025-09-17 10:20:31"},"aioseo_breadcrumb":"<div class=\"aioseo-breadcrumbs\"><span class=\"aioseo-breadcrumb\">\n\t<a href=\"https:\/\/eldigitaldeasturias.com\/magazine365\" title=\"Home\">Home<\/a>\n<\/span><span class=\"aioseo-breadcrumb-separator\">\u2013<\/span><span class=\"aioseo-breadcrumb\">\n\t<a href=\"https:\/\/eldigitaldeasturias.com\/magazine365\/category\/noticias-actualidad\/\" title=\"Noticias y Actualidad\">Noticias y Actualidad<\/a>\n<\/span><span class=\"aioseo-breadcrumb-separator\">\u2013<\/span><span class=\"aioseo-breadcrumb\">\n\t<a href=\"https:\/\/eldigitaldeasturias.com\/magazine365\/linkin-park-recarga-las-baterias-del-rock-in-rio-lisboa\/\" title=\"Linkin Park recarga las bater\u00edas del Rock in R\u00edo Lisboa\">Linkin Park recarga las bater\u00edas del Rock in R\u00edo Lisboa<\/a>\n<\/span><\/div>","aioseo_breadcrumb_json":[{"label":"Home","link":"https:\/\/eldigitaldeasturias.com\/magazine365"},{"label":"Noticias y Actualidad","link":"https:\/\/eldigitaldeasturias.com\/magazine365\/category\/noticias-actualidad\/"},{"label":"Linkin Park recarga las bater\u00edas del Rock in R\u00edo Lisboa","link":"https:\/\/eldigitaldeasturias.com\/magazine365\/linkin-park-recarga-las-baterias-del-rock-in-rio-lisboa\/"}],"_links":{"self":[{"href":"https:\/\/eldigitaldeasturias.com\/magazine365\/wp-json\/wp\/v2\/posts\/14560","targetHints":{"allow":["GET"]}}],"collection":[{"href":"https:\/\/eldigitaldeasturias.com\/magazine365\/wp-json\/wp\/v2\/posts"}],"about":[{"href":"https:\/\/eldigitaldeasturias.com\/magazine365\/wp-json\/wp\/v2\/types\/post"}],"author":[{"embeddable":true,"href":"https:\/\/eldigitaldeasturias.com\/magazine365\/wp-json\/wp\/v2\/users\/1"}],"replies":[{"embeddable":true,"href":"https:\/\/eldigitaldeasturias.com\/magazine365\/wp-json\/wp\/v2\/comments?post=14560"}],"version-history":[{"count":0,"href":"https:\/\/eldigitaldeasturias.com\/magazine365\/wp-json\/wp\/v2\/posts\/14560\/revisions"}],"wp:featuredmedia":[{"embeddable":true,"href":"https:\/\/eldigitaldeasturias.com\/magazine365\/wp-json\/wp\/v2\/media\/14561"}],"wp:attachment":[{"href":"https:\/\/eldigitaldeasturias.com\/magazine365\/wp-json\/wp\/v2\/media?parent=14560"}],"wp:term":[{"taxonomy":"category","embeddable":true,"href":"https:\/\/eldigitaldeasturias.com\/magazine365\/wp-json\/wp\/v2\/categories?post=14560"},{"taxonomy":"post_tag","embeddable":true,"href":"https:\/\/eldigitaldeasturias.com\/magazine365\/wp-json\/wp\/v2\/tags?post=14560"}],"curies":[{"name":"wp","href":"https:\/\/api.w.org\/{rel}","templated":true}]}}