{"id":14551,"date":"2014-05-30T23:49:14","date_gmt":"2014-05-31T01:49:14","guid":{"rendered":"http:\/\/eldigitaldeasturias.com\/magazine365\/?p=14551"},"modified":"2014-05-30T23:49:14","modified_gmt":"2014-05-31T01:49:14","slug":"andres-aberasturi-no-reconoce-mucho-el-periodismo-de-ahora","status":"publish","type":"post","link":"https:\/\/eldigitaldeasturias.com\/magazine365\/andres-aberasturi-no-reconoce-mucho-el-periodismo-de-ahora\/","title":{"rendered":"Andr\u00e9s Aberasturi no reconoce mucho \u00abel periodismo de ahora\u00bb"},"content":{"rendered":"<p><img fetchpriority=\"high\" decoding=\"async\" class=\"alignleft size-medium wp-image-14552\" alt=\"6319890w\" src=\"https:\/\/eldigitaldeasturias.com\/magazine365\/wp-content\/uploads\/2014\/05\/6319890w-360x294.jpg\" width=\"360\" height=\"294\" srcset=\"https:\/\/eldigitaldeasturias.com\/magazine365\/wp-content\/uploads\/2014\/05\/6319890w-360x294.jpg 360w, https:\/\/eldigitaldeasturias.com\/magazine365\/wp-content\/uploads\/2014\/05\/6319890w-650x531.jpg 650w, https:\/\/eldigitaldeasturias.com\/magazine365\/wp-content\/uploads\/2014\/05\/6319890w-768x628.jpg 768w, https:\/\/eldigitaldeasturias.com\/magazine365\/wp-content\/uploads\/2014\/05\/6319890w-150x123.jpg 150w, https:\/\/eldigitaldeasturias.com\/magazine365\/wp-content\/uploads\/2014\/05\/6319890w-450x368.jpg 450w, https:\/\/eldigitaldeasturias.com\/magazine365\/wp-content\/uploads\/2014\/05\/6319890w-696x569.jpg 696w, https:\/\/eldigitaldeasturias.com\/magazine365\/wp-content\/uploads\/2014\/05\/6319890w-514x420.jpg 514w, https:\/\/eldigitaldeasturias.com\/magazine365\/wp-content\/uploads\/2014\/05\/6319890w.jpg 800w\" sizes=\"(max-width: 360px) 100vw, 360px\" \/>Ciudad Rodrigo (Salamanca), 30 may (EFE).- El periodista Andr\u00e9s Aberasturi, que ha participado hoy en Ciudad Rodrigo en el programa \u00abDi\u00e1logos de la Lengua\u00bb, ha afirmado: \u00abNo reconozco mucho el periodismo de ahora\u00bb.<\/p>\n<p>El columnista y tertuliano de Radio Nacional de Espa\u00f1a ha criticado en declaraciones a EFE que se est\u00e1 haciendo en estos momentos un periodismo de \u00abtodos contra todos, de barricada, donde m\u00e1s cargas ideol\u00f3gicas se postulan de forma partidaria\u00bb.<\/p>\n<p>En relaci\u00f3n a los pasados comicios europeos y a sus resultados, Aberasturi ha manifestado que los dos partidos mayoritarios \u00abno se han dado cuenta de la importancia de Internet\u00bb, en relaci\u00f3n a las redes sociales, como medio de difusi\u00f3n de los mensajes pol\u00edticos.<\/p>\n<p>\u00abTodav\u00eda creen en dar los m\u00edtines en la plaza de toros para salir un minuto en los telediarios\u00bb, ha asegurado Andr\u00e9s Aberasturi, que ha insistido en que \u00ablas cosas ya no son as\u00ed\u00bb y en que los dos grandes partidos \u00abno han sabido aprovechar las redes sociales.<\/p>\n<p>La jornada de hoy, organizada por el Instituto Castellano y Leon\u00e9s de la Lengua en el Palacio de los \u00c1guila de Ciudad Rodrigo, ha servido para que varios cientos de alumnos de secundaria conozcan la labor del periodismo, de la mano de Aberasturi.<\/p>\n<p>Los propios alumnos han podido interpelar al periodista, con quien han dialogado sobre la actualidad pol\u00edtica y medi\u00e1tica de Espa\u00f1a.<\/p>\n<p>El objetivo del programa Di\u00e1logos de la Lengua es acercar al p\u00fablico en general la labor que desarrollan en Espa\u00f1a periodistas y escritores conocidos.<\/p>\n","protected":false},"excerpt":{"rendered":"<p>Ciudad Rodrigo (Salamanca), 30 may (EFE).- El periodista Andr\u00e9s Aberasturi, que ha participado hoy en Ciudad Rodrigo en el programa \u00abDi\u00e1logos de la Lengua\u00bb, ha afirmado: \u00abNo reconozco mucho el periodismo de ahora\u00bb. El columnista y tertuliano de Radio Nacional de Espa\u00f1a ha criticado en declaraciones a EFE que se est\u00e1 haciendo en estos momentos<\/p>\n","protected":false},"author":1,"featured_media":14552,"comment_status":"open","ping_status":"closed","sticky":false,"template":"","format":"standard","meta":{"footnotes":""},"categories":[224],"tags":[],"class_list":{"0":"post-14551","1":"post","2":"type-post","3":"status-publish","4":"format-standard","5":"has-post-thumbnail","7":"category-noticias-actualidad"},"aioseo_notices":[],"aioseo_head":"\n\t\t<!-- All in One SEO Pro 4.9.6.1 - aioseo.com -->\n\t<meta name=\"description\" content=\"Ciudad Rodrigo (Salamanca), 30 may (EFE).- El periodista Andr\u00e9s Aberasturi, que ha participado hoy en Ciudad Rodrigo en el programa &quot;Di\u00e1logos de la Lengua&quot;, ha afirmado: &quot;No reconozco mucho el periodismo de ahora&quot;. El columnista y tertuliano de Radio Nacional de Espa\u00f1a ha criticado en declaraciones a EFE que se est\u00e1 haciendo en estos momentos\" \/>\n\t<meta name=\"robots\" content=\"max-image-preview:large\" \/>\n\t<meta name=\"author\" content=\"admin\"\/>\n\t<meta name=\"google-site-verification\" content=\"UA-38556648-1\" \/>\n\t<meta name=\"keywords\" content=\"noticias y actualidad\" \/>\n\t<link rel=\"canonical\" href=\"https:\/\/eldigitaldeasturias.com\/magazine365\/andres-aberasturi-no-reconoce-mucho-el-periodismo-de-ahora\/\" \/>\n\t<meta name=\"generator\" content=\"All in One SEO Pro (AIOSEO) 4.9.6.1\" \/>\n\t\t<meta property=\"og:locale\" content=\"es_ES\" \/>\n\t\t<meta property=\"og:site_name\" content=\"El Digital de Asturias \u2013 Revista de ocio, turismo y estilo de vida\" \/>\n\t\t<meta property=\"og:type\" content=\"article\" \/>\n\t\t<meta property=\"og:title\" content=\"Andr\u00e9s Aberasturi no reconoce mucho \u00abel periodismo de ahora\u00bb | El Digital de Asturias\" \/>\n\t\t<meta property=\"og:description\" content=\"Ciudad Rodrigo (Salamanca), 30 may (EFE).- El periodista Andr\u00e9s Aberasturi, que ha participado hoy en Ciudad Rodrigo en el programa &quot;Di\u00e1logos de la Lengua&quot;, ha afirmado: &quot;No reconozco mucho el periodismo de ahora&quot;. El columnista y tertuliano de Radio Nacional de Espa\u00f1a ha criticado en declaraciones a EFE que se est\u00e1 haciendo en estos momentos\" \/>\n\t\t<meta property=\"og:url\" content=\"https:\/\/eldigitaldeasturias.com\/magazine365\/andres-aberasturi-no-reconoce-mucho-el-periodismo-de-ahora\/\" \/>\n\t\t<meta property=\"og:image\" content=\"https:\/\/eldigitaldeasturias.com\/magazine365\/wp-content\/uploads\/2014\/05\/6319890w.jpg\" \/>\n\t\t<meta property=\"og:image:secure_url\" content=\"https:\/\/eldigitaldeasturias.com\/magazine365\/wp-content\/uploads\/2014\/05\/6319890w.jpg\" \/>\n\t\t<meta property=\"og:image:width\" content=\"800\" \/>\n\t\t<meta property=\"og:image:height\" content=\"654\" \/>\n\t\t<meta property=\"article:published_time\" content=\"2014-05-31T01:49:14+00:00\" \/>\n\t\t<meta property=\"article:modified_time\" content=\"2014-05-31T01:49:14+00:00\" \/>\n\t\t<meta name=\"twitter:card\" content=\"summary_large_image\" \/>\n\t\t<meta name=\"twitter:title\" content=\"Andr\u00e9s Aberasturi no reconoce mucho \u00abel periodismo de ahora\u00bb | El Digital de Asturias\" \/>\n\t\t<meta name=\"twitter:description\" content=\"Ciudad Rodrigo (Salamanca), 30 may (EFE).- El periodista Andr\u00e9s Aberasturi, que ha participado hoy en Ciudad Rodrigo en el programa &quot;Di\u00e1logos de la Lengua&quot;, ha afirmado: &quot;No reconozco mucho el periodismo de ahora&quot;. El columnista y tertuliano de Radio Nacional de Espa\u00f1a ha criticado en declaraciones a EFE que se est\u00e1 haciendo en estos momentos\" \/>\n\t\t<meta name=\"twitter:image\" content=\"https:\/\/eldigitaldeasturias.com\/magazine365\/wp-content\/uploads\/2014\/05\/6319890w.jpg\" \/>\n\t\t<script type=\"application\/ld+json\" class=\"aioseo-schema\">\n\t\t\t{\"@context\":\"https:\\\/\\\/schema.org\",\"@graph\":[{\"@type\":\"Article\",\"@id\":\"https:\\\/\\\/eldigitaldeasturias.com\\\/magazine365\\\/andres-aberasturi-no-reconoce-mucho-el-periodismo-de-ahora\\\/#article\",\"name\":\"Andr\\u00e9s Aberasturi no reconoce mucho \\u00abel periodismo de ahora\\u00bb | El Digital de Asturias\",\"headline\":\"Andr\\u00e9s Aberasturi no reconoce mucho \\u00abel periodismo de ahora\\u00bb\",\"author\":{\"@id\":\"https:\\\/\\\/eldigitaldeasturias.com\\\/magazine365\\\/author\\\/admin\\\/#author\"},\"publisher\":{\"@id\":\"https:\\\/\\\/eldigitaldeasturias.com\\\/magazine365\\\/#organization\"},\"image\":{\"@type\":\"ImageObject\",\"url\":\"https:\\\/\\\/eldigitaldeasturias.com\\\/magazine365\\\/wp-content\\\/uploads\\\/2014\\\/05\\\/6319890w.jpg\",\"width\":800,\"height\":654},\"datePublished\":\"2014-05-30T23:49:14+02:00\",\"dateModified\":\"2014-05-30T23:49:14+02:00\",\"inLanguage\":\"es-ES\",\"mainEntityOfPage\":{\"@id\":\"https:\\\/\\\/eldigitaldeasturias.com\\\/magazine365\\\/andres-aberasturi-no-reconoce-mucho-el-periodismo-de-ahora\\\/#webpage\"},\"isPartOf\":{\"@id\":\"https:\\\/\\\/eldigitaldeasturias.com\\\/magazine365\\\/andres-aberasturi-no-reconoce-mucho-el-periodismo-de-ahora\\\/#webpage\"},\"articleSection\":\"Noticias y Actualidad\"},{\"@type\":\"BreadcrumbList\",\"@id\":\"https:\\\/\\\/eldigitaldeasturias.com\\\/magazine365\\\/andres-aberasturi-no-reconoce-mucho-el-periodismo-de-ahora\\\/#breadcrumblist\",\"itemListElement\":[{\"@type\":\"ListItem\",\"@id\":\"https:\\\/\\\/eldigitaldeasturias.com\\\/magazine365#listItem\",\"position\":1,\"name\":\"Home\",\"item\":\"https:\\\/\\\/eldigitaldeasturias.com\\\/magazine365\",\"nextItem\":{\"@type\":\"ListItem\",\"@id\":\"https:\\\/\\\/eldigitaldeasturias.com\\\/magazine365\\\/category\\\/noticias-actualidad\\\/#listItem\",\"name\":\"Noticias y Actualidad\"}},{\"@type\":\"ListItem\",\"@id\":\"https:\\\/\\\/eldigitaldeasturias.com\\\/magazine365\\\/category\\\/noticias-actualidad\\\/#listItem\",\"position\":2,\"name\":\"Noticias y Actualidad\",\"item\":\"https:\\\/\\\/eldigitaldeasturias.com\\\/magazine365\\\/category\\\/noticias-actualidad\\\/\",\"nextItem\":{\"@type\":\"ListItem\",\"@id\":\"https:\\\/\\\/eldigitaldeasturias.com\\\/magazine365\\\/andres-aberasturi-no-reconoce-mucho-el-periodismo-de-ahora\\\/#listItem\",\"name\":\"Andr\\u00e9s Aberasturi no reconoce mucho \\u00abel periodismo de ahora\\u00bb\"},\"previousItem\":{\"@type\":\"ListItem\",\"@id\":\"https:\\\/\\\/eldigitaldeasturias.com\\\/magazine365#listItem\",\"name\":\"Home\"}},{\"@type\":\"ListItem\",\"@id\":\"https:\\\/\\\/eldigitaldeasturias.com\\\/magazine365\\\/andres-aberasturi-no-reconoce-mucho-el-periodismo-de-ahora\\\/#listItem\",\"position\":3,\"name\":\"Andr\\u00e9s Aberasturi no reconoce mucho \\u00abel periodismo de ahora\\u00bb\",\"previousItem\":{\"@type\":\"ListItem\",\"@id\":\"https:\\\/\\\/eldigitaldeasturias.com\\\/magazine365\\\/category\\\/noticias-actualidad\\\/#listItem\",\"name\":\"Noticias y Actualidad\"}}]},{\"@type\":\"Organization\",\"@id\":\"https:\\\/\\\/eldigitaldeasturias.com\\\/magazine365\\\/#organization\",\"name\":\"El digital de Asturias\",\"description\":\"Revista de ocio, turismo y estilo de vida\",\"url\":\"https:\\\/\\\/eldigitaldeasturias.com\\\/magazine365\\\/\",\"logo\":{\"@type\":\"ImageObject\",\"url\":\"https:\\\/\\\/www.eldigitaldeasturias.com\\\/noticias\\\/wp-content\\\/uploads\\\/2020\\\/12\\\/EDA.jpg\",\"@id\":\"https:\\\/\\\/eldigitaldeasturias.com\\\/magazine365\\\/andres-aberasturi-no-reconoce-mucho-el-periodismo-de-ahora\\\/#organizationLogo\"},\"image\":{\"@id\":\"https:\\\/\\\/eldigitaldeasturias.com\\\/magazine365\\\/andres-aberasturi-no-reconoce-mucho-el-periodismo-de-ahora\\\/#organizationLogo\"}},{\"@type\":\"Person\",\"@id\":\"https:\\\/\\\/eldigitaldeasturias.com\\\/magazine365\\\/author\\\/admin\\\/#author\",\"url\":\"https:\\\/\\\/eldigitaldeasturias.com\\\/magazine365\\\/author\\\/admin\\\/\",\"name\":\"admin\",\"image\":{\"@type\":\"ImageObject\",\"@id\":\"https:\\\/\\\/eldigitaldeasturias.com\\\/magazine365\\\/andres-aberasturi-no-reconoce-mucho-el-periodismo-de-ahora\\\/#authorImage\",\"url\":\"https:\\\/\\\/eldigitaldeasturias.com\\\/magazine365\\\/wp-content\\\/litespeed\\\/avatar\\\/e571bcf59a0edd6fa6838245a470f2fe.jpg?ver=1777574230\",\"width\":96,\"height\":96,\"caption\":\"admin\"}},{\"@type\":\"WebPage\",\"@id\":\"https:\\\/\\\/eldigitaldeasturias.com\\\/magazine365\\\/andres-aberasturi-no-reconoce-mucho-el-periodismo-de-ahora\\\/#webpage\",\"url\":\"https:\\\/\\\/eldigitaldeasturias.com\\\/magazine365\\\/andres-aberasturi-no-reconoce-mucho-el-periodismo-de-ahora\\\/\",\"name\":\"Andr\\u00e9s Aberasturi no reconoce mucho \\u00abel periodismo de ahora\\u00bb | El Digital de Asturias\",\"description\":\"Ciudad Rodrigo (Salamanca), 30 may (EFE).- El periodista Andr\\u00e9s Aberasturi, que ha participado hoy en Ciudad Rodrigo en el programa \\\"Di\\u00e1logos de la Lengua\\\", ha afirmado: \\\"No reconozco mucho el periodismo de ahora\\\". El columnista y tertuliano de Radio Nacional de Espa\\u00f1a ha criticado en declaraciones a EFE que se est\\u00e1 haciendo en estos momentos\",\"inLanguage\":\"es-ES\",\"isPartOf\":{\"@id\":\"https:\\\/\\\/eldigitaldeasturias.com\\\/magazine365\\\/#website\"},\"breadcrumb\":{\"@id\":\"https:\\\/\\\/eldigitaldeasturias.com\\\/magazine365\\\/andres-aberasturi-no-reconoce-mucho-el-periodismo-de-ahora\\\/#breadcrumblist\"},\"author\":{\"@id\":\"https:\\\/\\\/eldigitaldeasturias.com\\\/magazine365\\\/author\\\/admin\\\/#author\"},\"creator\":{\"@id\":\"https:\\\/\\\/eldigitaldeasturias.com\\\/magazine365\\\/author\\\/admin\\\/#author\"},\"image\":{\"@type\":\"ImageObject\",\"url\":\"https:\\\/\\\/eldigitaldeasturias.com\\\/magazine365\\\/wp-content\\\/uploads\\\/2014\\\/05\\\/6319890w.jpg\",\"@id\":\"https:\\\/\\\/eldigitaldeasturias.com\\\/magazine365\\\/andres-aberasturi-no-reconoce-mucho-el-periodismo-de-ahora\\\/#mainImage\",\"width\":800,\"height\":654},\"primaryImageOfPage\":{\"@id\":\"https:\\\/\\\/eldigitaldeasturias.com\\\/magazine365\\\/andres-aberasturi-no-reconoce-mucho-el-periodismo-de-ahora\\\/#mainImage\"},\"datePublished\":\"2014-05-30T23:49:14+02:00\",\"dateModified\":\"2014-05-30T23:49:14+02:00\"},{\"@type\":\"WebSite\",\"@id\":\"https:\\\/\\\/eldigitaldeasturias.com\\\/magazine365\\\/#website\",\"url\":\"https:\\\/\\\/eldigitaldeasturias.com\\\/magazine365\\\/\",\"name\":\"El Digital de Asturias\",\"description\":\"Revista de ocio, turismo y estilo de vida\",\"inLanguage\":\"es-ES\",\"publisher\":{\"@id\":\"https:\\\/\\\/eldigitaldeasturias.com\\\/magazine365\\\/#organization\"}}]}\n\t\t<\/script>\n\t\t<!-- All in One SEO Pro -->\r\n\t\t<title>Andr\u00e9s Aberasturi no reconoce mucho \u00abel periodismo de ahora\u00bb | El Digital de Asturias<\/title>\n\n","aioseo_head_json":{"title":"Andr\u00e9s Aberasturi no reconoce mucho \u00abel periodismo de ahora\u00bb | El Digital de Asturias","description":"Ciudad Rodrigo (Salamanca), 30 may (EFE).- El periodista Andr\u00e9s Aberasturi, que ha participado hoy en Ciudad Rodrigo en el programa \"Di\u00e1logos de la Lengua\", ha afirmado: \"No reconozco mucho el periodismo de ahora\". El columnista y tertuliano de Radio Nacional de Espa\u00f1a ha criticado en declaraciones a EFE que se est\u00e1 haciendo en estos momentos","canonical_url":"https:\/\/eldigitaldeasturias.com\/magazine365\/andres-aberasturi-no-reconoce-mucho-el-periodismo-de-ahora\/","robots":"max-image-preview:large","keywords":"noticias y actualidad","webmasterTools":{"google-site-verification":"UA-38556648-1","miscellaneous":""},"schema":{"@context":"https:\/\/schema.org","@graph":[{"@type":"Article","@id":"https:\/\/eldigitaldeasturias.com\/magazine365\/andres-aberasturi-no-reconoce-mucho-el-periodismo-de-ahora\/#article","name":"Andr\u00e9s Aberasturi no reconoce mucho \u00abel periodismo de ahora\u00bb | El Digital de Asturias","headline":"Andr\u00e9s Aberasturi no reconoce mucho \u00abel periodismo de ahora\u00bb","author":{"@id":"https:\/\/eldigitaldeasturias.com\/magazine365\/author\/admin\/#author"},"publisher":{"@id":"https:\/\/eldigitaldeasturias.com\/magazine365\/#organization"},"image":{"@type":"ImageObject","url":"https:\/\/eldigitaldeasturias.com\/magazine365\/wp-content\/uploads\/2014\/05\/6319890w.jpg","width":800,"height":654},"datePublished":"2014-05-30T23:49:14+02:00","dateModified":"2014-05-30T23:49:14+02:00","inLanguage":"es-ES","mainEntityOfPage":{"@id":"https:\/\/eldigitaldeasturias.com\/magazine365\/andres-aberasturi-no-reconoce-mucho-el-periodismo-de-ahora\/#webpage"},"isPartOf":{"@id":"https:\/\/eldigitaldeasturias.com\/magazine365\/andres-aberasturi-no-reconoce-mucho-el-periodismo-de-ahora\/#webpage"},"articleSection":"Noticias y Actualidad"},{"@type":"BreadcrumbList","@id":"https:\/\/eldigitaldeasturias.com\/magazine365\/andres-aberasturi-no-reconoce-mucho-el-periodismo-de-ahora\/#breadcrumblist","itemListElement":[{"@type":"ListItem","@id":"https:\/\/eldigitaldeasturias.com\/magazine365#listItem","position":1,"name":"Home","item":"https:\/\/eldigitaldeasturias.com\/magazine365","nextItem":{"@type":"ListItem","@id":"https:\/\/eldigitaldeasturias.com\/magazine365\/category\/noticias-actualidad\/#listItem","name":"Noticias y Actualidad"}},{"@type":"ListItem","@id":"https:\/\/eldigitaldeasturias.com\/magazine365\/category\/noticias-actualidad\/#listItem","position":2,"name":"Noticias y Actualidad","item":"https:\/\/eldigitaldeasturias.com\/magazine365\/category\/noticias-actualidad\/","nextItem":{"@type":"ListItem","@id":"https:\/\/eldigitaldeasturias.com\/magazine365\/andres-aberasturi-no-reconoce-mucho-el-periodismo-de-ahora\/#listItem","name":"Andr\u00e9s Aberasturi no reconoce mucho \u00abel periodismo de ahora\u00bb"},"previousItem":{"@type":"ListItem","@id":"https:\/\/eldigitaldeasturias.com\/magazine365#listItem","name":"Home"}},{"@type":"ListItem","@id":"https:\/\/eldigitaldeasturias.com\/magazine365\/andres-aberasturi-no-reconoce-mucho-el-periodismo-de-ahora\/#listItem","position":3,"name":"Andr\u00e9s Aberasturi no reconoce mucho \u00abel periodismo de ahora\u00bb","previousItem":{"@type":"ListItem","@id":"https:\/\/eldigitaldeasturias.com\/magazine365\/category\/noticias-actualidad\/#listItem","name":"Noticias y Actualidad"}}]},{"@type":"Organization","@id":"https:\/\/eldigitaldeasturias.com\/magazine365\/#organization","name":"El digital de Asturias","description":"Revista de ocio, turismo y estilo de vida","url":"https:\/\/eldigitaldeasturias.com\/magazine365\/","logo":{"@type":"ImageObject","url":"https:\/\/www.eldigitaldeasturias.com\/noticias\/wp-content\/uploads\/2020\/12\/EDA.jpg","@id":"https:\/\/eldigitaldeasturias.com\/magazine365\/andres-aberasturi-no-reconoce-mucho-el-periodismo-de-ahora\/#organizationLogo"},"image":{"@id":"https:\/\/eldigitaldeasturias.com\/magazine365\/andres-aberasturi-no-reconoce-mucho-el-periodismo-de-ahora\/#organizationLogo"}},{"@type":"Person","@id":"https:\/\/eldigitaldeasturias.com\/magazine365\/author\/admin\/#author","url":"https:\/\/eldigitaldeasturias.com\/magazine365\/author\/admin\/","name":"admin","image":{"@type":"ImageObject","@id":"https:\/\/eldigitaldeasturias.com\/magazine365\/andres-aberasturi-no-reconoce-mucho-el-periodismo-de-ahora\/#authorImage","url":"https:\/\/eldigitaldeasturias.com\/magazine365\/wp-content\/litespeed\/avatar\/e571bcf59a0edd6fa6838245a470f2fe.jpg?ver=1777574230","width":96,"height":96,"caption":"admin"}},{"@type":"WebPage","@id":"https:\/\/eldigitaldeasturias.com\/magazine365\/andres-aberasturi-no-reconoce-mucho-el-periodismo-de-ahora\/#webpage","url":"https:\/\/eldigitaldeasturias.com\/magazine365\/andres-aberasturi-no-reconoce-mucho-el-periodismo-de-ahora\/","name":"Andr\u00e9s Aberasturi no reconoce mucho \u00abel periodismo de ahora\u00bb | El Digital de Asturias","description":"Ciudad Rodrigo (Salamanca), 30 may (EFE).- El periodista Andr\u00e9s Aberasturi, que ha participado hoy en Ciudad Rodrigo en el programa \"Di\u00e1logos de la Lengua\", ha afirmado: \"No reconozco mucho el periodismo de ahora\". El columnista y tertuliano de Radio Nacional de Espa\u00f1a ha criticado en declaraciones a EFE que se est\u00e1 haciendo en estos momentos","inLanguage":"es-ES","isPartOf":{"@id":"https:\/\/eldigitaldeasturias.com\/magazine365\/#website"},"breadcrumb":{"@id":"https:\/\/eldigitaldeasturias.com\/magazine365\/andres-aberasturi-no-reconoce-mucho-el-periodismo-de-ahora\/#breadcrumblist"},"author":{"@id":"https:\/\/eldigitaldeasturias.com\/magazine365\/author\/admin\/#author"},"creator":{"@id":"https:\/\/eldigitaldeasturias.com\/magazine365\/author\/admin\/#author"},"image":{"@type":"ImageObject","url":"https:\/\/eldigitaldeasturias.com\/magazine365\/wp-content\/uploads\/2014\/05\/6319890w.jpg","@id":"https:\/\/eldigitaldeasturias.com\/magazine365\/andres-aberasturi-no-reconoce-mucho-el-periodismo-de-ahora\/#mainImage","width":800,"height":654},"primaryImageOfPage":{"@id":"https:\/\/eldigitaldeasturias.com\/magazine365\/andres-aberasturi-no-reconoce-mucho-el-periodismo-de-ahora\/#mainImage"},"datePublished":"2014-05-30T23:49:14+02:00","dateModified":"2014-05-30T23:49:14+02:00"},{"@type":"WebSite","@id":"https:\/\/eldigitaldeasturias.com\/magazine365\/#website","url":"https:\/\/eldigitaldeasturias.com\/magazine365\/","name":"El Digital de Asturias","description":"Revista de ocio, turismo y estilo de vida","inLanguage":"es-ES","publisher":{"@id":"https:\/\/eldigitaldeasturias.com\/magazine365\/#organization"}}]},"og:locale":"es_ES","og:site_name":"El Digital de Asturias \u2013 Revista de ocio, turismo y estilo de vida","og:type":"article","og:title":"Andr\u00e9s Aberasturi no reconoce mucho \u00abel periodismo de ahora\u00bb | El Digital de Asturias","og:description":"Ciudad Rodrigo (Salamanca), 30 may (EFE).- El periodista Andr\u00e9s Aberasturi, que ha participado hoy en Ciudad Rodrigo en el programa &quot;Di\u00e1logos de la Lengua&quot;, ha afirmado: &quot;No reconozco mucho el periodismo de ahora&quot;. El columnista y tertuliano de Radio Nacional de Espa\u00f1a ha criticado en declaraciones a EFE que se est\u00e1 haciendo en estos momentos","og:url":"https:\/\/eldigitaldeasturias.com\/magazine365\/andres-aberasturi-no-reconoce-mucho-el-periodismo-de-ahora\/","og:image":"https:\/\/eldigitaldeasturias.com\/magazine365\/wp-content\/uploads\/2014\/05\/6319890w.jpg","og:image:secure_url":"https:\/\/eldigitaldeasturias.com\/magazine365\/wp-content\/uploads\/2014\/05\/6319890w.jpg","og:image:width":800,"og:image:height":654,"article:published_time":"2014-05-31T01:49:14+00:00","article:modified_time":"2014-05-31T01:49:14+00:00","twitter:card":"summary_large_image","twitter:title":"Andr\u00e9s Aberasturi no reconoce mucho \u00abel periodismo de ahora\u00bb | El Digital de Asturias","twitter:description":"Ciudad Rodrigo (Salamanca), 30 may (EFE).- El periodista Andr\u00e9s Aberasturi, que ha participado hoy en Ciudad Rodrigo en el programa &quot;Di\u00e1logos de la Lengua&quot;, ha afirmado: &quot;No reconozco mucho el periodismo de ahora&quot;. El columnista y tertuliano de Radio Nacional de Espa\u00f1a ha criticado en declaraciones a EFE que se est\u00e1 haciendo en estos momentos","twitter:image":"https:\/\/eldigitaldeasturias.com\/magazine365\/wp-content\/uploads\/2014\/05\/6319890w.jpg"},"aioseo_meta_data":{"post_id":"14551","title":null,"description":null,"keywords":null,"keyphrases":null,"primary_term":null,"canonical_url":null,"og_title":null,"og_description":null,"og_object_type":"default","og_image_type":"default","og_image_url":null,"og_image_width":null,"og_image_height":null,"og_image_custom_url":null,"og_image_custom_fields":null,"og_video":null,"og_custom_url":null,"og_article_section":null,"og_article_tags":null,"twitter_use_og":false,"twitter_card":"default","twitter_image_type":"default","twitter_image_url":null,"twitter_image_custom_url":null,"twitter_image_custom_fields":null,"twitter_title":null,"twitter_description":null,"schema":{"blockGraphs":[],"customGraphs":[],"default":{"data":{"Article":[],"Course":[],"Dataset":[],"FAQPage":[],"Movie":[],"Person":[],"Product":[],"ProductReview":[],"Car":[],"Recipe":[],"Service":[],"SoftwareApplication":[],"WebPage":[]},"graphName":"","isEnabled":true},"graphs":[],"defaultGraph":"","defaultPostTypeGraph":""},"schema_type":null,"schema_type_options":null,"pillar_content":false,"robots_default":true,"robots_noindex":false,"robots_noarchive":false,"robots_nosnippet":false,"robots_nofollow":false,"robots_noimageindex":false,"robots_noodp":false,"robots_notranslate":false,"robots_max_snippet":null,"robots_max_videopreview":null,"robots_max_imagepreview":"large","priority":null,"frequency":null,"location":null,"local_seo":null,"seo_analyzer_scan_date":"2025-09-17 10:20:27","breadcrumb_settings":null,"limit_modified_date":false,"open_ai":null,"ai":null,"created":"2021-03-09 08:13:17","updated":"2025-09-17 10:20:27"},"aioseo_breadcrumb":"<div class=\"aioseo-breadcrumbs\"><span class=\"aioseo-breadcrumb\">\n\t<a href=\"https:\/\/eldigitaldeasturias.com\/magazine365\" title=\"Home\">Home<\/a>\n<\/span><span class=\"aioseo-breadcrumb-separator\">\u2013<\/span><span class=\"aioseo-breadcrumb\">\n\t<a href=\"https:\/\/eldigitaldeasturias.com\/magazine365\/category\/noticias-actualidad\/\" title=\"Noticias y Actualidad\">Noticias y Actualidad<\/a>\n<\/span><span class=\"aioseo-breadcrumb-separator\">\u2013<\/span><span class=\"aioseo-breadcrumb\">\n\t<a href=\"https:\/\/eldigitaldeasturias.com\/magazine365\/andres-aberasturi-no-reconoce-mucho-el-periodismo-de-ahora\/\" title=\"Andr\u00e9s Aberasturi no reconoce mucho \u00abel periodismo de ahora\u00bb\">Andr\u00e9s Aberasturi no reconoce mucho \u00abel periodismo de ahora\u00bb<\/a>\n<\/span><\/div>","aioseo_breadcrumb_json":[{"label":"Home","link":"https:\/\/eldigitaldeasturias.com\/magazine365"},{"label":"Noticias y Actualidad","link":"https:\/\/eldigitaldeasturias.com\/magazine365\/category\/noticias-actualidad\/"},{"label":"Andr\u00e9s Aberasturi no reconoce mucho \u00abel periodismo de ahora\u00bb","link":"https:\/\/eldigitaldeasturias.com\/magazine365\/andres-aberasturi-no-reconoce-mucho-el-periodismo-de-ahora\/"}],"_links":{"self":[{"href":"https:\/\/eldigitaldeasturias.com\/magazine365\/wp-json\/wp\/v2\/posts\/14551","targetHints":{"allow":["GET"]}}],"collection":[{"href":"https:\/\/eldigitaldeasturias.com\/magazine365\/wp-json\/wp\/v2\/posts"}],"about":[{"href":"https:\/\/eldigitaldeasturias.com\/magazine365\/wp-json\/wp\/v2\/types\/post"}],"author":[{"embeddable":true,"href":"https:\/\/eldigitaldeasturias.com\/magazine365\/wp-json\/wp\/v2\/users\/1"}],"replies":[{"embeddable":true,"href":"https:\/\/eldigitaldeasturias.com\/magazine365\/wp-json\/wp\/v2\/comments?post=14551"}],"version-history":[{"count":0,"href":"https:\/\/eldigitaldeasturias.com\/magazine365\/wp-json\/wp\/v2\/posts\/14551\/revisions"}],"wp:featuredmedia":[{"embeddable":true,"href":"https:\/\/eldigitaldeasturias.com\/magazine365\/wp-json\/wp\/v2\/media\/14552"}],"wp:attachment":[{"href":"https:\/\/eldigitaldeasturias.com\/magazine365\/wp-json\/wp\/v2\/media?parent=14551"}],"wp:term":[{"taxonomy":"category","embeddable":true,"href":"https:\/\/eldigitaldeasturias.com\/magazine365\/wp-json\/wp\/v2\/categories?post=14551"},{"taxonomy":"post_tag","embeddable":true,"href":"https:\/\/eldigitaldeasturias.com\/magazine365\/wp-json\/wp\/v2\/tags?post=14551"}],"curies":[{"name":"wp","href":"https:\/\/api.w.org\/{rel}","templated":true}]}}