{"id":14545,"date":"2014-05-30T23:25:11","date_gmt":"2014-05-31T01:25:11","guid":{"rendered":"http:\/\/eldigitaldeasturias.com\/magazine365\/?p=14545"},"modified":"2014-05-30T23:25:11","modified_gmt":"2014-05-31T01:25:11","slug":"ricky-martin-acude-al-life-ball-a-hacer-ruido-por-los-derechos-humanos","status":"publish","type":"post","link":"https:\/\/eldigitaldeasturias.com\/magazine365\/ricky-martin-acude-al-life-ball-a-hacer-ruido-por-los-derechos-humanos\/","title":{"rendered":"Ricky Martin acude al Life Ball a \u00abhacer ruido\u00bb por los derechos humanos"},"content":{"rendered":"<p><img fetchpriority=\"high\" decoding=\"async\" class=\"alignleft size-medium wp-image-14546\" alt=\"6319662w\" src=\"https:\/\/eldigitaldeasturias.com\/magazine365\/wp-content\/uploads\/2014\/05\/6319662w-360x239.jpg\" width=\"360\" height=\"239\" srcset=\"https:\/\/eldigitaldeasturias.com\/magazine365\/wp-content\/uploads\/2014\/05\/6319662w-360x239.jpg 360w, https:\/\/eldigitaldeasturias.com\/magazine365\/wp-content\/uploads\/2014\/05\/6319662w-650x432.jpg 650w, https:\/\/eldigitaldeasturias.com\/magazine365\/wp-content\/uploads\/2014\/05\/6319662w-768x511.jpg 768w, https:\/\/eldigitaldeasturias.com\/magazine365\/wp-content\/uploads\/2014\/05\/6319662w-150x100.jpg 150w, https:\/\/eldigitaldeasturias.com\/magazine365\/wp-content\/uploads\/2014\/05\/6319662w-450x299.jpg 450w, https:\/\/eldigitaldeasturias.com\/magazine365\/wp-content\/uploads\/2014\/05\/6319662w-696x463.jpg 696w, https:\/\/eldigitaldeasturias.com\/magazine365\/wp-content\/uploads\/2014\/05\/6319662w-632x420.jpg 632w, https:\/\/eldigitaldeasturias.com\/magazine365\/wp-content\/uploads\/2014\/05\/6319662w-84x55.jpg 84w, https:\/\/eldigitaldeasturias.com\/magazine365\/wp-content\/uploads\/2014\/05\/6319662w.jpg 800w\" sizes=\"(max-width: 360px) 100vw, 360px\" \/>Viena, 30 may (EFE).- Celebrar la vida, mandar un mensaje de tolerancia y hacer campa\u00f1a por los derechos humanos son las motivaciones con las que el cantante puertorrique\u00f1o Ricky Martin participar\u00e1 ma\u00f1ana en el Life Ball de Viena, una de los galas ben\u00e9ficas m\u00e1s importantes del mundo en la lucha contra el SIDA.<\/p>\n<p>\u00abOjal\u00e1 que un evento como este se pueda celebrar en todos los pa\u00edses, donde la organizaci\u00f3n es impecable. Pero lo m\u00e1s importante es el mensaje, el mensaje a la tolerancia, a la igualdad, a la educaci\u00f3n\u00bb, se\u00f1al\u00f3 Martin hoy en una entrevista con Efe.<\/p>\n<p>El cantante se subir\u00e1 ma\u00f1ana al escenario frente al Ayuntamiento de Viena para interpretar su tema \u00abVida\u00bb, dentro de la fiesta que desde hace 21 a\u00f1os recauda fondos para proyectos contra el SIDA, al tiempo que hace frente a los prejuicios que rodean a\u00fan a esta enfermedad.<\/p>\n<p>Martin record\u00f3 que desde hace a\u00f1os est\u00e1 comprometido con los derechos humanos a trav\u00e9s de la fundaci\u00f3n que lleva su nombre y que se centra en la defensa de los ni\u00f1os, especialmente en la prevenci\u00f3n de la trata de personas.<\/p>\n<p>\u00abTengo diez a\u00f1os tratando de combatir la trata humana y mi fundaci\u00f3n se enfoca en los ni\u00f1os. Y desafortunadamente todos los problemas del mundo est\u00e1n interconectados\u00bb, se\u00f1al\u00f3 Martin.<\/p>\n<p>\u00abHe sido invitado a este gran evento y yo no puedo decir que no. Yo tengo que hacer todo lo posible, hacer mucho ruido cuando se trata de los derechos humanos, porque la trata humana, igual que el problema del SIDA, es un problema de los derechos humanos\u00bb, enfatiz\u00f3 el cantante de \u00abLivin&#8217; la Vida Loca\u00bb.<\/p>\n<p>Martin se mostr\u00f3 encantado de intercambiar ideas y experiencias con el resto de famosos que participar\u00e1n en este Baile de la Vida, entre los que se cuentan el expresidente de EEUU Bill Clinton, la actriz Lindsay Lohan y las cantantes Leona Lewis y Courtney Love.<\/p>\n<p>Martin tambi\u00e9n reconoci\u00f3 estar deseando conocer a Conchita Wurst, la barbuda ganadora del Festival de Eurovisi\u00f3n, y que ser\u00e1 la estrella que cierre la gala de honor del Life Ball.<\/p>\n<p>\u00abMaravillosa. Estoy loco por mi foto con ella. Ya quiero. Tengo muchas ganas de conocerla por lo que ella representa y por lo que ha logrado en la m\u00fasica\u00bb, asegur\u00f3.<\/p>\n<p>Martin indic\u00f3 que el \u00e9xito de Conchita muestra la capacidad de los artistas de transmitir un mensaje y de cambiar la sociedad.<\/p>\n<p>\u00abPoder estar en los escenarios es importante para poder simplemente crear consciencia, y hablar de las emociones, de los sentimientos\u00bb, explic\u00f3.<\/p>\n<p>Martin se mostr\u00f3 tambi\u00e9n encantado de que su tema \u00abVida\u00bb forme parte de la m\u00fasica de la Copa del Mundo y agradeci\u00f3 a la FIFA que haya contado de nuevo con \u00e9l, despu\u00e9s de que en el Mundial de Francia su \u00abLa Copa de la Vida\u00bb fuera el himno oficial de la competici\u00f3n.<\/p>\n<p>\u00abEs una responsabilidad bien grande pero, m\u00e1s que una responsabilidad, es un lujo. Yo la estoy pasando muy bien, porque una vez m\u00e1s podemos romper fronteras y barreras, y unir a los pueblos a trav\u00e9s de la m\u00fasica, con el deporte. No muchos artistas tienen esta oportunidad y yo, caramba, la he tenido dos veces\u00bb, record\u00f3.<\/p>\n<p>El cantante dijo que est\u00e1 celebrando poder llevar su m\u00fasica, su cultura y su idioma \u00aba muchas partes del mundo\u00bb.<\/p>\n<p>Ya en lo deportivo, Martin no se atrevi\u00f3 a dar un pron\u00f3stico para la final, aunque admiti\u00f3 que \u00abuna final con Brasil, en Brasil, ser\u00eda fabuloso\u00bb.<\/p>\n<p>\u00abYo tengo mi pasaporte espa\u00f1ol, yo tambi\u00e9n estoy muy orgulloso de lo que Espa\u00f1a ha logrado. A ver qu\u00e9 pasa. Solamente puedo decir que voy a celebrar cada partido, voy a celebrar la alegr\u00eda de los pueblos. Y as\u00ed vamos a pasarla bien\u00bb, prometi\u00f3.<\/p>\n<p>Por Antonio S\u00e1nchez Sol\u00eds.<\/p>\n","protected":false},"excerpt":{"rendered":"<p>Viena, 30 may (EFE).- Celebrar la vida, mandar un mensaje de tolerancia y hacer campa\u00f1a por los derechos humanos son las motivaciones con las que el cantante puertorrique\u00f1o Ricky Martin participar\u00e1 ma\u00f1ana en el Life Ball de Viena, una de los galas ben\u00e9ficas m\u00e1s importantes del mundo en la lucha contra el SIDA. \u00abOjal\u00e1 que<\/p>\n","protected":false},"author":1,"featured_media":14546,"comment_status":"open","ping_status":"closed","sticky":false,"template":"","format":"standard","meta":{"footnotes":""},"categories":[224],"tags":[],"class_list":{"0":"post-14545","1":"post","2":"type-post","3":"status-publish","4":"format-standard","5":"has-post-thumbnail","7":"category-noticias-actualidad"},"aioseo_notices":[],"aioseo_head":"\n\t\t<!-- All in One SEO Pro 4.9.6.1 - aioseo.com -->\n\t<meta name=\"description\" content=\"Viena, 30 may (EFE).- Celebrar la vida, mandar un mensaje de tolerancia y hacer campa\u00f1a por los derechos humanos son las motivaciones con las que el cantante puertorrique\u00f1o Ricky Martin participar\u00e1 ma\u00f1ana en el Life Ball de Viena, una de los galas ben\u00e9ficas m\u00e1s importantes del mundo en la lucha contra el SIDA. &quot;Ojal\u00e1 que\" \/>\n\t<meta name=\"robots\" content=\"max-image-preview:large\" \/>\n\t<meta name=\"author\" content=\"admin\"\/>\n\t<meta name=\"google-site-verification\" content=\"UA-38556648-1\" \/>\n\t<meta name=\"keywords\" content=\"noticias y actualidad\" \/>\n\t<link rel=\"canonical\" href=\"https:\/\/eldigitaldeasturias.com\/magazine365\/ricky-martin-acude-al-life-ball-a-hacer-ruido-por-los-derechos-humanos\/\" \/>\n\t<meta name=\"generator\" content=\"All in One SEO Pro (AIOSEO) 4.9.6.1\" \/>\n\t\t<meta property=\"og:locale\" content=\"es_ES\" \/>\n\t\t<meta property=\"og:site_name\" content=\"El Digital de Asturias \u2013 Revista de ocio, turismo y estilo de vida\" \/>\n\t\t<meta property=\"og:type\" content=\"article\" \/>\n\t\t<meta property=\"og:title\" content=\"Ricky Martin acude al Life Ball a \u00abhacer ruido\u00bb por los derechos humanos | El Digital de Asturias\" \/>\n\t\t<meta property=\"og:description\" content=\"Viena, 30 may (EFE).- Celebrar la vida, mandar un mensaje de tolerancia y hacer campa\u00f1a por los derechos humanos son las motivaciones con las que el cantante puertorrique\u00f1o Ricky Martin participar\u00e1 ma\u00f1ana en el Life Ball de Viena, una de los galas ben\u00e9ficas m\u00e1s importantes del mundo en la lucha contra el SIDA. &quot;Ojal\u00e1 que\" \/>\n\t\t<meta property=\"og:url\" content=\"https:\/\/eldigitaldeasturias.com\/magazine365\/ricky-martin-acude-al-life-ball-a-hacer-ruido-por-los-derechos-humanos\/\" \/>\n\t\t<meta property=\"og:image\" content=\"https:\/\/eldigitaldeasturias.com\/magazine365\/wp-content\/uploads\/2014\/05\/6319662w.jpg\" \/>\n\t\t<meta property=\"og:image:secure_url\" content=\"https:\/\/eldigitaldeasturias.com\/magazine365\/wp-content\/uploads\/2014\/05\/6319662w.jpg\" \/>\n\t\t<meta property=\"og:image:width\" content=\"800\" \/>\n\t\t<meta property=\"og:image:height\" content=\"532\" \/>\n\t\t<meta property=\"article:published_time\" content=\"2014-05-31T01:25:11+00:00\" \/>\n\t\t<meta property=\"article:modified_time\" content=\"2014-05-31T01:25:11+00:00\" \/>\n\t\t<meta name=\"twitter:card\" content=\"summary_large_image\" \/>\n\t\t<meta name=\"twitter:title\" content=\"Ricky Martin acude al Life Ball a \u00abhacer ruido\u00bb por los derechos humanos | El Digital de Asturias\" \/>\n\t\t<meta name=\"twitter:description\" content=\"Viena, 30 may (EFE).- Celebrar la vida, mandar un mensaje de tolerancia y hacer campa\u00f1a por los derechos humanos son las motivaciones con las que el cantante puertorrique\u00f1o Ricky Martin participar\u00e1 ma\u00f1ana en el Life Ball de Viena, una de los galas ben\u00e9ficas m\u00e1s importantes del mundo en la lucha contra el SIDA. &quot;Ojal\u00e1 que\" \/>\n\t\t<meta name=\"twitter:image\" content=\"https:\/\/eldigitaldeasturias.com\/magazine365\/wp-content\/uploads\/2014\/05\/6319662w.jpg\" \/>\n\t\t<script type=\"application\/ld+json\" class=\"aioseo-schema\">\n\t\t\t{\"@context\":\"https:\\\/\\\/schema.org\",\"@graph\":[{\"@type\":\"Article\",\"@id\":\"https:\\\/\\\/eldigitaldeasturias.com\\\/magazine365\\\/ricky-martin-acude-al-life-ball-a-hacer-ruido-por-los-derechos-humanos\\\/#article\",\"name\":\"Ricky Martin acude al Life Ball a \\u00abhacer ruido\\u00bb por los derechos humanos | El Digital de Asturias\",\"headline\":\"Ricky Martin acude al Life Ball a \\u00abhacer ruido\\u00bb por los derechos humanos\",\"author\":{\"@id\":\"https:\\\/\\\/eldigitaldeasturias.com\\\/magazine365\\\/author\\\/admin\\\/#author\"},\"publisher\":{\"@id\":\"https:\\\/\\\/eldigitaldeasturias.com\\\/magazine365\\\/#organization\"},\"image\":{\"@type\":\"ImageObject\",\"url\":\"https:\\\/\\\/eldigitaldeasturias.com\\\/magazine365\\\/wp-content\\\/uploads\\\/2014\\\/05\\\/6319662w.jpg\",\"width\":800,\"height\":532},\"datePublished\":\"2014-05-30T23:25:11+02:00\",\"dateModified\":\"2014-05-30T23:25:11+02:00\",\"inLanguage\":\"es-ES\",\"mainEntityOfPage\":{\"@id\":\"https:\\\/\\\/eldigitaldeasturias.com\\\/magazine365\\\/ricky-martin-acude-al-life-ball-a-hacer-ruido-por-los-derechos-humanos\\\/#webpage\"},\"isPartOf\":{\"@id\":\"https:\\\/\\\/eldigitaldeasturias.com\\\/magazine365\\\/ricky-martin-acude-al-life-ball-a-hacer-ruido-por-los-derechos-humanos\\\/#webpage\"},\"articleSection\":\"Noticias y Actualidad\"},{\"@type\":\"BreadcrumbList\",\"@id\":\"https:\\\/\\\/eldigitaldeasturias.com\\\/magazine365\\\/ricky-martin-acude-al-life-ball-a-hacer-ruido-por-los-derechos-humanos\\\/#breadcrumblist\",\"itemListElement\":[{\"@type\":\"ListItem\",\"@id\":\"https:\\\/\\\/eldigitaldeasturias.com\\\/magazine365#listItem\",\"position\":1,\"name\":\"Home\",\"item\":\"https:\\\/\\\/eldigitaldeasturias.com\\\/magazine365\",\"nextItem\":{\"@type\":\"ListItem\",\"@id\":\"https:\\\/\\\/eldigitaldeasturias.com\\\/magazine365\\\/category\\\/noticias-actualidad\\\/#listItem\",\"name\":\"Noticias y Actualidad\"}},{\"@type\":\"ListItem\",\"@id\":\"https:\\\/\\\/eldigitaldeasturias.com\\\/magazine365\\\/category\\\/noticias-actualidad\\\/#listItem\",\"position\":2,\"name\":\"Noticias y Actualidad\",\"item\":\"https:\\\/\\\/eldigitaldeasturias.com\\\/magazine365\\\/category\\\/noticias-actualidad\\\/\",\"nextItem\":{\"@type\":\"ListItem\",\"@id\":\"https:\\\/\\\/eldigitaldeasturias.com\\\/magazine365\\\/ricky-martin-acude-al-life-ball-a-hacer-ruido-por-los-derechos-humanos\\\/#listItem\",\"name\":\"Ricky Martin acude al Life Ball a \\u00abhacer ruido\\u00bb por los derechos humanos\"},\"previousItem\":{\"@type\":\"ListItem\",\"@id\":\"https:\\\/\\\/eldigitaldeasturias.com\\\/magazine365#listItem\",\"name\":\"Home\"}},{\"@type\":\"ListItem\",\"@id\":\"https:\\\/\\\/eldigitaldeasturias.com\\\/magazine365\\\/ricky-martin-acude-al-life-ball-a-hacer-ruido-por-los-derechos-humanos\\\/#listItem\",\"position\":3,\"name\":\"Ricky Martin acude al Life Ball a \\u00abhacer ruido\\u00bb por los derechos humanos\",\"previousItem\":{\"@type\":\"ListItem\",\"@id\":\"https:\\\/\\\/eldigitaldeasturias.com\\\/magazine365\\\/category\\\/noticias-actualidad\\\/#listItem\",\"name\":\"Noticias y Actualidad\"}}]},{\"@type\":\"Organization\",\"@id\":\"https:\\\/\\\/eldigitaldeasturias.com\\\/magazine365\\\/#organization\",\"name\":\"El digital de Asturias\",\"description\":\"Revista de ocio, turismo y estilo de vida\",\"url\":\"https:\\\/\\\/eldigitaldeasturias.com\\\/magazine365\\\/\",\"logo\":{\"@type\":\"ImageObject\",\"url\":\"https:\\\/\\\/www.eldigitaldeasturias.com\\\/noticias\\\/wp-content\\\/uploads\\\/2020\\\/12\\\/EDA.jpg\",\"@id\":\"https:\\\/\\\/eldigitaldeasturias.com\\\/magazine365\\\/ricky-martin-acude-al-life-ball-a-hacer-ruido-por-los-derechos-humanos\\\/#organizationLogo\"},\"image\":{\"@id\":\"https:\\\/\\\/eldigitaldeasturias.com\\\/magazine365\\\/ricky-martin-acude-al-life-ball-a-hacer-ruido-por-los-derechos-humanos\\\/#organizationLogo\"}},{\"@type\":\"Person\",\"@id\":\"https:\\\/\\\/eldigitaldeasturias.com\\\/magazine365\\\/author\\\/admin\\\/#author\",\"url\":\"https:\\\/\\\/eldigitaldeasturias.com\\\/magazine365\\\/author\\\/admin\\\/\",\"name\":\"admin\",\"image\":{\"@type\":\"ImageObject\",\"@id\":\"https:\\\/\\\/eldigitaldeasturias.com\\\/magazine365\\\/ricky-martin-acude-al-life-ball-a-hacer-ruido-por-los-derechos-humanos\\\/#authorImage\",\"url\":\"https:\\\/\\\/eldigitaldeasturias.com\\\/magazine365\\\/wp-content\\\/litespeed\\\/avatar\\\/e571bcf59a0edd6fa6838245a470f2fe.jpg?ver=1777574230\",\"width\":96,\"height\":96,\"caption\":\"admin\"}},{\"@type\":\"WebPage\",\"@id\":\"https:\\\/\\\/eldigitaldeasturias.com\\\/magazine365\\\/ricky-martin-acude-al-life-ball-a-hacer-ruido-por-los-derechos-humanos\\\/#webpage\",\"url\":\"https:\\\/\\\/eldigitaldeasturias.com\\\/magazine365\\\/ricky-martin-acude-al-life-ball-a-hacer-ruido-por-los-derechos-humanos\\\/\",\"name\":\"Ricky Martin acude al Life Ball a \\u00abhacer ruido\\u00bb por los derechos humanos | El Digital de Asturias\",\"description\":\"Viena, 30 may (EFE).- Celebrar la vida, mandar un mensaje de tolerancia y hacer campa\\u00f1a por los derechos humanos son las motivaciones con las que el cantante puertorrique\\u00f1o Ricky Martin participar\\u00e1 ma\\u00f1ana en el Life Ball de Viena, una de los galas ben\\u00e9ficas m\\u00e1s importantes del mundo en la lucha contra el SIDA. \\\"Ojal\\u00e1 que\",\"inLanguage\":\"es-ES\",\"isPartOf\":{\"@id\":\"https:\\\/\\\/eldigitaldeasturias.com\\\/magazine365\\\/#website\"},\"breadcrumb\":{\"@id\":\"https:\\\/\\\/eldigitaldeasturias.com\\\/magazine365\\\/ricky-martin-acude-al-life-ball-a-hacer-ruido-por-los-derechos-humanos\\\/#breadcrumblist\"},\"author\":{\"@id\":\"https:\\\/\\\/eldigitaldeasturias.com\\\/magazine365\\\/author\\\/admin\\\/#author\"},\"creator\":{\"@id\":\"https:\\\/\\\/eldigitaldeasturias.com\\\/magazine365\\\/author\\\/admin\\\/#author\"},\"image\":{\"@type\":\"ImageObject\",\"url\":\"https:\\\/\\\/eldigitaldeasturias.com\\\/magazine365\\\/wp-content\\\/uploads\\\/2014\\\/05\\\/6319662w.jpg\",\"@id\":\"https:\\\/\\\/eldigitaldeasturias.com\\\/magazine365\\\/ricky-martin-acude-al-life-ball-a-hacer-ruido-por-los-derechos-humanos\\\/#mainImage\",\"width\":800,\"height\":532},\"primaryImageOfPage\":{\"@id\":\"https:\\\/\\\/eldigitaldeasturias.com\\\/magazine365\\\/ricky-martin-acude-al-life-ball-a-hacer-ruido-por-los-derechos-humanos\\\/#mainImage\"},\"datePublished\":\"2014-05-30T23:25:11+02:00\",\"dateModified\":\"2014-05-30T23:25:11+02:00\"},{\"@type\":\"WebSite\",\"@id\":\"https:\\\/\\\/eldigitaldeasturias.com\\\/magazine365\\\/#website\",\"url\":\"https:\\\/\\\/eldigitaldeasturias.com\\\/magazine365\\\/\",\"name\":\"El Digital de Asturias\",\"description\":\"Revista de ocio, turismo y estilo de vida\",\"inLanguage\":\"es-ES\",\"publisher\":{\"@id\":\"https:\\\/\\\/eldigitaldeasturias.com\\\/magazine365\\\/#organization\"}}]}\n\t\t<\/script>\n\t\t<!-- All in One SEO Pro -->\r\n\t\t<title>Ricky Martin acude al Life Ball a \u00abhacer ruido\u00bb por los derechos humanos | El Digital de Asturias<\/title>\n\n","aioseo_head_json":{"title":"Ricky Martin acude al Life Ball a \u00abhacer ruido\u00bb por los derechos humanos | El Digital de Asturias","description":"Viena, 30 may (EFE).- Celebrar la vida, mandar un mensaje de tolerancia y hacer campa\u00f1a por los derechos humanos son las motivaciones con las que el cantante puertorrique\u00f1o Ricky Martin participar\u00e1 ma\u00f1ana en el Life Ball de Viena, una de los galas ben\u00e9ficas m\u00e1s importantes del mundo en la lucha contra el SIDA. \"Ojal\u00e1 que","canonical_url":"https:\/\/eldigitaldeasturias.com\/magazine365\/ricky-martin-acude-al-life-ball-a-hacer-ruido-por-los-derechos-humanos\/","robots":"max-image-preview:large","keywords":"noticias y actualidad","webmasterTools":{"google-site-verification":"UA-38556648-1","miscellaneous":""},"schema":{"@context":"https:\/\/schema.org","@graph":[{"@type":"Article","@id":"https:\/\/eldigitaldeasturias.com\/magazine365\/ricky-martin-acude-al-life-ball-a-hacer-ruido-por-los-derechos-humanos\/#article","name":"Ricky Martin acude al Life Ball a \u00abhacer ruido\u00bb por los derechos humanos | El Digital de Asturias","headline":"Ricky Martin acude al Life Ball a \u00abhacer ruido\u00bb por los derechos humanos","author":{"@id":"https:\/\/eldigitaldeasturias.com\/magazine365\/author\/admin\/#author"},"publisher":{"@id":"https:\/\/eldigitaldeasturias.com\/magazine365\/#organization"},"image":{"@type":"ImageObject","url":"https:\/\/eldigitaldeasturias.com\/magazine365\/wp-content\/uploads\/2014\/05\/6319662w.jpg","width":800,"height":532},"datePublished":"2014-05-30T23:25:11+02:00","dateModified":"2014-05-30T23:25:11+02:00","inLanguage":"es-ES","mainEntityOfPage":{"@id":"https:\/\/eldigitaldeasturias.com\/magazine365\/ricky-martin-acude-al-life-ball-a-hacer-ruido-por-los-derechos-humanos\/#webpage"},"isPartOf":{"@id":"https:\/\/eldigitaldeasturias.com\/magazine365\/ricky-martin-acude-al-life-ball-a-hacer-ruido-por-los-derechos-humanos\/#webpage"},"articleSection":"Noticias y Actualidad"},{"@type":"BreadcrumbList","@id":"https:\/\/eldigitaldeasturias.com\/magazine365\/ricky-martin-acude-al-life-ball-a-hacer-ruido-por-los-derechos-humanos\/#breadcrumblist","itemListElement":[{"@type":"ListItem","@id":"https:\/\/eldigitaldeasturias.com\/magazine365#listItem","position":1,"name":"Home","item":"https:\/\/eldigitaldeasturias.com\/magazine365","nextItem":{"@type":"ListItem","@id":"https:\/\/eldigitaldeasturias.com\/magazine365\/category\/noticias-actualidad\/#listItem","name":"Noticias y Actualidad"}},{"@type":"ListItem","@id":"https:\/\/eldigitaldeasturias.com\/magazine365\/category\/noticias-actualidad\/#listItem","position":2,"name":"Noticias y Actualidad","item":"https:\/\/eldigitaldeasturias.com\/magazine365\/category\/noticias-actualidad\/","nextItem":{"@type":"ListItem","@id":"https:\/\/eldigitaldeasturias.com\/magazine365\/ricky-martin-acude-al-life-ball-a-hacer-ruido-por-los-derechos-humanos\/#listItem","name":"Ricky Martin acude al Life Ball a \u00abhacer ruido\u00bb por los derechos humanos"},"previousItem":{"@type":"ListItem","@id":"https:\/\/eldigitaldeasturias.com\/magazine365#listItem","name":"Home"}},{"@type":"ListItem","@id":"https:\/\/eldigitaldeasturias.com\/magazine365\/ricky-martin-acude-al-life-ball-a-hacer-ruido-por-los-derechos-humanos\/#listItem","position":3,"name":"Ricky Martin acude al Life Ball a \u00abhacer ruido\u00bb por los derechos humanos","previousItem":{"@type":"ListItem","@id":"https:\/\/eldigitaldeasturias.com\/magazine365\/category\/noticias-actualidad\/#listItem","name":"Noticias y Actualidad"}}]},{"@type":"Organization","@id":"https:\/\/eldigitaldeasturias.com\/magazine365\/#organization","name":"El digital de Asturias","description":"Revista de ocio, turismo y estilo de vida","url":"https:\/\/eldigitaldeasturias.com\/magazine365\/","logo":{"@type":"ImageObject","url":"https:\/\/www.eldigitaldeasturias.com\/noticias\/wp-content\/uploads\/2020\/12\/EDA.jpg","@id":"https:\/\/eldigitaldeasturias.com\/magazine365\/ricky-martin-acude-al-life-ball-a-hacer-ruido-por-los-derechos-humanos\/#organizationLogo"},"image":{"@id":"https:\/\/eldigitaldeasturias.com\/magazine365\/ricky-martin-acude-al-life-ball-a-hacer-ruido-por-los-derechos-humanos\/#organizationLogo"}},{"@type":"Person","@id":"https:\/\/eldigitaldeasturias.com\/magazine365\/author\/admin\/#author","url":"https:\/\/eldigitaldeasturias.com\/magazine365\/author\/admin\/","name":"admin","image":{"@type":"ImageObject","@id":"https:\/\/eldigitaldeasturias.com\/magazine365\/ricky-martin-acude-al-life-ball-a-hacer-ruido-por-los-derechos-humanos\/#authorImage","url":"https:\/\/eldigitaldeasturias.com\/magazine365\/wp-content\/litespeed\/avatar\/e571bcf59a0edd6fa6838245a470f2fe.jpg?ver=1777574230","width":96,"height":96,"caption":"admin"}},{"@type":"WebPage","@id":"https:\/\/eldigitaldeasturias.com\/magazine365\/ricky-martin-acude-al-life-ball-a-hacer-ruido-por-los-derechos-humanos\/#webpage","url":"https:\/\/eldigitaldeasturias.com\/magazine365\/ricky-martin-acude-al-life-ball-a-hacer-ruido-por-los-derechos-humanos\/","name":"Ricky Martin acude al Life Ball a \u00abhacer ruido\u00bb por los derechos humanos | El Digital de Asturias","description":"Viena, 30 may (EFE).- Celebrar la vida, mandar un mensaje de tolerancia y hacer campa\u00f1a por los derechos humanos son las motivaciones con las que el cantante puertorrique\u00f1o Ricky Martin participar\u00e1 ma\u00f1ana en el Life Ball de Viena, una de los galas ben\u00e9ficas m\u00e1s importantes del mundo en la lucha contra el SIDA. \"Ojal\u00e1 que","inLanguage":"es-ES","isPartOf":{"@id":"https:\/\/eldigitaldeasturias.com\/magazine365\/#website"},"breadcrumb":{"@id":"https:\/\/eldigitaldeasturias.com\/magazine365\/ricky-martin-acude-al-life-ball-a-hacer-ruido-por-los-derechos-humanos\/#breadcrumblist"},"author":{"@id":"https:\/\/eldigitaldeasturias.com\/magazine365\/author\/admin\/#author"},"creator":{"@id":"https:\/\/eldigitaldeasturias.com\/magazine365\/author\/admin\/#author"},"image":{"@type":"ImageObject","url":"https:\/\/eldigitaldeasturias.com\/magazine365\/wp-content\/uploads\/2014\/05\/6319662w.jpg","@id":"https:\/\/eldigitaldeasturias.com\/magazine365\/ricky-martin-acude-al-life-ball-a-hacer-ruido-por-los-derechos-humanos\/#mainImage","width":800,"height":532},"primaryImageOfPage":{"@id":"https:\/\/eldigitaldeasturias.com\/magazine365\/ricky-martin-acude-al-life-ball-a-hacer-ruido-por-los-derechos-humanos\/#mainImage"},"datePublished":"2014-05-30T23:25:11+02:00","dateModified":"2014-05-30T23:25:11+02:00"},{"@type":"WebSite","@id":"https:\/\/eldigitaldeasturias.com\/magazine365\/#website","url":"https:\/\/eldigitaldeasturias.com\/magazine365\/","name":"El Digital de Asturias","description":"Revista de ocio, turismo y estilo de vida","inLanguage":"es-ES","publisher":{"@id":"https:\/\/eldigitaldeasturias.com\/magazine365\/#organization"}}]},"og:locale":"es_ES","og:site_name":"El Digital de Asturias \u2013 Revista de ocio, turismo y estilo de vida","og:type":"article","og:title":"Ricky Martin acude al Life Ball a \u00abhacer ruido\u00bb por los derechos humanos | El Digital de Asturias","og:description":"Viena, 30 may (EFE).- Celebrar la vida, mandar un mensaje de tolerancia y hacer campa\u00f1a por los derechos humanos son las motivaciones con las que el cantante puertorrique\u00f1o Ricky Martin participar\u00e1 ma\u00f1ana en el Life Ball de Viena, una de los galas ben\u00e9ficas m\u00e1s importantes del mundo en la lucha contra el SIDA. &quot;Ojal\u00e1 que","og:url":"https:\/\/eldigitaldeasturias.com\/magazine365\/ricky-martin-acude-al-life-ball-a-hacer-ruido-por-los-derechos-humanos\/","og:image":"https:\/\/eldigitaldeasturias.com\/magazine365\/wp-content\/uploads\/2014\/05\/6319662w.jpg","og:image:secure_url":"https:\/\/eldigitaldeasturias.com\/magazine365\/wp-content\/uploads\/2014\/05\/6319662w.jpg","og:image:width":800,"og:image:height":532,"article:published_time":"2014-05-31T01:25:11+00:00","article:modified_time":"2014-05-31T01:25:11+00:00","twitter:card":"summary_large_image","twitter:title":"Ricky Martin acude al Life Ball a \u00abhacer ruido\u00bb por los derechos humanos | El Digital de Asturias","twitter:description":"Viena, 30 may (EFE).- Celebrar la vida, mandar un mensaje de tolerancia y hacer campa\u00f1a por los derechos humanos son las motivaciones con las que el cantante puertorrique\u00f1o Ricky Martin participar\u00e1 ma\u00f1ana en el Life Ball de Viena, una de los galas ben\u00e9ficas m\u00e1s importantes del mundo en la lucha contra el SIDA. &quot;Ojal\u00e1 que","twitter:image":"https:\/\/eldigitaldeasturias.com\/magazine365\/wp-content\/uploads\/2014\/05\/6319662w.jpg"},"aioseo_meta_data":{"post_id":"14545","title":null,"description":null,"keywords":null,"keyphrases":null,"primary_term":null,"canonical_url":null,"og_title":null,"og_description":null,"og_object_type":"default","og_image_type":"default","og_image_url":null,"og_image_width":null,"og_image_height":null,"og_image_custom_url":null,"og_image_custom_fields":null,"og_video":null,"og_custom_url":null,"og_article_section":null,"og_article_tags":null,"twitter_use_og":false,"twitter_card":"default","twitter_image_type":"default","twitter_image_url":null,"twitter_image_custom_url":null,"twitter_image_custom_fields":null,"twitter_title":null,"twitter_description":null,"schema":{"blockGraphs":[],"customGraphs":[],"default":{"data":{"Article":[],"Course":[],"Dataset":[],"FAQPage":[],"Movie":[],"Person":[],"Product":[],"ProductReview":[],"Car":[],"Recipe":[],"Service":[],"SoftwareApplication":[],"WebPage":[]},"graphName":"","isEnabled":true},"graphs":[],"defaultGraph":"","defaultPostTypeGraph":""},"schema_type":null,"schema_type_options":null,"pillar_content":false,"robots_default":true,"robots_noindex":false,"robots_noarchive":false,"robots_nosnippet":false,"robots_nofollow":false,"robots_noimageindex":false,"robots_noodp":false,"robots_notranslate":false,"robots_max_snippet":null,"robots_max_videopreview":null,"robots_max_imagepreview":"large","priority":null,"frequency":null,"location":null,"local_seo":null,"seo_analyzer_scan_date":"2025-09-17 10:19:14","breadcrumb_settings":null,"limit_modified_date":false,"open_ai":null,"ai":null,"created":"2021-03-09 08:13:17","updated":"2025-09-17 10:19:14"},"aioseo_breadcrumb":"<div class=\"aioseo-breadcrumbs\"><span class=\"aioseo-breadcrumb\">\n\t<a href=\"https:\/\/eldigitaldeasturias.com\/magazine365\" title=\"Home\">Home<\/a>\n<\/span><span class=\"aioseo-breadcrumb-separator\">\u2013<\/span><span class=\"aioseo-breadcrumb\">\n\t<a href=\"https:\/\/eldigitaldeasturias.com\/magazine365\/category\/noticias-actualidad\/\" title=\"Noticias y Actualidad\">Noticias y Actualidad<\/a>\n<\/span><span class=\"aioseo-breadcrumb-separator\">\u2013<\/span><span class=\"aioseo-breadcrumb\">\n\t<a href=\"https:\/\/eldigitaldeasturias.com\/magazine365\/ricky-martin-acude-al-life-ball-a-hacer-ruido-por-los-derechos-humanos\/\" title=\"Ricky Martin acude al Life Ball a \u00abhacer ruido\u00bb por los derechos humanos\">Ricky Martin acude al Life Ball a \u00abhacer ruido\u00bb por los derechos humanos<\/a>\n<\/span><\/div>","aioseo_breadcrumb_json":[{"label":"Home","link":"https:\/\/eldigitaldeasturias.com\/magazine365"},{"label":"Noticias y Actualidad","link":"https:\/\/eldigitaldeasturias.com\/magazine365\/category\/noticias-actualidad\/"},{"label":"Ricky Martin acude al Life Ball a \u00abhacer ruido\u00bb por los derechos humanos","link":"https:\/\/eldigitaldeasturias.com\/magazine365\/ricky-martin-acude-al-life-ball-a-hacer-ruido-por-los-derechos-humanos\/"}],"_links":{"self":[{"href":"https:\/\/eldigitaldeasturias.com\/magazine365\/wp-json\/wp\/v2\/posts\/14545","targetHints":{"allow":["GET"]}}],"collection":[{"href":"https:\/\/eldigitaldeasturias.com\/magazine365\/wp-json\/wp\/v2\/posts"}],"about":[{"href":"https:\/\/eldigitaldeasturias.com\/magazine365\/wp-json\/wp\/v2\/types\/post"}],"author":[{"embeddable":true,"href":"https:\/\/eldigitaldeasturias.com\/magazine365\/wp-json\/wp\/v2\/users\/1"}],"replies":[{"embeddable":true,"href":"https:\/\/eldigitaldeasturias.com\/magazine365\/wp-json\/wp\/v2\/comments?post=14545"}],"version-history":[{"count":0,"href":"https:\/\/eldigitaldeasturias.com\/magazine365\/wp-json\/wp\/v2\/posts\/14545\/revisions"}],"wp:featuredmedia":[{"embeddable":true,"href":"https:\/\/eldigitaldeasturias.com\/magazine365\/wp-json\/wp\/v2\/media\/14546"}],"wp:attachment":[{"href":"https:\/\/eldigitaldeasturias.com\/magazine365\/wp-json\/wp\/v2\/media?parent=14545"}],"wp:term":[{"taxonomy":"category","embeddable":true,"href":"https:\/\/eldigitaldeasturias.com\/magazine365\/wp-json\/wp\/v2\/categories?post=14545"},{"taxonomy":"post_tag","embeddable":true,"href":"https:\/\/eldigitaldeasturias.com\/magazine365\/wp-json\/wp\/v2\/tags?post=14545"}],"curies":[{"name":"wp","href":"https:\/\/api.w.org\/{rel}","templated":true}]}}