{"id":14542,"date":"2014-05-30T23:21:58","date_gmt":"2014-05-31T01:21:58","guid":{"rendered":"http:\/\/eldigitaldeasturias.com\/magazine365\/?p=14542"},"modified":"2014-05-30T23:21:58","modified_gmt":"2014-05-31T01:21:58","slug":"con-la-resaca-de-los-stones-el-rock-in-rio-lisboa-regresa-hoy-con-linkin-park","status":"publish","type":"post","link":"https:\/\/eldigitaldeasturias.com\/magazine365\/con-la-resaca-de-los-stones-el-rock-in-rio-lisboa-regresa-hoy-con-linkin-park\/","title":{"rendered":"Con la \u00abresaca\u00bb de los \u00abStones\u00bb, el Rock in R\u00edo Lisboa regresa hoy con Linkin Park"},"content":{"rendered":"<p><img fetchpriority=\"high\" decoding=\"async\" class=\"alignleft size-medium wp-image-14543\" alt=\"6318988w\" src=\"https:\/\/eldigitaldeasturias.com\/magazine365\/wp-content\/uploads\/2014\/05\/6318988w-360x233.jpg\" width=\"360\" height=\"233\" srcset=\"https:\/\/eldigitaldeasturias.com\/magazine365\/wp-content\/uploads\/2014\/05\/6318988w-360x233.jpg 360w, https:\/\/eldigitaldeasturias.com\/magazine365\/wp-content\/uploads\/2014\/05\/6318988w-650x421.jpg 650w, https:\/\/eldigitaldeasturias.com\/magazine365\/wp-content\/uploads\/2014\/05\/6318988w-768x497.jpg 768w, https:\/\/eldigitaldeasturias.com\/magazine365\/wp-content\/uploads\/2014\/05\/6318988w-150x97.jpg 150w, https:\/\/eldigitaldeasturias.com\/magazine365\/wp-content\/uploads\/2014\/05\/6318988w-450x291.jpg 450w, https:\/\/eldigitaldeasturias.com\/magazine365\/wp-content\/uploads\/2014\/05\/6318988w-696x451.jpg 696w, https:\/\/eldigitaldeasturias.com\/magazine365\/wp-content\/uploads\/2014\/05\/6318988w-649x420.jpg 649w, https:\/\/eldigitaldeasturias.com\/magazine365\/wp-content\/uploads\/2014\/05\/6318988w-225x145.jpg 225w, https:\/\/eldigitaldeasturias.com\/magazine365\/wp-content\/uploads\/2014\/05\/6318988w-84x55.jpg 84w, https:\/\/eldigitaldeasturias.com\/magazine365\/wp-content\/uploads\/2014\/05\/6318988w.jpg 800w\" sizes=\"(max-width: 360px) 100vw, 360px\" \/>Lisboa, 30 may (EFE).- El Rock in R\u00edo Lisboa ha vuelto a abrir hoy sus puertas a muchos espectadores a\u00fan \u00abcon resaca\u00bb del concierto de los Rolling Stones y a otros muchos que aguardan ansiosos a los oscuros Linkin Park, cabeza de cartel de la jornada, y a los \u00abstoner\u00bb Queens of the Stone Age.<\/p>\n<p>Son dos potentes bandas llegadas desde California las que toman el relevo del legendario grupo liderado por Mick Jagger y Keith Richards.<\/p>\n<p>Aunque tienen un estilo diferente, ambas se caracterizan por un sonido dominado por guitarras distorsionadas, demoledoras bater\u00edas y dos vocalistas con gran presencia en el escenario.<\/p>\n<p>La expectaci\u00f3n que han generado ha llevado a algunos de sus &#8216;fans&#8217; a correr hacia el escenario para conseguir un buen sitio desde el que seguir ambos conciertos, nada m\u00e1s abrir las puertas del recinto.<\/p>\n<p>Queens of the Stone Age tocar\u00e1 en el Palco Mundo a continuaci\u00f3n del grupo brasile\u00f1o Capital Inicial.<\/p>\n<p>Se espera una actuaci\u00f3n \u00e9pica de la banda estadounidense que presenta en Lisboa su nuevo \u00e1lbum \u00ab&#8230; Like a Clockwork\u00bb (2013), lanzado en junio del a\u00f1o pasado y que contiene temas como \u00abMy God is the sun\u00bb.<\/p>\n<p>Bajo el liderazgo del gigante Josh Homme, que mide casi dos metros de altura, los asistentes esperan que los \u00abQueens\u00bb incluyan en el repertorio algunos de sus himnos como \u00abNo one knows\u00bb, \u00abLittle Sister\u00bb y la desgarradora \u00abYou think I ain&#8217;t worth a dollar but I feel like a Millonaire\u00bb.<\/p>\n<p>A ellos les seguir\u00e1 el grupo tambi\u00e9n estadounidense, Linkin Park que act\u00faa en el Rock in R\u00edo Lisboa por tercera vez y fue uno de los conjuntos musicales m\u00e1s demandados a los organizadores del festival a trav\u00e9s de las redes sociales.<\/p>\n<p>Liderados por el solista Chester Bennington, el p\u00fablico lisboeta aguarda impaciente a que los \u00abLinkin\u00bb salten al escenario para corear algunas de sus canciones cl\u00e1sicas como \u00abIn the end\u00bb, \u00abNumb\u00bb, \u00abFaint\u00bb o \u00abSomewhere I belong\u00bb.<\/p>\n<p>Linkin Park cosech\u00f3 un gran \u00e9xito entre los j\u00f3venes de todo el mundo durante los a\u00f1os 2000, aunque su popularidad decay\u00f3 levemente a finales de la d\u00e9cada cuando cambiaron a un tipo de sonidos menos oscuros y m\u00e1s alternativos.<\/p>\n<p>Tras la tormenta de rock prevista para hoy, en la jornada de ma\u00f1ana el principal atractivo ser\u00e1 la banda canadiense Arcade Fire y, como colof\u00f3n, el d\u00eda 1 de junio el festival cerrar\u00e1 por todo lo alto con la presencia del estadounidense Justin Timberlake.<\/p>\n","protected":false},"excerpt":{"rendered":"<p>Lisboa, 30 may (EFE).- El Rock in R\u00edo Lisboa ha vuelto a abrir hoy sus puertas a muchos espectadores a\u00fan \u00abcon resaca\u00bb del concierto de los Rolling Stones y a otros muchos que aguardan ansiosos a los oscuros Linkin Park, cabeza de cartel de la jornada, y a los \u00abstoner\u00bb Queens of the Stone Age.<\/p>\n","protected":false},"author":1,"featured_media":14543,"comment_status":"open","ping_status":"closed","sticky":false,"template":"","format":"standard","meta":{"footnotes":""},"categories":[224],"tags":[],"class_list":{"0":"post-14542","1":"post","2":"type-post","3":"status-publish","4":"format-standard","5":"has-post-thumbnail","7":"category-noticias-actualidad"},"aioseo_notices":[],"aioseo_head":"\n\t\t<!-- All in One SEO Pro 4.9.6.1 - aioseo.com -->\n\t<meta name=\"description\" content=\"Lisboa, 30 may (EFE).- El Rock in R\u00edo Lisboa ha vuelto a abrir hoy sus puertas a muchos espectadores a\u00fan &quot;con resaca&quot; del concierto de los Rolling Stones y a otros muchos que aguardan ansiosos a los oscuros Linkin Park, cabeza de cartel de la jornada, y a los &quot;stoner&quot; Queens of the Stone Age.\" \/>\n\t<meta name=\"robots\" content=\"max-image-preview:large\" \/>\n\t<meta name=\"author\" content=\"admin\"\/>\n\t<meta name=\"google-site-verification\" content=\"UA-38556648-1\" \/>\n\t<meta name=\"keywords\" content=\"noticias y actualidad\" \/>\n\t<link rel=\"canonical\" href=\"https:\/\/eldigitaldeasturias.com\/magazine365\/con-la-resaca-de-los-stones-el-rock-in-rio-lisboa-regresa-hoy-con-linkin-park\/\" \/>\n\t<meta name=\"generator\" content=\"All in One SEO Pro (AIOSEO) 4.9.6.1\" \/>\n\t\t<meta property=\"og:locale\" content=\"es_ES\" \/>\n\t\t<meta property=\"og:site_name\" content=\"El Digital de Asturias \u2013 Revista de ocio, turismo y estilo de vida\" \/>\n\t\t<meta property=\"og:type\" content=\"article\" \/>\n\t\t<meta property=\"og:title\" content=\"Con la \u00abresaca\u00bb de los \u00abStones\u00bb, el Rock in R\u00edo Lisboa regresa hoy con Linkin Park | El Digital de Asturias\" \/>\n\t\t<meta property=\"og:description\" content=\"Lisboa, 30 may (EFE).- El Rock in R\u00edo Lisboa ha vuelto a abrir hoy sus puertas a muchos espectadores a\u00fan &quot;con resaca&quot; del concierto de los Rolling Stones y a otros muchos que aguardan ansiosos a los oscuros Linkin Park, cabeza de cartel de la jornada, y a los &quot;stoner&quot; Queens of the Stone Age.\" \/>\n\t\t<meta property=\"og:url\" content=\"https:\/\/eldigitaldeasturias.com\/magazine365\/con-la-resaca-de-los-stones-el-rock-in-rio-lisboa-regresa-hoy-con-linkin-park\/\" \/>\n\t\t<meta property=\"og:image\" content=\"https:\/\/eldigitaldeasturias.com\/magazine365\/wp-content\/uploads\/2014\/05\/6318988w.jpg\" \/>\n\t\t<meta property=\"og:image:secure_url\" content=\"https:\/\/eldigitaldeasturias.com\/magazine365\/wp-content\/uploads\/2014\/05\/6318988w.jpg\" \/>\n\t\t<meta property=\"og:image:width\" content=\"800\" \/>\n\t\t<meta property=\"og:image:height\" content=\"518\" \/>\n\t\t<meta property=\"article:published_time\" content=\"2014-05-31T01:21:58+00:00\" \/>\n\t\t<meta property=\"article:modified_time\" content=\"2014-05-31T01:21:58+00:00\" \/>\n\t\t<meta name=\"twitter:card\" content=\"summary_large_image\" \/>\n\t\t<meta name=\"twitter:title\" content=\"Con la \u00abresaca\u00bb de los \u00abStones\u00bb, el Rock in R\u00edo Lisboa regresa hoy con Linkin Park | El Digital de Asturias\" \/>\n\t\t<meta name=\"twitter:description\" content=\"Lisboa, 30 may (EFE).- El Rock in R\u00edo Lisboa ha vuelto a abrir hoy sus puertas a muchos espectadores a\u00fan &quot;con resaca&quot; del concierto de los Rolling Stones y a otros muchos que aguardan ansiosos a los oscuros Linkin Park, cabeza de cartel de la jornada, y a los &quot;stoner&quot; Queens of the Stone Age.\" \/>\n\t\t<meta name=\"twitter:image\" content=\"https:\/\/eldigitaldeasturias.com\/magazine365\/wp-content\/uploads\/2014\/05\/6318988w.jpg\" \/>\n\t\t<script type=\"application\/ld+json\" class=\"aioseo-schema\">\n\t\t\t{\"@context\":\"https:\\\/\\\/schema.org\",\"@graph\":[{\"@type\":\"Article\",\"@id\":\"https:\\\/\\\/eldigitaldeasturias.com\\\/magazine365\\\/con-la-resaca-de-los-stones-el-rock-in-rio-lisboa-regresa-hoy-con-linkin-park\\\/#article\",\"name\":\"Con la \\u00abresaca\\u00bb de los \\u00abStones\\u00bb, el Rock in R\\u00edo Lisboa regresa hoy con Linkin Park | El Digital de Asturias\",\"headline\":\"Con la \\u00abresaca\\u00bb de los \\u00abStones\\u00bb, el Rock in R\\u00edo Lisboa regresa hoy con Linkin Park\",\"author\":{\"@id\":\"https:\\\/\\\/eldigitaldeasturias.com\\\/magazine365\\\/author\\\/admin\\\/#author\"},\"publisher\":{\"@id\":\"https:\\\/\\\/eldigitaldeasturias.com\\\/magazine365\\\/#organization\"},\"image\":{\"@type\":\"ImageObject\",\"url\":\"https:\\\/\\\/eldigitaldeasturias.com\\\/magazine365\\\/wp-content\\\/uploads\\\/2014\\\/05\\\/6318988w.jpg\",\"width\":800,\"height\":518},\"datePublished\":\"2014-05-30T23:21:58+02:00\",\"dateModified\":\"2014-05-30T23:21:58+02:00\",\"inLanguage\":\"es-ES\",\"mainEntityOfPage\":{\"@id\":\"https:\\\/\\\/eldigitaldeasturias.com\\\/magazine365\\\/con-la-resaca-de-los-stones-el-rock-in-rio-lisboa-regresa-hoy-con-linkin-park\\\/#webpage\"},\"isPartOf\":{\"@id\":\"https:\\\/\\\/eldigitaldeasturias.com\\\/magazine365\\\/con-la-resaca-de-los-stones-el-rock-in-rio-lisboa-regresa-hoy-con-linkin-park\\\/#webpage\"},\"articleSection\":\"Noticias y Actualidad\"},{\"@type\":\"BreadcrumbList\",\"@id\":\"https:\\\/\\\/eldigitaldeasturias.com\\\/magazine365\\\/con-la-resaca-de-los-stones-el-rock-in-rio-lisboa-regresa-hoy-con-linkin-park\\\/#breadcrumblist\",\"itemListElement\":[{\"@type\":\"ListItem\",\"@id\":\"https:\\\/\\\/eldigitaldeasturias.com\\\/magazine365#listItem\",\"position\":1,\"name\":\"Home\",\"item\":\"https:\\\/\\\/eldigitaldeasturias.com\\\/magazine365\",\"nextItem\":{\"@type\":\"ListItem\",\"@id\":\"https:\\\/\\\/eldigitaldeasturias.com\\\/magazine365\\\/category\\\/noticias-actualidad\\\/#listItem\",\"name\":\"Noticias y Actualidad\"}},{\"@type\":\"ListItem\",\"@id\":\"https:\\\/\\\/eldigitaldeasturias.com\\\/magazine365\\\/category\\\/noticias-actualidad\\\/#listItem\",\"position\":2,\"name\":\"Noticias y Actualidad\",\"item\":\"https:\\\/\\\/eldigitaldeasturias.com\\\/magazine365\\\/category\\\/noticias-actualidad\\\/\",\"nextItem\":{\"@type\":\"ListItem\",\"@id\":\"https:\\\/\\\/eldigitaldeasturias.com\\\/magazine365\\\/con-la-resaca-de-los-stones-el-rock-in-rio-lisboa-regresa-hoy-con-linkin-park\\\/#listItem\",\"name\":\"Con la \\u00abresaca\\u00bb de los \\u00abStones\\u00bb, el Rock in R\\u00edo Lisboa regresa hoy con Linkin Park\"},\"previousItem\":{\"@type\":\"ListItem\",\"@id\":\"https:\\\/\\\/eldigitaldeasturias.com\\\/magazine365#listItem\",\"name\":\"Home\"}},{\"@type\":\"ListItem\",\"@id\":\"https:\\\/\\\/eldigitaldeasturias.com\\\/magazine365\\\/con-la-resaca-de-los-stones-el-rock-in-rio-lisboa-regresa-hoy-con-linkin-park\\\/#listItem\",\"position\":3,\"name\":\"Con la \\u00abresaca\\u00bb de los \\u00abStones\\u00bb, el Rock in R\\u00edo Lisboa regresa hoy con Linkin Park\",\"previousItem\":{\"@type\":\"ListItem\",\"@id\":\"https:\\\/\\\/eldigitaldeasturias.com\\\/magazine365\\\/category\\\/noticias-actualidad\\\/#listItem\",\"name\":\"Noticias y Actualidad\"}}]},{\"@type\":\"Organization\",\"@id\":\"https:\\\/\\\/eldigitaldeasturias.com\\\/magazine365\\\/#organization\",\"name\":\"El digital de Asturias\",\"description\":\"Revista de ocio, turismo y estilo de vida\",\"url\":\"https:\\\/\\\/eldigitaldeasturias.com\\\/magazine365\\\/\",\"logo\":{\"@type\":\"ImageObject\",\"url\":\"https:\\\/\\\/www.eldigitaldeasturias.com\\\/noticias\\\/wp-content\\\/uploads\\\/2020\\\/12\\\/EDA.jpg\",\"@id\":\"https:\\\/\\\/eldigitaldeasturias.com\\\/magazine365\\\/con-la-resaca-de-los-stones-el-rock-in-rio-lisboa-regresa-hoy-con-linkin-park\\\/#organizationLogo\"},\"image\":{\"@id\":\"https:\\\/\\\/eldigitaldeasturias.com\\\/magazine365\\\/con-la-resaca-de-los-stones-el-rock-in-rio-lisboa-regresa-hoy-con-linkin-park\\\/#organizationLogo\"}},{\"@type\":\"Person\",\"@id\":\"https:\\\/\\\/eldigitaldeasturias.com\\\/magazine365\\\/author\\\/admin\\\/#author\",\"url\":\"https:\\\/\\\/eldigitaldeasturias.com\\\/magazine365\\\/author\\\/admin\\\/\",\"name\":\"admin\",\"image\":{\"@type\":\"ImageObject\",\"@id\":\"https:\\\/\\\/eldigitaldeasturias.com\\\/magazine365\\\/con-la-resaca-de-los-stones-el-rock-in-rio-lisboa-regresa-hoy-con-linkin-park\\\/#authorImage\",\"url\":\"https:\\\/\\\/eldigitaldeasturias.com\\\/magazine365\\\/wp-content\\\/litespeed\\\/avatar\\\/e571bcf59a0edd6fa6838245a470f2fe.jpg?ver=1777574230\",\"width\":96,\"height\":96,\"caption\":\"admin\"}},{\"@type\":\"WebPage\",\"@id\":\"https:\\\/\\\/eldigitaldeasturias.com\\\/magazine365\\\/con-la-resaca-de-los-stones-el-rock-in-rio-lisboa-regresa-hoy-con-linkin-park\\\/#webpage\",\"url\":\"https:\\\/\\\/eldigitaldeasturias.com\\\/magazine365\\\/con-la-resaca-de-los-stones-el-rock-in-rio-lisboa-regresa-hoy-con-linkin-park\\\/\",\"name\":\"Con la \\u00abresaca\\u00bb de los \\u00abStones\\u00bb, el Rock in R\\u00edo Lisboa regresa hoy con Linkin Park | El Digital de Asturias\",\"description\":\"Lisboa, 30 may (EFE).- El Rock in R\\u00edo Lisboa ha vuelto a abrir hoy sus puertas a muchos espectadores a\\u00fan \\\"con resaca\\\" del concierto de los Rolling Stones y a otros muchos que aguardan ansiosos a los oscuros Linkin Park, cabeza de cartel de la jornada, y a los \\\"stoner\\\" Queens of the Stone Age.\",\"inLanguage\":\"es-ES\",\"isPartOf\":{\"@id\":\"https:\\\/\\\/eldigitaldeasturias.com\\\/magazine365\\\/#website\"},\"breadcrumb\":{\"@id\":\"https:\\\/\\\/eldigitaldeasturias.com\\\/magazine365\\\/con-la-resaca-de-los-stones-el-rock-in-rio-lisboa-regresa-hoy-con-linkin-park\\\/#breadcrumblist\"},\"author\":{\"@id\":\"https:\\\/\\\/eldigitaldeasturias.com\\\/magazine365\\\/author\\\/admin\\\/#author\"},\"creator\":{\"@id\":\"https:\\\/\\\/eldigitaldeasturias.com\\\/magazine365\\\/author\\\/admin\\\/#author\"},\"image\":{\"@type\":\"ImageObject\",\"url\":\"https:\\\/\\\/eldigitaldeasturias.com\\\/magazine365\\\/wp-content\\\/uploads\\\/2014\\\/05\\\/6318988w.jpg\",\"@id\":\"https:\\\/\\\/eldigitaldeasturias.com\\\/magazine365\\\/con-la-resaca-de-los-stones-el-rock-in-rio-lisboa-regresa-hoy-con-linkin-park\\\/#mainImage\",\"width\":800,\"height\":518},\"primaryImageOfPage\":{\"@id\":\"https:\\\/\\\/eldigitaldeasturias.com\\\/magazine365\\\/con-la-resaca-de-los-stones-el-rock-in-rio-lisboa-regresa-hoy-con-linkin-park\\\/#mainImage\"},\"datePublished\":\"2014-05-30T23:21:58+02:00\",\"dateModified\":\"2014-05-30T23:21:58+02:00\"},{\"@type\":\"WebSite\",\"@id\":\"https:\\\/\\\/eldigitaldeasturias.com\\\/magazine365\\\/#website\",\"url\":\"https:\\\/\\\/eldigitaldeasturias.com\\\/magazine365\\\/\",\"name\":\"El Digital de Asturias\",\"description\":\"Revista de ocio, turismo y estilo de vida\",\"inLanguage\":\"es-ES\",\"publisher\":{\"@id\":\"https:\\\/\\\/eldigitaldeasturias.com\\\/magazine365\\\/#organization\"}}]}\n\t\t<\/script>\n\t\t<!-- All in One SEO Pro -->\r\n\t\t<title>Con la \u00abresaca\u00bb de los \u00abStones\u00bb, el Rock in R\u00edo Lisboa regresa hoy con Linkin Park | El Digital de Asturias<\/title>\n\n","aioseo_head_json":{"title":"Con la \u00abresaca\u00bb de los \u00abStones\u00bb, el Rock in R\u00edo Lisboa regresa hoy con Linkin Park | El Digital de Asturias","description":"Lisboa, 30 may (EFE).- El Rock in R\u00edo Lisboa ha vuelto a abrir hoy sus puertas a muchos espectadores a\u00fan \"con resaca\" del concierto de los Rolling Stones y a otros muchos que aguardan ansiosos a los oscuros Linkin Park, cabeza de cartel de la jornada, y a los \"stoner\" Queens of the Stone Age.","canonical_url":"https:\/\/eldigitaldeasturias.com\/magazine365\/con-la-resaca-de-los-stones-el-rock-in-rio-lisboa-regresa-hoy-con-linkin-park\/","robots":"max-image-preview:large","keywords":"noticias y actualidad","webmasterTools":{"google-site-verification":"UA-38556648-1","miscellaneous":""},"schema":{"@context":"https:\/\/schema.org","@graph":[{"@type":"Article","@id":"https:\/\/eldigitaldeasturias.com\/magazine365\/con-la-resaca-de-los-stones-el-rock-in-rio-lisboa-regresa-hoy-con-linkin-park\/#article","name":"Con la \u00abresaca\u00bb de los \u00abStones\u00bb, el Rock in R\u00edo Lisboa regresa hoy con Linkin Park | El Digital de Asturias","headline":"Con la \u00abresaca\u00bb de los \u00abStones\u00bb, el Rock in R\u00edo Lisboa regresa hoy con Linkin Park","author":{"@id":"https:\/\/eldigitaldeasturias.com\/magazine365\/author\/admin\/#author"},"publisher":{"@id":"https:\/\/eldigitaldeasturias.com\/magazine365\/#organization"},"image":{"@type":"ImageObject","url":"https:\/\/eldigitaldeasturias.com\/magazine365\/wp-content\/uploads\/2014\/05\/6318988w.jpg","width":800,"height":518},"datePublished":"2014-05-30T23:21:58+02:00","dateModified":"2014-05-30T23:21:58+02:00","inLanguage":"es-ES","mainEntityOfPage":{"@id":"https:\/\/eldigitaldeasturias.com\/magazine365\/con-la-resaca-de-los-stones-el-rock-in-rio-lisboa-regresa-hoy-con-linkin-park\/#webpage"},"isPartOf":{"@id":"https:\/\/eldigitaldeasturias.com\/magazine365\/con-la-resaca-de-los-stones-el-rock-in-rio-lisboa-regresa-hoy-con-linkin-park\/#webpage"},"articleSection":"Noticias y Actualidad"},{"@type":"BreadcrumbList","@id":"https:\/\/eldigitaldeasturias.com\/magazine365\/con-la-resaca-de-los-stones-el-rock-in-rio-lisboa-regresa-hoy-con-linkin-park\/#breadcrumblist","itemListElement":[{"@type":"ListItem","@id":"https:\/\/eldigitaldeasturias.com\/magazine365#listItem","position":1,"name":"Home","item":"https:\/\/eldigitaldeasturias.com\/magazine365","nextItem":{"@type":"ListItem","@id":"https:\/\/eldigitaldeasturias.com\/magazine365\/category\/noticias-actualidad\/#listItem","name":"Noticias y Actualidad"}},{"@type":"ListItem","@id":"https:\/\/eldigitaldeasturias.com\/magazine365\/category\/noticias-actualidad\/#listItem","position":2,"name":"Noticias y Actualidad","item":"https:\/\/eldigitaldeasturias.com\/magazine365\/category\/noticias-actualidad\/","nextItem":{"@type":"ListItem","@id":"https:\/\/eldigitaldeasturias.com\/magazine365\/con-la-resaca-de-los-stones-el-rock-in-rio-lisboa-regresa-hoy-con-linkin-park\/#listItem","name":"Con la \u00abresaca\u00bb de los \u00abStones\u00bb, el Rock in R\u00edo Lisboa regresa hoy con Linkin Park"},"previousItem":{"@type":"ListItem","@id":"https:\/\/eldigitaldeasturias.com\/magazine365#listItem","name":"Home"}},{"@type":"ListItem","@id":"https:\/\/eldigitaldeasturias.com\/magazine365\/con-la-resaca-de-los-stones-el-rock-in-rio-lisboa-regresa-hoy-con-linkin-park\/#listItem","position":3,"name":"Con la \u00abresaca\u00bb de los \u00abStones\u00bb, el Rock in R\u00edo Lisboa regresa hoy con Linkin Park","previousItem":{"@type":"ListItem","@id":"https:\/\/eldigitaldeasturias.com\/magazine365\/category\/noticias-actualidad\/#listItem","name":"Noticias y Actualidad"}}]},{"@type":"Organization","@id":"https:\/\/eldigitaldeasturias.com\/magazine365\/#organization","name":"El digital de Asturias","description":"Revista de ocio, turismo y estilo de vida","url":"https:\/\/eldigitaldeasturias.com\/magazine365\/","logo":{"@type":"ImageObject","url":"https:\/\/www.eldigitaldeasturias.com\/noticias\/wp-content\/uploads\/2020\/12\/EDA.jpg","@id":"https:\/\/eldigitaldeasturias.com\/magazine365\/con-la-resaca-de-los-stones-el-rock-in-rio-lisboa-regresa-hoy-con-linkin-park\/#organizationLogo"},"image":{"@id":"https:\/\/eldigitaldeasturias.com\/magazine365\/con-la-resaca-de-los-stones-el-rock-in-rio-lisboa-regresa-hoy-con-linkin-park\/#organizationLogo"}},{"@type":"Person","@id":"https:\/\/eldigitaldeasturias.com\/magazine365\/author\/admin\/#author","url":"https:\/\/eldigitaldeasturias.com\/magazine365\/author\/admin\/","name":"admin","image":{"@type":"ImageObject","@id":"https:\/\/eldigitaldeasturias.com\/magazine365\/con-la-resaca-de-los-stones-el-rock-in-rio-lisboa-regresa-hoy-con-linkin-park\/#authorImage","url":"https:\/\/eldigitaldeasturias.com\/magazine365\/wp-content\/litespeed\/avatar\/e571bcf59a0edd6fa6838245a470f2fe.jpg?ver=1777574230","width":96,"height":96,"caption":"admin"}},{"@type":"WebPage","@id":"https:\/\/eldigitaldeasturias.com\/magazine365\/con-la-resaca-de-los-stones-el-rock-in-rio-lisboa-regresa-hoy-con-linkin-park\/#webpage","url":"https:\/\/eldigitaldeasturias.com\/magazine365\/con-la-resaca-de-los-stones-el-rock-in-rio-lisboa-regresa-hoy-con-linkin-park\/","name":"Con la \u00abresaca\u00bb de los \u00abStones\u00bb, el Rock in R\u00edo Lisboa regresa hoy con Linkin Park | El Digital de Asturias","description":"Lisboa, 30 may (EFE).- El Rock in R\u00edo Lisboa ha vuelto a abrir hoy sus puertas a muchos espectadores a\u00fan \"con resaca\" del concierto de los Rolling Stones y a otros muchos que aguardan ansiosos a los oscuros Linkin Park, cabeza de cartel de la jornada, y a los \"stoner\" Queens of the Stone Age.","inLanguage":"es-ES","isPartOf":{"@id":"https:\/\/eldigitaldeasturias.com\/magazine365\/#website"},"breadcrumb":{"@id":"https:\/\/eldigitaldeasturias.com\/magazine365\/con-la-resaca-de-los-stones-el-rock-in-rio-lisboa-regresa-hoy-con-linkin-park\/#breadcrumblist"},"author":{"@id":"https:\/\/eldigitaldeasturias.com\/magazine365\/author\/admin\/#author"},"creator":{"@id":"https:\/\/eldigitaldeasturias.com\/magazine365\/author\/admin\/#author"},"image":{"@type":"ImageObject","url":"https:\/\/eldigitaldeasturias.com\/magazine365\/wp-content\/uploads\/2014\/05\/6318988w.jpg","@id":"https:\/\/eldigitaldeasturias.com\/magazine365\/con-la-resaca-de-los-stones-el-rock-in-rio-lisboa-regresa-hoy-con-linkin-park\/#mainImage","width":800,"height":518},"primaryImageOfPage":{"@id":"https:\/\/eldigitaldeasturias.com\/magazine365\/con-la-resaca-de-los-stones-el-rock-in-rio-lisboa-regresa-hoy-con-linkin-park\/#mainImage"},"datePublished":"2014-05-30T23:21:58+02:00","dateModified":"2014-05-30T23:21:58+02:00"},{"@type":"WebSite","@id":"https:\/\/eldigitaldeasturias.com\/magazine365\/#website","url":"https:\/\/eldigitaldeasturias.com\/magazine365\/","name":"El Digital de Asturias","description":"Revista de ocio, turismo y estilo de vida","inLanguage":"es-ES","publisher":{"@id":"https:\/\/eldigitaldeasturias.com\/magazine365\/#organization"}}]},"og:locale":"es_ES","og:site_name":"El Digital de Asturias \u2013 Revista de ocio, turismo y estilo de vida","og:type":"article","og:title":"Con la \u00abresaca\u00bb de los \u00abStones\u00bb, el Rock in R\u00edo Lisboa regresa hoy con Linkin Park | El Digital de Asturias","og:description":"Lisboa, 30 may (EFE).- El Rock in R\u00edo Lisboa ha vuelto a abrir hoy sus puertas a muchos espectadores a\u00fan &quot;con resaca&quot; del concierto de los Rolling Stones y a otros muchos que aguardan ansiosos a los oscuros Linkin Park, cabeza de cartel de la jornada, y a los &quot;stoner&quot; Queens of the Stone Age.","og:url":"https:\/\/eldigitaldeasturias.com\/magazine365\/con-la-resaca-de-los-stones-el-rock-in-rio-lisboa-regresa-hoy-con-linkin-park\/","og:image":"https:\/\/eldigitaldeasturias.com\/magazine365\/wp-content\/uploads\/2014\/05\/6318988w.jpg","og:image:secure_url":"https:\/\/eldigitaldeasturias.com\/magazine365\/wp-content\/uploads\/2014\/05\/6318988w.jpg","og:image:width":800,"og:image:height":518,"article:published_time":"2014-05-31T01:21:58+00:00","article:modified_time":"2014-05-31T01:21:58+00:00","twitter:card":"summary_large_image","twitter:title":"Con la \u00abresaca\u00bb de los \u00abStones\u00bb, el Rock in R\u00edo Lisboa regresa hoy con Linkin Park | El Digital de Asturias","twitter:description":"Lisboa, 30 may (EFE).- El Rock in R\u00edo Lisboa ha vuelto a abrir hoy sus puertas a muchos espectadores a\u00fan &quot;con resaca&quot; del concierto de los Rolling Stones y a otros muchos que aguardan ansiosos a los oscuros Linkin Park, cabeza de cartel de la jornada, y a los &quot;stoner&quot; Queens of the Stone Age.","twitter:image":"https:\/\/eldigitaldeasturias.com\/magazine365\/wp-content\/uploads\/2014\/05\/6318988w.jpg"},"aioseo_meta_data":{"post_id":"14542","title":null,"description":null,"keywords":null,"keyphrases":null,"primary_term":null,"canonical_url":null,"og_title":null,"og_description":null,"og_object_type":"default","og_image_type":"default","og_image_url":null,"og_image_width":null,"og_image_height":null,"og_image_custom_url":null,"og_image_custom_fields":null,"og_video":null,"og_custom_url":null,"og_article_section":null,"og_article_tags":null,"twitter_use_og":false,"twitter_card":"default","twitter_image_type":"default","twitter_image_url":null,"twitter_image_custom_url":null,"twitter_image_custom_fields":null,"twitter_title":null,"twitter_description":null,"schema":{"blockGraphs":[],"customGraphs":[],"default":{"data":{"Article":[],"Course":[],"Dataset":[],"FAQPage":[],"Movie":[],"Person":[],"Product":[],"ProductReview":[],"Car":[],"Recipe":[],"Service":[],"SoftwareApplication":[],"WebPage":[]},"graphName":"","isEnabled":true},"graphs":[],"defaultGraph":"","defaultPostTypeGraph":""},"schema_type":null,"schema_type_options":null,"pillar_content":false,"robots_default":true,"robots_noindex":false,"robots_noarchive":false,"robots_nosnippet":false,"robots_nofollow":false,"robots_noimageindex":false,"robots_noodp":false,"robots_notranslate":false,"robots_max_snippet":null,"robots_max_videopreview":null,"robots_max_imagepreview":"large","priority":null,"frequency":null,"location":null,"local_seo":null,"seo_analyzer_scan_date":"2025-09-17 10:19:09","breadcrumb_settings":null,"limit_modified_date":false,"open_ai":null,"ai":null,"created":"2021-03-09 08:13:17","updated":"2025-09-17 10:19:09"},"aioseo_breadcrumb":"<div class=\"aioseo-breadcrumbs\"><span class=\"aioseo-breadcrumb\">\n\t<a href=\"https:\/\/eldigitaldeasturias.com\/magazine365\" title=\"Home\">Home<\/a>\n<\/span><span class=\"aioseo-breadcrumb-separator\">\u2013<\/span><span class=\"aioseo-breadcrumb\">\n\t<a href=\"https:\/\/eldigitaldeasturias.com\/magazine365\/category\/noticias-actualidad\/\" title=\"Noticias y Actualidad\">Noticias y Actualidad<\/a>\n<\/span><span class=\"aioseo-breadcrumb-separator\">\u2013<\/span><span class=\"aioseo-breadcrumb\">\n\t<a href=\"https:\/\/eldigitaldeasturias.com\/magazine365\/con-la-resaca-de-los-stones-el-rock-in-rio-lisboa-regresa-hoy-con-linkin-park\/\" title=\"Con la \u00abresaca\u00bb de los \u00abStones\u00bb, el Rock in R\u00edo Lisboa regresa hoy con Linkin Park\">Con la \u00abresaca\u00bb de los \u00abStones\u00bb, el Rock in R\u00edo Lisboa regresa hoy con Linkin Park<\/a>\n<\/span><\/div>","aioseo_breadcrumb_json":[{"label":"Home","link":"https:\/\/eldigitaldeasturias.com\/magazine365"},{"label":"Noticias y Actualidad","link":"https:\/\/eldigitaldeasturias.com\/magazine365\/category\/noticias-actualidad\/"},{"label":"Con la \u00abresaca\u00bb de los \u00abStones\u00bb, el Rock in R\u00edo Lisboa regresa hoy con Linkin Park","link":"https:\/\/eldigitaldeasturias.com\/magazine365\/con-la-resaca-de-los-stones-el-rock-in-rio-lisboa-regresa-hoy-con-linkin-park\/"}],"_links":{"self":[{"href":"https:\/\/eldigitaldeasturias.com\/magazine365\/wp-json\/wp\/v2\/posts\/14542","targetHints":{"allow":["GET"]}}],"collection":[{"href":"https:\/\/eldigitaldeasturias.com\/magazine365\/wp-json\/wp\/v2\/posts"}],"about":[{"href":"https:\/\/eldigitaldeasturias.com\/magazine365\/wp-json\/wp\/v2\/types\/post"}],"author":[{"embeddable":true,"href":"https:\/\/eldigitaldeasturias.com\/magazine365\/wp-json\/wp\/v2\/users\/1"}],"replies":[{"embeddable":true,"href":"https:\/\/eldigitaldeasturias.com\/magazine365\/wp-json\/wp\/v2\/comments?post=14542"}],"version-history":[{"count":0,"href":"https:\/\/eldigitaldeasturias.com\/magazine365\/wp-json\/wp\/v2\/posts\/14542\/revisions"}],"wp:featuredmedia":[{"embeddable":true,"href":"https:\/\/eldigitaldeasturias.com\/magazine365\/wp-json\/wp\/v2\/media\/14543"}],"wp:attachment":[{"href":"https:\/\/eldigitaldeasturias.com\/magazine365\/wp-json\/wp\/v2\/media?parent=14542"}],"wp:term":[{"taxonomy":"category","embeddable":true,"href":"https:\/\/eldigitaldeasturias.com\/magazine365\/wp-json\/wp\/v2\/categories?post=14542"},{"taxonomy":"post_tag","embeddable":true,"href":"https:\/\/eldigitaldeasturias.com\/magazine365\/wp-json\/wp\/v2\/tags?post=14542"}],"curies":[{"name":"wp","href":"https:\/\/api.w.org\/{rel}","templated":true}]}}