{"id":14533,"date":"2014-05-30T23:14:04","date_gmt":"2014-05-31T01:14:04","guid":{"rendered":"http:\/\/eldigitaldeasturias.com\/magazine365\/?p=14533"},"modified":"2014-05-30T23:14:04","modified_gmt":"2014-05-31T01:14:04","slug":"el-gobierno-acabara-en-junio-las-obras-en-las-playas-vizcainas-danadas-por-los-temporales","status":"publish","type":"post","link":"https:\/\/eldigitaldeasturias.com\/magazine365\/el-gobierno-acabara-en-junio-las-obras-en-las-playas-vizcainas-danadas-por-los-temporales\/","title":{"rendered":"El Gobierno acabar\u00e1 en junio las obras en las playas vizca\u00ednas da\u00f1adas por los temporales"},"content":{"rendered":"<p><img fetchpriority=\"high\" decoding=\"async\" class=\"alignleft size-medium wp-image-14534\" alt=\"6318604w\" src=\"https:\/\/eldigitaldeasturias.com\/magazine365\/wp-content\/uploads\/2014\/05\/6318604w-360x224.jpg\" width=\"360\" height=\"224\" srcset=\"https:\/\/eldigitaldeasturias.com\/magazine365\/wp-content\/uploads\/2014\/05\/6318604w-360x224.jpg 360w, https:\/\/eldigitaldeasturias.com\/magazine365\/wp-content\/uploads\/2014\/05\/6318604w-650x405.jpg 650w, https:\/\/eldigitaldeasturias.com\/magazine365\/wp-content\/uploads\/2014\/05\/6318604w-768x478.jpg 768w, https:\/\/eldigitaldeasturias.com\/magazine365\/wp-content\/uploads\/2014\/05\/6318604w-150x93.jpg 150w, https:\/\/eldigitaldeasturias.com\/magazine365\/wp-content\/uploads\/2014\/05\/6318604w-450x280.jpg 450w, https:\/\/eldigitaldeasturias.com\/magazine365\/wp-content\/uploads\/2014\/05\/6318604w-696x433.jpg 696w, https:\/\/eldigitaldeasturias.com\/magazine365\/wp-content\/uploads\/2014\/05\/6318604w-675x420.jpg 675w, https:\/\/eldigitaldeasturias.com\/magazine365\/wp-content\/uploads\/2014\/05\/6318604w-279x173.jpg 279w, https:\/\/eldigitaldeasturias.com\/magazine365\/wp-content\/uploads\/2014\/05\/6318604w-480x300.jpg 480w, https:\/\/eldigitaldeasturias.com\/magazine365\/wp-content\/uploads\/2014\/05\/6318604w.jpg 800w\" sizes=\"(max-width: 360px) 100vw, 360px\" \/>Bilbao, 30 may (EFE).- La Demarcaci\u00f3n de Costas del Gobierno central prev\u00e9 culminar a lo largo del mes de junio el arreglo de los desperfectos ocasionados por los temporales de febrero y marzo en las playas vizca\u00ednas, cuya reparaci\u00f3n es en su mayor parte de su competencia.<\/p>\n<p>El diputado foral de Medio Ambiente, Iosu Madariaga,, ha explicado hoy que el Ejecutivo foral de Bizkaia ha destinado cerca de 100.000 euros a reponer en las playas vizca\u00ednas tuber\u00edas, plataformas y otras peque\u00f1as estructuras que fueron rotas por los temporales de febrero y marzo.<\/p>\n<p>En la Comisi\u00f3n de Medio Ambiente de las Juntas Generales, donde ha comparecido a petici\u00f3n del PSE-EE, Madariaga ha destacado que el resto de los arreglos que quedan por hacer en las playas vizca\u00ednas corresponden a la Demarcaci\u00f3n de Costas del Gobierno central.<\/p>\n<p>Tras destacar la importante \u00abcoordinaci\u00f3n\u00bb que ha habido entre la Diputaci\u00f3n foral, el Gobierno Vasco y Costas para hacer frente a estos imprevistos, ha elogiado el \u00abexcelente\u00bb trabajo que esta entidad del Ejecutivo central ha desarrollado hasta ahora para arreglar los desperfectos causados por los temporales.<\/p>\n<p>Tras la apertura el domingo de la temporada de ba\u00f1o, Costas continuar\u00e1 trabajando en algunas playas vizca\u00ednas.<\/p>\n<p>Seguir\u00e1 reparando el puente Pobe\u00f1a de la playa de La Arena; recuperar\u00e1 mediante maquinaria, draga y bombeo el perfil seguro de la playa de Barinatxe; realizar\u00e1 movimientos de arena en la bah\u00eda de Plentzia y Gorliz, y proseguir\u00e1 con la reparaci\u00f3n de las pasarelas de madera de los accesos al arenal de Gorliz, seg\u00fan ha informado hoy la Diputaci\u00f3n foral.<\/p>\n<p>De igual forma, continuar\u00e1 reparando el paseo y los accesos de la playa de Bakio, donde tambi\u00e9n aportar\u00e1 arena a su zona central mediante draga y bombeo y retirar\u00e1 restos antr\u00f3picos.<\/p>\n<p>En la playa de Bermeo, finalizar\u00e1 la reparaci\u00f3n del acceso y la plataforma de la playa y la sustituci\u00f3n del edificio de servicios; en la de Laidatxu seguir\u00e1 reparando la pasarela de madera; en la de Laida, reparar\u00e1 todos los accesos; y, en la de Karraspio, continuar\u00e1 la reconstrucci\u00f3n del paseo.<\/p>\n","protected":false},"excerpt":{"rendered":"<p>Bilbao, 30 may (EFE).- La Demarcaci\u00f3n de Costas del Gobierno central prev\u00e9 culminar a lo largo del mes de junio el arreglo de los desperfectos ocasionados por los temporales de febrero y marzo en las playas vizca\u00ednas, cuya reparaci\u00f3n es en su mayor parte de su competencia. El diputado foral de Medio Ambiente, Iosu Madariaga,,<\/p>\n","protected":false},"author":1,"featured_media":14534,"comment_status":"open","ping_status":"closed","sticky":false,"template":"","format":"standard","meta":{"footnotes":""},"categories":[224],"tags":[],"class_list":{"0":"post-14533","1":"post","2":"type-post","3":"status-publish","4":"format-standard","5":"has-post-thumbnail","7":"category-noticias-actualidad"},"aioseo_notices":[],"aioseo_head":"\n\t\t<!-- All in One SEO Pro 4.9.6.1 - aioseo.com -->\n\t<meta name=\"description\" content=\"Bilbao, 30 may (EFE).- La Demarcaci\u00f3n de Costas del Gobierno central prev\u00e9 culminar a lo largo del mes de junio el arreglo de los desperfectos ocasionados por los temporales de febrero y marzo en las playas vizca\u00ednas, cuya reparaci\u00f3n es en su mayor parte de su competencia. El diputado foral de Medio Ambiente, Iosu Madariaga,,\" \/>\n\t<meta name=\"robots\" content=\"max-image-preview:large\" \/>\n\t<meta name=\"author\" content=\"admin\"\/>\n\t<meta name=\"google-site-verification\" content=\"UA-38556648-1\" \/>\n\t<meta name=\"keywords\" content=\"noticias y actualidad\" \/>\n\t<link rel=\"canonical\" href=\"https:\/\/eldigitaldeasturias.com\/magazine365\/el-gobierno-acabara-en-junio-las-obras-en-las-playas-vizcainas-danadas-por-los-temporales\/\" \/>\n\t<meta name=\"generator\" content=\"All in One SEO Pro (AIOSEO) 4.9.6.1\" \/>\n\t\t<meta property=\"og:locale\" content=\"es_ES\" \/>\n\t\t<meta property=\"og:site_name\" content=\"El Digital de Asturias \u2013 Revista de ocio, turismo y estilo de vida\" \/>\n\t\t<meta property=\"og:type\" content=\"article\" \/>\n\t\t<meta property=\"og:title\" content=\"El Gobierno acabar\u00e1 en junio las obras en las playas vizca\u00ednas da\u00f1adas por los temporales | El Digital de Asturias\" \/>\n\t\t<meta property=\"og:description\" content=\"Bilbao, 30 may (EFE).- La Demarcaci\u00f3n de Costas del Gobierno central prev\u00e9 culminar a lo largo del mes de junio el arreglo de los desperfectos ocasionados por los temporales de febrero y marzo en las playas vizca\u00ednas, cuya reparaci\u00f3n es en su mayor parte de su competencia. El diputado foral de Medio Ambiente, Iosu Madariaga,,\" \/>\n\t\t<meta property=\"og:url\" content=\"https:\/\/eldigitaldeasturias.com\/magazine365\/el-gobierno-acabara-en-junio-las-obras-en-las-playas-vizcainas-danadas-por-los-temporales\/\" \/>\n\t\t<meta property=\"og:image\" content=\"https:\/\/eldigitaldeasturias.com\/magazine365\/wp-content\/uploads\/2014\/05\/6318604w.jpg\" \/>\n\t\t<meta property=\"og:image:secure_url\" content=\"https:\/\/eldigitaldeasturias.com\/magazine365\/wp-content\/uploads\/2014\/05\/6318604w.jpg\" \/>\n\t\t<meta property=\"og:image:width\" content=\"800\" \/>\n\t\t<meta property=\"og:image:height\" content=\"498\" \/>\n\t\t<meta property=\"article:published_time\" content=\"2014-05-31T01:14:04+00:00\" \/>\n\t\t<meta property=\"article:modified_time\" content=\"2014-05-31T01:14:04+00:00\" \/>\n\t\t<meta name=\"twitter:card\" content=\"summary_large_image\" \/>\n\t\t<meta name=\"twitter:title\" content=\"El Gobierno acabar\u00e1 en junio las obras en las playas vizca\u00ednas da\u00f1adas por los temporales | El Digital de Asturias\" \/>\n\t\t<meta name=\"twitter:description\" content=\"Bilbao, 30 may (EFE).- La Demarcaci\u00f3n de Costas del Gobierno central prev\u00e9 culminar a lo largo del mes de junio el arreglo de los desperfectos ocasionados por los temporales de febrero y marzo en las playas vizca\u00ednas, cuya reparaci\u00f3n es en su mayor parte de su competencia. El diputado foral de Medio Ambiente, Iosu Madariaga,,\" \/>\n\t\t<meta name=\"twitter:image\" content=\"https:\/\/eldigitaldeasturias.com\/magazine365\/wp-content\/uploads\/2014\/05\/6318604w.jpg\" \/>\n\t\t<script type=\"application\/ld+json\" class=\"aioseo-schema\">\n\t\t\t{\"@context\":\"https:\\\/\\\/schema.org\",\"@graph\":[{\"@type\":\"Article\",\"@id\":\"https:\\\/\\\/eldigitaldeasturias.com\\\/magazine365\\\/el-gobierno-acabara-en-junio-las-obras-en-las-playas-vizcainas-danadas-por-los-temporales\\\/#article\",\"name\":\"El Gobierno acabar\\u00e1 en junio las obras en las playas vizca\\u00ednas da\\u00f1adas por los temporales | El Digital de Asturias\",\"headline\":\"El Gobierno acabar\\u00e1 en junio las obras en las playas vizca\\u00ednas da\\u00f1adas por los temporales\",\"author\":{\"@id\":\"https:\\\/\\\/eldigitaldeasturias.com\\\/magazine365\\\/author\\\/admin\\\/#author\"},\"publisher\":{\"@id\":\"https:\\\/\\\/eldigitaldeasturias.com\\\/magazine365\\\/#organization\"},\"image\":{\"@type\":\"ImageObject\",\"url\":\"https:\\\/\\\/eldigitaldeasturias.com\\\/magazine365\\\/wp-content\\\/uploads\\\/2014\\\/05\\\/6318604w.jpg\",\"width\":800,\"height\":498},\"datePublished\":\"2014-05-30T23:14:04+02:00\",\"dateModified\":\"2014-05-30T23:14:04+02:00\",\"inLanguage\":\"es-ES\",\"mainEntityOfPage\":{\"@id\":\"https:\\\/\\\/eldigitaldeasturias.com\\\/magazine365\\\/el-gobierno-acabara-en-junio-las-obras-en-las-playas-vizcainas-danadas-por-los-temporales\\\/#webpage\"},\"isPartOf\":{\"@id\":\"https:\\\/\\\/eldigitaldeasturias.com\\\/magazine365\\\/el-gobierno-acabara-en-junio-las-obras-en-las-playas-vizcainas-danadas-por-los-temporales\\\/#webpage\"},\"articleSection\":\"Noticias y Actualidad\"},{\"@type\":\"BreadcrumbList\",\"@id\":\"https:\\\/\\\/eldigitaldeasturias.com\\\/magazine365\\\/el-gobierno-acabara-en-junio-las-obras-en-las-playas-vizcainas-danadas-por-los-temporales\\\/#breadcrumblist\",\"itemListElement\":[{\"@type\":\"ListItem\",\"@id\":\"https:\\\/\\\/eldigitaldeasturias.com\\\/magazine365#listItem\",\"position\":1,\"name\":\"Home\",\"item\":\"https:\\\/\\\/eldigitaldeasturias.com\\\/magazine365\",\"nextItem\":{\"@type\":\"ListItem\",\"@id\":\"https:\\\/\\\/eldigitaldeasturias.com\\\/magazine365\\\/category\\\/noticias-actualidad\\\/#listItem\",\"name\":\"Noticias y Actualidad\"}},{\"@type\":\"ListItem\",\"@id\":\"https:\\\/\\\/eldigitaldeasturias.com\\\/magazine365\\\/category\\\/noticias-actualidad\\\/#listItem\",\"position\":2,\"name\":\"Noticias y Actualidad\",\"item\":\"https:\\\/\\\/eldigitaldeasturias.com\\\/magazine365\\\/category\\\/noticias-actualidad\\\/\",\"nextItem\":{\"@type\":\"ListItem\",\"@id\":\"https:\\\/\\\/eldigitaldeasturias.com\\\/magazine365\\\/el-gobierno-acabara-en-junio-las-obras-en-las-playas-vizcainas-danadas-por-los-temporales\\\/#listItem\",\"name\":\"El Gobierno acabar\\u00e1 en junio las obras en las playas vizca\\u00ednas da\\u00f1adas por los temporales\"},\"previousItem\":{\"@type\":\"ListItem\",\"@id\":\"https:\\\/\\\/eldigitaldeasturias.com\\\/magazine365#listItem\",\"name\":\"Home\"}},{\"@type\":\"ListItem\",\"@id\":\"https:\\\/\\\/eldigitaldeasturias.com\\\/magazine365\\\/el-gobierno-acabara-en-junio-las-obras-en-las-playas-vizcainas-danadas-por-los-temporales\\\/#listItem\",\"position\":3,\"name\":\"El Gobierno acabar\\u00e1 en junio las obras en las playas vizca\\u00ednas da\\u00f1adas por los temporales\",\"previousItem\":{\"@type\":\"ListItem\",\"@id\":\"https:\\\/\\\/eldigitaldeasturias.com\\\/magazine365\\\/category\\\/noticias-actualidad\\\/#listItem\",\"name\":\"Noticias y Actualidad\"}}]},{\"@type\":\"Organization\",\"@id\":\"https:\\\/\\\/eldigitaldeasturias.com\\\/magazine365\\\/#organization\",\"name\":\"El digital de Asturias\",\"description\":\"Revista de ocio, turismo y estilo de vida\",\"url\":\"https:\\\/\\\/eldigitaldeasturias.com\\\/magazine365\\\/\",\"logo\":{\"@type\":\"ImageObject\",\"url\":\"https:\\\/\\\/www.eldigitaldeasturias.com\\\/noticias\\\/wp-content\\\/uploads\\\/2020\\\/12\\\/EDA.jpg\",\"@id\":\"https:\\\/\\\/eldigitaldeasturias.com\\\/magazine365\\\/el-gobierno-acabara-en-junio-las-obras-en-las-playas-vizcainas-danadas-por-los-temporales\\\/#organizationLogo\"},\"image\":{\"@id\":\"https:\\\/\\\/eldigitaldeasturias.com\\\/magazine365\\\/el-gobierno-acabara-en-junio-las-obras-en-las-playas-vizcainas-danadas-por-los-temporales\\\/#organizationLogo\"}},{\"@type\":\"Person\",\"@id\":\"https:\\\/\\\/eldigitaldeasturias.com\\\/magazine365\\\/author\\\/admin\\\/#author\",\"url\":\"https:\\\/\\\/eldigitaldeasturias.com\\\/magazine365\\\/author\\\/admin\\\/\",\"name\":\"admin\",\"image\":{\"@type\":\"ImageObject\",\"@id\":\"https:\\\/\\\/eldigitaldeasturias.com\\\/magazine365\\\/el-gobierno-acabara-en-junio-las-obras-en-las-playas-vizcainas-danadas-por-los-temporales\\\/#authorImage\",\"url\":\"https:\\\/\\\/eldigitaldeasturias.com\\\/magazine365\\\/wp-content\\\/litespeed\\\/avatar\\\/e571bcf59a0edd6fa6838245a470f2fe.jpg?ver=1777574230\",\"width\":96,\"height\":96,\"caption\":\"admin\"}},{\"@type\":\"WebPage\",\"@id\":\"https:\\\/\\\/eldigitaldeasturias.com\\\/magazine365\\\/el-gobierno-acabara-en-junio-las-obras-en-las-playas-vizcainas-danadas-por-los-temporales\\\/#webpage\",\"url\":\"https:\\\/\\\/eldigitaldeasturias.com\\\/magazine365\\\/el-gobierno-acabara-en-junio-las-obras-en-las-playas-vizcainas-danadas-por-los-temporales\\\/\",\"name\":\"El Gobierno acabar\\u00e1 en junio las obras en las playas vizca\\u00ednas da\\u00f1adas por los temporales | El Digital de Asturias\",\"description\":\"Bilbao, 30 may (EFE).- La Demarcaci\\u00f3n de Costas del Gobierno central prev\\u00e9 culminar a lo largo del mes de junio el arreglo de los desperfectos ocasionados por los temporales de febrero y marzo en las playas vizca\\u00ednas, cuya reparaci\\u00f3n es en su mayor parte de su competencia. El diputado foral de Medio Ambiente, Iosu Madariaga,,\",\"inLanguage\":\"es-ES\",\"isPartOf\":{\"@id\":\"https:\\\/\\\/eldigitaldeasturias.com\\\/magazine365\\\/#website\"},\"breadcrumb\":{\"@id\":\"https:\\\/\\\/eldigitaldeasturias.com\\\/magazine365\\\/el-gobierno-acabara-en-junio-las-obras-en-las-playas-vizcainas-danadas-por-los-temporales\\\/#breadcrumblist\"},\"author\":{\"@id\":\"https:\\\/\\\/eldigitaldeasturias.com\\\/magazine365\\\/author\\\/admin\\\/#author\"},\"creator\":{\"@id\":\"https:\\\/\\\/eldigitaldeasturias.com\\\/magazine365\\\/author\\\/admin\\\/#author\"},\"image\":{\"@type\":\"ImageObject\",\"url\":\"https:\\\/\\\/eldigitaldeasturias.com\\\/magazine365\\\/wp-content\\\/uploads\\\/2014\\\/05\\\/6318604w.jpg\",\"@id\":\"https:\\\/\\\/eldigitaldeasturias.com\\\/magazine365\\\/el-gobierno-acabara-en-junio-las-obras-en-las-playas-vizcainas-danadas-por-los-temporales\\\/#mainImage\",\"width\":800,\"height\":498},\"primaryImageOfPage\":{\"@id\":\"https:\\\/\\\/eldigitaldeasturias.com\\\/magazine365\\\/el-gobierno-acabara-en-junio-las-obras-en-las-playas-vizcainas-danadas-por-los-temporales\\\/#mainImage\"},\"datePublished\":\"2014-05-30T23:14:04+02:00\",\"dateModified\":\"2014-05-30T23:14:04+02:00\"},{\"@type\":\"WebSite\",\"@id\":\"https:\\\/\\\/eldigitaldeasturias.com\\\/magazine365\\\/#website\",\"url\":\"https:\\\/\\\/eldigitaldeasturias.com\\\/magazine365\\\/\",\"name\":\"El Digital de Asturias\",\"description\":\"Revista de ocio, turismo y estilo de vida\",\"inLanguage\":\"es-ES\",\"publisher\":{\"@id\":\"https:\\\/\\\/eldigitaldeasturias.com\\\/magazine365\\\/#organization\"}}]}\n\t\t<\/script>\n\t\t<!-- All in One SEO Pro -->\r\n\t\t<title>El Gobierno acabar\u00e1 en junio las obras en las playas vizca\u00ednas da\u00f1adas por los temporales | El Digital de Asturias<\/title>\n\n","aioseo_head_json":{"title":"El Gobierno acabar\u00e1 en junio las obras en las playas vizca\u00ednas da\u00f1adas por los temporales | El Digital de Asturias","description":"Bilbao, 30 may (EFE).- La Demarcaci\u00f3n de Costas del Gobierno central prev\u00e9 culminar a lo largo del mes de junio el arreglo de los desperfectos ocasionados por los temporales de febrero y marzo en las playas vizca\u00ednas, cuya reparaci\u00f3n es en su mayor parte de su competencia. El diputado foral de Medio Ambiente, Iosu Madariaga,,","canonical_url":"https:\/\/eldigitaldeasturias.com\/magazine365\/el-gobierno-acabara-en-junio-las-obras-en-las-playas-vizcainas-danadas-por-los-temporales\/","robots":"max-image-preview:large","keywords":"noticias y actualidad","webmasterTools":{"google-site-verification":"UA-38556648-1","miscellaneous":""},"schema":{"@context":"https:\/\/schema.org","@graph":[{"@type":"Article","@id":"https:\/\/eldigitaldeasturias.com\/magazine365\/el-gobierno-acabara-en-junio-las-obras-en-las-playas-vizcainas-danadas-por-los-temporales\/#article","name":"El Gobierno acabar\u00e1 en junio las obras en las playas vizca\u00ednas da\u00f1adas por los temporales | El Digital de Asturias","headline":"El Gobierno acabar\u00e1 en junio las obras en las playas vizca\u00ednas da\u00f1adas por los temporales","author":{"@id":"https:\/\/eldigitaldeasturias.com\/magazine365\/author\/admin\/#author"},"publisher":{"@id":"https:\/\/eldigitaldeasturias.com\/magazine365\/#organization"},"image":{"@type":"ImageObject","url":"https:\/\/eldigitaldeasturias.com\/magazine365\/wp-content\/uploads\/2014\/05\/6318604w.jpg","width":800,"height":498},"datePublished":"2014-05-30T23:14:04+02:00","dateModified":"2014-05-30T23:14:04+02:00","inLanguage":"es-ES","mainEntityOfPage":{"@id":"https:\/\/eldigitaldeasturias.com\/magazine365\/el-gobierno-acabara-en-junio-las-obras-en-las-playas-vizcainas-danadas-por-los-temporales\/#webpage"},"isPartOf":{"@id":"https:\/\/eldigitaldeasturias.com\/magazine365\/el-gobierno-acabara-en-junio-las-obras-en-las-playas-vizcainas-danadas-por-los-temporales\/#webpage"},"articleSection":"Noticias y Actualidad"},{"@type":"BreadcrumbList","@id":"https:\/\/eldigitaldeasturias.com\/magazine365\/el-gobierno-acabara-en-junio-las-obras-en-las-playas-vizcainas-danadas-por-los-temporales\/#breadcrumblist","itemListElement":[{"@type":"ListItem","@id":"https:\/\/eldigitaldeasturias.com\/magazine365#listItem","position":1,"name":"Home","item":"https:\/\/eldigitaldeasturias.com\/magazine365","nextItem":{"@type":"ListItem","@id":"https:\/\/eldigitaldeasturias.com\/magazine365\/category\/noticias-actualidad\/#listItem","name":"Noticias y Actualidad"}},{"@type":"ListItem","@id":"https:\/\/eldigitaldeasturias.com\/magazine365\/category\/noticias-actualidad\/#listItem","position":2,"name":"Noticias y Actualidad","item":"https:\/\/eldigitaldeasturias.com\/magazine365\/category\/noticias-actualidad\/","nextItem":{"@type":"ListItem","@id":"https:\/\/eldigitaldeasturias.com\/magazine365\/el-gobierno-acabara-en-junio-las-obras-en-las-playas-vizcainas-danadas-por-los-temporales\/#listItem","name":"El Gobierno acabar\u00e1 en junio las obras en las playas vizca\u00ednas da\u00f1adas por los temporales"},"previousItem":{"@type":"ListItem","@id":"https:\/\/eldigitaldeasturias.com\/magazine365#listItem","name":"Home"}},{"@type":"ListItem","@id":"https:\/\/eldigitaldeasturias.com\/magazine365\/el-gobierno-acabara-en-junio-las-obras-en-las-playas-vizcainas-danadas-por-los-temporales\/#listItem","position":3,"name":"El Gobierno acabar\u00e1 en junio las obras en las playas vizca\u00ednas da\u00f1adas por los temporales","previousItem":{"@type":"ListItem","@id":"https:\/\/eldigitaldeasturias.com\/magazine365\/category\/noticias-actualidad\/#listItem","name":"Noticias y Actualidad"}}]},{"@type":"Organization","@id":"https:\/\/eldigitaldeasturias.com\/magazine365\/#organization","name":"El digital de Asturias","description":"Revista de ocio, turismo y estilo de vida","url":"https:\/\/eldigitaldeasturias.com\/magazine365\/","logo":{"@type":"ImageObject","url":"https:\/\/www.eldigitaldeasturias.com\/noticias\/wp-content\/uploads\/2020\/12\/EDA.jpg","@id":"https:\/\/eldigitaldeasturias.com\/magazine365\/el-gobierno-acabara-en-junio-las-obras-en-las-playas-vizcainas-danadas-por-los-temporales\/#organizationLogo"},"image":{"@id":"https:\/\/eldigitaldeasturias.com\/magazine365\/el-gobierno-acabara-en-junio-las-obras-en-las-playas-vizcainas-danadas-por-los-temporales\/#organizationLogo"}},{"@type":"Person","@id":"https:\/\/eldigitaldeasturias.com\/magazine365\/author\/admin\/#author","url":"https:\/\/eldigitaldeasturias.com\/magazine365\/author\/admin\/","name":"admin","image":{"@type":"ImageObject","@id":"https:\/\/eldigitaldeasturias.com\/magazine365\/el-gobierno-acabara-en-junio-las-obras-en-las-playas-vizcainas-danadas-por-los-temporales\/#authorImage","url":"https:\/\/eldigitaldeasturias.com\/magazine365\/wp-content\/litespeed\/avatar\/e571bcf59a0edd6fa6838245a470f2fe.jpg?ver=1777574230","width":96,"height":96,"caption":"admin"}},{"@type":"WebPage","@id":"https:\/\/eldigitaldeasturias.com\/magazine365\/el-gobierno-acabara-en-junio-las-obras-en-las-playas-vizcainas-danadas-por-los-temporales\/#webpage","url":"https:\/\/eldigitaldeasturias.com\/magazine365\/el-gobierno-acabara-en-junio-las-obras-en-las-playas-vizcainas-danadas-por-los-temporales\/","name":"El Gobierno acabar\u00e1 en junio las obras en las playas vizca\u00ednas da\u00f1adas por los temporales | El Digital de Asturias","description":"Bilbao, 30 may (EFE).- La Demarcaci\u00f3n de Costas del Gobierno central prev\u00e9 culminar a lo largo del mes de junio el arreglo de los desperfectos ocasionados por los temporales de febrero y marzo en las playas vizca\u00ednas, cuya reparaci\u00f3n es en su mayor parte de su competencia. El diputado foral de Medio Ambiente, Iosu Madariaga,,","inLanguage":"es-ES","isPartOf":{"@id":"https:\/\/eldigitaldeasturias.com\/magazine365\/#website"},"breadcrumb":{"@id":"https:\/\/eldigitaldeasturias.com\/magazine365\/el-gobierno-acabara-en-junio-las-obras-en-las-playas-vizcainas-danadas-por-los-temporales\/#breadcrumblist"},"author":{"@id":"https:\/\/eldigitaldeasturias.com\/magazine365\/author\/admin\/#author"},"creator":{"@id":"https:\/\/eldigitaldeasturias.com\/magazine365\/author\/admin\/#author"},"image":{"@type":"ImageObject","url":"https:\/\/eldigitaldeasturias.com\/magazine365\/wp-content\/uploads\/2014\/05\/6318604w.jpg","@id":"https:\/\/eldigitaldeasturias.com\/magazine365\/el-gobierno-acabara-en-junio-las-obras-en-las-playas-vizcainas-danadas-por-los-temporales\/#mainImage","width":800,"height":498},"primaryImageOfPage":{"@id":"https:\/\/eldigitaldeasturias.com\/magazine365\/el-gobierno-acabara-en-junio-las-obras-en-las-playas-vizcainas-danadas-por-los-temporales\/#mainImage"},"datePublished":"2014-05-30T23:14:04+02:00","dateModified":"2014-05-30T23:14:04+02:00"},{"@type":"WebSite","@id":"https:\/\/eldigitaldeasturias.com\/magazine365\/#website","url":"https:\/\/eldigitaldeasturias.com\/magazine365\/","name":"El Digital de Asturias","description":"Revista de ocio, turismo y estilo de vida","inLanguage":"es-ES","publisher":{"@id":"https:\/\/eldigitaldeasturias.com\/magazine365\/#organization"}}]},"og:locale":"es_ES","og:site_name":"El Digital de Asturias \u2013 Revista de ocio, turismo y estilo de vida","og:type":"article","og:title":"El Gobierno acabar\u00e1 en junio las obras en las playas vizca\u00ednas da\u00f1adas por los temporales | El Digital de Asturias","og:description":"Bilbao, 30 may (EFE).- La Demarcaci\u00f3n de Costas del Gobierno central prev\u00e9 culminar a lo largo del mes de junio el arreglo de los desperfectos ocasionados por los temporales de febrero y marzo en las playas vizca\u00ednas, cuya reparaci\u00f3n es en su mayor parte de su competencia. El diputado foral de Medio Ambiente, Iosu Madariaga,,","og:url":"https:\/\/eldigitaldeasturias.com\/magazine365\/el-gobierno-acabara-en-junio-las-obras-en-las-playas-vizcainas-danadas-por-los-temporales\/","og:image":"https:\/\/eldigitaldeasturias.com\/magazine365\/wp-content\/uploads\/2014\/05\/6318604w.jpg","og:image:secure_url":"https:\/\/eldigitaldeasturias.com\/magazine365\/wp-content\/uploads\/2014\/05\/6318604w.jpg","og:image:width":800,"og:image:height":498,"article:published_time":"2014-05-31T01:14:04+00:00","article:modified_time":"2014-05-31T01:14:04+00:00","twitter:card":"summary_large_image","twitter:title":"El Gobierno acabar\u00e1 en junio las obras en las playas vizca\u00ednas da\u00f1adas por los temporales | El Digital de Asturias","twitter:description":"Bilbao, 30 may (EFE).- La Demarcaci\u00f3n de Costas del Gobierno central prev\u00e9 culminar a lo largo del mes de junio el arreglo de los desperfectos ocasionados por los temporales de febrero y marzo en las playas vizca\u00ednas, cuya reparaci\u00f3n es en su mayor parte de su competencia. El diputado foral de Medio Ambiente, Iosu Madariaga,,","twitter:image":"https:\/\/eldigitaldeasturias.com\/magazine365\/wp-content\/uploads\/2014\/05\/6318604w.jpg"},"aioseo_meta_data":{"post_id":"14533","title":null,"description":null,"keywords":null,"keyphrases":null,"primary_term":null,"canonical_url":null,"og_title":null,"og_description":null,"og_object_type":"default","og_image_type":"default","og_image_url":null,"og_image_width":null,"og_image_height":null,"og_image_custom_url":null,"og_image_custom_fields":null,"og_video":null,"og_custom_url":null,"og_article_section":null,"og_article_tags":null,"twitter_use_og":false,"twitter_card":"default","twitter_image_type":"default","twitter_image_url":null,"twitter_image_custom_url":null,"twitter_image_custom_fields":null,"twitter_title":null,"twitter_description":null,"schema":{"blockGraphs":[],"customGraphs":[],"default":{"data":{"Article":[],"Course":[],"Dataset":[],"FAQPage":[],"Movie":[],"Person":[],"Product":[],"ProductReview":[],"Car":[],"Recipe":[],"Service":[],"SoftwareApplication":[],"WebPage":[]},"graphName":"","isEnabled":true},"graphs":[],"defaultGraph":"","defaultPostTypeGraph":""},"schema_type":null,"schema_type_options":null,"pillar_content":false,"robots_default":true,"robots_noindex":false,"robots_noarchive":false,"robots_nosnippet":false,"robots_nofollow":false,"robots_noimageindex":false,"robots_noodp":false,"robots_notranslate":false,"robots_max_snippet":null,"robots_max_videopreview":null,"robots_max_imagepreview":"large","priority":null,"frequency":null,"location":null,"local_seo":null,"seo_analyzer_scan_date":"2025-09-17 10:17:18","breadcrumb_settings":null,"limit_modified_date":false,"open_ai":null,"ai":null,"created":"2021-03-09 08:14:49","updated":"2025-09-17 10:17:18"},"aioseo_breadcrumb":"<div class=\"aioseo-breadcrumbs\"><span class=\"aioseo-breadcrumb\">\n\t<a href=\"https:\/\/eldigitaldeasturias.com\/magazine365\" title=\"Home\">Home<\/a>\n<\/span><span class=\"aioseo-breadcrumb-separator\">\u2013<\/span><span class=\"aioseo-breadcrumb\">\n\t<a href=\"https:\/\/eldigitaldeasturias.com\/magazine365\/category\/noticias-actualidad\/\" title=\"Noticias y Actualidad\">Noticias y Actualidad<\/a>\n<\/span><span class=\"aioseo-breadcrumb-separator\">\u2013<\/span><span class=\"aioseo-breadcrumb\">\n\t<a href=\"https:\/\/eldigitaldeasturias.com\/magazine365\/el-gobierno-acabara-en-junio-las-obras-en-las-playas-vizcainas-danadas-por-los-temporales\/\" title=\"El Gobierno acabar\u00e1 en junio las obras en las playas vizca\u00ednas da\u00f1adas por los temporales\">El Gobierno acabar\u00e1 en junio las obras en las playas vizca\u00ednas da\u00f1adas por los temporales<\/a>\n<\/span><\/div>","aioseo_breadcrumb_json":[{"label":"Home","link":"https:\/\/eldigitaldeasturias.com\/magazine365"},{"label":"Noticias y Actualidad","link":"https:\/\/eldigitaldeasturias.com\/magazine365\/category\/noticias-actualidad\/"},{"label":"El Gobierno acabar\u00e1 en junio las obras en las playas vizca\u00ednas da\u00f1adas por los temporales","link":"https:\/\/eldigitaldeasturias.com\/magazine365\/el-gobierno-acabara-en-junio-las-obras-en-las-playas-vizcainas-danadas-por-los-temporales\/"}],"_links":{"self":[{"href":"https:\/\/eldigitaldeasturias.com\/magazine365\/wp-json\/wp\/v2\/posts\/14533","targetHints":{"allow":["GET"]}}],"collection":[{"href":"https:\/\/eldigitaldeasturias.com\/magazine365\/wp-json\/wp\/v2\/posts"}],"about":[{"href":"https:\/\/eldigitaldeasturias.com\/magazine365\/wp-json\/wp\/v2\/types\/post"}],"author":[{"embeddable":true,"href":"https:\/\/eldigitaldeasturias.com\/magazine365\/wp-json\/wp\/v2\/users\/1"}],"replies":[{"embeddable":true,"href":"https:\/\/eldigitaldeasturias.com\/magazine365\/wp-json\/wp\/v2\/comments?post=14533"}],"version-history":[{"count":0,"href":"https:\/\/eldigitaldeasturias.com\/magazine365\/wp-json\/wp\/v2\/posts\/14533\/revisions"}],"wp:featuredmedia":[{"embeddable":true,"href":"https:\/\/eldigitaldeasturias.com\/magazine365\/wp-json\/wp\/v2\/media\/14534"}],"wp:attachment":[{"href":"https:\/\/eldigitaldeasturias.com\/magazine365\/wp-json\/wp\/v2\/media?parent=14533"}],"wp:term":[{"taxonomy":"category","embeddable":true,"href":"https:\/\/eldigitaldeasturias.com\/magazine365\/wp-json\/wp\/v2\/categories?post=14533"},{"taxonomy":"post_tag","embeddable":true,"href":"https:\/\/eldigitaldeasturias.com\/magazine365\/wp-json\/wp\/v2\/tags?post=14533"}],"curies":[{"name":"wp","href":"https:\/\/api.w.org\/{rel}","templated":true}]}}