{"id":14530,"date":"2014-05-30T23:12:41","date_gmt":"2014-05-31T01:12:41","guid":{"rendered":"http:\/\/eldigitaldeasturias.com\/magazine365\/?p=14530"},"modified":"2014-05-30T23:12:41","modified_gmt":"2014-05-31T01:12:41","slug":"alberto-ii-y-charlene-de-monaco-anuncian-que-esperan-su-primer-hijo","status":"publish","type":"post","link":"https:\/\/eldigitaldeasturias.com\/magazine365\/alberto-ii-y-charlene-de-monaco-anuncian-que-esperan-su-primer-hijo\/","title":{"rendered":"Alberto II y Charlene de M\u00f3naco anuncian que esperan su primer hijo"},"content":{"rendered":"<p><img fetchpriority=\"high\" decoding=\"async\" class=\"alignleft size-medium wp-image-14531\" alt=\"6319151w\" src=\"https:\/\/eldigitaldeasturias.com\/magazine365\/wp-content\/uploads\/2014\/05\/6319151w-360x252.jpg\" width=\"360\" height=\"252\" srcset=\"https:\/\/eldigitaldeasturias.com\/magazine365\/wp-content\/uploads\/2014\/05\/6319151w-360x252.jpg 360w, https:\/\/eldigitaldeasturias.com\/magazine365\/wp-content\/uploads\/2014\/05\/6319151w-650x456.jpg 650w, https:\/\/eldigitaldeasturias.com\/magazine365\/wp-content\/uploads\/2014\/05\/6319151w-768x539.jpg 768w, https:\/\/eldigitaldeasturias.com\/magazine365\/wp-content\/uploads\/2014\/05\/6319151w-150x105.jpg 150w, https:\/\/eldigitaldeasturias.com\/magazine365\/wp-content\/uploads\/2014\/05\/6319151w-450x316.jpg 450w, https:\/\/eldigitaldeasturias.com\/magazine365\/wp-content\/uploads\/2014\/05\/6319151w-100x70.jpg 100w, https:\/\/eldigitaldeasturias.com\/magazine365\/wp-content\/uploads\/2014\/05\/6319151w-696x488.jpg 696w, https:\/\/eldigitaldeasturias.com\/magazine365\/wp-content\/uploads\/2014\/05\/6319151w-599x420.jpg 599w, https:\/\/eldigitaldeasturias.com\/magazine365\/wp-content\/uploads\/2014\/05\/6319151w.jpg 800w\" sizes=\"(max-width: 360px) 100vw, 360px\" \/>Par\u00eds, 30 may (EFE).- Alberto II y Charlene de M\u00f3naco anunciaron hoy que esperan su primer hijo y que el nacimiento se producir\u00e1 a finales de a\u00f1o, tres a\u00f1os y medio despu\u00e9s de su boda en el Principado.<\/p>\n<p>\u00abEl pr\u00edncipe y la princesa de M\u00f3naco est\u00e1n encantados de anunciar el embarazo de la princesa Charlene. El nacimiento est\u00e1 previsto para finales de a\u00f1o\u00bb, indic\u00f3 la pareja en un escueto comunicado difundido por el Palacio monegasco.<\/p>\n<p>Se trata de su primer hijo en com\u00fan, y llega en un momento en que no han conseguido hacer cesar los rumores sobre sus desavenencias y la dificultad de la sudafricana por adaptarse a la vida en el Principado y a su familia pol\u00edtica.<\/p>\n<p>El beb\u00e9, del que no se ha facilitado el sexo, ser\u00e1 el primero en la l\u00ednea de sucesi\u00f3n, puesto que hasta ahora ocupaba la princesa Carolina, hermana del soberano.<\/p>\n<p>\u00abCreo que necesit\u00e9 un poco de tiempo para instalarme y adaptarme. No me pongo ninguna presi\u00f3n. Llegar\u00e1 cuando tenga que llegar\u00bb, se\u00f1al\u00f3 la princesa sobre su eventual maternidad en una entrevista concedida a principios de mes al peri\u00f3dico \u00abSunday World\u00bb.<\/p>\n<p>Charlene, de 36 a\u00f1os de edad, aseguraba entonces que en estos primeros a\u00f1os despu\u00e9s de su matrimonio se ha centrado en hacerse a su nuevo rol y en promover su fundaci\u00f3n humanitaria, pero se dec\u00eda ya preparada ser madre.<\/p>\n<p>Su boda tuvo lugar en julio de 2011, en una ceremonia civil y otra religiosa, que sell\u00f3 cinco a\u00f1os de noviazgo y cont\u00f3 con la presencia de jefes de Estado, monarcas y pr\u00edncipes herederos, as\u00ed como personalidades del mundo de la moda, el deporte y los negocios.<\/p>\n<p>Con este matrimonio \u00abse abre una nueva p\u00e1gina en la historia del Principado\u00bb, afirm\u00f3 entonces Alberto II, que el pasado 14 de marzo cumpli\u00f3 56 a\u00f1os de edad, y que tiene ya otros dos hijos ileg\u00edtimos, fruto de relaciones anteriores.<\/p>\n<p>Hace apenas cinco meses fue su sobrina Carlota, hija de Carolina, la que aport\u00f3 un nuevo beb\u00e9 a la familia, Rapha\u00ebl, mientras que en marzo de 2013 su hermano mayor, Andrea Casiraghi, tuvo un ni\u00f1o con Tatiana Santo Domingo, Sacha, que naci\u00f3 en Londres, donde reside la pareja.<\/p>\n","protected":false},"excerpt":{"rendered":"<p>Par\u00eds, 30 may (EFE).- Alberto II y Charlene de M\u00f3naco anunciaron hoy que esperan su primer hijo y que el nacimiento se producir\u00e1 a finales de a\u00f1o, tres a\u00f1os y medio despu\u00e9s de su boda en el Principado. \u00abEl pr\u00edncipe y la princesa de M\u00f3naco est\u00e1n encantados de anunciar el embarazo de la princesa Charlene.<\/p>\n","protected":false},"author":1,"featured_media":14531,"comment_status":"open","ping_status":"closed","sticky":false,"template":"","format":"standard","meta":{"footnotes":""},"categories":[224],"tags":[],"class_list":{"0":"post-14530","1":"post","2":"type-post","3":"status-publish","4":"format-standard","5":"has-post-thumbnail","7":"category-noticias-actualidad"},"aioseo_notices":[],"aioseo_head":"\n\t\t<!-- All in One SEO Pro 4.9.6.1 - aioseo.com -->\n\t<meta name=\"description\" content=\"Par\u00eds, 30 may (EFE).- Alberto II y Charlene de M\u00f3naco anunciaron hoy que esperan su primer hijo y que el nacimiento se producir\u00e1 a finales de a\u00f1o, tres a\u00f1os y medio despu\u00e9s de su boda en el Principado. &quot;El pr\u00edncipe y la princesa de M\u00f3naco est\u00e1n encantados de anunciar el embarazo de la princesa Charlene.\" \/>\n\t<meta name=\"robots\" content=\"max-image-preview:large\" \/>\n\t<meta name=\"author\" content=\"admin\"\/>\n\t<meta name=\"google-site-verification\" content=\"UA-38556648-1\" \/>\n\t<meta name=\"keywords\" content=\"noticias y actualidad\" \/>\n\t<link rel=\"canonical\" href=\"https:\/\/eldigitaldeasturias.com\/magazine365\/alberto-ii-y-charlene-de-monaco-anuncian-que-esperan-su-primer-hijo\/\" \/>\n\t<meta name=\"generator\" content=\"All in One SEO Pro (AIOSEO) 4.9.6.1\" \/>\n\t\t<meta property=\"og:locale\" content=\"es_ES\" \/>\n\t\t<meta property=\"og:site_name\" content=\"El Digital de Asturias \u2013 Revista de ocio, turismo y estilo de vida\" \/>\n\t\t<meta property=\"og:type\" content=\"article\" \/>\n\t\t<meta property=\"og:title\" content=\"Alberto II y Charlene de M\u00f3naco anuncian que esperan su primer hijo | El Digital de Asturias\" \/>\n\t\t<meta property=\"og:description\" content=\"Par\u00eds, 30 may (EFE).- Alberto II y Charlene de M\u00f3naco anunciaron hoy que esperan su primer hijo y que el nacimiento se producir\u00e1 a finales de a\u00f1o, tres a\u00f1os y medio despu\u00e9s de su boda en el Principado. &quot;El pr\u00edncipe y la princesa de M\u00f3naco est\u00e1n encantados de anunciar el embarazo de la princesa Charlene.\" \/>\n\t\t<meta property=\"og:url\" content=\"https:\/\/eldigitaldeasturias.com\/magazine365\/alberto-ii-y-charlene-de-monaco-anuncian-que-esperan-su-primer-hijo\/\" \/>\n\t\t<meta property=\"og:image\" content=\"https:\/\/eldigitaldeasturias.com\/magazine365\/wp-content\/uploads\/2014\/05\/6319151w.jpg\" \/>\n\t\t<meta property=\"og:image:secure_url\" content=\"https:\/\/eldigitaldeasturias.com\/magazine365\/wp-content\/uploads\/2014\/05\/6319151w.jpg\" \/>\n\t\t<meta property=\"og:image:width\" content=\"800\" \/>\n\t\t<meta property=\"og:image:height\" content=\"561\" \/>\n\t\t<meta property=\"article:published_time\" content=\"2014-05-31T01:12:41+00:00\" \/>\n\t\t<meta property=\"article:modified_time\" content=\"2014-05-31T01:12:41+00:00\" \/>\n\t\t<meta name=\"twitter:card\" content=\"summary_large_image\" \/>\n\t\t<meta name=\"twitter:title\" content=\"Alberto II y Charlene de M\u00f3naco anuncian que esperan su primer hijo | El Digital de Asturias\" \/>\n\t\t<meta name=\"twitter:description\" content=\"Par\u00eds, 30 may (EFE).- Alberto II y Charlene de M\u00f3naco anunciaron hoy que esperan su primer hijo y que el nacimiento se producir\u00e1 a finales de a\u00f1o, tres a\u00f1os y medio despu\u00e9s de su boda en el Principado. &quot;El pr\u00edncipe y la princesa de M\u00f3naco est\u00e1n encantados de anunciar el embarazo de la princesa Charlene.\" \/>\n\t\t<meta name=\"twitter:image\" content=\"https:\/\/eldigitaldeasturias.com\/magazine365\/wp-content\/uploads\/2014\/05\/6319151w.jpg\" \/>\n\t\t<script type=\"application\/ld+json\" class=\"aioseo-schema\">\n\t\t\t{\"@context\":\"https:\\\/\\\/schema.org\",\"@graph\":[{\"@type\":\"Article\",\"@id\":\"https:\\\/\\\/eldigitaldeasturias.com\\\/magazine365\\\/alberto-ii-y-charlene-de-monaco-anuncian-que-esperan-su-primer-hijo\\\/#article\",\"name\":\"Alberto II y Charlene de M\\u00f3naco anuncian que esperan su primer hijo | El Digital de Asturias\",\"headline\":\"Alberto II y Charlene de M\\u00f3naco anuncian que esperan su primer hijo\",\"author\":{\"@id\":\"https:\\\/\\\/eldigitaldeasturias.com\\\/magazine365\\\/author\\\/admin\\\/#author\"},\"publisher\":{\"@id\":\"https:\\\/\\\/eldigitaldeasturias.com\\\/magazine365\\\/#organization\"},\"image\":{\"@type\":\"ImageObject\",\"url\":\"https:\\\/\\\/eldigitaldeasturias.com\\\/magazine365\\\/wp-content\\\/uploads\\\/2014\\\/05\\\/6319151w.jpg\",\"width\":800,\"height\":561},\"datePublished\":\"2014-05-30T23:12:41+02:00\",\"dateModified\":\"2014-05-30T23:12:41+02:00\",\"inLanguage\":\"es-ES\",\"mainEntityOfPage\":{\"@id\":\"https:\\\/\\\/eldigitaldeasturias.com\\\/magazine365\\\/alberto-ii-y-charlene-de-monaco-anuncian-que-esperan-su-primer-hijo\\\/#webpage\"},\"isPartOf\":{\"@id\":\"https:\\\/\\\/eldigitaldeasturias.com\\\/magazine365\\\/alberto-ii-y-charlene-de-monaco-anuncian-que-esperan-su-primer-hijo\\\/#webpage\"},\"articleSection\":\"Noticias y Actualidad\"},{\"@type\":\"BreadcrumbList\",\"@id\":\"https:\\\/\\\/eldigitaldeasturias.com\\\/magazine365\\\/alberto-ii-y-charlene-de-monaco-anuncian-que-esperan-su-primer-hijo\\\/#breadcrumblist\",\"itemListElement\":[{\"@type\":\"ListItem\",\"@id\":\"https:\\\/\\\/eldigitaldeasturias.com\\\/magazine365#listItem\",\"position\":1,\"name\":\"Home\",\"item\":\"https:\\\/\\\/eldigitaldeasturias.com\\\/magazine365\",\"nextItem\":{\"@type\":\"ListItem\",\"@id\":\"https:\\\/\\\/eldigitaldeasturias.com\\\/magazine365\\\/category\\\/noticias-actualidad\\\/#listItem\",\"name\":\"Noticias y Actualidad\"}},{\"@type\":\"ListItem\",\"@id\":\"https:\\\/\\\/eldigitaldeasturias.com\\\/magazine365\\\/category\\\/noticias-actualidad\\\/#listItem\",\"position\":2,\"name\":\"Noticias y Actualidad\",\"item\":\"https:\\\/\\\/eldigitaldeasturias.com\\\/magazine365\\\/category\\\/noticias-actualidad\\\/\",\"nextItem\":{\"@type\":\"ListItem\",\"@id\":\"https:\\\/\\\/eldigitaldeasturias.com\\\/magazine365\\\/alberto-ii-y-charlene-de-monaco-anuncian-que-esperan-su-primer-hijo\\\/#listItem\",\"name\":\"Alberto II y Charlene de M\\u00f3naco anuncian que esperan su primer hijo\"},\"previousItem\":{\"@type\":\"ListItem\",\"@id\":\"https:\\\/\\\/eldigitaldeasturias.com\\\/magazine365#listItem\",\"name\":\"Home\"}},{\"@type\":\"ListItem\",\"@id\":\"https:\\\/\\\/eldigitaldeasturias.com\\\/magazine365\\\/alberto-ii-y-charlene-de-monaco-anuncian-que-esperan-su-primer-hijo\\\/#listItem\",\"position\":3,\"name\":\"Alberto II y Charlene de M\\u00f3naco anuncian que esperan su primer hijo\",\"previousItem\":{\"@type\":\"ListItem\",\"@id\":\"https:\\\/\\\/eldigitaldeasturias.com\\\/magazine365\\\/category\\\/noticias-actualidad\\\/#listItem\",\"name\":\"Noticias y Actualidad\"}}]},{\"@type\":\"Organization\",\"@id\":\"https:\\\/\\\/eldigitaldeasturias.com\\\/magazine365\\\/#organization\",\"name\":\"El digital de Asturias\",\"description\":\"Revista de ocio, turismo y estilo de vida\",\"url\":\"https:\\\/\\\/eldigitaldeasturias.com\\\/magazine365\\\/\",\"logo\":{\"@type\":\"ImageObject\",\"url\":\"https:\\\/\\\/www.eldigitaldeasturias.com\\\/noticias\\\/wp-content\\\/uploads\\\/2020\\\/12\\\/EDA.jpg\",\"@id\":\"https:\\\/\\\/eldigitaldeasturias.com\\\/magazine365\\\/alberto-ii-y-charlene-de-monaco-anuncian-que-esperan-su-primer-hijo\\\/#organizationLogo\"},\"image\":{\"@id\":\"https:\\\/\\\/eldigitaldeasturias.com\\\/magazine365\\\/alberto-ii-y-charlene-de-monaco-anuncian-que-esperan-su-primer-hijo\\\/#organizationLogo\"}},{\"@type\":\"Person\",\"@id\":\"https:\\\/\\\/eldigitaldeasturias.com\\\/magazine365\\\/author\\\/admin\\\/#author\",\"url\":\"https:\\\/\\\/eldigitaldeasturias.com\\\/magazine365\\\/author\\\/admin\\\/\",\"name\":\"admin\",\"image\":{\"@type\":\"ImageObject\",\"@id\":\"https:\\\/\\\/eldigitaldeasturias.com\\\/magazine365\\\/alberto-ii-y-charlene-de-monaco-anuncian-que-esperan-su-primer-hijo\\\/#authorImage\",\"url\":\"https:\\\/\\\/eldigitaldeasturias.com\\\/magazine365\\\/wp-content\\\/litespeed\\\/avatar\\\/e571bcf59a0edd6fa6838245a470f2fe.jpg?ver=1777574230\",\"width\":96,\"height\":96,\"caption\":\"admin\"}},{\"@type\":\"WebPage\",\"@id\":\"https:\\\/\\\/eldigitaldeasturias.com\\\/magazine365\\\/alberto-ii-y-charlene-de-monaco-anuncian-que-esperan-su-primer-hijo\\\/#webpage\",\"url\":\"https:\\\/\\\/eldigitaldeasturias.com\\\/magazine365\\\/alberto-ii-y-charlene-de-monaco-anuncian-que-esperan-su-primer-hijo\\\/\",\"name\":\"Alberto II y Charlene de M\\u00f3naco anuncian que esperan su primer hijo | El Digital de Asturias\",\"description\":\"Par\\u00eds, 30 may (EFE).- Alberto II y Charlene de M\\u00f3naco anunciaron hoy que esperan su primer hijo y que el nacimiento se producir\\u00e1 a finales de a\\u00f1o, tres a\\u00f1os y medio despu\\u00e9s de su boda en el Principado. \\\"El pr\\u00edncipe y la princesa de M\\u00f3naco est\\u00e1n encantados de anunciar el embarazo de la princesa Charlene.\",\"inLanguage\":\"es-ES\",\"isPartOf\":{\"@id\":\"https:\\\/\\\/eldigitaldeasturias.com\\\/magazine365\\\/#website\"},\"breadcrumb\":{\"@id\":\"https:\\\/\\\/eldigitaldeasturias.com\\\/magazine365\\\/alberto-ii-y-charlene-de-monaco-anuncian-que-esperan-su-primer-hijo\\\/#breadcrumblist\"},\"author\":{\"@id\":\"https:\\\/\\\/eldigitaldeasturias.com\\\/magazine365\\\/author\\\/admin\\\/#author\"},\"creator\":{\"@id\":\"https:\\\/\\\/eldigitaldeasturias.com\\\/magazine365\\\/author\\\/admin\\\/#author\"},\"image\":{\"@type\":\"ImageObject\",\"url\":\"https:\\\/\\\/eldigitaldeasturias.com\\\/magazine365\\\/wp-content\\\/uploads\\\/2014\\\/05\\\/6319151w.jpg\",\"@id\":\"https:\\\/\\\/eldigitaldeasturias.com\\\/magazine365\\\/alberto-ii-y-charlene-de-monaco-anuncian-que-esperan-su-primer-hijo\\\/#mainImage\",\"width\":800,\"height\":561},\"primaryImageOfPage\":{\"@id\":\"https:\\\/\\\/eldigitaldeasturias.com\\\/magazine365\\\/alberto-ii-y-charlene-de-monaco-anuncian-que-esperan-su-primer-hijo\\\/#mainImage\"},\"datePublished\":\"2014-05-30T23:12:41+02:00\",\"dateModified\":\"2014-05-30T23:12:41+02:00\"},{\"@type\":\"WebSite\",\"@id\":\"https:\\\/\\\/eldigitaldeasturias.com\\\/magazine365\\\/#website\",\"url\":\"https:\\\/\\\/eldigitaldeasturias.com\\\/magazine365\\\/\",\"name\":\"El Digital de Asturias\",\"description\":\"Revista de ocio, turismo y estilo de vida\",\"inLanguage\":\"es-ES\",\"publisher\":{\"@id\":\"https:\\\/\\\/eldigitaldeasturias.com\\\/magazine365\\\/#organization\"}}]}\n\t\t<\/script>\n\t\t<!-- All in One SEO Pro -->\r\n\t\t<title>Alberto II y Charlene de M\u00f3naco anuncian que esperan su primer hijo | El Digital de Asturias<\/title>\n\n","aioseo_head_json":{"title":"Alberto II y Charlene de M\u00f3naco anuncian que esperan su primer hijo | El Digital de Asturias","description":"Par\u00eds, 30 may (EFE).- Alberto II y Charlene de M\u00f3naco anunciaron hoy que esperan su primer hijo y que el nacimiento se producir\u00e1 a finales de a\u00f1o, tres a\u00f1os y medio despu\u00e9s de su boda en el Principado. \"El pr\u00edncipe y la princesa de M\u00f3naco est\u00e1n encantados de anunciar el embarazo de la princesa Charlene.","canonical_url":"https:\/\/eldigitaldeasturias.com\/magazine365\/alberto-ii-y-charlene-de-monaco-anuncian-que-esperan-su-primer-hijo\/","robots":"max-image-preview:large","keywords":"noticias y actualidad","webmasterTools":{"google-site-verification":"UA-38556648-1","miscellaneous":""},"schema":{"@context":"https:\/\/schema.org","@graph":[{"@type":"Article","@id":"https:\/\/eldigitaldeasturias.com\/magazine365\/alberto-ii-y-charlene-de-monaco-anuncian-que-esperan-su-primer-hijo\/#article","name":"Alberto II y Charlene de M\u00f3naco anuncian que esperan su primer hijo | El Digital de Asturias","headline":"Alberto II y Charlene de M\u00f3naco anuncian que esperan su primer hijo","author":{"@id":"https:\/\/eldigitaldeasturias.com\/magazine365\/author\/admin\/#author"},"publisher":{"@id":"https:\/\/eldigitaldeasturias.com\/magazine365\/#organization"},"image":{"@type":"ImageObject","url":"https:\/\/eldigitaldeasturias.com\/magazine365\/wp-content\/uploads\/2014\/05\/6319151w.jpg","width":800,"height":561},"datePublished":"2014-05-30T23:12:41+02:00","dateModified":"2014-05-30T23:12:41+02:00","inLanguage":"es-ES","mainEntityOfPage":{"@id":"https:\/\/eldigitaldeasturias.com\/magazine365\/alberto-ii-y-charlene-de-monaco-anuncian-que-esperan-su-primer-hijo\/#webpage"},"isPartOf":{"@id":"https:\/\/eldigitaldeasturias.com\/magazine365\/alberto-ii-y-charlene-de-monaco-anuncian-que-esperan-su-primer-hijo\/#webpage"},"articleSection":"Noticias y Actualidad"},{"@type":"BreadcrumbList","@id":"https:\/\/eldigitaldeasturias.com\/magazine365\/alberto-ii-y-charlene-de-monaco-anuncian-que-esperan-su-primer-hijo\/#breadcrumblist","itemListElement":[{"@type":"ListItem","@id":"https:\/\/eldigitaldeasturias.com\/magazine365#listItem","position":1,"name":"Home","item":"https:\/\/eldigitaldeasturias.com\/magazine365","nextItem":{"@type":"ListItem","@id":"https:\/\/eldigitaldeasturias.com\/magazine365\/category\/noticias-actualidad\/#listItem","name":"Noticias y Actualidad"}},{"@type":"ListItem","@id":"https:\/\/eldigitaldeasturias.com\/magazine365\/category\/noticias-actualidad\/#listItem","position":2,"name":"Noticias y Actualidad","item":"https:\/\/eldigitaldeasturias.com\/magazine365\/category\/noticias-actualidad\/","nextItem":{"@type":"ListItem","@id":"https:\/\/eldigitaldeasturias.com\/magazine365\/alberto-ii-y-charlene-de-monaco-anuncian-que-esperan-su-primer-hijo\/#listItem","name":"Alberto II y Charlene de M\u00f3naco anuncian que esperan su primer hijo"},"previousItem":{"@type":"ListItem","@id":"https:\/\/eldigitaldeasturias.com\/magazine365#listItem","name":"Home"}},{"@type":"ListItem","@id":"https:\/\/eldigitaldeasturias.com\/magazine365\/alberto-ii-y-charlene-de-monaco-anuncian-que-esperan-su-primer-hijo\/#listItem","position":3,"name":"Alberto II y Charlene de M\u00f3naco anuncian que esperan su primer hijo","previousItem":{"@type":"ListItem","@id":"https:\/\/eldigitaldeasturias.com\/magazine365\/category\/noticias-actualidad\/#listItem","name":"Noticias y Actualidad"}}]},{"@type":"Organization","@id":"https:\/\/eldigitaldeasturias.com\/magazine365\/#organization","name":"El digital de Asturias","description":"Revista de ocio, turismo y estilo de vida","url":"https:\/\/eldigitaldeasturias.com\/magazine365\/","logo":{"@type":"ImageObject","url":"https:\/\/www.eldigitaldeasturias.com\/noticias\/wp-content\/uploads\/2020\/12\/EDA.jpg","@id":"https:\/\/eldigitaldeasturias.com\/magazine365\/alberto-ii-y-charlene-de-monaco-anuncian-que-esperan-su-primer-hijo\/#organizationLogo"},"image":{"@id":"https:\/\/eldigitaldeasturias.com\/magazine365\/alberto-ii-y-charlene-de-monaco-anuncian-que-esperan-su-primer-hijo\/#organizationLogo"}},{"@type":"Person","@id":"https:\/\/eldigitaldeasturias.com\/magazine365\/author\/admin\/#author","url":"https:\/\/eldigitaldeasturias.com\/magazine365\/author\/admin\/","name":"admin","image":{"@type":"ImageObject","@id":"https:\/\/eldigitaldeasturias.com\/magazine365\/alberto-ii-y-charlene-de-monaco-anuncian-que-esperan-su-primer-hijo\/#authorImage","url":"https:\/\/eldigitaldeasturias.com\/magazine365\/wp-content\/litespeed\/avatar\/e571bcf59a0edd6fa6838245a470f2fe.jpg?ver=1777574230","width":96,"height":96,"caption":"admin"}},{"@type":"WebPage","@id":"https:\/\/eldigitaldeasturias.com\/magazine365\/alberto-ii-y-charlene-de-monaco-anuncian-que-esperan-su-primer-hijo\/#webpage","url":"https:\/\/eldigitaldeasturias.com\/magazine365\/alberto-ii-y-charlene-de-monaco-anuncian-que-esperan-su-primer-hijo\/","name":"Alberto II y Charlene de M\u00f3naco anuncian que esperan su primer hijo | El Digital de Asturias","description":"Par\u00eds, 30 may (EFE).- Alberto II y Charlene de M\u00f3naco anunciaron hoy que esperan su primer hijo y que el nacimiento se producir\u00e1 a finales de a\u00f1o, tres a\u00f1os y medio despu\u00e9s de su boda en el Principado. \"El pr\u00edncipe y la princesa de M\u00f3naco est\u00e1n encantados de anunciar el embarazo de la princesa Charlene.","inLanguage":"es-ES","isPartOf":{"@id":"https:\/\/eldigitaldeasturias.com\/magazine365\/#website"},"breadcrumb":{"@id":"https:\/\/eldigitaldeasturias.com\/magazine365\/alberto-ii-y-charlene-de-monaco-anuncian-que-esperan-su-primer-hijo\/#breadcrumblist"},"author":{"@id":"https:\/\/eldigitaldeasturias.com\/magazine365\/author\/admin\/#author"},"creator":{"@id":"https:\/\/eldigitaldeasturias.com\/magazine365\/author\/admin\/#author"},"image":{"@type":"ImageObject","url":"https:\/\/eldigitaldeasturias.com\/magazine365\/wp-content\/uploads\/2014\/05\/6319151w.jpg","@id":"https:\/\/eldigitaldeasturias.com\/magazine365\/alberto-ii-y-charlene-de-monaco-anuncian-que-esperan-su-primer-hijo\/#mainImage","width":800,"height":561},"primaryImageOfPage":{"@id":"https:\/\/eldigitaldeasturias.com\/magazine365\/alberto-ii-y-charlene-de-monaco-anuncian-que-esperan-su-primer-hijo\/#mainImage"},"datePublished":"2014-05-30T23:12:41+02:00","dateModified":"2014-05-30T23:12:41+02:00"},{"@type":"WebSite","@id":"https:\/\/eldigitaldeasturias.com\/magazine365\/#website","url":"https:\/\/eldigitaldeasturias.com\/magazine365\/","name":"El Digital de Asturias","description":"Revista de ocio, turismo y estilo de vida","inLanguage":"es-ES","publisher":{"@id":"https:\/\/eldigitaldeasturias.com\/magazine365\/#organization"}}]},"og:locale":"es_ES","og:site_name":"El Digital de Asturias \u2013 Revista de ocio, turismo y estilo de vida","og:type":"article","og:title":"Alberto II y Charlene de M\u00f3naco anuncian que esperan su primer hijo | El Digital de Asturias","og:description":"Par\u00eds, 30 may (EFE).- Alberto II y Charlene de M\u00f3naco anunciaron hoy que esperan su primer hijo y que el nacimiento se producir\u00e1 a finales de a\u00f1o, tres a\u00f1os y medio despu\u00e9s de su boda en el Principado. &quot;El pr\u00edncipe y la princesa de M\u00f3naco est\u00e1n encantados de anunciar el embarazo de la princesa Charlene.","og:url":"https:\/\/eldigitaldeasturias.com\/magazine365\/alberto-ii-y-charlene-de-monaco-anuncian-que-esperan-su-primer-hijo\/","og:image":"https:\/\/eldigitaldeasturias.com\/magazine365\/wp-content\/uploads\/2014\/05\/6319151w.jpg","og:image:secure_url":"https:\/\/eldigitaldeasturias.com\/magazine365\/wp-content\/uploads\/2014\/05\/6319151w.jpg","og:image:width":800,"og:image:height":561,"article:published_time":"2014-05-31T01:12:41+00:00","article:modified_time":"2014-05-31T01:12:41+00:00","twitter:card":"summary_large_image","twitter:title":"Alberto II y Charlene de M\u00f3naco anuncian que esperan su primer hijo | El Digital de Asturias","twitter:description":"Par\u00eds, 30 may (EFE).- Alberto II y Charlene de M\u00f3naco anunciaron hoy que esperan su primer hijo y que el nacimiento se producir\u00e1 a finales de a\u00f1o, tres a\u00f1os y medio despu\u00e9s de su boda en el Principado. &quot;El pr\u00edncipe y la princesa de M\u00f3naco est\u00e1n encantados de anunciar el embarazo de la princesa Charlene.","twitter:image":"https:\/\/eldigitaldeasturias.com\/magazine365\/wp-content\/uploads\/2014\/05\/6319151w.jpg"},"aioseo_meta_data":{"post_id":"14530","title":null,"description":null,"keywords":null,"keyphrases":null,"primary_term":null,"canonical_url":null,"og_title":null,"og_description":null,"og_object_type":"default","og_image_type":"default","og_image_url":null,"og_image_width":null,"og_image_height":null,"og_image_custom_url":null,"og_image_custom_fields":null,"og_video":null,"og_custom_url":null,"og_article_section":null,"og_article_tags":null,"twitter_use_og":false,"twitter_card":"default","twitter_image_type":"default","twitter_image_url":null,"twitter_image_custom_url":null,"twitter_image_custom_fields":null,"twitter_title":null,"twitter_description":null,"schema":{"blockGraphs":[],"customGraphs":[],"default":{"data":{"Article":[],"Course":[],"Dataset":[],"FAQPage":[],"Movie":[],"Person":[],"Product":[],"ProductReview":[],"Car":[],"Recipe":[],"Service":[],"SoftwareApplication":[],"WebPage":[]},"graphName":"","isEnabled":true},"graphs":[],"defaultGraph":"","defaultPostTypeGraph":""},"schema_type":null,"schema_type_options":null,"pillar_content":false,"robots_default":true,"robots_noindex":false,"robots_noarchive":false,"robots_nosnippet":false,"robots_nofollow":false,"robots_noimageindex":false,"robots_noodp":false,"robots_notranslate":false,"robots_max_snippet":null,"robots_max_videopreview":null,"robots_max_imagepreview":"large","priority":null,"frequency":null,"location":null,"local_seo":null,"seo_analyzer_scan_date":"2025-09-17 10:17:17","breadcrumb_settings":null,"limit_modified_date":false,"open_ai":null,"ai":null,"created":"2021-03-09 08:14:49","updated":"2025-09-17 10:17:17"},"aioseo_breadcrumb":"<div class=\"aioseo-breadcrumbs\"><span class=\"aioseo-breadcrumb\">\n\t<a href=\"https:\/\/eldigitaldeasturias.com\/magazine365\" title=\"Home\">Home<\/a>\n<\/span><span class=\"aioseo-breadcrumb-separator\">\u2013<\/span><span class=\"aioseo-breadcrumb\">\n\t<a href=\"https:\/\/eldigitaldeasturias.com\/magazine365\/category\/noticias-actualidad\/\" title=\"Noticias y Actualidad\">Noticias y Actualidad<\/a>\n<\/span><span class=\"aioseo-breadcrumb-separator\">\u2013<\/span><span class=\"aioseo-breadcrumb\">\n\t<a href=\"https:\/\/eldigitaldeasturias.com\/magazine365\/alberto-ii-y-charlene-de-monaco-anuncian-que-esperan-su-primer-hijo\/\" title=\"Alberto II y Charlene de M\u00f3naco anuncian que esperan su primer hijo\">Alberto II y Charlene de M\u00f3naco anuncian que esperan su primer hijo<\/a>\n<\/span><\/div>","aioseo_breadcrumb_json":[{"label":"Home","link":"https:\/\/eldigitaldeasturias.com\/magazine365"},{"label":"Noticias y Actualidad","link":"https:\/\/eldigitaldeasturias.com\/magazine365\/category\/noticias-actualidad\/"},{"label":"Alberto II y Charlene de M\u00f3naco anuncian que esperan su primer hijo","link":"https:\/\/eldigitaldeasturias.com\/magazine365\/alberto-ii-y-charlene-de-monaco-anuncian-que-esperan-su-primer-hijo\/"}],"_links":{"self":[{"href":"https:\/\/eldigitaldeasturias.com\/magazine365\/wp-json\/wp\/v2\/posts\/14530","targetHints":{"allow":["GET"]}}],"collection":[{"href":"https:\/\/eldigitaldeasturias.com\/magazine365\/wp-json\/wp\/v2\/posts"}],"about":[{"href":"https:\/\/eldigitaldeasturias.com\/magazine365\/wp-json\/wp\/v2\/types\/post"}],"author":[{"embeddable":true,"href":"https:\/\/eldigitaldeasturias.com\/magazine365\/wp-json\/wp\/v2\/users\/1"}],"replies":[{"embeddable":true,"href":"https:\/\/eldigitaldeasturias.com\/magazine365\/wp-json\/wp\/v2\/comments?post=14530"}],"version-history":[{"count":0,"href":"https:\/\/eldigitaldeasturias.com\/magazine365\/wp-json\/wp\/v2\/posts\/14530\/revisions"}],"wp:featuredmedia":[{"embeddable":true,"href":"https:\/\/eldigitaldeasturias.com\/magazine365\/wp-json\/wp\/v2\/media\/14531"}],"wp:attachment":[{"href":"https:\/\/eldigitaldeasturias.com\/magazine365\/wp-json\/wp\/v2\/media?parent=14530"}],"wp:term":[{"taxonomy":"category","embeddable":true,"href":"https:\/\/eldigitaldeasturias.com\/magazine365\/wp-json\/wp\/v2\/categories?post=14530"},{"taxonomy":"post_tag","embeddable":true,"href":"https:\/\/eldigitaldeasturias.com\/magazine365\/wp-json\/wp\/v2\/tags?post=14530"}],"curies":[{"name":"wp","href":"https:\/\/api.w.org\/{rel}","templated":true}]}}