{"id":14527,"date":"2014-05-30T23:11:05","date_gmt":"2014-05-31T01:11:05","guid":{"rendered":"http:\/\/eldigitaldeasturias.com\/magazine365\/?p=14527"},"modified":"2014-05-30T23:11:05","modified_gmt":"2014-05-31T01:11:05","slug":"dario-argento-recoge-manana-en-madrid-el-premio-maestro-del-cine-fantastico","status":"publish","type":"post","link":"https:\/\/eldigitaldeasturias.com\/magazine365\/dario-argento-recoge-manana-en-madrid-el-premio-maestro-del-cine-fantastico\/","title":{"rendered":"Dar\u00edo Argento recoge ma\u00f1ana en Madrid el Premio Maestro del Cine Fant\u00e1stico"},"content":{"rendered":"<p><img fetchpriority=\"high\" decoding=\"async\" class=\"alignleft size-medium wp-image-14528\" alt=\"6318515w\" src=\"https:\/\/eldigitaldeasturias.com\/magazine365\/wp-content\/uploads\/2014\/05\/6318515w-360x270.jpg\" width=\"360\" height=\"270\" srcset=\"https:\/\/eldigitaldeasturias.com\/magazine365\/wp-content\/uploads\/2014\/05\/6318515w-360x270.jpg 360w, https:\/\/eldigitaldeasturias.com\/magazine365\/wp-content\/uploads\/2014\/05\/6318515w-650x488.jpg 650w, https:\/\/eldigitaldeasturias.com\/magazine365\/wp-content\/uploads\/2014\/05\/6318515w-768x577.jpg 768w, https:\/\/eldigitaldeasturias.com\/magazine365\/wp-content\/uploads\/2014\/05\/6318515w-150x113.jpg 150w, https:\/\/eldigitaldeasturias.com\/magazine365\/wp-content\/uploads\/2014\/05\/6318515w-450x338.jpg 450w, https:\/\/eldigitaldeasturias.com\/magazine365\/wp-content\/uploads\/2014\/05\/6318515w-80x60.jpg 80w, https:\/\/eldigitaldeasturias.com\/magazine365\/wp-content\/uploads\/2014\/05\/6318515w-265x198.jpg 265w, https:\/\/eldigitaldeasturias.com\/magazine365\/wp-content\/uploads\/2014\/05\/6318515w-696x523.jpg 696w, https:\/\/eldigitaldeasturias.com\/magazine365\/wp-content\/uploads\/2014\/05\/6318515w-559x420.jpg 559w, https:\/\/eldigitaldeasturias.com\/magazine365\/wp-content\/uploads\/2014\/05\/6318515w-90x67.jpg 90w, https:\/\/eldigitaldeasturias.com\/magazine365\/wp-content\/uploads\/2014\/05\/6318515w-100x75.jpg 100w, https:\/\/eldigitaldeasturias.com\/magazine365\/wp-content\/uploads\/2014\/05\/6318515w.jpg 800w\" sizes=\"(max-width: 360px) 100vw, 360px\" \/>Madrid, 30 may (EFE).- Dar\u00edo Argento, director clave del terror italiano de los 70, recibir\u00e1 ma\u00f1ana el Premio Maestro del Cine Fant\u00e1stico en la clausura del Festival Nocturna de Madrid, tras un pase especial de una de sus mejores pel\u00edculas, \u00abProfondo Rosso\u00bb (1975).<\/p>\n<p>\u00abRecibir este premio es muy importante para mi, Madrid es una ciudad que siempre he amado much\u00edsimo, ven\u00eda de ni\u00f1o con mi padre\u00bb, ha se\u00f1alado el autor en declaraciones al festival recogidas por Efe.<\/p>\n<p>Argento, de 74 a\u00f1os, es conocido por su contribuci\u00f3n al &#8216;giallo&#8217;, subg\u00e9nero del terror italiano de los 70, con pel\u00edculas como \u00abEl P\u00e1jaro de las Plumas de Cristal\u00bb, \u00abEl Gato de las Nueve Colas\u00bb y \u00abCuatro Moscas sobre Terciopelo Gris\u00bb.<\/p>\n<p>El estilo de \u00abProfondo Rosso\u00bb(1975) influy\u00f3 no s\u00f3lo en el cine italiano sino tambi\u00e9n en el estadounidense, especialmente en las pel\u00edculas de psic\u00f3patas, y en directores como John Carpenter o Brian de Palma.<\/p>\n<p>Otros conocidos t\u00edtulos de su filmograf\u00eda son \u00abSuspiria\u00bb (1977), \u00abInferno\u00bb (1980), \u00abTenebre\u00bb (1982) o \u00abPhenomena\u00bb (1985).<\/p>\n<p>En la actualidad, Argento est\u00e1 ocupado en escribir su autobiograf\u00eda y en tratar de sacar adelante un gui\u00f3n producido entre Canad\u00e1 y Dubai, seg\u00fan dijo.<\/p>\n","protected":false},"excerpt":{"rendered":"<p>Madrid, 30 may (EFE).- Dar\u00edo Argento, director clave del terror italiano de los 70, recibir\u00e1 ma\u00f1ana el Premio Maestro del Cine Fant\u00e1stico en la clausura del Festival Nocturna de Madrid, tras un pase especial de una de sus mejores pel\u00edculas, \u00abProfondo Rosso\u00bb (1975). \u00abRecibir este premio es muy importante para mi, Madrid es una ciudad<\/p>\n","protected":false},"author":1,"featured_media":14528,"comment_status":"open","ping_status":"closed","sticky":false,"template":"","format":"standard","meta":{"footnotes":""},"categories":[224],"tags":[],"class_list":{"0":"post-14527","1":"post","2":"type-post","3":"status-publish","4":"format-standard","5":"has-post-thumbnail","7":"category-noticias-actualidad"},"aioseo_notices":[],"aioseo_head":"\n\t\t<!-- All in One SEO Pro 4.9.6.1 - aioseo.com -->\n\t<meta name=\"description\" content=\"Madrid, 30 may (EFE).- Dar\u00edo Argento, director clave del terror italiano de los 70, recibir\u00e1 ma\u00f1ana el Premio Maestro del Cine Fant\u00e1stico en la clausura del Festival Nocturna de Madrid, tras un pase especial de una de sus mejores pel\u00edculas, &quot;Profondo Rosso&quot; (1975). &quot;Recibir este premio es muy importante para mi, Madrid es una ciudad\" \/>\n\t<meta name=\"robots\" content=\"max-image-preview:large\" \/>\n\t<meta name=\"author\" content=\"admin\"\/>\n\t<meta name=\"google-site-verification\" content=\"UA-38556648-1\" \/>\n\t<meta name=\"keywords\" content=\"noticias y actualidad\" \/>\n\t<link rel=\"canonical\" href=\"https:\/\/eldigitaldeasturias.com\/magazine365\/dario-argento-recoge-manana-en-madrid-el-premio-maestro-del-cine-fantastico\/\" \/>\n\t<meta name=\"generator\" content=\"All in One SEO Pro (AIOSEO) 4.9.6.1\" \/>\n\t\t<meta property=\"og:locale\" content=\"es_ES\" \/>\n\t\t<meta property=\"og:site_name\" content=\"El Digital de Asturias \u2013 Revista de ocio, turismo y estilo de vida\" \/>\n\t\t<meta property=\"og:type\" content=\"article\" \/>\n\t\t<meta property=\"og:title\" content=\"Dar\u00edo Argento recoge ma\u00f1ana en Madrid el Premio Maestro del Cine Fant\u00e1stico | El Digital de Asturias\" \/>\n\t\t<meta property=\"og:description\" content=\"Madrid, 30 may (EFE).- Dar\u00edo Argento, director clave del terror italiano de los 70, recibir\u00e1 ma\u00f1ana el Premio Maestro del Cine Fant\u00e1stico en la clausura del Festival Nocturna de Madrid, tras un pase especial de una de sus mejores pel\u00edculas, &quot;Profondo Rosso&quot; (1975). &quot;Recibir este premio es muy importante para mi, Madrid es una ciudad\" \/>\n\t\t<meta property=\"og:url\" content=\"https:\/\/eldigitaldeasturias.com\/magazine365\/dario-argento-recoge-manana-en-madrid-el-premio-maestro-del-cine-fantastico\/\" \/>\n\t\t<meta property=\"og:image\" content=\"https:\/\/eldigitaldeasturias.com\/magazine365\/wp-content\/uploads\/2014\/05\/6318515w.jpg\" \/>\n\t\t<meta property=\"og:image:secure_url\" content=\"https:\/\/eldigitaldeasturias.com\/magazine365\/wp-content\/uploads\/2014\/05\/6318515w.jpg\" \/>\n\t\t<meta property=\"og:image:width\" content=\"800\" \/>\n\t\t<meta property=\"og:image:height\" content=\"601\" \/>\n\t\t<meta property=\"article:published_time\" content=\"2014-05-31T01:11:05+00:00\" \/>\n\t\t<meta property=\"article:modified_time\" content=\"2014-05-31T01:11:05+00:00\" \/>\n\t\t<meta name=\"twitter:card\" content=\"summary_large_image\" \/>\n\t\t<meta name=\"twitter:title\" content=\"Dar\u00edo Argento recoge ma\u00f1ana en Madrid el Premio Maestro del Cine Fant\u00e1stico | El Digital de Asturias\" \/>\n\t\t<meta name=\"twitter:description\" content=\"Madrid, 30 may (EFE).- Dar\u00edo Argento, director clave del terror italiano de los 70, recibir\u00e1 ma\u00f1ana el Premio Maestro del Cine Fant\u00e1stico en la clausura del Festival Nocturna de Madrid, tras un pase especial de una de sus mejores pel\u00edculas, &quot;Profondo Rosso&quot; (1975). &quot;Recibir este premio es muy importante para mi, Madrid es una ciudad\" \/>\n\t\t<meta name=\"twitter:image\" content=\"https:\/\/eldigitaldeasturias.com\/magazine365\/wp-content\/uploads\/2014\/05\/6318515w.jpg\" \/>\n\t\t<script type=\"application\/ld+json\" class=\"aioseo-schema\">\n\t\t\t{\"@context\":\"https:\\\/\\\/schema.org\",\"@graph\":[{\"@type\":\"Article\",\"@id\":\"https:\\\/\\\/eldigitaldeasturias.com\\\/magazine365\\\/dario-argento-recoge-manana-en-madrid-el-premio-maestro-del-cine-fantastico\\\/#article\",\"name\":\"Dar\\u00edo Argento recoge ma\\u00f1ana en Madrid el Premio Maestro del Cine Fant\\u00e1stico | El Digital de Asturias\",\"headline\":\"Dar\\u00edo Argento recoge ma\\u00f1ana en Madrid el Premio Maestro del Cine Fant\\u00e1stico\",\"author\":{\"@id\":\"https:\\\/\\\/eldigitaldeasturias.com\\\/magazine365\\\/author\\\/admin\\\/#author\"},\"publisher\":{\"@id\":\"https:\\\/\\\/eldigitaldeasturias.com\\\/magazine365\\\/#organization\"},\"image\":{\"@type\":\"ImageObject\",\"url\":\"https:\\\/\\\/eldigitaldeasturias.com\\\/magazine365\\\/wp-content\\\/uploads\\\/2014\\\/05\\\/6318515w.jpg\",\"width\":800,\"height\":601},\"datePublished\":\"2014-05-30T23:11:05+02:00\",\"dateModified\":\"2014-05-30T23:11:05+02:00\",\"inLanguage\":\"es-ES\",\"mainEntityOfPage\":{\"@id\":\"https:\\\/\\\/eldigitaldeasturias.com\\\/magazine365\\\/dario-argento-recoge-manana-en-madrid-el-premio-maestro-del-cine-fantastico\\\/#webpage\"},\"isPartOf\":{\"@id\":\"https:\\\/\\\/eldigitaldeasturias.com\\\/magazine365\\\/dario-argento-recoge-manana-en-madrid-el-premio-maestro-del-cine-fantastico\\\/#webpage\"},\"articleSection\":\"Noticias y Actualidad\"},{\"@type\":\"BreadcrumbList\",\"@id\":\"https:\\\/\\\/eldigitaldeasturias.com\\\/magazine365\\\/dario-argento-recoge-manana-en-madrid-el-premio-maestro-del-cine-fantastico\\\/#breadcrumblist\",\"itemListElement\":[{\"@type\":\"ListItem\",\"@id\":\"https:\\\/\\\/eldigitaldeasturias.com\\\/magazine365#listItem\",\"position\":1,\"name\":\"Home\",\"item\":\"https:\\\/\\\/eldigitaldeasturias.com\\\/magazine365\",\"nextItem\":{\"@type\":\"ListItem\",\"@id\":\"https:\\\/\\\/eldigitaldeasturias.com\\\/magazine365\\\/category\\\/noticias-actualidad\\\/#listItem\",\"name\":\"Noticias y Actualidad\"}},{\"@type\":\"ListItem\",\"@id\":\"https:\\\/\\\/eldigitaldeasturias.com\\\/magazine365\\\/category\\\/noticias-actualidad\\\/#listItem\",\"position\":2,\"name\":\"Noticias y Actualidad\",\"item\":\"https:\\\/\\\/eldigitaldeasturias.com\\\/magazine365\\\/category\\\/noticias-actualidad\\\/\",\"nextItem\":{\"@type\":\"ListItem\",\"@id\":\"https:\\\/\\\/eldigitaldeasturias.com\\\/magazine365\\\/dario-argento-recoge-manana-en-madrid-el-premio-maestro-del-cine-fantastico\\\/#listItem\",\"name\":\"Dar\\u00edo Argento recoge ma\\u00f1ana en Madrid el Premio Maestro del Cine Fant\\u00e1stico\"},\"previousItem\":{\"@type\":\"ListItem\",\"@id\":\"https:\\\/\\\/eldigitaldeasturias.com\\\/magazine365#listItem\",\"name\":\"Home\"}},{\"@type\":\"ListItem\",\"@id\":\"https:\\\/\\\/eldigitaldeasturias.com\\\/magazine365\\\/dario-argento-recoge-manana-en-madrid-el-premio-maestro-del-cine-fantastico\\\/#listItem\",\"position\":3,\"name\":\"Dar\\u00edo Argento recoge ma\\u00f1ana en Madrid el Premio Maestro del Cine Fant\\u00e1stico\",\"previousItem\":{\"@type\":\"ListItem\",\"@id\":\"https:\\\/\\\/eldigitaldeasturias.com\\\/magazine365\\\/category\\\/noticias-actualidad\\\/#listItem\",\"name\":\"Noticias y Actualidad\"}}]},{\"@type\":\"Organization\",\"@id\":\"https:\\\/\\\/eldigitaldeasturias.com\\\/magazine365\\\/#organization\",\"name\":\"El digital de Asturias\",\"description\":\"Revista de ocio, turismo y estilo de vida\",\"url\":\"https:\\\/\\\/eldigitaldeasturias.com\\\/magazine365\\\/\",\"logo\":{\"@type\":\"ImageObject\",\"url\":\"https:\\\/\\\/www.eldigitaldeasturias.com\\\/noticias\\\/wp-content\\\/uploads\\\/2020\\\/12\\\/EDA.jpg\",\"@id\":\"https:\\\/\\\/eldigitaldeasturias.com\\\/magazine365\\\/dario-argento-recoge-manana-en-madrid-el-premio-maestro-del-cine-fantastico\\\/#organizationLogo\"},\"image\":{\"@id\":\"https:\\\/\\\/eldigitaldeasturias.com\\\/magazine365\\\/dario-argento-recoge-manana-en-madrid-el-premio-maestro-del-cine-fantastico\\\/#organizationLogo\"}},{\"@type\":\"Person\",\"@id\":\"https:\\\/\\\/eldigitaldeasturias.com\\\/magazine365\\\/author\\\/admin\\\/#author\",\"url\":\"https:\\\/\\\/eldigitaldeasturias.com\\\/magazine365\\\/author\\\/admin\\\/\",\"name\":\"admin\",\"image\":{\"@type\":\"ImageObject\",\"@id\":\"https:\\\/\\\/eldigitaldeasturias.com\\\/magazine365\\\/dario-argento-recoge-manana-en-madrid-el-premio-maestro-del-cine-fantastico\\\/#authorImage\",\"url\":\"https:\\\/\\\/eldigitaldeasturias.com\\\/magazine365\\\/wp-content\\\/litespeed\\\/avatar\\\/e571bcf59a0edd6fa6838245a470f2fe.jpg?ver=1777574230\",\"width\":96,\"height\":96,\"caption\":\"admin\"}},{\"@type\":\"WebPage\",\"@id\":\"https:\\\/\\\/eldigitaldeasturias.com\\\/magazine365\\\/dario-argento-recoge-manana-en-madrid-el-premio-maestro-del-cine-fantastico\\\/#webpage\",\"url\":\"https:\\\/\\\/eldigitaldeasturias.com\\\/magazine365\\\/dario-argento-recoge-manana-en-madrid-el-premio-maestro-del-cine-fantastico\\\/\",\"name\":\"Dar\\u00edo Argento recoge ma\\u00f1ana en Madrid el Premio Maestro del Cine Fant\\u00e1stico | El Digital de Asturias\",\"description\":\"Madrid, 30 may (EFE).- Dar\\u00edo Argento, director clave del terror italiano de los 70, recibir\\u00e1 ma\\u00f1ana el Premio Maestro del Cine Fant\\u00e1stico en la clausura del Festival Nocturna de Madrid, tras un pase especial de una de sus mejores pel\\u00edculas, \\\"Profondo Rosso\\\" (1975). \\\"Recibir este premio es muy importante para mi, Madrid es una ciudad\",\"inLanguage\":\"es-ES\",\"isPartOf\":{\"@id\":\"https:\\\/\\\/eldigitaldeasturias.com\\\/magazine365\\\/#website\"},\"breadcrumb\":{\"@id\":\"https:\\\/\\\/eldigitaldeasturias.com\\\/magazine365\\\/dario-argento-recoge-manana-en-madrid-el-premio-maestro-del-cine-fantastico\\\/#breadcrumblist\"},\"author\":{\"@id\":\"https:\\\/\\\/eldigitaldeasturias.com\\\/magazine365\\\/author\\\/admin\\\/#author\"},\"creator\":{\"@id\":\"https:\\\/\\\/eldigitaldeasturias.com\\\/magazine365\\\/author\\\/admin\\\/#author\"},\"image\":{\"@type\":\"ImageObject\",\"url\":\"https:\\\/\\\/eldigitaldeasturias.com\\\/magazine365\\\/wp-content\\\/uploads\\\/2014\\\/05\\\/6318515w.jpg\",\"@id\":\"https:\\\/\\\/eldigitaldeasturias.com\\\/magazine365\\\/dario-argento-recoge-manana-en-madrid-el-premio-maestro-del-cine-fantastico\\\/#mainImage\",\"width\":800,\"height\":601},\"primaryImageOfPage\":{\"@id\":\"https:\\\/\\\/eldigitaldeasturias.com\\\/magazine365\\\/dario-argento-recoge-manana-en-madrid-el-premio-maestro-del-cine-fantastico\\\/#mainImage\"},\"datePublished\":\"2014-05-30T23:11:05+02:00\",\"dateModified\":\"2014-05-30T23:11:05+02:00\"},{\"@type\":\"WebSite\",\"@id\":\"https:\\\/\\\/eldigitaldeasturias.com\\\/magazine365\\\/#website\",\"url\":\"https:\\\/\\\/eldigitaldeasturias.com\\\/magazine365\\\/\",\"name\":\"El Digital de Asturias\",\"description\":\"Revista de ocio, turismo y estilo de vida\",\"inLanguage\":\"es-ES\",\"publisher\":{\"@id\":\"https:\\\/\\\/eldigitaldeasturias.com\\\/magazine365\\\/#organization\"}}]}\n\t\t<\/script>\n\t\t<!-- All in One SEO Pro -->\r\n\t\t<title>Dar\u00edo Argento recoge ma\u00f1ana en Madrid el Premio Maestro del Cine Fant\u00e1stico | El Digital de Asturias<\/title>\n\n","aioseo_head_json":{"title":"Dar\u00edo Argento recoge ma\u00f1ana en Madrid el Premio Maestro del Cine Fant\u00e1stico | El Digital de Asturias","description":"Madrid, 30 may (EFE).- Dar\u00edo Argento, director clave del terror italiano de los 70, recibir\u00e1 ma\u00f1ana el Premio Maestro del Cine Fant\u00e1stico en la clausura del Festival Nocturna de Madrid, tras un pase especial de una de sus mejores pel\u00edculas, \"Profondo Rosso\" (1975). \"Recibir este premio es muy importante para mi, Madrid es una ciudad","canonical_url":"https:\/\/eldigitaldeasturias.com\/magazine365\/dario-argento-recoge-manana-en-madrid-el-premio-maestro-del-cine-fantastico\/","robots":"max-image-preview:large","keywords":"noticias y actualidad","webmasterTools":{"google-site-verification":"UA-38556648-1","miscellaneous":""},"schema":{"@context":"https:\/\/schema.org","@graph":[{"@type":"Article","@id":"https:\/\/eldigitaldeasturias.com\/magazine365\/dario-argento-recoge-manana-en-madrid-el-premio-maestro-del-cine-fantastico\/#article","name":"Dar\u00edo Argento recoge ma\u00f1ana en Madrid el Premio Maestro del Cine Fant\u00e1stico | El Digital de Asturias","headline":"Dar\u00edo Argento recoge ma\u00f1ana en Madrid el Premio Maestro del Cine Fant\u00e1stico","author":{"@id":"https:\/\/eldigitaldeasturias.com\/magazine365\/author\/admin\/#author"},"publisher":{"@id":"https:\/\/eldigitaldeasturias.com\/magazine365\/#organization"},"image":{"@type":"ImageObject","url":"https:\/\/eldigitaldeasturias.com\/magazine365\/wp-content\/uploads\/2014\/05\/6318515w.jpg","width":800,"height":601},"datePublished":"2014-05-30T23:11:05+02:00","dateModified":"2014-05-30T23:11:05+02:00","inLanguage":"es-ES","mainEntityOfPage":{"@id":"https:\/\/eldigitaldeasturias.com\/magazine365\/dario-argento-recoge-manana-en-madrid-el-premio-maestro-del-cine-fantastico\/#webpage"},"isPartOf":{"@id":"https:\/\/eldigitaldeasturias.com\/magazine365\/dario-argento-recoge-manana-en-madrid-el-premio-maestro-del-cine-fantastico\/#webpage"},"articleSection":"Noticias y Actualidad"},{"@type":"BreadcrumbList","@id":"https:\/\/eldigitaldeasturias.com\/magazine365\/dario-argento-recoge-manana-en-madrid-el-premio-maestro-del-cine-fantastico\/#breadcrumblist","itemListElement":[{"@type":"ListItem","@id":"https:\/\/eldigitaldeasturias.com\/magazine365#listItem","position":1,"name":"Home","item":"https:\/\/eldigitaldeasturias.com\/magazine365","nextItem":{"@type":"ListItem","@id":"https:\/\/eldigitaldeasturias.com\/magazine365\/category\/noticias-actualidad\/#listItem","name":"Noticias y Actualidad"}},{"@type":"ListItem","@id":"https:\/\/eldigitaldeasturias.com\/magazine365\/category\/noticias-actualidad\/#listItem","position":2,"name":"Noticias y Actualidad","item":"https:\/\/eldigitaldeasturias.com\/magazine365\/category\/noticias-actualidad\/","nextItem":{"@type":"ListItem","@id":"https:\/\/eldigitaldeasturias.com\/magazine365\/dario-argento-recoge-manana-en-madrid-el-premio-maestro-del-cine-fantastico\/#listItem","name":"Dar\u00edo Argento recoge ma\u00f1ana en Madrid el Premio Maestro del Cine Fant\u00e1stico"},"previousItem":{"@type":"ListItem","@id":"https:\/\/eldigitaldeasturias.com\/magazine365#listItem","name":"Home"}},{"@type":"ListItem","@id":"https:\/\/eldigitaldeasturias.com\/magazine365\/dario-argento-recoge-manana-en-madrid-el-premio-maestro-del-cine-fantastico\/#listItem","position":3,"name":"Dar\u00edo Argento recoge ma\u00f1ana en Madrid el Premio Maestro del Cine Fant\u00e1stico","previousItem":{"@type":"ListItem","@id":"https:\/\/eldigitaldeasturias.com\/magazine365\/category\/noticias-actualidad\/#listItem","name":"Noticias y Actualidad"}}]},{"@type":"Organization","@id":"https:\/\/eldigitaldeasturias.com\/magazine365\/#organization","name":"El digital de Asturias","description":"Revista de ocio, turismo y estilo de vida","url":"https:\/\/eldigitaldeasturias.com\/magazine365\/","logo":{"@type":"ImageObject","url":"https:\/\/www.eldigitaldeasturias.com\/noticias\/wp-content\/uploads\/2020\/12\/EDA.jpg","@id":"https:\/\/eldigitaldeasturias.com\/magazine365\/dario-argento-recoge-manana-en-madrid-el-premio-maestro-del-cine-fantastico\/#organizationLogo"},"image":{"@id":"https:\/\/eldigitaldeasturias.com\/magazine365\/dario-argento-recoge-manana-en-madrid-el-premio-maestro-del-cine-fantastico\/#organizationLogo"}},{"@type":"Person","@id":"https:\/\/eldigitaldeasturias.com\/magazine365\/author\/admin\/#author","url":"https:\/\/eldigitaldeasturias.com\/magazine365\/author\/admin\/","name":"admin","image":{"@type":"ImageObject","@id":"https:\/\/eldigitaldeasturias.com\/magazine365\/dario-argento-recoge-manana-en-madrid-el-premio-maestro-del-cine-fantastico\/#authorImage","url":"https:\/\/eldigitaldeasturias.com\/magazine365\/wp-content\/litespeed\/avatar\/e571bcf59a0edd6fa6838245a470f2fe.jpg?ver=1777574230","width":96,"height":96,"caption":"admin"}},{"@type":"WebPage","@id":"https:\/\/eldigitaldeasturias.com\/magazine365\/dario-argento-recoge-manana-en-madrid-el-premio-maestro-del-cine-fantastico\/#webpage","url":"https:\/\/eldigitaldeasturias.com\/magazine365\/dario-argento-recoge-manana-en-madrid-el-premio-maestro-del-cine-fantastico\/","name":"Dar\u00edo Argento recoge ma\u00f1ana en Madrid el Premio Maestro del Cine Fant\u00e1stico | El Digital de Asturias","description":"Madrid, 30 may (EFE).- Dar\u00edo Argento, director clave del terror italiano de los 70, recibir\u00e1 ma\u00f1ana el Premio Maestro del Cine Fant\u00e1stico en la clausura del Festival Nocturna de Madrid, tras un pase especial de una de sus mejores pel\u00edculas, \"Profondo Rosso\" (1975). \"Recibir este premio es muy importante para mi, Madrid es una ciudad","inLanguage":"es-ES","isPartOf":{"@id":"https:\/\/eldigitaldeasturias.com\/magazine365\/#website"},"breadcrumb":{"@id":"https:\/\/eldigitaldeasturias.com\/magazine365\/dario-argento-recoge-manana-en-madrid-el-premio-maestro-del-cine-fantastico\/#breadcrumblist"},"author":{"@id":"https:\/\/eldigitaldeasturias.com\/magazine365\/author\/admin\/#author"},"creator":{"@id":"https:\/\/eldigitaldeasturias.com\/magazine365\/author\/admin\/#author"},"image":{"@type":"ImageObject","url":"https:\/\/eldigitaldeasturias.com\/magazine365\/wp-content\/uploads\/2014\/05\/6318515w.jpg","@id":"https:\/\/eldigitaldeasturias.com\/magazine365\/dario-argento-recoge-manana-en-madrid-el-premio-maestro-del-cine-fantastico\/#mainImage","width":800,"height":601},"primaryImageOfPage":{"@id":"https:\/\/eldigitaldeasturias.com\/magazine365\/dario-argento-recoge-manana-en-madrid-el-premio-maestro-del-cine-fantastico\/#mainImage"},"datePublished":"2014-05-30T23:11:05+02:00","dateModified":"2014-05-30T23:11:05+02:00"},{"@type":"WebSite","@id":"https:\/\/eldigitaldeasturias.com\/magazine365\/#website","url":"https:\/\/eldigitaldeasturias.com\/magazine365\/","name":"El Digital de Asturias","description":"Revista de ocio, turismo y estilo de vida","inLanguage":"es-ES","publisher":{"@id":"https:\/\/eldigitaldeasturias.com\/magazine365\/#organization"}}]},"og:locale":"es_ES","og:site_name":"El Digital de Asturias \u2013 Revista de ocio, turismo y estilo de vida","og:type":"article","og:title":"Dar\u00edo Argento recoge ma\u00f1ana en Madrid el Premio Maestro del Cine Fant\u00e1stico | El Digital de Asturias","og:description":"Madrid, 30 may (EFE).- Dar\u00edo Argento, director clave del terror italiano de los 70, recibir\u00e1 ma\u00f1ana el Premio Maestro del Cine Fant\u00e1stico en la clausura del Festival Nocturna de Madrid, tras un pase especial de una de sus mejores pel\u00edculas, &quot;Profondo Rosso&quot; (1975). &quot;Recibir este premio es muy importante para mi, Madrid es una ciudad","og:url":"https:\/\/eldigitaldeasturias.com\/magazine365\/dario-argento-recoge-manana-en-madrid-el-premio-maestro-del-cine-fantastico\/","og:image":"https:\/\/eldigitaldeasturias.com\/magazine365\/wp-content\/uploads\/2014\/05\/6318515w.jpg","og:image:secure_url":"https:\/\/eldigitaldeasturias.com\/magazine365\/wp-content\/uploads\/2014\/05\/6318515w.jpg","og:image:width":800,"og:image:height":601,"article:published_time":"2014-05-31T01:11:05+00:00","article:modified_time":"2014-05-31T01:11:05+00:00","twitter:card":"summary_large_image","twitter:title":"Dar\u00edo Argento recoge ma\u00f1ana en Madrid el Premio Maestro del Cine Fant\u00e1stico | El Digital de Asturias","twitter:description":"Madrid, 30 may (EFE).- Dar\u00edo Argento, director clave del terror italiano de los 70, recibir\u00e1 ma\u00f1ana el Premio Maestro del Cine Fant\u00e1stico en la clausura del Festival Nocturna de Madrid, tras un pase especial de una de sus mejores pel\u00edculas, &quot;Profondo Rosso&quot; (1975). &quot;Recibir este premio es muy importante para mi, Madrid es una ciudad","twitter:image":"https:\/\/eldigitaldeasturias.com\/magazine365\/wp-content\/uploads\/2014\/05\/6318515w.jpg"},"aioseo_meta_data":{"post_id":"14527","title":null,"description":null,"keywords":null,"keyphrases":null,"primary_term":null,"canonical_url":null,"og_title":null,"og_description":null,"og_object_type":"default","og_image_type":"default","og_image_url":null,"og_image_width":null,"og_image_height":null,"og_image_custom_url":null,"og_image_custom_fields":null,"og_video":null,"og_custom_url":null,"og_article_section":null,"og_article_tags":null,"twitter_use_og":false,"twitter_card":"default","twitter_image_type":"default","twitter_image_url":null,"twitter_image_custom_url":null,"twitter_image_custom_fields":null,"twitter_title":null,"twitter_description":null,"schema":{"blockGraphs":[],"customGraphs":[],"default":{"data":{"Article":[],"Course":[],"Dataset":[],"FAQPage":[],"Movie":[],"Person":[],"Product":[],"ProductReview":[],"Car":[],"Recipe":[],"Service":[],"SoftwareApplication":[],"WebPage":[]},"graphName":"","isEnabled":true},"graphs":[],"defaultGraph":"","defaultPostTypeGraph":""},"schema_type":null,"schema_type_options":null,"pillar_content":false,"robots_default":true,"robots_noindex":false,"robots_noarchive":false,"robots_nosnippet":false,"robots_nofollow":false,"robots_noimageindex":false,"robots_noodp":false,"robots_notranslate":false,"robots_max_snippet":null,"robots_max_videopreview":null,"robots_max_imagepreview":"large","priority":null,"frequency":null,"location":null,"local_seo":null,"seo_analyzer_scan_date":"2025-09-17 10:17:16","breadcrumb_settings":null,"limit_modified_date":false,"open_ai":null,"ai":null,"created":"2021-03-09 08:14:49","updated":"2025-09-17 10:17:16"},"aioseo_breadcrumb":"<div class=\"aioseo-breadcrumbs\"><span class=\"aioseo-breadcrumb\">\n\t<a href=\"https:\/\/eldigitaldeasturias.com\/magazine365\" title=\"Home\">Home<\/a>\n<\/span><span class=\"aioseo-breadcrumb-separator\">\u2013<\/span><span class=\"aioseo-breadcrumb\">\n\t<a href=\"https:\/\/eldigitaldeasturias.com\/magazine365\/category\/noticias-actualidad\/\" title=\"Noticias y Actualidad\">Noticias y Actualidad<\/a>\n<\/span><span class=\"aioseo-breadcrumb-separator\">\u2013<\/span><span class=\"aioseo-breadcrumb\">\n\t<a href=\"https:\/\/eldigitaldeasturias.com\/magazine365\/dario-argento-recoge-manana-en-madrid-el-premio-maestro-del-cine-fantastico\/\" title=\"Dar\u00edo Argento recoge ma\u00f1ana en Madrid el Premio Maestro del Cine Fant\u00e1stico\">Dar\u00edo Argento recoge ma\u00f1ana en Madrid el Premio Maestro del Cine Fant\u00e1stico<\/a>\n<\/span><\/div>","aioseo_breadcrumb_json":[{"label":"Home","link":"https:\/\/eldigitaldeasturias.com\/magazine365"},{"label":"Noticias y Actualidad","link":"https:\/\/eldigitaldeasturias.com\/magazine365\/category\/noticias-actualidad\/"},{"label":"Dar\u00edo Argento recoge ma\u00f1ana en Madrid el Premio Maestro del Cine Fant\u00e1stico","link":"https:\/\/eldigitaldeasturias.com\/magazine365\/dario-argento-recoge-manana-en-madrid-el-premio-maestro-del-cine-fantastico\/"}],"_links":{"self":[{"href":"https:\/\/eldigitaldeasturias.com\/magazine365\/wp-json\/wp\/v2\/posts\/14527","targetHints":{"allow":["GET"]}}],"collection":[{"href":"https:\/\/eldigitaldeasturias.com\/magazine365\/wp-json\/wp\/v2\/posts"}],"about":[{"href":"https:\/\/eldigitaldeasturias.com\/magazine365\/wp-json\/wp\/v2\/types\/post"}],"author":[{"embeddable":true,"href":"https:\/\/eldigitaldeasturias.com\/magazine365\/wp-json\/wp\/v2\/users\/1"}],"replies":[{"embeddable":true,"href":"https:\/\/eldigitaldeasturias.com\/magazine365\/wp-json\/wp\/v2\/comments?post=14527"}],"version-history":[{"count":0,"href":"https:\/\/eldigitaldeasturias.com\/magazine365\/wp-json\/wp\/v2\/posts\/14527\/revisions"}],"wp:featuredmedia":[{"embeddable":true,"href":"https:\/\/eldigitaldeasturias.com\/magazine365\/wp-json\/wp\/v2\/media\/14528"}],"wp:attachment":[{"href":"https:\/\/eldigitaldeasturias.com\/magazine365\/wp-json\/wp\/v2\/media?parent=14527"}],"wp:term":[{"taxonomy":"category","embeddable":true,"href":"https:\/\/eldigitaldeasturias.com\/magazine365\/wp-json\/wp\/v2\/categories?post=14527"},{"taxonomy":"post_tag","embeddable":true,"href":"https:\/\/eldigitaldeasturias.com\/magazine365\/wp-json\/wp\/v2\/tags?post=14527"}],"curies":[{"name":"wp","href":"https:\/\/api.w.org\/{rel}","templated":true}]}}