{"id":14524,"date":"2014-05-30T23:08:21","date_gmt":"2014-05-31T01:08:21","guid":{"rendered":"http:\/\/eldigitaldeasturias.com\/magazine365\/?p=14524"},"modified":"2014-05-30T23:09:19","modified_gmt":"2014-05-31T01:09:19","slug":"jordi-grau-la-inusual-trayectoria-de-un-director-descatalogado","status":"publish","type":"post","link":"https:\/\/eldigitaldeasturias.com\/magazine365\/jordi-grau-la-inusual-trayectoria-de-un-director-descatalogado\/","title":{"rendered":"Jordi Grau, la inusual trayectoria de un director \u00abdescatalogado\u00bb"},"content":{"rendered":"<p><img fetchpriority=\"high\" decoding=\"async\" class=\"alignleft size-medium wp-image-14525\" alt=\"6318555w\" src=\"https:\/\/eldigitaldeasturias.com\/magazine365\/wp-content\/uploads\/2014\/05\/6318555w-360x266.jpg\" width=\"360\" height=\"266\" srcset=\"https:\/\/eldigitaldeasturias.com\/magazine365\/wp-content\/uploads\/2014\/05\/6318555w-360x266.jpg 360w, https:\/\/eldigitaldeasturias.com\/magazine365\/wp-content\/uploads\/2014\/05\/6318555w-650x481.jpg 650w, https:\/\/eldigitaldeasturias.com\/magazine365\/wp-content\/uploads\/2014\/05\/6318555w-768x568.jpg 768w, https:\/\/eldigitaldeasturias.com\/magazine365\/wp-content\/uploads\/2014\/05\/6318555w-150x111.jpg 150w, https:\/\/eldigitaldeasturias.com\/magazine365\/wp-content\/uploads\/2014\/05\/6318555w-450x333.jpg 450w, https:\/\/eldigitaldeasturias.com\/magazine365\/wp-content\/uploads\/2014\/05\/6318555w-80x60.jpg 80w, https:\/\/eldigitaldeasturias.com\/magazine365\/wp-content\/uploads\/2014\/05\/6318555w-696x515.jpg 696w, https:\/\/eldigitaldeasturias.com\/magazine365\/wp-content\/uploads\/2014\/05\/6318555w-568x420.jpg 568w, https:\/\/eldigitaldeasturias.com\/magazine365\/wp-content\/uploads\/2014\/05\/6318555w-338x250.jpg 338w, https:\/\/eldigitaldeasturias.com\/magazine365\/wp-content\/uploads\/2014\/05\/6318555w-90x67.jpg 90w, https:\/\/eldigitaldeasturias.com\/magazine365\/wp-content\/uploads\/2014\/05\/6318555w-100x75.jpg 100w, https:\/\/eldigitaldeasturias.com\/magazine365\/wp-content\/uploads\/2014\/05\/6318555w.jpg 800w\" sizes=\"(max-width: 360px) 100vw, 360px\" \/>Madrid, 30 may (EFE).- Del cine de autor a los zombies y del coqueteo experimental al destape, la carrera de Jordi Grau (Barcelona, 1930) es una de las m\u00e1s vers\u00e1tiles y arriesgadas del cine espa\u00f1ol, un riesgo por el que ha pagado un precio, seg\u00fan cuenta a Efe con motivo de la publicaci\u00f3n de sus memorias.<\/p>\n<p>\u00abNunca he hecho una pel\u00edcula con vocaci\u00f3n comercial\u00bb, asegura el autor de \u00abUna historia de amor\u00bb o \u00abEl espont\u00e1neo\u00bb, de los sesenta, y de los t\u00edtulos de horror \u00abCeremonia Sangrienta\u00bb (1973) y \u00abNo profanar\u00e1s el sue\u00f1o de los muertos\u00bb (1974), que le han valido la etiqueta de director de culto.<\/p>\n<p>\u00abLa \u00fanica vez que acept\u00e9 el reto fue en &#8216;Tuset Street&#8217;, con Sara Montiel, y fue el principio de mi fracaso, ah\u00ed perd\u00ed mi convicci\u00f3n\u00bb, relata durante una entrevista en su casa, rodeado de pinturas realizadas por \u00e9l.<\/p>\n<p>Las desavenencias con Sara Montiel son uno de los cap\u00edtulos de sus memorias, \u00abConfidencias de un director de cine descatalogado\u00bb (Calamar Ediciones), en las que desgrana lo que \u00e9l llama \u00abla trastienda\u00bb de su vida cinematogr\u00e1fica.<\/p>\n<p>Grau da su visi\u00f3n de un conflicto muy aireado en su momento, incluyendo un inconsciente rechazo por parte del director a una supuesta invitaci\u00f3n sexual de la estrella durante un encuentro en una habitaci\u00f3n de hotel para hablar del personaje.<\/p>\n<p>\u00abSara Montiel no me gustaba, ni como mujer ni como actriz. El problema fue creerme que yo pod\u00eda mostrar otra faceta suya, la de un ser popular, sencillo y descarado. Pero ella quer\u00eda ser una marquesa, la visi\u00f3n que tienen las porteras de las marquesas, porque esa era la base de su \u00e9xito\u00bb, indica.<\/p>\n<p>La amistad de Grau con Federico Fellini tambi\u00e9n ocupa unas cuantas p\u00e1ginas. Una amistad que surgi\u00f3 en Roma, el d\u00eda en que el autor de \u00abLa dolce vita\u00bb dio una charla en su clase de cine y, ni corto ni perezoso, el catal\u00e1n le pidi\u00f3 una entrevista.<\/p>\n<p>\u00abLe ca\u00ed simp\u00e1tico\u00bb, dice Grau, que acab\u00f3 de impresionar al maestro cuando vio publicada la entrevista en una revista espa\u00f1ola, pese a que el improvisado periodista no hab\u00eda grabado nada ni tomado apenas notas.<\/p>\n<p>El \u00e1nimo renovador del cineasta espa\u00f1ol -en realidad, fidelidad a su instinto- se vislumbr\u00f3 desde su primera pel\u00edcula, \u00abNoche de verano\u00bb (1962), un drama rom\u00e1ntico con Paco Rabal, con una arriesgada lectura moral para la \u00e9poca, que le enfrent\u00f3 con los productores, ligados al Opus Dei.<\/p>\n<p>\u00abQuer\u00eda contar historias aut\u00e9nticas, que conoc\u00eda, nada m\u00e1s\u00bb, se\u00f1ala. \u00ab\u00bfHe pagado un precio? S\u00ed, pero casi dir\u00eda que lo estoy pagando ahora. La \u00faltima pel\u00edcula que hice fue \u00abTiempos mejores\u00bb y de eso hace 15 a\u00f1os\u00bb.<\/p>\n<p>Desde entonces, Grau ha intentado levantar varios proyectos, incluido un \u00abDon Juan\u00bb basado en la versi\u00f3n menos popular de Tirso de Molina, pero ninguno ha acabado de fraguarse.<\/p>\n<p>\u00abLo que ocurri\u00f3 con &#8216;Tiempos mejores&#8217; es que un productor importante quer\u00eda entrar en el negocio, pero con la condici\u00f3n de que lo hicieran Carmen Maura y Andr\u00e9s Pajares, que est\u00e1n muy bien, pero no eran los personajes de mi pel\u00edcula\u00bb, explica.<\/p>\n<p>Grau no pas\u00f3 por el aro y la cinta se qued\u00f3 sin el soporte de producci\u00f3n que necesitaba. \u00abEse fracaso ha hecho que me haya ido encontrando desde entonces con la oposici\u00f3n de los productores\u00bb, dice.<\/p>\n<p>Pero antes de llegar a ese punto hay una veintena de t\u00edtulos a revisar, incluido \u00abLa trastienda\u00bb, un alegato contra la doble moral burguesa, que fue un \u00e9xito de taquilla, ayudado, eso s\u00ed, por el segundo y medio de desnudo frontal de Mar\u00eda Jos\u00e9 Cantudo, el primero de la Transici\u00f3n.<\/p>\n<p>O sus dos \u00fanicas incursiones en el terror, \u00abCeremonia sangrienta\u00bb, basada en la vida real de la Condesa Bathory, que se ba\u00f1aba en sangre de v\u00edrgenes para conservar su juventud, y \u00abNo profanar el sue\u00f1o de los muertos\u00bb, una de las primeras pel\u00edculas de zombis hechas en Espa\u00f1a.<\/p>\n<p>Cuando se le pregunta el porqu\u00e9 de una carrera tan heterog\u00e9nea, Grau responde con algo que le dijo hace muchos a\u00f1os a un amigo que le pregunt\u00f3 qu\u00e9 hac\u00eda \u00e9l metido de ayudante en una pel\u00edcula de romanos.<\/p>\n<p>\u00abLe dije: &#8216;Primero, tengo que seguir viviendo. Si tengo talento, lo demostrar\u00e9 de alguna manera y sino, seguir\u00e9 haciendo lo que pueda&#8217;. Mi actitud siempre ha sido muy posibilista. Al escribir el libro es cuando me he dado cuenta de ha habido una cierta integridad en mi actuaci\u00f3n\u00bb.<\/p>\n<p>El t\u00edtulo, \u00abConfidencias de un director descatalogado\u00bb se le ocurri\u00f3 un d\u00eda en que pregunt\u00f3 en unos grandes almacenes por \u00abGinger y Fred\u00bb de Fellini y le dijeron que estaba descatalogada. \u00abPero, \u00bfc\u00f3mo puede ser? -exclama-. Es como si en el Prado encierran Las Meninas porque son de hace 400 a\u00f1os\u00bb.<\/p>\n<p>Acto seguido hizo la prueba con su propia pel\u00edcula m\u00e1s popular, editada en pa\u00edses como Alemania, Inglaterra o Jap\u00f3n, \u00abNo profanar el sue\u00f1o de los muertos\u00bb. La respuesta, es f\u00e1cil de adivinar.<\/p>\n<p>&nbsp;<\/p>\n<p>Por Magdalena Tsanis.<\/p>\n","protected":false},"excerpt":{"rendered":"<p>Madrid, 30 may (EFE).- Del cine de autor a los zombies y del coqueteo experimental al destape, la carrera de Jordi Grau (Barcelona, 1930) es una de las m\u00e1s vers\u00e1tiles y arriesgadas del cine espa\u00f1ol, un riesgo por el que ha pagado un precio, seg\u00fan cuenta a Efe con motivo de la publicaci\u00f3n de sus<\/p>\n","protected":false},"author":1,"featured_media":14525,"comment_status":"open","ping_status":"closed","sticky":false,"template":"","format":"standard","meta":{"footnotes":""},"categories":[224],"tags":[],"class_list":{"0":"post-14524","1":"post","2":"type-post","3":"status-publish","4":"format-standard","5":"has-post-thumbnail","7":"category-noticias-actualidad"},"aioseo_notices":[],"aioseo_head":"\n\t\t<!-- All in One SEO Pro 4.9.6.1 - aioseo.com -->\n\t<meta name=\"description\" content=\"Madrid, 30 may (EFE).- Del cine de autor a los zombies y del coqueteo experimental al destape, la carrera de Jordi Grau (Barcelona, 1930) es una de las m\u00e1s vers\u00e1tiles y arriesgadas del cine espa\u00f1ol, un riesgo por el que ha pagado un precio, seg\u00fan cuenta a Efe con motivo de la publicaci\u00f3n de sus\" \/>\n\t<meta name=\"robots\" content=\"max-image-preview:large\" \/>\n\t<meta name=\"author\" content=\"admin\"\/>\n\t<meta name=\"google-site-verification\" content=\"UA-38556648-1\" \/>\n\t<meta name=\"keywords\" content=\"noticias y actualidad\" \/>\n\t<link rel=\"canonical\" href=\"https:\/\/eldigitaldeasturias.com\/magazine365\/jordi-grau-la-inusual-trayectoria-de-un-director-descatalogado\/\" \/>\n\t<meta name=\"generator\" content=\"All in One SEO Pro (AIOSEO) 4.9.6.1\" \/>\n\t\t<meta property=\"og:locale\" content=\"es_ES\" \/>\n\t\t<meta property=\"og:site_name\" content=\"El Digital de Asturias \u2013 Revista de ocio, turismo y estilo de vida\" \/>\n\t\t<meta property=\"og:type\" content=\"article\" \/>\n\t\t<meta property=\"og:title\" content=\"Jordi Grau, la inusual trayectoria de un director \u00abdescatalogado\u00bb | El Digital de Asturias\" \/>\n\t\t<meta property=\"og:description\" content=\"Madrid, 30 may (EFE).- Del cine de autor a los zombies y del coqueteo experimental al destape, la carrera de Jordi Grau (Barcelona, 1930) es una de las m\u00e1s vers\u00e1tiles y arriesgadas del cine espa\u00f1ol, un riesgo por el que ha pagado un precio, seg\u00fan cuenta a Efe con motivo de la publicaci\u00f3n de sus\" \/>\n\t\t<meta property=\"og:url\" content=\"https:\/\/eldigitaldeasturias.com\/magazine365\/jordi-grau-la-inusual-trayectoria-de-un-director-descatalogado\/\" \/>\n\t\t<meta property=\"og:image\" content=\"https:\/\/eldigitaldeasturias.com\/magazine365\/wp-content\/uploads\/2014\/05\/6318555w.jpg\" \/>\n\t\t<meta property=\"og:image:secure_url\" content=\"https:\/\/eldigitaldeasturias.com\/magazine365\/wp-content\/uploads\/2014\/05\/6318555w.jpg\" \/>\n\t\t<meta property=\"og:image:width\" content=\"800\" \/>\n\t\t<meta property=\"og:image:height\" content=\"592\" \/>\n\t\t<meta property=\"article:published_time\" content=\"2014-05-31T01:08:21+00:00\" \/>\n\t\t<meta property=\"article:modified_time\" content=\"2014-05-31T01:09:19+00:00\" \/>\n\t\t<meta name=\"twitter:card\" content=\"summary_large_image\" \/>\n\t\t<meta name=\"twitter:title\" content=\"Jordi Grau, la inusual trayectoria de un director \u00abdescatalogado\u00bb | El Digital de Asturias\" \/>\n\t\t<meta name=\"twitter:description\" content=\"Madrid, 30 may (EFE).- Del cine de autor a los zombies y del coqueteo experimental al destape, la carrera de Jordi Grau (Barcelona, 1930) es una de las m\u00e1s vers\u00e1tiles y arriesgadas del cine espa\u00f1ol, un riesgo por el que ha pagado un precio, seg\u00fan cuenta a Efe con motivo de la publicaci\u00f3n de sus\" \/>\n\t\t<meta name=\"twitter:image\" content=\"https:\/\/eldigitaldeasturias.com\/magazine365\/wp-content\/uploads\/2014\/05\/6318555w.jpg\" \/>\n\t\t<script type=\"application\/ld+json\" class=\"aioseo-schema\">\n\t\t\t{\"@context\":\"https:\\\/\\\/schema.org\",\"@graph\":[{\"@type\":\"Article\",\"@id\":\"https:\\\/\\\/eldigitaldeasturias.com\\\/magazine365\\\/jordi-grau-la-inusual-trayectoria-de-un-director-descatalogado\\\/#article\",\"name\":\"Jordi Grau, la inusual trayectoria de un director \\u00abdescatalogado\\u00bb | El Digital de Asturias\",\"headline\":\"Jordi Grau, la inusual trayectoria de un director \\u00abdescatalogado\\u00bb\",\"author\":{\"@id\":\"https:\\\/\\\/eldigitaldeasturias.com\\\/magazine365\\\/author\\\/admin\\\/#author\"},\"publisher\":{\"@id\":\"https:\\\/\\\/eldigitaldeasturias.com\\\/magazine365\\\/#organization\"},\"image\":{\"@type\":\"ImageObject\",\"url\":\"https:\\\/\\\/eldigitaldeasturias.com\\\/magazine365\\\/wp-content\\\/uploads\\\/2014\\\/05\\\/6318555w.jpg\",\"width\":800,\"height\":592},\"datePublished\":\"2014-05-30T23:08:21+02:00\",\"dateModified\":\"2014-05-30T23:09:19+02:00\",\"inLanguage\":\"es-ES\",\"mainEntityOfPage\":{\"@id\":\"https:\\\/\\\/eldigitaldeasturias.com\\\/magazine365\\\/jordi-grau-la-inusual-trayectoria-de-un-director-descatalogado\\\/#webpage\"},\"isPartOf\":{\"@id\":\"https:\\\/\\\/eldigitaldeasturias.com\\\/magazine365\\\/jordi-grau-la-inusual-trayectoria-de-un-director-descatalogado\\\/#webpage\"},\"articleSection\":\"Noticias y Actualidad\"},{\"@type\":\"BreadcrumbList\",\"@id\":\"https:\\\/\\\/eldigitaldeasturias.com\\\/magazine365\\\/jordi-grau-la-inusual-trayectoria-de-un-director-descatalogado\\\/#breadcrumblist\",\"itemListElement\":[{\"@type\":\"ListItem\",\"@id\":\"https:\\\/\\\/eldigitaldeasturias.com\\\/magazine365#listItem\",\"position\":1,\"name\":\"Home\",\"item\":\"https:\\\/\\\/eldigitaldeasturias.com\\\/magazine365\",\"nextItem\":{\"@type\":\"ListItem\",\"@id\":\"https:\\\/\\\/eldigitaldeasturias.com\\\/magazine365\\\/category\\\/noticias-actualidad\\\/#listItem\",\"name\":\"Noticias y Actualidad\"}},{\"@type\":\"ListItem\",\"@id\":\"https:\\\/\\\/eldigitaldeasturias.com\\\/magazine365\\\/category\\\/noticias-actualidad\\\/#listItem\",\"position\":2,\"name\":\"Noticias y Actualidad\",\"item\":\"https:\\\/\\\/eldigitaldeasturias.com\\\/magazine365\\\/category\\\/noticias-actualidad\\\/\",\"nextItem\":{\"@type\":\"ListItem\",\"@id\":\"https:\\\/\\\/eldigitaldeasturias.com\\\/magazine365\\\/jordi-grau-la-inusual-trayectoria-de-un-director-descatalogado\\\/#listItem\",\"name\":\"Jordi Grau, la inusual trayectoria de un director \\u00abdescatalogado\\u00bb\"},\"previousItem\":{\"@type\":\"ListItem\",\"@id\":\"https:\\\/\\\/eldigitaldeasturias.com\\\/magazine365#listItem\",\"name\":\"Home\"}},{\"@type\":\"ListItem\",\"@id\":\"https:\\\/\\\/eldigitaldeasturias.com\\\/magazine365\\\/jordi-grau-la-inusual-trayectoria-de-un-director-descatalogado\\\/#listItem\",\"position\":3,\"name\":\"Jordi Grau, la inusual trayectoria de un director \\u00abdescatalogado\\u00bb\",\"previousItem\":{\"@type\":\"ListItem\",\"@id\":\"https:\\\/\\\/eldigitaldeasturias.com\\\/magazine365\\\/category\\\/noticias-actualidad\\\/#listItem\",\"name\":\"Noticias y Actualidad\"}}]},{\"@type\":\"Organization\",\"@id\":\"https:\\\/\\\/eldigitaldeasturias.com\\\/magazine365\\\/#organization\",\"name\":\"El digital de Asturias\",\"description\":\"Revista de ocio, turismo y estilo de vida\",\"url\":\"https:\\\/\\\/eldigitaldeasturias.com\\\/magazine365\\\/\",\"logo\":{\"@type\":\"ImageObject\",\"url\":\"https:\\\/\\\/www.eldigitaldeasturias.com\\\/noticias\\\/wp-content\\\/uploads\\\/2020\\\/12\\\/EDA.jpg\",\"@id\":\"https:\\\/\\\/eldigitaldeasturias.com\\\/magazine365\\\/jordi-grau-la-inusual-trayectoria-de-un-director-descatalogado\\\/#organizationLogo\"},\"image\":{\"@id\":\"https:\\\/\\\/eldigitaldeasturias.com\\\/magazine365\\\/jordi-grau-la-inusual-trayectoria-de-un-director-descatalogado\\\/#organizationLogo\"}},{\"@type\":\"Person\",\"@id\":\"https:\\\/\\\/eldigitaldeasturias.com\\\/magazine365\\\/author\\\/admin\\\/#author\",\"url\":\"https:\\\/\\\/eldigitaldeasturias.com\\\/magazine365\\\/author\\\/admin\\\/\",\"name\":\"admin\",\"image\":{\"@type\":\"ImageObject\",\"@id\":\"https:\\\/\\\/eldigitaldeasturias.com\\\/magazine365\\\/jordi-grau-la-inusual-trayectoria-de-un-director-descatalogado\\\/#authorImage\",\"url\":\"https:\\\/\\\/eldigitaldeasturias.com\\\/magazine365\\\/wp-content\\\/litespeed\\\/avatar\\\/e571bcf59a0edd6fa6838245a470f2fe.jpg?ver=1777574230\",\"width\":96,\"height\":96,\"caption\":\"admin\"}},{\"@type\":\"WebPage\",\"@id\":\"https:\\\/\\\/eldigitaldeasturias.com\\\/magazine365\\\/jordi-grau-la-inusual-trayectoria-de-un-director-descatalogado\\\/#webpage\",\"url\":\"https:\\\/\\\/eldigitaldeasturias.com\\\/magazine365\\\/jordi-grau-la-inusual-trayectoria-de-un-director-descatalogado\\\/\",\"name\":\"Jordi Grau, la inusual trayectoria de un director \\u00abdescatalogado\\u00bb | El Digital de Asturias\",\"description\":\"Madrid, 30 may (EFE).- Del cine de autor a los zombies y del coqueteo experimental al destape, la carrera de Jordi Grau (Barcelona, 1930) es una de las m\\u00e1s vers\\u00e1tiles y arriesgadas del cine espa\\u00f1ol, un riesgo por el que ha pagado un precio, seg\\u00fan cuenta a Efe con motivo de la publicaci\\u00f3n de sus\",\"inLanguage\":\"es-ES\",\"isPartOf\":{\"@id\":\"https:\\\/\\\/eldigitaldeasturias.com\\\/magazine365\\\/#website\"},\"breadcrumb\":{\"@id\":\"https:\\\/\\\/eldigitaldeasturias.com\\\/magazine365\\\/jordi-grau-la-inusual-trayectoria-de-un-director-descatalogado\\\/#breadcrumblist\"},\"author\":{\"@id\":\"https:\\\/\\\/eldigitaldeasturias.com\\\/magazine365\\\/author\\\/admin\\\/#author\"},\"creator\":{\"@id\":\"https:\\\/\\\/eldigitaldeasturias.com\\\/magazine365\\\/author\\\/admin\\\/#author\"},\"image\":{\"@type\":\"ImageObject\",\"url\":\"https:\\\/\\\/eldigitaldeasturias.com\\\/magazine365\\\/wp-content\\\/uploads\\\/2014\\\/05\\\/6318555w.jpg\",\"@id\":\"https:\\\/\\\/eldigitaldeasturias.com\\\/magazine365\\\/jordi-grau-la-inusual-trayectoria-de-un-director-descatalogado\\\/#mainImage\",\"width\":800,\"height\":592},\"primaryImageOfPage\":{\"@id\":\"https:\\\/\\\/eldigitaldeasturias.com\\\/magazine365\\\/jordi-grau-la-inusual-trayectoria-de-un-director-descatalogado\\\/#mainImage\"},\"datePublished\":\"2014-05-30T23:08:21+02:00\",\"dateModified\":\"2014-05-30T23:09:19+02:00\"},{\"@type\":\"WebSite\",\"@id\":\"https:\\\/\\\/eldigitaldeasturias.com\\\/magazine365\\\/#website\",\"url\":\"https:\\\/\\\/eldigitaldeasturias.com\\\/magazine365\\\/\",\"name\":\"El Digital de Asturias\",\"description\":\"Revista de ocio, turismo y estilo de vida\",\"inLanguage\":\"es-ES\",\"publisher\":{\"@id\":\"https:\\\/\\\/eldigitaldeasturias.com\\\/magazine365\\\/#organization\"}}]}\n\t\t<\/script>\n\t\t<!-- All in One SEO Pro -->\r\n\t\t<title>Jordi Grau, la inusual trayectoria de un director \u00abdescatalogado\u00bb | El Digital de Asturias<\/title>\n\n","aioseo_head_json":{"title":"Jordi Grau, la inusual trayectoria de un director \u00abdescatalogado\u00bb | El Digital de Asturias","description":"Madrid, 30 may (EFE).- Del cine de autor a los zombies y del coqueteo experimental al destape, la carrera de Jordi Grau (Barcelona, 1930) es una de las m\u00e1s vers\u00e1tiles y arriesgadas del cine espa\u00f1ol, un riesgo por el que ha pagado un precio, seg\u00fan cuenta a Efe con motivo de la publicaci\u00f3n de sus","canonical_url":"https:\/\/eldigitaldeasturias.com\/magazine365\/jordi-grau-la-inusual-trayectoria-de-un-director-descatalogado\/","robots":"max-image-preview:large","keywords":"noticias y actualidad","webmasterTools":{"google-site-verification":"UA-38556648-1","miscellaneous":""},"schema":{"@context":"https:\/\/schema.org","@graph":[{"@type":"Article","@id":"https:\/\/eldigitaldeasturias.com\/magazine365\/jordi-grau-la-inusual-trayectoria-de-un-director-descatalogado\/#article","name":"Jordi Grau, la inusual trayectoria de un director \u00abdescatalogado\u00bb | El Digital de Asturias","headline":"Jordi Grau, la inusual trayectoria de un director \u00abdescatalogado\u00bb","author":{"@id":"https:\/\/eldigitaldeasturias.com\/magazine365\/author\/admin\/#author"},"publisher":{"@id":"https:\/\/eldigitaldeasturias.com\/magazine365\/#organization"},"image":{"@type":"ImageObject","url":"https:\/\/eldigitaldeasturias.com\/magazine365\/wp-content\/uploads\/2014\/05\/6318555w.jpg","width":800,"height":592},"datePublished":"2014-05-30T23:08:21+02:00","dateModified":"2014-05-30T23:09:19+02:00","inLanguage":"es-ES","mainEntityOfPage":{"@id":"https:\/\/eldigitaldeasturias.com\/magazine365\/jordi-grau-la-inusual-trayectoria-de-un-director-descatalogado\/#webpage"},"isPartOf":{"@id":"https:\/\/eldigitaldeasturias.com\/magazine365\/jordi-grau-la-inusual-trayectoria-de-un-director-descatalogado\/#webpage"},"articleSection":"Noticias y Actualidad"},{"@type":"BreadcrumbList","@id":"https:\/\/eldigitaldeasturias.com\/magazine365\/jordi-grau-la-inusual-trayectoria-de-un-director-descatalogado\/#breadcrumblist","itemListElement":[{"@type":"ListItem","@id":"https:\/\/eldigitaldeasturias.com\/magazine365#listItem","position":1,"name":"Home","item":"https:\/\/eldigitaldeasturias.com\/magazine365","nextItem":{"@type":"ListItem","@id":"https:\/\/eldigitaldeasturias.com\/magazine365\/category\/noticias-actualidad\/#listItem","name":"Noticias y Actualidad"}},{"@type":"ListItem","@id":"https:\/\/eldigitaldeasturias.com\/magazine365\/category\/noticias-actualidad\/#listItem","position":2,"name":"Noticias y Actualidad","item":"https:\/\/eldigitaldeasturias.com\/magazine365\/category\/noticias-actualidad\/","nextItem":{"@type":"ListItem","@id":"https:\/\/eldigitaldeasturias.com\/magazine365\/jordi-grau-la-inusual-trayectoria-de-un-director-descatalogado\/#listItem","name":"Jordi Grau, la inusual trayectoria de un director \u00abdescatalogado\u00bb"},"previousItem":{"@type":"ListItem","@id":"https:\/\/eldigitaldeasturias.com\/magazine365#listItem","name":"Home"}},{"@type":"ListItem","@id":"https:\/\/eldigitaldeasturias.com\/magazine365\/jordi-grau-la-inusual-trayectoria-de-un-director-descatalogado\/#listItem","position":3,"name":"Jordi Grau, la inusual trayectoria de un director \u00abdescatalogado\u00bb","previousItem":{"@type":"ListItem","@id":"https:\/\/eldigitaldeasturias.com\/magazine365\/category\/noticias-actualidad\/#listItem","name":"Noticias y Actualidad"}}]},{"@type":"Organization","@id":"https:\/\/eldigitaldeasturias.com\/magazine365\/#organization","name":"El digital de Asturias","description":"Revista de ocio, turismo y estilo de vida","url":"https:\/\/eldigitaldeasturias.com\/magazine365\/","logo":{"@type":"ImageObject","url":"https:\/\/www.eldigitaldeasturias.com\/noticias\/wp-content\/uploads\/2020\/12\/EDA.jpg","@id":"https:\/\/eldigitaldeasturias.com\/magazine365\/jordi-grau-la-inusual-trayectoria-de-un-director-descatalogado\/#organizationLogo"},"image":{"@id":"https:\/\/eldigitaldeasturias.com\/magazine365\/jordi-grau-la-inusual-trayectoria-de-un-director-descatalogado\/#organizationLogo"}},{"@type":"Person","@id":"https:\/\/eldigitaldeasturias.com\/magazine365\/author\/admin\/#author","url":"https:\/\/eldigitaldeasturias.com\/magazine365\/author\/admin\/","name":"admin","image":{"@type":"ImageObject","@id":"https:\/\/eldigitaldeasturias.com\/magazine365\/jordi-grau-la-inusual-trayectoria-de-un-director-descatalogado\/#authorImage","url":"https:\/\/eldigitaldeasturias.com\/magazine365\/wp-content\/litespeed\/avatar\/e571bcf59a0edd6fa6838245a470f2fe.jpg?ver=1777574230","width":96,"height":96,"caption":"admin"}},{"@type":"WebPage","@id":"https:\/\/eldigitaldeasturias.com\/magazine365\/jordi-grau-la-inusual-trayectoria-de-un-director-descatalogado\/#webpage","url":"https:\/\/eldigitaldeasturias.com\/magazine365\/jordi-grau-la-inusual-trayectoria-de-un-director-descatalogado\/","name":"Jordi Grau, la inusual trayectoria de un director \u00abdescatalogado\u00bb | El Digital de Asturias","description":"Madrid, 30 may (EFE).- Del cine de autor a los zombies y del coqueteo experimental al destape, la carrera de Jordi Grau (Barcelona, 1930) es una de las m\u00e1s vers\u00e1tiles y arriesgadas del cine espa\u00f1ol, un riesgo por el que ha pagado un precio, seg\u00fan cuenta a Efe con motivo de la publicaci\u00f3n de sus","inLanguage":"es-ES","isPartOf":{"@id":"https:\/\/eldigitaldeasturias.com\/magazine365\/#website"},"breadcrumb":{"@id":"https:\/\/eldigitaldeasturias.com\/magazine365\/jordi-grau-la-inusual-trayectoria-de-un-director-descatalogado\/#breadcrumblist"},"author":{"@id":"https:\/\/eldigitaldeasturias.com\/magazine365\/author\/admin\/#author"},"creator":{"@id":"https:\/\/eldigitaldeasturias.com\/magazine365\/author\/admin\/#author"},"image":{"@type":"ImageObject","url":"https:\/\/eldigitaldeasturias.com\/magazine365\/wp-content\/uploads\/2014\/05\/6318555w.jpg","@id":"https:\/\/eldigitaldeasturias.com\/magazine365\/jordi-grau-la-inusual-trayectoria-de-un-director-descatalogado\/#mainImage","width":800,"height":592},"primaryImageOfPage":{"@id":"https:\/\/eldigitaldeasturias.com\/magazine365\/jordi-grau-la-inusual-trayectoria-de-un-director-descatalogado\/#mainImage"},"datePublished":"2014-05-30T23:08:21+02:00","dateModified":"2014-05-30T23:09:19+02:00"},{"@type":"WebSite","@id":"https:\/\/eldigitaldeasturias.com\/magazine365\/#website","url":"https:\/\/eldigitaldeasturias.com\/magazine365\/","name":"El Digital de Asturias","description":"Revista de ocio, turismo y estilo de vida","inLanguage":"es-ES","publisher":{"@id":"https:\/\/eldigitaldeasturias.com\/magazine365\/#organization"}}]},"og:locale":"es_ES","og:site_name":"El Digital de Asturias \u2013 Revista de ocio, turismo y estilo de vida","og:type":"article","og:title":"Jordi Grau, la inusual trayectoria de un director \u00abdescatalogado\u00bb | El Digital de Asturias","og:description":"Madrid, 30 may (EFE).- Del cine de autor a los zombies y del coqueteo experimental al destape, la carrera de Jordi Grau (Barcelona, 1930) es una de las m\u00e1s vers\u00e1tiles y arriesgadas del cine espa\u00f1ol, un riesgo por el que ha pagado un precio, seg\u00fan cuenta a Efe con motivo de la publicaci\u00f3n de sus","og:url":"https:\/\/eldigitaldeasturias.com\/magazine365\/jordi-grau-la-inusual-trayectoria-de-un-director-descatalogado\/","og:image":"https:\/\/eldigitaldeasturias.com\/magazine365\/wp-content\/uploads\/2014\/05\/6318555w.jpg","og:image:secure_url":"https:\/\/eldigitaldeasturias.com\/magazine365\/wp-content\/uploads\/2014\/05\/6318555w.jpg","og:image:width":800,"og:image:height":592,"article:published_time":"2014-05-31T01:08:21+00:00","article:modified_time":"2014-05-31T01:09:19+00:00","twitter:card":"summary_large_image","twitter:title":"Jordi Grau, la inusual trayectoria de un director \u00abdescatalogado\u00bb | El Digital de Asturias","twitter:description":"Madrid, 30 may (EFE).- Del cine de autor a los zombies y del coqueteo experimental al destape, la carrera de Jordi Grau (Barcelona, 1930) es una de las m\u00e1s vers\u00e1tiles y arriesgadas del cine espa\u00f1ol, un riesgo por el que ha pagado un precio, seg\u00fan cuenta a Efe con motivo de la publicaci\u00f3n de sus","twitter:image":"https:\/\/eldigitaldeasturias.com\/magazine365\/wp-content\/uploads\/2014\/05\/6318555w.jpg"},"aioseo_meta_data":{"post_id":"14524","title":null,"description":null,"keywords":null,"keyphrases":null,"primary_term":null,"canonical_url":null,"og_title":null,"og_description":null,"og_object_type":"default","og_image_type":"default","og_image_url":null,"og_image_width":null,"og_image_height":null,"og_image_custom_url":null,"og_image_custom_fields":null,"og_video":null,"og_custom_url":null,"og_article_section":null,"og_article_tags":null,"twitter_use_og":false,"twitter_card":"default","twitter_image_type":"default","twitter_image_url":null,"twitter_image_custom_url":null,"twitter_image_custom_fields":null,"twitter_title":null,"twitter_description":null,"schema":{"blockGraphs":[],"customGraphs":[],"default":{"data":{"Article":[],"Course":[],"Dataset":[],"FAQPage":[],"Movie":[],"Person":[],"Product":[],"ProductReview":[],"Car":[],"Recipe":[],"Service":[],"SoftwareApplication":[],"WebPage":[]},"graphName":"","isEnabled":true},"graphs":[],"defaultGraph":"","defaultPostTypeGraph":""},"schema_type":null,"schema_type_options":null,"pillar_content":false,"robots_default":true,"robots_noindex":false,"robots_noarchive":false,"robots_nosnippet":false,"robots_nofollow":false,"robots_noimageindex":false,"robots_noodp":false,"robots_notranslate":false,"robots_max_snippet":null,"robots_max_videopreview":null,"robots_max_imagepreview":"large","priority":null,"frequency":null,"location":null,"local_seo":null,"seo_analyzer_scan_date":"2025-09-17 10:17:15","breadcrumb_settings":null,"limit_modified_date":false,"open_ai":null,"ai":null,"created":"2021-03-08 12:27:32","updated":"2025-09-17 10:17:15"},"aioseo_breadcrumb":"<div class=\"aioseo-breadcrumbs\"><span class=\"aioseo-breadcrumb\">\n\t<a href=\"https:\/\/eldigitaldeasturias.com\/magazine365\" title=\"Home\">Home<\/a>\n<\/span><span class=\"aioseo-breadcrumb-separator\">\u2013<\/span><span class=\"aioseo-breadcrumb\">\n\t<a href=\"https:\/\/eldigitaldeasturias.com\/magazine365\/category\/noticias-actualidad\/\" title=\"Noticias y Actualidad\">Noticias y Actualidad<\/a>\n<\/span><span class=\"aioseo-breadcrumb-separator\">\u2013<\/span><span class=\"aioseo-breadcrumb\">\n\t<a href=\"https:\/\/eldigitaldeasturias.com\/magazine365\/jordi-grau-la-inusual-trayectoria-de-un-director-descatalogado\/\" title=\"Jordi Grau, la inusual trayectoria de un director \u00abdescatalogado\u00bb\">Jordi Grau, la inusual trayectoria de un director \u00abdescatalogado\u00bb<\/a>\n<\/span><\/div>","aioseo_breadcrumb_json":[{"label":"Home","link":"https:\/\/eldigitaldeasturias.com\/magazine365"},{"label":"Noticias y Actualidad","link":"https:\/\/eldigitaldeasturias.com\/magazine365\/category\/noticias-actualidad\/"},{"label":"Jordi Grau, la inusual trayectoria de un director \u00abdescatalogado\u00bb","link":"https:\/\/eldigitaldeasturias.com\/magazine365\/jordi-grau-la-inusual-trayectoria-de-un-director-descatalogado\/"}],"_links":{"self":[{"href":"https:\/\/eldigitaldeasturias.com\/magazine365\/wp-json\/wp\/v2\/posts\/14524","targetHints":{"allow":["GET"]}}],"collection":[{"href":"https:\/\/eldigitaldeasturias.com\/magazine365\/wp-json\/wp\/v2\/posts"}],"about":[{"href":"https:\/\/eldigitaldeasturias.com\/magazine365\/wp-json\/wp\/v2\/types\/post"}],"author":[{"embeddable":true,"href":"https:\/\/eldigitaldeasturias.com\/magazine365\/wp-json\/wp\/v2\/users\/1"}],"replies":[{"embeddable":true,"href":"https:\/\/eldigitaldeasturias.com\/magazine365\/wp-json\/wp\/v2\/comments?post=14524"}],"version-history":[{"count":0,"href":"https:\/\/eldigitaldeasturias.com\/magazine365\/wp-json\/wp\/v2\/posts\/14524\/revisions"}],"wp:featuredmedia":[{"embeddable":true,"href":"https:\/\/eldigitaldeasturias.com\/magazine365\/wp-json\/wp\/v2\/media\/14525"}],"wp:attachment":[{"href":"https:\/\/eldigitaldeasturias.com\/magazine365\/wp-json\/wp\/v2\/media?parent=14524"}],"wp:term":[{"taxonomy":"category","embeddable":true,"href":"https:\/\/eldigitaldeasturias.com\/magazine365\/wp-json\/wp\/v2\/categories?post=14524"},{"taxonomy":"post_tag","embeddable":true,"href":"https:\/\/eldigitaldeasturias.com\/magazine365\/wp-json\/wp\/v2\/tags?post=14524"}],"curies":[{"name":"wp","href":"https:\/\/api.w.org\/{rel}","templated":true}]}}