{"id":14509,"date":"2014-05-30T23:01:13","date_gmt":"2014-05-31T01:01:13","guid":{"rendered":"http:\/\/eldigitaldeasturias.com\/magazine365\/?p=14509"},"modified":"2014-05-30T23:01:13","modified_gmt":"2014-05-31T01:01:13","slug":"los-astronomos-de-calar-alto-rechazan-la-destitucion-del-jefe-de-astronomia","status":"publish","type":"post","link":"https:\/\/eldigitaldeasturias.com\/magazine365\/los-astronomos-de-calar-alto-rechazan-la-destitucion-del-jefe-de-astronomia\/","title":{"rendered":"Los astr\u00f3nomos de Calar Alto rechazan la destituci\u00f3n del jefe de Astronom\u00eda"},"content":{"rendered":"<p><img fetchpriority=\"high\" decoding=\"async\" class=\"alignleft size-medium wp-image-14510\" alt=\"6318463w\" src=\"https:\/\/eldigitaldeasturias.com\/magazine365\/wp-content\/uploads\/2014\/05\/6318463w-256x300.jpg\" width=\"256\" height=\"300\" \/>Almer\u00eda, 30 may (EFE).- Los astr\u00f3nomos t\u00e9cnicos del Centro Astron\u00f3mico Hispano Alem\u00e1n (CAHA) Observatorio de Calar Alto de G\u00e9rgal, en Almer\u00eda, han mostrado hoy su \u00abcontundente rechazo\u00bb a la destituci\u00f3n del jefe del departamento de Astronom\u00eda, David Galad\u00ed.<\/p>\n<p>En un comunicado, este colectivo ha dicho que Galad\u00ed deber\u00eda continuar como jefe de astronom\u00eda y han se\u00f1alado la \u00abfalta de motivos dados por los dos vicepresidentes de las instituciones que constituyen el consorcio CAHA\u00bb.<\/p>\n<p>En opini\u00f3n de los trabajadores del Calar Alto, Galad\u00ed \u00abdeber\u00eda seguir con sus funciones, tanto de jefe de grupo como de responsable de divulgaci\u00f3n y comunicaci\u00f3n\u00bb porque \u00absu labor ha sido excelente. Ha sabido coordinar un grupo cuyas caracter\u00edsticas intr\u00ednsecas son complicadas\u00bb.<\/p>\n<p>Asimismo, la plantilla del Observatorio ha apuntado que Galad\u00ed tambi\u00e9n ha destacado en la \u00abcoordinaci\u00f3n arm\u00f3nica de las labores entre distintos equipos, manejando con buen criterio situaciones no siempre sencillas\u00bb .<\/p>\n<p>Por otro lado, los astr\u00f3nomos t\u00e9cnicos han se\u00f1alado que \u00abes uno de los mejores divulgadores de Espa\u00f1a\u00bb con una amplia bibliograf\u00eda, textos cient\u00edficos traducidos, art\u00edculos en revistas nacionales e internacionales, organizaci\u00f3n de congresos y jornadas, adem\u00e1s de ser el Director de la Estrategia Andaluza para la Divulgaci\u00f3n de la Astronom\u00eda de la Fundaci\u00f3n Descubre.<\/p>\n<p>\u00abGalad\u00ed ha conseguido que el Observatorio siga funcionando al cien por cien sin ning\u00fan perjuicio en la productividad y funcionalidad de los telescopios. En este aspecto, no se debe olvidar que desde febrero del 2014 el Observatorio ha funcionado correctamente cumpliendo los objetivos para los que fue creado, a pesar de la baja de su director\u00bb, han concluido.<\/p>\n<p>David Galad\u00ed, ha sido destituido de sus funciones seg\u00fan consta en una carta firmada por el vicepresidente del CSIC, Antonio Figueras Huerta, por el que se le cesa adem\u00e1s como responsable institucional del Observatorio en temas de divulgaci\u00f3n, relaciones con medios de comunicaci\u00f3n y otras instituciones, que a partir de este momento ejercer\u00e1 el vicedirector del centro, Jes\u00fas Aceituno Castro.<\/p>\n<p>El escrito, remitido por burofax al interesado, recoge el acuerdo de los vicepresidentes del CSIC y el Instituto Max-Planck tras la reuni\u00f3n celebrada el pasado 8 de mayo y tendr\u00e1 efectos desde el primero de junio del presente a\u00f1o.<\/p>\n<p>Ambas medidas se encuentran \u00abdentro del marco de reformas en la estructura y funcionamiento de CAHA AIE que garanticen su viabilidad a largo plazo\u00bb seg\u00fan aparece recogido en la carta, en la que se informa que el pr\u00f3ximo jefe del grupo de astr\u00f3nomos ser\u00e1 el Dr. Santos Pedraz.<\/p>\n<p>Galad\u00ed seguir\u00e1 vinculado al Observatorio como astr\u00f3nomo de soporte, dedicado a labores internas y de car\u00e1cter cient\u00edfico y t\u00e9cnico.<\/p>\n<p>El Observatorio ha sufrido un recorte presupuestario del 60 por ciento, hasta un total de 1,6 millones de euros al a\u00f1o, que ha motivado las protestas de los trabajadores.<\/p>\n","protected":false},"excerpt":{"rendered":"<p>Almer\u00eda, 30 may (EFE).- Los astr\u00f3nomos t\u00e9cnicos del Centro Astron\u00f3mico Hispano Alem\u00e1n (CAHA) Observatorio de Calar Alto de G\u00e9rgal, en Almer\u00eda, han mostrado hoy su \u00abcontundente rechazo\u00bb a la destituci\u00f3n del jefe del departamento de Astronom\u00eda, David Galad\u00ed. En un comunicado, este colectivo ha dicho que Galad\u00ed deber\u00eda continuar como jefe de astronom\u00eda y han<\/p>\n","protected":false},"author":1,"featured_media":14510,"comment_status":"open","ping_status":"closed","sticky":false,"template":"","format":"standard","meta":{"footnotes":""},"categories":[224],"tags":[],"class_list":{"0":"post-14509","1":"post","2":"type-post","3":"status-publish","4":"format-standard","5":"has-post-thumbnail","7":"category-noticias-actualidad"},"aioseo_notices":[],"aioseo_head":"\n\t\t<!-- All in One SEO Pro 4.9.6.1 - aioseo.com -->\n\t<meta name=\"description\" content=\"Almer\u00eda, 30 may (EFE).- Los astr\u00f3nomos t\u00e9cnicos del Centro Astron\u00f3mico Hispano Alem\u00e1n (CAHA) Observatorio de Calar Alto de G\u00e9rgal, en Almer\u00eda, han mostrado hoy su &quot;contundente rechazo&quot; a la destituci\u00f3n del jefe del departamento de Astronom\u00eda, David Galad\u00ed. En un comunicado, este colectivo ha dicho que Galad\u00ed deber\u00eda continuar como jefe de astronom\u00eda y han\" \/>\n\t<meta name=\"robots\" content=\"max-image-preview:large\" \/>\n\t<meta name=\"author\" content=\"admin\"\/>\n\t<meta name=\"google-site-verification\" content=\"UA-38556648-1\" \/>\n\t<meta name=\"keywords\" content=\"noticias y actualidad\" \/>\n\t<link rel=\"canonical\" href=\"https:\/\/eldigitaldeasturias.com\/magazine365\/los-astronomos-de-calar-alto-rechazan-la-destitucion-del-jefe-de-astronomia\/\" \/>\n\t<meta name=\"generator\" content=\"All in One SEO Pro (AIOSEO) 4.9.6.1\" \/>\n\t\t<meta property=\"og:locale\" content=\"es_ES\" \/>\n\t\t<meta property=\"og:site_name\" content=\"El Digital de Asturias \u2013 Revista de ocio, turismo y estilo de vida\" \/>\n\t\t<meta property=\"og:type\" content=\"article\" \/>\n\t\t<meta property=\"og:title\" content=\"Los astr\u00f3nomos de Calar Alto rechazan la destituci\u00f3n del jefe de Astronom\u00eda | El Digital de Asturias\" \/>\n\t\t<meta property=\"og:description\" content=\"Almer\u00eda, 30 may (EFE).- Los astr\u00f3nomos t\u00e9cnicos del Centro Astron\u00f3mico Hispano Alem\u00e1n (CAHA) Observatorio de Calar Alto de G\u00e9rgal, en Almer\u00eda, han mostrado hoy su &quot;contundente rechazo&quot; a la destituci\u00f3n del jefe del departamento de Astronom\u00eda, David Galad\u00ed. En un comunicado, este colectivo ha dicho que Galad\u00ed deber\u00eda continuar como jefe de astronom\u00eda y han\" \/>\n\t\t<meta property=\"og:url\" content=\"https:\/\/eldigitaldeasturias.com\/magazine365\/los-astronomos-de-calar-alto-rechazan-la-destitucion-del-jefe-de-astronomia\/\" \/>\n\t\t<meta property=\"og:image\" content=\"https:\/\/eldigitaldeasturias.com\/magazine365\/wp-content\/uploads\/2014\/05\/6318463w.jpg\" \/>\n\t\t<meta property=\"og:image:secure_url\" content=\"https:\/\/eldigitaldeasturias.com\/magazine365\/wp-content\/uploads\/2014\/05\/6318463w.jpg\" \/>\n\t\t<meta property=\"og:image:width\" content=\"700\" \/>\n\t\t<meta property=\"og:image:height\" content=\"818\" \/>\n\t\t<meta property=\"article:published_time\" content=\"2014-05-31T01:01:13+00:00\" \/>\n\t\t<meta property=\"article:modified_time\" content=\"2014-05-31T01:01:13+00:00\" \/>\n\t\t<meta name=\"twitter:card\" content=\"summary_large_image\" \/>\n\t\t<meta name=\"twitter:title\" content=\"Los astr\u00f3nomos de Calar Alto rechazan la destituci\u00f3n del jefe de Astronom\u00eda | El Digital de Asturias\" \/>\n\t\t<meta name=\"twitter:description\" content=\"Almer\u00eda, 30 may (EFE).- Los astr\u00f3nomos t\u00e9cnicos del Centro Astron\u00f3mico Hispano Alem\u00e1n (CAHA) Observatorio de Calar Alto de G\u00e9rgal, en Almer\u00eda, han mostrado hoy su &quot;contundente rechazo&quot; a la destituci\u00f3n del jefe del departamento de Astronom\u00eda, David Galad\u00ed. En un comunicado, este colectivo ha dicho que Galad\u00ed deber\u00eda continuar como jefe de astronom\u00eda y han\" \/>\n\t\t<meta name=\"twitter:image\" content=\"https:\/\/eldigitaldeasturias.com\/magazine365\/wp-content\/uploads\/2014\/05\/6318463w.jpg\" \/>\n\t\t<script type=\"application\/ld+json\" class=\"aioseo-schema\">\n\t\t\t{\"@context\":\"https:\\\/\\\/schema.org\",\"@graph\":[{\"@type\":\"Article\",\"@id\":\"https:\\\/\\\/eldigitaldeasturias.com\\\/magazine365\\\/los-astronomos-de-calar-alto-rechazan-la-destitucion-del-jefe-de-astronomia\\\/#article\",\"name\":\"Los astr\\u00f3nomos de Calar Alto rechazan la destituci\\u00f3n del jefe de Astronom\\u00eda | El Digital de Asturias\",\"headline\":\"Los astr\\u00f3nomos de Calar Alto rechazan la destituci\\u00f3n del jefe de Astronom\\u00eda\",\"author\":{\"@id\":\"https:\\\/\\\/eldigitaldeasturias.com\\\/magazine365\\\/author\\\/admin\\\/#author\"},\"publisher\":{\"@id\":\"https:\\\/\\\/eldigitaldeasturias.com\\\/magazine365\\\/#organization\"},\"image\":{\"@type\":\"ImageObject\",\"url\":\"https:\\\/\\\/eldigitaldeasturias.com\\\/magazine365\\\/wp-content\\\/uploads\\\/2014\\\/05\\\/6318463w.jpg\",\"width\":700,\"height\":818},\"datePublished\":\"2014-05-30T23:01:13+02:00\",\"dateModified\":\"2014-05-30T23:01:13+02:00\",\"inLanguage\":\"es-ES\",\"mainEntityOfPage\":{\"@id\":\"https:\\\/\\\/eldigitaldeasturias.com\\\/magazine365\\\/los-astronomos-de-calar-alto-rechazan-la-destitucion-del-jefe-de-astronomia\\\/#webpage\"},\"isPartOf\":{\"@id\":\"https:\\\/\\\/eldigitaldeasturias.com\\\/magazine365\\\/los-astronomos-de-calar-alto-rechazan-la-destitucion-del-jefe-de-astronomia\\\/#webpage\"},\"articleSection\":\"Noticias y Actualidad\"},{\"@type\":\"BreadcrumbList\",\"@id\":\"https:\\\/\\\/eldigitaldeasturias.com\\\/magazine365\\\/los-astronomos-de-calar-alto-rechazan-la-destitucion-del-jefe-de-astronomia\\\/#breadcrumblist\",\"itemListElement\":[{\"@type\":\"ListItem\",\"@id\":\"https:\\\/\\\/eldigitaldeasturias.com\\\/magazine365#listItem\",\"position\":1,\"name\":\"Home\",\"item\":\"https:\\\/\\\/eldigitaldeasturias.com\\\/magazine365\",\"nextItem\":{\"@type\":\"ListItem\",\"@id\":\"https:\\\/\\\/eldigitaldeasturias.com\\\/magazine365\\\/category\\\/noticias-actualidad\\\/#listItem\",\"name\":\"Noticias y Actualidad\"}},{\"@type\":\"ListItem\",\"@id\":\"https:\\\/\\\/eldigitaldeasturias.com\\\/magazine365\\\/category\\\/noticias-actualidad\\\/#listItem\",\"position\":2,\"name\":\"Noticias y Actualidad\",\"item\":\"https:\\\/\\\/eldigitaldeasturias.com\\\/magazine365\\\/category\\\/noticias-actualidad\\\/\",\"nextItem\":{\"@type\":\"ListItem\",\"@id\":\"https:\\\/\\\/eldigitaldeasturias.com\\\/magazine365\\\/los-astronomos-de-calar-alto-rechazan-la-destitucion-del-jefe-de-astronomia\\\/#listItem\",\"name\":\"Los astr\\u00f3nomos de Calar Alto rechazan la destituci\\u00f3n del jefe de Astronom\\u00eda\"},\"previousItem\":{\"@type\":\"ListItem\",\"@id\":\"https:\\\/\\\/eldigitaldeasturias.com\\\/magazine365#listItem\",\"name\":\"Home\"}},{\"@type\":\"ListItem\",\"@id\":\"https:\\\/\\\/eldigitaldeasturias.com\\\/magazine365\\\/los-astronomos-de-calar-alto-rechazan-la-destitucion-del-jefe-de-astronomia\\\/#listItem\",\"position\":3,\"name\":\"Los astr\\u00f3nomos de Calar Alto rechazan la destituci\\u00f3n del jefe de Astronom\\u00eda\",\"previousItem\":{\"@type\":\"ListItem\",\"@id\":\"https:\\\/\\\/eldigitaldeasturias.com\\\/magazine365\\\/category\\\/noticias-actualidad\\\/#listItem\",\"name\":\"Noticias y Actualidad\"}}]},{\"@type\":\"Organization\",\"@id\":\"https:\\\/\\\/eldigitaldeasturias.com\\\/magazine365\\\/#organization\",\"name\":\"El digital de Asturias\",\"description\":\"Revista de ocio, turismo y estilo de vida\",\"url\":\"https:\\\/\\\/eldigitaldeasturias.com\\\/magazine365\\\/\",\"logo\":{\"@type\":\"ImageObject\",\"url\":\"https:\\\/\\\/www.eldigitaldeasturias.com\\\/noticias\\\/wp-content\\\/uploads\\\/2020\\\/12\\\/EDA.jpg\",\"@id\":\"https:\\\/\\\/eldigitaldeasturias.com\\\/magazine365\\\/los-astronomos-de-calar-alto-rechazan-la-destitucion-del-jefe-de-astronomia\\\/#organizationLogo\"},\"image\":{\"@id\":\"https:\\\/\\\/eldigitaldeasturias.com\\\/magazine365\\\/los-astronomos-de-calar-alto-rechazan-la-destitucion-del-jefe-de-astronomia\\\/#organizationLogo\"}},{\"@type\":\"Person\",\"@id\":\"https:\\\/\\\/eldigitaldeasturias.com\\\/magazine365\\\/author\\\/admin\\\/#author\",\"url\":\"https:\\\/\\\/eldigitaldeasturias.com\\\/magazine365\\\/author\\\/admin\\\/\",\"name\":\"admin\",\"image\":{\"@type\":\"ImageObject\",\"@id\":\"https:\\\/\\\/eldigitaldeasturias.com\\\/magazine365\\\/los-astronomos-de-calar-alto-rechazan-la-destitucion-del-jefe-de-astronomia\\\/#authorImage\",\"url\":\"https:\\\/\\\/eldigitaldeasturias.com\\\/magazine365\\\/wp-content\\\/litespeed\\\/avatar\\\/e571bcf59a0edd6fa6838245a470f2fe.jpg?ver=1777574230\",\"width\":96,\"height\":96,\"caption\":\"admin\"}},{\"@type\":\"WebPage\",\"@id\":\"https:\\\/\\\/eldigitaldeasturias.com\\\/magazine365\\\/los-astronomos-de-calar-alto-rechazan-la-destitucion-del-jefe-de-astronomia\\\/#webpage\",\"url\":\"https:\\\/\\\/eldigitaldeasturias.com\\\/magazine365\\\/los-astronomos-de-calar-alto-rechazan-la-destitucion-del-jefe-de-astronomia\\\/\",\"name\":\"Los astr\\u00f3nomos de Calar Alto rechazan la destituci\\u00f3n del jefe de Astronom\\u00eda | El Digital de Asturias\",\"description\":\"Almer\\u00eda, 30 may (EFE).- Los astr\\u00f3nomos t\\u00e9cnicos del Centro Astron\\u00f3mico Hispano Alem\\u00e1n (CAHA) Observatorio de Calar Alto de G\\u00e9rgal, en Almer\\u00eda, han mostrado hoy su \\\"contundente rechazo\\\" a la destituci\\u00f3n del jefe del departamento de Astronom\\u00eda, David Galad\\u00ed. En un comunicado, este colectivo ha dicho que Galad\\u00ed deber\\u00eda continuar como jefe de astronom\\u00eda y han\",\"inLanguage\":\"es-ES\",\"isPartOf\":{\"@id\":\"https:\\\/\\\/eldigitaldeasturias.com\\\/magazine365\\\/#website\"},\"breadcrumb\":{\"@id\":\"https:\\\/\\\/eldigitaldeasturias.com\\\/magazine365\\\/los-astronomos-de-calar-alto-rechazan-la-destitucion-del-jefe-de-astronomia\\\/#breadcrumblist\"},\"author\":{\"@id\":\"https:\\\/\\\/eldigitaldeasturias.com\\\/magazine365\\\/author\\\/admin\\\/#author\"},\"creator\":{\"@id\":\"https:\\\/\\\/eldigitaldeasturias.com\\\/magazine365\\\/author\\\/admin\\\/#author\"},\"image\":{\"@type\":\"ImageObject\",\"url\":\"https:\\\/\\\/eldigitaldeasturias.com\\\/magazine365\\\/wp-content\\\/uploads\\\/2014\\\/05\\\/6318463w.jpg\",\"@id\":\"https:\\\/\\\/eldigitaldeasturias.com\\\/magazine365\\\/los-astronomos-de-calar-alto-rechazan-la-destitucion-del-jefe-de-astronomia\\\/#mainImage\",\"width\":700,\"height\":818},\"primaryImageOfPage\":{\"@id\":\"https:\\\/\\\/eldigitaldeasturias.com\\\/magazine365\\\/los-astronomos-de-calar-alto-rechazan-la-destitucion-del-jefe-de-astronomia\\\/#mainImage\"},\"datePublished\":\"2014-05-30T23:01:13+02:00\",\"dateModified\":\"2014-05-30T23:01:13+02:00\"},{\"@type\":\"WebSite\",\"@id\":\"https:\\\/\\\/eldigitaldeasturias.com\\\/magazine365\\\/#website\",\"url\":\"https:\\\/\\\/eldigitaldeasturias.com\\\/magazine365\\\/\",\"name\":\"El Digital de Asturias\",\"description\":\"Revista de ocio, turismo y estilo de vida\",\"inLanguage\":\"es-ES\",\"publisher\":{\"@id\":\"https:\\\/\\\/eldigitaldeasturias.com\\\/magazine365\\\/#organization\"}}]}\n\t\t<\/script>\n\t\t<!-- All in One SEO Pro -->\r\n\t\t<title>Los astr\u00f3nomos de Calar Alto rechazan la destituci\u00f3n del jefe de Astronom\u00eda | El Digital de Asturias<\/title>\n\n","aioseo_head_json":{"title":"Los astr\u00f3nomos de Calar Alto rechazan la destituci\u00f3n del jefe de Astronom\u00eda | El Digital de Asturias","description":"Almer\u00eda, 30 may (EFE).- Los astr\u00f3nomos t\u00e9cnicos del Centro Astron\u00f3mico Hispano Alem\u00e1n (CAHA) Observatorio de Calar Alto de G\u00e9rgal, en Almer\u00eda, han mostrado hoy su \"contundente rechazo\" a la destituci\u00f3n del jefe del departamento de Astronom\u00eda, David Galad\u00ed. En un comunicado, este colectivo ha dicho que Galad\u00ed deber\u00eda continuar como jefe de astronom\u00eda y han","canonical_url":"https:\/\/eldigitaldeasturias.com\/magazine365\/los-astronomos-de-calar-alto-rechazan-la-destitucion-del-jefe-de-astronomia\/","robots":"max-image-preview:large","keywords":"noticias y actualidad","webmasterTools":{"google-site-verification":"UA-38556648-1","miscellaneous":""},"schema":{"@context":"https:\/\/schema.org","@graph":[{"@type":"Article","@id":"https:\/\/eldigitaldeasturias.com\/magazine365\/los-astronomos-de-calar-alto-rechazan-la-destitucion-del-jefe-de-astronomia\/#article","name":"Los astr\u00f3nomos de Calar Alto rechazan la destituci\u00f3n del jefe de Astronom\u00eda | El Digital de Asturias","headline":"Los astr\u00f3nomos de Calar Alto rechazan la destituci\u00f3n del jefe de Astronom\u00eda","author":{"@id":"https:\/\/eldigitaldeasturias.com\/magazine365\/author\/admin\/#author"},"publisher":{"@id":"https:\/\/eldigitaldeasturias.com\/magazine365\/#organization"},"image":{"@type":"ImageObject","url":"https:\/\/eldigitaldeasturias.com\/magazine365\/wp-content\/uploads\/2014\/05\/6318463w.jpg","width":700,"height":818},"datePublished":"2014-05-30T23:01:13+02:00","dateModified":"2014-05-30T23:01:13+02:00","inLanguage":"es-ES","mainEntityOfPage":{"@id":"https:\/\/eldigitaldeasturias.com\/magazine365\/los-astronomos-de-calar-alto-rechazan-la-destitucion-del-jefe-de-astronomia\/#webpage"},"isPartOf":{"@id":"https:\/\/eldigitaldeasturias.com\/magazine365\/los-astronomos-de-calar-alto-rechazan-la-destitucion-del-jefe-de-astronomia\/#webpage"},"articleSection":"Noticias y Actualidad"},{"@type":"BreadcrumbList","@id":"https:\/\/eldigitaldeasturias.com\/magazine365\/los-astronomos-de-calar-alto-rechazan-la-destitucion-del-jefe-de-astronomia\/#breadcrumblist","itemListElement":[{"@type":"ListItem","@id":"https:\/\/eldigitaldeasturias.com\/magazine365#listItem","position":1,"name":"Home","item":"https:\/\/eldigitaldeasturias.com\/magazine365","nextItem":{"@type":"ListItem","@id":"https:\/\/eldigitaldeasturias.com\/magazine365\/category\/noticias-actualidad\/#listItem","name":"Noticias y Actualidad"}},{"@type":"ListItem","@id":"https:\/\/eldigitaldeasturias.com\/magazine365\/category\/noticias-actualidad\/#listItem","position":2,"name":"Noticias y Actualidad","item":"https:\/\/eldigitaldeasturias.com\/magazine365\/category\/noticias-actualidad\/","nextItem":{"@type":"ListItem","@id":"https:\/\/eldigitaldeasturias.com\/magazine365\/los-astronomos-de-calar-alto-rechazan-la-destitucion-del-jefe-de-astronomia\/#listItem","name":"Los astr\u00f3nomos de Calar Alto rechazan la destituci\u00f3n del jefe de Astronom\u00eda"},"previousItem":{"@type":"ListItem","@id":"https:\/\/eldigitaldeasturias.com\/magazine365#listItem","name":"Home"}},{"@type":"ListItem","@id":"https:\/\/eldigitaldeasturias.com\/magazine365\/los-astronomos-de-calar-alto-rechazan-la-destitucion-del-jefe-de-astronomia\/#listItem","position":3,"name":"Los astr\u00f3nomos de Calar Alto rechazan la destituci\u00f3n del jefe de Astronom\u00eda","previousItem":{"@type":"ListItem","@id":"https:\/\/eldigitaldeasturias.com\/magazine365\/category\/noticias-actualidad\/#listItem","name":"Noticias y Actualidad"}}]},{"@type":"Organization","@id":"https:\/\/eldigitaldeasturias.com\/magazine365\/#organization","name":"El digital de Asturias","description":"Revista de ocio, turismo y estilo de vida","url":"https:\/\/eldigitaldeasturias.com\/magazine365\/","logo":{"@type":"ImageObject","url":"https:\/\/www.eldigitaldeasturias.com\/noticias\/wp-content\/uploads\/2020\/12\/EDA.jpg","@id":"https:\/\/eldigitaldeasturias.com\/magazine365\/los-astronomos-de-calar-alto-rechazan-la-destitucion-del-jefe-de-astronomia\/#organizationLogo"},"image":{"@id":"https:\/\/eldigitaldeasturias.com\/magazine365\/los-astronomos-de-calar-alto-rechazan-la-destitucion-del-jefe-de-astronomia\/#organizationLogo"}},{"@type":"Person","@id":"https:\/\/eldigitaldeasturias.com\/magazine365\/author\/admin\/#author","url":"https:\/\/eldigitaldeasturias.com\/magazine365\/author\/admin\/","name":"admin","image":{"@type":"ImageObject","@id":"https:\/\/eldigitaldeasturias.com\/magazine365\/los-astronomos-de-calar-alto-rechazan-la-destitucion-del-jefe-de-astronomia\/#authorImage","url":"https:\/\/eldigitaldeasturias.com\/magazine365\/wp-content\/litespeed\/avatar\/e571bcf59a0edd6fa6838245a470f2fe.jpg?ver=1777574230","width":96,"height":96,"caption":"admin"}},{"@type":"WebPage","@id":"https:\/\/eldigitaldeasturias.com\/magazine365\/los-astronomos-de-calar-alto-rechazan-la-destitucion-del-jefe-de-astronomia\/#webpage","url":"https:\/\/eldigitaldeasturias.com\/magazine365\/los-astronomos-de-calar-alto-rechazan-la-destitucion-del-jefe-de-astronomia\/","name":"Los astr\u00f3nomos de Calar Alto rechazan la destituci\u00f3n del jefe de Astronom\u00eda | El Digital de Asturias","description":"Almer\u00eda, 30 may (EFE).- Los astr\u00f3nomos t\u00e9cnicos del Centro Astron\u00f3mico Hispano Alem\u00e1n (CAHA) Observatorio de Calar Alto de G\u00e9rgal, en Almer\u00eda, han mostrado hoy su \"contundente rechazo\" a la destituci\u00f3n del jefe del departamento de Astronom\u00eda, David Galad\u00ed. En un comunicado, este colectivo ha dicho que Galad\u00ed deber\u00eda continuar como jefe de astronom\u00eda y han","inLanguage":"es-ES","isPartOf":{"@id":"https:\/\/eldigitaldeasturias.com\/magazine365\/#website"},"breadcrumb":{"@id":"https:\/\/eldigitaldeasturias.com\/magazine365\/los-astronomos-de-calar-alto-rechazan-la-destitucion-del-jefe-de-astronomia\/#breadcrumblist"},"author":{"@id":"https:\/\/eldigitaldeasturias.com\/magazine365\/author\/admin\/#author"},"creator":{"@id":"https:\/\/eldigitaldeasturias.com\/magazine365\/author\/admin\/#author"},"image":{"@type":"ImageObject","url":"https:\/\/eldigitaldeasturias.com\/magazine365\/wp-content\/uploads\/2014\/05\/6318463w.jpg","@id":"https:\/\/eldigitaldeasturias.com\/magazine365\/los-astronomos-de-calar-alto-rechazan-la-destitucion-del-jefe-de-astronomia\/#mainImage","width":700,"height":818},"primaryImageOfPage":{"@id":"https:\/\/eldigitaldeasturias.com\/magazine365\/los-astronomos-de-calar-alto-rechazan-la-destitucion-del-jefe-de-astronomia\/#mainImage"},"datePublished":"2014-05-30T23:01:13+02:00","dateModified":"2014-05-30T23:01:13+02:00"},{"@type":"WebSite","@id":"https:\/\/eldigitaldeasturias.com\/magazine365\/#website","url":"https:\/\/eldigitaldeasturias.com\/magazine365\/","name":"El Digital de Asturias","description":"Revista de ocio, turismo y estilo de vida","inLanguage":"es-ES","publisher":{"@id":"https:\/\/eldigitaldeasturias.com\/magazine365\/#organization"}}]},"og:locale":"es_ES","og:site_name":"El Digital de Asturias \u2013 Revista de ocio, turismo y estilo de vida","og:type":"article","og:title":"Los astr\u00f3nomos de Calar Alto rechazan la destituci\u00f3n del jefe de Astronom\u00eda | El Digital de Asturias","og:description":"Almer\u00eda, 30 may (EFE).- Los astr\u00f3nomos t\u00e9cnicos del Centro Astron\u00f3mico Hispano Alem\u00e1n (CAHA) Observatorio de Calar Alto de G\u00e9rgal, en Almer\u00eda, han mostrado hoy su &quot;contundente rechazo&quot; a la destituci\u00f3n del jefe del departamento de Astronom\u00eda, David Galad\u00ed. En un comunicado, este colectivo ha dicho que Galad\u00ed deber\u00eda continuar como jefe de astronom\u00eda y han","og:url":"https:\/\/eldigitaldeasturias.com\/magazine365\/los-astronomos-de-calar-alto-rechazan-la-destitucion-del-jefe-de-astronomia\/","og:image":"https:\/\/eldigitaldeasturias.com\/magazine365\/wp-content\/uploads\/2014\/05\/6318463w.jpg","og:image:secure_url":"https:\/\/eldigitaldeasturias.com\/magazine365\/wp-content\/uploads\/2014\/05\/6318463w.jpg","og:image:width":700,"og:image:height":818,"article:published_time":"2014-05-31T01:01:13+00:00","article:modified_time":"2014-05-31T01:01:13+00:00","twitter:card":"summary_large_image","twitter:title":"Los astr\u00f3nomos de Calar Alto rechazan la destituci\u00f3n del jefe de Astronom\u00eda | El Digital de Asturias","twitter:description":"Almer\u00eda, 30 may (EFE).- Los astr\u00f3nomos t\u00e9cnicos del Centro Astron\u00f3mico Hispano Alem\u00e1n (CAHA) Observatorio de Calar Alto de G\u00e9rgal, en Almer\u00eda, han mostrado hoy su &quot;contundente rechazo&quot; a la destituci\u00f3n del jefe del departamento de Astronom\u00eda, David Galad\u00ed. En un comunicado, este colectivo ha dicho que Galad\u00ed deber\u00eda continuar como jefe de astronom\u00eda y han","twitter:image":"https:\/\/eldigitaldeasturias.com\/magazine365\/wp-content\/uploads\/2014\/05\/6318463w.jpg"},"aioseo_meta_data":{"post_id":"14509","title":null,"description":null,"keywords":null,"keyphrases":null,"primary_term":null,"canonical_url":null,"og_title":null,"og_description":null,"og_object_type":"default","og_image_type":"default","og_image_url":null,"og_image_width":null,"og_image_height":null,"og_image_custom_url":null,"og_image_custom_fields":null,"og_video":null,"og_custom_url":null,"og_article_section":null,"og_article_tags":null,"twitter_use_og":false,"twitter_card":"default","twitter_image_type":"default","twitter_image_url":null,"twitter_image_custom_url":null,"twitter_image_custom_fields":null,"twitter_title":null,"twitter_description":null,"schema":{"blockGraphs":[],"customGraphs":[],"default":{"data":{"Article":[],"Course":[],"Dataset":[],"FAQPage":[],"Movie":[],"Person":[],"Product":[],"ProductReview":[],"Car":[],"Recipe":[],"Service":[],"SoftwareApplication":[],"WebPage":[]},"graphName":"","isEnabled":true},"graphs":[],"defaultGraph":"","defaultPostTypeGraph":""},"schema_type":null,"schema_type_options":null,"pillar_content":false,"robots_default":true,"robots_noindex":false,"robots_noarchive":false,"robots_nosnippet":false,"robots_nofollow":false,"robots_noimageindex":false,"robots_noodp":false,"robots_notranslate":false,"robots_max_snippet":null,"robots_max_videopreview":null,"robots_max_imagepreview":"large","priority":null,"frequency":null,"location":null,"local_seo":null,"seo_analyzer_scan_date":"2025-09-17 10:15:22","breadcrumb_settings":null,"limit_modified_date":false,"open_ai":null,"ai":null,"created":"2021-03-09 08:14:49","updated":"2025-09-17 10:15:22"},"aioseo_breadcrumb":"<div class=\"aioseo-breadcrumbs\"><span class=\"aioseo-breadcrumb\">\n\t<a href=\"https:\/\/eldigitaldeasturias.com\/magazine365\" title=\"Home\">Home<\/a>\n<\/span><span class=\"aioseo-breadcrumb-separator\">\u2013<\/span><span class=\"aioseo-breadcrumb\">\n\t<a href=\"https:\/\/eldigitaldeasturias.com\/magazine365\/category\/noticias-actualidad\/\" title=\"Noticias y Actualidad\">Noticias y Actualidad<\/a>\n<\/span><span class=\"aioseo-breadcrumb-separator\">\u2013<\/span><span class=\"aioseo-breadcrumb\">\n\t<a href=\"https:\/\/eldigitaldeasturias.com\/magazine365\/los-astronomos-de-calar-alto-rechazan-la-destitucion-del-jefe-de-astronomia\/\" title=\"Los astr\u00f3nomos de Calar Alto rechazan la destituci\u00f3n del jefe de Astronom\u00eda\">Los astr\u00f3nomos de Calar Alto rechazan la destituci\u00f3n del jefe de Astronom\u00eda<\/a>\n<\/span><\/div>","aioseo_breadcrumb_json":[{"label":"Home","link":"https:\/\/eldigitaldeasturias.com\/magazine365"},{"label":"Noticias y Actualidad","link":"https:\/\/eldigitaldeasturias.com\/magazine365\/category\/noticias-actualidad\/"},{"label":"Los astr\u00f3nomos de Calar Alto rechazan la destituci\u00f3n del jefe de Astronom\u00eda","link":"https:\/\/eldigitaldeasturias.com\/magazine365\/los-astronomos-de-calar-alto-rechazan-la-destitucion-del-jefe-de-astronomia\/"}],"_links":{"self":[{"href":"https:\/\/eldigitaldeasturias.com\/magazine365\/wp-json\/wp\/v2\/posts\/14509","targetHints":{"allow":["GET"]}}],"collection":[{"href":"https:\/\/eldigitaldeasturias.com\/magazine365\/wp-json\/wp\/v2\/posts"}],"about":[{"href":"https:\/\/eldigitaldeasturias.com\/magazine365\/wp-json\/wp\/v2\/types\/post"}],"author":[{"embeddable":true,"href":"https:\/\/eldigitaldeasturias.com\/magazine365\/wp-json\/wp\/v2\/users\/1"}],"replies":[{"embeddable":true,"href":"https:\/\/eldigitaldeasturias.com\/magazine365\/wp-json\/wp\/v2\/comments?post=14509"}],"version-history":[{"count":0,"href":"https:\/\/eldigitaldeasturias.com\/magazine365\/wp-json\/wp\/v2\/posts\/14509\/revisions"}],"wp:featuredmedia":[{"embeddable":true,"href":"https:\/\/eldigitaldeasturias.com\/magazine365\/wp-json\/wp\/v2\/media\/14510"}],"wp:attachment":[{"href":"https:\/\/eldigitaldeasturias.com\/magazine365\/wp-json\/wp\/v2\/media?parent=14509"}],"wp:term":[{"taxonomy":"category","embeddable":true,"href":"https:\/\/eldigitaldeasturias.com\/magazine365\/wp-json\/wp\/v2\/categories?post=14509"},{"taxonomy":"post_tag","embeddable":true,"href":"https:\/\/eldigitaldeasturias.com\/magazine365\/wp-json\/wp\/v2\/tags?post=14509"}],"curies":[{"name":"wp","href":"https:\/\/api.w.org\/{rel}","templated":true}]}}