{"id":14506,"date":"2014-05-30T23:00:05","date_gmt":"2014-05-31T01:00:05","guid":{"rendered":"http:\/\/eldigitaldeasturias.com\/magazine365\/?p=14506"},"modified":"2014-05-30T23:00:05","modified_gmt":"2014-05-31T01:00:05","slug":"suarez-illana-dado-de-alta-tras-su-segunda-operacion","status":"publish","type":"post","link":"https:\/\/eldigitaldeasturias.com\/magazine365\/suarez-illana-dado-de-alta-tras-su-segunda-operacion\/","title":{"rendered":"Su\u00e1rez Illana, dado de alta tras su segunda operaci\u00f3n"},"content":{"rendered":"<p><img fetchpriority=\"high\" decoding=\"async\" class=\"alignleft size-medium wp-image-14507\" alt=\"6318432w\" src=\"https:\/\/eldigitaldeasturias.com\/magazine365\/wp-content\/uploads\/2014\/05\/6318432w-214x300.jpg\" width=\"214\" height=\"300\" \/>Madrid, 30 may (EFE).- El abogado Adolfo Su\u00e1rez Illana ha sido dado hoy de alta tras la segunda operaci\u00f3n a la que fue sometido la pasada semana.<\/p>\n<p>Ferm\u00edn Urbiola, periodista y amigo de la familia de Su\u00e1rez Illana, ha hecho llegar a trav\u00e9s de Efe a todos los medios de comunicaci\u00f3n el siguiente comunicado sobre la evoluci\u00f3n del estado de salud del hijo del expresidente del Gobierno:<\/p>\n<p>\u00abDon Adolfo Su\u00e1rez Illana ha sido dado de alta hoy tras la operaci\u00f3n que el pasado lunes 19 de mayo se le realiz\u00f3 en el Hospital Universitario Rey Juan Carlos de Madrid.<\/p>\n<p>Quiere agradecer profundamente a todo el equipo del hospital la calidad humana y m\u00e9dica recibida durante estos d\u00edas de ingreso, as\u00ed como todo los mensajes recibidos de apoyo y oraci\u00f3n que tanto le reconfortan\u00bb.<\/p>\n<p>La operaci\u00f3n que se le realiz\u00f3 en el Hospital Universitario Rey Juan Carlos debido al c\u00e1ncer que padece en el cuello consisti\u00f3 en una resecci\u00f3n tumoral a trav\u00e9s de un abordaje robotizado.<\/p>\n<p>Previamente, el 13 de mayo, en la Fundaci\u00f3n Jim\u00e9nez D\u00edaz de Madrid se le realiz\u00f3 una primera intervenci\u00f3n consistente en una linfadenectom\u00eda regional cervical.<\/p>\n","protected":false},"excerpt":{"rendered":"<p>Madrid, 30 may (EFE).- El abogado Adolfo Su\u00e1rez Illana ha sido dado hoy de alta tras la segunda operaci\u00f3n a la que fue sometido la pasada semana. Ferm\u00edn Urbiola, periodista y amigo de la familia de Su\u00e1rez Illana, ha hecho llegar a trav\u00e9s de Efe a todos los medios de comunicaci\u00f3n el siguiente comunicado sobre<\/p>\n","protected":false},"author":1,"featured_media":14507,"comment_status":"open","ping_status":"closed","sticky":false,"template":"","format":"standard","meta":{"footnotes":""},"categories":[224],"tags":[],"class_list":{"0":"post-14506","1":"post","2":"type-post","3":"status-publish","4":"format-standard","5":"has-post-thumbnail","7":"category-noticias-actualidad"},"aioseo_notices":[],"aioseo_head":"\n\t\t<!-- All in One SEO Pro 4.9.6.1 - aioseo.com -->\n\t<meta name=\"description\" content=\"Madrid, 30 may (EFE).- El abogado Adolfo Su\u00e1rez Illana ha sido dado hoy de alta tras la segunda operaci\u00f3n a la que fue sometido la pasada semana. Ferm\u00edn Urbiola, periodista y amigo de la familia de Su\u00e1rez Illana, ha hecho llegar a trav\u00e9s de Efe a todos los medios de comunicaci\u00f3n el siguiente comunicado sobre\" \/>\n\t<meta name=\"robots\" content=\"max-image-preview:large\" \/>\n\t<meta name=\"author\" content=\"admin\"\/>\n\t<meta name=\"google-site-verification\" content=\"UA-38556648-1\" \/>\n\t<meta name=\"keywords\" content=\"noticias y actualidad\" \/>\n\t<link rel=\"canonical\" href=\"https:\/\/eldigitaldeasturias.com\/magazine365\/suarez-illana-dado-de-alta-tras-su-segunda-operacion\/\" \/>\n\t<meta name=\"generator\" content=\"All in One SEO Pro (AIOSEO) 4.9.6.1\" \/>\n\t\t<meta property=\"og:locale\" content=\"es_ES\" \/>\n\t\t<meta property=\"og:site_name\" content=\"El Digital de Asturias \u2013 Revista de ocio, turismo y estilo de vida\" \/>\n\t\t<meta property=\"og:type\" content=\"article\" \/>\n\t\t<meta property=\"og:title\" content=\"Su\u00e1rez Illana, dado de alta tras su segunda operaci\u00f3n | El Digital de Asturias\" \/>\n\t\t<meta property=\"og:description\" content=\"Madrid, 30 may (EFE).- El abogado Adolfo Su\u00e1rez Illana ha sido dado hoy de alta tras la segunda operaci\u00f3n a la que fue sometido la pasada semana. Ferm\u00edn Urbiola, periodista y amigo de la familia de Su\u00e1rez Illana, ha hecho llegar a trav\u00e9s de Efe a todos los medios de comunicaci\u00f3n el siguiente comunicado sobre\" \/>\n\t\t<meta property=\"og:url\" content=\"https:\/\/eldigitaldeasturias.com\/magazine365\/suarez-illana-dado-de-alta-tras-su-segunda-operacion\/\" \/>\n\t\t<meta property=\"og:image\" content=\"https:\/\/eldigitaldeasturias.com\/magazine365\/wp-content\/uploads\/2014\/05\/6318432w.jpg\" \/>\n\t\t<meta property=\"og:image:secure_url\" content=\"https:\/\/eldigitaldeasturias.com\/magazine365\/wp-content\/uploads\/2014\/05\/6318432w.jpg\" \/>\n\t\t<meta property=\"og:image:width\" content=\"700\" \/>\n\t\t<meta property=\"og:image:height\" content=\"979\" \/>\n\t\t<meta property=\"article:published_time\" content=\"2014-05-31T01:00:05+00:00\" \/>\n\t\t<meta property=\"article:modified_time\" content=\"2014-05-31T01:00:05+00:00\" \/>\n\t\t<meta name=\"twitter:card\" content=\"summary_large_image\" \/>\n\t\t<meta name=\"twitter:title\" content=\"Su\u00e1rez Illana, dado de alta tras su segunda operaci\u00f3n | El Digital de Asturias\" \/>\n\t\t<meta name=\"twitter:description\" content=\"Madrid, 30 may (EFE).- El abogado Adolfo Su\u00e1rez Illana ha sido dado hoy de alta tras la segunda operaci\u00f3n a la que fue sometido la pasada semana. Ferm\u00edn Urbiola, periodista y amigo de la familia de Su\u00e1rez Illana, ha hecho llegar a trav\u00e9s de Efe a todos los medios de comunicaci\u00f3n el siguiente comunicado sobre\" \/>\n\t\t<meta name=\"twitter:image\" content=\"https:\/\/eldigitaldeasturias.com\/magazine365\/wp-content\/uploads\/2014\/05\/6318432w.jpg\" \/>\n\t\t<script type=\"application\/ld+json\" class=\"aioseo-schema\">\n\t\t\t{\"@context\":\"https:\\\/\\\/schema.org\",\"@graph\":[{\"@type\":\"Article\",\"@id\":\"https:\\\/\\\/eldigitaldeasturias.com\\\/magazine365\\\/suarez-illana-dado-de-alta-tras-su-segunda-operacion\\\/#article\",\"name\":\"Su\\u00e1rez Illana, dado de alta tras su segunda operaci\\u00f3n | El Digital de Asturias\",\"headline\":\"Su\\u00e1rez Illana, dado de alta tras su segunda operaci\\u00f3n\",\"author\":{\"@id\":\"https:\\\/\\\/eldigitaldeasturias.com\\\/magazine365\\\/author\\\/admin\\\/#author\"},\"publisher\":{\"@id\":\"https:\\\/\\\/eldigitaldeasturias.com\\\/magazine365\\\/#organization\"},\"image\":{\"@type\":\"ImageObject\",\"url\":\"https:\\\/\\\/eldigitaldeasturias.com\\\/magazine365\\\/wp-content\\\/uploads\\\/2014\\\/05\\\/6318432w.jpg\",\"width\":700,\"height\":979},\"datePublished\":\"2014-05-30T23:00:05+02:00\",\"dateModified\":\"2014-05-30T23:00:05+02:00\",\"inLanguage\":\"es-ES\",\"mainEntityOfPage\":{\"@id\":\"https:\\\/\\\/eldigitaldeasturias.com\\\/magazine365\\\/suarez-illana-dado-de-alta-tras-su-segunda-operacion\\\/#webpage\"},\"isPartOf\":{\"@id\":\"https:\\\/\\\/eldigitaldeasturias.com\\\/magazine365\\\/suarez-illana-dado-de-alta-tras-su-segunda-operacion\\\/#webpage\"},\"articleSection\":\"Noticias y Actualidad\"},{\"@type\":\"BreadcrumbList\",\"@id\":\"https:\\\/\\\/eldigitaldeasturias.com\\\/magazine365\\\/suarez-illana-dado-de-alta-tras-su-segunda-operacion\\\/#breadcrumblist\",\"itemListElement\":[{\"@type\":\"ListItem\",\"@id\":\"https:\\\/\\\/eldigitaldeasturias.com\\\/magazine365#listItem\",\"position\":1,\"name\":\"Home\",\"item\":\"https:\\\/\\\/eldigitaldeasturias.com\\\/magazine365\",\"nextItem\":{\"@type\":\"ListItem\",\"@id\":\"https:\\\/\\\/eldigitaldeasturias.com\\\/magazine365\\\/category\\\/noticias-actualidad\\\/#listItem\",\"name\":\"Noticias y Actualidad\"}},{\"@type\":\"ListItem\",\"@id\":\"https:\\\/\\\/eldigitaldeasturias.com\\\/magazine365\\\/category\\\/noticias-actualidad\\\/#listItem\",\"position\":2,\"name\":\"Noticias y Actualidad\",\"item\":\"https:\\\/\\\/eldigitaldeasturias.com\\\/magazine365\\\/category\\\/noticias-actualidad\\\/\",\"nextItem\":{\"@type\":\"ListItem\",\"@id\":\"https:\\\/\\\/eldigitaldeasturias.com\\\/magazine365\\\/suarez-illana-dado-de-alta-tras-su-segunda-operacion\\\/#listItem\",\"name\":\"Su\\u00e1rez Illana, dado de alta tras su segunda operaci\\u00f3n\"},\"previousItem\":{\"@type\":\"ListItem\",\"@id\":\"https:\\\/\\\/eldigitaldeasturias.com\\\/magazine365#listItem\",\"name\":\"Home\"}},{\"@type\":\"ListItem\",\"@id\":\"https:\\\/\\\/eldigitaldeasturias.com\\\/magazine365\\\/suarez-illana-dado-de-alta-tras-su-segunda-operacion\\\/#listItem\",\"position\":3,\"name\":\"Su\\u00e1rez Illana, dado de alta tras su segunda operaci\\u00f3n\",\"previousItem\":{\"@type\":\"ListItem\",\"@id\":\"https:\\\/\\\/eldigitaldeasturias.com\\\/magazine365\\\/category\\\/noticias-actualidad\\\/#listItem\",\"name\":\"Noticias y Actualidad\"}}]},{\"@type\":\"Organization\",\"@id\":\"https:\\\/\\\/eldigitaldeasturias.com\\\/magazine365\\\/#organization\",\"name\":\"El digital de Asturias\",\"description\":\"Revista de ocio, turismo y estilo de vida\",\"url\":\"https:\\\/\\\/eldigitaldeasturias.com\\\/magazine365\\\/\",\"logo\":{\"@type\":\"ImageObject\",\"url\":\"https:\\\/\\\/www.eldigitaldeasturias.com\\\/noticias\\\/wp-content\\\/uploads\\\/2020\\\/12\\\/EDA.jpg\",\"@id\":\"https:\\\/\\\/eldigitaldeasturias.com\\\/magazine365\\\/suarez-illana-dado-de-alta-tras-su-segunda-operacion\\\/#organizationLogo\"},\"image\":{\"@id\":\"https:\\\/\\\/eldigitaldeasturias.com\\\/magazine365\\\/suarez-illana-dado-de-alta-tras-su-segunda-operacion\\\/#organizationLogo\"}},{\"@type\":\"Person\",\"@id\":\"https:\\\/\\\/eldigitaldeasturias.com\\\/magazine365\\\/author\\\/admin\\\/#author\",\"url\":\"https:\\\/\\\/eldigitaldeasturias.com\\\/magazine365\\\/author\\\/admin\\\/\",\"name\":\"admin\",\"image\":{\"@type\":\"ImageObject\",\"@id\":\"https:\\\/\\\/eldigitaldeasturias.com\\\/magazine365\\\/suarez-illana-dado-de-alta-tras-su-segunda-operacion\\\/#authorImage\",\"url\":\"https:\\\/\\\/eldigitaldeasturias.com\\\/magazine365\\\/wp-content\\\/litespeed\\\/avatar\\\/e571bcf59a0edd6fa6838245a470f2fe.jpg?ver=1777574230\",\"width\":96,\"height\":96,\"caption\":\"admin\"}},{\"@type\":\"WebPage\",\"@id\":\"https:\\\/\\\/eldigitaldeasturias.com\\\/magazine365\\\/suarez-illana-dado-de-alta-tras-su-segunda-operacion\\\/#webpage\",\"url\":\"https:\\\/\\\/eldigitaldeasturias.com\\\/magazine365\\\/suarez-illana-dado-de-alta-tras-su-segunda-operacion\\\/\",\"name\":\"Su\\u00e1rez Illana, dado de alta tras su segunda operaci\\u00f3n | El Digital de Asturias\",\"description\":\"Madrid, 30 may (EFE).- El abogado Adolfo Su\\u00e1rez Illana ha sido dado hoy de alta tras la segunda operaci\\u00f3n a la que fue sometido la pasada semana. Ferm\\u00edn Urbiola, periodista y amigo de la familia de Su\\u00e1rez Illana, ha hecho llegar a trav\\u00e9s de Efe a todos los medios de comunicaci\\u00f3n el siguiente comunicado sobre\",\"inLanguage\":\"es-ES\",\"isPartOf\":{\"@id\":\"https:\\\/\\\/eldigitaldeasturias.com\\\/magazine365\\\/#website\"},\"breadcrumb\":{\"@id\":\"https:\\\/\\\/eldigitaldeasturias.com\\\/magazine365\\\/suarez-illana-dado-de-alta-tras-su-segunda-operacion\\\/#breadcrumblist\"},\"author\":{\"@id\":\"https:\\\/\\\/eldigitaldeasturias.com\\\/magazine365\\\/author\\\/admin\\\/#author\"},\"creator\":{\"@id\":\"https:\\\/\\\/eldigitaldeasturias.com\\\/magazine365\\\/author\\\/admin\\\/#author\"},\"image\":{\"@type\":\"ImageObject\",\"url\":\"https:\\\/\\\/eldigitaldeasturias.com\\\/magazine365\\\/wp-content\\\/uploads\\\/2014\\\/05\\\/6318432w.jpg\",\"@id\":\"https:\\\/\\\/eldigitaldeasturias.com\\\/magazine365\\\/suarez-illana-dado-de-alta-tras-su-segunda-operacion\\\/#mainImage\",\"width\":700,\"height\":979},\"primaryImageOfPage\":{\"@id\":\"https:\\\/\\\/eldigitaldeasturias.com\\\/magazine365\\\/suarez-illana-dado-de-alta-tras-su-segunda-operacion\\\/#mainImage\"},\"datePublished\":\"2014-05-30T23:00:05+02:00\",\"dateModified\":\"2014-05-30T23:00:05+02:00\"},{\"@type\":\"WebSite\",\"@id\":\"https:\\\/\\\/eldigitaldeasturias.com\\\/magazine365\\\/#website\",\"url\":\"https:\\\/\\\/eldigitaldeasturias.com\\\/magazine365\\\/\",\"name\":\"El Digital de Asturias\",\"description\":\"Revista de ocio, turismo y estilo de vida\",\"inLanguage\":\"es-ES\",\"publisher\":{\"@id\":\"https:\\\/\\\/eldigitaldeasturias.com\\\/magazine365\\\/#organization\"}}]}\n\t\t<\/script>\n\t\t<!-- All in One SEO Pro -->\r\n\t\t<title>Su\u00e1rez Illana, dado de alta tras su segunda operaci\u00f3n | El Digital de Asturias<\/title>\n\n","aioseo_head_json":{"title":"Su\u00e1rez Illana, dado de alta tras su segunda operaci\u00f3n | El Digital de Asturias","description":"Madrid, 30 may (EFE).- El abogado Adolfo Su\u00e1rez Illana ha sido dado hoy de alta tras la segunda operaci\u00f3n a la que fue sometido la pasada semana. Ferm\u00edn Urbiola, periodista y amigo de la familia de Su\u00e1rez Illana, ha hecho llegar a trav\u00e9s de Efe a todos los medios de comunicaci\u00f3n el siguiente comunicado sobre","canonical_url":"https:\/\/eldigitaldeasturias.com\/magazine365\/suarez-illana-dado-de-alta-tras-su-segunda-operacion\/","robots":"max-image-preview:large","keywords":"noticias y actualidad","webmasterTools":{"google-site-verification":"UA-38556648-1","miscellaneous":""},"schema":{"@context":"https:\/\/schema.org","@graph":[{"@type":"Article","@id":"https:\/\/eldigitaldeasturias.com\/magazine365\/suarez-illana-dado-de-alta-tras-su-segunda-operacion\/#article","name":"Su\u00e1rez Illana, dado de alta tras su segunda operaci\u00f3n | El Digital de Asturias","headline":"Su\u00e1rez Illana, dado de alta tras su segunda operaci\u00f3n","author":{"@id":"https:\/\/eldigitaldeasturias.com\/magazine365\/author\/admin\/#author"},"publisher":{"@id":"https:\/\/eldigitaldeasturias.com\/magazine365\/#organization"},"image":{"@type":"ImageObject","url":"https:\/\/eldigitaldeasturias.com\/magazine365\/wp-content\/uploads\/2014\/05\/6318432w.jpg","width":700,"height":979},"datePublished":"2014-05-30T23:00:05+02:00","dateModified":"2014-05-30T23:00:05+02:00","inLanguage":"es-ES","mainEntityOfPage":{"@id":"https:\/\/eldigitaldeasturias.com\/magazine365\/suarez-illana-dado-de-alta-tras-su-segunda-operacion\/#webpage"},"isPartOf":{"@id":"https:\/\/eldigitaldeasturias.com\/magazine365\/suarez-illana-dado-de-alta-tras-su-segunda-operacion\/#webpage"},"articleSection":"Noticias y Actualidad"},{"@type":"BreadcrumbList","@id":"https:\/\/eldigitaldeasturias.com\/magazine365\/suarez-illana-dado-de-alta-tras-su-segunda-operacion\/#breadcrumblist","itemListElement":[{"@type":"ListItem","@id":"https:\/\/eldigitaldeasturias.com\/magazine365#listItem","position":1,"name":"Home","item":"https:\/\/eldigitaldeasturias.com\/magazine365","nextItem":{"@type":"ListItem","@id":"https:\/\/eldigitaldeasturias.com\/magazine365\/category\/noticias-actualidad\/#listItem","name":"Noticias y Actualidad"}},{"@type":"ListItem","@id":"https:\/\/eldigitaldeasturias.com\/magazine365\/category\/noticias-actualidad\/#listItem","position":2,"name":"Noticias y Actualidad","item":"https:\/\/eldigitaldeasturias.com\/magazine365\/category\/noticias-actualidad\/","nextItem":{"@type":"ListItem","@id":"https:\/\/eldigitaldeasturias.com\/magazine365\/suarez-illana-dado-de-alta-tras-su-segunda-operacion\/#listItem","name":"Su\u00e1rez Illana, dado de alta tras su segunda operaci\u00f3n"},"previousItem":{"@type":"ListItem","@id":"https:\/\/eldigitaldeasturias.com\/magazine365#listItem","name":"Home"}},{"@type":"ListItem","@id":"https:\/\/eldigitaldeasturias.com\/magazine365\/suarez-illana-dado-de-alta-tras-su-segunda-operacion\/#listItem","position":3,"name":"Su\u00e1rez Illana, dado de alta tras su segunda operaci\u00f3n","previousItem":{"@type":"ListItem","@id":"https:\/\/eldigitaldeasturias.com\/magazine365\/category\/noticias-actualidad\/#listItem","name":"Noticias y Actualidad"}}]},{"@type":"Organization","@id":"https:\/\/eldigitaldeasturias.com\/magazine365\/#organization","name":"El digital de Asturias","description":"Revista de ocio, turismo y estilo de vida","url":"https:\/\/eldigitaldeasturias.com\/magazine365\/","logo":{"@type":"ImageObject","url":"https:\/\/www.eldigitaldeasturias.com\/noticias\/wp-content\/uploads\/2020\/12\/EDA.jpg","@id":"https:\/\/eldigitaldeasturias.com\/magazine365\/suarez-illana-dado-de-alta-tras-su-segunda-operacion\/#organizationLogo"},"image":{"@id":"https:\/\/eldigitaldeasturias.com\/magazine365\/suarez-illana-dado-de-alta-tras-su-segunda-operacion\/#organizationLogo"}},{"@type":"Person","@id":"https:\/\/eldigitaldeasturias.com\/magazine365\/author\/admin\/#author","url":"https:\/\/eldigitaldeasturias.com\/magazine365\/author\/admin\/","name":"admin","image":{"@type":"ImageObject","@id":"https:\/\/eldigitaldeasturias.com\/magazine365\/suarez-illana-dado-de-alta-tras-su-segunda-operacion\/#authorImage","url":"https:\/\/eldigitaldeasturias.com\/magazine365\/wp-content\/litespeed\/avatar\/e571bcf59a0edd6fa6838245a470f2fe.jpg?ver=1777574230","width":96,"height":96,"caption":"admin"}},{"@type":"WebPage","@id":"https:\/\/eldigitaldeasturias.com\/magazine365\/suarez-illana-dado-de-alta-tras-su-segunda-operacion\/#webpage","url":"https:\/\/eldigitaldeasturias.com\/magazine365\/suarez-illana-dado-de-alta-tras-su-segunda-operacion\/","name":"Su\u00e1rez Illana, dado de alta tras su segunda operaci\u00f3n | El Digital de Asturias","description":"Madrid, 30 may (EFE).- El abogado Adolfo Su\u00e1rez Illana ha sido dado hoy de alta tras la segunda operaci\u00f3n a la que fue sometido la pasada semana. Ferm\u00edn Urbiola, periodista y amigo de la familia de Su\u00e1rez Illana, ha hecho llegar a trav\u00e9s de Efe a todos los medios de comunicaci\u00f3n el siguiente comunicado sobre","inLanguage":"es-ES","isPartOf":{"@id":"https:\/\/eldigitaldeasturias.com\/magazine365\/#website"},"breadcrumb":{"@id":"https:\/\/eldigitaldeasturias.com\/magazine365\/suarez-illana-dado-de-alta-tras-su-segunda-operacion\/#breadcrumblist"},"author":{"@id":"https:\/\/eldigitaldeasturias.com\/magazine365\/author\/admin\/#author"},"creator":{"@id":"https:\/\/eldigitaldeasturias.com\/magazine365\/author\/admin\/#author"},"image":{"@type":"ImageObject","url":"https:\/\/eldigitaldeasturias.com\/magazine365\/wp-content\/uploads\/2014\/05\/6318432w.jpg","@id":"https:\/\/eldigitaldeasturias.com\/magazine365\/suarez-illana-dado-de-alta-tras-su-segunda-operacion\/#mainImage","width":700,"height":979},"primaryImageOfPage":{"@id":"https:\/\/eldigitaldeasturias.com\/magazine365\/suarez-illana-dado-de-alta-tras-su-segunda-operacion\/#mainImage"},"datePublished":"2014-05-30T23:00:05+02:00","dateModified":"2014-05-30T23:00:05+02:00"},{"@type":"WebSite","@id":"https:\/\/eldigitaldeasturias.com\/magazine365\/#website","url":"https:\/\/eldigitaldeasturias.com\/magazine365\/","name":"El Digital de Asturias","description":"Revista de ocio, turismo y estilo de vida","inLanguage":"es-ES","publisher":{"@id":"https:\/\/eldigitaldeasturias.com\/magazine365\/#organization"}}]},"og:locale":"es_ES","og:site_name":"El Digital de Asturias \u2013 Revista de ocio, turismo y estilo de vida","og:type":"article","og:title":"Su\u00e1rez Illana, dado de alta tras su segunda operaci\u00f3n | El Digital de Asturias","og:description":"Madrid, 30 may (EFE).- El abogado Adolfo Su\u00e1rez Illana ha sido dado hoy de alta tras la segunda operaci\u00f3n a la que fue sometido la pasada semana. Ferm\u00edn Urbiola, periodista y amigo de la familia de Su\u00e1rez Illana, ha hecho llegar a trav\u00e9s de Efe a todos los medios de comunicaci\u00f3n el siguiente comunicado sobre","og:url":"https:\/\/eldigitaldeasturias.com\/magazine365\/suarez-illana-dado-de-alta-tras-su-segunda-operacion\/","og:image":"https:\/\/eldigitaldeasturias.com\/magazine365\/wp-content\/uploads\/2014\/05\/6318432w.jpg","og:image:secure_url":"https:\/\/eldigitaldeasturias.com\/magazine365\/wp-content\/uploads\/2014\/05\/6318432w.jpg","og:image:width":700,"og:image:height":979,"article:published_time":"2014-05-31T01:00:05+00:00","article:modified_time":"2014-05-31T01:00:05+00:00","twitter:card":"summary_large_image","twitter:title":"Su\u00e1rez Illana, dado de alta tras su segunda operaci\u00f3n | El Digital de Asturias","twitter:description":"Madrid, 30 may (EFE).- El abogado Adolfo Su\u00e1rez Illana ha sido dado hoy de alta tras la segunda operaci\u00f3n a la que fue sometido la pasada semana. Ferm\u00edn Urbiola, periodista y amigo de la familia de Su\u00e1rez Illana, ha hecho llegar a trav\u00e9s de Efe a todos los medios de comunicaci\u00f3n el siguiente comunicado sobre","twitter:image":"https:\/\/eldigitaldeasturias.com\/magazine365\/wp-content\/uploads\/2014\/05\/6318432w.jpg"},"aioseo_meta_data":{"post_id":"14506","title":null,"description":null,"keywords":null,"keyphrases":null,"primary_term":null,"canonical_url":null,"og_title":null,"og_description":null,"og_object_type":"default","og_image_type":"default","og_image_url":null,"og_image_width":null,"og_image_height":null,"og_image_custom_url":null,"og_image_custom_fields":null,"og_video":null,"og_custom_url":null,"og_article_section":null,"og_article_tags":null,"twitter_use_og":false,"twitter_card":"default","twitter_image_type":"default","twitter_image_url":null,"twitter_image_custom_url":null,"twitter_image_custom_fields":null,"twitter_title":null,"twitter_description":null,"schema":{"blockGraphs":[],"customGraphs":[],"default":{"data":{"Article":[],"Course":[],"Dataset":[],"FAQPage":[],"Movie":[],"Person":[],"Product":[],"ProductReview":[],"Car":[],"Recipe":[],"Service":[],"SoftwareApplication":[],"WebPage":[]},"graphName":"","isEnabled":true},"graphs":[],"defaultGraph":"","defaultPostTypeGraph":""},"schema_type":null,"schema_type_options":null,"pillar_content":false,"robots_default":true,"robots_noindex":false,"robots_noarchive":false,"robots_nosnippet":false,"robots_nofollow":false,"robots_noimageindex":false,"robots_noodp":false,"robots_notranslate":false,"robots_max_snippet":null,"robots_max_videopreview":null,"robots_max_imagepreview":"large","priority":null,"frequency":null,"location":null,"local_seo":null,"seo_analyzer_scan_date":"2025-09-17 10:15:18","breadcrumb_settings":null,"limit_modified_date":false,"open_ai":null,"ai":null,"created":"2021-03-09 08:14:49","updated":"2025-09-17 10:15:18"},"aioseo_breadcrumb":"<div class=\"aioseo-breadcrumbs\"><span class=\"aioseo-breadcrumb\">\n\t<a href=\"https:\/\/eldigitaldeasturias.com\/magazine365\" title=\"Home\">Home<\/a>\n<\/span><span class=\"aioseo-breadcrumb-separator\">\u2013<\/span><span class=\"aioseo-breadcrumb\">\n\t<a href=\"https:\/\/eldigitaldeasturias.com\/magazine365\/category\/noticias-actualidad\/\" title=\"Noticias y Actualidad\">Noticias y Actualidad<\/a>\n<\/span><span class=\"aioseo-breadcrumb-separator\">\u2013<\/span><span class=\"aioseo-breadcrumb\">\n\t<a href=\"https:\/\/eldigitaldeasturias.com\/magazine365\/suarez-illana-dado-de-alta-tras-su-segunda-operacion\/\" title=\"Su\u00e1rez Illana, dado de alta tras su segunda operaci\u00f3n\">Su\u00e1rez Illana, dado de alta tras su segunda operaci\u00f3n<\/a>\n<\/span><\/div>","aioseo_breadcrumb_json":[{"label":"Home","link":"https:\/\/eldigitaldeasturias.com\/magazine365"},{"label":"Noticias y Actualidad","link":"https:\/\/eldigitaldeasturias.com\/magazine365\/category\/noticias-actualidad\/"},{"label":"Su\u00e1rez Illana, dado de alta tras su segunda operaci\u00f3n","link":"https:\/\/eldigitaldeasturias.com\/magazine365\/suarez-illana-dado-de-alta-tras-su-segunda-operacion\/"}],"_links":{"self":[{"href":"https:\/\/eldigitaldeasturias.com\/magazine365\/wp-json\/wp\/v2\/posts\/14506","targetHints":{"allow":["GET"]}}],"collection":[{"href":"https:\/\/eldigitaldeasturias.com\/magazine365\/wp-json\/wp\/v2\/posts"}],"about":[{"href":"https:\/\/eldigitaldeasturias.com\/magazine365\/wp-json\/wp\/v2\/types\/post"}],"author":[{"embeddable":true,"href":"https:\/\/eldigitaldeasturias.com\/magazine365\/wp-json\/wp\/v2\/users\/1"}],"replies":[{"embeddable":true,"href":"https:\/\/eldigitaldeasturias.com\/magazine365\/wp-json\/wp\/v2\/comments?post=14506"}],"version-history":[{"count":0,"href":"https:\/\/eldigitaldeasturias.com\/magazine365\/wp-json\/wp\/v2\/posts\/14506\/revisions"}],"wp:featuredmedia":[{"embeddable":true,"href":"https:\/\/eldigitaldeasturias.com\/magazine365\/wp-json\/wp\/v2\/media\/14507"}],"wp:attachment":[{"href":"https:\/\/eldigitaldeasturias.com\/magazine365\/wp-json\/wp\/v2\/media?parent=14506"}],"wp:term":[{"taxonomy":"category","embeddable":true,"href":"https:\/\/eldigitaldeasturias.com\/magazine365\/wp-json\/wp\/v2\/categories?post=14506"},{"taxonomy":"post_tag","embeddable":true,"href":"https:\/\/eldigitaldeasturias.com\/magazine365\/wp-json\/wp\/v2\/tags?post=14506"}],"curies":[{"name":"wp","href":"https:\/\/api.w.org\/{rel}","templated":true}]}}