{"id":14503,"date":"2014-05-30T22:58:46","date_gmt":"2014-05-31T00:58:46","guid":{"rendered":"http:\/\/eldigitaldeasturias.com\/magazine365\/?p=14503"},"modified":"2014-05-30T22:58:46","modified_gmt":"2014-05-31T00:58:46","slug":"juan-diego-afirma-que-la-realidad-del-cine-es-economica-no-cultural","status":"publish","type":"post","link":"https:\/\/eldigitaldeasturias.com\/magazine365\/juan-diego-afirma-que-la-realidad-del-cine-es-economica-no-cultural\/","title":{"rendered":"Juan Diego afirma que \u00abla realidad del cine es econ\u00f3mica, no cultural\u00bb"},"content":{"rendered":"<p><img fetchpriority=\"high\" decoding=\"async\" class=\"alignleft size-medium wp-image-14504\" alt=\"6318365w\" src=\"https:\/\/eldigitaldeasturias.com\/magazine365\/wp-content\/uploads\/2014\/05\/6318365w-360x239.jpg\" width=\"360\" height=\"239\" srcset=\"https:\/\/eldigitaldeasturias.com\/magazine365\/wp-content\/uploads\/2014\/05\/6318365w-360x239.jpg 360w, https:\/\/eldigitaldeasturias.com\/magazine365\/wp-content\/uploads\/2014\/05\/6318365w-650x432.jpg 650w, https:\/\/eldigitaldeasturias.com\/magazine365\/wp-content\/uploads\/2014\/05\/6318365w-768x511.jpg 768w, https:\/\/eldigitaldeasturias.com\/magazine365\/wp-content\/uploads\/2014\/05\/6318365w-150x100.jpg 150w, https:\/\/eldigitaldeasturias.com\/magazine365\/wp-content\/uploads\/2014\/05\/6318365w-450x299.jpg 450w, https:\/\/eldigitaldeasturias.com\/magazine365\/wp-content\/uploads\/2014\/05\/6318365w-696x463.jpg 696w, https:\/\/eldigitaldeasturias.com\/magazine365\/wp-content\/uploads\/2014\/05\/6318365w-632x420.jpg 632w, https:\/\/eldigitaldeasturias.com\/magazine365\/wp-content\/uploads\/2014\/05\/6318365w-84x55.jpg 84w, https:\/\/eldigitaldeasturias.com\/magazine365\/wp-content\/uploads\/2014\/05\/6318365w.jpg 800w\" sizes=\"(max-width: 360px) 100vw, 360px\" \/>Alicante, 30 may (EFE).- El actor Juan Diego, que ma\u00f1ana recibir\u00e1 el premio \u00abA toda una vida\u00bb en la XI edici\u00f3n del Festival de Cine de Alicante, ha lamentado hoy que el cine haya dejado de ser una industria en Espa\u00f1a para ser solamente \u00abun sector\u00bb de la cultura.<\/p>\n<p>\u00abLa realidad del cine es econ\u00f3mica, no cultural\u00bb, ha agregado el actor sevillano, quien se ha mostrado cr\u00edtico con el tratamiento tributario del cine -21 % de IVA- durante una comparecencia de prensa junto al director del festival alicantino, Juan Seva.<\/p>\n<p>A su juicio, el estado de la industria cinematogr\u00e1fica en Espa\u00f1a es \u00abpaup\u00e9rrimo\u00bb, como ocurre con otros sectores y empresas de este pa\u00eds.<\/p>\n<p>\u00abEse tipo impositivo hace imposible estrenar una pel\u00edcula y mantener una empresa\u00bb, ha agregado el actor, que ha puesto como ejemplo de esta situaci\u00f3n su \u00faltimo trabajo \u00abAnochece en la India\u00bb, cuyo rodaje se prolong\u00f3 durante dos a\u00f1os por falta de medios y que s\u00f3lo ha podido ser distribuida con 25 copias.<\/p>\n<p>Aunque por este film recibi\u00f3 la Biznaga de Plata como mejor actor por dar vida a un \u00abhippy\u00bb enfermo que viaja a India atado a una silla de ruedas, Juan Diego sostiene que para hacer cine hoy en d\u00eda \u00abhace falta Dios y ayuda\u00bb.<\/p>\n<p>Este car\u00e1cter cr\u00edtico lo ha trasladado a la pol\u00edtica actual al afirmar que no le ha sorprendido el tir\u00f3n electoral de la formaci\u00f3n \u00abPodemos\u00bb. \u00abLo que me extra\u00f1a es que no se reorganizara antes aquel movimiento del 15M\u00bb, ha a\u00f1adido.<\/p>\n<p>En su opini\u00f3n, este partido pol\u00edtico \u00abva a funcionar\u00bb pues \u00abrecoge lo que otros no tienen, que es la esperanza y que es posible no ser tonto toda la vida\u00bb.<\/p>\n<p>Asimismo, ha expuesto que \u00abla salud\u00bb de Europa \u00abno anda bien\u00bb como lo demuestra que los \u00ababuelitos\u00bb de otros pa\u00edses vengan a Espa\u00f1a \u00aba comprarse una casa y disfrutar del sol\u00bb y los de aqu\u00ed \u00abtiene que vivir con 400 euros y pagar la hipoteca de sus hijos\u00bb.<\/p>\n<p>Con 71 a\u00f1os y casi sesenta largometrajes a sus espaldas, Juan Diego tiene nuevos retos, pues en octubre dar\u00e1 vida a Ricardo III en una apuesta para el Teatro Espa\u00f1ol (Madrid) junto a Julieta Serrano y Ana Torrent, entre otros actores.<\/p>\n<p>El Festival de Cine de Alicante, que alz\u00f3 el tel\u00f3n la pasada semana, finaliza ma\u00f1ana con la gala de clausura, en la que, adem\u00e1s de acoger el acto de entrega de los premios, se har\u00e1 entrega del galard\u00f3n \u00abA toda una vida\u00bb a este actor sevillano.<\/p>\n","protected":false},"excerpt":{"rendered":"<p>Alicante, 30 may (EFE).- El actor Juan Diego, que ma\u00f1ana recibir\u00e1 el premio \u00abA toda una vida\u00bb en la XI edici\u00f3n del Festival de Cine de Alicante, ha lamentado hoy que el cine haya dejado de ser una industria en Espa\u00f1a para ser solamente \u00abun sector\u00bb de la cultura. \u00abLa realidad del cine es econ\u00f3mica,<\/p>\n","protected":false},"author":1,"featured_media":14504,"comment_status":"open","ping_status":"closed","sticky":false,"template":"","format":"standard","meta":{"footnotes":""},"categories":[224],"tags":[],"class_list":{"0":"post-14503","1":"post","2":"type-post","3":"status-publish","4":"format-standard","5":"has-post-thumbnail","7":"category-noticias-actualidad"},"aioseo_notices":[],"aioseo_head":"\n\t\t<!-- All in One SEO Pro 4.9.6.1 - aioseo.com -->\n\t<meta name=\"description\" content=\"Alicante, 30 may (EFE).- El actor Juan Diego, que ma\u00f1ana recibir\u00e1 el premio &quot;A toda una vida&quot; en la XI edici\u00f3n del Festival de Cine de Alicante, ha lamentado hoy que el cine haya dejado de ser una industria en Espa\u00f1a para ser solamente &quot;un sector&quot; de la cultura. &quot;La realidad del cine es econ\u00f3mica,\" \/>\n\t<meta name=\"robots\" content=\"max-image-preview:large\" \/>\n\t<meta name=\"author\" content=\"admin\"\/>\n\t<meta name=\"google-site-verification\" content=\"UA-38556648-1\" \/>\n\t<meta name=\"keywords\" content=\"noticias y actualidad\" \/>\n\t<link rel=\"canonical\" href=\"https:\/\/eldigitaldeasturias.com\/magazine365\/juan-diego-afirma-que-la-realidad-del-cine-es-economica-no-cultural\/\" \/>\n\t<meta name=\"generator\" content=\"All in One SEO Pro (AIOSEO) 4.9.6.1\" \/>\n\t\t<meta property=\"og:locale\" content=\"es_ES\" \/>\n\t\t<meta property=\"og:site_name\" content=\"El Digital de Asturias \u2013 Revista de ocio, turismo y estilo de vida\" \/>\n\t\t<meta property=\"og:type\" content=\"article\" \/>\n\t\t<meta property=\"og:title\" content=\"Juan Diego afirma que \u00abla realidad del cine es econ\u00f3mica, no cultural\u00bb | El Digital de Asturias\" \/>\n\t\t<meta property=\"og:description\" content=\"Alicante, 30 may (EFE).- El actor Juan Diego, que ma\u00f1ana recibir\u00e1 el premio &quot;A toda una vida&quot; en la XI edici\u00f3n del Festival de Cine de Alicante, ha lamentado hoy que el cine haya dejado de ser una industria en Espa\u00f1a para ser solamente &quot;un sector&quot; de la cultura. &quot;La realidad del cine es econ\u00f3mica,\" \/>\n\t\t<meta property=\"og:url\" content=\"https:\/\/eldigitaldeasturias.com\/magazine365\/juan-diego-afirma-que-la-realidad-del-cine-es-economica-no-cultural\/\" \/>\n\t\t<meta property=\"og:image\" content=\"https:\/\/eldigitaldeasturias.com\/magazine365\/wp-content\/uploads\/2014\/05\/6318365w.jpg\" \/>\n\t\t<meta property=\"og:image:secure_url\" content=\"https:\/\/eldigitaldeasturias.com\/magazine365\/wp-content\/uploads\/2014\/05\/6318365w.jpg\" \/>\n\t\t<meta property=\"og:image:width\" content=\"800\" \/>\n\t\t<meta property=\"og:image:height\" content=\"532\" \/>\n\t\t<meta property=\"article:published_time\" content=\"2014-05-31T00:58:46+00:00\" \/>\n\t\t<meta property=\"article:modified_time\" content=\"2014-05-31T00:58:46+00:00\" \/>\n\t\t<meta name=\"twitter:card\" content=\"summary_large_image\" \/>\n\t\t<meta name=\"twitter:title\" content=\"Juan Diego afirma que \u00abla realidad del cine es econ\u00f3mica, no cultural\u00bb | El Digital de Asturias\" \/>\n\t\t<meta name=\"twitter:description\" content=\"Alicante, 30 may (EFE).- El actor Juan Diego, que ma\u00f1ana recibir\u00e1 el premio &quot;A toda una vida&quot; en la XI edici\u00f3n del Festival de Cine de Alicante, ha lamentado hoy que el cine haya dejado de ser una industria en Espa\u00f1a para ser solamente &quot;un sector&quot; de la cultura. &quot;La realidad del cine es econ\u00f3mica,\" \/>\n\t\t<meta name=\"twitter:image\" content=\"https:\/\/eldigitaldeasturias.com\/magazine365\/wp-content\/uploads\/2014\/05\/6318365w.jpg\" \/>\n\t\t<script type=\"application\/ld+json\" class=\"aioseo-schema\">\n\t\t\t{\"@context\":\"https:\\\/\\\/schema.org\",\"@graph\":[{\"@type\":\"Article\",\"@id\":\"https:\\\/\\\/eldigitaldeasturias.com\\\/magazine365\\\/juan-diego-afirma-que-la-realidad-del-cine-es-economica-no-cultural\\\/#article\",\"name\":\"Juan Diego afirma que \\u00abla realidad del cine es econ\\u00f3mica, no cultural\\u00bb | El Digital de Asturias\",\"headline\":\"Juan Diego afirma que \\u00abla realidad del cine es econ\\u00f3mica, no cultural\\u00bb\",\"author\":{\"@id\":\"https:\\\/\\\/eldigitaldeasturias.com\\\/magazine365\\\/author\\\/admin\\\/#author\"},\"publisher\":{\"@id\":\"https:\\\/\\\/eldigitaldeasturias.com\\\/magazine365\\\/#organization\"},\"image\":{\"@type\":\"ImageObject\",\"url\":\"https:\\\/\\\/eldigitaldeasturias.com\\\/magazine365\\\/wp-content\\\/uploads\\\/2014\\\/05\\\/6318365w.jpg\",\"width\":800,\"height\":532},\"datePublished\":\"2014-05-30T22:58:46+02:00\",\"dateModified\":\"2014-05-30T22:58:46+02:00\",\"inLanguage\":\"es-ES\",\"mainEntityOfPage\":{\"@id\":\"https:\\\/\\\/eldigitaldeasturias.com\\\/magazine365\\\/juan-diego-afirma-que-la-realidad-del-cine-es-economica-no-cultural\\\/#webpage\"},\"isPartOf\":{\"@id\":\"https:\\\/\\\/eldigitaldeasturias.com\\\/magazine365\\\/juan-diego-afirma-que-la-realidad-del-cine-es-economica-no-cultural\\\/#webpage\"},\"articleSection\":\"Noticias y Actualidad\"},{\"@type\":\"BreadcrumbList\",\"@id\":\"https:\\\/\\\/eldigitaldeasturias.com\\\/magazine365\\\/juan-diego-afirma-que-la-realidad-del-cine-es-economica-no-cultural\\\/#breadcrumblist\",\"itemListElement\":[{\"@type\":\"ListItem\",\"@id\":\"https:\\\/\\\/eldigitaldeasturias.com\\\/magazine365#listItem\",\"position\":1,\"name\":\"Home\",\"item\":\"https:\\\/\\\/eldigitaldeasturias.com\\\/magazine365\",\"nextItem\":{\"@type\":\"ListItem\",\"@id\":\"https:\\\/\\\/eldigitaldeasturias.com\\\/magazine365\\\/category\\\/noticias-actualidad\\\/#listItem\",\"name\":\"Noticias y Actualidad\"}},{\"@type\":\"ListItem\",\"@id\":\"https:\\\/\\\/eldigitaldeasturias.com\\\/magazine365\\\/category\\\/noticias-actualidad\\\/#listItem\",\"position\":2,\"name\":\"Noticias y Actualidad\",\"item\":\"https:\\\/\\\/eldigitaldeasturias.com\\\/magazine365\\\/category\\\/noticias-actualidad\\\/\",\"nextItem\":{\"@type\":\"ListItem\",\"@id\":\"https:\\\/\\\/eldigitaldeasturias.com\\\/magazine365\\\/juan-diego-afirma-que-la-realidad-del-cine-es-economica-no-cultural\\\/#listItem\",\"name\":\"Juan Diego afirma que \\u00abla realidad del cine es econ\\u00f3mica, no cultural\\u00bb\"},\"previousItem\":{\"@type\":\"ListItem\",\"@id\":\"https:\\\/\\\/eldigitaldeasturias.com\\\/magazine365#listItem\",\"name\":\"Home\"}},{\"@type\":\"ListItem\",\"@id\":\"https:\\\/\\\/eldigitaldeasturias.com\\\/magazine365\\\/juan-diego-afirma-que-la-realidad-del-cine-es-economica-no-cultural\\\/#listItem\",\"position\":3,\"name\":\"Juan Diego afirma que \\u00abla realidad del cine es econ\\u00f3mica, no cultural\\u00bb\",\"previousItem\":{\"@type\":\"ListItem\",\"@id\":\"https:\\\/\\\/eldigitaldeasturias.com\\\/magazine365\\\/category\\\/noticias-actualidad\\\/#listItem\",\"name\":\"Noticias y Actualidad\"}}]},{\"@type\":\"Organization\",\"@id\":\"https:\\\/\\\/eldigitaldeasturias.com\\\/magazine365\\\/#organization\",\"name\":\"El digital de Asturias\",\"description\":\"Revista de ocio, turismo y estilo de vida\",\"url\":\"https:\\\/\\\/eldigitaldeasturias.com\\\/magazine365\\\/\",\"logo\":{\"@type\":\"ImageObject\",\"url\":\"https:\\\/\\\/www.eldigitaldeasturias.com\\\/noticias\\\/wp-content\\\/uploads\\\/2020\\\/12\\\/EDA.jpg\",\"@id\":\"https:\\\/\\\/eldigitaldeasturias.com\\\/magazine365\\\/juan-diego-afirma-que-la-realidad-del-cine-es-economica-no-cultural\\\/#organizationLogo\"},\"image\":{\"@id\":\"https:\\\/\\\/eldigitaldeasturias.com\\\/magazine365\\\/juan-diego-afirma-que-la-realidad-del-cine-es-economica-no-cultural\\\/#organizationLogo\"}},{\"@type\":\"Person\",\"@id\":\"https:\\\/\\\/eldigitaldeasturias.com\\\/magazine365\\\/author\\\/admin\\\/#author\",\"url\":\"https:\\\/\\\/eldigitaldeasturias.com\\\/magazine365\\\/author\\\/admin\\\/\",\"name\":\"admin\",\"image\":{\"@type\":\"ImageObject\",\"@id\":\"https:\\\/\\\/eldigitaldeasturias.com\\\/magazine365\\\/juan-diego-afirma-que-la-realidad-del-cine-es-economica-no-cultural\\\/#authorImage\",\"url\":\"https:\\\/\\\/eldigitaldeasturias.com\\\/magazine365\\\/wp-content\\\/litespeed\\\/avatar\\\/e571bcf59a0edd6fa6838245a470f2fe.jpg?ver=1777574230\",\"width\":96,\"height\":96,\"caption\":\"admin\"}},{\"@type\":\"WebPage\",\"@id\":\"https:\\\/\\\/eldigitaldeasturias.com\\\/magazine365\\\/juan-diego-afirma-que-la-realidad-del-cine-es-economica-no-cultural\\\/#webpage\",\"url\":\"https:\\\/\\\/eldigitaldeasturias.com\\\/magazine365\\\/juan-diego-afirma-que-la-realidad-del-cine-es-economica-no-cultural\\\/\",\"name\":\"Juan Diego afirma que \\u00abla realidad del cine es econ\\u00f3mica, no cultural\\u00bb | El Digital de Asturias\",\"description\":\"Alicante, 30 may (EFE).- El actor Juan Diego, que ma\\u00f1ana recibir\\u00e1 el premio \\\"A toda una vida\\\" en la XI edici\\u00f3n del Festival de Cine de Alicante, ha lamentado hoy que el cine haya dejado de ser una industria en Espa\\u00f1a para ser solamente \\\"un sector\\\" de la cultura. \\\"La realidad del cine es econ\\u00f3mica,\",\"inLanguage\":\"es-ES\",\"isPartOf\":{\"@id\":\"https:\\\/\\\/eldigitaldeasturias.com\\\/magazine365\\\/#website\"},\"breadcrumb\":{\"@id\":\"https:\\\/\\\/eldigitaldeasturias.com\\\/magazine365\\\/juan-diego-afirma-que-la-realidad-del-cine-es-economica-no-cultural\\\/#breadcrumblist\"},\"author\":{\"@id\":\"https:\\\/\\\/eldigitaldeasturias.com\\\/magazine365\\\/author\\\/admin\\\/#author\"},\"creator\":{\"@id\":\"https:\\\/\\\/eldigitaldeasturias.com\\\/magazine365\\\/author\\\/admin\\\/#author\"},\"image\":{\"@type\":\"ImageObject\",\"url\":\"https:\\\/\\\/eldigitaldeasturias.com\\\/magazine365\\\/wp-content\\\/uploads\\\/2014\\\/05\\\/6318365w.jpg\",\"@id\":\"https:\\\/\\\/eldigitaldeasturias.com\\\/magazine365\\\/juan-diego-afirma-que-la-realidad-del-cine-es-economica-no-cultural\\\/#mainImage\",\"width\":800,\"height\":532},\"primaryImageOfPage\":{\"@id\":\"https:\\\/\\\/eldigitaldeasturias.com\\\/magazine365\\\/juan-diego-afirma-que-la-realidad-del-cine-es-economica-no-cultural\\\/#mainImage\"},\"datePublished\":\"2014-05-30T22:58:46+02:00\",\"dateModified\":\"2014-05-30T22:58:46+02:00\"},{\"@type\":\"WebSite\",\"@id\":\"https:\\\/\\\/eldigitaldeasturias.com\\\/magazine365\\\/#website\",\"url\":\"https:\\\/\\\/eldigitaldeasturias.com\\\/magazine365\\\/\",\"name\":\"El Digital de Asturias\",\"description\":\"Revista de ocio, turismo y estilo de vida\",\"inLanguage\":\"es-ES\",\"publisher\":{\"@id\":\"https:\\\/\\\/eldigitaldeasturias.com\\\/magazine365\\\/#organization\"}}]}\n\t\t<\/script>\n\t\t<!-- All in One SEO Pro -->\r\n\t\t<title>Juan Diego afirma que \u00abla realidad del cine es econ\u00f3mica, no cultural\u00bb | El Digital de Asturias<\/title>\n\n","aioseo_head_json":{"title":"Juan Diego afirma que \u00abla realidad del cine es econ\u00f3mica, no cultural\u00bb | El Digital de Asturias","description":"Alicante, 30 may (EFE).- El actor Juan Diego, que ma\u00f1ana recibir\u00e1 el premio \"A toda una vida\" en la XI edici\u00f3n del Festival de Cine de Alicante, ha lamentado hoy que el cine haya dejado de ser una industria en Espa\u00f1a para ser solamente \"un sector\" de la cultura. \"La realidad del cine es econ\u00f3mica,","canonical_url":"https:\/\/eldigitaldeasturias.com\/magazine365\/juan-diego-afirma-que-la-realidad-del-cine-es-economica-no-cultural\/","robots":"max-image-preview:large","keywords":"noticias y actualidad","webmasterTools":{"google-site-verification":"UA-38556648-1","miscellaneous":""},"schema":{"@context":"https:\/\/schema.org","@graph":[{"@type":"Article","@id":"https:\/\/eldigitaldeasturias.com\/magazine365\/juan-diego-afirma-que-la-realidad-del-cine-es-economica-no-cultural\/#article","name":"Juan Diego afirma que \u00abla realidad del cine es econ\u00f3mica, no cultural\u00bb | El Digital de Asturias","headline":"Juan Diego afirma que \u00abla realidad del cine es econ\u00f3mica, no cultural\u00bb","author":{"@id":"https:\/\/eldigitaldeasturias.com\/magazine365\/author\/admin\/#author"},"publisher":{"@id":"https:\/\/eldigitaldeasturias.com\/magazine365\/#organization"},"image":{"@type":"ImageObject","url":"https:\/\/eldigitaldeasturias.com\/magazine365\/wp-content\/uploads\/2014\/05\/6318365w.jpg","width":800,"height":532},"datePublished":"2014-05-30T22:58:46+02:00","dateModified":"2014-05-30T22:58:46+02:00","inLanguage":"es-ES","mainEntityOfPage":{"@id":"https:\/\/eldigitaldeasturias.com\/magazine365\/juan-diego-afirma-que-la-realidad-del-cine-es-economica-no-cultural\/#webpage"},"isPartOf":{"@id":"https:\/\/eldigitaldeasturias.com\/magazine365\/juan-diego-afirma-que-la-realidad-del-cine-es-economica-no-cultural\/#webpage"},"articleSection":"Noticias y Actualidad"},{"@type":"BreadcrumbList","@id":"https:\/\/eldigitaldeasturias.com\/magazine365\/juan-diego-afirma-que-la-realidad-del-cine-es-economica-no-cultural\/#breadcrumblist","itemListElement":[{"@type":"ListItem","@id":"https:\/\/eldigitaldeasturias.com\/magazine365#listItem","position":1,"name":"Home","item":"https:\/\/eldigitaldeasturias.com\/magazine365","nextItem":{"@type":"ListItem","@id":"https:\/\/eldigitaldeasturias.com\/magazine365\/category\/noticias-actualidad\/#listItem","name":"Noticias y Actualidad"}},{"@type":"ListItem","@id":"https:\/\/eldigitaldeasturias.com\/magazine365\/category\/noticias-actualidad\/#listItem","position":2,"name":"Noticias y Actualidad","item":"https:\/\/eldigitaldeasturias.com\/magazine365\/category\/noticias-actualidad\/","nextItem":{"@type":"ListItem","@id":"https:\/\/eldigitaldeasturias.com\/magazine365\/juan-diego-afirma-que-la-realidad-del-cine-es-economica-no-cultural\/#listItem","name":"Juan Diego afirma que \u00abla realidad del cine es econ\u00f3mica, no cultural\u00bb"},"previousItem":{"@type":"ListItem","@id":"https:\/\/eldigitaldeasturias.com\/magazine365#listItem","name":"Home"}},{"@type":"ListItem","@id":"https:\/\/eldigitaldeasturias.com\/magazine365\/juan-diego-afirma-que-la-realidad-del-cine-es-economica-no-cultural\/#listItem","position":3,"name":"Juan Diego afirma que \u00abla realidad del cine es econ\u00f3mica, no cultural\u00bb","previousItem":{"@type":"ListItem","@id":"https:\/\/eldigitaldeasturias.com\/magazine365\/category\/noticias-actualidad\/#listItem","name":"Noticias y Actualidad"}}]},{"@type":"Organization","@id":"https:\/\/eldigitaldeasturias.com\/magazine365\/#organization","name":"El digital de Asturias","description":"Revista de ocio, turismo y estilo de vida","url":"https:\/\/eldigitaldeasturias.com\/magazine365\/","logo":{"@type":"ImageObject","url":"https:\/\/www.eldigitaldeasturias.com\/noticias\/wp-content\/uploads\/2020\/12\/EDA.jpg","@id":"https:\/\/eldigitaldeasturias.com\/magazine365\/juan-diego-afirma-que-la-realidad-del-cine-es-economica-no-cultural\/#organizationLogo"},"image":{"@id":"https:\/\/eldigitaldeasturias.com\/magazine365\/juan-diego-afirma-que-la-realidad-del-cine-es-economica-no-cultural\/#organizationLogo"}},{"@type":"Person","@id":"https:\/\/eldigitaldeasturias.com\/magazine365\/author\/admin\/#author","url":"https:\/\/eldigitaldeasturias.com\/magazine365\/author\/admin\/","name":"admin","image":{"@type":"ImageObject","@id":"https:\/\/eldigitaldeasturias.com\/magazine365\/juan-diego-afirma-que-la-realidad-del-cine-es-economica-no-cultural\/#authorImage","url":"https:\/\/eldigitaldeasturias.com\/magazine365\/wp-content\/litespeed\/avatar\/e571bcf59a0edd6fa6838245a470f2fe.jpg?ver=1777574230","width":96,"height":96,"caption":"admin"}},{"@type":"WebPage","@id":"https:\/\/eldigitaldeasturias.com\/magazine365\/juan-diego-afirma-que-la-realidad-del-cine-es-economica-no-cultural\/#webpage","url":"https:\/\/eldigitaldeasturias.com\/magazine365\/juan-diego-afirma-que-la-realidad-del-cine-es-economica-no-cultural\/","name":"Juan Diego afirma que \u00abla realidad del cine es econ\u00f3mica, no cultural\u00bb | El Digital de Asturias","description":"Alicante, 30 may (EFE).- El actor Juan Diego, que ma\u00f1ana recibir\u00e1 el premio \"A toda una vida\" en la XI edici\u00f3n del Festival de Cine de Alicante, ha lamentado hoy que el cine haya dejado de ser una industria en Espa\u00f1a para ser solamente \"un sector\" de la cultura. \"La realidad del cine es econ\u00f3mica,","inLanguage":"es-ES","isPartOf":{"@id":"https:\/\/eldigitaldeasturias.com\/magazine365\/#website"},"breadcrumb":{"@id":"https:\/\/eldigitaldeasturias.com\/magazine365\/juan-diego-afirma-que-la-realidad-del-cine-es-economica-no-cultural\/#breadcrumblist"},"author":{"@id":"https:\/\/eldigitaldeasturias.com\/magazine365\/author\/admin\/#author"},"creator":{"@id":"https:\/\/eldigitaldeasturias.com\/magazine365\/author\/admin\/#author"},"image":{"@type":"ImageObject","url":"https:\/\/eldigitaldeasturias.com\/magazine365\/wp-content\/uploads\/2014\/05\/6318365w.jpg","@id":"https:\/\/eldigitaldeasturias.com\/magazine365\/juan-diego-afirma-que-la-realidad-del-cine-es-economica-no-cultural\/#mainImage","width":800,"height":532},"primaryImageOfPage":{"@id":"https:\/\/eldigitaldeasturias.com\/magazine365\/juan-diego-afirma-que-la-realidad-del-cine-es-economica-no-cultural\/#mainImage"},"datePublished":"2014-05-30T22:58:46+02:00","dateModified":"2014-05-30T22:58:46+02:00"},{"@type":"WebSite","@id":"https:\/\/eldigitaldeasturias.com\/magazine365\/#website","url":"https:\/\/eldigitaldeasturias.com\/magazine365\/","name":"El Digital de Asturias","description":"Revista de ocio, turismo y estilo de vida","inLanguage":"es-ES","publisher":{"@id":"https:\/\/eldigitaldeasturias.com\/magazine365\/#organization"}}]},"og:locale":"es_ES","og:site_name":"El Digital de Asturias \u2013 Revista de ocio, turismo y estilo de vida","og:type":"article","og:title":"Juan Diego afirma que \u00abla realidad del cine es econ\u00f3mica, no cultural\u00bb | El Digital de Asturias","og:description":"Alicante, 30 may (EFE).- El actor Juan Diego, que ma\u00f1ana recibir\u00e1 el premio &quot;A toda una vida&quot; en la XI edici\u00f3n del Festival de Cine de Alicante, ha lamentado hoy que el cine haya dejado de ser una industria en Espa\u00f1a para ser solamente &quot;un sector&quot; de la cultura. &quot;La realidad del cine es econ\u00f3mica,","og:url":"https:\/\/eldigitaldeasturias.com\/magazine365\/juan-diego-afirma-que-la-realidad-del-cine-es-economica-no-cultural\/","og:image":"https:\/\/eldigitaldeasturias.com\/magazine365\/wp-content\/uploads\/2014\/05\/6318365w.jpg","og:image:secure_url":"https:\/\/eldigitaldeasturias.com\/magazine365\/wp-content\/uploads\/2014\/05\/6318365w.jpg","og:image:width":800,"og:image:height":532,"article:published_time":"2014-05-31T00:58:46+00:00","article:modified_time":"2014-05-31T00:58:46+00:00","twitter:card":"summary_large_image","twitter:title":"Juan Diego afirma que \u00abla realidad del cine es econ\u00f3mica, no cultural\u00bb | El Digital de Asturias","twitter:description":"Alicante, 30 may (EFE).- El actor Juan Diego, que ma\u00f1ana recibir\u00e1 el premio &quot;A toda una vida&quot; en la XI edici\u00f3n del Festival de Cine de Alicante, ha lamentado hoy que el cine haya dejado de ser una industria en Espa\u00f1a para ser solamente &quot;un sector&quot; de la cultura. &quot;La realidad del cine es econ\u00f3mica,","twitter:image":"https:\/\/eldigitaldeasturias.com\/magazine365\/wp-content\/uploads\/2014\/05\/6318365w.jpg"},"aioseo_meta_data":{"post_id":"14503","title":null,"description":null,"keywords":null,"keyphrases":null,"primary_term":null,"canonical_url":null,"og_title":null,"og_description":null,"og_object_type":"default","og_image_type":"default","og_image_url":null,"og_image_width":null,"og_image_height":null,"og_image_custom_url":null,"og_image_custom_fields":null,"og_video":null,"og_custom_url":null,"og_article_section":null,"og_article_tags":null,"twitter_use_og":false,"twitter_card":"default","twitter_image_type":"default","twitter_image_url":null,"twitter_image_custom_url":null,"twitter_image_custom_fields":null,"twitter_title":null,"twitter_description":null,"schema":{"blockGraphs":[],"customGraphs":[],"default":{"data":{"Article":[],"Course":[],"Dataset":[],"FAQPage":[],"Movie":[],"Person":[],"Product":[],"ProductReview":[],"Car":[],"Recipe":[],"Service":[],"SoftwareApplication":[],"WebPage":[]},"graphName":"","isEnabled":true},"graphs":[],"defaultGraph":"","defaultPostTypeGraph":""},"schema_type":null,"schema_type_options":null,"pillar_content":false,"robots_default":true,"robots_noindex":false,"robots_noarchive":false,"robots_nosnippet":false,"robots_nofollow":false,"robots_noimageindex":false,"robots_noodp":false,"robots_notranslate":false,"robots_max_snippet":null,"robots_max_videopreview":null,"robots_max_imagepreview":"large","priority":null,"frequency":null,"location":null,"local_seo":null,"seo_analyzer_scan_date":"2025-09-17 10:14:04","breadcrumb_settings":null,"limit_modified_date":false,"open_ai":null,"ai":null,"created":"2021-03-09 08:14:49","updated":"2025-09-17 10:14:04"},"aioseo_breadcrumb":"<div class=\"aioseo-breadcrumbs\"><span class=\"aioseo-breadcrumb\">\n\t<a href=\"https:\/\/eldigitaldeasturias.com\/magazine365\" title=\"Home\">Home<\/a>\n<\/span><span class=\"aioseo-breadcrumb-separator\">\u2013<\/span><span class=\"aioseo-breadcrumb\">\n\t<a href=\"https:\/\/eldigitaldeasturias.com\/magazine365\/category\/noticias-actualidad\/\" title=\"Noticias y Actualidad\">Noticias y Actualidad<\/a>\n<\/span><span class=\"aioseo-breadcrumb-separator\">\u2013<\/span><span class=\"aioseo-breadcrumb\">\n\t<a href=\"https:\/\/eldigitaldeasturias.com\/magazine365\/juan-diego-afirma-que-la-realidad-del-cine-es-economica-no-cultural\/\" title=\"Juan Diego afirma que \u00abla realidad del cine es econ\u00f3mica, no cultural\u00bb\">Juan Diego afirma que \u00abla realidad del cine es econ\u00f3mica, no cultural\u00bb<\/a>\n<\/span><\/div>","aioseo_breadcrumb_json":[{"label":"Home","link":"https:\/\/eldigitaldeasturias.com\/magazine365"},{"label":"Noticias y Actualidad","link":"https:\/\/eldigitaldeasturias.com\/magazine365\/category\/noticias-actualidad\/"},{"label":"Juan Diego afirma que \u00abla realidad del cine es econ\u00f3mica, no cultural\u00bb","link":"https:\/\/eldigitaldeasturias.com\/magazine365\/juan-diego-afirma-que-la-realidad-del-cine-es-economica-no-cultural\/"}],"_links":{"self":[{"href":"https:\/\/eldigitaldeasturias.com\/magazine365\/wp-json\/wp\/v2\/posts\/14503","targetHints":{"allow":["GET"]}}],"collection":[{"href":"https:\/\/eldigitaldeasturias.com\/magazine365\/wp-json\/wp\/v2\/posts"}],"about":[{"href":"https:\/\/eldigitaldeasturias.com\/magazine365\/wp-json\/wp\/v2\/types\/post"}],"author":[{"embeddable":true,"href":"https:\/\/eldigitaldeasturias.com\/magazine365\/wp-json\/wp\/v2\/users\/1"}],"replies":[{"embeddable":true,"href":"https:\/\/eldigitaldeasturias.com\/magazine365\/wp-json\/wp\/v2\/comments?post=14503"}],"version-history":[{"count":0,"href":"https:\/\/eldigitaldeasturias.com\/magazine365\/wp-json\/wp\/v2\/posts\/14503\/revisions"}],"wp:featuredmedia":[{"embeddable":true,"href":"https:\/\/eldigitaldeasturias.com\/magazine365\/wp-json\/wp\/v2\/media\/14504"}],"wp:attachment":[{"href":"https:\/\/eldigitaldeasturias.com\/magazine365\/wp-json\/wp\/v2\/media?parent=14503"}],"wp:term":[{"taxonomy":"category","embeddable":true,"href":"https:\/\/eldigitaldeasturias.com\/magazine365\/wp-json\/wp\/v2\/categories?post=14503"},{"taxonomy":"post_tag","embeddable":true,"href":"https:\/\/eldigitaldeasturias.com\/magazine365\/wp-json\/wp\/v2\/tags?post=14503"}],"curies":[{"name":"wp","href":"https:\/\/api.w.org\/{rel}","templated":true}]}}