{"id":14491,"date":"2014-05-30T22:54:01","date_gmt":"2014-05-31T00:54:01","guid":{"rendered":"http:\/\/eldigitaldeasturias.com\/magazine365\/?p=14491"},"modified":"2014-05-30T22:54:01","modified_gmt":"2014-05-31T00:54:01","slug":"la-quincena-musical-de-san-sebastian-cumple-75-anos-con-un-programa-redondo","status":"publish","type":"post","link":"https:\/\/eldigitaldeasturias.com\/magazine365\/la-quincena-musical-de-san-sebastian-cumple-75-anos-con-un-programa-redondo\/","title":{"rendered":"La Quincena Musical de San Sebasti\u00e1n cumple 75 a\u00f1os con un programa \u00abredondo\u00bb"},"content":{"rendered":"<p><img fetchpriority=\"high\" decoding=\"async\" class=\"alignleft size-medium wp-image-14492\" alt=\"6318114w\" src=\"https:\/\/eldigitaldeasturias.com\/magazine365\/wp-content\/uploads\/2014\/05\/6318114w-360x230.jpg\" width=\"360\" height=\"230\" srcset=\"https:\/\/eldigitaldeasturias.com\/magazine365\/wp-content\/uploads\/2014\/05\/6318114w-360x230.jpg 360w, https:\/\/eldigitaldeasturias.com\/magazine365\/wp-content\/uploads\/2014\/05\/6318114w-650x416.jpg 650w, https:\/\/eldigitaldeasturias.com\/magazine365\/wp-content\/uploads\/2014\/05\/6318114w-768x492.jpg 768w, https:\/\/eldigitaldeasturias.com\/magazine365\/wp-content\/uploads\/2014\/05\/6318114w-150x96.jpg 150w, https:\/\/eldigitaldeasturias.com\/magazine365\/wp-content\/uploads\/2014\/05\/6318114w-450x288.jpg 450w, https:\/\/eldigitaldeasturias.com\/magazine365\/wp-content\/uploads\/2014\/05\/6318114w-696x445.jpg 696w, https:\/\/eldigitaldeasturias.com\/magazine365\/wp-content\/uploads\/2014\/05\/6318114w-656x420.jpg 656w, https:\/\/eldigitaldeasturias.com\/magazine365\/wp-content\/uploads\/2014\/05\/6318114w-225x145.jpg 225w, https:\/\/eldigitaldeasturias.com\/magazine365\/wp-content\/uploads\/2014\/05\/6318114w-84x55.jpg 84w, https:\/\/eldigitaldeasturias.com\/magazine365\/wp-content\/uploads\/2014\/05\/6318114w.jpg 800w\" sizes=\"(max-width: 360px) 100vw, 360px\" \/>San Sebasti\u00e1n, 30 may (EFE).- La Quincena Musical de San Sebasti\u00e1n ha organizado una programaci\u00f3n \u00abredonda\u00bb para celebrar su 75 aniversario a partir del 1 de agosto, jornada inaugural de este festival, el m\u00e1s antiguo de Espa\u00f1a, que en consonancia con sus or\u00edgenes populares estar\u00e1 al alcance de todos los bolsillos.<\/p>\n<p>\u00abNadie quedar\u00e1 fuera\u00bb, ha asegurado hoy el director de la Quincena, Patrick Alfaya, en la tradicional rueda de prensa con representantes institucionales y patrocinadores.<\/p>\n<p>El cartel de este a\u00f1o, que el festival ha ido dando a conocer en los \u00faltimos meses, se ha confeccionado pensando en sus comienzos, lo que ha hecho posible que en esta edici\u00f3n vuelva a sonar la \u00abSinfon\u00eda Inacabada\u00bb de Schubert, con la arranc\u00f3 la Quincena Musical el 16 de agosto de 1939, as\u00ed como \u00abLa Boh\u00e8me\u00bb, de Puccini, la \u00f3pera que se represent\u00f3 en aquella ocasi\u00f3n y que m\u00e1s veces -diez, la \u00faltima en 1971- ha programado en su historia.<\/p>\n<p>Adem\u00e1s, se ha \u00abdevuelto\u00bb al evento la importancia del Barroco y para ello se ha recurrido al English Baroque Soloists y el Coro Monteverdi de John Eliot Gardiner y a la Helsinki Baroque Orchestra con Ren\u00e9 Jacobs al frente.<\/p>\n<p>La danza, que hab\u00eda quedado fuera en las \u00faltimas ediciones, tambi\u00e9n se recupera con la compa\u00f1\u00eda de V\u00edctor Ullate.<\/p>\n<p>Alfaya ha se\u00f1alado que \u00abel directo es dif\u00edcil\u00bb, pero que \u00absobre el papel ha salido una Quincena art\u00edsticamente redonda\u00bb.<\/p>\n<p>Ha a\u00f1adido que \u00abla excelencia art\u00edstica siempre se intenta\u00bb y \u00abel dinero ayuda a redondear las cosas\u00bb, lo que precisamente ha ocurrido en la edici\u00f3n del 75 aniversario, en que la mayor aportaci\u00f3n institucional ha permitido contar un presupuesto de 2.464.000 euros, 140.000 m\u00e1s que el a\u00f1o pasado.<\/p>\n<p>De hecho, se ha apostado por una \u00abgran producci\u00f3n\u00bb de \u00abLa Boh\u00e8me\u00bb, del Palau de les Arts de Valencia, con Davide Livermore como director de escena, se llevar\u00e1 a escena el 15 y 16 de agosto y que, para Alfaya, \u00abes preciosa, una de las mejores que se ha hecho en los \u00faltimo 10 a\u00f1os\u00bb.<\/p>\n<p>Orquestas como la Filarm\u00f3nica de R\u00f3tterdam, la Budapest Festival Orchestra y la Orquesta del Capitole de Toulouse forman parte tambi\u00e9n de la programaci\u00f3n, en la que se contar\u00e1 con las batutas de Ivan Fischer, Tugan Sokhiev y Yannick N\u00e9zet-S\u00e9guin, y de solistas como el tenor Bryan Hymel y los pianistas Emmanuel Ax y Jorge Luis Prats, entre otros.<\/p>\n<p>Alfaya ha explicado que tambi\u00e9n han tenido en cuenta que la Quincena tuvo \u00abunos or\u00edgenes muy populares\u00bb y por ello la programaci\u00f3n, que suma 76 conciertos, ofrece actuaciones \u00abal alcance del bolsillo de todo el mundo\u00bb.<\/p>\n<p>La jornada de apertura, salpicada de conciertos por los barrios de la ciudad y con el Orfe\u00f3n Donostiarra y la Orquesta Nacional del Capitolio de Toulouse en el Kursaal, lo cerrar\u00e1 la compa\u00f1\u00eda valenciana Xarxa junto a la playa de la Zurriola con un espect\u00e1culo gratuito de m\u00fasica, luces y pirotecnia, \u00abuna transformaci\u00f3n\u00bb del creado para inaugurar el t\u00fanel del canal de la Mancha.<\/p>\n<p>Adem\u00e1s de sus habituales ciclos de M\u00fasica Antigua, M\u00fasica Contempor\u00e1nea, \u00d3rgano y J\u00f3venes Int\u00e9rpretes, el festival celebrar\u00e1 su Quincena Andante, con salidas a escenarios de \u00c1lava, Bizkaia, Navarra, Iparralde (Saint Jean Pied de Port) y varios pueblos de Gipuzkoa.<\/p>\n","protected":false},"excerpt":{"rendered":"<p>San Sebasti\u00e1n, 30 may (EFE).- La Quincena Musical de San Sebasti\u00e1n ha organizado una programaci\u00f3n \u00abredonda\u00bb para celebrar su 75 aniversario a partir del 1 de agosto, jornada inaugural de este festival, el m\u00e1s antiguo de Espa\u00f1a, que en consonancia con sus or\u00edgenes populares estar\u00e1 al alcance de todos los bolsillos. \u00abNadie quedar\u00e1 fuera\u00bb, ha<\/p>\n","protected":false},"author":1,"featured_media":14492,"comment_status":"open","ping_status":"closed","sticky":false,"template":"","format":"standard","meta":{"footnotes":""},"categories":[224],"tags":[],"class_list":{"0":"post-14491","1":"post","2":"type-post","3":"status-publish","4":"format-standard","5":"has-post-thumbnail","7":"category-noticias-actualidad"},"aioseo_notices":[],"aioseo_head":"\n\t\t<!-- All in One SEO Pro 4.9.6.1 - aioseo.com -->\n\t<meta name=\"description\" content=\"San Sebasti\u00e1n, 30 may (EFE).- La Quincena Musical de San Sebasti\u00e1n ha organizado una programaci\u00f3n &quot;redonda&quot; para celebrar su 75 aniversario a partir del 1 de agosto, jornada inaugural de este festival, el m\u00e1s antiguo de Espa\u00f1a, que en consonancia con sus or\u00edgenes populares estar\u00e1 al alcance de todos los bolsillos. &quot;Nadie quedar\u00e1 fuera&quot;, ha\" \/>\n\t<meta name=\"robots\" content=\"max-image-preview:large\" \/>\n\t<meta name=\"author\" content=\"admin\"\/>\n\t<meta name=\"google-site-verification\" content=\"UA-38556648-1\" \/>\n\t<meta name=\"keywords\" content=\"noticias y actualidad\" \/>\n\t<link rel=\"canonical\" href=\"https:\/\/eldigitaldeasturias.com\/magazine365\/la-quincena-musical-de-san-sebastian-cumple-75-anos-con-un-programa-redondo\/\" \/>\n\t<meta name=\"generator\" content=\"All in One SEO Pro (AIOSEO) 4.9.6.1\" \/>\n\t\t<meta property=\"og:locale\" content=\"es_ES\" \/>\n\t\t<meta property=\"og:site_name\" content=\"El Digital de Asturias \u2013 Revista de ocio, turismo y estilo de vida\" \/>\n\t\t<meta property=\"og:type\" content=\"article\" \/>\n\t\t<meta property=\"og:title\" content=\"La Quincena Musical de San Sebasti\u00e1n cumple 75 a\u00f1os con un programa \u00abredondo\u00bb | El Digital de Asturias\" \/>\n\t\t<meta property=\"og:description\" content=\"San Sebasti\u00e1n, 30 may (EFE).- La Quincena Musical de San Sebasti\u00e1n ha organizado una programaci\u00f3n &quot;redonda&quot; para celebrar su 75 aniversario a partir del 1 de agosto, jornada inaugural de este festival, el m\u00e1s antiguo de Espa\u00f1a, que en consonancia con sus or\u00edgenes populares estar\u00e1 al alcance de todos los bolsillos. &quot;Nadie quedar\u00e1 fuera&quot;, ha\" \/>\n\t\t<meta property=\"og:url\" content=\"https:\/\/eldigitaldeasturias.com\/magazine365\/la-quincena-musical-de-san-sebastian-cumple-75-anos-con-un-programa-redondo\/\" \/>\n\t\t<meta property=\"og:image\" content=\"https:\/\/eldigitaldeasturias.com\/magazine365\/wp-content\/uploads\/2014\/05\/6318114w.jpg\" \/>\n\t\t<meta property=\"og:image:secure_url\" content=\"https:\/\/eldigitaldeasturias.com\/magazine365\/wp-content\/uploads\/2014\/05\/6318114w.jpg\" \/>\n\t\t<meta property=\"og:image:width\" content=\"800\" \/>\n\t\t<meta property=\"og:image:height\" content=\"512\" \/>\n\t\t<meta property=\"article:published_time\" content=\"2014-05-31T00:54:01+00:00\" \/>\n\t\t<meta property=\"article:modified_time\" content=\"2014-05-31T00:54:01+00:00\" \/>\n\t\t<meta name=\"twitter:card\" content=\"summary_large_image\" \/>\n\t\t<meta name=\"twitter:title\" content=\"La Quincena Musical de San Sebasti\u00e1n cumple 75 a\u00f1os con un programa \u00abredondo\u00bb | El Digital de Asturias\" \/>\n\t\t<meta name=\"twitter:description\" content=\"San Sebasti\u00e1n, 30 may (EFE).- La Quincena Musical de San Sebasti\u00e1n ha organizado una programaci\u00f3n &quot;redonda&quot; para celebrar su 75 aniversario a partir del 1 de agosto, jornada inaugural de este festival, el m\u00e1s antiguo de Espa\u00f1a, que en consonancia con sus or\u00edgenes populares estar\u00e1 al alcance de todos los bolsillos. &quot;Nadie quedar\u00e1 fuera&quot;, ha\" \/>\n\t\t<meta name=\"twitter:image\" content=\"https:\/\/eldigitaldeasturias.com\/magazine365\/wp-content\/uploads\/2014\/05\/6318114w.jpg\" \/>\n\t\t<script type=\"application\/ld+json\" class=\"aioseo-schema\">\n\t\t\t{\"@context\":\"https:\\\/\\\/schema.org\",\"@graph\":[{\"@type\":\"Article\",\"@id\":\"https:\\\/\\\/eldigitaldeasturias.com\\\/magazine365\\\/la-quincena-musical-de-san-sebastian-cumple-75-anos-con-un-programa-redondo\\\/#article\",\"name\":\"La Quincena Musical de San Sebasti\\u00e1n cumple 75 a\\u00f1os con un programa \\u00abredondo\\u00bb | El Digital de Asturias\",\"headline\":\"La Quincena Musical de San Sebasti\\u00e1n cumple 75 a\\u00f1os con un programa \\u00abredondo\\u00bb\",\"author\":{\"@id\":\"https:\\\/\\\/eldigitaldeasturias.com\\\/magazine365\\\/author\\\/admin\\\/#author\"},\"publisher\":{\"@id\":\"https:\\\/\\\/eldigitaldeasturias.com\\\/magazine365\\\/#organization\"},\"image\":{\"@type\":\"ImageObject\",\"url\":\"https:\\\/\\\/eldigitaldeasturias.com\\\/magazine365\\\/wp-content\\\/uploads\\\/2014\\\/05\\\/6318114w.jpg\",\"width\":800,\"height\":512},\"datePublished\":\"2014-05-30T22:54:01+02:00\",\"dateModified\":\"2014-05-30T22:54:01+02:00\",\"inLanguage\":\"es-ES\",\"mainEntityOfPage\":{\"@id\":\"https:\\\/\\\/eldigitaldeasturias.com\\\/magazine365\\\/la-quincena-musical-de-san-sebastian-cumple-75-anos-con-un-programa-redondo\\\/#webpage\"},\"isPartOf\":{\"@id\":\"https:\\\/\\\/eldigitaldeasturias.com\\\/magazine365\\\/la-quincena-musical-de-san-sebastian-cumple-75-anos-con-un-programa-redondo\\\/#webpage\"},\"articleSection\":\"Noticias y Actualidad\"},{\"@type\":\"BreadcrumbList\",\"@id\":\"https:\\\/\\\/eldigitaldeasturias.com\\\/magazine365\\\/la-quincena-musical-de-san-sebastian-cumple-75-anos-con-un-programa-redondo\\\/#breadcrumblist\",\"itemListElement\":[{\"@type\":\"ListItem\",\"@id\":\"https:\\\/\\\/eldigitaldeasturias.com\\\/magazine365#listItem\",\"position\":1,\"name\":\"Home\",\"item\":\"https:\\\/\\\/eldigitaldeasturias.com\\\/magazine365\",\"nextItem\":{\"@type\":\"ListItem\",\"@id\":\"https:\\\/\\\/eldigitaldeasturias.com\\\/magazine365\\\/category\\\/noticias-actualidad\\\/#listItem\",\"name\":\"Noticias y Actualidad\"}},{\"@type\":\"ListItem\",\"@id\":\"https:\\\/\\\/eldigitaldeasturias.com\\\/magazine365\\\/category\\\/noticias-actualidad\\\/#listItem\",\"position\":2,\"name\":\"Noticias y Actualidad\",\"item\":\"https:\\\/\\\/eldigitaldeasturias.com\\\/magazine365\\\/category\\\/noticias-actualidad\\\/\",\"nextItem\":{\"@type\":\"ListItem\",\"@id\":\"https:\\\/\\\/eldigitaldeasturias.com\\\/magazine365\\\/la-quincena-musical-de-san-sebastian-cumple-75-anos-con-un-programa-redondo\\\/#listItem\",\"name\":\"La Quincena Musical de San Sebasti\\u00e1n cumple 75 a\\u00f1os con un programa \\u00abredondo\\u00bb\"},\"previousItem\":{\"@type\":\"ListItem\",\"@id\":\"https:\\\/\\\/eldigitaldeasturias.com\\\/magazine365#listItem\",\"name\":\"Home\"}},{\"@type\":\"ListItem\",\"@id\":\"https:\\\/\\\/eldigitaldeasturias.com\\\/magazine365\\\/la-quincena-musical-de-san-sebastian-cumple-75-anos-con-un-programa-redondo\\\/#listItem\",\"position\":3,\"name\":\"La Quincena Musical de San Sebasti\\u00e1n cumple 75 a\\u00f1os con un programa \\u00abredondo\\u00bb\",\"previousItem\":{\"@type\":\"ListItem\",\"@id\":\"https:\\\/\\\/eldigitaldeasturias.com\\\/magazine365\\\/category\\\/noticias-actualidad\\\/#listItem\",\"name\":\"Noticias y Actualidad\"}}]},{\"@type\":\"Organization\",\"@id\":\"https:\\\/\\\/eldigitaldeasturias.com\\\/magazine365\\\/#organization\",\"name\":\"El digital de Asturias\",\"description\":\"Revista de ocio, turismo y estilo de vida\",\"url\":\"https:\\\/\\\/eldigitaldeasturias.com\\\/magazine365\\\/\",\"logo\":{\"@type\":\"ImageObject\",\"url\":\"https:\\\/\\\/www.eldigitaldeasturias.com\\\/noticias\\\/wp-content\\\/uploads\\\/2020\\\/12\\\/EDA.jpg\",\"@id\":\"https:\\\/\\\/eldigitaldeasturias.com\\\/magazine365\\\/la-quincena-musical-de-san-sebastian-cumple-75-anos-con-un-programa-redondo\\\/#organizationLogo\"},\"image\":{\"@id\":\"https:\\\/\\\/eldigitaldeasturias.com\\\/magazine365\\\/la-quincena-musical-de-san-sebastian-cumple-75-anos-con-un-programa-redondo\\\/#organizationLogo\"}},{\"@type\":\"Person\",\"@id\":\"https:\\\/\\\/eldigitaldeasturias.com\\\/magazine365\\\/author\\\/admin\\\/#author\",\"url\":\"https:\\\/\\\/eldigitaldeasturias.com\\\/magazine365\\\/author\\\/admin\\\/\",\"name\":\"admin\",\"image\":{\"@type\":\"ImageObject\",\"@id\":\"https:\\\/\\\/eldigitaldeasturias.com\\\/magazine365\\\/la-quincena-musical-de-san-sebastian-cumple-75-anos-con-un-programa-redondo\\\/#authorImage\",\"url\":\"https:\\\/\\\/eldigitaldeasturias.com\\\/magazine365\\\/wp-content\\\/litespeed\\\/avatar\\\/e571bcf59a0edd6fa6838245a470f2fe.jpg?ver=1777574230\",\"width\":96,\"height\":96,\"caption\":\"admin\"}},{\"@type\":\"WebPage\",\"@id\":\"https:\\\/\\\/eldigitaldeasturias.com\\\/magazine365\\\/la-quincena-musical-de-san-sebastian-cumple-75-anos-con-un-programa-redondo\\\/#webpage\",\"url\":\"https:\\\/\\\/eldigitaldeasturias.com\\\/magazine365\\\/la-quincena-musical-de-san-sebastian-cumple-75-anos-con-un-programa-redondo\\\/\",\"name\":\"La Quincena Musical de San Sebasti\\u00e1n cumple 75 a\\u00f1os con un programa \\u00abredondo\\u00bb | El Digital de Asturias\",\"description\":\"San Sebasti\\u00e1n, 30 may (EFE).- La Quincena Musical de San Sebasti\\u00e1n ha organizado una programaci\\u00f3n \\\"redonda\\\" para celebrar su 75 aniversario a partir del 1 de agosto, jornada inaugural de este festival, el m\\u00e1s antiguo de Espa\\u00f1a, que en consonancia con sus or\\u00edgenes populares estar\\u00e1 al alcance de todos los bolsillos. \\\"Nadie quedar\\u00e1 fuera\\\", ha\",\"inLanguage\":\"es-ES\",\"isPartOf\":{\"@id\":\"https:\\\/\\\/eldigitaldeasturias.com\\\/magazine365\\\/#website\"},\"breadcrumb\":{\"@id\":\"https:\\\/\\\/eldigitaldeasturias.com\\\/magazine365\\\/la-quincena-musical-de-san-sebastian-cumple-75-anos-con-un-programa-redondo\\\/#breadcrumblist\"},\"author\":{\"@id\":\"https:\\\/\\\/eldigitaldeasturias.com\\\/magazine365\\\/author\\\/admin\\\/#author\"},\"creator\":{\"@id\":\"https:\\\/\\\/eldigitaldeasturias.com\\\/magazine365\\\/author\\\/admin\\\/#author\"},\"image\":{\"@type\":\"ImageObject\",\"url\":\"https:\\\/\\\/eldigitaldeasturias.com\\\/magazine365\\\/wp-content\\\/uploads\\\/2014\\\/05\\\/6318114w.jpg\",\"@id\":\"https:\\\/\\\/eldigitaldeasturias.com\\\/magazine365\\\/la-quincena-musical-de-san-sebastian-cumple-75-anos-con-un-programa-redondo\\\/#mainImage\",\"width\":800,\"height\":512},\"primaryImageOfPage\":{\"@id\":\"https:\\\/\\\/eldigitaldeasturias.com\\\/magazine365\\\/la-quincena-musical-de-san-sebastian-cumple-75-anos-con-un-programa-redondo\\\/#mainImage\"},\"datePublished\":\"2014-05-30T22:54:01+02:00\",\"dateModified\":\"2014-05-30T22:54:01+02:00\"},{\"@type\":\"WebSite\",\"@id\":\"https:\\\/\\\/eldigitaldeasturias.com\\\/magazine365\\\/#website\",\"url\":\"https:\\\/\\\/eldigitaldeasturias.com\\\/magazine365\\\/\",\"name\":\"El Digital de Asturias\",\"description\":\"Revista de ocio, turismo y estilo de vida\",\"inLanguage\":\"es-ES\",\"publisher\":{\"@id\":\"https:\\\/\\\/eldigitaldeasturias.com\\\/magazine365\\\/#organization\"}}]}\n\t\t<\/script>\n\t\t<!-- All in One SEO Pro -->\r\n\t\t<title>La Quincena Musical de San Sebasti\u00e1n cumple 75 a\u00f1os con un programa \u00abredondo\u00bb | El Digital de Asturias<\/title>\n\n","aioseo_head_json":{"title":"La Quincena Musical de San Sebasti\u00e1n cumple 75 a\u00f1os con un programa \u00abredondo\u00bb | El Digital de Asturias","description":"San Sebasti\u00e1n, 30 may (EFE).- La Quincena Musical de San Sebasti\u00e1n ha organizado una programaci\u00f3n \"redonda\" para celebrar su 75 aniversario a partir del 1 de agosto, jornada inaugural de este festival, el m\u00e1s antiguo de Espa\u00f1a, que en consonancia con sus or\u00edgenes populares estar\u00e1 al alcance de todos los bolsillos. \"Nadie quedar\u00e1 fuera\", ha","canonical_url":"https:\/\/eldigitaldeasturias.com\/magazine365\/la-quincena-musical-de-san-sebastian-cumple-75-anos-con-un-programa-redondo\/","robots":"max-image-preview:large","keywords":"noticias y actualidad","webmasterTools":{"google-site-verification":"UA-38556648-1","miscellaneous":""},"schema":{"@context":"https:\/\/schema.org","@graph":[{"@type":"Article","@id":"https:\/\/eldigitaldeasturias.com\/magazine365\/la-quincena-musical-de-san-sebastian-cumple-75-anos-con-un-programa-redondo\/#article","name":"La Quincena Musical de San Sebasti\u00e1n cumple 75 a\u00f1os con un programa \u00abredondo\u00bb | El Digital de Asturias","headline":"La Quincena Musical de San Sebasti\u00e1n cumple 75 a\u00f1os con un programa \u00abredondo\u00bb","author":{"@id":"https:\/\/eldigitaldeasturias.com\/magazine365\/author\/admin\/#author"},"publisher":{"@id":"https:\/\/eldigitaldeasturias.com\/magazine365\/#organization"},"image":{"@type":"ImageObject","url":"https:\/\/eldigitaldeasturias.com\/magazine365\/wp-content\/uploads\/2014\/05\/6318114w.jpg","width":800,"height":512},"datePublished":"2014-05-30T22:54:01+02:00","dateModified":"2014-05-30T22:54:01+02:00","inLanguage":"es-ES","mainEntityOfPage":{"@id":"https:\/\/eldigitaldeasturias.com\/magazine365\/la-quincena-musical-de-san-sebastian-cumple-75-anos-con-un-programa-redondo\/#webpage"},"isPartOf":{"@id":"https:\/\/eldigitaldeasturias.com\/magazine365\/la-quincena-musical-de-san-sebastian-cumple-75-anos-con-un-programa-redondo\/#webpage"},"articleSection":"Noticias y Actualidad"},{"@type":"BreadcrumbList","@id":"https:\/\/eldigitaldeasturias.com\/magazine365\/la-quincena-musical-de-san-sebastian-cumple-75-anos-con-un-programa-redondo\/#breadcrumblist","itemListElement":[{"@type":"ListItem","@id":"https:\/\/eldigitaldeasturias.com\/magazine365#listItem","position":1,"name":"Home","item":"https:\/\/eldigitaldeasturias.com\/magazine365","nextItem":{"@type":"ListItem","@id":"https:\/\/eldigitaldeasturias.com\/magazine365\/category\/noticias-actualidad\/#listItem","name":"Noticias y Actualidad"}},{"@type":"ListItem","@id":"https:\/\/eldigitaldeasturias.com\/magazine365\/category\/noticias-actualidad\/#listItem","position":2,"name":"Noticias y Actualidad","item":"https:\/\/eldigitaldeasturias.com\/magazine365\/category\/noticias-actualidad\/","nextItem":{"@type":"ListItem","@id":"https:\/\/eldigitaldeasturias.com\/magazine365\/la-quincena-musical-de-san-sebastian-cumple-75-anos-con-un-programa-redondo\/#listItem","name":"La Quincena Musical de San Sebasti\u00e1n cumple 75 a\u00f1os con un programa \u00abredondo\u00bb"},"previousItem":{"@type":"ListItem","@id":"https:\/\/eldigitaldeasturias.com\/magazine365#listItem","name":"Home"}},{"@type":"ListItem","@id":"https:\/\/eldigitaldeasturias.com\/magazine365\/la-quincena-musical-de-san-sebastian-cumple-75-anos-con-un-programa-redondo\/#listItem","position":3,"name":"La Quincena Musical de San Sebasti\u00e1n cumple 75 a\u00f1os con un programa \u00abredondo\u00bb","previousItem":{"@type":"ListItem","@id":"https:\/\/eldigitaldeasturias.com\/magazine365\/category\/noticias-actualidad\/#listItem","name":"Noticias y Actualidad"}}]},{"@type":"Organization","@id":"https:\/\/eldigitaldeasturias.com\/magazine365\/#organization","name":"El digital de Asturias","description":"Revista de ocio, turismo y estilo de vida","url":"https:\/\/eldigitaldeasturias.com\/magazine365\/","logo":{"@type":"ImageObject","url":"https:\/\/www.eldigitaldeasturias.com\/noticias\/wp-content\/uploads\/2020\/12\/EDA.jpg","@id":"https:\/\/eldigitaldeasturias.com\/magazine365\/la-quincena-musical-de-san-sebastian-cumple-75-anos-con-un-programa-redondo\/#organizationLogo"},"image":{"@id":"https:\/\/eldigitaldeasturias.com\/magazine365\/la-quincena-musical-de-san-sebastian-cumple-75-anos-con-un-programa-redondo\/#organizationLogo"}},{"@type":"Person","@id":"https:\/\/eldigitaldeasturias.com\/magazine365\/author\/admin\/#author","url":"https:\/\/eldigitaldeasturias.com\/magazine365\/author\/admin\/","name":"admin","image":{"@type":"ImageObject","@id":"https:\/\/eldigitaldeasturias.com\/magazine365\/la-quincena-musical-de-san-sebastian-cumple-75-anos-con-un-programa-redondo\/#authorImage","url":"https:\/\/eldigitaldeasturias.com\/magazine365\/wp-content\/litespeed\/avatar\/e571bcf59a0edd6fa6838245a470f2fe.jpg?ver=1777574230","width":96,"height":96,"caption":"admin"}},{"@type":"WebPage","@id":"https:\/\/eldigitaldeasturias.com\/magazine365\/la-quincena-musical-de-san-sebastian-cumple-75-anos-con-un-programa-redondo\/#webpage","url":"https:\/\/eldigitaldeasturias.com\/magazine365\/la-quincena-musical-de-san-sebastian-cumple-75-anos-con-un-programa-redondo\/","name":"La Quincena Musical de San Sebasti\u00e1n cumple 75 a\u00f1os con un programa \u00abredondo\u00bb | El Digital de Asturias","description":"San Sebasti\u00e1n, 30 may (EFE).- La Quincena Musical de San Sebasti\u00e1n ha organizado una programaci\u00f3n \"redonda\" para celebrar su 75 aniversario a partir del 1 de agosto, jornada inaugural de este festival, el m\u00e1s antiguo de Espa\u00f1a, que en consonancia con sus or\u00edgenes populares estar\u00e1 al alcance de todos los bolsillos. \"Nadie quedar\u00e1 fuera\", ha","inLanguage":"es-ES","isPartOf":{"@id":"https:\/\/eldigitaldeasturias.com\/magazine365\/#website"},"breadcrumb":{"@id":"https:\/\/eldigitaldeasturias.com\/magazine365\/la-quincena-musical-de-san-sebastian-cumple-75-anos-con-un-programa-redondo\/#breadcrumblist"},"author":{"@id":"https:\/\/eldigitaldeasturias.com\/magazine365\/author\/admin\/#author"},"creator":{"@id":"https:\/\/eldigitaldeasturias.com\/magazine365\/author\/admin\/#author"},"image":{"@type":"ImageObject","url":"https:\/\/eldigitaldeasturias.com\/magazine365\/wp-content\/uploads\/2014\/05\/6318114w.jpg","@id":"https:\/\/eldigitaldeasturias.com\/magazine365\/la-quincena-musical-de-san-sebastian-cumple-75-anos-con-un-programa-redondo\/#mainImage","width":800,"height":512},"primaryImageOfPage":{"@id":"https:\/\/eldigitaldeasturias.com\/magazine365\/la-quincena-musical-de-san-sebastian-cumple-75-anos-con-un-programa-redondo\/#mainImage"},"datePublished":"2014-05-30T22:54:01+02:00","dateModified":"2014-05-30T22:54:01+02:00"},{"@type":"WebSite","@id":"https:\/\/eldigitaldeasturias.com\/magazine365\/#website","url":"https:\/\/eldigitaldeasturias.com\/magazine365\/","name":"El Digital de Asturias","description":"Revista de ocio, turismo y estilo de vida","inLanguage":"es-ES","publisher":{"@id":"https:\/\/eldigitaldeasturias.com\/magazine365\/#organization"}}]},"og:locale":"es_ES","og:site_name":"El Digital de Asturias \u2013 Revista de ocio, turismo y estilo de vida","og:type":"article","og:title":"La Quincena Musical de San Sebasti\u00e1n cumple 75 a\u00f1os con un programa \u00abredondo\u00bb | El Digital de Asturias","og:description":"San Sebasti\u00e1n, 30 may (EFE).- La Quincena Musical de San Sebasti\u00e1n ha organizado una programaci\u00f3n &quot;redonda&quot; para celebrar su 75 aniversario a partir del 1 de agosto, jornada inaugural de este festival, el m\u00e1s antiguo de Espa\u00f1a, que en consonancia con sus or\u00edgenes populares estar\u00e1 al alcance de todos los bolsillos. &quot;Nadie quedar\u00e1 fuera&quot;, ha","og:url":"https:\/\/eldigitaldeasturias.com\/magazine365\/la-quincena-musical-de-san-sebastian-cumple-75-anos-con-un-programa-redondo\/","og:image":"https:\/\/eldigitaldeasturias.com\/magazine365\/wp-content\/uploads\/2014\/05\/6318114w.jpg","og:image:secure_url":"https:\/\/eldigitaldeasturias.com\/magazine365\/wp-content\/uploads\/2014\/05\/6318114w.jpg","og:image:width":800,"og:image:height":512,"article:published_time":"2014-05-31T00:54:01+00:00","article:modified_time":"2014-05-31T00:54:01+00:00","twitter:card":"summary_large_image","twitter:title":"La Quincena Musical de San Sebasti\u00e1n cumple 75 a\u00f1os con un programa \u00abredondo\u00bb | El Digital de Asturias","twitter:description":"San Sebasti\u00e1n, 30 may (EFE).- La Quincena Musical de San Sebasti\u00e1n ha organizado una programaci\u00f3n &quot;redonda&quot; para celebrar su 75 aniversario a partir del 1 de agosto, jornada inaugural de este festival, el m\u00e1s antiguo de Espa\u00f1a, que en consonancia con sus or\u00edgenes populares estar\u00e1 al alcance de todos los bolsillos. &quot;Nadie quedar\u00e1 fuera&quot;, ha","twitter:image":"https:\/\/eldigitaldeasturias.com\/magazine365\/wp-content\/uploads\/2014\/05\/6318114w.jpg"},"aioseo_meta_data":{"post_id":"14491","title":null,"description":null,"keywords":null,"keyphrases":null,"primary_term":null,"canonical_url":null,"og_title":null,"og_description":null,"og_object_type":"default","og_image_type":"default","og_image_url":null,"og_image_width":null,"og_image_height":null,"og_image_custom_url":null,"og_image_custom_fields":null,"og_video":null,"og_custom_url":null,"og_article_section":null,"og_article_tags":null,"twitter_use_og":false,"twitter_card":"default","twitter_image_type":"default","twitter_image_url":null,"twitter_image_custom_url":null,"twitter_image_custom_fields":null,"twitter_title":null,"twitter_description":null,"schema":{"blockGraphs":[],"customGraphs":[],"default":{"data":{"Article":[],"Course":[],"Dataset":[],"FAQPage":[],"Movie":[],"Person":[],"Product":[],"ProductReview":[],"Car":[],"Recipe":[],"Service":[],"SoftwareApplication":[],"WebPage":[]},"graphName":"","isEnabled":true},"graphs":[],"defaultGraph":"","defaultPostTypeGraph":""},"schema_type":null,"schema_type_options":null,"pillar_content":false,"robots_default":true,"robots_noindex":false,"robots_noarchive":false,"robots_nosnippet":false,"robots_nofollow":false,"robots_noimageindex":false,"robots_noodp":false,"robots_notranslate":false,"robots_max_snippet":null,"robots_max_videopreview":null,"robots_max_imagepreview":"large","priority":null,"frequency":null,"location":null,"local_seo":null,"seo_analyzer_scan_date":"2025-09-17 10:13:59","breadcrumb_settings":null,"limit_modified_date":false,"open_ai":null,"ai":null,"created":"2021-03-09 08:14:49","updated":"2025-09-17 10:13:59"},"aioseo_breadcrumb":"<div class=\"aioseo-breadcrumbs\"><span class=\"aioseo-breadcrumb\">\n\t<a href=\"https:\/\/eldigitaldeasturias.com\/magazine365\" title=\"Home\">Home<\/a>\n<\/span><span class=\"aioseo-breadcrumb-separator\">\u2013<\/span><span class=\"aioseo-breadcrumb\">\n\t<a href=\"https:\/\/eldigitaldeasturias.com\/magazine365\/category\/noticias-actualidad\/\" title=\"Noticias y Actualidad\">Noticias y Actualidad<\/a>\n<\/span><span class=\"aioseo-breadcrumb-separator\">\u2013<\/span><span class=\"aioseo-breadcrumb\">\n\t<a href=\"https:\/\/eldigitaldeasturias.com\/magazine365\/la-quincena-musical-de-san-sebastian-cumple-75-anos-con-un-programa-redondo\/\" title=\"La Quincena Musical de San Sebasti\u00e1n cumple 75 a\u00f1os con un programa \u00abredondo\u00bb\">La Quincena Musical de San Sebasti\u00e1n cumple 75 a\u00f1os con un programa \u00abredondo\u00bb<\/a>\n<\/span><\/div>","aioseo_breadcrumb_json":[{"label":"Home","link":"https:\/\/eldigitaldeasturias.com\/magazine365"},{"label":"Noticias y Actualidad","link":"https:\/\/eldigitaldeasturias.com\/magazine365\/category\/noticias-actualidad\/"},{"label":"La Quincena Musical de San Sebasti\u00e1n cumple 75 a\u00f1os con un programa \u00abredondo\u00bb","link":"https:\/\/eldigitaldeasturias.com\/magazine365\/la-quincena-musical-de-san-sebastian-cumple-75-anos-con-un-programa-redondo\/"}],"_links":{"self":[{"href":"https:\/\/eldigitaldeasturias.com\/magazine365\/wp-json\/wp\/v2\/posts\/14491","targetHints":{"allow":["GET"]}}],"collection":[{"href":"https:\/\/eldigitaldeasturias.com\/magazine365\/wp-json\/wp\/v2\/posts"}],"about":[{"href":"https:\/\/eldigitaldeasturias.com\/magazine365\/wp-json\/wp\/v2\/types\/post"}],"author":[{"embeddable":true,"href":"https:\/\/eldigitaldeasturias.com\/magazine365\/wp-json\/wp\/v2\/users\/1"}],"replies":[{"embeddable":true,"href":"https:\/\/eldigitaldeasturias.com\/magazine365\/wp-json\/wp\/v2\/comments?post=14491"}],"version-history":[{"count":0,"href":"https:\/\/eldigitaldeasturias.com\/magazine365\/wp-json\/wp\/v2\/posts\/14491\/revisions"}],"wp:featuredmedia":[{"embeddable":true,"href":"https:\/\/eldigitaldeasturias.com\/magazine365\/wp-json\/wp\/v2\/media\/14492"}],"wp:attachment":[{"href":"https:\/\/eldigitaldeasturias.com\/magazine365\/wp-json\/wp\/v2\/media?parent=14491"}],"wp:term":[{"taxonomy":"category","embeddable":true,"href":"https:\/\/eldigitaldeasturias.com\/magazine365\/wp-json\/wp\/v2\/categories?post=14491"},{"taxonomy":"post_tag","embeddable":true,"href":"https:\/\/eldigitaldeasturias.com\/magazine365\/wp-json\/wp\/v2\/tags?post=14491"}],"curies":[{"name":"wp","href":"https:\/\/api.w.org\/{rel}","templated":true}]}}