{"id":14488,"date":"2014-05-30T22:52:35","date_gmt":"2014-05-31T00:52:35","guid":{"rendered":"http:\/\/eldigitaldeasturias.com\/magazine365\/?p=14488"},"modified":"2014-05-30T22:52:35","modified_gmt":"2014-05-31T00:52:35","slug":"conciertos-con-clase-y-exclusivos-marcaran-el-38-festival-de-jazz-de-vitoria","status":"publish","type":"post","link":"https:\/\/eldigitaldeasturias.com\/magazine365\/conciertos-con-clase-y-exclusivos-marcaran-el-38-festival-de-jazz-de-vitoria\/","title":{"rendered":"Conciertos con clase y exclusivos marcar\u00e1n el 38 Festival de Jazz de Vitoria"},"content":{"rendered":"<p><img fetchpriority=\"high\" decoding=\"async\" class=\"alignleft size-medium wp-image-14489\" alt=\"6318107w\" src=\"https:\/\/eldigitaldeasturias.com\/magazine365\/wp-content\/uploads\/2014\/05\/6318107w-360x239.jpg\" width=\"360\" height=\"239\" \/>Vitoria, 30 may (EFE).- El Festival de Jazz de Vitoria ofrecer\u00e1 en su 38 edici\u00f3n 56 conciertos \u00abcon clase\u00bb, muchos de ellos exclusivos, como el estreno mundial del disco \u00abChano y Josele\u00bb, y espera llenar Mendizorroza en la noche dedicada a Cuba.<\/p>\n<p>En la noche dedicada a Cuba actuar\u00e1n Chucho Vald\u00e9s y Omara Portuondo con la Orquesta Buena Vista Social Club, seg\u00fan han anunciado hoy los organizadores del certamen al presentar los \u00faltimos detalles del programa, que ya se hab\u00eda avanzado.<\/p>\n<p>Una de las novedades con respecto a la edici\u00f3n anterior es que ser\u00e1n seis d\u00edas de conciertos -del 14 al 19 de julio- y no cinco. En los dos \u00faltimos a\u00f1os, el festival hab\u00eda visto reducida su duraci\u00f3n en un d\u00eda ya que contaba con menos presupuesto debido a los recortes.<\/p>\n<p>Este a\u00f1o, ha logrado incrementar su presupuesto hasta los 818.000 euros (en 2013 tuvo 750.000) despu\u00e9s de que el Gobierno Vasco haya aumentado la subvenci\u00f3n para este certamen de los 86.000 euros de 2013 a los 146.000 euros.<\/p>\n<p>Los datos han sido dados a conocer por el presidente del Festival de Jazz de Vitoria, I\u00f1aki A\u00f1ua, y para dejar constancia del efecto que ha tenido la crisis y los recortes en el festival, ha recordado que en 2006 ten\u00edan un presupuesto de 1,3 millones de euros.<\/p>\n<p>En su comparecencia, A\u00f1ua ha opinado que ninguna otra actividad cultural en Vitoria tiene una audiencia y un valor publicitario igual y ha destacado la colaboraci\u00f3n que existe con los festivales de Getxo y de San Sebasti\u00e1n, con los que har\u00e1n una campa\u00f1a conjunta de difusi\u00f3n de los tres cert\u00e1menes.<\/p>\n<p>En cuanto al cartel de este a\u00f1o, ha destacado que la 38 edici\u00f3n arrancar\u00e1 el lunes 14 con \u00abel mejor grupo vocal del planeta\u00bb dentro del gospel, Take 6, una de las formaciones m\u00e1s premiadas de la historia.<\/p>\n<p>El martes 15 el pianista Chano Dom\u00ednguez y el guitarrista Ni\u00f1o Josele presentar\u00e1n su disco y har\u00e1n un homenaje a Paco de Luc\u00eda, con el que compartieron escenario en Mendizorroza en ediciones anteriores.<\/p>\n<p>El mi\u00e9rcoles 16 Vitoria volver\u00e1 a disfrutar de la vocalista Noa y por primera vez escuchar\u00e1 a Miguel Poveda, una de las grandes voces espa\u00f1olas dentro del flamenco, que despu\u00e9s de sus conciertos por separado, sorprender\u00e1n a la audiencia con una fusi\u00f3n de ambos.<\/p>\n<p>El jueves 17 iniciar\u00e1 la velada Troy \u00abTrombone Shorty\u00bb Andrews, el n\u00famero uno de los trombonistas, y le seguir\u00e1 el polifac\u00e9tico Dr.John, con un homenaje a \u00abLouis Armstrong\u00bb.<\/p>\n<p>El viernes 18 ser\u00e1 la noche del cuarteto de estrellas Richard Bona, Manu Katch\u00e9, Stefano di Battista y Eric Legnini, en una primera parte. El final de la velada lo protagonizar\u00e1 el compositor y cantante canadiense Paul Anka, que presentar\u00e1 su \u00abRock Swings\u00bb con canciones de Bon Jovi, Michael Jackson, REM, Eric Clapton, Oasis o Nirvana.<\/p>\n<p>La guinda del festival llegar\u00e1 el s\u00e1bado 19 con una noche dedicada a Cuba, que tendr\u00e1 como protagonistas al pianista Chucho Vald\u00e9s y tras \u00e9l, la Orquesta Buena Vista Social Club recalar\u00e1 en Vitoria con su gira mundial de despedida \u00abAdios Tour\u00bb, que promete hacer bailar con sus sones, guajiras, boleros y rumbas.<\/p>\n","protected":false},"excerpt":{"rendered":"<p>Vitoria, 30 may (EFE).- El Festival de Jazz de Vitoria ofrecer\u00e1 en su 38 edici\u00f3n 56 conciertos \u00abcon clase\u00bb, muchos de ellos exclusivos, como el estreno mundial del disco \u00abChano y Josele\u00bb, y espera llenar Mendizorroza en la noche dedicada a Cuba. En la noche dedicada a Cuba actuar\u00e1n Chucho Vald\u00e9s y Omara Portuondo con<\/p>\n","protected":false},"author":1,"featured_media":14489,"comment_status":"open","ping_status":"closed","sticky":false,"template":"","format":"standard","meta":{"footnotes":""},"categories":[224],"tags":[],"class_list":{"0":"post-14488","1":"post","2":"type-post","3":"status-publish","4":"format-standard","5":"has-post-thumbnail","7":"category-noticias-actualidad"},"aioseo_notices":[],"aioseo_head":"\n\t\t<!-- All in One SEO Pro 4.9.6.1 - aioseo.com -->\n\t<meta name=\"description\" content=\"Vitoria, 30 may (EFE).- El Festival de Jazz de Vitoria ofrecer\u00e1 en su 38 edici\u00f3n 56 conciertos &quot;con clase&quot;, muchos de ellos exclusivos, como el estreno mundial del disco &quot;Chano y Josele&quot;, y espera llenar Mendizorroza en la noche dedicada a Cuba. En la noche dedicada a Cuba actuar\u00e1n Chucho Vald\u00e9s y Omara Portuondo con\" \/>\n\t<meta name=\"robots\" content=\"max-image-preview:large\" \/>\n\t<meta name=\"author\" content=\"admin\"\/>\n\t<meta name=\"google-site-verification\" content=\"UA-38556648-1\" \/>\n\t<meta name=\"keywords\" content=\"noticias y actualidad\" \/>\n\t<link rel=\"canonical\" href=\"https:\/\/eldigitaldeasturias.com\/magazine365\/conciertos-con-clase-y-exclusivos-marcaran-el-38-festival-de-jazz-de-vitoria\/\" \/>\n\t<meta name=\"generator\" content=\"All in One SEO Pro (AIOSEO) 4.9.6.1\" \/>\n\t\t<meta property=\"og:locale\" content=\"es_ES\" \/>\n\t\t<meta property=\"og:site_name\" content=\"El Digital de Asturias \u2013 Revista de ocio, turismo y estilo de vida\" \/>\n\t\t<meta property=\"og:type\" content=\"article\" \/>\n\t\t<meta property=\"og:title\" content=\"Conciertos con clase y exclusivos marcar\u00e1n el 38 Festival de Jazz de Vitoria | El Digital de Asturias\" \/>\n\t\t<meta property=\"og:description\" content=\"Vitoria, 30 may (EFE).- El Festival de Jazz de Vitoria ofrecer\u00e1 en su 38 edici\u00f3n 56 conciertos &quot;con clase&quot;, muchos de ellos exclusivos, como el estreno mundial del disco &quot;Chano y Josele&quot;, y espera llenar Mendizorroza en la noche dedicada a Cuba. En la noche dedicada a Cuba actuar\u00e1n Chucho Vald\u00e9s y Omara Portuondo con\" \/>\n\t\t<meta property=\"og:url\" content=\"https:\/\/eldigitaldeasturias.com\/magazine365\/conciertos-con-clase-y-exclusivos-marcaran-el-38-festival-de-jazz-de-vitoria\/\" \/>\n\t\t<meta property=\"og:image\" content=\"https:\/\/eldigitaldeasturias.com\/magazine365\/wp-content\/uploads\/2014\/05\/6318107w.jpg\" \/>\n\t\t<meta property=\"og:image:secure_url\" content=\"https:\/\/eldigitaldeasturias.com\/magazine365\/wp-content\/uploads\/2014\/05\/6318107w.jpg\" \/>\n\t\t<meta property=\"og:image:width\" content=\"800\" \/>\n\t\t<meta property=\"og:image:height\" content=\"533\" \/>\n\t\t<meta property=\"article:published_time\" content=\"2014-05-31T00:52:35+00:00\" \/>\n\t\t<meta property=\"article:modified_time\" content=\"2014-05-31T00:52:35+00:00\" \/>\n\t\t<meta name=\"twitter:card\" content=\"summary_large_image\" \/>\n\t\t<meta name=\"twitter:title\" content=\"Conciertos con clase y exclusivos marcar\u00e1n el 38 Festival de Jazz de Vitoria | El Digital de Asturias\" \/>\n\t\t<meta name=\"twitter:description\" content=\"Vitoria, 30 may (EFE).- El Festival de Jazz de Vitoria ofrecer\u00e1 en su 38 edici\u00f3n 56 conciertos &quot;con clase&quot;, muchos de ellos exclusivos, como el estreno mundial del disco &quot;Chano y Josele&quot;, y espera llenar Mendizorroza en la noche dedicada a Cuba. En la noche dedicada a Cuba actuar\u00e1n Chucho Vald\u00e9s y Omara Portuondo con\" \/>\n\t\t<meta name=\"twitter:image\" content=\"https:\/\/eldigitaldeasturias.com\/magazine365\/wp-content\/uploads\/2014\/05\/6318107w.jpg\" \/>\n\t\t<script type=\"application\/ld+json\" class=\"aioseo-schema\">\n\t\t\t{\"@context\":\"https:\\\/\\\/schema.org\",\"@graph\":[{\"@type\":\"Article\",\"@id\":\"https:\\\/\\\/eldigitaldeasturias.com\\\/magazine365\\\/conciertos-con-clase-y-exclusivos-marcaran-el-38-festival-de-jazz-de-vitoria\\\/#article\",\"name\":\"Conciertos con clase y exclusivos marcar\\u00e1n el 38 Festival de Jazz de Vitoria | El Digital de Asturias\",\"headline\":\"Conciertos con clase y exclusivos marcar\\u00e1n el 38 Festival de Jazz de Vitoria\",\"author\":{\"@id\":\"https:\\\/\\\/eldigitaldeasturias.com\\\/magazine365\\\/author\\\/admin\\\/#author\"},\"publisher\":{\"@id\":\"https:\\\/\\\/eldigitaldeasturias.com\\\/magazine365\\\/#organization\"},\"image\":{\"@type\":\"ImageObject\",\"url\":\"https:\\\/\\\/eldigitaldeasturias.com\\\/magazine365\\\/wp-content\\\/uploads\\\/2014\\\/05\\\/6318107w.jpg\",\"width\":800,\"height\":533},\"datePublished\":\"2014-05-30T22:52:35+02:00\",\"dateModified\":\"2014-05-30T22:52:35+02:00\",\"inLanguage\":\"es-ES\",\"mainEntityOfPage\":{\"@id\":\"https:\\\/\\\/eldigitaldeasturias.com\\\/magazine365\\\/conciertos-con-clase-y-exclusivos-marcaran-el-38-festival-de-jazz-de-vitoria\\\/#webpage\"},\"isPartOf\":{\"@id\":\"https:\\\/\\\/eldigitaldeasturias.com\\\/magazine365\\\/conciertos-con-clase-y-exclusivos-marcaran-el-38-festival-de-jazz-de-vitoria\\\/#webpage\"},\"articleSection\":\"Noticias y Actualidad\"},{\"@type\":\"BreadcrumbList\",\"@id\":\"https:\\\/\\\/eldigitaldeasturias.com\\\/magazine365\\\/conciertos-con-clase-y-exclusivos-marcaran-el-38-festival-de-jazz-de-vitoria\\\/#breadcrumblist\",\"itemListElement\":[{\"@type\":\"ListItem\",\"@id\":\"https:\\\/\\\/eldigitaldeasturias.com\\\/magazine365#listItem\",\"position\":1,\"name\":\"Home\",\"item\":\"https:\\\/\\\/eldigitaldeasturias.com\\\/magazine365\",\"nextItem\":{\"@type\":\"ListItem\",\"@id\":\"https:\\\/\\\/eldigitaldeasturias.com\\\/magazine365\\\/category\\\/noticias-actualidad\\\/#listItem\",\"name\":\"Noticias y Actualidad\"}},{\"@type\":\"ListItem\",\"@id\":\"https:\\\/\\\/eldigitaldeasturias.com\\\/magazine365\\\/category\\\/noticias-actualidad\\\/#listItem\",\"position\":2,\"name\":\"Noticias y Actualidad\",\"item\":\"https:\\\/\\\/eldigitaldeasturias.com\\\/magazine365\\\/category\\\/noticias-actualidad\\\/\",\"nextItem\":{\"@type\":\"ListItem\",\"@id\":\"https:\\\/\\\/eldigitaldeasturias.com\\\/magazine365\\\/conciertos-con-clase-y-exclusivos-marcaran-el-38-festival-de-jazz-de-vitoria\\\/#listItem\",\"name\":\"Conciertos con clase y exclusivos marcar\\u00e1n el 38 Festival de Jazz de Vitoria\"},\"previousItem\":{\"@type\":\"ListItem\",\"@id\":\"https:\\\/\\\/eldigitaldeasturias.com\\\/magazine365#listItem\",\"name\":\"Home\"}},{\"@type\":\"ListItem\",\"@id\":\"https:\\\/\\\/eldigitaldeasturias.com\\\/magazine365\\\/conciertos-con-clase-y-exclusivos-marcaran-el-38-festival-de-jazz-de-vitoria\\\/#listItem\",\"position\":3,\"name\":\"Conciertos con clase y exclusivos marcar\\u00e1n el 38 Festival de Jazz de Vitoria\",\"previousItem\":{\"@type\":\"ListItem\",\"@id\":\"https:\\\/\\\/eldigitaldeasturias.com\\\/magazine365\\\/category\\\/noticias-actualidad\\\/#listItem\",\"name\":\"Noticias y Actualidad\"}}]},{\"@type\":\"Organization\",\"@id\":\"https:\\\/\\\/eldigitaldeasturias.com\\\/magazine365\\\/#organization\",\"name\":\"El digital de Asturias\",\"description\":\"Revista de ocio, turismo y estilo de vida\",\"url\":\"https:\\\/\\\/eldigitaldeasturias.com\\\/magazine365\\\/\",\"logo\":{\"@type\":\"ImageObject\",\"url\":\"https:\\\/\\\/www.eldigitaldeasturias.com\\\/noticias\\\/wp-content\\\/uploads\\\/2020\\\/12\\\/EDA.jpg\",\"@id\":\"https:\\\/\\\/eldigitaldeasturias.com\\\/magazine365\\\/conciertos-con-clase-y-exclusivos-marcaran-el-38-festival-de-jazz-de-vitoria\\\/#organizationLogo\"},\"image\":{\"@id\":\"https:\\\/\\\/eldigitaldeasturias.com\\\/magazine365\\\/conciertos-con-clase-y-exclusivos-marcaran-el-38-festival-de-jazz-de-vitoria\\\/#organizationLogo\"}},{\"@type\":\"Person\",\"@id\":\"https:\\\/\\\/eldigitaldeasturias.com\\\/magazine365\\\/author\\\/admin\\\/#author\",\"url\":\"https:\\\/\\\/eldigitaldeasturias.com\\\/magazine365\\\/author\\\/admin\\\/\",\"name\":\"admin\",\"image\":{\"@type\":\"ImageObject\",\"@id\":\"https:\\\/\\\/eldigitaldeasturias.com\\\/magazine365\\\/conciertos-con-clase-y-exclusivos-marcaran-el-38-festival-de-jazz-de-vitoria\\\/#authorImage\",\"url\":\"https:\\\/\\\/eldigitaldeasturias.com\\\/magazine365\\\/wp-content\\\/litespeed\\\/avatar\\\/e571bcf59a0edd6fa6838245a470f2fe.jpg?ver=1777574230\",\"width\":96,\"height\":96,\"caption\":\"admin\"}},{\"@type\":\"WebPage\",\"@id\":\"https:\\\/\\\/eldigitaldeasturias.com\\\/magazine365\\\/conciertos-con-clase-y-exclusivos-marcaran-el-38-festival-de-jazz-de-vitoria\\\/#webpage\",\"url\":\"https:\\\/\\\/eldigitaldeasturias.com\\\/magazine365\\\/conciertos-con-clase-y-exclusivos-marcaran-el-38-festival-de-jazz-de-vitoria\\\/\",\"name\":\"Conciertos con clase y exclusivos marcar\\u00e1n el 38 Festival de Jazz de Vitoria | El Digital de Asturias\",\"description\":\"Vitoria, 30 may (EFE).- El Festival de Jazz de Vitoria ofrecer\\u00e1 en su 38 edici\\u00f3n 56 conciertos \\\"con clase\\\", muchos de ellos exclusivos, como el estreno mundial del disco \\\"Chano y Josele\\\", y espera llenar Mendizorroza en la noche dedicada a Cuba. En la noche dedicada a Cuba actuar\\u00e1n Chucho Vald\\u00e9s y Omara Portuondo con\",\"inLanguage\":\"es-ES\",\"isPartOf\":{\"@id\":\"https:\\\/\\\/eldigitaldeasturias.com\\\/magazine365\\\/#website\"},\"breadcrumb\":{\"@id\":\"https:\\\/\\\/eldigitaldeasturias.com\\\/magazine365\\\/conciertos-con-clase-y-exclusivos-marcaran-el-38-festival-de-jazz-de-vitoria\\\/#breadcrumblist\"},\"author\":{\"@id\":\"https:\\\/\\\/eldigitaldeasturias.com\\\/magazine365\\\/author\\\/admin\\\/#author\"},\"creator\":{\"@id\":\"https:\\\/\\\/eldigitaldeasturias.com\\\/magazine365\\\/author\\\/admin\\\/#author\"},\"image\":{\"@type\":\"ImageObject\",\"url\":\"https:\\\/\\\/eldigitaldeasturias.com\\\/magazine365\\\/wp-content\\\/uploads\\\/2014\\\/05\\\/6318107w.jpg\",\"@id\":\"https:\\\/\\\/eldigitaldeasturias.com\\\/magazine365\\\/conciertos-con-clase-y-exclusivos-marcaran-el-38-festival-de-jazz-de-vitoria\\\/#mainImage\",\"width\":800,\"height\":533},\"primaryImageOfPage\":{\"@id\":\"https:\\\/\\\/eldigitaldeasturias.com\\\/magazine365\\\/conciertos-con-clase-y-exclusivos-marcaran-el-38-festival-de-jazz-de-vitoria\\\/#mainImage\"},\"datePublished\":\"2014-05-30T22:52:35+02:00\",\"dateModified\":\"2014-05-30T22:52:35+02:00\"},{\"@type\":\"WebSite\",\"@id\":\"https:\\\/\\\/eldigitaldeasturias.com\\\/magazine365\\\/#website\",\"url\":\"https:\\\/\\\/eldigitaldeasturias.com\\\/magazine365\\\/\",\"name\":\"El Digital de Asturias\",\"description\":\"Revista de ocio, turismo y estilo de vida\",\"inLanguage\":\"es-ES\",\"publisher\":{\"@id\":\"https:\\\/\\\/eldigitaldeasturias.com\\\/magazine365\\\/#organization\"}}]}\n\t\t<\/script>\n\t\t<!-- All in One SEO Pro -->\r\n\t\t<title>Conciertos con clase y exclusivos marcar\u00e1n el 38 Festival de Jazz de Vitoria | El Digital de Asturias<\/title>\n\n","aioseo_head_json":{"title":"Conciertos con clase y exclusivos marcar\u00e1n el 38 Festival de Jazz de Vitoria | El Digital de Asturias","description":"Vitoria, 30 may (EFE).- El Festival de Jazz de Vitoria ofrecer\u00e1 en su 38 edici\u00f3n 56 conciertos \"con clase\", muchos de ellos exclusivos, como el estreno mundial del disco \"Chano y Josele\", y espera llenar Mendizorroza en la noche dedicada a Cuba. En la noche dedicada a Cuba actuar\u00e1n Chucho Vald\u00e9s y Omara Portuondo con","canonical_url":"https:\/\/eldigitaldeasturias.com\/magazine365\/conciertos-con-clase-y-exclusivos-marcaran-el-38-festival-de-jazz-de-vitoria\/","robots":"max-image-preview:large","keywords":"noticias y actualidad","webmasterTools":{"google-site-verification":"UA-38556648-1","miscellaneous":""},"schema":{"@context":"https:\/\/schema.org","@graph":[{"@type":"Article","@id":"https:\/\/eldigitaldeasturias.com\/magazine365\/conciertos-con-clase-y-exclusivos-marcaran-el-38-festival-de-jazz-de-vitoria\/#article","name":"Conciertos con clase y exclusivos marcar\u00e1n el 38 Festival de Jazz de Vitoria | El Digital de Asturias","headline":"Conciertos con clase y exclusivos marcar\u00e1n el 38 Festival de Jazz de Vitoria","author":{"@id":"https:\/\/eldigitaldeasturias.com\/magazine365\/author\/admin\/#author"},"publisher":{"@id":"https:\/\/eldigitaldeasturias.com\/magazine365\/#organization"},"image":{"@type":"ImageObject","url":"https:\/\/eldigitaldeasturias.com\/magazine365\/wp-content\/uploads\/2014\/05\/6318107w.jpg","width":800,"height":533},"datePublished":"2014-05-30T22:52:35+02:00","dateModified":"2014-05-30T22:52:35+02:00","inLanguage":"es-ES","mainEntityOfPage":{"@id":"https:\/\/eldigitaldeasturias.com\/magazine365\/conciertos-con-clase-y-exclusivos-marcaran-el-38-festival-de-jazz-de-vitoria\/#webpage"},"isPartOf":{"@id":"https:\/\/eldigitaldeasturias.com\/magazine365\/conciertos-con-clase-y-exclusivos-marcaran-el-38-festival-de-jazz-de-vitoria\/#webpage"},"articleSection":"Noticias y Actualidad"},{"@type":"BreadcrumbList","@id":"https:\/\/eldigitaldeasturias.com\/magazine365\/conciertos-con-clase-y-exclusivos-marcaran-el-38-festival-de-jazz-de-vitoria\/#breadcrumblist","itemListElement":[{"@type":"ListItem","@id":"https:\/\/eldigitaldeasturias.com\/magazine365#listItem","position":1,"name":"Home","item":"https:\/\/eldigitaldeasturias.com\/magazine365","nextItem":{"@type":"ListItem","@id":"https:\/\/eldigitaldeasturias.com\/magazine365\/category\/noticias-actualidad\/#listItem","name":"Noticias y Actualidad"}},{"@type":"ListItem","@id":"https:\/\/eldigitaldeasturias.com\/magazine365\/category\/noticias-actualidad\/#listItem","position":2,"name":"Noticias y Actualidad","item":"https:\/\/eldigitaldeasturias.com\/magazine365\/category\/noticias-actualidad\/","nextItem":{"@type":"ListItem","@id":"https:\/\/eldigitaldeasturias.com\/magazine365\/conciertos-con-clase-y-exclusivos-marcaran-el-38-festival-de-jazz-de-vitoria\/#listItem","name":"Conciertos con clase y exclusivos marcar\u00e1n el 38 Festival de Jazz de Vitoria"},"previousItem":{"@type":"ListItem","@id":"https:\/\/eldigitaldeasturias.com\/magazine365#listItem","name":"Home"}},{"@type":"ListItem","@id":"https:\/\/eldigitaldeasturias.com\/magazine365\/conciertos-con-clase-y-exclusivos-marcaran-el-38-festival-de-jazz-de-vitoria\/#listItem","position":3,"name":"Conciertos con clase y exclusivos marcar\u00e1n el 38 Festival de Jazz de Vitoria","previousItem":{"@type":"ListItem","@id":"https:\/\/eldigitaldeasturias.com\/magazine365\/category\/noticias-actualidad\/#listItem","name":"Noticias y Actualidad"}}]},{"@type":"Organization","@id":"https:\/\/eldigitaldeasturias.com\/magazine365\/#organization","name":"El digital de Asturias","description":"Revista de ocio, turismo y estilo de vida","url":"https:\/\/eldigitaldeasturias.com\/magazine365\/","logo":{"@type":"ImageObject","url":"https:\/\/www.eldigitaldeasturias.com\/noticias\/wp-content\/uploads\/2020\/12\/EDA.jpg","@id":"https:\/\/eldigitaldeasturias.com\/magazine365\/conciertos-con-clase-y-exclusivos-marcaran-el-38-festival-de-jazz-de-vitoria\/#organizationLogo"},"image":{"@id":"https:\/\/eldigitaldeasturias.com\/magazine365\/conciertos-con-clase-y-exclusivos-marcaran-el-38-festival-de-jazz-de-vitoria\/#organizationLogo"}},{"@type":"Person","@id":"https:\/\/eldigitaldeasturias.com\/magazine365\/author\/admin\/#author","url":"https:\/\/eldigitaldeasturias.com\/magazine365\/author\/admin\/","name":"admin","image":{"@type":"ImageObject","@id":"https:\/\/eldigitaldeasturias.com\/magazine365\/conciertos-con-clase-y-exclusivos-marcaran-el-38-festival-de-jazz-de-vitoria\/#authorImage","url":"https:\/\/eldigitaldeasturias.com\/magazine365\/wp-content\/litespeed\/avatar\/e571bcf59a0edd6fa6838245a470f2fe.jpg?ver=1777574230","width":96,"height":96,"caption":"admin"}},{"@type":"WebPage","@id":"https:\/\/eldigitaldeasturias.com\/magazine365\/conciertos-con-clase-y-exclusivos-marcaran-el-38-festival-de-jazz-de-vitoria\/#webpage","url":"https:\/\/eldigitaldeasturias.com\/magazine365\/conciertos-con-clase-y-exclusivos-marcaran-el-38-festival-de-jazz-de-vitoria\/","name":"Conciertos con clase y exclusivos marcar\u00e1n el 38 Festival de Jazz de Vitoria | El Digital de Asturias","description":"Vitoria, 30 may (EFE).- El Festival de Jazz de Vitoria ofrecer\u00e1 en su 38 edici\u00f3n 56 conciertos \"con clase\", muchos de ellos exclusivos, como el estreno mundial del disco \"Chano y Josele\", y espera llenar Mendizorroza en la noche dedicada a Cuba. En la noche dedicada a Cuba actuar\u00e1n Chucho Vald\u00e9s y Omara Portuondo con","inLanguage":"es-ES","isPartOf":{"@id":"https:\/\/eldigitaldeasturias.com\/magazine365\/#website"},"breadcrumb":{"@id":"https:\/\/eldigitaldeasturias.com\/magazine365\/conciertos-con-clase-y-exclusivos-marcaran-el-38-festival-de-jazz-de-vitoria\/#breadcrumblist"},"author":{"@id":"https:\/\/eldigitaldeasturias.com\/magazine365\/author\/admin\/#author"},"creator":{"@id":"https:\/\/eldigitaldeasturias.com\/magazine365\/author\/admin\/#author"},"image":{"@type":"ImageObject","url":"https:\/\/eldigitaldeasturias.com\/magazine365\/wp-content\/uploads\/2014\/05\/6318107w.jpg","@id":"https:\/\/eldigitaldeasturias.com\/magazine365\/conciertos-con-clase-y-exclusivos-marcaran-el-38-festival-de-jazz-de-vitoria\/#mainImage","width":800,"height":533},"primaryImageOfPage":{"@id":"https:\/\/eldigitaldeasturias.com\/magazine365\/conciertos-con-clase-y-exclusivos-marcaran-el-38-festival-de-jazz-de-vitoria\/#mainImage"},"datePublished":"2014-05-30T22:52:35+02:00","dateModified":"2014-05-30T22:52:35+02:00"},{"@type":"WebSite","@id":"https:\/\/eldigitaldeasturias.com\/magazine365\/#website","url":"https:\/\/eldigitaldeasturias.com\/magazine365\/","name":"El Digital de Asturias","description":"Revista de ocio, turismo y estilo de vida","inLanguage":"es-ES","publisher":{"@id":"https:\/\/eldigitaldeasturias.com\/magazine365\/#organization"}}]},"og:locale":"es_ES","og:site_name":"El Digital de Asturias \u2013 Revista de ocio, turismo y estilo de vida","og:type":"article","og:title":"Conciertos con clase y exclusivos marcar\u00e1n el 38 Festival de Jazz de Vitoria | El Digital de Asturias","og:description":"Vitoria, 30 may (EFE).- El Festival de Jazz de Vitoria ofrecer\u00e1 en su 38 edici\u00f3n 56 conciertos &quot;con clase&quot;, muchos de ellos exclusivos, como el estreno mundial del disco &quot;Chano y Josele&quot;, y espera llenar Mendizorroza en la noche dedicada a Cuba. En la noche dedicada a Cuba actuar\u00e1n Chucho Vald\u00e9s y Omara Portuondo con","og:url":"https:\/\/eldigitaldeasturias.com\/magazine365\/conciertos-con-clase-y-exclusivos-marcaran-el-38-festival-de-jazz-de-vitoria\/","og:image":"https:\/\/eldigitaldeasturias.com\/magazine365\/wp-content\/uploads\/2014\/05\/6318107w.jpg","og:image:secure_url":"https:\/\/eldigitaldeasturias.com\/magazine365\/wp-content\/uploads\/2014\/05\/6318107w.jpg","og:image:width":800,"og:image:height":533,"article:published_time":"2014-05-31T00:52:35+00:00","article:modified_time":"2014-05-31T00:52:35+00:00","twitter:card":"summary_large_image","twitter:title":"Conciertos con clase y exclusivos marcar\u00e1n el 38 Festival de Jazz de Vitoria | El Digital de Asturias","twitter:description":"Vitoria, 30 may (EFE).- El Festival de Jazz de Vitoria ofrecer\u00e1 en su 38 edici\u00f3n 56 conciertos &quot;con clase&quot;, muchos de ellos exclusivos, como el estreno mundial del disco &quot;Chano y Josele&quot;, y espera llenar Mendizorroza en la noche dedicada a Cuba. En la noche dedicada a Cuba actuar\u00e1n Chucho Vald\u00e9s y Omara Portuondo con","twitter:image":"https:\/\/eldigitaldeasturias.com\/magazine365\/wp-content\/uploads\/2014\/05\/6318107w.jpg"},"aioseo_meta_data":{"post_id":"14488","title":null,"description":null,"keywords":null,"keyphrases":null,"primary_term":null,"canonical_url":null,"og_title":null,"og_description":null,"og_object_type":"default","og_image_type":"default","og_image_url":null,"og_image_width":null,"og_image_height":null,"og_image_custom_url":null,"og_image_custom_fields":null,"og_video":null,"og_custom_url":null,"og_article_section":null,"og_article_tags":null,"twitter_use_og":false,"twitter_card":"default","twitter_image_type":"default","twitter_image_url":null,"twitter_image_custom_url":null,"twitter_image_custom_fields":null,"twitter_title":null,"twitter_description":null,"schema":{"blockGraphs":[],"customGraphs":[],"default":{"data":{"Article":[],"Course":[],"Dataset":[],"FAQPage":[],"Movie":[],"Person":[],"Product":[],"ProductReview":[],"Car":[],"Recipe":[],"Service":[],"SoftwareApplication":[],"WebPage":[]},"graphName":"","isEnabled":true},"graphs":[],"defaultGraph":"","defaultPostTypeGraph":""},"schema_type":null,"schema_type_options":null,"pillar_content":false,"robots_default":true,"robots_noindex":false,"robots_noarchive":false,"robots_nosnippet":false,"robots_nofollow":false,"robots_noimageindex":false,"robots_noodp":false,"robots_notranslate":false,"robots_max_snippet":null,"robots_max_videopreview":null,"robots_max_imagepreview":"large","priority":null,"frequency":null,"location":null,"local_seo":null,"seo_analyzer_scan_date":"2025-09-17 10:12:10","breadcrumb_settings":null,"limit_modified_date":false,"open_ai":null,"ai":null,"created":"2021-03-09 08:14:49","updated":"2025-09-17 10:12:10"},"aioseo_breadcrumb":"<div class=\"aioseo-breadcrumbs\"><span class=\"aioseo-breadcrumb\">\n\t<a href=\"https:\/\/eldigitaldeasturias.com\/magazine365\" title=\"Home\">Home<\/a>\n<\/span><span class=\"aioseo-breadcrumb-separator\">\u2013<\/span><span class=\"aioseo-breadcrumb\">\n\t<a href=\"https:\/\/eldigitaldeasturias.com\/magazine365\/category\/noticias-actualidad\/\" title=\"Noticias y Actualidad\">Noticias y Actualidad<\/a>\n<\/span><span class=\"aioseo-breadcrumb-separator\">\u2013<\/span><span class=\"aioseo-breadcrumb\">\n\t<a href=\"https:\/\/eldigitaldeasturias.com\/magazine365\/conciertos-con-clase-y-exclusivos-marcaran-el-38-festival-de-jazz-de-vitoria\/\" title=\"Conciertos con clase y exclusivos marcar\u00e1n el 38 Festival de Jazz de Vitoria\">Conciertos con clase y exclusivos marcar\u00e1n el 38 Festival de Jazz de Vitoria<\/a>\n<\/span><\/div>","aioseo_breadcrumb_json":[{"label":"Home","link":"https:\/\/eldigitaldeasturias.com\/magazine365"},{"label":"Noticias y Actualidad","link":"https:\/\/eldigitaldeasturias.com\/magazine365\/category\/noticias-actualidad\/"},{"label":"Conciertos con clase y exclusivos marcar\u00e1n el 38 Festival de Jazz de Vitoria","link":"https:\/\/eldigitaldeasturias.com\/magazine365\/conciertos-con-clase-y-exclusivos-marcaran-el-38-festival-de-jazz-de-vitoria\/"}],"_links":{"self":[{"href":"https:\/\/eldigitaldeasturias.com\/magazine365\/wp-json\/wp\/v2\/posts\/14488","targetHints":{"allow":["GET"]}}],"collection":[{"href":"https:\/\/eldigitaldeasturias.com\/magazine365\/wp-json\/wp\/v2\/posts"}],"about":[{"href":"https:\/\/eldigitaldeasturias.com\/magazine365\/wp-json\/wp\/v2\/types\/post"}],"author":[{"embeddable":true,"href":"https:\/\/eldigitaldeasturias.com\/magazine365\/wp-json\/wp\/v2\/users\/1"}],"replies":[{"embeddable":true,"href":"https:\/\/eldigitaldeasturias.com\/magazine365\/wp-json\/wp\/v2\/comments?post=14488"}],"version-history":[{"count":0,"href":"https:\/\/eldigitaldeasturias.com\/magazine365\/wp-json\/wp\/v2\/posts\/14488\/revisions"}],"wp:featuredmedia":[{"embeddable":true,"href":"https:\/\/eldigitaldeasturias.com\/magazine365\/wp-json\/wp\/v2\/media\/14489"}],"wp:attachment":[{"href":"https:\/\/eldigitaldeasturias.com\/magazine365\/wp-json\/wp\/v2\/media?parent=14488"}],"wp:term":[{"taxonomy":"category","embeddable":true,"href":"https:\/\/eldigitaldeasturias.com\/magazine365\/wp-json\/wp\/v2\/categories?post=14488"},{"taxonomy":"post_tag","embeddable":true,"href":"https:\/\/eldigitaldeasturias.com\/magazine365\/wp-json\/wp\/v2\/tags?post=14488"}],"curies":[{"name":"wp","href":"https:\/\/api.w.org\/{rel}","templated":true}]}}