{"id":14485,"date":"2014-05-30T22:51:13","date_gmt":"2014-05-31T00:51:13","guid":{"rendered":"http:\/\/eldigitaldeasturias.com\/magazine365\/?p=14485"},"modified":"2014-05-30T22:51:13","modified_gmt":"2014-05-31T00:51:13","slug":"el-viraje-de-blackberry-hacia-el-internet-de-las-cosas","status":"publish","type":"post","link":"https:\/\/eldigitaldeasturias.com\/magazine365\/el-viraje-de-blackberry-hacia-el-internet-de-las-cosas\/","title":{"rendered":"El viraje de BlackBerry hacia el \u00abinternet de las cosas\u00bb"},"content":{"rendered":"<p><img fetchpriority=\"high\" decoding=\"async\" class=\"alignleft size-medium wp-image-14486\" alt=\"6317984w\" src=\"https:\/\/eldigitaldeasturias.com\/magazine365\/wp-content\/uploads\/2014\/05\/6317984w-360x238.jpg\" width=\"360\" height=\"238\" \/>Madrid, 30 may (EFE).- El viraje estrat\u00e9gico de la compa\u00f1\u00eda BlackBerry, centrada hasta el momento en la fabricaci\u00f3n de tel\u00e9fonos, para adentrarse ahora en el \u00abinternet de las cosas\u00bb con el proyecto Ion y extender as\u00ed su negocio m\u00e1s all\u00e1 de los terminales, supone un cambio radical en su modelo empresarial.<\/p>\n<p>En un mundo en plena expansi\u00f3n de dispositivos y sensores conectados con internet, BlackBerry ha anunciado recientemente en su blog su proyecto Ion para ofrecer herramientas y recursos que permitan a empresas y desarrolladores trabajar de forma segura, con una plataforma a escala global.<\/p>\n<p>Su iniciativa busca ayudar a filtrar de forma segura las ingentes cantidades de informaci\u00f3n manejada en este mundo de interconexi\u00f3n global, para facilitar la toma de decisiones a las empresas en tiempo real.<\/p>\n<p>Al parecer, la compa\u00f1\u00eda se resiste a abandonar el mercado pese a su encadenamiento de malos resultados y busca ahora con este movimiento despuntar en \u00e1mbitos distintos al que le dieran la gloria en tiempos pasados con sus exitosos tel\u00e9fonos m\u00f3viles, especialmente utilizados en entornos corporativos, con un rompedor sistema de comunicaci\u00f3n para aquella \u00e9poca.<\/p>\n<p>El consultor tecnol\u00f3gico Antonio Flores, de IDC, que es adem\u00e1s autor del que fuera el primer libro sobre BlackBerry en espa\u00f1ol, en 2008, ha tildado de \u00abcambio radical\u00bb el nuevo rumbo emprendido por esta empresa para adentrarse en este \u00abinternet de las cosas\u00bb.<\/p>\n<p>Actualmente, este sector de los tel\u00e9fonos m\u00f3viles de alta gama est\u00e1 sin embargo saturado; el mundo del terminal m\u00f3vil carece de margen para dar cabida a nuevos inquilinos, \u00abm\u00e1s all\u00e1 de las marcas blancas o tel\u00e9fonos de bajo coste\u00bb, seg\u00fan Flores.<\/p>\n<p>Ha recordado que la telefon\u00eda m\u00f3vil esta creciendo en mercados emergentes por encima de otros servicios, pero en esas econom\u00edas con escaso poder adquisitivo es dif\u00edcil competir con terminales poco competitivos en precio, como se exige.<\/p>\n<p>Aunque Blackberry podr\u00eda tener recorrido en esos mercados en cualquier caso, su participaci\u00f3n no ser\u00eda determinante \u00abcomo palanca para recuperar cuota de mercado\u00bb, ha explicado el experto.<\/p>\n<p>En su opini\u00f3n, el movimiento de BlackBerry para centrarse en el \u00absoftware\u00bb y la gesti\u00f3n de servicios, en lugar de s\u00f3lo en el \u00abhardware\u00bb como hasta ahora, tras anunciar su apuesta por el mundo del \u00abinternet de las cosas\u00bb, es una decisi\u00f3n que podr\u00eda llevar a la empresa hacia una evoluci\u00f3n similar a la de otras compa\u00f1\u00edas, como Ericsson.<\/p>\n<p>En el nuevo entorno del \u00abinternet de las cosas\u00bb, las soluciones cerradas y aisladas en las que se ha basado tradicionalmente BlackBerry para garantizar la seguridad de sus productos y servicios \u00abya no funciona\u00bb.<\/p>\n<p>Actualmente, el mercado demanda interoperabilidad y entornos multiplataforma, para la convivencia dentro de marcos tecnol\u00f3gicos heterog\u00e9neos.<\/p>\n<p>Por eso, ha a\u00f1adido, para recuperar cuota de mercado y competir, BlackBerry deber\u00e1 apostar por una estrategia de integraci\u00f3n con entornos abiertos.<\/p>\n<p>En este nuevo mercado dominado por la movilidad, \u00abla nube\u00bb, el \u00abbig data\u00bb (datos masivos) y las herramientas sociales, se necesita que los proveedores \u00abse hablen\u00bb entre ellos y se conecten al ecosistema tecnol\u00f3gico.<\/p>\n<p>El nuevo entorno de movilidad no se limita a la telefon\u00eda sino tambi\u00e9n a la mensajer\u00eda instant\u00e1nea y las redes sociales, ha dicho.<\/p>\n<p>Es natural que los proveedores acometan cambios en la evoluci\u00f3n de sus negocios, ha a\u00f1adido. De hecho, hace treinta a\u00f1os, el primer equipo de BlackBerry no fue precisamente un tel\u00e9fono sino un lector de correos electr\u00f3nicos con forma similar a una calculadora.<\/p>\n<p>A\u00f1os m\u00e1s tarde, hace aproximadamente una d\u00e9cada, BlackBerry se \u00ababri\u00f3 el mel\u00f3n\u00bb de la gesti\u00f3n corporativa de la movilidad y se hizo l\u00edder en un \u00e1mbito, en donde \u00aba\u00fan quedan muchas cuestiones que resolver\u00bb y en donde esta empresa \u00abpuede dar mucho que hablar todav\u00eda\u00bb.<\/p>\n<p>Por ejemplo, en lo relativo al llamado \u00abBring Your Own Device\u00bb (BYOD), que en espa\u00f1ol significa \u00ablleva tu propio dispositivo\u00bb y que tiene que ver con el h\u00e1bito de usar cada vez m\u00e1s en la empresa tel\u00e9fonos y tabletas electr\u00f3nicas personales, lo que exige soluciones seguras para garantizar la privacidad de los datos.<\/p>\n<p>En este \u00e1mbito en el que se diluyen lo personal y lo profesional, la mayor\u00eda de empresas se ven \u00abobligadas\u00bb a adoptar soluciones m\u00f3viles que no cubren todas sus expectativas, dado que a menudo la demanda se anticipa a Amaya Quincoces Riesco.la oferta.<\/p>\n<p>&nbsp;<\/p>\n","protected":false},"excerpt":{"rendered":"<p>Madrid, 30 may (EFE).- El viraje estrat\u00e9gico de la compa\u00f1\u00eda BlackBerry, centrada hasta el momento en la fabricaci\u00f3n de tel\u00e9fonos, para adentrarse ahora en el \u00abinternet de las cosas\u00bb con el proyecto Ion y extender as\u00ed su negocio m\u00e1s all\u00e1 de los terminales, supone un cambio radical en su modelo empresarial. En un mundo en<\/p>\n","protected":false},"author":1,"featured_media":14486,"comment_status":"open","ping_status":"closed","sticky":false,"template":"","format":"standard","meta":{"footnotes":""},"categories":[224],"tags":[],"class_list":{"0":"post-14485","1":"post","2":"type-post","3":"status-publish","4":"format-standard","5":"has-post-thumbnail","7":"category-noticias-actualidad"},"aioseo_notices":[],"aioseo_head":"\n\t\t<!-- All in One SEO Pro 4.9.6.1 - aioseo.com -->\n\t<meta name=\"description\" content=\"Madrid, 30 may (EFE).- El viraje estrat\u00e9gico de la compa\u00f1\u00eda BlackBerry, centrada hasta el momento en la fabricaci\u00f3n de tel\u00e9fonos, para adentrarse ahora en el &quot;internet de las cosas&quot; con el proyecto Ion y extender as\u00ed su negocio m\u00e1s all\u00e1 de los terminales, supone un cambio radical en su modelo empresarial. En un mundo en\" \/>\n\t<meta name=\"robots\" content=\"max-image-preview:large\" \/>\n\t<meta name=\"author\" content=\"admin\"\/>\n\t<meta name=\"google-site-verification\" content=\"UA-38556648-1\" \/>\n\t<meta name=\"keywords\" content=\"noticias y actualidad\" \/>\n\t<link rel=\"canonical\" href=\"https:\/\/eldigitaldeasturias.com\/magazine365\/el-viraje-de-blackberry-hacia-el-internet-de-las-cosas\/\" \/>\n\t<meta name=\"generator\" content=\"All in One SEO Pro (AIOSEO) 4.9.6.1\" \/>\n\t\t<meta property=\"og:locale\" content=\"es_ES\" \/>\n\t\t<meta property=\"og:site_name\" content=\"El Digital de Asturias \u2013 Revista de ocio, turismo y estilo de vida\" \/>\n\t\t<meta property=\"og:type\" content=\"article\" \/>\n\t\t<meta property=\"og:title\" content=\"El viraje de BlackBerry hacia el \u00abinternet de las cosas\u00bb | El Digital de Asturias\" \/>\n\t\t<meta property=\"og:description\" content=\"Madrid, 30 may (EFE).- El viraje estrat\u00e9gico de la compa\u00f1\u00eda BlackBerry, centrada hasta el momento en la fabricaci\u00f3n de tel\u00e9fonos, para adentrarse ahora en el &quot;internet de las cosas&quot; con el proyecto Ion y extender as\u00ed su negocio m\u00e1s all\u00e1 de los terminales, supone un cambio radical en su modelo empresarial. En un mundo en\" \/>\n\t\t<meta property=\"og:url\" content=\"https:\/\/eldigitaldeasturias.com\/magazine365\/el-viraje-de-blackberry-hacia-el-internet-de-las-cosas\/\" \/>\n\t\t<meta property=\"og:image\" content=\"https:\/\/eldigitaldeasturias.com\/magazine365\/wp-content\/uploads\/2014\/05\/6317984w.jpg\" \/>\n\t\t<meta property=\"og:image:secure_url\" content=\"https:\/\/eldigitaldeasturias.com\/magazine365\/wp-content\/uploads\/2014\/05\/6317984w.jpg\" \/>\n\t\t<meta property=\"og:image:width\" content=\"800\" \/>\n\t\t<meta property=\"og:image:height\" content=\"530\" \/>\n\t\t<meta property=\"article:published_time\" content=\"2014-05-31T00:51:13+00:00\" \/>\n\t\t<meta property=\"article:modified_time\" content=\"2014-05-31T00:51:13+00:00\" \/>\n\t\t<meta name=\"twitter:card\" content=\"summary_large_image\" \/>\n\t\t<meta name=\"twitter:title\" content=\"El viraje de BlackBerry hacia el \u00abinternet de las cosas\u00bb | El Digital de Asturias\" \/>\n\t\t<meta name=\"twitter:description\" content=\"Madrid, 30 may (EFE).- El viraje estrat\u00e9gico de la compa\u00f1\u00eda BlackBerry, centrada hasta el momento en la fabricaci\u00f3n de tel\u00e9fonos, para adentrarse ahora en el &quot;internet de las cosas&quot; con el proyecto Ion y extender as\u00ed su negocio m\u00e1s all\u00e1 de los terminales, supone un cambio radical en su modelo empresarial. En un mundo en\" \/>\n\t\t<meta name=\"twitter:image\" content=\"https:\/\/eldigitaldeasturias.com\/magazine365\/wp-content\/uploads\/2014\/05\/6317984w.jpg\" \/>\n\t\t<script type=\"application\/ld+json\" class=\"aioseo-schema\">\n\t\t\t{\"@context\":\"https:\\\/\\\/schema.org\",\"@graph\":[{\"@type\":\"Article\",\"@id\":\"https:\\\/\\\/eldigitaldeasturias.com\\\/magazine365\\\/el-viraje-de-blackberry-hacia-el-internet-de-las-cosas\\\/#article\",\"name\":\"El viraje de BlackBerry hacia el \\u00abinternet de las cosas\\u00bb | El Digital de Asturias\",\"headline\":\"El viraje de BlackBerry hacia el \\u00abinternet de las cosas\\u00bb\",\"author\":{\"@id\":\"https:\\\/\\\/eldigitaldeasturias.com\\\/magazine365\\\/author\\\/admin\\\/#author\"},\"publisher\":{\"@id\":\"https:\\\/\\\/eldigitaldeasturias.com\\\/magazine365\\\/#organization\"},\"image\":{\"@type\":\"ImageObject\",\"url\":\"https:\\\/\\\/eldigitaldeasturias.com\\\/magazine365\\\/wp-content\\\/uploads\\\/2014\\\/05\\\/6317984w.jpg\",\"width\":800,\"height\":530},\"datePublished\":\"2014-05-30T22:51:13+02:00\",\"dateModified\":\"2014-05-30T22:51:13+02:00\",\"inLanguage\":\"es-ES\",\"mainEntityOfPage\":{\"@id\":\"https:\\\/\\\/eldigitaldeasturias.com\\\/magazine365\\\/el-viraje-de-blackberry-hacia-el-internet-de-las-cosas\\\/#webpage\"},\"isPartOf\":{\"@id\":\"https:\\\/\\\/eldigitaldeasturias.com\\\/magazine365\\\/el-viraje-de-blackberry-hacia-el-internet-de-las-cosas\\\/#webpage\"},\"articleSection\":\"Noticias y Actualidad\"},{\"@type\":\"BreadcrumbList\",\"@id\":\"https:\\\/\\\/eldigitaldeasturias.com\\\/magazine365\\\/el-viraje-de-blackberry-hacia-el-internet-de-las-cosas\\\/#breadcrumblist\",\"itemListElement\":[{\"@type\":\"ListItem\",\"@id\":\"https:\\\/\\\/eldigitaldeasturias.com\\\/magazine365#listItem\",\"position\":1,\"name\":\"Home\",\"item\":\"https:\\\/\\\/eldigitaldeasturias.com\\\/magazine365\",\"nextItem\":{\"@type\":\"ListItem\",\"@id\":\"https:\\\/\\\/eldigitaldeasturias.com\\\/magazine365\\\/category\\\/noticias-actualidad\\\/#listItem\",\"name\":\"Noticias y Actualidad\"}},{\"@type\":\"ListItem\",\"@id\":\"https:\\\/\\\/eldigitaldeasturias.com\\\/magazine365\\\/category\\\/noticias-actualidad\\\/#listItem\",\"position\":2,\"name\":\"Noticias y Actualidad\",\"item\":\"https:\\\/\\\/eldigitaldeasturias.com\\\/magazine365\\\/category\\\/noticias-actualidad\\\/\",\"nextItem\":{\"@type\":\"ListItem\",\"@id\":\"https:\\\/\\\/eldigitaldeasturias.com\\\/magazine365\\\/el-viraje-de-blackberry-hacia-el-internet-de-las-cosas\\\/#listItem\",\"name\":\"El viraje de BlackBerry hacia el \\u00abinternet de las cosas\\u00bb\"},\"previousItem\":{\"@type\":\"ListItem\",\"@id\":\"https:\\\/\\\/eldigitaldeasturias.com\\\/magazine365#listItem\",\"name\":\"Home\"}},{\"@type\":\"ListItem\",\"@id\":\"https:\\\/\\\/eldigitaldeasturias.com\\\/magazine365\\\/el-viraje-de-blackberry-hacia-el-internet-de-las-cosas\\\/#listItem\",\"position\":3,\"name\":\"El viraje de BlackBerry hacia el \\u00abinternet de las cosas\\u00bb\",\"previousItem\":{\"@type\":\"ListItem\",\"@id\":\"https:\\\/\\\/eldigitaldeasturias.com\\\/magazine365\\\/category\\\/noticias-actualidad\\\/#listItem\",\"name\":\"Noticias y Actualidad\"}}]},{\"@type\":\"Organization\",\"@id\":\"https:\\\/\\\/eldigitaldeasturias.com\\\/magazine365\\\/#organization\",\"name\":\"El digital de Asturias\",\"description\":\"Revista de ocio, turismo y estilo de vida\",\"url\":\"https:\\\/\\\/eldigitaldeasturias.com\\\/magazine365\\\/\",\"logo\":{\"@type\":\"ImageObject\",\"url\":\"https:\\\/\\\/www.eldigitaldeasturias.com\\\/noticias\\\/wp-content\\\/uploads\\\/2020\\\/12\\\/EDA.jpg\",\"@id\":\"https:\\\/\\\/eldigitaldeasturias.com\\\/magazine365\\\/el-viraje-de-blackberry-hacia-el-internet-de-las-cosas\\\/#organizationLogo\"},\"image\":{\"@id\":\"https:\\\/\\\/eldigitaldeasturias.com\\\/magazine365\\\/el-viraje-de-blackberry-hacia-el-internet-de-las-cosas\\\/#organizationLogo\"}},{\"@type\":\"Person\",\"@id\":\"https:\\\/\\\/eldigitaldeasturias.com\\\/magazine365\\\/author\\\/admin\\\/#author\",\"url\":\"https:\\\/\\\/eldigitaldeasturias.com\\\/magazine365\\\/author\\\/admin\\\/\",\"name\":\"admin\",\"image\":{\"@type\":\"ImageObject\",\"@id\":\"https:\\\/\\\/eldigitaldeasturias.com\\\/magazine365\\\/el-viraje-de-blackberry-hacia-el-internet-de-las-cosas\\\/#authorImage\",\"url\":\"https:\\\/\\\/eldigitaldeasturias.com\\\/magazine365\\\/wp-content\\\/litespeed\\\/avatar\\\/e571bcf59a0edd6fa6838245a470f2fe.jpg?ver=1777574230\",\"width\":96,\"height\":96,\"caption\":\"admin\"}},{\"@type\":\"WebPage\",\"@id\":\"https:\\\/\\\/eldigitaldeasturias.com\\\/magazine365\\\/el-viraje-de-blackberry-hacia-el-internet-de-las-cosas\\\/#webpage\",\"url\":\"https:\\\/\\\/eldigitaldeasturias.com\\\/magazine365\\\/el-viraje-de-blackberry-hacia-el-internet-de-las-cosas\\\/\",\"name\":\"El viraje de BlackBerry hacia el \\u00abinternet de las cosas\\u00bb | El Digital de Asturias\",\"description\":\"Madrid, 30 may (EFE).- El viraje estrat\\u00e9gico de la compa\\u00f1\\u00eda BlackBerry, centrada hasta el momento en la fabricaci\\u00f3n de tel\\u00e9fonos, para adentrarse ahora en el \\\"internet de las cosas\\\" con el proyecto Ion y extender as\\u00ed su negocio m\\u00e1s all\\u00e1 de los terminales, supone un cambio radical en su modelo empresarial. En un mundo en\",\"inLanguage\":\"es-ES\",\"isPartOf\":{\"@id\":\"https:\\\/\\\/eldigitaldeasturias.com\\\/magazine365\\\/#website\"},\"breadcrumb\":{\"@id\":\"https:\\\/\\\/eldigitaldeasturias.com\\\/magazine365\\\/el-viraje-de-blackberry-hacia-el-internet-de-las-cosas\\\/#breadcrumblist\"},\"author\":{\"@id\":\"https:\\\/\\\/eldigitaldeasturias.com\\\/magazine365\\\/author\\\/admin\\\/#author\"},\"creator\":{\"@id\":\"https:\\\/\\\/eldigitaldeasturias.com\\\/magazine365\\\/author\\\/admin\\\/#author\"},\"image\":{\"@type\":\"ImageObject\",\"url\":\"https:\\\/\\\/eldigitaldeasturias.com\\\/magazine365\\\/wp-content\\\/uploads\\\/2014\\\/05\\\/6317984w.jpg\",\"@id\":\"https:\\\/\\\/eldigitaldeasturias.com\\\/magazine365\\\/el-viraje-de-blackberry-hacia-el-internet-de-las-cosas\\\/#mainImage\",\"width\":800,\"height\":530},\"primaryImageOfPage\":{\"@id\":\"https:\\\/\\\/eldigitaldeasturias.com\\\/magazine365\\\/el-viraje-de-blackberry-hacia-el-internet-de-las-cosas\\\/#mainImage\"},\"datePublished\":\"2014-05-30T22:51:13+02:00\",\"dateModified\":\"2014-05-30T22:51:13+02:00\"},{\"@type\":\"WebSite\",\"@id\":\"https:\\\/\\\/eldigitaldeasturias.com\\\/magazine365\\\/#website\",\"url\":\"https:\\\/\\\/eldigitaldeasturias.com\\\/magazine365\\\/\",\"name\":\"El Digital de Asturias\",\"description\":\"Revista de ocio, turismo y estilo de vida\",\"inLanguage\":\"es-ES\",\"publisher\":{\"@id\":\"https:\\\/\\\/eldigitaldeasturias.com\\\/magazine365\\\/#organization\"}}]}\n\t\t<\/script>\n\t\t<!-- All in One SEO Pro -->\r\n\t\t<title>El viraje de BlackBerry hacia el \u00abinternet de las cosas\u00bb | El Digital de Asturias<\/title>\n\n","aioseo_head_json":{"title":"El viraje de BlackBerry hacia el \u00abinternet de las cosas\u00bb | El Digital de Asturias","description":"Madrid, 30 may (EFE).- El viraje estrat\u00e9gico de la compa\u00f1\u00eda BlackBerry, centrada hasta el momento en la fabricaci\u00f3n de tel\u00e9fonos, para adentrarse ahora en el \"internet de las cosas\" con el proyecto Ion y extender as\u00ed su negocio m\u00e1s all\u00e1 de los terminales, supone un cambio radical en su modelo empresarial. En un mundo en","canonical_url":"https:\/\/eldigitaldeasturias.com\/magazine365\/el-viraje-de-blackberry-hacia-el-internet-de-las-cosas\/","robots":"max-image-preview:large","keywords":"noticias y actualidad","webmasterTools":{"google-site-verification":"UA-38556648-1","miscellaneous":""},"schema":{"@context":"https:\/\/schema.org","@graph":[{"@type":"Article","@id":"https:\/\/eldigitaldeasturias.com\/magazine365\/el-viraje-de-blackberry-hacia-el-internet-de-las-cosas\/#article","name":"El viraje de BlackBerry hacia el \u00abinternet de las cosas\u00bb | El Digital de Asturias","headline":"El viraje de BlackBerry hacia el \u00abinternet de las cosas\u00bb","author":{"@id":"https:\/\/eldigitaldeasturias.com\/magazine365\/author\/admin\/#author"},"publisher":{"@id":"https:\/\/eldigitaldeasturias.com\/magazine365\/#organization"},"image":{"@type":"ImageObject","url":"https:\/\/eldigitaldeasturias.com\/magazine365\/wp-content\/uploads\/2014\/05\/6317984w.jpg","width":800,"height":530},"datePublished":"2014-05-30T22:51:13+02:00","dateModified":"2014-05-30T22:51:13+02:00","inLanguage":"es-ES","mainEntityOfPage":{"@id":"https:\/\/eldigitaldeasturias.com\/magazine365\/el-viraje-de-blackberry-hacia-el-internet-de-las-cosas\/#webpage"},"isPartOf":{"@id":"https:\/\/eldigitaldeasturias.com\/magazine365\/el-viraje-de-blackberry-hacia-el-internet-de-las-cosas\/#webpage"},"articleSection":"Noticias y Actualidad"},{"@type":"BreadcrumbList","@id":"https:\/\/eldigitaldeasturias.com\/magazine365\/el-viraje-de-blackberry-hacia-el-internet-de-las-cosas\/#breadcrumblist","itemListElement":[{"@type":"ListItem","@id":"https:\/\/eldigitaldeasturias.com\/magazine365#listItem","position":1,"name":"Home","item":"https:\/\/eldigitaldeasturias.com\/magazine365","nextItem":{"@type":"ListItem","@id":"https:\/\/eldigitaldeasturias.com\/magazine365\/category\/noticias-actualidad\/#listItem","name":"Noticias y Actualidad"}},{"@type":"ListItem","@id":"https:\/\/eldigitaldeasturias.com\/magazine365\/category\/noticias-actualidad\/#listItem","position":2,"name":"Noticias y Actualidad","item":"https:\/\/eldigitaldeasturias.com\/magazine365\/category\/noticias-actualidad\/","nextItem":{"@type":"ListItem","@id":"https:\/\/eldigitaldeasturias.com\/magazine365\/el-viraje-de-blackberry-hacia-el-internet-de-las-cosas\/#listItem","name":"El viraje de BlackBerry hacia el \u00abinternet de las cosas\u00bb"},"previousItem":{"@type":"ListItem","@id":"https:\/\/eldigitaldeasturias.com\/magazine365#listItem","name":"Home"}},{"@type":"ListItem","@id":"https:\/\/eldigitaldeasturias.com\/magazine365\/el-viraje-de-blackberry-hacia-el-internet-de-las-cosas\/#listItem","position":3,"name":"El viraje de BlackBerry hacia el \u00abinternet de las cosas\u00bb","previousItem":{"@type":"ListItem","@id":"https:\/\/eldigitaldeasturias.com\/magazine365\/category\/noticias-actualidad\/#listItem","name":"Noticias y Actualidad"}}]},{"@type":"Organization","@id":"https:\/\/eldigitaldeasturias.com\/magazine365\/#organization","name":"El digital de Asturias","description":"Revista de ocio, turismo y estilo de vida","url":"https:\/\/eldigitaldeasturias.com\/magazine365\/","logo":{"@type":"ImageObject","url":"https:\/\/www.eldigitaldeasturias.com\/noticias\/wp-content\/uploads\/2020\/12\/EDA.jpg","@id":"https:\/\/eldigitaldeasturias.com\/magazine365\/el-viraje-de-blackberry-hacia-el-internet-de-las-cosas\/#organizationLogo"},"image":{"@id":"https:\/\/eldigitaldeasturias.com\/magazine365\/el-viraje-de-blackberry-hacia-el-internet-de-las-cosas\/#organizationLogo"}},{"@type":"Person","@id":"https:\/\/eldigitaldeasturias.com\/magazine365\/author\/admin\/#author","url":"https:\/\/eldigitaldeasturias.com\/magazine365\/author\/admin\/","name":"admin","image":{"@type":"ImageObject","@id":"https:\/\/eldigitaldeasturias.com\/magazine365\/el-viraje-de-blackberry-hacia-el-internet-de-las-cosas\/#authorImage","url":"https:\/\/eldigitaldeasturias.com\/magazine365\/wp-content\/litespeed\/avatar\/e571bcf59a0edd6fa6838245a470f2fe.jpg?ver=1777574230","width":96,"height":96,"caption":"admin"}},{"@type":"WebPage","@id":"https:\/\/eldigitaldeasturias.com\/magazine365\/el-viraje-de-blackberry-hacia-el-internet-de-las-cosas\/#webpage","url":"https:\/\/eldigitaldeasturias.com\/magazine365\/el-viraje-de-blackberry-hacia-el-internet-de-las-cosas\/","name":"El viraje de BlackBerry hacia el \u00abinternet de las cosas\u00bb | El Digital de Asturias","description":"Madrid, 30 may (EFE).- El viraje estrat\u00e9gico de la compa\u00f1\u00eda BlackBerry, centrada hasta el momento en la fabricaci\u00f3n de tel\u00e9fonos, para adentrarse ahora en el \"internet de las cosas\" con el proyecto Ion y extender as\u00ed su negocio m\u00e1s all\u00e1 de los terminales, supone un cambio radical en su modelo empresarial. En un mundo en","inLanguage":"es-ES","isPartOf":{"@id":"https:\/\/eldigitaldeasturias.com\/magazine365\/#website"},"breadcrumb":{"@id":"https:\/\/eldigitaldeasturias.com\/magazine365\/el-viraje-de-blackberry-hacia-el-internet-de-las-cosas\/#breadcrumblist"},"author":{"@id":"https:\/\/eldigitaldeasturias.com\/magazine365\/author\/admin\/#author"},"creator":{"@id":"https:\/\/eldigitaldeasturias.com\/magazine365\/author\/admin\/#author"},"image":{"@type":"ImageObject","url":"https:\/\/eldigitaldeasturias.com\/magazine365\/wp-content\/uploads\/2014\/05\/6317984w.jpg","@id":"https:\/\/eldigitaldeasturias.com\/magazine365\/el-viraje-de-blackberry-hacia-el-internet-de-las-cosas\/#mainImage","width":800,"height":530},"primaryImageOfPage":{"@id":"https:\/\/eldigitaldeasturias.com\/magazine365\/el-viraje-de-blackberry-hacia-el-internet-de-las-cosas\/#mainImage"},"datePublished":"2014-05-30T22:51:13+02:00","dateModified":"2014-05-30T22:51:13+02:00"},{"@type":"WebSite","@id":"https:\/\/eldigitaldeasturias.com\/magazine365\/#website","url":"https:\/\/eldigitaldeasturias.com\/magazine365\/","name":"El Digital de Asturias","description":"Revista de ocio, turismo y estilo de vida","inLanguage":"es-ES","publisher":{"@id":"https:\/\/eldigitaldeasturias.com\/magazine365\/#organization"}}]},"og:locale":"es_ES","og:site_name":"El Digital de Asturias \u2013 Revista de ocio, turismo y estilo de vida","og:type":"article","og:title":"El viraje de BlackBerry hacia el \u00abinternet de las cosas\u00bb | El Digital de Asturias","og:description":"Madrid, 30 may (EFE).- El viraje estrat\u00e9gico de la compa\u00f1\u00eda BlackBerry, centrada hasta el momento en la fabricaci\u00f3n de tel\u00e9fonos, para adentrarse ahora en el &quot;internet de las cosas&quot; con el proyecto Ion y extender as\u00ed su negocio m\u00e1s all\u00e1 de los terminales, supone un cambio radical en su modelo empresarial. En un mundo en","og:url":"https:\/\/eldigitaldeasturias.com\/magazine365\/el-viraje-de-blackberry-hacia-el-internet-de-las-cosas\/","og:image":"https:\/\/eldigitaldeasturias.com\/magazine365\/wp-content\/uploads\/2014\/05\/6317984w.jpg","og:image:secure_url":"https:\/\/eldigitaldeasturias.com\/magazine365\/wp-content\/uploads\/2014\/05\/6317984w.jpg","og:image:width":800,"og:image:height":530,"article:published_time":"2014-05-31T00:51:13+00:00","article:modified_time":"2014-05-31T00:51:13+00:00","twitter:card":"summary_large_image","twitter:title":"El viraje de BlackBerry hacia el \u00abinternet de las cosas\u00bb | El Digital de Asturias","twitter:description":"Madrid, 30 may (EFE).- El viraje estrat\u00e9gico de la compa\u00f1\u00eda BlackBerry, centrada hasta el momento en la fabricaci\u00f3n de tel\u00e9fonos, para adentrarse ahora en el &quot;internet de las cosas&quot; con el proyecto Ion y extender as\u00ed su negocio m\u00e1s all\u00e1 de los terminales, supone un cambio radical en su modelo empresarial. En un mundo en","twitter:image":"https:\/\/eldigitaldeasturias.com\/magazine365\/wp-content\/uploads\/2014\/05\/6317984w.jpg"},"aioseo_meta_data":{"post_id":"14485","title":null,"description":null,"keywords":null,"keyphrases":null,"primary_term":null,"canonical_url":null,"og_title":null,"og_description":null,"og_object_type":"default","og_image_type":"default","og_image_url":null,"og_image_width":null,"og_image_height":null,"og_image_custom_url":null,"og_image_custom_fields":null,"og_video":null,"og_custom_url":null,"og_article_section":null,"og_article_tags":null,"twitter_use_og":false,"twitter_card":"default","twitter_image_type":"default","twitter_image_url":null,"twitter_image_custom_url":null,"twitter_image_custom_fields":null,"twitter_title":null,"twitter_description":null,"schema":{"blockGraphs":[],"customGraphs":[],"default":{"data":{"Article":[],"Course":[],"Dataset":[],"FAQPage":[],"Movie":[],"Person":[],"Product":[],"ProductReview":[],"Car":[],"Recipe":[],"Service":[],"SoftwareApplication":[],"WebPage":[]},"graphName":"","isEnabled":true},"graphs":[],"defaultGraph":"","defaultPostTypeGraph":""},"schema_type":null,"schema_type_options":null,"pillar_content":false,"robots_default":true,"robots_noindex":false,"robots_noarchive":false,"robots_nosnippet":false,"robots_nofollow":false,"robots_noimageindex":false,"robots_noodp":false,"robots_notranslate":false,"robots_max_snippet":null,"robots_max_videopreview":null,"robots_max_imagepreview":"large","priority":null,"frequency":null,"location":null,"local_seo":null,"seo_analyzer_scan_date":"2025-09-17 10:12:08","breadcrumb_settings":null,"limit_modified_date":false,"open_ai":null,"ai":null,"created":"2021-03-09 06:58:28","updated":"2025-09-17 10:12:08"},"aioseo_breadcrumb":"<div class=\"aioseo-breadcrumbs\"><span class=\"aioseo-breadcrumb\">\n\t<a href=\"https:\/\/eldigitaldeasturias.com\/magazine365\" title=\"Home\">Home<\/a>\n<\/span><span class=\"aioseo-breadcrumb-separator\">\u2013<\/span><span class=\"aioseo-breadcrumb\">\n\t<a href=\"https:\/\/eldigitaldeasturias.com\/magazine365\/category\/noticias-actualidad\/\" title=\"Noticias y Actualidad\">Noticias y Actualidad<\/a>\n<\/span><span class=\"aioseo-breadcrumb-separator\">\u2013<\/span><span class=\"aioseo-breadcrumb\">\n\t<a href=\"https:\/\/eldigitaldeasturias.com\/magazine365\/el-viraje-de-blackberry-hacia-el-internet-de-las-cosas\/\" title=\"El viraje de BlackBerry hacia el \u00abinternet de las cosas\u00bb\">El viraje de BlackBerry hacia el \u00abinternet de las cosas\u00bb<\/a>\n<\/span><\/div>","aioseo_breadcrumb_json":[{"label":"Home","link":"https:\/\/eldigitaldeasturias.com\/magazine365"},{"label":"Noticias y Actualidad","link":"https:\/\/eldigitaldeasturias.com\/magazine365\/category\/noticias-actualidad\/"},{"label":"El viraje de BlackBerry hacia el \u00abinternet de las cosas\u00bb","link":"https:\/\/eldigitaldeasturias.com\/magazine365\/el-viraje-de-blackberry-hacia-el-internet-de-las-cosas\/"}],"_links":{"self":[{"href":"https:\/\/eldigitaldeasturias.com\/magazine365\/wp-json\/wp\/v2\/posts\/14485","targetHints":{"allow":["GET"]}}],"collection":[{"href":"https:\/\/eldigitaldeasturias.com\/magazine365\/wp-json\/wp\/v2\/posts"}],"about":[{"href":"https:\/\/eldigitaldeasturias.com\/magazine365\/wp-json\/wp\/v2\/types\/post"}],"author":[{"embeddable":true,"href":"https:\/\/eldigitaldeasturias.com\/magazine365\/wp-json\/wp\/v2\/users\/1"}],"replies":[{"embeddable":true,"href":"https:\/\/eldigitaldeasturias.com\/magazine365\/wp-json\/wp\/v2\/comments?post=14485"}],"version-history":[{"count":0,"href":"https:\/\/eldigitaldeasturias.com\/magazine365\/wp-json\/wp\/v2\/posts\/14485\/revisions"}],"wp:featuredmedia":[{"embeddable":true,"href":"https:\/\/eldigitaldeasturias.com\/magazine365\/wp-json\/wp\/v2\/media\/14486"}],"wp:attachment":[{"href":"https:\/\/eldigitaldeasturias.com\/magazine365\/wp-json\/wp\/v2\/media?parent=14485"}],"wp:term":[{"taxonomy":"category","embeddable":true,"href":"https:\/\/eldigitaldeasturias.com\/magazine365\/wp-json\/wp\/v2\/categories?post=14485"},{"taxonomy":"post_tag","embeddable":true,"href":"https:\/\/eldigitaldeasturias.com\/magazine365\/wp-json\/wp\/v2\/tags?post=14485"}],"curies":[{"name":"wp","href":"https:\/\/api.w.org\/{rel}","templated":true}]}}