{"id":14479,"date":"2014-05-30T12:02:13","date_gmt":"2014-05-30T14:02:13","guid":{"rendered":"http:\/\/eldigitaldeasturias.com\/magazine365\/?p=14479"},"modified":"2014-05-31T23:45:28","modified_gmt":"2014-06-01T01:45:28","slug":"spacex-presenta-la-nave-para-transportar-astronautas-a-la-eei","status":"publish","type":"post","link":"https:\/\/eldigitaldeasturias.com\/magazine365\/spacex-presenta-la-nave-para-transportar-astronautas-a-la-eei\/","title":{"rendered":"SpaceX presenta la nave para transportar astronautas a la EEI"},"content":{"rendered":"<p><img fetchpriority=\"high\" decoding=\"async\" class=\"alignleft size-medium wp-image-14480\" alt=\"6317420w\" src=\"https:\/\/eldigitaldeasturias.com\/magazine365\/wp-content\/uploads\/2014\/05\/6317420w-360x238.jpg\" width=\"360\" height=\"238\" \/>Washington, 30 may (EFE).- La empresa privada estadounidense SpaceX present\u00f3 anoche en su sede de California la nave Dragon V2, creada para que la NASA pueda volver a transportar astronautas a la Estaci\u00f3n Espacial Internacional (EEI) desde suelo nacional y sin depender de las Soyuz rusas.<\/p>\n<p>El magnate tecnol\u00f3gico y presidente de la compa\u00f1\u00eda espacial, Elon Musk, desvel\u00f3 las caracter\u00edsticas de la nave en una conferencia de prensa en la sede de la empresa en Hawthorne, en el condado de Los \u00c1ngeles.<\/p>\n<p>Rusia asumi\u00f3 en 2008 el traslado de los astronautas estadounidenses al espacio y, el 21 de julio de 2011, la NASA puso fin a los vuelos de sus transbordadores, con el \u00faltimo lanzamiento del Atlantis.<\/p>\n<p>Desde entonces, s\u00f3lo los rusos efect\u00faan labores de aprovisionamiento de la Estaci\u00f3n Espacial Internacional y Rusia mantiene la primac\u00eda, pues son la nave Soyuz es el \u00fanico eslab\u00f3n entre la Tierra y la plataforma orbital.<\/p>\n<p>Cada vez que uno de sus astronautas viaja en una Soyuz, Estados Unidos paga 71 millones de d\u00f3lares a Rusia.<\/p>\n<p>Para dejar atr\u00e1s esta dependencia, EE.UU. quiere que a partir de 2017 sus cosmonautas ya puedan viajar en las nuevas naves fabricadas en el pa\u00eds y creadas por empresas espaciales privadas como SpaceX.<\/p>\n<p>La Dragon V2 tiene capacidad para transportar un m\u00e1ximo de siete astronautas y fue descrita por Musk como \u00abun gran salto adelante tecnol\u00f3gico\u00bb.<\/p>\n<p>Rusia, sometida ahora a sanciones de EE.UU. y la UE por su papel en la crisis de Ucrania, no tiene intenci\u00f3n de prolongar el uso de la EEI despu\u00e9s de 2020, la fecha comprometida con la NASA y la europea ESA.<\/p>\n<p>La Estaci\u00f3n Espacial Internacional es un proyecto de m\u00e1s de 100.000 millones de d\u00f3lares, orbita a una distancia de entre 335 y 460 kil\u00f3metros de la Tierra, pesa m\u00e1s de 450 toneladas, se desplaza a unos 27.000 kil\u00f3metros por hora, ha tenido residentes de forma continuada desde 2000 y en ella participan 16 naciones.<\/p>\n","protected":false},"excerpt":{"rendered":"<p>Washington, 30 may (EFE).- La empresa privada estadounidense SpaceX present\u00f3 anoche en su sede de California la nave Dragon V2, creada para que la NASA pueda volver a transportar astronautas a la Estaci\u00f3n Espacial Internacional (EEI) desde suelo nacional y sin depender de las Soyuz rusas. El magnate tecnol\u00f3gico y presidente de la compa\u00f1\u00eda espacial,<\/p>\n","protected":false},"author":1,"featured_media":14480,"comment_status":"open","ping_status":"closed","sticky":false,"template":"","format":"standard","meta":{"footnotes":""},"categories":[224],"tags":[],"class_list":{"0":"post-14479","1":"post","2":"type-post","3":"status-publish","4":"format-standard","5":"has-post-thumbnail","7":"category-noticias-actualidad"},"aioseo_notices":[],"aioseo_head":"\n\t\t<!-- All in One SEO Pro 4.9.6.1 - aioseo.com -->\n\t<meta name=\"description\" content=\"Washington, 30 may (EFE).- La empresa privada estadounidense SpaceX present\u00f3 anoche en su sede de California la nave Dragon V2, creada para que la NASA pueda volver a transportar astronautas a la Estaci\u00f3n Espacial Internacional (EEI) desde suelo nacional y sin depender de las Soyuz rusas. El magnate tecnol\u00f3gico y presidente de la compa\u00f1\u00eda espacial,\" \/>\n\t<meta name=\"robots\" content=\"max-image-preview:large\" \/>\n\t<meta name=\"author\" content=\"admin\"\/>\n\t<meta name=\"google-site-verification\" content=\"UA-38556648-1\" \/>\n\t<meta name=\"keywords\" content=\"noticias y actualidad\" \/>\n\t<link rel=\"canonical\" href=\"https:\/\/eldigitaldeasturias.com\/magazine365\/spacex-presenta-la-nave-para-transportar-astronautas-a-la-eei\/\" \/>\n\t<meta name=\"generator\" content=\"All in One SEO Pro (AIOSEO) 4.9.6.1\" \/>\n\t\t<meta property=\"og:locale\" content=\"es_ES\" \/>\n\t\t<meta property=\"og:site_name\" content=\"El Digital de Asturias \u2013 Revista de ocio, turismo y estilo de vida\" \/>\n\t\t<meta property=\"og:type\" content=\"article\" \/>\n\t\t<meta property=\"og:title\" content=\"SpaceX presenta la nave para transportar astronautas a la EEI | El Digital de Asturias\" \/>\n\t\t<meta property=\"og:description\" content=\"Washington, 30 may (EFE).- La empresa privada estadounidense SpaceX present\u00f3 anoche en su sede de California la nave Dragon V2, creada para que la NASA pueda volver a transportar astronautas a la Estaci\u00f3n Espacial Internacional (EEI) desde suelo nacional y sin depender de las Soyuz rusas. El magnate tecnol\u00f3gico y presidente de la compa\u00f1\u00eda espacial,\" \/>\n\t\t<meta property=\"og:url\" content=\"https:\/\/eldigitaldeasturias.com\/magazine365\/spacex-presenta-la-nave-para-transportar-astronautas-a-la-eei\/\" \/>\n\t\t<meta property=\"og:image\" content=\"https:\/\/eldigitaldeasturias.com\/magazine365\/wp-content\/uploads\/2014\/05\/6317420w.jpg\" \/>\n\t\t<meta property=\"og:image:secure_url\" content=\"https:\/\/eldigitaldeasturias.com\/magazine365\/wp-content\/uploads\/2014\/05\/6317420w.jpg\" \/>\n\t\t<meta property=\"og:image:width\" content=\"800\" \/>\n\t\t<meta property=\"og:image:height\" content=\"531\" \/>\n\t\t<meta property=\"article:published_time\" content=\"2014-05-30T14:02:13+00:00\" \/>\n\t\t<meta property=\"article:modified_time\" content=\"2014-06-01T01:45:28+00:00\" \/>\n\t\t<meta name=\"twitter:card\" content=\"summary_large_image\" \/>\n\t\t<meta name=\"twitter:title\" content=\"SpaceX presenta la nave para transportar astronautas a la EEI | El Digital de Asturias\" \/>\n\t\t<meta name=\"twitter:description\" content=\"Washington, 30 may (EFE).- La empresa privada estadounidense SpaceX present\u00f3 anoche en su sede de California la nave Dragon V2, creada para que la NASA pueda volver a transportar astronautas a la Estaci\u00f3n Espacial Internacional (EEI) desde suelo nacional y sin depender de las Soyuz rusas. El magnate tecnol\u00f3gico y presidente de la compa\u00f1\u00eda espacial,\" \/>\n\t\t<meta name=\"twitter:image\" content=\"https:\/\/eldigitaldeasturias.com\/magazine365\/wp-content\/uploads\/2014\/05\/6317420w.jpg\" \/>\n\t\t<script type=\"application\/ld+json\" class=\"aioseo-schema\">\n\t\t\t{\"@context\":\"https:\\\/\\\/schema.org\",\"@graph\":[{\"@type\":\"Article\",\"@id\":\"https:\\\/\\\/eldigitaldeasturias.com\\\/magazine365\\\/spacex-presenta-la-nave-para-transportar-astronautas-a-la-eei\\\/#article\",\"name\":\"SpaceX presenta la nave para transportar astronautas a la EEI | El Digital de Asturias\",\"headline\":\"SpaceX presenta la nave para transportar astronautas a la EEI\",\"author\":{\"@id\":\"https:\\\/\\\/eldigitaldeasturias.com\\\/magazine365\\\/author\\\/admin\\\/#author\"},\"publisher\":{\"@id\":\"https:\\\/\\\/eldigitaldeasturias.com\\\/magazine365\\\/#organization\"},\"image\":{\"@type\":\"ImageObject\",\"url\":\"https:\\\/\\\/eldigitaldeasturias.com\\\/magazine365\\\/wp-content\\\/uploads\\\/2014\\\/05\\\/6317420w.jpg\",\"width\":800,\"height\":531},\"datePublished\":\"2014-05-30T12:02:13+02:00\",\"dateModified\":\"2014-05-31T23:45:28+02:00\",\"inLanguage\":\"es-ES\",\"mainEntityOfPage\":{\"@id\":\"https:\\\/\\\/eldigitaldeasturias.com\\\/magazine365\\\/spacex-presenta-la-nave-para-transportar-astronautas-a-la-eei\\\/#webpage\"},\"isPartOf\":{\"@id\":\"https:\\\/\\\/eldigitaldeasturias.com\\\/magazine365\\\/spacex-presenta-la-nave-para-transportar-astronautas-a-la-eei\\\/#webpage\"},\"articleSection\":\"Noticias y Actualidad\"},{\"@type\":\"BreadcrumbList\",\"@id\":\"https:\\\/\\\/eldigitaldeasturias.com\\\/magazine365\\\/spacex-presenta-la-nave-para-transportar-astronautas-a-la-eei\\\/#breadcrumblist\",\"itemListElement\":[{\"@type\":\"ListItem\",\"@id\":\"https:\\\/\\\/eldigitaldeasturias.com\\\/magazine365#listItem\",\"position\":1,\"name\":\"Home\",\"item\":\"https:\\\/\\\/eldigitaldeasturias.com\\\/magazine365\",\"nextItem\":{\"@type\":\"ListItem\",\"@id\":\"https:\\\/\\\/eldigitaldeasturias.com\\\/magazine365\\\/category\\\/noticias-actualidad\\\/#listItem\",\"name\":\"Noticias y Actualidad\"}},{\"@type\":\"ListItem\",\"@id\":\"https:\\\/\\\/eldigitaldeasturias.com\\\/magazine365\\\/category\\\/noticias-actualidad\\\/#listItem\",\"position\":2,\"name\":\"Noticias y Actualidad\",\"item\":\"https:\\\/\\\/eldigitaldeasturias.com\\\/magazine365\\\/category\\\/noticias-actualidad\\\/\",\"nextItem\":{\"@type\":\"ListItem\",\"@id\":\"https:\\\/\\\/eldigitaldeasturias.com\\\/magazine365\\\/spacex-presenta-la-nave-para-transportar-astronautas-a-la-eei\\\/#listItem\",\"name\":\"SpaceX presenta la nave para transportar astronautas a la EEI\"},\"previousItem\":{\"@type\":\"ListItem\",\"@id\":\"https:\\\/\\\/eldigitaldeasturias.com\\\/magazine365#listItem\",\"name\":\"Home\"}},{\"@type\":\"ListItem\",\"@id\":\"https:\\\/\\\/eldigitaldeasturias.com\\\/magazine365\\\/spacex-presenta-la-nave-para-transportar-astronautas-a-la-eei\\\/#listItem\",\"position\":3,\"name\":\"SpaceX presenta la nave para transportar astronautas a la EEI\",\"previousItem\":{\"@type\":\"ListItem\",\"@id\":\"https:\\\/\\\/eldigitaldeasturias.com\\\/magazine365\\\/category\\\/noticias-actualidad\\\/#listItem\",\"name\":\"Noticias y Actualidad\"}}]},{\"@type\":\"Organization\",\"@id\":\"https:\\\/\\\/eldigitaldeasturias.com\\\/magazine365\\\/#organization\",\"name\":\"El digital de Asturias\",\"description\":\"Revista de ocio, turismo y estilo de vida\",\"url\":\"https:\\\/\\\/eldigitaldeasturias.com\\\/magazine365\\\/\",\"logo\":{\"@type\":\"ImageObject\",\"url\":\"https:\\\/\\\/www.eldigitaldeasturias.com\\\/noticias\\\/wp-content\\\/uploads\\\/2020\\\/12\\\/EDA.jpg\",\"@id\":\"https:\\\/\\\/eldigitaldeasturias.com\\\/magazine365\\\/spacex-presenta-la-nave-para-transportar-astronautas-a-la-eei\\\/#organizationLogo\"},\"image\":{\"@id\":\"https:\\\/\\\/eldigitaldeasturias.com\\\/magazine365\\\/spacex-presenta-la-nave-para-transportar-astronautas-a-la-eei\\\/#organizationLogo\"}},{\"@type\":\"Person\",\"@id\":\"https:\\\/\\\/eldigitaldeasturias.com\\\/magazine365\\\/author\\\/admin\\\/#author\",\"url\":\"https:\\\/\\\/eldigitaldeasturias.com\\\/magazine365\\\/author\\\/admin\\\/\",\"name\":\"admin\",\"image\":{\"@type\":\"ImageObject\",\"@id\":\"https:\\\/\\\/eldigitaldeasturias.com\\\/magazine365\\\/spacex-presenta-la-nave-para-transportar-astronautas-a-la-eei\\\/#authorImage\",\"url\":\"https:\\\/\\\/eldigitaldeasturias.com\\\/magazine365\\\/wp-content\\\/litespeed\\\/avatar\\\/e571bcf59a0edd6fa6838245a470f2fe.jpg?ver=1777574230\",\"width\":96,\"height\":96,\"caption\":\"admin\"}},{\"@type\":\"WebPage\",\"@id\":\"https:\\\/\\\/eldigitaldeasturias.com\\\/magazine365\\\/spacex-presenta-la-nave-para-transportar-astronautas-a-la-eei\\\/#webpage\",\"url\":\"https:\\\/\\\/eldigitaldeasturias.com\\\/magazine365\\\/spacex-presenta-la-nave-para-transportar-astronautas-a-la-eei\\\/\",\"name\":\"SpaceX presenta la nave para transportar astronautas a la EEI | El Digital de Asturias\",\"description\":\"Washington, 30 may (EFE).- La empresa privada estadounidense SpaceX present\\u00f3 anoche en su sede de California la nave Dragon V2, creada para que la NASA pueda volver a transportar astronautas a la Estaci\\u00f3n Espacial Internacional (EEI) desde suelo nacional y sin depender de las Soyuz rusas. El magnate tecnol\\u00f3gico y presidente de la compa\\u00f1\\u00eda espacial,\",\"inLanguage\":\"es-ES\",\"isPartOf\":{\"@id\":\"https:\\\/\\\/eldigitaldeasturias.com\\\/magazine365\\\/#website\"},\"breadcrumb\":{\"@id\":\"https:\\\/\\\/eldigitaldeasturias.com\\\/magazine365\\\/spacex-presenta-la-nave-para-transportar-astronautas-a-la-eei\\\/#breadcrumblist\"},\"author\":{\"@id\":\"https:\\\/\\\/eldigitaldeasturias.com\\\/magazine365\\\/author\\\/admin\\\/#author\"},\"creator\":{\"@id\":\"https:\\\/\\\/eldigitaldeasturias.com\\\/magazine365\\\/author\\\/admin\\\/#author\"},\"image\":{\"@type\":\"ImageObject\",\"url\":\"https:\\\/\\\/eldigitaldeasturias.com\\\/magazine365\\\/wp-content\\\/uploads\\\/2014\\\/05\\\/6317420w.jpg\",\"@id\":\"https:\\\/\\\/eldigitaldeasturias.com\\\/magazine365\\\/spacex-presenta-la-nave-para-transportar-astronautas-a-la-eei\\\/#mainImage\",\"width\":800,\"height\":531},\"primaryImageOfPage\":{\"@id\":\"https:\\\/\\\/eldigitaldeasturias.com\\\/magazine365\\\/spacex-presenta-la-nave-para-transportar-astronautas-a-la-eei\\\/#mainImage\"},\"datePublished\":\"2014-05-30T12:02:13+02:00\",\"dateModified\":\"2014-05-31T23:45:28+02:00\"},{\"@type\":\"WebSite\",\"@id\":\"https:\\\/\\\/eldigitaldeasturias.com\\\/magazine365\\\/#website\",\"url\":\"https:\\\/\\\/eldigitaldeasturias.com\\\/magazine365\\\/\",\"name\":\"El Digital de Asturias\",\"description\":\"Revista de ocio, turismo y estilo de vida\",\"inLanguage\":\"es-ES\",\"publisher\":{\"@id\":\"https:\\\/\\\/eldigitaldeasturias.com\\\/magazine365\\\/#organization\"}}]}\n\t\t<\/script>\n\t\t<!-- All in One SEO Pro -->\r\n\t\t<title>SpaceX presenta la nave para transportar astronautas a la EEI | El Digital de Asturias<\/title>\n\n","aioseo_head_json":{"title":"SpaceX presenta la nave para transportar astronautas a la EEI | El Digital de Asturias","description":"Washington, 30 may (EFE).- La empresa privada estadounidense SpaceX present\u00f3 anoche en su sede de California la nave Dragon V2, creada para que la NASA pueda volver a transportar astronautas a la Estaci\u00f3n Espacial Internacional (EEI) desde suelo nacional y sin depender de las Soyuz rusas. El magnate tecnol\u00f3gico y presidente de la compa\u00f1\u00eda espacial,","canonical_url":"https:\/\/eldigitaldeasturias.com\/magazine365\/spacex-presenta-la-nave-para-transportar-astronautas-a-la-eei\/","robots":"max-image-preview:large","keywords":"noticias y actualidad","webmasterTools":{"google-site-verification":"UA-38556648-1","miscellaneous":""},"schema":{"@context":"https:\/\/schema.org","@graph":[{"@type":"Article","@id":"https:\/\/eldigitaldeasturias.com\/magazine365\/spacex-presenta-la-nave-para-transportar-astronautas-a-la-eei\/#article","name":"SpaceX presenta la nave para transportar astronautas a la EEI | El Digital de Asturias","headline":"SpaceX presenta la nave para transportar astronautas a la EEI","author":{"@id":"https:\/\/eldigitaldeasturias.com\/magazine365\/author\/admin\/#author"},"publisher":{"@id":"https:\/\/eldigitaldeasturias.com\/magazine365\/#organization"},"image":{"@type":"ImageObject","url":"https:\/\/eldigitaldeasturias.com\/magazine365\/wp-content\/uploads\/2014\/05\/6317420w.jpg","width":800,"height":531},"datePublished":"2014-05-30T12:02:13+02:00","dateModified":"2014-05-31T23:45:28+02:00","inLanguage":"es-ES","mainEntityOfPage":{"@id":"https:\/\/eldigitaldeasturias.com\/magazine365\/spacex-presenta-la-nave-para-transportar-astronautas-a-la-eei\/#webpage"},"isPartOf":{"@id":"https:\/\/eldigitaldeasturias.com\/magazine365\/spacex-presenta-la-nave-para-transportar-astronautas-a-la-eei\/#webpage"},"articleSection":"Noticias y Actualidad"},{"@type":"BreadcrumbList","@id":"https:\/\/eldigitaldeasturias.com\/magazine365\/spacex-presenta-la-nave-para-transportar-astronautas-a-la-eei\/#breadcrumblist","itemListElement":[{"@type":"ListItem","@id":"https:\/\/eldigitaldeasturias.com\/magazine365#listItem","position":1,"name":"Home","item":"https:\/\/eldigitaldeasturias.com\/magazine365","nextItem":{"@type":"ListItem","@id":"https:\/\/eldigitaldeasturias.com\/magazine365\/category\/noticias-actualidad\/#listItem","name":"Noticias y Actualidad"}},{"@type":"ListItem","@id":"https:\/\/eldigitaldeasturias.com\/magazine365\/category\/noticias-actualidad\/#listItem","position":2,"name":"Noticias y Actualidad","item":"https:\/\/eldigitaldeasturias.com\/magazine365\/category\/noticias-actualidad\/","nextItem":{"@type":"ListItem","@id":"https:\/\/eldigitaldeasturias.com\/magazine365\/spacex-presenta-la-nave-para-transportar-astronautas-a-la-eei\/#listItem","name":"SpaceX presenta la nave para transportar astronautas a la EEI"},"previousItem":{"@type":"ListItem","@id":"https:\/\/eldigitaldeasturias.com\/magazine365#listItem","name":"Home"}},{"@type":"ListItem","@id":"https:\/\/eldigitaldeasturias.com\/magazine365\/spacex-presenta-la-nave-para-transportar-astronautas-a-la-eei\/#listItem","position":3,"name":"SpaceX presenta la nave para transportar astronautas a la EEI","previousItem":{"@type":"ListItem","@id":"https:\/\/eldigitaldeasturias.com\/magazine365\/category\/noticias-actualidad\/#listItem","name":"Noticias y Actualidad"}}]},{"@type":"Organization","@id":"https:\/\/eldigitaldeasturias.com\/magazine365\/#organization","name":"El digital de Asturias","description":"Revista de ocio, turismo y estilo de vida","url":"https:\/\/eldigitaldeasturias.com\/magazine365\/","logo":{"@type":"ImageObject","url":"https:\/\/www.eldigitaldeasturias.com\/noticias\/wp-content\/uploads\/2020\/12\/EDA.jpg","@id":"https:\/\/eldigitaldeasturias.com\/magazine365\/spacex-presenta-la-nave-para-transportar-astronautas-a-la-eei\/#organizationLogo"},"image":{"@id":"https:\/\/eldigitaldeasturias.com\/magazine365\/spacex-presenta-la-nave-para-transportar-astronautas-a-la-eei\/#organizationLogo"}},{"@type":"Person","@id":"https:\/\/eldigitaldeasturias.com\/magazine365\/author\/admin\/#author","url":"https:\/\/eldigitaldeasturias.com\/magazine365\/author\/admin\/","name":"admin","image":{"@type":"ImageObject","@id":"https:\/\/eldigitaldeasturias.com\/magazine365\/spacex-presenta-la-nave-para-transportar-astronautas-a-la-eei\/#authorImage","url":"https:\/\/eldigitaldeasturias.com\/magazine365\/wp-content\/litespeed\/avatar\/e571bcf59a0edd6fa6838245a470f2fe.jpg?ver=1777574230","width":96,"height":96,"caption":"admin"}},{"@type":"WebPage","@id":"https:\/\/eldigitaldeasturias.com\/magazine365\/spacex-presenta-la-nave-para-transportar-astronautas-a-la-eei\/#webpage","url":"https:\/\/eldigitaldeasturias.com\/magazine365\/spacex-presenta-la-nave-para-transportar-astronautas-a-la-eei\/","name":"SpaceX presenta la nave para transportar astronautas a la EEI | El Digital de Asturias","description":"Washington, 30 may (EFE).- La empresa privada estadounidense SpaceX present\u00f3 anoche en su sede de California la nave Dragon V2, creada para que la NASA pueda volver a transportar astronautas a la Estaci\u00f3n Espacial Internacional (EEI) desde suelo nacional y sin depender de las Soyuz rusas. El magnate tecnol\u00f3gico y presidente de la compa\u00f1\u00eda espacial,","inLanguage":"es-ES","isPartOf":{"@id":"https:\/\/eldigitaldeasturias.com\/magazine365\/#website"},"breadcrumb":{"@id":"https:\/\/eldigitaldeasturias.com\/magazine365\/spacex-presenta-la-nave-para-transportar-astronautas-a-la-eei\/#breadcrumblist"},"author":{"@id":"https:\/\/eldigitaldeasturias.com\/magazine365\/author\/admin\/#author"},"creator":{"@id":"https:\/\/eldigitaldeasturias.com\/magazine365\/author\/admin\/#author"},"image":{"@type":"ImageObject","url":"https:\/\/eldigitaldeasturias.com\/magazine365\/wp-content\/uploads\/2014\/05\/6317420w.jpg","@id":"https:\/\/eldigitaldeasturias.com\/magazine365\/spacex-presenta-la-nave-para-transportar-astronautas-a-la-eei\/#mainImage","width":800,"height":531},"primaryImageOfPage":{"@id":"https:\/\/eldigitaldeasturias.com\/magazine365\/spacex-presenta-la-nave-para-transportar-astronautas-a-la-eei\/#mainImage"},"datePublished":"2014-05-30T12:02:13+02:00","dateModified":"2014-05-31T23:45:28+02:00"},{"@type":"WebSite","@id":"https:\/\/eldigitaldeasturias.com\/magazine365\/#website","url":"https:\/\/eldigitaldeasturias.com\/magazine365\/","name":"El Digital de Asturias","description":"Revista de ocio, turismo y estilo de vida","inLanguage":"es-ES","publisher":{"@id":"https:\/\/eldigitaldeasturias.com\/magazine365\/#organization"}}]},"og:locale":"es_ES","og:site_name":"El Digital de Asturias \u2013 Revista de ocio, turismo y estilo de vida","og:type":"article","og:title":"SpaceX presenta la nave para transportar astronautas a la EEI | El Digital de Asturias","og:description":"Washington, 30 may (EFE).- La empresa privada estadounidense SpaceX present\u00f3 anoche en su sede de California la nave Dragon V2, creada para que la NASA pueda volver a transportar astronautas a la Estaci\u00f3n Espacial Internacional (EEI) desde suelo nacional y sin depender de las Soyuz rusas. El magnate tecnol\u00f3gico y presidente de la compa\u00f1\u00eda espacial,","og:url":"https:\/\/eldigitaldeasturias.com\/magazine365\/spacex-presenta-la-nave-para-transportar-astronautas-a-la-eei\/","og:image":"https:\/\/eldigitaldeasturias.com\/magazine365\/wp-content\/uploads\/2014\/05\/6317420w.jpg","og:image:secure_url":"https:\/\/eldigitaldeasturias.com\/magazine365\/wp-content\/uploads\/2014\/05\/6317420w.jpg","og:image:width":800,"og:image:height":531,"article:published_time":"2014-05-30T14:02:13+00:00","article:modified_time":"2014-06-01T01:45:28+00:00","twitter:card":"summary_large_image","twitter:title":"SpaceX presenta la nave para transportar astronautas a la EEI | El Digital de Asturias","twitter:description":"Washington, 30 may (EFE).- La empresa privada estadounidense SpaceX present\u00f3 anoche en su sede de California la nave Dragon V2, creada para que la NASA pueda volver a transportar astronautas a la Estaci\u00f3n Espacial Internacional (EEI) desde suelo nacional y sin depender de las Soyuz rusas. El magnate tecnol\u00f3gico y presidente de la compa\u00f1\u00eda espacial,","twitter:image":"https:\/\/eldigitaldeasturias.com\/magazine365\/wp-content\/uploads\/2014\/05\/6317420w.jpg"},"aioseo_meta_data":{"post_id":"14479","title":null,"description":null,"keywords":null,"keyphrases":null,"primary_term":null,"canonical_url":null,"og_title":null,"og_description":null,"og_object_type":"default","og_image_type":"default","og_image_url":null,"og_image_width":null,"og_image_height":null,"og_image_custom_url":null,"og_image_custom_fields":null,"og_video":null,"og_custom_url":null,"og_article_section":null,"og_article_tags":null,"twitter_use_og":false,"twitter_card":"default","twitter_image_type":"default","twitter_image_url":null,"twitter_image_custom_url":null,"twitter_image_custom_fields":null,"twitter_title":null,"twitter_description":null,"schema":{"blockGraphs":[],"customGraphs":[],"default":{"data":{"Article":[],"Course":[],"Dataset":[],"FAQPage":[],"Movie":[],"Person":[],"Product":[],"ProductReview":[],"Car":[],"Recipe":[],"Service":[],"SoftwareApplication":[],"WebPage":[]},"graphName":"","isEnabled":true},"graphs":[],"defaultGraph":"","defaultPostTypeGraph":""},"schema_type":null,"schema_type_options":null,"pillar_content":false,"robots_default":true,"robots_noindex":false,"robots_noarchive":false,"robots_nosnippet":false,"robots_nofollow":false,"robots_noimageindex":false,"robots_noodp":false,"robots_notranslate":false,"robots_max_snippet":null,"robots_max_videopreview":null,"robots_max_imagepreview":"large","priority":null,"frequency":null,"location":null,"local_seo":null,"seo_analyzer_scan_date":"2025-09-17 10:12:04","breadcrumb_settings":null,"limit_modified_date":false,"open_ai":null,"ai":null,"created":"2021-03-09 08:14:49","updated":"2025-09-17 10:12:04"},"aioseo_breadcrumb":"<div class=\"aioseo-breadcrumbs\"><span class=\"aioseo-breadcrumb\">\n\t<a href=\"https:\/\/eldigitaldeasturias.com\/magazine365\" title=\"Home\">Home<\/a>\n<\/span><span class=\"aioseo-breadcrumb-separator\">\u2013<\/span><span class=\"aioseo-breadcrumb\">\n\t<a href=\"https:\/\/eldigitaldeasturias.com\/magazine365\/category\/noticias-actualidad\/\" title=\"Noticias y Actualidad\">Noticias y Actualidad<\/a>\n<\/span><span class=\"aioseo-breadcrumb-separator\">\u2013<\/span><span class=\"aioseo-breadcrumb\">\n\t<a href=\"https:\/\/eldigitaldeasturias.com\/magazine365\/spacex-presenta-la-nave-para-transportar-astronautas-a-la-eei\/\" title=\"SpaceX presenta la nave para transportar astronautas a la EEI\">SpaceX presenta la nave para transportar astronautas a la EEI<\/a>\n<\/span><\/div>","aioseo_breadcrumb_json":[{"label":"Home","link":"https:\/\/eldigitaldeasturias.com\/magazine365"},{"label":"Noticias y Actualidad","link":"https:\/\/eldigitaldeasturias.com\/magazine365\/category\/noticias-actualidad\/"},{"label":"SpaceX presenta la nave para transportar astronautas a la EEI","link":"https:\/\/eldigitaldeasturias.com\/magazine365\/spacex-presenta-la-nave-para-transportar-astronautas-a-la-eei\/"}],"_links":{"self":[{"href":"https:\/\/eldigitaldeasturias.com\/magazine365\/wp-json\/wp\/v2\/posts\/14479","targetHints":{"allow":["GET"]}}],"collection":[{"href":"https:\/\/eldigitaldeasturias.com\/magazine365\/wp-json\/wp\/v2\/posts"}],"about":[{"href":"https:\/\/eldigitaldeasturias.com\/magazine365\/wp-json\/wp\/v2\/types\/post"}],"author":[{"embeddable":true,"href":"https:\/\/eldigitaldeasturias.com\/magazine365\/wp-json\/wp\/v2\/users\/1"}],"replies":[{"embeddable":true,"href":"https:\/\/eldigitaldeasturias.com\/magazine365\/wp-json\/wp\/v2\/comments?post=14479"}],"version-history":[{"count":0,"href":"https:\/\/eldigitaldeasturias.com\/magazine365\/wp-json\/wp\/v2\/posts\/14479\/revisions"}],"wp:featuredmedia":[{"embeddable":true,"href":"https:\/\/eldigitaldeasturias.com\/magazine365\/wp-json\/wp\/v2\/media\/14480"}],"wp:attachment":[{"href":"https:\/\/eldigitaldeasturias.com\/magazine365\/wp-json\/wp\/v2\/media?parent=14479"}],"wp:term":[{"taxonomy":"category","embeddable":true,"href":"https:\/\/eldigitaldeasturias.com\/magazine365\/wp-json\/wp\/v2\/categories?post=14479"},{"taxonomy":"post_tag","embeddable":true,"href":"https:\/\/eldigitaldeasturias.com\/magazine365\/wp-json\/wp\/v2\/tags?post=14479"}],"curies":[{"name":"wp","href":"https:\/\/api.w.org\/{rel}","templated":true}]}}