{"id":14476,"date":"2014-05-30T11:59:51","date_gmt":"2014-05-30T13:59:51","guid":{"rendered":"http:\/\/eldigitaldeasturias.com\/magazine365\/?p=14476"},"modified":"2014-05-30T12:00:43","modified_gmt":"2014-05-30T14:00:43","slug":"el-forense-determina-que-ortega-cano-puede-ser-tratado-en-prision","status":"publish","type":"post","link":"https:\/\/eldigitaldeasturias.com\/magazine365\/el-forense-determina-que-ortega-cano-puede-ser-tratado-en-prision\/","title":{"rendered":"El forense determina que Ortega Cano puede ser tratado en prisi\u00f3n"},"content":{"rendered":"<p><img fetchpriority=\"high\" decoding=\"async\" class=\"alignleft size-medium wp-image-14477\" alt=\"6317419w\" src=\"https:\/\/eldigitaldeasturias.com\/magazine365\/wp-content\/uploads\/2014\/05\/6317419w-360x273.jpg\" width=\"360\" height=\"273\" \/>Sevilla, 30 may (EFE).- El forense que ha examinado al torero Jos\u00e9 Ortega Cano en la prisi\u00f3n de Zaragoza, donde cumple una condena de dos a\u00f1os y medio por provocar un accidente de tr\u00e1fico mortal, ha determinado que sus problemas de salud pueden ser tratados por los servicios m\u00e9dicos penitenciarios y no necesita ser excarcelado.<\/p>\n<p>El abogado del torero hab\u00eda pedido un examen forense para determinar si su condena pod\u00eda quedar en suspenso por padecer una \u00abenfermedad muy grave o padecimientos incurables\u00bb, seg\u00fan prev\u00e9 el C\u00f3digo Penal.<\/p>\n<p>Fuentes penitenciarias han informado a Efe de que el forense ha determinado que los problemas cardiacos de Ortega Cano no le impiden cumplir la pena de c\u00e1rcel, pues los servicios m\u00e9dicos penitenciarios est\u00e1n preparados para tratarlo y la vida en prisi\u00f3n no aumenta el riesgo de que se agraven sus patolog\u00edas.<\/p>\n<p>La defensa de Ortega Cano aleg\u00f3 la arritmia cardiaca que padece y el bloqueo de una arteria, con el consiguiente riesgo de sufrir la llamada muerte s\u00fabita, pero el forense entiende que ese peligro existe tanto en la c\u00e1rcel como si llevase una vida en libertad.<\/p>\n<p>El torero ingres\u00f3 el pasado 23 de abril en la c\u00e1rcel de Zuera (Zaragoza) para cumplir una condena por delitos de homicidio imprudente y contra la seguridad del tr\u00e1fico por provocar en mayo del 2011 un accidente cuando conduc\u00eda su veh\u00edculo todoterreno, triplicando la tasa de alcoholemia autorizada, en las proximidades de su finca en Castilblanco de los Arroyos (Sevilla).<\/p>\n<p>En el siniestro falleci\u00f3 el conductor del veh\u00edculo con el que colision\u00f3, Carlos Parra.<\/p>\n<p>En diversos pronunciamientos, la Audiencia provincial y la Fiscal\u00eda de Sevilla se hab\u00edan opuesto a que la condena quedase en suspenso porque las dolencias m\u00e9dicas que ha alegado el torero pueden ser tratadas en cualquier c\u00e1rcel de Espa\u00f1a.<\/p>\n<p>Adem\u00e1s, los tribunales se opusieron al indulto porque el condenado no ha mostrado arrepentimiento y la reparaci\u00f3n del da\u00f1o al indemnizar a la familia de la v\u00edctima no fue llevada a cabo por \u00e9l mismo sino por la compa\u00f1\u00eda aseguradora de su veh\u00edculo.<\/p>\n","protected":false},"excerpt":{"rendered":"<p>Sevilla, 30 may (EFE).- El forense que ha examinado al torero Jos\u00e9 Ortega Cano en la prisi\u00f3n de Zaragoza, donde cumple una condena de dos a\u00f1os y medio por provocar un accidente de tr\u00e1fico mortal, ha determinado que sus problemas de salud pueden ser tratados por los servicios m\u00e9dicos penitenciarios y no necesita ser excarcelado.<\/p>\n","protected":false},"author":1,"featured_media":14477,"comment_status":"open","ping_status":"closed","sticky":false,"template":"","format":"standard","meta":{"footnotes":""},"categories":[224],"tags":[],"class_list":{"0":"post-14476","1":"post","2":"type-post","3":"status-publish","4":"format-standard","5":"has-post-thumbnail","7":"category-noticias-actualidad"},"aioseo_notices":[],"aioseo_head":"\n\t\t<!-- All in One SEO Pro 4.9.6.1 - aioseo.com -->\n\t<meta name=\"description\" content=\"Sevilla, 30 may (EFE).- El forense que ha examinado al torero Jos\u00e9 Ortega Cano en la prisi\u00f3n de Zaragoza, donde cumple una condena de dos a\u00f1os y medio por provocar un accidente de tr\u00e1fico mortal, ha determinado que sus problemas de salud pueden ser tratados por los servicios m\u00e9dicos penitenciarios y no necesita ser excarcelado.\" \/>\n\t<meta name=\"robots\" content=\"max-image-preview:large\" \/>\n\t<meta name=\"author\" content=\"admin\"\/>\n\t<meta name=\"google-site-verification\" content=\"UA-38556648-1\" \/>\n\t<meta name=\"keywords\" content=\"noticias y actualidad\" \/>\n\t<link rel=\"canonical\" href=\"https:\/\/eldigitaldeasturias.com\/magazine365\/el-forense-determina-que-ortega-cano-puede-ser-tratado-en-prision\/\" \/>\n\t<meta name=\"generator\" content=\"All in One SEO Pro (AIOSEO) 4.9.6.1\" \/>\n\t\t<meta property=\"og:locale\" content=\"es_ES\" \/>\n\t\t<meta property=\"og:site_name\" content=\"El Digital de Asturias \u2013 Revista de ocio, turismo y estilo de vida\" \/>\n\t\t<meta property=\"og:type\" content=\"article\" \/>\n\t\t<meta property=\"og:title\" content=\"El forense determina que Ortega Cano puede ser tratado en prisi\u00f3n | El Digital de Asturias\" \/>\n\t\t<meta property=\"og:description\" content=\"Sevilla, 30 may (EFE).- El forense que ha examinado al torero Jos\u00e9 Ortega Cano en la prisi\u00f3n de Zaragoza, donde cumple una condena de dos a\u00f1os y medio por provocar un accidente de tr\u00e1fico mortal, ha determinado que sus problemas de salud pueden ser tratados por los servicios m\u00e9dicos penitenciarios y no necesita ser excarcelado.\" \/>\n\t\t<meta property=\"og:url\" content=\"https:\/\/eldigitaldeasturias.com\/magazine365\/el-forense-determina-que-ortega-cano-puede-ser-tratado-en-prision\/\" \/>\n\t\t<meta property=\"og:image\" content=\"https:\/\/eldigitaldeasturias.com\/magazine365\/wp-content\/uploads\/2014\/05\/6317419w.jpg\" \/>\n\t\t<meta property=\"og:image:secure_url\" content=\"https:\/\/eldigitaldeasturias.com\/magazine365\/wp-content\/uploads\/2014\/05\/6317419w.jpg\" \/>\n\t\t<meta property=\"og:image:width\" content=\"800\" \/>\n\t\t<meta property=\"og:image:height\" content=\"608\" \/>\n\t\t<meta property=\"article:published_time\" content=\"2014-05-30T13:59:51+00:00\" \/>\n\t\t<meta property=\"article:modified_time\" content=\"2014-05-30T14:00:43+00:00\" \/>\n\t\t<meta name=\"twitter:card\" content=\"summary_large_image\" \/>\n\t\t<meta name=\"twitter:title\" content=\"El forense determina que Ortega Cano puede ser tratado en prisi\u00f3n | El Digital de Asturias\" \/>\n\t\t<meta name=\"twitter:description\" content=\"Sevilla, 30 may (EFE).- El forense que ha examinado al torero Jos\u00e9 Ortega Cano en la prisi\u00f3n de Zaragoza, donde cumple una condena de dos a\u00f1os y medio por provocar un accidente de tr\u00e1fico mortal, ha determinado que sus problemas de salud pueden ser tratados por los servicios m\u00e9dicos penitenciarios y no necesita ser excarcelado.\" \/>\n\t\t<meta name=\"twitter:image\" content=\"https:\/\/eldigitaldeasturias.com\/magazine365\/wp-content\/uploads\/2014\/05\/6317419w.jpg\" \/>\n\t\t<script type=\"application\/ld+json\" class=\"aioseo-schema\">\n\t\t\t{\"@context\":\"https:\\\/\\\/schema.org\",\"@graph\":[{\"@type\":\"Article\",\"@id\":\"https:\\\/\\\/eldigitaldeasturias.com\\\/magazine365\\\/el-forense-determina-que-ortega-cano-puede-ser-tratado-en-prision\\\/#article\",\"name\":\"El forense determina que Ortega Cano puede ser tratado en prisi\\u00f3n | El Digital de Asturias\",\"headline\":\"El forense determina que Ortega Cano puede ser tratado en prisi\\u00f3n\",\"author\":{\"@id\":\"https:\\\/\\\/eldigitaldeasturias.com\\\/magazine365\\\/author\\\/admin\\\/#author\"},\"publisher\":{\"@id\":\"https:\\\/\\\/eldigitaldeasturias.com\\\/magazine365\\\/#organization\"},\"image\":{\"@type\":\"ImageObject\",\"url\":\"https:\\\/\\\/eldigitaldeasturias.com\\\/magazine365\\\/wp-content\\\/uploads\\\/2014\\\/05\\\/6317419w.jpg\",\"width\":800,\"height\":608},\"datePublished\":\"2014-05-30T11:59:51+02:00\",\"dateModified\":\"2014-05-30T12:00:43+02:00\",\"inLanguage\":\"es-ES\",\"mainEntityOfPage\":{\"@id\":\"https:\\\/\\\/eldigitaldeasturias.com\\\/magazine365\\\/el-forense-determina-que-ortega-cano-puede-ser-tratado-en-prision\\\/#webpage\"},\"isPartOf\":{\"@id\":\"https:\\\/\\\/eldigitaldeasturias.com\\\/magazine365\\\/el-forense-determina-que-ortega-cano-puede-ser-tratado-en-prision\\\/#webpage\"},\"articleSection\":\"Noticias y Actualidad\"},{\"@type\":\"BreadcrumbList\",\"@id\":\"https:\\\/\\\/eldigitaldeasturias.com\\\/magazine365\\\/el-forense-determina-que-ortega-cano-puede-ser-tratado-en-prision\\\/#breadcrumblist\",\"itemListElement\":[{\"@type\":\"ListItem\",\"@id\":\"https:\\\/\\\/eldigitaldeasturias.com\\\/magazine365#listItem\",\"position\":1,\"name\":\"Home\",\"item\":\"https:\\\/\\\/eldigitaldeasturias.com\\\/magazine365\",\"nextItem\":{\"@type\":\"ListItem\",\"@id\":\"https:\\\/\\\/eldigitaldeasturias.com\\\/magazine365\\\/category\\\/noticias-actualidad\\\/#listItem\",\"name\":\"Noticias y Actualidad\"}},{\"@type\":\"ListItem\",\"@id\":\"https:\\\/\\\/eldigitaldeasturias.com\\\/magazine365\\\/category\\\/noticias-actualidad\\\/#listItem\",\"position\":2,\"name\":\"Noticias y Actualidad\",\"item\":\"https:\\\/\\\/eldigitaldeasturias.com\\\/magazine365\\\/category\\\/noticias-actualidad\\\/\",\"nextItem\":{\"@type\":\"ListItem\",\"@id\":\"https:\\\/\\\/eldigitaldeasturias.com\\\/magazine365\\\/el-forense-determina-que-ortega-cano-puede-ser-tratado-en-prision\\\/#listItem\",\"name\":\"El forense determina que Ortega Cano puede ser tratado en prisi\\u00f3n\"},\"previousItem\":{\"@type\":\"ListItem\",\"@id\":\"https:\\\/\\\/eldigitaldeasturias.com\\\/magazine365#listItem\",\"name\":\"Home\"}},{\"@type\":\"ListItem\",\"@id\":\"https:\\\/\\\/eldigitaldeasturias.com\\\/magazine365\\\/el-forense-determina-que-ortega-cano-puede-ser-tratado-en-prision\\\/#listItem\",\"position\":3,\"name\":\"El forense determina que Ortega Cano puede ser tratado en prisi\\u00f3n\",\"previousItem\":{\"@type\":\"ListItem\",\"@id\":\"https:\\\/\\\/eldigitaldeasturias.com\\\/magazine365\\\/category\\\/noticias-actualidad\\\/#listItem\",\"name\":\"Noticias y Actualidad\"}}]},{\"@type\":\"Organization\",\"@id\":\"https:\\\/\\\/eldigitaldeasturias.com\\\/magazine365\\\/#organization\",\"name\":\"El digital de Asturias\",\"description\":\"Revista de ocio, turismo y estilo de vida\",\"url\":\"https:\\\/\\\/eldigitaldeasturias.com\\\/magazine365\\\/\",\"logo\":{\"@type\":\"ImageObject\",\"url\":\"https:\\\/\\\/www.eldigitaldeasturias.com\\\/noticias\\\/wp-content\\\/uploads\\\/2020\\\/12\\\/EDA.jpg\",\"@id\":\"https:\\\/\\\/eldigitaldeasturias.com\\\/magazine365\\\/el-forense-determina-que-ortega-cano-puede-ser-tratado-en-prision\\\/#organizationLogo\"},\"image\":{\"@id\":\"https:\\\/\\\/eldigitaldeasturias.com\\\/magazine365\\\/el-forense-determina-que-ortega-cano-puede-ser-tratado-en-prision\\\/#organizationLogo\"}},{\"@type\":\"Person\",\"@id\":\"https:\\\/\\\/eldigitaldeasturias.com\\\/magazine365\\\/author\\\/admin\\\/#author\",\"url\":\"https:\\\/\\\/eldigitaldeasturias.com\\\/magazine365\\\/author\\\/admin\\\/\",\"name\":\"admin\",\"image\":{\"@type\":\"ImageObject\",\"@id\":\"https:\\\/\\\/eldigitaldeasturias.com\\\/magazine365\\\/el-forense-determina-que-ortega-cano-puede-ser-tratado-en-prision\\\/#authorImage\",\"url\":\"https:\\\/\\\/eldigitaldeasturias.com\\\/magazine365\\\/wp-content\\\/litespeed\\\/avatar\\\/e571bcf59a0edd6fa6838245a470f2fe.jpg?ver=1777574230\",\"width\":96,\"height\":96,\"caption\":\"admin\"}},{\"@type\":\"WebPage\",\"@id\":\"https:\\\/\\\/eldigitaldeasturias.com\\\/magazine365\\\/el-forense-determina-que-ortega-cano-puede-ser-tratado-en-prision\\\/#webpage\",\"url\":\"https:\\\/\\\/eldigitaldeasturias.com\\\/magazine365\\\/el-forense-determina-que-ortega-cano-puede-ser-tratado-en-prision\\\/\",\"name\":\"El forense determina que Ortega Cano puede ser tratado en prisi\\u00f3n | El Digital de Asturias\",\"description\":\"Sevilla, 30 may (EFE).- El forense que ha examinado al torero Jos\\u00e9 Ortega Cano en la prisi\\u00f3n de Zaragoza, donde cumple una condena de dos a\\u00f1os y medio por provocar un accidente de tr\\u00e1fico mortal, ha determinado que sus problemas de salud pueden ser tratados por los servicios m\\u00e9dicos penitenciarios y no necesita ser excarcelado.\",\"inLanguage\":\"es-ES\",\"isPartOf\":{\"@id\":\"https:\\\/\\\/eldigitaldeasturias.com\\\/magazine365\\\/#website\"},\"breadcrumb\":{\"@id\":\"https:\\\/\\\/eldigitaldeasturias.com\\\/magazine365\\\/el-forense-determina-que-ortega-cano-puede-ser-tratado-en-prision\\\/#breadcrumblist\"},\"author\":{\"@id\":\"https:\\\/\\\/eldigitaldeasturias.com\\\/magazine365\\\/author\\\/admin\\\/#author\"},\"creator\":{\"@id\":\"https:\\\/\\\/eldigitaldeasturias.com\\\/magazine365\\\/author\\\/admin\\\/#author\"},\"image\":{\"@type\":\"ImageObject\",\"url\":\"https:\\\/\\\/eldigitaldeasturias.com\\\/magazine365\\\/wp-content\\\/uploads\\\/2014\\\/05\\\/6317419w.jpg\",\"@id\":\"https:\\\/\\\/eldigitaldeasturias.com\\\/magazine365\\\/el-forense-determina-que-ortega-cano-puede-ser-tratado-en-prision\\\/#mainImage\",\"width\":800,\"height\":608},\"primaryImageOfPage\":{\"@id\":\"https:\\\/\\\/eldigitaldeasturias.com\\\/magazine365\\\/el-forense-determina-que-ortega-cano-puede-ser-tratado-en-prision\\\/#mainImage\"},\"datePublished\":\"2014-05-30T11:59:51+02:00\",\"dateModified\":\"2014-05-30T12:00:43+02:00\"},{\"@type\":\"WebSite\",\"@id\":\"https:\\\/\\\/eldigitaldeasturias.com\\\/magazine365\\\/#website\",\"url\":\"https:\\\/\\\/eldigitaldeasturias.com\\\/magazine365\\\/\",\"name\":\"El Digital de Asturias\",\"description\":\"Revista de ocio, turismo y estilo de vida\",\"inLanguage\":\"es-ES\",\"publisher\":{\"@id\":\"https:\\\/\\\/eldigitaldeasturias.com\\\/magazine365\\\/#organization\"}}]}\n\t\t<\/script>\n\t\t<!-- All in One SEO Pro -->\r\n\t\t<title>El forense determina que Ortega Cano puede ser tratado en prisi\u00f3n | El Digital de Asturias<\/title>\n\n","aioseo_head_json":{"title":"El forense determina que Ortega Cano puede ser tratado en prisi\u00f3n | El Digital de Asturias","description":"Sevilla, 30 may (EFE).- El forense que ha examinado al torero Jos\u00e9 Ortega Cano en la prisi\u00f3n de Zaragoza, donde cumple una condena de dos a\u00f1os y medio por provocar un accidente de tr\u00e1fico mortal, ha determinado que sus problemas de salud pueden ser tratados por los servicios m\u00e9dicos penitenciarios y no necesita ser excarcelado.","canonical_url":"https:\/\/eldigitaldeasturias.com\/magazine365\/el-forense-determina-que-ortega-cano-puede-ser-tratado-en-prision\/","robots":"max-image-preview:large","keywords":"noticias y actualidad","webmasterTools":{"google-site-verification":"UA-38556648-1","miscellaneous":""},"schema":{"@context":"https:\/\/schema.org","@graph":[{"@type":"Article","@id":"https:\/\/eldigitaldeasturias.com\/magazine365\/el-forense-determina-que-ortega-cano-puede-ser-tratado-en-prision\/#article","name":"El forense determina que Ortega Cano puede ser tratado en prisi\u00f3n | El Digital de Asturias","headline":"El forense determina que Ortega Cano puede ser tratado en prisi\u00f3n","author":{"@id":"https:\/\/eldigitaldeasturias.com\/magazine365\/author\/admin\/#author"},"publisher":{"@id":"https:\/\/eldigitaldeasturias.com\/magazine365\/#organization"},"image":{"@type":"ImageObject","url":"https:\/\/eldigitaldeasturias.com\/magazine365\/wp-content\/uploads\/2014\/05\/6317419w.jpg","width":800,"height":608},"datePublished":"2014-05-30T11:59:51+02:00","dateModified":"2014-05-30T12:00:43+02:00","inLanguage":"es-ES","mainEntityOfPage":{"@id":"https:\/\/eldigitaldeasturias.com\/magazine365\/el-forense-determina-que-ortega-cano-puede-ser-tratado-en-prision\/#webpage"},"isPartOf":{"@id":"https:\/\/eldigitaldeasturias.com\/magazine365\/el-forense-determina-que-ortega-cano-puede-ser-tratado-en-prision\/#webpage"},"articleSection":"Noticias y Actualidad"},{"@type":"BreadcrumbList","@id":"https:\/\/eldigitaldeasturias.com\/magazine365\/el-forense-determina-que-ortega-cano-puede-ser-tratado-en-prision\/#breadcrumblist","itemListElement":[{"@type":"ListItem","@id":"https:\/\/eldigitaldeasturias.com\/magazine365#listItem","position":1,"name":"Home","item":"https:\/\/eldigitaldeasturias.com\/magazine365","nextItem":{"@type":"ListItem","@id":"https:\/\/eldigitaldeasturias.com\/magazine365\/category\/noticias-actualidad\/#listItem","name":"Noticias y Actualidad"}},{"@type":"ListItem","@id":"https:\/\/eldigitaldeasturias.com\/magazine365\/category\/noticias-actualidad\/#listItem","position":2,"name":"Noticias y Actualidad","item":"https:\/\/eldigitaldeasturias.com\/magazine365\/category\/noticias-actualidad\/","nextItem":{"@type":"ListItem","@id":"https:\/\/eldigitaldeasturias.com\/magazine365\/el-forense-determina-que-ortega-cano-puede-ser-tratado-en-prision\/#listItem","name":"El forense determina que Ortega Cano puede ser tratado en prisi\u00f3n"},"previousItem":{"@type":"ListItem","@id":"https:\/\/eldigitaldeasturias.com\/magazine365#listItem","name":"Home"}},{"@type":"ListItem","@id":"https:\/\/eldigitaldeasturias.com\/magazine365\/el-forense-determina-que-ortega-cano-puede-ser-tratado-en-prision\/#listItem","position":3,"name":"El forense determina que Ortega Cano puede ser tratado en prisi\u00f3n","previousItem":{"@type":"ListItem","@id":"https:\/\/eldigitaldeasturias.com\/magazine365\/category\/noticias-actualidad\/#listItem","name":"Noticias y Actualidad"}}]},{"@type":"Organization","@id":"https:\/\/eldigitaldeasturias.com\/magazine365\/#organization","name":"El digital de Asturias","description":"Revista de ocio, turismo y estilo de vida","url":"https:\/\/eldigitaldeasturias.com\/magazine365\/","logo":{"@type":"ImageObject","url":"https:\/\/www.eldigitaldeasturias.com\/noticias\/wp-content\/uploads\/2020\/12\/EDA.jpg","@id":"https:\/\/eldigitaldeasturias.com\/magazine365\/el-forense-determina-que-ortega-cano-puede-ser-tratado-en-prision\/#organizationLogo"},"image":{"@id":"https:\/\/eldigitaldeasturias.com\/magazine365\/el-forense-determina-que-ortega-cano-puede-ser-tratado-en-prision\/#organizationLogo"}},{"@type":"Person","@id":"https:\/\/eldigitaldeasturias.com\/magazine365\/author\/admin\/#author","url":"https:\/\/eldigitaldeasturias.com\/magazine365\/author\/admin\/","name":"admin","image":{"@type":"ImageObject","@id":"https:\/\/eldigitaldeasturias.com\/magazine365\/el-forense-determina-que-ortega-cano-puede-ser-tratado-en-prision\/#authorImage","url":"https:\/\/eldigitaldeasturias.com\/magazine365\/wp-content\/litespeed\/avatar\/e571bcf59a0edd6fa6838245a470f2fe.jpg?ver=1777574230","width":96,"height":96,"caption":"admin"}},{"@type":"WebPage","@id":"https:\/\/eldigitaldeasturias.com\/magazine365\/el-forense-determina-que-ortega-cano-puede-ser-tratado-en-prision\/#webpage","url":"https:\/\/eldigitaldeasturias.com\/magazine365\/el-forense-determina-que-ortega-cano-puede-ser-tratado-en-prision\/","name":"El forense determina que Ortega Cano puede ser tratado en prisi\u00f3n | El Digital de Asturias","description":"Sevilla, 30 may (EFE).- El forense que ha examinado al torero Jos\u00e9 Ortega Cano en la prisi\u00f3n de Zaragoza, donde cumple una condena de dos a\u00f1os y medio por provocar un accidente de tr\u00e1fico mortal, ha determinado que sus problemas de salud pueden ser tratados por los servicios m\u00e9dicos penitenciarios y no necesita ser excarcelado.","inLanguage":"es-ES","isPartOf":{"@id":"https:\/\/eldigitaldeasturias.com\/magazine365\/#website"},"breadcrumb":{"@id":"https:\/\/eldigitaldeasturias.com\/magazine365\/el-forense-determina-que-ortega-cano-puede-ser-tratado-en-prision\/#breadcrumblist"},"author":{"@id":"https:\/\/eldigitaldeasturias.com\/magazine365\/author\/admin\/#author"},"creator":{"@id":"https:\/\/eldigitaldeasturias.com\/magazine365\/author\/admin\/#author"},"image":{"@type":"ImageObject","url":"https:\/\/eldigitaldeasturias.com\/magazine365\/wp-content\/uploads\/2014\/05\/6317419w.jpg","@id":"https:\/\/eldigitaldeasturias.com\/magazine365\/el-forense-determina-que-ortega-cano-puede-ser-tratado-en-prision\/#mainImage","width":800,"height":608},"primaryImageOfPage":{"@id":"https:\/\/eldigitaldeasturias.com\/magazine365\/el-forense-determina-que-ortega-cano-puede-ser-tratado-en-prision\/#mainImage"},"datePublished":"2014-05-30T11:59:51+02:00","dateModified":"2014-05-30T12:00:43+02:00"},{"@type":"WebSite","@id":"https:\/\/eldigitaldeasturias.com\/magazine365\/#website","url":"https:\/\/eldigitaldeasturias.com\/magazine365\/","name":"El Digital de Asturias","description":"Revista de ocio, turismo y estilo de vida","inLanguage":"es-ES","publisher":{"@id":"https:\/\/eldigitaldeasturias.com\/magazine365\/#organization"}}]},"og:locale":"es_ES","og:site_name":"El Digital de Asturias \u2013 Revista de ocio, turismo y estilo de vida","og:type":"article","og:title":"El forense determina que Ortega Cano puede ser tratado en prisi\u00f3n | El Digital de Asturias","og:description":"Sevilla, 30 may (EFE).- El forense que ha examinado al torero Jos\u00e9 Ortega Cano en la prisi\u00f3n de Zaragoza, donde cumple una condena de dos a\u00f1os y medio por provocar un accidente de tr\u00e1fico mortal, ha determinado que sus problemas de salud pueden ser tratados por los servicios m\u00e9dicos penitenciarios y no necesita ser excarcelado.","og:url":"https:\/\/eldigitaldeasturias.com\/magazine365\/el-forense-determina-que-ortega-cano-puede-ser-tratado-en-prision\/","og:image":"https:\/\/eldigitaldeasturias.com\/magazine365\/wp-content\/uploads\/2014\/05\/6317419w.jpg","og:image:secure_url":"https:\/\/eldigitaldeasturias.com\/magazine365\/wp-content\/uploads\/2014\/05\/6317419w.jpg","og:image:width":800,"og:image:height":608,"article:published_time":"2014-05-30T13:59:51+00:00","article:modified_time":"2014-05-30T14:00:43+00:00","twitter:card":"summary_large_image","twitter:title":"El forense determina que Ortega Cano puede ser tratado en prisi\u00f3n | El Digital de Asturias","twitter:description":"Sevilla, 30 may (EFE).- El forense que ha examinado al torero Jos\u00e9 Ortega Cano en la prisi\u00f3n de Zaragoza, donde cumple una condena de dos a\u00f1os y medio por provocar un accidente de tr\u00e1fico mortal, ha determinado que sus problemas de salud pueden ser tratados por los servicios m\u00e9dicos penitenciarios y no necesita ser excarcelado.","twitter:image":"https:\/\/eldigitaldeasturias.com\/magazine365\/wp-content\/uploads\/2014\/05\/6317419w.jpg"},"aioseo_meta_data":{"post_id":"14476","title":null,"description":null,"keywords":null,"keyphrases":null,"primary_term":null,"canonical_url":null,"og_title":null,"og_description":null,"og_object_type":"default","og_image_type":"default","og_image_url":null,"og_image_width":null,"og_image_height":null,"og_image_custom_url":null,"og_image_custom_fields":null,"og_video":null,"og_custom_url":null,"og_article_section":null,"og_article_tags":null,"twitter_use_og":false,"twitter_card":"default","twitter_image_type":"default","twitter_image_url":null,"twitter_image_custom_url":null,"twitter_image_custom_fields":null,"twitter_title":null,"twitter_description":null,"schema":{"blockGraphs":[],"customGraphs":[],"default":{"data":{"Article":[],"Course":[],"Dataset":[],"FAQPage":[],"Movie":[],"Person":[],"Product":[],"ProductReview":[],"Car":[],"Recipe":[],"Service":[],"SoftwareApplication":[],"WebPage":[]},"graphName":"","isEnabled":true},"graphs":[],"defaultGraph":"","defaultPostTypeGraph":""},"schema_type":null,"schema_type_options":null,"pillar_content":false,"robots_default":true,"robots_noindex":false,"robots_noarchive":false,"robots_nosnippet":false,"robots_nofollow":false,"robots_noimageindex":false,"robots_noodp":false,"robots_notranslate":false,"robots_max_snippet":null,"robots_max_videopreview":null,"robots_max_imagepreview":"large","priority":null,"frequency":null,"location":null,"local_seo":null,"seo_analyzer_scan_date":"2025-09-17 10:12:01","breadcrumb_settings":null,"limit_modified_date":false,"open_ai":null,"ai":null,"created":"2021-03-09 01:31:40","updated":"2025-09-17 10:12:01"},"aioseo_breadcrumb":"<div class=\"aioseo-breadcrumbs\"><span class=\"aioseo-breadcrumb\">\n\t<a href=\"https:\/\/eldigitaldeasturias.com\/magazine365\" title=\"Home\">Home<\/a>\n<\/span><span class=\"aioseo-breadcrumb-separator\">\u2013<\/span><span class=\"aioseo-breadcrumb\">\n\t<a href=\"https:\/\/eldigitaldeasturias.com\/magazine365\/category\/noticias-actualidad\/\" title=\"Noticias y Actualidad\">Noticias y Actualidad<\/a>\n<\/span><span class=\"aioseo-breadcrumb-separator\">\u2013<\/span><span class=\"aioseo-breadcrumb\">\n\t<a href=\"https:\/\/eldigitaldeasturias.com\/magazine365\/el-forense-determina-que-ortega-cano-puede-ser-tratado-en-prision\/\" title=\"El forense determina que Ortega Cano puede ser tratado en prisi\u00f3n\">El forense determina que Ortega Cano puede ser tratado en prisi\u00f3n<\/a>\n<\/span><\/div>","aioseo_breadcrumb_json":[{"label":"Home","link":"https:\/\/eldigitaldeasturias.com\/magazine365"},{"label":"Noticias y Actualidad","link":"https:\/\/eldigitaldeasturias.com\/magazine365\/category\/noticias-actualidad\/"},{"label":"El forense determina que Ortega Cano puede ser tratado en prisi\u00f3n","link":"https:\/\/eldigitaldeasturias.com\/magazine365\/el-forense-determina-que-ortega-cano-puede-ser-tratado-en-prision\/"}],"_links":{"self":[{"href":"https:\/\/eldigitaldeasturias.com\/magazine365\/wp-json\/wp\/v2\/posts\/14476","targetHints":{"allow":["GET"]}}],"collection":[{"href":"https:\/\/eldigitaldeasturias.com\/magazine365\/wp-json\/wp\/v2\/posts"}],"about":[{"href":"https:\/\/eldigitaldeasturias.com\/magazine365\/wp-json\/wp\/v2\/types\/post"}],"author":[{"embeddable":true,"href":"https:\/\/eldigitaldeasturias.com\/magazine365\/wp-json\/wp\/v2\/users\/1"}],"replies":[{"embeddable":true,"href":"https:\/\/eldigitaldeasturias.com\/magazine365\/wp-json\/wp\/v2\/comments?post=14476"}],"version-history":[{"count":0,"href":"https:\/\/eldigitaldeasturias.com\/magazine365\/wp-json\/wp\/v2\/posts\/14476\/revisions"}],"wp:featuredmedia":[{"embeddable":true,"href":"https:\/\/eldigitaldeasturias.com\/magazine365\/wp-json\/wp\/v2\/media\/14477"}],"wp:attachment":[{"href":"https:\/\/eldigitaldeasturias.com\/magazine365\/wp-json\/wp\/v2\/media?parent=14476"}],"wp:term":[{"taxonomy":"category","embeddable":true,"href":"https:\/\/eldigitaldeasturias.com\/magazine365\/wp-json\/wp\/v2\/categories?post=14476"},{"taxonomy":"post_tag","embeddable":true,"href":"https:\/\/eldigitaldeasturias.com\/magazine365\/wp-json\/wp\/v2\/tags?post=14476"}],"curies":[{"name":"wp","href":"https:\/\/api.w.org\/{rel}","templated":true}]}}